{"id":304,"date":"2012-04-05T13:56:46","date_gmt":"2012-04-05T11:56:46","guid":{"rendered":"http:\/\/magazin.salzburgerland.com\/?p=304"},"modified":"2025-03-04T10:49:06","modified_gmt":"2025-03-04T09:49:06","slug":"yoga-hotel-arte-vida","status":"publish","type":"post","link":"https:\/\/www.salzburgerland.com\/de\/magazin\/yoga-hotel-arte-vida\/","title":{"rendered":"Arte Vida Boutique Guesthouse"},"content":{"rendered":"\n<h2 class=\"wp-block-slt-subtitle\">Urlaub m Herzen Salzburgs<\/h2>\n\n\n\n<p class=\"wp-block-slt-intro\">Das Arte Vida Boutique Guesthouse in der Salzburger Innenstadt h\u00e4lt sich mit seinem Angebot ganz am Puls der Zeit. Eine ungezwungene, gem\u00fctliche Atmosph\u00e4re f\u00fcr reisende Kosmopoliten, Weltnomaden und all jene, die eine entspannte, einzigartige und gem\u00fctliche Atmosph\u00e4re gegen\u00fcber traditionellen Hotels bevorzugen.<\/p>\n\n\n\n<h2 class=\"wp-block-heading\" id=\"h-eintritt-in-eine-exotische-welt\">Eintritt in eine exotische Welt<\/h2>\n\n\n\n<p>Die Eingangst\u00fcr ist klein und unauff\u00e4llig, doch hinter ihr liegt eine gro\u00dfe, fremde Welt. Schon die Lounge verspr\u00fcht den exotischen Charme des Orients. Durch den marokkanisch-individualistischen Stil wird man prompt umh\u00fcllt von der Atmosph\u00e4re arabischer N\u00e4chte, frischer Gew\u00fcrze und bunter indischer Kultur. Nach der Reise endlich im Studio oder Loft angekommen, Koffer im Eck verstaut und erstmal wohlig seufzend die F\u00fc\u00dfe im gem\u00fctlichen Bett hochgelegt, l\u00e4sst man das Interieur nun richtig auf sich wirken. Wie Prinzessin Jasmin in ihrem Gemach ertappt man sich schon bald dabei, auf einen Bediensteten mit Palmwedel zu warten. Bast, Baumwolle und orientalische Muster zaubern den Flair aus den Geschichten von \u201eTausendundeiner Nacht\u201c. Gerade noch in einer Stadt des 21. Jahrhunderts gewesen, im Trubel von Menschen, Autos und Gesch\u00e4ften, schwebt man hier in einer Oase der Ruhe. Sp\u00e4testens beim Betreten des hoteleigenen Gartens samt Sitzkissen und Sofas gelingt das Abschalten selbst chronisch angespannten Workaholics. <\/p>\n\n\n\n<h2 class=\"wp-block-heading\">Yoga, Wellness und jede Menge Kultur<\/h2>\n\n\n\n<p>Das vielversprechende Ambiente h\u00e4lt, was es verspricht: Ein reichhaltiges Angebot an Wellness und Kultur. Ein eigenes Yogastudio l\u00e4dt zu spirituellen Verbiegungen aller Art ein. Ob Iyengar, Asthanga, QiGong, Mixed Hatha oder Biodanza Yoga: Klangvolle Namen machen Lust, mal etwas v\u00f6llig Neues auszuprobieren. Regelm\u00e4\u00dfig finden auch Workshops statt, bei denen hart erprobte Yogi ebenso wie Neulinge gemeinsam versuchen, zur inneren Mitte zu finden.&nbsp;Bummel- und Shoppingfreunde werden auf einem kleinen Bazar des Hauses mit Kunsthandwerk aus Marokko und Indien f\u00fcndig. Wer nach einem anstrengenden Tag den Wunsch danach versp\u00fcrt, sich ordentlich durchkneten zu lassen, meldet sich am besten f\u00fcr eine Ayurvedamassage an. Seine gestressten Augen beim \u201eNetra Basti\u201c in Butter baden, oder sich beim \u201eArrdam\u201c durch Schaukelbewegungen zur\u00fcck in die friedliche Ruhe eines schlummernden Babys versetzen lassen: Es gibt viel zu entdecken im Hause Arte Vida.&nbsp;Das kulinarische Angebot f\u00fcgt sich thematisch-exotisch zum Rest des Hotels: Asiatisch, marokkanisch, Obst, Gem\u00fcse und wer will, kann sich in der K\u00fcche auch selbst etwas brutzeln.&nbsp;Egal ob Rucksackreisende oder \u201eBusiness-People\u201c auf der Suche nach einem Ort zum Ausspannen: \u201eWir wollen hier einen Ort bieten, an dem sich sowohl kosmopolitisch Reisende, als auch globale Nomaden wohlf\u00fchlen\u201c, so Gr\u00fcnder Gmachl. Come in and find out.<\/p>\n\n\n\n<p>arte vida &#8211; boutique guesthouse<br>Dreifaltigkeitsgasse 9<br>A-5020 Salzburg<br>+43 662 873185<br><a title=\"http:\/\/www.artevida.at\" href=\"http:\/\/www.artevida.at\" target=\"_blank\" rel=\"noopener noreferrer\">www.artevida.at<\/a><\/p>\n\n\n\n<p><\/p>\n","protected":false},"excerpt":{"rendered":"<p>Eintritt in eine exotische Welt Die Eingangst\u00fcr ist klein und unauff\u00e4llig, doch hinter ihr liegt eine gro\u00dfe, fremde Welt. Schon die Lounge verspr\u00fcht den exotischen Charme des Orients. Durch den marokkanisch-individualistischen Stil wird man prompt umh\u00fcllt von der Atmosph\u00e4re arabischer N\u00e4chte, frischer Gew\u00fcrze und bunter indischer Kultur. Nach der Reise endlich im Studio oder Loft [&hellip;]<\/p>\n","protected":false},"author":535,"featured_media":531,"comment_status":"open","ping_status":"open","sticky":false,"template":"","format":"standard","meta":{"_acf_changed":false,"wl_entities_gutenberg":"","_wl_entity_redirect_enabled":"","footnotes":""},"categories":[4],"tags":[],"wl_entity_type":[306],"monatsauswahl":[82,83,84,85,86,87,88,89,90,91,92,93],"class_list":["post-304","post","type-post","status-publish","format-standard","has-post-thumbnail","hentry","category-gesundheit","wl_entity_type-article","monatsauswahl-monat_1","monatsauswahl-monat_2","monatsauswahl-monat_3","monatsauswahl-monat_4","monatsauswahl-monat_5","monatsauswahl-monat_6","monatsauswahl-monat_7","monatsauswahl-monat_8","monatsauswahl-monat_9","monatsauswahl-monat_10","monatsauswahl-monat_11","monatsauswahl-monat_12"],"acf":[],"yoast_head":"<!-- This site is optimized with the Yoast SEO Premium plugin v27.4 (Yoast SEO v27.4) - https:\/\/yoast.com\/product\/yoast-seo-premium-wordpress\/ -->\n<title>Arte Vida Boutique Guesthouse - SalzburgerLand Magazin<\/title>\n<meta name=\"description\" content=\"Das Arte Vida Boutique Guesthouse in der Salzburger Innenstadt h\u00e4lt sich mit seinem Angebot ganz am Puls der Zeit. Eine ungezwungene, gem\u00fctliche Atmosph\u00e4re f\u00fcr reisende Kosmopoliten, Weltnomaden und all jene, die eine entspannte, einzigartige und gem\u00fctliche Atmosph\u00e4re gegen\u00fcber traditionellen Hotels bevorzugen.\" \/>\n<meta name=\"robots\" content=\"index, follow, max-snippet:-1, max-image-preview:large, max-video-preview:-1\" \/>\n<link rel=\"canonical\" href=\"https:\/\/www.salzburgerland.com\/de\/magazin\/yoga-hotel-arte-vida\/\" \/>\n<meta property=\"og:locale\" content=\"de_DE\" \/>\n<meta property=\"og:type\" content=\"article\" \/>\n<meta property=\"og:title\" content=\"Arte Vida Boutique Guesthouse\" \/>\n<meta property=\"og:description\" content=\"Eintritt in eine exotische Welt Die Eingangst\u00fcr ist klein und unauff\u00e4llig, doch hinter ihr liegt eine gro\u00dfe, fremde Welt. Schon die Lounge verspr\u00fcht den exotischen Charme des Orients. Durch den marokkanisch-individualistischen Stil wird man prompt umh\u00fcllt von der Atmosph\u00e4re arabischer N\u00e4chte, frischer Gew\u00fcrze und bunter indischer Kultur. Nach der Reise endlich im Studio oder Loft [&hellip;]\" \/>\n<meta property=\"og:url\" content=\"https:\/\/www.salzburgerland.com\/de\/magazin\/yoga-hotel-arte-vida\/\" \/>\n<meta property=\"og:site_name\" content=\"SalzburgerLand Magazin\" \/>\n<meta property=\"article:publisher\" content=\"https:\/\/www.facebook.com\/salzburgerland\/\" \/>\n<meta property=\"article:published_time\" content=\"2012-04-05T11:56:46+00:00\" \/>\n<meta property=\"article:modified_time\" content=\"2025-03-04T09:49:06+00:00\" \/>\n<meta property=\"og:image\" content=\"https:\/\/www.salzburgerland.com\/de\/magazin\/wp-content\/uploads\/2012\/04\/artevida1-scaled.jpg\" \/>\n\t<meta property=\"og:image:width\" content=\"4104\" \/>\n\t<meta property=\"og:image:height\" content=\"2984\" \/>\n\t<meta property=\"og:image:type\" content=\"image\/jpeg\" \/>\n<meta name=\"author\" content=\"Andrea Conrad\" \/>\n<meta name=\"twitter:card\" content=\"summary_large_image\" \/>\n<meta name=\"twitter:creator\" content=\"@Salzburgerland\" \/>\n<meta name=\"twitter:site\" content=\"@Salzburgerland\" \/>\n<meta name=\"twitter:label1\" content=\"Verfasst von\" \/>\n\t<meta name=\"twitter:data1\" content=\"Andrea Conrad\" \/>\n\t<meta name=\"twitter:label2\" content=\"Gesch\u00e4tzte Lesezeit\" \/>\n\t<meta name=\"twitter:data2\" content=\"3\u00a0Minuten\" \/>\n<script type=\"application\/ld+json\" class=\"yoast-schema-graph\">{\"@context\":\"https:\\\/\\\/schema.org\",\"@graph\":[{\"@type\":\"Article\",\"@id\":\"https:\\\/\\\/www.salzburgerland.com\\\/de\\\/magazin\\\/yoga-hotel-arte-vida\\\/#article\",\"isPartOf\":{\"@id\":\"https:\\\/\\\/www.salzburgerland.com\\\/de\\\/magazin\\\/yoga-hotel-arte-vida\\\/\"},\"author\":{\"name\":\"Andrea Conrad\",\"@id\":\"https:\\\/\\\/www.salzburgerland.com\\\/de\\\/magazin\\\/#\\\/schema\\\/person\\\/c767f4347f744071f6184dcceaa12e1e\"},\"headline\":\"Arte Vida Boutique Guesthouse\",\"datePublished\":\"2012-04-05T11:56:46+00:00\",\"dateModified\":\"2025-03-04T09:49:06+00:00\",\"mainEntityOfPage\":{\"@id\":\"https:\\\/\\\/www.salzburgerland.com\\\/de\\\/magazin\\\/yoga-hotel-arte-vida\\\/\"},\"wordCount\":452,\"commentCount\":0,\"publisher\":{\"@id\":\"https:\\\/\\\/www.salzburgerland.com\\\/de\\\/magazin\\\/#organization\"},\"image\":{\"@id\":\"https:\\\/\\\/www.salzburgerland.com\\\/de\\\/magazin\\\/yoga-hotel-arte-vida\\\/#primaryimage\"},\"thumbnailUrl\":\"https:\\\/\\\/www.salzburgerland.com\\\/de\\\/magazin\\\/wp-content\\\/uploads\\\/2012\\\/04\\\/artevida1-scaled.jpg\",\"articleSection\":[\"Gesundheit\"],\"inLanguage\":\"de\",\"potentialAction\":[{\"@type\":\"CommentAction\",\"name\":\"Comment\",\"target\":[\"https:\\\/\\\/www.salzburgerland.com\\\/de\\\/magazin\\\/yoga-hotel-arte-vida\\\/#respond\"]}]},{\"@type\":\"WebPage\",\"@id\":\"https:\\\/\\\/www.salzburgerland.com\\\/de\\\/magazin\\\/yoga-hotel-arte-vida\\\/\",\"url\":\"https:\\\/\\\/www.salzburgerland.com\\\/de\\\/magazin\\\/yoga-hotel-arte-vida\\\/\",\"name\":\"Arte Vida Boutique Guesthouse - SalzburgerLand Magazin\",\"isPartOf\":{\"@id\":\"https:\\\/\\\/www.salzburgerland.com\\\/de\\\/magazin\\\/#website\"},\"primaryImageOfPage\":{\"@id\":\"https:\\\/\\\/www.salzburgerland.com\\\/de\\\/magazin\\\/yoga-hotel-arte-vida\\\/#primaryimage\"},\"image\":{\"@id\":\"https:\\\/\\\/www.salzburgerland.com\\\/de\\\/magazin\\\/yoga-hotel-arte-vida\\\/#primaryimage\"},\"thumbnailUrl\":\"https:\\\/\\\/www.salzburgerland.com\\\/de\\\/magazin\\\/wp-content\\\/uploads\\\/2012\\\/04\\\/artevida1-scaled.jpg\",\"datePublished\":\"2012-04-05T11:56:46+00:00\",\"dateModified\":\"2025-03-04T09:49:06+00:00\",\"breadcrumb\":{\"@id\":\"https:\\\/\\\/www.salzburgerland.com\\\/de\\\/magazin\\\/yoga-hotel-arte-vida\\\/#breadcrumb\"},\"inLanguage\":\"de\",\"potentialAction\":[{\"@type\":\"ReadAction\",\"target\":[\"https:\\\/\\\/www.salzburgerland.com\\\/de\\\/magazin\\\/yoga-hotel-arte-vida\\\/\"]}]},{\"@type\":\"ImageObject\",\"inLanguage\":\"de\",\"@id\":\"https:\\\/\\\/www.salzburgerland.com\\\/de\\\/magazin\\\/yoga-hotel-arte-vida\\\/#primaryimage\",\"url\":\"https:\\\/\\\/www.salzburgerland.com\\\/de\\\/magazin\\\/wp-content\\\/uploads\\\/2012\\\/04\\\/artevida1-scaled.jpg\",\"contentUrl\":\"https:\\\/\\\/www.salzburgerland.com\\\/de\\\/magazin\\\/wp-content\\\/uploads\\\/2012\\\/04\\\/artevida1-scaled.jpg\",\"width\":4104,\"height\":2984,\"caption\":\"Gem\u00fctliches Wohnzimmer im marokkanischen Stil mit orangefarbenen W\u00e4nden, gemusterten Kissen und einem Kamelgem\u00e4lde \u00fcber dem Sofa.\"},{\"@type\":\"BreadcrumbList\",\"@id\":\"https:\\\/\\\/www.salzburgerland.com\\\/de\\\/magazin\\\/yoga-hotel-arte-vida\\\/#breadcrumb\",\"itemListElement\":[{\"@type\":\"ListItem\",\"position\":1,\"name\":\"Startseite\",\"item\":\"https:\\\/\\\/www.salzburgerland.com\\\/de\\\/magazin\\\/\"},{\"@type\":\"ListItem\",\"position\":2,\"name\":\"Gesundheit\",\"item\":\"https:\\\/\\\/www.salzburgerland.com\\\/de\\\/magazin\\\/thema\\\/gesundheit\\\/\"},{\"@type\":\"ListItem\",\"position\":3,\"name\":\"Arte Vida Boutique Guesthouse\"}]},{\"@type\":\"WebSite\",\"@id\":\"https:\\\/\\\/www.salzburgerland.com\\\/de\\\/magazin\\\/#website\",\"url\":\"https:\\\/\\\/www.salzburgerland.com\\\/de\\\/magazin\\\/\",\"name\":\"SalzburgerLand Magazin\",\"description\":\"Geschichten und Interessantes aus dem SalzburgerLand\",\"publisher\":{\"@id\":\"https:\\\/\\\/www.salzburgerland.com\\\/de\\\/magazin\\\/#organization\"},\"potentialAction\":[{\"@type\":\"SearchAction\",\"target\":{\"@type\":\"EntryPoint\",\"urlTemplate\":\"https:\\\/\\\/www.salzburgerland.com\\\/de\\\/magazin\\\/?s={search_term_string}\"},\"query-input\":{\"@type\":\"PropertyValueSpecification\",\"valueRequired\":true,\"valueName\":\"search_term_string\"}}],\"inLanguage\":\"de\"},{\"@type\":\"Organization\",\"@id\":\"https:\\\/\\\/www.salzburgerland.com\\\/de\\\/magazin\\\/#organization\",\"name\":\"SalzburgerLand Tourismus\",\"url\":\"https:\\\/\\\/www.salzburgerland.com\\\/de\\\/magazin\\\/\",\"logo\":{\"@type\":\"ImageObject\",\"inLanguage\":\"de\",\"@id\":\"https:\\\/\\\/www.salzburgerland.com\\\/de\\\/magazin\\\/#\\\/schema\\\/logo\\\/image\\\/\",\"url\":\"https:\\\/\\\/www.salzburgerland.com\\\/de\\\/magazin\\\/wp-content\\\/uploads\\\/2019\\\/06\\\/salzburgerland-logo1.jpg\",\"contentUrl\":\"https:\\\/\\\/www.salzburgerland.com\\\/de\\\/magazin\\\/wp-content\\\/uploads\\\/2019\\\/06\\\/salzburgerland-logo1.jpg\",\"width\":2011,\"height\":866,\"caption\":\"SalzburgerLand Tourismus\"},\"image\":{\"@id\":\"https:\\\/\\\/www.salzburgerland.com\\\/de\\\/magazin\\\/#\\\/schema\\\/logo\\\/image\\\/\"},\"sameAs\":[\"https:\\\/\\\/www.facebook.com\\\/salzburgerland\\\/\",\"https:\\\/\\\/x.com\\\/Salzburgerland\",\"https:\\\/\\\/www.instagram.com\\\/salzburgerland\\\/\",\"https:\\\/\\\/at.linkedin.com\\\/company\\\/salzburgerland-tourismus-gmbh\",\"https:\\\/\\\/www.pinterest.at\\\/salzburgerland\\\/\",\"https:\\\/\\\/www.youtube.com\\\/user\\\/salzburgerland\",\"https:\\\/\\\/de.wikipedia.org\\\/wiki\\\/SalzburgerLand_Tourismus_GmbH\"]},{\"@type\":\"Person\",\"@id\":\"https:\\\/\\\/www.salzburgerland.com\\\/de\\\/magazin\\\/#\\\/schema\\\/person\\\/c767f4347f744071f6184dcceaa12e1e\",\"name\":\"Andrea Conrad\",\"description\":\"Aufgewachsen in Anif, Salzburgs gr\u00fcnem S\u00fcden, und zur Schule gegangen in der sch\u00f6nen Keltenstadt Hallein zog es sie nach der Matura nach Wien. Nach der Ausbildung zur Diplomierten Tourismuskauffrau im Modul in Wien und einigen Jahren im Wiener Tourismus kehrte sie \u00fcber S\u00fcdtirol und Hinterglemm nach Salzburg zur\u00fcck. 2010 und 2012 bekam sie hier ihre beiden T\u00f6chter, mit denen sie wieder in Anif heimisch geworden ist. Seit einigen Jahren ist sie nun als bed\u00fcrfnis- und l\u00f6sungsorientierte, ganzheitliche Humanenergetikerin und Systemische Coachin in eigener Praxis in Anif t\u00e4tig. Derzeit befindet sie sich in Ausbildung zur Lebens- und Sozialberaterin. Ehrenamtlich engagiert sie sich f\u00fcr den Verein #estutnichtweh, der sich unter dem Motto \\\"Mit uns wandert der M\u00fcll vom Berg ins Tal\\\" um die S\u00e4uberung der Bergwelt k\u00fcmmert. Wie hat da auch noch das Schreiben Platz? Geschichten zu schreiben ist ihr kreatives Ventil; eher unbeachtete, regionale Nischenthemen zu entdecken und bekannt zu machen, ihre gro\u00dfe Leidenschaft. Hobbies? Ihre freie Zeit verbringt sie am liebsten mit ihren Kindern und ihren Ausbildungen. Die Phantasie l\u00e4sst sie durch B\u00fccher reisen, Erdung holt sie sich in ihrem Blumen- und Gem\u00fcsegarten und beim Wandern und M\u00fcllsammeln in den Bergen des SalzburgerLandes. Fr\u00fchling, Sommer, Herbst oder Winter? Alle! Sommer wie Winter in die Berge - im Sommer wandern, im Winter Schifahren. Im Fr\u00fchling liebe ich es, mit meinen T\u00f6chtern Blumen zu pfl\u00fccken, im Herbst Bl\u00e4tter und Kastanien zu sammeln. Im Sommer k\u00f6nnte ich tagesf\u00fcllend durch die Salzburger und die Halleiner Altstadt flanieren, im Winter die Christkindlm\u00e4rkte im ganzen SalzburgerLand genie\u00dfen. Es ist einfach immer sch\u00f6n bei uns! Morgen- oder Abendmensch? Irgendwie beides! Zeitig raus aus den Federn und den Vormittag f\u00fcr die Schreiberei nutzen und mit meinen Kund*innen genie\u00dfen. Nachmittags sind meine Kids dran und wenn Abends noch Energie \u00fcbrig ist, darf es gerne eine gem\u00fctliche Runde mit Freunden und guten Gespr\u00e4chen sein. Buch oder Film? Ich habe schon immer gern gelesen. Seit ich mich auch intensiv dem Schreiben widme, brauche ich fast \u00fcberhaupt keine Filme mehr zum Zeitvertreib. Kr\u00e4utertee oder Zirbenschnaps? Ich liebe die frischen Kr\u00e4utertees der zahlreichen Kr\u00e4uterfeen, die in und um Salzburg das alte Wissen um Heilkr\u00e4uter, Wald- und Wiesensch\u00e4tze bewahren und weitergeben. Zirbenschnaps mag ich aber auch ;-) Dirndl oder Abendrobe? Dirndl und Lederhose! Immer fesch, immer gem\u00fctlich und immer passend! Ich freue mich unglaublich, dass beides in den letzten Jahren wieder Einzug in den Salzburger Alltag gehalten hat. Dein pers\u00f6nlicher Logenplatz im SalzburgerLand? Ich sch\u00e4tze meine Heimatgemeinde Anif sehr. Von hier aus ist man in wenigen Minuten in Salzburg oder Hallein und direkt im Gr\u00fcnen. Mein pers\u00f6nlicher Kraftplatz liegt im Lungau am Fanningberg, wo ich mit Vorliebe Energie tanke.\",\"url\":\"https:\\\/\\\/www.salzburgerland.com\\\/de\\\/magazin\\\/author\\\/andrea-conrad\\\/\"}]}<\/script>\n<!-- \/ Yoast SEO Premium plugin. -->","yoast_head_json":{"title":"Arte Vida Boutique Guesthouse - SalzburgerLand Magazin","description":"Das Arte Vida Boutique Guesthouse in der Salzburger Innenstadt h\u00e4lt sich mit seinem Angebot ganz am Puls der Zeit. Eine ungezwungene, gem\u00fctliche Atmosph\u00e4re f\u00fcr reisende Kosmopoliten, Weltnomaden und all jene, die eine entspannte, einzigartige und gem\u00fctliche Atmosph\u00e4re gegen\u00fcber traditionellen Hotels bevorzugen.","robots":{"index":"index","follow":"follow","max-snippet":"max-snippet:-1","max-image-preview":"max-image-preview:large","max-video-preview":"max-video-preview:-1"},"canonical":"https:\/\/www.salzburgerland.com\/de\/magazin\/yoga-hotel-arte-vida\/","og_locale":"de_DE","og_type":"article","og_title":"Arte Vida Boutique Guesthouse","og_description":"Eintritt in eine exotische Welt Die Eingangst\u00fcr ist klein und unauff\u00e4llig, doch hinter ihr liegt eine gro\u00dfe, fremde Welt. Schon die Lounge verspr\u00fcht den exotischen Charme des Orients. Durch den marokkanisch-individualistischen Stil wird man prompt umh\u00fcllt von der Atmosph\u00e4re arabischer N\u00e4chte, frischer Gew\u00fcrze und bunter indischer Kultur. Nach der Reise endlich im Studio oder Loft [&hellip;]","og_url":"https:\/\/www.salzburgerland.com\/de\/magazin\/yoga-hotel-arte-vida\/","og_site_name":"SalzburgerLand Magazin","article_publisher":"https:\/\/www.facebook.com\/salzburgerland\/","article_published_time":"2012-04-05T11:56:46+00:00","article_modified_time":"2025-03-04T09:49:06+00:00","og_image":[{"width":4104,"height":2984,"url":"https:\/\/www.salzburgerland.com\/de\/magazin\/wp-content\/uploads\/2012\/04\/artevida1-scaled.jpg","type":"image\/jpeg"}],"author":"Andrea Conrad","twitter_card":"summary_large_image","twitter_creator":"@Salzburgerland","twitter_site":"@Salzburgerland","twitter_misc":{"Verfasst von":"Andrea Conrad","Gesch\u00e4tzte Lesezeit":"3\u00a0Minuten"},"schema":{"@context":"https:\/\/schema.org","@graph":[{"@type":"Article","@id":"https:\/\/www.salzburgerland.com\/de\/magazin\/yoga-hotel-arte-vida\/#article","isPartOf":{"@id":"https:\/\/www.salzburgerland.com\/de\/magazin\/yoga-hotel-arte-vida\/"},"author":{"name":"Andrea Conrad","@id":"https:\/\/www.salzburgerland.com\/de\/magazin\/#\/schema\/person\/c767f4347f744071f6184dcceaa12e1e"},"headline":"Arte Vida Boutique Guesthouse","datePublished":"2012-04-05T11:56:46+00:00","dateModified":"2025-03-04T09:49:06+00:00","mainEntityOfPage":{"@id":"https:\/\/www.salzburgerland.com\/de\/magazin\/yoga-hotel-arte-vida\/"},"wordCount":452,"commentCount":0,"publisher":{"@id":"https:\/\/www.salzburgerland.com\/de\/magazin\/#organization"},"image":{"@id":"https:\/\/www.salzburgerland.com\/de\/magazin\/yoga-hotel-arte-vida\/#primaryimage"},"thumbnailUrl":"https:\/\/www.salzburgerland.com\/de\/magazin\/wp-content\/uploads\/2012\/04\/artevida1-scaled.jpg","articleSection":["Gesundheit"],"inLanguage":"de","potentialAction":[{"@type":"CommentAction","name":"Comment","target":["https:\/\/www.salzburgerland.com\/de\/magazin\/yoga-hotel-arte-vida\/#respond"]}]},{"@type":"WebPage","@id":"https:\/\/www.salzburgerland.com\/de\/magazin\/yoga-hotel-arte-vida\/","url":"https:\/\/www.salzburgerland.com\/de\/magazin\/yoga-hotel-arte-vida\/","name":"Arte Vida Boutique Guesthouse - SalzburgerLand Magazin","isPartOf":{"@id":"https:\/\/www.salzburgerland.com\/de\/magazin\/#website"},"primaryImageOfPage":{"@id":"https:\/\/www.salzburgerland.com\/de\/magazin\/yoga-hotel-arte-vida\/#primaryimage"},"image":{"@id":"https:\/\/www.salzburgerland.com\/de\/magazin\/yoga-hotel-arte-vida\/#primaryimage"},"thumbnailUrl":"https:\/\/www.salzburgerland.com\/de\/magazin\/wp-content\/uploads\/2012\/04\/artevida1-scaled.jpg","datePublished":"2012-04-05T11:56:46+00:00","dateModified":"2025-03-04T09:49:06+00:00","breadcrumb":{"@id":"https:\/\/www.salzburgerland.com\/de\/magazin\/yoga-hotel-arte-vida\/#breadcrumb"},"inLanguage":"de","potentialAction":[{"@type":"ReadAction","target":["https:\/\/www.salzburgerland.com\/de\/magazin\/yoga-hotel-arte-vida\/"]}]},{"@type":"ImageObject","inLanguage":"de","@id":"https:\/\/www.salzburgerland.com\/de\/magazin\/yoga-hotel-arte-vida\/#primaryimage","url":"https:\/\/www.salzburgerland.com\/de\/magazin\/wp-content\/uploads\/2012\/04\/artevida1-scaled.jpg","contentUrl":"https:\/\/www.salzburgerland.com\/de\/magazin\/wp-content\/uploads\/2012\/04\/artevida1-scaled.jpg","width":4104,"height":2984,"caption":"Gem\u00fctliches Wohnzimmer im marokkanischen Stil mit orangefarbenen W\u00e4nden, gemusterten Kissen und einem Kamelgem\u00e4lde \u00fcber dem Sofa."},{"@type":"BreadcrumbList","@id":"https:\/\/www.salzburgerland.com\/de\/magazin\/yoga-hotel-arte-vida\/#breadcrumb","itemListElement":[{"@type":"ListItem","position":1,"name":"Startseite","item":"https:\/\/www.salzburgerland.com\/de\/magazin\/"},{"@type":"ListItem","position":2,"name":"Gesundheit","item":"https:\/\/www.salzburgerland.com\/de\/magazin\/thema\/gesundheit\/"},{"@type":"ListItem","position":3,"name":"Arte Vida Boutique Guesthouse"}]},{"@type":"WebSite","@id":"https:\/\/www.salzburgerland.com\/de\/magazin\/#website","url":"https:\/\/www.salzburgerland.com\/de\/magazin\/","name":"SalzburgerLand Magazin","description":"Geschichten und Interessantes aus dem SalzburgerLand","publisher":{"@id":"https:\/\/www.salzburgerland.com\/de\/magazin\/#organization"},"potentialAction":[{"@type":"SearchAction","target":{"@type":"EntryPoint","urlTemplate":"https:\/\/www.salzburgerland.com\/de\/magazin\/?s={search_term_string}"},"query-input":{"@type":"PropertyValueSpecification","valueRequired":true,"valueName":"search_term_string"}}],"inLanguage":"de"},{"@type":"Organization","@id":"https:\/\/www.salzburgerland.com\/de\/magazin\/#organization","name":"SalzburgerLand Tourismus","url":"https:\/\/www.salzburgerland.com\/de\/magazin\/","logo":{"@type":"ImageObject","inLanguage":"de","@id":"https:\/\/www.salzburgerland.com\/de\/magazin\/#\/schema\/logo\/image\/","url":"https:\/\/www.salzburgerland.com\/de\/magazin\/wp-content\/uploads\/2019\/06\/salzburgerland-logo1.jpg","contentUrl":"https:\/\/www.salzburgerland.com\/de\/magazin\/wp-content\/uploads\/2019\/06\/salzburgerland-logo1.jpg","width":2011,"height":866,"caption":"SalzburgerLand Tourismus"},"image":{"@id":"https:\/\/www.salzburgerland.com\/de\/magazin\/#\/schema\/logo\/image\/"},"sameAs":["https:\/\/www.facebook.com\/salzburgerland\/","https:\/\/x.com\/Salzburgerland","https:\/\/www.instagram.com\/salzburgerland\/","https:\/\/at.linkedin.com\/company\/salzburgerland-tourismus-gmbh","https:\/\/www.pinterest.at\/salzburgerland\/","https:\/\/www.youtube.com\/user\/salzburgerland","https:\/\/de.wikipedia.org\/wiki\/SalzburgerLand_Tourismus_GmbH"]},{"@type":"Person","@id":"https:\/\/www.salzburgerland.com\/de\/magazin\/#\/schema\/person\/c767f4347f744071f6184dcceaa12e1e","name":"Andrea Conrad","description":"Aufgewachsen in Anif, Salzburgs gr\u00fcnem S\u00fcden, und zur Schule gegangen in der sch\u00f6nen Keltenstadt Hallein zog es sie nach der Matura nach Wien. Nach der Ausbildung zur Diplomierten Tourismuskauffrau im Modul in Wien und einigen Jahren im Wiener Tourismus kehrte sie \u00fcber S\u00fcdtirol und Hinterglemm nach Salzburg zur\u00fcck. 2010 und 2012 bekam sie hier ihre beiden T\u00f6chter, mit denen sie wieder in Anif heimisch geworden ist. Seit einigen Jahren ist sie nun als bed\u00fcrfnis- und l\u00f6sungsorientierte, ganzheitliche Humanenergetikerin und Systemische Coachin in eigener Praxis in Anif t\u00e4tig. Derzeit befindet sie sich in Ausbildung zur Lebens- und Sozialberaterin. Ehrenamtlich engagiert sie sich f\u00fcr den Verein #estutnichtweh, der sich unter dem Motto \"Mit uns wandert der M\u00fcll vom Berg ins Tal\" um die S\u00e4uberung der Bergwelt k\u00fcmmert. Wie hat da auch noch das Schreiben Platz? Geschichten zu schreiben ist ihr kreatives Ventil; eher unbeachtete, regionale Nischenthemen zu entdecken und bekannt zu machen, ihre gro\u00dfe Leidenschaft. Hobbies? Ihre freie Zeit verbringt sie am liebsten mit ihren Kindern und ihren Ausbildungen. Die Phantasie l\u00e4sst sie durch B\u00fccher reisen, Erdung holt sie sich in ihrem Blumen- und Gem\u00fcsegarten und beim Wandern und M\u00fcllsammeln in den Bergen des SalzburgerLandes. Fr\u00fchling, Sommer, Herbst oder Winter? Alle! Sommer wie Winter in die Berge - im Sommer wandern, im Winter Schifahren. Im Fr\u00fchling liebe ich es, mit meinen T\u00f6chtern Blumen zu pfl\u00fccken, im Herbst Bl\u00e4tter und Kastanien zu sammeln. Im Sommer k\u00f6nnte ich tagesf\u00fcllend durch die Salzburger und die Halleiner Altstadt flanieren, im Winter die Christkindlm\u00e4rkte im ganzen SalzburgerLand genie\u00dfen. Es ist einfach immer sch\u00f6n bei uns! Morgen- oder Abendmensch? Irgendwie beides! Zeitig raus aus den Federn und den Vormittag f\u00fcr die Schreiberei nutzen und mit meinen Kund*innen genie\u00dfen. Nachmittags sind meine Kids dran und wenn Abends noch Energie \u00fcbrig ist, darf es gerne eine gem\u00fctliche Runde mit Freunden und guten Gespr\u00e4chen sein. Buch oder Film? Ich habe schon immer gern gelesen. Seit ich mich auch intensiv dem Schreiben widme, brauche ich fast \u00fcberhaupt keine Filme mehr zum Zeitvertreib. Kr\u00e4utertee oder Zirbenschnaps? Ich liebe die frischen Kr\u00e4utertees der zahlreichen Kr\u00e4uterfeen, die in und um Salzburg das alte Wissen um Heilkr\u00e4uter, Wald- und Wiesensch\u00e4tze bewahren und weitergeben. Zirbenschnaps mag ich aber auch ;-) Dirndl oder Abendrobe? Dirndl und Lederhose! Immer fesch, immer gem\u00fctlich und immer passend! Ich freue mich unglaublich, dass beides in den letzten Jahren wieder Einzug in den Salzburger Alltag gehalten hat. Dein pers\u00f6nlicher Logenplatz im SalzburgerLand? Ich sch\u00e4tze meine Heimatgemeinde Anif sehr. Von hier aus ist man in wenigen Minuten in Salzburg oder Hallein und direkt im Gr\u00fcnen. Mein pers\u00f6nlicher Kraftplatz liegt im Lungau am Fanningberg, wo ich mit Vorliebe Energie tanke.","url":"https:\/\/www.salzburgerland.com\/de\/magazin\/author\/andrea-conrad\/"}]}},"_wl_alt_label":[],"wl:entity_url":"http:\/\/open.salzburgerland.com\/magazin\/post\/yoga-hotel_arte_vida","_links":{"self":[{"href":"https:\/\/www.salzburgerland.com\/de\/magazin\/wp-json\/wp\/v2\/posts\/304","targetHints":{"allow":["GET"]}}],"collection":[{"href":"https:\/\/www.salzburgerland.com\/de\/magazin\/wp-json\/wp\/v2\/posts"}],"about":[{"href":"https:\/\/www.salzburgerland.com\/de\/magazin\/wp-json\/wp\/v2\/types\/post"}],"author":[{"embeddable":true,"href":"https:\/\/www.salzburgerland.com\/de\/magazin\/wp-json\/wp\/v2\/users\/535"}],"replies":[{"embeddable":true,"href":"https:\/\/www.salzburgerland.com\/de\/magazin\/wp-json\/wp\/v2\/comments?post=304"}],"version-history":[{"count":4,"href":"https:\/\/www.salzburgerland.com\/de\/magazin\/wp-json\/wp\/v2\/posts\/304\/revisions"}],"predecessor-version":[{"id":181366,"href":"https:\/\/www.salzburgerland.com\/de\/magazin\/wp-json\/wp\/v2\/posts\/304\/revisions\/181366"}],"wp:featuredmedia":[{"embeddable":true,"href":"https:\/\/www.salzburgerland.com\/de\/magazin\/wp-json\/wp\/v2\/media\/531"}],"wp:attachment":[{"href":"https:\/\/www.salzburgerland.com\/de\/magazin\/wp-json\/wp\/v2\/media?parent=304"}],"wp:term":[{"taxonomy":"category","embeddable":true,"href":"https:\/\/www.salzburgerland.com\/de\/magazin\/wp-json\/wp\/v2\/categories?post=304"},{"taxonomy":"post_tag","embeddable":true,"href":"https:\/\/www.salzburgerland.com\/de\/magazin\/wp-json\/wp\/v2\/tags?post=304"},{"taxonomy":"wl_entity_type","embeddable":true,"href":"https:\/\/www.salzburgerland.com\/de\/magazin\/wp-json\/wp\/v2\/wl_entity_type?post=304"},{"taxonomy":"monatsauswahl","embeddable":true,"href":"https:\/\/www.salzburgerland.com\/de\/magazin\/wp-json\/wp\/v2\/monatsauswahl?post=304"}],"curies":[{"name":"wp","href":"https:\/\/api.w.org\/{rel}","templated":true}]}}