{"id":30042,"date":"2013-01-30T10:16:47","date_gmt":"2013-01-30T09:16:47","guid":{"rendered":"http:\/\/magazin.salzburgerland.com\/?p=30042"},"modified":"2020-02-13T10:31:54","modified_gmt":"2020-02-13T09:31:54","slug":"skizwerge-windelflitzer","status":"publish","type":"post","link":"https:\/\/www.salzburgerland.com\/de\/magazin\/skizwerge-windelflitzer\/","title":{"rendered":"Skizwerge &#038; Windelflitzer"},"content":{"rendered":"<p>Die Kinder kaum dem Windelalter entwachsen, macht sich bei Wintersportbegeisterten Eltern die Sehnsucht breit. Skitage voll Sonnenschein, Schw\u00fcnge auf perfekt pr\u00e4parierten Pisten oder im Tiefschnee, traumhaft verschneite Winterlandschaft \u2013 seufz, das war fr\u00fcher. Aber halt. Auch die Kleinsten k\u00f6nnen zu begeisterten Pistenfl\u00f6hen werden. Es muss f\u00fcr den Anfang ja kein einw\u00f6chiger, ganzt\u00e4giger Skikurs sein. Eine kleine schiefe Ebene, am besten direkt neben einem Familienhotel gelegen, gen\u00fcgt den Anspr\u00fcchen f\u00fcrs Erste! Was liegt da n\u00e4her, als sich gleich zu informieren, zum Beispiel in den <a href=\"http:\/\/family.salzburgerland.com\">Family SalzburgerLand Hotels<\/a>.<\/p>\n<p>Kinderskikurse gibt es hier schon f\u00fcr Minis ab 2 Jahren. Sie lernen erst einmal, sich mit Skiern Schritt f\u00fcr Schritt vorw\u00e4rts zu bewegen. Gro\u00dfen Spa\u00df haben die Skineulinge am Skikarussell: einfach gut festhalten und schon dreht sich das Karussell im Kreis herum. Mit dem Zauberteppich geht es dann bergauf. Und in weiten B\u00f6gen langsam wieder hinunter. Die Kleinen haben ihre eigene Technik und halten sich erstaunlich gut auf den Beinen. Der eine oder andere Sturz geh\u00f6rt dazu, die Tr\u00e4nen sind schnell wieder getrocknet. Zum Energietanken gibt es zwischendurch warmen Tee, Obst und Kekse.<\/p>\n<p>Schnell stellen sich die ersten Erfolgserlebnisse ein. F\u00fcr die kleinen K\u00f6nner, die schon sicherer auch ihren \u201eBrettln\u201c stehen, gibt es Seil- und Tellerlifte. Die schiefe Ebene wird zum Hang. Unerm\u00fcdlich geht es rauf und runter. W\u00e4hrend die bestens geschulten Skilehrerinnen und Skilehrer ihr Bestes tun, um aus den Kindern begeisterte Skizwerge zu machen, k\u00f6nnen die Eltern ebenfalls dem Skivergn\u00fcgen nachgehen oder die Zeit im Wellnessbereich des Hotels genie\u00dfen. Beim Abschlussrennen am Ende der Woche wird das Gelernte stolz den Eltern vorgef\u00fchrt. Mit Startnummern, wie echte Rennl\u00e4ufer, sausen die kleinen Skiprofis ins Ziel. Urkunde und Medaille gibt es selbstverst\u00e4ndlich f\u00fcr Jeden. Und zum kr\u00f6nenden Abschluss des Urlaubs k\u00f6nnen Eltern und Kinder vielleicht schon gemeinsam die erste Piste bew\u00e4ltigen.<\/p>\n<p>Hoteleigene Skikurse auf der hauseigenen Piste k\u00f6nnen in diesen Family SalzburgerLand Hotels gebucht werden:<\/p>\n<ul>\n<li><a href=\"http:\/\/www.hotel-waldhof.com\/\">Kinderhotel Waldhof<\/a><\/li>\n<li><a href=\"http:\/\/www.seitenalm.at\/\">Familienhotel \u201eDie Seitenalm\u201c<\/a><\/li>\n<li><a href=\"http:\/\/www.habachklause.com\/de\/\">Baby- und Kinderhotel Habachklause<\/a><\/li>\n<li><a href=\"http:\/\/www.hotel-theresia.com\/\">Gartenhotel Theresia<\/a><\/li>\n<li><a href=\"http:\/\/www.felben.at\/\">Kinderhotel Felben<\/a><\/li>\n<li><a href=\"http:\/\/www.ellmauhof.at\">Familienresort Ellmauhof <\/a><\/li>\n<\/ul>\n<p>Andere Hotels, wie etwa der <a href=\"http:\/\/www.salzburger-hof.at\/\">Salzburger Hof in Dienten<\/a> oder der <a href=\"http:\/\/www.filzmooserhof.at\/de\/\">Filzmooserhof in Filzmoos<\/a> arbeiten mit Skischulen zusammen. Die Kinder werden hier direkt beim Hotel abgeholt.<\/p>\n<div class=\"mag-gallery\"><div class=\"row\"><div class=\"col-6 col-sm-4\"><figure><a class=\"thumb-container\" href=\"https:\/\/www.salzburgerland.com\/de\/magazin\/wp-content\/uploads\/2013\/01\/Kinder-Skidoo-Hotel1-1280x1024.jpg\">\t<picture><source media=\"(min-width: 576px)\" srcset=\"https:\/\/www.salzburgerland.com\/de\/magazin\/wp-content\/uploads\/2013\/01\/Kinder-Skidoo-Hotel1-325x209.jpg 325w, https:\/\/www.salzburgerland.com\/de\/magazin\/wp-content\/uploads\/2013\/01\/Kinder-Skidoo-Hotel1-249x160.jpg 249w\" \/><source media=\"(min-width: 0)\" srcset=\"https:\/\/www.salzburgerland.com\/de\/magazin\/wp-content\/uploads\/2013\/01\/Kinder-Skidoo-Hotel1-249x160.jpg 249w, https:\/\/www.salzburgerland.com\/de\/magazin\/wp-content\/uploads\/2013\/01\/Kinder-Skidoo-Hotel1-325x209.jpg 325w\" \/><img decoding=\"async\" alt=\"Kinder-Skidoo beim Filzmooserhof\" src=\"https:\/\/www.salzburgerland.com\/de\/magazin\/wp-content\/uploads\/2013\/01\/Kinder-Skidoo-Hotel1.jpg\" \/>\t<\/picture><\/a><\/figure><\/div><div class=\"col-6 col-sm-4\"><figure><a class=\"thumb-container\" href=\"https:\/\/www.salzburgerland.com\/de\/magazin\/wp-content\/uploads\/2013\/01\/Skizwerg-ganz-gross-1280x1024.jpg\">\t<picture><source media=\"(min-width: 576px)\" srcset=\"\" \/><source media=\"(min-width: 0)\" srcset=\"https:\/\/www.salzburgerland.com\/de\/magazin\/wp-content\/uploads\/2013\/01\/Skizwerg-ganz-gross.jpg 1065w, https:\/\/www.salzburgerland.com\/de\/magazin\/wp-content\/uploads\/2013\/01\/Skizwerg-ganz-gross-200x300.jpg 200w, https:\/\/www.salzburgerland.com\/de\/magazin\/wp-content\/uploads\/2013\/01\/Skizwerg-ganz-gross-366x550.jpg 366w, https:\/\/www.salzburgerland.com\/de\/magazin\/wp-content\/uploads\/2013\/01\/Skizwerg-ganz-gross-266x400.jpg 266w\" \/><img decoding=\"async\" alt=\"Skizwerg ganz gro\u00df\" src=\"https:\/\/www.salzburgerland.com\/de\/magazin\/wp-content\/uploads\/2013\/01\/Skizwerg-ganz-gross.jpg\" \/>\t<\/picture><\/a><\/figure><\/div><div class=\"col-6 col-sm-4\"><figure><a class=\"thumb-container\" href=\"https:\/\/www.salzburgerland.com\/de\/magazin\/wp-content\/uploads\/2014\/07\/skizwerge-windelflitzer-1280x1024.jpg\">\t<picture><source media=\"(min-width: 576px)\" srcset=\"https:\/\/www.salzburgerland.com\/de\/magazin\/wp-content\/uploads\/2014\/07\/skizwerge-windelflitzer-325x209.jpg 325w, https:\/\/www.salzburgerland.com\/de\/magazin\/wp-content\/uploads\/2014\/07\/skizwerge-windelflitzer-249x160.jpg 249w\" \/><source media=\"(min-width: 0)\" srcset=\"https:\/\/www.salzburgerland.com\/de\/magazin\/wp-content\/uploads\/2014\/07\/skizwerge-windelflitzer-249x160.jpg 249w, https:\/\/www.salzburgerland.com\/de\/magazin\/wp-content\/uploads\/2014\/07\/skizwerge-windelflitzer-325x209.jpg 325w\" \/><img decoding=\"async\" alt=\"Graues Rechteck mit drei wei\u00dfen Punkten in der Mitte auf hellgrauem Hintergrund, das an einen Video-Platzhalter erinnert.\" src=\"https:\/\/www.salzburgerland.com\/de\/magazin\/wp-content\/uploads\/2014\/07\/skizwerge-windelflitzer.jpg\" \/>\t<\/picture><\/a><\/figure><\/div><div class=\"col-6 col-sm-4\"><figure><a class=\"thumb-container\" href=\"https:\/\/www.salzburgerland.com\/de\/magazin\/wp-content\/uploads\/2013\/01\/Waldhof-Schiwiese-1280x1024.jpg\">\t<picture><source media=\"(min-width: 576px)\" srcset=\"https:\/\/www.salzburgerland.com\/de\/magazin\/wp-content\/uploads\/2013\/01\/Waldhof-Schiwiese-325x209.jpg 325w, https:\/\/www.salzburgerland.com\/de\/magazin\/wp-content\/uploads\/2013\/01\/Waldhof-Schiwiese-249x160.jpg 249w\" \/><source media=\"(min-width: 0)\" srcset=\"https:\/\/www.salzburgerland.com\/de\/magazin\/wp-content\/uploads\/2013\/01\/Waldhof-Schiwiese-249x160.jpg 249w, https:\/\/www.salzburgerland.com\/de\/magazin\/wp-content\/uploads\/2013\/01\/Waldhof-Schiwiese-325x209.jpg 325w\" \/><img decoding=\"async\" alt=\"Schiwiese beim Hotel Waldhof\" src=\"https:\/\/www.salzburgerland.com\/de\/magazin\/wp-content\/uploads\/2013\/01\/Waldhof-Schiwiese.jpg\" \/>\t<\/picture><\/a><\/figure><\/div><div class=\"col-6 col-sm-4\"><figure><a class=\"thumb-container\" href=\"https:\/\/www.salzburgerland.com\/de\/magazin\/wp-content\/uploads\/2013\/01\/Skisportler-1280x1024.jpg\">\t<picture><source media=\"(min-width: 576px)\" srcset=\"https:\/\/www.salzburgerland.com\/de\/magazin\/wp-content\/uploads\/2013\/01\/Skisportler-325x209.jpg 325w, https:\/\/www.salzburgerland.com\/de\/magazin\/wp-content\/uploads\/2013\/01\/Skisportler-249x160.jpg 249w\" \/><source media=\"(min-width: 0)\" srcset=\"https:\/\/www.salzburgerland.com\/de\/magazin\/wp-content\/uploads\/2013\/01\/Skisportler-249x160.jpg 249w, https:\/\/www.salzburgerland.com\/de\/magazin\/wp-content\/uploads\/2013\/01\/Skisportler-325x209.jpg 325w\" \/><img decoding=\"async\" alt=\"Skiprofis unter sich\" src=\"https:\/\/www.salzburgerland.com\/de\/magazin\/wp-content\/uploads\/2013\/01\/Skisportler.jpg\" \/>\t<\/picture><\/a><\/figure><\/div><div class=\"col-6 col-sm-4\"><figure><a class=\"thumb-container\" href=\"https:\/\/www.salzburgerland.com\/de\/magazin\/wp-content\/uploads\/2013\/01\/Klara-Kleeblatt-1280x1024.jpg\">\t<picture><source media=\"(min-width: 576px)\" srcset=\"https:\/\/www.salzburgerland.com\/de\/magazin\/wp-content\/uploads\/2013\/01\/Klara-Kleeblatt-325x209.jpg 325w, https:\/\/www.salzburgerland.com\/de\/magazin\/wp-content\/uploads\/2013\/01\/Klara-Kleeblatt-249x160.jpg 249w\" \/><source media=\"(min-width: 0)\" srcset=\"https:\/\/www.salzburgerland.com\/de\/magazin\/wp-content\/uploads\/2013\/01\/Klara-Kleeblatt-249x160.jpg 249w, https:\/\/www.salzburgerland.com\/de\/magazin\/wp-content\/uploads\/2013\/01\/Klara-Kleeblatt-325x209.jpg 325w\" \/><img decoding=\"async\" alt=\"Maskottchen Klara Kleeblatt sorgt im Kinderhotel Felben f\u00fcr gute Laune\" src=\"https:\/\/www.salzburgerland.com\/de\/magazin\/wp-content\/uploads\/2013\/01\/Klara-Kleeblatt.jpg\" \/>\t<\/picture><\/a><\/figure><\/div><div class=\"col-6 col-sm-4\"><figure><a class=\"thumb-container\" href=\"https:\/\/www.salzburgerland.com\/de\/magazin\/wp-content\/uploads\/2013\/01\/Felben-Zauberteppich-1280x1024.jpg\">\t<picture><source media=\"(min-width: 576px)\" srcset=\"https:\/\/www.salzburgerland.com\/de\/magazin\/wp-content\/uploads\/2013\/01\/Felben-Zauberteppich-325x209.jpg 325w, https:\/\/www.salzburgerland.com\/de\/magazin\/wp-content\/uploads\/2013\/01\/Felben-Zauberteppich-249x160.jpg 249w\" \/><source media=\"(min-width: 0)\" srcset=\"https:\/\/www.salzburgerland.com\/de\/magazin\/wp-content\/uploads\/2013\/01\/Felben-Zauberteppich-249x160.jpg 249w, https:\/\/www.salzburgerland.com\/de\/magazin\/wp-content\/uploads\/2013\/01\/Felben-Zauberteppich-325x209.jpg 325w\" \/><img decoding=\"async\" alt=\"Zauberteppich\" src=\"https:\/\/www.salzburgerland.com\/de\/magazin\/wp-content\/uploads\/2013\/01\/Felben-Zauberteppich.jpg\" \/>\t<\/picture><\/a><\/figure><\/div><div class=\"col-6 col-sm-4\"><figure><a class=\"thumb-container\" href=\"https:\/\/www.salzburgerland.com\/de\/magazin\/wp-content\/uploads\/2013\/01\/Habachklause-Maskottchen-1280x1024.jpg\">\t<picture><source media=\"(min-width: 576px)\" srcset=\"https:\/\/www.salzburgerland.com\/de\/magazin\/wp-content\/uploads\/2013\/01\/Habachklause-Maskottchen-325x209.jpg 325w, https:\/\/www.salzburgerland.com\/de\/magazin\/wp-content\/uploads\/2013\/01\/Habachklause-Maskottchen-249x160.jpg 249w\" \/><source media=\"(min-width: 0)\" srcset=\"https:\/\/www.salzburgerland.com\/de\/magazin\/wp-content\/uploads\/2013\/01\/Habachklause-Maskottchen-249x160.jpg 249w, https:\/\/www.salzburgerland.com\/de\/magazin\/wp-content\/uploads\/2013\/01\/Habachklause-Maskottchen-325x209.jpg 325w\" \/><img decoding=\"async\" alt=\"Kuschelzeit auf der Poste\" src=\"https:\/\/www.salzburgerland.com\/de\/magazin\/wp-content\/uploads\/2013\/01\/Habachklause-Maskottchen.jpg\" \/>\t<\/picture><\/a><\/figure><\/div><div class=\"col-6 col-sm-4\"><figure><a class=\"thumb-container\" href=\"https:\/\/www.salzburgerland.com\/de\/magazin\/wp-content\/uploads\/2013\/01\/Skiflitzer-1280x1024.jpg\">\t<picture><source media=\"(min-width: 576px)\" srcset=\"https:\/\/www.salzburgerland.com\/de\/magazin\/wp-content\/uploads\/2013\/01\/Skiflitzer-325x209.jpg 325w, https:\/\/www.salzburgerland.com\/de\/magazin\/wp-content\/uploads\/2013\/01\/Skiflitzer-249x160.jpg 249w\" \/><source media=\"(min-width: 0)\" srcset=\"https:\/\/www.salzburgerland.com\/de\/magazin\/wp-content\/uploads\/2013\/01\/Skiflitzer-249x160.jpg 249w, https:\/\/www.salzburgerland.com\/de\/magazin\/wp-content\/uploads\/2013\/01\/Skiflitzer-325x209.jpg 325w\" \/><img decoding=\"async\" alt=\"Skiflitzer\" src=\"https:\/\/www.salzburgerland.com\/de\/magazin\/wp-content\/uploads\/2013\/01\/Skiflitzer.jpg\" \/>\t<\/picture><\/a><\/figure><\/div><\/div><\/div><figcaption><\/figcaption>\n<p>Fotocredit \u00a9 Kinderhotel Waldhof, Kinderhotel Felben, Baby- und Kinderhotel Habachklause, Filzmooserhof<\/p>\n","protected":false},"excerpt":{"rendered":"<p>Die Kinder kaum dem Windelalter entwachsen, macht sich bei Wintersportbegeisterten Eltern die Sehnsucht breit. Skitage voll Sonnenschein, Schw\u00fcnge auf perfekt pr\u00e4parierten Pisten oder im Tiefschnee, traumhaft verschneite Winterlandschaft \u2013 seufz, das war fr\u00fcher. Aber halt. Auch die Kleinsten k\u00f6nnen zu begeisterten Pistenfl\u00f6hen werden. Es muss f\u00fcr den Anfang ja kein einw\u00f6chiger, ganzt\u00e4giger Skikurs sein. Eine [&hellip;]<\/p>\n","protected":false},"author":90,"featured_media":30045,"comment_status":"open","ping_status":"open","sticky":false,"template":"","format":"standard","meta":{"_acf_changed":false,"wl_entities_gutenberg":"","_wl_entity_redirect_enabled":"","footnotes":""},"categories":[5],"tags":[],"wl_entity_type":[306],"monatsauswahl":[82,83,84,85,92,93],"class_list":["post-30042","post","type-post","status-publish","format-standard","has-post-thumbnail","hentry","category-hotel-reise","wl_entity_type-article","monatsauswahl-monat_1","monatsauswahl-monat_2","monatsauswahl-monat_3","monatsauswahl-monat_4","monatsauswahl-monat_11","monatsauswahl-monat_12"],"acf":[],"yoast_head":"<!-- This site is optimized with the Yoast SEO Premium plugin v27.4 (Yoast SEO v27.4) - https:\/\/yoast.com\/product\/yoast-seo-premium-wordpress\/ -->\n<title>Skizwerge &amp; Windelflitzer - SalzburgerLand Magazin<\/title>\n<meta name=\"description\" content=\"Die Kinder kaum dem Windelalter entwachsen, macht sich bei Wintersportbegeisterten Eltern die Sehnsucht breit. Skitage voll Sonnenschein, Schw\u00fcnge auf perfekt pr\u00e4parierten Pisten oder im Tiefschnee, traumhaft verschneite Winterlandschaft \u2013 seufz, das war fr\u00fcher. Aber halt. Auch die Kleinsten k\u00f6nnen zu begeisterten Pistenfl\u00f6hen werden. Es muss f\u00fcr den Anfang ja kein einw\u00f6chiger, ganzt\u00e4giger Skikurs sein. Eine [&hellip;]\" \/>\n<meta name=\"robots\" content=\"index, follow, max-snippet:-1, max-image-preview:large, max-video-preview:-1\" \/>\n<link rel=\"canonical\" href=\"https:\/\/www.salzburgerland.com\/de\/magazin\/skizwerge-windelflitzer\/\" \/>\n<meta property=\"og:locale\" content=\"de_DE\" \/>\n<meta property=\"og:type\" content=\"article\" \/>\n<meta property=\"og:title\" content=\"Skizwerge &amp; Windelflitzer\" \/>\n<meta property=\"og:description\" content=\"Die Kinder kaum dem Windelalter entwachsen, macht sich bei Wintersportbegeisterten Eltern die Sehnsucht breit. Skitage voll Sonnenschein, Schw\u00fcnge auf perfekt pr\u00e4parierten Pisten oder im Tiefschnee, traumhaft verschneite Winterlandschaft \u2013 seufz, das war fr\u00fcher. Aber halt. Auch die Kleinsten k\u00f6nnen zu begeisterten Pistenfl\u00f6hen werden. Es muss f\u00fcr den Anfang ja kein einw\u00f6chiger, ganzt\u00e4giger Skikurs sein. Eine [&hellip;]\" \/>\n<meta property=\"og:url\" content=\"https:\/\/www.salzburgerland.com\/de\/magazin\/skizwerge-windelflitzer\/\" \/>\n<meta property=\"og:site_name\" content=\"SalzburgerLand Magazin\" \/>\n<meta property=\"article:publisher\" content=\"https:\/\/www.facebook.com\/salzburgerland\/\" \/>\n<meta property=\"article:published_time\" content=\"2013-01-30T09:16:47+00:00\" \/>\n<meta property=\"article:modified_time\" content=\"2020-02-13T09:31:54+00:00\" \/>\n<meta property=\"og:image\" content=\"https:\/\/www.salzburgerland.com\/de\/magazin\/wp-content\/uploads\/2013\/01\/Habachklause-Maskottchen.jpg\" \/>\n\t<meta property=\"og:image:width\" content=\"1200\" \/>\n\t<meta property=\"og:image:height\" content=\"786\" \/>\n\t<meta property=\"og:image:type\" content=\"image\/jpeg\" \/>\n<meta name=\"author\" content=\"Ulli Hammerl\" \/>\n<meta name=\"twitter:card\" content=\"summary_large_image\" \/>\n<meta name=\"twitter:creator\" content=\"@Salzburgerland\" \/>\n<meta name=\"twitter:site\" content=\"@Salzburgerland\" \/>\n<meta name=\"twitter:label1\" content=\"Verfasst von\" \/>\n\t<meta name=\"twitter:data1\" content=\"Ulli Hammerl\" \/>\n\t<meta name=\"twitter:label2\" content=\"Gesch\u00e4tzte Lesezeit\" \/>\n\t<meta name=\"twitter:data2\" content=\"2\u00a0Minuten\" \/>\n<script type=\"application\/ld+json\" class=\"yoast-schema-graph\">{\"@context\":\"https:\\\/\\\/schema.org\",\"@graph\":[{\"@type\":\"Article\",\"@id\":\"https:\\\/\\\/www.salzburgerland.com\\\/de\\\/magazin\\\/skizwerge-windelflitzer\\\/#article\",\"isPartOf\":{\"@id\":\"https:\\\/\\\/www.salzburgerland.com\\\/de\\\/magazin\\\/skizwerge-windelflitzer\\\/\"},\"author\":{\"name\":\"Ulli Hammerl\",\"@id\":\"https:\\\/\\\/www.salzburgerland.com\\\/de\\\/magazin\\\/#\\\/schema\\\/person\\\/a55a4fee1009b9e458d298480a18a9f7\"},\"headline\":\"Skizwerge &#038; Windelflitzer\",\"datePublished\":\"2013-01-30T09:16:47+00:00\",\"dateModified\":\"2020-02-13T09:31:54+00:00\",\"mainEntityOfPage\":{\"@id\":\"https:\\\/\\\/www.salzburgerland.com\\\/de\\\/magazin\\\/skizwerge-windelflitzer\\\/\"},\"wordCount\":399,\"commentCount\":0,\"publisher\":{\"@id\":\"https:\\\/\\\/www.salzburgerland.com\\\/de\\\/magazin\\\/#organization\"},\"image\":{\"@id\":\"https:\\\/\\\/www.salzburgerland.com\\\/de\\\/magazin\\\/skizwerge-windelflitzer\\\/#primaryimage\"},\"thumbnailUrl\":\"https:\\\/\\\/www.salzburgerland.com\\\/de\\\/magazin\\\/wp-content\\\/uploads\\\/2013\\\/01\\\/Habachklause-Maskottchen.jpg\",\"articleSection\":[\"Hotel &amp; Reise\"],\"inLanguage\":\"de\",\"potentialAction\":[{\"@type\":\"CommentAction\",\"name\":\"Comment\",\"target\":[\"https:\\\/\\\/www.salzburgerland.com\\\/de\\\/magazin\\\/skizwerge-windelflitzer\\\/#respond\"]}]},{\"@type\":\"WebPage\",\"@id\":\"https:\\\/\\\/www.salzburgerland.com\\\/de\\\/magazin\\\/skizwerge-windelflitzer\\\/\",\"url\":\"https:\\\/\\\/www.salzburgerland.com\\\/de\\\/magazin\\\/skizwerge-windelflitzer\\\/\",\"name\":\"Skizwerge & Windelflitzer - SalzburgerLand Magazin\",\"isPartOf\":{\"@id\":\"https:\\\/\\\/www.salzburgerland.com\\\/de\\\/magazin\\\/#website\"},\"primaryImageOfPage\":{\"@id\":\"https:\\\/\\\/www.salzburgerland.com\\\/de\\\/magazin\\\/skizwerge-windelflitzer\\\/#primaryimage\"},\"image\":{\"@id\":\"https:\\\/\\\/www.salzburgerland.com\\\/de\\\/magazin\\\/skizwerge-windelflitzer\\\/#primaryimage\"},\"thumbnailUrl\":\"https:\\\/\\\/www.salzburgerland.com\\\/de\\\/magazin\\\/wp-content\\\/uploads\\\/2013\\\/01\\\/Habachklause-Maskottchen.jpg\",\"datePublished\":\"2013-01-30T09:16:47+00:00\",\"dateModified\":\"2020-02-13T09:31:54+00:00\",\"breadcrumb\":{\"@id\":\"https:\\\/\\\/www.salzburgerland.com\\\/de\\\/magazin\\\/skizwerge-windelflitzer\\\/#breadcrumb\"},\"inLanguage\":\"de\",\"potentialAction\":[{\"@type\":\"ReadAction\",\"target\":[\"https:\\\/\\\/www.salzburgerland.com\\\/de\\\/magazin\\\/skizwerge-windelflitzer\\\/\"]}]},{\"@type\":\"ImageObject\",\"inLanguage\":\"de\",\"@id\":\"https:\\\/\\\/www.salzburgerland.com\\\/de\\\/magazin\\\/skizwerge-windelflitzer\\\/#primaryimage\",\"url\":\"https:\\\/\\\/www.salzburgerland.com\\\/de\\\/magazin\\\/wp-content\\\/uploads\\\/2013\\\/01\\\/Habachklause-Maskottchen.jpg\",\"contentUrl\":\"https:\\\/\\\/www.salzburgerland.com\\\/de\\\/magazin\\\/wp-content\\\/uploads\\\/2013\\\/01\\\/Habachklause-Maskottchen.jpg\",\"width\":1200,\"height\":786,\"caption\":\"Kuschelzeit auf der Poste\"},{\"@type\":\"BreadcrumbList\",\"@id\":\"https:\\\/\\\/www.salzburgerland.com\\\/de\\\/magazin\\\/skizwerge-windelflitzer\\\/#breadcrumb\",\"itemListElement\":[{\"@type\":\"ListItem\",\"position\":1,\"name\":\"Startseite\",\"item\":\"https:\\\/\\\/www.salzburgerland.com\\\/de\\\/magazin\\\/\"},{\"@type\":\"ListItem\",\"position\":2,\"name\":\"Hotel &amp; Reise\",\"item\":\"https:\\\/\\\/www.salzburgerland.com\\\/de\\\/magazin\\\/thema\\\/hotel-reise\\\/\"},{\"@type\":\"ListItem\",\"position\":3,\"name\":\"Skizwerge &#038; Windelflitzer\"}]},{\"@type\":\"WebSite\",\"@id\":\"https:\\\/\\\/www.salzburgerland.com\\\/de\\\/magazin\\\/#website\",\"url\":\"https:\\\/\\\/www.salzburgerland.com\\\/de\\\/magazin\\\/\",\"name\":\"SalzburgerLand Magazin\",\"description\":\"Geschichten und Interessantes aus dem SalzburgerLand\",\"publisher\":{\"@id\":\"https:\\\/\\\/www.salzburgerland.com\\\/de\\\/magazin\\\/#organization\"},\"potentialAction\":[{\"@type\":\"SearchAction\",\"target\":{\"@type\":\"EntryPoint\",\"urlTemplate\":\"https:\\\/\\\/www.salzburgerland.com\\\/de\\\/magazin\\\/?s={search_term_string}\"},\"query-input\":{\"@type\":\"PropertyValueSpecification\",\"valueRequired\":true,\"valueName\":\"search_term_string\"}}],\"inLanguage\":\"de\"},{\"@type\":\"Organization\",\"@id\":\"https:\\\/\\\/www.salzburgerland.com\\\/de\\\/magazin\\\/#organization\",\"name\":\"SalzburgerLand Tourismus\",\"url\":\"https:\\\/\\\/www.salzburgerland.com\\\/de\\\/magazin\\\/\",\"logo\":{\"@type\":\"ImageObject\",\"inLanguage\":\"de\",\"@id\":\"https:\\\/\\\/www.salzburgerland.com\\\/de\\\/magazin\\\/#\\\/schema\\\/logo\\\/image\\\/\",\"url\":\"https:\\\/\\\/www.salzburgerland.com\\\/de\\\/magazin\\\/wp-content\\\/uploads\\\/2019\\\/06\\\/salzburgerland-logo1.jpg\",\"contentUrl\":\"https:\\\/\\\/www.salzburgerland.com\\\/de\\\/magazin\\\/wp-content\\\/uploads\\\/2019\\\/06\\\/salzburgerland-logo1.jpg\",\"width\":2011,\"height\":866,\"caption\":\"SalzburgerLand Tourismus\"},\"image\":{\"@id\":\"https:\\\/\\\/www.salzburgerland.com\\\/de\\\/magazin\\\/#\\\/schema\\\/logo\\\/image\\\/\"},\"sameAs\":[\"https:\\\/\\\/www.facebook.com\\\/salzburgerland\\\/\",\"https:\\\/\\\/x.com\\\/Salzburgerland\",\"https:\\\/\\\/www.instagram.com\\\/salzburgerland\\\/\",\"https:\\\/\\\/at.linkedin.com\\\/company\\\/salzburgerland-tourismus-gmbh\",\"https:\\\/\\\/www.pinterest.at\\\/salzburgerland\\\/\",\"https:\\\/\\\/www.youtube.com\\\/user\\\/salzburgerland\",\"https:\\\/\\\/de.wikipedia.org\\\/wiki\\\/SalzburgerLand_Tourismus_GmbH\"]},{\"@type\":\"Person\",\"@id\":\"https:\\\/\\\/www.salzburgerland.com\\\/de\\\/magazin\\\/#\\\/schema\\\/person\\\/a55a4fee1009b9e458d298480a18a9f7\",\"name\":\"Ulli Hammerl\",\"description\":\"Geboren und aufgewachsen in der Stadt Salzburg war Ulli Hammerl fr\u00fch bewusst, in einer der sch\u00f6nsten St\u00e4dte der Welt zu leben. So ist sie auch w\u00e4hrend ihres Studiums der Kommunikationswissenschaft und \u00d6kologie ihrer Heimatstadt treu geblieben. Gleich nach dem Studium ist sie zu SalzburgerLand Tourismus (SLTG) gegangen und hat hier von 1998 - 2004 u.a. die SalzburgerLand Card betreut. Dabei ist sie viel herumgekommen, wodurch auch die Liebe zum SalzburgerLand enstanden und gewachsen ist. Nach der Geburt ihrer Tochter im September 2004 hat sich Ulli Hammerl 2007 mit einer Agentur selbst\u00e4ndig gemacht. Mein pers\u00f6nlicher Logenplatz: Hoch \u00fcber Salzburg, abseits der stark begangenen Wege mit Blick auf die D\u00e4cher und Kircht\u00fcrme der Stadt \u2013 hier geht mir das Herz auf! Morgen- oder Abendmensch: Ganz klar: Morgenmensch. Wenn um 5.00 Uhr fr\u00fch die V\u00f6gel zwitschern und rund herum noch alles in tiefer Ruhe versinkt, dann ist meine Zeit. Ausgeschlafen, Energie geladen und voller Tatendrang starte ich am liebsten in den fr\u00fchen Morgenstunden in den Tag. Daf\u00fcr kann man nach 21.00 Uhr nicht mehr mit mir rechnen. Buch oder Film: Es gibt nichts Sch\u00f6neres, als es sich am Ende des Tages auf der Couch gem\u00fctlich zu machen und in die Gedankenwelt eines guten Buches einzutauchen \u2013 Lesen ist Abenteuer im Kopf. Wandern, Spazierengehen oder Laufen: alles drei und zwar am besten jeden Tag. Mit ein bisschen Zeiteinteilung geht es sich tats\u00e4chlich fast gehen Tag aus, drau\u00dfen unterwegs zu sein. Fr\u00fchling, Sommer, Herbst oder Winter: Ich kann es im Fr\u00fchling kaum erwarten, die ersten Gr\u00fcnschattierungen in der Natur zu entdecken. Ich liebe hei\u00dfe Sommertage am See und laue Sommerabende am Balkon. Ich mag es, wenn im Herbst die W\u00e4lder in einem Meer aus Farben erstrahlen, Laubrascheln und Kastanien sammeln. Und ich freue mich wie ein Kind, wenn im Dezember die ersten Schneeflocken vom Himmel schweben. Die vier Jahreszeiten sind etwas Wunderbares.\",\"url\":\"https:\\\/\\\/www.salzburgerland.com\\\/de\\\/magazin\\\/author\\\/ulli-hammerl\\\/\"}]}<\/script>\n<!-- \/ Yoast SEO Premium plugin. -->","yoast_head_json":{"title":"Skizwerge & Windelflitzer - SalzburgerLand Magazin","description":"Die Kinder kaum dem Windelalter entwachsen, macht sich bei Wintersportbegeisterten Eltern die Sehnsucht breit. Skitage voll Sonnenschein, Schw\u00fcnge auf perfekt pr\u00e4parierten Pisten oder im Tiefschnee, traumhaft verschneite Winterlandschaft \u2013 seufz, das war fr\u00fcher. Aber halt. Auch die Kleinsten k\u00f6nnen zu begeisterten Pistenfl\u00f6hen werden. Es muss f\u00fcr den Anfang ja kein einw\u00f6chiger, ganzt\u00e4giger Skikurs sein. Eine [&hellip;]","robots":{"index":"index","follow":"follow","max-snippet":"max-snippet:-1","max-image-preview":"max-image-preview:large","max-video-preview":"max-video-preview:-1"},"canonical":"https:\/\/www.salzburgerland.com\/de\/magazin\/skizwerge-windelflitzer\/","og_locale":"de_DE","og_type":"article","og_title":"Skizwerge & Windelflitzer","og_description":"Die Kinder kaum dem Windelalter entwachsen, macht sich bei Wintersportbegeisterten Eltern die Sehnsucht breit. Skitage voll Sonnenschein, Schw\u00fcnge auf perfekt pr\u00e4parierten Pisten oder im Tiefschnee, traumhaft verschneite Winterlandschaft \u2013 seufz, das war fr\u00fcher. Aber halt. Auch die Kleinsten k\u00f6nnen zu begeisterten Pistenfl\u00f6hen werden. Es muss f\u00fcr den Anfang ja kein einw\u00f6chiger, ganzt\u00e4giger Skikurs sein. Eine [&hellip;]","og_url":"https:\/\/www.salzburgerland.com\/de\/magazin\/skizwerge-windelflitzer\/","og_site_name":"SalzburgerLand Magazin","article_publisher":"https:\/\/www.facebook.com\/salzburgerland\/","article_published_time":"2013-01-30T09:16:47+00:00","article_modified_time":"2020-02-13T09:31:54+00:00","og_image":[{"width":1200,"height":786,"url":"https:\/\/www.salzburgerland.com\/de\/magazin\/wp-content\/uploads\/2013\/01\/Habachklause-Maskottchen.jpg","type":"image\/jpeg"}],"author":"Ulli Hammerl","twitter_card":"summary_large_image","twitter_creator":"@Salzburgerland","twitter_site":"@Salzburgerland","twitter_misc":{"Verfasst von":"Ulli Hammerl","Gesch\u00e4tzte Lesezeit":"2\u00a0Minuten"},"schema":{"@context":"https:\/\/schema.org","@graph":[{"@type":"Article","@id":"https:\/\/www.salzburgerland.com\/de\/magazin\/skizwerge-windelflitzer\/#article","isPartOf":{"@id":"https:\/\/www.salzburgerland.com\/de\/magazin\/skizwerge-windelflitzer\/"},"author":{"name":"Ulli Hammerl","@id":"https:\/\/www.salzburgerland.com\/de\/magazin\/#\/schema\/person\/a55a4fee1009b9e458d298480a18a9f7"},"headline":"Skizwerge &#038; Windelflitzer","datePublished":"2013-01-30T09:16:47+00:00","dateModified":"2020-02-13T09:31:54+00:00","mainEntityOfPage":{"@id":"https:\/\/www.salzburgerland.com\/de\/magazin\/skizwerge-windelflitzer\/"},"wordCount":399,"commentCount":0,"publisher":{"@id":"https:\/\/www.salzburgerland.com\/de\/magazin\/#organization"},"image":{"@id":"https:\/\/www.salzburgerland.com\/de\/magazin\/skizwerge-windelflitzer\/#primaryimage"},"thumbnailUrl":"https:\/\/www.salzburgerland.com\/de\/magazin\/wp-content\/uploads\/2013\/01\/Habachklause-Maskottchen.jpg","articleSection":["Hotel &amp; Reise"],"inLanguage":"de","potentialAction":[{"@type":"CommentAction","name":"Comment","target":["https:\/\/www.salzburgerland.com\/de\/magazin\/skizwerge-windelflitzer\/#respond"]}]},{"@type":"WebPage","@id":"https:\/\/www.salzburgerland.com\/de\/magazin\/skizwerge-windelflitzer\/","url":"https:\/\/www.salzburgerland.com\/de\/magazin\/skizwerge-windelflitzer\/","name":"Skizwerge & Windelflitzer - SalzburgerLand Magazin","isPartOf":{"@id":"https:\/\/www.salzburgerland.com\/de\/magazin\/#website"},"primaryImageOfPage":{"@id":"https:\/\/www.salzburgerland.com\/de\/magazin\/skizwerge-windelflitzer\/#primaryimage"},"image":{"@id":"https:\/\/www.salzburgerland.com\/de\/magazin\/skizwerge-windelflitzer\/#primaryimage"},"thumbnailUrl":"https:\/\/www.salzburgerland.com\/de\/magazin\/wp-content\/uploads\/2013\/01\/Habachklause-Maskottchen.jpg","datePublished":"2013-01-30T09:16:47+00:00","dateModified":"2020-02-13T09:31:54+00:00","breadcrumb":{"@id":"https:\/\/www.salzburgerland.com\/de\/magazin\/skizwerge-windelflitzer\/#breadcrumb"},"inLanguage":"de","potentialAction":[{"@type":"ReadAction","target":["https:\/\/www.salzburgerland.com\/de\/magazin\/skizwerge-windelflitzer\/"]}]},{"@type":"ImageObject","inLanguage":"de","@id":"https:\/\/www.salzburgerland.com\/de\/magazin\/skizwerge-windelflitzer\/#primaryimage","url":"https:\/\/www.salzburgerland.com\/de\/magazin\/wp-content\/uploads\/2013\/01\/Habachklause-Maskottchen.jpg","contentUrl":"https:\/\/www.salzburgerland.com\/de\/magazin\/wp-content\/uploads\/2013\/01\/Habachklause-Maskottchen.jpg","width":1200,"height":786,"caption":"Kuschelzeit auf der Poste"},{"@type":"BreadcrumbList","@id":"https:\/\/www.salzburgerland.com\/de\/magazin\/skizwerge-windelflitzer\/#breadcrumb","itemListElement":[{"@type":"ListItem","position":1,"name":"Startseite","item":"https:\/\/www.salzburgerland.com\/de\/magazin\/"},{"@type":"ListItem","position":2,"name":"Hotel &amp; Reise","item":"https:\/\/www.salzburgerland.com\/de\/magazin\/thema\/hotel-reise\/"},{"@type":"ListItem","position":3,"name":"Skizwerge &#038; Windelflitzer"}]},{"@type":"WebSite","@id":"https:\/\/www.salzburgerland.com\/de\/magazin\/#website","url":"https:\/\/www.salzburgerland.com\/de\/magazin\/","name":"SalzburgerLand Magazin","description":"Geschichten und Interessantes aus dem SalzburgerLand","publisher":{"@id":"https:\/\/www.salzburgerland.com\/de\/magazin\/#organization"},"potentialAction":[{"@type":"SearchAction","target":{"@type":"EntryPoint","urlTemplate":"https:\/\/www.salzburgerland.com\/de\/magazin\/?s={search_term_string}"},"query-input":{"@type":"PropertyValueSpecification","valueRequired":true,"valueName":"search_term_string"}}],"inLanguage":"de"},{"@type":"Organization","@id":"https:\/\/www.salzburgerland.com\/de\/magazin\/#organization","name":"SalzburgerLand Tourismus","url":"https:\/\/www.salzburgerland.com\/de\/magazin\/","logo":{"@type":"ImageObject","inLanguage":"de","@id":"https:\/\/www.salzburgerland.com\/de\/magazin\/#\/schema\/logo\/image\/","url":"https:\/\/www.salzburgerland.com\/de\/magazin\/wp-content\/uploads\/2019\/06\/salzburgerland-logo1.jpg","contentUrl":"https:\/\/www.salzburgerland.com\/de\/magazin\/wp-content\/uploads\/2019\/06\/salzburgerland-logo1.jpg","width":2011,"height":866,"caption":"SalzburgerLand Tourismus"},"image":{"@id":"https:\/\/www.salzburgerland.com\/de\/magazin\/#\/schema\/logo\/image\/"},"sameAs":["https:\/\/www.facebook.com\/salzburgerland\/","https:\/\/x.com\/Salzburgerland","https:\/\/www.instagram.com\/salzburgerland\/","https:\/\/at.linkedin.com\/company\/salzburgerland-tourismus-gmbh","https:\/\/www.pinterest.at\/salzburgerland\/","https:\/\/www.youtube.com\/user\/salzburgerland","https:\/\/de.wikipedia.org\/wiki\/SalzburgerLand_Tourismus_GmbH"]},{"@type":"Person","@id":"https:\/\/www.salzburgerland.com\/de\/magazin\/#\/schema\/person\/a55a4fee1009b9e458d298480a18a9f7","name":"Ulli Hammerl","description":"Geboren und aufgewachsen in der Stadt Salzburg war Ulli Hammerl fr\u00fch bewusst, in einer der sch\u00f6nsten St\u00e4dte der Welt zu leben. So ist sie auch w\u00e4hrend ihres Studiums der Kommunikationswissenschaft und \u00d6kologie ihrer Heimatstadt treu geblieben. Gleich nach dem Studium ist sie zu SalzburgerLand Tourismus (SLTG) gegangen und hat hier von 1998 - 2004 u.a. die SalzburgerLand Card betreut. Dabei ist sie viel herumgekommen, wodurch auch die Liebe zum SalzburgerLand enstanden und gewachsen ist. Nach der Geburt ihrer Tochter im September 2004 hat sich Ulli Hammerl 2007 mit einer Agentur selbst\u00e4ndig gemacht. Mein pers\u00f6nlicher Logenplatz: Hoch \u00fcber Salzburg, abseits der stark begangenen Wege mit Blick auf die D\u00e4cher und Kircht\u00fcrme der Stadt \u2013 hier geht mir das Herz auf! Morgen- oder Abendmensch: Ganz klar: Morgenmensch. Wenn um 5.00 Uhr fr\u00fch die V\u00f6gel zwitschern und rund herum noch alles in tiefer Ruhe versinkt, dann ist meine Zeit. Ausgeschlafen, Energie geladen und voller Tatendrang starte ich am liebsten in den fr\u00fchen Morgenstunden in den Tag. Daf\u00fcr kann man nach 21.00 Uhr nicht mehr mit mir rechnen. Buch oder Film: Es gibt nichts Sch\u00f6neres, als es sich am Ende des Tages auf der Couch gem\u00fctlich zu machen und in die Gedankenwelt eines guten Buches einzutauchen \u2013 Lesen ist Abenteuer im Kopf. Wandern, Spazierengehen oder Laufen: alles drei und zwar am besten jeden Tag. Mit ein bisschen Zeiteinteilung geht es sich tats\u00e4chlich fast gehen Tag aus, drau\u00dfen unterwegs zu sein. Fr\u00fchling, Sommer, Herbst oder Winter: Ich kann es im Fr\u00fchling kaum erwarten, die ersten Gr\u00fcnschattierungen in der Natur zu entdecken. Ich liebe hei\u00dfe Sommertage am See und laue Sommerabende am Balkon. Ich mag es, wenn im Herbst die W\u00e4lder in einem Meer aus Farben erstrahlen, Laubrascheln und Kastanien sammeln. Und ich freue mich wie ein Kind, wenn im Dezember die ersten Schneeflocken vom Himmel schweben. Die vier Jahreszeiten sind etwas Wunderbares.","url":"https:\/\/www.salzburgerland.com\/de\/magazin\/author\/ulli-hammerl\/"}]}},"_wl_alt_label":[],"wl:entity_url":"http:\/\/open.salzburgerland.com\/magazin\/post\/skizwerge___windelflitzer","_links":{"self":[{"href":"https:\/\/www.salzburgerland.com\/de\/magazin\/wp-json\/wp\/v2\/posts\/30042","targetHints":{"allow":["GET"]}}],"collection":[{"href":"https:\/\/www.salzburgerland.com\/de\/magazin\/wp-json\/wp\/v2\/posts"}],"about":[{"href":"https:\/\/www.salzburgerland.com\/de\/magazin\/wp-json\/wp\/v2\/types\/post"}],"author":[{"embeddable":true,"href":"https:\/\/www.salzburgerland.com\/de\/magazin\/wp-json\/wp\/v2\/users\/90"}],"replies":[{"embeddable":true,"href":"https:\/\/www.salzburgerland.com\/de\/magazin\/wp-json\/wp\/v2\/comments?post=30042"}],"version-history":[{"count":0,"href":"https:\/\/www.salzburgerland.com\/de\/magazin\/wp-json\/wp\/v2\/posts\/30042\/revisions"}],"wp:featuredmedia":[{"embeddable":true,"href":"https:\/\/www.salzburgerland.com\/de\/magazin\/wp-json\/wp\/v2\/media\/30045"}],"wp:attachment":[{"href":"https:\/\/www.salzburgerland.com\/de\/magazin\/wp-json\/wp\/v2\/media?parent=30042"}],"wp:term":[{"taxonomy":"category","embeddable":true,"href":"https:\/\/www.salzburgerland.com\/de\/magazin\/wp-json\/wp\/v2\/categories?post=30042"},{"taxonomy":"post_tag","embeddable":true,"href":"https:\/\/www.salzburgerland.com\/de\/magazin\/wp-json\/wp\/v2\/tags?post=30042"},{"taxonomy":"wl_entity_type","embeddable":true,"href":"https:\/\/www.salzburgerland.com\/de\/magazin\/wp-json\/wp\/v2\/wl_entity_type?post=30042"},{"taxonomy":"monatsauswahl","embeddable":true,"href":"https:\/\/www.salzburgerland.com\/de\/magazin\/wp-json\/wp\/v2\/monatsauswahl?post=30042"}],"curies":[{"name":"wp","href":"https:\/\/api.w.org\/{rel}","templated":true}]}}