{"id":30038,"date":"2018-01-03T08:00:44","date_gmt":"2018-01-03T07:00:44","guid":{"rendered":"http:\/\/magazin.salzburgerland.com\/?p=30038"},"modified":"2019-06-26T20:30:02","modified_gmt":"2019-06-26T18:30:02","slug":"audi-fis-damen-nachtslalom-flachau","status":"publish","type":"post","link":"https:\/\/www.salzburgerland.com\/de\/magazin\/audi-fis-damen-nachtslalom-flachau\/","title":{"rendered":"Audi FIS Damen Nachtslalom Flachau"},"content":{"rendered":"<p><strong>Am 8.1.2019 stand Flachau im Mittelpunkt der Skiwelt. Dann n\u00e4mlich starteten die schnellsten Slalom-Damen beim mittlerweile legend\u00e4ren Audi FIS Skiweltcup Damen Nachtslalom auf der Hermann Maier FIS Weltcupstrecke.<\/strong><\/p>\n<p>Bereits zum 9. Mal findet der <a href=\"http:\/\/www.skiweltcup-flachau.at\" target=\"_blank\" rel=\"noopener noreferrer\">Damen Nachtslalom 2019 in Flachau<\/a> statt.\u00a0 Dass die Veranstaltung im Rahmen des Skiarea-Tests 2017 zum besten Event gek\u00fcrt wurde, beweist deren Erstklassigkeit. Flachau hat nicht nur als Heimatort von Superstar Hermann Maier Geschichte geschrieben, sondern auch mit\u00a0den ganz Gro\u00dfen des alpinen Rennsports, die sich in die Flachauer Siegerlisten eintrugen \u2013 wie Renate G\u00f6tschl, Janica Kostelic, Marlies Schild, Benni Raich oder Alberto Tomba.<\/p>\n<h3>Sport &amp; Society trifft Skitalent<\/h3>\n<p>Nicht nur die Sportler sind jedes Jahr wieder von der Professionalit\u00e4t und der attraktiven Streckenf\u00fchrung angetan. Auch die Tausenden Zuschauer, die im Zielbereich und an der Strecke ihren Rennl\u00e4ufern zujubeln, tragen zur tollen Stimmung bei. Ein unterhaltsames Rahmenprogramm tut sein \u00fcbriges dazu, den Audi FIS Nachtslalom zu einem wahren Leuchtturm-Projekt in der Region zu machen. So findet bereits am 7.1. die <strong>Star Challenge 2019 \u201eSport &amp; Society trifft Skitalent\u201c<\/strong>, ein Charity-Event zugunsten junger Salzburger Skitalente statt. Zahlreiche Prominente sorgen damit f\u00fcr eines der i-T\u00fcpfelchen dieser Weltcup-Veranstaltung. Im Rahmen einer Autogrammstunde d\u00fcrfen die Fans ihren Skistars ganz nahe kommen.<\/p>\n<h3>Spannende Rennen garantiert<\/h3>\n<p>Der Slalom selber startet am 8.1.2019 um 18:00 Uhr mit dem ersten Durchgang. Bevor im zweiten Durchgang ab 20:45 Uhr die Entscheidung f\u00e4llt, heizt Julian Le Play auf der Open Air B\u00fchnen den Fans so richtig ein.<\/p>\n<p>Wir freuen uns auf einen tollen Skievent.<\/p>\n<p>N\u00e4here Infos unter <a href=\"http:\/\/www.skiweltcup-flachau.at\" target=\"_blank\" rel=\"noopener noreferrer\">www.skiweltcup-flachau.at<\/a><\/p>\n<div class=\"mag-gallery\"><div class=\"row\"><div class=\"col-6 col-sm-4\"><figure><a class=\"thumb-container\" href=\"https:\/\/www.salzburgerland.com\/de\/magazin\/wp-content\/uploads\/2013\/01\/Audi-FIS-Slalom-Flachau-Sta-1280x1024.jpg\">\t<picture><source media=\"(min-width: 576px)\" srcset=\"https:\/\/www.salzburgerland.com\/de\/magazin\/wp-content\/uploads\/2013\/01\/Audi-FIS-Slalom-Flachau-Sta-325x209.jpg 325w, https:\/\/www.salzburgerland.com\/de\/magazin\/wp-content\/uploads\/2013\/01\/Audi-FIS-Slalom-Flachau-Sta-249x160.jpg 249w\" \/><source media=\"(min-width: 0)\" srcset=\"https:\/\/www.salzburgerland.com\/de\/magazin\/wp-content\/uploads\/2013\/01\/Audi-FIS-Slalom-Flachau-Sta-249x160.jpg 249w, https:\/\/www.salzburgerland.com\/de\/magazin\/wp-content\/uploads\/2013\/01\/Audi-FIS-Slalom-Flachau-Sta-325x209.jpg 325w\" \/><img decoding=\"async\" alt=\"Eine Gruppe von Skifahrern und Veranstaltungsmitarbeitern posiert unter einem roten Bogen bei einem verschneiten Nachtskiwettbewerb.\" src=\"https:\/\/www.salzburgerland.com\/de\/magazin\/wp-content\/uploads\/2013\/01\/Audi-FIS-Slalom-Flachau-Sta.jpg\" \/>\t<\/picture><\/a><\/figure><\/div><div class=\"col-6 col-sm-4\"><figure><a class=\"thumb-container\" href=\"https:\/\/www.salzburgerland.com\/de\/magazin\/wp-content\/uploads\/2013\/01\/Audi-FIS-Slalom-Flachau-Gol-1280x1024.jpg\">\t<picture><source media=\"(min-width: 576px)\" srcset=\"https:\/\/www.salzburgerland.com\/de\/magazin\/wp-content\/uploads\/2013\/01\/Audi-FIS-Slalom-Flachau-Gol-325x209.jpg 325w, https:\/\/www.salzburgerland.com\/de\/magazin\/wp-content\/uploads\/2013\/01\/Audi-FIS-Slalom-Flachau-Gol-249x160.jpg 249w\" \/><source media=\"(min-width: 0)\" srcset=\"https:\/\/www.salzburgerland.com\/de\/magazin\/wp-content\/uploads\/2013\/01\/Audi-FIS-Slalom-Flachau-Gol-249x160.jpg 249w, https:\/\/www.salzburgerland.com\/de\/magazin\/wp-content\/uploads\/2013\/01\/Audi-FIS-Slalom-Flachau-Gol-325x209.jpg 325w\" \/><img decoding=\"async\" alt=\"Zwei l\u00e4chelnde Skifahrer in Ausr\u00fcstung dr\u00fccken bei einer Skiveranstaltung die Daumen nach oben, w\u00e4hrend im Hintergrund eine Menge jubelt.\" src=\"https:\/\/www.salzburgerland.com\/de\/magazin\/wp-content\/uploads\/2013\/01\/Audi-FIS-Slalom-Flachau-Gol.jpg\" \/>\t<\/picture><\/a><\/figure><\/div><div class=\"col-6 col-sm-4\"><figure><a class=\"thumb-container\" href=\"https:\/\/www.salzburgerland.com\/de\/magazin\/wp-content\/uploads\/2013\/01\/Audi-FIS-Slalom-Flachau-Autogrammstunde-1280x1024.jpg\">\t<picture><source media=\"(min-width: 576px)\" srcset=\"https:\/\/www.salzburgerland.com\/de\/magazin\/wp-content\/uploads\/2013\/01\/Audi-FIS-Slalom-Flachau-Autogrammstunde-325x209.jpg 325w, https:\/\/www.salzburgerland.com\/de\/magazin\/wp-content\/uploads\/2013\/01\/Audi-FIS-Slalom-Flachau-Autogrammstunde-249x160.jpg 249w\" \/><source media=\"(min-width: 0)\" srcset=\"https:\/\/www.salzburgerland.com\/de\/magazin\/wp-content\/uploads\/2013\/01\/Audi-FIS-Slalom-Flachau-Autogrammstunde-249x160.jpg 249w, https:\/\/www.salzburgerland.com\/de\/magazin\/wp-content\/uploads\/2013\/01\/Audi-FIS-Slalom-Flachau-Autogrammstunde-325x209.jpg 325w\" \/><img decoding=\"async\" alt=\"Eine Frau in Winterkleidung signiert einen orangefarbenen Helm bei einer Indoor-Veranstaltung mit anderen Anwesenden im Hintergrund.\" src=\"https:\/\/www.salzburgerland.com\/de\/magazin\/wp-content\/uploads\/2013\/01\/Audi-FIS-Slalom-Flachau-Autogrammstunde.jpg\" \/>\t<\/picture><\/a><\/figure><\/div><div class=\"col-6 col-sm-4\"><figure><a class=\"thumb-container\" href=\"https:\/\/www.salzburgerland.com\/de\/magazin\/wp-content\/uploads\/2013\/01\/Audi-FIS-Slalom-Flachau-6-1280x1024.jpg\">\t<picture><source media=\"(min-width: 576px)\" srcset=\"https:\/\/www.salzburgerland.com\/de\/magazin\/wp-content\/uploads\/2013\/01\/Audi-FIS-Slalom-Flachau-6-325x209.jpg 325w, https:\/\/www.salzburgerland.com\/de\/magazin\/wp-content\/uploads\/2013\/01\/Audi-FIS-Slalom-Flachau-6-249x160.jpg 249w\" \/><source media=\"(min-width: 0)\" srcset=\"https:\/\/www.salzburgerland.com\/de\/magazin\/wp-content\/uploads\/2013\/01\/Audi-FIS-Slalom-Flachau-6-249x160.jpg 249w, https:\/\/www.salzburgerland.com\/de\/magazin\/wp-content\/uploads\/2013\/01\/Audi-FIS-Slalom-Flachau-6-325x209.jpg 325w\" \/><img decoding=\"async\" alt=\"Eine gro\u00dfe Menschenmenge winkt bei einer n\u00e4chtlichen Skiveranstaltung in einem verschneiten Stadion mit hellen Lichtern mit Fahnen.\" src=\"https:\/\/www.salzburgerland.com\/de\/magazin\/wp-content\/uploads\/2013\/01\/Audi-FIS-Slalom-Flachau-6.jpg\" \/>\t<\/picture><\/a><\/figure><\/div><div class=\"col-6 col-sm-4\"><figure><a class=\"thumb-container\" href=\"https:\/\/www.salzburgerland.com\/de\/magazin\/wp-content\/uploads\/2013\/01\/Audi-FIS-Slalom-Flachau-5-1280x1024.jpg\">\t<picture><source media=\"(min-width: 576px)\" srcset=\"https:\/\/www.salzburgerland.com\/de\/magazin\/wp-content\/uploads\/2013\/01\/Audi-FIS-Slalom-Flachau-5-325x209.jpg 325w, https:\/\/www.salzburgerland.com\/de\/magazin\/wp-content\/uploads\/2013\/01\/Audi-FIS-Slalom-Flachau-5-249x160.jpg 249w\" \/><source media=\"(min-width: 0)\" srcset=\"https:\/\/www.salzburgerland.com\/de\/magazin\/wp-content\/uploads\/2013\/01\/Audi-FIS-Slalom-Flachau-5-249x160.jpg 249w, https:\/\/www.salzburgerland.com\/de\/magazin\/wp-content\/uploads\/2013\/01\/Audi-FIS-Slalom-Flachau-5-325x209.jpg 325w\" \/><img decoding=\"async\" alt=\"Ein Skifahrer f\u00e4hrt nachts den Berg hinunter und neigt sich in eine Kurve, w\u00e4hrend der Schnee aufspritzt, w\u00e4hrend die Zuschauer im Hintergrund zuschauen.\" src=\"https:\/\/www.salzburgerland.com\/de\/magazin\/wp-content\/uploads\/2013\/01\/Audi-FIS-Slalom-Flachau-5.jpg\" \/>\t<\/picture><\/a><\/figure><\/div><div class=\"col-6 col-sm-4\"><figure><a class=\"thumb-container\" href=\"https:\/\/www.salzburgerland.com\/de\/magazin\/wp-content\/uploads\/2013\/01\/Audi-FIS-Slalom-Flachau-4-1280x1024.jpg\">\t<picture><source media=\"(min-width: 576px)\" srcset=\"https:\/\/www.salzburgerland.com\/de\/magazin\/wp-content\/uploads\/2013\/01\/Audi-FIS-Slalom-Flachau-4-325x209.jpg 325w, https:\/\/www.salzburgerland.com\/de\/magazin\/wp-content\/uploads\/2013\/01\/Audi-FIS-Slalom-Flachau-4-249x160.jpg 249w\" \/><source media=\"(min-width: 0)\" srcset=\"https:\/\/www.salzburgerland.com\/de\/magazin\/wp-content\/uploads\/2013\/01\/Audi-FIS-Slalom-Flachau-4-249x160.jpg 249w, https:\/\/www.salzburgerland.com\/de\/magazin\/wp-content\/uploads\/2013\/01\/Audi-FIS-Slalom-Flachau-4-325x209.jpg 325w\" \/><img decoding=\"async\" alt=\"Eine gro\u00dfe Menschenmenge schwenkt Fahnen in einem verschneiten Stadion w\u00e4hrend einer n\u00e4chtlichen Wintersportveranstaltung.\" src=\"https:\/\/www.salzburgerland.com\/de\/magazin\/wp-content\/uploads\/2013\/01\/Audi-FIS-Slalom-Flachau-4.jpg\" \/>\t<\/picture><\/a><\/figure><\/div><div class=\"col-6 col-sm-4\"><figure><a class=\"thumb-container\" href=\"https:\/\/www.salzburgerland.com\/de\/magazin\/wp-content\/uploads\/2013\/01\/Audi-FIS-Slalom-Flachau-3-1280x1024.jpg\">\t<picture><source media=\"(min-width: 576px)\" srcset=\"https:\/\/www.salzburgerland.com\/de\/magazin\/wp-content\/uploads\/2013\/01\/Audi-FIS-Slalom-Flachau-3-325x209.jpg 325w, https:\/\/www.salzburgerland.com\/de\/magazin\/wp-content\/uploads\/2013\/01\/Audi-FIS-Slalom-Flachau-3-249x160.jpg 249w\" \/><source media=\"(min-width: 0)\" srcset=\"https:\/\/www.salzburgerland.com\/de\/magazin\/wp-content\/uploads\/2013\/01\/Audi-FIS-Slalom-Flachau-3-249x160.jpg 249w, https:\/\/www.salzburgerland.com\/de\/magazin\/wp-content\/uploads\/2013\/01\/Audi-FIS-Slalom-Flachau-3-325x209.jpg 325w\" \/><img decoding=\"async\" alt=\"Eine Menschenmenge versammelt sich bei einer n\u00e4chtlichen Skiveranstaltung mit beleuchteten Pisten und einem gr\u00fcnen Hei\u00dfluftballon im Hintergrund.\" src=\"https:\/\/www.salzburgerland.com\/de\/magazin\/wp-content\/uploads\/2013\/01\/Audi-FIS-Slalom-Flachau-3.jpg\" \/>\t<\/picture><\/a><\/figure><\/div><div class=\"col-6 col-sm-4\"><figure><a class=\"thumb-container\" href=\"https:\/\/www.salzburgerland.com\/de\/magazin\/wp-content\/uploads\/2013\/01\/Audi-FIS-Slalom-Flachau-2-1280x1024.jpg\">\t<picture><source media=\"(min-width: 576px)\" srcset=\"https:\/\/www.salzburgerland.com\/de\/magazin\/wp-content\/uploads\/2013\/01\/Audi-FIS-Slalom-Flachau-2-325x209.jpg 325w, https:\/\/www.salzburgerland.com\/de\/magazin\/wp-content\/uploads\/2013\/01\/Audi-FIS-Slalom-Flachau-2-249x160.jpg 249w\" \/><source media=\"(min-width: 0)\" srcset=\"https:\/\/www.salzburgerland.com\/de\/magazin\/wp-content\/uploads\/2013\/01\/Audi-FIS-Slalom-Flachau-2-249x160.jpg 249w, https:\/\/www.salzburgerland.com\/de\/magazin\/wp-content\/uploads\/2013\/01\/Audi-FIS-Slalom-Flachau-2-325x209.jpg 325w\" \/><img decoding=\"async\" alt=\"Eine verschneite Skipiste bei Nacht mit hellen Lichtern, Skifahrern und einer kleinen Stadt im Hintergrund.\" src=\"https:\/\/www.salzburgerland.com\/de\/magazin\/wp-content\/uploads\/2013\/01\/Audi-FIS-Slalom-Flachau-2.jpg\" \/>\t<\/picture><\/a><\/figure><\/div><div class=\"col-6 col-sm-4\"><figure><a class=\"thumb-container\" href=\"https:\/\/www.salzburgerland.com\/de\/magazin\/wp-content\/uploads\/2013\/01\/Audi-FIS-Slalom-Flachau-1-1280x1024.jpg\">\t<picture><source media=\"(min-width: 576px)\" srcset=\"https:\/\/www.salzburgerland.com\/de\/magazin\/wp-content\/uploads\/2013\/01\/Audi-FIS-Slalom-Flachau-1-325x209.jpg 325w, https:\/\/www.salzburgerland.com\/de\/magazin\/wp-content\/uploads\/2013\/01\/Audi-FIS-Slalom-Flachau-1-249x160.jpg 249w\" \/><source media=\"(min-width: 0)\" srcset=\"https:\/\/www.salzburgerland.com\/de\/magazin\/wp-content\/uploads\/2013\/01\/Audi-FIS-Slalom-Flachau-1-249x160.jpg 249w, https:\/\/www.salzburgerland.com\/de\/magazin\/wp-content\/uploads\/2013\/01\/Audi-FIS-Slalom-Flachau-1-325x209.jpg 325w\" \/><img decoding=\"async\" alt=\"Eine verschneite Skipiste bei Nacht, beleuchtet von Flutlicht, mit roten Audi Bannern, die den Startbereich einrahmen.\" src=\"https:\/\/www.salzburgerland.com\/de\/magazin\/wp-content\/uploads\/2013\/01\/Audi-FIS-Slalom-Flachau-1.jpg\" \/>\t<\/picture><\/a><\/figure><\/div><\/div><\/div><figcaption><\/figcaption>\n<p>Fotos\u00a0\u00a9 Skiweltcup Flachau<\/p>\n","protected":false},"excerpt":{"rendered":"<p>Am 8.1.2019 stand Flachau im Mittelpunkt der Skiwelt. Dann n\u00e4mlich starteten die schnellsten Slalom-Damen beim mittlerweile legend\u00e4ren Audi FIS Skiweltcup Damen Nachtslalom auf der Hermann Maier FIS Weltcupstrecke. Bereits zum 9. Mal findet der Damen Nachtslalom 2019 in Flachau statt.\u00a0 Dass die Veranstaltung im Rahmen des Skiarea-Tests 2017 zum besten Event gek\u00fcrt wurde, beweist deren [&hellip;]<\/p>\n","protected":false},"author":90,"featured_media":120475,"comment_status":"open","ping_status":"open","sticky":false,"template":"","format":"standard","meta":{"_acf_changed":false,"wl_entities_gutenberg":"","_wl_entity_redirect_enabled":"","footnotes":""},"categories":[7],"tags":[],"wl_entity_type":[306],"monatsauswahl":[82],"class_list":["post-30038","post","type-post","status-publish","format-standard","has-post-thumbnail","hentry","category-lifestyle","wl_entity_type-article","monatsauswahl-monat_1"],"acf":[],"yoast_head":"<!-- This site is optimized with the Yoast SEO Premium plugin v27.4 (Yoast SEO v27.4) - https:\/\/yoast.com\/product\/yoast-seo-premium-wordpress\/ -->\n<title>Audi FIS Damen Nachtslalom Flachau - SalzburgerLand Magazin<\/title>\n<meta name=\"description\" content=\"Am 8.1.2019 stand Flachau im Mittelpunkt der Skiwelt. Dann n\u00e4mlich starteten die schnellsten Slalom-Damen beim mittlerweile legend\u00e4ren Audi FIS Skiweltcup Damen Nachtslalom auf der Hermann Maier FIS Weltcupstrecke. Bereits zum 9. Mal findet der Damen Nachtslalom 2019 in Flachau statt.\u00a0 Dass die Veranstaltung im Rahmen des Skiarea-Tests 2017 zum besten Event gek\u00fcrt wurde, beweist deren [&hellip;]\" \/>\n<meta name=\"robots\" content=\"index, follow, max-snippet:-1, max-image-preview:large, max-video-preview:-1\" \/>\n<link rel=\"canonical\" href=\"https:\/\/www.salzburgerland.com\/de\/magazin\/audi-fis-damen-nachtslalom-flachau\/\" \/>\n<meta property=\"og:locale\" content=\"de_DE\" \/>\n<meta property=\"og:type\" content=\"article\" \/>\n<meta property=\"og:title\" content=\"Audi FIS Damen Nachtslalom Flachau\" \/>\n<meta property=\"og:description\" content=\"Am 8.1.2019 stand Flachau im Mittelpunkt der Skiwelt. Dann n\u00e4mlich starteten die schnellsten Slalom-Damen beim mittlerweile legend\u00e4ren Audi FIS Skiweltcup Damen Nachtslalom auf der Hermann Maier FIS Weltcupstrecke. Bereits zum 9. Mal findet der Damen Nachtslalom 2019 in Flachau statt.\u00a0 Dass die Veranstaltung im Rahmen des Skiarea-Tests 2017 zum besten Event gek\u00fcrt wurde, beweist deren [&hellip;]\" \/>\n<meta property=\"og:url\" content=\"https:\/\/www.salzburgerland.com\/de\/magazin\/audi-fis-damen-nachtslalom-flachau\/\" \/>\n<meta property=\"og:site_name\" content=\"SalzburgerLand Magazin\" \/>\n<meta property=\"article:publisher\" content=\"https:\/\/www.facebook.com\/salzburgerland\/\" \/>\n<meta property=\"article:published_time\" content=\"2018-01-03T07:00:44+00:00\" \/>\n<meta property=\"article:modified_time\" content=\"2019-06-26T18:30:02+00:00\" \/>\n<meta property=\"og:image\" content=\"https:\/\/www.salzburgerland.com\/de\/magazin\/wp-content\/uploads\/2013\/01\/OR_3127.jpg\" \/>\n\t<meta property=\"og:image:width\" content=\"1200\" \/>\n\t<meta property=\"og:image:height\" content=\"800\" \/>\n\t<meta property=\"og:image:type\" content=\"image\/jpeg\" \/>\n<meta name=\"author\" content=\"Ulli Hammerl\" \/>\n<meta name=\"twitter:card\" content=\"summary_large_image\" \/>\n<meta name=\"twitter:creator\" content=\"@Salzburgerland\" \/>\n<meta name=\"twitter:site\" content=\"@Salzburgerland\" \/>\n<meta name=\"twitter:label1\" content=\"Verfasst von\" \/>\n\t<meta name=\"twitter:data1\" content=\"Ulli Hammerl\" \/>\n\t<meta name=\"twitter:label2\" content=\"Gesch\u00e4tzte Lesezeit\" \/>\n\t<meta name=\"twitter:data2\" content=\"1\u00a0Minute\" \/>\n<script type=\"application\/ld+json\" class=\"yoast-schema-graph\">{\"@context\":\"https:\\\/\\\/schema.org\",\"@graph\":[{\"@type\":\"Article\",\"@id\":\"https:\\\/\\\/www.salzburgerland.com\\\/de\\\/magazin\\\/audi-fis-damen-nachtslalom-flachau\\\/#article\",\"isPartOf\":{\"@id\":\"https:\\\/\\\/www.salzburgerland.com\\\/de\\\/magazin\\\/audi-fis-damen-nachtslalom-flachau\\\/\"},\"author\":{\"name\":\"Ulli Hammerl\",\"@id\":\"https:\\\/\\\/www.salzburgerland.com\\\/de\\\/magazin\\\/#\\\/schema\\\/person\\\/a55a4fee1009b9e458d298480a18a9f7\"},\"headline\":\"Audi FIS Damen Nachtslalom Flachau\",\"datePublished\":\"2018-01-03T07:00:44+00:00\",\"dateModified\":\"2019-06-26T18:30:02+00:00\",\"mainEntityOfPage\":{\"@id\":\"https:\\\/\\\/www.salzburgerland.com\\\/de\\\/magazin\\\/audi-fis-damen-nachtslalom-flachau\\\/\"},\"wordCount\":269,\"commentCount\":0,\"publisher\":{\"@id\":\"https:\\\/\\\/www.salzburgerland.com\\\/de\\\/magazin\\\/#organization\"},\"image\":{\"@id\":\"https:\\\/\\\/www.salzburgerland.com\\\/de\\\/magazin\\\/audi-fis-damen-nachtslalom-flachau\\\/#primaryimage\"},\"thumbnailUrl\":\"https:\\\/\\\/www.salzburgerland.com\\\/de\\\/magazin\\\/wp-content\\\/uploads\\\/2013\\\/01\\\/OR_3127.jpg\",\"articleSection\":[\"Lifestyle\"],\"inLanguage\":\"de\",\"potentialAction\":[{\"@type\":\"CommentAction\",\"name\":\"Comment\",\"target\":[\"https:\\\/\\\/www.salzburgerland.com\\\/de\\\/magazin\\\/audi-fis-damen-nachtslalom-flachau\\\/#respond\"]}]},{\"@type\":\"WebPage\",\"@id\":\"https:\\\/\\\/www.salzburgerland.com\\\/de\\\/magazin\\\/audi-fis-damen-nachtslalom-flachau\\\/\",\"url\":\"https:\\\/\\\/www.salzburgerland.com\\\/de\\\/magazin\\\/audi-fis-damen-nachtslalom-flachau\\\/\",\"name\":\"Audi FIS Damen Nachtslalom Flachau - SalzburgerLand Magazin\",\"isPartOf\":{\"@id\":\"https:\\\/\\\/www.salzburgerland.com\\\/de\\\/magazin\\\/#website\"},\"primaryImageOfPage\":{\"@id\":\"https:\\\/\\\/www.salzburgerland.com\\\/de\\\/magazin\\\/audi-fis-damen-nachtslalom-flachau\\\/#primaryimage\"},\"image\":{\"@id\":\"https:\\\/\\\/www.salzburgerland.com\\\/de\\\/magazin\\\/audi-fis-damen-nachtslalom-flachau\\\/#primaryimage\"},\"thumbnailUrl\":\"https:\\\/\\\/www.salzburgerland.com\\\/de\\\/magazin\\\/wp-content\\\/uploads\\\/2013\\\/01\\\/OR_3127.jpg\",\"datePublished\":\"2018-01-03T07:00:44+00:00\",\"dateModified\":\"2019-06-26T18:30:02+00:00\",\"breadcrumb\":{\"@id\":\"https:\\\/\\\/www.salzburgerland.com\\\/de\\\/magazin\\\/audi-fis-damen-nachtslalom-flachau\\\/#breadcrumb\"},\"inLanguage\":\"de\",\"potentialAction\":[{\"@type\":\"ReadAction\",\"target\":[\"https:\\\/\\\/www.salzburgerland.com\\\/de\\\/magazin\\\/audi-fis-damen-nachtslalom-flachau\\\/\"]}]},{\"@type\":\"ImageObject\",\"inLanguage\":\"de\",\"@id\":\"https:\\\/\\\/www.salzburgerland.com\\\/de\\\/magazin\\\/audi-fis-damen-nachtslalom-flachau\\\/#primaryimage\",\"url\":\"https:\\\/\\\/www.salzburgerland.com\\\/de\\\/magazin\\\/wp-content\\\/uploads\\\/2013\\\/01\\\/OR_3127.jpg\",\"contentUrl\":\"https:\\\/\\\/www.salzburgerland.com\\\/de\\\/magazin\\\/wp-content\\\/uploads\\\/2013\\\/01\\\/OR_3127.jpg\",\"width\":1200,\"height\":800,\"caption\":\"Die Menge winkt mit Fahnen bei einer Nachtskiveranstaltung in einem verschneiten Stadion mit hellen Lichtern und jubelnden Zuschauern.\"},{\"@type\":\"BreadcrumbList\",\"@id\":\"https:\\\/\\\/www.salzburgerland.com\\\/de\\\/magazin\\\/audi-fis-damen-nachtslalom-flachau\\\/#breadcrumb\",\"itemListElement\":[{\"@type\":\"ListItem\",\"position\":1,\"name\":\"Startseite\",\"item\":\"https:\\\/\\\/www.salzburgerland.com\\\/de\\\/magazin\\\/\"},{\"@type\":\"ListItem\",\"position\":2,\"name\":\"Lifestyle\",\"item\":\"https:\\\/\\\/www.salzburgerland.com\\\/de\\\/magazin\\\/thema\\\/lifestyle\\\/\"},{\"@type\":\"ListItem\",\"position\":3,\"name\":\"Audi FIS Damen Nachtslalom Flachau\"}]},{\"@type\":\"WebSite\",\"@id\":\"https:\\\/\\\/www.salzburgerland.com\\\/de\\\/magazin\\\/#website\",\"url\":\"https:\\\/\\\/www.salzburgerland.com\\\/de\\\/magazin\\\/\",\"name\":\"SalzburgerLand Magazin\",\"description\":\"Geschichten und Interessantes aus dem SalzburgerLand\",\"publisher\":{\"@id\":\"https:\\\/\\\/www.salzburgerland.com\\\/de\\\/magazin\\\/#organization\"},\"potentialAction\":[{\"@type\":\"SearchAction\",\"target\":{\"@type\":\"EntryPoint\",\"urlTemplate\":\"https:\\\/\\\/www.salzburgerland.com\\\/de\\\/magazin\\\/?s={search_term_string}\"},\"query-input\":{\"@type\":\"PropertyValueSpecification\",\"valueRequired\":true,\"valueName\":\"search_term_string\"}}],\"inLanguage\":\"de\"},{\"@type\":\"Organization\",\"@id\":\"https:\\\/\\\/www.salzburgerland.com\\\/de\\\/magazin\\\/#organization\",\"name\":\"SalzburgerLand Tourismus\",\"url\":\"https:\\\/\\\/www.salzburgerland.com\\\/de\\\/magazin\\\/\",\"logo\":{\"@type\":\"ImageObject\",\"inLanguage\":\"de\",\"@id\":\"https:\\\/\\\/www.salzburgerland.com\\\/de\\\/magazin\\\/#\\\/schema\\\/logo\\\/image\\\/\",\"url\":\"https:\\\/\\\/www.salzburgerland.com\\\/de\\\/magazin\\\/wp-content\\\/uploads\\\/2019\\\/06\\\/salzburgerland-logo1.jpg\",\"contentUrl\":\"https:\\\/\\\/www.salzburgerland.com\\\/de\\\/magazin\\\/wp-content\\\/uploads\\\/2019\\\/06\\\/salzburgerland-logo1.jpg\",\"width\":2011,\"height\":866,\"caption\":\"SalzburgerLand Tourismus\"},\"image\":{\"@id\":\"https:\\\/\\\/www.salzburgerland.com\\\/de\\\/magazin\\\/#\\\/schema\\\/logo\\\/image\\\/\"},\"sameAs\":[\"https:\\\/\\\/www.facebook.com\\\/salzburgerland\\\/\",\"https:\\\/\\\/x.com\\\/Salzburgerland\",\"https:\\\/\\\/www.instagram.com\\\/salzburgerland\\\/\",\"https:\\\/\\\/at.linkedin.com\\\/company\\\/salzburgerland-tourismus-gmbh\",\"https:\\\/\\\/www.pinterest.at\\\/salzburgerland\\\/\",\"https:\\\/\\\/www.youtube.com\\\/user\\\/salzburgerland\",\"https:\\\/\\\/de.wikipedia.org\\\/wiki\\\/SalzburgerLand_Tourismus_GmbH\"]},{\"@type\":\"Person\",\"@id\":\"https:\\\/\\\/www.salzburgerland.com\\\/de\\\/magazin\\\/#\\\/schema\\\/person\\\/a55a4fee1009b9e458d298480a18a9f7\",\"name\":\"Ulli Hammerl\",\"description\":\"Geboren und aufgewachsen in der Stadt Salzburg war Ulli Hammerl fr\u00fch bewusst, in einer der sch\u00f6nsten St\u00e4dte der Welt zu leben. So ist sie auch w\u00e4hrend ihres Studiums der Kommunikationswissenschaft und \u00d6kologie ihrer Heimatstadt treu geblieben. Gleich nach dem Studium ist sie zu SalzburgerLand Tourismus (SLTG) gegangen und hat hier von 1998 - 2004 u.a. die SalzburgerLand Card betreut. Dabei ist sie viel herumgekommen, wodurch auch die Liebe zum SalzburgerLand enstanden und gewachsen ist. Nach der Geburt ihrer Tochter im September 2004 hat sich Ulli Hammerl 2007 mit einer Agentur selbst\u00e4ndig gemacht. Mein pers\u00f6nlicher Logenplatz: Hoch \u00fcber Salzburg, abseits der stark begangenen Wege mit Blick auf die D\u00e4cher und Kircht\u00fcrme der Stadt \u2013 hier geht mir das Herz auf! Morgen- oder Abendmensch: Ganz klar: Morgenmensch. Wenn um 5.00 Uhr fr\u00fch die V\u00f6gel zwitschern und rund herum noch alles in tiefer Ruhe versinkt, dann ist meine Zeit. Ausgeschlafen, Energie geladen und voller Tatendrang starte ich am liebsten in den fr\u00fchen Morgenstunden in den Tag. Daf\u00fcr kann man nach 21.00 Uhr nicht mehr mit mir rechnen. Buch oder Film: Es gibt nichts Sch\u00f6neres, als es sich am Ende des Tages auf der Couch gem\u00fctlich zu machen und in die Gedankenwelt eines guten Buches einzutauchen \u2013 Lesen ist Abenteuer im Kopf. Wandern, Spazierengehen oder Laufen: alles drei und zwar am besten jeden Tag. Mit ein bisschen Zeiteinteilung geht es sich tats\u00e4chlich fast gehen Tag aus, drau\u00dfen unterwegs zu sein. Fr\u00fchling, Sommer, Herbst oder Winter: Ich kann es im Fr\u00fchling kaum erwarten, die ersten Gr\u00fcnschattierungen in der Natur zu entdecken. Ich liebe hei\u00dfe Sommertage am See und laue Sommerabende am Balkon. Ich mag es, wenn im Herbst die W\u00e4lder in einem Meer aus Farben erstrahlen, Laubrascheln und Kastanien sammeln. Und ich freue mich wie ein Kind, wenn im Dezember die ersten Schneeflocken vom Himmel schweben. Die vier Jahreszeiten sind etwas Wunderbares.\",\"url\":\"https:\\\/\\\/www.salzburgerland.com\\\/de\\\/magazin\\\/author\\\/ulli-hammerl\\\/\"}]}<\/script>\n<!-- \/ Yoast SEO Premium plugin. -->","yoast_head_json":{"title":"Audi FIS Damen Nachtslalom Flachau - SalzburgerLand Magazin","description":"Am 8.1.2019 stand Flachau im Mittelpunkt der Skiwelt. Dann n\u00e4mlich starteten die schnellsten Slalom-Damen beim mittlerweile legend\u00e4ren Audi FIS Skiweltcup Damen Nachtslalom auf der Hermann Maier FIS Weltcupstrecke. Bereits zum 9. Mal findet der Damen Nachtslalom 2019 in Flachau statt.\u00a0 Dass die Veranstaltung im Rahmen des Skiarea-Tests 2017 zum besten Event gek\u00fcrt wurde, beweist deren [&hellip;]","robots":{"index":"index","follow":"follow","max-snippet":"max-snippet:-1","max-image-preview":"max-image-preview:large","max-video-preview":"max-video-preview:-1"},"canonical":"https:\/\/www.salzburgerland.com\/de\/magazin\/audi-fis-damen-nachtslalom-flachau\/","og_locale":"de_DE","og_type":"article","og_title":"Audi FIS Damen Nachtslalom Flachau","og_description":"Am 8.1.2019 stand Flachau im Mittelpunkt der Skiwelt. Dann n\u00e4mlich starteten die schnellsten Slalom-Damen beim mittlerweile legend\u00e4ren Audi FIS Skiweltcup Damen Nachtslalom auf der Hermann Maier FIS Weltcupstrecke. Bereits zum 9. Mal findet der Damen Nachtslalom 2019 in Flachau statt.\u00a0 Dass die Veranstaltung im Rahmen des Skiarea-Tests 2017 zum besten Event gek\u00fcrt wurde, beweist deren [&hellip;]","og_url":"https:\/\/www.salzburgerland.com\/de\/magazin\/audi-fis-damen-nachtslalom-flachau\/","og_site_name":"SalzburgerLand Magazin","article_publisher":"https:\/\/www.facebook.com\/salzburgerland\/","article_published_time":"2018-01-03T07:00:44+00:00","article_modified_time":"2019-06-26T18:30:02+00:00","og_image":[{"width":1200,"height":800,"url":"https:\/\/www.salzburgerland.com\/de\/magazin\/wp-content\/uploads\/2013\/01\/OR_3127.jpg","type":"image\/jpeg"}],"author":"Ulli Hammerl","twitter_card":"summary_large_image","twitter_creator":"@Salzburgerland","twitter_site":"@Salzburgerland","twitter_misc":{"Verfasst von":"Ulli Hammerl","Gesch\u00e4tzte Lesezeit":"1\u00a0Minute"},"schema":{"@context":"https:\/\/schema.org","@graph":[{"@type":"Article","@id":"https:\/\/www.salzburgerland.com\/de\/magazin\/audi-fis-damen-nachtslalom-flachau\/#article","isPartOf":{"@id":"https:\/\/www.salzburgerland.com\/de\/magazin\/audi-fis-damen-nachtslalom-flachau\/"},"author":{"name":"Ulli Hammerl","@id":"https:\/\/www.salzburgerland.com\/de\/magazin\/#\/schema\/person\/a55a4fee1009b9e458d298480a18a9f7"},"headline":"Audi FIS Damen Nachtslalom Flachau","datePublished":"2018-01-03T07:00:44+00:00","dateModified":"2019-06-26T18:30:02+00:00","mainEntityOfPage":{"@id":"https:\/\/www.salzburgerland.com\/de\/magazin\/audi-fis-damen-nachtslalom-flachau\/"},"wordCount":269,"commentCount":0,"publisher":{"@id":"https:\/\/www.salzburgerland.com\/de\/magazin\/#organization"},"image":{"@id":"https:\/\/www.salzburgerland.com\/de\/magazin\/audi-fis-damen-nachtslalom-flachau\/#primaryimage"},"thumbnailUrl":"https:\/\/www.salzburgerland.com\/de\/magazin\/wp-content\/uploads\/2013\/01\/OR_3127.jpg","articleSection":["Lifestyle"],"inLanguage":"de","potentialAction":[{"@type":"CommentAction","name":"Comment","target":["https:\/\/www.salzburgerland.com\/de\/magazin\/audi-fis-damen-nachtslalom-flachau\/#respond"]}]},{"@type":"WebPage","@id":"https:\/\/www.salzburgerland.com\/de\/magazin\/audi-fis-damen-nachtslalom-flachau\/","url":"https:\/\/www.salzburgerland.com\/de\/magazin\/audi-fis-damen-nachtslalom-flachau\/","name":"Audi FIS Damen Nachtslalom Flachau - SalzburgerLand Magazin","isPartOf":{"@id":"https:\/\/www.salzburgerland.com\/de\/magazin\/#website"},"primaryImageOfPage":{"@id":"https:\/\/www.salzburgerland.com\/de\/magazin\/audi-fis-damen-nachtslalom-flachau\/#primaryimage"},"image":{"@id":"https:\/\/www.salzburgerland.com\/de\/magazin\/audi-fis-damen-nachtslalom-flachau\/#primaryimage"},"thumbnailUrl":"https:\/\/www.salzburgerland.com\/de\/magazin\/wp-content\/uploads\/2013\/01\/OR_3127.jpg","datePublished":"2018-01-03T07:00:44+00:00","dateModified":"2019-06-26T18:30:02+00:00","breadcrumb":{"@id":"https:\/\/www.salzburgerland.com\/de\/magazin\/audi-fis-damen-nachtslalom-flachau\/#breadcrumb"},"inLanguage":"de","potentialAction":[{"@type":"ReadAction","target":["https:\/\/www.salzburgerland.com\/de\/magazin\/audi-fis-damen-nachtslalom-flachau\/"]}]},{"@type":"ImageObject","inLanguage":"de","@id":"https:\/\/www.salzburgerland.com\/de\/magazin\/audi-fis-damen-nachtslalom-flachau\/#primaryimage","url":"https:\/\/www.salzburgerland.com\/de\/magazin\/wp-content\/uploads\/2013\/01\/OR_3127.jpg","contentUrl":"https:\/\/www.salzburgerland.com\/de\/magazin\/wp-content\/uploads\/2013\/01\/OR_3127.jpg","width":1200,"height":800,"caption":"Die Menge winkt mit Fahnen bei einer Nachtskiveranstaltung in einem verschneiten Stadion mit hellen Lichtern und jubelnden Zuschauern."},{"@type":"BreadcrumbList","@id":"https:\/\/www.salzburgerland.com\/de\/magazin\/audi-fis-damen-nachtslalom-flachau\/#breadcrumb","itemListElement":[{"@type":"ListItem","position":1,"name":"Startseite","item":"https:\/\/www.salzburgerland.com\/de\/magazin\/"},{"@type":"ListItem","position":2,"name":"Lifestyle","item":"https:\/\/www.salzburgerland.com\/de\/magazin\/thema\/lifestyle\/"},{"@type":"ListItem","position":3,"name":"Audi FIS Damen Nachtslalom Flachau"}]},{"@type":"WebSite","@id":"https:\/\/www.salzburgerland.com\/de\/magazin\/#website","url":"https:\/\/www.salzburgerland.com\/de\/magazin\/","name":"SalzburgerLand Magazin","description":"Geschichten und Interessantes aus dem SalzburgerLand","publisher":{"@id":"https:\/\/www.salzburgerland.com\/de\/magazin\/#organization"},"potentialAction":[{"@type":"SearchAction","target":{"@type":"EntryPoint","urlTemplate":"https:\/\/www.salzburgerland.com\/de\/magazin\/?s={search_term_string}"},"query-input":{"@type":"PropertyValueSpecification","valueRequired":true,"valueName":"search_term_string"}}],"inLanguage":"de"},{"@type":"Organization","@id":"https:\/\/www.salzburgerland.com\/de\/magazin\/#organization","name":"SalzburgerLand Tourismus","url":"https:\/\/www.salzburgerland.com\/de\/magazin\/","logo":{"@type":"ImageObject","inLanguage":"de","@id":"https:\/\/www.salzburgerland.com\/de\/magazin\/#\/schema\/logo\/image\/","url":"https:\/\/www.salzburgerland.com\/de\/magazin\/wp-content\/uploads\/2019\/06\/salzburgerland-logo1.jpg","contentUrl":"https:\/\/www.salzburgerland.com\/de\/magazin\/wp-content\/uploads\/2019\/06\/salzburgerland-logo1.jpg","width":2011,"height":866,"caption":"SalzburgerLand Tourismus"},"image":{"@id":"https:\/\/www.salzburgerland.com\/de\/magazin\/#\/schema\/logo\/image\/"},"sameAs":["https:\/\/www.facebook.com\/salzburgerland\/","https:\/\/x.com\/Salzburgerland","https:\/\/www.instagram.com\/salzburgerland\/","https:\/\/at.linkedin.com\/company\/salzburgerland-tourismus-gmbh","https:\/\/www.pinterest.at\/salzburgerland\/","https:\/\/www.youtube.com\/user\/salzburgerland","https:\/\/de.wikipedia.org\/wiki\/SalzburgerLand_Tourismus_GmbH"]},{"@type":"Person","@id":"https:\/\/www.salzburgerland.com\/de\/magazin\/#\/schema\/person\/a55a4fee1009b9e458d298480a18a9f7","name":"Ulli Hammerl","description":"Geboren und aufgewachsen in der Stadt Salzburg war Ulli Hammerl fr\u00fch bewusst, in einer der sch\u00f6nsten St\u00e4dte der Welt zu leben. So ist sie auch w\u00e4hrend ihres Studiums der Kommunikationswissenschaft und \u00d6kologie ihrer Heimatstadt treu geblieben. Gleich nach dem Studium ist sie zu SalzburgerLand Tourismus (SLTG) gegangen und hat hier von 1998 - 2004 u.a. die SalzburgerLand Card betreut. Dabei ist sie viel herumgekommen, wodurch auch die Liebe zum SalzburgerLand enstanden und gewachsen ist. Nach der Geburt ihrer Tochter im September 2004 hat sich Ulli Hammerl 2007 mit einer Agentur selbst\u00e4ndig gemacht. Mein pers\u00f6nlicher Logenplatz: Hoch \u00fcber Salzburg, abseits der stark begangenen Wege mit Blick auf die D\u00e4cher und Kircht\u00fcrme der Stadt \u2013 hier geht mir das Herz auf! Morgen- oder Abendmensch: Ganz klar: Morgenmensch. Wenn um 5.00 Uhr fr\u00fch die V\u00f6gel zwitschern und rund herum noch alles in tiefer Ruhe versinkt, dann ist meine Zeit. Ausgeschlafen, Energie geladen und voller Tatendrang starte ich am liebsten in den fr\u00fchen Morgenstunden in den Tag. Daf\u00fcr kann man nach 21.00 Uhr nicht mehr mit mir rechnen. Buch oder Film: Es gibt nichts Sch\u00f6neres, als es sich am Ende des Tages auf der Couch gem\u00fctlich zu machen und in die Gedankenwelt eines guten Buches einzutauchen \u2013 Lesen ist Abenteuer im Kopf. Wandern, Spazierengehen oder Laufen: alles drei und zwar am besten jeden Tag. Mit ein bisschen Zeiteinteilung geht es sich tats\u00e4chlich fast gehen Tag aus, drau\u00dfen unterwegs zu sein. Fr\u00fchling, Sommer, Herbst oder Winter: Ich kann es im Fr\u00fchling kaum erwarten, die ersten Gr\u00fcnschattierungen in der Natur zu entdecken. Ich liebe hei\u00dfe Sommertage am See und laue Sommerabende am Balkon. Ich mag es, wenn im Herbst die W\u00e4lder in einem Meer aus Farben erstrahlen, Laubrascheln und Kastanien sammeln. Und ich freue mich wie ein Kind, wenn im Dezember die ersten Schneeflocken vom Himmel schweben. Die vier Jahreszeiten sind etwas Wunderbares.","url":"https:\/\/www.salzburgerland.com\/de\/magazin\/author\/ulli-hammerl\/"}]}},"_wl_alt_label":[],"wl:entity_url":"http:\/\/open.salzburgerland.com\/magazin\/post\/audi_fis_damen_nachtslalom_flachau","_links":{"self":[{"href":"https:\/\/www.salzburgerland.com\/de\/magazin\/wp-json\/wp\/v2\/posts\/30038","targetHints":{"allow":["GET"]}}],"collection":[{"href":"https:\/\/www.salzburgerland.com\/de\/magazin\/wp-json\/wp\/v2\/posts"}],"about":[{"href":"https:\/\/www.salzburgerland.com\/de\/magazin\/wp-json\/wp\/v2\/types\/post"}],"author":[{"embeddable":true,"href":"https:\/\/www.salzburgerland.com\/de\/magazin\/wp-json\/wp\/v2\/users\/90"}],"replies":[{"embeddable":true,"href":"https:\/\/www.salzburgerland.com\/de\/magazin\/wp-json\/wp\/v2\/comments?post=30038"}],"version-history":[{"count":0,"href":"https:\/\/www.salzburgerland.com\/de\/magazin\/wp-json\/wp\/v2\/posts\/30038\/revisions"}],"wp:featuredmedia":[{"embeddable":true,"href":"https:\/\/www.salzburgerland.com\/de\/magazin\/wp-json\/wp\/v2\/media\/120475"}],"wp:attachment":[{"href":"https:\/\/www.salzburgerland.com\/de\/magazin\/wp-json\/wp\/v2\/media?parent=30038"}],"wp:term":[{"taxonomy":"category","embeddable":true,"href":"https:\/\/www.salzburgerland.com\/de\/magazin\/wp-json\/wp\/v2\/categories?post=30038"},{"taxonomy":"post_tag","embeddable":true,"href":"https:\/\/www.salzburgerland.com\/de\/magazin\/wp-json\/wp\/v2\/tags?post=30038"},{"taxonomy":"wl_entity_type","embeddable":true,"href":"https:\/\/www.salzburgerland.com\/de\/magazin\/wp-json\/wp\/v2\/wl_entity_type?post=30038"},{"taxonomy":"monatsauswahl","embeddable":true,"href":"https:\/\/www.salzburgerland.com\/de\/magazin\/wp-json\/wp\/v2\/monatsauswahl?post=30038"}],"curies":[{"name":"wp","href":"https:\/\/api.w.org\/{rel}","templated":true}]}}