{"id":28907,"date":"2013-12-03T08:00:56","date_gmt":"2013-12-03T07:00:56","guid":{"rendered":"http:\/\/magazin.salzburgerland.com\/?p=28907"},"modified":"2023-01-16T14:53:32","modified_gmt":"2023-01-16T13:53:32","slug":"hier-hat-die-tradition-den-vortritt-krampus-anifer-krampusse","status":"publish","type":"post","link":"https:\/\/www.salzburgerland.com\/de\/magazin\/hier-hat-die-tradition-den-vortritt-krampus-anifer-krampusse\/","title":{"rendered":"Krampustag in Anif und Gr\u00f6dig"},"content":{"rendered":"\n<h2 class=\"wp-block-slt-subtitle\">Hier hat die Tradition den Vortritt<\/h2>\n\n\n\n<p class=\"wp-block-slt-intro\">Wenn die <a href=\"http:\/\/krampusse.at\/\" target=\"_blank\" rel=\"noreferrer noopener\">Anifer Krampusse<\/a> jedes Jahr gemeinsam mit der <a href=\"http:\/\/www.rackl-pass.at\/\" target=\"_blank\" rel=\"noreferrer noopener\">Rackl-Pass <\/a>aus Gr\u00f6dig am Krampustag, dem 5. Dezember am Gemeindeplatz ihr Unwesen treiben, dann wird vor allem der Tradition und dem Brauchtum der Vortritt gelassen.<\/p>\n\n\n\n<p>Der Einzug ist magisch und spannungsgeladen: angef\u00fchrt vom Regenten Luzifer laufen rund 40 Krampusse mit Feuer, Rauch und Schwefel ein. Der Wegmacher &#8222;Wass&#8220; erz\u00e4hlt die Geschichte dieser zotteligen Wesen aus der Unterwelt.&nbsp; Als Begleiter des Nikolaus wagen sie sich nicht von seiner Seite, bis er ihnen erlaubt die Schlimmen zu bestrafen.&nbsp; \u00dcber 2.500&nbsp; Zuschauer, darunter haupts\u00e4chlich Familien mit Kindern, lauschen gespannt dem B\u00fchnenspiel mit Nikolaus und Teufel.<\/p>\n\n\n\n<h3 class=\"wp-block-heading\" id=\"h-das-spiel-von-gut-und-bose\">Das Spiel von Gut und B\u00f6se<\/h3>\n\n\n\n<p>In dieser Zeit, w\u00e4hrend die b\u00f6sen M\u00e4chte den guten weichen, d\u00fcrfen auch die Krampusse ihr Spiel treiben. Mit lauten Schellen, furchteinfl\u00f6\u00dfenden Masken und lautem Br\u00fcllen laufen sie durch die Menge und erschrecken die weniger Braven unter den Zuschauern.<\/p>\n\n\n\n<p>Doch, letztendlich \u00fcbernimmt der Nikolaus die Regentschaft und zwingt gemeinsam mit den Kindern die H\u00f6llenf\u00fcrsten und ihren Anf\u00fchrer Luzifer in die Flucht. Das Gute hat \u00fcber das B\u00f6se gesiegt. F\u00fcr die vorweihnachtliche Stimmung sorgen die Anifer Weisenbl\u00e4ser, Gl\u00fchwein, Maroni und Lebkuchen. Zum Schluss werden zahlreiche Nikolaus-Sackerl an die Kinder verschenkt.<\/p>\n\n\n\n<h3 class=\"wp-block-heading\" id=\"h-kultur-und-tradition\">Kultur und Tradition<\/h3>\n\n\n\n<p>\u201eDer Lauf der Anifer Krampusse ist uns ein gro\u00dfes Anliegen, da wir hier im Besonderen der Tradition den Vorzug lassen. Der erste Krampuslauf in Anif \u2013 unterst\u00fctzt von der Salzburger Heimatpflege \u2013 fand bereits 1978 statt. Schon damals war besonderes Augenmerk auf die von Hand geschnitzten Holzmasken mit H\u00f6rnern sowie echtes Fell von nicht jagdbaren Tieren gelegt worden. Auf diese Feinheiten sind wir besonders stolz und leben diese Tradition auch heute noch sehr strikt&#8220;, schildert Obmann Mag. Markus Friesacher den strengen Qualit\u00e4tsanspruch der Anifer.<\/p>\n\n\n\n<p>Die Anifer Krampusse schl\u00fcpften seit ihrer Gr\u00fcndung immer wieder in Vorreiterrollen. Die Mitglieder m\u00fcssen strenge Verhaltensregeln befolgen, Disziplin ist oberstes Gebot. Alkohol und das Schlagen von Zusehern sind tabu. Erstmals wurde von den Anifern im Dezember 2012 ein <a href=\"http:\/\/www.salzburg.com\/nachrichten\/spezial\/weihnachten\/events-zur-weihnachtszeit\/sn\/artikel\/erstes-krampus-angst-seminar-in-salzburg-38599\/\" target=\"_blank\" rel=\"noopener noreferrer\">Krampus-Angstbew\u00e4ltigungs-Workshop<\/a> angeboten.<\/p>\n\n\n\n<p><em>Fotos @ <a href=\"http:\/\/www.bryanreinhart.info\/\" target=\"_blank\" rel=\"noopener noreferrer\">Bryan Reinhart<\/a><\/em><\/p>\n\n\n<div class=\"mag-gallery\"><div class=\"row\"><div class=\"col-6 col-sm-4\"><figure><a class=\"thumb-container\" href=\"https:\/\/www.salzburgerland.com\/de\/magazin\/wp-content\/uploads\/2012\/12\/Anifer-Krampusse-02-1280x1024.jpg\">\t<picture><source media=\"(min-width: 576px)\" srcset=\"https:\/\/www.salzburgerland.com\/de\/magazin\/wp-content\/uploads\/2012\/12\/Anifer-Krampusse-02-325x209.jpg 325w, https:\/\/www.salzburgerland.com\/de\/magazin\/wp-content\/uploads\/2012\/12\/Anifer-Krampusse-02-249x160.jpg 249w\"><\/source><source media=\"(min-width: 0)\" srcset=\"https:\/\/www.salzburgerland.com\/de\/magazin\/wp-content\/uploads\/2012\/12\/Anifer-Krampusse-02-249x160.jpg 249w, https:\/\/www.salzburgerland.com\/de\/magazin\/wp-content\/uploads\/2012\/12\/Anifer-Krampusse-02-325x209.jpg 325w\"><\/source><img decoding=\"async\" alt=\"Eine Gruppe von Menschen in Pelzkost&uuml;men und D&auml;monenmasken posiert gemeinsam bei einer festlichen Veranstaltung unter warmen Lichtern.\" src=\"https:\/\/www.salzburgerland.com\/de\/magazin\/wp-content\/uploads\/2012\/12\/Anifer-Krampusse-02.jpg\">\t<\/picture><\/a><\/figure><\/div><div class=\"col-6 col-sm-4\"><figure><a class=\"thumb-container\" href=\"https:\/\/www.salzburgerland.com\/de\/magazin\/wp-content\/uploads\/2012\/12\/Anifer-Krampusse-03-1280x1024.jpg\">\t<picture><source media=\"(min-width: 576px)\" srcset=\"https:\/\/www.salzburgerland.com\/de\/magazin\/wp-content\/uploads\/2012\/12\/Anifer-Krampusse-03-325x209.jpg 325w, https:\/\/www.salzburgerland.com\/de\/magazin\/wp-content\/uploads\/2012\/12\/Anifer-Krampusse-03-249x160.jpg 249w\"><\/source><source media=\"(min-width: 0)\" srcset=\"https:\/\/www.salzburgerland.com\/de\/magazin\/wp-content\/uploads\/2012\/12\/Anifer-Krampusse-03-249x160.jpg 249w, https:\/\/www.salzburgerland.com\/de\/magazin\/wp-content\/uploads\/2012\/12\/Anifer-Krampusse-03-325x209.jpg 325w\"><\/source><img decoding=\"async\" alt=\"Menschen in traditionellen pelzigen Kost&uuml;men und Masken mit gro&szlig;en Glocken, die nachts dicht beieinander stehen.\" src=\"https:\/\/www.salzburgerland.com\/de\/magazin\/wp-content\/uploads\/2012\/12\/Anifer-Krampusse-03.jpg\">\t<\/picture><\/a><\/figure><\/div><div class=\"col-6 col-sm-4\"><figure><a class=\"thumb-container\" href=\"https:\/\/www.salzburgerland.com\/de\/magazin\/wp-content\/uploads\/2012\/12\/Anifer-Krampusse-04-1280x1024.jpg\">\t<picture><source media=\"(min-width: 576px)\" srcset=\"https:\/\/www.salzburgerland.com\/de\/magazin\/wp-content\/uploads\/2012\/12\/Anifer-Krampusse-04-325x209.jpg 325w, https:\/\/www.salzburgerland.com\/de\/magazin\/wp-content\/uploads\/2012\/12\/Anifer-Krampusse-04-249x160.jpg 249w\"><\/source><source media=\"(min-width: 0)\" srcset=\"https:\/\/www.salzburgerland.com\/de\/magazin\/wp-content\/uploads\/2012\/12\/Anifer-Krampusse-04-249x160.jpg 249w, https:\/\/www.salzburgerland.com\/de\/magazin\/wp-content\/uploads\/2012\/12\/Anifer-Krampusse-04-325x209.jpg 325w\"><\/source><img decoding=\"async\" alt=\"K&uuml;nstler mit zwei brennenden Fackeln auf der B&uuml;hne, umgeben von rotem Rauch und einem n&auml;chtlichen Publikum.\" src=\"https:\/\/www.salzburgerland.com\/de\/magazin\/wp-content\/uploads\/2012\/12\/Anifer-Krampusse-04.jpg\">\t<\/picture><\/a><\/figure><\/div><div class=\"col-6 col-sm-4\"><figure><a class=\"thumb-container\" href=\"https:\/\/www.salzburgerland.com\/de\/magazin\/wp-content\/uploads\/2012\/12\/Anifer-Krampusse-05-1280x1024.jpg\">\t<picture><source media=\"(min-width: 576px)\" srcset=\"https:\/\/www.salzburgerland.com\/de\/magazin\/wp-content\/uploads\/2012\/12\/Anifer-Krampusse-05-325x209.jpg 325w, https:\/\/www.salzburgerland.com\/de\/magazin\/wp-content\/uploads\/2012\/12\/Anifer-Krampusse-05-249x160.jpg 249w\"><\/source><source media=\"(min-width: 0)\" srcset=\"https:\/\/www.salzburgerland.com\/de\/magazin\/wp-content\/uploads\/2012\/12\/Anifer-Krampusse-05-249x160.jpg 249w, https:\/\/www.salzburgerland.com\/de\/magazin\/wp-content\/uploads\/2012\/12\/Anifer-Krampusse-05-325x209.jpg 325w\"><\/source><img decoding=\"async\" alt=\"Menschen in Monsterkost&uuml;men mit H&ouml;rnern und Rei&szlig;z&auml;hnen laufen durch eine n&auml;chtliche Menschenmenge mit roten Lichtern im Hintergrund.\" src=\"https:\/\/www.salzburgerland.com\/de\/magazin\/wp-content\/uploads\/2012\/12\/Anifer-Krampusse-05.jpg\">\t<\/picture><\/a><\/figure><\/div><div class=\"col-6 col-sm-4\"><figure><a class=\"thumb-container\" href=\"https:\/\/www.salzburgerland.com\/de\/magazin\/wp-content\/uploads\/2012\/12\/Anifer-Krampusse-06-1280x1024.jpg\">\t<picture><source media=\"(min-width: 576px)\" srcset=\"https:\/\/www.salzburgerland.com\/de\/magazin\/wp-content\/uploads\/2012\/12\/Anifer-Krampusse-06-325x209.jpg 325w, https:\/\/www.salzburgerland.com\/de\/magazin\/wp-content\/uploads\/2012\/12\/Anifer-Krampusse-06-249x160.jpg 249w\"><\/source><source media=\"(min-width: 0)\" srcset=\"https:\/\/www.salzburgerland.com\/de\/magazin\/wp-content\/uploads\/2012\/12\/Anifer-Krampusse-06-249x160.jpg 249w, https:\/\/www.salzburgerland.com\/de\/magazin\/wp-content\/uploads\/2012\/12\/Anifer-Krampusse-06-325x209.jpg 325w\"><\/source><img decoding=\"async\" alt=\"Menschen in haarigen Kost&uuml;men und gruseligen Masken, einer mit einem roten Stock in der Hand, feiern nachts an einem Feuer.\" src=\"https:\/\/www.salzburgerland.com\/de\/magazin\/wp-content\/uploads\/2012\/12\/Anifer-Krampusse-06.jpg\">\t<\/picture><\/a><\/figure><\/div><div class=\"col-6 col-sm-4\"><figure><a class=\"thumb-container\" href=\"https:\/\/www.salzburgerland.com\/de\/magazin\/wp-content\/uploads\/2012\/12\/Anifer-Krampusse-07-1280x1024.jpg\">\t<picture><source media=\"(min-width: 576px)\" srcset=\"https:\/\/www.salzburgerland.com\/de\/magazin\/wp-content\/uploads\/2012\/12\/Anifer-Krampusse-07-325x209.jpg 325w, https:\/\/www.salzburgerland.com\/de\/magazin\/wp-content\/uploads\/2012\/12\/Anifer-Krampusse-07-249x160.jpg 249w\"><\/source><source media=\"(min-width: 0)\" srcset=\"https:\/\/www.salzburgerland.com\/de\/magazin\/wp-content\/uploads\/2012\/12\/Anifer-Krampusse-07-249x160.jpg 249w, https:\/\/www.salzburgerland.com\/de\/magazin\/wp-content\/uploads\/2012\/12\/Anifer-Krampusse-07-325x209.jpg 325w\"><\/source><img decoding=\"async\" alt=\"Eine Person in einem geh&ouml;rnten, d&auml;monischen Kost&uuml;m steht nachts vor einer gro&szlig;en Menschenmenge, die von hellen Lichtern angestrahlt wird.\" src=\"https:\/\/www.salzburgerland.com\/de\/magazin\/wp-content\/uploads\/2012\/12\/Anifer-Krampusse-07.jpg\">\t<\/picture><\/a><\/figure><\/div><div class=\"col-6 col-sm-4\"><figure><a class=\"thumb-container\" href=\"https:\/\/www.salzburgerland.com\/de\/magazin\/wp-content\/uploads\/2012\/12\/Anifer-Krampusse-09-1280x1024.jpg\">\t<picture><source media=\"(min-width: 576px)\" srcset=\"https:\/\/www.salzburgerland.com\/de\/magazin\/wp-content\/uploads\/2012\/12\/Anifer-Krampusse-09-325x209.jpg 325w, https:\/\/www.salzburgerland.com\/de\/magazin\/wp-content\/uploads\/2012\/12\/Anifer-Krampusse-09-249x160.jpg 249w\"><\/source><source media=\"(min-width: 0)\" srcset=\"https:\/\/www.salzburgerland.com\/de\/magazin\/wp-content\/uploads\/2012\/12\/Anifer-Krampusse-09-249x160.jpg 249w, https:\/\/www.salzburgerland.com\/de\/magazin\/wp-content\/uploads\/2012\/12\/Anifer-Krampusse-09-325x209.jpg 325w\"><\/source><img decoding=\"async\" alt=\"Eine Person mit einer furchterregenden Hornmaske bei einer Veranstaltung im Freien, bei der viele Menschen zusehen.\" src=\"https:\/\/www.salzburgerland.com\/de\/magazin\/wp-content\/uploads\/2012\/12\/Anifer-Krampusse-09.jpg\">\t<\/picture><\/a><\/figure><\/div><div class=\"col-6 col-sm-4\"><figure><a class=\"thumb-container\" href=\"https:\/\/www.salzburgerland.com\/de\/magazin\/wp-content\/uploads\/2012\/12\/Anifer-Krampusse-10-1280x1024.jpg\">\t<picture><source media=\"(min-width: 576px)\" srcset=\"https:\/\/www.salzburgerland.com\/de\/magazin\/wp-content\/uploads\/2012\/12\/Anifer-Krampusse-10-325x209.jpg 325w, https:\/\/www.salzburgerland.com\/de\/magazin\/wp-content\/uploads\/2012\/12\/Anifer-Krampusse-10-249x160.jpg 249w\"><\/source><source media=\"(min-width: 0)\" srcset=\"https:\/\/www.salzburgerland.com\/de\/magazin\/wp-content\/uploads\/2012\/12\/Anifer-Krampusse-10-249x160.jpg 249w, https:\/\/www.salzburgerland.com\/de\/magazin\/wp-content\/uploads\/2012\/12\/Anifer-Krampusse-10-325x209.jpg 325w\"><\/source><img decoding=\"async\" alt=\"Ein als Nikolaus verkleideter Mann begr&uuml;&szlig;t Kinder in Winterkleidung bei einer n&auml;chtlichen Festveranstaltung im Freien.\" src=\"https:\/\/www.salzburgerland.com\/de\/magazin\/wp-content\/uploads\/2012\/12\/Anifer-Krampusse-10.jpg\">\t<\/picture><\/a><\/figure><\/div><div class=\"col-6 col-sm-4\"><figure><a class=\"thumb-container\" href=\"https:\/\/www.salzburgerland.com\/de\/magazin\/wp-content\/uploads\/2012\/12\/Anifer-Krampusse-11-1280x1024.jpg\">\t<picture><source media=\"(min-width: 576px)\" srcset=\"https:\/\/www.salzburgerland.com\/de\/magazin\/wp-content\/uploads\/2012\/12\/Anifer-Krampusse-11-325x209.jpg 325w, https:\/\/www.salzburgerland.com\/de\/magazin\/wp-content\/uploads\/2012\/12\/Anifer-Krampusse-11-249x160.jpg 249w\"><\/source><source media=\"(min-width: 0)\" srcset=\"https:\/\/www.salzburgerland.com\/de\/magazin\/wp-content\/uploads\/2012\/12\/Anifer-Krampusse-11-249x160.jpg 249w, https:\/\/www.salzburgerland.com\/de\/magazin\/wp-content\/uploads\/2012\/12\/Anifer-Krampusse-11-325x209.jpg 325w\"><\/source><img decoding=\"async\" alt=\"Zwei Frauen posieren mit einer Person in einem Teufelskost&uuml;m, die auf einem Holzstuhl neben einem Weihnachtsbaum sitzt.\" src=\"https:\/\/www.salzburgerland.com\/de\/magazin\/wp-content\/uploads\/2012\/12\/Anifer-Krampusse-11.jpg\">\t<\/picture><\/a><\/figure><\/div><div class=\"col-6 col-sm-4\"><figure><a class=\"thumb-container\" href=\"https:\/\/www.salzburgerland.com\/de\/magazin\/wp-content\/uploads\/2012\/12\/Anifer-Krampusse-16-1280x1024.jpg\">\t<picture><source media=\"(min-width: 576px)\" srcset=\"https:\/\/www.salzburgerland.com\/de\/magazin\/wp-content\/uploads\/2012\/12\/Anifer-Krampusse-16-325x209.jpg 325w, https:\/\/www.salzburgerland.com\/de\/magazin\/wp-content\/uploads\/2012\/12\/Anifer-Krampusse-16-249x160.jpg 249w\"><\/source><source media=\"(min-width: 0)\" srcset=\"https:\/\/www.salzburgerland.com\/de\/magazin\/wp-content\/uploads\/2012\/12\/Anifer-Krampusse-16-249x160.jpg 249w, https:\/\/www.salzburgerland.com\/de\/magazin\/wp-content\/uploads\/2012\/12\/Anifer-Krampusse-16-325x209.jpg 325w\"><\/source><img decoding=\"async\" alt=\"Person mit geh&ouml;rnter, d&auml;monischer Maske inmitten einer verschwommenen, bunten Menschenmenge, die eine lebhafte Festszene andeutet.\" src=\"https:\/\/www.salzburgerland.com\/de\/magazin\/wp-content\/uploads\/2012\/12\/Anifer-Krampusse-16.jpg\">\t<\/picture><\/a><\/figure><\/div><div class=\"col-6 col-sm-4\"><figure><a class=\"thumb-container\" href=\"https:\/\/www.salzburgerland.com\/de\/magazin\/wp-content\/uploads\/2012\/12\/Anifer-Krampusse-17-1280x1024.jpg\">\t<picture><source media=\"(min-width: 576px)\" srcset=\"https:\/\/www.salzburgerland.com\/de\/magazin\/wp-content\/uploads\/2012\/12\/Anifer-Krampusse-17-325x209.jpg 325w, https:\/\/www.salzburgerland.com\/de\/magazin\/wp-content\/uploads\/2012\/12\/Anifer-Krampusse-17-249x160.jpg 249w\"><\/source><source media=\"(min-width: 0)\" srcset=\"https:\/\/www.salzburgerland.com\/de\/magazin\/wp-content\/uploads\/2012\/12\/Anifer-Krampusse-17-249x160.jpg 249w, https:\/\/www.salzburgerland.com\/de\/magazin\/wp-content\/uploads\/2012\/12\/Anifer-Krampusse-17-325x209.jpg 325w\"><\/source><img decoding=\"async\" alt=\"Eine Person in einem geh&ouml;rnten, gruseligen Monsterkost&uuml;m spaziert nachts auf einem Festival durch eine Menschenmenge.\" src=\"https:\/\/www.salzburgerland.com\/de\/magazin\/wp-content\/uploads\/2012\/12\/Anifer-Krampusse-17.jpg\">\t<\/picture><\/a><\/figure><\/div><div class=\"col-6 col-sm-4\"><figure><a class=\"thumb-container\" href=\"https:\/\/www.salzburgerland.com\/de\/magazin\/wp-content\/uploads\/2012\/12\/Anifer-Krampusse-19-1280x1024.jpg\">\t<picture><source media=\"(min-width: 576px)\" srcset=\"https:\/\/www.salzburgerland.com\/de\/magazin\/wp-content\/uploads\/2012\/12\/Anifer-Krampusse-19-325x209.jpg 325w, https:\/\/www.salzburgerland.com\/de\/magazin\/wp-content\/uploads\/2012\/12\/Anifer-Krampusse-19-249x160.jpg 249w\"><\/source><source media=\"(min-width: 0)\" srcset=\"https:\/\/www.salzburgerland.com\/de\/magazin\/wp-content\/uploads\/2012\/12\/Anifer-Krampusse-19-249x160.jpg 249w, https:\/\/www.salzburgerland.com\/de\/magazin\/wp-content\/uploads\/2012\/12\/Anifer-Krampusse-19-325x209.jpg 325w\"><\/source><img decoding=\"async\" alt=\"Eine Person in einem roten H&ouml;rnerkost&uuml;m steht einer Gruppe von Menschen bei Nacht gegen&uuml;ber, mit Bewegungsunsch&auml;rfe im Hintergrund.\" src=\"https:\/\/www.salzburgerland.com\/de\/magazin\/wp-content\/uploads\/2012\/12\/Anifer-Krampusse-19.jpg\">\t<\/picture><\/a><\/figure><\/div><div class=\"col-6 col-sm-4\"><figure><a class=\"thumb-container\" href=\"https:\/\/www.salzburgerland.com\/de\/magazin\/wp-content\/uploads\/2012\/12\/Anifer-Krampusse-18-1280x1024.jpg\">\t<picture><source media=\"(min-width: 576px)\" srcset=\"https:\/\/www.salzburgerland.com\/de\/magazin\/wp-content\/uploads\/2012\/12\/Anifer-Krampusse-18-325x209.jpg 325w, https:\/\/www.salzburgerland.com\/de\/magazin\/wp-content\/uploads\/2012\/12\/Anifer-Krampusse-18-249x160.jpg 249w\"><\/source><source media=\"(min-width: 0)\" srcset=\"https:\/\/www.salzburgerland.com\/de\/magazin\/wp-content\/uploads\/2012\/12\/Anifer-Krampusse-18-249x160.jpg 249w, https:\/\/www.salzburgerland.com\/de\/magazin\/wp-content\/uploads\/2012\/12\/Anifer-Krampusse-18-325x209.jpg 325w\"><\/source><img decoding=\"async\" alt=\"Eine Frau l&auml;chelt neben einer Person in einem geh&ouml;rnten Monsterkost&uuml;m bei einem lebhaften Nachtfest im Freien.\" src=\"https:\/\/www.salzburgerland.com\/de\/magazin\/wp-content\/uploads\/2012\/12\/Anifer-Krampusse-18.jpg\">\t<\/picture><\/a><\/figure><\/div><div class=\"col-6 col-sm-4\"><figure><a class=\"thumb-container\" href=\"https:\/\/www.salzburgerland.com\/de\/magazin\/wp-content\/uploads\/2012\/12\/Anifer-Krampusse-20-1280x1024.jpg\">\t<picture><source media=\"(min-width: 576px)\" srcset=\"https:\/\/www.salzburgerland.com\/de\/magazin\/wp-content\/uploads\/2012\/12\/Anifer-Krampusse-20-325x209.jpg 325w, https:\/\/www.salzburgerland.com\/de\/magazin\/wp-content\/uploads\/2012\/12\/Anifer-Krampusse-20-249x160.jpg 249w\"><\/source><source media=\"(min-width: 0)\" srcset=\"https:\/\/www.salzburgerland.com\/de\/magazin\/wp-content\/uploads\/2012\/12\/Anifer-Krampusse-20-249x160.jpg 249w, https:\/\/www.salzburgerland.com\/de\/magazin\/wp-content\/uploads\/2012\/12\/Anifer-Krampusse-20-325x209.jpg 325w\"><\/source><img decoding=\"async\" alt=\"Eine geh&ouml;rnte, pelzige Gestalt in einem Kost&uuml;m n&auml;hert sich einer Menge aufgeschreckter Menschen in roter Beleuchtung bei Nacht.\" src=\"https:\/\/www.salzburgerland.com\/de\/magazin\/wp-content\/uploads\/2012\/12\/Anifer-Krampusse-20.jpg\">\t<\/picture><\/a><\/figure><\/div><div class=\"col-6 col-sm-4\"><figure><a class=\"thumb-container\" href=\"https:\/\/www.salzburgerland.com\/de\/magazin\/wp-content\/uploads\/2012\/12\/Anifer-Krampusse-21-1280x1024.jpg\">\t<picture><source media=\"(min-width: 576px)\" srcset=\"https:\/\/www.salzburgerland.com\/de\/magazin\/wp-content\/uploads\/2012\/12\/Anifer-Krampusse-21-325x209.jpg 325w, https:\/\/www.salzburgerland.com\/de\/magazin\/wp-content\/uploads\/2012\/12\/Anifer-Krampusse-21-249x160.jpg 249w\"><\/source><source media=\"(min-width: 0)\" srcset=\"https:\/\/www.salzburgerland.com\/de\/magazin\/wp-content\/uploads\/2012\/12\/Anifer-Krampusse-21-249x160.jpg 249w, https:\/\/www.salzburgerland.com\/de\/magazin\/wp-content\/uploads\/2012\/12\/Anifer-Krampusse-21-325x209.jpg 325w\"><\/source><img decoding=\"async\" alt=\"Bei einem n&auml;chtlichen Freiluftfestival mit roten Lichtern und Feuer beobachten die Menschen kost&uuml;mierte Figuren mit Hornmasken und Pelz.\" src=\"https:\/\/www.salzburgerland.com\/de\/magazin\/wp-content\/uploads\/2012\/12\/Anifer-Krampusse-21.jpg\">\t<\/picture><\/a><\/figure><\/div><div class=\"col-6 col-sm-4\"><figure><a class=\"thumb-container\" href=\"https:\/\/www.salzburgerland.com\/de\/magazin\/wp-content\/uploads\/2012\/12\/Anifer-Krampusse-22-1280x1024.jpg\">\t<picture><source media=\"(min-width: 576px)\" srcset=\"https:\/\/www.salzburgerland.com\/de\/magazin\/wp-content\/uploads\/2012\/12\/Anifer-Krampusse-22-325x209.jpg 325w, https:\/\/www.salzburgerland.com\/de\/magazin\/wp-content\/uploads\/2012\/12\/Anifer-Krampusse-22-249x160.jpg 249w\"><\/source><source media=\"(min-width: 0)\" srcset=\"https:\/\/www.salzburgerland.com\/de\/magazin\/wp-content\/uploads\/2012\/12\/Anifer-Krampusse-22-249x160.jpg 249w, https:\/\/www.salzburgerland.com\/de\/magazin\/wp-content\/uploads\/2012\/12\/Anifer-Krampusse-22-325x209.jpg 325w\"><\/source><img decoding=\"async\" alt=\"Eine Person in einem pelzigen Krampuskost&uuml;m geht w&auml;hrend eines Festes nachts durch eine von roten Fackeln beleuchtete Menschenmenge.\" src=\"https:\/\/www.salzburgerland.com\/de\/magazin\/wp-content\/uploads\/2012\/12\/Anifer-Krampusse-22.jpg\">\t<\/picture><\/a><\/figure><\/div><div class=\"col-6 col-sm-4\"><figure><a class=\"thumb-container\" href=\"https:\/\/www.salzburgerland.com\/de\/magazin\/wp-content\/uploads\/2012\/12\/Anifer-Krampusse-23-1280x1024.jpg\">\t<picture><source media=\"(min-width: 576px)\" srcset=\"https:\/\/www.salzburgerland.com\/de\/magazin\/wp-content\/uploads\/2012\/12\/Anifer-Krampusse-23-325x209.jpg 325w, https:\/\/www.salzburgerland.com\/de\/magazin\/wp-content\/uploads\/2012\/12\/Anifer-Krampusse-23-249x160.jpg 249w\"><\/source><source media=\"(min-width: 0)\" srcset=\"https:\/\/www.salzburgerland.com\/de\/magazin\/wp-content\/uploads\/2012\/12\/Anifer-Krampusse-23-249x160.jpg 249w, https:\/\/www.salzburgerland.com\/de\/magazin\/wp-content\/uploads\/2012\/12\/Anifer-Krampusse-23-325x209.jpg 325w\"><\/source><img decoding=\"async\" alt=\"Eine Person in einem geh&ouml;rnten, d&auml;monischen Kost&uuml;m steht nachts w&auml;hrend eines Festes oder einer Parade in der Menge.\" src=\"https:\/\/www.salzburgerland.com\/de\/magazin\/wp-content\/uploads\/2012\/12\/Anifer-Krampusse-23.jpg\">\t<\/picture><\/a><\/figure><\/div><div class=\"col-6 col-sm-4\"><figure><a class=\"thumb-container\" href=\"https:\/\/www.salzburgerland.com\/de\/magazin\/wp-content\/uploads\/2012\/12\/Anifer-Krampusse-12-1280x1024.jpg\">\t<picture><source media=\"(min-width: 576px)\" srcset=\"https:\/\/www.salzburgerland.com\/de\/magazin\/wp-content\/uploads\/2012\/12\/Anifer-Krampusse-12-325x209.jpg 325w, https:\/\/www.salzburgerland.com\/de\/magazin\/wp-content\/uploads\/2012\/12\/Anifer-Krampusse-12-249x160.jpg 249w\"><\/source><source media=\"(min-width: 0)\" srcset=\"https:\/\/www.salzburgerland.com\/de\/magazin\/wp-content\/uploads\/2012\/12\/Anifer-Krampusse-12-249x160.jpg 249w, https:\/\/www.salzburgerland.com\/de\/magazin\/wp-content\/uploads\/2012\/12\/Anifer-Krampusse-12-325x209.jpg 325w\"><\/source><img decoding=\"async\" alt=\"Eine als Nikolaus verkleidete Person &uuml;berreicht einem Kind bei einer n&auml;chtlichen Veranstaltung im Freien ein Geschenk.\" src=\"https:\/\/www.salzburgerland.com\/de\/magazin\/wp-content\/uploads\/2012\/12\/Anifer-Krampusse-12.jpg\">\t<\/picture><\/a><\/figure><\/div><div class=\"col-6 col-sm-4\"><figure><a class=\"thumb-container\" href=\"https:\/\/www.salzburgerland.com\/de\/magazin\/wp-content\/uploads\/2012\/12\/Anifer-Krampusse-15-1280x1024.jpg\">\t<picture><source media=\"(min-width: 576px)\" srcset=\"https:\/\/www.salzburgerland.com\/de\/magazin\/wp-content\/uploads\/2012\/12\/Anifer-Krampusse-15-325x209.jpg 325w, https:\/\/www.salzburgerland.com\/de\/magazin\/wp-content\/uploads\/2012\/12\/Anifer-Krampusse-15-249x160.jpg 249w\"><\/source><source media=\"(min-width: 0)\" srcset=\"https:\/\/www.salzburgerland.com\/de\/magazin\/wp-content\/uploads\/2012\/12\/Anifer-Krampusse-15-249x160.jpg 249w, https:\/\/www.salzburgerland.com\/de\/magazin\/wp-content\/uploads\/2012\/12\/Anifer-Krampusse-15-325x209.jpg 325w\"><\/source><img decoding=\"async\" alt=\"Eine Menschenmenge umringt eine Person in einem geh&ouml;rnten Krampuskost&uuml;m bei einer n&auml;chtlichen Festveranstaltung im Freien.\" src=\"https:\/\/www.salzburgerland.com\/de\/magazin\/wp-content\/uploads\/2012\/12\/Anifer-Krampusse-15.jpg\">\t<\/picture><\/a><\/figure><\/div><div class=\"col-6 col-sm-4\"><figure><a class=\"thumb-container\" href=\"https:\/\/www.salzburgerland.com\/de\/magazin\/wp-content\/uploads\/2012\/12\/Anifer-Krampusse-14-1280x1024.jpg\">\t<picture><source media=\"(min-width: 576px)\" srcset=\"https:\/\/www.salzburgerland.com\/de\/magazin\/wp-content\/uploads\/2012\/12\/Anifer-Krampusse-14-325x209.jpg 325w, https:\/\/www.salzburgerland.com\/de\/magazin\/wp-content\/uploads\/2012\/12\/Anifer-Krampusse-14-249x160.jpg 249w\"><\/source><source media=\"(min-width: 0)\" srcset=\"https:\/\/www.salzburgerland.com\/de\/magazin\/wp-content\/uploads\/2012\/12\/Anifer-Krampusse-14-249x160.jpg 249w, https:\/\/www.salzburgerland.com\/de\/magazin\/wp-content\/uploads\/2012\/12\/Anifer-Krampusse-14-325x209.jpg 325w\"><\/source><img decoding=\"async\" alt=\"Eine Menschenmenge versammelt sich nachts zu einer festlichen Veranstaltung im Freien mit kost&uuml;mierten Menschen und dekorativen Lichtern.\" src=\"https:\/\/www.salzburgerland.com\/de\/magazin\/wp-content\/uploads\/2012\/12\/Anifer-Krampusse-14.jpg\">\t<\/picture><\/a><\/figure><\/div><div class=\"col-6 col-sm-4\"><figure><a class=\"thumb-container\" href=\"https:\/\/www.salzburgerland.com\/de\/magazin\/wp-content\/uploads\/2012\/12\/Anifer-Krampusse-13-1280x1024.jpg\">\t<picture><source media=\"(min-width: 576px)\" srcset=\"https:\/\/www.salzburgerland.com\/de\/magazin\/wp-content\/uploads\/2012\/12\/Anifer-Krampusse-13-325x209.jpg 325w, https:\/\/www.salzburgerland.com\/de\/magazin\/wp-content\/uploads\/2012\/12\/Anifer-Krampusse-13-249x160.jpg 249w\"><\/source><source media=\"(min-width: 0)\" srcset=\"https:\/\/www.salzburgerland.com\/de\/magazin\/wp-content\/uploads\/2012\/12\/Anifer-Krampusse-13-249x160.jpg 249w, https:\/\/www.salzburgerland.com\/de\/magazin\/wp-content\/uploads\/2012\/12\/Anifer-Krampusse-13-325x209.jpg 325w\"><\/source><img decoding=\"async\" alt=\"Kinder posieren mit einem als Nikolaus verkleideten Mann und einem anderen in einem Krampuskost&uuml;m w&auml;hrend einer festlichen Veranstaltung im Freien.\" src=\"https:\/\/www.salzburgerland.com\/de\/magazin\/wp-content\/uploads\/2012\/12\/Anifer-Krampusse-13.jpg\">\t<\/picture><\/a><\/figure><\/div><\/div><figcaption><\/figcaption><\/div>\n","protected":false},"excerpt":{"rendered":"<p>Der Einzug ist magisch und spannungsgeladen: angef\u00fchrt vom Regenten Luzifer laufen rund 40 Krampusse mit Feuer, Rauch und Schwefel ein. Der Wegmacher &#8222;Wass&#8220; erz\u00e4hlt die Geschichte dieser zotteligen Wesen aus der Unterwelt.&nbsp; Als Begleiter des Nikolaus wagen sie sich nicht von seiner Seite, bis er ihnen erlaubt die Schlimmen zu bestrafen.&nbsp; \u00dcber 2.500&nbsp; Zuschauer, darunter [&hellip;]<\/p>\n","protected":false},"author":203,"featured_media":28908,"comment_status":"open","ping_status":"open","sticky":false,"template":"","format":"standard","meta":{"_acf_changed":false,"wl_entities_gutenberg":"","_wl_entity_redirect_enabled":"","footnotes":""},"categories":[6],"tags":[],"wl_entity_type":[306],"monatsauswahl":[93],"class_list":["post-28907","post","type-post","status-publish","format-standard","has-post-thumbnail","hentry","category-kunst-kultur","wl_entity_type-article","monatsauswahl-monat_12"],"acf":[],"yoast_head":"<!-- This site is optimized with the Yoast SEO Premium plugin v27.4 (Yoast SEO v27.4) - https:\/\/yoast.com\/product\/yoast-seo-premium-wordpress\/ -->\n<title>Krampustag in Anif und Gr\u00f6dig - SalzburgerLand Magazin<\/title>\n<meta name=\"description\" content=\"Wenn die Anifer Krampusse jedes Jahr gemeinsam mit der Rackl-Pass aus Gr\u00f6dig am Krampustag, dem 5. Dezember am Gemeindeplatz ihr Unwesen treiben, dann wird vor allem der Tradition und dem Brauchtum der Vortritt gelassen.\" \/>\n<meta name=\"robots\" content=\"index, follow, max-snippet:-1, max-image-preview:large, max-video-preview:-1\" \/>\n<link rel=\"canonical\" href=\"https:\/\/www.salzburgerland.com\/de\/magazin\/hier-hat-die-tradition-den-vortritt-krampus-anifer-krampusse\/\" \/>\n<meta property=\"og:locale\" content=\"de_DE\" \/>\n<meta property=\"og:type\" content=\"article\" \/>\n<meta property=\"og:title\" content=\"Krampustag in Anif und Gr\u00f6dig\" \/>\n<meta property=\"og:description\" content=\"Der Einzug ist magisch und spannungsgeladen: angef\u00fchrt vom Regenten Luzifer laufen rund 40 Krampusse mit Feuer, Rauch und Schwefel ein. Der Wegmacher &#8222;Wass&#8220; erz\u00e4hlt die Geschichte dieser zotteligen Wesen aus der Unterwelt.&nbsp; Als Begleiter des Nikolaus wagen sie sich nicht von seiner Seite, bis er ihnen erlaubt die Schlimmen zu bestrafen.&nbsp; \u00dcber 2.500&nbsp; Zuschauer, darunter [&hellip;]\" \/>\n<meta property=\"og:url\" content=\"https:\/\/www.salzburgerland.com\/de\/magazin\/hier-hat-die-tradition-den-vortritt-krampus-anifer-krampusse\/\" \/>\n<meta property=\"og:site_name\" content=\"SalzburgerLand Magazin\" \/>\n<meta property=\"article:publisher\" content=\"https:\/\/www.facebook.com\/salzburgerland\/\" \/>\n<meta property=\"article:published_time\" content=\"2013-12-03T07:00:56+00:00\" \/>\n<meta property=\"article:modified_time\" content=\"2023-01-16T13:53:32+00:00\" \/>\n<meta property=\"og:image\" content=\"https:\/\/www.salzburgerland.com\/de\/magazin\/wp-content\/uploads\/2012\/12\/Anifer-Krampusse-01.jpg\" \/>\n\t<meta property=\"og:image:width\" content=\"960\" \/>\n\t<meta property=\"og:image:height\" content=\"639\" \/>\n\t<meta property=\"og:image:type\" content=\"image\/jpeg\" \/>\n<meta name=\"author\" content=\"Daniela J\u00e4ger\" \/>\n<meta name=\"twitter:card\" content=\"summary_large_image\" \/>\n<meta name=\"twitter:creator\" content=\"@Salzburgerland\" \/>\n<meta name=\"twitter:site\" content=\"@Salzburgerland\" \/>\n<meta name=\"twitter:label1\" content=\"Verfasst von\" \/>\n\t<meta name=\"twitter:data1\" content=\"Daniela J\u00e4ger\" \/>\n\t<meta name=\"twitter:label2\" content=\"Gesch\u00e4tzte Lesezeit\" \/>\n\t<meta name=\"twitter:data2\" content=\"7\u00a0Minuten\" \/>\n<script type=\"application\/ld+json\" class=\"yoast-schema-graph\">{\"@context\":\"https:\\\/\\\/schema.org\",\"@graph\":[{\"@type\":\"Article\",\"@id\":\"https:\\\/\\\/www.salzburgerland.com\\\/de\\\/magazin\\\/hier-hat-die-tradition-den-vortritt-krampus-anifer-krampusse\\\/#article\",\"isPartOf\":{\"@id\":\"https:\\\/\\\/www.salzburgerland.com\\\/de\\\/magazin\\\/hier-hat-die-tradition-den-vortritt-krampus-anifer-krampusse\\\/\"},\"author\":{\"name\":\"Daniela J\u00e4ger\",\"@id\":\"https:\\\/\\\/www.salzburgerland.com\\\/de\\\/magazin\\\/#\\\/schema\\\/person\\\/28862a64cb7c0c45ad332ce97856db0d\"},\"headline\":\"Krampustag in Anif und Gr\u00f6dig\",\"datePublished\":\"2013-12-03T07:00:56+00:00\",\"dateModified\":\"2023-01-16T13:53:32+00:00\",\"mainEntityOfPage\":{\"@id\":\"https:\\\/\\\/www.salzburgerland.com\\\/de\\\/magazin\\\/hier-hat-die-tradition-den-vortritt-krampus-anifer-krampusse\\\/\"},\"wordCount\":360,\"commentCount\":0,\"publisher\":{\"@id\":\"https:\\\/\\\/www.salzburgerland.com\\\/de\\\/magazin\\\/#organization\"},\"image\":{\"@id\":\"https:\\\/\\\/www.salzburgerland.com\\\/de\\\/magazin\\\/hier-hat-die-tradition-den-vortritt-krampus-anifer-krampusse\\\/#primaryimage\"},\"thumbnailUrl\":\"https:\\\/\\\/www.salzburgerland.com\\\/de\\\/magazin\\\/wp-content\\\/uploads\\\/2012\\\/12\\\/Anifer-Krampusse-01.jpg\",\"articleSection\":[\"Kunst &amp; Kultur\"],\"inLanguage\":\"de\",\"potentialAction\":[{\"@type\":\"CommentAction\",\"name\":\"Comment\",\"target\":[\"https:\\\/\\\/www.salzburgerland.com\\\/de\\\/magazin\\\/hier-hat-die-tradition-den-vortritt-krampus-anifer-krampusse\\\/#respond\"]}]},{\"@type\":\"WebPage\",\"@id\":\"https:\\\/\\\/www.salzburgerland.com\\\/de\\\/magazin\\\/hier-hat-die-tradition-den-vortritt-krampus-anifer-krampusse\\\/\",\"url\":\"https:\\\/\\\/www.salzburgerland.com\\\/de\\\/magazin\\\/hier-hat-die-tradition-den-vortritt-krampus-anifer-krampusse\\\/\",\"name\":\"Krampustag in Anif und Gr\u00f6dig - SalzburgerLand Magazin\",\"isPartOf\":{\"@id\":\"https:\\\/\\\/www.salzburgerland.com\\\/de\\\/magazin\\\/#website\"},\"primaryImageOfPage\":{\"@id\":\"https:\\\/\\\/www.salzburgerland.com\\\/de\\\/magazin\\\/hier-hat-die-tradition-den-vortritt-krampus-anifer-krampusse\\\/#primaryimage\"},\"image\":{\"@id\":\"https:\\\/\\\/www.salzburgerland.com\\\/de\\\/magazin\\\/hier-hat-die-tradition-den-vortritt-krampus-anifer-krampusse\\\/#primaryimage\"},\"thumbnailUrl\":\"https:\\\/\\\/www.salzburgerland.com\\\/de\\\/magazin\\\/wp-content\\\/uploads\\\/2012\\\/12\\\/Anifer-Krampusse-01.jpg\",\"datePublished\":\"2013-12-03T07:00:56+00:00\",\"dateModified\":\"2023-01-16T13:53:32+00:00\",\"breadcrumb\":{\"@id\":\"https:\\\/\\\/www.salzburgerland.com\\\/de\\\/magazin\\\/hier-hat-die-tradition-den-vortritt-krampus-anifer-krampusse\\\/#breadcrumb\"},\"inLanguage\":\"de\",\"potentialAction\":[{\"@type\":\"ReadAction\",\"target\":[\"https:\\\/\\\/www.salzburgerland.com\\\/de\\\/magazin\\\/hier-hat-die-tradition-den-vortritt-krampus-anifer-krampusse\\\/\"]}]},{\"@type\":\"ImageObject\",\"inLanguage\":\"de\",\"@id\":\"https:\\\/\\\/www.salzburgerland.com\\\/de\\\/magazin\\\/hier-hat-die-tradition-den-vortritt-krampus-anifer-krampusse\\\/#primaryimage\",\"url\":\"https:\\\/\\\/www.salzburgerland.com\\\/de\\\/magazin\\\/wp-content\\\/uploads\\\/2012\\\/12\\\/Anifer-Krampusse-01.jpg\",\"contentUrl\":\"https:\\\/\\\/www.salzburgerland.com\\\/de\\\/magazin\\\/wp-content\\\/uploads\\\/2012\\\/12\\\/Anifer-Krampusse-01.jpg\",\"width\":960,\"height\":639,\"caption\":\"Person, die eine rote, geh\u00f6rnte, d\u00e4monische Maske mit herausgestreckter Zunge w\u00e4hrend einer n\u00e4chtlichen Veranstaltung h\u00e4lt.\"},{\"@type\":\"BreadcrumbList\",\"@id\":\"https:\\\/\\\/www.salzburgerland.com\\\/de\\\/magazin\\\/hier-hat-die-tradition-den-vortritt-krampus-anifer-krampusse\\\/#breadcrumb\",\"itemListElement\":[{\"@type\":\"ListItem\",\"position\":1,\"name\":\"Startseite\",\"item\":\"https:\\\/\\\/www.salzburgerland.com\\\/de\\\/magazin\\\/\"},{\"@type\":\"ListItem\",\"position\":2,\"name\":\"Kunst &amp; Kultur\",\"item\":\"https:\\\/\\\/www.salzburgerland.com\\\/de\\\/magazin\\\/thema\\\/kunst-kultur\\\/\"},{\"@type\":\"ListItem\",\"position\":3,\"name\":\"Krampustag in Anif und Gr\u00f6dig\"}]},{\"@type\":\"WebSite\",\"@id\":\"https:\\\/\\\/www.salzburgerland.com\\\/de\\\/magazin\\\/#website\",\"url\":\"https:\\\/\\\/www.salzburgerland.com\\\/de\\\/magazin\\\/\",\"name\":\"SalzburgerLand Magazin\",\"description\":\"Geschichten und Interessantes aus dem SalzburgerLand\",\"publisher\":{\"@id\":\"https:\\\/\\\/www.salzburgerland.com\\\/de\\\/magazin\\\/#organization\"},\"potentialAction\":[{\"@type\":\"SearchAction\",\"target\":{\"@type\":\"EntryPoint\",\"urlTemplate\":\"https:\\\/\\\/www.salzburgerland.com\\\/de\\\/magazin\\\/?s={search_term_string}\"},\"query-input\":{\"@type\":\"PropertyValueSpecification\",\"valueRequired\":true,\"valueName\":\"search_term_string\"}}],\"inLanguage\":\"de\"},{\"@type\":\"Organization\",\"@id\":\"https:\\\/\\\/www.salzburgerland.com\\\/de\\\/magazin\\\/#organization\",\"name\":\"SalzburgerLand Tourismus\",\"url\":\"https:\\\/\\\/www.salzburgerland.com\\\/de\\\/magazin\\\/\",\"logo\":{\"@type\":\"ImageObject\",\"inLanguage\":\"de\",\"@id\":\"https:\\\/\\\/www.salzburgerland.com\\\/de\\\/magazin\\\/#\\\/schema\\\/logo\\\/image\\\/\",\"url\":\"https:\\\/\\\/www.salzburgerland.com\\\/de\\\/magazin\\\/wp-content\\\/uploads\\\/2019\\\/06\\\/salzburgerland-logo1.jpg\",\"contentUrl\":\"https:\\\/\\\/www.salzburgerland.com\\\/de\\\/magazin\\\/wp-content\\\/uploads\\\/2019\\\/06\\\/salzburgerland-logo1.jpg\",\"width\":2011,\"height\":866,\"caption\":\"SalzburgerLand Tourismus\"},\"image\":{\"@id\":\"https:\\\/\\\/www.salzburgerland.com\\\/de\\\/magazin\\\/#\\\/schema\\\/logo\\\/image\\\/\"},\"sameAs\":[\"https:\\\/\\\/www.facebook.com\\\/salzburgerland\\\/\",\"https:\\\/\\\/x.com\\\/Salzburgerland\",\"https:\\\/\\\/www.instagram.com\\\/salzburgerland\\\/\",\"https:\\\/\\\/at.linkedin.com\\\/company\\\/salzburgerland-tourismus-gmbh\",\"https:\\\/\\\/www.pinterest.at\\\/salzburgerland\\\/\",\"https:\\\/\\\/www.youtube.com\\\/user\\\/salzburgerland\",\"https:\\\/\\\/de.wikipedia.org\\\/wiki\\\/SalzburgerLand_Tourismus_GmbH\"]},{\"@type\":\"Person\",\"@id\":\"https:\\\/\\\/www.salzburgerland.com\\\/de\\\/magazin\\\/#\\\/schema\\\/person\\\/28862a64cb7c0c45ad332ce97856db0d\",\"name\":\"Daniela J\u00e4ger\",\"sameAs\":[\"https:\\\/\\\/www.google.com\\\/profiles\\\/107251844038289052704\"],\"url\":\"https:\\\/\\\/www.salzburgerland.com\\\/de\\\/magazin\\\/author\\\/daniela-jager\\\/\"}]}<\/script>\n<!-- \/ Yoast SEO Premium plugin. -->","yoast_head_json":{"title":"Krampustag in Anif und Gr\u00f6dig - SalzburgerLand Magazin","description":"Wenn die Anifer Krampusse jedes Jahr gemeinsam mit der Rackl-Pass aus Gr\u00f6dig am Krampustag, dem 5. Dezember am Gemeindeplatz ihr Unwesen treiben, dann wird vor allem der Tradition und dem Brauchtum der Vortritt gelassen.","robots":{"index":"index","follow":"follow","max-snippet":"max-snippet:-1","max-image-preview":"max-image-preview:large","max-video-preview":"max-video-preview:-1"},"canonical":"https:\/\/www.salzburgerland.com\/de\/magazin\/hier-hat-die-tradition-den-vortritt-krampus-anifer-krampusse\/","og_locale":"de_DE","og_type":"article","og_title":"Krampustag in Anif und Gr\u00f6dig","og_description":"Der Einzug ist magisch und spannungsgeladen: angef\u00fchrt vom Regenten Luzifer laufen rund 40 Krampusse mit Feuer, Rauch und Schwefel ein. Der Wegmacher &#8222;Wass&#8220; erz\u00e4hlt die Geschichte dieser zotteligen Wesen aus der Unterwelt.&nbsp; Als Begleiter des Nikolaus wagen sie sich nicht von seiner Seite, bis er ihnen erlaubt die Schlimmen zu bestrafen.&nbsp; \u00dcber 2.500&nbsp; Zuschauer, darunter [&hellip;]","og_url":"https:\/\/www.salzburgerland.com\/de\/magazin\/hier-hat-die-tradition-den-vortritt-krampus-anifer-krampusse\/","og_site_name":"SalzburgerLand Magazin","article_publisher":"https:\/\/www.facebook.com\/salzburgerland\/","article_published_time":"2013-12-03T07:00:56+00:00","article_modified_time":"2023-01-16T13:53:32+00:00","og_image":[{"width":960,"height":639,"url":"https:\/\/www.salzburgerland.com\/de\/magazin\/wp-content\/uploads\/2012\/12\/Anifer-Krampusse-01.jpg","type":"image\/jpeg"}],"author":"Daniela J\u00e4ger","twitter_card":"summary_large_image","twitter_creator":"@Salzburgerland","twitter_site":"@Salzburgerland","twitter_misc":{"Verfasst von":"Daniela J\u00e4ger","Gesch\u00e4tzte Lesezeit":"7\u00a0Minuten"},"schema":{"@context":"https:\/\/schema.org","@graph":[{"@type":"Article","@id":"https:\/\/www.salzburgerland.com\/de\/magazin\/hier-hat-die-tradition-den-vortritt-krampus-anifer-krampusse\/#article","isPartOf":{"@id":"https:\/\/www.salzburgerland.com\/de\/magazin\/hier-hat-die-tradition-den-vortritt-krampus-anifer-krampusse\/"},"author":{"name":"Daniela J\u00e4ger","@id":"https:\/\/www.salzburgerland.com\/de\/magazin\/#\/schema\/person\/28862a64cb7c0c45ad332ce97856db0d"},"headline":"Krampustag in Anif und Gr\u00f6dig","datePublished":"2013-12-03T07:00:56+00:00","dateModified":"2023-01-16T13:53:32+00:00","mainEntityOfPage":{"@id":"https:\/\/www.salzburgerland.com\/de\/magazin\/hier-hat-die-tradition-den-vortritt-krampus-anifer-krampusse\/"},"wordCount":360,"commentCount":0,"publisher":{"@id":"https:\/\/www.salzburgerland.com\/de\/magazin\/#organization"},"image":{"@id":"https:\/\/www.salzburgerland.com\/de\/magazin\/hier-hat-die-tradition-den-vortritt-krampus-anifer-krampusse\/#primaryimage"},"thumbnailUrl":"https:\/\/www.salzburgerland.com\/de\/magazin\/wp-content\/uploads\/2012\/12\/Anifer-Krampusse-01.jpg","articleSection":["Kunst &amp; Kultur"],"inLanguage":"de","potentialAction":[{"@type":"CommentAction","name":"Comment","target":["https:\/\/www.salzburgerland.com\/de\/magazin\/hier-hat-die-tradition-den-vortritt-krampus-anifer-krampusse\/#respond"]}]},{"@type":"WebPage","@id":"https:\/\/www.salzburgerland.com\/de\/magazin\/hier-hat-die-tradition-den-vortritt-krampus-anifer-krampusse\/","url":"https:\/\/www.salzburgerland.com\/de\/magazin\/hier-hat-die-tradition-den-vortritt-krampus-anifer-krampusse\/","name":"Krampustag in Anif und Gr\u00f6dig - SalzburgerLand Magazin","isPartOf":{"@id":"https:\/\/www.salzburgerland.com\/de\/magazin\/#website"},"primaryImageOfPage":{"@id":"https:\/\/www.salzburgerland.com\/de\/magazin\/hier-hat-die-tradition-den-vortritt-krampus-anifer-krampusse\/#primaryimage"},"image":{"@id":"https:\/\/www.salzburgerland.com\/de\/magazin\/hier-hat-die-tradition-den-vortritt-krampus-anifer-krampusse\/#primaryimage"},"thumbnailUrl":"https:\/\/www.salzburgerland.com\/de\/magazin\/wp-content\/uploads\/2012\/12\/Anifer-Krampusse-01.jpg","datePublished":"2013-12-03T07:00:56+00:00","dateModified":"2023-01-16T13:53:32+00:00","breadcrumb":{"@id":"https:\/\/www.salzburgerland.com\/de\/magazin\/hier-hat-die-tradition-den-vortritt-krampus-anifer-krampusse\/#breadcrumb"},"inLanguage":"de","potentialAction":[{"@type":"ReadAction","target":["https:\/\/www.salzburgerland.com\/de\/magazin\/hier-hat-die-tradition-den-vortritt-krampus-anifer-krampusse\/"]}]},{"@type":"ImageObject","inLanguage":"de","@id":"https:\/\/www.salzburgerland.com\/de\/magazin\/hier-hat-die-tradition-den-vortritt-krampus-anifer-krampusse\/#primaryimage","url":"https:\/\/www.salzburgerland.com\/de\/magazin\/wp-content\/uploads\/2012\/12\/Anifer-Krampusse-01.jpg","contentUrl":"https:\/\/www.salzburgerland.com\/de\/magazin\/wp-content\/uploads\/2012\/12\/Anifer-Krampusse-01.jpg","width":960,"height":639,"caption":"Person, die eine rote, geh\u00f6rnte, d\u00e4monische Maske mit herausgestreckter Zunge w\u00e4hrend einer n\u00e4chtlichen Veranstaltung h\u00e4lt."},{"@type":"BreadcrumbList","@id":"https:\/\/www.salzburgerland.com\/de\/magazin\/hier-hat-die-tradition-den-vortritt-krampus-anifer-krampusse\/#breadcrumb","itemListElement":[{"@type":"ListItem","position":1,"name":"Startseite","item":"https:\/\/www.salzburgerland.com\/de\/magazin\/"},{"@type":"ListItem","position":2,"name":"Kunst &amp; Kultur","item":"https:\/\/www.salzburgerland.com\/de\/magazin\/thema\/kunst-kultur\/"},{"@type":"ListItem","position":3,"name":"Krampustag in Anif und Gr\u00f6dig"}]},{"@type":"WebSite","@id":"https:\/\/www.salzburgerland.com\/de\/magazin\/#website","url":"https:\/\/www.salzburgerland.com\/de\/magazin\/","name":"SalzburgerLand Magazin","description":"Geschichten und Interessantes aus dem SalzburgerLand","publisher":{"@id":"https:\/\/www.salzburgerland.com\/de\/magazin\/#organization"},"potentialAction":[{"@type":"SearchAction","target":{"@type":"EntryPoint","urlTemplate":"https:\/\/www.salzburgerland.com\/de\/magazin\/?s={search_term_string}"},"query-input":{"@type":"PropertyValueSpecification","valueRequired":true,"valueName":"search_term_string"}}],"inLanguage":"de"},{"@type":"Organization","@id":"https:\/\/www.salzburgerland.com\/de\/magazin\/#organization","name":"SalzburgerLand Tourismus","url":"https:\/\/www.salzburgerland.com\/de\/magazin\/","logo":{"@type":"ImageObject","inLanguage":"de","@id":"https:\/\/www.salzburgerland.com\/de\/magazin\/#\/schema\/logo\/image\/","url":"https:\/\/www.salzburgerland.com\/de\/magazin\/wp-content\/uploads\/2019\/06\/salzburgerland-logo1.jpg","contentUrl":"https:\/\/www.salzburgerland.com\/de\/magazin\/wp-content\/uploads\/2019\/06\/salzburgerland-logo1.jpg","width":2011,"height":866,"caption":"SalzburgerLand Tourismus"},"image":{"@id":"https:\/\/www.salzburgerland.com\/de\/magazin\/#\/schema\/logo\/image\/"},"sameAs":["https:\/\/www.facebook.com\/salzburgerland\/","https:\/\/x.com\/Salzburgerland","https:\/\/www.instagram.com\/salzburgerland\/","https:\/\/at.linkedin.com\/company\/salzburgerland-tourismus-gmbh","https:\/\/www.pinterest.at\/salzburgerland\/","https:\/\/www.youtube.com\/user\/salzburgerland","https:\/\/de.wikipedia.org\/wiki\/SalzburgerLand_Tourismus_GmbH"]},{"@type":"Person","@id":"https:\/\/www.salzburgerland.com\/de\/magazin\/#\/schema\/person\/28862a64cb7c0c45ad332ce97856db0d","name":"Daniela J\u00e4ger","sameAs":["https:\/\/www.google.com\/profiles\/107251844038289052704"],"url":"https:\/\/www.salzburgerland.com\/de\/magazin\/author\/daniela-jager\/"}]}},"_wl_alt_label":[],"wl:entity_url":"http:\/\/open.salzburgerland.com\/magazin\/post\/krampustag_-_hier_hat_die_tradition_den_vortritt","_links":{"self":[{"href":"https:\/\/www.salzburgerland.com\/de\/magazin\/wp-json\/wp\/v2\/posts\/28907","targetHints":{"allow":["GET"]}}],"collection":[{"href":"https:\/\/www.salzburgerland.com\/de\/magazin\/wp-json\/wp\/v2\/posts"}],"about":[{"href":"https:\/\/www.salzburgerland.com\/de\/magazin\/wp-json\/wp\/v2\/types\/post"}],"author":[{"embeddable":true,"href":"https:\/\/www.salzburgerland.com\/de\/magazin\/wp-json\/wp\/v2\/users\/203"}],"replies":[{"embeddable":true,"href":"https:\/\/www.salzburgerland.com\/de\/magazin\/wp-json\/wp\/v2\/comments?post=28907"}],"version-history":[{"count":2,"href":"https:\/\/www.salzburgerland.com\/de\/magazin\/wp-json\/wp\/v2\/posts\/28907\/revisions"}],"predecessor-version":[{"id":167971,"href":"https:\/\/www.salzburgerland.com\/de\/magazin\/wp-json\/wp\/v2\/posts\/28907\/revisions\/167971"}],"wp:featuredmedia":[{"embeddable":true,"href":"https:\/\/www.salzburgerland.com\/de\/magazin\/wp-json\/wp\/v2\/media\/28908"}],"wp:attachment":[{"href":"https:\/\/www.salzburgerland.com\/de\/magazin\/wp-json\/wp\/v2\/media?parent=28907"}],"wp:term":[{"taxonomy":"category","embeddable":true,"href":"https:\/\/www.salzburgerland.com\/de\/magazin\/wp-json\/wp\/v2\/categories?post=28907"},{"taxonomy":"post_tag","embeddable":true,"href":"https:\/\/www.salzburgerland.com\/de\/magazin\/wp-json\/wp\/v2\/tags?post=28907"},{"taxonomy":"wl_entity_type","embeddable":true,"href":"https:\/\/www.salzburgerland.com\/de\/magazin\/wp-json\/wp\/v2\/wl_entity_type?post=28907"},{"taxonomy":"monatsauswahl","embeddable":true,"href":"https:\/\/www.salzburgerland.com\/de\/magazin\/wp-json\/wp\/v2\/monatsauswahl?post=28907"}],"curies":[{"name":"wp","href":"https:\/\/api.w.org\/{rel}","templated":true}]}}