{"id":28843,"date":"2022-12-06T15:52:00","date_gmt":"2022-12-06T14:52:00","guid":{"rendered":"http:\/\/magazin.salzburgerland.com\/?p=28843"},"modified":"2024-11-06T16:14:09","modified_gmt":"2024-11-06T15:14:09","slug":"zauberhafte-adventstimmung","status":"publish","type":"post","link":"https:\/\/www.salzburgerland.com\/de\/magazin\/zauberhafte-adventstimmung\/","title":{"rendered":"Salzburger Bergadvent im Gro\u00dfarltal"},"content":{"rendered":"\n<h2 class=\"wp-block-slt-subtitle\">Zauberhafte Adventstimmung<\/h2>\n\n\n\n<p class=\"wp-block-slt-intro\">Weihnachtsfeiern, Geschenke kaufen, Christbaumschmuck basteln, Weihnachtsmen\u00fc planen, Christbaum aussuchen und, und, und. Es ist wieder Advent. Aber trotz vieler Termine fand die kreative Reisebloggerin Elena Paschinger alias <a href=\"https:\/\/www.creativelena.com\/reiseblog\/salzburger-bergadvent-grossarltal\/\" target=\"_blank\" rel=\"noreferrer noopener\">CreativElena<\/a> Zeit, sich mit ihrer Familie einen vorweihnachtlichen Kurzurlaub zu g\u00f6nnen und davon zu erz\u00e4hlen:<\/p>\n\n\n\n<h2 class=\"wp-block-heading\">Raus aus der Nebelsuppe, rauf ins Winterm\u00e4rchen<\/h2>\n\n\n\n<p>Ziel der winterlichen Reise ist das Gro\u00dfarltal, das wir aus dem Wanderurlaub bereits kennen. Ich mache mich also mit meinen beiden kleinen S\u00f6hne sowie den Gro\u00dfeltern auf, um das \u201eTal der Almen\u201c neu kennen zu lernen.<\/p>\n\n\n\n<p>Wer wie wir mit dem Zug bis St. Johann im Pongau anreist und die restlichen H\u00f6henmeter mit dem Bus oder Taxi zur\u00fccklegt, den erwarten schon  bei der Anreise zauberhafte Ausblicke. Das Gro\u00dfarltal n\u00e4mlich liegt auf rund 1.000 Meter Seeh\u00f6he \u2013 hier ist es ruhiger, weiter, und sehr zu unserer Freude, liegt auch schon der erste Schnee.<\/p>\n\n\n\n<figure class=\"wp-block-embed is-type-video is-provider-youtube wp-block-embed-youtube wp-embed-aspect-16-9 wp-has-aspect-ratio\"><div class=\"wp-block-embed__wrapper\">\n<iframe loading=\"lazy\" title=\"Weihnachtsmarkt Adventmarkt Salzburg - Salzburger Bergadvent Grossarl\" width=\"640\" height=\"360\" src=\"https:\/\/www.youtube-nocookie.com\/embed\/8e4WTkuC8Oo?feature=oembed&#038;rel=0&#038;modestbranding=1\" frameborder=\"0\" allow=\"accelerometer; autoplay; clipboard-write; encrypted-media; gyroscope; picture-in-picture; web-share\" referrerpolicy=\"strict-origin-when-cross-origin\" allowfullscreen><\/iframe>\n<\/div><\/figure>\n\n\n\n<h2 class=\"wp-block-heading\" id=\"h-fackelwanderung-und-krippenausstellung\">Fackelwanderung und Krippenausstellung <\/h2>\n\n\n\n<p>Gleich rein in die festen Winterschuhe, Hauben und Jacken, erwartet uns auch schon die erste Attraktion: Eine m\u00e4rchenhafte Fackelwanderung zur Kirche und Krippenausstellung von Gro\u00dfarl. Letztere ist mit ihren liebevoll und von Hand gefertigten Weihnachtskrippen bis weit \u00fcber die Grenzen des Ortes hinaus bekannt.<\/p>\n\n\n\n<figure class=\"wp-block-image size-full\"><img loading=\"lazy\" decoding=\"async\" width=\"800\" height=\"600\" src=\"https:\/\/www.salzburgerland.com\/de\/magazin\/wp-content\/uploads\/2012\/12\/salzburger-bergadvent-grossarltal537.jpeg\" alt=\"Eine Krippenszene mit Figuren in einem rustikalen Stall, von innen sanft beleuchtet.\" class=\"wp-image-166964\" srcset=\"https:\/\/www.salzburgerland.com\/de\/magazin\/wp-content\/uploads\/2012\/12\/salzburger-bergadvent-grossarltal537.jpeg 800w, https:\/\/www.salzburgerland.com\/de\/magazin\/wp-content\/uploads\/2012\/12\/salzburger-bergadvent-grossarltal537-300x225.jpeg 300w, https:\/\/www.salzburgerland.com\/de\/magazin\/wp-content\/uploads\/2012\/12\/salzburger-bergadvent-grossarltal537-733x550.jpeg 733w, https:\/\/www.salzburgerland.com\/de\/magazin\/wp-content\/uploads\/2012\/12\/salzburger-bergadvent-grossarltal537-140x105.jpeg 140w, https:\/\/www.salzburgerland.com\/de\/magazin\/wp-content\/uploads\/2012\/12\/salzburger-bergadvent-grossarltal537-533x400.jpeg 533w, https:\/\/www.salzburgerland.com\/de\/magazin\/wp-content\/uploads\/2012\/12\/salzburger-bergadvent-grossarltal537-960x720.jpeg 960w, https:\/\/www.salzburgerland.com\/de\/magazin\/wp-content\/uploads\/2012\/12\/salzburger-bergadvent-grossarltal537-1200x900.jpeg 1200w, https:\/\/www.salzburgerland.com\/de\/magazin\/wp-content\/uploads\/2012\/12\/salzburger-bergadvent-grossarltal537-150x113.jpeg 150w\" sizes=\"auto, (max-width: 800px) 100vw, 800px\" \/><figcaption class=\"wp-element-caption\">\u00a9 Elena Paschinger<\/figcaption><\/figure>\n\n\n\n<h2 class=\"wp-block-heading\" id=\"h-mit-der-pferdekutsche-durch-die-winterlandschaft\">Mit der Pferdekutsche durch die Winterlandschaft<\/h2>\n\n\n\n<p>Ganz \u00e4hnlich geht es uns allen am darauffolgenden Tag, als wir im Talschluss in einer eigens f\u00fcr uns reservierten Pferdekutsche Platz nehmen. Keiner von uns hat je diese Stille am Eingang in den Nationalpark Hohe Tauern derart intensiv wahrgenommen. Ein Zauber legt sich \u00fcber uns und die ringsum verschneite Berglandschaft, w\u00e4hrend Kutscher Sepp Pirchner vergn\u00fcgt mit uns plaudert. 700 kg wiegen seine beiden Noriker-Damen Pauline und Sissi, statt Kutschen mit Urlaubsg\u00e4sten zogen die Pferde hier fr\u00fcher Holz und alles, was im b\u00e4uerlichen Alltag so anfiel.<\/p>\n\n\n\n<figure class=\"wp-block-image size-full\"><img loading=\"lazy\" decoding=\"async\" width=\"800\" height=\"1067\" src=\"https:\/\/www.salzburgerland.com\/de\/magazin\/wp-content\/uploads\/2022\/12\/52529358937_4f44327414_o.jpg\" alt=\"Pferdeschlitten Bergadvent im Gro\u00dfarltal (c) creativelena\" class=\"wp-image-167090\" style=\"aspect-ratio:16\/9;object-fit:cover\" srcset=\"https:\/\/www.salzburgerland.com\/de\/magazin\/wp-content\/uploads\/2022\/12\/52529358937_4f44327414_o.jpg 800w, https:\/\/www.salzburgerland.com\/de\/magazin\/wp-content\/uploads\/2022\/12\/52529358937_4f44327414_o-225x300.jpg 225w, https:\/\/www.salzburgerland.com\/de\/magazin\/wp-content\/uploads\/2022\/12\/52529358937_4f44327414_o-412x550.jpg 412w, https:\/\/www.salzburgerland.com\/de\/magazin\/wp-content\/uploads\/2022\/12\/52529358937_4f44327414_o-300x400.jpg 300w, https:\/\/www.salzburgerland.com\/de\/magazin\/wp-content\/uploads\/2022\/12\/52529358937_4f44327414_o-640x853.jpg 640w, https:\/\/www.salzburgerland.com\/de\/magazin\/wp-content\/uploads\/2022\/12\/52529358937_4f44327414_o-150x200.jpg 150w\" sizes=\"auto, (max-width: 800px) 100vw, 800px\" \/><figcaption class=\"wp-element-caption\">Pauline und Sissi (c) creativelena<\/figcaption><\/figure>\n\n\n\n<h2 class=\"wp-block-heading\">Besuch am Adventmarkt<\/h2>\n\n\n\n<p>Apropos b\u00e4uerlich: Ganz viel Handwerk und Selbstgemachtes bietet auch der <a href=\"https:\/\/www.salzburger-bergadvent.at\/\" target=\"_blank\" rel=\"noreferrer noopener\">Adventmarkt<\/a> in Gro\u00dfarl. Die Namen der h\u00fcbschen Holzh\u00fctten wie \u201eSchnitzh\u00fctte\u201c, \u201eBergschaf\u201c oder \u201eSpeck &amp; K\u00e4seh\u00fctte\u201c sind Programm. Mitten im Ort lasse ich mich vom bunten Treiben mitrei\u00dfen, vom Duft nach gebratenen Mandeln verf\u00fchren, h\u00f6re die Engerl singen und suche das Postamt, um dem Christkind einen Brief zu schreiben. Zufrieden stellen wir au\u00dferdem fest, dass es sogar einen eigenen Kinderadvent gibt: M\u00e4rchenstube, Musikpavillon, Ringelspiel, Kletter- und Adventh\u00fctte inklusive. Nicht zu vergessen ein paar flauschige Alpakas, Ponys und Hasen. Was meinen \u00c4ltesten zudem magisch anzieht: Die Dorfkrippe mit ihren lebensgro\u00dfen Holzfiguren. Sie wirken so echt, dass er st\u00e4ndig fragt: \u201eWer sind die?\u201c<\/p>\n\n\n\n<figure class=\"wp-block-image size-full\"><img loading=\"lazy\" decoding=\"async\" width=\"1200\" height=\"803\" src=\"https:\/\/www.salzburgerland.com\/de\/magazin\/wp-content\/uploads\/2012\/12\/Krippenfiguren.jpg\" alt=\"Eine einzigartige Krippe\" class=\"wp-image-28853\" srcset=\"https:\/\/www.salzburgerland.com\/de\/magazin\/wp-content\/uploads\/2012\/12\/Krippenfiguren.jpg 1200w, https:\/\/www.salzburgerland.com\/de\/magazin\/wp-content\/uploads\/2012\/12\/Krippenfiguren-300x201.jpg 300w, https:\/\/www.salzburgerland.com\/de\/magazin\/wp-content\/uploads\/2012\/12\/Krippenfiguren-822x550.jpg 822w, https:\/\/www.salzburgerland.com\/de\/magazin\/wp-content\/uploads\/2012\/12\/Krippenfiguren-598x400.jpg 598w\" sizes=\"auto, (max-width: 1200px) 100vw, 1200px\" \/><\/figure>\n\n\n\n<p>Woran liegt das Geheimnis? Das haben wir bei unserem Besuch schnell herausgefunden: es ist das Echte, die Authentizit\u00e4t, die hier gelebt wird. Nat\u00fcrlich wollen die Gro\u00dfarler viele G\u00e4ste begr\u00fc\u00dfen und doch sind auch sehr viele einheimische Besucher hier unterwegs und lassen sich von der Atmosph\u00e4re in Vorweihnachtsstimmung versetzen. Keiner l\u00e4uft hektisch herum auf der Suche nach Geschenken, der ganze Ort strahlt Ruhe und Frieden aus. Auch wir schlendern von Stand zu Stand und bewundern die handgemachten Geschenkideen, Kerzen, Weihnachstdekos und K\u00f6stlichkeiten aus der b\u00e4uerlichen K\u00fcche.<\/p>\n\n\n<div class=\"mag-gallery\"><div class=\"row\"><div class=\"col-6 col-sm-4\"><figure><a class=\"thumb-container\" href=\"https:\/\/www.salzburgerland.com\/de\/magazin\/wp-content\/uploads\/2012\/12\/Holzbaume-1280x1024.jpg\">\t<picture><source media=\"(min-width: 576px)\" srcset=\"https:\/\/www.salzburgerland.com\/de\/magazin\/wp-content\/uploads\/2012\/12\/Holzbaume-325x209.jpg 325w, https:\/\/www.salzburgerland.com\/de\/magazin\/wp-content\/uploads\/2012\/12\/Holzbaume-249x160.jpg 249w\"><\/source><source media=\"(min-width: 0)\" srcset=\"https:\/\/www.salzburgerland.com\/de\/magazin\/wp-content\/uploads\/2012\/12\/Holzbaume-249x160.jpg 249w, https:\/\/www.salzburgerland.com\/de\/magazin\/wp-content\/uploads\/2012\/12\/Holzbaume-325x209.jpg 325w\"><\/source><img decoding=\"async\" alt=\"Holzb&auml;umchen\" src=\"https:\/\/www.salzburgerland.com\/de\/magazin\/wp-content\/uploads\/2012\/12\/Holzbaume.jpg\">\t<\/picture><\/a><\/figure><\/div><div class=\"col-6 col-sm-4\"><figure><a class=\"thumb-container\" href=\"https:\/\/www.salzburgerland.com\/de\/magazin\/wp-content\/uploads\/2012\/12\/Rentiere-1280x1024.jpg\">\t<picture><source media=\"(min-width: 576px)\" srcset=\"https:\/\/www.salzburgerland.com\/de\/magazin\/wp-content\/uploads\/2012\/12\/Rentiere-325x209.jpg 325w, https:\/\/www.salzburgerland.com\/de\/magazin\/wp-content\/uploads\/2012\/12\/Rentiere-249x160.jpg 249w\"><\/source><source media=\"(min-width: 0)\" srcset=\"https:\/\/www.salzburgerland.com\/de\/magazin\/wp-content\/uploads\/2012\/12\/Rentiere-249x160.jpg 249w, https:\/\/www.salzburgerland.com\/de\/magazin\/wp-content\/uploads\/2012\/12\/Rentiere-325x209.jpg 325w\"><\/source><img decoding=\"async\" alt=\"Rentiere aus Weidengeflecht\" src=\"https:\/\/www.salzburgerland.com\/de\/magazin\/wp-content\/uploads\/2012\/12\/Rentiere.jpg\">\t<\/picture><\/a><\/figure><\/div><div class=\"col-6 col-sm-4\"><figure><a class=\"thumb-container\" href=\"https:\/\/www.salzburgerland.com\/de\/magazin\/wp-content\/uploads\/2012\/12\/Krippe-klein-1280x1024.jpg\">\t<picture><source media=\"(min-width: 576px)\" srcset=\"https:\/\/www.salzburgerland.com\/de\/magazin\/wp-content\/uploads\/2012\/12\/Krippe-klein-325x209.jpg 325w, https:\/\/www.salzburgerland.com\/de\/magazin\/wp-content\/uploads\/2012\/12\/Krippe-klein-249x160.jpg 249w\"><\/source><source media=\"(min-width: 0)\" srcset=\"https:\/\/www.salzburgerland.com\/de\/magazin\/wp-content\/uploads\/2012\/12\/Krippe-klein-249x160.jpg 249w, https:\/\/www.salzburgerland.com\/de\/magazin\/wp-content\/uploads\/2012\/12\/Krippe-klein-325x209.jpg 325w\"><\/source><img decoding=\"async\" alt=\"Krippe im Kleinformat aus Keramik\" src=\"https:\/\/www.salzburgerland.com\/de\/magazin\/wp-content\/uploads\/2012\/12\/Krippe-klein.jpg\">\t<\/picture><\/a><\/figure><\/div><\/div><figcaption>&copy; SalzburgerLand Magazin<\/figcaption><\/div>\n\n\n\n<p>Einen wunderbaren <a href=\"https:\/\/www.creativelena.com\/reiseblog\/salzburger-bergadvent-grossarltal\/\" target=\"_blank\" rel=\"noreferrer noopener\">Erlebnisbericht zum Adventwochenende<\/a> im Gro\u00dfarltal k\u00f6nnt ihr im Blog von Elena Paschinger nachlesen.<\/p>\n","protected":false},"excerpt":{"rendered":"<p>Raus aus der Nebelsuppe, rauf ins Winterm\u00e4rchen Ziel der winterlichen Reise ist das Gro\u00dfarltal, das wir aus dem Wanderurlaub bereits kennen. Ich mache mich also mit meinen beiden kleinen S\u00f6hne sowie den Gro\u00dfeltern auf, um das \u201eTal der Almen\u201c neu kennen zu lernen. Wer wie wir mit dem Zug bis St. Johann im Pongau anreist [&hellip;]<\/p>\n","protected":false},"author":581,"featured_media":166969,"comment_status":"open","ping_status":"open","sticky":false,"template":"","format":"standard","meta":{"_acf_changed":false,"wl_entities_gutenberg":"","_wl_entity_redirect_enabled":"","footnotes":""},"categories":[5],"tags":[],"wl_entity_type":[306],"monatsauswahl":[92,93],"class_list":["post-28843","post","type-post","status-publish","format-standard","has-post-thumbnail","hentry","category-hotel-reise","wl_entity_type-article","monatsauswahl-monat_11","monatsauswahl-monat_12"],"acf":[],"yoast_head":"<!-- This site is optimized with the Yoast SEO Premium plugin v27.4 (Yoast SEO v27.4) - https:\/\/yoast.com\/product\/yoast-seo-premium-wordpress\/ -->\n<title>Salzburger Bergadvent im Gro\u00dfarltal - SalzburgerLand Magazin<\/title>\n<meta name=\"description\" content=\"Weihnachtsfeiern, Geschenke kaufen, Christbaumschmuck basteln, Weihnachtsmen\u00fc planen, Christbaum aussuchen und, und, und. Es ist wieder Advent. Aber trotz vieler Termine fand die kreative Reisebloggerin Elena Paschinger alias CreativElena Zeit, sich mit ihrer Familie einen vorweihnachtlichen Kurzurlaub zu g\u00f6nnen und davon zu erz\u00e4hlen:\" \/>\n<meta name=\"robots\" content=\"index, follow, max-snippet:-1, max-image-preview:large, max-video-preview:-1\" \/>\n<link rel=\"canonical\" href=\"https:\/\/www.salzburgerland.com\/de\/magazin\/zauberhafte-adventstimmung\/\" \/>\n<meta property=\"og:locale\" content=\"de_DE\" \/>\n<meta property=\"og:type\" content=\"article\" \/>\n<meta property=\"og:title\" content=\"Salzburger Bergadvent im Gro\u00dfarltal\" \/>\n<meta property=\"og:description\" content=\"Raus aus der Nebelsuppe, rauf ins Winterm\u00e4rchen Ziel der winterlichen Reise ist das Gro\u00dfarltal, das wir aus dem Wanderurlaub bereits kennen. Ich mache mich also mit meinen beiden kleinen S\u00f6hne sowie den Gro\u00dfeltern auf, um das \u201eTal der Almen\u201c neu kennen zu lernen. Wer wie wir mit dem Zug bis St. Johann im Pongau anreist [&hellip;]\" \/>\n<meta property=\"og:url\" content=\"https:\/\/www.salzburgerland.com\/de\/magazin\/zauberhafte-adventstimmung\/\" \/>\n<meta property=\"og:site_name\" content=\"SalzburgerLand Magazin\" \/>\n<meta property=\"article:publisher\" content=\"https:\/\/www.facebook.com\/salzburgerland\/\" \/>\n<meta property=\"article:published_time\" content=\"2022-12-06T14:52:00+00:00\" \/>\n<meta property=\"article:modified_time\" content=\"2024-11-06T15:14:09+00:00\" \/>\n<meta property=\"og:image\" content=\"https:\/\/www.salzburgerland.com\/de\/magazin\/wp-content\/uploads\/2012\/12\/4_-Salzburger-Bergadvent_1_Marktplatz-Grossarl_c-TVB-Grossarltal.jpg\" \/>\n\t<meta property=\"og:image:width\" content=\"1920\" \/>\n\t<meta property=\"og:image:height\" content=\"1093\" \/>\n\t<meta property=\"og:image:type\" content=\"image\/jpeg\" \/>\n<meta name=\"author\" content=\"Gast\" \/>\n<meta name=\"twitter:card\" content=\"summary_large_image\" \/>\n<meta name=\"twitter:creator\" content=\"@Salzburgerland\" \/>\n<meta name=\"twitter:site\" content=\"@Salzburgerland\" \/>\n<meta name=\"twitter:label1\" content=\"Verfasst von\" \/>\n\t<meta name=\"twitter:data1\" content=\"Gast\" \/>\n\t<meta name=\"twitter:label2\" content=\"Gesch\u00e4tzte Lesezeit\" \/>\n\t<meta name=\"twitter:data2\" content=\"5\u00a0Minuten\" \/>\n<script type=\"application\/ld+json\" class=\"yoast-schema-graph\">{\"@context\":\"https:\\\/\\\/schema.org\",\"@graph\":[{\"@type\":\"Article\",\"@id\":\"https:\\\/\\\/www.salzburgerland.com\\\/de\\\/magazin\\\/zauberhafte-adventstimmung\\\/#article\",\"isPartOf\":{\"@id\":\"https:\\\/\\\/www.salzburgerland.com\\\/de\\\/magazin\\\/zauberhafte-adventstimmung\\\/\"},\"author\":{\"name\":\"Gast\",\"@id\":\"https:\\\/\\\/www.salzburgerland.com\\\/de\\\/magazin\\\/#\\\/schema\\\/person\\\/eefc52d768e076743429fc6ec88d7e97\"},\"headline\":\"Salzburger Bergadvent im Gro\u00dfarltal\",\"datePublished\":\"2022-12-06T14:52:00+00:00\",\"dateModified\":\"2024-11-06T15:14:09+00:00\",\"mainEntityOfPage\":{\"@id\":\"https:\\\/\\\/www.salzburgerland.com\\\/de\\\/magazin\\\/zauberhafte-adventstimmung\\\/\"},\"wordCount\":557,\"commentCount\":0,\"publisher\":{\"@id\":\"https:\\\/\\\/www.salzburgerland.com\\\/de\\\/magazin\\\/#organization\"},\"image\":{\"@id\":\"https:\\\/\\\/www.salzburgerland.com\\\/de\\\/magazin\\\/zauberhafte-adventstimmung\\\/#primaryimage\"},\"thumbnailUrl\":\"https:\\\/\\\/www.salzburgerland.com\\\/de\\\/magazin\\\/wp-content\\\/uploads\\\/2012\\\/12\\\/4_-Salzburger-Bergadvent_1_Marktplatz-Grossarl_c-TVB-Grossarltal.jpg\",\"articleSection\":[\"Hotel &amp; Reise\"],\"inLanguage\":\"de\",\"potentialAction\":[{\"@type\":\"CommentAction\",\"name\":\"Comment\",\"target\":[\"https:\\\/\\\/www.salzburgerland.com\\\/de\\\/magazin\\\/zauberhafte-adventstimmung\\\/#respond\"]}]},{\"@type\":\"WebPage\",\"@id\":\"https:\\\/\\\/www.salzburgerland.com\\\/de\\\/magazin\\\/zauberhafte-adventstimmung\\\/\",\"url\":\"https:\\\/\\\/www.salzburgerland.com\\\/de\\\/magazin\\\/zauberhafte-adventstimmung\\\/\",\"name\":\"Salzburger Bergadvent im Gro\u00dfarltal - SalzburgerLand Magazin\",\"isPartOf\":{\"@id\":\"https:\\\/\\\/www.salzburgerland.com\\\/de\\\/magazin\\\/#website\"},\"primaryImageOfPage\":{\"@id\":\"https:\\\/\\\/www.salzburgerland.com\\\/de\\\/magazin\\\/zauberhafte-adventstimmung\\\/#primaryimage\"},\"image\":{\"@id\":\"https:\\\/\\\/www.salzburgerland.com\\\/de\\\/magazin\\\/zauberhafte-adventstimmung\\\/#primaryimage\"},\"thumbnailUrl\":\"https:\\\/\\\/www.salzburgerland.com\\\/de\\\/magazin\\\/wp-content\\\/uploads\\\/2012\\\/12\\\/4_-Salzburger-Bergadvent_1_Marktplatz-Grossarl_c-TVB-Grossarltal.jpg\",\"datePublished\":\"2022-12-06T14:52:00+00:00\",\"dateModified\":\"2024-11-06T15:14:09+00:00\",\"breadcrumb\":{\"@id\":\"https:\\\/\\\/www.salzburgerland.com\\\/de\\\/magazin\\\/zauberhafte-adventstimmung\\\/#breadcrumb\"},\"inLanguage\":\"de\",\"potentialAction\":[{\"@type\":\"ReadAction\",\"target\":[\"https:\\\/\\\/www.salzburgerland.com\\\/de\\\/magazin\\\/zauberhafte-adventstimmung\\\/\"]}]},{\"@type\":\"ImageObject\",\"inLanguage\":\"de\",\"@id\":\"https:\\\/\\\/www.salzburgerland.com\\\/de\\\/magazin\\\/zauberhafte-adventstimmung\\\/#primaryimage\",\"url\":\"https:\\\/\\\/www.salzburgerland.com\\\/de\\\/magazin\\\/wp-content\\\/uploads\\\/2012\\\/12\\\/4_-Salzburger-Bergadvent_1_Marktplatz-Grossarl_c-TVB-Grossarltal.jpg\",\"contentUrl\":\"https:\\\/\\\/www.salzburgerland.com\\\/de\\\/magazin\\\/wp-content\\\/uploads\\\/2012\\\/12\\\/4_-Salzburger-Bergadvent_1_Marktplatz-Grossarl_c-TVB-Grossarltal.jpg\",\"width\":1920,\"height\":1093,\"caption\":\"\u00a9 TVB Gro\u00dfarltal - Bergadvent\"},{\"@type\":\"BreadcrumbList\",\"@id\":\"https:\\\/\\\/www.salzburgerland.com\\\/de\\\/magazin\\\/zauberhafte-adventstimmung\\\/#breadcrumb\",\"itemListElement\":[{\"@type\":\"ListItem\",\"position\":1,\"name\":\"Startseite\",\"item\":\"https:\\\/\\\/www.salzburgerland.com\\\/de\\\/magazin\\\/\"},{\"@type\":\"ListItem\",\"position\":2,\"name\":\"Hotel &amp; Reise\",\"item\":\"https:\\\/\\\/www.salzburgerland.com\\\/de\\\/magazin\\\/thema\\\/hotel-reise\\\/\"},{\"@type\":\"ListItem\",\"position\":3,\"name\":\"Salzburger Bergadvent im Gro\u00dfarltal\"}]},{\"@type\":\"WebSite\",\"@id\":\"https:\\\/\\\/www.salzburgerland.com\\\/de\\\/magazin\\\/#website\",\"url\":\"https:\\\/\\\/www.salzburgerland.com\\\/de\\\/magazin\\\/\",\"name\":\"SalzburgerLand Magazin\",\"description\":\"Geschichten und Interessantes aus dem SalzburgerLand\",\"publisher\":{\"@id\":\"https:\\\/\\\/www.salzburgerland.com\\\/de\\\/magazin\\\/#organization\"},\"potentialAction\":[{\"@type\":\"SearchAction\",\"target\":{\"@type\":\"EntryPoint\",\"urlTemplate\":\"https:\\\/\\\/www.salzburgerland.com\\\/de\\\/magazin\\\/?s={search_term_string}\"},\"query-input\":{\"@type\":\"PropertyValueSpecification\",\"valueRequired\":true,\"valueName\":\"search_term_string\"}}],\"inLanguage\":\"de\"},{\"@type\":\"Organization\",\"@id\":\"https:\\\/\\\/www.salzburgerland.com\\\/de\\\/magazin\\\/#organization\",\"name\":\"SalzburgerLand Tourismus\",\"url\":\"https:\\\/\\\/www.salzburgerland.com\\\/de\\\/magazin\\\/\",\"logo\":{\"@type\":\"ImageObject\",\"inLanguage\":\"de\",\"@id\":\"https:\\\/\\\/www.salzburgerland.com\\\/de\\\/magazin\\\/#\\\/schema\\\/logo\\\/image\\\/\",\"url\":\"https:\\\/\\\/www.salzburgerland.com\\\/de\\\/magazin\\\/wp-content\\\/uploads\\\/2019\\\/06\\\/salzburgerland-logo1.jpg\",\"contentUrl\":\"https:\\\/\\\/www.salzburgerland.com\\\/de\\\/magazin\\\/wp-content\\\/uploads\\\/2019\\\/06\\\/salzburgerland-logo1.jpg\",\"width\":2011,\"height\":866,\"caption\":\"SalzburgerLand Tourismus\"},\"image\":{\"@id\":\"https:\\\/\\\/www.salzburgerland.com\\\/de\\\/magazin\\\/#\\\/schema\\\/logo\\\/image\\\/\"},\"sameAs\":[\"https:\\\/\\\/www.facebook.com\\\/salzburgerland\\\/\",\"https:\\\/\\\/x.com\\\/Salzburgerland\",\"https:\\\/\\\/www.instagram.com\\\/salzburgerland\\\/\",\"https:\\\/\\\/at.linkedin.com\\\/company\\\/salzburgerland-tourismus-gmbh\",\"https:\\\/\\\/www.pinterest.at\\\/salzburgerland\\\/\",\"https:\\\/\\\/www.youtube.com\\\/user\\\/salzburgerland\",\"https:\\\/\\\/de.wikipedia.org\\\/wiki\\\/SalzburgerLand_Tourismus_GmbH\"]},{\"@type\":\"Person\",\"@id\":\"https:\\\/\\\/www.salzburgerland.com\\\/de\\\/magazin\\\/#\\\/schema\\\/person\\\/eefc52d768e076743429fc6ec88d7e97\",\"name\":\"Gast\",\"url\":\"https:\\\/\\\/www.salzburgerland.com\\\/de\\\/magazin\\\/author\\\/gast\\\/\"}]}<\/script>\n<meta property=\"og:video\" content=\"https:\/\/www.youtube.com\/embed\/8e4WTkuC8Oo\" \/>\n<meta property=\"og:video:type\" content=\"text\/html\" \/>\n<meta property=\"og:video:duration\" content=\"193\" \/>\n<meta property=\"og:video:width\" content=\"480\" \/>\n<meta property=\"og:video:height\" content=\"270\" \/>\n<meta property=\"ya:ovs:adult\" content=\"false\" \/>\n<meta property=\"ya:ovs:upload_date\" content=\"2022-12-06T14:52:00+00:00\" \/>\n<meta property=\"ya:ovs:allow_embed\" content=\"true\" \/>\n<!-- \/ Yoast SEO Premium plugin. -->","yoast_head_json":{"title":"Salzburger Bergadvent im Gro\u00dfarltal - SalzburgerLand Magazin","description":"Weihnachtsfeiern, Geschenke kaufen, Christbaumschmuck basteln, Weihnachtsmen\u00fc planen, Christbaum aussuchen und, und, und. Es ist wieder Advent. Aber trotz vieler Termine fand die kreative Reisebloggerin Elena Paschinger alias CreativElena Zeit, sich mit ihrer Familie einen vorweihnachtlichen Kurzurlaub zu g\u00f6nnen und davon zu erz\u00e4hlen:","robots":{"index":"index","follow":"follow","max-snippet":"max-snippet:-1","max-image-preview":"max-image-preview:large","max-video-preview":"max-video-preview:-1"},"canonical":"https:\/\/www.salzburgerland.com\/de\/magazin\/zauberhafte-adventstimmung\/","og_locale":"de_DE","og_type":"article","og_title":"Salzburger Bergadvent im Gro\u00dfarltal","og_description":"Raus aus der Nebelsuppe, rauf ins Winterm\u00e4rchen Ziel der winterlichen Reise ist das Gro\u00dfarltal, das wir aus dem Wanderurlaub bereits kennen. Ich mache mich also mit meinen beiden kleinen S\u00f6hne sowie den Gro\u00dfeltern auf, um das \u201eTal der Almen\u201c neu kennen zu lernen. Wer wie wir mit dem Zug bis St. Johann im Pongau anreist [&hellip;]","og_url":"https:\/\/www.salzburgerland.com\/de\/magazin\/zauberhafte-adventstimmung\/","og_site_name":"SalzburgerLand Magazin","article_publisher":"https:\/\/www.facebook.com\/salzburgerland\/","article_published_time":"2022-12-06T14:52:00+00:00","article_modified_time":"2024-11-06T15:14:09+00:00","og_image":[{"width":1920,"height":1093,"url":"https:\/\/www.salzburgerland.com\/de\/magazin\/wp-content\/uploads\/2012\/12\/4_-Salzburger-Bergadvent_1_Marktplatz-Grossarl_c-TVB-Grossarltal.jpg","type":"image\/jpeg"}],"author":"Gast","twitter_card":"summary_large_image","twitter_creator":"@Salzburgerland","twitter_site":"@Salzburgerland","twitter_misc":{"Verfasst von":"Gast","Gesch\u00e4tzte Lesezeit":"5\u00a0Minuten"},"schema":{"@context":"https:\/\/schema.org","@graph":[{"@type":"Article","@id":"https:\/\/www.salzburgerland.com\/de\/magazin\/zauberhafte-adventstimmung\/#article","isPartOf":{"@id":"https:\/\/www.salzburgerland.com\/de\/magazin\/zauberhafte-adventstimmung\/"},"author":{"name":"Gast","@id":"https:\/\/www.salzburgerland.com\/de\/magazin\/#\/schema\/person\/eefc52d768e076743429fc6ec88d7e97"},"headline":"Salzburger Bergadvent im Gro\u00dfarltal","datePublished":"2022-12-06T14:52:00+00:00","dateModified":"2024-11-06T15:14:09+00:00","mainEntityOfPage":{"@id":"https:\/\/www.salzburgerland.com\/de\/magazin\/zauberhafte-adventstimmung\/"},"wordCount":557,"commentCount":0,"publisher":{"@id":"https:\/\/www.salzburgerland.com\/de\/magazin\/#organization"},"image":{"@id":"https:\/\/www.salzburgerland.com\/de\/magazin\/zauberhafte-adventstimmung\/#primaryimage"},"thumbnailUrl":"https:\/\/www.salzburgerland.com\/de\/magazin\/wp-content\/uploads\/2012\/12\/4_-Salzburger-Bergadvent_1_Marktplatz-Grossarl_c-TVB-Grossarltal.jpg","articleSection":["Hotel &amp; Reise"],"inLanguage":"de","potentialAction":[{"@type":"CommentAction","name":"Comment","target":["https:\/\/www.salzburgerland.com\/de\/magazin\/zauberhafte-adventstimmung\/#respond"]}]},{"@type":"WebPage","@id":"https:\/\/www.salzburgerland.com\/de\/magazin\/zauberhafte-adventstimmung\/","url":"https:\/\/www.salzburgerland.com\/de\/magazin\/zauberhafte-adventstimmung\/","name":"Salzburger Bergadvent im Gro\u00dfarltal - SalzburgerLand Magazin","isPartOf":{"@id":"https:\/\/www.salzburgerland.com\/de\/magazin\/#website"},"primaryImageOfPage":{"@id":"https:\/\/www.salzburgerland.com\/de\/magazin\/zauberhafte-adventstimmung\/#primaryimage"},"image":{"@id":"https:\/\/www.salzburgerland.com\/de\/magazin\/zauberhafte-adventstimmung\/#primaryimage"},"thumbnailUrl":"https:\/\/www.salzburgerland.com\/de\/magazin\/wp-content\/uploads\/2012\/12\/4_-Salzburger-Bergadvent_1_Marktplatz-Grossarl_c-TVB-Grossarltal.jpg","datePublished":"2022-12-06T14:52:00+00:00","dateModified":"2024-11-06T15:14:09+00:00","breadcrumb":{"@id":"https:\/\/www.salzburgerland.com\/de\/magazin\/zauberhafte-adventstimmung\/#breadcrumb"},"inLanguage":"de","potentialAction":[{"@type":"ReadAction","target":["https:\/\/www.salzburgerland.com\/de\/magazin\/zauberhafte-adventstimmung\/"]}]},{"@type":"ImageObject","inLanguage":"de","@id":"https:\/\/www.salzburgerland.com\/de\/magazin\/zauberhafte-adventstimmung\/#primaryimage","url":"https:\/\/www.salzburgerland.com\/de\/magazin\/wp-content\/uploads\/2012\/12\/4_-Salzburger-Bergadvent_1_Marktplatz-Grossarl_c-TVB-Grossarltal.jpg","contentUrl":"https:\/\/www.salzburgerland.com\/de\/magazin\/wp-content\/uploads\/2012\/12\/4_-Salzburger-Bergadvent_1_Marktplatz-Grossarl_c-TVB-Grossarltal.jpg","width":1920,"height":1093,"caption":"\u00a9 TVB Gro\u00dfarltal - Bergadvent"},{"@type":"BreadcrumbList","@id":"https:\/\/www.salzburgerland.com\/de\/magazin\/zauberhafte-adventstimmung\/#breadcrumb","itemListElement":[{"@type":"ListItem","position":1,"name":"Startseite","item":"https:\/\/www.salzburgerland.com\/de\/magazin\/"},{"@type":"ListItem","position":2,"name":"Hotel &amp; Reise","item":"https:\/\/www.salzburgerland.com\/de\/magazin\/thema\/hotel-reise\/"},{"@type":"ListItem","position":3,"name":"Salzburger Bergadvent im Gro\u00dfarltal"}]},{"@type":"WebSite","@id":"https:\/\/www.salzburgerland.com\/de\/magazin\/#website","url":"https:\/\/www.salzburgerland.com\/de\/magazin\/","name":"SalzburgerLand Magazin","description":"Geschichten und Interessantes aus dem SalzburgerLand","publisher":{"@id":"https:\/\/www.salzburgerland.com\/de\/magazin\/#organization"},"potentialAction":[{"@type":"SearchAction","target":{"@type":"EntryPoint","urlTemplate":"https:\/\/www.salzburgerland.com\/de\/magazin\/?s={search_term_string}"},"query-input":{"@type":"PropertyValueSpecification","valueRequired":true,"valueName":"search_term_string"}}],"inLanguage":"de"},{"@type":"Organization","@id":"https:\/\/www.salzburgerland.com\/de\/magazin\/#organization","name":"SalzburgerLand Tourismus","url":"https:\/\/www.salzburgerland.com\/de\/magazin\/","logo":{"@type":"ImageObject","inLanguage":"de","@id":"https:\/\/www.salzburgerland.com\/de\/magazin\/#\/schema\/logo\/image\/","url":"https:\/\/www.salzburgerland.com\/de\/magazin\/wp-content\/uploads\/2019\/06\/salzburgerland-logo1.jpg","contentUrl":"https:\/\/www.salzburgerland.com\/de\/magazin\/wp-content\/uploads\/2019\/06\/salzburgerland-logo1.jpg","width":2011,"height":866,"caption":"SalzburgerLand Tourismus"},"image":{"@id":"https:\/\/www.salzburgerland.com\/de\/magazin\/#\/schema\/logo\/image\/"},"sameAs":["https:\/\/www.facebook.com\/salzburgerland\/","https:\/\/x.com\/Salzburgerland","https:\/\/www.instagram.com\/salzburgerland\/","https:\/\/at.linkedin.com\/company\/salzburgerland-tourismus-gmbh","https:\/\/www.pinterest.at\/salzburgerland\/","https:\/\/www.youtube.com\/user\/salzburgerland","https:\/\/de.wikipedia.org\/wiki\/SalzburgerLand_Tourismus_GmbH"]},{"@type":"Person","@id":"https:\/\/www.salzburgerland.com\/de\/magazin\/#\/schema\/person\/eefc52d768e076743429fc6ec88d7e97","name":"Gast","url":"https:\/\/www.salzburgerland.com\/de\/magazin\/author\/gast\/"}]},"og_video":"https:\/\/www.youtube.com\/embed\/8e4WTkuC8Oo","og_video_type":"text\/html","og_video_duration":"193","og_video_width":"480","og_video_height":"270","ya_ovs_adult":"false","ya_ovs_upload_date":"2022-12-06T14:52:00+00:00","ya_ovs_allow_embed":"true"},"_wl_alt_label":[],"wl:entity_url":"http:\/\/open.salzburgerland.com\/magazin\/post\/zauberhafte_adventstimmung","_links":{"self":[{"href":"https:\/\/www.salzburgerland.com\/de\/magazin\/wp-json\/wp\/v2\/posts\/28843","targetHints":{"allow":["GET"]}}],"collection":[{"href":"https:\/\/www.salzburgerland.com\/de\/magazin\/wp-json\/wp\/v2\/posts"}],"about":[{"href":"https:\/\/www.salzburgerland.com\/de\/magazin\/wp-json\/wp\/v2\/types\/post"}],"author":[{"embeddable":true,"href":"https:\/\/www.salzburgerland.com\/de\/magazin\/wp-json\/wp\/v2\/users\/581"}],"replies":[{"embeddable":true,"href":"https:\/\/www.salzburgerland.com\/de\/magazin\/wp-json\/wp\/v2\/comments?post=28843"}],"version-history":[{"count":7,"href":"https:\/\/www.salzburgerland.com\/de\/magazin\/wp-json\/wp\/v2\/posts\/28843\/revisions"}],"predecessor-version":[{"id":179144,"href":"https:\/\/www.salzburgerland.com\/de\/magazin\/wp-json\/wp\/v2\/posts\/28843\/revisions\/179144"}],"wp:featuredmedia":[{"embeddable":true,"href":"https:\/\/www.salzburgerland.com\/de\/magazin\/wp-json\/wp\/v2\/media\/166969"}],"wp:attachment":[{"href":"https:\/\/www.salzburgerland.com\/de\/magazin\/wp-json\/wp\/v2\/media?parent=28843"}],"wp:term":[{"taxonomy":"category","embeddable":true,"href":"https:\/\/www.salzburgerland.com\/de\/magazin\/wp-json\/wp\/v2\/categories?post=28843"},{"taxonomy":"post_tag","embeddable":true,"href":"https:\/\/www.salzburgerland.com\/de\/magazin\/wp-json\/wp\/v2\/tags?post=28843"},{"taxonomy":"wl_entity_type","embeddable":true,"href":"https:\/\/www.salzburgerland.com\/de\/magazin\/wp-json\/wp\/v2\/wl_entity_type?post=28843"},{"taxonomy":"monatsauswahl","embeddable":true,"href":"https:\/\/www.salzburgerland.com\/de\/magazin\/wp-json\/wp\/v2\/monatsauswahl?post=28843"}],"curies":[{"name":"wp","href":"https:\/\/api.w.org\/{rel}","templated":true}]}}