{"id":28556,"date":"2012-12-13T09:13:54","date_gmt":"2012-12-13T08:13:54","guid":{"rendered":"http:\/\/magazin.salzburgerland.com\/?p=28556"},"modified":"2019-06-26T20:33:41","modified_gmt":"2019-06-26T18:33:41","slug":"freeriden-ist-trend","status":"publish","type":"post","link":"https:\/\/www.salzburgerland.com\/de\/magazin\/freeriden-ist-trend\/","title":{"rendered":"Freeriden ist Trend"},"content":{"rendered":"<p>Es sind jetzt schon ein paar Jahre vergangen, als die ersten Tiefschneefahrer mit ihren breiten Latten das alpine Gel\u00e4nde unsicher gemacht haben. Freeriden, hat man den neuen Sport genannt (wobei er bei genauerer Betrachtung gar nicht so neu war). Immerhin hat sich der Sport entwickelt und steht heute als eine der beliebtesten Wintersportarten im Blickfeld der Skiindustrie, der Medien und auch der Tourismuswirtschaft. Doch wohin geht das Freeriden? Hat der Boom bald ein Ende?<\/p>\n<p><a title=\"Eva Walkner\" href=\"http:\/\/www.evawalkner.com\" target=\"_blank\" rel=\"noopener noreferrer\">Eva Walkner<\/a>, das Freeride-Aush\u00e4ngeschild im SalzburgerLand, hat sich Zeit genommen, um einen Blick in die Glaskugel zu werfen und die aktuellen Trends zu analysieren. \u201eFreeriden ist auf jeden Fall noch immer im Trend\u201c, erkl\u00e4rt die zweifache Freeride-Weltmeisterin. Das Fahren im Tiefschnee, der Lifestyle, das Spielen in der Natur \u2013 das alles lockt die Skifahrer an. Die Freerider sind aber lange nicht mehr die Verr\u00fcckten, die sich hirnlos \u00fcber die Felskanten st\u00fcrzen. \u201eDas Thema Sicherheit und der Umgang mit der Natur steht immer mehr im Mittelpunkt\u201c, meint die Freeriderin. Ein Rucksack \u2013 mit Schaufel, Sonde und ein LVS-Ger\u00e4t \u2013 dazu noch Helm und Protektoren geh\u00f6ren zum Standardequipment wenn es um den Bereich \u201eLawinen und Sicherheit\u201c geht. Dar\u00fcber hinaus sieht man sehr oft noch Lawinenairbag-Rucks\u00e4cke (ABS-System) auf den R\u00fccken der Skifahrer und sonstige Sicherheits-Gimmicks. \u201eFreeride-Profis sind mit dem Risiko-Management vertraut, doch auch der Wochenend-Freerider setzt sich immer intensiver mit dem Thema auseinander\u201c, so die Kuchlerin. Dabei ist nicht nur die Ausr\u00fcstung wichtig, sondern man sollte dazu auch das n\u00f6tige Wissen mitbringen. \u201eDie Auswahl an Lawinen-Camps ist gro\u00df. Eine Teilnahme ein Mu\u00df\u201c, r\u00e4t Walkner.<\/p>\n<p>\u201eHike and Ride\u201c, so bezeichnet Eva Walkner das Freeriden der Zukunft. \u201eMan m\u00f6chte nicht nur neben der Piste den Tiefschneehang runterwedeln. Die Freerider nehmen immer l\u00e4ngere Aufstiege in Kauf, um ihre \u201eLine\u201c zu finden\u201c, erkl\u00e4rt sie. Aufstiege bis zu zwei Stunden stehen am Tagesprogramm. Die Grenzen zwischen Freeriden und alpinen Skitouren verschwimmen immer mehr. Auch die Industrie hat das erkannt und viele Firmen bieten Freeridebindungen an, die auch f\u00fcr den Aufstieg geeignet sind. Bei den Snowboarden sind die Splitboards gefragt, mit ihnen kann man wie mit Skitourenski aufsteigen und die beiden H\u00e4lften f\u00fcr die Abfahrt zusammenbauen. Auch hier spielt nat\u00fcrlich das Thema Sicherheit eine gro\u00dfe Rolle. Wer solche Unternehmungen startet sollte sich im alpinen Gel\u00e4nde sehr gut auskennen und auch f\u00fcr den Notfall ger\u00fcstet sein.<\/p>\n<p>\u201eContests sind heuer voll im Trend\u201c, meint die Freeriderin. Sie muss es ja wissen. Eva Walkner f\u00e4hrt schon seit einigen Jahren an der Weltspitze mit und kennt sich in der Contestszene aus. Der absolute Olymp ist die Freeride World Tour, wo man auf Namen wie Stefan H\u00e4usl, Manuela Mandl oder Flo Oerley trifft. Um dorthin zu kommen m\u00fcssen sich die Nachwuchsfreerider bei Qualifikationsrennen beweisen, denn nur die Besten d\u00fcrfen in der Champions-League der Freerider mitfahren. In \u00d6sterreich gibt es dazu eine eigene Eventserie. Bei der <a title=\"Open Faces Tour\" href=\"http:\/\/open-faces.com\/freeride\/\" target=\"_blank\" rel=\"noopener noreferrer\">Open-Faces-Freeride-Tour<\/a> kann man auch im SalzburgerLand Punkte f\u00fcr die Gesamtwertung sammeln.<\/p>\n<p><em>Bilder @ Hoffmann, Ziegler, FWT, Mandl, Lantscher<\/em><\/p>\n<div class=\"mag-gallery\"><div class=\"row\"><div class=\"col-6 col-sm-4\"><figure><a class=\"thumb-container\" href=\"https:\/\/www.salzburgerland.com\/de\/magazin\/wp-content\/uploads\/2012\/11\/c-Hoffmann-johannes-1280x1024.jpg\">\t<picture><source media=\"(min-width: 576px)\" srcset=\"\" \/><source media=\"(min-width: 0)\" srcset=\"https:\/\/www.salzburgerland.com\/de\/magazin\/wp-content\/uploads\/2012\/11\/c-Hoffmann-johannes.jpg 1200w, https:\/\/www.salzburgerland.com\/de\/magazin\/wp-content\/uploads\/2012\/11\/c-Hoffmann-johannes-225x300.jpg 225w, https:\/\/www.salzburgerland.com\/de\/magazin\/wp-content\/uploads\/2012\/11\/c-Hoffmann-johannes-413x550.jpg 413w, https:\/\/www.salzburgerland.com\/de\/magazin\/wp-content\/uploads\/2012\/11\/c-Hoffmann-johannes-300x400.jpg 300w\" \/><img decoding=\"async\" alt=\"Anstiege Freeride\" src=\"https:\/\/www.salzburgerland.com\/de\/magazin\/wp-content\/uploads\/2012\/11\/c-Hoffmann-johannes.jpg\" \/>\t<\/picture><\/a><\/figure><\/div><div class=\"col-6 col-sm-4\"><figure><a class=\"thumb-container\" href=\"https:\/\/www.salzburgerland.com\/de\/magazin\/wp-content\/uploads\/2012\/11\/c-Lantschner-Otto-1280x1024.jpg\">\t<picture><source media=\"(min-width: 576px)\" srcset=\"\" \/><source media=\"(min-width: 0)\" srcset=\"https:\/\/www.salzburgerland.com\/de\/magazin\/wp-content\/uploads\/2012\/11\/c-Lantschner-Otto.jpg 1200w, https:\/\/www.salzburgerland.com\/de\/magazin\/wp-content\/uploads\/2012\/11\/c-Lantschner-Otto-225x300.jpg 225w, https:\/\/www.salzburgerland.com\/de\/magazin\/wp-content\/uploads\/2012\/11\/c-Lantschner-Otto-413x550.jpg 413w, https:\/\/www.salzburgerland.com\/de\/magazin\/wp-content\/uploads\/2012\/11\/c-Lantschner-Otto-300x400.jpg 300w\" \/><img decoding=\"async\" alt=\"Splitboard Zipser Max\" src=\"https:\/\/www.salzburgerland.com\/de\/magazin\/wp-content\/uploads\/2012\/11\/c-Lantschner-Otto.jpg\" \/>\t<\/picture><\/a><\/figure><\/div><div class=\"col-6 col-sm-4\"><figure><a class=\"thumb-container\" href=\"https:\/\/www.salzburgerland.com\/de\/magazin\/wp-content\/uploads\/2012\/11\/claudiaziegler-0187-1280x1024.jpeg\">\t<picture><source media=\"(min-width: 576px)\" srcset=\"https:\/\/www.salzburgerland.com\/de\/magazin\/wp-content\/uploads\/2012\/11\/claudiaziegler-0187-325x209.jpeg 325w, https:\/\/www.salzburgerland.com\/de\/magazin\/wp-content\/uploads\/2012\/11\/claudiaziegler-0187-249x160.jpeg 249w\" \/><source media=\"(min-width: 0)\" srcset=\"https:\/\/www.salzburgerland.com\/de\/magazin\/wp-content\/uploads\/2012\/11\/claudiaziegler-0187-249x160.jpeg 249w, https:\/\/www.salzburgerland.com\/de\/magazin\/wp-content\/uploads\/2012\/11\/claudiaziegler-0187-325x209.jpeg 325w\" \/><img decoding=\"async\" alt=\"Eva Walkner Studioshot\" src=\"https:\/\/www.salzburgerland.com\/de\/magazin\/wp-content\/uploads\/2012\/11\/claudiaziegler-0187.jpeg\" \/>\t<\/picture><\/a><\/figure><\/div><div class=\"col-6 col-sm-4\"><figure><a class=\"thumb-container\" href=\"https:\/\/www.salzburgerland.com\/de\/magazin\/wp-content\/uploads\/2012\/11\/FreerideWorldTour-1280x1024.jpg\">\t<picture><source media=\"(min-width: 576px)\" srcset=\"\" \/><source media=\"(min-width: 0)\" srcset=\"https:\/\/www.salzburgerland.com\/de\/magazin\/wp-content\/uploads\/2012\/11\/FreerideWorldTour.jpg 973w, https:\/\/www.salzburgerland.com\/de\/magazin\/wp-content\/uploads\/2012\/11\/FreerideWorldTour-209x300.jpg 209w, https:\/\/www.salzburgerland.com\/de\/magazin\/wp-content\/uploads\/2012\/11\/FreerideWorldTour-382x550.jpg 382w, https:\/\/www.salzburgerland.com\/de\/magazin\/wp-content\/uploads\/2012\/11\/FreerideWorldTour-278x400.jpg 278w\" \/><img decoding=\"async\" alt=\"Freeride World Tour\" src=\"https:\/\/www.salzburgerland.com\/de\/magazin\/wp-content\/uploads\/2012\/11\/FreerideWorldTour.jpg\" \/>\t<\/picture><\/a><\/figure><\/div><div class=\"col-6 col-sm-4\"><figure><a class=\"thumb-container\" href=\"https:\/\/www.salzburgerland.com\/de\/magazin\/wp-content\/uploads\/2012\/11\/FreerideWorldTour2-1280x1024.jpg\">\t<picture><source media=\"(min-width: 576px)\" srcset=\"https:\/\/www.salzburgerland.com\/de\/magazin\/wp-content\/uploads\/2012\/11\/FreerideWorldTour2-325x209.jpg 325w, https:\/\/www.salzburgerland.com\/de\/magazin\/wp-content\/uploads\/2012\/11\/FreerideWorldTour2-249x160.jpg 249w\" \/><source media=\"(min-width: 0)\" srcset=\"https:\/\/www.salzburgerland.com\/de\/magazin\/wp-content\/uploads\/2012\/11\/FreerideWorldTour2-249x160.jpg 249w, https:\/\/www.salzburgerland.com\/de\/magazin\/wp-content\/uploads\/2012\/11\/FreerideWorldTour2-325x209.jpg 325w\" \/><img decoding=\"async\" alt=\"Eva Walkner FWT\" src=\"https:\/\/www.salzburgerland.com\/de\/magazin\/wp-content\/uploads\/2012\/11\/FreerideWorldTour2.jpg\" \/>\t<\/picture><\/a><\/figure><\/div><div class=\"col-6 col-sm-4\"><figure><a class=\"thumb-container\" href=\"https:\/\/www.salzburgerland.com\/de\/magazin\/wp-content\/uploads\/2012\/11\/hm_balkan_037-1280x1024.jpg\">\t<picture><source media=\"(min-width: 576px)\" srcset=\"\" \/><source media=\"(min-width: 0)\" srcset=\"https:\/\/www.salzburgerland.com\/de\/magazin\/wp-content\/uploads\/2012\/11\/hm_balkan_037.jpg 600w, https:\/\/www.salzburgerland.com\/de\/magazin\/wp-content\/uploads\/2012\/11\/hm_balkan_037-200x300.jpg 200w, https:\/\/www.salzburgerland.com\/de\/magazin\/wp-content\/uploads\/2012\/11\/hm_balkan_037-367x550.jpg 367w, https:\/\/www.salzburgerland.com\/de\/magazin\/wp-content\/uploads\/2012\/11\/hm_balkan_037-267x400.jpg 267w\" \/><img decoding=\"async\" alt=\"Eva Walkner Skitour\" src=\"https:\/\/www.salzburgerland.com\/de\/magazin\/wp-content\/uploads\/2012\/11\/hm_balkan_037.jpg\" \/>\t<\/picture><\/a><\/figure><\/div><div class=\"col-6 col-sm-4\"><figure><a class=\"thumb-container\" href=\"https:\/\/www.salzburgerland.com\/de\/magazin\/wp-content\/uploads\/2012\/11\/hm_weisssee_0412_003-1280x1024.jpg\">\t<picture><source media=\"(min-width: 576px)\" srcset=\"https:\/\/www.salzburgerland.com\/de\/magazin\/wp-content\/uploads\/2012\/11\/hm_weisssee_0412_003-325x209.jpg 325w, https:\/\/www.salzburgerland.com\/de\/magazin\/wp-content\/uploads\/2012\/11\/hm_weisssee_0412_003-249x160.jpg 249w\" \/><source media=\"(min-width: 0)\" srcset=\"https:\/\/www.salzburgerland.com\/de\/magazin\/wp-content\/uploads\/2012\/11\/hm_weisssee_0412_003-249x160.jpg 249w, https:\/\/www.salzburgerland.com\/de\/magazin\/wp-content\/uploads\/2012\/11\/hm_weisssee_0412_003-325x209.jpg 325w\" \/><img decoding=\"async\" alt=\"Eva Walkner Wei\u00dfsee\" src=\"https:\/\/www.salzburgerland.com\/de\/magazin\/wp-content\/uploads\/2012\/11\/hm_weisssee_0412_003.jpg\" \/>\t<\/picture><\/a><\/figure><\/div><\/div><\/div><figcaption><\/figcaption>\n","protected":false},"excerpt":{"rendered":"<p>Es sind jetzt schon ein paar Jahre vergangen, als die ersten Tiefschneefahrer mit ihren breiten Latten das alpine Gel\u00e4nde unsicher gemacht haben. Freeriden, hat man den neuen Sport genannt (wobei er bei genauerer Betrachtung gar nicht so neu war). Immerhin hat sich der Sport entwickelt und steht heute als eine der beliebtesten Wintersportarten im Blickfeld [&hellip;]<\/p>\n","protected":false},"author":10,"featured_media":28564,"comment_status":"open","ping_status":"open","sticky":false,"template":"","format":"standard","meta":{"_acf_changed":false,"wl_entities_gutenberg":"","_wl_entity_redirect_enabled":"","footnotes":""},"categories":[8],"tags":[],"wl_entity_type":[306],"monatsauswahl":[82,83,84,85,92,93],"class_list":["post-28556","post","type-post","status-publish","format-standard","has-post-thumbnail","hentry","category-outdoor-sport","wl_entity_type-article","monatsauswahl-monat_1","monatsauswahl-monat_2","monatsauswahl-monat_3","monatsauswahl-monat_4","monatsauswahl-monat_11","monatsauswahl-monat_12"],"acf":[],"yoast_head":"<!-- This site is optimized with the Yoast SEO Premium plugin v27.4 (Yoast SEO v27.4) - https:\/\/yoast.com\/product\/yoast-seo-premium-wordpress\/ -->\n<title>Freeriden ist Trend - SalzburgerLand Magazin<\/title>\n<meta name=\"description\" content=\"Es sind jetzt schon ein paar Jahre vergangen, als die ersten Tiefschneefahrer mit ihren breiten Latten das alpine Gel\u00e4nde unsicher gemacht haben. Freeriden, hat man den neuen Sport genannt (wobei er bei genauerer Betrachtung gar nicht so neu war). Immerhin hat sich der Sport entwickelt und steht heute als eine der beliebtesten Wintersportarten im Blickfeld [&hellip;]\" \/>\n<meta name=\"robots\" content=\"index, follow, max-snippet:-1, max-image-preview:large, max-video-preview:-1\" \/>\n<link rel=\"canonical\" href=\"https:\/\/www.salzburgerland.com\/de\/magazin\/freeriden-ist-trend\/\" \/>\n<meta property=\"og:locale\" content=\"de_DE\" \/>\n<meta property=\"og:type\" content=\"article\" \/>\n<meta property=\"og:title\" content=\"Freeriden ist Trend\" \/>\n<meta property=\"og:description\" content=\"Es sind jetzt schon ein paar Jahre vergangen, als die ersten Tiefschneefahrer mit ihren breiten Latten das alpine Gel\u00e4nde unsicher gemacht haben. Freeriden, hat man den neuen Sport genannt (wobei er bei genauerer Betrachtung gar nicht so neu war). Immerhin hat sich der Sport entwickelt und steht heute als eine der beliebtesten Wintersportarten im Blickfeld [&hellip;]\" \/>\n<meta property=\"og:url\" content=\"https:\/\/www.salzburgerland.com\/de\/magazin\/freeriden-ist-trend\/\" \/>\n<meta property=\"og:site_name\" content=\"SalzburgerLand Magazin\" \/>\n<meta property=\"article:publisher\" content=\"https:\/\/www.facebook.com\/salzburgerland\/\" \/>\n<meta property=\"article:published_time\" content=\"2012-12-13T08:13:54+00:00\" \/>\n<meta property=\"article:modified_time\" content=\"2019-06-26T18:33:41+00:00\" \/>\n<meta property=\"og:image\" content=\"https:\/\/www.salzburgerland.com\/de\/magazin\/wp-content\/uploads\/2012\/11\/hm_weisssee_0412_003.jpg\" \/>\n\t<meta property=\"og:image:width\" content=\"1600\" \/>\n\t<meta property=\"og:image:height\" content=\"1067\" \/>\n\t<meta property=\"og:image:type\" content=\"image\/jpeg\" \/>\n<meta name=\"author\" content=\"Heiko Mandl\" \/>\n<meta name=\"twitter:card\" content=\"summary_large_image\" \/>\n<meta name=\"twitter:creator\" content=\"@Salzburgerland\" \/>\n<meta name=\"twitter:site\" content=\"@Salzburgerland\" \/>\n<meta name=\"twitter:label1\" content=\"Verfasst von\" \/>\n\t<meta name=\"twitter:data1\" content=\"Heiko Mandl\" \/>\n\t<meta name=\"twitter:label2\" content=\"Gesch\u00e4tzte Lesezeit\" \/>\n\t<meta name=\"twitter:data2\" content=\"3\u00a0Minuten\" \/>\n<script type=\"application\/ld+json\" class=\"yoast-schema-graph\">{\"@context\":\"https:\\\/\\\/schema.org\",\"@graph\":[{\"@type\":\"Article\",\"@id\":\"https:\\\/\\\/www.salzburgerland.com\\\/de\\\/magazin\\\/freeriden-ist-trend\\\/#article\",\"isPartOf\":{\"@id\":\"https:\\\/\\\/www.salzburgerland.com\\\/de\\\/magazin\\\/freeriden-ist-trend\\\/\"},\"author\":{\"name\":\"Heiko Mandl\",\"@id\":\"https:\\\/\\\/www.salzburgerland.com\\\/de\\\/magazin\\\/#\\\/schema\\\/person\\\/8871c7c764fce6ea66752310e7fe9e98\"},\"headline\":\"Freeriden ist Trend\",\"datePublished\":\"2012-12-13T08:13:54+00:00\",\"dateModified\":\"2019-06-26T18:33:41+00:00\",\"mainEntityOfPage\":{\"@id\":\"https:\\\/\\\/www.salzburgerland.com\\\/de\\\/magazin\\\/freeriden-ist-trend\\\/\"},\"wordCount\":517,\"commentCount\":0,\"publisher\":{\"@id\":\"https:\\\/\\\/www.salzburgerland.com\\\/de\\\/magazin\\\/#organization\"},\"image\":{\"@id\":\"https:\\\/\\\/www.salzburgerland.com\\\/de\\\/magazin\\\/freeriden-ist-trend\\\/#primaryimage\"},\"thumbnailUrl\":\"https:\\\/\\\/www.salzburgerland.com\\\/de\\\/magazin\\\/wp-content\\\/uploads\\\/2012\\\/11\\\/hm_weisssee_0412_003.jpg\",\"articleSection\":[\"Outdoor &amp; Sport\"],\"inLanguage\":\"de\",\"potentialAction\":[{\"@type\":\"CommentAction\",\"name\":\"Comment\",\"target\":[\"https:\\\/\\\/www.salzburgerland.com\\\/de\\\/magazin\\\/freeriden-ist-trend\\\/#respond\"]}]},{\"@type\":\"WebPage\",\"@id\":\"https:\\\/\\\/www.salzburgerland.com\\\/de\\\/magazin\\\/freeriden-ist-trend\\\/\",\"url\":\"https:\\\/\\\/www.salzburgerland.com\\\/de\\\/magazin\\\/freeriden-ist-trend\\\/\",\"name\":\"Freeriden ist Trend - SalzburgerLand Magazin\",\"isPartOf\":{\"@id\":\"https:\\\/\\\/www.salzburgerland.com\\\/de\\\/magazin\\\/#website\"},\"primaryImageOfPage\":{\"@id\":\"https:\\\/\\\/www.salzburgerland.com\\\/de\\\/magazin\\\/freeriden-ist-trend\\\/#primaryimage\"},\"image\":{\"@id\":\"https:\\\/\\\/www.salzburgerland.com\\\/de\\\/magazin\\\/freeriden-ist-trend\\\/#primaryimage\"},\"thumbnailUrl\":\"https:\\\/\\\/www.salzburgerland.com\\\/de\\\/magazin\\\/wp-content\\\/uploads\\\/2012\\\/11\\\/hm_weisssee_0412_003.jpg\",\"datePublished\":\"2012-12-13T08:13:54+00:00\",\"dateModified\":\"2019-06-26T18:33:41+00:00\",\"breadcrumb\":{\"@id\":\"https:\\\/\\\/www.salzburgerland.com\\\/de\\\/magazin\\\/freeriden-ist-trend\\\/#breadcrumb\"},\"inLanguage\":\"de\",\"potentialAction\":[{\"@type\":\"ReadAction\",\"target\":[\"https:\\\/\\\/www.salzburgerland.com\\\/de\\\/magazin\\\/freeriden-ist-trend\\\/\"]}]},{\"@type\":\"ImageObject\",\"inLanguage\":\"de\",\"@id\":\"https:\\\/\\\/www.salzburgerland.com\\\/de\\\/magazin\\\/freeriden-ist-trend\\\/#primaryimage\",\"url\":\"https:\\\/\\\/www.salzburgerland.com\\\/de\\\/magazin\\\/wp-content\\\/uploads\\\/2012\\\/11\\\/hm_weisssee_0412_003.jpg\",\"contentUrl\":\"https:\\\/\\\/www.salzburgerland.com\\\/de\\\/magazin\\\/wp-content\\\/uploads\\\/2012\\\/11\\\/hm_weisssee_0412_003.jpg\",\"width\":1600,\"height\":1067,\"caption\":\"Eva Walkner Wei\u00dfsee\"},{\"@type\":\"BreadcrumbList\",\"@id\":\"https:\\\/\\\/www.salzburgerland.com\\\/de\\\/magazin\\\/freeriden-ist-trend\\\/#breadcrumb\",\"itemListElement\":[{\"@type\":\"ListItem\",\"position\":1,\"name\":\"Startseite\",\"item\":\"https:\\\/\\\/www.salzburgerland.com\\\/de\\\/magazin\\\/\"},{\"@type\":\"ListItem\",\"position\":2,\"name\":\"Outdoor &amp; Sport\",\"item\":\"https:\\\/\\\/www.salzburgerland.com\\\/de\\\/magazin\\\/thema\\\/outdoor-sport\\\/\"},{\"@type\":\"ListItem\",\"position\":3,\"name\":\"Freeriden ist Trend\"}]},{\"@type\":\"WebSite\",\"@id\":\"https:\\\/\\\/www.salzburgerland.com\\\/de\\\/magazin\\\/#website\",\"url\":\"https:\\\/\\\/www.salzburgerland.com\\\/de\\\/magazin\\\/\",\"name\":\"SalzburgerLand Magazin\",\"description\":\"Geschichten und Interessantes aus dem SalzburgerLand\",\"publisher\":{\"@id\":\"https:\\\/\\\/www.salzburgerland.com\\\/de\\\/magazin\\\/#organization\"},\"potentialAction\":[{\"@type\":\"SearchAction\",\"target\":{\"@type\":\"EntryPoint\",\"urlTemplate\":\"https:\\\/\\\/www.salzburgerland.com\\\/de\\\/magazin\\\/?s={search_term_string}\"},\"query-input\":{\"@type\":\"PropertyValueSpecification\",\"valueRequired\":true,\"valueName\":\"search_term_string\"}}],\"inLanguage\":\"de\"},{\"@type\":\"Organization\",\"@id\":\"https:\\\/\\\/www.salzburgerland.com\\\/de\\\/magazin\\\/#organization\",\"name\":\"SalzburgerLand Tourismus\",\"url\":\"https:\\\/\\\/www.salzburgerland.com\\\/de\\\/magazin\\\/\",\"logo\":{\"@type\":\"ImageObject\",\"inLanguage\":\"de\",\"@id\":\"https:\\\/\\\/www.salzburgerland.com\\\/de\\\/magazin\\\/#\\\/schema\\\/logo\\\/image\\\/\",\"url\":\"https:\\\/\\\/www.salzburgerland.com\\\/de\\\/magazin\\\/wp-content\\\/uploads\\\/2019\\\/06\\\/salzburgerland-logo1.jpg\",\"contentUrl\":\"https:\\\/\\\/www.salzburgerland.com\\\/de\\\/magazin\\\/wp-content\\\/uploads\\\/2019\\\/06\\\/salzburgerland-logo1.jpg\",\"width\":2011,\"height\":866,\"caption\":\"SalzburgerLand Tourismus\"},\"image\":{\"@id\":\"https:\\\/\\\/www.salzburgerland.com\\\/de\\\/magazin\\\/#\\\/schema\\\/logo\\\/image\\\/\"},\"sameAs\":[\"https:\\\/\\\/www.facebook.com\\\/salzburgerland\\\/\",\"https:\\\/\\\/x.com\\\/Salzburgerland\",\"https:\\\/\\\/www.instagram.com\\\/salzburgerland\\\/\",\"https:\\\/\\\/at.linkedin.com\\\/company\\\/salzburgerland-tourismus-gmbh\",\"https:\\\/\\\/www.pinterest.at\\\/salzburgerland\\\/\",\"https:\\\/\\\/www.youtube.com\\\/user\\\/salzburgerland\",\"https:\\\/\\\/de.wikipedia.org\\\/wiki\\\/SalzburgerLand_Tourismus_GmbH\"]},{\"@type\":\"Person\",\"@id\":\"https:\\\/\\\/www.salzburgerland.com\\\/de\\\/magazin\\\/#\\\/schema\\\/person\\\/8871c7c764fce6ea66752310e7fe9e98\",\"name\":\"Heiko Mandl\",\"description\":\"Heiko Mandl, geboren 1976 in Salzburg, ist durch den Journalismus zur Fotografie gekommen und ist seit zehn Jahren als selbstst\u00e4ndiger Fotograf und Autor in Salzburg t\u00e4tig. Schon von Kindheit an haben ihn die Berge vor seiner Haust\u00fcr fasziniert. Heute z\u00e4hlen sie unter anderem zu seinem Arbeitsplatz. Er arbeitet f\u00fcr internationale Outdoor- und Reisemagazine sowie zahlreiche Firmen und Agenturen. Luxushotel oder Almh\u00fctte: Ich kann beides genie\u00dfen und ich gehe das nach dem Motto: Alles zur richtigen Zeit und zur passenden Gelegenheit an. Wandern oder Laufen: Auf jeden Fall wandern, ist gem\u00fctlicher und man kann sich mehr auf die Umgebung konzentrieren. Golfplatz oder Klettergarten: Klettergarten, zumindest noch die n\u00e4chsten 20 Jahre. Fr\u00fchling, sommer, herbst oder Winter? Fr\u00fchling und Sommer und Herbst und Winter! Im SalzburgerLand ist es das ganze Jahr traumhaft sch\u00f6n. Wellness oder Mountainbike? Zuerst eine Runde mit dem Mountainbike und dann ab in den Wellnesstempel. Das eine schlie\u00dft das andere nicht aus!\",\"url\":\"https:\\\/\\\/www.salzburgerland.com\\\/de\\\/magazin\\\/author\\\/heiko-mandl\\\/\"}]}<\/script>\n<!-- \/ Yoast SEO Premium plugin. -->","yoast_head_json":{"title":"Freeriden ist Trend - SalzburgerLand Magazin","description":"Es sind jetzt schon ein paar Jahre vergangen, als die ersten Tiefschneefahrer mit ihren breiten Latten das alpine Gel\u00e4nde unsicher gemacht haben. Freeriden, hat man den neuen Sport genannt (wobei er bei genauerer Betrachtung gar nicht so neu war). Immerhin hat sich der Sport entwickelt und steht heute als eine der beliebtesten Wintersportarten im Blickfeld [&hellip;]","robots":{"index":"index","follow":"follow","max-snippet":"max-snippet:-1","max-image-preview":"max-image-preview:large","max-video-preview":"max-video-preview:-1"},"canonical":"https:\/\/www.salzburgerland.com\/de\/magazin\/freeriden-ist-trend\/","og_locale":"de_DE","og_type":"article","og_title":"Freeriden ist Trend","og_description":"Es sind jetzt schon ein paar Jahre vergangen, als die ersten Tiefschneefahrer mit ihren breiten Latten das alpine Gel\u00e4nde unsicher gemacht haben. Freeriden, hat man den neuen Sport genannt (wobei er bei genauerer Betrachtung gar nicht so neu war). Immerhin hat sich der Sport entwickelt und steht heute als eine der beliebtesten Wintersportarten im Blickfeld [&hellip;]","og_url":"https:\/\/www.salzburgerland.com\/de\/magazin\/freeriden-ist-trend\/","og_site_name":"SalzburgerLand Magazin","article_publisher":"https:\/\/www.facebook.com\/salzburgerland\/","article_published_time":"2012-12-13T08:13:54+00:00","article_modified_time":"2019-06-26T18:33:41+00:00","og_image":[{"width":1600,"height":1067,"url":"https:\/\/www.salzburgerland.com\/de\/magazin\/wp-content\/uploads\/2012\/11\/hm_weisssee_0412_003.jpg","type":"image\/jpeg"}],"author":"Heiko Mandl","twitter_card":"summary_large_image","twitter_creator":"@Salzburgerland","twitter_site":"@Salzburgerland","twitter_misc":{"Verfasst von":"Heiko Mandl","Gesch\u00e4tzte Lesezeit":"3\u00a0Minuten"},"schema":{"@context":"https:\/\/schema.org","@graph":[{"@type":"Article","@id":"https:\/\/www.salzburgerland.com\/de\/magazin\/freeriden-ist-trend\/#article","isPartOf":{"@id":"https:\/\/www.salzburgerland.com\/de\/magazin\/freeriden-ist-trend\/"},"author":{"name":"Heiko Mandl","@id":"https:\/\/www.salzburgerland.com\/de\/magazin\/#\/schema\/person\/8871c7c764fce6ea66752310e7fe9e98"},"headline":"Freeriden ist Trend","datePublished":"2012-12-13T08:13:54+00:00","dateModified":"2019-06-26T18:33:41+00:00","mainEntityOfPage":{"@id":"https:\/\/www.salzburgerland.com\/de\/magazin\/freeriden-ist-trend\/"},"wordCount":517,"commentCount":0,"publisher":{"@id":"https:\/\/www.salzburgerland.com\/de\/magazin\/#organization"},"image":{"@id":"https:\/\/www.salzburgerland.com\/de\/magazin\/freeriden-ist-trend\/#primaryimage"},"thumbnailUrl":"https:\/\/www.salzburgerland.com\/de\/magazin\/wp-content\/uploads\/2012\/11\/hm_weisssee_0412_003.jpg","articleSection":["Outdoor &amp; Sport"],"inLanguage":"de","potentialAction":[{"@type":"CommentAction","name":"Comment","target":["https:\/\/www.salzburgerland.com\/de\/magazin\/freeriden-ist-trend\/#respond"]}]},{"@type":"WebPage","@id":"https:\/\/www.salzburgerland.com\/de\/magazin\/freeriden-ist-trend\/","url":"https:\/\/www.salzburgerland.com\/de\/magazin\/freeriden-ist-trend\/","name":"Freeriden ist Trend - SalzburgerLand Magazin","isPartOf":{"@id":"https:\/\/www.salzburgerland.com\/de\/magazin\/#website"},"primaryImageOfPage":{"@id":"https:\/\/www.salzburgerland.com\/de\/magazin\/freeriden-ist-trend\/#primaryimage"},"image":{"@id":"https:\/\/www.salzburgerland.com\/de\/magazin\/freeriden-ist-trend\/#primaryimage"},"thumbnailUrl":"https:\/\/www.salzburgerland.com\/de\/magazin\/wp-content\/uploads\/2012\/11\/hm_weisssee_0412_003.jpg","datePublished":"2012-12-13T08:13:54+00:00","dateModified":"2019-06-26T18:33:41+00:00","breadcrumb":{"@id":"https:\/\/www.salzburgerland.com\/de\/magazin\/freeriden-ist-trend\/#breadcrumb"},"inLanguage":"de","potentialAction":[{"@type":"ReadAction","target":["https:\/\/www.salzburgerland.com\/de\/magazin\/freeriden-ist-trend\/"]}]},{"@type":"ImageObject","inLanguage":"de","@id":"https:\/\/www.salzburgerland.com\/de\/magazin\/freeriden-ist-trend\/#primaryimage","url":"https:\/\/www.salzburgerland.com\/de\/magazin\/wp-content\/uploads\/2012\/11\/hm_weisssee_0412_003.jpg","contentUrl":"https:\/\/www.salzburgerland.com\/de\/magazin\/wp-content\/uploads\/2012\/11\/hm_weisssee_0412_003.jpg","width":1600,"height":1067,"caption":"Eva Walkner Wei\u00dfsee"},{"@type":"BreadcrumbList","@id":"https:\/\/www.salzburgerland.com\/de\/magazin\/freeriden-ist-trend\/#breadcrumb","itemListElement":[{"@type":"ListItem","position":1,"name":"Startseite","item":"https:\/\/www.salzburgerland.com\/de\/magazin\/"},{"@type":"ListItem","position":2,"name":"Outdoor &amp; Sport","item":"https:\/\/www.salzburgerland.com\/de\/magazin\/thema\/outdoor-sport\/"},{"@type":"ListItem","position":3,"name":"Freeriden ist Trend"}]},{"@type":"WebSite","@id":"https:\/\/www.salzburgerland.com\/de\/magazin\/#website","url":"https:\/\/www.salzburgerland.com\/de\/magazin\/","name":"SalzburgerLand Magazin","description":"Geschichten und Interessantes aus dem SalzburgerLand","publisher":{"@id":"https:\/\/www.salzburgerland.com\/de\/magazin\/#organization"},"potentialAction":[{"@type":"SearchAction","target":{"@type":"EntryPoint","urlTemplate":"https:\/\/www.salzburgerland.com\/de\/magazin\/?s={search_term_string}"},"query-input":{"@type":"PropertyValueSpecification","valueRequired":true,"valueName":"search_term_string"}}],"inLanguage":"de"},{"@type":"Organization","@id":"https:\/\/www.salzburgerland.com\/de\/magazin\/#organization","name":"SalzburgerLand Tourismus","url":"https:\/\/www.salzburgerland.com\/de\/magazin\/","logo":{"@type":"ImageObject","inLanguage":"de","@id":"https:\/\/www.salzburgerland.com\/de\/magazin\/#\/schema\/logo\/image\/","url":"https:\/\/www.salzburgerland.com\/de\/magazin\/wp-content\/uploads\/2019\/06\/salzburgerland-logo1.jpg","contentUrl":"https:\/\/www.salzburgerland.com\/de\/magazin\/wp-content\/uploads\/2019\/06\/salzburgerland-logo1.jpg","width":2011,"height":866,"caption":"SalzburgerLand Tourismus"},"image":{"@id":"https:\/\/www.salzburgerland.com\/de\/magazin\/#\/schema\/logo\/image\/"},"sameAs":["https:\/\/www.facebook.com\/salzburgerland\/","https:\/\/x.com\/Salzburgerland","https:\/\/www.instagram.com\/salzburgerland\/","https:\/\/at.linkedin.com\/company\/salzburgerland-tourismus-gmbh","https:\/\/www.pinterest.at\/salzburgerland\/","https:\/\/www.youtube.com\/user\/salzburgerland","https:\/\/de.wikipedia.org\/wiki\/SalzburgerLand_Tourismus_GmbH"]},{"@type":"Person","@id":"https:\/\/www.salzburgerland.com\/de\/magazin\/#\/schema\/person\/8871c7c764fce6ea66752310e7fe9e98","name":"Heiko Mandl","description":"Heiko Mandl, geboren 1976 in Salzburg, ist durch den Journalismus zur Fotografie gekommen und ist seit zehn Jahren als selbstst\u00e4ndiger Fotograf und Autor in Salzburg t\u00e4tig. Schon von Kindheit an haben ihn die Berge vor seiner Haust\u00fcr fasziniert. Heute z\u00e4hlen sie unter anderem zu seinem Arbeitsplatz. Er arbeitet f\u00fcr internationale Outdoor- und Reisemagazine sowie zahlreiche Firmen und Agenturen. Luxushotel oder Almh\u00fctte: Ich kann beides genie\u00dfen und ich gehe das nach dem Motto: Alles zur richtigen Zeit und zur passenden Gelegenheit an. Wandern oder Laufen: Auf jeden Fall wandern, ist gem\u00fctlicher und man kann sich mehr auf die Umgebung konzentrieren. Golfplatz oder Klettergarten: Klettergarten, zumindest noch die n\u00e4chsten 20 Jahre. Fr\u00fchling, sommer, herbst oder Winter? Fr\u00fchling und Sommer und Herbst und Winter! Im SalzburgerLand ist es das ganze Jahr traumhaft sch\u00f6n. Wellness oder Mountainbike? Zuerst eine Runde mit dem Mountainbike und dann ab in den Wellnesstempel. Das eine schlie\u00dft das andere nicht aus!","url":"https:\/\/www.salzburgerland.com\/de\/magazin\/author\/heiko-mandl\/"}]}},"_wl_alt_label":[],"wl:entity_url":"http:\/\/open.salzburgerland.com\/magazin\/post\/freeriden_ist_trend","_links":{"self":[{"href":"https:\/\/www.salzburgerland.com\/de\/magazin\/wp-json\/wp\/v2\/posts\/28556","targetHints":{"allow":["GET"]}}],"collection":[{"href":"https:\/\/www.salzburgerland.com\/de\/magazin\/wp-json\/wp\/v2\/posts"}],"about":[{"href":"https:\/\/www.salzburgerland.com\/de\/magazin\/wp-json\/wp\/v2\/types\/post"}],"author":[{"embeddable":true,"href":"https:\/\/www.salzburgerland.com\/de\/magazin\/wp-json\/wp\/v2\/users\/10"}],"replies":[{"embeddable":true,"href":"https:\/\/www.salzburgerland.com\/de\/magazin\/wp-json\/wp\/v2\/comments?post=28556"}],"version-history":[{"count":0,"href":"https:\/\/www.salzburgerland.com\/de\/magazin\/wp-json\/wp\/v2\/posts\/28556\/revisions"}],"wp:featuredmedia":[{"embeddable":true,"href":"https:\/\/www.salzburgerland.com\/de\/magazin\/wp-json\/wp\/v2\/media\/28564"}],"wp:attachment":[{"href":"https:\/\/www.salzburgerland.com\/de\/magazin\/wp-json\/wp\/v2\/media?parent=28556"}],"wp:term":[{"taxonomy":"category","embeddable":true,"href":"https:\/\/www.salzburgerland.com\/de\/magazin\/wp-json\/wp\/v2\/categories?post=28556"},{"taxonomy":"post_tag","embeddable":true,"href":"https:\/\/www.salzburgerland.com\/de\/magazin\/wp-json\/wp\/v2\/tags?post=28556"},{"taxonomy":"wl_entity_type","embeddable":true,"href":"https:\/\/www.salzburgerland.com\/de\/magazin\/wp-json\/wp\/v2\/wl_entity_type?post=28556"},{"taxonomy":"monatsauswahl","embeddable":true,"href":"https:\/\/www.salzburgerland.com\/de\/magazin\/wp-json\/wp\/v2\/monatsauswahl?post=28556"}],"curies":[{"name":"wp","href":"https:\/\/api.w.org\/{rel}","templated":true}]}}