{"id":28493,"date":"2012-11-23T11:49:22","date_gmt":"2012-11-23T10:49:22","guid":{"rendered":"http:\/\/magazin.salzburgerland.com\/?p=28493"},"modified":"2019-06-26T20:33:53","modified_gmt":"2019-06-26T18:33:53","slug":"startklar-zum-powdern","status":"publish","type":"post","link":"https:\/\/www.salzburgerland.com\/de\/magazin\/startklar-zum-powdern\/","title":{"rendered":"Startklar zum Powdern"},"content":{"rendered":"<p>Unber\u00fchrte Tiefschneeh\u00e4nge, bizarre Gebirgsketten als Panorama und endlos wei\u00dfer Powder mit der eigenen Spur: F\u00fcr eine perfekte Tour im freien Gel\u00e4nde sollten aber unbedingt ein paar Punkte zur eigenen Sicherheit gecheckt werden.<\/p>\n<p>Risiko-Reduktion beginnt nicht erst beim Verlassen des gesicherten Skiraums, sondern bereits zu Hause. Durch das sorgf\u00e4ltige Lesen des aktuellen <a href=\"http:\/\/www.lawine.salzburg.at\/lagebericht.html\">Lawinen-Lageberichtes <\/a>kann man bereits die ersten Schl\u00fcsse ziehen: Was ist heute grunds\u00e4tzlich verantwortlich und was nicht? Klaus Wagenbichler, Saalfeldener Bergf\u00fchrer und <a href=\"http:\/\/www.bergrettung-salzburg.at\/\">Landesleiter Stv. der Salzburger Bergrettung <\/a>empfiehlt: \u201eWenn Sie eine l\u00e4ngere Skitour planen, dann achten Sie\u00a0auf die k\u00f6rperlichen M\u00f6glichkeiten aller Teilnehmer. Die richtige Auswahl der Route ist Grundvoraussetzung f\u00fcr eine erfolgreiche und genussvolle Tour\u201c.<\/p>\n<p>Zur Planung einer Skitour gibt er den Tipp, dass neben L\u00e4nge und zu \u00fcberwindenden H\u00f6henunterschied noch genug Reservezeit ber\u00fccksichtigt wird. Wagenbichler dazu: \u201eFragen Sie Bekannte, Einheimische oder Quartiergeber, die die Route bereits kennen. Schauen Sie sich alles genau auf der Karte an, dort k\u00f6nnen Sie auch die Steilheit des Gel\u00e4ndes herauslesen\u201c.<\/p>\n<p style=\"text-align: center;\"><img loading=\"lazy\" decoding=\"async\" class=\"aligncenter size-singlePost wp-image-28498\" title=\"Karte und Gel\u00e4nde\" src=\"https:\/\/www.salzburgerland.com\/de\/magazin\/wp-content\/uploads\/2012\/11\/DSC09876-650x435.jpg\" alt=\"\" width=\"650\" height=\"435\" \/><\/p>\n<p><strong>Tiefverschneite\u00a0Winterlandschaft mit\u00a0\u00fcberh\u00e4ngenden W\u00e4chten<\/strong><\/p>\n<p>Unsere unber\u00fchrte Natur bezaubert und die wei\u00dfen und unverspurten H\u00e4nge lassen jedes Skifahrerherz vor Freude frohlocken. Aber beachten Sie, dass Schnee durch wechselnde Wetter- und Temperaturbedingungen seine Konsistenz ver\u00e4ndert. Deshalb immer eine Notfallausr\u00fcstung &#8211; bestehend aus LVS (Lawinenversch\u00fctteten-Ger\u00e4t), eine Lawinenschaufel, eine Lawinensonde und eine Erste-Hilfe-Ausr\u00fcstung samt Biwacksack und Mobilfunk\u00a0&#8211; mitf\u00fchren.<\/p>\n<p>Viele Freerider wollen nicht mehr auf sogenannte Lawinenairbags, auch\u00a0ABS-Rucksack genannt,\u00a0verzichten. Der Lawinenairbag (ABS-Avalanche Airbag System) ist ein wiederverwendbares Rettungsger\u00e4t, das die \u00dcberlebenswahrscheinlichkeit von Personen, die von einer Lawine erfasst wurden, erh\u00f6hen soll.<\/p>\n<p><img loading=\"lazy\" decoding=\"async\" class=\"aligncenter size-singlePost wp-image-28499\" title=\"ABS Rucksack \" src=\"https:\/\/www.salzburgerland.com\/de\/magazin\/wp-content\/uploads\/2012\/11\/bergrettung_salzburg2-650x435.jpg\" alt=\"\" width=\"650\" height=\"435\" \/><\/p>\n<p><strong>Checken, \u00fcben und trainieren<\/strong><\/p>\n<p>Das Lawinenversch\u00fcttetensuchger\u00e4t sollte vor jeder Abfahrt gecheckt werden, ob es auch eingeschaltet ist und funktioniert. Es gibt viele M\u00f6glichkeiten damit zu \u00fcben. \u201eWer nur ein LVS-Ger\u00e4t mitf\u00fchrt, kann gerettet werden, aber nicht retten. Das gro\u00dfartigste Ger\u00e4t n\u00fctzt auch nichts, wenn ich seinen Einsatz nicht beherrsche\u201c, so der Bergf\u00fchrer und Bergretter. \u201eDeshalb \u00f6fters mit dem Ger\u00e4t zum Spa\u00df \u00fcben. LVS Checkpoints gibt es bereits in vielen Ski- und Freeridegebieten\u201c. Diese Anlagen stellen eine sehr wichtige Schnittstelle zwischen der gesicherten Piste und dem freien Gel\u00e4nde dar. An den Checkpoints kann die korrekte Sendefunktion des LVS-Ger\u00e4tes \u00fcberpr\u00fcft werden. Man geht mit einem auf Senden gestellten LVS-Ger\u00e4t in einem Abstand von 1-2 m Entfernung am Checkpoint vorbei. Wenn der Sender korrekt funktioniert, dann beginnt die gr\u00fcne Signallampe zu blinken und gleichzeitig ert\u00f6nt das Sendesignal aus dem Lautsprecher.<\/p>\n<p><img loading=\"lazy\" decoding=\"async\" class=\"aligncenter size-singlePost wp-image-28496\" title=\"Freerider-Checkpoint LVS (Foto Salzburger Bergrettung, S. Schiefer)\" src=\"https:\/\/www.salzburgerland.com\/de\/magazin\/wp-content\/uploads\/2012\/11\/1-650x435.jpg\" alt=\"Freerider-Checkpoint LVS (Foto Salzburger Bergrettung, S. Schiefer)\" width=\"650\" height=\"435\" \/><\/p>\n<p>Powderhungrige ohne gro\u00dfe Gel\u00e4ndekenntnisse k\u00f6nnen selbstverst\u00e4ndlich genauso endlose Tiefschneeh\u00e4nge entdecken, indem sie sich von staatlich gepr\u00fcften Berg- und Skif\u00fchrern begleiten lassen und wertvolle Tipps holen.<\/p>\n<p>Hohe Felsen, endloser Powder und darin die eigene Spur\u2026Allein schon der Blick zur\u00fcck nach den ersten Schw\u00fcngen ist \u00fcberw\u00e4ltigend. Doch nicht vergessen: Nur wer absolut orts- und lawinenkundig sowie gut ausger\u00fcstet ist, sollte gesicherte Pisten verlassen. Sicherheitsausr\u00fcstungen und Kenntnisse \u00fcber deren Benutzung sind ein Muss. Passende Sets k\u00f6nnen \u00fcbrigens jederzeit in den Sportgesch\u00e4ften und Skischulen ausgeliehen werden.<\/p>\n<p>@Fotos: <a href=\"http:\/\/www.bergrettung-salzburg.at\/\">Bergrettung Salzburg (S. Schiefer) <\/a>und SalzburgerLand<\/p>\n<div class=\"mag-gallery\"><div class=\"row\"><div class=\"col-6 col-sm-4\"><figure><a class=\"thumb-container\" href=\"https:\/\/www.salzburgerland.com\/de\/magazin\/wp-content\/uploads\/2012\/11\/bergrettung_salzburg2-1280x1024.jpg\">\t<picture><source media=\"(min-width: 576px)\" srcset=\"https:\/\/www.salzburgerland.com\/de\/magazin\/wp-content\/uploads\/2012\/11\/bergrettung_salzburg2-325x209.jpg 325w, https:\/\/www.salzburgerland.com\/de\/magazin\/wp-content\/uploads\/2012\/11\/bergrettung_salzburg2-249x160.jpg 249w\" \/><source media=\"(min-width: 0)\" srcset=\"https:\/\/www.salzburgerland.com\/de\/magazin\/wp-content\/uploads\/2012\/11\/bergrettung_salzburg2-249x160.jpg 249w, https:\/\/www.salzburgerland.com\/de\/magazin\/wp-content\/uploads\/2012\/11\/bergrettung_salzburg2-325x209.jpg 325w\" \/><img decoding=\"async\" alt=\"Person, die mit dem Snowboard bergab f\u00e4hrt und einen aufgeblasenen Lawinenairbag tr\u00e4gt, um sich in verschneitem, bergigem Gel\u00e4nde zu sch\u00fctzen.\" src=\"https:\/\/www.salzburgerland.com\/de\/magazin\/wp-content\/uploads\/2012\/11\/bergrettung_salzburg2.jpg\" \/>\t<\/picture><\/a><\/figure><\/div><div class=\"col-6 col-sm-4\"><figure><a class=\"thumb-container\" href=\"https:\/\/www.salzburgerland.com\/de\/magazin\/wp-content\/uploads\/2012\/11\/1-1280x1024.jpg\">\t<picture><source media=\"(min-width: 576px)\" srcset=\"https:\/\/www.salzburgerland.com\/de\/magazin\/wp-content\/uploads\/2012\/11\/1-325x209.jpg 325w, https:\/\/www.salzburgerland.com\/de\/magazin\/wp-content\/uploads\/2012\/11\/1-249x160.jpg 249w\" \/><source media=\"(min-width: 0)\" srcset=\"https:\/\/www.salzburgerland.com\/de\/magazin\/wp-content\/uploads\/2012\/11\/1-249x160.jpg 249w, https:\/\/www.salzburgerland.com\/de\/magazin\/wp-content\/uploads\/2012\/11\/1-325x209.jpg 325w\" \/><img decoding=\"async\" alt=\"Freerider-Checkpoint LVS (Foto Salzburger Bergrettung, S. Schiefer)\" src=\"https:\/\/www.salzburgerland.com\/de\/magazin\/wp-content\/uploads\/2012\/11\/1.jpg\" \/>\t<\/picture><\/a><\/figure><\/div><div class=\"col-6 col-sm-4\"><figure><a class=\"thumb-container\" href=\"https:\/\/www.salzburgerland.com\/de\/magazin\/wp-content\/uploads\/2012\/11\/DSC09846-1280x1024.jpg\">\t<picture><source media=\"(min-width: 576px)\" srcset=\"https:\/\/www.salzburgerland.com\/de\/magazin\/wp-content\/uploads\/2012\/11\/DSC09846-325x209.jpg 325w, https:\/\/www.salzburgerland.com\/de\/magazin\/wp-content\/uploads\/2012\/11\/DSC09846-249x160.jpg 249w\" \/><source media=\"(min-width: 0)\" srcset=\"https:\/\/www.salzburgerland.com\/de\/magazin\/wp-content\/uploads\/2012\/11\/DSC09846-249x160.jpg 249w, https:\/\/www.salzburgerland.com\/de\/magazin\/wp-content\/uploads\/2012\/11\/DSC09846-325x209.jpg 325w\" \/><img decoding=\"async\" alt=\"Eine Person in orangefarbener Skikleidung h\u00e4lt Skier und ein Ger\u00e4t in der N\u00e4he eines Lawinen-Sicherheits-Checkpoint-Schildes mit Diagrammen.\" src=\"https:\/\/www.salzburgerland.com\/de\/magazin\/wp-content\/uploads\/2012\/11\/DSC09846.jpg\" \/>\t<\/picture><\/a><\/figure><\/div><div class=\"col-6 col-sm-4\"><figure><a class=\"thumb-container\" href=\"https:\/\/www.salzburgerland.com\/de\/magazin\/wp-content\/uploads\/2012\/11\/DSC09876-1280x1024.jpg\">\t<picture><source media=\"(min-width: 576px)\" srcset=\"https:\/\/www.salzburgerland.com\/de\/magazin\/wp-content\/uploads\/2012\/11\/DSC09876-325x209.jpg 325w, https:\/\/www.salzburgerland.com\/de\/magazin\/wp-content\/uploads\/2012\/11\/DSC09876-249x160.jpg 249w\" \/><source media=\"(min-width: 0)\" srcset=\"https:\/\/www.salzburgerland.com\/de\/magazin\/wp-content\/uploads\/2012\/11\/DSC09876-249x160.jpg 249w, https:\/\/www.salzburgerland.com\/de\/magazin\/wp-content\/uploads\/2012\/11\/DSC09876-325x209.jpg 325w\" \/><img decoding=\"async\" alt=\"Eine Person in Winterkleidung liest eine Karte und benutzt ein GPS-Ger\u00e4t neben einem Rucksack im Schnee.\" src=\"https:\/\/www.salzburgerland.com\/de\/magazin\/wp-content\/uploads\/2012\/11\/DSC09876.jpg\" \/>\t<\/picture><\/a><\/figure><\/div><div class=\"col-6 col-sm-4\"><figure><a class=\"thumb-container\" href=\"https:\/\/www.salzburgerland.com\/de\/magazin\/wp-content\/uploads\/2012\/11\/freerider-1280x1024.jpg\">\t<picture><source media=\"(min-width: 576px)\" srcset=\"https:\/\/www.salzburgerland.com\/de\/magazin\/wp-content\/uploads\/2012\/11\/freerider-325x209.jpg 325w, https:\/\/www.salzburgerland.com\/de\/magazin\/wp-content\/uploads\/2012\/11\/freerider-249x160.jpg 249w\" \/><source media=\"(min-width: 0)\" srcset=\"https:\/\/www.salzburgerland.com\/de\/magazin\/wp-content\/uploads\/2012\/11\/freerider-249x160.jpg 249w, https:\/\/www.salzburgerland.com\/de\/magazin\/wp-content\/uploads\/2012\/11\/freerider-325x209.jpg 325w\" \/><img decoding=\"async\" alt=\"Ein Skifahrer in orangefarbener Hose springt von einer verschneiten Piste mit Bergen und Wolken im Hintergrund.\" src=\"https:\/\/www.salzburgerland.com\/de\/magazin\/wp-content\/uploads\/2012\/11\/freerider.jpg\" \/>\t<\/picture><\/a><\/figure><\/div><div class=\"col-6 col-sm-4\"><figure><a class=\"thumb-container\" href=\"https:\/\/www.salzburgerland.com\/de\/magazin\/wp-content\/uploads\/2012\/11\/seppschefer-1280x1024.jpg\">\t<picture><source media=\"(min-width: 576px)\" srcset=\"https:\/\/www.salzburgerland.com\/de\/magazin\/wp-content\/uploads\/2012\/11\/seppschefer-325x209.jpg 325w, https:\/\/www.salzburgerland.com\/de\/magazin\/wp-content\/uploads\/2012\/11\/seppschefer-249x160.jpg 249w\" \/><source media=\"(min-width: 0)\" srcset=\"https:\/\/www.salzburgerland.com\/de\/magazin\/wp-content\/uploads\/2012\/11\/seppschefer-249x160.jpg 249w, https:\/\/www.salzburgerland.com\/de\/magazin\/wp-content\/uploads\/2012\/11\/seppschefer-325x209.jpg 325w\" \/><img decoding=\"async\" alt=\"Trainieren und \u00fcben (Foto Bergrettung Salzburg, S. Schiefer)\" src=\"https:\/\/www.salzburgerland.com\/de\/magazin\/wp-content\/uploads\/2012\/11\/seppschefer.jpg\" \/>\t<\/picture><\/a><\/figure><\/div><div class=\"col-6 col-sm-4\"><figure><a class=\"thumb-container\" href=\"https:\/\/www.salzburgerland.com\/de\/magazin\/wp-content\/uploads\/2012\/11\/unverspurt-1280x1024.jpg\">\t<picture><source media=\"(min-width: 576px)\" srcset=\"https:\/\/www.salzburgerland.com\/de\/magazin\/wp-content\/uploads\/2012\/11\/unverspurt-325x209.jpg 325w, https:\/\/www.salzburgerland.com\/de\/magazin\/wp-content\/uploads\/2012\/11\/unverspurt-249x160.jpg 249w\" \/><source media=\"(min-width: 0)\" srcset=\"https:\/\/www.salzburgerland.com\/de\/magazin\/wp-content\/uploads\/2012\/11\/unverspurt-249x160.jpg 249w, https:\/\/www.salzburgerland.com\/de\/magazin\/wp-content\/uploads\/2012\/11\/unverspurt-325x209.jpg 325w\" \/><img decoding=\"async\" alt=\"Zwei Skifahrer stehen an einem steilen, verschneiten Berghang mit weit entfernten schneebedeckten Gipfeln unter blauem Himmel.\" src=\"https:\/\/www.salzburgerland.com\/de\/magazin\/wp-content\/uploads\/2012\/11\/unverspurt.jpg\" \/>\t<\/picture><\/a><\/figure><\/div><\/div><\/div><figcaption><\/figcaption>\n","protected":false},"excerpt":{"rendered":"<p>Unber\u00fchrte Tiefschneeh\u00e4nge, bizarre Gebirgsketten als Panorama und endlos wei\u00dfer Powder mit der eigenen Spur: F\u00fcr eine perfekte Tour im freien Gel\u00e4nde sollten aber unbedingt ein paar Punkte zur eigenen Sicherheit gecheckt werden. Risiko-Reduktion beginnt nicht erst beim Verlassen des gesicherten Skiraums, sondern bereits zu Hause. Durch das sorgf\u00e4ltige Lesen des aktuellen Lawinen-Lageberichtes kann man bereits [&hellip;]<\/p>\n","protected":false},"author":217,"featured_media":28501,"comment_status":"open","ping_status":"open","sticky":false,"template":"","format":"standard","meta":{"_acf_changed":false,"wl_entities_gutenberg":"","_wl_entity_redirect_enabled":"","footnotes":""},"categories":[8],"tags":[],"wl_entity_type":[306],"monatsauswahl":[82,83,84,85,92,93],"class_list":["post-28493","post","type-post","status-publish","format-standard","has-post-thumbnail","hentry","category-outdoor-sport","wl_entity_type-article","monatsauswahl-monat_1","monatsauswahl-monat_2","monatsauswahl-monat_3","monatsauswahl-monat_4","monatsauswahl-monat_11","monatsauswahl-monat_12"],"acf":[],"yoast_head":"<!-- This site is optimized with the Yoast SEO Premium plugin v27.4 (Yoast SEO v27.4) - https:\/\/yoast.com\/product\/yoast-seo-premium-wordpress\/ -->\n<title>Startklar zum Powdern - SalzburgerLand Magazin<\/title>\n<meta name=\"description\" content=\"Unber\u00fchrte Tiefschneeh\u00e4nge, bizarre Gebirgsketten als Panorama und endlos wei\u00dfer Powder mit der eigenen Spur: F\u00fcr eine perfekte Tour im freien Gel\u00e4nde sollten aber unbedingt ein paar Punkte zur eigenen Sicherheit gecheckt werden. Risiko-Reduktion beginnt nicht erst beim Verlassen des gesicherten Skiraums, sondern bereits zu Hause. Durch das sorgf\u00e4ltige Lesen des aktuellen Lawinen-Lageberichtes kann man bereits [&hellip;]\" \/>\n<meta name=\"robots\" content=\"index, follow, max-snippet:-1, max-image-preview:large, max-video-preview:-1\" \/>\n<link rel=\"canonical\" href=\"https:\/\/www.salzburgerland.com\/de\/magazin\/startklar-zum-powdern\/\" \/>\n<meta property=\"og:locale\" content=\"de_DE\" \/>\n<meta property=\"og:type\" content=\"article\" \/>\n<meta property=\"og:title\" content=\"Startklar zum Powdern\" \/>\n<meta property=\"og:description\" content=\"Unber\u00fchrte Tiefschneeh\u00e4nge, bizarre Gebirgsketten als Panorama und endlos wei\u00dfer Powder mit der eigenen Spur: F\u00fcr eine perfekte Tour im freien Gel\u00e4nde sollten aber unbedingt ein paar Punkte zur eigenen Sicherheit gecheckt werden. Risiko-Reduktion beginnt nicht erst beim Verlassen des gesicherten Skiraums, sondern bereits zu Hause. Durch das sorgf\u00e4ltige Lesen des aktuellen Lawinen-Lageberichtes kann man bereits [&hellip;]\" \/>\n<meta property=\"og:url\" content=\"https:\/\/www.salzburgerland.com\/de\/magazin\/startklar-zum-powdern\/\" \/>\n<meta property=\"og:site_name\" content=\"SalzburgerLand Magazin\" \/>\n<meta property=\"article:publisher\" content=\"https:\/\/www.facebook.com\/salzburgerland\/\" \/>\n<meta property=\"article:published_time\" content=\"2012-11-23T10:49:22+00:00\" \/>\n<meta property=\"article:modified_time\" content=\"2019-06-26T18:33:53+00:00\" \/>\n<meta property=\"og:image\" content=\"https:\/\/www.salzburgerland.com\/de\/magazin\/wp-content\/uploads\/2012\/11\/freerider.jpg\" \/>\n\t<meta property=\"og:image:width\" content=\"800\" \/>\n\t<meta property=\"og:image:height\" content=\"600\" \/>\n\t<meta property=\"og:image:type\" content=\"image\/jpeg\" \/>\n<meta name=\"author\" content=\"Maria Riedler\" \/>\n<meta name=\"twitter:card\" content=\"summary_large_image\" \/>\n<meta name=\"twitter:creator\" content=\"@Salzburgerland\" \/>\n<meta name=\"twitter:site\" content=\"@Salzburgerland\" \/>\n<meta name=\"twitter:label1\" content=\"Verfasst von\" \/>\n\t<meta name=\"twitter:data1\" content=\"Maria Riedler\" \/>\n\t<meta name=\"twitter:label2\" content=\"Gesch\u00e4tzte Lesezeit\" \/>\n\t<meta name=\"twitter:data2\" content=\"3\u00a0Minuten\" \/>\n<script type=\"application\/ld+json\" class=\"yoast-schema-graph\">{\"@context\":\"https:\\\/\\\/schema.org\",\"@graph\":[{\"@type\":\"Article\",\"@id\":\"https:\\\/\\\/www.salzburgerland.com\\\/de\\\/magazin\\\/startklar-zum-powdern\\\/#article\",\"isPartOf\":{\"@id\":\"https:\\\/\\\/www.salzburgerland.com\\\/de\\\/magazin\\\/startklar-zum-powdern\\\/\"},\"author\":{\"name\":\"Maria Riedler\",\"@id\":\"https:\\\/\\\/www.salzburgerland.com\\\/de\\\/magazin\\\/#\\\/schema\\\/person\\\/0cd712588b834668bcd33d7a0668adb3\"},\"headline\":\"Startklar zum Powdern\",\"datePublished\":\"2012-11-23T10:49:22+00:00\",\"dateModified\":\"2019-06-26T18:33:53+00:00\",\"mainEntityOfPage\":{\"@id\":\"https:\\\/\\\/www.salzburgerland.com\\\/de\\\/magazin\\\/startklar-zum-powdern\\\/\"},\"wordCount\":543,\"commentCount\":0,\"publisher\":{\"@id\":\"https:\\\/\\\/www.salzburgerland.com\\\/de\\\/magazin\\\/#organization\"},\"image\":{\"@id\":\"https:\\\/\\\/www.salzburgerland.com\\\/de\\\/magazin\\\/startklar-zum-powdern\\\/#primaryimage\"},\"thumbnailUrl\":\"https:\\\/\\\/www.salzburgerland.com\\\/de\\\/magazin\\\/wp-content\\\/uploads\\\/2012\\\/11\\\/freerider.jpg\",\"articleSection\":[\"Outdoor &amp; Sport\"],\"inLanguage\":\"de\",\"potentialAction\":[{\"@type\":\"CommentAction\",\"name\":\"Comment\",\"target\":[\"https:\\\/\\\/www.salzburgerland.com\\\/de\\\/magazin\\\/startklar-zum-powdern\\\/#respond\"]}]},{\"@type\":\"WebPage\",\"@id\":\"https:\\\/\\\/www.salzburgerland.com\\\/de\\\/magazin\\\/startklar-zum-powdern\\\/\",\"url\":\"https:\\\/\\\/www.salzburgerland.com\\\/de\\\/magazin\\\/startklar-zum-powdern\\\/\",\"name\":\"Startklar zum Powdern - SalzburgerLand Magazin\",\"isPartOf\":{\"@id\":\"https:\\\/\\\/www.salzburgerland.com\\\/de\\\/magazin\\\/#website\"},\"primaryImageOfPage\":{\"@id\":\"https:\\\/\\\/www.salzburgerland.com\\\/de\\\/magazin\\\/startklar-zum-powdern\\\/#primaryimage\"},\"image\":{\"@id\":\"https:\\\/\\\/www.salzburgerland.com\\\/de\\\/magazin\\\/startklar-zum-powdern\\\/#primaryimage\"},\"thumbnailUrl\":\"https:\\\/\\\/www.salzburgerland.com\\\/de\\\/magazin\\\/wp-content\\\/uploads\\\/2012\\\/11\\\/freerider.jpg\",\"datePublished\":\"2012-11-23T10:49:22+00:00\",\"dateModified\":\"2019-06-26T18:33:53+00:00\",\"breadcrumb\":{\"@id\":\"https:\\\/\\\/www.salzburgerland.com\\\/de\\\/magazin\\\/startklar-zum-powdern\\\/#breadcrumb\"},\"inLanguage\":\"de\",\"potentialAction\":[{\"@type\":\"ReadAction\",\"target\":[\"https:\\\/\\\/www.salzburgerland.com\\\/de\\\/magazin\\\/startklar-zum-powdern\\\/\"]}]},{\"@type\":\"ImageObject\",\"inLanguage\":\"de\",\"@id\":\"https:\\\/\\\/www.salzburgerland.com\\\/de\\\/magazin\\\/startklar-zum-powdern\\\/#primaryimage\",\"url\":\"https:\\\/\\\/www.salzburgerland.com\\\/de\\\/magazin\\\/wp-content\\\/uploads\\\/2012\\\/11\\\/freerider.jpg\",\"contentUrl\":\"https:\\\/\\\/www.salzburgerland.com\\\/de\\\/magazin\\\/wp-content\\\/uploads\\\/2012\\\/11\\\/freerider.jpg\",\"width\":800,\"height\":600,\"caption\":\"Ein Skifahrer in orangefarbener Hose springt von einer verschneiten Piste mit Bergen und Wolken im Hintergrund.\"},{\"@type\":\"BreadcrumbList\",\"@id\":\"https:\\\/\\\/www.salzburgerland.com\\\/de\\\/magazin\\\/startklar-zum-powdern\\\/#breadcrumb\",\"itemListElement\":[{\"@type\":\"ListItem\",\"position\":1,\"name\":\"Startseite\",\"item\":\"https:\\\/\\\/www.salzburgerland.com\\\/de\\\/magazin\\\/\"},{\"@type\":\"ListItem\",\"position\":2,\"name\":\"Outdoor &amp; Sport\",\"item\":\"https:\\\/\\\/www.salzburgerland.com\\\/de\\\/magazin\\\/thema\\\/outdoor-sport\\\/\"},{\"@type\":\"ListItem\",\"position\":3,\"name\":\"Startklar zum Powdern\"}]},{\"@type\":\"WebSite\",\"@id\":\"https:\\\/\\\/www.salzburgerland.com\\\/de\\\/magazin\\\/#website\",\"url\":\"https:\\\/\\\/www.salzburgerland.com\\\/de\\\/magazin\\\/\",\"name\":\"SalzburgerLand Magazin\",\"description\":\"Geschichten und Interessantes aus dem SalzburgerLand\",\"publisher\":{\"@id\":\"https:\\\/\\\/www.salzburgerland.com\\\/de\\\/magazin\\\/#organization\"},\"potentialAction\":[{\"@type\":\"SearchAction\",\"target\":{\"@type\":\"EntryPoint\",\"urlTemplate\":\"https:\\\/\\\/www.salzburgerland.com\\\/de\\\/magazin\\\/?s={search_term_string}\"},\"query-input\":{\"@type\":\"PropertyValueSpecification\",\"valueRequired\":true,\"valueName\":\"search_term_string\"}}],\"inLanguage\":\"de\"},{\"@type\":\"Organization\",\"@id\":\"https:\\\/\\\/www.salzburgerland.com\\\/de\\\/magazin\\\/#organization\",\"name\":\"SalzburgerLand Tourismus\",\"url\":\"https:\\\/\\\/www.salzburgerland.com\\\/de\\\/magazin\\\/\",\"logo\":{\"@type\":\"ImageObject\",\"inLanguage\":\"de\",\"@id\":\"https:\\\/\\\/www.salzburgerland.com\\\/de\\\/magazin\\\/#\\\/schema\\\/logo\\\/image\\\/\",\"url\":\"https:\\\/\\\/www.salzburgerland.com\\\/de\\\/magazin\\\/wp-content\\\/uploads\\\/2019\\\/06\\\/salzburgerland-logo1.jpg\",\"contentUrl\":\"https:\\\/\\\/www.salzburgerland.com\\\/de\\\/magazin\\\/wp-content\\\/uploads\\\/2019\\\/06\\\/salzburgerland-logo1.jpg\",\"width\":2011,\"height\":866,\"caption\":\"SalzburgerLand Tourismus\"},\"image\":{\"@id\":\"https:\\\/\\\/www.salzburgerland.com\\\/de\\\/magazin\\\/#\\\/schema\\\/logo\\\/image\\\/\"},\"sameAs\":[\"https:\\\/\\\/www.facebook.com\\\/salzburgerland\\\/\",\"https:\\\/\\\/x.com\\\/Salzburgerland\",\"https:\\\/\\\/www.instagram.com\\\/salzburgerland\\\/\",\"https:\\\/\\\/at.linkedin.com\\\/company\\\/salzburgerland-tourismus-gmbh\",\"https:\\\/\\\/www.pinterest.at\\\/salzburgerland\\\/\",\"https:\\\/\\\/www.youtube.com\\\/user\\\/salzburgerland\",\"https:\\\/\\\/de.wikipedia.org\\\/wiki\\\/SalzburgerLand_Tourismus_GmbH\"]},{\"@type\":\"Person\",\"@id\":\"https:\\\/\\\/www.salzburgerland.com\\\/de\\\/magazin\\\/#\\\/schema\\\/person\\\/0cd712588b834668bcd33d7a0668adb3\",\"name\":\"Maria Riedler\",\"description\":\"Ein Bild sagt mehr als tausend Worte, hei\u00dft es. Aber genauso wichtig ist die Geschichte dazu. Spannende Texte haben nicht nur einen gro\u00dfen Effekt auf unsere Wahrnehmung, sie lassen auch das Kopfkino in uns starten! Den Dingen nachzusp\u00fcren und auf den Grund zu gehen, das geh\u00f6rt jedenfalls seit meiner Jugendzeit zu mir ... Maria Riedler studierte neben ihrer T\u00e4tigkeit als Kinderkrankenschwester Publizistik und P\u00e4dagogik. Nach dem Studium verbrachte sie \u00fcber zwei Jahre in Australien, wo sie f\u00fcr den staatlichen Rundfunk SBS arbeitete. Anschlie\u00dfend war sie f\u00fcnf Jahre freie Mitarbeiterin im ORF Landesstudio Salzburg, weiters Kommunikationsbeauftragte beim Arbeitskreis f\u00fcr Vorsorgemedizin Salzburg (AVOS), war freiberufliche Journalistin bei der Salzburgerin und ist als Redakteurin f\u00fcr die Pongauer Nachrichten t\u00e4tig. Neben Schreiben, Fotografieren und Lesen liebt sie vor allem unsere Berge und ist ehrenamtlich Bergrettungshundef\u00fchrerin und Pressereferentin der Bergrettung Salzburg. Dosige(r) oder Zuagroast? Eindeutig dosig - aus dem\u00a0einmaligen Lungau. Fr\u00fchling, Sommer, Herbst oder Winter? Nachdem ich auch einige Jahre in Australien gelebt habe, bin ich mir sicher, dass uns weltweit die Menschen um diese so unterschiedlich sch\u00f6nen und so facettenreichen Jahreszeiten beneiden. Luxushotel oder Almh\u00fctte? Obwohl so ein Luxushotel schon seine Reize hat, genie\u00dfe ich doch meist eher die Einsamkeit auf einer Almh\u00fctte\u2026. Mozart oder Hubert von Goisern? Wie sch\u00f6n, dass wir so begnadete Musiker haben!\u00a0Leider\u00a0gibt es f\u00fcr mich - wie so oft - siehe oben und unten :-) kein Entweder-Oder\u2026 Ausstellung oder Bergpanorama? \\\"Kunst w\u00e4scht den Staub des Alltag von der Seele\\\", meinte Pablo Picasso. \u00a0Die Berge und deren Traumpanorama brauche ich auch, um mir\u00a0neue Perspektiven vom Leben zu holen.\u00a0Also:\u00a0Es muss doch mehr als alles geben \u00a0- wahrscheinlich mein Lebensmotto, deshalb bitte keine weiteren Entweder-Oder Fragen!\u00a0:-) Wer jemals einen Sonnenaufgang oder Sonnenuntergang in unseren Bergen erlebt hat, wei\u00df um die Einmaligkeit dieser Bilder und Eindr\u00fccke.\",\"url\":\"https:\\\/\\\/www.salzburgerland.com\\\/de\\\/magazin\\\/author\\\/mriedler\\\/\"}]}<\/script>\n<!-- \/ Yoast SEO Premium plugin. -->","yoast_head_json":{"title":"Startklar zum Powdern - SalzburgerLand Magazin","description":"Unber\u00fchrte Tiefschneeh\u00e4nge, bizarre Gebirgsketten als Panorama und endlos wei\u00dfer Powder mit der eigenen Spur: F\u00fcr eine perfekte Tour im freien Gel\u00e4nde sollten aber unbedingt ein paar Punkte zur eigenen Sicherheit gecheckt werden. Risiko-Reduktion beginnt nicht erst beim Verlassen des gesicherten Skiraums, sondern bereits zu Hause. Durch das sorgf\u00e4ltige Lesen des aktuellen Lawinen-Lageberichtes kann man bereits [&hellip;]","robots":{"index":"index","follow":"follow","max-snippet":"max-snippet:-1","max-image-preview":"max-image-preview:large","max-video-preview":"max-video-preview:-1"},"canonical":"https:\/\/www.salzburgerland.com\/de\/magazin\/startklar-zum-powdern\/","og_locale":"de_DE","og_type":"article","og_title":"Startklar zum Powdern","og_description":"Unber\u00fchrte Tiefschneeh\u00e4nge, bizarre Gebirgsketten als Panorama und endlos wei\u00dfer Powder mit der eigenen Spur: F\u00fcr eine perfekte Tour im freien Gel\u00e4nde sollten aber unbedingt ein paar Punkte zur eigenen Sicherheit gecheckt werden. Risiko-Reduktion beginnt nicht erst beim Verlassen des gesicherten Skiraums, sondern bereits zu Hause. Durch das sorgf\u00e4ltige Lesen des aktuellen Lawinen-Lageberichtes kann man bereits [&hellip;]","og_url":"https:\/\/www.salzburgerland.com\/de\/magazin\/startklar-zum-powdern\/","og_site_name":"SalzburgerLand Magazin","article_publisher":"https:\/\/www.facebook.com\/salzburgerland\/","article_published_time":"2012-11-23T10:49:22+00:00","article_modified_time":"2019-06-26T18:33:53+00:00","og_image":[{"width":800,"height":600,"url":"https:\/\/www.salzburgerland.com\/de\/magazin\/wp-content\/uploads\/2012\/11\/freerider.jpg","type":"image\/jpeg"}],"author":"Maria Riedler","twitter_card":"summary_large_image","twitter_creator":"@Salzburgerland","twitter_site":"@Salzburgerland","twitter_misc":{"Verfasst von":"Maria Riedler","Gesch\u00e4tzte Lesezeit":"3\u00a0Minuten"},"schema":{"@context":"https:\/\/schema.org","@graph":[{"@type":"Article","@id":"https:\/\/www.salzburgerland.com\/de\/magazin\/startklar-zum-powdern\/#article","isPartOf":{"@id":"https:\/\/www.salzburgerland.com\/de\/magazin\/startklar-zum-powdern\/"},"author":{"name":"Maria Riedler","@id":"https:\/\/www.salzburgerland.com\/de\/magazin\/#\/schema\/person\/0cd712588b834668bcd33d7a0668adb3"},"headline":"Startklar zum Powdern","datePublished":"2012-11-23T10:49:22+00:00","dateModified":"2019-06-26T18:33:53+00:00","mainEntityOfPage":{"@id":"https:\/\/www.salzburgerland.com\/de\/magazin\/startklar-zum-powdern\/"},"wordCount":543,"commentCount":0,"publisher":{"@id":"https:\/\/www.salzburgerland.com\/de\/magazin\/#organization"},"image":{"@id":"https:\/\/www.salzburgerland.com\/de\/magazin\/startklar-zum-powdern\/#primaryimage"},"thumbnailUrl":"https:\/\/www.salzburgerland.com\/de\/magazin\/wp-content\/uploads\/2012\/11\/freerider.jpg","articleSection":["Outdoor &amp; Sport"],"inLanguage":"de","potentialAction":[{"@type":"CommentAction","name":"Comment","target":["https:\/\/www.salzburgerland.com\/de\/magazin\/startklar-zum-powdern\/#respond"]}]},{"@type":"WebPage","@id":"https:\/\/www.salzburgerland.com\/de\/magazin\/startklar-zum-powdern\/","url":"https:\/\/www.salzburgerland.com\/de\/magazin\/startklar-zum-powdern\/","name":"Startklar zum Powdern - SalzburgerLand Magazin","isPartOf":{"@id":"https:\/\/www.salzburgerland.com\/de\/magazin\/#website"},"primaryImageOfPage":{"@id":"https:\/\/www.salzburgerland.com\/de\/magazin\/startklar-zum-powdern\/#primaryimage"},"image":{"@id":"https:\/\/www.salzburgerland.com\/de\/magazin\/startklar-zum-powdern\/#primaryimage"},"thumbnailUrl":"https:\/\/www.salzburgerland.com\/de\/magazin\/wp-content\/uploads\/2012\/11\/freerider.jpg","datePublished":"2012-11-23T10:49:22+00:00","dateModified":"2019-06-26T18:33:53+00:00","breadcrumb":{"@id":"https:\/\/www.salzburgerland.com\/de\/magazin\/startklar-zum-powdern\/#breadcrumb"},"inLanguage":"de","potentialAction":[{"@type":"ReadAction","target":["https:\/\/www.salzburgerland.com\/de\/magazin\/startklar-zum-powdern\/"]}]},{"@type":"ImageObject","inLanguage":"de","@id":"https:\/\/www.salzburgerland.com\/de\/magazin\/startklar-zum-powdern\/#primaryimage","url":"https:\/\/www.salzburgerland.com\/de\/magazin\/wp-content\/uploads\/2012\/11\/freerider.jpg","contentUrl":"https:\/\/www.salzburgerland.com\/de\/magazin\/wp-content\/uploads\/2012\/11\/freerider.jpg","width":800,"height":600,"caption":"Ein Skifahrer in orangefarbener Hose springt von einer verschneiten Piste mit Bergen und Wolken im Hintergrund."},{"@type":"BreadcrumbList","@id":"https:\/\/www.salzburgerland.com\/de\/magazin\/startklar-zum-powdern\/#breadcrumb","itemListElement":[{"@type":"ListItem","position":1,"name":"Startseite","item":"https:\/\/www.salzburgerland.com\/de\/magazin\/"},{"@type":"ListItem","position":2,"name":"Outdoor &amp; Sport","item":"https:\/\/www.salzburgerland.com\/de\/magazin\/thema\/outdoor-sport\/"},{"@type":"ListItem","position":3,"name":"Startklar zum Powdern"}]},{"@type":"WebSite","@id":"https:\/\/www.salzburgerland.com\/de\/magazin\/#website","url":"https:\/\/www.salzburgerland.com\/de\/magazin\/","name":"SalzburgerLand Magazin","description":"Geschichten und Interessantes aus dem SalzburgerLand","publisher":{"@id":"https:\/\/www.salzburgerland.com\/de\/magazin\/#organization"},"potentialAction":[{"@type":"SearchAction","target":{"@type":"EntryPoint","urlTemplate":"https:\/\/www.salzburgerland.com\/de\/magazin\/?s={search_term_string}"},"query-input":{"@type":"PropertyValueSpecification","valueRequired":true,"valueName":"search_term_string"}}],"inLanguage":"de"},{"@type":"Organization","@id":"https:\/\/www.salzburgerland.com\/de\/magazin\/#organization","name":"SalzburgerLand Tourismus","url":"https:\/\/www.salzburgerland.com\/de\/magazin\/","logo":{"@type":"ImageObject","inLanguage":"de","@id":"https:\/\/www.salzburgerland.com\/de\/magazin\/#\/schema\/logo\/image\/","url":"https:\/\/www.salzburgerland.com\/de\/magazin\/wp-content\/uploads\/2019\/06\/salzburgerland-logo1.jpg","contentUrl":"https:\/\/www.salzburgerland.com\/de\/magazin\/wp-content\/uploads\/2019\/06\/salzburgerland-logo1.jpg","width":2011,"height":866,"caption":"SalzburgerLand Tourismus"},"image":{"@id":"https:\/\/www.salzburgerland.com\/de\/magazin\/#\/schema\/logo\/image\/"},"sameAs":["https:\/\/www.facebook.com\/salzburgerland\/","https:\/\/x.com\/Salzburgerland","https:\/\/www.instagram.com\/salzburgerland\/","https:\/\/at.linkedin.com\/company\/salzburgerland-tourismus-gmbh","https:\/\/www.pinterest.at\/salzburgerland\/","https:\/\/www.youtube.com\/user\/salzburgerland","https:\/\/de.wikipedia.org\/wiki\/SalzburgerLand_Tourismus_GmbH"]},{"@type":"Person","@id":"https:\/\/www.salzburgerland.com\/de\/magazin\/#\/schema\/person\/0cd712588b834668bcd33d7a0668adb3","name":"Maria Riedler","description":"Ein Bild sagt mehr als tausend Worte, hei\u00dft es. Aber genauso wichtig ist die Geschichte dazu. Spannende Texte haben nicht nur einen gro\u00dfen Effekt auf unsere Wahrnehmung, sie lassen auch das Kopfkino in uns starten! Den Dingen nachzusp\u00fcren und auf den Grund zu gehen, das geh\u00f6rt jedenfalls seit meiner Jugendzeit zu mir ... Maria Riedler studierte neben ihrer T\u00e4tigkeit als Kinderkrankenschwester Publizistik und P\u00e4dagogik. Nach dem Studium verbrachte sie \u00fcber zwei Jahre in Australien, wo sie f\u00fcr den staatlichen Rundfunk SBS arbeitete. Anschlie\u00dfend war sie f\u00fcnf Jahre freie Mitarbeiterin im ORF Landesstudio Salzburg, weiters Kommunikationsbeauftragte beim Arbeitskreis f\u00fcr Vorsorgemedizin Salzburg (AVOS), war freiberufliche Journalistin bei der Salzburgerin und ist als Redakteurin f\u00fcr die Pongauer Nachrichten t\u00e4tig. Neben Schreiben, Fotografieren und Lesen liebt sie vor allem unsere Berge und ist ehrenamtlich Bergrettungshundef\u00fchrerin und Pressereferentin der Bergrettung Salzburg. Dosige(r) oder Zuagroast? Eindeutig dosig - aus dem\u00a0einmaligen Lungau. Fr\u00fchling, Sommer, Herbst oder Winter? Nachdem ich auch einige Jahre in Australien gelebt habe, bin ich mir sicher, dass uns weltweit die Menschen um diese so unterschiedlich sch\u00f6nen und so facettenreichen Jahreszeiten beneiden. Luxushotel oder Almh\u00fctte? Obwohl so ein Luxushotel schon seine Reize hat, genie\u00dfe ich doch meist eher die Einsamkeit auf einer Almh\u00fctte\u2026. Mozart oder Hubert von Goisern? Wie sch\u00f6n, dass wir so begnadete Musiker haben!\u00a0Leider\u00a0gibt es f\u00fcr mich - wie so oft - siehe oben und unten :-) kein Entweder-Oder\u2026 Ausstellung oder Bergpanorama? \"Kunst w\u00e4scht den Staub des Alltag von der Seele\", meinte Pablo Picasso. \u00a0Die Berge und deren Traumpanorama brauche ich auch, um mir\u00a0neue Perspektiven vom Leben zu holen.\u00a0Also:\u00a0Es muss doch mehr als alles geben \u00a0- wahrscheinlich mein Lebensmotto, deshalb bitte keine weiteren Entweder-Oder Fragen!\u00a0:-) Wer jemals einen Sonnenaufgang oder Sonnenuntergang in unseren Bergen erlebt hat, wei\u00df um die Einmaligkeit dieser Bilder und Eindr\u00fccke.","url":"https:\/\/www.salzburgerland.com\/de\/magazin\/author\/mriedler\/"}]}},"_wl_alt_label":[],"wl:entity_url":"http:\/\/open.salzburgerland.com\/magazin\/post\/startklar_zum_powdern","_links":{"self":[{"href":"https:\/\/www.salzburgerland.com\/de\/magazin\/wp-json\/wp\/v2\/posts\/28493","targetHints":{"allow":["GET"]}}],"collection":[{"href":"https:\/\/www.salzburgerland.com\/de\/magazin\/wp-json\/wp\/v2\/posts"}],"about":[{"href":"https:\/\/www.salzburgerland.com\/de\/magazin\/wp-json\/wp\/v2\/types\/post"}],"author":[{"embeddable":true,"href":"https:\/\/www.salzburgerland.com\/de\/magazin\/wp-json\/wp\/v2\/users\/217"}],"replies":[{"embeddable":true,"href":"https:\/\/www.salzburgerland.com\/de\/magazin\/wp-json\/wp\/v2\/comments?post=28493"}],"version-history":[{"count":0,"href":"https:\/\/www.salzburgerland.com\/de\/magazin\/wp-json\/wp\/v2\/posts\/28493\/revisions"}],"wp:featuredmedia":[{"embeddable":true,"href":"https:\/\/www.salzburgerland.com\/de\/magazin\/wp-json\/wp\/v2\/media\/28501"}],"wp:attachment":[{"href":"https:\/\/www.salzburgerland.com\/de\/magazin\/wp-json\/wp\/v2\/media?parent=28493"}],"wp:term":[{"taxonomy":"category","embeddable":true,"href":"https:\/\/www.salzburgerland.com\/de\/magazin\/wp-json\/wp\/v2\/categories?post=28493"},{"taxonomy":"post_tag","embeddable":true,"href":"https:\/\/www.salzburgerland.com\/de\/magazin\/wp-json\/wp\/v2\/tags?post=28493"},{"taxonomy":"wl_entity_type","embeddable":true,"href":"https:\/\/www.salzburgerland.com\/de\/magazin\/wp-json\/wp\/v2\/wl_entity_type?post=28493"},{"taxonomy":"monatsauswahl","embeddable":true,"href":"https:\/\/www.salzburgerland.com\/de\/magazin\/wp-json\/wp\/v2\/monatsauswahl?post=28493"}],"curies":[{"name":"wp","href":"https:\/\/api.w.org\/{rel}","templated":true}]}}