{"id":28190,"date":"2017-11-28T08:00:48","date_gmt":"2017-11-28T07:00:48","guid":{"rendered":"http:\/\/magazin.salzburgerland.com\/?p=28190"},"modified":"2025-11-12T14:25:47","modified_gmt":"2025-11-12T13:25:47","slug":"zottig-dunkle-gestalten-mit-bockhornern","status":"publish","type":"post","link":"https:\/\/www.salzburgerland.com\/de\/magazin\/zottig-dunkle-gestalten-mit-bockhornern\/","title":{"rendered":"Die Krampusse ziehen um die H\u00e4user"},"content":{"rendered":"\n<h2 class=\"wp-block-slt-subtitle\">Zottig-dunkle Gestalten mit Bockh\u00f6rnern<\/h2>\n\n\n\n<p class=\"wp-block-slt-intro\">In den kalten und finsteren N\u00e4chten bis zum 6.&nbsp; Dezember treiben wieder&nbsp;furchterregende Gestalten ihr Unwesen in Stadt und Land. Im gesamten SalzburgerLand finden jetzt&nbsp;Krampusl\u00e4ufe statt.<\/p>\n\n\n\n<p>Krampusse sind dunkle Gestalten mit Teufelsmasken \u2013 das sind geschnitzte Holzmasken aus Zirben- oder Lindenholz mit aufgesetzten Bockh\u00f6rndln. Sie ziehen gemeinsam mit dem Heiligen Nikolaus von Haus zu Haus und oft trifft man auch auf diversen Weihnachtsm\u00e4rkten oder Krampusumz\u00fcgen auf sie. Krampusse treten meist in gr\u00f6\u00dferen Gruppen, sogenannten \u201ePassen\u201c auf. Die traditionellen Gew\u00e4nder aus Tierfellen und G\u00fcrteln und die eindrucksvoll furchterregenden Masken werden in aufw\u00e4ndiger Handarbeit hergestellt. Eine richtige Krampuslarve muss nat\u00fcrlich auch auff\u00e4llige H\u00f6rner tragen.<\/p>\n\n\n<div class=\"wp-block-image\">\n<figure class=\"aligncenter size-full\"><img loading=\"lazy\" decoding=\"async\" width=\"1000\" height=\"700\" src=\"https:\/\/www.salzburgerland.com\/de\/magazin\/wp-content\/uploads\/2012\/11\/astei2.jpg\" alt=\"Eine Gruppe von geh\u00f6rnten, knurrenden Tiermasken mit Fell und scharfen Z\u00e4hnen, die an einer Wand ausgestellt sind.\" class=\"wp-image-28197\" title=\"Traditonelle Krampusmaske, Schnitzer &quot;Astei&quot; Gro\u00dfarl (@ Maria Riedler)\" srcset=\"https:\/\/www.salzburgerland.com\/de\/magazin\/wp-content\/uploads\/2012\/11\/astei2.jpg 1000w, https:\/\/www.salzburgerland.com\/de\/magazin\/wp-content\/uploads\/2012\/11\/astei2-300x210.jpg 300w, https:\/\/www.salzburgerland.com\/de\/magazin\/wp-content\/uploads\/2012\/11\/astei2-786x550.jpg 786w, https:\/\/www.salzburgerland.com\/de\/magazin\/wp-content\/uploads\/2012\/11\/astei2-571x400.jpg 571w\" sizes=\"auto, (max-width: 1000px) 100vw, 1000px\" \/><\/figure><\/div>\n\n\n<p>Der Schnitzer bezieht daf\u00fcr zumeist die H\u00f6rner vom Ziegenbock, dem Widder, dem Steinbock oder der G\u00e4mse. Der bekannte <a title=\"www.grossarl-astlhof.at\" href=\"https:\/\/www.grossarl-astlhof.at\/de\/atelier\/\" target=\"_blank\" rel=\"noopener noreferrer\">Gro\u00dfarler Bildhauer und Maskenschnitzer Rupert Kreuzer<\/a> erz\u00e4hlt: \u201eIch verwende Materialien, die in unserer Gegend vorkommen.&nbsp;Die Masken sind haupts\u00e4chlich aus Zirbenholz, weil ich mit der Zirbe besonders gerne arbeite. Das ist aber sicher vom jeweiligen Schnitzer abh\u00e4ngig\u201c.<\/p>\n\n\n<div class=\"wp-block-image\">\n<figure class=\"aligncenter size-full\"><img loading=\"lazy\" decoding=\"async\" width=\"900\" height=\"600\" src=\"https:\/\/www.salzburgerland.com\/de\/magazin\/wp-content\/uploads\/2012\/11\/astei.jpg\" alt=\"Ein Mann schnitzt w\u00e4hrend eines Stra\u00dfenfestes oder Jahrmarktes eine detailreiche Holzmaske.\" class=\"wp-image-28205\" title=\"Krampusschnitzer (Foto: Peter Wirnsperger, Gro\u00dfarl)\" srcset=\"https:\/\/www.salzburgerland.com\/de\/magazin\/wp-content\/uploads\/2012\/11\/astei.jpg 900w, https:\/\/www.salzburgerland.com\/de\/magazin\/wp-content\/uploads\/2012\/11\/astei-300x200.jpg 300w, https:\/\/www.salzburgerland.com\/de\/magazin\/wp-content\/uploads\/2012\/11\/astei-825x550.jpg 825w, https:\/\/www.salzburgerland.com\/de\/magazin\/wp-content\/uploads\/2012\/11\/astei-600x400.jpg 600w\" sizes=\"auto, (max-width: 900px) 100vw, 900px\" \/><\/figure><\/div>\n\n\n<p class=\"has-text-align-left\">&nbsp;\u201eAstei\u201c, so wird Rupert Kreuzer&nbsp;von den Einheimischen genannt, begann das Schnitzen schon als 12-j\u00e4hriger Bub \u2013 aus Faszination zum Krampusbrauch. Die \u201eAstei-Larven\u201c haben vielfach sehr menschliche Z\u00fcge und teilweise auch einen stark archaischen Ausdruck: gro\u00dfe M\u00fcnder, wilde, zottige B\u00e4rte und scharfe Nasen.&nbsp;<\/p>\n\n\n\n<h2 class=\"wp-block-heading\" id=\"h-passen-aus-gebirgstalern-nbsp\">\u201ePassen\u201c aus Gebirgst\u00e4lern &nbsp;<\/h2>\n\n\n\n<p>\u201eDer Ursprung des Krampus mit einer Holzmaske stammt aus Salzburger T\u00e4lern wie eben Gro\u00dfarl, Gastein oder Rauris\u201c, so Kreuzer. \u201eFr\u00fcher waren es zumeist einfache Knechte auf Bauernh\u00f6fen, die in den T\u00e4lern Masken geschnitzt haben und diese mit H\u00f6rnern vom Schaf oder von der Goas, vom Steinbock oder von der Gams best\u00fcckt haben. Die Menschen hatten damals nicht viel zur Verf\u00fcgung und verwendeten einfach jene Materialien, die sie besa\u00dfen\u201c.<\/p>\n\n\n<div class=\"wp-block-image\">\n<figure class=\"aligncenter\"><img decoding=\"async\" src=\"https:\/\/www.salzburgerland.com\/de\/magazin\/wp-content\/uploads\/2012\/11\/Unbenannt-1-650x435.jpg\" alt=\"Zwei geschnitzte D\u00e4monenmasken, eine mit dunkler Haut und Ziegenbart, die andere blass mit H\u00f6rnern und einer langen roten Zunge.\" class=\"wp-image-28215\" title=\"Astei Krampusmaske (@ Maria Riedler)\"\/><\/figure><\/div>\n\n\n<h2 class=\"wp-block-heading\" id=\"h-traditionelle-krampuslaufe\">Traditionelle Krampusl\u00e4ufe<\/h2>\n\n\n\n<p>Besucher und Besucherinnen von <a href=\"https:\/\/www.salzburgerland.com\/de\/diese-adventmaerkte-im-salzburgerland-solltet-ihr-nicht-verpassen\/\" target=\"_blank\" rel=\"noreferrer noopener\">Salzburger Weihnachtsm\u00e4rkten<\/a> lieben diese mystischen Krampus-Umz\u00fcge, die traditionell an den kalten und finsteren N\u00e4chten Anfang Dezember in unseren Gegenden geboten werden. Die entsprechende Stra\u00dfe wird abgesperrt, damit die Zuseher \u2013 aber auch die Beteiligten \u2013\u00a0nicht zu Schaden kommen. In der Ferne h\u00f6rt man schon die Glocken der einziehenden \u201ePassen\u201c. Dann laufen die Krampusse heran und machen mit Ketten und lauten Glocken einen f\u00fcrchterlichen L\u00e4rm. Eindrucksvoll treiben sie ihr Unwesen. Zuschauer, die in der ersten Reihe stehen, bekommen schon manchmal Schl\u00e4ge mit der Rute ab.<\/p>\n\n\n\n<h2 class=\"wp-block-heading\" id=\"h-was-gehort-zu-einer-kompletten-krampus-pass\">Was geh\u00f6rt zu einer kompletten &#8222;Krampus-Pass&#8220;?<\/h2>\n\n\n\n<p>Jede &#8222;Pass&#8220; besteht aus mehreren Krampussen, einem alten Knecht, dem K\u00f6rbltr\u00e4ger, und einem <a href=\"https:\/\/www.heimatvereine.at\/braeuche\/nikolaus-hl\" target=\"_blank\" rel=\"noreferrer noopener\">Heiligen Nikolaus<\/a>, auf deren Aussehen besonderen Wert gelegt wird. Oft werden diese von Frauen, die als Engel verkleidet sind, begleitet. Auch tr\u00e4gt jede Pass einen eigenen, seit Generationen \u00fcberlieferten Namen wie z. B. im Gasteiner-Tal die &#8222;Hochalm-Pass&#8220;, die &#8222;Lafener-Pass&#8220; oder die &#8222;Stubner-Pass&#8220;. H\u00e4ufig werden diese Namen von T\u00e4lern, Bergen oder Fl\u00fcssen aus der Gegend hergeleitet. Die Tr\u00e4ger der Krampusverkleidung sind junge Burschen und einige wenige Frauen, die in Pelz eingeh\u00fcllt und mit lauten Glocken best\u00fcckt f\u00fcr reichlich Tumult sorgen. Diese Glocken stammen noch aus fr\u00fcherer Zeit, wo man nur mit Pferden die Tauern \u00fcberqueren konnte &#8211; sie machen gro\u00dfen L\u00e4rm und sind schon weithin zu h\u00f6ren.<\/p>\n\n\n<div class=\"wp-block-image\">\n<figure class=\"aligncenter size-full\"><img loading=\"lazy\" decoding=\"async\" width=\"602\" height=\"600\" src=\"https:\/\/www.salzburgerland.com\/de\/magazin\/wp-content\/uploads\/2012\/11\/imperius_pass_stjohannpg_schnitzer_mario_pitscheider_altenmarkt.jpg\" alt=\"Schnitzer Mario Pitscheider Altenmarkt\" class=\"wp-image-28204\" title=\"Imperius Pass St Johann\" srcset=\"https:\/\/www.salzburgerland.com\/de\/magazin\/wp-content\/uploads\/2012\/11\/imperius_pass_stjohannpg_schnitzer_mario_pitscheider_altenmarkt.jpg 602w, https:\/\/www.salzburgerland.com\/de\/magazin\/wp-content\/uploads\/2012\/11\/imperius_pass_stjohannpg_schnitzer_mario_pitscheider_altenmarkt-150x150.jpg 150w, https:\/\/www.salzburgerland.com\/de\/magazin\/wp-content\/uploads\/2012\/11\/imperius_pass_stjohannpg_schnitzer_mario_pitscheider_altenmarkt-300x300.jpg 300w, https:\/\/www.salzburgerland.com\/de\/magazin\/wp-content\/uploads\/2012\/11\/imperius_pass_stjohannpg_schnitzer_mario_pitscheider_altenmarkt-552x550.jpg 552w, https:\/\/www.salzburgerland.com\/de\/magazin\/wp-content\/uploads\/2012\/11\/imperius_pass_stjohannpg_schnitzer_mario_pitscheider_altenmarkt-401x400.jpg 401w\" sizes=\"auto, (max-width: 602px) 100vw, 602px\" \/><\/figure><\/div>\n\n\n<h2 class=\"wp-block-heading\" id=\"h-krampuslaufe-haben-lange-tradition\">Krampusl\u00e4ufe haben lange Tradition<\/h2>\n\n\n\n<p>Der winterliche Krampusbrauch war \u00fcbrigens urspr\u00fcnglich in ganz \u00d6sterreich verbreitet und wurde dann in der Zeit der Inquisition verboten, da es bei Todesstrafe niemandem erlaubt war, sich als teuflische Gestalt zu verkleiden.<\/p>\n\n\n\n<p>Unterwegs mit seinen Begleitern, beschenkt der Heilige Nikolaus die Kinder, w\u00e4hrend die Unartigen von seinen Besch\u00fctzern, den Krampussen, bestraft werden.<\/p>\n\n\n<div class=\"mag-gallery\"><div class=\"row\"><div class=\"col-6 col-sm-4\"><figure><a class=\"thumb-container\" href=\"https:\/\/www.salzburgerland.com\/de\/magazin\/wp-content\/uploads\/2012\/11\/D%C2%B4Urreitinger_stjohannpg_schnitzer_marc-langegger_radstadt-1280x1024.jpg\">\t<picture><source media=\"(min-width: 576px)\" srcset=\"https:\/\/www.salzburgerland.com\/de\/magazin\/wp-content\/uploads\/2012\/11\/D&acute;Urreitinger_stjohannpg_schnitzer_marc-langegger_radstadt-325x209.jpg 325w, https:\/\/www.salzburgerland.com\/de\/magazin\/wp-content\/uploads\/2012\/11\/D&acute;Urreitinger_stjohannpg_schnitzer_marc-langegger_radstadt-249x160.jpg 249w\"><\/source><source media=\"(min-width: 0)\" srcset=\"https:\/\/www.salzburgerland.com\/de\/magazin\/wp-content\/uploads\/2012\/11\/D&acute;Urreitinger_stjohannpg_schnitzer_marc-langegger_radstadt-249x160.jpg 249w, https:\/\/www.salzburgerland.com\/de\/magazin\/wp-content\/uploads\/2012\/11\/D&acute;Urreitinger_stjohannpg_schnitzer_marc-langegger_radstadt-325x209.jpg 325w\"><\/source><img decoding=\"async\" alt=\"Schnitzer Marc Langegger, Radstadt\" src=\"https:\/\/www.salzburgerland.com\/de\/magazin\/wp-content\/uploads\/2012\/11\/D%C2%B4Urreitinger_stjohannpg_schnitzer_marc-langegger_radstadt.jpg\">\t<\/picture><\/a><\/figure><\/div><div class=\"col-6 col-sm-4\"><figure><a class=\"thumb-container\" href=\"https:\/\/www.salzburgerland.com\/de\/magazin\/wp-content\/uploads\/2012\/11\/laferner_pass_marcbeckmann1-1280x1024.jpg\">\t<picture><source media=\"(min-width: 576px)\" srcset=\"https:\/\/www.salzburgerland.com\/de\/magazin\/wp-content\/uploads\/2012\/11\/laferner_pass_marcbeckmann1-325x209.jpg 325w, https:\/\/www.salzburgerland.com\/de\/magazin\/wp-content\/uploads\/2012\/11\/laferner_pass_marcbeckmann1-249x160.jpg 249w\"><\/source><source media=\"(min-width: 0)\" srcset=\"https:\/\/www.salzburgerland.com\/de\/magazin\/wp-content\/uploads\/2012\/11\/laferner_pass_marcbeckmann1-249x160.jpg 249w, https:\/\/www.salzburgerland.com\/de\/magazin\/wp-content\/uploads\/2012\/11\/laferner_pass_marcbeckmann1-325x209.jpg 325w\"><\/source><img decoding=\"async\" alt=\"Laferner Pass Gastein (@ Marc Beckmann)\" src=\"https:\/\/www.salzburgerland.com\/de\/magazin\/wp-content\/uploads\/2012\/11\/laferner_pass_marcbeckmann1.jpg\">\t<\/picture><\/a><\/figure><\/div><\/div><figcaption><\/figcaption><\/div>\n\n\n\n<p class=\"has-text-align-right\">&nbsp;<\/p>\n\n\n\n<p><em>Fotos: Titelbild @ Marc Beckmann, Maria Riedler, Imperius Pass,&nbsp;Arthur Moinat<\/em><\/p>\n","protected":false},"excerpt":{"rendered":"<p>Krampusse sind dunkle Gestalten mit Teufelsmasken \u2013 das sind geschnitzte Holzmasken aus Zirben- oder Lindenholz mit aufgesetzten Bockh\u00f6rndln. Sie ziehen gemeinsam mit dem Heiligen Nikolaus von Haus zu Haus und oft trifft man auch auf diversen Weihnachtsm\u00e4rkten oder Krampusumz\u00fcgen auf sie. Krampusse treten meist in gr\u00f6\u00dferen Gruppen, sogenannten \u201ePassen\u201c auf. Die traditionellen Gew\u00e4nder aus Tierfellen [&hellip;]<\/p>\n","protected":false},"author":217,"featured_media":127937,"comment_status":"open","ping_status":"open","sticky":false,"template":"","format":"standard","meta":{"_acf_changed":false,"wl_entities_gutenberg":"","_wl_entity_redirect_enabled":"","footnotes":""},"categories":[6],"tags":[],"wl_entity_type":[306],"monatsauswahl":[92,93],"class_list":["post-28190","post","type-post","status-publish","format-standard","has-post-thumbnail","hentry","category-kunst-kultur","wl_entity_type-article","monatsauswahl-monat_11","monatsauswahl-monat_12"],"acf":[],"yoast_head":"<!-- This site is optimized with the Yoast SEO Premium plugin v27.4 (Yoast SEO v27.4) - https:\/\/yoast.com\/product\/yoast-seo-premium-wordpress\/ -->\n<title>Die Krampusse ziehen um die H\u00e4user - SalzburgerLand Magazin<\/title>\n<meta name=\"description\" content=\"In den kalten und finsteren N\u00e4chten bis zum 6.&nbsp; Dezember treiben wieder&nbsp;furchterregende Gestalten ihr Unwesen in Stadt und Land. Im gesamten SalzburgerLand finden jetzt&nbsp;Krampusl\u00e4ufe statt.\" \/>\n<meta name=\"robots\" content=\"index, follow, max-snippet:-1, max-image-preview:large, max-video-preview:-1\" \/>\n<link rel=\"canonical\" href=\"https:\/\/www.salzburgerland.com\/de\/magazin\/zottig-dunkle-gestalten-mit-bockhornern\/\" \/>\n<meta property=\"og:locale\" content=\"de_DE\" \/>\n<meta property=\"og:type\" content=\"article\" \/>\n<meta property=\"og:title\" content=\"Die Krampusse ziehen um die H\u00e4user\" \/>\n<meta property=\"og:description\" content=\"Krampusse sind dunkle Gestalten mit Teufelsmasken \u2013 das sind geschnitzte Holzmasken aus Zirben- oder Lindenholz mit aufgesetzten Bockh\u00f6rndln. Sie ziehen gemeinsam mit dem Heiligen Nikolaus von Haus zu Haus und oft trifft man auch auf diversen Weihnachtsm\u00e4rkten oder Krampusumz\u00fcgen auf sie. Krampusse treten meist in gr\u00f6\u00dferen Gruppen, sogenannten \u201ePassen\u201c auf. Die traditionellen Gew\u00e4nder aus Tierfellen [&hellip;]\" \/>\n<meta property=\"og:url\" content=\"https:\/\/www.salzburgerland.com\/de\/magazin\/zottig-dunkle-gestalten-mit-bockhornern\/\" \/>\n<meta property=\"og:site_name\" content=\"SalzburgerLand Magazin\" \/>\n<meta property=\"article:publisher\" content=\"https:\/\/www.facebook.com\/salzburgerland\/\" \/>\n<meta property=\"article:published_time\" content=\"2017-11-28T07:00:48+00:00\" \/>\n<meta property=\"article:modified_time\" content=\"2025-11-12T13:25:47+00:00\" \/>\n<meta property=\"og:image\" content=\"https:\/\/www.salzburgerland.com\/de\/magazin\/wp-content\/uploads\/2018\/12\/d02l18132.jpg\" \/>\n\t<meta property=\"og:image:width\" content=\"1600\" \/>\n\t<meta property=\"og:image:height\" content=\"1067\" \/>\n\t<meta property=\"og:image:type\" content=\"image\/jpeg\" \/>\n<meta name=\"author\" content=\"Maria Riedler\" \/>\n<meta name=\"twitter:card\" content=\"summary_large_image\" \/>\n<meta name=\"twitter:creator\" content=\"@Salzburgerland\" \/>\n<meta name=\"twitter:site\" content=\"@Salzburgerland\" \/>\n<meta name=\"twitter:label1\" content=\"Verfasst von\" \/>\n\t<meta name=\"twitter:data1\" content=\"Maria Riedler\" \/>\n\t<meta name=\"twitter:label2\" content=\"Gesch\u00e4tzte Lesezeit\" \/>\n\t<meta name=\"twitter:data2\" content=\"5\u00a0Minuten\" \/>\n<script type=\"application\/ld+json\" class=\"yoast-schema-graph\">{\"@context\":\"https:\\\/\\\/schema.org\",\"@graph\":[{\"@type\":\"Article\",\"@id\":\"https:\\\/\\\/www.salzburgerland.com\\\/de\\\/magazin\\\/zottig-dunkle-gestalten-mit-bockhornern\\\/#article\",\"isPartOf\":{\"@id\":\"https:\\\/\\\/www.salzburgerland.com\\\/de\\\/magazin\\\/zottig-dunkle-gestalten-mit-bockhornern\\\/\"},\"author\":{\"name\":\"Maria Riedler\",\"@id\":\"https:\\\/\\\/www.salzburgerland.com\\\/de\\\/magazin\\\/#\\\/schema\\\/person\\\/0cd712588b834668bcd33d7a0668adb3\"},\"headline\":\"Die Krampusse ziehen um die H\u00e4user\",\"datePublished\":\"2017-11-28T07:00:48+00:00\",\"dateModified\":\"2025-11-12T13:25:47+00:00\",\"mainEntityOfPage\":{\"@id\":\"https:\\\/\\\/www.salzburgerland.com\\\/de\\\/magazin\\\/zottig-dunkle-gestalten-mit-bockhornern\\\/\"},\"wordCount\":633,\"commentCount\":0,\"publisher\":{\"@id\":\"https:\\\/\\\/www.salzburgerland.com\\\/de\\\/magazin\\\/#organization\"},\"image\":{\"@id\":\"https:\\\/\\\/www.salzburgerland.com\\\/de\\\/magazin\\\/zottig-dunkle-gestalten-mit-bockhornern\\\/#primaryimage\"},\"thumbnailUrl\":\"https:\\\/\\\/www.salzburgerland.com\\\/de\\\/magazin\\\/wp-content\\\/uploads\\\/2018\\\/12\\\/d02l18132.jpg\",\"articleSection\":[\"Kunst &amp; Kultur\"],\"inLanguage\":\"de\",\"potentialAction\":[{\"@type\":\"CommentAction\",\"name\":\"Comment\",\"target\":[\"https:\\\/\\\/www.salzburgerland.com\\\/de\\\/magazin\\\/zottig-dunkle-gestalten-mit-bockhornern\\\/#respond\"]}]},{\"@type\":\"WebPage\",\"@id\":\"https:\\\/\\\/www.salzburgerland.com\\\/de\\\/magazin\\\/zottig-dunkle-gestalten-mit-bockhornern\\\/\",\"url\":\"https:\\\/\\\/www.salzburgerland.com\\\/de\\\/magazin\\\/zottig-dunkle-gestalten-mit-bockhornern\\\/\",\"name\":\"Die Krampusse ziehen um die H\u00e4user - SalzburgerLand Magazin\",\"isPartOf\":{\"@id\":\"https:\\\/\\\/www.salzburgerland.com\\\/de\\\/magazin\\\/#website\"},\"primaryImageOfPage\":{\"@id\":\"https:\\\/\\\/www.salzburgerland.com\\\/de\\\/magazin\\\/zottig-dunkle-gestalten-mit-bockhornern\\\/#primaryimage\"},\"image\":{\"@id\":\"https:\\\/\\\/www.salzburgerland.com\\\/de\\\/magazin\\\/zottig-dunkle-gestalten-mit-bockhornern\\\/#primaryimage\"},\"thumbnailUrl\":\"https:\\\/\\\/www.salzburgerland.com\\\/de\\\/magazin\\\/wp-content\\\/uploads\\\/2018\\\/12\\\/d02l18132.jpg\",\"datePublished\":\"2017-11-28T07:00:48+00:00\",\"dateModified\":\"2025-11-12T13:25:47+00:00\",\"breadcrumb\":{\"@id\":\"https:\\\/\\\/www.salzburgerland.com\\\/de\\\/magazin\\\/zottig-dunkle-gestalten-mit-bockhornern\\\/#breadcrumb\"},\"inLanguage\":\"de\",\"potentialAction\":[{\"@type\":\"ReadAction\",\"target\":[\"https:\\\/\\\/www.salzburgerland.com\\\/de\\\/magazin\\\/zottig-dunkle-gestalten-mit-bockhornern\\\/\"]}]},{\"@type\":\"ImageObject\",\"inLanguage\":\"de\",\"@id\":\"https:\\\/\\\/www.salzburgerland.com\\\/de\\\/magazin\\\/zottig-dunkle-gestalten-mit-bockhornern\\\/#primaryimage\",\"url\":\"https:\\\/\\\/www.salzburgerland.com\\\/de\\\/magazin\\\/wp-content\\\/uploads\\\/2018\\\/12\\\/d02l18132.jpg\",\"contentUrl\":\"https:\\\/\\\/www.salzburgerland.com\\\/de\\\/magazin\\\/wp-content\\\/uploads\\\/2018\\\/12\\\/d02l18132.jpg\",\"width\":1600,\"height\":1067,\"caption\":\"Traditionelle Krampusshow\"},{\"@type\":\"BreadcrumbList\",\"@id\":\"https:\\\/\\\/www.salzburgerland.com\\\/de\\\/magazin\\\/zottig-dunkle-gestalten-mit-bockhornern\\\/#breadcrumb\",\"itemListElement\":[{\"@type\":\"ListItem\",\"position\":1,\"name\":\"Startseite\",\"item\":\"https:\\\/\\\/www.salzburgerland.com\\\/de\\\/magazin\\\/\"},{\"@type\":\"ListItem\",\"position\":2,\"name\":\"Kunst &amp; Kultur\",\"item\":\"https:\\\/\\\/www.salzburgerland.com\\\/de\\\/magazin\\\/thema\\\/kunst-kultur\\\/\"},{\"@type\":\"ListItem\",\"position\":3,\"name\":\"Die Krampusse ziehen um die H\u00e4user\"}]},{\"@type\":\"WebSite\",\"@id\":\"https:\\\/\\\/www.salzburgerland.com\\\/de\\\/magazin\\\/#website\",\"url\":\"https:\\\/\\\/www.salzburgerland.com\\\/de\\\/magazin\\\/\",\"name\":\"SalzburgerLand Magazin\",\"description\":\"Geschichten und Interessantes aus dem SalzburgerLand\",\"publisher\":{\"@id\":\"https:\\\/\\\/www.salzburgerland.com\\\/de\\\/magazin\\\/#organization\"},\"potentialAction\":[{\"@type\":\"SearchAction\",\"target\":{\"@type\":\"EntryPoint\",\"urlTemplate\":\"https:\\\/\\\/www.salzburgerland.com\\\/de\\\/magazin\\\/?s={search_term_string}\"},\"query-input\":{\"@type\":\"PropertyValueSpecification\",\"valueRequired\":true,\"valueName\":\"search_term_string\"}}],\"inLanguage\":\"de\"},{\"@type\":\"Organization\",\"@id\":\"https:\\\/\\\/www.salzburgerland.com\\\/de\\\/magazin\\\/#organization\",\"name\":\"SalzburgerLand Tourismus\",\"url\":\"https:\\\/\\\/www.salzburgerland.com\\\/de\\\/magazin\\\/\",\"logo\":{\"@type\":\"ImageObject\",\"inLanguage\":\"de\",\"@id\":\"https:\\\/\\\/www.salzburgerland.com\\\/de\\\/magazin\\\/#\\\/schema\\\/logo\\\/image\\\/\",\"url\":\"https:\\\/\\\/www.salzburgerland.com\\\/de\\\/magazin\\\/wp-content\\\/uploads\\\/2019\\\/06\\\/salzburgerland-logo1.jpg\",\"contentUrl\":\"https:\\\/\\\/www.salzburgerland.com\\\/de\\\/magazin\\\/wp-content\\\/uploads\\\/2019\\\/06\\\/salzburgerland-logo1.jpg\",\"width\":2011,\"height\":866,\"caption\":\"SalzburgerLand Tourismus\"},\"image\":{\"@id\":\"https:\\\/\\\/www.salzburgerland.com\\\/de\\\/magazin\\\/#\\\/schema\\\/logo\\\/image\\\/\"},\"sameAs\":[\"https:\\\/\\\/www.facebook.com\\\/salzburgerland\\\/\",\"https:\\\/\\\/x.com\\\/Salzburgerland\",\"https:\\\/\\\/www.instagram.com\\\/salzburgerland\\\/\",\"https:\\\/\\\/at.linkedin.com\\\/company\\\/salzburgerland-tourismus-gmbh\",\"https:\\\/\\\/www.pinterest.at\\\/salzburgerland\\\/\",\"https:\\\/\\\/www.youtube.com\\\/user\\\/salzburgerland\",\"https:\\\/\\\/de.wikipedia.org\\\/wiki\\\/SalzburgerLand_Tourismus_GmbH\"]},{\"@type\":\"Person\",\"@id\":\"https:\\\/\\\/www.salzburgerland.com\\\/de\\\/magazin\\\/#\\\/schema\\\/person\\\/0cd712588b834668bcd33d7a0668adb3\",\"name\":\"Maria Riedler\",\"description\":\"Ein Bild sagt mehr als tausend Worte, hei\u00dft es. Aber genauso wichtig ist die Geschichte dazu. Spannende Texte haben nicht nur einen gro\u00dfen Effekt auf unsere Wahrnehmung, sie lassen auch das Kopfkino in uns starten! Den Dingen nachzusp\u00fcren und auf den Grund zu gehen, das geh\u00f6rt jedenfalls seit meiner Jugendzeit zu mir ... Maria Riedler studierte neben ihrer T\u00e4tigkeit als Kinderkrankenschwester Publizistik und P\u00e4dagogik. Nach dem Studium verbrachte sie \u00fcber zwei Jahre in Australien, wo sie f\u00fcr den staatlichen Rundfunk SBS arbeitete. Anschlie\u00dfend war sie f\u00fcnf Jahre freie Mitarbeiterin im ORF Landesstudio Salzburg, weiters Kommunikationsbeauftragte beim Arbeitskreis f\u00fcr Vorsorgemedizin Salzburg (AVOS), war freiberufliche Journalistin bei der Salzburgerin und ist als Redakteurin f\u00fcr die Pongauer Nachrichten t\u00e4tig. Neben Schreiben, Fotografieren und Lesen liebt sie vor allem unsere Berge und ist ehrenamtlich Bergrettungshundef\u00fchrerin und Pressereferentin der Bergrettung Salzburg. Dosige(r) oder Zuagroast? Eindeutig dosig - aus dem\u00a0einmaligen Lungau. Fr\u00fchling, Sommer, Herbst oder Winter? Nachdem ich auch einige Jahre in Australien gelebt habe, bin ich mir sicher, dass uns weltweit die Menschen um diese so unterschiedlich sch\u00f6nen und so facettenreichen Jahreszeiten beneiden. Luxushotel oder Almh\u00fctte? Obwohl so ein Luxushotel schon seine Reize hat, genie\u00dfe ich doch meist eher die Einsamkeit auf einer Almh\u00fctte\u2026. Mozart oder Hubert von Goisern? Wie sch\u00f6n, dass wir so begnadete Musiker haben!\u00a0Leider\u00a0gibt es f\u00fcr mich - wie so oft - siehe oben und unten :-) kein Entweder-Oder\u2026 Ausstellung oder Bergpanorama? \\\"Kunst w\u00e4scht den Staub des Alltag von der Seele\\\", meinte Pablo Picasso. \u00a0Die Berge und deren Traumpanorama brauche ich auch, um mir\u00a0neue Perspektiven vom Leben zu holen.\u00a0Also:\u00a0Es muss doch mehr als alles geben \u00a0- wahrscheinlich mein Lebensmotto, deshalb bitte keine weiteren Entweder-Oder Fragen!\u00a0:-) Wer jemals einen Sonnenaufgang oder Sonnenuntergang in unseren Bergen erlebt hat, wei\u00df um die Einmaligkeit dieser Bilder und Eindr\u00fccke.\",\"url\":\"https:\\\/\\\/www.salzburgerland.com\\\/de\\\/magazin\\\/author\\\/mriedler\\\/\"}]}<\/script>\n<!-- \/ Yoast SEO Premium plugin. -->","yoast_head_json":{"title":"Die Krampusse ziehen um die H\u00e4user - SalzburgerLand Magazin","description":"In den kalten und finsteren N\u00e4chten bis zum 6.&nbsp; Dezember treiben wieder&nbsp;furchterregende Gestalten ihr Unwesen in Stadt und Land. Im gesamten SalzburgerLand finden jetzt&nbsp;Krampusl\u00e4ufe statt.","robots":{"index":"index","follow":"follow","max-snippet":"max-snippet:-1","max-image-preview":"max-image-preview:large","max-video-preview":"max-video-preview:-1"},"canonical":"https:\/\/www.salzburgerland.com\/de\/magazin\/zottig-dunkle-gestalten-mit-bockhornern\/","og_locale":"de_DE","og_type":"article","og_title":"Die Krampusse ziehen um die H\u00e4user","og_description":"Krampusse sind dunkle Gestalten mit Teufelsmasken \u2013 das sind geschnitzte Holzmasken aus Zirben- oder Lindenholz mit aufgesetzten Bockh\u00f6rndln. Sie ziehen gemeinsam mit dem Heiligen Nikolaus von Haus zu Haus und oft trifft man auch auf diversen Weihnachtsm\u00e4rkten oder Krampusumz\u00fcgen auf sie. Krampusse treten meist in gr\u00f6\u00dferen Gruppen, sogenannten \u201ePassen\u201c auf. Die traditionellen Gew\u00e4nder aus Tierfellen [&hellip;]","og_url":"https:\/\/www.salzburgerland.com\/de\/magazin\/zottig-dunkle-gestalten-mit-bockhornern\/","og_site_name":"SalzburgerLand Magazin","article_publisher":"https:\/\/www.facebook.com\/salzburgerland\/","article_published_time":"2017-11-28T07:00:48+00:00","article_modified_time":"2025-11-12T13:25:47+00:00","og_image":[{"width":1600,"height":1067,"url":"https:\/\/www.salzburgerland.com\/de\/magazin\/wp-content\/uploads\/2018\/12\/d02l18132.jpg","type":"image\/jpeg"}],"author":"Maria Riedler","twitter_card":"summary_large_image","twitter_creator":"@Salzburgerland","twitter_site":"@Salzburgerland","twitter_misc":{"Verfasst von":"Maria Riedler","Gesch\u00e4tzte Lesezeit":"5\u00a0Minuten"},"schema":{"@context":"https:\/\/schema.org","@graph":[{"@type":"Article","@id":"https:\/\/www.salzburgerland.com\/de\/magazin\/zottig-dunkle-gestalten-mit-bockhornern\/#article","isPartOf":{"@id":"https:\/\/www.salzburgerland.com\/de\/magazin\/zottig-dunkle-gestalten-mit-bockhornern\/"},"author":{"name":"Maria Riedler","@id":"https:\/\/www.salzburgerland.com\/de\/magazin\/#\/schema\/person\/0cd712588b834668bcd33d7a0668adb3"},"headline":"Die Krampusse ziehen um die H\u00e4user","datePublished":"2017-11-28T07:00:48+00:00","dateModified":"2025-11-12T13:25:47+00:00","mainEntityOfPage":{"@id":"https:\/\/www.salzburgerland.com\/de\/magazin\/zottig-dunkle-gestalten-mit-bockhornern\/"},"wordCount":633,"commentCount":0,"publisher":{"@id":"https:\/\/www.salzburgerland.com\/de\/magazin\/#organization"},"image":{"@id":"https:\/\/www.salzburgerland.com\/de\/magazin\/zottig-dunkle-gestalten-mit-bockhornern\/#primaryimage"},"thumbnailUrl":"https:\/\/www.salzburgerland.com\/de\/magazin\/wp-content\/uploads\/2018\/12\/d02l18132.jpg","articleSection":["Kunst &amp; Kultur"],"inLanguage":"de","potentialAction":[{"@type":"CommentAction","name":"Comment","target":["https:\/\/www.salzburgerland.com\/de\/magazin\/zottig-dunkle-gestalten-mit-bockhornern\/#respond"]}]},{"@type":"WebPage","@id":"https:\/\/www.salzburgerland.com\/de\/magazin\/zottig-dunkle-gestalten-mit-bockhornern\/","url":"https:\/\/www.salzburgerland.com\/de\/magazin\/zottig-dunkle-gestalten-mit-bockhornern\/","name":"Die Krampusse ziehen um die H\u00e4user - SalzburgerLand Magazin","isPartOf":{"@id":"https:\/\/www.salzburgerland.com\/de\/magazin\/#website"},"primaryImageOfPage":{"@id":"https:\/\/www.salzburgerland.com\/de\/magazin\/zottig-dunkle-gestalten-mit-bockhornern\/#primaryimage"},"image":{"@id":"https:\/\/www.salzburgerland.com\/de\/magazin\/zottig-dunkle-gestalten-mit-bockhornern\/#primaryimage"},"thumbnailUrl":"https:\/\/www.salzburgerland.com\/de\/magazin\/wp-content\/uploads\/2018\/12\/d02l18132.jpg","datePublished":"2017-11-28T07:00:48+00:00","dateModified":"2025-11-12T13:25:47+00:00","breadcrumb":{"@id":"https:\/\/www.salzburgerland.com\/de\/magazin\/zottig-dunkle-gestalten-mit-bockhornern\/#breadcrumb"},"inLanguage":"de","potentialAction":[{"@type":"ReadAction","target":["https:\/\/www.salzburgerland.com\/de\/magazin\/zottig-dunkle-gestalten-mit-bockhornern\/"]}]},{"@type":"ImageObject","inLanguage":"de","@id":"https:\/\/www.salzburgerland.com\/de\/magazin\/zottig-dunkle-gestalten-mit-bockhornern\/#primaryimage","url":"https:\/\/www.salzburgerland.com\/de\/magazin\/wp-content\/uploads\/2018\/12\/d02l18132.jpg","contentUrl":"https:\/\/www.salzburgerland.com\/de\/magazin\/wp-content\/uploads\/2018\/12\/d02l18132.jpg","width":1600,"height":1067,"caption":"Traditionelle Krampusshow"},{"@type":"BreadcrumbList","@id":"https:\/\/www.salzburgerland.com\/de\/magazin\/zottig-dunkle-gestalten-mit-bockhornern\/#breadcrumb","itemListElement":[{"@type":"ListItem","position":1,"name":"Startseite","item":"https:\/\/www.salzburgerland.com\/de\/magazin\/"},{"@type":"ListItem","position":2,"name":"Kunst &amp; Kultur","item":"https:\/\/www.salzburgerland.com\/de\/magazin\/thema\/kunst-kultur\/"},{"@type":"ListItem","position":3,"name":"Die Krampusse ziehen um die H\u00e4user"}]},{"@type":"WebSite","@id":"https:\/\/www.salzburgerland.com\/de\/magazin\/#website","url":"https:\/\/www.salzburgerland.com\/de\/magazin\/","name":"SalzburgerLand Magazin","description":"Geschichten und Interessantes aus dem SalzburgerLand","publisher":{"@id":"https:\/\/www.salzburgerland.com\/de\/magazin\/#organization"},"potentialAction":[{"@type":"SearchAction","target":{"@type":"EntryPoint","urlTemplate":"https:\/\/www.salzburgerland.com\/de\/magazin\/?s={search_term_string}"},"query-input":{"@type":"PropertyValueSpecification","valueRequired":true,"valueName":"search_term_string"}}],"inLanguage":"de"},{"@type":"Organization","@id":"https:\/\/www.salzburgerland.com\/de\/magazin\/#organization","name":"SalzburgerLand Tourismus","url":"https:\/\/www.salzburgerland.com\/de\/magazin\/","logo":{"@type":"ImageObject","inLanguage":"de","@id":"https:\/\/www.salzburgerland.com\/de\/magazin\/#\/schema\/logo\/image\/","url":"https:\/\/www.salzburgerland.com\/de\/magazin\/wp-content\/uploads\/2019\/06\/salzburgerland-logo1.jpg","contentUrl":"https:\/\/www.salzburgerland.com\/de\/magazin\/wp-content\/uploads\/2019\/06\/salzburgerland-logo1.jpg","width":2011,"height":866,"caption":"SalzburgerLand Tourismus"},"image":{"@id":"https:\/\/www.salzburgerland.com\/de\/magazin\/#\/schema\/logo\/image\/"},"sameAs":["https:\/\/www.facebook.com\/salzburgerland\/","https:\/\/x.com\/Salzburgerland","https:\/\/www.instagram.com\/salzburgerland\/","https:\/\/at.linkedin.com\/company\/salzburgerland-tourismus-gmbh","https:\/\/www.pinterest.at\/salzburgerland\/","https:\/\/www.youtube.com\/user\/salzburgerland","https:\/\/de.wikipedia.org\/wiki\/SalzburgerLand_Tourismus_GmbH"]},{"@type":"Person","@id":"https:\/\/www.salzburgerland.com\/de\/magazin\/#\/schema\/person\/0cd712588b834668bcd33d7a0668adb3","name":"Maria Riedler","description":"Ein Bild sagt mehr als tausend Worte, hei\u00dft es. Aber genauso wichtig ist die Geschichte dazu. Spannende Texte haben nicht nur einen gro\u00dfen Effekt auf unsere Wahrnehmung, sie lassen auch das Kopfkino in uns starten! Den Dingen nachzusp\u00fcren und auf den Grund zu gehen, das geh\u00f6rt jedenfalls seit meiner Jugendzeit zu mir ... Maria Riedler studierte neben ihrer T\u00e4tigkeit als Kinderkrankenschwester Publizistik und P\u00e4dagogik. Nach dem Studium verbrachte sie \u00fcber zwei Jahre in Australien, wo sie f\u00fcr den staatlichen Rundfunk SBS arbeitete. Anschlie\u00dfend war sie f\u00fcnf Jahre freie Mitarbeiterin im ORF Landesstudio Salzburg, weiters Kommunikationsbeauftragte beim Arbeitskreis f\u00fcr Vorsorgemedizin Salzburg (AVOS), war freiberufliche Journalistin bei der Salzburgerin und ist als Redakteurin f\u00fcr die Pongauer Nachrichten t\u00e4tig. Neben Schreiben, Fotografieren und Lesen liebt sie vor allem unsere Berge und ist ehrenamtlich Bergrettungshundef\u00fchrerin und Pressereferentin der Bergrettung Salzburg. Dosige(r) oder Zuagroast? Eindeutig dosig - aus dem\u00a0einmaligen Lungau. Fr\u00fchling, Sommer, Herbst oder Winter? Nachdem ich auch einige Jahre in Australien gelebt habe, bin ich mir sicher, dass uns weltweit die Menschen um diese so unterschiedlich sch\u00f6nen und so facettenreichen Jahreszeiten beneiden. Luxushotel oder Almh\u00fctte? Obwohl so ein Luxushotel schon seine Reize hat, genie\u00dfe ich doch meist eher die Einsamkeit auf einer Almh\u00fctte\u2026. Mozart oder Hubert von Goisern? Wie sch\u00f6n, dass wir so begnadete Musiker haben!\u00a0Leider\u00a0gibt es f\u00fcr mich - wie so oft - siehe oben und unten :-) kein Entweder-Oder\u2026 Ausstellung oder Bergpanorama? \"Kunst w\u00e4scht den Staub des Alltag von der Seele\", meinte Pablo Picasso. \u00a0Die Berge und deren Traumpanorama brauche ich auch, um mir\u00a0neue Perspektiven vom Leben zu holen.\u00a0Also:\u00a0Es muss doch mehr als alles geben \u00a0- wahrscheinlich mein Lebensmotto, deshalb bitte keine weiteren Entweder-Oder Fragen!\u00a0:-) Wer jemals einen Sonnenaufgang oder Sonnenuntergang in unseren Bergen erlebt hat, wei\u00df um die Einmaligkeit dieser Bilder und Eindr\u00fccke.","url":"https:\/\/www.salzburgerland.com\/de\/magazin\/author\/mriedler\/"}]}},"_wl_alt_label":[],"wl:entity_url":"http:\/\/open.salzburgerland.com\/magazin\/post\/zottig-dunkle_gestalten_mit_bockhoernern","_links":{"self":[{"href":"https:\/\/www.salzburgerland.com\/de\/magazin\/wp-json\/wp\/v2\/posts\/28190","targetHints":{"allow":["GET"]}}],"collection":[{"href":"https:\/\/www.salzburgerland.com\/de\/magazin\/wp-json\/wp\/v2\/posts"}],"about":[{"href":"https:\/\/www.salzburgerland.com\/de\/magazin\/wp-json\/wp\/v2\/types\/post"}],"author":[{"embeddable":true,"href":"https:\/\/www.salzburgerland.com\/de\/magazin\/wp-json\/wp\/v2\/users\/217"}],"replies":[{"embeddable":true,"href":"https:\/\/www.salzburgerland.com\/de\/magazin\/wp-json\/wp\/v2\/comments?post=28190"}],"version-history":[{"count":7,"href":"https:\/\/www.salzburgerland.com\/de\/magazin\/wp-json\/wp\/v2\/posts\/28190\/revisions"}],"predecessor-version":[{"id":185141,"href":"https:\/\/www.salzburgerland.com\/de\/magazin\/wp-json\/wp\/v2\/posts\/28190\/revisions\/185141"}],"wp:featuredmedia":[{"embeddable":true,"href":"https:\/\/www.salzburgerland.com\/de\/magazin\/wp-json\/wp\/v2\/media\/127937"}],"wp:attachment":[{"href":"https:\/\/www.salzburgerland.com\/de\/magazin\/wp-json\/wp\/v2\/media?parent=28190"}],"wp:term":[{"taxonomy":"category","embeddable":true,"href":"https:\/\/www.salzburgerland.com\/de\/magazin\/wp-json\/wp\/v2\/categories?post=28190"},{"taxonomy":"post_tag","embeddable":true,"href":"https:\/\/www.salzburgerland.com\/de\/magazin\/wp-json\/wp\/v2\/tags?post=28190"},{"taxonomy":"wl_entity_type","embeddable":true,"href":"https:\/\/www.salzburgerland.com\/de\/magazin\/wp-json\/wp\/v2\/wl_entity_type?post=28190"},{"taxonomy":"monatsauswahl","embeddable":true,"href":"https:\/\/www.salzburgerland.com\/de\/magazin\/wp-json\/wp\/v2\/monatsauswahl?post=28190"}],"curies":[{"name":"wp","href":"https:\/\/api.w.org\/{rel}","templated":true}]}}