{"id":26772,"date":"2021-06-16T12:50:00","date_gmt":"2021-06-16T10:50:00","guid":{"rendered":"http:\/\/magazin.salzburgerland.com\/?p=26772"},"modified":"2021-06-22T09:56:33","modified_gmt":"2021-06-22T07:56:33","slug":"festung-hohensalzburg","status":"publish","type":"post","link":"https:\/\/www.salzburgerland.com\/de\/magazin\/festung-hohensalzburg\/","title":{"rendered":"Festung Hohensalzburg"},"content":{"rendered":"\n<h2 class=\"wp-block-slt-subtitle\">Einblicke und Ausblicke<\/h2>\n\n\n\n<p class=\"wp-block-slt-intro\">Hoch \u00fcber der Stadt Salzburg thronend ist die Festung nicht nur ein Blickfang, sondern auch Besuchermagnet. Kaum einer scheut die Auffahrt oder den Anstieg auf die mittelalterliche Burganlage, die so manche Geschichte zu erz\u00e4hlen wei\u00df.<\/p>\n\n\n\n<p>Salzburgs meistbesuchte Sehensw\u00fcrdigkeit bietet nicht nur herrliche Aussichten, sondern auch \u00fcberraschende Detailansichten. Errichtet im Jahre 1077 vom Landesf\u00fcrst Gebhard I. von Helffenstein, sorgte dieses markante Bauwerk \u00fcber die Jahre f\u00fcr gro\u00dfes Aufsehen.<\/p>\n\n\n\n<h2 class=\"wp-block-heading\" id=\"h-salzburger-stierwascher\">Salzburger Stierwascher<\/h2>\n\n\n\n<p>Die bekannteste \u00dcberlieferung ist die der Salzburger Stierwascher aus dem Mittelalter. Aufst\u00e4ndische Bauern belagerten die Festung, um den dort festsitzenden Erzbischof samt Gefolge auszuhungern. Tats\u00e4chlich wurden die Vorr\u00e4te auf der Festung langsam knapp. Nur ein einziger Stier war \u00fcbrig geblieben. In dieser Situation kam den Belagerten die rettende Idee: Jeden Tag bemalte man den letzten Stier in einer anderen Farbe und f\u00fchrte ihn demonstrativ rund um die Festung. So wollte man den Bauern enorme Verpflegungsreserven vort\u00e4uschen. Der Trick gelang: Entmutigt beendeten die Bauern ihre scheinbar hoffungslose Belagerung. Dieser Legende wegen werden die Salzburger noch heute gerne als Stierwascher bezeichnet.<\/p>\n\n\n\n<p>Und auch heute noch spielt der Salzburger Stier eine Rolle. Spielen ist dabei sogar wortw\u00f6rtlich gemeint, denn so wird die historische Walzenorgel bezeichnet, die t\u00e4glich um sieben Uhr morgens und sieben Uhr abends \u00fcber die Altstadt schallt. Begibt man sich auf der Festung auf einen Rundgang, kommt man am Schluss unweigerlich an dieser besonderen Attraktion vorbei.<\/p>\n\n\n\n<h2 class=\"wp-block-heading\" id=\"h-panorama-tour-ber-den-d-chern-der-stadt\">Panorama-Tour \u00fcber den D\u00e4chern der Stadt<\/h2>\n\n\n\n<p>Dieser Rundgang wurde im Fr\u00fchling 2021 v\u00f6llig neu konzipiert und leitet uns vom Salzmagazin \u00fcber das Verlies auf die Aussichtsplattform des Reckturms. Von dort geht es \u00fcber den Wehrgang bis zum erw\u00e4hnten Salzburger Stier. Nat\u00fcrlich steht dabei die Wissensvermittlung im Vordergrund, allerdings ist es mitunter gar nicht so leicht, sich auf die historischen Fakten zu konzentrieren, so fantastisch sind die  Ausblicke auf die darunter liegende Stadt. Da man aber ohnehin beim Eingang ein inhaltlich perfekt aufbereitetes Begleitheft in die Hand gedr\u00fcckt bekommt, kann man sich auch im Nachhinein einlesen. <\/p>\n\n\n\n<figure class=\"wp-block-image size-large\"><img loading=\"lazy\" decoding=\"async\" width=\"1920\" height=\"1281\" src=\"https:\/\/www.salzburgerland.com\/de\/magazin\/wp-content\/uploads\/2012\/10\/2021-04-22_FestungHohensalzburg_Rundgang_107.jpg\" alt=\"Ein schmaler Korridor mit Messingh\u00f6rnern an den wei\u00dfen W\u00e4nden und einem deutschen Text auf der linken Seite.\" class=\"wp-image-154753\" srcset=\"https:\/\/www.salzburgerland.com\/de\/magazin\/wp-content\/uploads\/2012\/10\/2021-04-22_FestungHohensalzburg_Rundgang_107.jpg 1920w, https:\/\/www.salzburgerland.com\/de\/magazin\/wp-content\/uploads\/2012\/10\/2021-04-22_FestungHohensalzburg_Rundgang_107-300x200.jpg 300w, https:\/\/www.salzburgerland.com\/de\/magazin\/wp-content\/uploads\/2012\/10\/2021-04-22_FestungHohensalzburg_Rundgang_107-1536x1025.jpg 1536w, https:\/\/www.salzburgerland.com\/de\/magazin\/wp-content\/uploads\/2012\/10\/2021-04-22_FestungHohensalzburg_Rundgang_107-824x550.jpg 824w, https:\/\/www.salzburgerland.com\/de\/magazin\/wp-content\/uploads\/2012\/10\/2021-04-22_FestungHohensalzburg_Rundgang_107-600x400.jpg 600w, https:\/\/www.salzburgerland.com\/de\/magazin\/wp-content\/uploads\/2012\/10\/2021-04-22_FestungHohensalzburg_Rundgang_107-1320x881.jpg 1320w, https:\/\/www.salzburgerland.com\/de\/magazin\/wp-content\/uploads\/2012\/10\/2021-04-22_FestungHohensalzburg_Rundgang_107-150x100.jpg 150w\" sizes=\"auto, (max-width: 1920px) 100vw, 1920px\" \/><figcaption>\u00a9 Salzburger Burgen &amp; Schl\u00f6sser &#8211; Der Salzburger Stier als Endpunkt des Panoramarundgangs <\/figcaption><\/figure>\n\n\n\n<h2 class=\"wp-block-heading\" id=\"h-salzmagazin-und-folterkammer\">Salzmagazin und Folterkammer<\/h2>\n\n\n\n<p>Ein absolutes Highlight der Panorama-Tour erwartet uns gleich am Beginn des Rundganges. Im Salzmagazin wartet ein aufw\u00e4ndig gestaltetes, detailgetreues 3D-Modell der Salzburger Altstadt auf staunende Besucher. Tats\u00e4chlich ist das ganze Modell mit einer feinen Salzschicht \u00fcberzogen, die nicht nur f\u00fcr das kristallene Glitzern sorgt, sondern auch auf die Bedeutung des Wei\u00dfen Goldes f\u00fcr Salzburg verweist. <\/p>\n\n\n\n<figure class=\"wp-block-image size-large\"><img loading=\"lazy\" decoding=\"async\" width=\"1920\" height=\"1281\" src=\"https:\/\/www.salzburgerland.com\/de\/magazin\/wp-content\/uploads\/2012\/10\/2021-04-22_FestungHohensalzburg_SalzStadtkulisse_175.jpg\" alt=\"Ein detailliertes wei\u00dfes Architekturmodell einer historischen Stadt ist in einem gut beleuchteten Galerieraum ausgestellt.\" class=\"wp-image-154754\" srcset=\"https:\/\/www.salzburgerland.com\/de\/magazin\/wp-content\/uploads\/2012\/10\/2021-04-22_FestungHohensalzburg_SalzStadtkulisse_175.jpg 1920w, https:\/\/www.salzburgerland.com\/de\/magazin\/wp-content\/uploads\/2012\/10\/2021-04-22_FestungHohensalzburg_SalzStadtkulisse_175-300x200.jpg 300w, https:\/\/www.salzburgerland.com\/de\/magazin\/wp-content\/uploads\/2012\/10\/2021-04-22_FestungHohensalzburg_SalzStadtkulisse_175-1536x1025.jpg 1536w, https:\/\/www.salzburgerland.com\/de\/magazin\/wp-content\/uploads\/2012\/10\/2021-04-22_FestungHohensalzburg_SalzStadtkulisse_175-824x550.jpg 824w, https:\/\/www.salzburgerland.com\/de\/magazin\/wp-content\/uploads\/2012\/10\/2021-04-22_FestungHohensalzburg_SalzStadtkulisse_175-600x400.jpg 600w, https:\/\/www.salzburgerland.com\/de\/magazin\/wp-content\/uploads\/2012\/10\/2021-04-22_FestungHohensalzburg_SalzStadtkulisse_175-1320x881.jpg 1320w, https:\/\/www.salzburgerland.com\/de\/magazin\/wp-content\/uploads\/2012\/10\/2021-04-22_FestungHohensalzburg_SalzStadtkulisse_175-150x100.jpg 150w\" sizes=\"auto, (max-width: 1920px) 100vw, 1920px\" \/><figcaption>\u00a9 Salzburger Burgen &amp; Schl\u00f6sser  &#8211; Modell im Salzmagazin<\/figcaption><\/figure>\n\n\n\n<p>Ein weiteres Highlight erwartet uns im Inneren des Reckturms. Hier befand sich fr\u00fcher das Verlies der&nbsp;Festung, das im Gegensatz zu den historischen Fakten lange Zeit als Folterkammer pr\u00e4sentiert wurde. Richtig gruselig, wenn man sich vorstellt, was in diesen vier W\u00e4nden fr\u00fcher so passiert ist. Metallkonstruktionen und k\u00fcnstlerische Schatteneffekte lassen die Schrecken fr\u00fcherer Tage erahnen.<\/p>\n\n\n\n<figure class=\"wp-block-image size-large\"><img loading=\"lazy\" decoding=\"async\" width=\"1920\" height=\"1281\" src=\"https:\/\/www.salzburgerland.com\/de\/magazin\/wp-content\/uploads\/2012\/10\/2021-04-22_FestungHohensalzburg_Verlies_18.jpg\" alt=\"Ein Museumsraum mit Eisengittern, Informationstafeln und auf die Steinw\u00e4nde projizierten Worten.\" class=\"wp-image-154755\" srcset=\"https:\/\/www.salzburgerland.com\/de\/magazin\/wp-content\/uploads\/2012\/10\/2021-04-22_FestungHohensalzburg_Verlies_18.jpg 1920w, https:\/\/www.salzburgerland.com\/de\/magazin\/wp-content\/uploads\/2012\/10\/2021-04-22_FestungHohensalzburg_Verlies_18-300x200.jpg 300w, https:\/\/www.salzburgerland.com\/de\/magazin\/wp-content\/uploads\/2012\/10\/2021-04-22_FestungHohensalzburg_Verlies_18-1536x1025.jpg 1536w, https:\/\/www.salzburgerland.com\/de\/magazin\/wp-content\/uploads\/2012\/10\/2021-04-22_FestungHohensalzburg_Verlies_18-824x550.jpg 824w, https:\/\/www.salzburgerland.com\/de\/magazin\/wp-content\/uploads\/2012\/10\/2021-04-22_FestungHohensalzburg_Verlies_18-600x400.jpg 600w, https:\/\/www.salzburgerland.com\/de\/magazin\/wp-content\/uploads\/2012\/10\/2021-04-22_FestungHohensalzburg_Verlies_18-1320x881.jpg 1320w, https:\/\/www.salzburgerland.com\/de\/magazin\/wp-content\/uploads\/2012\/10\/2021-04-22_FestungHohensalzburg_Verlies_18-150x100.jpg 150w\" sizes=\"auto, (max-width: 1920px) 100vw, 1920px\" \/><figcaption>\u00a9 Salzburger Burgen &amp; Schl\u00f6sser &#8211; das Burgverlies<\/figcaption><\/figure>\n\n\n\n<p>Auch au\u00dferhalb des Rundgangs zahlt es sich aus, mit offenen Augen durch die Festungsanlage zu spazieren. Denn nur so, kann man einen Blick f\u00fcr die vielen spannenden Details haben.<\/p>\n\n\n<div class=\"mag-gallery\"><div class=\"row\"><div class=\"col-6 col-sm-4\"><figure><a class=\"thumb-container\" href=\"https:\/\/www.salzburgerland.com\/de\/magazin\/wp-content\/uploads\/2015\/07\/SLT-festungstory06-1280x1024.jpg\">\t<picture><source media=\"(min-width: 576px)\" srcset=\"https:\/\/www.salzburgerland.com\/de\/magazin\/wp-content\/uploads\/2015\/07\/SLT-festungstory06-325x209.jpg 325w, https:\/\/www.salzburgerland.com\/de\/magazin\/wp-content\/uploads\/2015\/07\/SLT-festungstory06-249x160.jpg 249w\"><\/source><source media=\"(min-width: 0)\" srcset=\"https:\/\/www.salzburgerland.com\/de\/magazin\/wp-content\/uploads\/2015\/07\/SLT-festungstory06-249x160.jpg 249w, https:\/\/www.salzburgerland.com\/de\/magazin\/wp-content\/uploads\/2015\/07\/SLT-festungstory06-325x209.jpg 325w\"><\/source><img decoding=\"async\" alt=\"Schwarz-Wei&szlig;-Foto eines alten Geb&auml;udes mit hohen, kantigen D&auml;chern und dahinter scheinendem Sonnenlicht.\" src=\"https:\/\/www.salzburgerland.com\/de\/magazin\/wp-content\/uploads\/2015\/07\/SLT-festungstory06.jpg\">\t<\/picture><\/a><\/figure><\/div><div class=\"col-6 col-sm-4\"><figure><a class=\"thumb-container\" href=\"https:\/\/www.salzburgerland.com\/de\/magazin\/wp-content\/uploads\/2012\/10\/SLT-festungstory12-1280x1024.jpg\">\t<picture><source media=\"(min-width: 576px)\" srcset=\"https:\/\/www.salzburgerland.com\/de\/magazin\/wp-content\/uploads\/2012\/10\/SLT-festungstory12-325x209.jpg 325w, https:\/\/www.salzburgerland.com\/de\/magazin\/wp-content\/uploads\/2012\/10\/SLT-festungstory12-249x160.jpg 249w\"><\/source><source media=\"(min-width: 0)\" srcset=\"https:\/\/www.salzburgerland.com\/de\/magazin\/wp-content\/uploads\/2012\/10\/SLT-festungstory12-249x160.jpg 249w, https:\/\/www.salzburgerland.com\/de\/magazin\/wp-content\/uploads\/2012\/10\/SLT-festungstory12-325x209.jpg 325w\"><\/source><img decoding=\"async\" alt=\"Schwarz-Wei&szlig;-Foto einer Kirchenwand mit einem Kreuz und offenen Fenstern an einem nahe gelegenen Geb&auml;ude.\" src=\"https:\/\/www.salzburgerland.com\/de\/magazin\/wp-content\/uploads\/2012\/10\/SLT-festungstory12.jpg\">\t<\/picture><\/a><\/figure><\/div><div class=\"col-6 col-sm-4\"><figure><a class=\"thumb-container\" href=\"https:\/\/www.salzburgerland.com\/de\/magazin\/wp-content\/uploads\/2012\/10\/SLT-festungstory10-1280x1024.jpg\">\t<picture><source media=\"(min-width: 576px)\" srcset=\"https:\/\/www.salzburgerland.com\/de\/magazin\/wp-content\/uploads\/2012\/10\/SLT-festungstory10-325x209.jpg 325w, https:\/\/www.salzburgerland.com\/de\/magazin\/wp-content\/uploads\/2012\/10\/SLT-festungstory10-300x193.jpg 300w, https:\/\/www.salzburgerland.com\/de\/magazin\/wp-content\/uploads\/2012\/10\/SLT-festungstory10-853x550.jpg 853w, https:\/\/www.salzburgerland.com\/de\/magazin\/wp-content\/uploads\/2012\/10\/SLT-festungstory10-620x400.jpg 620w, https:\/\/www.salzburgerland.com\/de\/magazin\/wp-content\/uploads\/2012\/10\/SLT-festungstory10-249x160.jpg 249w, https:\/\/www.salzburgerland.com\/de\/magazin\/wp-content\/uploads\/2012\/10\/SLT-festungstory10.jpg 960w\"><\/source><source media=\"(min-width: 0)\" srcset=\"https:\/\/www.salzburgerland.com\/de\/magazin\/wp-content\/uploads\/2012\/10\/SLT-festungstory10-249x160.jpg 249w, https:\/\/www.salzburgerland.com\/de\/magazin\/wp-content\/uploads\/2012\/10\/SLT-festungstory10-300x193.jpg 300w, https:\/\/www.salzburgerland.com\/de\/magazin\/wp-content\/uploads\/2012\/10\/SLT-festungstory10-853x550.jpg 853w, https:\/\/www.salzburgerland.com\/de\/magazin\/wp-content\/uploads\/2012\/10\/SLT-festungstory10-620x400.jpg 620w, https:\/\/www.salzburgerland.com\/de\/magazin\/wp-content\/uploads\/2012\/10\/SLT-festungstory10-325x209.jpg 325w, https:\/\/www.salzburgerland.com\/de\/magazin\/wp-content\/uploads\/2012\/10\/SLT-festungstory10.jpg 960w\"><\/source><img decoding=\"async\" alt=\"Steinmauer mit einem Aussichtsfenster mit Blick auf eine Stadtlandschaft, einen Fluss und H&uuml;gel unter einem blauen Himmel.\" src=\"https:\/\/www.salzburgerland.com\/de\/magazin\/wp-content\/uploads\/2012\/10\/SLT-festungstory10.jpg\">\t<\/picture><\/a><\/figure><\/div><div class=\"col-6 col-sm-4\"><figure><a class=\"thumb-container\" href=\"https:\/\/www.salzburgerland.com\/de\/magazin\/wp-content\/uploads\/2012\/10\/SLT-festungstory09-1280x1024.jpg\">\t<picture><source media=\"(min-width: 576px)\" srcset=\"https:\/\/www.salzburgerland.com\/de\/magazin\/wp-content\/uploads\/2012\/10\/SLT-festungstory09-325x209.jpg 325w, https:\/\/www.salzburgerland.com\/de\/magazin\/wp-content\/uploads\/2012\/10\/SLT-festungstory09-249x160.jpg 249w\"><\/source><source media=\"(min-width: 0)\" srcset=\"https:\/\/www.salzburgerland.com\/de\/magazin\/wp-content\/uploads\/2012\/10\/SLT-festungstory09-249x160.jpg 249w, https:\/\/www.salzburgerland.com\/de\/magazin\/wp-content\/uploads\/2012\/10\/SLT-festungstory09-325x209.jpg 325w\"><\/source><img decoding=\"async\" alt=\"Eine Nahaufnahme eines verschlossenen Metalltors mit einem Kreuzmuster vor einem verschwommenen Hintergrund.\" src=\"https:\/\/www.salzburgerland.com\/de\/magazin\/wp-content\/uploads\/2012\/10\/SLT-festungstory09.jpg\">\t<\/picture><\/a><\/figure><\/div><div class=\"col-6 col-sm-4\"><figure><a class=\"thumb-container\" href=\"https:\/\/www.salzburgerland.com\/de\/magazin\/wp-content\/uploads\/2012\/10\/SLT-festungstory08-1280x1024.jpg\">\t<picture><source media=\"(min-width: 576px)\" srcset=\"https:\/\/www.salzburgerland.com\/de\/magazin\/wp-content\/uploads\/2012\/10\/SLT-festungstory08-325x209.jpg 325w, https:\/\/www.salzburgerland.com\/de\/magazin\/wp-content\/uploads\/2012\/10\/SLT-festungstory08-249x160.jpg 249w\"><\/source><source media=\"(min-width: 0)\" srcset=\"https:\/\/www.salzburgerland.com\/de\/magazin\/wp-content\/uploads\/2012\/10\/SLT-festungstory08-249x160.jpg 249w, https:\/\/www.salzburgerland.com\/de\/magazin\/wp-content\/uploads\/2012\/10\/SLT-festungstory08-325x209.jpg 325w\"><\/source><img decoding=\"async\" alt=\"Schatten einer Person mit ausgestreckten Armen an einer Wand in der N&auml;he einer Steinstruktur mit runden schwarzen Formen.\" src=\"https:\/\/www.salzburgerland.com\/de\/magazin\/wp-content\/uploads\/2012\/10\/SLT-festungstory08.jpg\">\t<\/picture><\/a><\/figure><\/div><div class=\"col-6 col-sm-4\"><figure><a class=\"thumb-container\" href=\"https:\/\/www.salzburgerland.com\/de\/magazin\/wp-content\/uploads\/2012\/10\/SLT-festungstory07-1280x1024.jpg\">\t<picture><source media=\"(min-width: 576px)\" srcset=\"https:\/\/www.salzburgerland.com\/de\/magazin\/wp-content\/uploads\/2012\/10\/SLT-festungstory07-325x209.jpg 325w, https:\/\/www.salzburgerland.com\/de\/magazin\/wp-content\/uploads\/2012\/10\/SLT-festungstory07-249x160.jpg 249w\"><\/source><source media=\"(min-width: 0)\" srcset=\"https:\/\/www.salzburgerland.com\/de\/magazin\/wp-content\/uploads\/2012\/10\/SLT-festungstory07-249x160.jpg 249w, https:\/\/www.salzburgerland.com\/de\/magazin\/wp-content\/uploads\/2012\/10\/SLT-festungstory07-325x209.jpg 325w\"><\/source><img decoding=\"async\" alt=\"Eine rustikale Wand mit zwei Fenstern, eines mit Holzl&auml;den und das andere mit Glasscheiben, die teilweise im Schatten liegen.\" src=\"https:\/\/www.salzburgerland.com\/de\/magazin\/wp-content\/uploads\/2012\/10\/SLT-festungstory07.jpg\">\t<\/picture><\/a><\/figure><\/div><div class=\"col-6 col-sm-4\"><figure><a class=\"thumb-container\" href=\"https:\/\/www.salzburgerland.com\/de\/magazin\/wp-content\/uploads\/2012\/10\/SLT-festungstory05-1280x1024.jpg\">\t<picture><source media=\"(min-width: 576px)\" srcset=\"https:\/\/www.salzburgerland.com\/de\/magazin\/wp-content\/uploads\/2012\/10\/SLT-festungstory05-325x209.jpg 325w, https:\/\/www.salzburgerland.com\/de\/magazin\/wp-content\/uploads\/2012\/10\/SLT-festungstory05-249x160.jpg 249w\"><\/source><source media=\"(min-width: 0)\" srcset=\"https:\/\/www.salzburgerland.com\/de\/magazin\/wp-content\/uploads\/2012\/10\/SLT-festungstory05-249x160.jpg 249w, https:\/\/www.salzburgerland.com\/de\/magazin\/wp-content\/uploads\/2012\/10\/SLT-festungstory05-325x209.jpg 325w\"><\/source><img decoding=\"async\" alt=\"Nahaufnahme eines herzf&ouml;rmigen Schl&uuml;ssellochs an einer Holzt&uuml;r neben einer strukturierten Steinwand.\" src=\"https:\/\/www.salzburgerland.com\/de\/magazin\/wp-content\/uploads\/2012\/10\/SLT-festungstory05.jpg\">\t<\/picture><\/a><\/figure><\/div><div class=\"col-6 col-sm-4\"><figure><a class=\"thumb-container\" href=\"https:\/\/www.salzburgerland.com\/de\/magazin\/wp-content\/uploads\/2012\/10\/SLT-festungstory03-1280x1024.jpg\">\t<picture><source media=\"(min-width: 576px)\" srcset=\"https:\/\/www.salzburgerland.com\/de\/magazin\/wp-content\/uploads\/2012\/10\/SLT-festungstory03-325x209.jpg 325w, https:\/\/www.salzburgerland.com\/de\/magazin\/wp-content\/uploads\/2012\/10\/SLT-festungstory03-249x160.jpg 249w\"><\/source><source media=\"(min-width: 0)\" srcset=\"https:\/\/www.salzburgerland.com\/de\/magazin\/wp-content\/uploads\/2012\/10\/SLT-festungstory03-249x160.jpg 249w, https:\/\/www.salzburgerland.com\/de\/magazin\/wp-content\/uploads\/2012\/10\/SLT-festungstory03-325x209.jpg 325w\"><\/source><img decoding=\"async\" alt=\"Rosafarbene Blumen und gr&uuml;ne Bl&auml;tter umrahmen den Blick auf ein hohes wei&szlig;es Steingeb&auml;ude vor einem strahlend blauen Himmel.\" src=\"https:\/\/www.salzburgerland.com\/de\/magazin\/wp-content\/uploads\/2012\/10\/SLT-festungstory03.jpg\">\t<\/picture><\/a><\/figure><\/div><div class=\"col-6 col-sm-4\"><figure><a class=\"thumb-container\" href=\"https:\/\/www.salzburgerland.com\/de\/magazin\/wp-content\/uploads\/2012\/10\/SLT-festungstory02-1280x1024.jpg\">\t<picture><source media=\"(min-width: 576px)\" srcset=\"https:\/\/www.salzburgerland.com\/de\/magazin\/wp-content\/uploads\/2012\/10\/SLT-festungstory02-325x209.jpg 325w, https:\/\/www.salzburgerland.com\/de\/magazin\/wp-content\/uploads\/2012\/10\/SLT-festungstory02-249x160.jpg 249w\"><\/source><source media=\"(min-width: 0)\" srcset=\"https:\/\/www.salzburgerland.com\/de\/magazin\/wp-content\/uploads\/2012\/10\/SLT-festungstory02-249x160.jpg 249w, https:\/\/www.salzburgerland.com\/de\/magazin\/wp-content\/uploads\/2012\/10\/SLT-festungstory02-325x209.jpg 325w\"><\/source><img decoding=\"async\" alt=\"Nahaufnahme eines Metallgel&auml;nders an einer strukturierten Wand neben einer Steintreppe im Freien in Schwarz und Wei&szlig;.\" src=\"https:\/\/www.salzburgerland.com\/de\/magazin\/wp-content\/uploads\/2012\/10\/SLT-festungstory02.jpg\">\t<\/picture><\/a><\/figure><\/div><\/div><figcaption><\/figcaption><\/div>\n","protected":false},"excerpt":{"rendered":"<p>Salzburgs meistbesuchte Sehensw\u00fcrdigkeit bietet nicht nur herrliche Aussichten, sondern auch \u00fcberraschende Detailansichten. Errichtet im Jahre 1077 vom Landesf\u00fcrst Gebhard I. von Helffenstein, sorgte dieses markante Bauwerk \u00fcber die Jahre f\u00fcr gro\u00dfes Aufsehen. Salzburger Stierwascher Die bekannteste \u00dcberlieferung ist die der Salzburger Stierwascher aus dem Mittelalter. Aufst\u00e4ndische Bauern belagerten die Festung, um den dort festsitzenden Erzbischof [&hellip;]<\/p>\n","protected":false},"author":90,"featured_media":154752,"comment_status":"open","ping_status":"open","sticky":false,"template":"","format":"standard","meta":{"_acf_changed":false,"wl_entities_gutenberg":"","_wl_entity_redirect_enabled":"","footnotes":""},"categories":[9],"tags":[6709],"wl_entity_type":[306],"monatsauswahl":[85,86,87,88,89,90,91],"class_list":["post-26772","post","type-post","status-publish","format-standard","has-post-thumbnail","hentry","category-sehenswurdig","tag-salzburgerland-card","wl_entity_type-article","monatsauswahl-monat_4","monatsauswahl-monat_5","monatsauswahl-monat_6","monatsauswahl-monat_7","monatsauswahl-monat_8","monatsauswahl-monat_9","monatsauswahl-monat_10"],"acf":[],"yoast_head":"<!-- This site is optimized with the Yoast SEO Premium plugin v27.4 (Yoast SEO v27.4) - https:\/\/yoast.com\/product\/yoast-seo-premium-wordpress\/ -->\n<title>Festung Hohensalzburg - SalzburgerLand Magazin<\/title>\n<meta name=\"description\" content=\"Hoch \u00fcber der Stadt Salzburg thronend ist die Festung nicht nur ein Blickfang, sondern auch Besuchermagnet. Kaum einer scheut die Auffahrt oder den Anstieg auf die mittelalterliche Burganlage, die so manche Geschichte zu erz\u00e4hlen wei\u00df.\" \/>\n<meta name=\"robots\" content=\"index, follow, max-snippet:-1, max-image-preview:large, max-video-preview:-1\" \/>\n<link rel=\"canonical\" href=\"https:\/\/www.salzburgerland.com\/de\/magazin\/festung-hohensalzburg\/\" \/>\n<meta property=\"og:locale\" content=\"de_DE\" \/>\n<meta property=\"og:type\" content=\"article\" \/>\n<meta property=\"og:title\" content=\"Festung Hohensalzburg\" \/>\n<meta property=\"og:description\" content=\"Salzburgs meistbesuchte Sehensw\u00fcrdigkeit bietet nicht nur herrliche Aussichten, sondern auch \u00fcberraschende Detailansichten. Errichtet im Jahre 1077 vom Landesf\u00fcrst Gebhard I. von Helffenstein, sorgte dieses markante Bauwerk \u00fcber die Jahre f\u00fcr gro\u00dfes Aufsehen. Salzburger Stierwascher Die bekannteste \u00dcberlieferung ist die der Salzburger Stierwascher aus dem Mittelalter. Aufst\u00e4ndische Bauern belagerten die Festung, um den dort festsitzenden Erzbischof [&hellip;]\" \/>\n<meta property=\"og:url\" content=\"https:\/\/www.salzburgerland.com\/de\/magazin\/festung-hohensalzburg\/\" \/>\n<meta property=\"og:site_name\" content=\"SalzburgerLand Magazin\" \/>\n<meta property=\"article:publisher\" content=\"https:\/\/www.facebook.com\/salzburgerland\/\" \/>\n<meta property=\"article:published_time\" content=\"2021-06-16T10:50:00+00:00\" \/>\n<meta property=\"article:modified_time\" content=\"2021-06-22T07:56:33+00:00\" \/>\n<meta property=\"og:image\" content=\"https:\/\/www.salzburgerland.com\/de\/magazin\/wp-content\/uploads\/2012\/10\/RS3588_200407-Skate-mex_4138-lpr-e1623924376358.jpg\" \/>\n\t<meta property=\"og:image:width\" content=\"1915\" \/>\n\t<meta property=\"og:image:height\" content=\"926\" \/>\n\t<meta property=\"og:image:type\" content=\"image\/jpeg\" \/>\n<meta name=\"author\" content=\"Ulli Hammerl\" \/>\n<meta name=\"twitter:card\" content=\"summary_large_image\" \/>\n<meta name=\"twitter:creator\" content=\"@Salzburgerland\" \/>\n<meta name=\"twitter:site\" content=\"@Salzburgerland\" \/>\n<meta name=\"twitter:label1\" content=\"Verfasst von\" \/>\n\t<meta name=\"twitter:data1\" content=\"Ulli Hammerl\" \/>\n\t<meta name=\"twitter:label2\" content=\"Gesch\u00e4tzte Lesezeit\" \/>\n\t<meta name=\"twitter:data2\" content=\"5\u00a0Minuten\" \/>\n<script type=\"application\/ld+json\" class=\"yoast-schema-graph\">{\"@context\":\"https:\\\/\\\/schema.org\",\"@graph\":[{\"@type\":\"Article\",\"@id\":\"https:\\\/\\\/www.salzburgerland.com\\\/de\\\/magazin\\\/festung-hohensalzburg\\\/#article\",\"isPartOf\":{\"@id\":\"https:\\\/\\\/www.salzburgerland.com\\\/de\\\/magazin\\\/festung-hohensalzburg\\\/\"},\"author\":{\"name\":\"Ulli Hammerl\",\"@id\":\"https:\\\/\\\/www.salzburgerland.com\\\/de\\\/magazin\\\/#\\\/schema\\\/person\\\/a55a4fee1009b9e458d298480a18a9f7\"},\"headline\":\"Festung Hohensalzburg\",\"datePublished\":\"2021-06-16T10:50:00+00:00\",\"dateModified\":\"2021-06-22T07:56:33+00:00\",\"mainEntityOfPage\":{\"@id\":\"https:\\\/\\\/www.salzburgerland.com\\\/de\\\/magazin\\\/festung-hohensalzburg\\\/\"},\"wordCount\":526,\"commentCount\":0,\"publisher\":{\"@id\":\"https:\\\/\\\/www.salzburgerland.com\\\/de\\\/magazin\\\/#organization\"},\"image\":{\"@id\":\"https:\\\/\\\/www.salzburgerland.com\\\/de\\\/magazin\\\/festung-hohensalzburg\\\/#primaryimage\"},\"thumbnailUrl\":\"https:\\\/\\\/www.salzburgerland.com\\\/de\\\/magazin\\\/wp-content\\\/uploads\\\/2012\\\/10\\\/RS3588_200407-Skate-mex_4138-lpr-e1623924376358.jpg\",\"keywords\":[\"SalzburgerLand Card\"],\"articleSection\":[\"Sehensw\u00fcrdig\"],\"inLanguage\":\"de\",\"potentialAction\":[{\"@type\":\"CommentAction\",\"name\":\"Comment\",\"target\":[\"https:\\\/\\\/www.salzburgerland.com\\\/de\\\/magazin\\\/festung-hohensalzburg\\\/#respond\"]}]},{\"@type\":\"WebPage\",\"@id\":\"https:\\\/\\\/www.salzburgerland.com\\\/de\\\/magazin\\\/festung-hohensalzburg\\\/\",\"url\":\"https:\\\/\\\/www.salzburgerland.com\\\/de\\\/magazin\\\/festung-hohensalzburg\\\/\",\"name\":\"Festung Hohensalzburg - SalzburgerLand Magazin\",\"isPartOf\":{\"@id\":\"https:\\\/\\\/www.salzburgerland.com\\\/de\\\/magazin\\\/#website\"},\"primaryImageOfPage\":{\"@id\":\"https:\\\/\\\/www.salzburgerland.com\\\/de\\\/magazin\\\/festung-hohensalzburg\\\/#primaryimage\"},\"image\":{\"@id\":\"https:\\\/\\\/www.salzburgerland.com\\\/de\\\/magazin\\\/festung-hohensalzburg\\\/#primaryimage\"},\"thumbnailUrl\":\"https:\\\/\\\/www.salzburgerland.com\\\/de\\\/magazin\\\/wp-content\\\/uploads\\\/2012\\\/10\\\/RS3588_200407-Skate-mex_4138-lpr-e1623924376358.jpg\",\"datePublished\":\"2021-06-16T10:50:00+00:00\",\"dateModified\":\"2021-06-22T07:56:33+00:00\",\"breadcrumb\":{\"@id\":\"https:\\\/\\\/www.salzburgerland.com\\\/de\\\/magazin\\\/festung-hohensalzburg\\\/#breadcrumb\"},\"inLanguage\":\"de\",\"potentialAction\":[{\"@type\":\"ReadAction\",\"target\":[\"https:\\\/\\\/www.salzburgerland.com\\\/de\\\/magazin\\\/festung-hohensalzburg\\\/\"]}]},{\"@type\":\"ImageObject\",\"inLanguage\":\"de\",\"@id\":\"https:\\\/\\\/www.salzburgerland.com\\\/de\\\/magazin\\\/festung-hohensalzburg\\\/#primaryimage\",\"url\":\"https:\\\/\\\/www.salzburgerland.com\\\/de\\\/magazin\\\/wp-content\\\/uploads\\\/2012\\\/10\\\/RS3588_200407-Skate-mex_4138-lpr-e1623924376358.jpg\",\"contentUrl\":\"https:\\\/\\\/www.salzburgerland.com\\\/de\\\/magazin\\\/wp-content\\\/uploads\\\/2012\\\/10\\\/RS3588_200407-Skate-mex_4138-lpr-e1623924376358.jpg\",\"width\":1915,\"height\":926,\"caption\":\"\u00a9 SalzburgerLand Tourismus - Panorama der Stadt Salzburg mit der Festung\"},{\"@type\":\"BreadcrumbList\",\"@id\":\"https:\\\/\\\/www.salzburgerland.com\\\/de\\\/magazin\\\/festung-hohensalzburg\\\/#breadcrumb\",\"itemListElement\":[{\"@type\":\"ListItem\",\"position\":1,\"name\":\"Startseite\",\"item\":\"https:\\\/\\\/www.salzburgerland.com\\\/de\\\/magazin\\\/\"},{\"@type\":\"ListItem\",\"position\":2,\"name\":\"Sehensw\u00fcrdig\",\"item\":\"https:\\\/\\\/www.salzburgerland.com\\\/de\\\/magazin\\\/thema\\\/sehenswurdig\\\/\"},{\"@type\":\"ListItem\",\"position\":3,\"name\":\"Festung Hohensalzburg\"}]},{\"@type\":\"WebSite\",\"@id\":\"https:\\\/\\\/www.salzburgerland.com\\\/de\\\/magazin\\\/#website\",\"url\":\"https:\\\/\\\/www.salzburgerland.com\\\/de\\\/magazin\\\/\",\"name\":\"SalzburgerLand Magazin\",\"description\":\"Geschichten und Interessantes aus dem SalzburgerLand\",\"publisher\":{\"@id\":\"https:\\\/\\\/www.salzburgerland.com\\\/de\\\/magazin\\\/#organization\"},\"potentialAction\":[{\"@type\":\"SearchAction\",\"target\":{\"@type\":\"EntryPoint\",\"urlTemplate\":\"https:\\\/\\\/www.salzburgerland.com\\\/de\\\/magazin\\\/?s={search_term_string}\"},\"query-input\":{\"@type\":\"PropertyValueSpecification\",\"valueRequired\":true,\"valueName\":\"search_term_string\"}}],\"inLanguage\":\"de\"},{\"@type\":\"Organization\",\"@id\":\"https:\\\/\\\/www.salzburgerland.com\\\/de\\\/magazin\\\/#organization\",\"name\":\"SalzburgerLand Tourismus\",\"url\":\"https:\\\/\\\/www.salzburgerland.com\\\/de\\\/magazin\\\/\",\"logo\":{\"@type\":\"ImageObject\",\"inLanguage\":\"de\",\"@id\":\"https:\\\/\\\/www.salzburgerland.com\\\/de\\\/magazin\\\/#\\\/schema\\\/logo\\\/image\\\/\",\"url\":\"https:\\\/\\\/www.salzburgerland.com\\\/de\\\/magazin\\\/wp-content\\\/uploads\\\/2019\\\/06\\\/salzburgerland-logo1.jpg\",\"contentUrl\":\"https:\\\/\\\/www.salzburgerland.com\\\/de\\\/magazin\\\/wp-content\\\/uploads\\\/2019\\\/06\\\/salzburgerland-logo1.jpg\",\"width\":2011,\"height\":866,\"caption\":\"SalzburgerLand Tourismus\"},\"image\":{\"@id\":\"https:\\\/\\\/www.salzburgerland.com\\\/de\\\/magazin\\\/#\\\/schema\\\/logo\\\/image\\\/\"},\"sameAs\":[\"https:\\\/\\\/www.facebook.com\\\/salzburgerland\\\/\",\"https:\\\/\\\/x.com\\\/Salzburgerland\",\"https:\\\/\\\/www.instagram.com\\\/salzburgerland\\\/\",\"https:\\\/\\\/at.linkedin.com\\\/company\\\/salzburgerland-tourismus-gmbh\",\"https:\\\/\\\/www.pinterest.at\\\/salzburgerland\\\/\",\"https:\\\/\\\/www.youtube.com\\\/user\\\/salzburgerland\",\"https:\\\/\\\/de.wikipedia.org\\\/wiki\\\/SalzburgerLand_Tourismus_GmbH\"]},{\"@type\":\"Person\",\"@id\":\"https:\\\/\\\/www.salzburgerland.com\\\/de\\\/magazin\\\/#\\\/schema\\\/person\\\/a55a4fee1009b9e458d298480a18a9f7\",\"name\":\"Ulli Hammerl\",\"description\":\"Geboren und aufgewachsen in der Stadt Salzburg war Ulli Hammerl fr\u00fch bewusst, in einer der sch\u00f6nsten St\u00e4dte der Welt zu leben. So ist sie auch w\u00e4hrend ihres Studiums der Kommunikationswissenschaft und \u00d6kologie ihrer Heimatstadt treu geblieben. Gleich nach dem Studium ist sie zu SalzburgerLand Tourismus (SLTG) gegangen und hat hier von 1998 - 2004 u.a. die SalzburgerLand Card betreut. Dabei ist sie viel herumgekommen, wodurch auch die Liebe zum SalzburgerLand enstanden und gewachsen ist. Nach der Geburt ihrer Tochter im September 2004 hat sich Ulli Hammerl 2007 mit einer Agentur selbst\u00e4ndig gemacht. Mein pers\u00f6nlicher Logenplatz: Hoch \u00fcber Salzburg, abseits der stark begangenen Wege mit Blick auf die D\u00e4cher und Kircht\u00fcrme der Stadt \u2013 hier geht mir das Herz auf! Morgen- oder Abendmensch: Ganz klar: Morgenmensch. Wenn um 5.00 Uhr fr\u00fch die V\u00f6gel zwitschern und rund herum noch alles in tiefer Ruhe versinkt, dann ist meine Zeit. Ausgeschlafen, Energie geladen und voller Tatendrang starte ich am liebsten in den fr\u00fchen Morgenstunden in den Tag. Daf\u00fcr kann man nach 21.00 Uhr nicht mehr mit mir rechnen. Buch oder Film: Es gibt nichts Sch\u00f6neres, als es sich am Ende des Tages auf der Couch gem\u00fctlich zu machen und in die Gedankenwelt eines guten Buches einzutauchen \u2013 Lesen ist Abenteuer im Kopf. Wandern, Spazierengehen oder Laufen: alles drei und zwar am besten jeden Tag. Mit ein bisschen Zeiteinteilung geht es sich tats\u00e4chlich fast gehen Tag aus, drau\u00dfen unterwegs zu sein. Fr\u00fchling, Sommer, Herbst oder Winter: Ich kann es im Fr\u00fchling kaum erwarten, die ersten Gr\u00fcnschattierungen in der Natur zu entdecken. Ich liebe hei\u00dfe Sommertage am See und laue Sommerabende am Balkon. Ich mag es, wenn im Herbst die W\u00e4lder in einem Meer aus Farben erstrahlen, Laubrascheln und Kastanien sammeln. Und ich freue mich wie ein Kind, wenn im Dezember die ersten Schneeflocken vom Himmel schweben. Die vier Jahreszeiten sind etwas Wunderbares.\",\"url\":\"https:\\\/\\\/www.salzburgerland.com\\\/de\\\/magazin\\\/author\\\/ulli-hammerl\\\/\"}]}<\/script>\n<!-- \/ Yoast SEO Premium plugin. -->","yoast_head_json":{"title":"Festung Hohensalzburg - SalzburgerLand Magazin","description":"Hoch \u00fcber der Stadt Salzburg thronend ist die Festung nicht nur ein Blickfang, sondern auch Besuchermagnet. Kaum einer scheut die Auffahrt oder den Anstieg auf die mittelalterliche Burganlage, die so manche Geschichte zu erz\u00e4hlen wei\u00df.","robots":{"index":"index","follow":"follow","max-snippet":"max-snippet:-1","max-image-preview":"max-image-preview:large","max-video-preview":"max-video-preview:-1"},"canonical":"https:\/\/www.salzburgerland.com\/de\/magazin\/festung-hohensalzburg\/","og_locale":"de_DE","og_type":"article","og_title":"Festung Hohensalzburg","og_description":"Salzburgs meistbesuchte Sehensw\u00fcrdigkeit bietet nicht nur herrliche Aussichten, sondern auch \u00fcberraschende Detailansichten. Errichtet im Jahre 1077 vom Landesf\u00fcrst Gebhard I. von Helffenstein, sorgte dieses markante Bauwerk \u00fcber die Jahre f\u00fcr gro\u00dfes Aufsehen. Salzburger Stierwascher Die bekannteste \u00dcberlieferung ist die der Salzburger Stierwascher aus dem Mittelalter. Aufst\u00e4ndische Bauern belagerten die Festung, um den dort festsitzenden Erzbischof [&hellip;]","og_url":"https:\/\/www.salzburgerland.com\/de\/magazin\/festung-hohensalzburg\/","og_site_name":"SalzburgerLand Magazin","article_publisher":"https:\/\/www.facebook.com\/salzburgerland\/","article_published_time":"2021-06-16T10:50:00+00:00","article_modified_time":"2021-06-22T07:56:33+00:00","og_image":[{"width":1915,"height":926,"url":"https:\/\/www.salzburgerland.com\/de\/magazin\/wp-content\/uploads\/2012\/10\/RS3588_200407-Skate-mex_4138-lpr-e1623924376358.jpg","type":"image\/jpeg"}],"author":"Ulli Hammerl","twitter_card":"summary_large_image","twitter_creator":"@Salzburgerland","twitter_site":"@Salzburgerland","twitter_misc":{"Verfasst von":"Ulli Hammerl","Gesch\u00e4tzte Lesezeit":"5\u00a0Minuten"},"schema":{"@context":"https:\/\/schema.org","@graph":[{"@type":"Article","@id":"https:\/\/www.salzburgerland.com\/de\/magazin\/festung-hohensalzburg\/#article","isPartOf":{"@id":"https:\/\/www.salzburgerland.com\/de\/magazin\/festung-hohensalzburg\/"},"author":{"name":"Ulli Hammerl","@id":"https:\/\/www.salzburgerland.com\/de\/magazin\/#\/schema\/person\/a55a4fee1009b9e458d298480a18a9f7"},"headline":"Festung Hohensalzburg","datePublished":"2021-06-16T10:50:00+00:00","dateModified":"2021-06-22T07:56:33+00:00","mainEntityOfPage":{"@id":"https:\/\/www.salzburgerland.com\/de\/magazin\/festung-hohensalzburg\/"},"wordCount":526,"commentCount":0,"publisher":{"@id":"https:\/\/www.salzburgerland.com\/de\/magazin\/#organization"},"image":{"@id":"https:\/\/www.salzburgerland.com\/de\/magazin\/festung-hohensalzburg\/#primaryimage"},"thumbnailUrl":"https:\/\/www.salzburgerland.com\/de\/magazin\/wp-content\/uploads\/2012\/10\/RS3588_200407-Skate-mex_4138-lpr-e1623924376358.jpg","keywords":["SalzburgerLand Card"],"articleSection":["Sehensw\u00fcrdig"],"inLanguage":"de","potentialAction":[{"@type":"CommentAction","name":"Comment","target":["https:\/\/www.salzburgerland.com\/de\/magazin\/festung-hohensalzburg\/#respond"]}]},{"@type":"WebPage","@id":"https:\/\/www.salzburgerland.com\/de\/magazin\/festung-hohensalzburg\/","url":"https:\/\/www.salzburgerland.com\/de\/magazin\/festung-hohensalzburg\/","name":"Festung Hohensalzburg - SalzburgerLand Magazin","isPartOf":{"@id":"https:\/\/www.salzburgerland.com\/de\/magazin\/#website"},"primaryImageOfPage":{"@id":"https:\/\/www.salzburgerland.com\/de\/magazin\/festung-hohensalzburg\/#primaryimage"},"image":{"@id":"https:\/\/www.salzburgerland.com\/de\/magazin\/festung-hohensalzburg\/#primaryimage"},"thumbnailUrl":"https:\/\/www.salzburgerland.com\/de\/magazin\/wp-content\/uploads\/2012\/10\/RS3588_200407-Skate-mex_4138-lpr-e1623924376358.jpg","datePublished":"2021-06-16T10:50:00+00:00","dateModified":"2021-06-22T07:56:33+00:00","breadcrumb":{"@id":"https:\/\/www.salzburgerland.com\/de\/magazin\/festung-hohensalzburg\/#breadcrumb"},"inLanguage":"de","potentialAction":[{"@type":"ReadAction","target":["https:\/\/www.salzburgerland.com\/de\/magazin\/festung-hohensalzburg\/"]}]},{"@type":"ImageObject","inLanguage":"de","@id":"https:\/\/www.salzburgerland.com\/de\/magazin\/festung-hohensalzburg\/#primaryimage","url":"https:\/\/www.salzburgerland.com\/de\/magazin\/wp-content\/uploads\/2012\/10\/RS3588_200407-Skate-mex_4138-lpr-e1623924376358.jpg","contentUrl":"https:\/\/www.salzburgerland.com\/de\/magazin\/wp-content\/uploads\/2012\/10\/RS3588_200407-Skate-mex_4138-lpr-e1623924376358.jpg","width":1915,"height":926,"caption":"\u00a9 SalzburgerLand Tourismus - Panorama der Stadt Salzburg mit der Festung"},{"@type":"BreadcrumbList","@id":"https:\/\/www.salzburgerland.com\/de\/magazin\/festung-hohensalzburg\/#breadcrumb","itemListElement":[{"@type":"ListItem","position":1,"name":"Startseite","item":"https:\/\/www.salzburgerland.com\/de\/magazin\/"},{"@type":"ListItem","position":2,"name":"Sehensw\u00fcrdig","item":"https:\/\/www.salzburgerland.com\/de\/magazin\/thema\/sehenswurdig\/"},{"@type":"ListItem","position":3,"name":"Festung Hohensalzburg"}]},{"@type":"WebSite","@id":"https:\/\/www.salzburgerland.com\/de\/magazin\/#website","url":"https:\/\/www.salzburgerland.com\/de\/magazin\/","name":"SalzburgerLand Magazin","description":"Geschichten und Interessantes aus dem SalzburgerLand","publisher":{"@id":"https:\/\/www.salzburgerland.com\/de\/magazin\/#organization"},"potentialAction":[{"@type":"SearchAction","target":{"@type":"EntryPoint","urlTemplate":"https:\/\/www.salzburgerland.com\/de\/magazin\/?s={search_term_string}"},"query-input":{"@type":"PropertyValueSpecification","valueRequired":true,"valueName":"search_term_string"}}],"inLanguage":"de"},{"@type":"Organization","@id":"https:\/\/www.salzburgerland.com\/de\/magazin\/#organization","name":"SalzburgerLand Tourismus","url":"https:\/\/www.salzburgerland.com\/de\/magazin\/","logo":{"@type":"ImageObject","inLanguage":"de","@id":"https:\/\/www.salzburgerland.com\/de\/magazin\/#\/schema\/logo\/image\/","url":"https:\/\/www.salzburgerland.com\/de\/magazin\/wp-content\/uploads\/2019\/06\/salzburgerland-logo1.jpg","contentUrl":"https:\/\/www.salzburgerland.com\/de\/magazin\/wp-content\/uploads\/2019\/06\/salzburgerland-logo1.jpg","width":2011,"height":866,"caption":"SalzburgerLand Tourismus"},"image":{"@id":"https:\/\/www.salzburgerland.com\/de\/magazin\/#\/schema\/logo\/image\/"},"sameAs":["https:\/\/www.facebook.com\/salzburgerland\/","https:\/\/x.com\/Salzburgerland","https:\/\/www.instagram.com\/salzburgerland\/","https:\/\/at.linkedin.com\/company\/salzburgerland-tourismus-gmbh","https:\/\/www.pinterest.at\/salzburgerland\/","https:\/\/www.youtube.com\/user\/salzburgerland","https:\/\/de.wikipedia.org\/wiki\/SalzburgerLand_Tourismus_GmbH"]},{"@type":"Person","@id":"https:\/\/www.salzburgerland.com\/de\/magazin\/#\/schema\/person\/a55a4fee1009b9e458d298480a18a9f7","name":"Ulli Hammerl","description":"Geboren und aufgewachsen in der Stadt Salzburg war Ulli Hammerl fr\u00fch bewusst, in einer der sch\u00f6nsten St\u00e4dte der Welt zu leben. So ist sie auch w\u00e4hrend ihres Studiums der Kommunikationswissenschaft und \u00d6kologie ihrer Heimatstadt treu geblieben. Gleich nach dem Studium ist sie zu SalzburgerLand Tourismus (SLTG) gegangen und hat hier von 1998 - 2004 u.a. die SalzburgerLand Card betreut. Dabei ist sie viel herumgekommen, wodurch auch die Liebe zum SalzburgerLand enstanden und gewachsen ist. Nach der Geburt ihrer Tochter im September 2004 hat sich Ulli Hammerl 2007 mit einer Agentur selbst\u00e4ndig gemacht. Mein pers\u00f6nlicher Logenplatz: Hoch \u00fcber Salzburg, abseits der stark begangenen Wege mit Blick auf die D\u00e4cher und Kircht\u00fcrme der Stadt \u2013 hier geht mir das Herz auf! Morgen- oder Abendmensch: Ganz klar: Morgenmensch. Wenn um 5.00 Uhr fr\u00fch die V\u00f6gel zwitschern und rund herum noch alles in tiefer Ruhe versinkt, dann ist meine Zeit. Ausgeschlafen, Energie geladen und voller Tatendrang starte ich am liebsten in den fr\u00fchen Morgenstunden in den Tag. Daf\u00fcr kann man nach 21.00 Uhr nicht mehr mit mir rechnen. Buch oder Film: Es gibt nichts Sch\u00f6neres, als es sich am Ende des Tages auf der Couch gem\u00fctlich zu machen und in die Gedankenwelt eines guten Buches einzutauchen \u2013 Lesen ist Abenteuer im Kopf. Wandern, Spazierengehen oder Laufen: alles drei und zwar am besten jeden Tag. Mit ein bisschen Zeiteinteilung geht es sich tats\u00e4chlich fast gehen Tag aus, drau\u00dfen unterwegs zu sein. Fr\u00fchling, Sommer, Herbst oder Winter: Ich kann es im Fr\u00fchling kaum erwarten, die ersten Gr\u00fcnschattierungen in der Natur zu entdecken. Ich liebe hei\u00dfe Sommertage am See und laue Sommerabende am Balkon. Ich mag es, wenn im Herbst die W\u00e4lder in einem Meer aus Farben erstrahlen, Laubrascheln und Kastanien sammeln. Und ich freue mich wie ein Kind, wenn im Dezember die ersten Schneeflocken vom Himmel schweben. Die vier Jahreszeiten sind etwas Wunderbares.","url":"https:\/\/www.salzburgerland.com\/de\/magazin\/author\/ulli-hammerl\/"}]}},"_wl_alt_label":[],"wl:entity_url":"http:\/\/open.salzburgerland.com\/magazin\/post\/festung_hohen_salzburg_im_detail","_links":{"self":[{"href":"https:\/\/www.salzburgerland.com\/de\/magazin\/wp-json\/wp\/v2\/posts\/26772","targetHints":{"allow":["GET"]}}],"collection":[{"href":"https:\/\/www.salzburgerland.com\/de\/magazin\/wp-json\/wp\/v2\/posts"}],"about":[{"href":"https:\/\/www.salzburgerland.com\/de\/magazin\/wp-json\/wp\/v2\/types\/post"}],"author":[{"embeddable":true,"href":"https:\/\/www.salzburgerland.com\/de\/magazin\/wp-json\/wp\/v2\/users\/90"}],"replies":[{"embeddable":true,"href":"https:\/\/www.salzburgerland.com\/de\/magazin\/wp-json\/wp\/v2\/comments?post=26772"}],"version-history":[{"count":5,"href":"https:\/\/www.salzburgerland.com\/de\/magazin\/wp-json\/wp\/v2\/posts\/26772\/revisions"}],"predecessor-version":[{"id":154916,"href":"https:\/\/www.salzburgerland.com\/de\/magazin\/wp-json\/wp\/v2\/posts\/26772\/revisions\/154916"}],"wp:featuredmedia":[{"embeddable":true,"href":"https:\/\/www.salzburgerland.com\/de\/magazin\/wp-json\/wp\/v2\/media\/154752"}],"wp:attachment":[{"href":"https:\/\/www.salzburgerland.com\/de\/magazin\/wp-json\/wp\/v2\/media?parent=26772"}],"wp:term":[{"taxonomy":"category","embeddable":true,"href":"https:\/\/www.salzburgerland.com\/de\/magazin\/wp-json\/wp\/v2\/categories?post=26772"},{"taxonomy":"post_tag","embeddable":true,"href":"https:\/\/www.salzburgerland.com\/de\/magazin\/wp-json\/wp\/v2\/tags?post=26772"},{"taxonomy":"wl_entity_type","embeddable":true,"href":"https:\/\/www.salzburgerland.com\/de\/magazin\/wp-json\/wp\/v2\/wl_entity_type?post=26772"},{"taxonomy":"monatsauswahl","embeddable":true,"href":"https:\/\/www.salzburgerland.com\/de\/magazin\/wp-json\/wp\/v2\/monatsauswahl?post=26772"}],"curies":[{"name":"wp","href":"https:\/\/api.w.org\/{rel}","templated":true}]}}