{"id":26237,"date":"2012-09-24T17:58:57","date_gmt":"2012-09-24T15:58:57","guid":{"rendered":"http:\/\/magazin.salzburgerland.com\/?p=26237"},"modified":"2019-06-26T20:37:46","modified_gmt":"2019-06-26T18:37:46","slug":"bichlalm-in-grosarl","status":"publish","type":"post","link":"https:\/\/www.salzburgerland.com\/de\/magazin\/bichlalm-in-grosarl\/","title":{"rendered":"Bichlalm in Gro\u00dfarl"},"content":{"rendered":"<p>Die Bichlalm auf 1.731 m Seeh\u00f6he z\u00e4hlt wohl zu den aussichtsreichsten Almen im Gro\u00dfarltal. Mein pers\u00f6nlicher Lieblingsplatz dort oben liegt ca. 100 Meter s\u00fcdlich der Almh\u00fctte und ist von dieser \u00fcber einen schmalen Steig durch den sch\u00f6nen Almboden erreichbar, aber nicht unmittelbar einsehbar. Ein echter Geheimtipp also. Unscheinbar stehen dort 2 Ruheb\u00e4nke mit herrlichem Blick auf die umliegende Bergwelt. &#8211; Ein Platz, an dem es sich lohnt, zu verweilen und wo man auf der Suche nach einzigartiger Natur und Ruhe seinen &#8222;Akku&#8220; wieder einmal voll aufladen kann. Erreichbar ist die Alm \u00fcber mehrere Wege. Am h\u00e4ufigsten genutzt wird der Aufstieg vom Lammwirt (Fahrweg &#8211; Forststra\u00dfe &#8211; f\u00fcr PKW-Verkehr gesperrt, beliebte Mountainbikstrecke) und der Waldweg vom Bauernhof &#8222;Finsterwald&#8220; mit dem klingenden Namen &#8222;Himmelsleiter&#8220;. Meiner Meinung nach ist dieser Steig aber gar nicht so steil, wie sein Name dies erahnen lassen w\u00fcrde. Einen weiteren Weg gibt es direkt vom Hof des Bichlbauern hinauf und nat\u00fcrlich den beliebten H\u00f6henweg vom Filzmoosh\u00f6rndl kommend.<\/p>\n<div class=\"mag-gallery\"><div class=\"row\"><div class=\"col-6 col-sm-4\"><figure><a class=\"thumb-container\" href=\"https:\/\/www.salzburgerland.com\/de\/magazin\/wp-content\/uploads\/2012\/09\/Bichlalm-abends_22-1280x1024.jpg\">\t<picture><source media=\"(min-width: 576px)\" srcset=\"https:\/\/www.salzburgerland.com\/de\/magazin\/wp-content\/uploads\/2012\/09\/Bichlalm-abends_22-325x209.jpg 325w, https:\/\/www.salzburgerland.com\/de\/magazin\/wp-content\/uploads\/2012\/09\/Bichlalm-abends_22-249x160.jpg 249w\" \/><source media=\"(min-width: 0)\" srcset=\"https:\/\/www.salzburgerland.com\/de\/magazin\/wp-content\/uploads\/2012\/09\/Bichlalm-abends_22-249x160.jpg 249w, https:\/\/www.salzburgerland.com\/de\/magazin\/wp-content\/uploads\/2012\/09\/Bichlalm-abends_22-325x209.jpg 325w\" \/><img decoding=\"async\" alt=\"Diesen herrlichen Blick auf die Bichlalm und die hohen Tauern hat man am oberen Ende der &quot;Himmelsleiter&quot;, wo diese auf den Forstweg trifft\" src=\"https:\/\/www.salzburgerland.com\/de\/magazin\/wp-content\/uploads\/2012\/09\/Bichlalm-abends_22.jpg\" \/>\t<\/picture><\/a><\/figure><\/div><div class=\"col-6 col-sm-4\"><figure><a class=\"thumb-container\" href=\"https:\/\/www.salzburgerland.com\/de\/magazin\/wp-content\/uploads\/2012\/09\/Bichlalm-abends_12-1280x1024.jpg\">\t<picture><source media=\"(min-width: 576px)\" srcset=\"https:\/\/www.salzburgerland.com\/de\/magazin\/wp-content\/uploads\/2012\/09\/Bichlalm-abends_12-325x209.jpg 325w, https:\/\/www.salzburgerland.com\/de\/magazin\/wp-content\/uploads\/2012\/09\/Bichlalm-abends_12-249x160.jpg 249w\" \/><source media=\"(min-width: 0)\" srcset=\"https:\/\/www.salzburgerland.com\/de\/magazin\/wp-content\/uploads\/2012\/09\/Bichlalm-abends_12-249x160.jpg 249w, https:\/\/www.salzburgerland.com\/de\/magazin\/wp-content\/uploads\/2012\/09\/Bichlalm-abends_12-325x209.jpg 325w\" \/><img decoding=\"async\" alt=\"Blick vom Ende der &quot;Himmelsleiter&quot; zur Bichlalm, dar\u00fcber der Keeskogel 2.884 m\" src=\"https:\/\/www.salzburgerland.com\/de\/magazin\/wp-content\/uploads\/2012\/09\/Bichlalm-abends_12.jpg\" \/>\t<\/picture><\/a><\/figure><\/div><div class=\"col-6 col-sm-4\"><figure><a class=\"thumb-container\" href=\"https:\/\/www.salzburgerland.com\/de\/magazin\/wp-content\/uploads\/2012\/09\/Bichlalm-Filzmoos_4-1280x1024.jpg\">\t<picture><source media=\"(min-width: 576px)\" srcset=\"https:\/\/www.salzburgerland.com\/de\/magazin\/wp-content\/uploads\/2012\/09\/Bichlalm-Filzmoos_4-325x209.jpg 325w, https:\/\/www.salzburgerland.com\/de\/magazin\/wp-content\/uploads\/2012\/09\/Bichlalm-Filzmoos_4-249x160.jpg 249w\" \/><source media=\"(min-width: 0)\" srcset=\"https:\/\/www.salzburgerland.com\/de\/magazin\/wp-content\/uploads\/2012\/09\/Bichlalm-Filzmoos_4-249x160.jpg 249w, https:\/\/www.salzburgerland.com\/de\/magazin\/wp-content\/uploads\/2012\/09\/Bichlalm-Filzmoos_4-325x209.jpg 325w\" \/><img decoding=\"async\" alt=\"Die Bichlalm (1.731 m) im Gro\u00dfarltal, links Schuhflicker und H\u00f6llwand\" src=\"https:\/\/www.salzburgerland.com\/de\/magazin\/wp-content\/uploads\/2012\/09\/Bichlalm-Filzmoos_4.jpg\" \/>\t<\/picture><\/a><\/figure><\/div><div class=\"col-6 col-sm-4\"><figure><a class=\"thumb-container\" href=\"https:\/\/www.salzburgerland.com\/de\/magazin\/wp-content\/uploads\/2012\/09\/Bichlalm-Filzmoos_18-1280x1024.jpg\">\t<picture><source media=\"(min-width: 576px)\" srcset=\"https:\/\/www.salzburgerland.com\/de\/magazin\/wp-content\/uploads\/2012\/09\/Bichlalm-Filzmoos_18-325x209.jpg 325w, https:\/\/www.salzburgerland.com\/de\/magazin\/wp-content\/uploads\/2012\/09\/Bichlalm-Filzmoos_18-249x160.jpg 249w\" \/><source media=\"(min-width: 0)\" srcset=\"https:\/\/www.salzburgerland.com\/de\/magazin\/wp-content\/uploads\/2012\/09\/Bichlalm-Filzmoos_18-249x160.jpg 249w, https:\/\/www.salzburgerland.com\/de\/magazin\/wp-content\/uploads\/2012\/09\/Bichlalm-Filzmoos_18-325x209.jpg 325w\" \/><img decoding=\"async\" alt=\"Senner Sepp serviert eine k\u00f6stliche Jause\" src=\"https:\/\/www.salzburgerland.com\/de\/magazin\/wp-content\/uploads\/2012\/09\/Bichlalm-Filzmoos_18.jpg\" \/>\t<\/picture><\/a><\/figure><\/div><div class=\"col-6 col-sm-4\"><figure><a class=\"thumb-container\" href=\"https:\/\/www.salzburgerland.com\/de\/magazin\/wp-content\/uploads\/2012\/09\/Bichlalm-Filzmoos_6-1280x1024.jpg\">\t<picture><source media=\"(min-width: 576px)\" srcset=\"https:\/\/www.salzburgerland.com\/de\/magazin\/wp-content\/uploads\/2012\/09\/Bichlalm-Filzmoos_6-325x209.jpg 325w, https:\/\/www.salzburgerland.com\/de\/magazin\/wp-content\/uploads\/2012\/09\/Bichlalm-Filzmoos_6-249x160.jpg 249w\" \/><source media=\"(min-width: 0)\" srcset=\"https:\/\/www.salzburgerland.com\/de\/magazin\/wp-content\/uploads\/2012\/09\/Bichlalm-Filzmoos_6-249x160.jpg 249w, https:\/\/www.salzburgerland.com\/de\/magazin\/wp-content\/uploads\/2012\/09\/Bichlalm-Filzmoos_6-325x209.jpg 325w\" \/><img decoding=\"async\" alt=\"Dieser ausgediente Wanderschuh an der Eingangstour zur Bichlalm k\u00f6nnte sicher B\u00e4nde von Geschichten erz\u00e4hlen ...\" src=\"https:\/\/www.salzburgerland.com\/de\/magazin\/wp-content\/uploads\/2012\/09\/Bichlalm-Filzmoos_6.jpg\" \/>\t<\/picture><\/a><\/figure><\/div><div class=\"col-6 col-sm-4\"><figure><a class=\"thumb-container\" href=\"https:\/\/www.salzburgerland.com\/de\/magazin\/wp-content\/uploads\/2012\/09\/Bichlalm-Filzmoos_24-1280x1024.jpg\">\t<picture><source media=\"(min-width: 576px)\" srcset=\"https:\/\/www.salzburgerland.com\/de\/magazin\/wp-content\/uploads\/2012\/09\/Bichlalm-Filzmoos_24-325x209.jpg 325w, https:\/\/www.salzburgerland.com\/de\/magazin\/wp-content\/uploads\/2012\/09\/Bichlalm-Filzmoos_24-249x160.jpg 249w\" \/><source media=\"(min-width: 0)\" srcset=\"https:\/\/www.salzburgerland.com\/de\/magazin\/wp-content\/uploads\/2012\/09\/Bichlalm-Filzmoos_24-249x160.jpg 249w, https:\/\/www.salzburgerland.com\/de\/magazin\/wp-content\/uploads\/2012\/09\/Bichlalm-Filzmoos_24-325x209.jpg 325w\" \/><img decoding=\"async\" alt=\"Kreuz oberhalb der Bichlalm, betreut wird dieses von der Freiwilligen Feuerwehr Gro\u00dfarl\" src=\"https:\/\/www.salzburgerland.com\/de\/magazin\/wp-content\/uploads\/2012\/09\/Bichlalm-Filzmoos_24.jpg\" \/>\t<\/picture><\/a><\/figure><\/div><div class=\"col-6 col-sm-4\"><figure><a class=\"thumb-container\" href=\"https:\/\/www.salzburgerland.com\/de\/magazin\/wp-content\/uploads\/2012\/09\/Bichlalm_311-1280x1024.jpg\">\t<picture><source media=\"(min-width: 576px)\" srcset=\"https:\/\/www.salzburgerland.com\/de\/magazin\/wp-content\/uploads\/2012\/09\/Bichlalm_311-325x209.jpg 325w, https:\/\/www.salzburgerland.com\/de\/magazin\/wp-content\/uploads\/2012\/09\/Bichlalm_311-249x160.jpg 249w\" \/><source media=\"(min-width: 0)\" srcset=\"https:\/\/www.salzburgerland.com\/de\/magazin\/wp-content\/uploads\/2012\/09\/Bichlalm_311-249x160.jpg 249w, https:\/\/www.salzburgerland.com\/de\/magazin\/wp-content\/uploads\/2012\/09\/Bichlalm_311-325x209.jpg 325w\" \/><img decoding=\"async\" alt=\"Einer meiner Lieblingspl\u00e4tze im Gro\u00dfarltal - die Bank ca. 100 Meter s\u00fcdlich der Bichlalm.\" src=\"https:\/\/www.salzburgerland.com\/de\/magazin\/wp-content\/uploads\/2012\/09\/Bichlalm_311.jpg\" \/>\t<\/picture><\/a><\/figure><\/div><div class=\"col-6 col-sm-4\"><figure><a class=\"thumb-container\" href=\"https:\/\/www.salzburgerland.com\/de\/magazin\/wp-content\/uploads\/2012\/09\/Bichlalm_9-1280x1024.jpg\">\t<picture><source media=\"(min-width: 576px)\" srcset=\"https:\/\/www.salzburgerland.com\/de\/magazin\/wp-content\/uploads\/2012\/09\/Bichlalm_9-325x209.jpg 325w, https:\/\/www.salzburgerland.com\/de\/magazin\/wp-content\/uploads\/2012\/09\/Bichlalm_9-249x160.jpg 249w\" \/><source media=\"(min-width: 0)\" srcset=\"https:\/\/www.salzburgerland.com\/de\/magazin\/wp-content\/uploads\/2012\/09\/Bichlalm_9-249x160.jpg 249w, https:\/\/www.salzburgerland.com\/de\/magazin\/wp-content\/uploads\/2012\/09\/Bichlalm_9-325x209.jpg 325w\" \/><img decoding=\"async\" alt=\"Blick von meinem speziellen Logenplatz zur Bichlalm\" src=\"https:\/\/www.salzburgerland.com\/de\/magazin\/wp-content\/uploads\/2012\/09\/Bichlalm_9.jpg\" \/>\t<\/picture><\/a><\/figure><\/div><div class=\"col-6 col-sm-4\"><figure><a class=\"thumb-container\" href=\"https:\/\/www.salzburgerland.com\/de\/magazin\/wp-content\/uploads\/2012\/09\/Bichlalm-Panorama-morgens_14-1280x1024.jpg\">\t<picture><source media=\"(min-width: 576px)\" srcset=\"https:\/\/www.salzburgerland.com\/de\/magazin\/wp-content\/uploads\/2012\/09\/Bichlalm-Panorama-morgens_14-325x209.jpg 325w, https:\/\/www.salzburgerland.com\/de\/magazin\/wp-content\/uploads\/2012\/09\/Bichlalm-Panorama-morgens_14-249x160.jpg 249w\" \/><source media=\"(min-width: 0)\" srcset=\"https:\/\/www.salzburgerland.com\/de\/magazin\/wp-content\/uploads\/2012\/09\/Bichlalm-Panorama-morgens_14-249x160.jpg 249w, https:\/\/www.salzburgerland.com\/de\/magazin\/wp-content\/uploads\/2012\/09\/Bichlalm-Panorama-morgens_14-325x209.jpg 325w\" \/><img decoding=\"async\" alt=\"Sp\u00e4tsommer an der Bichlalm - Blick hin\u00fcber zu Frauenkogel und Gamskarkogel\" src=\"https:\/\/www.salzburgerland.com\/de\/magazin\/wp-content\/uploads\/2012\/09\/Bichlalm-Panorama-morgens_14.jpg\" \/>\t<\/picture><\/a><\/figure><\/div><div class=\"col-6 col-sm-4\"><figure><a class=\"thumb-container\" href=\"https:\/\/www.salzburgerland.com\/de\/magazin\/wp-content\/uploads\/2012\/09\/Baeume-im-Gegenlicht_4-1280x1024.jpg\">\t<picture><source media=\"(min-width: 576px)\" srcset=\"https:\/\/www.salzburgerland.com\/de\/magazin\/wp-content\/uploads\/2012\/09\/Baeume-im-Gegenlicht_4-325x209.jpg 325w, https:\/\/www.salzburgerland.com\/de\/magazin\/wp-content\/uploads\/2012\/09\/Baeume-im-Gegenlicht_4-249x160.jpg 249w\" \/><source media=\"(min-width: 0)\" srcset=\"https:\/\/www.salzburgerland.com\/de\/magazin\/wp-content\/uploads\/2012\/09\/Baeume-im-Gegenlicht_4-249x160.jpg 249w, https:\/\/www.salzburgerland.com\/de\/magazin\/wp-content\/uploads\/2012\/09\/Baeume-im-Gegenlicht_4-325x209.jpg 325w\" \/><img decoding=\"async\" alt=\"Erhaben und fast ein wenig gespenstisch stehen diese beiden L\u00e4rchen am Weg zur Bichlalm\" src=\"https:\/\/www.salzburgerland.com\/de\/magazin\/wp-content\/uploads\/2012\/09\/Baeume-im-Gegenlicht_4.jpg\" \/>\t<\/picture><\/a><\/figure><\/div><div class=\"col-6 col-sm-4\"><figure><a class=\"thumb-container\" href=\"https:\/\/www.salzburgerland.com\/de\/magazin\/wp-content\/uploads\/2012\/09\/Bank-im-Gegenlicht_12-1280x1024.jpg\">\t<picture><source media=\"(min-width: 576px)\" srcset=\"https:\/\/www.salzburgerland.com\/de\/magazin\/wp-content\/uploads\/2012\/09\/Bank-im-Gegenlicht_12-325x209.jpg 325w, https:\/\/www.salzburgerland.com\/de\/magazin\/wp-content\/uploads\/2012\/09\/Bank-im-Gegenlicht_12-249x160.jpg 249w\" \/><source media=\"(min-width: 0)\" srcset=\"https:\/\/www.salzburgerland.com\/de\/magazin\/wp-content\/uploads\/2012\/09\/Bank-im-Gegenlicht_12-249x160.jpg 249w, https:\/\/www.salzburgerland.com\/de\/magazin\/wp-content\/uploads\/2012\/09\/Bank-im-Gegenlicht_12-325x209.jpg 325w\" \/><img decoding=\"async\" alt=\"Diese Perspektive macht die Bank kurz vor der Bichlalm besonders reizvoll\" src=\"https:\/\/www.salzburgerland.com\/de\/magazin\/wp-content\/uploads\/2012\/09\/Bank-im-Gegenlicht_12.jpg\" \/>\t<\/picture><\/a><\/figure><\/div><div class=\"col-6 col-sm-4\"><figure><a class=\"thumb-container\" href=\"https:\/\/www.salzburgerland.com\/de\/magazin\/wp-content\/uploads\/2012\/09\/Bichlalm_337-1280x1024.jpg\">\t<picture><source media=\"(min-width: 576px)\" srcset=\"https:\/\/www.salzburgerland.com\/de\/magazin\/wp-content\/uploads\/2012\/09\/Bichlalm_337-325x209.jpg 325w, https:\/\/www.salzburgerland.com\/de\/magazin\/wp-content\/uploads\/2012\/09\/Bichlalm_337-249x160.jpg 249w\" \/><source media=\"(min-width: 0)\" srcset=\"https:\/\/www.salzburgerland.com\/de\/magazin\/wp-content\/uploads\/2012\/09\/Bichlalm_337-249x160.jpg 249w, https:\/\/www.salzburgerland.com\/de\/magazin\/wp-content\/uploads\/2012\/09\/Bichlalm_337-325x209.jpg 325w\" \/><img decoding=\"async\" alt=\"Am sp\u00e4ten Nachmittag an der Bichlalm\" src=\"https:\/\/www.salzburgerland.com\/de\/magazin\/wp-content\/uploads\/2012\/09\/Bichlalm_337.jpg\" \/>\t<\/picture><\/a><\/figure><\/div><\/div><\/div><figcaption><\/figcaption>\n","protected":false},"excerpt":{"rendered":"<p>Die Bichlalm auf 1.731 m Seeh\u00f6he z\u00e4hlt wohl zu den aussichtsreichsten Almen im Gro\u00dfarltal. Mein pers\u00f6nlicher Lieblingsplatz dort oben liegt ca. 100 Meter s\u00fcdlich der Almh\u00fctte und ist von dieser \u00fcber einen schmalen Steig durch den sch\u00f6nen Almboden erreichbar, aber nicht unmittelbar einsehbar. Ein echter Geheimtipp also. Unscheinbar stehen dort 2 Ruheb\u00e4nke mit herrlichem Blick [&hellip;]<\/p>\n","protected":false},"author":104,"featured_media":26254,"comment_status":"open","ping_status":"open","sticky":false,"template":"","format":"standard","meta":{"_acf_changed":false,"wl_entities_gutenberg":"","_wl_entity_redirect_enabled":"","footnotes":""},"categories":[9],"tags":[],"wl_entity_type":[306],"monatsauswahl":[86,87,88,89,90,91],"class_list":["post-26237","post","type-post","status-publish","format-standard","has-post-thumbnail","hentry","category-sehenswurdig","wl_entity_type-article","monatsauswahl-monat_5","monatsauswahl-monat_6","monatsauswahl-monat_7","monatsauswahl-monat_8","monatsauswahl-monat_9","monatsauswahl-monat_10"],"acf":[],"yoast_head":"<!-- This site is optimized with the Yoast SEO Premium plugin v27.4 (Yoast SEO v27.4) - https:\/\/yoast.com\/product\/yoast-seo-premium-wordpress\/ -->\n<title>Bichlalm in Gro\u00dfarl - SalzburgerLand Magazin<\/title>\n<meta name=\"description\" content=\"Die Bichlalm auf 1.731 m Seeh\u00f6he z\u00e4hlt wohl zu den aussichtsreichsten Almen im Gro\u00dfarltal. Mein pers\u00f6nlicher Lieblingsplatz dort oben liegt ca. 100 Meter s\u00fcdlich der Almh\u00fctte und ist von dieser \u00fcber einen schmalen Steig durch den sch\u00f6nen Almboden erreichbar, aber nicht unmittelbar einsehbar. Ein echter Geheimtipp also. Unscheinbar stehen dort 2 Ruheb\u00e4nke mit herrlichem Blick [&hellip;]\" \/>\n<meta name=\"robots\" content=\"index, follow, max-snippet:-1, max-image-preview:large, max-video-preview:-1\" \/>\n<link rel=\"canonical\" href=\"https:\/\/www.salzburgerland.com\/de\/magazin\/bichlalm-in-grosarl\/\" \/>\n<meta property=\"og:locale\" content=\"de_DE\" \/>\n<meta property=\"og:type\" content=\"article\" \/>\n<meta property=\"og:title\" content=\"Bichlalm in Gro\u00dfarl\" \/>\n<meta property=\"og:description\" content=\"Die Bichlalm auf 1.731 m Seeh\u00f6he z\u00e4hlt wohl zu den aussichtsreichsten Almen im Gro\u00dfarltal. Mein pers\u00f6nlicher Lieblingsplatz dort oben liegt ca. 100 Meter s\u00fcdlich der Almh\u00fctte und ist von dieser \u00fcber einen schmalen Steig durch den sch\u00f6nen Almboden erreichbar, aber nicht unmittelbar einsehbar. Ein echter Geheimtipp also. Unscheinbar stehen dort 2 Ruheb\u00e4nke mit herrlichem Blick [&hellip;]\" \/>\n<meta property=\"og:url\" content=\"https:\/\/www.salzburgerland.com\/de\/magazin\/bichlalm-in-grosarl\/\" \/>\n<meta property=\"og:site_name\" content=\"SalzburgerLand Magazin\" \/>\n<meta property=\"article:publisher\" content=\"https:\/\/www.facebook.com\/salzburgerland\/\" \/>\n<meta property=\"article:author\" content=\"http:\/\/www.facebook.com\/profile.php?id=100001111563712\" \/>\n<meta property=\"article:published_time\" content=\"2012-09-24T15:58:57+00:00\" \/>\n<meta property=\"article:modified_time\" content=\"2019-06-26T18:37:46+00:00\" \/>\n<meta property=\"og:image\" content=\"https:\/\/www.salzburgerland.com\/de\/magazin\/wp-content\/uploads\/2012\/09\/Bichlalm_311.jpg\" \/>\n\t<meta property=\"og:image:width\" content=\"900\" \/>\n\t<meta property=\"og:image:height\" content=\"600\" \/>\n\t<meta property=\"og:image:type\" content=\"image\/jpeg\" \/>\n<meta name=\"author\" content=\"Thomas Wirnsperger\" \/>\n<meta name=\"twitter:card\" content=\"summary_large_image\" \/>\n<meta name=\"twitter:creator\" content=\"@Salzburgerland\" \/>\n<meta name=\"twitter:site\" content=\"@Salzburgerland\" \/>\n<meta name=\"twitter:label1\" content=\"Verfasst von\" \/>\n\t<meta name=\"twitter:data1\" content=\"Thomas Wirnsperger\" \/>\n\t<meta name=\"twitter:label2\" content=\"Gesch\u00e4tzte Lesezeit\" \/>\n\t<meta name=\"twitter:data2\" content=\"1\u00a0Minute\" \/>\n<script type=\"application\/ld+json\" class=\"yoast-schema-graph\">{\"@context\":\"https:\\\/\\\/schema.org\",\"@graph\":[{\"@type\":\"Article\",\"@id\":\"https:\\\/\\\/www.salzburgerland.com\\\/de\\\/magazin\\\/bichlalm-in-grosarl\\\/#article\",\"isPartOf\":{\"@id\":\"https:\\\/\\\/www.salzburgerland.com\\\/de\\\/magazin\\\/bichlalm-in-grosarl\\\/\"},\"author\":{\"name\":\"Thomas Wirnsperger\",\"@id\":\"https:\\\/\\\/www.salzburgerland.com\\\/de\\\/magazin\\\/#\\\/schema\\\/person\\\/a7f9eb9a0ee489c679f629ef02614391\"},\"headline\":\"Bichlalm in Gro\u00dfarl\",\"datePublished\":\"2012-09-24T15:58:57+00:00\",\"dateModified\":\"2019-06-26T18:37:46+00:00\",\"mainEntityOfPage\":{\"@id\":\"https:\\\/\\\/www.salzburgerland.com\\\/de\\\/magazin\\\/bichlalm-in-grosarl\\\/\"},\"wordCount\":178,\"commentCount\":0,\"publisher\":{\"@id\":\"https:\\\/\\\/www.salzburgerland.com\\\/de\\\/magazin\\\/#organization\"},\"image\":{\"@id\":\"https:\\\/\\\/www.salzburgerland.com\\\/de\\\/magazin\\\/bichlalm-in-grosarl\\\/#primaryimage\"},\"thumbnailUrl\":\"https:\\\/\\\/www.salzburgerland.com\\\/de\\\/magazin\\\/wp-content\\\/uploads\\\/2012\\\/09\\\/Bichlalm_311.jpg\",\"articleSection\":[\"Sehensw\u00fcrdig\"],\"inLanguage\":\"de\",\"potentialAction\":[{\"@type\":\"CommentAction\",\"name\":\"Comment\",\"target\":[\"https:\\\/\\\/www.salzburgerland.com\\\/de\\\/magazin\\\/bichlalm-in-grosarl\\\/#respond\"]}]},{\"@type\":\"WebPage\",\"@id\":\"https:\\\/\\\/www.salzburgerland.com\\\/de\\\/magazin\\\/bichlalm-in-grosarl\\\/\",\"url\":\"https:\\\/\\\/www.salzburgerland.com\\\/de\\\/magazin\\\/bichlalm-in-grosarl\\\/\",\"name\":\"Bichlalm in Gro\u00dfarl - SalzburgerLand Magazin\",\"isPartOf\":{\"@id\":\"https:\\\/\\\/www.salzburgerland.com\\\/de\\\/magazin\\\/#website\"},\"primaryImageOfPage\":{\"@id\":\"https:\\\/\\\/www.salzburgerland.com\\\/de\\\/magazin\\\/bichlalm-in-grosarl\\\/#primaryimage\"},\"image\":{\"@id\":\"https:\\\/\\\/www.salzburgerland.com\\\/de\\\/magazin\\\/bichlalm-in-grosarl\\\/#primaryimage\"},\"thumbnailUrl\":\"https:\\\/\\\/www.salzburgerland.com\\\/de\\\/magazin\\\/wp-content\\\/uploads\\\/2012\\\/09\\\/Bichlalm_311.jpg\",\"datePublished\":\"2012-09-24T15:58:57+00:00\",\"dateModified\":\"2019-06-26T18:37:46+00:00\",\"breadcrumb\":{\"@id\":\"https:\\\/\\\/www.salzburgerland.com\\\/de\\\/magazin\\\/bichlalm-in-grosarl\\\/#breadcrumb\"},\"inLanguage\":\"de\",\"potentialAction\":[{\"@type\":\"ReadAction\",\"target\":[\"https:\\\/\\\/www.salzburgerland.com\\\/de\\\/magazin\\\/bichlalm-in-grosarl\\\/\"]}]},{\"@type\":\"ImageObject\",\"inLanguage\":\"de\",\"@id\":\"https:\\\/\\\/www.salzburgerland.com\\\/de\\\/magazin\\\/bichlalm-in-grosarl\\\/#primaryimage\",\"url\":\"https:\\\/\\\/www.salzburgerland.com\\\/de\\\/magazin\\\/wp-content\\\/uploads\\\/2012\\\/09\\\/Bichlalm_311.jpg\",\"contentUrl\":\"https:\\\/\\\/www.salzburgerland.com\\\/de\\\/magazin\\\/wp-content\\\/uploads\\\/2012\\\/09\\\/Bichlalm_311.jpg\",\"width\":900,\"height\":600,\"caption\":\"Einer meiner Lieblingspl\u00e4tze im Gro\u00dfarltal - die Bank ca. 100 Meter s\u00fcdlich der Bichlalm.\"},{\"@type\":\"BreadcrumbList\",\"@id\":\"https:\\\/\\\/www.salzburgerland.com\\\/de\\\/magazin\\\/bichlalm-in-grosarl\\\/#breadcrumb\",\"itemListElement\":[{\"@type\":\"ListItem\",\"position\":1,\"name\":\"Startseite\",\"item\":\"https:\\\/\\\/www.salzburgerland.com\\\/de\\\/magazin\\\/\"},{\"@type\":\"ListItem\",\"position\":2,\"name\":\"Bichlalm in Gro\u00dfarl\"}]},{\"@type\":\"WebSite\",\"@id\":\"https:\\\/\\\/www.salzburgerland.com\\\/de\\\/magazin\\\/#website\",\"url\":\"https:\\\/\\\/www.salzburgerland.com\\\/de\\\/magazin\\\/\",\"name\":\"SalzburgerLand Magazin\",\"description\":\"Geschichten und Interessantes aus dem SalzburgerLand\",\"publisher\":{\"@id\":\"https:\\\/\\\/www.salzburgerland.com\\\/de\\\/magazin\\\/#organization\"},\"potentialAction\":[{\"@type\":\"SearchAction\",\"target\":{\"@type\":\"EntryPoint\",\"urlTemplate\":\"https:\\\/\\\/www.salzburgerland.com\\\/de\\\/magazin\\\/?s={search_term_string}\"},\"query-input\":{\"@type\":\"PropertyValueSpecification\",\"valueRequired\":true,\"valueName\":\"search_term_string\"}}],\"inLanguage\":\"de\"},{\"@type\":\"Organization\",\"@id\":\"https:\\\/\\\/www.salzburgerland.com\\\/de\\\/magazin\\\/#organization\",\"name\":\"SalzburgerLand Tourismus\",\"url\":\"https:\\\/\\\/www.salzburgerland.com\\\/de\\\/magazin\\\/\",\"logo\":{\"@type\":\"ImageObject\",\"inLanguage\":\"de\",\"@id\":\"https:\\\/\\\/www.salzburgerland.com\\\/de\\\/magazin\\\/#\\\/schema\\\/logo\\\/image\\\/\",\"url\":\"https:\\\/\\\/www.salzburgerland.com\\\/de\\\/magazin\\\/wp-content\\\/uploads\\\/2019\\\/06\\\/salzburgerland-logo1.jpg\",\"contentUrl\":\"https:\\\/\\\/www.salzburgerland.com\\\/de\\\/magazin\\\/wp-content\\\/uploads\\\/2019\\\/06\\\/salzburgerland-logo1.jpg\",\"width\":2011,\"height\":866,\"caption\":\"SalzburgerLand Tourismus\"},\"image\":{\"@id\":\"https:\\\/\\\/www.salzburgerland.com\\\/de\\\/magazin\\\/#\\\/schema\\\/logo\\\/image\\\/\"},\"sameAs\":[\"https:\\\/\\\/www.facebook.com\\\/salzburgerland\\\/\",\"https:\\\/\\\/x.com\\\/Salzburgerland\",\"https:\\\/\\\/www.instagram.com\\\/salzburgerland\\\/\",\"https:\\\/\\\/at.linkedin.com\\\/company\\\/salzburgerland-tourismus-gmbh\",\"https:\\\/\\\/www.pinterest.at\\\/salzburgerland\\\/\",\"https:\\\/\\\/www.youtube.com\\\/user\\\/salzburgerland\",\"https:\\\/\\\/de.wikipedia.org\\\/wiki\\\/SalzburgerLand_Tourismus_GmbH\"]},{\"@type\":\"Person\",\"@id\":\"https:\\\/\\\/www.salzburgerland.com\\\/de\\\/magazin\\\/#\\\/schema\\\/person\\\/a7f9eb9a0ee489c679f629ef02614391\",\"name\":\"Thomas Wirnsperger\",\"description\":\"Thomas Wirnsperger ist seit \u00fcber 20 Jahren Gesch\u00e4ftsf\u00fchrer des Tourismusverbandes im Gro\u00dfarltal, das mit seinen beiden Gemeinden Gro\u00dfarl und H\u00fcttschlag auch als \u201eTal der Almen\u201c bekannt ist. Neben Arbeit und Familie ist er viel mit seiner Kamera (Canon 5D Mark IV) im gesamten Land, vor allem aber in den Bergen seiner geliebten Heimat im Gro\u00dfarltal unterwegs. Im Sommer sind bl\u00fchende Almwiesen, aussichtsreiche Gipfel, idyllische Bergseen und gem\u00fctliche Almen seine bevorzugten Motive. Im Winter ist er gerne auf den Pisten der Skischaukel Gro\u00dfarltal-Dorfgastein (Ski amad\u00e9) aber auch abseits in der herrlichen Natur des Nationalparks Hohe Tauern unterwegs. Neben der einzigartigen Naturlandschaft h\u00e4lt er auch viele Veranstaltungen wie den Salzburger Bergadvent, die traditionelle Schlenkerfahrt, das allj\u00e4hrliche Sonnwendfeuer, etc.f\u00fcr die Freunde des Gro\u00dfarltales mit seiner Kamera fest. \u00a0\",\"sameAs\":[\"http:\\\/\\\/www.grossarltal.info\",\"http:\\\/\\\/www.facebook.com\\\/profile.php?id=100001111563712\"],\"url\":\"https:\\\/\\\/www.salzburgerland.com\\\/de\\\/magazin\\\/author\\\/thomas-wirnsperger\\\/\"}]}<\/script>\n<!-- \/ Yoast SEO Premium plugin. -->","yoast_head_json":{"title":"Bichlalm in Gro\u00dfarl - SalzburgerLand Magazin","description":"Die Bichlalm auf 1.731 m Seeh\u00f6he z\u00e4hlt wohl zu den aussichtsreichsten Almen im Gro\u00dfarltal. Mein pers\u00f6nlicher Lieblingsplatz dort oben liegt ca. 100 Meter s\u00fcdlich der Almh\u00fctte und ist von dieser \u00fcber einen schmalen Steig durch den sch\u00f6nen Almboden erreichbar, aber nicht unmittelbar einsehbar. Ein echter Geheimtipp also. Unscheinbar stehen dort 2 Ruheb\u00e4nke mit herrlichem Blick [&hellip;]","robots":{"index":"index","follow":"follow","max-snippet":"max-snippet:-1","max-image-preview":"max-image-preview:large","max-video-preview":"max-video-preview:-1"},"canonical":"https:\/\/www.salzburgerland.com\/de\/magazin\/bichlalm-in-grosarl\/","og_locale":"de_DE","og_type":"article","og_title":"Bichlalm in Gro\u00dfarl","og_description":"Die Bichlalm auf 1.731 m Seeh\u00f6he z\u00e4hlt wohl zu den aussichtsreichsten Almen im Gro\u00dfarltal. Mein pers\u00f6nlicher Lieblingsplatz dort oben liegt ca. 100 Meter s\u00fcdlich der Almh\u00fctte und ist von dieser \u00fcber einen schmalen Steig durch den sch\u00f6nen Almboden erreichbar, aber nicht unmittelbar einsehbar. Ein echter Geheimtipp also. Unscheinbar stehen dort 2 Ruheb\u00e4nke mit herrlichem Blick [&hellip;]","og_url":"https:\/\/www.salzburgerland.com\/de\/magazin\/bichlalm-in-grosarl\/","og_site_name":"SalzburgerLand Magazin","article_publisher":"https:\/\/www.facebook.com\/salzburgerland\/","article_author":"http:\/\/www.facebook.com\/profile.php?id=100001111563712","article_published_time":"2012-09-24T15:58:57+00:00","article_modified_time":"2019-06-26T18:37:46+00:00","og_image":[{"width":900,"height":600,"url":"https:\/\/www.salzburgerland.com\/de\/magazin\/wp-content\/uploads\/2012\/09\/Bichlalm_311.jpg","type":"image\/jpeg"}],"author":"Thomas Wirnsperger","twitter_card":"summary_large_image","twitter_creator":"@Salzburgerland","twitter_site":"@Salzburgerland","twitter_misc":{"Verfasst von":"Thomas Wirnsperger","Gesch\u00e4tzte Lesezeit":"1\u00a0Minute"},"schema":{"@context":"https:\/\/schema.org","@graph":[{"@type":"Article","@id":"https:\/\/www.salzburgerland.com\/de\/magazin\/bichlalm-in-grosarl\/#article","isPartOf":{"@id":"https:\/\/www.salzburgerland.com\/de\/magazin\/bichlalm-in-grosarl\/"},"author":{"name":"Thomas Wirnsperger","@id":"https:\/\/www.salzburgerland.com\/de\/magazin\/#\/schema\/person\/a7f9eb9a0ee489c679f629ef02614391"},"headline":"Bichlalm in Gro\u00dfarl","datePublished":"2012-09-24T15:58:57+00:00","dateModified":"2019-06-26T18:37:46+00:00","mainEntityOfPage":{"@id":"https:\/\/www.salzburgerland.com\/de\/magazin\/bichlalm-in-grosarl\/"},"wordCount":178,"commentCount":0,"publisher":{"@id":"https:\/\/www.salzburgerland.com\/de\/magazin\/#organization"},"image":{"@id":"https:\/\/www.salzburgerland.com\/de\/magazin\/bichlalm-in-grosarl\/#primaryimage"},"thumbnailUrl":"https:\/\/www.salzburgerland.com\/de\/magazin\/wp-content\/uploads\/2012\/09\/Bichlalm_311.jpg","articleSection":["Sehensw\u00fcrdig"],"inLanguage":"de","potentialAction":[{"@type":"CommentAction","name":"Comment","target":["https:\/\/www.salzburgerland.com\/de\/magazin\/bichlalm-in-grosarl\/#respond"]}]},{"@type":"WebPage","@id":"https:\/\/www.salzburgerland.com\/de\/magazin\/bichlalm-in-grosarl\/","url":"https:\/\/www.salzburgerland.com\/de\/magazin\/bichlalm-in-grosarl\/","name":"Bichlalm in Gro\u00dfarl - SalzburgerLand Magazin","isPartOf":{"@id":"https:\/\/www.salzburgerland.com\/de\/magazin\/#website"},"primaryImageOfPage":{"@id":"https:\/\/www.salzburgerland.com\/de\/magazin\/bichlalm-in-grosarl\/#primaryimage"},"image":{"@id":"https:\/\/www.salzburgerland.com\/de\/magazin\/bichlalm-in-grosarl\/#primaryimage"},"thumbnailUrl":"https:\/\/www.salzburgerland.com\/de\/magazin\/wp-content\/uploads\/2012\/09\/Bichlalm_311.jpg","datePublished":"2012-09-24T15:58:57+00:00","dateModified":"2019-06-26T18:37:46+00:00","breadcrumb":{"@id":"https:\/\/www.salzburgerland.com\/de\/magazin\/bichlalm-in-grosarl\/#breadcrumb"},"inLanguage":"de","potentialAction":[{"@type":"ReadAction","target":["https:\/\/www.salzburgerland.com\/de\/magazin\/bichlalm-in-grosarl\/"]}]},{"@type":"ImageObject","inLanguage":"de","@id":"https:\/\/www.salzburgerland.com\/de\/magazin\/bichlalm-in-grosarl\/#primaryimage","url":"https:\/\/www.salzburgerland.com\/de\/magazin\/wp-content\/uploads\/2012\/09\/Bichlalm_311.jpg","contentUrl":"https:\/\/www.salzburgerland.com\/de\/magazin\/wp-content\/uploads\/2012\/09\/Bichlalm_311.jpg","width":900,"height":600,"caption":"Einer meiner Lieblingspl\u00e4tze im Gro\u00dfarltal - die Bank ca. 100 Meter s\u00fcdlich der Bichlalm."},{"@type":"BreadcrumbList","@id":"https:\/\/www.salzburgerland.com\/de\/magazin\/bichlalm-in-grosarl\/#breadcrumb","itemListElement":[{"@type":"ListItem","position":1,"name":"Startseite","item":"https:\/\/www.salzburgerland.com\/de\/magazin\/"},{"@type":"ListItem","position":2,"name":"Bichlalm in Gro\u00dfarl"}]},{"@type":"WebSite","@id":"https:\/\/www.salzburgerland.com\/de\/magazin\/#website","url":"https:\/\/www.salzburgerland.com\/de\/magazin\/","name":"SalzburgerLand Magazin","description":"Geschichten und Interessantes aus dem SalzburgerLand","publisher":{"@id":"https:\/\/www.salzburgerland.com\/de\/magazin\/#organization"},"potentialAction":[{"@type":"SearchAction","target":{"@type":"EntryPoint","urlTemplate":"https:\/\/www.salzburgerland.com\/de\/magazin\/?s={search_term_string}"},"query-input":{"@type":"PropertyValueSpecification","valueRequired":true,"valueName":"search_term_string"}}],"inLanguage":"de"},{"@type":"Organization","@id":"https:\/\/www.salzburgerland.com\/de\/magazin\/#organization","name":"SalzburgerLand Tourismus","url":"https:\/\/www.salzburgerland.com\/de\/magazin\/","logo":{"@type":"ImageObject","inLanguage":"de","@id":"https:\/\/www.salzburgerland.com\/de\/magazin\/#\/schema\/logo\/image\/","url":"https:\/\/www.salzburgerland.com\/de\/magazin\/wp-content\/uploads\/2019\/06\/salzburgerland-logo1.jpg","contentUrl":"https:\/\/www.salzburgerland.com\/de\/magazin\/wp-content\/uploads\/2019\/06\/salzburgerland-logo1.jpg","width":2011,"height":866,"caption":"SalzburgerLand Tourismus"},"image":{"@id":"https:\/\/www.salzburgerland.com\/de\/magazin\/#\/schema\/logo\/image\/"},"sameAs":["https:\/\/www.facebook.com\/salzburgerland\/","https:\/\/x.com\/Salzburgerland","https:\/\/www.instagram.com\/salzburgerland\/","https:\/\/at.linkedin.com\/company\/salzburgerland-tourismus-gmbh","https:\/\/www.pinterest.at\/salzburgerland\/","https:\/\/www.youtube.com\/user\/salzburgerland","https:\/\/de.wikipedia.org\/wiki\/SalzburgerLand_Tourismus_GmbH"]},{"@type":"Person","@id":"https:\/\/www.salzburgerland.com\/de\/magazin\/#\/schema\/person\/a7f9eb9a0ee489c679f629ef02614391","name":"Thomas Wirnsperger","description":"Thomas Wirnsperger ist seit \u00fcber 20 Jahren Gesch\u00e4ftsf\u00fchrer des Tourismusverbandes im Gro\u00dfarltal, das mit seinen beiden Gemeinden Gro\u00dfarl und H\u00fcttschlag auch als \u201eTal der Almen\u201c bekannt ist. Neben Arbeit und Familie ist er viel mit seiner Kamera (Canon 5D Mark IV) im gesamten Land, vor allem aber in den Bergen seiner geliebten Heimat im Gro\u00dfarltal unterwegs. Im Sommer sind bl\u00fchende Almwiesen, aussichtsreiche Gipfel, idyllische Bergseen und gem\u00fctliche Almen seine bevorzugten Motive. Im Winter ist er gerne auf den Pisten der Skischaukel Gro\u00dfarltal-Dorfgastein (Ski amad\u00e9) aber auch abseits in der herrlichen Natur des Nationalparks Hohe Tauern unterwegs. Neben der einzigartigen Naturlandschaft h\u00e4lt er auch viele Veranstaltungen wie den Salzburger Bergadvent, die traditionelle Schlenkerfahrt, das allj\u00e4hrliche Sonnwendfeuer, etc.f\u00fcr die Freunde des Gro\u00dfarltales mit seiner Kamera fest. \u00a0","sameAs":["http:\/\/www.grossarltal.info","http:\/\/www.facebook.com\/profile.php?id=100001111563712"],"url":"https:\/\/www.salzburgerland.com\/de\/magazin\/author\/thomas-wirnsperger\/"}]}},"_wl_alt_label":[],"wl:entity_url":"http:\/\/open.salzburgerland.com\/magazin\/post\/bichlalm_in_grossarl","_links":{"self":[{"href":"https:\/\/www.salzburgerland.com\/de\/magazin\/wp-json\/wp\/v2\/posts\/26237","targetHints":{"allow":["GET"]}}],"collection":[{"href":"https:\/\/www.salzburgerland.com\/de\/magazin\/wp-json\/wp\/v2\/posts"}],"about":[{"href":"https:\/\/www.salzburgerland.com\/de\/magazin\/wp-json\/wp\/v2\/types\/post"}],"author":[{"embeddable":true,"href":"https:\/\/www.salzburgerland.com\/de\/magazin\/wp-json\/wp\/v2\/users\/104"}],"replies":[{"embeddable":true,"href":"https:\/\/www.salzburgerland.com\/de\/magazin\/wp-json\/wp\/v2\/comments?post=26237"}],"version-history":[{"count":0,"href":"https:\/\/www.salzburgerland.com\/de\/magazin\/wp-json\/wp\/v2\/posts\/26237\/revisions"}],"wp:featuredmedia":[{"embeddable":true,"href":"https:\/\/www.salzburgerland.com\/de\/magazin\/wp-json\/wp\/v2\/media\/26254"}],"wp:attachment":[{"href":"https:\/\/www.salzburgerland.com\/de\/magazin\/wp-json\/wp\/v2\/media?parent=26237"}],"wp:term":[{"taxonomy":"category","embeddable":true,"href":"https:\/\/www.salzburgerland.com\/de\/magazin\/wp-json\/wp\/v2\/categories?post=26237"},{"taxonomy":"post_tag","embeddable":true,"href":"https:\/\/www.salzburgerland.com\/de\/magazin\/wp-json\/wp\/v2\/tags?post=26237"},{"taxonomy":"wl_entity_type","embeddable":true,"href":"https:\/\/www.salzburgerland.com\/de\/magazin\/wp-json\/wp\/v2\/wl_entity_type?post=26237"},{"taxonomy":"monatsauswahl","embeddable":true,"href":"https:\/\/www.salzburgerland.com\/de\/magazin\/wp-json\/wp\/v2\/monatsauswahl?post=26237"}],"curies":[{"name":"wp","href":"https:\/\/api.w.org\/{rel}","templated":true}]}}