{"id":26014,"date":"2017-09-11T08:20:12","date_gmt":"2017-09-11T06:20:12","guid":{"rendered":"http:\/\/magazin.salzburgerland.com\/?p=26014"},"modified":"2025-09-18T09:20:25","modified_gmt":"2025-09-18T07:20:25","slug":"rupertikirtag-in-salzburg","status":"publish","type":"post","link":"https:\/\/www.salzburgerland.com\/de\/magazin\/rupertikirtag-in-salzburg\/","title":{"rendered":"Rupertikirtag in Salzburg"},"content":{"rendered":"\n<h2 class=\"wp-block-slt-subtitle\">Die Stadt Salzburg l\u00e4dt zum Kirchweihfest<\/h2>\n\n\n\n<p class=\"wp-block-slt-intro\">Einmal im Jahr \u2013 rund um den 24. September \u2013 verwandeln sich die Pl\u00e4tze um den Salzburger Dom zu einem bunten Kaleidoskop an Karussels, Autodroms und Schie\u00dfbuden. Es ist <a href=\"http:\/\/www.rupertikirtag.at\/\" target=\"_blank\" rel=\"noreferrer noopener\">Rupertikirtag<\/a>.&nbsp;<\/p>\n\n\n\n<p>Der 24. September ist in Salzburg kein Tag wie jeder andere \u2013 nein, denn dieser Tag ist dem Heiligen Rupert, dem Salzburger Landespatron, geweiht. Und das wird Jahr f\u00fcr Jahr geb\u00fchrend gefeiert. Jung und Alt packen Dirndlkleider und Lederhosen aus dem Schrank und mischen sich gut gelaunt unters Volk.<\/p>\n\n\n\n<h2 class=\"wp-block-heading\" id=\"h-buntes-kirtagstreiben-rund-um-den-dom\">Buntes Kirtagstreiben rund um den Dom<\/h2>\n\n\n\n<p>Besonders hoch her geht es am Domplatz und am Kapitelplatz, wo sich die Karussels drehen, die Autodrom-Autos um die Wette flitzen, das Riesenrad einen Blick von oben auf die untenstehende Menschenmenge erlaubt, die Schiffschaukel f\u00fcr ein wohliges Kribbeln im Bauch sorgt und die Geisterbahn so manchen zum Gruseln bringt. Dazwischen d\u00fcrfen nat\u00fcrlich auch die verschiedensten Buden zum Entenziehen oder Dosenwerfen nicht fehlen. Ganz zu schweigen von Zuckerwatte, gebrannten Mandeln und all den anderen herrlichen Leckereien. Wer zwischendurch doch mal eine ordentliche St\u00e4rkung braucht, l\u00e4sst sich im&nbsp;Festzelt am Kapitelplatz nieder.<\/p>\n\n\n\n<figure class=\"wp-block-image size-full\"><img loading=\"lazy\" decoding=\"async\" width=\"1920\" height=\"1117\" src=\"https:\/\/www.salzburgerland.com\/de\/magazin\/wp-content\/uploads\/2017\/09\/2cNico-Zuparic_-Salzburger-Rupertikirtag-6907.jpg\" alt=\"Kein Rupertikirtag in Salzburg ohne Kettenkarussell\" class=\"wp-image-184306\" srcset=\"https:\/\/www.salzburgerland.com\/de\/magazin\/wp-content\/uploads\/2017\/09\/2cNico-Zuparic_-Salzburger-Rupertikirtag-6907.jpg 1920w, https:\/\/www.salzburgerland.com\/de\/magazin\/wp-content\/uploads\/2017\/09\/2cNico-Zuparic_-Salzburger-Rupertikirtag-6907-300x175.jpg 300w, https:\/\/www.salzburgerland.com\/de\/magazin\/wp-content\/uploads\/2017\/09\/2cNico-Zuparic_-Salzburger-Rupertikirtag-6907-1536x894.jpg 1536w, https:\/\/www.salzburgerland.com\/de\/magazin\/wp-content\/uploads\/2017\/09\/2cNico-Zuparic_-Salzburger-Rupertikirtag-6907-945x550.jpg 945w, https:\/\/www.salzburgerland.com\/de\/magazin\/wp-content\/uploads\/2017\/09\/2cNico-Zuparic_-Salzburger-Rupertikirtag-6907-688x400.jpg 688w, https:\/\/www.salzburgerland.com\/de\/magazin\/wp-content\/uploads\/2017\/09\/2cNico-Zuparic_-Salzburger-Rupertikirtag-6907-1320x768.jpg 1320w, https:\/\/www.salzburgerland.com\/de\/magazin\/wp-content\/uploads\/2017\/09\/2cNico-Zuparic_-Salzburger-Rupertikirtag-6907-150x87.jpg 150w\" sizes=\"auto, (max-width: 1920px) 100vw, 1920px\" \/><figcaption class=\"wp-element-caption\">\u00a9 Nico Zuparic_ Salzburger Rupertikirtag<\/figcaption><\/figure>\n\n\n\n<h2 class=\"wp-block-heading\" id=\"h-brauchtum-und-handwerksmarkt\">Brauchtum und Handwerksmarkt<\/h2>\n\n\n\n<p>Ganz im Sinne der urspr\u00fcnglichen Idee &#8211; der&nbsp;Rupertitag war einst immerhin einer der wichtigsten Handelstage im Jahreskreis &#8211; wird der Alte Markt zum Handwerkermarkt. \u00dcber zwanzig Gewerbetreibende zeigen hier ihre Kunstfertigkeiten. Ob Drechsler, Weber, Hornschnitzer, Buchdrucker oder Kerzenzieher &#8211; viele Handwerke werden auch heute noch aktiv betrieben.<br>Der Mozartplatz hingegen wird zum Bauernmarkt, auf dem Landwirte aus der Region ihre &#8211; selbstverst\u00e4ndlich selber gemachten &#8211; Produkte zum Verkauf anbieten.<\/p>\n\n\n\n<figure class=\"wp-block-image size-full\"><img loading=\"lazy\" decoding=\"async\" width=\"1920\" height=\"1280\" src=\"https:\/\/www.salzburgerland.com\/de\/magazin\/wp-content\/uploads\/2017\/09\/8_cBirgit-Probs_Richard-Kappeller_Rupertikirtag-202147.jpg\" alt=\"Ein Mann in einer Sch\u00fcrze benutzt ein Werkzeug, um Holz an einer Werkbank in einer Holzwerkstatt zu bearbeiten.\" class=\"wp-image-178329\" srcset=\"https:\/\/www.salzburgerland.com\/de\/magazin\/wp-content\/uploads\/2017\/09\/8_cBirgit-Probs_Richard-Kappeller_Rupertikirtag-202147.jpg 1920w, https:\/\/www.salzburgerland.com\/de\/magazin\/wp-content\/uploads\/2017\/09\/8_cBirgit-Probs_Richard-Kappeller_Rupertikirtag-202147-300x200.jpg 300w, https:\/\/www.salzburgerland.com\/de\/magazin\/wp-content\/uploads\/2017\/09\/8_cBirgit-Probs_Richard-Kappeller_Rupertikirtag-202147-1536x1024.jpg 1536w, https:\/\/www.salzburgerland.com\/de\/magazin\/wp-content\/uploads\/2017\/09\/8_cBirgit-Probs_Richard-Kappeller_Rupertikirtag-202147-825x550.jpg 825w, https:\/\/www.salzburgerland.com\/de\/magazin\/wp-content\/uploads\/2017\/09\/8_cBirgit-Probs_Richard-Kappeller_Rupertikirtag-202147-600x400.jpg 600w, https:\/\/www.salzburgerland.com\/de\/magazin\/wp-content\/uploads\/2017\/09\/8_cBirgit-Probs_Richard-Kappeller_Rupertikirtag-202147-1320x880.jpg 1320w, https:\/\/www.salzburgerland.com\/de\/magazin\/wp-content\/uploads\/2017\/09\/8_cBirgit-Probs_Richard-Kappeller_Rupertikirtag-202147-150x100.jpg 150w\" sizes=\"auto, (max-width: 1920px) 100vw, 1920px\" \/><figcaption class=\"wp-element-caption\">Der Handwerksmarkt am Rupertikirtag \u00a9Tourismusverband Salzburger Altstadt<\/figcaption><\/figure>\n\n\n\n<p>In erster Linie ist der Rupertikirtag aber eben ein Kirtag wie man ihn sich vorstellt. Und wenn schon von Weitem ein fr\u00f6hliches Kreischen vom Kettenprater ert\u00f6nt, hei\u00dft es einfach &#8211; eintauchen in den Trubel, mitfeiern und genie\u00dfen.<\/p>\n\n\n<div class=\"mag-gallery\"><div class=\"row\"><div class=\"col-6 col-sm-4\"><figure><a class=\"thumb-container\" href=\"https:\/\/www.salzburgerland.com\/de\/magazin\/wp-content\/uploads\/2017\/09\/7_cBirgit-Probst_Buergergarde-Rupertikirtag-2021181-1280x1024.jpg\">\t<picture><source media=\"(min-width: 576px)\" srcset=\"https:\/\/www.salzburgerland.com\/de\/magazin\/wp-content\/uploads\/2017\/09\/7_cBirgit-Probst_Buergergarde-Rupertikirtag-2021181-325x209.jpg 325w, https:\/\/www.salzburgerland.com\/de\/magazin\/wp-content\/uploads\/2017\/09\/7_cBirgit-Probst_Buergergarde-Rupertikirtag-2021181-249x160.jpg 249w\"><\/source><source media=\"(min-width: 0)\" srcset=\"https:\/\/www.salzburgerland.com\/de\/magazin\/wp-content\/uploads\/2017\/09\/7_cBirgit-Probst_Buergergarde-Rupertikirtag-2021181-249x160.jpg 249w, https:\/\/www.salzburgerland.com\/de\/magazin\/wp-content\/uploads\/2017\/09\/7_cBirgit-Probst_Buergergarde-Rupertikirtag-2021181-325x209.jpg 325w\"><\/source><img decoding=\"async\" alt=\"Menschen in historischen Kost&uuml;men mit roten H&uuml;ten bedienen eine Kanone vor einer Menschenmenge bei einer Veranstaltung im Freien.\" src=\"https:\/\/www.salzburgerland.com\/de\/magazin\/wp-content\/uploads\/2017\/09\/7_cBirgit-Probst_Buergergarde-Rupertikirtag-2021181.jpg\">\t<\/picture><figcaption>&copy; Birgit Probst_Buergergarde Rupertikirtag<\/figcaption><\/a><\/figure><\/div><div class=\"col-6 col-sm-4\"><figure><a class=\"thumb-container\" href=\"https:\/\/www.salzburgerland.com\/de\/magazin\/wp-content\/uploads\/2017\/09\/4_cwildbild_Salzburger-Rupertikirtag-Volkskultur49A3887-1280x1024.jpg\">\t<picture><source media=\"(min-width: 576px)\" srcset=\"https:\/\/www.salzburgerland.com\/de\/magazin\/wp-content\/uploads\/2017\/09\/4_cwildbild_Salzburger-Rupertikirtag-Volkskultur49A3887-325x209.jpg 325w, https:\/\/www.salzburgerland.com\/de\/magazin\/wp-content\/uploads\/2017\/09\/4_cwildbild_Salzburger-Rupertikirtag-Volkskultur49A3887-249x160.jpg 249w\"><\/source><source media=\"(min-width: 0)\" srcset=\"https:\/\/www.salzburgerland.com\/de\/magazin\/wp-content\/uploads\/2017\/09\/4_cwildbild_Salzburger-Rupertikirtag-Volkskultur49A3887-249x160.jpg 249w, https:\/\/www.salzburgerland.com\/de\/magazin\/wp-content\/uploads\/2017\/09\/4_cwildbild_Salzburger-Rupertikirtag-Volkskultur49A3887-325x209.jpg 325w\"><\/source><img decoding=\"async\" alt=\"Drei M&auml;nner in traditioneller &ouml;sterreichischer Kleidung klatschen in die H&auml;nde, w&auml;hrend sie bei einer Freiluftveranstaltung mit Regenschirmen vor einer Menschenmenge auftreten.\" src=\"https:\/\/www.salzburgerland.com\/de\/magazin\/wp-content\/uploads\/2017\/09\/4_cwildbild_Salzburger-Rupertikirtag-Volkskultur49A3887.jpg\">\t<\/picture><figcaption>&copy; wildbild, Rupertikirtag <\/figcaption><\/a><\/figure><\/div><div class=\"col-6 col-sm-4\"><figure><a class=\"thumb-container\" href=\"https:\/\/www.salzburgerland.com\/de\/magazin\/wp-content\/uploads\/2017\/09\/3_cNiko-Zuparic_Salzburger-Rupertikirtag_8048-1280x1024.jpg\">\t<picture><source media=\"(min-width: 576px)\" srcset=\"https:\/\/www.salzburgerland.com\/de\/magazin\/wp-content\/uploads\/2017\/09\/3_cNiko-Zuparic_Salzburger-Rupertikirtag_8048-325x209.jpg 325w, https:\/\/www.salzburgerland.com\/de\/magazin\/wp-content\/uploads\/2017\/09\/3_cNiko-Zuparic_Salzburger-Rupertikirtag_8048-249x160.jpg 249w\"><\/source><source media=\"(min-width: 0)\" srcset=\"https:\/\/www.salzburgerland.com\/de\/magazin\/wp-content\/uploads\/2017\/09\/3_cNiko-Zuparic_Salzburger-Rupertikirtag_8048-249x160.jpg 249w, https:\/\/www.salzburgerland.com\/de\/magazin\/wp-content\/uploads\/2017\/09\/3_cNiko-Zuparic_Salzburger-Rupertikirtag_8048-325x209.jpg 325w\"><\/source><img decoding=\"async\" alt=\"Zwei lachende Frauen mit blauer Zuckerwatte in der Hand auf einem Fest oder einer Messe im Freien.\" src=\"https:\/\/www.salzburgerland.com\/de\/magazin\/wp-content\/uploads\/2017\/09\/3_cNiko-Zuparic_Salzburger-Rupertikirtag_8048.jpg\">\t<\/picture><figcaption>&copy; Niko Zuparic<\/figcaption><\/a><\/figure><\/div><\/div><figcaption><\/figcaption><\/div>\n\n\n\n<p><\/p>\n","protected":false},"excerpt":{"rendered":"<p>Der 24. September ist in Salzburg kein Tag wie jeder andere \u2013 nein, denn dieser Tag ist dem Heiligen Rupert, dem Salzburger Landespatron, geweiht. Und das wird Jahr f\u00fcr Jahr geb\u00fchrend gefeiert. Jung und Alt packen Dirndlkleider und Lederhosen aus dem Schrank und mischen sich gut gelaunt unters Volk. Buntes Kirtagstreiben rund um den Dom [&hellip;]<\/p>\n","protected":false},"author":90,"featured_media":178324,"comment_status":"open","ping_status":"open","sticky":false,"template":"","format":"standard","meta":{"_acf_changed":false,"wl_entities_gutenberg":"","_wl_entity_redirect_enabled":"","footnotes":""},"categories":[6],"tags":[],"wl_entity_type":[306],"monatsauswahl":[90],"class_list":["post-26014","post","type-post","status-publish","format-standard","has-post-thumbnail","hentry","category-kunst-kultur","wl_entity_type-article","monatsauswahl-monat_9"],"acf":[],"yoast_head":"<!-- This site is optimized with the Yoast SEO Premium plugin v27.4 (Yoast SEO v27.4) - https:\/\/yoast.com\/product\/yoast-seo-premium-wordpress\/ -->\n<title>Rupertikirtag in Salzburg - SalzburgerLand Magazin<\/title>\n<meta name=\"description\" content=\"Einmal im Jahr \u2013 rund um den 24. September \u2013 verwandeln sich die Pl\u00e4tze um den Salzburger Dom zu einem bunten Kaleidoskop an Karussels, Autodroms und Schie\u00dfbuden. Es ist Rupertikirtag.&nbsp;\" \/>\n<meta name=\"robots\" content=\"index, follow, max-snippet:-1, max-image-preview:large, max-video-preview:-1\" \/>\n<link rel=\"canonical\" href=\"https:\/\/www.salzburgerland.com\/de\/magazin\/rupertikirtag-in-salzburg\/\" \/>\n<meta property=\"og:locale\" content=\"de_DE\" \/>\n<meta property=\"og:type\" content=\"article\" \/>\n<meta property=\"og:title\" content=\"Rupertikirtag in Salzburg\" \/>\n<meta property=\"og:description\" content=\"Der 24. September ist in Salzburg kein Tag wie jeder andere \u2013 nein, denn dieser Tag ist dem Heiligen Rupert, dem Salzburger Landespatron, geweiht. Und das wird Jahr f\u00fcr Jahr geb\u00fchrend gefeiert. Jung und Alt packen Dirndlkleider und Lederhosen aus dem Schrank und mischen sich gut gelaunt unters Volk. Buntes Kirtagstreiben rund um den Dom [&hellip;]\" \/>\n<meta property=\"og:url\" content=\"https:\/\/www.salzburgerland.com\/de\/magazin\/rupertikirtag-in-salzburg\/\" \/>\n<meta property=\"og:site_name\" content=\"SalzburgerLand Magazin\" \/>\n<meta property=\"article:publisher\" content=\"https:\/\/www.facebook.com\/salzburgerland\/\" \/>\n<meta property=\"article:published_time\" content=\"2017-09-11T06:20:12+00:00\" \/>\n<meta property=\"article:modified_time\" content=\"2025-09-18T07:20:25+00:00\" \/>\n<meta property=\"og:image\" content=\"https:\/\/www.salzburgerland.com\/de\/magazin\/wp-content\/uploads\/2017\/09\/1_cNiko-Zuparic_Salzburger-Rupertikirtag-NZUP1979.jpg\" \/>\n\t<meta property=\"og:image:width\" content=\"1920\" \/>\n\t<meta property=\"og:image:height\" content=\"1280\" \/>\n\t<meta property=\"og:image:type\" content=\"image\/jpeg\" \/>\n<meta name=\"author\" content=\"Ulli Hammerl\" \/>\n<meta name=\"twitter:card\" content=\"summary_large_image\" \/>\n<meta name=\"twitter:creator\" content=\"@Salzburgerland\" \/>\n<meta name=\"twitter:site\" content=\"@Salzburgerland\" \/>\n<meta name=\"twitter:label1\" content=\"Verfasst von\" \/>\n\t<meta name=\"twitter:data1\" content=\"Ulli Hammerl\" \/>\n\t<meta name=\"twitter:label2\" content=\"Gesch\u00e4tzte Lesezeit\" \/>\n\t<meta name=\"twitter:data2\" content=\"3\u00a0Minuten\" \/>\n<script type=\"application\/ld+json\" class=\"yoast-schema-graph\">{\"@context\":\"https:\\\/\\\/schema.org\",\"@graph\":[{\"@type\":\"Article\",\"@id\":\"https:\\\/\\\/www.salzburgerland.com\\\/de\\\/magazin\\\/rupertikirtag-in-salzburg\\\/#article\",\"isPartOf\":{\"@id\":\"https:\\\/\\\/www.salzburgerland.com\\\/de\\\/magazin\\\/rupertikirtag-in-salzburg\\\/\"},\"author\":{\"name\":\"Ulli Hammerl\",\"@id\":\"https:\\\/\\\/www.salzburgerland.com\\\/de\\\/magazin\\\/#\\\/schema\\\/person\\\/a55a4fee1009b9e458d298480a18a9f7\"},\"headline\":\"Rupertikirtag in Salzburg\",\"datePublished\":\"2017-09-11T06:20:12+00:00\",\"dateModified\":\"2025-09-18T07:20:25+00:00\",\"mainEntityOfPage\":{\"@id\":\"https:\\\/\\\/www.salzburgerland.com\\\/de\\\/magazin\\\/rupertikirtag-in-salzburg\\\/\"},\"wordCount\":327,\"commentCount\":0,\"publisher\":{\"@id\":\"https:\\\/\\\/www.salzburgerland.com\\\/de\\\/magazin\\\/#organization\"},\"image\":{\"@id\":\"https:\\\/\\\/www.salzburgerland.com\\\/de\\\/magazin\\\/rupertikirtag-in-salzburg\\\/#primaryimage\"},\"thumbnailUrl\":\"https:\\\/\\\/www.salzburgerland.com\\\/de\\\/magazin\\\/wp-content\\\/uploads\\\/2017\\\/09\\\/1_cNiko-Zuparic_Salzburger-Rupertikirtag-NZUP1979.jpg\",\"articleSection\":[\"Kunst &amp; Kultur\"],\"inLanguage\":\"de\",\"potentialAction\":[{\"@type\":\"CommentAction\",\"name\":\"Comment\",\"target\":[\"https:\\\/\\\/www.salzburgerland.com\\\/de\\\/magazin\\\/rupertikirtag-in-salzburg\\\/#respond\"]}]},{\"@type\":\"WebPage\",\"@id\":\"https:\\\/\\\/www.salzburgerland.com\\\/de\\\/magazin\\\/rupertikirtag-in-salzburg\\\/\",\"url\":\"https:\\\/\\\/www.salzburgerland.com\\\/de\\\/magazin\\\/rupertikirtag-in-salzburg\\\/\",\"name\":\"Rupertikirtag in Salzburg - SalzburgerLand Magazin\",\"isPartOf\":{\"@id\":\"https:\\\/\\\/www.salzburgerland.com\\\/de\\\/magazin\\\/#website\"},\"primaryImageOfPage\":{\"@id\":\"https:\\\/\\\/www.salzburgerland.com\\\/de\\\/magazin\\\/rupertikirtag-in-salzburg\\\/#primaryimage\"},\"image\":{\"@id\":\"https:\\\/\\\/www.salzburgerland.com\\\/de\\\/magazin\\\/rupertikirtag-in-salzburg\\\/#primaryimage\"},\"thumbnailUrl\":\"https:\\\/\\\/www.salzburgerland.com\\\/de\\\/magazin\\\/wp-content\\\/uploads\\\/2017\\\/09\\\/1_cNiko-Zuparic_Salzburger-Rupertikirtag-NZUP1979.jpg\",\"datePublished\":\"2017-09-11T06:20:12+00:00\",\"dateModified\":\"2025-09-18T07:20:25+00:00\",\"breadcrumb\":{\"@id\":\"https:\\\/\\\/www.salzburgerland.com\\\/de\\\/magazin\\\/rupertikirtag-in-salzburg\\\/#breadcrumb\"},\"inLanguage\":\"de\",\"potentialAction\":[{\"@type\":\"ReadAction\",\"target\":[\"https:\\\/\\\/www.salzburgerland.com\\\/de\\\/magazin\\\/rupertikirtag-in-salzburg\\\/\"]}]},{\"@type\":\"ImageObject\",\"inLanguage\":\"de\",\"@id\":\"https:\\\/\\\/www.salzburgerland.com\\\/de\\\/magazin\\\/rupertikirtag-in-salzburg\\\/#primaryimage\",\"url\":\"https:\\\/\\\/www.salzburgerland.com\\\/de\\\/magazin\\\/wp-content\\\/uploads\\\/2017\\\/09\\\/1_cNiko-Zuparic_Salzburger-Rupertikirtag-NZUP1979.jpg\",\"contentUrl\":\"https:\\\/\\\/www.salzburgerland.com\\\/de\\\/magazin\\\/wp-content\\\/uploads\\\/2017\\\/09\\\/1_cNiko-Zuparic_Salzburger-Rupertikirtag-NZUP1979.jpg\",\"width\":1920,\"height\":1280,\"caption\":\"Menschen in traditioneller Kleidung genie\u00dfen eine Schaukelfahrt auf einem Jahrmarkt mit historischen Geb\u00e4uden im Hintergrund.\"},{\"@type\":\"BreadcrumbList\",\"@id\":\"https:\\\/\\\/www.salzburgerland.com\\\/de\\\/magazin\\\/rupertikirtag-in-salzburg\\\/#breadcrumb\",\"itemListElement\":[{\"@type\":\"ListItem\",\"position\":1,\"name\":\"Startseite\",\"item\":\"https:\\\/\\\/www.salzburgerland.com\\\/de\\\/magazin\\\/\"},{\"@type\":\"ListItem\",\"position\":2,\"name\":\"Kunst &amp; Kultur\",\"item\":\"https:\\\/\\\/www.salzburgerland.com\\\/de\\\/magazin\\\/thema\\\/kunst-kultur\\\/\"},{\"@type\":\"ListItem\",\"position\":3,\"name\":\"Rupertikirtag in Salzburg\"}]},{\"@type\":\"WebSite\",\"@id\":\"https:\\\/\\\/www.salzburgerland.com\\\/de\\\/magazin\\\/#website\",\"url\":\"https:\\\/\\\/www.salzburgerland.com\\\/de\\\/magazin\\\/\",\"name\":\"SalzburgerLand Magazin\",\"description\":\"Geschichten und Interessantes aus dem SalzburgerLand\",\"publisher\":{\"@id\":\"https:\\\/\\\/www.salzburgerland.com\\\/de\\\/magazin\\\/#organization\"},\"potentialAction\":[{\"@type\":\"SearchAction\",\"target\":{\"@type\":\"EntryPoint\",\"urlTemplate\":\"https:\\\/\\\/www.salzburgerland.com\\\/de\\\/magazin\\\/?s={search_term_string}\"},\"query-input\":{\"@type\":\"PropertyValueSpecification\",\"valueRequired\":true,\"valueName\":\"search_term_string\"}}],\"inLanguage\":\"de\"},{\"@type\":\"Organization\",\"@id\":\"https:\\\/\\\/www.salzburgerland.com\\\/de\\\/magazin\\\/#organization\",\"name\":\"SalzburgerLand Tourismus\",\"url\":\"https:\\\/\\\/www.salzburgerland.com\\\/de\\\/magazin\\\/\",\"logo\":{\"@type\":\"ImageObject\",\"inLanguage\":\"de\",\"@id\":\"https:\\\/\\\/www.salzburgerland.com\\\/de\\\/magazin\\\/#\\\/schema\\\/logo\\\/image\\\/\",\"url\":\"https:\\\/\\\/www.salzburgerland.com\\\/de\\\/magazin\\\/wp-content\\\/uploads\\\/2019\\\/06\\\/salzburgerland-logo1.jpg\",\"contentUrl\":\"https:\\\/\\\/www.salzburgerland.com\\\/de\\\/magazin\\\/wp-content\\\/uploads\\\/2019\\\/06\\\/salzburgerland-logo1.jpg\",\"width\":2011,\"height\":866,\"caption\":\"SalzburgerLand Tourismus\"},\"image\":{\"@id\":\"https:\\\/\\\/www.salzburgerland.com\\\/de\\\/magazin\\\/#\\\/schema\\\/logo\\\/image\\\/\"},\"sameAs\":[\"https:\\\/\\\/www.facebook.com\\\/salzburgerland\\\/\",\"https:\\\/\\\/x.com\\\/Salzburgerland\",\"https:\\\/\\\/www.instagram.com\\\/salzburgerland\\\/\",\"https:\\\/\\\/at.linkedin.com\\\/company\\\/salzburgerland-tourismus-gmbh\",\"https:\\\/\\\/www.pinterest.at\\\/salzburgerland\\\/\",\"https:\\\/\\\/www.youtube.com\\\/user\\\/salzburgerland\",\"https:\\\/\\\/de.wikipedia.org\\\/wiki\\\/SalzburgerLand_Tourismus_GmbH\"]},{\"@type\":\"Person\",\"@id\":\"https:\\\/\\\/www.salzburgerland.com\\\/de\\\/magazin\\\/#\\\/schema\\\/person\\\/a55a4fee1009b9e458d298480a18a9f7\",\"name\":\"Ulli Hammerl\",\"description\":\"Geboren und aufgewachsen in der Stadt Salzburg war Ulli Hammerl fr\u00fch bewusst, in einer der sch\u00f6nsten St\u00e4dte der Welt zu leben. So ist sie auch w\u00e4hrend ihres Studiums der Kommunikationswissenschaft und \u00d6kologie ihrer Heimatstadt treu geblieben. Gleich nach dem Studium ist sie zu SalzburgerLand Tourismus (SLTG) gegangen und hat hier von 1998 - 2004 u.a. die SalzburgerLand Card betreut. Dabei ist sie viel herumgekommen, wodurch auch die Liebe zum SalzburgerLand enstanden und gewachsen ist. Nach der Geburt ihrer Tochter im September 2004 hat sich Ulli Hammerl 2007 mit einer Agentur selbst\u00e4ndig gemacht. Mein pers\u00f6nlicher Logenplatz: Hoch \u00fcber Salzburg, abseits der stark begangenen Wege mit Blick auf die D\u00e4cher und Kircht\u00fcrme der Stadt \u2013 hier geht mir das Herz auf! Morgen- oder Abendmensch: Ganz klar: Morgenmensch. Wenn um 5.00 Uhr fr\u00fch die V\u00f6gel zwitschern und rund herum noch alles in tiefer Ruhe versinkt, dann ist meine Zeit. Ausgeschlafen, Energie geladen und voller Tatendrang starte ich am liebsten in den fr\u00fchen Morgenstunden in den Tag. Daf\u00fcr kann man nach 21.00 Uhr nicht mehr mit mir rechnen. Buch oder Film: Es gibt nichts Sch\u00f6neres, als es sich am Ende des Tages auf der Couch gem\u00fctlich zu machen und in die Gedankenwelt eines guten Buches einzutauchen \u2013 Lesen ist Abenteuer im Kopf. Wandern, Spazierengehen oder Laufen: alles drei und zwar am besten jeden Tag. Mit ein bisschen Zeiteinteilung geht es sich tats\u00e4chlich fast gehen Tag aus, drau\u00dfen unterwegs zu sein. Fr\u00fchling, Sommer, Herbst oder Winter: Ich kann es im Fr\u00fchling kaum erwarten, die ersten Gr\u00fcnschattierungen in der Natur zu entdecken. Ich liebe hei\u00dfe Sommertage am See und laue Sommerabende am Balkon. Ich mag es, wenn im Herbst die W\u00e4lder in einem Meer aus Farben erstrahlen, Laubrascheln und Kastanien sammeln. Und ich freue mich wie ein Kind, wenn im Dezember die ersten Schneeflocken vom Himmel schweben. Die vier Jahreszeiten sind etwas Wunderbares.\",\"url\":\"https:\\\/\\\/www.salzburgerland.com\\\/de\\\/magazin\\\/author\\\/ulli-hammerl\\\/\"}]}<\/script>\n<!-- \/ Yoast SEO Premium plugin. -->","yoast_head_json":{"title":"Rupertikirtag in Salzburg - SalzburgerLand Magazin","description":"Einmal im Jahr \u2013 rund um den 24. September \u2013 verwandeln sich die Pl\u00e4tze um den Salzburger Dom zu einem bunten Kaleidoskop an Karussels, Autodroms und Schie\u00dfbuden. Es ist Rupertikirtag.&nbsp;","robots":{"index":"index","follow":"follow","max-snippet":"max-snippet:-1","max-image-preview":"max-image-preview:large","max-video-preview":"max-video-preview:-1"},"canonical":"https:\/\/www.salzburgerland.com\/de\/magazin\/rupertikirtag-in-salzburg\/","og_locale":"de_DE","og_type":"article","og_title":"Rupertikirtag in Salzburg","og_description":"Der 24. September ist in Salzburg kein Tag wie jeder andere \u2013 nein, denn dieser Tag ist dem Heiligen Rupert, dem Salzburger Landespatron, geweiht. Und das wird Jahr f\u00fcr Jahr geb\u00fchrend gefeiert. Jung und Alt packen Dirndlkleider und Lederhosen aus dem Schrank und mischen sich gut gelaunt unters Volk. Buntes Kirtagstreiben rund um den Dom [&hellip;]","og_url":"https:\/\/www.salzburgerland.com\/de\/magazin\/rupertikirtag-in-salzburg\/","og_site_name":"SalzburgerLand Magazin","article_publisher":"https:\/\/www.facebook.com\/salzburgerland\/","article_published_time":"2017-09-11T06:20:12+00:00","article_modified_time":"2025-09-18T07:20:25+00:00","og_image":[{"width":1920,"height":1280,"url":"https:\/\/www.salzburgerland.com\/de\/magazin\/wp-content\/uploads\/2017\/09\/1_cNiko-Zuparic_Salzburger-Rupertikirtag-NZUP1979.jpg","type":"image\/jpeg"}],"author":"Ulli Hammerl","twitter_card":"summary_large_image","twitter_creator":"@Salzburgerland","twitter_site":"@Salzburgerland","twitter_misc":{"Verfasst von":"Ulli Hammerl","Gesch\u00e4tzte Lesezeit":"3\u00a0Minuten"},"schema":{"@context":"https:\/\/schema.org","@graph":[{"@type":"Article","@id":"https:\/\/www.salzburgerland.com\/de\/magazin\/rupertikirtag-in-salzburg\/#article","isPartOf":{"@id":"https:\/\/www.salzburgerland.com\/de\/magazin\/rupertikirtag-in-salzburg\/"},"author":{"name":"Ulli Hammerl","@id":"https:\/\/www.salzburgerland.com\/de\/magazin\/#\/schema\/person\/a55a4fee1009b9e458d298480a18a9f7"},"headline":"Rupertikirtag in Salzburg","datePublished":"2017-09-11T06:20:12+00:00","dateModified":"2025-09-18T07:20:25+00:00","mainEntityOfPage":{"@id":"https:\/\/www.salzburgerland.com\/de\/magazin\/rupertikirtag-in-salzburg\/"},"wordCount":327,"commentCount":0,"publisher":{"@id":"https:\/\/www.salzburgerland.com\/de\/magazin\/#organization"},"image":{"@id":"https:\/\/www.salzburgerland.com\/de\/magazin\/rupertikirtag-in-salzburg\/#primaryimage"},"thumbnailUrl":"https:\/\/www.salzburgerland.com\/de\/magazin\/wp-content\/uploads\/2017\/09\/1_cNiko-Zuparic_Salzburger-Rupertikirtag-NZUP1979.jpg","articleSection":["Kunst &amp; Kultur"],"inLanguage":"de","potentialAction":[{"@type":"CommentAction","name":"Comment","target":["https:\/\/www.salzburgerland.com\/de\/magazin\/rupertikirtag-in-salzburg\/#respond"]}]},{"@type":"WebPage","@id":"https:\/\/www.salzburgerland.com\/de\/magazin\/rupertikirtag-in-salzburg\/","url":"https:\/\/www.salzburgerland.com\/de\/magazin\/rupertikirtag-in-salzburg\/","name":"Rupertikirtag in Salzburg - SalzburgerLand Magazin","isPartOf":{"@id":"https:\/\/www.salzburgerland.com\/de\/magazin\/#website"},"primaryImageOfPage":{"@id":"https:\/\/www.salzburgerland.com\/de\/magazin\/rupertikirtag-in-salzburg\/#primaryimage"},"image":{"@id":"https:\/\/www.salzburgerland.com\/de\/magazin\/rupertikirtag-in-salzburg\/#primaryimage"},"thumbnailUrl":"https:\/\/www.salzburgerland.com\/de\/magazin\/wp-content\/uploads\/2017\/09\/1_cNiko-Zuparic_Salzburger-Rupertikirtag-NZUP1979.jpg","datePublished":"2017-09-11T06:20:12+00:00","dateModified":"2025-09-18T07:20:25+00:00","breadcrumb":{"@id":"https:\/\/www.salzburgerland.com\/de\/magazin\/rupertikirtag-in-salzburg\/#breadcrumb"},"inLanguage":"de","potentialAction":[{"@type":"ReadAction","target":["https:\/\/www.salzburgerland.com\/de\/magazin\/rupertikirtag-in-salzburg\/"]}]},{"@type":"ImageObject","inLanguage":"de","@id":"https:\/\/www.salzburgerland.com\/de\/magazin\/rupertikirtag-in-salzburg\/#primaryimage","url":"https:\/\/www.salzburgerland.com\/de\/magazin\/wp-content\/uploads\/2017\/09\/1_cNiko-Zuparic_Salzburger-Rupertikirtag-NZUP1979.jpg","contentUrl":"https:\/\/www.salzburgerland.com\/de\/magazin\/wp-content\/uploads\/2017\/09\/1_cNiko-Zuparic_Salzburger-Rupertikirtag-NZUP1979.jpg","width":1920,"height":1280,"caption":"Menschen in traditioneller Kleidung genie\u00dfen eine Schaukelfahrt auf einem Jahrmarkt mit historischen Geb\u00e4uden im Hintergrund."},{"@type":"BreadcrumbList","@id":"https:\/\/www.salzburgerland.com\/de\/magazin\/rupertikirtag-in-salzburg\/#breadcrumb","itemListElement":[{"@type":"ListItem","position":1,"name":"Startseite","item":"https:\/\/www.salzburgerland.com\/de\/magazin\/"},{"@type":"ListItem","position":2,"name":"Kunst &amp; Kultur","item":"https:\/\/www.salzburgerland.com\/de\/magazin\/thema\/kunst-kultur\/"},{"@type":"ListItem","position":3,"name":"Rupertikirtag in Salzburg"}]},{"@type":"WebSite","@id":"https:\/\/www.salzburgerland.com\/de\/magazin\/#website","url":"https:\/\/www.salzburgerland.com\/de\/magazin\/","name":"SalzburgerLand Magazin","description":"Geschichten und Interessantes aus dem SalzburgerLand","publisher":{"@id":"https:\/\/www.salzburgerland.com\/de\/magazin\/#organization"},"potentialAction":[{"@type":"SearchAction","target":{"@type":"EntryPoint","urlTemplate":"https:\/\/www.salzburgerland.com\/de\/magazin\/?s={search_term_string}"},"query-input":{"@type":"PropertyValueSpecification","valueRequired":true,"valueName":"search_term_string"}}],"inLanguage":"de"},{"@type":"Organization","@id":"https:\/\/www.salzburgerland.com\/de\/magazin\/#organization","name":"SalzburgerLand Tourismus","url":"https:\/\/www.salzburgerland.com\/de\/magazin\/","logo":{"@type":"ImageObject","inLanguage":"de","@id":"https:\/\/www.salzburgerland.com\/de\/magazin\/#\/schema\/logo\/image\/","url":"https:\/\/www.salzburgerland.com\/de\/magazin\/wp-content\/uploads\/2019\/06\/salzburgerland-logo1.jpg","contentUrl":"https:\/\/www.salzburgerland.com\/de\/magazin\/wp-content\/uploads\/2019\/06\/salzburgerland-logo1.jpg","width":2011,"height":866,"caption":"SalzburgerLand Tourismus"},"image":{"@id":"https:\/\/www.salzburgerland.com\/de\/magazin\/#\/schema\/logo\/image\/"},"sameAs":["https:\/\/www.facebook.com\/salzburgerland\/","https:\/\/x.com\/Salzburgerland","https:\/\/www.instagram.com\/salzburgerland\/","https:\/\/at.linkedin.com\/company\/salzburgerland-tourismus-gmbh","https:\/\/www.pinterest.at\/salzburgerland\/","https:\/\/www.youtube.com\/user\/salzburgerland","https:\/\/de.wikipedia.org\/wiki\/SalzburgerLand_Tourismus_GmbH"]},{"@type":"Person","@id":"https:\/\/www.salzburgerland.com\/de\/magazin\/#\/schema\/person\/a55a4fee1009b9e458d298480a18a9f7","name":"Ulli Hammerl","description":"Geboren und aufgewachsen in der Stadt Salzburg war Ulli Hammerl fr\u00fch bewusst, in einer der sch\u00f6nsten St\u00e4dte der Welt zu leben. So ist sie auch w\u00e4hrend ihres Studiums der Kommunikationswissenschaft und \u00d6kologie ihrer Heimatstadt treu geblieben. Gleich nach dem Studium ist sie zu SalzburgerLand Tourismus (SLTG) gegangen und hat hier von 1998 - 2004 u.a. die SalzburgerLand Card betreut. Dabei ist sie viel herumgekommen, wodurch auch die Liebe zum SalzburgerLand enstanden und gewachsen ist. Nach der Geburt ihrer Tochter im September 2004 hat sich Ulli Hammerl 2007 mit einer Agentur selbst\u00e4ndig gemacht. Mein pers\u00f6nlicher Logenplatz: Hoch \u00fcber Salzburg, abseits der stark begangenen Wege mit Blick auf die D\u00e4cher und Kircht\u00fcrme der Stadt \u2013 hier geht mir das Herz auf! Morgen- oder Abendmensch: Ganz klar: Morgenmensch. Wenn um 5.00 Uhr fr\u00fch die V\u00f6gel zwitschern und rund herum noch alles in tiefer Ruhe versinkt, dann ist meine Zeit. Ausgeschlafen, Energie geladen und voller Tatendrang starte ich am liebsten in den fr\u00fchen Morgenstunden in den Tag. Daf\u00fcr kann man nach 21.00 Uhr nicht mehr mit mir rechnen. Buch oder Film: Es gibt nichts Sch\u00f6neres, als es sich am Ende des Tages auf der Couch gem\u00fctlich zu machen und in die Gedankenwelt eines guten Buches einzutauchen \u2013 Lesen ist Abenteuer im Kopf. Wandern, Spazierengehen oder Laufen: alles drei und zwar am besten jeden Tag. Mit ein bisschen Zeiteinteilung geht es sich tats\u00e4chlich fast gehen Tag aus, drau\u00dfen unterwegs zu sein. Fr\u00fchling, Sommer, Herbst oder Winter: Ich kann es im Fr\u00fchling kaum erwarten, die ersten Gr\u00fcnschattierungen in der Natur zu entdecken. Ich liebe hei\u00dfe Sommertage am See und laue Sommerabende am Balkon. Ich mag es, wenn im Herbst die W\u00e4lder in einem Meer aus Farben erstrahlen, Laubrascheln und Kastanien sammeln. Und ich freue mich wie ein Kind, wenn im Dezember die ersten Schneeflocken vom Himmel schweben. Die vier Jahreszeiten sind etwas Wunderbares.","url":"https:\/\/www.salzburgerland.com\/de\/magazin\/author\/ulli-hammerl\/"}]}},"_wl_alt_label":[],"wl:entity_url":"http:\/\/open.salzburgerland.com\/magazin\/post\/brauchtumspflege_am_rupertikirtag","_links":{"self":[{"href":"https:\/\/www.salzburgerland.com\/de\/magazin\/wp-json\/wp\/v2\/posts\/26014","targetHints":{"allow":["GET"]}}],"collection":[{"href":"https:\/\/www.salzburgerland.com\/de\/magazin\/wp-json\/wp\/v2\/posts"}],"about":[{"href":"https:\/\/www.salzburgerland.com\/de\/magazin\/wp-json\/wp\/v2\/types\/post"}],"author":[{"embeddable":true,"href":"https:\/\/www.salzburgerland.com\/de\/magazin\/wp-json\/wp\/v2\/users\/90"}],"replies":[{"embeddable":true,"href":"https:\/\/www.salzburgerland.com\/de\/magazin\/wp-json\/wp\/v2\/comments?post=26014"}],"version-history":[{"count":14,"href":"https:\/\/www.salzburgerland.com\/de\/magazin\/wp-json\/wp\/v2\/posts\/26014\/revisions"}],"predecessor-version":[{"id":185142,"href":"https:\/\/www.salzburgerland.com\/de\/magazin\/wp-json\/wp\/v2\/posts\/26014\/revisions\/185142"}],"wp:featuredmedia":[{"embeddable":true,"href":"https:\/\/www.salzburgerland.com\/de\/magazin\/wp-json\/wp\/v2\/media\/178324"}],"wp:attachment":[{"href":"https:\/\/www.salzburgerland.com\/de\/magazin\/wp-json\/wp\/v2\/media?parent=26014"}],"wp:term":[{"taxonomy":"category","embeddable":true,"href":"https:\/\/www.salzburgerland.com\/de\/magazin\/wp-json\/wp\/v2\/categories?post=26014"},{"taxonomy":"post_tag","embeddable":true,"href":"https:\/\/www.salzburgerland.com\/de\/magazin\/wp-json\/wp\/v2\/tags?post=26014"},{"taxonomy":"wl_entity_type","embeddable":true,"href":"https:\/\/www.salzburgerland.com\/de\/magazin\/wp-json\/wp\/v2\/wl_entity_type?post=26014"},{"taxonomy":"monatsauswahl","embeddable":true,"href":"https:\/\/www.salzburgerland.com\/de\/magazin\/wp-json\/wp\/v2\/monatsauswahl?post=26014"}],"curies":[{"name":"wp","href":"https:\/\/api.w.org\/{rel}","templated":true}]}}