{"id":25415,"date":"2012-09-10T10:55:14","date_gmt":"2012-09-10T08:55:14","guid":{"rendered":"http:\/\/magazin.salzburgerland.com\/?p=25415"},"modified":"2019-06-26T20:38:30","modified_gmt":"2019-06-26T18:38:30","slug":"der-glockner-vom-jedermann","status":"publish","type":"post","link":"https:\/\/www.salzburgerland.com\/de\/magazin\/der-glockner-vom-jedermann\/","title":{"rendered":"Der Gl\u00f6ckner vom Jedermann"},"content":{"rendered":"<p style=\"text-align: left;\">Schon Max Reinhardt hat in seinem Regie-Konzept f\u00fcr den Domplatz die Glocken der umliegenden Kirchen einbezogen: Die Domglocke l\u00e4utet Anfang und Ende der letzten Stunde des reichen Mannes ein, nachdem die Franziskaner-Glocke zuvor mit ihrem Schall schon d\u00fcstere Ahnung aufkommen lie\u00df. Genauer gesagt, die Maria-Himmelfahrts-Glocke, mit 650 Kilo die drittgr\u00f6\u00dfte im Glockenturm der <a title=\"Franziskanerkirche Salzburg\" href=\"http:\/\/de.wikipedia.org\/wiki\/Franziskanerkirche_(Salzburg)\" target=\"_blank\" rel=\"noopener noreferrer\">Franziskanerkirche<\/a>. Wenn man die 250 Stufen des Turms hinauf steigt, sieht man noch die L\u00f6cher, durch die fr\u00fcher die Zugseile gef\u00fchrt wurden. Gottfried Seer kann sich noch erinnern, wie er als Ministrant in <a title=\"Grossarl\" href=\"http:\/\/www.grossarltal.info\" target=\"_blank\" rel=\"noopener noreferrer\">Gro\u00dfarl<\/a> durch die L\u00fcfte gezogen wurde\u2026 Heutzutage dr\u00fcckt er einen Kopf, wenn die Inspizientin per Funk das Zeichen f\u00fcr das todesbange L\u00e4uten gibt. An seinem sprichw\u00f6rtlichen <a title=\"Domplatz\" href=\"https:\/\/www.salzburgerland.com\/de\/magazin\/?p=25561&amp;preview=true\" target=\"_blank\" rel=\"noopener noreferrer\">Logenplatz<\/a> hoch oben \u00fcber der Altstadt steht Gottfried seit 2002, als Christian St\u00fcckl den \u201eJedermann\u201c erneuerte und ihn, zuvor bei Gernot Friedel als Rufer auf der Festung postiert, zus\u00e4tzlich zum Gl\u00f6ckner ernannte. Damals wollte St\u00fcckl alle Glocken h\u00f6ren und Gottfried dr\u00fcckte flei\u00dfig Kn\u00f6pfe, bis der verzweifelte Messner erschien: Die Arme-Seelen-Glocke l\u00e4ute nur , wenn der Papst stirbt!<\/p>\n<p style=\"text-align: left;\"><img loading=\"lazy\" decoding=\"async\" class=\"alignnone size-singlePost wp-image-25690\" title=\"Schaltungen\" src=\"https:\/\/www.salzburgerland.com\/de\/magazin\/wp-content\/uploads\/2012\/09\/Schaltungen-650x435.jpg\" alt=\"\" width=\"650\" height=\"435\" \/><\/p>\n<p>Inzwischen erkennt Gottfried Seer auch die Glocken der umliegenden Kirchen an ihrem Klang und\u00a0 wenn der Wind ung\u00fcnstig ist, kommt manchmal Konkurrenz jenseits der Salzach auf den Domplatz geweht. Was sagt er zu den Ger\u00fcchten, die n\u00e4chste Neu-Inszenierung des allj\u00e4hrlichen Festspielmythos w\u00fcrde ohne Glocken und Rufer auskommen? \u201eAch!\u201c sch\u00fcttelt er den Kopf. Und setzt an: <a title=\"Jedermann\" href=\"https:\/\/www.salzburgerland.com\/de\/magazin\/kunst-kultur\/jedermann-der-letzte-schrei-in-salzburg\/\" target=\"_blank\" rel=\"noopener noreferrer\">\u201eJeeedeeermaaannn<\/a>!!!\u201c<\/p>\n<p style=\"text-align: center;\"><img loading=\"lazy\" decoding=\"async\" class=\"alignnone size-singlePost wp-image-25691\" title=\"Gottfried Seer\" src=\"https:\/\/www.salzburgerland.com\/de\/magazin\/wp-content\/uploads\/2012\/09\/Gottfried-Seer-650x435.jpg\" alt=\"\" width=\"650\" height=\"435\" \/><\/p>\n","protected":false},"excerpt":{"rendered":"<p>Schon Max Reinhardt hat in seinem Regie-Konzept f\u00fcr den Domplatz die Glocken der umliegenden Kirchen einbezogen: Die Domglocke l\u00e4utet Anfang und Ende der letzten Stunde des reichen Mannes ein, nachdem die Franziskaner-Glocke zuvor mit ihrem Schall schon d\u00fcstere Ahnung aufkommen lie\u00df. Genauer gesagt, die Maria-Himmelfahrts-Glocke, mit 650 Kilo die drittgr\u00f6\u00dfte im Glockenturm der Franziskanerkirche. Wenn [&hellip;]<\/p>\n","protected":false},"author":208,"featured_media":25580,"comment_status":"open","ping_status":"open","sticky":false,"template":"","format":"standard","meta":{"_acf_changed":false,"wl_entities_gutenberg":"","_wl_entity_redirect_enabled":"","footnotes":""},"categories":[6],"tags":[],"wl_entity_type":[306],"monatsauswahl":[],"class_list":["post-25415","post","type-post","status-publish","format-standard","has-post-thumbnail","hentry","category-kunst-kultur","wl_entity_type-article"],"acf":[],"yoast_head":"<!-- This site is optimized with the Yoast SEO Premium plugin v27.4 (Yoast SEO v27.4) - https:\/\/yoast.com\/product\/yoast-seo-premium-wordpress\/ -->\n<title>Der Gl\u00f6ckner vom Jedermann - SalzburgerLand Magazin<\/title>\n<meta name=\"description\" content=\"Schon Max Reinhardt hat in seinem Regie-Konzept f\u00fcr den Domplatz die Glocken der umliegenden Kirchen einbezogen: Die Domglocke l\u00e4utet Anfang und Ende der letzten Stunde des reichen Mannes ein, nachdem die Franziskaner-Glocke zuvor mit ihrem Schall schon d\u00fcstere Ahnung aufkommen lie\u00df. Genauer gesagt, die Maria-Himmelfahrts-Glocke, mit 650 Kilo die drittgr\u00f6\u00dfte im Glockenturm der Franziskanerkirche. Wenn [&hellip;]\" \/>\n<meta name=\"robots\" content=\"index, follow, max-snippet:-1, max-image-preview:large, max-video-preview:-1\" \/>\n<link rel=\"canonical\" href=\"https:\/\/www.salzburgerland.com\/de\/magazin\/der-glockner-vom-jedermann\/\" \/>\n<meta property=\"og:locale\" content=\"de_DE\" \/>\n<meta property=\"og:type\" content=\"article\" \/>\n<meta property=\"og:title\" content=\"Der Gl\u00f6ckner vom Jedermann\" \/>\n<meta property=\"og:description\" content=\"Schon Max Reinhardt hat in seinem Regie-Konzept f\u00fcr den Domplatz die Glocken der umliegenden Kirchen einbezogen: Die Domglocke l\u00e4utet Anfang und Ende der letzten Stunde des reichen Mannes ein, nachdem die Franziskaner-Glocke zuvor mit ihrem Schall schon d\u00fcstere Ahnung aufkommen lie\u00df. Genauer gesagt, die Maria-Himmelfahrts-Glocke, mit 650 Kilo die drittgr\u00f6\u00dfte im Glockenturm der Franziskanerkirche. Wenn [&hellip;]\" \/>\n<meta property=\"og:url\" content=\"https:\/\/www.salzburgerland.com\/de\/magazin\/der-glockner-vom-jedermann\/\" \/>\n<meta property=\"og:site_name\" content=\"SalzburgerLand Magazin\" \/>\n<meta property=\"article:publisher\" content=\"https:\/\/www.facebook.com\/salzburgerland\/\" \/>\n<meta property=\"article:published_time\" content=\"2012-09-10T08:55:14+00:00\" \/>\n<meta property=\"article:modified_time\" content=\"2019-06-26T18:38:30+00:00\" \/>\n<meta property=\"og:image\" content=\"https:\/\/www.salzburgerland.com\/de\/magazin\/wp-content\/uploads\/2012\/09\/Glocken-der-Franziskanerkirche-Salzburg.jpg\" \/>\n\t<meta property=\"og:image:width\" content=\"1600\" \/>\n\t<meta property=\"og:image:height\" content=\"1200\" \/>\n\t<meta property=\"og:image:type\" content=\"image\/jpeg\" \/>\n<meta name=\"author\" content=\"Karin Buchauer\" \/>\n<meta name=\"twitter:card\" content=\"summary_large_image\" \/>\n<meta name=\"twitter:creator\" content=\"@Salzburgerland\" \/>\n<meta name=\"twitter:site\" content=\"@Salzburgerland\" \/>\n<meta name=\"twitter:label1\" content=\"Verfasst von\" \/>\n\t<meta name=\"twitter:data1\" content=\"Karin Buchauer\" \/>\n\t<meta name=\"twitter:label2\" content=\"Gesch\u00e4tzte Lesezeit\" \/>\n\t<meta name=\"twitter:data2\" content=\"1\u00a0Minute\" \/>\n<script type=\"application\/ld+json\" class=\"yoast-schema-graph\">{\"@context\":\"https:\\\/\\\/schema.org\",\"@graph\":[{\"@type\":\"Article\",\"@id\":\"https:\\\/\\\/www.salzburgerland.com\\\/de\\\/magazin\\\/der-glockner-vom-jedermann\\\/#article\",\"isPartOf\":{\"@id\":\"https:\\\/\\\/www.salzburgerland.com\\\/de\\\/magazin\\\/der-glockner-vom-jedermann\\\/\"},\"author\":{\"name\":\"Karin Buchauer\",\"@id\":\"https:\\\/\\\/www.salzburgerland.com\\\/de\\\/magazin\\\/#\\\/schema\\\/person\\\/15e37ceaebdfa9b7a72b239048bb2a0c\"},\"headline\":\"Der Gl\u00f6ckner vom Jedermann\",\"datePublished\":\"2012-09-10T08:55:14+00:00\",\"dateModified\":\"2019-06-26T18:38:30+00:00\",\"mainEntityOfPage\":{\"@id\":\"https:\\\/\\\/www.salzburgerland.com\\\/de\\\/magazin\\\/der-glockner-vom-jedermann\\\/\"},\"wordCount\":260,\"commentCount\":0,\"publisher\":{\"@id\":\"https:\\\/\\\/www.salzburgerland.com\\\/de\\\/magazin\\\/#organization\"},\"image\":{\"@id\":\"https:\\\/\\\/www.salzburgerland.com\\\/de\\\/magazin\\\/der-glockner-vom-jedermann\\\/#primaryimage\"},\"thumbnailUrl\":\"https:\\\/\\\/www.salzburgerland.com\\\/de\\\/magazin\\\/wp-content\\\/uploads\\\/2012\\\/09\\\/Glocken-der-Franziskanerkirche-Salzburg.jpg\",\"articleSection\":[\"Kunst &amp; Kultur\"],\"inLanguage\":\"de\",\"potentialAction\":[{\"@type\":\"CommentAction\",\"name\":\"Comment\",\"target\":[\"https:\\\/\\\/www.salzburgerland.com\\\/de\\\/magazin\\\/der-glockner-vom-jedermann\\\/#respond\"]}]},{\"@type\":\"WebPage\",\"@id\":\"https:\\\/\\\/www.salzburgerland.com\\\/de\\\/magazin\\\/der-glockner-vom-jedermann\\\/\",\"url\":\"https:\\\/\\\/www.salzburgerland.com\\\/de\\\/magazin\\\/der-glockner-vom-jedermann\\\/\",\"name\":\"Der Gl\u00f6ckner vom Jedermann - SalzburgerLand Magazin\",\"isPartOf\":{\"@id\":\"https:\\\/\\\/www.salzburgerland.com\\\/de\\\/magazin\\\/#website\"},\"primaryImageOfPage\":{\"@id\":\"https:\\\/\\\/www.salzburgerland.com\\\/de\\\/magazin\\\/der-glockner-vom-jedermann\\\/#primaryimage\"},\"image\":{\"@id\":\"https:\\\/\\\/www.salzburgerland.com\\\/de\\\/magazin\\\/der-glockner-vom-jedermann\\\/#primaryimage\"},\"thumbnailUrl\":\"https:\\\/\\\/www.salzburgerland.com\\\/de\\\/magazin\\\/wp-content\\\/uploads\\\/2012\\\/09\\\/Glocken-der-Franziskanerkirche-Salzburg.jpg\",\"datePublished\":\"2012-09-10T08:55:14+00:00\",\"dateModified\":\"2019-06-26T18:38:30+00:00\",\"breadcrumb\":{\"@id\":\"https:\\\/\\\/www.salzburgerland.com\\\/de\\\/magazin\\\/der-glockner-vom-jedermann\\\/#breadcrumb\"},\"inLanguage\":\"de\",\"potentialAction\":[{\"@type\":\"ReadAction\",\"target\":[\"https:\\\/\\\/www.salzburgerland.com\\\/de\\\/magazin\\\/der-glockner-vom-jedermann\\\/\"]}]},{\"@type\":\"ImageObject\",\"inLanguage\":\"de\",\"@id\":\"https:\\\/\\\/www.salzburgerland.com\\\/de\\\/magazin\\\/der-glockner-vom-jedermann\\\/#primaryimage\",\"url\":\"https:\\\/\\\/www.salzburgerland.com\\\/de\\\/magazin\\\/wp-content\\\/uploads\\\/2012\\\/09\\\/Glocken-der-Franziskanerkirche-Salzburg.jpg\",\"contentUrl\":\"https:\\\/\\\/www.salzburgerland.com\\\/de\\\/magazin\\\/wp-content\\\/uploads\\\/2012\\\/09\\\/Glocken-der-Franziskanerkirche-Salzburg.jpg\",\"width\":1600,\"height\":1200,\"caption\":\"Gro\u00dfe Kirchenglocken mit Kl\u00f6ppeln, die in einem h\u00f6lzernen Glockenturm montiert sind, von unten gesehen.\"},{\"@type\":\"BreadcrumbList\",\"@id\":\"https:\\\/\\\/www.salzburgerland.com\\\/de\\\/magazin\\\/der-glockner-vom-jedermann\\\/#breadcrumb\",\"itemListElement\":[{\"@type\":\"ListItem\",\"position\":1,\"name\":\"Startseite\",\"item\":\"https:\\\/\\\/www.salzburgerland.com\\\/de\\\/magazin\\\/\"},{\"@type\":\"ListItem\",\"position\":2,\"name\":\"Kunst &amp; Kultur\",\"item\":\"https:\\\/\\\/www.salzburgerland.com\\\/de\\\/magazin\\\/thema\\\/kunst-kultur\\\/\"},{\"@type\":\"ListItem\",\"position\":3,\"name\":\"Der Gl\u00f6ckner vom Jedermann\"}]},{\"@type\":\"WebSite\",\"@id\":\"https:\\\/\\\/www.salzburgerland.com\\\/de\\\/magazin\\\/#website\",\"url\":\"https:\\\/\\\/www.salzburgerland.com\\\/de\\\/magazin\\\/\",\"name\":\"SalzburgerLand Magazin\",\"description\":\"Geschichten und Interessantes aus dem SalzburgerLand\",\"publisher\":{\"@id\":\"https:\\\/\\\/www.salzburgerland.com\\\/de\\\/magazin\\\/#organization\"},\"potentialAction\":[{\"@type\":\"SearchAction\",\"target\":{\"@type\":\"EntryPoint\",\"urlTemplate\":\"https:\\\/\\\/www.salzburgerland.com\\\/de\\\/magazin\\\/?s={search_term_string}\"},\"query-input\":{\"@type\":\"PropertyValueSpecification\",\"valueRequired\":true,\"valueName\":\"search_term_string\"}}],\"inLanguage\":\"de\"},{\"@type\":\"Organization\",\"@id\":\"https:\\\/\\\/www.salzburgerland.com\\\/de\\\/magazin\\\/#organization\",\"name\":\"SalzburgerLand Tourismus\",\"url\":\"https:\\\/\\\/www.salzburgerland.com\\\/de\\\/magazin\\\/\",\"logo\":{\"@type\":\"ImageObject\",\"inLanguage\":\"de\",\"@id\":\"https:\\\/\\\/www.salzburgerland.com\\\/de\\\/magazin\\\/#\\\/schema\\\/logo\\\/image\\\/\",\"url\":\"https:\\\/\\\/www.salzburgerland.com\\\/de\\\/magazin\\\/wp-content\\\/uploads\\\/2019\\\/06\\\/salzburgerland-logo1.jpg\",\"contentUrl\":\"https:\\\/\\\/www.salzburgerland.com\\\/de\\\/magazin\\\/wp-content\\\/uploads\\\/2019\\\/06\\\/salzburgerland-logo1.jpg\",\"width\":2011,\"height\":866,\"caption\":\"SalzburgerLand Tourismus\"},\"image\":{\"@id\":\"https:\\\/\\\/www.salzburgerland.com\\\/de\\\/magazin\\\/#\\\/schema\\\/logo\\\/image\\\/\"},\"sameAs\":[\"https:\\\/\\\/www.facebook.com\\\/salzburgerland\\\/\",\"https:\\\/\\\/x.com\\\/Salzburgerland\",\"https:\\\/\\\/www.instagram.com\\\/salzburgerland\\\/\",\"https:\\\/\\\/at.linkedin.com\\\/company\\\/salzburgerland-tourismus-gmbh\",\"https:\\\/\\\/www.pinterest.at\\\/salzburgerland\\\/\",\"https:\\\/\\\/www.youtube.com\\\/user\\\/salzburgerland\",\"https:\\\/\\\/de.wikipedia.org\\\/wiki\\\/SalzburgerLand_Tourismus_GmbH\"]},{\"@type\":\"Person\",\"@id\":\"https:\\\/\\\/www.salzburgerland.com\\\/de\\\/magazin\\\/#\\\/schema\\\/person\\\/15e37ceaebdfa9b7a72b239048bb2a0c\",\"name\":\"Karin Buchauer\",\"description\":\"Karin Buchauer ist im Sternzeichen L\u00f6we\u00a0in Lausanne\u00a0geboren, in Wien, Paris und Algier aufgewachsen. Als frankophile Weltb\u00fcrgerin mit Wohnort Salzburg genie\u00dft sie das lokale und internationale Kulturleben der Stadt sowie die Sch\u00f6nheit und den Reichtum der Natur rundum. Ihre Interessen und Talente spiegeln sich in ihren vielf\u00e4ltigen T\u00e4tigkeiten wieder: Kulturarbeiterin, Kunstliebhaberin, Kommunikationswissenschafterin, Sprachexpertin, Schreibk\u00fcnstlerin, Freizeitmeteorologin, Langstreckenl\u00e4uferin und Yogalehrerin. Fragen mit Antworten von Karin Buchauer Dosige oder Zuagroast? Zuagroaste nat\u00fcrlich, aber schon mehr als mein halbes Leben dosig. Das gilt doch oder?! Fr\u00fchling, Sommer, Herbst oder Winter? Ach! Jede Jahreszeit hat ihre D\u00fcfte, Farben und Kl\u00e4nge! Und Klimawandel hin oder her, sie sind hierzulande noch so weit unterscheidbar, dass man jede von ihnen voll und ganz genie\u00dfen kann. Morgen- oder Abendmensch? Morgenmensch: Jedem Anfang wohnt doch ein Zauber inne. Noch zauberhafter wird der Tag, wenn der Abend in den Morgen \u00fcbergeht\u2026 Luxushotel oder Almh\u00fctte? Der Traum vom Luxus einer \u2013 eigenen \u2013 H\u00fctte treibt mich schon mal ins Hotel, sozusagen als \u00dcbergangsl\u00f6sung. Mozart oder Hubert von Goisern? Mozart! Immer. Alles. Dirndl oder Bustierkleid? Ein Dilemma, das zum Gl\u00fcck andere f\u00fcr mich gel\u00f6st haben: ein Bustier-Dirndl von Ploom. Weltliteratur oder Tratsch&amp;Klatsch? Klatsch und Tratsch\u00a0 machen die Welt bunt und laut. Weltliteratur und ihre Worte schaffen neue Welten, Universen, Paradiese. Und das auf Erden. Kr\u00e4utertee oder Zirbenschnaps? Klingt beides irgendwie nach Medizin, aber wenn\u2019s hilft, dann nehm ich bitte beides.\",\"url\":\"https:\\\/\\\/www.salzburgerland.com\\\/de\\\/magazin\\\/author\\\/karinbuch\\\/\"}]}<\/script>\n<!-- \/ Yoast SEO Premium plugin. -->","yoast_head_json":{"title":"Der Gl\u00f6ckner vom Jedermann - SalzburgerLand Magazin","description":"Schon Max Reinhardt hat in seinem Regie-Konzept f\u00fcr den Domplatz die Glocken der umliegenden Kirchen einbezogen: Die Domglocke l\u00e4utet Anfang und Ende der letzten Stunde des reichen Mannes ein, nachdem die Franziskaner-Glocke zuvor mit ihrem Schall schon d\u00fcstere Ahnung aufkommen lie\u00df. Genauer gesagt, die Maria-Himmelfahrts-Glocke, mit 650 Kilo die drittgr\u00f6\u00dfte im Glockenturm der Franziskanerkirche. Wenn [&hellip;]","robots":{"index":"index","follow":"follow","max-snippet":"max-snippet:-1","max-image-preview":"max-image-preview:large","max-video-preview":"max-video-preview:-1"},"canonical":"https:\/\/www.salzburgerland.com\/de\/magazin\/der-glockner-vom-jedermann\/","og_locale":"de_DE","og_type":"article","og_title":"Der Gl\u00f6ckner vom Jedermann","og_description":"Schon Max Reinhardt hat in seinem Regie-Konzept f\u00fcr den Domplatz die Glocken der umliegenden Kirchen einbezogen: Die Domglocke l\u00e4utet Anfang und Ende der letzten Stunde des reichen Mannes ein, nachdem die Franziskaner-Glocke zuvor mit ihrem Schall schon d\u00fcstere Ahnung aufkommen lie\u00df. Genauer gesagt, die Maria-Himmelfahrts-Glocke, mit 650 Kilo die drittgr\u00f6\u00dfte im Glockenturm der Franziskanerkirche. Wenn [&hellip;]","og_url":"https:\/\/www.salzburgerland.com\/de\/magazin\/der-glockner-vom-jedermann\/","og_site_name":"SalzburgerLand Magazin","article_publisher":"https:\/\/www.facebook.com\/salzburgerland\/","article_published_time":"2012-09-10T08:55:14+00:00","article_modified_time":"2019-06-26T18:38:30+00:00","og_image":[{"width":1600,"height":1200,"url":"https:\/\/www.salzburgerland.com\/de\/magazin\/wp-content\/uploads\/2012\/09\/Glocken-der-Franziskanerkirche-Salzburg.jpg","type":"image\/jpeg"}],"author":"Karin Buchauer","twitter_card":"summary_large_image","twitter_creator":"@Salzburgerland","twitter_site":"@Salzburgerland","twitter_misc":{"Verfasst von":"Karin Buchauer","Gesch\u00e4tzte Lesezeit":"1\u00a0Minute"},"schema":{"@context":"https:\/\/schema.org","@graph":[{"@type":"Article","@id":"https:\/\/www.salzburgerland.com\/de\/magazin\/der-glockner-vom-jedermann\/#article","isPartOf":{"@id":"https:\/\/www.salzburgerland.com\/de\/magazin\/der-glockner-vom-jedermann\/"},"author":{"name":"Karin Buchauer","@id":"https:\/\/www.salzburgerland.com\/de\/magazin\/#\/schema\/person\/15e37ceaebdfa9b7a72b239048bb2a0c"},"headline":"Der Gl\u00f6ckner vom Jedermann","datePublished":"2012-09-10T08:55:14+00:00","dateModified":"2019-06-26T18:38:30+00:00","mainEntityOfPage":{"@id":"https:\/\/www.salzburgerland.com\/de\/magazin\/der-glockner-vom-jedermann\/"},"wordCount":260,"commentCount":0,"publisher":{"@id":"https:\/\/www.salzburgerland.com\/de\/magazin\/#organization"},"image":{"@id":"https:\/\/www.salzburgerland.com\/de\/magazin\/der-glockner-vom-jedermann\/#primaryimage"},"thumbnailUrl":"https:\/\/www.salzburgerland.com\/de\/magazin\/wp-content\/uploads\/2012\/09\/Glocken-der-Franziskanerkirche-Salzburg.jpg","articleSection":["Kunst &amp; Kultur"],"inLanguage":"de","potentialAction":[{"@type":"CommentAction","name":"Comment","target":["https:\/\/www.salzburgerland.com\/de\/magazin\/der-glockner-vom-jedermann\/#respond"]}]},{"@type":"WebPage","@id":"https:\/\/www.salzburgerland.com\/de\/magazin\/der-glockner-vom-jedermann\/","url":"https:\/\/www.salzburgerland.com\/de\/magazin\/der-glockner-vom-jedermann\/","name":"Der Gl\u00f6ckner vom Jedermann - SalzburgerLand Magazin","isPartOf":{"@id":"https:\/\/www.salzburgerland.com\/de\/magazin\/#website"},"primaryImageOfPage":{"@id":"https:\/\/www.salzburgerland.com\/de\/magazin\/der-glockner-vom-jedermann\/#primaryimage"},"image":{"@id":"https:\/\/www.salzburgerland.com\/de\/magazin\/der-glockner-vom-jedermann\/#primaryimage"},"thumbnailUrl":"https:\/\/www.salzburgerland.com\/de\/magazin\/wp-content\/uploads\/2012\/09\/Glocken-der-Franziskanerkirche-Salzburg.jpg","datePublished":"2012-09-10T08:55:14+00:00","dateModified":"2019-06-26T18:38:30+00:00","breadcrumb":{"@id":"https:\/\/www.salzburgerland.com\/de\/magazin\/der-glockner-vom-jedermann\/#breadcrumb"},"inLanguage":"de","potentialAction":[{"@type":"ReadAction","target":["https:\/\/www.salzburgerland.com\/de\/magazin\/der-glockner-vom-jedermann\/"]}]},{"@type":"ImageObject","inLanguage":"de","@id":"https:\/\/www.salzburgerland.com\/de\/magazin\/der-glockner-vom-jedermann\/#primaryimage","url":"https:\/\/www.salzburgerland.com\/de\/magazin\/wp-content\/uploads\/2012\/09\/Glocken-der-Franziskanerkirche-Salzburg.jpg","contentUrl":"https:\/\/www.salzburgerland.com\/de\/magazin\/wp-content\/uploads\/2012\/09\/Glocken-der-Franziskanerkirche-Salzburg.jpg","width":1600,"height":1200,"caption":"Gro\u00dfe Kirchenglocken mit Kl\u00f6ppeln, die in einem h\u00f6lzernen Glockenturm montiert sind, von unten gesehen."},{"@type":"BreadcrumbList","@id":"https:\/\/www.salzburgerland.com\/de\/magazin\/der-glockner-vom-jedermann\/#breadcrumb","itemListElement":[{"@type":"ListItem","position":1,"name":"Startseite","item":"https:\/\/www.salzburgerland.com\/de\/magazin\/"},{"@type":"ListItem","position":2,"name":"Kunst &amp; Kultur","item":"https:\/\/www.salzburgerland.com\/de\/magazin\/thema\/kunst-kultur\/"},{"@type":"ListItem","position":3,"name":"Der Gl\u00f6ckner vom Jedermann"}]},{"@type":"WebSite","@id":"https:\/\/www.salzburgerland.com\/de\/magazin\/#website","url":"https:\/\/www.salzburgerland.com\/de\/magazin\/","name":"SalzburgerLand Magazin","description":"Geschichten und Interessantes aus dem SalzburgerLand","publisher":{"@id":"https:\/\/www.salzburgerland.com\/de\/magazin\/#organization"},"potentialAction":[{"@type":"SearchAction","target":{"@type":"EntryPoint","urlTemplate":"https:\/\/www.salzburgerland.com\/de\/magazin\/?s={search_term_string}"},"query-input":{"@type":"PropertyValueSpecification","valueRequired":true,"valueName":"search_term_string"}}],"inLanguage":"de"},{"@type":"Organization","@id":"https:\/\/www.salzburgerland.com\/de\/magazin\/#organization","name":"SalzburgerLand Tourismus","url":"https:\/\/www.salzburgerland.com\/de\/magazin\/","logo":{"@type":"ImageObject","inLanguage":"de","@id":"https:\/\/www.salzburgerland.com\/de\/magazin\/#\/schema\/logo\/image\/","url":"https:\/\/www.salzburgerland.com\/de\/magazin\/wp-content\/uploads\/2019\/06\/salzburgerland-logo1.jpg","contentUrl":"https:\/\/www.salzburgerland.com\/de\/magazin\/wp-content\/uploads\/2019\/06\/salzburgerland-logo1.jpg","width":2011,"height":866,"caption":"SalzburgerLand Tourismus"},"image":{"@id":"https:\/\/www.salzburgerland.com\/de\/magazin\/#\/schema\/logo\/image\/"},"sameAs":["https:\/\/www.facebook.com\/salzburgerland\/","https:\/\/x.com\/Salzburgerland","https:\/\/www.instagram.com\/salzburgerland\/","https:\/\/at.linkedin.com\/company\/salzburgerland-tourismus-gmbh","https:\/\/www.pinterest.at\/salzburgerland\/","https:\/\/www.youtube.com\/user\/salzburgerland","https:\/\/de.wikipedia.org\/wiki\/SalzburgerLand_Tourismus_GmbH"]},{"@type":"Person","@id":"https:\/\/www.salzburgerland.com\/de\/magazin\/#\/schema\/person\/15e37ceaebdfa9b7a72b239048bb2a0c","name":"Karin Buchauer","description":"Karin Buchauer ist im Sternzeichen L\u00f6we\u00a0in Lausanne\u00a0geboren, in Wien, Paris und Algier aufgewachsen. Als frankophile Weltb\u00fcrgerin mit Wohnort Salzburg genie\u00dft sie das lokale und internationale Kulturleben der Stadt sowie die Sch\u00f6nheit und den Reichtum der Natur rundum. Ihre Interessen und Talente spiegeln sich in ihren vielf\u00e4ltigen T\u00e4tigkeiten wieder: Kulturarbeiterin, Kunstliebhaberin, Kommunikationswissenschafterin, Sprachexpertin, Schreibk\u00fcnstlerin, Freizeitmeteorologin, Langstreckenl\u00e4uferin und Yogalehrerin. Fragen mit Antworten von Karin Buchauer Dosige oder Zuagroast? Zuagroaste nat\u00fcrlich, aber schon mehr als mein halbes Leben dosig. Das gilt doch oder?! Fr\u00fchling, Sommer, Herbst oder Winter? Ach! Jede Jahreszeit hat ihre D\u00fcfte, Farben und Kl\u00e4nge! Und Klimawandel hin oder her, sie sind hierzulande noch so weit unterscheidbar, dass man jede von ihnen voll und ganz genie\u00dfen kann. Morgen- oder Abendmensch? Morgenmensch: Jedem Anfang wohnt doch ein Zauber inne. Noch zauberhafter wird der Tag, wenn der Abend in den Morgen \u00fcbergeht\u2026 Luxushotel oder Almh\u00fctte? Der Traum vom Luxus einer \u2013 eigenen \u2013 H\u00fctte treibt mich schon mal ins Hotel, sozusagen als \u00dcbergangsl\u00f6sung. Mozart oder Hubert von Goisern? Mozart! Immer. Alles. Dirndl oder Bustierkleid? Ein Dilemma, das zum Gl\u00fcck andere f\u00fcr mich gel\u00f6st haben: ein Bustier-Dirndl von Ploom. Weltliteratur oder Tratsch&amp;Klatsch? Klatsch und Tratsch\u00a0 machen die Welt bunt und laut. Weltliteratur und ihre Worte schaffen neue Welten, Universen, Paradiese. Und das auf Erden. Kr\u00e4utertee oder Zirbenschnaps? Klingt beides irgendwie nach Medizin, aber wenn\u2019s hilft, dann nehm ich bitte beides.","url":"https:\/\/www.salzburgerland.com\/de\/magazin\/author\/karinbuch\/"}]}},"_wl_alt_label":[],"wl:entity_url":"http:\/\/open.salzburgerland.com\/magazin\/post\/der_gloeckner_vom_jedermann","_links":{"self":[{"href":"https:\/\/www.salzburgerland.com\/de\/magazin\/wp-json\/wp\/v2\/posts\/25415","targetHints":{"allow":["GET"]}}],"collection":[{"href":"https:\/\/www.salzburgerland.com\/de\/magazin\/wp-json\/wp\/v2\/posts"}],"about":[{"href":"https:\/\/www.salzburgerland.com\/de\/magazin\/wp-json\/wp\/v2\/types\/post"}],"author":[{"embeddable":true,"href":"https:\/\/www.salzburgerland.com\/de\/magazin\/wp-json\/wp\/v2\/users\/208"}],"replies":[{"embeddable":true,"href":"https:\/\/www.salzburgerland.com\/de\/magazin\/wp-json\/wp\/v2\/comments?post=25415"}],"version-history":[{"count":0,"href":"https:\/\/www.salzburgerland.com\/de\/magazin\/wp-json\/wp\/v2\/posts\/25415\/revisions"}],"wp:featuredmedia":[{"embeddable":true,"href":"https:\/\/www.salzburgerland.com\/de\/magazin\/wp-json\/wp\/v2\/media\/25580"}],"wp:attachment":[{"href":"https:\/\/www.salzburgerland.com\/de\/magazin\/wp-json\/wp\/v2\/media?parent=25415"}],"wp:term":[{"taxonomy":"category","embeddable":true,"href":"https:\/\/www.salzburgerland.com\/de\/magazin\/wp-json\/wp\/v2\/categories?post=25415"},{"taxonomy":"post_tag","embeddable":true,"href":"https:\/\/www.salzburgerland.com\/de\/magazin\/wp-json\/wp\/v2\/tags?post=25415"},{"taxonomy":"wl_entity_type","embeddable":true,"href":"https:\/\/www.salzburgerland.com\/de\/magazin\/wp-json\/wp\/v2\/wl_entity_type?post=25415"},{"taxonomy":"monatsauswahl","embeddable":true,"href":"https:\/\/www.salzburgerland.com\/de\/magazin\/wp-json\/wp\/v2\/monatsauswahl?post=25415"}],"curies":[{"name":"wp","href":"https:\/\/api.w.org\/{rel}","templated":true}]}}