{"id":24768,"date":"2017-08-15T10:05:29","date_gmt":"2017-08-15T08:05:29","guid":{"rendered":"http:\/\/magazin.salzburgerland.com\/?p=24768"},"modified":"2019-06-26T20:39:02","modified_gmt":"2019-06-26T18:39:02","slug":"gasteiner-mineralwasser","status":"publish","type":"post","link":"https:\/\/www.salzburgerland.com\/de\/magazin\/gasteiner-mineralwasser\/","title":{"rendered":"Gasteiner Mineralwasser"},"content":{"rendered":"<p><strong>Rund 3.500 Jahre wandert das Wasser durch die Gesteinschichten der Hohen Tauern, bis es als mineralstoffreiches Quellwasser in den Gasteiner Thermalquellen wieder ans Tageslicht kommt.<\/strong>\u00a0<strong>Wir sind dem Weg des Wassers von der Quelle bis zur Flasche nachgegangen! <\/strong><\/p>\n<p>Keine Frage &#8211; Wasser ist gesund und lebenswichtig, nicht nur an hei\u00dfen Sommertagen. Die Mineralstoffe und Spurenelemente, die speziell das Gasteiner Wasser auf dem Weg durch die Berge des Nationalparks Hohe Tauern aufnimmt, machen es zu einem der reinsten Mineralw\u00e4sser weltweit &#8211; das haben schon die Kelten als Ureinwohner Salzburgs erkannt und die Quellen f\u00fcr Heilb\u00e4der und Kuren genutzt.<\/p>\n<p>Seit dem Jahr 1929 wird das <a title=\"Gasteiner Mineralwasser\" href=\"http:\/\/www.gasteiner.at\" target=\"_blank\" rel=\"noopener noreferrer\">Gasteiner Mineralwasser<\/a> in Bad Gastein auch abgef\u00fcllt und in die ganze Welt verkauft. Auf den Tisch kommt es als Sorte Natur, Mild und Sparkling. Wem reines Wasser auf Dauer zu langweilig schmeckt, dem sei die &#8222;Element&#8220;-Serien ans Herz gelegt. Das Gasteiner Mineralwasser mit Geschmack gibt es als \u201cElements Morgenfrisch\u201d, &#8222;Bergluft&#8220;, Eisfrische&#8220; und &#8222;Alpengl\u00fchen&#8220;. \u00a0<\/p>\n<h3>Das Wasser aus dem Nationalpark Hohe Tauern<\/h3>\n<p>Seit 2001 ist Gasteiner Partner des Nationalparks, der auch Vorbild f\u00fcr das mehrfach ausgezeichnete Flaschen-Design von Gasteiner war. Gasteiner ist gemeinsam mit weiteren \u00f6sterreichischen Unternehmen Partner des Vereins \u201eFreunde des Nationalparks Hohe Tauern\u201c: Der Verein f\u00f6rdert Projekte in den Bereichen \u00d6kologie, Naturschutz, wissenschaftliche Forschung, Schutz und Erhaltung von Kulturg\u00fctern, Publikationen und Kultur im Zusammenhang mit der Entwicklung des Nationalparks Hohe Tauern.<\/p>\n<h3>Von der Quelle in die Flasche<\/h3>\n<p>37 Mitarbeiter arbeiten in der Abf\u00fcllanlage am Bad Gasteiner Erlengrund, die im Jahr 1978 errichtet worden ist. J\u00e4hrlich werden 55 Millionen Flaschen Gasteiner abgef\u00fcllt, das sind rund 500.000 Hektoliter kristallklares Wasser aus den Bergen. Auch die Quelle tr\u00e4gt diesen Namen: Aus der Kristallquelle, deren Umgebung streng gesch\u00fctzt ist und deren Wasser regelm\u00e4\u00dfig auf seine Reinheit kontrolliert wird, gelangt das Gasteiner Mineralwasser \u00fcber eine Rohrleitung direkt in die Abf\u00fcllanlage. Mineralwasser-Kenner sch\u00e4tzen das Gasteiner Mineralwasser wegen seiner einzigartigen Reinheit, seiner besonderen, ausgewogenen Mineralisierung und seinem neutralen, bek\u00f6mmlichen Geschmack. Es ist ern\u00e4hrungsphysiologisch wertvoller als \u00fcbliches Leitungswasser, das die gesetzlichen Standards erf\u00fcllt. Der Inhalt jeder Flasche Gasteiner ist streng gepr\u00fcft und kontrolliert. Das Mineralwasser aus dem Gasteinertal wird auch regelm\u00e4\u00dfig mit internationalen Preisen ausgezeichnet.<\/p>\n<p>&nbsp;<\/p>\n<p>Wir haben uns den Weg des Gasteiner Mineralwassers von der Quelle bis in die Flasche genauer angeschaut:<\/p>\n<div class=\"mag-gallery\"><div class=\"row\"><div class=\"col-6 col-sm-4\"><figure><a class=\"thumb-container\" href=\"https:\/\/www.salzburgerland.com\/de\/magazin\/wp-content\/uploads\/2012\/08\/09_vitrine1_72-1280x1024.jpg\">\t<picture><source media=\"(min-width: 576px)\" srcset=\"https:\/\/www.salzburgerland.com\/de\/magazin\/wp-content\/uploads\/2012\/08\/09_vitrine1_72-325x209.jpg 325w, https:\/\/www.salzburgerland.com\/de\/magazin\/wp-content\/uploads\/2012\/08\/09_vitrine1_72-249x160.jpg 249w\" \/><source media=\"(min-width: 0)\" srcset=\"https:\/\/www.salzburgerland.com\/de\/magazin\/wp-content\/uploads\/2012\/08\/09_vitrine1_72-249x160.jpg 249w, https:\/\/www.salzburgerland.com\/de\/magazin\/wp-content\/uploads\/2012\/08\/09_vitrine1_72-325x209.jpg 325w\" \/><img decoding=\"async\" alt=\"Gasteiner Kristallklar\" src=\"https:\/\/www.salzburgerland.com\/de\/magazin\/wp-content\/uploads\/2012\/08\/09_vitrine1_72.jpg\" \/>\t<\/picture><\/a><\/figure><\/div><div class=\"col-6 col-sm-4\"><figure><a class=\"thumb-container\" href=\"https:\/\/www.salzburgerland.com\/de\/magazin\/wp-content\/uploads\/2012\/08\/IMG_0977-e1345824795223-1280x1024.jpg\">\t<picture><source media=\"(min-width: 576px)\" srcset=\"\" \/><source media=\"(min-width: 0)\" srcset=\"https:\/\/www.salzburgerland.com\/de\/magazin\/wp-content\/uploads\/2012\/08\/IMG_0977-e1345824795223.jpg 533w, https:\/\/www.salzburgerland.com\/de\/magazin\/wp-content\/uploads\/2012\/08\/IMG_0977-e1345824795223-200x300.jpg 200w, https:\/\/www.salzburgerland.com\/de\/magazin\/wp-content\/uploads\/2012\/08\/IMG_0977-e1345824795223-366x550.jpg 366w, https:\/\/www.salzburgerland.com\/de\/magazin\/wp-content\/uploads\/2012\/08\/IMG_0977-e1345824795223-267x400.jpg 267w\" \/><img decoding=\"async\" alt=\"Die Kristallquelle unterhalb des Gamskarkogels in Gastein\" src=\"https:\/\/www.salzburgerland.com\/de\/magazin\/wp-content\/uploads\/2012\/08\/IMG_0977-e1345824795223.jpg\" \/>\t<\/picture><\/a><\/figure><\/div><div class=\"col-6 col-sm-4\"><figure><a class=\"thumb-container\" href=\"https:\/\/www.salzburgerland.com\/de\/magazin\/wp-content\/uploads\/2012\/08\/IMG_0979-e1345827404863-1280x1024.jpg\">\t<picture><source media=\"(min-width: 576px)\" srcset=\"\" \/><source media=\"(min-width: 0)\" srcset=\"https:\/\/www.salzburgerland.com\/de\/magazin\/wp-content\/uploads\/2012\/08\/IMG_0979-e1345827404863.jpg 533w, https:\/\/www.salzburgerland.com\/de\/magazin\/wp-content\/uploads\/2012\/08\/IMG_0979-e1345827404863-200x300.jpg 200w, https:\/\/www.salzburgerland.com\/de\/magazin\/wp-content\/uploads\/2012\/08\/IMG_0979-e1345827404863-366x550.jpg 366w, https:\/\/www.salzburgerland.com\/de\/magazin\/wp-content\/uploads\/2012\/08\/IMG_0979-e1345827404863-267x400.jpg 267w\" \/><img decoding=\"async\" alt=\"Der Aufbau der Kristallquelle\" src=\"https:\/\/www.salzburgerland.com\/de\/magazin\/wp-content\/uploads\/2012\/08\/IMG_0979-e1345827404863.jpg\" \/>\t<\/picture><\/a><\/figure><\/div><div class=\"col-6 col-sm-4\"><figure><a class=\"thumb-container\" href=\"https:\/\/www.salzburgerland.com\/de\/magazin\/wp-content\/uploads\/2012\/08\/IMG_0981-1280x1024.jpg\">\t<picture><source media=\"(min-width: 576px)\" srcset=\"https:\/\/www.salzburgerland.com\/de\/magazin\/wp-content\/uploads\/2012\/08\/IMG_0981-325x209.jpg 325w, https:\/\/www.salzburgerland.com\/de\/magazin\/wp-content\/uploads\/2012\/08\/IMG_0981-249x160.jpg 249w\" \/><source media=\"(min-width: 0)\" srcset=\"https:\/\/www.salzburgerland.com\/de\/magazin\/wp-content\/uploads\/2012\/08\/IMG_0981-249x160.jpg 249w, https:\/\/www.salzburgerland.com\/de\/magazin\/wp-content\/uploads\/2012\/08\/IMG_0981-325x209.jpg 325w\" \/><img decoding=\"async\" alt=\"Die Gasteiner Mineralwasser-Abf\u00fcllung am Erlengrund in Bad Gastein\" src=\"https:\/\/www.salzburgerland.com\/de\/magazin\/wp-content\/uploads\/2012\/08\/IMG_0981.jpg\" \/>\t<\/picture><\/a><\/figure><\/div><div class=\"col-6 col-sm-4\"><figure><a class=\"thumb-container\" href=\"https:\/\/www.salzburgerland.com\/de\/magazin\/wp-content\/uploads\/2012\/08\/IMG_0961-1280x1024.jpg\">\t<picture><source media=\"(min-width: 576px)\" srcset=\"https:\/\/www.salzburgerland.com\/de\/magazin\/wp-content\/uploads\/2012\/08\/IMG_0961-325x209.jpg 325w, https:\/\/www.salzburgerland.com\/de\/magazin\/wp-content\/uploads\/2012\/08\/IMG_0961-249x160.jpg 249w\" \/><source media=\"(min-width: 0)\" srcset=\"https:\/\/www.salzburgerland.com\/de\/magazin\/wp-content\/uploads\/2012\/08\/IMG_0961-249x160.jpg 249w, https:\/\/www.salzburgerland.com\/de\/magazin\/wp-content\/uploads\/2012\/08\/IMG_0961-325x209.jpg 325w\" \/><img decoding=\"async\" alt=\"Gebrauchte Flaschen werden in der Waschanlage mehrmals gewaschen und gesp\u00fclt\" src=\"https:\/\/www.salzburgerland.com\/de\/magazin\/wp-content\/uploads\/2012\/08\/IMG_0961.jpg\" \/>\t<\/picture><\/a><\/figure><\/div><div class=\"col-6 col-sm-4\"><figure><a class=\"thumb-container\" href=\"https:\/\/www.salzburgerland.com\/de\/magazin\/wp-content\/uploads\/2012\/08\/IMG_0962-1280x1024.jpg\">\t<picture><source media=\"(min-width: 576px)\" srcset=\"https:\/\/www.salzburgerland.com\/de\/magazin\/wp-content\/uploads\/2012\/08\/IMG_0962-325x209.jpg 325w, https:\/\/www.salzburgerland.com\/de\/magazin\/wp-content\/uploads\/2012\/08\/IMG_0962-249x160.jpg 249w\" \/><source media=\"(min-width: 0)\" srcset=\"https:\/\/www.salzburgerland.com\/de\/magazin\/wp-content\/uploads\/2012\/08\/IMG_0962-249x160.jpg 249w, https:\/\/www.salzburgerland.com\/de\/magazin\/wp-content\/uploads\/2012\/08\/IMG_0962-325x209.jpg 325w\" \/><img decoding=\"async\" alt=\"Die sauberen Flaschen kommen in die F\u00fcllanlage\" src=\"https:\/\/www.salzburgerland.com\/de\/magazin\/wp-content\/uploads\/2012\/08\/IMG_0962.jpg\" \/>\t<\/picture><\/a><\/figure><\/div><div class=\"col-6 col-sm-4\"><figure><a class=\"thumb-container\" href=\"https:\/\/www.salzburgerland.com\/de\/magazin\/wp-content\/uploads\/2012\/08\/IMG_0959-1280x1024.jpg\">\t<picture><source media=\"(min-width: 576px)\" srcset=\"https:\/\/www.salzburgerland.com\/de\/magazin\/wp-content\/uploads\/2012\/08\/IMG_0959-325x209.jpg 325w, https:\/\/www.salzburgerland.com\/de\/magazin\/wp-content\/uploads\/2012\/08\/IMG_0959-249x160.jpg 249w\" \/><source media=\"(min-width: 0)\" srcset=\"https:\/\/www.salzburgerland.com\/de\/magazin\/wp-content\/uploads\/2012\/08\/IMG_0959-249x160.jpg 249w, https:\/\/www.salzburgerland.com\/de\/magazin\/wp-content\/uploads\/2012\/08\/IMG_0959-325x209.jpg 325w\" \/><img decoding=\"async\" alt=\"Hier werden die gef\u00fcllten Flaschen mit Korken oder Schraubverschl\u00fcssen versehen\" src=\"https:\/\/www.salzburgerland.com\/de\/magazin\/wp-content\/uploads\/2012\/08\/IMG_0959.jpg\" \/>\t<\/picture><\/a><\/figure><\/div><div class=\"col-6 col-sm-4\"><figure><a class=\"thumb-container\" href=\"https:\/\/www.salzburgerland.com\/de\/magazin\/wp-content\/uploads\/2012\/08\/IMG_0958-e1345825213493-1280x1024.jpg\">\t<picture><source media=\"(min-width: 576px)\" srcset=\"\" \/><source media=\"(min-width: 0)\" srcset=\"https:\/\/www.salzburgerland.com\/de\/magazin\/wp-content\/uploads\/2012\/08\/IMG_0958-e1345825213493.jpg 533w, https:\/\/www.salzburgerland.com\/de\/magazin\/wp-content\/uploads\/2012\/08\/IMG_0958-e1345825213493-200x300.jpg 200w, https:\/\/www.salzburgerland.com\/de\/magazin\/wp-content\/uploads\/2012\/08\/IMG_0958-e1345825213493-366x550.jpg 366w, https:\/\/www.salzburgerland.com\/de\/magazin\/wp-content\/uploads\/2012\/08\/IMG_0958-e1345825213493-267x400.jpg 267w\" \/><img decoding=\"async\" alt=\"Weiter gehts zum Etikettieren\" src=\"https:\/\/www.salzburgerland.com\/de\/magazin\/wp-content\/uploads\/2012\/08\/IMG_0958-e1345825213493.jpg\" \/>\t<\/picture><\/a><\/figure><\/div><div class=\"col-6 col-sm-4\"><figure><a class=\"thumb-container\" href=\"https:\/\/www.salzburgerland.com\/de\/magazin\/wp-content\/uploads\/2012\/08\/IMG_0964-1280x1024.jpg\">\t<picture><source media=\"(min-width: 576px)\" srcset=\"https:\/\/www.salzburgerland.com\/de\/magazin\/wp-content\/uploads\/2012\/08\/IMG_0964-325x209.jpg 325w, https:\/\/www.salzburgerland.com\/de\/magazin\/wp-content\/uploads\/2012\/08\/IMG_0964-249x160.jpg 249w\" \/><source media=\"(min-width: 0)\" srcset=\"https:\/\/www.salzburgerland.com\/de\/magazin\/wp-content\/uploads\/2012\/08\/IMG_0964-249x160.jpg 249w, https:\/\/www.salzburgerland.com\/de\/magazin\/wp-content\/uploads\/2012\/08\/IMG_0964-325x209.jpg 325w\" \/><img decoding=\"async\" alt=\"Die Etiketten warten schon auf ihren Einsatz\" src=\"https:\/\/www.salzburgerland.com\/de\/magazin\/wp-content\/uploads\/2012\/08\/IMG_0964.jpg\" \/>\t<\/picture><\/a><\/figure><\/div><div class=\"col-6 col-sm-4\"><figure><a class=\"thumb-container\" href=\"https:\/\/www.salzburgerland.com\/de\/magazin\/wp-content\/uploads\/2012\/08\/IMG_0967-e1345825410408-1280x1024.jpg\">\t<picture><source media=\"(min-width: 576px)\" srcset=\"\" \/><source media=\"(min-width: 0)\" srcset=\"https:\/\/www.salzburgerland.com\/de\/magazin\/wp-content\/uploads\/2012\/08\/IMG_0967-e1345825410408.jpg 533w, https:\/\/www.salzburgerland.com\/de\/magazin\/wp-content\/uploads\/2012\/08\/IMG_0967-e1345825410408-200x300.jpg 200w, https:\/\/www.salzburgerland.com\/de\/magazin\/wp-content\/uploads\/2012\/08\/IMG_0967-e1345825410408-366x550.jpg 366w, https:\/\/www.salzburgerland.com\/de\/magazin\/wp-content\/uploads\/2012\/08\/IMG_0967-e1345825410408-267x400.jpg 267w\" \/><img decoding=\"async\" alt=\"Die Etiketten werden mit Spezialkleber angebracht\" src=\"https:\/\/www.salzburgerland.com\/de\/magazin\/wp-content\/uploads\/2012\/08\/IMG_0967-e1345825410408.jpg\" \/>\t<\/picture><\/a><\/figure><\/div><div class=\"col-6 col-sm-4\"><figure><a class=\"thumb-container\" href=\"https:\/\/www.salzburgerland.com\/de\/magazin\/wp-content\/uploads\/2012\/08\/IMG_0968-1280x1024.jpg\">\t<picture><source media=\"(min-width: 576px)\" srcset=\"https:\/\/www.salzburgerland.com\/de\/magazin\/wp-content\/uploads\/2012\/08\/IMG_0968-325x209.jpg 325w, https:\/\/www.salzburgerland.com\/de\/magazin\/wp-content\/uploads\/2012\/08\/IMG_0968-249x160.jpg 249w\" \/><source media=\"(min-width: 0)\" srcset=\"https:\/\/www.salzburgerland.com\/de\/magazin\/wp-content\/uploads\/2012\/08\/IMG_0968-249x160.jpg 249w, https:\/\/www.salzburgerland.com\/de\/magazin\/wp-content\/uploads\/2012\/08\/IMG_0968-325x209.jpg 325w\" \/><img decoding=\"async\" alt=\"Die fertigen Flaschen werden in Kisten sortiert\" src=\"https:\/\/www.salzburgerland.com\/de\/magazin\/wp-content\/uploads\/2012\/08\/IMG_0968.jpg\" \/>\t<\/picture><\/a><\/figure><\/div><div class=\"col-6 col-sm-4\"><figure><a class=\"thumb-container\" href=\"https:\/\/www.salzburgerland.com\/de\/magazin\/wp-content\/uploads\/2012\/08\/IMG_0970-1280x1024.jpg\">\t<picture><source media=\"(min-width: 576px)\" srcset=\"https:\/\/www.salzburgerland.com\/de\/magazin\/wp-content\/uploads\/2012\/08\/IMG_0970-325x209.jpg 325w, https:\/\/www.salzburgerland.com\/de\/magazin\/wp-content\/uploads\/2012\/08\/IMG_0970-249x160.jpg 249w\" \/><source media=\"(min-width: 0)\" srcset=\"https:\/\/www.salzburgerland.com\/de\/magazin\/wp-content\/uploads\/2012\/08\/IMG_0970-249x160.jpg 249w, https:\/\/www.salzburgerland.com\/de\/magazin\/wp-content\/uploads\/2012\/08\/IMG_0970-325x209.jpg 325w\" \/><img decoding=\"async\" alt=\"Bereit zum Transport\" src=\"https:\/\/www.salzburgerland.com\/de\/magazin\/wp-content\/uploads\/2012\/08\/IMG_0970.jpg\" \/>\t<\/picture><\/a><\/figure><\/div><div class=\"col-6 col-sm-4\"><figure><a class=\"thumb-container\" href=\"https:\/\/www.salzburgerland.com\/de\/magazin\/wp-content\/uploads\/2012\/08\/IMG_0971-e1345827653300-1280x1024.jpg\">\t<picture><source media=\"(min-width: 576px)\" srcset=\"\" \/><source media=\"(min-width: 0)\" srcset=\"https:\/\/www.salzburgerland.com\/de\/magazin\/wp-content\/uploads\/2012\/08\/IMG_0971-e1345827653300.jpg 533w, https:\/\/www.salzburgerland.com\/de\/magazin\/wp-content\/uploads\/2012\/08\/IMG_0971-e1345827653300-200x300.jpg 200w, https:\/\/www.salzburgerland.com\/de\/magazin\/wp-content\/uploads\/2012\/08\/IMG_0971-e1345827653300-366x550.jpg 366w, https:\/\/www.salzburgerland.com\/de\/magazin\/wp-content\/uploads\/2012\/08\/IMG_0971-e1345827653300-267x400.jpg 267w\" \/><img decoding=\"async\" alt=\"Die fertige Palette kristallklares Gasteiner Mineralwasser\" src=\"https:\/\/www.salzburgerland.com\/de\/magazin\/wp-content\/uploads\/2012\/08\/IMG_0971-e1345827653300.jpg\" \/>\t<\/picture><\/a><\/figure><\/div><div class=\"col-6 col-sm-4\"><figure><a class=\"thumb-container\" href=\"https:\/\/www.salzburgerland.com\/de\/magazin\/wp-content\/uploads\/2012\/08\/IMG_0975-1280x1024.jpg\">\t<picture><source media=\"(min-width: 576px)\" srcset=\"https:\/\/www.salzburgerland.com\/de\/magazin\/wp-content\/uploads\/2012\/08\/IMG_0975-325x209.jpg 325w, https:\/\/www.salzburgerland.com\/de\/magazin\/wp-content\/uploads\/2012\/08\/IMG_0975-249x160.jpg 249w\" \/><source media=\"(min-width: 0)\" srcset=\"https:\/\/www.salzburgerland.com\/de\/magazin\/wp-content\/uploads\/2012\/08\/IMG_0975-249x160.jpg 249w, https:\/\/www.salzburgerland.com\/de\/magazin\/wp-content\/uploads\/2012\/08\/IMG_0975-325x209.jpg 325w\" \/><img decoding=\"async\" alt=\"F\u00fcr PET-Flaschen gibt es eine eigene Abf\u00fcllanlage\" src=\"https:\/\/www.salzburgerland.com\/de\/magazin\/wp-content\/uploads\/2012\/08\/IMG_0975.jpg\" \/>\t<\/picture><\/a><\/figure><\/div><div class=\"col-6 col-sm-4\"><figure><a class=\"thumb-container\" href=\"https:\/\/www.salzburgerland.com\/de\/magazin\/wp-content\/uploads\/2012\/08\/IMG_0974-e1345825921859-1280x1024.jpg\">\t<picture><source media=\"(min-width: 576px)\" srcset=\"\" \/><source media=\"(min-width: 0)\" srcset=\"https:\/\/www.salzburgerland.com\/de\/magazin\/wp-content\/uploads\/2012\/08\/IMG_0974-e1345825921859.jpg 533w, https:\/\/www.salzburgerland.com\/de\/magazin\/wp-content\/uploads\/2012\/08\/IMG_0974-e1345825921859-200x300.jpg 200w, https:\/\/www.salzburgerland.com\/de\/magazin\/wp-content\/uploads\/2012\/08\/IMG_0974-e1345825921859-366x550.jpg 366w, https:\/\/www.salzburgerland.com\/de\/magazin\/wp-content\/uploads\/2012\/08\/IMG_0974-e1345825921859-267x400.jpg 267w\" \/><img decoding=\"async\" alt=\"Die PET-Flaschen werden als Rohformen (rechts) geliefert und in der Abf\u00fcllanlage im Backofen geformt (links)\" src=\"https:\/\/www.salzburgerland.com\/de\/magazin\/wp-content\/uploads\/2012\/08\/IMG_0974-e1345825921859.jpg\" \/>\t<\/picture><\/a><\/figure><\/div><\/div><\/div><figcaption><\/figcaption>\n<p>Fotos\u00a0\u00a9 \u00a0Gasteiner<\/p>\n","protected":false},"excerpt":{"rendered":"<p>Rund 3.500 Jahre wandert das Wasser durch die Gesteinschichten der Hohen Tauern, bis es als mineralstoffreiches Quellwasser in den Gasteiner Thermalquellen wieder ans Tageslicht kommt.\u00a0Wir sind dem Weg des Wassers von der Quelle bis zur Flasche nachgegangen! Keine Frage &#8211; Wasser ist gesund und lebenswichtig, nicht nur an hei\u00dfen Sommertagen. Die Mineralstoffe und Spurenelemente, die [&hellip;]<\/p>\n","protected":false},"author":6,"featured_media":24828,"comment_status":"open","ping_status":"open","sticky":false,"template":"","format":"standard","meta":{"_acf_changed":false,"wl_entities_gutenberg":"","_wl_entity_redirect_enabled":"","footnotes":""},"categories":[3],"tags":[],"wl_entity_type":[306],"monatsauswahl":[82,83,84,85,86,87,88,89,90,91,92,93],"class_list":["post-24768","post","type-post","status-publish","format-standard","has-post-thumbnail","hentry","category-essen-trinken","wl_entity_type-article","monatsauswahl-monat_1","monatsauswahl-monat_2","monatsauswahl-monat_3","monatsauswahl-monat_4","monatsauswahl-monat_5","monatsauswahl-monat_6","monatsauswahl-monat_7","monatsauswahl-monat_8","monatsauswahl-monat_9","monatsauswahl-monat_10","monatsauswahl-monat_11","monatsauswahl-monat_12"],"acf":[],"yoast_head":"<!-- This site is optimized with the Yoast SEO Premium plugin v27.4 (Yoast SEO v27.4) - https:\/\/yoast.com\/product\/yoast-seo-premium-wordpress\/ -->\n<title>Gasteiner Mineralwasser - SalzburgerLand Magazin<\/title>\n<meta name=\"description\" content=\"Rund 3.500 Jahre wandert das Wasser durch die Gesteinschichten der Hohen Tauern, bis es als mineralstoffreiches Quellwasser in den Gasteiner Thermalquellen wieder ans Tageslicht kommt.\u00a0Wir sind dem Weg des Wassers von der Quelle bis zur Flasche nachgegangen! Keine Frage &#8211; Wasser ist gesund und lebenswichtig, nicht nur an hei\u00dfen Sommertagen. Die Mineralstoffe und Spurenelemente, die [&hellip;]\" \/>\n<meta name=\"robots\" content=\"index, follow, max-snippet:-1, max-image-preview:large, max-video-preview:-1\" \/>\n<link rel=\"canonical\" href=\"https:\/\/www.salzburgerland.com\/de\/magazin\/gasteiner-mineralwasser\/\" \/>\n<meta property=\"og:locale\" content=\"de_DE\" \/>\n<meta property=\"og:type\" content=\"article\" \/>\n<meta property=\"og:title\" content=\"Gasteiner Mineralwasser\" \/>\n<meta property=\"og:description\" content=\"Rund 3.500 Jahre wandert das Wasser durch die Gesteinschichten der Hohen Tauern, bis es als mineralstoffreiches Quellwasser in den Gasteiner Thermalquellen wieder ans Tageslicht kommt.\u00a0Wir sind dem Weg des Wassers von der Quelle bis zur Flasche nachgegangen! Keine Frage &#8211; Wasser ist gesund und lebenswichtig, nicht nur an hei\u00dfen Sommertagen. Die Mineralstoffe und Spurenelemente, die [&hellip;]\" \/>\n<meta property=\"og:url\" content=\"https:\/\/www.salzburgerland.com\/de\/magazin\/gasteiner-mineralwasser\/\" \/>\n<meta property=\"og:site_name\" content=\"SalzburgerLand Magazin\" \/>\n<meta property=\"article:publisher\" content=\"https:\/\/www.facebook.com\/salzburgerland\/\" \/>\n<meta property=\"article:published_time\" content=\"2017-08-15T08:05:29+00:00\" \/>\n<meta property=\"article:modified_time\" content=\"2019-06-26T18:39:02+00:00\" \/>\n<meta property=\"og:image\" content=\"https:\/\/www.salzburgerland.com\/de\/magazin\/wp-content\/uploads\/2012\/08\/09_vitrine1_72.jpg\" \/>\n\t<meta property=\"og:image:width\" content=\"1000\" \/>\n\t<meta property=\"og:image:height\" content=\"664\" \/>\n\t<meta property=\"og:image:type\" content=\"image\/jpeg\" \/>\n<meta name=\"author\" content=\"Markus Rosskopf\" \/>\n<meta name=\"twitter:card\" content=\"summary_large_image\" \/>\n<meta name=\"twitter:creator\" content=\"@Salzburgerland\" \/>\n<meta name=\"twitter:site\" content=\"@Salzburgerland\" \/>\n<meta name=\"twitter:label1\" content=\"Verfasst von\" \/>\n\t<meta name=\"twitter:data1\" content=\"Markus Rosskopf\" \/>\n\t<meta name=\"twitter:label2\" content=\"Gesch\u00e4tzte Lesezeit\" \/>\n\t<meta name=\"twitter:data2\" content=\"2\u00a0Minuten\" \/>\n<script type=\"application\/ld+json\" class=\"yoast-schema-graph\">{\"@context\":\"https:\\\/\\\/schema.org\",\"@graph\":[{\"@type\":\"Article\",\"@id\":\"https:\\\/\\\/www.salzburgerland.com\\\/de\\\/magazin\\\/gasteiner-mineralwasser\\\/#article\",\"isPartOf\":{\"@id\":\"https:\\\/\\\/www.salzburgerland.com\\\/de\\\/magazin\\\/gasteiner-mineralwasser\\\/\"},\"author\":{\"name\":\"Markus Rosskopf\",\"@id\":\"https:\\\/\\\/www.salzburgerland.com\\\/de\\\/magazin\\\/#\\\/schema\\\/person\\\/68811dfaf59b211cf55c1710edc6fa9e\"},\"headline\":\"Gasteiner Mineralwasser\",\"datePublished\":\"2017-08-15T08:05:29+00:00\",\"dateModified\":\"2019-06-26T18:39:02+00:00\",\"mainEntityOfPage\":{\"@id\":\"https:\\\/\\\/www.salzburgerland.com\\\/de\\\/magazin\\\/gasteiner-mineralwasser\\\/\"},\"wordCount\":394,\"commentCount\":0,\"publisher\":{\"@id\":\"https:\\\/\\\/www.salzburgerland.com\\\/de\\\/magazin\\\/#organization\"},\"image\":{\"@id\":\"https:\\\/\\\/www.salzburgerland.com\\\/de\\\/magazin\\\/gasteiner-mineralwasser\\\/#primaryimage\"},\"thumbnailUrl\":\"https:\\\/\\\/www.salzburgerland.com\\\/de\\\/magazin\\\/wp-content\\\/uploads\\\/2012\\\/08\\\/09_vitrine1_72.jpg\",\"articleSection\":[\"Essen &amp; Trinken\"],\"inLanguage\":\"de\",\"potentialAction\":[{\"@type\":\"CommentAction\",\"name\":\"Comment\",\"target\":[\"https:\\\/\\\/www.salzburgerland.com\\\/de\\\/magazin\\\/gasteiner-mineralwasser\\\/#respond\"]}]},{\"@type\":\"WebPage\",\"@id\":\"https:\\\/\\\/www.salzburgerland.com\\\/de\\\/magazin\\\/gasteiner-mineralwasser\\\/\",\"url\":\"https:\\\/\\\/www.salzburgerland.com\\\/de\\\/magazin\\\/gasteiner-mineralwasser\\\/\",\"name\":\"Gasteiner Mineralwasser - SalzburgerLand Magazin\",\"isPartOf\":{\"@id\":\"https:\\\/\\\/www.salzburgerland.com\\\/de\\\/magazin\\\/#website\"},\"primaryImageOfPage\":{\"@id\":\"https:\\\/\\\/www.salzburgerland.com\\\/de\\\/magazin\\\/gasteiner-mineralwasser\\\/#primaryimage\"},\"image\":{\"@id\":\"https:\\\/\\\/www.salzburgerland.com\\\/de\\\/magazin\\\/gasteiner-mineralwasser\\\/#primaryimage\"},\"thumbnailUrl\":\"https:\\\/\\\/www.salzburgerland.com\\\/de\\\/magazin\\\/wp-content\\\/uploads\\\/2012\\\/08\\\/09_vitrine1_72.jpg\",\"datePublished\":\"2017-08-15T08:05:29+00:00\",\"dateModified\":\"2019-06-26T18:39:02+00:00\",\"breadcrumb\":{\"@id\":\"https:\\\/\\\/www.salzburgerland.com\\\/de\\\/magazin\\\/gasteiner-mineralwasser\\\/#breadcrumb\"},\"inLanguage\":\"de\",\"potentialAction\":[{\"@type\":\"ReadAction\",\"target\":[\"https:\\\/\\\/www.salzburgerland.com\\\/de\\\/magazin\\\/gasteiner-mineralwasser\\\/\"]}]},{\"@type\":\"ImageObject\",\"inLanguage\":\"de\",\"@id\":\"https:\\\/\\\/www.salzburgerland.com\\\/de\\\/magazin\\\/gasteiner-mineralwasser\\\/#primaryimage\",\"url\":\"https:\\\/\\\/www.salzburgerland.com\\\/de\\\/magazin\\\/wp-content\\\/uploads\\\/2012\\\/08\\\/09_vitrine1_72.jpg\",\"contentUrl\":\"https:\\\/\\\/www.salzburgerland.com\\\/de\\\/magazin\\\/wp-content\\\/uploads\\\/2012\\\/08\\\/09_vitrine1_72.jpg\",\"width\":1000,\"height\":664,\"caption\":\"Gasteiner Kristallklar\"},{\"@type\":\"BreadcrumbList\",\"@id\":\"https:\\\/\\\/www.salzburgerland.com\\\/de\\\/magazin\\\/gasteiner-mineralwasser\\\/#breadcrumb\",\"itemListElement\":[{\"@type\":\"ListItem\",\"position\":1,\"name\":\"Startseite\",\"item\":\"https:\\\/\\\/www.salzburgerland.com\\\/de\\\/magazin\\\/\"},{\"@type\":\"ListItem\",\"position\":2,\"name\":\"Essen &amp; Trinken\",\"item\":\"https:\\\/\\\/www.salzburgerland.com\\\/de\\\/magazin\\\/thema\\\/essen-trinken\\\/\"},{\"@type\":\"ListItem\",\"position\":3,\"name\":\"Gasteiner Mineralwasser\"}]},{\"@type\":\"WebSite\",\"@id\":\"https:\\\/\\\/www.salzburgerland.com\\\/de\\\/magazin\\\/#website\",\"url\":\"https:\\\/\\\/www.salzburgerland.com\\\/de\\\/magazin\\\/\",\"name\":\"SalzburgerLand Magazin\",\"description\":\"Geschichten und Interessantes aus dem SalzburgerLand\",\"publisher\":{\"@id\":\"https:\\\/\\\/www.salzburgerland.com\\\/de\\\/magazin\\\/#organization\"},\"potentialAction\":[{\"@type\":\"SearchAction\",\"target\":{\"@type\":\"EntryPoint\",\"urlTemplate\":\"https:\\\/\\\/www.salzburgerland.com\\\/de\\\/magazin\\\/?s={search_term_string}\"},\"query-input\":{\"@type\":\"PropertyValueSpecification\",\"valueRequired\":true,\"valueName\":\"search_term_string\"}}],\"inLanguage\":\"de\"},{\"@type\":\"Organization\",\"@id\":\"https:\\\/\\\/www.salzburgerland.com\\\/de\\\/magazin\\\/#organization\",\"name\":\"SalzburgerLand Tourismus\",\"url\":\"https:\\\/\\\/www.salzburgerland.com\\\/de\\\/magazin\\\/\",\"logo\":{\"@type\":\"ImageObject\",\"inLanguage\":\"de\",\"@id\":\"https:\\\/\\\/www.salzburgerland.com\\\/de\\\/magazin\\\/#\\\/schema\\\/logo\\\/image\\\/\",\"url\":\"https:\\\/\\\/www.salzburgerland.com\\\/de\\\/magazin\\\/wp-content\\\/uploads\\\/2019\\\/06\\\/salzburgerland-logo1.jpg\",\"contentUrl\":\"https:\\\/\\\/www.salzburgerland.com\\\/de\\\/magazin\\\/wp-content\\\/uploads\\\/2019\\\/06\\\/salzburgerland-logo1.jpg\",\"width\":2011,\"height\":866,\"caption\":\"SalzburgerLand Tourismus\"},\"image\":{\"@id\":\"https:\\\/\\\/www.salzburgerland.com\\\/de\\\/magazin\\\/#\\\/schema\\\/logo\\\/image\\\/\"},\"sameAs\":[\"https:\\\/\\\/www.facebook.com\\\/salzburgerland\\\/\",\"https:\\\/\\\/x.com\\\/Salzburgerland\",\"https:\\\/\\\/www.instagram.com\\\/salzburgerland\\\/\",\"https:\\\/\\\/at.linkedin.com\\\/company\\\/salzburgerland-tourismus-gmbh\",\"https:\\\/\\\/www.pinterest.at\\\/salzburgerland\\\/\",\"https:\\\/\\\/www.youtube.com\\\/user\\\/salzburgerland\",\"https:\\\/\\\/de.wikipedia.org\\\/wiki\\\/SalzburgerLand_Tourismus_GmbH\"]},{\"@type\":\"Person\",\"@id\":\"https:\\\/\\\/www.salzburgerland.com\\\/de\\\/magazin\\\/#\\\/schema\\\/person\\\/68811dfaf59b211cf55c1710edc6fa9e\",\"name\":\"Markus Rosskopf\",\"description\":\"\u2026ist im h\u00f6chsten Ort des SalzburgerLandes, in Obertauern, aufgewachsen und seine gro\u00dfe Liebe geh\u00f6rt seiner Heimat. Im Winter ist er meist auf Skiern anzutreffen und im Sommer verlegt er seinen Wohnsitz gerne ins Auto, um mit seiner H\u00fcndin die sch\u00f6nsten Logenpl\u00e4tze im SalzburgerLand zu erkunden. Seine Interessen sind so vielf\u00e4ltig wie das touristische Angebot des SalzburgerLandes: Ob beim (Berg-)Sport, im Brauchtum oder beim Genie\u00dfen \u2013 er f\u00fchlt sich \u00fcberall zu Hause! Fragen mit Antworten von Markus Rosskopf Dein pers\u00f6nlicher Logenplatz im SalzburgerLand? Da will ich mich gar nicht festlegen. Das SalzburgerLand hat f\u00fcr jeden Geschmack und jede Stimmung den passenden Logenplatz zu bieten. Lederhose oder Smoking? Nat\u00fcrlich die Lederhose \u2013 mit unserer Tracht sind wir immer und \u00fcberall modisch und zeitlos angezogen! Bergsee oder Kr\u00e4utergarten? Wer am Bergsee sitzt, ist gleichzeitig im Kr\u00e4utergarten. Auf den Alm-Wiesen und Feldern des SalzburgerLandes wachsen die ges\u00fcndesten Pflanzen der Welt \u2013 und das zum Gro\u00dfteil biologisch. Kr\u00e4utertee oder Zirbenschnaps? Meistens ist mir nat\u00fcrlich der Schnaps lieber\u2026 Ausstellung oder Bergpanorama? Bei sch\u00f6nem Wetter bietet unsere Natur die sch\u00f6nsten Bilder \u2013 bei Schlechtwetter bieten unsere Sehensw\u00fcrdigkeiten das passende Alternativ-Programm.\",\"url\":\"https:\\\/\\\/www.salzburgerland.com\\\/de\\\/magazin\\\/author\\\/mrosskopf\\\/\"}]}<\/script>\n<!-- \/ Yoast SEO Premium plugin. -->","yoast_head_json":{"title":"Gasteiner Mineralwasser - SalzburgerLand Magazin","description":"Rund 3.500 Jahre wandert das Wasser durch die Gesteinschichten der Hohen Tauern, bis es als mineralstoffreiches Quellwasser in den Gasteiner Thermalquellen wieder ans Tageslicht kommt.\u00a0Wir sind dem Weg des Wassers von der Quelle bis zur Flasche nachgegangen! Keine Frage &#8211; Wasser ist gesund und lebenswichtig, nicht nur an hei\u00dfen Sommertagen. Die Mineralstoffe und Spurenelemente, die [&hellip;]","robots":{"index":"index","follow":"follow","max-snippet":"max-snippet:-1","max-image-preview":"max-image-preview:large","max-video-preview":"max-video-preview:-1"},"canonical":"https:\/\/www.salzburgerland.com\/de\/magazin\/gasteiner-mineralwasser\/","og_locale":"de_DE","og_type":"article","og_title":"Gasteiner Mineralwasser","og_description":"Rund 3.500 Jahre wandert das Wasser durch die Gesteinschichten der Hohen Tauern, bis es als mineralstoffreiches Quellwasser in den Gasteiner Thermalquellen wieder ans Tageslicht kommt.\u00a0Wir sind dem Weg des Wassers von der Quelle bis zur Flasche nachgegangen! Keine Frage &#8211; Wasser ist gesund und lebenswichtig, nicht nur an hei\u00dfen Sommertagen. Die Mineralstoffe und Spurenelemente, die [&hellip;]","og_url":"https:\/\/www.salzburgerland.com\/de\/magazin\/gasteiner-mineralwasser\/","og_site_name":"SalzburgerLand Magazin","article_publisher":"https:\/\/www.facebook.com\/salzburgerland\/","article_published_time":"2017-08-15T08:05:29+00:00","article_modified_time":"2019-06-26T18:39:02+00:00","og_image":[{"width":1000,"height":664,"url":"https:\/\/www.salzburgerland.com\/de\/magazin\/wp-content\/uploads\/2012\/08\/09_vitrine1_72.jpg","type":"image\/jpeg"}],"author":"Markus Rosskopf","twitter_card":"summary_large_image","twitter_creator":"@Salzburgerland","twitter_site":"@Salzburgerland","twitter_misc":{"Verfasst von":"Markus Rosskopf","Gesch\u00e4tzte Lesezeit":"2\u00a0Minuten"},"schema":{"@context":"https:\/\/schema.org","@graph":[{"@type":"Article","@id":"https:\/\/www.salzburgerland.com\/de\/magazin\/gasteiner-mineralwasser\/#article","isPartOf":{"@id":"https:\/\/www.salzburgerland.com\/de\/magazin\/gasteiner-mineralwasser\/"},"author":{"name":"Markus Rosskopf","@id":"https:\/\/www.salzburgerland.com\/de\/magazin\/#\/schema\/person\/68811dfaf59b211cf55c1710edc6fa9e"},"headline":"Gasteiner Mineralwasser","datePublished":"2017-08-15T08:05:29+00:00","dateModified":"2019-06-26T18:39:02+00:00","mainEntityOfPage":{"@id":"https:\/\/www.salzburgerland.com\/de\/magazin\/gasteiner-mineralwasser\/"},"wordCount":394,"commentCount":0,"publisher":{"@id":"https:\/\/www.salzburgerland.com\/de\/magazin\/#organization"},"image":{"@id":"https:\/\/www.salzburgerland.com\/de\/magazin\/gasteiner-mineralwasser\/#primaryimage"},"thumbnailUrl":"https:\/\/www.salzburgerland.com\/de\/magazin\/wp-content\/uploads\/2012\/08\/09_vitrine1_72.jpg","articleSection":["Essen &amp; Trinken"],"inLanguage":"de","potentialAction":[{"@type":"CommentAction","name":"Comment","target":["https:\/\/www.salzburgerland.com\/de\/magazin\/gasteiner-mineralwasser\/#respond"]}]},{"@type":"WebPage","@id":"https:\/\/www.salzburgerland.com\/de\/magazin\/gasteiner-mineralwasser\/","url":"https:\/\/www.salzburgerland.com\/de\/magazin\/gasteiner-mineralwasser\/","name":"Gasteiner Mineralwasser - SalzburgerLand Magazin","isPartOf":{"@id":"https:\/\/www.salzburgerland.com\/de\/magazin\/#website"},"primaryImageOfPage":{"@id":"https:\/\/www.salzburgerland.com\/de\/magazin\/gasteiner-mineralwasser\/#primaryimage"},"image":{"@id":"https:\/\/www.salzburgerland.com\/de\/magazin\/gasteiner-mineralwasser\/#primaryimage"},"thumbnailUrl":"https:\/\/www.salzburgerland.com\/de\/magazin\/wp-content\/uploads\/2012\/08\/09_vitrine1_72.jpg","datePublished":"2017-08-15T08:05:29+00:00","dateModified":"2019-06-26T18:39:02+00:00","breadcrumb":{"@id":"https:\/\/www.salzburgerland.com\/de\/magazin\/gasteiner-mineralwasser\/#breadcrumb"},"inLanguage":"de","potentialAction":[{"@type":"ReadAction","target":["https:\/\/www.salzburgerland.com\/de\/magazin\/gasteiner-mineralwasser\/"]}]},{"@type":"ImageObject","inLanguage":"de","@id":"https:\/\/www.salzburgerland.com\/de\/magazin\/gasteiner-mineralwasser\/#primaryimage","url":"https:\/\/www.salzburgerland.com\/de\/magazin\/wp-content\/uploads\/2012\/08\/09_vitrine1_72.jpg","contentUrl":"https:\/\/www.salzburgerland.com\/de\/magazin\/wp-content\/uploads\/2012\/08\/09_vitrine1_72.jpg","width":1000,"height":664,"caption":"Gasteiner Kristallklar"},{"@type":"BreadcrumbList","@id":"https:\/\/www.salzburgerland.com\/de\/magazin\/gasteiner-mineralwasser\/#breadcrumb","itemListElement":[{"@type":"ListItem","position":1,"name":"Startseite","item":"https:\/\/www.salzburgerland.com\/de\/magazin\/"},{"@type":"ListItem","position":2,"name":"Essen &amp; Trinken","item":"https:\/\/www.salzburgerland.com\/de\/magazin\/thema\/essen-trinken\/"},{"@type":"ListItem","position":3,"name":"Gasteiner Mineralwasser"}]},{"@type":"WebSite","@id":"https:\/\/www.salzburgerland.com\/de\/magazin\/#website","url":"https:\/\/www.salzburgerland.com\/de\/magazin\/","name":"SalzburgerLand Magazin","description":"Geschichten und Interessantes aus dem SalzburgerLand","publisher":{"@id":"https:\/\/www.salzburgerland.com\/de\/magazin\/#organization"},"potentialAction":[{"@type":"SearchAction","target":{"@type":"EntryPoint","urlTemplate":"https:\/\/www.salzburgerland.com\/de\/magazin\/?s={search_term_string}"},"query-input":{"@type":"PropertyValueSpecification","valueRequired":true,"valueName":"search_term_string"}}],"inLanguage":"de"},{"@type":"Organization","@id":"https:\/\/www.salzburgerland.com\/de\/magazin\/#organization","name":"SalzburgerLand Tourismus","url":"https:\/\/www.salzburgerland.com\/de\/magazin\/","logo":{"@type":"ImageObject","inLanguage":"de","@id":"https:\/\/www.salzburgerland.com\/de\/magazin\/#\/schema\/logo\/image\/","url":"https:\/\/www.salzburgerland.com\/de\/magazin\/wp-content\/uploads\/2019\/06\/salzburgerland-logo1.jpg","contentUrl":"https:\/\/www.salzburgerland.com\/de\/magazin\/wp-content\/uploads\/2019\/06\/salzburgerland-logo1.jpg","width":2011,"height":866,"caption":"SalzburgerLand Tourismus"},"image":{"@id":"https:\/\/www.salzburgerland.com\/de\/magazin\/#\/schema\/logo\/image\/"},"sameAs":["https:\/\/www.facebook.com\/salzburgerland\/","https:\/\/x.com\/Salzburgerland","https:\/\/www.instagram.com\/salzburgerland\/","https:\/\/at.linkedin.com\/company\/salzburgerland-tourismus-gmbh","https:\/\/www.pinterest.at\/salzburgerland\/","https:\/\/www.youtube.com\/user\/salzburgerland","https:\/\/de.wikipedia.org\/wiki\/SalzburgerLand_Tourismus_GmbH"]},{"@type":"Person","@id":"https:\/\/www.salzburgerland.com\/de\/magazin\/#\/schema\/person\/68811dfaf59b211cf55c1710edc6fa9e","name":"Markus Rosskopf","description":"\u2026ist im h\u00f6chsten Ort des SalzburgerLandes, in Obertauern, aufgewachsen und seine gro\u00dfe Liebe geh\u00f6rt seiner Heimat. Im Winter ist er meist auf Skiern anzutreffen und im Sommer verlegt er seinen Wohnsitz gerne ins Auto, um mit seiner H\u00fcndin die sch\u00f6nsten Logenpl\u00e4tze im SalzburgerLand zu erkunden. Seine Interessen sind so vielf\u00e4ltig wie das touristische Angebot des SalzburgerLandes: Ob beim (Berg-)Sport, im Brauchtum oder beim Genie\u00dfen \u2013 er f\u00fchlt sich \u00fcberall zu Hause! Fragen mit Antworten von Markus Rosskopf Dein pers\u00f6nlicher Logenplatz im SalzburgerLand? Da will ich mich gar nicht festlegen. Das SalzburgerLand hat f\u00fcr jeden Geschmack und jede Stimmung den passenden Logenplatz zu bieten. Lederhose oder Smoking? Nat\u00fcrlich die Lederhose \u2013 mit unserer Tracht sind wir immer und \u00fcberall modisch und zeitlos angezogen! Bergsee oder Kr\u00e4utergarten? Wer am Bergsee sitzt, ist gleichzeitig im Kr\u00e4utergarten. Auf den Alm-Wiesen und Feldern des SalzburgerLandes wachsen die ges\u00fcndesten Pflanzen der Welt \u2013 und das zum Gro\u00dfteil biologisch. Kr\u00e4utertee oder Zirbenschnaps? Meistens ist mir nat\u00fcrlich der Schnaps lieber\u2026 Ausstellung oder Bergpanorama? Bei sch\u00f6nem Wetter bietet unsere Natur die sch\u00f6nsten Bilder \u2013 bei Schlechtwetter bieten unsere Sehensw\u00fcrdigkeiten das passende Alternativ-Programm.","url":"https:\/\/www.salzburgerland.com\/de\/magazin\/author\/mrosskopf\/"}]}},"_wl_alt_label":[],"wl:entity_url":"http:\/\/open.salzburgerland.com\/magazin\/post\/gasteiner_mineralwasser","_links":{"self":[{"href":"https:\/\/www.salzburgerland.com\/de\/magazin\/wp-json\/wp\/v2\/posts\/24768","targetHints":{"allow":["GET"]}}],"collection":[{"href":"https:\/\/www.salzburgerland.com\/de\/magazin\/wp-json\/wp\/v2\/posts"}],"about":[{"href":"https:\/\/www.salzburgerland.com\/de\/magazin\/wp-json\/wp\/v2\/types\/post"}],"author":[{"embeddable":true,"href":"https:\/\/www.salzburgerland.com\/de\/magazin\/wp-json\/wp\/v2\/users\/6"}],"replies":[{"embeddable":true,"href":"https:\/\/www.salzburgerland.com\/de\/magazin\/wp-json\/wp\/v2\/comments?post=24768"}],"version-history":[{"count":0,"href":"https:\/\/www.salzburgerland.com\/de\/magazin\/wp-json\/wp\/v2\/posts\/24768\/revisions"}],"wp:featuredmedia":[{"embeddable":true,"href":"https:\/\/www.salzburgerland.com\/de\/magazin\/wp-json\/wp\/v2\/media\/24828"}],"wp:attachment":[{"href":"https:\/\/www.salzburgerland.com\/de\/magazin\/wp-json\/wp\/v2\/media?parent=24768"}],"wp:term":[{"taxonomy":"category","embeddable":true,"href":"https:\/\/www.salzburgerland.com\/de\/magazin\/wp-json\/wp\/v2\/categories?post=24768"},{"taxonomy":"post_tag","embeddable":true,"href":"https:\/\/www.salzburgerland.com\/de\/magazin\/wp-json\/wp\/v2\/tags?post=24768"},{"taxonomy":"wl_entity_type","embeddable":true,"href":"https:\/\/www.salzburgerland.com\/de\/magazin\/wp-json\/wp\/v2\/wl_entity_type?post=24768"},{"taxonomy":"monatsauswahl","embeddable":true,"href":"https:\/\/www.salzburgerland.com\/de\/magazin\/wp-json\/wp\/v2\/monatsauswahl?post=24768"}],"curies":[{"name":"wp","href":"https:\/\/api.w.org\/{rel}","templated":true}]}}