{"id":24749,"date":"2012-09-10T10:59:15","date_gmt":"2012-09-10T08:59:15","guid":{"rendered":"http:\/\/magazin.salzburgerland.com\/?p=24749"},"modified":"2019-06-26T20:39:03","modified_gmt":"2019-06-26T18:39:03","slug":"watzmann-und-hochkonig-im-doppelpack-2","status":"publish","type":"post","link":"https:\/\/www.salzburgerland.com\/de\/magazin\/watzmann-und-hochkonig-im-doppelpack-2\/","title":{"rendered":"Watzmann und Hochk\u00f6nig im Doppelpack"},"content":{"rendered":"<p>Steil ziehen sich die Serpentinen den Berg hoch. Gleich ist es geschafft, der Trail wird immer schmaler und man mu\u00df aus dem Sattel gehen. F\u00fcr die Anstrengung auf dem Mountainbike wird man aber durch das wundervolle Panorama entsch\u00e4digt. Weit unten kann man die Bluntaussen erkennen und links und rechts vom Tal ziehen sich die steilen Felsw\u00e4nde des Hagengebirges und des Hohen G\u00f6lls Richtung Himmel empor. Fast wie aus dem Katalog wirkt die wundersch\u00f6ne Naturlandschaft, dabei befindet man sich nur ein paar Kilometer von der Stadt Salzburg entfernt, mitten im SalzburgerLand.<\/p>\n<p>Wer ein Abenteuer auf dem Mountainbike sucht, der muss nicht unbedingt die Alpen \u00fcberqueren. Die Watzmann-Hochk\u00f6nig-Runde bietet ein Bikerlebnis, das man in 10 Tagen schaffen kann. Die Tour ist die richtige Runde f\u00fcr Marathonfreaks und Alpencrosser. Meist geht es auf technisch leicht zu fahrenden Forstwegen durch das SalzburgerLand, dem Chiemgau und Berchtesgaden. \u00dcbernachtungsm\u00f6glichkeiten gibt es an der Strecke genug. Die Strecke ist auch komplett beschildert.<\/p>\n<p>Die Watzmann-Hochk\u00f6nig-Runde wartet seit diesem Sommer mit einer sehr attraktiven Variante auf. Von Golling aus f\u00e4hrt man durch das Bluntautal direkt Richtung Carl von Stahl Haus. Die gut beschilderte Strecke f\u00fchrt die Mountainbiker zuerst flach zur B\u00e4renh\u00fctte, bis es dann immer steiler zu den Jochalmen geht. Man f\u00e4hrt zuerst durch schattenspendende W\u00e4lder bis man kurz vor den Jochalmen auf freie Wiesen und Weiden st\u00f6\u00dft. Der letzte Anstieg zum Carl von Stahl Haus muss man zu Fu\u00df bew\u00e4ltigen, eine Herausforderung die vielen den Schwei\u00df auf die Stirn treibt. Oben wartet der H\u00fcttenwirt schon mit einem k\u00fchlen Radler und einer kr\u00e4ftige Jause.\u00a0 Gest\u00e4rkt geht es dann weiter bergab zum Schneibsteinhaus und zur K\u00f6nigsbachalm, bis man wieder auf die Hauptroute der Watzmann-Hochk\u00f6nigroute trifft.<\/p>\n<p>Genauere Informationen \u00fcber die einzelnen Etappen findet man hier: <a href=\"http:\/\/www.watzmann-hochkoenig-runde.com\">www.watzmann-hochkoenig-runde.com<\/a>.<\/p>\n<div class=\"mag-gallery\"><div class=\"row\"><div class=\"col-6 col-sm-4\"><figure><a class=\"thumb-container\" href=\"https:\/\/www.salzburgerland.com\/de\/magazin\/wp-content\/uploads\/2012\/08\/hm_mtbsbg_037-1280x1024.jpg\">\t<picture><source media=\"(min-width: 576px)\" srcset=\"https:\/\/www.salzburgerland.com\/de\/magazin\/wp-content\/uploads\/2012\/08\/hm_mtbsbg_037-325x209.jpg 325w, https:\/\/www.salzburgerland.com\/de\/magazin\/wp-content\/uploads\/2012\/08\/hm_mtbsbg_037-249x160.jpg 249w\" \/><source media=\"(min-width: 0)\" srcset=\"https:\/\/www.salzburgerland.com\/de\/magazin\/wp-content\/uploads\/2012\/08\/hm_mtbsbg_037-249x160.jpg 249w, https:\/\/www.salzburgerland.com\/de\/magazin\/wp-content\/uploads\/2012\/08\/hm_mtbsbg_037-325x209.jpg 325w\" \/><img decoding=\"async\" alt=\"Watzmann-Hochk\u00f6nig-Runde\" src=\"https:\/\/www.salzburgerland.com\/de\/magazin\/wp-content\/uploads\/2012\/08\/hm_mtbsbg_037.jpg\" \/>\t<\/picture><\/a><\/figure><\/div><div class=\"col-6 col-sm-4\"><figure><a class=\"thumb-container\" href=\"https:\/\/www.salzburgerland.com\/de\/magazin\/wp-content\/uploads\/2012\/08\/hm_berchtesgaden_101-1280x1024.jpg\">\t<picture><source media=\"(min-width: 576px)\" srcset=\"https:\/\/www.salzburgerland.com\/de\/magazin\/wp-content\/uploads\/2012\/08\/hm_berchtesgaden_101-325x209.jpg 325w, https:\/\/www.salzburgerland.com\/de\/magazin\/wp-content\/uploads\/2012\/08\/hm_berchtesgaden_101-249x160.jpg 249w\" \/><source media=\"(min-width: 0)\" srcset=\"https:\/\/www.salzburgerland.com\/de\/magazin\/wp-content\/uploads\/2012\/08\/hm_berchtesgaden_101-249x160.jpg 249w, https:\/\/www.salzburgerland.com\/de\/magazin\/wp-content\/uploads\/2012\/08\/hm_berchtesgaden_101-325x209.jpg 325w\" \/><img decoding=\"async\" alt=\"Zwei Personen fahren mit dem Mountainbike bergab auf einem Feldweg mit gr\u00fcnen H\u00fcgeln und B\u00e4umen im Hintergrund.\" src=\"https:\/\/www.salzburgerland.com\/de\/magazin\/wp-content\/uploads\/2012\/08\/hm_berchtesgaden_101.jpg\" \/>\t<\/picture><\/a><\/figure><\/div><div class=\"col-6 col-sm-4\"><figure><a class=\"thumb-container\" href=\"https:\/\/www.salzburgerland.com\/de\/magazin\/wp-content\/uploads\/2012\/08\/hm_berchtesgaden_105-1280x1024.jpg\">\t<picture><source media=\"(min-width: 576px)\" srcset=\"\" \/><source media=\"(min-width: 0)\" srcset=\"https:\/\/www.salzburgerland.com\/de\/magazin\/wp-content\/uploads\/2012\/08\/hm_berchtesgaden_105.jpg 1067w, https:\/\/www.salzburgerland.com\/de\/magazin\/wp-content\/uploads\/2012\/08\/hm_berchtesgaden_105-200x300.jpg 200w, https:\/\/www.salzburgerland.com\/de\/magazin\/wp-content\/uploads\/2012\/08\/hm_berchtesgaden_105-367x550.jpg 367w, https:\/\/www.salzburgerland.com\/de\/magazin\/wp-content\/uploads\/2012\/08\/hm_berchtesgaden_105-267x400.jpg 267w\" \/><img decoding=\"async\" alt=\"Lila Distelbl\u00fcten im Fokus; ein Radfahrer f\u00e4hrt auf einem Bergweg im unscharfen Hintergrund.\" src=\"https:\/\/www.salzburgerland.com\/de\/magazin\/wp-content\/uploads\/2012\/08\/hm_berchtesgaden_105.jpg\" \/>\t<\/picture><\/a><\/figure><\/div><div class=\"col-6 col-sm-4\"><figure><a class=\"thumb-container\" href=\"https:\/\/www.salzburgerland.com\/de\/magazin\/wp-content\/uploads\/2012\/08\/hm_berchtesgaden_110-1280x1024.jpg\">\t<picture><source media=\"(min-width: 576px)\" srcset=\"\" \/><source media=\"(min-width: 0)\" srcset=\"https:\/\/www.salzburgerland.com\/de\/magazin\/wp-content\/uploads\/2012\/08\/hm_berchtesgaden_110.jpg 1067w, https:\/\/www.salzburgerland.com\/de\/magazin\/wp-content\/uploads\/2012\/08\/hm_berchtesgaden_110-200x300.jpg 200w, https:\/\/www.salzburgerland.com\/de\/magazin\/wp-content\/uploads\/2012\/08\/hm_berchtesgaden_110-367x550.jpg 367w, https:\/\/www.salzburgerland.com\/de\/magazin\/wp-content\/uploads\/2012\/08\/hm_berchtesgaden_110-267x400.jpg 267w\" \/><img decoding=\"async\" alt=\"Schwarzbrot mit Butter, K\u00e4sescheiben, Gurke, gelber Paprika und Tomate auf ein Holzbrett legen.\" src=\"https:\/\/www.salzburgerland.com\/de\/magazin\/wp-content\/uploads\/2012\/08\/hm_berchtesgaden_110.jpg\" \/>\t<\/picture><\/a><\/figure><\/div><div class=\"col-6 col-sm-4\"><figure><a class=\"thumb-container\" href=\"https:\/\/www.salzburgerland.com\/de\/magazin\/wp-content\/uploads\/2012\/08\/hm_mtbsbg_011-1280x1024.jpg\">\t<picture><source media=\"(min-width: 576px)\" srcset=\"https:\/\/www.salzburgerland.com\/de\/magazin\/wp-content\/uploads\/2012\/08\/hm_mtbsbg_011-325x209.jpg 325w, https:\/\/www.salzburgerland.com\/de\/magazin\/wp-content\/uploads\/2012\/08\/hm_mtbsbg_011-249x160.jpg 249w\" \/><source media=\"(min-width: 0)\" srcset=\"https:\/\/www.salzburgerland.com\/de\/magazin\/wp-content\/uploads\/2012\/08\/hm_mtbsbg_011-249x160.jpg 249w, https:\/\/www.salzburgerland.com\/de\/magazin\/wp-content\/uploads\/2012\/08\/hm_mtbsbg_011-325x209.jpg 325w\" \/><img decoding=\"async\" alt=\"Zwei Personen fahren mit dem Fahrrad auf einem unbefestigten Weg in der N\u00e4he eines Hauses mit Bergen im Hintergrund.\" src=\"https:\/\/www.salzburgerland.com\/de\/magazin\/wp-content\/uploads\/2012\/08\/hm_mtbsbg_011.jpg\" \/>\t<\/picture><\/a><\/figure><\/div><div class=\"col-6 col-sm-4\"><figure><a class=\"thumb-container\" href=\"https:\/\/www.salzburgerland.com\/de\/magazin\/wp-content\/uploads\/2012\/08\/hm_mtbsbg_020-1280x1024.jpg\">\t<picture><source media=\"(min-width: 576px)\" srcset=\"https:\/\/www.salzburgerland.com\/de\/magazin\/wp-content\/uploads\/2012\/08\/hm_mtbsbg_020-325x209.jpg 325w, https:\/\/www.salzburgerland.com\/de\/magazin\/wp-content\/uploads\/2012\/08\/hm_mtbsbg_020-249x160.jpg 249w\" \/><source media=\"(min-width: 0)\" srcset=\"https:\/\/www.salzburgerland.com\/de\/magazin\/wp-content\/uploads\/2012\/08\/hm_mtbsbg_020-249x160.jpg 249w, https:\/\/www.salzburgerland.com\/de\/magazin\/wp-content\/uploads\/2012\/08\/hm_mtbsbg_020-325x209.jpg 325w\" \/><img decoding=\"async\" alt=\"Zwei Radfahrer in Ausr\u00fcstung sitzen auf einer Bank und trinken in einem Bergcaf\u00e9 mit felsigen Gipfeln im Hintergrund.\" src=\"https:\/\/www.salzburgerland.com\/de\/magazin\/wp-content\/uploads\/2012\/08\/hm_mtbsbg_020.jpg\" \/>\t<\/picture><\/a><\/figure><\/div><div class=\"col-6 col-sm-4\"><figure><a class=\"thumb-container\" href=\"https:\/\/www.salzburgerland.com\/de\/magazin\/wp-content\/uploads\/2012\/08\/hm_mtbsbg_021-1280x1024.jpg\">\t<picture><source media=\"(min-width: 576px)\" srcset=\"https:\/\/www.salzburgerland.com\/de\/magazin\/wp-content\/uploads\/2012\/08\/hm_mtbsbg_021-325x209.jpg 325w, https:\/\/www.salzburgerland.com\/de\/magazin\/wp-content\/uploads\/2012\/08\/hm_mtbsbg_021-249x160.jpg 249w\" \/><source media=\"(min-width: 0)\" srcset=\"https:\/\/www.salzburgerland.com\/de\/magazin\/wp-content\/uploads\/2012\/08\/hm_mtbsbg_021-249x160.jpg 249w, https:\/\/www.salzburgerland.com\/de\/magazin\/wp-content\/uploads\/2012\/08\/hm_mtbsbg_021-325x209.jpg 325w\" \/><img decoding=\"async\" alt=\"Zwei Personen fahren mit dem Mountainbike auf einem Schotterweg mit einem rustikalen Geb\u00e4ude und Bergen im Hintergrund.\" src=\"https:\/\/www.salzburgerland.com\/de\/magazin\/wp-content\/uploads\/2012\/08\/hm_mtbsbg_021.jpg\" \/>\t<\/picture><\/a><\/figure><\/div><div class=\"col-6 col-sm-4\"><figure><a class=\"thumb-container\" href=\"https:\/\/www.salzburgerland.com\/de\/magazin\/wp-content\/uploads\/2012\/08\/hm_mtbsbg_026-1280x1024.jpg\">\t<picture><source media=\"(min-width: 576px)\" srcset=\"https:\/\/www.salzburgerland.com\/de\/magazin\/wp-content\/uploads\/2012\/08\/hm_mtbsbg_026-325x209.jpg 325w, https:\/\/www.salzburgerland.com\/de\/magazin\/wp-content\/uploads\/2012\/08\/hm_mtbsbg_026-249x160.jpg 249w\" \/><source media=\"(min-width: 0)\" srcset=\"https:\/\/www.salzburgerland.com\/de\/magazin\/wp-content\/uploads\/2012\/08\/hm_mtbsbg_026-249x160.jpg 249w, https:\/\/www.salzburgerland.com\/de\/magazin\/wp-content\/uploads\/2012\/08\/hm_mtbsbg_026-325x209.jpg 325w\" \/><img decoding=\"async\" alt=\"Zwei Radfahrer fahren auf einem Bergpfad und n\u00e4hern sich einer Kuh, die auf dem Weg steht, mit B\u00e4umen im Hintergrund.\" src=\"https:\/\/www.salzburgerland.com\/de\/magazin\/wp-content\/uploads\/2012\/08\/hm_mtbsbg_026.jpg\" \/>\t<\/picture><\/a><\/figure><\/div><div class=\"col-6 col-sm-4\"><figure><a class=\"thumb-container\" href=\"https:\/\/www.salzburgerland.com\/de\/magazin\/wp-content\/uploads\/2012\/08\/hm_mtbsbg_031-1280x1024.jpg\">\t<picture><source media=\"(min-width: 576px)\" srcset=\"\" \/><source media=\"(min-width: 0)\" srcset=\"https:\/\/www.salzburgerland.com\/de\/magazin\/wp-content\/uploads\/2012\/08\/hm_mtbsbg_031.jpg 1067w, https:\/\/www.salzburgerland.com\/de\/magazin\/wp-content\/uploads\/2012\/08\/hm_mtbsbg_031-200x300.jpg 200w, https:\/\/www.salzburgerland.com\/de\/magazin\/wp-content\/uploads\/2012\/08\/hm_mtbsbg_031-367x550.jpg 367w, https:\/\/www.salzburgerland.com\/de\/magazin\/wp-content\/uploads\/2012\/08\/hm_mtbsbg_031-267x400.jpg 267w\" \/><img decoding=\"async\" alt=\"Zwei Radfahrer fahren bei Sonnenuntergang einen sonnenbeschienenen Schotterweg hinauf, der von B\u00e4umen und Bergen umgeben ist.\" src=\"https:\/\/www.salzburgerland.com\/de\/magazin\/wp-content\/uploads\/2012\/08\/hm_mtbsbg_031.jpg\" \/>\t<\/picture><\/a><\/figure><\/div><div class=\"col-6 col-sm-4\"><figure><a class=\"thumb-container\" href=\"https:\/\/www.salzburgerland.com\/de\/magazin\/wp-content\/uploads\/2014\/07\/watzmann-und-hochkonig-im-doppelpack-2-1280x1024.jpg\">\t<picture><source media=\"(min-width: 576px)\" srcset=\"https:\/\/www.salzburgerland.com\/de\/magazin\/wp-content\/uploads\/2014\/07\/watzmann-und-hochkonig-im-doppelpack-2-325x209.jpg 325w, https:\/\/www.salzburgerland.com\/de\/magazin\/wp-content\/uploads\/2014\/07\/watzmann-und-hochkonig-im-doppelpack-2-249x160.jpg 249w\" \/><source media=\"(min-width: 0)\" srcset=\"https:\/\/www.salzburgerland.com\/de\/magazin\/wp-content\/uploads\/2014\/07\/watzmann-und-hochkonig-im-doppelpack-2-249x160.jpg 249w, https:\/\/www.salzburgerland.com\/de\/magazin\/wp-content\/uploads\/2014\/07\/watzmann-und-hochkonig-im-doppelpack-2-325x209.jpg 325w\" \/><img decoding=\"async\" alt=\"Graues Platzhalterbild mit einem abgerundeten Rechteck und drei zentrierten Punkten auf einem hellgrauen Hintergrund.\" src=\"https:\/\/www.salzburgerland.com\/de\/magazin\/wp-content\/uploads\/2014\/07\/watzmann-und-hochkonig-im-doppelpack-2.jpg\" \/>\t<\/picture><\/a><\/figure><\/div><\/div><\/div><figcaption><\/figcaption>\n","protected":false},"excerpt":{"rendered":"<p>Steil ziehen sich die Serpentinen den Berg hoch. Gleich ist es geschafft, der Trail wird immer schmaler und man mu\u00df aus dem Sattel gehen. F\u00fcr die Anstrengung auf dem Mountainbike wird man aber durch das wundervolle Panorama entsch\u00e4digt. Weit unten kann man die Bluntaussen erkennen und links und rechts vom Tal ziehen sich die steilen [&hellip;]<\/p>\n","protected":false},"author":10,"featured_media":24769,"comment_status":"open","ping_status":"open","sticky":false,"template":"","format":"standard","meta":{"_acf_changed":false,"wl_entities_gutenberg":"","_wl_entity_redirect_enabled":"","footnotes":""},"categories":[8],"tags":[59],"wl_entity_type":[306],"monatsauswahl":[85,86,87,88,89,90,91],"class_list":["post-24749","post","type-post","status-publish","format-standard","has-post-thumbnail","hentry","category-outdoor-sport","tag-bike","wl_entity_type-article","monatsauswahl-monat_4","monatsauswahl-monat_5","monatsauswahl-monat_6","monatsauswahl-monat_7","monatsauswahl-monat_8","monatsauswahl-monat_9","monatsauswahl-monat_10"],"acf":[],"yoast_head":"<!-- This site is optimized with the Yoast SEO Premium plugin v27.4 (Yoast SEO v27.4) - https:\/\/yoast.com\/product\/yoast-seo-premium-wordpress\/ -->\n<title>Watzmann und Hochk\u00f6nig im Doppelpack - SalzburgerLand Magazin<\/title>\n<meta name=\"description\" content=\"Steil ziehen sich die Serpentinen den Berg hoch. Gleich ist es geschafft, der Trail wird immer schmaler und man mu\u00df aus dem Sattel gehen. F\u00fcr die Anstrengung auf dem Mountainbike wird man aber durch das wundervolle Panorama entsch\u00e4digt. Weit unten kann man die Bluntaussen erkennen und links und rechts vom Tal ziehen sich die steilen [&hellip;]\" \/>\n<meta name=\"robots\" content=\"index, follow, max-snippet:-1, max-image-preview:large, max-video-preview:-1\" \/>\n<link rel=\"canonical\" href=\"https:\/\/www.salzburgerland.com\/de\/magazin\/watzmann-und-hochkonig-im-doppelpack-2\/\" \/>\n<meta property=\"og:locale\" content=\"de_DE\" \/>\n<meta property=\"og:type\" content=\"article\" \/>\n<meta property=\"og:title\" content=\"Watzmann und Hochk\u00f6nig im Doppelpack\" \/>\n<meta property=\"og:description\" content=\"Steil ziehen sich die Serpentinen den Berg hoch. Gleich ist es geschafft, der Trail wird immer schmaler und man mu\u00df aus dem Sattel gehen. F\u00fcr die Anstrengung auf dem Mountainbike wird man aber durch das wundervolle Panorama entsch\u00e4digt. Weit unten kann man die Bluntaussen erkennen und links und rechts vom Tal ziehen sich die steilen [&hellip;]\" \/>\n<meta property=\"og:url\" content=\"https:\/\/www.salzburgerland.com\/de\/magazin\/watzmann-und-hochkonig-im-doppelpack-2\/\" \/>\n<meta property=\"og:site_name\" content=\"SalzburgerLand Magazin\" \/>\n<meta property=\"article:publisher\" content=\"https:\/\/www.facebook.com\/salzburgerland\/\" \/>\n<meta property=\"article:published_time\" content=\"2012-09-10T08:59:15+00:00\" \/>\n<meta property=\"article:modified_time\" content=\"2019-06-26T18:39:03+00:00\" \/>\n<meta property=\"og:image\" content=\"https:\/\/www.salzburgerland.com\/de\/magazin\/wp-content\/uploads\/2012\/08\/hm_mtbsbg_037.jpg\" \/>\n\t<meta property=\"og:image:width\" content=\"1600\" \/>\n\t<meta property=\"og:image:height\" content=\"1066\" \/>\n\t<meta property=\"og:image:type\" content=\"image\/jpeg\" \/>\n<meta name=\"author\" content=\"Heiko Mandl\" \/>\n<meta name=\"twitter:card\" content=\"summary_large_image\" \/>\n<meta name=\"twitter:creator\" content=\"@Salzburgerland\" \/>\n<meta name=\"twitter:site\" content=\"@Salzburgerland\" \/>\n<meta name=\"twitter:label1\" content=\"Verfasst von\" \/>\n\t<meta name=\"twitter:data1\" content=\"Heiko Mandl\" \/>\n\t<meta name=\"twitter:label2\" content=\"Gesch\u00e4tzte Lesezeit\" \/>\n\t<meta name=\"twitter:data2\" content=\"2\u00a0Minuten\" \/>\n<script type=\"application\/ld+json\" class=\"yoast-schema-graph\">{\"@context\":\"https:\\\/\\\/schema.org\",\"@graph\":[{\"@type\":\"Article\",\"@id\":\"https:\\\/\\\/www.salzburgerland.com\\\/de\\\/magazin\\\/watzmann-und-hochkonig-im-doppelpack-2\\\/#article\",\"isPartOf\":{\"@id\":\"https:\\\/\\\/www.salzburgerland.com\\\/de\\\/magazin\\\/watzmann-und-hochkonig-im-doppelpack-2\\\/\"},\"author\":{\"name\":\"Heiko Mandl\",\"@id\":\"https:\\\/\\\/www.salzburgerland.com\\\/de\\\/magazin\\\/#\\\/schema\\\/person\\\/8871c7c764fce6ea66752310e7fe9e98\"},\"headline\":\"Watzmann und Hochk\u00f6nig im Doppelpack\",\"datePublished\":\"2012-09-10T08:59:15+00:00\",\"dateModified\":\"2019-06-26T18:39:03+00:00\",\"mainEntityOfPage\":{\"@id\":\"https:\\\/\\\/www.salzburgerland.com\\\/de\\\/magazin\\\/watzmann-und-hochkonig-im-doppelpack-2\\\/\"},\"wordCount\":321,\"commentCount\":0,\"publisher\":{\"@id\":\"https:\\\/\\\/www.salzburgerland.com\\\/de\\\/magazin\\\/#organization\"},\"image\":{\"@id\":\"https:\\\/\\\/www.salzburgerland.com\\\/de\\\/magazin\\\/watzmann-und-hochkonig-im-doppelpack-2\\\/#primaryimage\"},\"thumbnailUrl\":\"https:\\\/\\\/www.salzburgerland.com\\\/de\\\/magazin\\\/wp-content\\\/uploads\\\/2012\\\/08\\\/hm_mtbsbg_037.jpg\",\"keywords\":[\"Bike\"],\"articleSection\":[\"Outdoor &amp; Sport\"],\"inLanguage\":\"de\",\"potentialAction\":[{\"@type\":\"CommentAction\",\"name\":\"Comment\",\"target\":[\"https:\\\/\\\/www.salzburgerland.com\\\/de\\\/magazin\\\/watzmann-und-hochkonig-im-doppelpack-2\\\/#respond\"]}]},{\"@type\":\"WebPage\",\"@id\":\"https:\\\/\\\/www.salzburgerland.com\\\/de\\\/magazin\\\/watzmann-und-hochkonig-im-doppelpack-2\\\/\",\"url\":\"https:\\\/\\\/www.salzburgerland.com\\\/de\\\/magazin\\\/watzmann-und-hochkonig-im-doppelpack-2\\\/\",\"name\":\"Watzmann und Hochk\u00f6nig im Doppelpack - SalzburgerLand Magazin\",\"isPartOf\":{\"@id\":\"https:\\\/\\\/www.salzburgerland.com\\\/de\\\/magazin\\\/#website\"},\"primaryImageOfPage\":{\"@id\":\"https:\\\/\\\/www.salzburgerland.com\\\/de\\\/magazin\\\/watzmann-und-hochkonig-im-doppelpack-2\\\/#primaryimage\"},\"image\":{\"@id\":\"https:\\\/\\\/www.salzburgerland.com\\\/de\\\/magazin\\\/watzmann-und-hochkonig-im-doppelpack-2\\\/#primaryimage\"},\"thumbnailUrl\":\"https:\\\/\\\/www.salzburgerland.com\\\/de\\\/magazin\\\/wp-content\\\/uploads\\\/2012\\\/08\\\/hm_mtbsbg_037.jpg\",\"datePublished\":\"2012-09-10T08:59:15+00:00\",\"dateModified\":\"2019-06-26T18:39:03+00:00\",\"breadcrumb\":{\"@id\":\"https:\\\/\\\/www.salzburgerland.com\\\/de\\\/magazin\\\/watzmann-und-hochkonig-im-doppelpack-2\\\/#breadcrumb\"},\"inLanguage\":\"de\",\"potentialAction\":[{\"@type\":\"ReadAction\",\"target\":[\"https:\\\/\\\/www.salzburgerland.com\\\/de\\\/magazin\\\/watzmann-und-hochkonig-im-doppelpack-2\\\/\"]}]},{\"@type\":\"ImageObject\",\"inLanguage\":\"de\",\"@id\":\"https:\\\/\\\/www.salzburgerland.com\\\/de\\\/magazin\\\/watzmann-und-hochkonig-im-doppelpack-2\\\/#primaryimage\",\"url\":\"https:\\\/\\\/www.salzburgerland.com\\\/de\\\/magazin\\\/wp-content\\\/uploads\\\/2012\\\/08\\\/hm_mtbsbg_037.jpg\",\"contentUrl\":\"https:\\\/\\\/www.salzburgerland.com\\\/de\\\/magazin\\\/wp-content\\\/uploads\\\/2012\\\/08\\\/hm_mtbsbg_037.jpg\",\"width\":1600,\"height\":1066,\"caption\":\"Watzmann-Hochk\u00f6nig-Runde\"},{\"@type\":\"BreadcrumbList\",\"@id\":\"https:\\\/\\\/www.salzburgerland.com\\\/de\\\/magazin\\\/watzmann-und-hochkonig-im-doppelpack-2\\\/#breadcrumb\",\"itemListElement\":[{\"@type\":\"ListItem\",\"position\":1,\"name\":\"Startseite\",\"item\":\"https:\\\/\\\/www.salzburgerland.com\\\/de\\\/magazin\\\/\"},{\"@type\":\"ListItem\",\"position\":2,\"name\":\"Outdoor &amp; Sport\",\"item\":\"https:\\\/\\\/www.salzburgerland.com\\\/de\\\/magazin\\\/thema\\\/outdoor-sport\\\/\"},{\"@type\":\"ListItem\",\"position\":3,\"name\":\"Watzmann und Hochk\u00f6nig im Doppelpack\"}]},{\"@type\":\"WebSite\",\"@id\":\"https:\\\/\\\/www.salzburgerland.com\\\/de\\\/magazin\\\/#website\",\"url\":\"https:\\\/\\\/www.salzburgerland.com\\\/de\\\/magazin\\\/\",\"name\":\"SalzburgerLand Magazin\",\"description\":\"Geschichten und Interessantes aus dem SalzburgerLand\",\"publisher\":{\"@id\":\"https:\\\/\\\/www.salzburgerland.com\\\/de\\\/magazin\\\/#organization\"},\"potentialAction\":[{\"@type\":\"SearchAction\",\"target\":{\"@type\":\"EntryPoint\",\"urlTemplate\":\"https:\\\/\\\/www.salzburgerland.com\\\/de\\\/magazin\\\/?s={search_term_string}\"},\"query-input\":{\"@type\":\"PropertyValueSpecification\",\"valueRequired\":true,\"valueName\":\"search_term_string\"}}],\"inLanguage\":\"de\"},{\"@type\":\"Organization\",\"@id\":\"https:\\\/\\\/www.salzburgerland.com\\\/de\\\/magazin\\\/#organization\",\"name\":\"SalzburgerLand Tourismus\",\"url\":\"https:\\\/\\\/www.salzburgerland.com\\\/de\\\/magazin\\\/\",\"logo\":{\"@type\":\"ImageObject\",\"inLanguage\":\"de\",\"@id\":\"https:\\\/\\\/www.salzburgerland.com\\\/de\\\/magazin\\\/#\\\/schema\\\/logo\\\/image\\\/\",\"url\":\"https:\\\/\\\/www.salzburgerland.com\\\/de\\\/magazin\\\/wp-content\\\/uploads\\\/2019\\\/06\\\/salzburgerland-logo1.jpg\",\"contentUrl\":\"https:\\\/\\\/www.salzburgerland.com\\\/de\\\/magazin\\\/wp-content\\\/uploads\\\/2019\\\/06\\\/salzburgerland-logo1.jpg\",\"width\":2011,\"height\":866,\"caption\":\"SalzburgerLand Tourismus\"},\"image\":{\"@id\":\"https:\\\/\\\/www.salzburgerland.com\\\/de\\\/magazin\\\/#\\\/schema\\\/logo\\\/image\\\/\"},\"sameAs\":[\"https:\\\/\\\/www.facebook.com\\\/salzburgerland\\\/\",\"https:\\\/\\\/x.com\\\/Salzburgerland\",\"https:\\\/\\\/www.instagram.com\\\/salzburgerland\\\/\",\"https:\\\/\\\/at.linkedin.com\\\/company\\\/salzburgerland-tourismus-gmbh\",\"https:\\\/\\\/www.pinterest.at\\\/salzburgerland\\\/\",\"https:\\\/\\\/www.youtube.com\\\/user\\\/salzburgerland\",\"https:\\\/\\\/de.wikipedia.org\\\/wiki\\\/SalzburgerLand_Tourismus_GmbH\"]},{\"@type\":\"Person\",\"@id\":\"https:\\\/\\\/www.salzburgerland.com\\\/de\\\/magazin\\\/#\\\/schema\\\/person\\\/8871c7c764fce6ea66752310e7fe9e98\",\"name\":\"Heiko Mandl\",\"description\":\"Heiko Mandl, geboren 1976 in Salzburg, ist durch den Journalismus zur Fotografie gekommen und ist seit zehn Jahren als selbstst\u00e4ndiger Fotograf und Autor in Salzburg t\u00e4tig. Schon von Kindheit an haben ihn die Berge vor seiner Haust\u00fcr fasziniert. Heute z\u00e4hlen sie unter anderem zu seinem Arbeitsplatz. Er arbeitet f\u00fcr internationale Outdoor- und Reisemagazine sowie zahlreiche Firmen und Agenturen. Luxushotel oder Almh\u00fctte: Ich kann beides genie\u00dfen und ich gehe das nach dem Motto: Alles zur richtigen Zeit und zur passenden Gelegenheit an. Wandern oder Laufen: Auf jeden Fall wandern, ist gem\u00fctlicher und man kann sich mehr auf die Umgebung konzentrieren. Golfplatz oder Klettergarten: Klettergarten, zumindest noch die n\u00e4chsten 20 Jahre. Fr\u00fchling, sommer, herbst oder Winter? Fr\u00fchling und Sommer und Herbst und Winter! Im SalzburgerLand ist es das ganze Jahr traumhaft sch\u00f6n. Wellness oder Mountainbike? Zuerst eine Runde mit dem Mountainbike und dann ab in den Wellnesstempel. Das eine schlie\u00dft das andere nicht aus!\",\"url\":\"https:\\\/\\\/www.salzburgerland.com\\\/de\\\/magazin\\\/author\\\/heiko-mandl\\\/\"}]}<\/script>\n<!-- \/ Yoast SEO Premium plugin. -->","yoast_head_json":{"title":"Watzmann und Hochk\u00f6nig im Doppelpack - SalzburgerLand Magazin","description":"Steil ziehen sich die Serpentinen den Berg hoch. Gleich ist es geschafft, der Trail wird immer schmaler und man mu\u00df aus dem Sattel gehen. F\u00fcr die Anstrengung auf dem Mountainbike wird man aber durch das wundervolle Panorama entsch\u00e4digt. Weit unten kann man die Bluntaussen erkennen und links und rechts vom Tal ziehen sich die steilen [&hellip;]","robots":{"index":"index","follow":"follow","max-snippet":"max-snippet:-1","max-image-preview":"max-image-preview:large","max-video-preview":"max-video-preview:-1"},"canonical":"https:\/\/www.salzburgerland.com\/de\/magazin\/watzmann-und-hochkonig-im-doppelpack-2\/","og_locale":"de_DE","og_type":"article","og_title":"Watzmann und Hochk\u00f6nig im Doppelpack","og_description":"Steil ziehen sich die Serpentinen den Berg hoch. Gleich ist es geschafft, der Trail wird immer schmaler und man mu\u00df aus dem Sattel gehen. F\u00fcr die Anstrengung auf dem Mountainbike wird man aber durch das wundervolle Panorama entsch\u00e4digt. Weit unten kann man die Bluntaussen erkennen und links und rechts vom Tal ziehen sich die steilen [&hellip;]","og_url":"https:\/\/www.salzburgerland.com\/de\/magazin\/watzmann-und-hochkonig-im-doppelpack-2\/","og_site_name":"SalzburgerLand Magazin","article_publisher":"https:\/\/www.facebook.com\/salzburgerland\/","article_published_time":"2012-09-10T08:59:15+00:00","article_modified_time":"2019-06-26T18:39:03+00:00","og_image":[{"width":1600,"height":1066,"url":"https:\/\/www.salzburgerland.com\/de\/magazin\/wp-content\/uploads\/2012\/08\/hm_mtbsbg_037.jpg","type":"image\/jpeg"}],"author":"Heiko Mandl","twitter_card":"summary_large_image","twitter_creator":"@Salzburgerland","twitter_site":"@Salzburgerland","twitter_misc":{"Verfasst von":"Heiko Mandl","Gesch\u00e4tzte Lesezeit":"2\u00a0Minuten"},"schema":{"@context":"https:\/\/schema.org","@graph":[{"@type":"Article","@id":"https:\/\/www.salzburgerland.com\/de\/magazin\/watzmann-und-hochkonig-im-doppelpack-2\/#article","isPartOf":{"@id":"https:\/\/www.salzburgerland.com\/de\/magazin\/watzmann-und-hochkonig-im-doppelpack-2\/"},"author":{"name":"Heiko Mandl","@id":"https:\/\/www.salzburgerland.com\/de\/magazin\/#\/schema\/person\/8871c7c764fce6ea66752310e7fe9e98"},"headline":"Watzmann und Hochk\u00f6nig im Doppelpack","datePublished":"2012-09-10T08:59:15+00:00","dateModified":"2019-06-26T18:39:03+00:00","mainEntityOfPage":{"@id":"https:\/\/www.salzburgerland.com\/de\/magazin\/watzmann-und-hochkonig-im-doppelpack-2\/"},"wordCount":321,"commentCount":0,"publisher":{"@id":"https:\/\/www.salzburgerland.com\/de\/magazin\/#organization"},"image":{"@id":"https:\/\/www.salzburgerland.com\/de\/magazin\/watzmann-und-hochkonig-im-doppelpack-2\/#primaryimage"},"thumbnailUrl":"https:\/\/www.salzburgerland.com\/de\/magazin\/wp-content\/uploads\/2012\/08\/hm_mtbsbg_037.jpg","keywords":["Bike"],"articleSection":["Outdoor &amp; Sport"],"inLanguage":"de","potentialAction":[{"@type":"CommentAction","name":"Comment","target":["https:\/\/www.salzburgerland.com\/de\/magazin\/watzmann-und-hochkonig-im-doppelpack-2\/#respond"]}]},{"@type":"WebPage","@id":"https:\/\/www.salzburgerland.com\/de\/magazin\/watzmann-und-hochkonig-im-doppelpack-2\/","url":"https:\/\/www.salzburgerland.com\/de\/magazin\/watzmann-und-hochkonig-im-doppelpack-2\/","name":"Watzmann und Hochk\u00f6nig im Doppelpack - SalzburgerLand Magazin","isPartOf":{"@id":"https:\/\/www.salzburgerland.com\/de\/magazin\/#website"},"primaryImageOfPage":{"@id":"https:\/\/www.salzburgerland.com\/de\/magazin\/watzmann-und-hochkonig-im-doppelpack-2\/#primaryimage"},"image":{"@id":"https:\/\/www.salzburgerland.com\/de\/magazin\/watzmann-und-hochkonig-im-doppelpack-2\/#primaryimage"},"thumbnailUrl":"https:\/\/www.salzburgerland.com\/de\/magazin\/wp-content\/uploads\/2012\/08\/hm_mtbsbg_037.jpg","datePublished":"2012-09-10T08:59:15+00:00","dateModified":"2019-06-26T18:39:03+00:00","breadcrumb":{"@id":"https:\/\/www.salzburgerland.com\/de\/magazin\/watzmann-und-hochkonig-im-doppelpack-2\/#breadcrumb"},"inLanguage":"de","potentialAction":[{"@type":"ReadAction","target":["https:\/\/www.salzburgerland.com\/de\/magazin\/watzmann-und-hochkonig-im-doppelpack-2\/"]}]},{"@type":"ImageObject","inLanguage":"de","@id":"https:\/\/www.salzburgerland.com\/de\/magazin\/watzmann-und-hochkonig-im-doppelpack-2\/#primaryimage","url":"https:\/\/www.salzburgerland.com\/de\/magazin\/wp-content\/uploads\/2012\/08\/hm_mtbsbg_037.jpg","contentUrl":"https:\/\/www.salzburgerland.com\/de\/magazin\/wp-content\/uploads\/2012\/08\/hm_mtbsbg_037.jpg","width":1600,"height":1066,"caption":"Watzmann-Hochk\u00f6nig-Runde"},{"@type":"BreadcrumbList","@id":"https:\/\/www.salzburgerland.com\/de\/magazin\/watzmann-und-hochkonig-im-doppelpack-2\/#breadcrumb","itemListElement":[{"@type":"ListItem","position":1,"name":"Startseite","item":"https:\/\/www.salzburgerland.com\/de\/magazin\/"},{"@type":"ListItem","position":2,"name":"Outdoor &amp; Sport","item":"https:\/\/www.salzburgerland.com\/de\/magazin\/thema\/outdoor-sport\/"},{"@type":"ListItem","position":3,"name":"Watzmann und Hochk\u00f6nig im Doppelpack"}]},{"@type":"WebSite","@id":"https:\/\/www.salzburgerland.com\/de\/magazin\/#website","url":"https:\/\/www.salzburgerland.com\/de\/magazin\/","name":"SalzburgerLand Magazin","description":"Geschichten und Interessantes aus dem SalzburgerLand","publisher":{"@id":"https:\/\/www.salzburgerland.com\/de\/magazin\/#organization"},"potentialAction":[{"@type":"SearchAction","target":{"@type":"EntryPoint","urlTemplate":"https:\/\/www.salzburgerland.com\/de\/magazin\/?s={search_term_string}"},"query-input":{"@type":"PropertyValueSpecification","valueRequired":true,"valueName":"search_term_string"}}],"inLanguage":"de"},{"@type":"Organization","@id":"https:\/\/www.salzburgerland.com\/de\/magazin\/#organization","name":"SalzburgerLand Tourismus","url":"https:\/\/www.salzburgerland.com\/de\/magazin\/","logo":{"@type":"ImageObject","inLanguage":"de","@id":"https:\/\/www.salzburgerland.com\/de\/magazin\/#\/schema\/logo\/image\/","url":"https:\/\/www.salzburgerland.com\/de\/magazin\/wp-content\/uploads\/2019\/06\/salzburgerland-logo1.jpg","contentUrl":"https:\/\/www.salzburgerland.com\/de\/magazin\/wp-content\/uploads\/2019\/06\/salzburgerland-logo1.jpg","width":2011,"height":866,"caption":"SalzburgerLand Tourismus"},"image":{"@id":"https:\/\/www.salzburgerland.com\/de\/magazin\/#\/schema\/logo\/image\/"},"sameAs":["https:\/\/www.facebook.com\/salzburgerland\/","https:\/\/x.com\/Salzburgerland","https:\/\/www.instagram.com\/salzburgerland\/","https:\/\/at.linkedin.com\/company\/salzburgerland-tourismus-gmbh","https:\/\/www.pinterest.at\/salzburgerland\/","https:\/\/www.youtube.com\/user\/salzburgerland","https:\/\/de.wikipedia.org\/wiki\/SalzburgerLand_Tourismus_GmbH"]},{"@type":"Person","@id":"https:\/\/www.salzburgerland.com\/de\/magazin\/#\/schema\/person\/8871c7c764fce6ea66752310e7fe9e98","name":"Heiko Mandl","description":"Heiko Mandl, geboren 1976 in Salzburg, ist durch den Journalismus zur Fotografie gekommen und ist seit zehn Jahren als selbstst\u00e4ndiger Fotograf und Autor in Salzburg t\u00e4tig. Schon von Kindheit an haben ihn die Berge vor seiner Haust\u00fcr fasziniert. Heute z\u00e4hlen sie unter anderem zu seinem Arbeitsplatz. Er arbeitet f\u00fcr internationale Outdoor- und Reisemagazine sowie zahlreiche Firmen und Agenturen. Luxushotel oder Almh\u00fctte: Ich kann beides genie\u00dfen und ich gehe das nach dem Motto: Alles zur richtigen Zeit und zur passenden Gelegenheit an. Wandern oder Laufen: Auf jeden Fall wandern, ist gem\u00fctlicher und man kann sich mehr auf die Umgebung konzentrieren. Golfplatz oder Klettergarten: Klettergarten, zumindest noch die n\u00e4chsten 20 Jahre. Fr\u00fchling, sommer, herbst oder Winter? Fr\u00fchling und Sommer und Herbst und Winter! Im SalzburgerLand ist es das ganze Jahr traumhaft sch\u00f6n. Wellness oder Mountainbike? Zuerst eine Runde mit dem Mountainbike und dann ab in den Wellnesstempel. Das eine schlie\u00dft das andere nicht aus!","url":"https:\/\/www.salzburgerland.com\/de\/magazin\/author\/heiko-mandl\/"}]}},"_wl_alt_label":[],"wl:entity_url":"http:\/\/open.salzburgerland.com\/magazin\/post\/watzmann_und_hochkoenig_im_doppelpack","_links":{"self":[{"href":"https:\/\/www.salzburgerland.com\/de\/magazin\/wp-json\/wp\/v2\/posts\/24749","targetHints":{"allow":["GET"]}}],"collection":[{"href":"https:\/\/www.salzburgerland.com\/de\/magazin\/wp-json\/wp\/v2\/posts"}],"about":[{"href":"https:\/\/www.salzburgerland.com\/de\/magazin\/wp-json\/wp\/v2\/types\/post"}],"author":[{"embeddable":true,"href":"https:\/\/www.salzburgerland.com\/de\/magazin\/wp-json\/wp\/v2\/users\/10"}],"replies":[{"embeddable":true,"href":"https:\/\/www.salzburgerland.com\/de\/magazin\/wp-json\/wp\/v2\/comments?post=24749"}],"version-history":[{"count":0,"href":"https:\/\/www.salzburgerland.com\/de\/magazin\/wp-json\/wp\/v2\/posts\/24749\/revisions"}],"wp:featuredmedia":[{"embeddable":true,"href":"https:\/\/www.salzburgerland.com\/de\/magazin\/wp-json\/wp\/v2\/media\/24769"}],"wp:attachment":[{"href":"https:\/\/www.salzburgerland.com\/de\/magazin\/wp-json\/wp\/v2\/media?parent=24749"}],"wp:term":[{"taxonomy":"category","embeddable":true,"href":"https:\/\/www.salzburgerland.com\/de\/magazin\/wp-json\/wp\/v2\/categories?post=24749"},{"taxonomy":"post_tag","embeddable":true,"href":"https:\/\/www.salzburgerland.com\/de\/magazin\/wp-json\/wp\/v2\/tags?post=24749"},{"taxonomy":"wl_entity_type","embeddable":true,"href":"https:\/\/www.salzburgerland.com\/de\/magazin\/wp-json\/wp\/v2\/wl_entity_type?post=24749"},{"taxonomy":"monatsauswahl","embeddable":true,"href":"https:\/\/www.salzburgerland.com\/de\/magazin\/wp-json\/wp\/v2\/monatsauswahl?post=24749"}],"curies":[{"name":"wp","href":"https:\/\/api.w.org\/{rel}","templated":true}]}}