{"id":23179,"date":"2012-08-01T09:52:10","date_gmt":"2012-08-01T07:52:10","guid":{"rendered":"http:\/\/magazin.salzburgerland.com\/?p=23179"},"modified":"2025-04-08T14:52:48","modified_gmt":"2025-04-08T12:52:48","slug":"sie-fliegen-wieder-die-dirndln-des-salzburger-trachtenerzeugers-gossl","status":"publish","type":"post","link":"https:\/\/www.salzburgerland.com\/de\/magazin\/sie-fliegen-wieder-die-dirndln-des-salzburger-trachtenerzeugers-gossl\/","title":{"rendered":"Sie fliegen wieder &#8211; die Dirndln des Salzburger Trachtenerzeugers G\u00f6ssl"},"content":{"rendered":"<p>Wenn Sie es sich an einem Ihrer Logenpl\u00e4tze\u00a0im SalzburgerLand wie etwa auf der G\u00f6ssl-Gwandhauswiese gerade gem\u00fctlich gemacht haben und von einem wohlverdienten Sonnenschl\u00e4fchen erwachen, wundern Sie sich nicht, wenn Sie vermeintlich verr\u00fcckt gewordene Dirndln \u00fcber Ihren Kopf hinweg ins k\u00fchle Nass fliegen sehen. Zur Beruhigung vorweg \u2013 Sie haben keinen Sonnenstich, hier wird &#8222;nur&#8220; Brauchtumspflege betrieben. Die allj\u00e4hrliche Dirndlflugsaison ist er\u00f6ffnet.<\/p>\n<p><strong>Die G\u00f6ssl-Dirndlflugtage \u2013 ein Fest der Lebensfreude und aktiven Bekenntnis zur Tradition<\/strong><\/p>\n<p>Gastgeber und G\u00f6ssl-Dirndlflugtag-Initiator Mag. Gerhard G\u00f6ssl sah vor Jahren im Salzkammergut eine im Dirndl gewandete Dame mit einem Riesen-Juchee (\u00f6sterreichischer Ausdruck f\u00fcr Jubel oder auch h\u00f6chste Freude) in den See h\u00fcpfen. Und schon war die Idee um die G\u00f6ssl Dirndlflugtage geboren. Was vor mehr als f\u00fcnf Jahren als witzige Idee und elit\u00e4res Stelldichein begann, erfreut sich heute einer gro\u00dfen Dirndl-Fangemeinde und ist ein Exportschlager weit \u00fcber die Grenzen des SalzburgerLandes hinweg. Ob als Zuschauer, als fliegendes Dirndl oder auch als Jury-Mitglied, dabei sein ist hier wirklich alles. An dieser Stelle einen Dresscode anzuf\u00fchren, w\u00e4re, sagen wir es mit Augenzwinkern, eine Beleidigung f\u00fcrs sch\u00f6ne Gwand.<\/p>\n<p><strong>Andirndln, raufkraxeln und fliiiegen!<\/strong><\/p>\n<p>Spektakul\u00e4r sind die im Dirndlkleid gewandeten Teilnehmerinnen und von Jahr zu Jahr werden immer noch mutigere Flug-Kreationen im Einzel- als auch Gruppenbewerb geboten. Eine Jury bewertet streng in Kategorien wie Stil, Sportlichkeit, Gwand und Originalit\u00e4t mit Noten von 1-10.<\/p>\n<p><strong>Das G\u00f6ssl Gwandhaus immer einen AusFLUG wert<\/strong><\/p>\n<p>Jeweils im Hochsommer wird ein interimistischer Sprungteich direkt auf der Gwandhauswiese angelegt. Hausmeister Peter K\u00f6chl und sein Team scheuen unter der regief\u00fchrenden Aufsicht des Hausherrn Mag. Gerhard G\u00f6ssl keine M\u00fchen und zaubern \u00fcber Nacht eine Wasseroase in die Gwandhauswiese. Heuer wird es erstmals einen Tag vor dem eigentlichen Dirndlflugtag ein &#8222;freies Training&#8220; geben, um Gwand, Sprungh\u00f6he und Sprungteichbeschaffenheit mit und auf Herz und Nieren zu testen.<\/p>\n<p><strong>Die G\u00f6ssl Dirndlflugtag Termine im SalzburgerLand<\/strong><\/p>\n<ul>\n<li>Dirndlflugtag\u00a0im Waldbad Anif<\/li>\n<\/ul>\n<p>07. August 11 bis 12 Uhr Akkreditierung,\u00a0Start des Wettbewerbs ab 13 Uhr<\/p>\n<p><a href=\"http:\/\/www.goessl.com\/blog\/blog.html\">INFORMATIONEN UND ANMELDUNG finden Sie hier<\/a><\/p>\n<p>Das G\u00f6ssl-Gesch\u00e4ft im 3. Stock des Gwandhauses ist t\u00e4glich von 10.00 bis 20.00 Uhr, auch an Sonn- und Feiertagen f\u00fcr Sie ge\u00f6ffnet.<\/p>\n<p><a href=\"http:\/\/www.goessl.com\/\" target=\"_blank\" rel=\"noopener noreferrer\">Weitere Informationen zum Trachtenhersteller G\u00f6ssl und das passende Gwand finden Sie hier!<\/a><\/p>\n<div class=\"mag-gallery\"><div class=\"row\"><div class=\"col-6 col-sm-4\"><figure><a class=\"thumb-container\" href=\"https:\/\/www.salzburgerland.com\/de\/magazin\/wp-content\/uploads\/2012\/07\/Dindlflug-1280x1024.jpg\">\t<picture><source media=\"(min-width: 576px)\" srcset=\"\" \/><source media=\"(min-width: 0)\" srcset=\"https:\/\/www.salzburgerland.com\/de\/magazin\/wp-content\/uploads\/2012\/07\/Dindlflug.jpg 1426w, https:\/\/www.salzburgerland.com\/de\/magazin\/wp-content\/uploads\/2012\/07\/Dindlflug-267x300.jpg 267w, https:\/\/www.salzburgerland.com\/de\/magazin\/wp-content\/uploads\/2012\/07\/Dindlflug-490x550.jpg 490w, https:\/\/www.salzburgerland.com\/de\/magazin\/wp-content\/uploads\/2012\/07\/Dindlflug-357x400.jpg 357w, https:\/\/www.salzburgerland.com\/de\/magazin\/wp-content\/uploads\/2012\/07\/Dindlflug-1320x1481.jpg 1320w\" \/><img decoding=\"async\" alt=\"Eine Frau in einem lila Kleid springt hoch in die Luft \u00fcber einen ruhigen See mit Bergen im Hintergrund.\" src=\"https:\/\/www.salzburgerland.com\/de\/magazin\/wp-content\/uploads\/2012\/07\/Dindlflug.jpg\" \/>\t<\/picture><\/a><\/figure><\/div><div class=\"col-6 col-sm-4\"><figure><a class=\"thumb-container\" href=\"https:\/\/www.salzburgerland.com\/de\/magazin\/wp-content\/uploads\/2012\/07\/Dirndlflug_02-1280x1024.jpg\">\t<picture><source media=\"(min-width: 576px)\" srcset=\"\" \/><source media=\"(min-width: 0)\" srcset=\"https:\/\/www.salzburgerland.com\/de\/magazin\/wp-content\/uploads\/2012\/07\/Dirndlflug_02.jpg 1067w, https:\/\/www.salzburgerland.com\/de\/magazin\/wp-content\/uploads\/2012\/07\/Dirndlflug_02-200x300.jpg 200w, https:\/\/www.salzburgerland.com\/de\/magazin\/wp-content\/uploads\/2012\/07\/Dirndlflug_02-367x550.jpg 367w, https:\/\/www.salzburgerland.com\/de\/magazin\/wp-content\/uploads\/2012\/07\/Dirndlflug_02-267x400.jpg 267w\" \/><img decoding=\"async\" alt=\"Eine Frau in einem blauen Kleid scheint in der Luft \u00fcber den Bergen zu schweben, w\u00e4hrend \u00fcber ihr ein gr\u00fcner Regenschirm fliegt.\" src=\"https:\/\/www.salzburgerland.com\/de\/magazin\/wp-content\/uploads\/2012\/07\/Dirndlflug_02.jpg\" \/>\t<\/picture><\/a><\/figure><\/div><div class=\"col-6 col-sm-4\"><figure><a class=\"thumb-container\" href=\"https:\/\/www.salzburgerland.com\/de\/magazin\/wp-content\/uploads\/2012\/07\/g21g7115-1280x1024.jpg\">\t<picture><source media=\"(min-width: 576px)\" srcset=\"\" \/><source media=\"(min-width: 0)\" srcset=\"https:\/\/www.salzburgerland.com\/de\/magazin\/wp-content\/uploads\/2012\/07\/g21g7115.jpg 1067w, https:\/\/www.salzburgerland.com\/de\/magazin\/wp-content\/uploads\/2012\/07\/g21g7115-200x300.jpg 200w, https:\/\/www.salzburgerland.com\/de\/magazin\/wp-content\/uploads\/2012\/07\/g21g7115-367x550.jpg 367w, https:\/\/www.salzburgerland.com\/de\/magazin\/wp-content\/uploads\/2012\/07\/g21g7115-267x400.jpg 267w\" \/><img decoding=\"async\" alt=\"Zwei Frauen in traditioneller \u00f6sterreichischer Kleidung posieren l\u00e4chelnd und fr\u00f6hlich an einem See mit Booten im Hintergrund.\" src=\"https:\/\/www.salzburgerland.com\/de\/magazin\/wp-content\/uploads\/2012\/07\/g21g7115.jpg\" \/>\t<\/picture><\/a><\/figure><\/div><div class=\"col-6 col-sm-4\"><figure><a class=\"thumb-container\" href=\"https:\/\/www.salzburgerland.com\/de\/magazin\/wp-content\/uploads\/2012\/07\/g21g7183-1280x1024.jpg\">\t<picture><source media=\"(min-width: 576px)\" srcset=\"https:\/\/www.salzburgerland.com\/de\/magazin\/wp-content\/uploads\/2012\/07\/g21g7183-325x209.jpg 325w, https:\/\/www.salzburgerland.com\/de\/magazin\/wp-content\/uploads\/2012\/07\/g21g7183-249x160.jpg 249w\" \/><source media=\"(min-width: 0)\" srcset=\"https:\/\/www.salzburgerland.com\/de\/magazin\/wp-content\/uploads\/2012\/07\/g21g7183-249x160.jpg 249w, https:\/\/www.salzburgerland.com\/de\/magazin\/wp-content\/uploads\/2012\/07\/g21g7183-325x209.jpg 325w\" \/><img decoding=\"async\" alt=\"Zwei Frauen in \u00f6sterreichischer Tracht springen w\u00e4hrend eines lebhaften Festes im Freien in einen See, w\u00e4hrend eine Menschenmenge zusieht.\" src=\"https:\/\/www.salzburgerland.com\/de\/magazin\/wp-content\/uploads\/2012\/07\/g21g7183.jpg\" \/>\t<\/picture><\/a><\/figure><\/div><div class=\"col-6 col-sm-4\"><figure><a class=\"thumb-container\" href=\"https:\/\/www.salzburgerland.com\/de\/magazin\/wp-content\/uploads\/2012\/07\/g21g7185-1280x1024.jpg\">\t<picture><source media=\"(min-width: 576px)\" srcset=\"https:\/\/www.salzburgerland.com\/de\/magazin\/wp-content\/uploads\/2012\/07\/g21g7185-325x209.jpg 325w, https:\/\/www.salzburgerland.com\/de\/magazin\/wp-content\/uploads\/2012\/07\/g21g7185-249x160.jpg 249w\" \/><source media=\"(min-width: 0)\" srcset=\"https:\/\/www.salzburgerland.com\/de\/magazin\/wp-content\/uploads\/2012\/07\/g21g7185-249x160.jpg 249w, https:\/\/www.salzburgerland.com\/de\/magazin\/wp-content\/uploads\/2012\/07\/g21g7185-325x209.jpg 325w\" \/><img decoding=\"async\" alt=\"Ein Mann in \u00f6sterreichischer Tracht springt von einer Plattform in einen See, beobachtet von einer Menschenmenge bei einer Veranstaltung am See.\" src=\"https:\/\/www.salzburgerland.com\/de\/magazin\/wp-content\/uploads\/2012\/07\/g21g7185.jpg\" \/>\t<\/picture><\/a><\/figure><\/div><div class=\"col-6 col-sm-4\"><figure><a class=\"thumb-container\" href=\"https:\/\/www.salzburgerland.com\/de\/magazin\/wp-content\/uploads\/2012\/07\/g21g7195-1280x1024.jpg\">\t<picture><source media=\"(min-width: 576px)\" srcset=\"\" \/><source media=\"(min-width: 0)\" srcset=\"https:\/\/www.salzburgerland.com\/de\/magazin\/wp-content\/uploads\/2012\/07\/g21g7195.jpg 1067w, https:\/\/www.salzburgerland.com\/de\/magazin\/wp-content\/uploads\/2012\/07\/g21g7195-200x300.jpg 200w, https:\/\/www.salzburgerland.com\/de\/magazin\/wp-content\/uploads\/2012\/07\/g21g7195-367x550.jpg 367w, https:\/\/www.salzburgerland.com\/de\/magazin\/wp-content\/uploads\/2012\/07\/g21g7195-267x400.jpg 267w\" \/><img decoding=\"async\" alt=\"Zwei M\u00e4dchen in Kleidern springen ins t\u00fcrkisfarbene Wasser, die eine tr\u00e4gt die andere auf dem R\u00fccken, w\u00e4hrend sie platscht.\" src=\"https:\/\/www.salzburgerland.com\/de\/magazin\/wp-content\/uploads\/2012\/07\/g21g7195.jpg\" \/>\t<\/picture><\/a><\/figure><\/div><div class=\"col-6 col-sm-4\"><figure><a class=\"thumb-container\" href=\"https:\/\/www.salzburgerland.com\/de\/magazin\/wp-content\/uploads\/2012\/07\/Goessl_Dirndlflugtag-1280x1024.jpg\">\t<picture><source media=\"(min-width: 576px)\" srcset=\"\" \/><source media=\"(min-width: 0)\" srcset=\"https:\/\/www.salzburgerland.com\/de\/magazin\/wp-content\/uploads\/2012\/07\/Goessl_Dirndlflugtag.jpg 1202w, https:\/\/www.salzburgerland.com\/de\/magazin\/wp-content\/uploads\/2012\/07\/Goessl_Dirndlflugtag-225x300.jpg 225w, https:\/\/www.salzburgerland.com\/de\/magazin\/wp-content\/uploads\/2012\/07\/Goessl_Dirndlflugtag-413x550.jpg 413w, https:\/\/www.salzburgerland.com\/de\/magazin\/wp-content\/uploads\/2012\/07\/Goessl_Dirndlflugtag-301x400.jpg 301w\" \/><img decoding=\"async\" alt=\"Zwei Frauen in traditioneller \u00f6sterreichischer Kleidung springen im Freien durch die Luft, mit Bergen und einem Gosser-Schild im Hintergrund.\" src=\"https:\/\/www.salzburgerland.com\/de\/magazin\/wp-content\/uploads\/2012\/07\/Goessl_Dirndlflugtag.jpg\" \/>\t<\/picture><\/a><\/figure><\/div><div class=\"col-6 col-sm-4\"><figure><a class=\"thumb-container\" href=\"https:\/\/www.salzburgerland.com\/de\/magazin\/wp-content\/uploads\/2012\/07\/Goessl_Dirndlspringen_02-1280x1024.jpg\">\t<picture><source media=\"(min-width: 576px)\" srcset=\"\" \/><source media=\"(min-width: 0)\" srcset=\"https:\/\/www.salzburgerland.com\/de\/magazin\/wp-content\/uploads\/2012\/07\/Goessl_Dirndlspringen_02.jpg 1067w, https:\/\/www.salzburgerland.com\/de\/magazin\/wp-content\/uploads\/2012\/07\/Goessl_Dirndlspringen_02-200x300.jpg 200w, https:\/\/www.salzburgerland.com\/de\/magazin\/wp-content\/uploads\/2012\/07\/Goessl_Dirndlspringen_02-367x550.jpg 367w, https:\/\/www.salzburgerland.com\/de\/magazin\/wp-content\/uploads\/2012\/07\/Goessl_Dirndlspringen_02-267x400.jpg 267w\" \/><img decoding=\"async\" alt=\"Drei M\u00e4dchen in traditioneller \u00f6sterreichischer Tracht fliegen w\u00e4hrend einer festlichen Veranstaltung im Freien an einem See und in den Bergen durch die Luft.\" src=\"https:\/\/www.salzburgerland.com\/de\/magazin\/wp-content\/uploads\/2012\/07\/Goessl_Dirndlspringen_02.jpg\" \/>\t<\/picture><\/a><\/figure><\/div><div class=\"col-6 col-sm-4\"><figure><a class=\"thumb-container\" href=\"https:\/\/www.salzburgerland.com\/de\/magazin\/wp-content\/uploads\/2012\/07\/goessl-23-1280x1024.jpg\">\t<picture><source media=\"(min-width: 576px)\" srcset=\"\" \/><source media=\"(min-width: 0)\" srcset=\"https:\/\/www.salzburgerland.com\/de\/magazin\/wp-content\/uploads\/2012\/07\/goessl-23.jpg 1067w, https:\/\/www.salzburgerland.com\/de\/magazin\/wp-content\/uploads\/2012\/07\/goessl-23-200x300.jpg 200w, https:\/\/www.salzburgerland.com\/de\/magazin\/wp-content\/uploads\/2012\/07\/goessl-23-367x550.jpg 367w, https:\/\/www.salzburgerland.com\/de\/magazin\/wp-content\/uploads\/2012\/07\/goessl-23-267x400.jpg 267w\" \/><img decoding=\"async\" alt=\"Eine Frau in einem gr\u00fcnen Kleid macht Luftspr\u00fcnge vor einem blauen Himmel mit Bergen im Hintergrund.\" src=\"https:\/\/www.salzburgerland.com\/de\/magazin\/wp-content\/uploads\/2012\/07\/goessl-23.jpg\" \/>\t<\/picture><\/a><\/figure><\/div><div class=\"col-6 col-sm-4\"><figure><a class=\"thumb-container\" href=\"https:\/\/www.salzburgerland.com\/de\/magazin\/wp-content\/uploads\/2012\/07\/goessl-24-1280x1024.jpg\">\t<picture><source media=\"(min-width: 576px)\" srcset=\"\" \/><source media=\"(min-width: 0)\" srcset=\"https:\/\/www.salzburgerland.com\/de\/magazin\/wp-content\/uploads\/2012\/07\/goessl-24.jpg 1067w, https:\/\/www.salzburgerland.com\/de\/magazin\/wp-content\/uploads\/2012\/07\/goessl-24-200x300.jpg 200w, https:\/\/www.salzburgerland.com\/de\/magazin\/wp-content\/uploads\/2012\/07\/goessl-24-367x550.jpg 367w, https:\/\/www.salzburgerland.com\/de\/magazin\/wp-content\/uploads\/2012\/07\/goessl-24-267x400.jpg 267w\" \/><img decoding=\"async\" alt=\"Eine Frau in einem Kleid dreht sich in der Luft vor einem klaren blauen Himmel und einer Berglandschaft.\" src=\"https:\/\/www.salzburgerland.com\/de\/magazin\/wp-content\/uploads\/2012\/07\/goessl-24.jpg\" \/>\t<\/picture><\/a><\/figure><\/div><div class=\"col-6 col-sm-4\"><figure><a class=\"thumb-container\" href=\"https:\/\/www.salzburgerland.com\/de\/magazin\/wp-content\/uploads\/2012\/07\/goessl-26-1280x1024.jpg\">\t<picture><source media=\"(min-width: 576px)\" srcset=\"https:\/\/www.salzburgerland.com\/de\/magazin\/wp-content\/uploads\/2012\/07\/goessl-26-325x209.jpg 325w, https:\/\/www.salzburgerland.com\/de\/magazin\/wp-content\/uploads\/2012\/07\/goessl-26-249x160.jpg 249w\" \/><source media=\"(min-width: 0)\" srcset=\"https:\/\/www.salzburgerland.com\/de\/magazin\/wp-content\/uploads\/2012\/07\/goessl-26-249x160.jpg 249w, https:\/\/www.salzburgerland.com\/de\/magazin\/wp-content\/uploads\/2012\/07\/goessl-26-325x209.jpg 325w\" \/><img decoding=\"async\" alt=\"Eine Frau in einem blauen Kleid springt in der Luft vor einem klaren Himmel, Bergen und einem gr\u00fcnen G\u00f6ssi-Schild.\" src=\"https:\/\/www.salzburgerland.com\/de\/magazin\/wp-content\/uploads\/2012\/07\/goessl-26.jpg\" \/>\t<\/picture><\/a><\/figure><\/div><div class=\"col-6 col-sm-4\"><figure><a class=\"thumb-container\" href=\"https:\/\/www.salzburgerland.com\/de\/magazin\/wp-content\/uploads\/2012\/07\/goessl-28-1280x1024.jpg\">\t<picture><source media=\"(min-width: 576px)\" srcset=\"\" \/><source media=\"(min-width: 0)\" srcset=\"https:\/\/www.salzburgerland.com\/de\/magazin\/wp-content\/uploads\/2012\/07\/goessl-28.jpg 1067w, https:\/\/www.salzburgerland.com\/de\/magazin\/wp-content\/uploads\/2012\/07\/goessl-28-200x300.jpg 200w, https:\/\/www.salzburgerland.com\/de\/magazin\/wp-content\/uploads\/2012\/07\/goessl-28-367x550.jpg 367w, https:\/\/www.salzburgerland.com\/de\/magazin\/wp-content\/uploads\/2012\/07\/goessl-28-267x400.jpg 267w\" \/><img decoding=\"async\" alt=\"Zwei M\u00e4dchen in traditioneller \u00f6sterreichischer Kleidung springen h\u00e4ndchenhaltend von einer h\u00f6lzernen Plattform unter einem sonnigen Himmel.\" src=\"https:\/\/www.salzburgerland.com\/de\/magazin\/wp-content\/uploads\/2012\/07\/goessl-28.jpg\" \/>\t<\/picture><\/a><\/figure><\/div><div class=\"col-6 col-sm-4\"><figure><a class=\"thumb-container\" href=\"https:\/\/www.salzburgerland.com\/de\/magazin\/wp-content\/uploads\/2012\/07\/Gossl-Dirndlflugtag_H023-1280x1024.jpg\">\t<picture><source media=\"(min-width: 576px)\" srcset=\"https:\/\/www.salzburgerland.com\/de\/magazin\/wp-content\/uploads\/2012\/07\/Gossl-Dirndlflugtag_H023-325x209.jpg 325w, https:\/\/www.salzburgerland.com\/de\/magazin\/wp-content\/uploads\/2012\/07\/Gossl-Dirndlflugtag_H023-249x160.jpg 249w\" \/><source media=\"(min-width: 0)\" srcset=\"https:\/\/www.salzburgerland.com\/de\/magazin\/wp-content\/uploads\/2012\/07\/Gossl-Dirndlflugtag_H023-249x160.jpg 249w, https:\/\/www.salzburgerland.com\/de\/magazin\/wp-content\/uploads\/2012\/07\/Gossl-Dirndlflugtag_H023-325x209.jpg 325w\" \/><img decoding=\"async\" alt=\"Eine Frau in traditioneller Kleidung springt in der N\u00e4he einer gestreiften Plattform mit einem G\u00f6ssi-Schild in die Luft.\" src=\"https:\/\/www.salzburgerland.com\/de\/magazin\/wp-content\/uploads\/2012\/07\/Gossl-Dirndlflugtag_H023.jpg\" \/>\t<\/picture><\/a><\/figure><\/div><\/div><\/div><figcaption><\/figcaption>\n","protected":false},"excerpt":{"rendered":"<p>Wenn Sie es sich an einem Ihrer Logenpl\u00e4tze\u00a0im SalzburgerLand wie etwa auf der G\u00f6ssl-Gwandhauswiese gerade gem\u00fctlich gemacht haben und von einem wohlverdienten Sonnenschl\u00e4fchen erwachen, wundern Sie sich nicht, wenn Sie vermeintlich verr\u00fcckt gewordene Dirndln \u00fcber Ihren Kopf hinweg ins k\u00fchle Nass fliegen sehen. Zur Beruhigung vorweg \u2013 Sie haben keinen Sonnenstich, hier wird &#8222;nur&#8220; Brauchtumspflege [&hellip;]<\/p>\n","protected":false},"author":12,"featured_media":23181,"comment_status":"open","ping_status":"open","sticky":false,"template":"","format":"standard","meta":{"_acf_changed":false,"wl_entities_gutenberg":"","_wl_entity_redirect_enabled":"","footnotes":""},"categories":[7551],"tags":[],"wl_entity_type":[306],"monatsauswahl":[],"class_list":["post-23179","post","type-post","status-publish","format-standard","has-post-thumbnail","hentry","category-archiv","wl_entity_type-article"],"acf":[],"yoast_head":"<!-- This site is optimized with the Yoast SEO Premium plugin v27.4 (Yoast SEO v27.4) - https:\/\/yoast.com\/product\/yoast-seo-premium-wordpress\/ -->\n<title>Sie fliegen wieder - die Dirndln des Salzburger Trachtenerzeugers G\u00f6ssl - SalzburgerLand Magazin<\/title>\n<meta name=\"description\" content=\"Wenn Sie es sich an einem Ihrer Logenpl\u00e4tze\u00a0im SalzburgerLand wie etwa auf der G\u00f6ssl-Gwandhauswiese gerade gem\u00fctlich gemacht haben und von einem wohlverdienten Sonnenschl\u00e4fchen erwachen, wundern Sie sich nicht, wenn Sie vermeintlich verr\u00fcckt gewordene Dirndln \u00fcber Ihren Kopf hinweg ins k\u00fchle Nass fliegen sehen. Zur Beruhigung vorweg \u2013 Sie haben keinen Sonnenstich, hier wird &#8222;nur&#8220; Brauchtumspflege [&hellip;]\" \/>\n<meta name=\"robots\" content=\"index, follow, max-snippet:-1, max-image-preview:large, max-video-preview:-1\" \/>\n<link rel=\"canonical\" href=\"https:\/\/www.salzburgerland.com\/de\/magazin\/sie-fliegen-wieder-die-dirndln-des-salzburger-trachtenerzeugers-gossl\/\" \/>\n<meta property=\"og:locale\" content=\"de_DE\" \/>\n<meta property=\"og:type\" content=\"article\" \/>\n<meta property=\"og:title\" content=\"Sie fliegen wieder - die Dirndln des Salzburger Trachtenerzeugers G\u00f6ssl\" \/>\n<meta property=\"og:description\" content=\"Wenn Sie es sich an einem Ihrer Logenpl\u00e4tze\u00a0im SalzburgerLand wie etwa auf der G\u00f6ssl-Gwandhauswiese gerade gem\u00fctlich gemacht haben und von einem wohlverdienten Sonnenschl\u00e4fchen erwachen, wundern Sie sich nicht, wenn Sie vermeintlich verr\u00fcckt gewordene Dirndln \u00fcber Ihren Kopf hinweg ins k\u00fchle Nass fliegen sehen. Zur Beruhigung vorweg \u2013 Sie haben keinen Sonnenstich, hier wird &#8222;nur&#8220; Brauchtumspflege [&hellip;]\" \/>\n<meta property=\"og:url\" content=\"https:\/\/www.salzburgerland.com\/de\/magazin\/sie-fliegen-wieder-die-dirndln-des-salzburger-trachtenerzeugers-gossl\/\" \/>\n<meta property=\"og:site_name\" content=\"SalzburgerLand Magazin\" \/>\n<meta property=\"article:publisher\" content=\"https:\/\/www.facebook.com\/salzburgerland\/\" \/>\n<meta property=\"article:published_time\" content=\"2012-08-01T07:52:10+00:00\" \/>\n<meta property=\"article:modified_time\" content=\"2025-04-08T12:52:48+00:00\" \/>\n<meta property=\"og:image\" content=\"https:\/\/www.salzburgerland.com\/de\/magazin\/wp-content\/uploads\/2012\/07\/Dindlflug.jpg\" \/>\n\t<meta property=\"og:image:width\" content=\"1426\" \/>\n\t<meta property=\"og:image:height\" content=\"1600\" \/>\n\t<meta property=\"og:image:type\" content=\"image\/jpeg\" \/>\n<meta name=\"author\" content=\"Daniela J\u00e4ger\" \/>\n<meta name=\"twitter:card\" content=\"summary_large_image\" \/>\n<meta name=\"twitter:creator\" content=\"@Salzburgerland\" \/>\n<meta name=\"twitter:site\" content=\"@Salzburgerland\" \/>\n<meta name=\"twitter:label1\" content=\"Verfasst von\" \/>\n\t<meta name=\"twitter:data1\" content=\"Daniela J\u00e4ger\" \/>\n\t<meta name=\"twitter:label2\" content=\"Gesch\u00e4tzte Lesezeit\" \/>\n\t<meta name=\"twitter:data2\" content=\"3\u00a0Minuten\" \/>\n<script type=\"application\/ld+json\" class=\"yoast-schema-graph\">{\"@context\":\"https:\\\/\\\/schema.org\",\"@graph\":[{\"@type\":\"Article\",\"@id\":\"https:\\\/\\\/www.salzburgerland.com\\\/de\\\/magazin\\\/sie-fliegen-wieder-die-dirndln-des-salzburger-trachtenerzeugers-gossl\\\/#article\",\"isPartOf\":{\"@id\":\"https:\\\/\\\/www.salzburgerland.com\\\/de\\\/magazin\\\/sie-fliegen-wieder-die-dirndln-des-salzburger-trachtenerzeugers-gossl\\\/\"},\"author\":{\"name\":\"Daniela J\u00e4ger\",\"@id\":\"https:\\\/\\\/www.salzburgerland.com\\\/de\\\/magazin\\\/#\\\/schema\\\/person\\\/436a159c3d355745bb9190e3e7f6d897\"},\"headline\":\"Sie fliegen wieder &#8211; die Dirndln des Salzburger Trachtenerzeugers G\u00f6ssl\",\"datePublished\":\"2012-08-01T07:52:10+00:00\",\"dateModified\":\"2025-04-08T12:52:48+00:00\",\"mainEntityOfPage\":{\"@id\":\"https:\\\/\\\/www.salzburgerland.com\\\/de\\\/magazin\\\/sie-fliegen-wieder-die-dirndln-des-salzburger-trachtenerzeugers-gossl\\\/\"},\"wordCount\":401,\"commentCount\":0,\"publisher\":{\"@id\":\"https:\\\/\\\/www.salzburgerland.com\\\/de\\\/magazin\\\/#organization\"},\"image\":{\"@id\":\"https:\\\/\\\/www.salzburgerland.com\\\/de\\\/magazin\\\/sie-fliegen-wieder-die-dirndln-des-salzburger-trachtenerzeugers-gossl\\\/#primaryimage\"},\"thumbnailUrl\":\"https:\\\/\\\/www.salzburgerland.com\\\/de\\\/magazin\\\/wp-content\\\/uploads\\\/2012\\\/07\\\/Dindlflug.jpg\",\"articleSection\":[\"Archiv\"],\"inLanguage\":\"de\",\"potentialAction\":[{\"@type\":\"CommentAction\",\"name\":\"Comment\",\"target\":[\"https:\\\/\\\/www.salzburgerland.com\\\/de\\\/magazin\\\/sie-fliegen-wieder-die-dirndln-des-salzburger-trachtenerzeugers-gossl\\\/#respond\"]}]},{\"@type\":\"WebPage\",\"@id\":\"https:\\\/\\\/www.salzburgerland.com\\\/de\\\/magazin\\\/sie-fliegen-wieder-die-dirndln-des-salzburger-trachtenerzeugers-gossl\\\/\",\"url\":\"https:\\\/\\\/www.salzburgerland.com\\\/de\\\/magazin\\\/sie-fliegen-wieder-die-dirndln-des-salzburger-trachtenerzeugers-gossl\\\/\",\"name\":\"Sie fliegen wieder - die Dirndln des Salzburger Trachtenerzeugers G\u00f6ssl - SalzburgerLand Magazin\",\"isPartOf\":{\"@id\":\"https:\\\/\\\/www.salzburgerland.com\\\/de\\\/magazin\\\/#website\"},\"primaryImageOfPage\":{\"@id\":\"https:\\\/\\\/www.salzburgerland.com\\\/de\\\/magazin\\\/sie-fliegen-wieder-die-dirndln-des-salzburger-trachtenerzeugers-gossl\\\/#primaryimage\"},\"image\":{\"@id\":\"https:\\\/\\\/www.salzburgerland.com\\\/de\\\/magazin\\\/sie-fliegen-wieder-die-dirndln-des-salzburger-trachtenerzeugers-gossl\\\/#primaryimage\"},\"thumbnailUrl\":\"https:\\\/\\\/www.salzburgerland.com\\\/de\\\/magazin\\\/wp-content\\\/uploads\\\/2012\\\/07\\\/Dindlflug.jpg\",\"datePublished\":\"2012-08-01T07:52:10+00:00\",\"dateModified\":\"2025-04-08T12:52:48+00:00\",\"breadcrumb\":{\"@id\":\"https:\\\/\\\/www.salzburgerland.com\\\/de\\\/magazin\\\/sie-fliegen-wieder-die-dirndln-des-salzburger-trachtenerzeugers-gossl\\\/#breadcrumb\"},\"inLanguage\":\"de\",\"potentialAction\":[{\"@type\":\"ReadAction\",\"target\":[\"https:\\\/\\\/www.salzburgerland.com\\\/de\\\/magazin\\\/sie-fliegen-wieder-die-dirndln-des-salzburger-trachtenerzeugers-gossl\\\/\"]}]},{\"@type\":\"ImageObject\",\"inLanguage\":\"de\",\"@id\":\"https:\\\/\\\/www.salzburgerland.com\\\/de\\\/magazin\\\/sie-fliegen-wieder-die-dirndln-des-salzburger-trachtenerzeugers-gossl\\\/#primaryimage\",\"url\":\"https:\\\/\\\/www.salzburgerland.com\\\/de\\\/magazin\\\/wp-content\\\/uploads\\\/2012\\\/07\\\/Dindlflug.jpg\",\"contentUrl\":\"https:\\\/\\\/www.salzburgerland.com\\\/de\\\/magazin\\\/wp-content\\\/uploads\\\/2012\\\/07\\\/Dindlflug.jpg\",\"width\":1426,\"height\":1600,\"caption\":\"Eine Frau in einem lila Kleid springt hoch in die Luft \u00fcber einen ruhigen See mit Bergen im Hintergrund.\"},{\"@type\":\"BreadcrumbList\",\"@id\":\"https:\\\/\\\/www.salzburgerland.com\\\/de\\\/magazin\\\/sie-fliegen-wieder-die-dirndln-des-salzburger-trachtenerzeugers-gossl\\\/#breadcrumb\",\"itemListElement\":[{\"@type\":\"ListItem\",\"position\":1,\"name\":\"Startseite\",\"item\":\"https:\\\/\\\/www.salzburgerland.com\\\/de\\\/magazin\\\/\"},{\"@type\":\"ListItem\",\"position\":2,\"name\":\"Archiv\",\"item\":\"https:\\\/\\\/www.salzburgerland.com\\\/de\\\/magazin\\\/thema\\\/archiv\\\/\"},{\"@type\":\"ListItem\",\"position\":3,\"name\":\"Sie fliegen wieder &#8211; die Dirndln des Salzburger Trachtenerzeugers G\u00f6ssl\"}]},{\"@type\":\"WebSite\",\"@id\":\"https:\\\/\\\/www.salzburgerland.com\\\/de\\\/magazin\\\/#website\",\"url\":\"https:\\\/\\\/www.salzburgerland.com\\\/de\\\/magazin\\\/\",\"name\":\"SalzburgerLand Magazin\",\"description\":\"Geschichten und Interessantes aus dem SalzburgerLand\",\"publisher\":{\"@id\":\"https:\\\/\\\/www.salzburgerland.com\\\/de\\\/magazin\\\/#organization\"},\"potentialAction\":[{\"@type\":\"SearchAction\",\"target\":{\"@type\":\"EntryPoint\",\"urlTemplate\":\"https:\\\/\\\/www.salzburgerland.com\\\/de\\\/magazin\\\/?s={search_term_string}\"},\"query-input\":{\"@type\":\"PropertyValueSpecification\",\"valueRequired\":true,\"valueName\":\"search_term_string\"}}],\"inLanguage\":\"de\"},{\"@type\":\"Organization\",\"@id\":\"https:\\\/\\\/www.salzburgerland.com\\\/de\\\/magazin\\\/#organization\",\"name\":\"SalzburgerLand Tourismus\",\"url\":\"https:\\\/\\\/www.salzburgerland.com\\\/de\\\/magazin\\\/\",\"logo\":{\"@type\":\"ImageObject\",\"inLanguage\":\"de\",\"@id\":\"https:\\\/\\\/www.salzburgerland.com\\\/de\\\/magazin\\\/#\\\/schema\\\/logo\\\/image\\\/\",\"url\":\"https:\\\/\\\/www.salzburgerland.com\\\/de\\\/magazin\\\/wp-content\\\/uploads\\\/2019\\\/06\\\/salzburgerland-logo1.jpg\",\"contentUrl\":\"https:\\\/\\\/www.salzburgerland.com\\\/de\\\/magazin\\\/wp-content\\\/uploads\\\/2019\\\/06\\\/salzburgerland-logo1.jpg\",\"width\":2011,\"height\":866,\"caption\":\"SalzburgerLand Tourismus\"},\"image\":{\"@id\":\"https:\\\/\\\/www.salzburgerland.com\\\/de\\\/magazin\\\/#\\\/schema\\\/logo\\\/image\\\/\"},\"sameAs\":[\"https:\\\/\\\/www.facebook.com\\\/salzburgerland\\\/\",\"https:\\\/\\\/x.com\\\/Salzburgerland\",\"https:\\\/\\\/www.instagram.com\\\/salzburgerland\\\/\",\"https:\\\/\\\/at.linkedin.com\\\/company\\\/salzburgerland-tourismus-gmbh\",\"https:\\\/\\\/www.pinterest.at\\\/salzburgerland\\\/\",\"https:\\\/\\\/www.youtube.com\\\/user\\\/salzburgerland\",\"https:\\\/\\\/de.wikipedia.org\\\/wiki\\\/SalzburgerLand_Tourismus_GmbH\"]},{\"@type\":\"Person\",\"@id\":\"https:\\\/\\\/www.salzburgerland.com\\\/de\\\/magazin\\\/#\\\/schema\\\/person\\\/436a159c3d355745bb9190e3e7f6d897\",\"name\":\"Daniela J\u00e4ger\",\"description\":\"Salzburg Stadt, SalzburgLand, Bad Ischl, Krems, St. P\u00f6lten, M\u00fcnchen, Wien und wieder retour. Daniela J\u00e4ger hat w\u00e4hrend ihrer Ausbildung und ersten Berufserfahrungen relativ wenig von der Welt, daf\u00fcr viel von \u00d6sterreich gesehen und wei\u00df - zu Hause im SalzburgerLand ist es doch am sch\u00f6nsten. Zur\u00fcckgekommen, um zu bleiben lautet also das Motto. Im M\u00e4rz 2009 in der Stadt Salzburg mit einer Marketing- und PR-Agentur selbstst\u00e4ndig gemacht hatte Daniela J\u00e4ger von Beginn an das Gl\u00fcck, der Heimat, der Tradition &amp; der Innovation verbundene Unternehmen ihre Kunden nennen zu d\u00fcrfen. In der Freizeit nutzt sie jede Gelegenheit, einen Berg zu erobern oder an einem der umliegenden Seen die Seele baumeln zu lassen und die Sch\u00f6nheit der Salzburger Natur zu jeder Jahreszeit voll und ganz auszukosten. Fragen mit Antworten von Daniela J\u00e4ger Fr\u00fchling, Sommer, Herbst oder Winter? Das wirklich Besondere bei uns sind die Jahreszeiten. Der Fr\u00fchling mit seinem Erwachen, der Sommer mit seiner Energie, der Herbst mit seiner Sinnlichkeit und der Winter mit seiner Ruhe - ich liebe sie alle! Luxushotel oder Almh\u00fctte? Da sag ich ganz klar zu keinem von beiden Nein. Jede dieser \\\"Herbergen\\\" haben ihren ganz besonderen Reiz und je nach Sehnsucht wird dort wie da entspannt und jeder auch noch so kurze Besuch wird zu Urlaubsfeeling pur. Gummistiefel oder Highheels? Bei meiner R\u00fcckkehr nach Salzburg waren auch meine Gummistiefel - nicht diese modischen Modestieferl, sondern die echten - mit im Gep\u00e4ck. Klar, im Salzburger Schn\u00fcrlregen habe ich nun endlich Grund, sie dauerzutragen. Aber auch mit atemberaubenden Highheels d\u00fcrfen meine F\u00fc\u00dfe ab und an au\u00dfer Haus. Kr\u00e4utertee oder Zirbenschnaps? Ein Zirberl in Ehren kann dieJ\u00e4gerin niemals verwehren - aber selbstverst\u00e4ndlich nur die, die auf legalem Weg kredenzt werden, denn der Zirbenzapfen steht unter Naturschutz. Doch auch ein guter Bio-Kr\u00e4utertee hat es etwas Magisches und tut unglaublich gut. Alpinski, Offpist oder Skitour? Alles was mit zwei Brettern unter den F\u00fc\u00dfen zu tun hat wird gemacht. Au\u00dfer im Sommer. Da tausche ich die Wasserski lieber gegen das Wakeboard. Einer der gro\u00dfen Vorteile am Leben im SalzburgerLand ist die N\u00e4he zu unz\u00e4hligen Skigebieten. Da kann man auch unter der Woche nach dem B\u00fcro die Tourenski anschnallen und noch schnell den D\u00fcrrnberg oder das Zw\u00f6lferhorn bezwingen. Und am Wochenende geht es dann zum Powdern und Carven in eines der gr\u00f6\u00dferen umliegenden Skigebiete.\",\"url\":\"https:\\\/\\\/www.salzburgerland.com\\\/de\\\/magazin\\\/author\\\/daniela-jaeger\\\/\"}]}<\/script>\n<!-- \/ Yoast SEO Premium plugin. -->","yoast_head_json":{"title":"Sie fliegen wieder - die Dirndln des Salzburger Trachtenerzeugers G\u00f6ssl - SalzburgerLand Magazin","description":"Wenn Sie es sich an einem Ihrer Logenpl\u00e4tze\u00a0im SalzburgerLand wie etwa auf der G\u00f6ssl-Gwandhauswiese gerade gem\u00fctlich gemacht haben und von einem wohlverdienten Sonnenschl\u00e4fchen erwachen, wundern Sie sich nicht, wenn Sie vermeintlich verr\u00fcckt gewordene Dirndln \u00fcber Ihren Kopf hinweg ins k\u00fchle Nass fliegen sehen. Zur Beruhigung vorweg \u2013 Sie haben keinen Sonnenstich, hier wird &#8222;nur&#8220; Brauchtumspflege [&hellip;]","robots":{"index":"index","follow":"follow","max-snippet":"max-snippet:-1","max-image-preview":"max-image-preview:large","max-video-preview":"max-video-preview:-1"},"canonical":"https:\/\/www.salzburgerland.com\/de\/magazin\/sie-fliegen-wieder-die-dirndln-des-salzburger-trachtenerzeugers-gossl\/","og_locale":"de_DE","og_type":"article","og_title":"Sie fliegen wieder - die Dirndln des Salzburger Trachtenerzeugers G\u00f6ssl","og_description":"Wenn Sie es sich an einem Ihrer Logenpl\u00e4tze\u00a0im SalzburgerLand wie etwa auf der G\u00f6ssl-Gwandhauswiese gerade gem\u00fctlich gemacht haben und von einem wohlverdienten Sonnenschl\u00e4fchen erwachen, wundern Sie sich nicht, wenn Sie vermeintlich verr\u00fcckt gewordene Dirndln \u00fcber Ihren Kopf hinweg ins k\u00fchle Nass fliegen sehen. Zur Beruhigung vorweg \u2013 Sie haben keinen Sonnenstich, hier wird &#8222;nur&#8220; Brauchtumspflege [&hellip;]","og_url":"https:\/\/www.salzburgerland.com\/de\/magazin\/sie-fliegen-wieder-die-dirndln-des-salzburger-trachtenerzeugers-gossl\/","og_site_name":"SalzburgerLand Magazin","article_publisher":"https:\/\/www.facebook.com\/salzburgerland\/","article_published_time":"2012-08-01T07:52:10+00:00","article_modified_time":"2025-04-08T12:52:48+00:00","og_image":[{"width":1426,"height":1600,"url":"https:\/\/www.salzburgerland.com\/de\/magazin\/wp-content\/uploads\/2012\/07\/Dindlflug.jpg","type":"image\/jpeg"}],"author":"Daniela J\u00e4ger","twitter_card":"summary_large_image","twitter_creator":"@Salzburgerland","twitter_site":"@Salzburgerland","twitter_misc":{"Verfasst von":"Daniela J\u00e4ger","Gesch\u00e4tzte Lesezeit":"3\u00a0Minuten"},"schema":{"@context":"https:\/\/schema.org","@graph":[{"@type":"Article","@id":"https:\/\/www.salzburgerland.com\/de\/magazin\/sie-fliegen-wieder-die-dirndln-des-salzburger-trachtenerzeugers-gossl\/#article","isPartOf":{"@id":"https:\/\/www.salzburgerland.com\/de\/magazin\/sie-fliegen-wieder-die-dirndln-des-salzburger-trachtenerzeugers-gossl\/"},"author":{"name":"Daniela J\u00e4ger","@id":"https:\/\/www.salzburgerland.com\/de\/magazin\/#\/schema\/person\/436a159c3d355745bb9190e3e7f6d897"},"headline":"Sie fliegen wieder &#8211; die Dirndln des Salzburger Trachtenerzeugers G\u00f6ssl","datePublished":"2012-08-01T07:52:10+00:00","dateModified":"2025-04-08T12:52:48+00:00","mainEntityOfPage":{"@id":"https:\/\/www.salzburgerland.com\/de\/magazin\/sie-fliegen-wieder-die-dirndln-des-salzburger-trachtenerzeugers-gossl\/"},"wordCount":401,"commentCount":0,"publisher":{"@id":"https:\/\/www.salzburgerland.com\/de\/magazin\/#organization"},"image":{"@id":"https:\/\/www.salzburgerland.com\/de\/magazin\/sie-fliegen-wieder-die-dirndln-des-salzburger-trachtenerzeugers-gossl\/#primaryimage"},"thumbnailUrl":"https:\/\/www.salzburgerland.com\/de\/magazin\/wp-content\/uploads\/2012\/07\/Dindlflug.jpg","articleSection":["Archiv"],"inLanguage":"de","potentialAction":[{"@type":"CommentAction","name":"Comment","target":["https:\/\/www.salzburgerland.com\/de\/magazin\/sie-fliegen-wieder-die-dirndln-des-salzburger-trachtenerzeugers-gossl\/#respond"]}]},{"@type":"WebPage","@id":"https:\/\/www.salzburgerland.com\/de\/magazin\/sie-fliegen-wieder-die-dirndln-des-salzburger-trachtenerzeugers-gossl\/","url":"https:\/\/www.salzburgerland.com\/de\/magazin\/sie-fliegen-wieder-die-dirndln-des-salzburger-trachtenerzeugers-gossl\/","name":"Sie fliegen wieder - die Dirndln des Salzburger Trachtenerzeugers G\u00f6ssl - SalzburgerLand Magazin","isPartOf":{"@id":"https:\/\/www.salzburgerland.com\/de\/magazin\/#website"},"primaryImageOfPage":{"@id":"https:\/\/www.salzburgerland.com\/de\/magazin\/sie-fliegen-wieder-die-dirndln-des-salzburger-trachtenerzeugers-gossl\/#primaryimage"},"image":{"@id":"https:\/\/www.salzburgerland.com\/de\/magazin\/sie-fliegen-wieder-die-dirndln-des-salzburger-trachtenerzeugers-gossl\/#primaryimage"},"thumbnailUrl":"https:\/\/www.salzburgerland.com\/de\/magazin\/wp-content\/uploads\/2012\/07\/Dindlflug.jpg","datePublished":"2012-08-01T07:52:10+00:00","dateModified":"2025-04-08T12:52:48+00:00","breadcrumb":{"@id":"https:\/\/www.salzburgerland.com\/de\/magazin\/sie-fliegen-wieder-die-dirndln-des-salzburger-trachtenerzeugers-gossl\/#breadcrumb"},"inLanguage":"de","potentialAction":[{"@type":"ReadAction","target":["https:\/\/www.salzburgerland.com\/de\/magazin\/sie-fliegen-wieder-die-dirndln-des-salzburger-trachtenerzeugers-gossl\/"]}]},{"@type":"ImageObject","inLanguage":"de","@id":"https:\/\/www.salzburgerland.com\/de\/magazin\/sie-fliegen-wieder-die-dirndln-des-salzburger-trachtenerzeugers-gossl\/#primaryimage","url":"https:\/\/www.salzburgerland.com\/de\/magazin\/wp-content\/uploads\/2012\/07\/Dindlflug.jpg","contentUrl":"https:\/\/www.salzburgerland.com\/de\/magazin\/wp-content\/uploads\/2012\/07\/Dindlflug.jpg","width":1426,"height":1600,"caption":"Eine Frau in einem lila Kleid springt hoch in die Luft \u00fcber einen ruhigen See mit Bergen im Hintergrund."},{"@type":"BreadcrumbList","@id":"https:\/\/www.salzburgerland.com\/de\/magazin\/sie-fliegen-wieder-die-dirndln-des-salzburger-trachtenerzeugers-gossl\/#breadcrumb","itemListElement":[{"@type":"ListItem","position":1,"name":"Startseite","item":"https:\/\/www.salzburgerland.com\/de\/magazin\/"},{"@type":"ListItem","position":2,"name":"Archiv","item":"https:\/\/www.salzburgerland.com\/de\/magazin\/thema\/archiv\/"},{"@type":"ListItem","position":3,"name":"Sie fliegen wieder &#8211; die Dirndln des Salzburger Trachtenerzeugers G\u00f6ssl"}]},{"@type":"WebSite","@id":"https:\/\/www.salzburgerland.com\/de\/magazin\/#website","url":"https:\/\/www.salzburgerland.com\/de\/magazin\/","name":"SalzburgerLand Magazin","description":"Geschichten und Interessantes aus dem SalzburgerLand","publisher":{"@id":"https:\/\/www.salzburgerland.com\/de\/magazin\/#organization"},"potentialAction":[{"@type":"SearchAction","target":{"@type":"EntryPoint","urlTemplate":"https:\/\/www.salzburgerland.com\/de\/magazin\/?s={search_term_string}"},"query-input":{"@type":"PropertyValueSpecification","valueRequired":true,"valueName":"search_term_string"}}],"inLanguage":"de"},{"@type":"Organization","@id":"https:\/\/www.salzburgerland.com\/de\/magazin\/#organization","name":"SalzburgerLand Tourismus","url":"https:\/\/www.salzburgerland.com\/de\/magazin\/","logo":{"@type":"ImageObject","inLanguage":"de","@id":"https:\/\/www.salzburgerland.com\/de\/magazin\/#\/schema\/logo\/image\/","url":"https:\/\/www.salzburgerland.com\/de\/magazin\/wp-content\/uploads\/2019\/06\/salzburgerland-logo1.jpg","contentUrl":"https:\/\/www.salzburgerland.com\/de\/magazin\/wp-content\/uploads\/2019\/06\/salzburgerland-logo1.jpg","width":2011,"height":866,"caption":"SalzburgerLand Tourismus"},"image":{"@id":"https:\/\/www.salzburgerland.com\/de\/magazin\/#\/schema\/logo\/image\/"},"sameAs":["https:\/\/www.facebook.com\/salzburgerland\/","https:\/\/x.com\/Salzburgerland","https:\/\/www.instagram.com\/salzburgerland\/","https:\/\/at.linkedin.com\/company\/salzburgerland-tourismus-gmbh","https:\/\/www.pinterest.at\/salzburgerland\/","https:\/\/www.youtube.com\/user\/salzburgerland","https:\/\/de.wikipedia.org\/wiki\/SalzburgerLand_Tourismus_GmbH"]},{"@type":"Person","@id":"https:\/\/www.salzburgerland.com\/de\/magazin\/#\/schema\/person\/436a159c3d355745bb9190e3e7f6d897","name":"Daniela J\u00e4ger","description":"Salzburg Stadt, SalzburgLand, Bad Ischl, Krems, St. P\u00f6lten, M\u00fcnchen, Wien und wieder retour. Daniela J\u00e4ger hat w\u00e4hrend ihrer Ausbildung und ersten Berufserfahrungen relativ wenig von der Welt, daf\u00fcr viel von \u00d6sterreich gesehen und wei\u00df - zu Hause im SalzburgerLand ist es doch am sch\u00f6nsten. Zur\u00fcckgekommen, um zu bleiben lautet also das Motto. Im M\u00e4rz 2009 in der Stadt Salzburg mit einer Marketing- und PR-Agentur selbstst\u00e4ndig gemacht hatte Daniela J\u00e4ger von Beginn an das Gl\u00fcck, der Heimat, der Tradition &amp; der Innovation verbundene Unternehmen ihre Kunden nennen zu d\u00fcrfen. In der Freizeit nutzt sie jede Gelegenheit, einen Berg zu erobern oder an einem der umliegenden Seen die Seele baumeln zu lassen und die Sch\u00f6nheit der Salzburger Natur zu jeder Jahreszeit voll und ganz auszukosten. Fragen mit Antworten von Daniela J\u00e4ger Fr\u00fchling, Sommer, Herbst oder Winter? Das wirklich Besondere bei uns sind die Jahreszeiten. Der Fr\u00fchling mit seinem Erwachen, der Sommer mit seiner Energie, der Herbst mit seiner Sinnlichkeit und der Winter mit seiner Ruhe - ich liebe sie alle! Luxushotel oder Almh\u00fctte? Da sag ich ganz klar zu keinem von beiden Nein. Jede dieser \"Herbergen\" haben ihren ganz besonderen Reiz und je nach Sehnsucht wird dort wie da entspannt und jeder auch noch so kurze Besuch wird zu Urlaubsfeeling pur. Gummistiefel oder Highheels? Bei meiner R\u00fcckkehr nach Salzburg waren auch meine Gummistiefel - nicht diese modischen Modestieferl, sondern die echten - mit im Gep\u00e4ck. Klar, im Salzburger Schn\u00fcrlregen habe ich nun endlich Grund, sie dauerzutragen. Aber auch mit atemberaubenden Highheels d\u00fcrfen meine F\u00fc\u00dfe ab und an au\u00dfer Haus. Kr\u00e4utertee oder Zirbenschnaps? Ein Zirberl in Ehren kann dieJ\u00e4gerin niemals verwehren - aber selbstverst\u00e4ndlich nur die, die auf legalem Weg kredenzt werden, denn der Zirbenzapfen steht unter Naturschutz. Doch auch ein guter Bio-Kr\u00e4utertee hat es etwas Magisches und tut unglaublich gut. Alpinski, Offpist oder Skitour? Alles was mit zwei Brettern unter den F\u00fc\u00dfen zu tun hat wird gemacht. Au\u00dfer im Sommer. Da tausche ich die Wasserski lieber gegen das Wakeboard. Einer der gro\u00dfen Vorteile am Leben im SalzburgerLand ist die N\u00e4he zu unz\u00e4hligen Skigebieten. Da kann man auch unter der Woche nach dem B\u00fcro die Tourenski anschnallen und noch schnell den D\u00fcrrnberg oder das Zw\u00f6lferhorn bezwingen. Und am Wochenende geht es dann zum Powdern und Carven in eines der gr\u00f6\u00dferen umliegenden Skigebiete.","url":"https:\/\/www.salzburgerland.com\/de\/magazin\/author\/daniela-jaeger\/"}]}},"_wl_alt_label":[],"wl:entity_url":"http:\/\/open.salzburgerland.com\/magazin\/post\/sie_fliegen_wieder_-_die_dirndln_des_salzburger_trachtenerzeugers_goessl","_links":{"self":[{"href":"https:\/\/www.salzburgerland.com\/de\/magazin\/wp-json\/wp\/v2\/posts\/23179","targetHints":{"allow":["GET"]}}],"collection":[{"href":"https:\/\/www.salzburgerland.com\/de\/magazin\/wp-json\/wp\/v2\/posts"}],"about":[{"href":"https:\/\/www.salzburgerland.com\/de\/magazin\/wp-json\/wp\/v2\/types\/post"}],"author":[{"embeddable":true,"href":"https:\/\/www.salzburgerland.com\/de\/magazin\/wp-json\/wp\/v2\/users\/12"}],"replies":[{"embeddable":true,"href":"https:\/\/www.salzburgerland.com\/de\/magazin\/wp-json\/wp\/v2\/comments?post=23179"}],"version-history":[{"count":1,"href":"https:\/\/www.salzburgerland.com\/de\/magazin\/wp-json\/wp\/v2\/posts\/23179\/revisions"}],"predecessor-version":[{"id":182044,"href":"https:\/\/www.salzburgerland.com\/de\/magazin\/wp-json\/wp\/v2\/posts\/23179\/revisions\/182044"}],"wp:featuredmedia":[{"embeddable":true,"href":"https:\/\/www.salzburgerland.com\/de\/magazin\/wp-json\/wp\/v2\/media\/23181"}],"wp:attachment":[{"href":"https:\/\/www.salzburgerland.com\/de\/magazin\/wp-json\/wp\/v2\/media?parent=23179"}],"wp:term":[{"taxonomy":"category","embeddable":true,"href":"https:\/\/www.salzburgerland.com\/de\/magazin\/wp-json\/wp\/v2\/categories?post=23179"},{"taxonomy":"post_tag","embeddable":true,"href":"https:\/\/www.salzburgerland.com\/de\/magazin\/wp-json\/wp\/v2\/tags?post=23179"},{"taxonomy":"wl_entity_type","embeddable":true,"href":"https:\/\/www.salzburgerland.com\/de\/magazin\/wp-json\/wp\/v2\/wl_entity_type?post=23179"},{"taxonomy":"monatsauswahl","embeddable":true,"href":"https:\/\/www.salzburgerland.com\/de\/magazin\/wp-json\/wp\/v2\/monatsauswahl?post=23179"}],"curies":[{"name":"wp","href":"https:\/\/api.w.org\/{rel}","templated":true}]}}