{"id":20995,"date":"2012-07-20T10:30:37","date_gmt":"2012-07-20T08:30:37","guid":{"rendered":"http:\/\/magazin.salzburgerland.com\/?p=20995"},"modified":"2023-06-22T10:02:03","modified_gmt":"2023-06-22T08:02:03","slug":"die-glockenstimmer-aus-dem-salzburgerland","status":"publish","type":"post","link":"https:\/\/www.salzburgerland.com\/de\/magazin\/die-glockenstimmer-aus-dem-salzburgerland\/","title":{"rendered":"Die Glockenstimmer aus dem SalzburgerLand"},"content":{"rendered":"<p>Es gibt ausgefallene und aussterbende Berufe. Scherenschleifer, Beutler, Seifensieder\u2026 Doch die bislang g\u00e4nzlich unbekannte Berufsgruppe der \u201eGlockenstimmer\u201c ist im SalzburgerLand trotz ihrer Arbeit im Verborgenen vom Aussterben weit entfernt.<\/p>\n<p>Hans und Hans wurden im letzten Jahr von einem Kamerateam bei ihrer \u201eArbeit\u201c begleitet und so wurde die Arbeit der Glockenstimmer erstmals einer breiten \u00d6ffentlichkeit pr\u00e4sentiert.<\/p>\n<p><a href=\"https:\/\/www.salzburgerland.com\/de\/magazin\/lifestyle\/die-glockenstimmer-aus-dem-salzburgerland\/attachment\/glockenstimmer3\/\" rel=\"attachment wp-att-21004\"><img loading=\"lazy\" decoding=\"async\" class=\"alignnone size-singlePost wp-image-21004\" title=\"glockenstimmer3\" src=\"https:\/\/www.salzburgerland.com\/de\/magazin\/wp-content\/uploads\/2012\/07\/glockenstimmer3-650x435.jpg\" alt=\"\" width=\"650\" height=\"435\"><\/a><\/p>\n<p>Es gibt sie nat\u00fcrlich nicht wirklich, die Glockenstimmer. Obwohl \u2013 es k\u00f6nnte sie durchaus geben. Denn man versteht es im SalzburgerLand nicht nur, die wundersch\u00f6ne Landschaft liebevoll zu pflegen sondern auch touristische Juwele mit Perfektion zum Gl\u00e4nzen zu bringen und geheime Logenpl\u00e4tze ins Licht zu r\u00fccken. Mit 1800 Almen, davon \u00fcber&nbsp;500 bewirtschafteten und 154 Almsommer-zertifizierten Almh\u00fctten, weist das SalzburgerLand die h\u00f6chste Dichte an Almen auf und man stimmt sich auf den Urlauber ein, um bei Beginn des Almsommers verk\u00fcnden zu k\u00f6nnen: Es ist angerichtet!<\/p>\n<p>Hans Nindl, der ehemalige Jagawirt aus Kaprun und Hans Hasenauer, der ehemalige B\u00e4renwirt aus Fusch k\u00f6nnten rein optisch Br\u00fcder sein. Urig und charmant sind die beiden \u2013 und vor allem authentisch. Mit Gesichtern, die vom Leben erz\u00e4hlen sind sie die neuen Stars und Botschafter des Almsommers und so stehen die beiden Pinzgauer, deren Leben immer von den Bergen, der Tradition und dem Tourismus bestimmt war, mit einem leichten Augenzwinkern f\u00fcr all jene, die sich f\u00fcr die Urlauber einstimmen auf den Almsommer.<\/p>\n<p><a href=\"https:\/\/www.salzburgerland.com\/de\/magazin\/lifestyle\/die-glockenstimmer-aus-dem-salzburgerland\/attachment\/glockenstimmer4\/\" rel=\"attachment wp-att-21005\"><img loading=\"lazy\" decoding=\"async\" class=\"alignnone size-singlePost wp-image-21005\" title=\"glockenstimmer4\" src=\"https:\/\/www.salzburgerland.com\/de\/magazin\/wp-content\/uploads\/2012\/07\/glockenstimmer4-650x435.jpg\" alt=\"\" width=\"650\" height=\"435\"><\/a><\/p>\n<p>Ein wahrer Preisregen prasselte auf die beiden neuen Stars des Almsommers f\u00fcr das Glockenstimmer-Video: Beim TAI Werbe Grand Prix wurden sie ausgezeichnet mit dem Swarovski Kristall Award in der Kategorie \u201eTV- und Radio-Spot\u201c und Gold gab es auch beim Salzburger Landespreis in der Kategorie \u201eWerbe- und PR Film\u201c. Stolz d\u00fcrfen die beiden Protagonisten auch auf \u00fcber 23.500 Klicks auf Youtube sein und meinen mit einem Augenzwinkern: \u201eWir sind einfach mit der Natur und dem Tourismus verbunden. F\u00fcr den Film haben sie wohl die urigsten Pinzgauer in uns gefunden. G\u00b4standene Mannsbilder halt.\u201c<\/p>\n<p>&nbsp;<\/p>\n<p><iframe loading=\"lazy\" title=\"Die Glockenstimmer aus dem SalzburgerLand\" width=\"640\" height=\"360\" src=\"https:\/\/www.youtube-nocookie.com\/embed\/P4y-eoFyq3E?feature=oembed&#038;rel=0&#038;modestbranding=1\" frameborder=\"0\" allow=\"accelerometer; autoplay; clipboard-write; encrypted-media; gyroscope; picture-in-picture; web-share\" referrerpolicy=\"strict-origin-when-cross-origin\" allowfullscreen><\/iframe><\/p>\n","protected":false},"excerpt":{"rendered":"<p>Es gibt ausgefallene und aussterbende Berufe. Scherenschleifer, Beutler, Seifensieder\u2026 Doch die bislang g\u00e4nzlich unbekannte Berufsgruppe der \u201eGlockenstimmer\u201c ist im SalzburgerLand trotz ihrer Arbeit im Verborgenen vom Aussterben weit entfernt. Hans und Hans wurden im letzten Jahr von einem Kamerateam bei ihrer \u201eArbeit\u201c begleitet und so wurde die Arbeit der Glockenstimmer erstmals einer breiten \u00d6ffentlichkeit pr\u00e4sentiert. [&hellip;]<\/p>\n","protected":false},"author":11,"featured_media":21003,"comment_status":"open","ping_status":"open","sticky":false,"template":"","format":"standard","meta":{"_acf_changed":false,"wl_entities_gutenberg":"","_wl_entity_redirect_enabled":"","footnotes":""},"categories":[7551],"tags":[],"wl_entity_type":[306],"monatsauswahl":[85,86,87,88,89,90],"class_list":["post-20995","post","type-post","status-publish","format-standard","has-post-thumbnail","hentry","category-archiv","wl_entity_type-article","monatsauswahl-monat_4","monatsauswahl-monat_5","monatsauswahl-monat_6","monatsauswahl-monat_7","monatsauswahl-monat_8","monatsauswahl-monat_9"],"acf":[],"yoast_head":"<!-- This site is optimized with the Yoast SEO Premium plugin v27.4 (Yoast SEO v27.4) - https:\/\/yoast.com\/product\/yoast-seo-premium-wordpress\/ -->\n<title>Die Glockenstimmer aus dem SalzburgerLand - SalzburgerLand Magazin<\/title>\n<meta name=\"description\" content=\"Es gibt ausgefallene und aussterbende Berufe. Scherenschleifer, Beutler, Seifensieder\u2026 Doch die bislang g\u00e4nzlich unbekannte Berufsgruppe der \u201eGlockenstimmer\u201c ist im SalzburgerLand trotz ihrer Arbeit im Verborgenen vom Aussterben weit entfernt. Hans und Hans wurden im letzten Jahr von einem Kamerateam bei ihrer \u201eArbeit\u201c begleitet und so wurde die Arbeit der Glockenstimmer erstmals einer breiten \u00d6ffentlichkeit pr\u00e4sentiert. [&hellip;]\" \/>\n<meta name=\"robots\" content=\"noindex, nofollow\" \/>\n<meta property=\"og:locale\" content=\"de_DE\" \/>\n<meta property=\"og:type\" content=\"article\" \/>\n<meta property=\"og:title\" content=\"Die Glockenstimmer aus dem SalzburgerLand\" \/>\n<meta property=\"og:description\" content=\"Es gibt ausgefallene und aussterbende Berufe. Scherenschleifer, Beutler, Seifensieder\u2026 Doch die bislang g\u00e4nzlich unbekannte Berufsgruppe der \u201eGlockenstimmer\u201c ist im SalzburgerLand trotz ihrer Arbeit im Verborgenen vom Aussterben weit entfernt. Hans und Hans wurden im letzten Jahr von einem Kamerateam bei ihrer \u201eArbeit\u201c begleitet und so wurde die Arbeit der Glockenstimmer erstmals einer breiten \u00d6ffentlichkeit pr\u00e4sentiert. [&hellip;]\" \/>\n<meta property=\"og:url\" content=\"https:\/\/www.salzburgerland.com\/de\/magazin\/die-glockenstimmer-aus-dem-salzburgerland\/\" \/>\n<meta property=\"og:site_name\" content=\"SalzburgerLand Magazin\" \/>\n<meta property=\"article:publisher\" content=\"https:\/\/www.facebook.com\/salzburgerland\/\" \/>\n<meta property=\"article:published_time\" content=\"2012-07-20T08:30:37+00:00\" \/>\n<meta property=\"article:modified_time\" content=\"2023-06-22T08:02:03+00:00\" \/>\n<meta property=\"og:image\" content=\"https:\/\/www.salzburgerland.com\/de\/magazin\/wp-content\/uploads\/2012\/07\/glockenstimmer1.jpg\" \/>\n\t<meta property=\"og:image:width\" content=\"929\" \/>\n\t<meta property=\"og:image:height\" content=\"514\" \/>\n\t<meta property=\"og:image:type\" content=\"image\/jpeg\" \/>\n<meta name=\"author\" content=\"Edith Danzer\" \/>\n<meta name=\"twitter:card\" content=\"summary_large_image\" \/>\n<meta name=\"twitter:creator\" content=\"@Salzburgerland\" \/>\n<meta name=\"twitter:site\" content=\"@Salzburgerland\" \/>\n<meta name=\"twitter:label1\" content=\"Verfasst von\" \/>\n\t<meta name=\"twitter:data1\" content=\"Edith Danzer\" \/>\n\t<meta name=\"twitter:label2\" content=\"Gesch\u00e4tzte Lesezeit\" \/>\n\t<meta name=\"twitter:data2\" content=\"3\u00a0Minuten\" \/>\n<script type=\"application\/ld+json\" class=\"yoast-schema-graph\">{\"@context\":\"https:\\\/\\\/schema.org\",\"@graph\":[{\"@type\":\"Article\",\"@id\":\"https:\\\/\\\/www.salzburgerland.com\\\/de\\\/magazin\\\/die-glockenstimmer-aus-dem-salzburgerland\\\/#article\",\"isPartOf\":{\"@id\":\"https:\\\/\\\/www.salzburgerland.com\\\/de\\\/magazin\\\/die-glockenstimmer-aus-dem-salzburgerland\\\/\"},\"author\":{\"name\":\"Edith Danzer\",\"@id\":\"https:\\\/\\\/www.salzburgerland.com\\\/de\\\/magazin\\\/#\\\/schema\\\/person\\\/79452c699c410aa31a119426313748de\"},\"headline\":\"Die Glockenstimmer aus dem SalzburgerLand\",\"datePublished\":\"2012-07-20T08:30:37+00:00\",\"dateModified\":\"2023-06-22T08:02:03+00:00\",\"mainEntityOfPage\":{\"@id\":\"https:\\\/\\\/www.salzburgerland.com\\\/de\\\/magazin\\\/die-glockenstimmer-aus-dem-salzburgerland\\\/\"},\"wordCount\":346,\"commentCount\":0,\"publisher\":{\"@id\":\"https:\\\/\\\/www.salzburgerland.com\\\/de\\\/magazin\\\/#organization\"},\"image\":{\"@id\":\"https:\\\/\\\/www.salzburgerland.com\\\/de\\\/magazin\\\/die-glockenstimmer-aus-dem-salzburgerland\\\/#primaryimage\"},\"thumbnailUrl\":\"https:\\\/\\\/www.salzburgerland.com\\\/de\\\/magazin\\\/wp-content\\\/uploads\\\/2012\\\/07\\\/glockenstimmer1.jpg\",\"articleSection\":[\"Archiv\"],\"inLanguage\":\"de\",\"potentialAction\":[{\"@type\":\"CommentAction\",\"name\":\"Comment\",\"target\":[\"https:\\\/\\\/www.salzburgerland.com\\\/de\\\/magazin\\\/die-glockenstimmer-aus-dem-salzburgerland\\\/#respond\"]}]},{\"@type\":\"WebPage\",\"@id\":\"https:\\\/\\\/www.salzburgerland.com\\\/de\\\/magazin\\\/die-glockenstimmer-aus-dem-salzburgerland\\\/\",\"url\":\"https:\\\/\\\/www.salzburgerland.com\\\/de\\\/magazin\\\/die-glockenstimmer-aus-dem-salzburgerland\\\/\",\"name\":\"Die Glockenstimmer aus dem SalzburgerLand - SalzburgerLand Magazin\",\"isPartOf\":{\"@id\":\"https:\\\/\\\/www.salzburgerland.com\\\/de\\\/magazin\\\/#website\"},\"primaryImageOfPage\":{\"@id\":\"https:\\\/\\\/www.salzburgerland.com\\\/de\\\/magazin\\\/die-glockenstimmer-aus-dem-salzburgerland\\\/#primaryimage\"},\"image\":{\"@id\":\"https:\\\/\\\/www.salzburgerland.com\\\/de\\\/magazin\\\/die-glockenstimmer-aus-dem-salzburgerland\\\/#primaryimage\"},\"thumbnailUrl\":\"https:\\\/\\\/www.salzburgerland.com\\\/de\\\/magazin\\\/wp-content\\\/uploads\\\/2012\\\/07\\\/glockenstimmer1.jpg\",\"datePublished\":\"2012-07-20T08:30:37+00:00\",\"dateModified\":\"2023-06-22T08:02:03+00:00\",\"breadcrumb\":{\"@id\":\"https:\\\/\\\/www.salzburgerland.com\\\/de\\\/magazin\\\/die-glockenstimmer-aus-dem-salzburgerland\\\/#breadcrumb\"},\"inLanguage\":\"de\",\"potentialAction\":[{\"@type\":\"ReadAction\",\"target\":[\"https:\\\/\\\/www.salzburgerland.com\\\/de\\\/magazin\\\/die-glockenstimmer-aus-dem-salzburgerland\\\/\"]}]},{\"@type\":\"ImageObject\",\"inLanguage\":\"de\",\"@id\":\"https:\\\/\\\/www.salzburgerland.com\\\/de\\\/magazin\\\/die-glockenstimmer-aus-dem-salzburgerland\\\/#primaryimage\",\"url\":\"https:\\\/\\\/www.salzburgerland.com\\\/de\\\/magazin\\\/wp-content\\\/uploads\\\/2012\\\/07\\\/glockenstimmer1.jpg\",\"contentUrl\":\"https:\\\/\\\/www.salzburgerland.com\\\/de\\\/magazin\\\/wp-content\\\/uploads\\\/2012\\\/07\\\/glockenstimmer1.jpg\",\"width\":929,\"height\":514,\"caption\":\"Zwei \u00e4ltere M\u00e4nner mit B\u00e4rten sitzen in einem rustikalen Holzzimmer und unterhalten sich an einem Tisch mit Tassen und Werkzeugen.\"},{\"@type\":\"BreadcrumbList\",\"@id\":\"https:\\\/\\\/www.salzburgerland.com\\\/de\\\/magazin\\\/die-glockenstimmer-aus-dem-salzburgerland\\\/#breadcrumb\",\"itemListElement\":[{\"@type\":\"ListItem\",\"position\":1,\"name\":\"Startseite\",\"item\":\"https:\\\/\\\/www.salzburgerland.com\\\/de\\\/magazin\\\/\"},{\"@type\":\"ListItem\",\"position\":2,\"name\":\"Archiv\",\"item\":\"https:\\\/\\\/www.salzburgerland.com\\\/de\\\/magazin\\\/thema\\\/archiv\\\/\"},{\"@type\":\"ListItem\",\"position\":3,\"name\":\"Die Glockenstimmer aus dem SalzburgerLand\"}]},{\"@type\":\"WebSite\",\"@id\":\"https:\\\/\\\/www.salzburgerland.com\\\/de\\\/magazin\\\/#website\",\"url\":\"https:\\\/\\\/www.salzburgerland.com\\\/de\\\/magazin\\\/\",\"name\":\"SalzburgerLand Magazin\",\"description\":\"Geschichten und Interessantes aus dem SalzburgerLand\",\"publisher\":{\"@id\":\"https:\\\/\\\/www.salzburgerland.com\\\/de\\\/magazin\\\/#organization\"},\"potentialAction\":[{\"@type\":\"SearchAction\",\"target\":{\"@type\":\"EntryPoint\",\"urlTemplate\":\"https:\\\/\\\/www.salzburgerland.com\\\/de\\\/magazin\\\/?s={search_term_string}\"},\"query-input\":{\"@type\":\"PropertyValueSpecification\",\"valueRequired\":true,\"valueName\":\"search_term_string\"}}],\"inLanguage\":\"de\"},{\"@type\":\"Organization\",\"@id\":\"https:\\\/\\\/www.salzburgerland.com\\\/de\\\/magazin\\\/#organization\",\"name\":\"SalzburgerLand Tourismus\",\"url\":\"https:\\\/\\\/www.salzburgerland.com\\\/de\\\/magazin\\\/\",\"logo\":{\"@type\":\"ImageObject\",\"inLanguage\":\"de\",\"@id\":\"https:\\\/\\\/www.salzburgerland.com\\\/de\\\/magazin\\\/#\\\/schema\\\/logo\\\/image\\\/\",\"url\":\"https:\\\/\\\/www.salzburgerland.com\\\/de\\\/magazin\\\/wp-content\\\/uploads\\\/2019\\\/06\\\/salzburgerland-logo1.jpg\",\"contentUrl\":\"https:\\\/\\\/www.salzburgerland.com\\\/de\\\/magazin\\\/wp-content\\\/uploads\\\/2019\\\/06\\\/salzburgerland-logo1.jpg\",\"width\":2011,\"height\":866,\"caption\":\"SalzburgerLand Tourismus\"},\"image\":{\"@id\":\"https:\\\/\\\/www.salzburgerland.com\\\/de\\\/magazin\\\/#\\\/schema\\\/logo\\\/image\\\/\"},\"sameAs\":[\"https:\\\/\\\/www.facebook.com\\\/salzburgerland\\\/\",\"https:\\\/\\\/x.com\\\/Salzburgerland\",\"https:\\\/\\\/www.instagram.com\\\/salzburgerland\\\/\",\"https:\\\/\\\/at.linkedin.com\\\/company\\\/salzburgerland-tourismus-gmbh\",\"https:\\\/\\\/www.pinterest.at\\\/salzburgerland\\\/\",\"https:\\\/\\\/www.youtube.com\\\/user\\\/salzburgerland\",\"https:\\\/\\\/de.wikipedia.org\\\/wiki\\\/SalzburgerLand_Tourismus_GmbH\"]},{\"@type\":\"Person\",\"@id\":\"https:\\\/\\\/www.salzburgerland.com\\\/de\\\/magazin\\\/#\\\/schema\\\/person\\\/79452c699c410aa31a119426313748de\",\"name\":\"Edith Danzer\",\"description\":\"Seit Jahren arbeite ich als freie Redakteurin und Fotografin im SalzburgerLand. Schreiben ist f\u00fcr mich nicht blo\u00df das Erstellen eines Textes. Es ist ein Komponieren einer wundervollen Melodie, ein Malen mit Buchstaben und Worten. Ich liebe die Begegnungen mit Menschen, die mir ihre Geschichte anvertrauen. Wenn man mich sucht, bin ich entweder am Schreibtisch (der auch mal am sonnigen H\u00fcttenbankerl stehen kann) oder mit meinem Husky-M\u00e4dl Ylvi am Berg, am See oder im Wald. Ich \u2026 \u2026 in ein paar Worten. \u2022 Lieber drau\u00dfen, als drinnen. \u2022 Lieber Norden, als S\u00fcden. \u2022 Lieber Buchstaben, als Zahlen. \u2022 Lieber Schnee, als Strand. \u2022 Lieber Berg, als Tal. \u2022 Lieber Nordlichter, als S\u00fcdseezauber. \u2022 Lieber H\u00fctte, als F\u00fcnfsternschuppen. \u2022 Lieber Hund, als Katze. \u2022 Lieber grader Michl, als falscher Fufzga. \u2022 Lieber mittendurch, als drumherum \u2022 Lieber Almleben, als Couchpotato\",\"url\":\"https:\\\/\\\/www.salzburgerland.com\\\/de\\\/magazin\\\/author\\\/edith-danzer\\\/\"}]}<\/script>\n<meta property=\"og:video\" content=\"https:\/\/www.youtube.com\/embed\/P4y-eoFyq3E\" \/>\n<meta property=\"og:video:type\" content=\"text\/html\" \/>\n<meta property=\"og:video:duration\" content=\"63\" \/>\n<meta property=\"og:video:width\" content=\"480\" \/>\n<meta property=\"og:video:height\" content=\"270\" \/>\n<meta property=\"ya:ovs:adult\" content=\"false\" \/>\n<meta property=\"ya:ovs:upload_date\" content=\"2012-07-20T08:30:37+00:00\" \/>\n<meta property=\"ya:ovs:allow_embed\" content=\"true\" \/>\n<!-- \/ Yoast SEO Premium plugin. -->","yoast_head_json":{"title":"Die Glockenstimmer aus dem SalzburgerLand - SalzburgerLand Magazin","description":"Es gibt ausgefallene und aussterbende Berufe. Scherenschleifer, Beutler, Seifensieder\u2026 Doch die bislang g\u00e4nzlich unbekannte Berufsgruppe der \u201eGlockenstimmer\u201c ist im SalzburgerLand trotz ihrer Arbeit im Verborgenen vom Aussterben weit entfernt. Hans und Hans wurden im letzten Jahr von einem Kamerateam bei ihrer \u201eArbeit\u201c begleitet und so wurde die Arbeit der Glockenstimmer erstmals einer breiten \u00d6ffentlichkeit pr\u00e4sentiert. [&hellip;]","robots":{"index":"noindex","follow":"nofollow"},"og_locale":"de_DE","og_type":"article","og_title":"Die Glockenstimmer aus dem SalzburgerLand","og_description":"Es gibt ausgefallene und aussterbende Berufe. Scherenschleifer, Beutler, Seifensieder\u2026 Doch die bislang g\u00e4nzlich unbekannte Berufsgruppe der \u201eGlockenstimmer\u201c ist im SalzburgerLand trotz ihrer Arbeit im Verborgenen vom Aussterben weit entfernt. Hans und Hans wurden im letzten Jahr von einem Kamerateam bei ihrer \u201eArbeit\u201c begleitet und so wurde die Arbeit der Glockenstimmer erstmals einer breiten \u00d6ffentlichkeit pr\u00e4sentiert. [&hellip;]","og_url":"https:\/\/www.salzburgerland.com\/de\/magazin\/die-glockenstimmer-aus-dem-salzburgerland\/","og_site_name":"SalzburgerLand Magazin","article_publisher":"https:\/\/www.facebook.com\/salzburgerland\/","article_published_time":"2012-07-20T08:30:37+00:00","article_modified_time":"2023-06-22T08:02:03+00:00","og_image":[{"width":929,"height":514,"url":"https:\/\/www.salzburgerland.com\/de\/magazin\/wp-content\/uploads\/2012\/07\/glockenstimmer1.jpg","type":"image\/jpeg"}],"author":"Edith Danzer","twitter_card":"summary_large_image","twitter_creator":"@Salzburgerland","twitter_site":"@Salzburgerland","twitter_misc":{"Verfasst von":"Edith Danzer","Gesch\u00e4tzte Lesezeit":"3\u00a0Minuten"},"schema":{"@context":"https:\/\/schema.org","@graph":[{"@type":"Article","@id":"https:\/\/www.salzburgerland.com\/de\/magazin\/die-glockenstimmer-aus-dem-salzburgerland\/#article","isPartOf":{"@id":"https:\/\/www.salzburgerland.com\/de\/magazin\/die-glockenstimmer-aus-dem-salzburgerland\/"},"author":{"name":"Edith Danzer","@id":"https:\/\/www.salzburgerland.com\/de\/magazin\/#\/schema\/person\/79452c699c410aa31a119426313748de"},"headline":"Die Glockenstimmer aus dem SalzburgerLand","datePublished":"2012-07-20T08:30:37+00:00","dateModified":"2023-06-22T08:02:03+00:00","mainEntityOfPage":{"@id":"https:\/\/www.salzburgerland.com\/de\/magazin\/die-glockenstimmer-aus-dem-salzburgerland\/"},"wordCount":346,"commentCount":0,"publisher":{"@id":"https:\/\/www.salzburgerland.com\/de\/magazin\/#organization"},"image":{"@id":"https:\/\/www.salzburgerland.com\/de\/magazin\/die-glockenstimmer-aus-dem-salzburgerland\/#primaryimage"},"thumbnailUrl":"https:\/\/www.salzburgerland.com\/de\/magazin\/wp-content\/uploads\/2012\/07\/glockenstimmer1.jpg","articleSection":["Archiv"],"inLanguage":"de","potentialAction":[{"@type":"CommentAction","name":"Comment","target":["https:\/\/www.salzburgerland.com\/de\/magazin\/die-glockenstimmer-aus-dem-salzburgerland\/#respond"]}]},{"@type":"WebPage","@id":"https:\/\/www.salzburgerland.com\/de\/magazin\/die-glockenstimmer-aus-dem-salzburgerland\/","url":"https:\/\/www.salzburgerland.com\/de\/magazin\/die-glockenstimmer-aus-dem-salzburgerland\/","name":"Die Glockenstimmer aus dem SalzburgerLand - SalzburgerLand Magazin","isPartOf":{"@id":"https:\/\/www.salzburgerland.com\/de\/magazin\/#website"},"primaryImageOfPage":{"@id":"https:\/\/www.salzburgerland.com\/de\/magazin\/die-glockenstimmer-aus-dem-salzburgerland\/#primaryimage"},"image":{"@id":"https:\/\/www.salzburgerland.com\/de\/magazin\/die-glockenstimmer-aus-dem-salzburgerland\/#primaryimage"},"thumbnailUrl":"https:\/\/www.salzburgerland.com\/de\/magazin\/wp-content\/uploads\/2012\/07\/glockenstimmer1.jpg","datePublished":"2012-07-20T08:30:37+00:00","dateModified":"2023-06-22T08:02:03+00:00","breadcrumb":{"@id":"https:\/\/www.salzburgerland.com\/de\/magazin\/die-glockenstimmer-aus-dem-salzburgerland\/#breadcrumb"},"inLanguage":"de","potentialAction":[{"@type":"ReadAction","target":["https:\/\/www.salzburgerland.com\/de\/magazin\/die-glockenstimmer-aus-dem-salzburgerland\/"]}]},{"@type":"ImageObject","inLanguage":"de","@id":"https:\/\/www.salzburgerland.com\/de\/magazin\/die-glockenstimmer-aus-dem-salzburgerland\/#primaryimage","url":"https:\/\/www.salzburgerland.com\/de\/magazin\/wp-content\/uploads\/2012\/07\/glockenstimmer1.jpg","contentUrl":"https:\/\/www.salzburgerland.com\/de\/magazin\/wp-content\/uploads\/2012\/07\/glockenstimmer1.jpg","width":929,"height":514,"caption":"Zwei \u00e4ltere M\u00e4nner mit B\u00e4rten sitzen in einem rustikalen Holzzimmer und unterhalten sich an einem Tisch mit Tassen und Werkzeugen."},{"@type":"BreadcrumbList","@id":"https:\/\/www.salzburgerland.com\/de\/magazin\/die-glockenstimmer-aus-dem-salzburgerland\/#breadcrumb","itemListElement":[{"@type":"ListItem","position":1,"name":"Startseite","item":"https:\/\/www.salzburgerland.com\/de\/magazin\/"},{"@type":"ListItem","position":2,"name":"Archiv","item":"https:\/\/www.salzburgerland.com\/de\/magazin\/thema\/archiv\/"},{"@type":"ListItem","position":3,"name":"Die Glockenstimmer aus dem SalzburgerLand"}]},{"@type":"WebSite","@id":"https:\/\/www.salzburgerland.com\/de\/magazin\/#website","url":"https:\/\/www.salzburgerland.com\/de\/magazin\/","name":"SalzburgerLand Magazin","description":"Geschichten und Interessantes aus dem SalzburgerLand","publisher":{"@id":"https:\/\/www.salzburgerland.com\/de\/magazin\/#organization"},"potentialAction":[{"@type":"SearchAction","target":{"@type":"EntryPoint","urlTemplate":"https:\/\/www.salzburgerland.com\/de\/magazin\/?s={search_term_string}"},"query-input":{"@type":"PropertyValueSpecification","valueRequired":true,"valueName":"search_term_string"}}],"inLanguage":"de"},{"@type":"Organization","@id":"https:\/\/www.salzburgerland.com\/de\/magazin\/#organization","name":"SalzburgerLand Tourismus","url":"https:\/\/www.salzburgerland.com\/de\/magazin\/","logo":{"@type":"ImageObject","inLanguage":"de","@id":"https:\/\/www.salzburgerland.com\/de\/magazin\/#\/schema\/logo\/image\/","url":"https:\/\/www.salzburgerland.com\/de\/magazin\/wp-content\/uploads\/2019\/06\/salzburgerland-logo1.jpg","contentUrl":"https:\/\/www.salzburgerland.com\/de\/magazin\/wp-content\/uploads\/2019\/06\/salzburgerland-logo1.jpg","width":2011,"height":866,"caption":"SalzburgerLand Tourismus"},"image":{"@id":"https:\/\/www.salzburgerland.com\/de\/magazin\/#\/schema\/logo\/image\/"},"sameAs":["https:\/\/www.facebook.com\/salzburgerland\/","https:\/\/x.com\/Salzburgerland","https:\/\/www.instagram.com\/salzburgerland\/","https:\/\/at.linkedin.com\/company\/salzburgerland-tourismus-gmbh","https:\/\/www.pinterest.at\/salzburgerland\/","https:\/\/www.youtube.com\/user\/salzburgerland","https:\/\/de.wikipedia.org\/wiki\/SalzburgerLand_Tourismus_GmbH"]},{"@type":"Person","@id":"https:\/\/www.salzburgerland.com\/de\/magazin\/#\/schema\/person\/79452c699c410aa31a119426313748de","name":"Edith Danzer","description":"Seit Jahren arbeite ich als freie Redakteurin und Fotografin im SalzburgerLand. Schreiben ist f\u00fcr mich nicht blo\u00df das Erstellen eines Textes. Es ist ein Komponieren einer wundervollen Melodie, ein Malen mit Buchstaben und Worten. Ich liebe die Begegnungen mit Menschen, die mir ihre Geschichte anvertrauen. Wenn man mich sucht, bin ich entweder am Schreibtisch (der auch mal am sonnigen H\u00fcttenbankerl stehen kann) oder mit meinem Husky-M\u00e4dl Ylvi am Berg, am See oder im Wald. Ich \u2026 \u2026 in ein paar Worten. \u2022 Lieber drau\u00dfen, als drinnen. \u2022 Lieber Norden, als S\u00fcden. \u2022 Lieber Buchstaben, als Zahlen. \u2022 Lieber Schnee, als Strand. \u2022 Lieber Berg, als Tal. \u2022 Lieber Nordlichter, als S\u00fcdseezauber. \u2022 Lieber H\u00fctte, als F\u00fcnfsternschuppen. \u2022 Lieber Hund, als Katze. \u2022 Lieber grader Michl, als falscher Fufzga. \u2022 Lieber mittendurch, als drumherum \u2022 Lieber Almleben, als Couchpotato","url":"https:\/\/www.salzburgerland.com\/de\/magazin\/author\/edith-danzer\/"}]},"og_video":"https:\/\/www.youtube.com\/embed\/P4y-eoFyq3E","og_video_type":"text\/html","og_video_duration":"63","og_video_width":"480","og_video_height":"270","ya_ovs_adult":"false","ya_ovs_upload_date":"2012-07-20T08:30:37+00:00","ya_ovs_allow_embed":"true"},"_wl_alt_label":[],"wl:entity_url":"http:\/\/open.salzburgerland.com\/magazin\/post\/die_glockenstimmer_aus_dem_salzburgerland","_links":{"self":[{"href":"https:\/\/www.salzburgerland.com\/de\/magazin\/wp-json\/wp\/v2\/posts\/20995","targetHints":{"allow":["GET"]}}],"collection":[{"href":"https:\/\/www.salzburgerland.com\/de\/magazin\/wp-json\/wp\/v2\/posts"}],"about":[{"href":"https:\/\/www.salzburgerland.com\/de\/magazin\/wp-json\/wp\/v2\/types\/post"}],"author":[{"embeddable":true,"href":"https:\/\/www.salzburgerland.com\/de\/magazin\/wp-json\/wp\/v2\/users\/11"}],"replies":[{"embeddable":true,"href":"https:\/\/www.salzburgerland.com\/de\/magazin\/wp-json\/wp\/v2\/comments?post=20995"}],"version-history":[{"count":2,"href":"https:\/\/www.salzburgerland.com\/de\/magazin\/wp-json\/wp\/v2\/posts\/20995\/revisions"}],"predecessor-version":[{"id":167780,"href":"https:\/\/www.salzburgerland.com\/de\/magazin\/wp-json\/wp\/v2\/posts\/20995\/revisions\/167780"}],"wp:featuredmedia":[{"embeddable":true,"href":"https:\/\/www.salzburgerland.com\/de\/magazin\/wp-json\/wp\/v2\/media\/21003"}],"wp:attachment":[{"href":"https:\/\/www.salzburgerland.com\/de\/magazin\/wp-json\/wp\/v2\/media?parent=20995"}],"wp:term":[{"taxonomy":"category","embeddable":true,"href":"https:\/\/www.salzburgerland.com\/de\/magazin\/wp-json\/wp\/v2\/categories?post=20995"},{"taxonomy":"post_tag","embeddable":true,"href":"https:\/\/www.salzburgerland.com\/de\/magazin\/wp-json\/wp\/v2\/tags?post=20995"},{"taxonomy":"wl_entity_type","embeddable":true,"href":"https:\/\/www.salzburgerland.com\/de\/magazin\/wp-json\/wp\/v2\/wl_entity_type?post=20995"},{"taxonomy":"monatsauswahl","embeddable":true,"href":"https:\/\/www.salzburgerland.com\/de\/magazin\/wp-json\/wp\/v2\/monatsauswahl?post=20995"}],"curies":[{"name":"wp","href":"https:\/\/api.w.org\/{rel}","templated":true}]}}