{"id":20045,"date":"2012-07-14T12:45:03","date_gmt":"2012-07-14T10:45:03","guid":{"rendered":"http:\/\/magazin.salzburgerland.com\/?p=20045"},"modified":"2019-06-26T20:41:13","modified_gmt":"2019-06-26T18:41:13","slug":"schokolade-zum-fruhstuck-im-lungau","status":"publish","type":"post","link":"https:\/\/www.salzburgerland.com\/de\/magazin\/schokolade-zum-fruhstuck-im-lungau\/","title":{"rendered":"Schokolade zum Fr\u00fchst\u00fcck im Lungau"},"content":{"rendered":"<p>Die Konditorei Josef Hochleitner f\u00fchrt <a title=\"Konditorei Hochleitner\" href=\"http:\/\/www.hochleitner.at\/\" target=\"_blank\" rel=\"noopener noreferrer\">Bernd Hochleitner<\/a>. Er ist der Mann f\u00fcr frisches Feingeb\u00e4ck. Um zwei Uhr fr\u00fch beginnt das Team der B\u00e4ckerei Hochleitner aus Natursauerteig und\u00a0 ohne Backmischungen Weckerl und Semmerl zu formen. Die gibt es dann nur in Tamsweg bei den Hochleitners, denn man legt Wert darauf, nur Kleinstmengen zu erzeugen. Je nach Saison werden heimische Spezialit\u00e4ten wie Zwetschkenfleck oder Marillenfleck angeboten.<\/p>\n<p>Die perfekte Fr\u00fchst\u00fcckslocation ist inkludiert: Der Schlosspark von <a title=\"Schloss Kuenburg\" href=\"http:\/\/www.salzburg.com\/wiki\/index.php\/Schloss_Kuenburg\" target=\"_blank\" rel=\"noopener noreferrer\">Schloss Kuenburg<\/a>. Gut, ein Schloss haben wir uns anders vorgestellt und einen Schlosspark auch. Der sieht n\u00e4mlich aus wie jeder Stadtpark. Perfekt ist der Spielplatz, da k\u00f6nnen die Kinder toben, w\u00e4hrend die Eltern in Ruhe fr\u00fchst\u00fccken.<\/p>\n<p>Zum Brunchen ist auch Fruchtjoghurt zu empfehlen. Alles aus regionalen Produkten zubereitet. F\u00fcr das Eis wird Lungauer Milch verwendet, auch hier kommen nur Naturprodukte und keine Mischungen zum Einsatz. Vanillecreme wird\u00a0 abgekocht und ohne Fertigprodukte zubereitet. Die Trinkschokolade, wie \u00a0z.B. Zimtschokolade mit Schlagobers, \u00a0ist nat\u00fcrlich auch aus eigener Produktion.<\/p>\n<p>Die Torten sind selbst gemacht \u2013 ebenso wie das Pralinen- und Schokoladensortiment, f\u00fcr das die Konditorei Hochleitner auch au\u00dferhalb Tamswegs bekannt ist. Hochleitner produziert f\u00fcr Wachauer Marillen, den Mohnhof oder Erd\u00e4pfelschokolade f\u00fcr Sch\u00f6nbichler.\u00a0 An au\u00dfergew\u00f6hnlichen Schokoladesorten wie Nougat mit Preiselbeeren oder Chili Orange kommt man nicht vorbei. Die m\u00fcssen mit.<\/p>\n<p>Chocolatier Caf\u00e9-Conditorei\u00a0Josef Hochleitner<br \/>\nKirchengasse 4-6<br \/>\n5580 Tamsweg<br \/>\nTel.\u00a0 +43 6474 2240<br \/>\n<a title=\"www.hochleitner.at\" href=\"http:\/\/www.hochleitner.at\" target=\"_blank\" rel=\"noopener noreferrer\">www.hochleitner.at<\/a><\/p>\n<div class=\"mag-gallery\"><div class=\"row\"><div class=\"col-6 col-sm-4\"><figure><a class=\"thumb-container\" href=\"https:\/\/www.salzburgerland.com\/de\/magazin\/wp-content\/uploads\/2012\/07\/Schokolade030-1280x1024.jpg\">\t<picture><source media=\"(min-width: 576px)\" srcset=\"https:\/\/www.salzburgerland.com\/de\/magazin\/wp-content\/uploads\/2012\/07\/Schokolade030-325x209.jpg 325w, https:\/\/www.salzburgerland.com\/de\/magazin\/wp-content\/uploads\/2012\/07\/Schokolade030-249x160.jpg 249w\" \/><source media=\"(min-width: 0)\" srcset=\"https:\/\/www.salzburgerland.com\/de\/magazin\/wp-content\/uploads\/2012\/07\/Schokolade030-249x160.jpg 249w, https:\/\/www.salzburgerland.com\/de\/magazin\/wp-content\/uploads\/2012\/07\/Schokolade030-325x209.jpg 325w\" \/><img decoding=\"async\" alt=\"Verschiedene Pralinen, Tr\u00fcffel und Schokoladentafeln werden in einem Gesch\u00e4ft mit beschrifteten Schildern und Geschenkverpackungen ausgestellt.\" src=\"https:\/\/www.salzburgerland.com\/de\/magazin\/wp-content\/uploads\/2012\/07\/Schokolade030.jpg\" \/>\t<\/picture><\/a><\/figure><\/div><div class=\"col-6 col-sm-4\"><figure><a class=\"thumb-container\" href=\"https:\/\/www.salzburgerland.com\/de\/magazin\/wp-content\/uploads\/2012\/07\/Schokolade027-1280x1024.jpg\">\t<picture><source media=\"(min-width: 576px)\" srcset=\"https:\/\/www.salzburgerland.com\/de\/magazin\/wp-content\/uploads\/2012\/07\/Schokolade027-325x209.jpg 325w, https:\/\/www.salzburgerland.com\/de\/magazin\/wp-content\/uploads\/2012\/07\/Schokolade027-249x160.jpg 249w\" \/><source media=\"(min-width: 0)\" srcset=\"https:\/\/www.salzburgerland.com\/de\/magazin\/wp-content\/uploads\/2012\/07\/Schokolade027-249x160.jpg 249w, https:\/\/www.salzburgerland.com\/de\/magazin\/wp-content\/uploads\/2012\/07\/Schokolade027-325x209.jpg 325w\" \/><img decoding=\"async\" alt=\"Eine Auswahl an Pralinen und Tr\u00fcffeln, die in einem Gesch\u00e4ft ausgestellt sind, mit Etiketten vor jeder Sorte.\" src=\"https:\/\/www.salzburgerland.com\/de\/magazin\/wp-content\/uploads\/2012\/07\/Schokolade027.jpg\" \/>\t<\/picture><\/a><\/figure><\/div><div class=\"col-6 col-sm-4\"><figure><a class=\"thumb-container\" href=\"https:\/\/www.salzburgerland.com\/de\/magazin\/wp-content\/uploads\/2012\/07\/Schlosspark0051-1280x1024.jpg\">\t<picture><source media=\"(min-width: 576px)\" srcset=\"https:\/\/www.salzburgerland.com\/de\/magazin\/wp-content\/uploads\/2012\/07\/Schlosspark0051-325x209.jpg 325w, https:\/\/www.salzburgerland.com\/de\/magazin\/wp-content\/uploads\/2012\/07\/Schlosspark0051-249x160.jpg 249w\" \/><source media=\"(min-width: 0)\" srcset=\"https:\/\/www.salzburgerland.com\/de\/magazin\/wp-content\/uploads\/2012\/07\/Schlosspark0051-249x160.jpg 249w, https:\/\/www.salzburgerland.com\/de\/magazin\/wp-content\/uploads\/2012\/07\/Schlosspark0051-325x209.jpg 325w\" \/><img decoding=\"async\" alt=\"Zwei M\u00e4dchen spielen auf einem Spielplatz; die eine sitzt auf einer Stange, w\u00e4hrend die andere kopf\u00fcber h\u00e4ngt, beide l\u00e4cheln.\" src=\"https:\/\/www.salzburgerland.com\/de\/magazin\/wp-content\/uploads\/2012\/07\/Schlosspark0051.jpg\" \/>\t<\/picture><\/a><\/figure><\/div><div class=\"col-6 col-sm-4\"><figure><a class=\"thumb-container\" href=\"https:\/\/www.salzburgerland.com\/de\/magazin\/wp-content\/uploads\/2012\/07\/Schokolade028-1280x1024.jpg\">\t<picture><source media=\"(min-width: 576px)\" srcset=\"https:\/\/www.salzburgerland.com\/de\/magazin\/wp-content\/uploads\/2012\/07\/Schokolade028-325x209.jpg 325w, https:\/\/www.salzburgerland.com\/de\/magazin\/wp-content\/uploads\/2012\/07\/Schokolade028-249x160.jpg 249w\" \/><source media=\"(min-width: 0)\" srcset=\"https:\/\/www.salzburgerland.com\/de\/magazin\/wp-content\/uploads\/2012\/07\/Schokolade028-249x160.jpg 249w, https:\/\/www.salzburgerland.com\/de\/magazin\/wp-content\/uploads\/2012\/07\/Schokolade028-325x209.jpg 325w\" \/><img decoding=\"async\" alt=\"da kann man nicht nein sagen\" src=\"https:\/\/www.salzburgerland.com\/de\/magazin\/wp-content\/uploads\/2012\/07\/Schokolade028-scaled.jpg\" \/>\t<\/picture><\/a><\/figure><\/div><div class=\"col-6 col-sm-4\"><figure><a class=\"thumb-container\" href=\"https:\/\/www.salzburgerland.com\/de\/magazin\/wp-content\/uploads\/2012\/07\/Schokolade026-1280x1024.jpg\">\t<picture><source media=\"(min-width: 576px)\" srcset=\"https:\/\/www.salzburgerland.com\/de\/magazin\/wp-content\/uploads\/2012\/07\/Schokolade026-325x209.jpg 325w, https:\/\/www.salzburgerland.com\/de\/magazin\/wp-content\/uploads\/2012\/07\/Schokolade026-249x160.jpg 249w\" \/><source media=\"(min-width: 0)\" srcset=\"https:\/\/www.salzburgerland.com\/de\/magazin\/wp-content\/uploads\/2012\/07\/Schokolade026-249x160.jpg 249w, https:\/\/www.salzburgerland.com\/de\/magazin\/wp-content\/uploads\/2012\/07\/Schokolade026-325x209.jpg 325w\" \/><img decoding=\"async\" alt=\"reiche Tortenauswahl\" src=\"https:\/\/www.salzburgerland.com\/de\/magazin\/wp-content\/uploads\/2012\/07\/Schokolade026-scaled.jpg\" \/>\t<\/picture><\/a><\/figure><\/div><div class=\"col-6 col-sm-4\"><figure><a class=\"thumb-container\" href=\"https:\/\/www.salzburgerland.com\/de\/magazin\/wp-content\/uploads\/2012\/07\/Schlosscafe021-1280x1024.jpg\">\t<picture><source media=\"(min-width: 576px)\" srcset=\"https:\/\/www.salzburgerland.com\/de\/magazin\/wp-content\/uploads\/2012\/07\/Schlosscafe021-325x209.jpg 325w, https:\/\/www.salzburgerland.com\/de\/magazin\/wp-content\/uploads\/2012\/07\/Schlosscafe021-249x160.jpg 249w\" \/><source media=\"(min-width: 0)\" srcset=\"https:\/\/www.salzburgerland.com\/de\/magazin\/wp-content\/uploads\/2012\/07\/Schlosscafe021-249x160.jpg 249w, https:\/\/www.salzburgerland.com\/de\/magazin\/wp-content\/uploads\/2012\/07\/Schlosscafe021-325x209.jpg 325w\" \/><img decoding=\"async\" alt=\"Kipferl schmecken immer\" src=\"https:\/\/www.salzburgerland.com\/de\/magazin\/wp-content\/uploads\/2012\/07\/Schlosscafe021-scaled.jpg\" \/>\t<\/picture><\/a><\/figure><\/div><div class=\"col-6 col-sm-4\"><figure><a class=\"thumb-container\" href=\"https:\/\/www.salzburgerland.com\/de\/magazin\/wp-content\/uploads\/2012\/07\/Schlosscafe019-1280x1024.jpg\">\t<picture><source media=\"(min-width: 576px)\" srcset=\"https:\/\/www.salzburgerland.com\/de\/magazin\/wp-content\/uploads\/2012\/07\/Schlosscafe019-325x209.jpg 325w, https:\/\/www.salzburgerland.com\/de\/magazin\/wp-content\/uploads\/2012\/07\/Schlosscafe019-249x160.jpg 249w\" \/><source media=\"(min-width: 0)\" srcset=\"https:\/\/www.salzburgerland.com\/de\/magazin\/wp-content\/uploads\/2012\/07\/Schlosscafe019-249x160.jpg 249w, https:\/\/www.salzburgerland.com\/de\/magazin\/wp-content\/uploads\/2012\/07\/Schlosscafe019-325x209.jpg 325w\" \/><img decoding=\"async\" alt=\"Frische Kipferl zum Fr\u00fchst\u00fcck\" src=\"https:\/\/www.salzburgerland.com\/de\/magazin\/wp-content\/uploads\/2012\/07\/Schlosscafe019-scaled.jpg\" \/>\t<\/picture><\/a><\/figure><\/div><div class=\"col-6 col-sm-4\"><figure><a class=\"thumb-container\" href=\"https:\/\/www.salzburgerland.com\/de\/magazin\/wp-content\/uploads\/2012\/07\/Schlosscafe017-1280x1024.jpg\">\t<picture><source media=\"(min-width: 576px)\" srcset=\"https:\/\/www.salzburgerland.com\/de\/magazin\/wp-content\/uploads\/2012\/07\/Schlosscafe017-325x209.jpg 325w, https:\/\/www.salzburgerland.com\/de\/magazin\/wp-content\/uploads\/2012\/07\/Schlosscafe017-249x160.jpg 249w\" \/><source media=\"(min-width: 0)\" srcset=\"https:\/\/www.salzburgerland.com\/de\/magazin\/wp-content\/uploads\/2012\/07\/Schlosscafe017-249x160.jpg 249w, https:\/\/www.salzburgerland.com\/de\/magazin\/wp-content\/uploads\/2012\/07\/Schlosscafe017-325x209.jpg 325w\" \/><img decoding=\"async\" alt=\"Joghurt mit Fr\u00fcchten\" src=\"https:\/\/www.salzburgerland.com\/de\/magazin\/wp-content\/uploads\/2012\/07\/Schlosscafe017-scaled.jpg\" \/>\t<\/picture><\/a><\/figure><\/div><div class=\"col-6 col-sm-4\"><figure><a class=\"thumb-container\" href=\"https:\/\/www.salzburgerland.com\/de\/magazin\/wp-content\/uploads\/2012\/07\/Schlosscafe013-1280x1024.jpg\">\t<picture><source media=\"(min-width: 576px)\" srcset=\"https:\/\/www.salzburgerland.com\/de\/magazin\/wp-content\/uploads\/2012\/07\/Schlosscafe013-325x209.jpg 325w, https:\/\/www.salzburgerland.com\/de\/magazin\/wp-content\/uploads\/2012\/07\/Schlosscafe013-249x160.jpg 249w\" \/><source media=\"(min-width: 0)\" srcset=\"https:\/\/www.salzburgerland.com\/de\/magazin\/wp-content\/uploads\/2012\/07\/Schlosscafe013-249x160.jpg 249w, https:\/\/www.salzburgerland.com\/de\/magazin\/wp-content\/uploads\/2012\/07\/Schlosscafe013-325x209.jpg 325w\" \/><img decoding=\"async\" alt=\"Eine l\u00e4chelnde Frau h\u00e4lt einen Teller mit Geb\u00e4ck im Freien in einem sonnigen Parkcaf\u00e9.\" src=\"https:\/\/www.salzburgerland.com\/de\/magazin\/wp-content\/uploads\/2012\/07\/Schlosscafe013.jpg\" \/>\t<\/picture><\/a><\/figure><\/div><div class=\"col-6 col-sm-4\"><figure><a class=\"thumb-container\" href=\"https:\/\/www.salzburgerland.com\/de\/magazin\/wp-content\/uploads\/2012\/07\/Schlosscafe012-1280x1024.jpg\">\t<picture><source media=\"(min-width: 576px)\" srcset=\"\" \/><source media=\"(min-width: 0)\" srcset=\"\" \/><img decoding=\"async\" alt=\"Eine Frau sitzt an einem Tisch im Freien mit Obstparfait unter einem gelb-wei\u00df gestreiften Sonnenschirm.\" src=\"https:\/\/www.salzburgerland.com\/de\/magazin\/wp-content\/uploads\/2012\/07\/Schlosscafe012-scaled.jpg\" \/>\t<\/picture><\/a><\/figure><\/div><div class=\"col-6 col-sm-4\"><figure><a class=\"thumb-container\" href=\"https:\/\/www.salzburgerland.com\/de\/magazin\/wp-content\/uploads\/2012\/07\/Schlosscafe010-1280x1024.jpg\">\t<picture><source media=\"(min-width: 576px)\" srcset=\"https:\/\/www.salzburgerland.com\/de\/magazin\/wp-content\/uploads\/2012\/07\/Schlosscafe010-325x209.jpg 325w, https:\/\/www.salzburgerland.com\/de\/magazin\/wp-content\/uploads\/2012\/07\/Schlosscafe010-249x160.jpg 249w\" \/><source media=\"(min-width: 0)\" srcset=\"https:\/\/www.salzburgerland.com\/de\/magazin\/wp-content\/uploads\/2012\/07\/Schlosscafe010-249x160.jpg 249w, https:\/\/www.salzburgerland.com\/de\/magazin\/wp-content\/uploads\/2012\/07\/Schlosscafe010-325x209.jpg 325w\" \/><img decoding=\"async\" alt=\"Entspannendes Ambiente\" src=\"https:\/\/www.salzburgerland.com\/de\/magazin\/wp-content\/uploads\/2012\/07\/Schlosscafe010-scaled.jpg\" \/>\t<\/picture><\/a><\/figure><\/div><div class=\"col-6 col-sm-4\"><figure><a class=\"thumb-container\" href=\"https:\/\/www.salzburgerland.com\/de\/magazin\/wp-content\/uploads\/2012\/07\/Schlosscafe008-1280x1024.jpg\">\t<picture><source media=\"(min-width: 576px)\" srcset=\"https:\/\/www.salzburgerland.com\/de\/magazin\/wp-content\/uploads\/2012\/07\/Schlosscafe008-325x209.jpg 325w, https:\/\/www.salzburgerland.com\/de\/magazin\/wp-content\/uploads\/2012\/07\/Schlosscafe008-249x160.jpg 249w\" \/><source media=\"(min-width: 0)\" srcset=\"https:\/\/www.salzburgerland.com\/de\/magazin\/wp-content\/uploads\/2012\/07\/Schlosscafe008-249x160.jpg 249w, https:\/\/www.salzburgerland.com\/de\/magazin\/wp-content\/uploads\/2012\/07\/Schlosscafe008-325x209.jpg 325w\" \/><img decoding=\"async\" alt=\"Bernd Hochleitner serviert seine frischen Weckerl\" src=\"https:\/\/www.salzburgerland.com\/de\/magazin\/wp-content\/uploads\/2012\/07\/Schlosscafe008-scaled.jpg\" \/>\t<\/picture><\/a><\/figure><\/div><div class=\"col-6 col-sm-4\"><figure><a class=\"thumb-container\" href=\"https:\/\/www.salzburgerland.com\/de\/magazin\/wp-content\/uploads\/2012\/07\/Schlosscafe007-1280x1024.jpg\">\t<picture><source media=\"(min-width: 576px)\" srcset=\"https:\/\/www.salzburgerland.com\/de\/magazin\/wp-content\/uploads\/2012\/07\/Schlosscafe007-325x209.jpg 325w, https:\/\/www.salzburgerland.com\/de\/magazin\/wp-content\/uploads\/2012\/07\/Schlosscafe007-249x160.jpg 249w\" \/><source media=\"(min-width: 0)\" srcset=\"https:\/\/www.salzburgerland.com\/de\/magazin\/wp-content\/uploads\/2012\/07\/Schlosscafe007-249x160.jpg 249w, https:\/\/www.salzburgerland.com\/de\/magazin\/wp-content\/uploads\/2012\/07\/Schlosscafe007-325x209.jpg 325w\" \/><img decoding=\"async\" alt=\"Ein Korb mit verschiedenen Br\u00f6tchen steht auf einem Tisch neben einer Speisekarte und einem Salzstreuer.\" src=\"https:\/\/www.salzburgerland.com\/de\/magazin\/wp-content\/uploads\/2012\/07\/Schlosscafe007-scaled.jpg\" \/>\t<\/picture><\/a><\/figure><\/div><\/div><\/div><figcaption><\/figcaption>\n","protected":false},"excerpt":{"rendered":"<p>Die Konditorei Josef Hochleitner f\u00fchrt Bernd Hochleitner. Er ist der Mann f\u00fcr frisches Feingeb\u00e4ck. Um zwei Uhr fr\u00fch beginnt das Team der B\u00e4ckerei Hochleitner aus Natursauerteig und\u00a0 ohne Backmischungen Weckerl und Semmerl zu formen. Die gibt es dann nur in Tamsweg bei den Hochleitners, denn man legt Wert darauf, nur Kleinstmengen zu erzeugen. Je nach [&hellip;]<\/p>\n","protected":false},"author":70,"featured_media":20062,"comment_status":"open","ping_status":"open","sticky":false,"template":"","format":"standard","meta":{"_acf_changed":false,"wl_entities_gutenberg":"","_wl_entity_redirect_enabled":"","footnotes":""},"categories":[3],"tags":[],"wl_entity_type":[306],"monatsauswahl":[82,83,84,85,86,87,88,89,90,91,92,93],"class_list":["post-20045","post","type-post","status-publish","format-standard","has-post-thumbnail","hentry","category-essen-trinken","wl_entity_type-article","monatsauswahl-monat_1","monatsauswahl-monat_2","monatsauswahl-monat_3","monatsauswahl-monat_4","monatsauswahl-monat_5","monatsauswahl-monat_6","monatsauswahl-monat_7","monatsauswahl-monat_8","monatsauswahl-monat_9","monatsauswahl-monat_10","monatsauswahl-monat_11","monatsauswahl-monat_12"],"acf":[],"yoast_head":"<!-- This site is optimized with the Yoast SEO Premium plugin v27.4 (Yoast SEO v27.4) - https:\/\/yoast.com\/product\/yoast-seo-premium-wordpress\/ -->\n<title>Schokolade zum Fr\u00fchst\u00fcck im Lungau - SalzburgerLand Magazin<\/title>\n<meta name=\"description\" content=\"Die Konditorei Josef Hochleitner f\u00fchrt Bernd Hochleitner. Er ist der Mann f\u00fcr frisches Feingeb\u00e4ck. Um zwei Uhr fr\u00fch beginnt das Team der B\u00e4ckerei Hochleitner aus Natursauerteig und\u00a0 ohne Backmischungen Weckerl und Semmerl zu formen. Die gibt es dann nur in Tamsweg bei den Hochleitners, denn man legt Wert darauf, nur Kleinstmengen zu erzeugen. Je nach [&hellip;]\" \/>\n<meta name=\"robots\" content=\"index, follow, max-snippet:-1, max-image-preview:large, max-video-preview:-1\" \/>\n<link rel=\"canonical\" href=\"https:\/\/www.salzburgerland.com\/de\/magazin\/schokolade-zum-fruhstuck-im-lungau\/\" \/>\n<meta property=\"og:locale\" content=\"de_DE\" \/>\n<meta property=\"og:type\" content=\"article\" \/>\n<meta property=\"og:title\" content=\"Schokolade zum Fr\u00fchst\u00fcck im Lungau\" \/>\n<meta property=\"og:description\" content=\"Die Konditorei Josef Hochleitner f\u00fchrt Bernd Hochleitner. Er ist der Mann f\u00fcr frisches Feingeb\u00e4ck. Um zwei Uhr fr\u00fch beginnt das Team der B\u00e4ckerei Hochleitner aus Natursauerteig und\u00a0 ohne Backmischungen Weckerl und Semmerl zu formen. Die gibt es dann nur in Tamsweg bei den Hochleitners, denn man legt Wert darauf, nur Kleinstmengen zu erzeugen. Je nach [&hellip;]\" \/>\n<meta property=\"og:url\" content=\"https:\/\/www.salzburgerland.com\/de\/magazin\/schokolade-zum-fruhstuck-im-lungau\/\" \/>\n<meta property=\"og:site_name\" content=\"SalzburgerLand Magazin\" \/>\n<meta property=\"article:publisher\" content=\"https:\/\/www.facebook.com\/salzburgerland\/\" \/>\n<meta property=\"article:published_time\" content=\"2012-07-14T10:45:03+00:00\" \/>\n<meta property=\"article:modified_time\" content=\"2019-06-26T18:41:13+00:00\" \/>\n<meta property=\"og:image\" content=\"https:\/\/www.salzburgerland.com\/de\/magazin\/wp-content\/uploads\/2012\/07\/Schlosscafe010.jpg\" \/>\n\t<meta property=\"og:image:width\" content=\"3543\" \/>\n\t<meta property=\"og:image:height\" content=\"2362\" \/>\n\t<meta property=\"og:image:type\" content=\"image\/jpeg\" \/>\n<meta name=\"author\" content=\"Doris Wild\" \/>\n<meta name=\"twitter:card\" content=\"summary_large_image\" \/>\n<meta name=\"twitter:creator\" content=\"@Salzburgerland\" \/>\n<meta name=\"twitter:site\" content=\"@Salzburgerland\" \/>\n<meta name=\"twitter:label1\" content=\"Verfasst von\" \/>\n\t<meta name=\"twitter:data1\" content=\"Doris Wild\" \/>\n\t<meta name=\"twitter:label2\" content=\"Gesch\u00e4tzte Lesezeit\" \/>\n\t<meta name=\"twitter:data2\" content=\"1\u00a0Minute\" \/>\n<script type=\"application\/ld+json\" class=\"yoast-schema-graph\">{\"@context\":\"https:\\\/\\\/schema.org\",\"@graph\":[{\"@type\":\"Article\",\"@id\":\"https:\\\/\\\/www.salzburgerland.com\\\/de\\\/magazin\\\/schokolade-zum-fruhstuck-im-lungau\\\/#article\",\"isPartOf\":{\"@id\":\"https:\\\/\\\/www.salzburgerland.com\\\/de\\\/magazin\\\/schokolade-zum-fruhstuck-im-lungau\\\/\"},\"author\":{\"name\":\"Doris Wild\",\"@id\":\"https:\\\/\\\/www.salzburgerland.com\\\/de\\\/magazin\\\/#\\\/schema\\\/person\\\/3c02fe460374aa9e0ef912270ae0b92c\"},\"headline\":\"Schokolade zum Fr\u00fchst\u00fcck im Lungau\",\"datePublished\":\"2012-07-14T10:45:03+00:00\",\"dateModified\":\"2019-06-26T18:41:13+00:00\",\"mainEntityOfPage\":{\"@id\":\"https:\\\/\\\/www.salzburgerland.com\\\/de\\\/magazin\\\/schokolade-zum-fruhstuck-im-lungau\\\/\"},\"wordCount\":253,\"commentCount\":0,\"publisher\":{\"@id\":\"https:\\\/\\\/www.salzburgerland.com\\\/de\\\/magazin\\\/#organization\"},\"image\":{\"@id\":\"https:\\\/\\\/www.salzburgerland.com\\\/de\\\/magazin\\\/schokolade-zum-fruhstuck-im-lungau\\\/#primaryimage\"},\"thumbnailUrl\":\"https:\\\/\\\/www.salzburgerland.com\\\/de\\\/magazin\\\/wp-content\\\/uploads\\\/2012\\\/07\\\/Schlosscafe010-scaled.jpg\",\"articleSection\":[\"Essen &amp; Trinken\"],\"inLanguage\":\"de\",\"potentialAction\":[{\"@type\":\"CommentAction\",\"name\":\"Comment\",\"target\":[\"https:\\\/\\\/www.salzburgerland.com\\\/de\\\/magazin\\\/schokolade-zum-fruhstuck-im-lungau\\\/#respond\"]}]},{\"@type\":\"WebPage\",\"@id\":\"https:\\\/\\\/www.salzburgerland.com\\\/de\\\/magazin\\\/schokolade-zum-fruhstuck-im-lungau\\\/\",\"url\":\"https:\\\/\\\/www.salzburgerland.com\\\/de\\\/magazin\\\/schokolade-zum-fruhstuck-im-lungau\\\/\",\"name\":\"Schokolade zum Fr\u00fchst\u00fcck im Lungau - SalzburgerLand Magazin\",\"isPartOf\":{\"@id\":\"https:\\\/\\\/www.salzburgerland.com\\\/de\\\/magazin\\\/#website\"},\"primaryImageOfPage\":{\"@id\":\"https:\\\/\\\/www.salzburgerland.com\\\/de\\\/magazin\\\/schokolade-zum-fruhstuck-im-lungau\\\/#primaryimage\"},\"image\":{\"@id\":\"https:\\\/\\\/www.salzburgerland.com\\\/de\\\/magazin\\\/schokolade-zum-fruhstuck-im-lungau\\\/#primaryimage\"},\"thumbnailUrl\":\"https:\\\/\\\/www.salzburgerland.com\\\/de\\\/magazin\\\/wp-content\\\/uploads\\\/2012\\\/07\\\/Schlosscafe010-scaled.jpg\",\"datePublished\":\"2012-07-14T10:45:03+00:00\",\"dateModified\":\"2019-06-26T18:41:13+00:00\",\"breadcrumb\":{\"@id\":\"https:\\\/\\\/www.salzburgerland.com\\\/de\\\/magazin\\\/schokolade-zum-fruhstuck-im-lungau\\\/#breadcrumb\"},\"inLanguage\":\"de\",\"potentialAction\":[{\"@type\":\"ReadAction\",\"target\":[\"https:\\\/\\\/www.salzburgerland.com\\\/de\\\/magazin\\\/schokolade-zum-fruhstuck-im-lungau\\\/\"]}]},{\"@type\":\"ImageObject\",\"inLanguage\":\"de\",\"@id\":\"https:\\\/\\\/www.salzburgerland.com\\\/de\\\/magazin\\\/schokolade-zum-fruhstuck-im-lungau\\\/#primaryimage\",\"url\":\"https:\\\/\\\/www.salzburgerland.com\\\/de\\\/magazin\\\/wp-content\\\/uploads\\\/2012\\\/07\\\/Schlosscafe010-scaled.jpg\",\"contentUrl\":\"https:\\\/\\\/www.salzburgerland.com\\\/de\\\/magazin\\\/wp-content\\\/uploads\\\/2012\\\/07\\\/Schlosscafe010-scaled.jpg\",\"width\":3543,\"height\":2362,\"caption\":\"Entspannendes Ambiente\"},{\"@type\":\"BreadcrumbList\",\"@id\":\"https:\\\/\\\/www.salzburgerland.com\\\/de\\\/magazin\\\/schokolade-zum-fruhstuck-im-lungau\\\/#breadcrumb\",\"itemListElement\":[{\"@type\":\"ListItem\",\"position\":1,\"name\":\"Startseite\",\"item\":\"https:\\\/\\\/www.salzburgerland.com\\\/de\\\/magazin\\\/\"},{\"@type\":\"ListItem\",\"position\":2,\"name\":\"Essen &amp; Trinken\",\"item\":\"https:\\\/\\\/www.salzburgerland.com\\\/de\\\/magazin\\\/thema\\\/essen-trinken\\\/\"},{\"@type\":\"ListItem\",\"position\":3,\"name\":\"Schokolade zum Fr\u00fchst\u00fcck im Lungau\"}]},{\"@type\":\"WebSite\",\"@id\":\"https:\\\/\\\/www.salzburgerland.com\\\/de\\\/magazin\\\/#website\",\"url\":\"https:\\\/\\\/www.salzburgerland.com\\\/de\\\/magazin\\\/\",\"name\":\"SalzburgerLand Magazin\",\"description\":\"Geschichten und Interessantes aus dem SalzburgerLand\",\"publisher\":{\"@id\":\"https:\\\/\\\/www.salzburgerland.com\\\/de\\\/magazin\\\/#organization\"},\"potentialAction\":[{\"@type\":\"SearchAction\",\"target\":{\"@type\":\"EntryPoint\",\"urlTemplate\":\"https:\\\/\\\/www.salzburgerland.com\\\/de\\\/magazin\\\/?s={search_term_string}\"},\"query-input\":{\"@type\":\"PropertyValueSpecification\",\"valueRequired\":true,\"valueName\":\"search_term_string\"}}],\"inLanguage\":\"de\"},{\"@type\":\"Organization\",\"@id\":\"https:\\\/\\\/www.salzburgerland.com\\\/de\\\/magazin\\\/#organization\",\"name\":\"SalzburgerLand Tourismus\",\"url\":\"https:\\\/\\\/www.salzburgerland.com\\\/de\\\/magazin\\\/\",\"logo\":{\"@type\":\"ImageObject\",\"inLanguage\":\"de\",\"@id\":\"https:\\\/\\\/www.salzburgerland.com\\\/de\\\/magazin\\\/#\\\/schema\\\/logo\\\/image\\\/\",\"url\":\"https:\\\/\\\/www.salzburgerland.com\\\/de\\\/magazin\\\/wp-content\\\/uploads\\\/2019\\\/06\\\/salzburgerland-logo1.jpg\",\"contentUrl\":\"https:\\\/\\\/www.salzburgerland.com\\\/de\\\/magazin\\\/wp-content\\\/uploads\\\/2019\\\/06\\\/salzburgerland-logo1.jpg\",\"width\":2011,\"height\":866,\"caption\":\"SalzburgerLand Tourismus\"},\"image\":{\"@id\":\"https:\\\/\\\/www.salzburgerland.com\\\/de\\\/magazin\\\/#\\\/schema\\\/logo\\\/image\\\/\"},\"sameAs\":[\"https:\\\/\\\/www.facebook.com\\\/salzburgerland\\\/\",\"https:\\\/\\\/x.com\\\/Salzburgerland\",\"https:\\\/\\\/www.instagram.com\\\/salzburgerland\\\/\",\"https:\\\/\\\/at.linkedin.com\\\/company\\\/salzburgerland-tourismus-gmbh\",\"https:\\\/\\\/www.pinterest.at\\\/salzburgerland\\\/\",\"https:\\\/\\\/www.youtube.com\\\/user\\\/salzburgerland\",\"https:\\\/\\\/de.wikipedia.org\\\/wiki\\\/SalzburgerLand_Tourismus_GmbH\"]},{\"@type\":\"Person\",\"@id\":\"https:\\\/\\\/www.salzburgerland.com\\\/de\\\/magazin\\\/#\\\/schema\\\/person\\\/3c02fe460374aa9e0ef912270ae0b92c\",\"name\":\"Doris Wild\",\"description\":\"Doris Wild ist Eventfotografin und Societyjournalistin und hat jetzt mit ihrer Agentur auch den Videojournalismus als zus\u00e4tzliches Standbein entdeckt. Nach 20 Jahren tagesaktueller Berichterstattung sind Blicke hinter die Kulissen der Event-Society und Modewelt die logische Konsequenz. Fragen mit Antworten von Doris Wild Morgen- oder Abendmensch? Vor 8.00 fr\u00fch holt mich nicht einmal der tollste Sonnenaufgang aus den Federn. Dass Fotografen die Morgensonne nutzen sollten \u2013 mag sein. Events finden selten im weichen Morgenlicht statt. Und zur blauen Stunde mache ich die besten Bilder. Weltliteratur oder Tratsch &amp; Klatsch? Man kann das kombinieren. Im Urlaub mal den dicken Schm\u00f6ker, in den Kaffeepausen die Regenbogenzeitschriften. Man muss schlie\u00dflich am Laufenden bleiben, um die Prinzessinnen und Medienstars zu erkennen, wenn sie im Salzburgerland urlauben. Kr\u00e4utertee oder Zirbenschnaps? Ich bin Antialkoholikerin und steh dazu. Ist als Societyfotografin wahrscheinlich die einzige M\u00f6glichkeit zu \u00fcberleben. Golfplatz oder Klettergarten? Klettergarten nat\u00fcrlich. Ich brauch Action. Funsport ist meine Devise! Am besten t\u00e4glich was Neues. Der Herausforderung Golf stelle ich mich sp\u00e4ter. Viel sp\u00e4ter. Dirndl oder Bustierkleid? Jetzt reicht\u00b4s aber. Wie wenn man sich so einfach entscheiden k\u00f6nnte! Mit drei \u00fcbervollen Kleiderschr\u00e4nken und der Ambition sich t\u00e4glich modisch neu zu erfinden, lassen sich diese Fragen nicht beantworten. Das ist anlass- und stimmungsbezogen unterschiedlich. Und \u00fcberhaupt: Auf Kleider steh ich nicht so. Also im Zweifelsfall: Lederhose mit Sneakers. Ausstellung oder Bergpanorama? Das seh ich ganz pragmatisch. Ich komme dort hin, wo mich meine Auftr\u00e4ge hinf\u00fchren. Das ist heute die Vernissage und morgen der Berggipfel. Genau das macht meinen Beruf so spannend und t\u00e4glich anders. Ich will alles.\",\"url\":\"https:\\\/\\\/www.salzburgerland.com\\\/de\\\/magazin\\\/author\\\/doris-wild\\\/\"}]}<\/script>\n<!-- \/ Yoast SEO Premium plugin. -->","yoast_head_json":{"title":"Schokolade zum Fr\u00fchst\u00fcck im Lungau - SalzburgerLand Magazin","description":"Die Konditorei Josef Hochleitner f\u00fchrt Bernd Hochleitner. Er ist der Mann f\u00fcr frisches Feingeb\u00e4ck. Um zwei Uhr fr\u00fch beginnt das Team der B\u00e4ckerei Hochleitner aus Natursauerteig und\u00a0 ohne Backmischungen Weckerl und Semmerl zu formen. Die gibt es dann nur in Tamsweg bei den Hochleitners, denn man legt Wert darauf, nur Kleinstmengen zu erzeugen. Je nach [&hellip;]","robots":{"index":"index","follow":"follow","max-snippet":"max-snippet:-1","max-image-preview":"max-image-preview:large","max-video-preview":"max-video-preview:-1"},"canonical":"https:\/\/www.salzburgerland.com\/de\/magazin\/schokolade-zum-fruhstuck-im-lungau\/","og_locale":"de_DE","og_type":"article","og_title":"Schokolade zum Fr\u00fchst\u00fcck im Lungau","og_description":"Die Konditorei Josef Hochleitner f\u00fchrt Bernd Hochleitner. Er ist der Mann f\u00fcr frisches Feingeb\u00e4ck. Um zwei Uhr fr\u00fch beginnt das Team der B\u00e4ckerei Hochleitner aus Natursauerteig und\u00a0 ohne Backmischungen Weckerl und Semmerl zu formen. Die gibt es dann nur in Tamsweg bei den Hochleitners, denn man legt Wert darauf, nur Kleinstmengen zu erzeugen. Je nach [&hellip;]","og_url":"https:\/\/www.salzburgerland.com\/de\/magazin\/schokolade-zum-fruhstuck-im-lungau\/","og_site_name":"SalzburgerLand Magazin","article_publisher":"https:\/\/www.facebook.com\/salzburgerland\/","article_published_time":"2012-07-14T10:45:03+00:00","article_modified_time":"2019-06-26T18:41:13+00:00","og_image":[{"width":3543,"height":2362,"url":"https:\/\/www.salzburgerland.com\/de\/magazin\/wp-content\/uploads\/2012\/07\/Schlosscafe010.jpg","type":"image\/jpeg"}],"author":"Doris Wild","twitter_card":"summary_large_image","twitter_creator":"@Salzburgerland","twitter_site":"@Salzburgerland","twitter_misc":{"Verfasst von":"Doris Wild","Gesch\u00e4tzte Lesezeit":"1\u00a0Minute"},"schema":{"@context":"https:\/\/schema.org","@graph":[{"@type":"Article","@id":"https:\/\/www.salzburgerland.com\/de\/magazin\/schokolade-zum-fruhstuck-im-lungau\/#article","isPartOf":{"@id":"https:\/\/www.salzburgerland.com\/de\/magazin\/schokolade-zum-fruhstuck-im-lungau\/"},"author":{"name":"Doris Wild","@id":"https:\/\/www.salzburgerland.com\/de\/magazin\/#\/schema\/person\/3c02fe460374aa9e0ef912270ae0b92c"},"headline":"Schokolade zum Fr\u00fchst\u00fcck im Lungau","datePublished":"2012-07-14T10:45:03+00:00","dateModified":"2019-06-26T18:41:13+00:00","mainEntityOfPage":{"@id":"https:\/\/www.salzburgerland.com\/de\/magazin\/schokolade-zum-fruhstuck-im-lungau\/"},"wordCount":253,"commentCount":0,"publisher":{"@id":"https:\/\/www.salzburgerland.com\/de\/magazin\/#organization"},"image":{"@id":"https:\/\/www.salzburgerland.com\/de\/magazin\/schokolade-zum-fruhstuck-im-lungau\/#primaryimage"},"thumbnailUrl":"https:\/\/www.salzburgerland.com\/de\/magazin\/wp-content\/uploads\/2012\/07\/Schlosscafe010-scaled.jpg","articleSection":["Essen &amp; Trinken"],"inLanguage":"de","potentialAction":[{"@type":"CommentAction","name":"Comment","target":["https:\/\/www.salzburgerland.com\/de\/magazin\/schokolade-zum-fruhstuck-im-lungau\/#respond"]}]},{"@type":"WebPage","@id":"https:\/\/www.salzburgerland.com\/de\/magazin\/schokolade-zum-fruhstuck-im-lungau\/","url":"https:\/\/www.salzburgerland.com\/de\/magazin\/schokolade-zum-fruhstuck-im-lungau\/","name":"Schokolade zum Fr\u00fchst\u00fcck im Lungau - SalzburgerLand Magazin","isPartOf":{"@id":"https:\/\/www.salzburgerland.com\/de\/magazin\/#website"},"primaryImageOfPage":{"@id":"https:\/\/www.salzburgerland.com\/de\/magazin\/schokolade-zum-fruhstuck-im-lungau\/#primaryimage"},"image":{"@id":"https:\/\/www.salzburgerland.com\/de\/magazin\/schokolade-zum-fruhstuck-im-lungau\/#primaryimage"},"thumbnailUrl":"https:\/\/www.salzburgerland.com\/de\/magazin\/wp-content\/uploads\/2012\/07\/Schlosscafe010-scaled.jpg","datePublished":"2012-07-14T10:45:03+00:00","dateModified":"2019-06-26T18:41:13+00:00","breadcrumb":{"@id":"https:\/\/www.salzburgerland.com\/de\/magazin\/schokolade-zum-fruhstuck-im-lungau\/#breadcrumb"},"inLanguage":"de","potentialAction":[{"@type":"ReadAction","target":["https:\/\/www.salzburgerland.com\/de\/magazin\/schokolade-zum-fruhstuck-im-lungau\/"]}]},{"@type":"ImageObject","inLanguage":"de","@id":"https:\/\/www.salzburgerland.com\/de\/magazin\/schokolade-zum-fruhstuck-im-lungau\/#primaryimage","url":"https:\/\/www.salzburgerland.com\/de\/magazin\/wp-content\/uploads\/2012\/07\/Schlosscafe010-scaled.jpg","contentUrl":"https:\/\/www.salzburgerland.com\/de\/magazin\/wp-content\/uploads\/2012\/07\/Schlosscafe010-scaled.jpg","width":3543,"height":2362,"caption":"Entspannendes Ambiente"},{"@type":"BreadcrumbList","@id":"https:\/\/www.salzburgerland.com\/de\/magazin\/schokolade-zum-fruhstuck-im-lungau\/#breadcrumb","itemListElement":[{"@type":"ListItem","position":1,"name":"Startseite","item":"https:\/\/www.salzburgerland.com\/de\/magazin\/"},{"@type":"ListItem","position":2,"name":"Essen &amp; Trinken","item":"https:\/\/www.salzburgerland.com\/de\/magazin\/thema\/essen-trinken\/"},{"@type":"ListItem","position":3,"name":"Schokolade zum Fr\u00fchst\u00fcck im Lungau"}]},{"@type":"WebSite","@id":"https:\/\/www.salzburgerland.com\/de\/magazin\/#website","url":"https:\/\/www.salzburgerland.com\/de\/magazin\/","name":"SalzburgerLand Magazin","description":"Geschichten und Interessantes aus dem SalzburgerLand","publisher":{"@id":"https:\/\/www.salzburgerland.com\/de\/magazin\/#organization"},"potentialAction":[{"@type":"SearchAction","target":{"@type":"EntryPoint","urlTemplate":"https:\/\/www.salzburgerland.com\/de\/magazin\/?s={search_term_string}"},"query-input":{"@type":"PropertyValueSpecification","valueRequired":true,"valueName":"search_term_string"}}],"inLanguage":"de"},{"@type":"Organization","@id":"https:\/\/www.salzburgerland.com\/de\/magazin\/#organization","name":"SalzburgerLand Tourismus","url":"https:\/\/www.salzburgerland.com\/de\/magazin\/","logo":{"@type":"ImageObject","inLanguage":"de","@id":"https:\/\/www.salzburgerland.com\/de\/magazin\/#\/schema\/logo\/image\/","url":"https:\/\/www.salzburgerland.com\/de\/magazin\/wp-content\/uploads\/2019\/06\/salzburgerland-logo1.jpg","contentUrl":"https:\/\/www.salzburgerland.com\/de\/magazin\/wp-content\/uploads\/2019\/06\/salzburgerland-logo1.jpg","width":2011,"height":866,"caption":"SalzburgerLand Tourismus"},"image":{"@id":"https:\/\/www.salzburgerland.com\/de\/magazin\/#\/schema\/logo\/image\/"},"sameAs":["https:\/\/www.facebook.com\/salzburgerland\/","https:\/\/x.com\/Salzburgerland","https:\/\/www.instagram.com\/salzburgerland\/","https:\/\/at.linkedin.com\/company\/salzburgerland-tourismus-gmbh","https:\/\/www.pinterest.at\/salzburgerland\/","https:\/\/www.youtube.com\/user\/salzburgerland","https:\/\/de.wikipedia.org\/wiki\/SalzburgerLand_Tourismus_GmbH"]},{"@type":"Person","@id":"https:\/\/www.salzburgerland.com\/de\/magazin\/#\/schema\/person\/3c02fe460374aa9e0ef912270ae0b92c","name":"Doris Wild","description":"Doris Wild ist Eventfotografin und Societyjournalistin und hat jetzt mit ihrer Agentur auch den Videojournalismus als zus\u00e4tzliches Standbein entdeckt. Nach 20 Jahren tagesaktueller Berichterstattung sind Blicke hinter die Kulissen der Event-Society und Modewelt die logische Konsequenz. Fragen mit Antworten von Doris Wild Morgen- oder Abendmensch? Vor 8.00 fr\u00fch holt mich nicht einmal der tollste Sonnenaufgang aus den Federn. Dass Fotografen die Morgensonne nutzen sollten \u2013 mag sein. Events finden selten im weichen Morgenlicht statt. Und zur blauen Stunde mache ich die besten Bilder. Weltliteratur oder Tratsch &amp; Klatsch? Man kann das kombinieren. Im Urlaub mal den dicken Schm\u00f6ker, in den Kaffeepausen die Regenbogenzeitschriften. Man muss schlie\u00dflich am Laufenden bleiben, um die Prinzessinnen und Medienstars zu erkennen, wenn sie im Salzburgerland urlauben. Kr\u00e4utertee oder Zirbenschnaps? Ich bin Antialkoholikerin und steh dazu. Ist als Societyfotografin wahrscheinlich die einzige M\u00f6glichkeit zu \u00fcberleben. Golfplatz oder Klettergarten? Klettergarten nat\u00fcrlich. Ich brauch Action. Funsport ist meine Devise! Am besten t\u00e4glich was Neues. Der Herausforderung Golf stelle ich mich sp\u00e4ter. Viel sp\u00e4ter. Dirndl oder Bustierkleid? Jetzt reicht\u00b4s aber. Wie wenn man sich so einfach entscheiden k\u00f6nnte! Mit drei \u00fcbervollen Kleiderschr\u00e4nken und der Ambition sich t\u00e4glich modisch neu zu erfinden, lassen sich diese Fragen nicht beantworten. Das ist anlass- und stimmungsbezogen unterschiedlich. Und \u00fcberhaupt: Auf Kleider steh ich nicht so. Also im Zweifelsfall: Lederhose mit Sneakers. Ausstellung oder Bergpanorama? Das seh ich ganz pragmatisch. Ich komme dort hin, wo mich meine Auftr\u00e4ge hinf\u00fchren. Das ist heute die Vernissage und morgen der Berggipfel. Genau das macht meinen Beruf so spannend und t\u00e4glich anders. Ich will alles.","url":"https:\/\/www.salzburgerland.com\/de\/magazin\/author\/doris-wild\/"}]}},"_wl_alt_label":[],"wl:entity_url":"http:\/\/open.salzburgerland.com\/magazin\/post\/schokolade_zum_fruehstueck_im_lungau","_links":{"self":[{"href":"https:\/\/www.salzburgerland.com\/de\/magazin\/wp-json\/wp\/v2\/posts\/20045","targetHints":{"allow":["GET"]}}],"collection":[{"href":"https:\/\/www.salzburgerland.com\/de\/magazin\/wp-json\/wp\/v2\/posts"}],"about":[{"href":"https:\/\/www.salzburgerland.com\/de\/magazin\/wp-json\/wp\/v2\/types\/post"}],"author":[{"embeddable":true,"href":"https:\/\/www.salzburgerland.com\/de\/magazin\/wp-json\/wp\/v2\/users\/70"}],"replies":[{"embeddable":true,"href":"https:\/\/www.salzburgerland.com\/de\/magazin\/wp-json\/wp\/v2\/comments?post=20045"}],"version-history":[{"count":0,"href":"https:\/\/www.salzburgerland.com\/de\/magazin\/wp-json\/wp\/v2\/posts\/20045\/revisions"}],"wp:featuredmedia":[{"embeddable":true,"href":"https:\/\/www.salzburgerland.com\/de\/magazin\/wp-json\/wp\/v2\/media\/20062"}],"wp:attachment":[{"href":"https:\/\/www.salzburgerland.com\/de\/magazin\/wp-json\/wp\/v2\/media?parent=20045"}],"wp:term":[{"taxonomy":"category","embeddable":true,"href":"https:\/\/www.salzburgerland.com\/de\/magazin\/wp-json\/wp\/v2\/categories?post=20045"},{"taxonomy":"post_tag","embeddable":true,"href":"https:\/\/www.salzburgerland.com\/de\/magazin\/wp-json\/wp\/v2\/tags?post=20045"},{"taxonomy":"wl_entity_type","embeddable":true,"href":"https:\/\/www.salzburgerland.com\/de\/magazin\/wp-json\/wp\/v2\/wl_entity_type?post=20045"},{"taxonomy":"monatsauswahl","embeddable":true,"href":"https:\/\/www.salzburgerland.com\/de\/magazin\/wp-json\/wp\/v2\/monatsauswahl?post=20045"}],"curies":[{"name":"wp","href":"https:\/\/api.w.org\/{rel}","templated":true}]}}