{"id":19993,"date":"2020-08-19T08:00:00","date_gmt":"2020-08-19T06:00:00","guid":{"rendered":"http:\/\/magazin.salzburgerland.com\/?p=19993"},"modified":"2023-11-08T15:34:07","modified_gmt":"2023-11-08T14:34:07","slug":"gesunde-happen-to-go-in-der-mozartstadt","status":"publish","type":"post","link":"https:\/\/www.salzburgerland.com\/de\/magazin\/gesunde-happen-to-go-in-der-mozartstadt\/","title":{"rendered":"Gesundes Mittagessen &#8222;to go&#8220; in der Mozartstadt"},"content":{"rendered":"\n<h2 class=\"wp-block-slt-subtitle\">Fastfood mit Mehrwert<\/h2>\n\n\n\n<p class=\"wp-block-slt-intro\">Sie denken bei einem schnellen Imbiss an Pommes und Burger und vielleicht noch einen Salat? Stimmt nat\u00fcrlich, aber auch die m\u00fcssen nicht unbedingt ungesund sein und au\u00dferdem gibt es jede Menge schmackhafte und gesunde Alternativen. Wir haben uns in Salzburg umgeschaut, wie man seine Energiereserven optimal auff\u00fcllen kann.<\/p>\n\n\n\n<p>Wer einen St\u00e4dtetripp macht, m\u00f6chte den Tag nutzen, um m\u00f6glichst viel zu sehen. Kaum zu glauben, wie viele Schritte man da so macht und wieviele Kilometer man zur\u00fccklegt. Logisch, dass sich irgendwann mit lautem Magenknurren Hungergef\u00fchl bemerkbar macht. Zeit f\u00fcr einen Snack &#8222;to go&#8220;. Und dann sucht man sich am besten eine sch\u00f6ne Parkbank, l\u00e4sst das stimmungsvolle Gewusel rundherum auf sich wirken und genie\u00dft sein leckeres Mittagessen.<\/p>\n\n\n\n<h2 class=\"wp-block-heading\" id=\"h-hier-ein-paar-ideen-fur-gesunde-happen-to-go\">Hier ein paar Ideen f\u00fcr gesunde Happen \u201eto go\u201c<\/h2>\n\n\n\n<h3 class=\"wp-block-heading\" id=\"h-gustav\">GustaV<\/h3>\n\n\n\n<p>Das <a href=\"https:\/\/www.gusta-v.at\/\" target=\"_blank\" rel=\"noreferrer noopener\">GustaV<\/a> in der Wolf-Dietrich-Stra\u00dfe setzt ganz auf pflanzliche Ern\u00e4hrung. F\u00fcr den Hunger zwischendurch gibt es Sandwiches, Salate, Smoothies und mehr, frisch zubereitet und weitgehend aus regionalen Lebensmitteln. Erfrischend anders, erfrischend gut.<\/p>\n\n\n\n<h3 class=\"wp-block-heading\">Humboldtstubn<\/h3>\n\n\n\n<p>Hundert Prozent regional, bio und nachhaltig: das sind die <a href=\"http:\/\/www.brunchsalzburg.at\" target=\"_blank\" rel=\"noreferrer noopener\">Brunch-Boxen der Humboldstubn<\/a>! Von Dienstag bis Sonntag k\u00f6nnen sie zu den Humboldtstubn \u00d6ffnungszeiten nach Vorbestellung abgeholt werden, ein echter Geheimtipp also f\u00fcr das au\u00dfergew\u00f6hnliche Mittagessen to go! Von der Veggie- \u00fcber die Bagel bis hin zur s\u00fc\u00dfen Powidl-Box ist hier f\u00fcr jeden was dabei \u2013 und dank der Gr\u00f6\u00dfe empfiehlt es sich, jemanden mitgenie\u00dfen zu lassen.<\/p>\n\n\n\n<figure class=\"wp-block-image size-full\"><img loading=\"lazy\" decoding=\"async\" width=\"1600\" height=\"1065\" src=\"https:\/\/www.salzburgerland.com\/de\/magazin\/wp-content\/uploads\/2019\/04\/DSC_3408.jpg\" alt=\"Modernes Caf\u00e9-Interieur mit Holzdecke, Barhockern, Tischen, gr\u00fcnen Lampen und Blumenvasen auf den Tischen.\" class=\"wp-image-129676\" srcset=\"https:\/\/www.salzburgerland.com\/de\/magazin\/wp-content\/uploads\/2019\/04\/DSC_3408.jpg 1600w, https:\/\/www.salzburgerland.com\/de\/magazin\/wp-content\/uploads\/2019\/04\/DSC_3408-300x200.jpg 300w, https:\/\/www.salzburgerland.com\/de\/magazin\/wp-content\/uploads\/2019\/04\/DSC_3408-826x550.jpg 826w, https:\/\/www.salzburgerland.com\/de\/magazin\/wp-content\/uploads\/2019\/04\/DSC_3408-601x400.jpg 601w, https:\/\/www.salzburgerland.com\/de\/magazin\/wp-content\/uploads\/2019\/04\/DSC_3408-1320x879.jpg 1320w\" sizes=\"auto, (max-width: 1600px) 100vw, 1600px\" \/><figcaption class=\"wp-element-caption\">\u00a9 Humboldtstubn<\/figcaption><\/figure>\n\n\n\n<h3 class=\"wp-block-heading\" id=\"h-leichtsinn\">Leichtsinn<\/h3>\n\n\n\n<p>Alles andere als leichtsinnig ist es, im <a href=\"http:\/\/www.leichtsinn-bistro.at\" target=\"_blank\" rel=\"noreferrer noopener\">Bistro Leichtsinn<\/a> in der Elisabethstra\u00dfe einzukehren. Tag f\u00fcr Tag frisch zubereitet, sind die Gerichte nicht nur regional, sondern auch jahreszeitlich gepr\u00e4gt. Zum Mitnehmen werden alle Speisen in \u00f6kologisch korrekten Umverpackungen aus der Hand gegeben. Gut \u00fcberlegt und durchdacht und eben alles andere als leichtsinnig.<\/p>\n\n\n\n<h3 class=\"wp-block-heading\" id=\"h-bio-burgermeister\">Bio Burgermeister<\/h3>\n\n\n\n<p>Fastfood kommt ohne Burger nicht aus. Beim <a href=\"http:\/\/www.bioburgermeister.com\/\" target=\"_blank\" rel=\"noreferrer noopener\">Bio Burgermeister<\/a> in der Linzergasse ist man stolz darauf, zu 100 % auf bio zu setzen. Neben dem klassischen Hamburger oder Cheeseburger gibt es hier etwa auch einen Fetaburger oder einen Veggieburger. <\/p>\n\n\n\n<figure class=\"wp-block-image size-large\"><img loading=\"lazy\" decoding=\"async\" width=\"1200\" height=\"800\" src=\"https:\/\/www.salzburgerland.com\/de\/magazin\/wp-content\/uploads\/2017\/05\/BioBurger.jpg\" alt=\"Ein Cheeseburger mit Salat, Tomate, Zwiebel und Gurken neben einem Getr\u00e4nk und einer BioburgerMeister-Papiert\u00fcte.\" class=\"wp-image-115022\" srcset=\"https:\/\/www.salzburgerland.com\/de\/magazin\/wp-content\/uploads\/2017\/05\/BioBurger.jpg 1200w, https:\/\/www.salzburgerland.com\/de\/magazin\/wp-content\/uploads\/2017\/05\/BioBurger-300x200.jpg 300w, https:\/\/www.salzburgerland.com\/de\/magazin\/wp-content\/uploads\/2017\/05\/BioBurger-825x550.jpg 825w, https:\/\/www.salzburgerland.com\/de\/magazin\/wp-content\/uploads\/2017\/05\/BioBurger-600x400.jpg 600w\" sizes=\"auto, (max-width: 1200px) 100vw, 1200px\" \/><figcaption class=\"wp-element-caption\">Burger vom BioBurgerMeister<\/figcaption><\/figure>\n\n\n\n<h3 class=\"wp-block-heading\">Gr\u00fcnmarkt Salzburg<\/h3>\n\n\n\n<p>Marktflair zu Mittag? Genau unser Ding! Von Montag bis Samstag kann man sich sein regionales Mittagessen direkt von den Lebensmittelst\u00e4nden am Gr\u00fcnmarkt holen. Von der Fischsuppe \u00fcber das K\u00e4sesweckerl bis hin zur Pofesen als Naschspeise kann man sich hier ein ganzes Men\u00fc individuell zusammenstellen und mitnehmen. Als Genuss-Platzerl empfehlen wir zum Beispiel eine Bank am Salzachufer oder direkt im nahegelegenen Wilhelm-Furtw\u00e4ngler-Garten.<\/p>\n\n\n\n<h3 class=\"wp-block-heading\">Steinlechner<\/h3>\n\n\n\n<p><a href=\"https:\/\/steinlechner-wirtshaus.com\/kueche\/nachmittagskarte-to-go-karte\" target=\"_blank\" rel=\"noreferrer noopener\">Steinlechner To Go<\/a>?&nbsp;Das verspricht regionale Schmankerl at their best! Die Zutaten daf\u00fcr kommen aus regionaler und zertifizierter Bio-Landwirtschaft \u2013 da schmecken Grillhendl, Spare Ribs, Schnitzel, Rindsroulade, Apfelstrudel &amp; Co. gleich doppelt so gut. Wer die mitgenommenen Spezialit\u00e4ten gerne im Freien genie\u00dfen m\u00f6chte, dem empfehlen wir einen Sitzplatz auf einer Parkbank im nahegelegenen Volksgarten.<\/p>\n\n\n\n<figure class=\"wp-block-image size-full\"><img loading=\"lazy\" decoding=\"async\" width=\"1920\" height=\"1016\" src=\"https:\/\/www.salzburgerland.com\/de\/magazin\/wp-content\/uploads\/2020\/08\/Steinlechner_Speisen.jpeg\" alt=\"Gegrillte Rippchen mit Zwiebelringen, Dip und einem mit Orangen garnierten Cocktail auf einem Holzbrett.\" class=\"wp-image-162091\" srcset=\"https:\/\/www.salzburgerland.com\/de\/magazin\/wp-content\/uploads\/2020\/08\/Steinlechner_Speisen.jpeg 1920w, https:\/\/www.salzburgerland.com\/de\/magazin\/wp-content\/uploads\/2020\/08\/Steinlechner_Speisen-300x159.jpeg 300w, https:\/\/www.salzburgerland.com\/de\/magazin\/wp-content\/uploads\/2020\/08\/Steinlechner_Speisen-1536x813.jpeg 1536w, https:\/\/www.salzburgerland.com\/de\/magazin\/wp-content\/uploads\/2020\/08\/Steinlechner_Speisen-1039x550.jpeg 1039w, https:\/\/www.salzburgerland.com\/de\/magazin\/wp-content\/uploads\/2020\/08\/Steinlechner_Speisen-756x400.jpeg 756w, https:\/\/www.salzburgerland.com\/de\/magazin\/wp-content\/uploads\/2020\/08\/Steinlechner_Speisen-1320x699.jpeg 1320w, https:\/\/www.salzburgerland.com\/de\/magazin\/wp-content\/uploads\/2020\/08\/Steinlechner_Speisen-150x79.jpeg 150w\" sizes=\"auto, (max-width: 1920px) 100vw, 1920px\" \/><figcaption class=\"wp-element-caption\">\u00a9 Steinlechner<\/figcaption><\/figure>\n","protected":false},"excerpt":{"rendered":"<p>Wer einen St\u00e4dtetripp macht, m\u00f6chte den Tag nutzen, um m\u00f6glichst viel zu sehen. Kaum zu glauben, wie viele Schritte man da so macht und wieviele Kilometer man zur\u00fccklegt. Logisch, dass sich irgendwann mit lautem Magenknurren Hungergef\u00fchl bemerkbar macht. Zeit f\u00fcr einen Snack &#8222;to go&#8220;. Und dann sucht man sich am besten eine sch\u00f6ne Parkbank, l\u00e4sst [&hellip;]<\/p>\n","protected":false},"author":90,"featured_media":86807,"comment_status":"open","ping_status":"open","sticky":false,"template":"","format":"standard","meta":{"_acf_changed":false,"wl_entities_gutenberg":"","_wl_entity_redirect_enabled":"","footnotes":""},"categories":[3],"tags":[],"wl_entity_type":[306],"monatsauswahl":[82,83,84,85,86,87,88,89,90,91,92,93],"class_list":["post-19993","post","type-post","status-publish","format-standard","has-post-thumbnail","hentry","category-essen-trinken","wl_entity_type-article","monatsauswahl-monat_1","monatsauswahl-monat_2","monatsauswahl-monat_3","monatsauswahl-monat_4","monatsauswahl-monat_5","monatsauswahl-monat_6","monatsauswahl-monat_7","monatsauswahl-monat_8","monatsauswahl-monat_9","monatsauswahl-monat_10","monatsauswahl-monat_11","monatsauswahl-monat_12"],"acf":[],"yoast_head":"<!-- This site is optimized with the Yoast SEO Premium plugin v27.4 (Yoast SEO v27.4) - https:\/\/yoast.com\/product\/yoast-seo-premium-wordpress\/ -->\n<title>Gesundes Mittagessen &quot;to go&quot; in der Mozartstadt - SalzburgerLand Magazin<\/title>\n<meta name=\"description\" content=\"Sie denken bei einem schnellen Imbiss an Pommes und Burger und vielleicht noch einen Salat? Stimmt nat\u00fcrlich, aber auch die m\u00fcssen nicht unbedingt ungesund sein und au\u00dferdem gibt es jede Menge schmackhafte und gesunde Alternativen. Wir haben uns in Salzburg umgeschaut, wie man seine Energiereserven optimal auff\u00fcllen kann.\" \/>\n<meta name=\"robots\" content=\"index, follow, max-snippet:-1, max-image-preview:large, max-video-preview:-1\" \/>\n<link rel=\"canonical\" href=\"https:\/\/www.salzburgerland.com\/de\/magazin\/gesunde-happen-to-go-in-der-mozartstadt\/\" \/>\n<meta property=\"og:locale\" content=\"de_DE\" \/>\n<meta property=\"og:type\" content=\"article\" \/>\n<meta property=\"og:title\" content=\"Gesundes Mittagessen &quot;to go&quot; in der Mozartstadt\" \/>\n<meta property=\"og:description\" content=\"Wer einen St\u00e4dtetripp macht, m\u00f6chte den Tag nutzen, um m\u00f6glichst viel zu sehen. Kaum zu glauben, wie viele Schritte man da so macht und wieviele Kilometer man zur\u00fccklegt. Logisch, dass sich irgendwann mit lautem Magenknurren Hungergef\u00fchl bemerkbar macht. Zeit f\u00fcr einen Snack &#8222;to go&#8220;. Und dann sucht man sich am besten eine sch\u00f6ne Parkbank, l\u00e4sst [&hellip;]\" \/>\n<meta property=\"og:url\" content=\"https:\/\/www.salzburgerland.com\/de\/magazin\/gesunde-happen-to-go-in-der-mozartstadt\/\" \/>\n<meta property=\"og:site_name\" content=\"SalzburgerLand Magazin\" \/>\n<meta property=\"article:publisher\" content=\"https:\/\/www.facebook.com\/salzburgerland\/\" \/>\n<meta property=\"article:published_time\" content=\"2020-08-19T06:00:00+00:00\" \/>\n<meta property=\"article:modified_time\" content=\"2023-11-08T14:34:07+00:00\" \/>\n<meta property=\"og:image\" content=\"https:\/\/www.salzburgerland.com\/de\/magazin\/wp-content\/uploads\/2014\/03\/h15cXIV021.jpg\" \/>\n\t<meta property=\"og:image:width\" content=\"1600\" \/>\n\t<meta property=\"og:image:height\" content=\"1066\" \/>\n\t<meta property=\"og:image:type\" content=\"image\/jpeg\" \/>\n<meta name=\"author\" content=\"Ulli Hammerl\" \/>\n<meta name=\"twitter:card\" content=\"summary_large_image\" \/>\n<meta name=\"twitter:creator\" content=\"@Salzburgerland\" \/>\n<meta name=\"twitter:site\" content=\"@Salzburgerland\" \/>\n<meta name=\"twitter:label1\" content=\"Verfasst von\" \/>\n\t<meta name=\"twitter:data1\" content=\"Ulli Hammerl\" \/>\n\t<meta name=\"twitter:label2\" content=\"Gesch\u00e4tzte Lesezeit\" \/>\n\t<meta name=\"twitter:data2\" content=\"4\u00a0Minuten\" \/>\n<script type=\"application\/ld+json\" class=\"yoast-schema-graph\">{\"@context\":\"https:\\\/\\\/schema.org\",\"@graph\":[{\"@type\":\"Article\",\"@id\":\"https:\\\/\\\/www.salzburgerland.com\\\/de\\\/magazin\\\/gesunde-happen-to-go-in-der-mozartstadt\\\/#article\",\"isPartOf\":{\"@id\":\"https:\\\/\\\/www.salzburgerland.com\\\/de\\\/magazin\\\/gesunde-happen-to-go-in-der-mozartstadt\\\/\"},\"author\":{\"name\":\"Ulli Hammerl\",\"@id\":\"https:\\\/\\\/www.salzburgerland.com\\\/de\\\/magazin\\\/#\\\/schema\\\/person\\\/a55a4fee1009b9e458d298480a18a9f7\"},\"headline\":\"Gesundes Mittagessen &#8222;to go&#8220; in der Mozartstadt\",\"datePublished\":\"2020-08-19T06:00:00+00:00\",\"dateModified\":\"2023-11-08T14:34:07+00:00\",\"mainEntityOfPage\":{\"@id\":\"https:\\\/\\\/www.salzburgerland.com\\\/de\\\/magazin\\\/gesunde-happen-to-go-in-der-mozartstadt\\\/\"},\"wordCount\":483,\"commentCount\":0,\"publisher\":{\"@id\":\"https:\\\/\\\/www.salzburgerland.com\\\/de\\\/magazin\\\/#organization\"},\"image\":{\"@id\":\"https:\\\/\\\/www.salzburgerland.com\\\/de\\\/magazin\\\/gesunde-happen-to-go-in-der-mozartstadt\\\/#primaryimage\"},\"thumbnailUrl\":\"https:\\\/\\\/www.salzburgerland.com\\\/de\\\/magazin\\\/wp-content\\\/uploads\\\/2014\\\/03\\\/h15cXIV021.jpg\",\"articleSection\":[\"Essen &amp; Trinken\"],\"inLanguage\":\"de\",\"potentialAction\":[{\"@type\":\"CommentAction\",\"name\":\"Comment\",\"target\":[\"https:\\\/\\\/www.salzburgerland.com\\\/de\\\/magazin\\\/gesunde-happen-to-go-in-der-mozartstadt\\\/#respond\"]}]},{\"@type\":\"WebPage\",\"@id\":\"https:\\\/\\\/www.salzburgerland.com\\\/de\\\/magazin\\\/gesunde-happen-to-go-in-der-mozartstadt\\\/\",\"url\":\"https:\\\/\\\/www.salzburgerland.com\\\/de\\\/magazin\\\/gesunde-happen-to-go-in-der-mozartstadt\\\/\",\"name\":\"Gesundes Mittagessen \\\"to go\\\" in der Mozartstadt - SalzburgerLand Magazin\",\"isPartOf\":{\"@id\":\"https:\\\/\\\/www.salzburgerland.com\\\/de\\\/magazin\\\/#website\"},\"primaryImageOfPage\":{\"@id\":\"https:\\\/\\\/www.salzburgerland.com\\\/de\\\/magazin\\\/gesunde-happen-to-go-in-der-mozartstadt\\\/#primaryimage\"},\"image\":{\"@id\":\"https:\\\/\\\/www.salzburgerland.com\\\/de\\\/magazin\\\/gesunde-happen-to-go-in-der-mozartstadt\\\/#primaryimage\"},\"thumbnailUrl\":\"https:\\\/\\\/www.salzburgerland.com\\\/de\\\/magazin\\\/wp-content\\\/uploads\\\/2014\\\/03\\\/h15cXIV021.jpg\",\"datePublished\":\"2020-08-19T06:00:00+00:00\",\"dateModified\":\"2023-11-08T14:34:07+00:00\",\"breadcrumb\":{\"@id\":\"https:\\\/\\\/www.salzburgerland.com\\\/de\\\/magazin\\\/gesunde-happen-to-go-in-der-mozartstadt\\\/#breadcrumb\"},\"inLanguage\":\"de\",\"potentialAction\":[{\"@type\":\"ReadAction\",\"target\":[\"https:\\\/\\\/www.salzburgerland.com\\\/de\\\/magazin\\\/gesunde-happen-to-go-in-der-mozartstadt\\\/\"]}]},{\"@type\":\"ImageObject\",\"inLanguage\":\"de\",\"@id\":\"https:\\\/\\\/www.salzburgerland.com\\\/de\\\/magazin\\\/gesunde-happen-to-go-in-der-mozartstadt\\\/#primaryimage\",\"url\":\"https:\\\/\\\/www.salzburgerland.com\\\/de\\\/magazin\\\/wp-content\\\/uploads\\\/2014\\\/03\\\/h15cXIV021.jpg\",\"contentUrl\":\"https:\\\/\\\/www.salzburgerland.com\\\/de\\\/magazin\\\/wp-content\\\/uploads\\\/2014\\\/03\\\/h15cXIV021.jpg\",\"width\":1600,\"height\":1066,\"caption\":\"Wildkr\u00e4utersalat mit gebackenem Ei, Fenchel und Orange\"},{\"@type\":\"BreadcrumbList\",\"@id\":\"https:\\\/\\\/www.salzburgerland.com\\\/de\\\/magazin\\\/gesunde-happen-to-go-in-der-mozartstadt\\\/#breadcrumb\",\"itemListElement\":[{\"@type\":\"ListItem\",\"position\":1,\"name\":\"Startseite\",\"item\":\"https:\\\/\\\/www.salzburgerland.com\\\/de\\\/magazin\\\/\"},{\"@type\":\"ListItem\",\"position\":2,\"name\":\"Essen &amp; Trinken\",\"item\":\"https:\\\/\\\/www.salzburgerland.com\\\/de\\\/magazin\\\/thema\\\/essen-trinken\\\/\"},{\"@type\":\"ListItem\",\"position\":3,\"name\":\"Gesundes Mittagessen &#8222;to go&#8220; in der Mozartstadt\"}]},{\"@type\":\"WebSite\",\"@id\":\"https:\\\/\\\/www.salzburgerland.com\\\/de\\\/magazin\\\/#website\",\"url\":\"https:\\\/\\\/www.salzburgerland.com\\\/de\\\/magazin\\\/\",\"name\":\"SalzburgerLand Magazin\",\"description\":\"Geschichten und Interessantes aus dem SalzburgerLand\",\"publisher\":{\"@id\":\"https:\\\/\\\/www.salzburgerland.com\\\/de\\\/magazin\\\/#organization\"},\"potentialAction\":[{\"@type\":\"SearchAction\",\"target\":{\"@type\":\"EntryPoint\",\"urlTemplate\":\"https:\\\/\\\/www.salzburgerland.com\\\/de\\\/magazin\\\/?s={search_term_string}\"},\"query-input\":{\"@type\":\"PropertyValueSpecification\",\"valueRequired\":true,\"valueName\":\"search_term_string\"}}],\"inLanguage\":\"de\"},{\"@type\":\"Organization\",\"@id\":\"https:\\\/\\\/www.salzburgerland.com\\\/de\\\/magazin\\\/#organization\",\"name\":\"SalzburgerLand Tourismus\",\"url\":\"https:\\\/\\\/www.salzburgerland.com\\\/de\\\/magazin\\\/\",\"logo\":{\"@type\":\"ImageObject\",\"inLanguage\":\"de\",\"@id\":\"https:\\\/\\\/www.salzburgerland.com\\\/de\\\/magazin\\\/#\\\/schema\\\/logo\\\/image\\\/\",\"url\":\"https:\\\/\\\/www.salzburgerland.com\\\/de\\\/magazin\\\/wp-content\\\/uploads\\\/2019\\\/06\\\/salzburgerland-logo1.jpg\",\"contentUrl\":\"https:\\\/\\\/www.salzburgerland.com\\\/de\\\/magazin\\\/wp-content\\\/uploads\\\/2019\\\/06\\\/salzburgerland-logo1.jpg\",\"width\":2011,\"height\":866,\"caption\":\"SalzburgerLand Tourismus\"},\"image\":{\"@id\":\"https:\\\/\\\/www.salzburgerland.com\\\/de\\\/magazin\\\/#\\\/schema\\\/logo\\\/image\\\/\"},\"sameAs\":[\"https:\\\/\\\/www.facebook.com\\\/salzburgerland\\\/\",\"https:\\\/\\\/x.com\\\/Salzburgerland\",\"https:\\\/\\\/www.instagram.com\\\/salzburgerland\\\/\",\"https:\\\/\\\/at.linkedin.com\\\/company\\\/salzburgerland-tourismus-gmbh\",\"https:\\\/\\\/www.pinterest.at\\\/salzburgerland\\\/\",\"https:\\\/\\\/www.youtube.com\\\/user\\\/salzburgerland\",\"https:\\\/\\\/de.wikipedia.org\\\/wiki\\\/SalzburgerLand_Tourismus_GmbH\"]},{\"@type\":\"Person\",\"@id\":\"https:\\\/\\\/www.salzburgerland.com\\\/de\\\/magazin\\\/#\\\/schema\\\/person\\\/a55a4fee1009b9e458d298480a18a9f7\",\"name\":\"Ulli Hammerl\",\"description\":\"Geboren und aufgewachsen in der Stadt Salzburg war Ulli Hammerl fr\u00fch bewusst, in einer der sch\u00f6nsten St\u00e4dte der Welt zu leben. So ist sie auch w\u00e4hrend ihres Studiums der Kommunikationswissenschaft und \u00d6kologie ihrer Heimatstadt treu geblieben. Gleich nach dem Studium ist sie zu SalzburgerLand Tourismus (SLTG) gegangen und hat hier von 1998 - 2004 u.a. die SalzburgerLand Card betreut. Dabei ist sie viel herumgekommen, wodurch auch die Liebe zum SalzburgerLand enstanden und gewachsen ist. Nach der Geburt ihrer Tochter im September 2004 hat sich Ulli Hammerl 2007 mit einer Agentur selbst\u00e4ndig gemacht. Mein pers\u00f6nlicher Logenplatz: Hoch \u00fcber Salzburg, abseits der stark begangenen Wege mit Blick auf die D\u00e4cher und Kircht\u00fcrme der Stadt \u2013 hier geht mir das Herz auf! Morgen- oder Abendmensch: Ganz klar: Morgenmensch. Wenn um 5.00 Uhr fr\u00fch die V\u00f6gel zwitschern und rund herum noch alles in tiefer Ruhe versinkt, dann ist meine Zeit. Ausgeschlafen, Energie geladen und voller Tatendrang starte ich am liebsten in den fr\u00fchen Morgenstunden in den Tag. Daf\u00fcr kann man nach 21.00 Uhr nicht mehr mit mir rechnen. Buch oder Film: Es gibt nichts Sch\u00f6neres, als es sich am Ende des Tages auf der Couch gem\u00fctlich zu machen und in die Gedankenwelt eines guten Buches einzutauchen \u2013 Lesen ist Abenteuer im Kopf. Wandern, Spazierengehen oder Laufen: alles drei und zwar am besten jeden Tag. Mit ein bisschen Zeiteinteilung geht es sich tats\u00e4chlich fast gehen Tag aus, drau\u00dfen unterwegs zu sein. Fr\u00fchling, Sommer, Herbst oder Winter: Ich kann es im Fr\u00fchling kaum erwarten, die ersten Gr\u00fcnschattierungen in der Natur zu entdecken. Ich liebe hei\u00dfe Sommertage am See und laue Sommerabende am Balkon. Ich mag es, wenn im Herbst die W\u00e4lder in einem Meer aus Farben erstrahlen, Laubrascheln und Kastanien sammeln. Und ich freue mich wie ein Kind, wenn im Dezember die ersten Schneeflocken vom Himmel schweben. Die vier Jahreszeiten sind etwas Wunderbares.\",\"url\":\"https:\\\/\\\/www.salzburgerland.com\\\/de\\\/magazin\\\/author\\\/ulli-hammerl\\\/\"}]}<\/script>\n<!-- \/ Yoast SEO Premium plugin. -->","yoast_head_json":{"title":"Gesundes Mittagessen \"to go\" in der Mozartstadt - SalzburgerLand Magazin","description":"Sie denken bei einem schnellen Imbiss an Pommes und Burger und vielleicht noch einen Salat? Stimmt nat\u00fcrlich, aber auch die m\u00fcssen nicht unbedingt ungesund sein und au\u00dferdem gibt es jede Menge schmackhafte und gesunde Alternativen. Wir haben uns in Salzburg umgeschaut, wie man seine Energiereserven optimal auff\u00fcllen kann.","robots":{"index":"index","follow":"follow","max-snippet":"max-snippet:-1","max-image-preview":"max-image-preview:large","max-video-preview":"max-video-preview:-1"},"canonical":"https:\/\/www.salzburgerland.com\/de\/magazin\/gesunde-happen-to-go-in-der-mozartstadt\/","og_locale":"de_DE","og_type":"article","og_title":"Gesundes Mittagessen \"to go\" in der Mozartstadt","og_description":"Wer einen St\u00e4dtetripp macht, m\u00f6chte den Tag nutzen, um m\u00f6glichst viel zu sehen. Kaum zu glauben, wie viele Schritte man da so macht und wieviele Kilometer man zur\u00fccklegt. Logisch, dass sich irgendwann mit lautem Magenknurren Hungergef\u00fchl bemerkbar macht. Zeit f\u00fcr einen Snack &#8222;to go&#8220;. Und dann sucht man sich am besten eine sch\u00f6ne Parkbank, l\u00e4sst [&hellip;]","og_url":"https:\/\/www.salzburgerland.com\/de\/magazin\/gesunde-happen-to-go-in-der-mozartstadt\/","og_site_name":"SalzburgerLand Magazin","article_publisher":"https:\/\/www.facebook.com\/salzburgerland\/","article_published_time":"2020-08-19T06:00:00+00:00","article_modified_time":"2023-11-08T14:34:07+00:00","og_image":[{"width":1600,"height":1066,"url":"https:\/\/www.salzburgerland.com\/de\/magazin\/wp-content\/uploads\/2014\/03\/h15cXIV021.jpg","type":"image\/jpeg"}],"author":"Ulli Hammerl","twitter_card":"summary_large_image","twitter_creator":"@Salzburgerland","twitter_site":"@Salzburgerland","twitter_misc":{"Verfasst von":"Ulli Hammerl","Gesch\u00e4tzte Lesezeit":"4\u00a0Minuten"},"schema":{"@context":"https:\/\/schema.org","@graph":[{"@type":"Article","@id":"https:\/\/www.salzburgerland.com\/de\/magazin\/gesunde-happen-to-go-in-der-mozartstadt\/#article","isPartOf":{"@id":"https:\/\/www.salzburgerland.com\/de\/magazin\/gesunde-happen-to-go-in-der-mozartstadt\/"},"author":{"name":"Ulli Hammerl","@id":"https:\/\/www.salzburgerland.com\/de\/magazin\/#\/schema\/person\/a55a4fee1009b9e458d298480a18a9f7"},"headline":"Gesundes Mittagessen &#8222;to go&#8220; in der Mozartstadt","datePublished":"2020-08-19T06:00:00+00:00","dateModified":"2023-11-08T14:34:07+00:00","mainEntityOfPage":{"@id":"https:\/\/www.salzburgerland.com\/de\/magazin\/gesunde-happen-to-go-in-der-mozartstadt\/"},"wordCount":483,"commentCount":0,"publisher":{"@id":"https:\/\/www.salzburgerland.com\/de\/magazin\/#organization"},"image":{"@id":"https:\/\/www.salzburgerland.com\/de\/magazin\/gesunde-happen-to-go-in-der-mozartstadt\/#primaryimage"},"thumbnailUrl":"https:\/\/www.salzburgerland.com\/de\/magazin\/wp-content\/uploads\/2014\/03\/h15cXIV021.jpg","articleSection":["Essen &amp; Trinken"],"inLanguage":"de","potentialAction":[{"@type":"CommentAction","name":"Comment","target":["https:\/\/www.salzburgerland.com\/de\/magazin\/gesunde-happen-to-go-in-der-mozartstadt\/#respond"]}]},{"@type":"WebPage","@id":"https:\/\/www.salzburgerland.com\/de\/magazin\/gesunde-happen-to-go-in-der-mozartstadt\/","url":"https:\/\/www.salzburgerland.com\/de\/magazin\/gesunde-happen-to-go-in-der-mozartstadt\/","name":"Gesundes Mittagessen \"to go\" in der Mozartstadt - SalzburgerLand Magazin","isPartOf":{"@id":"https:\/\/www.salzburgerland.com\/de\/magazin\/#website"},"primaryImageOfPage":{"@id":"https:\/\/www.salzburgerland.com\/de\/magazin\/gesunde-happen-to-go-in-der-mozartstadt\/#primaryimage"},"image":{"@id":"https:\/\/www.salzburgerland.com\/de\/magazin\/gesunde-happen-to-go-in-der-mozartstadt\/#primaryimage"},"thumbnailUrl":"https:\/\/www.salzburgerland.com\/de\/magazin\/wp-content\/uploads\/2014\/03\/h15cXIV021.jpg","datePublished":"2020-08-19T06:00:00+00:00","dateModified":"2023-11-08T14:34:07+00:00","breadcrumb":{"@id":"https:\/\/www.salzburgerland.com\/de\/magazin\/gesunde-happen-to-go-in-der-mozartstadt\/#breadcrumb"},"inLanguage":"de","potentialAction":[{"@type":"ReadAction","target":["https:\/\/www.salzburgerland.com\/de\/magazin\/gesunde-happen-to-go-in-der-mozartstadt\/"]}]},{"@type":"ImageObject","inLanguage":"de","@id":"https:\/\/www.salzburgerland.com\/de\/magazin\/gesunde-happen-to-go-in-der-mozartstadt\/#primaryimage","url":"https:\/\/www.salzburgerland.com\/de\/magazin\/wp-content\/uploads\/2014\/03\/h15cXIV021.jpg","contentUrl":"https:\/\/www.salzburgerland.com\/de\/magazin\/wp-content\/uploads\/2014\/03\/h15cXIV021.jpg","width":1600,"height":1066,"caption":"Wildkr\u00e4utersalat mit gebackenem Ei, Fenchel und Orange"},{"@type":"BreadcrumbList","@id":"https:\/\/www.salzburgerland.com\/de\/magazin\/gesunde-happen-to-go-in-der-mozartstadt\/#breadcrumb","itemListElement":[{"@type":"ListItem","position":1,"name":"Startseite","item":"https:\/\/www.salzburgerland.com\/de\/magazin\/"},{"@type":"ListItem","position":2,"name":"Essen &amp; Trinken","item":"https:\/\/www.salzburgerland.com\/de\/magazin\/thema\/essen-trinken\/"},{"@type":"ListItem","position":3,"name":"Gesundes Mittagessen &#8222;to go&#8220; in der Mozartstadt"}]},{"@type":"WebSite","@id":"https:\/\/www.salzburgerland.com\/de\/magazin\/#website","url":"https:\/\/www.salzburgerland.com\/de\/magazin\/","name":"SalzburgerLand Magazin","description":"Geschichten und Interessantes aus dem SalzburgerLand","publisher":{"@id":"https:\/\/www.salzburgerland.com\/de\/magazin\/#organization"},"potentialAction":[{"@type":"SearchAction","target":{"@type":"EntryPoint","urlTemplate":"https:\/\/www.salzburgerland.com\/de\/magazin\/?s={search_term_string}"},"query-input":{"@type":"PropertyValueSpecification","valueRequired":true,"valueName":"search_term_string"}}],"inLanguage":"de"},{"@type":"Organization","@id":"https:\/\/www.salzburgerland.com\/de\/magazin\/#organization","name":"SalzburgerLand Tourismus","url":"https:\/\/www.salzburgerland.com\/de\/magazin\/","logo":{"@type":"ImageObject","inLanguage":"de","@id":"https:\/\/www.salzburgerland.com\/de\/magazin\/#\/schema\/logo\/image\/","url":"https:\/\/www.salzburgerland.com\/de\/magazin\/wp-content\/uploads\/2019\/06\/salzburgerland-logo1.jpg","contentUrl":"https:\/\/www.salzburgerland.com\/de\/magazin\/wp-content\/uploads\/2019\/06\/salzburgerland-logo1.jpg","width":2011,"height":866,"caption":"SalzburgerLand Tourismus"},"image":{"@id":"https:\/\/www.salzburgerland.com\/de\/magazin\/#\/schema\/logo\/image\/"},"sameAs":["https:\/\/www.facebook.com\/salzburgerland\/","https:\/\/x.com\/Salzburgerland","https:\/\/www.instagram.com\/salzburgerland\/","https:\/\/at.linkedin.com\/company\/salzburgerland-tourismus-gmbh","https:\/\/www.pinterest.at\/salzburgerland\/","https:\/\/www.youtube.com\/user\/salzburgerland","https:\/\/de.wikipedia.org\/wiki\/SalzburgerLand_Tourismus_GmbH"]},{"@type":"Person","@id":"https:\/\/www.salzburgerland.com\/de\/magazin\/#\/schema\/person\/a55a4fee1009b9e458d298480a18a9f7","name":"Ulli Hammerl","description":"Geboren und aufgewachsen in der Stadt Salzburg war Ulli Hammerl fr\u00fch bewusst, in einer der sch\u00f6nsten St\u00e4dte der Welt zu leben. So ist sie auch w\u00e4hrend ihres Studiums der Kommunikationswissenschaft und \u00d6kologie ihrer Heimatstadt treu geblieben. Gleich nach dem Studium ist sie zu SalzburgerLand Tourismus (SLTG) gegangen und hat hier von 1998 - 2004 u.a. die SalzburgerLand Card betreut. Dabei ist sie viel herumgekommen, wodurch auch die Liebe zum SalzburgerLand enstanden und gewachsen ist. Nach der Geburt ihrer Tochter im September 2004 hat sich Ulli Hammerl 2007 mit einer Agentur selbst\u00e4ndig gemacht. Mein pers\u00f6nlicher Logenplatz: Hoch \u00fcber Salzburg, abseits der stark begangenen Wege mit Blick auf die D\u00e4cher und Kircht\u00fcrme der Stadt \u2013 hier geht mir das Herz auf! Morgen- oder Abendmensch: Ganz klar: Morgenmensch. Wenn um 5.00 Uhr fr\u00fch die V\u00f6gel zwitschern und rund herum noch alles in tiefer Ruhe versinkt, dann ist meine Zeit. Ausgeschlafen, Energie geladen und voller Tatendrang starte ich am liebsten in den fr\u00fchen Morgenstunden in den Tag. Daf\u00fcr kann man nach 21.00 Uhr nicht mehr mit mir rechnen. Buch oder Film: Es gibt nichts Sch\u00f6neres, als es sich am Ende des Tages auf der Couch gem\u00fctlich zu machen und in die Gedankenwelt eines guten Buches einzutauchen \u2013 Lesen ist Abenteuer im Kopf. Wandern, Spazierengehen oder Laufen: alles drei und zwar am besten jeden Tag. Mit ein bisschen Zeiteinteilung geht es sich tats\u00e4chlich fast gehen Tag aus, drau\u00dfen unterwegs zu sein. Fr\u00fchling, Sommer, Herbst oder Winter: Ich kann es im Fr\u00fchling kaum erwarten, die ersten Gr\u00fcnschattierungen in der Natur zu entdecken. Ich liebe hei\u00dfe Sommertage am See und laue Sommerabende am Balkon. Ich mag es, wenn im Herbst die W\u00e4lder in einem Meer aus Farben erstrahlen, Laubrascheln und Kastanien sammeln. Und ich freue mich wie ein Kind, wenn im Dezember die ersten Schneeflocken vom Himmel schweben. Die vier Jahreszeiten sind etwas Wunderbares.","url":"https:\/\/www.salzburgerland.com\/de\/magazin\/author\/ulli-hammerl\/"}]}},"_wl_alt_label":[],"wl:entity_url":"http:\/\/open.salzburgerland.com\/magazin\/post\/gesunde_happen_to_go_in_der_mozartstadt","_links":{"self":[{"href":"https:\/\/www.salzburgerland.com\/de\/magazin\/wp-json\/wp\/v2\/posts\/19993","targetHints":{"allow":["GET"]}}],"collection":[{"href":"https:\/\/www.salzburgerland.com\/de\/magazin\/wp-json\/wp\/v2\/posts"}],"about":[{"href":"https:\/\/www.salzburgerland.com\/de\/magazin\/wp-json\/wp\/v2\/types\/post"}],"author":[{"embeddable":true,"href":"https:\/\/www.salzburgerland.com\/de\/magazin\/wp-json\/wp\/v2\/users\/90"}],"replies":[{"embeddable":true,"href":"https:\/\/www.salzburgerland.com\/de\/magazin\/wp-json\/wp\/v2\/comments?post=19993"}],"version-history":[{"count":5,"href":"https:\/\/www.salzburgerland.com\/de\/magazin\/wp-json\/wp\/v2\/posts\/19993\/revisions"}],"predecessor-version":[{"id":173858,"href":"https:\/\/www.salzburgerland.com\/de\/magazin\/wp-json\/wp\/v2\/posts\/19993\/revisions\/173858"}],"wp:featuredmedia":[{"embeddable":true,"href":"https:\/\/www.salzburgerland.com\/de\/magazin\/wp-json\/wp\/v2\/media\/86807"}],"wp:attachment":[{"href":"https:\/\/www.salzburgerland.com\/de\/magazin\/wp-json\/wp\/v2\/media?parent=19993"}],"wp:term":[{"taxonomy":"category","embeddable":true,"href":"https:\/\/www.salzburgerland.com\/de\/magazin\/wp-json\/wp\/v2\/categories?post=19993"},{"taxonomy":"post_tag","embeddable":true,"href":"https:\/\/www.salzburgerland.com\/de\/magazin\/wp-json\/wp\/v2\/tags?post=19993"},{"taxonomy":"wl_entity_type","embeddable":true,"href":"https:\/\/www.salzburgerland.com\/de\/magazin\/wp-json\/wp\/v2\/wl_entity_type?post=19993"},{"taxonomy":"monatsauswahl","embeddable":true,"href":"https:\/\/www.salzburgerland.com\/de\/magazin\/wp-json\/wp\/v2\/monatsauswahl?post=19993"}],"curies":[{"name":"wp","href":"https:\/\/api.w.org\/{rel}","templated":true}]}}