{"id":19739,"date":"2012-07-09T13:48:54","date_gmt":"2012-07-09T11:48:54","guid":{"rendered":"http:\/\/magazin.salzburgerland.com\/?p=19739"},"modified":"2019-06-26T20:41:20","modified_gmt":"2019-06-26T18:41:20","slug":"uber-das-wasser-laufen","status":"publish","type":"post","link":"https:\/\/www.salzburgerland.com\/de\/magazin\/uber-das-wasser-laufen\/","title":{"rendered":"\u00dcber das Wasser laufen"},"content":{"rendered":"<p>Wer hat nicht schon mal davon getr\u00e4umt, \u00fcber das Wasser zu gehen. Im Zorb ist das m\u00f6glich. Zumindest theoretisch. Wenn man schnell genug l\u00e4uft und das Gleichgewicht halten kann. Gar nicht so einfach \u2013 und Platzangst sollte man auch nicht haben. \u201eDie Luft im Ball reicht locker f\u00fcr 15 Minuten\u201c beruhigt Martin Sagmeister vom Outdoorparc Lungau am Nessiteich in Wei\u00dfpriach\/Mariapfarr. Dort warten \u00fcbrigens noch mehr Adrenalin-Kicks: Gleich zwei Flying Fox, einer davon \u00fcber 7 Stationen und 480 Meter sowie quer \u00fcber den Nessiteich. Auf einem Teamparcour kann man Hindernisse wie die Himmelsleiter oder dieGiant Swing sowie den Pamperpole oder die 10 Meter hohe Kletterwand \u00fcberwinden. Der Outdoorparc Park eignet sich somit auch hervorragend f\u00fcr Incentives und Teambuilding.<\/p>\n<p>Im unteren Teil sind ein Streetsoccerplatz und zwei Boulderrocks und ein Niedrigseilgarten aufgestellt. Auch Kanus, Kayaks und Schlauchboote stehen zur Verf\u00fcgung. Der Outdoorparc Lungau richtet sich an Kindern, Jugendliche, aber verspielte Erwachsene sind genau so willkommen.<\/p>\n<p>&nbsp;<\/p>\n<p><strong>Outdoorparc Lungau<br \/>\n<\/strong>A-5571 Mariapfarr<br \/>\nTel.: +43 6472 20033<br \/>\n<a title=\"www.outdoorparc.com\" href=\"http:\/\/www.outdoorparc.com\/\" target=\"_blank\" rel=\"noopener noreferrer\">www.outdoorparc.com<\/a><\/p>\n<div class=\"mag-gallery\"><div class=\"row\"><div class=\"col-6 col-sm-4\"><figure><a class=\"thumb-container\" href=\"https:\/\/www.salzburgerland.com\/de\/magazin\/wp-content\/uploads\/2012\/06\/Nessiteich014-1280x1024.jpg\">\t<picture><source media=\"(min-width: 576px)\" srcset=\"https:\/\/www.salzburgerland.com\/de\/magazin\/wp-content\/uploads\/2012\/06\/Nessiteich014-325x209.jpg 325w, https:\/\/www.salzburgerland.com\/de\/magazin\/wp-content\/uploads\/2012\/06\/Nessiteich014-249x160.jpg 249w\" \/><source media=\"(min-width: 0)\" srcset=\"https:\/\/www.salzburgerland.com\/de\/magazin\/wp-content\/uploads\/2012\/06\/Nessiteich014-249x160.jpg 249w, https:\/\/www.salzburgerland.com\/de\/magazin\/wp-content\/uploads\/2012\/06\/Nessiteich014-325x209.jpg 325w\" \/><img decoding=\"async\" alt=\"Ein l\u00e4chelndes Kind in einem gro\u00dfen aufblasbaren Ball schwimmt auf einem See, umgeben von gr\u00fcnen B\u00e4umen und H\u00fcgeln.\" src=\"https:\/\/www.salzburgerland.com\/de\/magazin\/wp-content\/uploads\/2012\/06\/Nessiteich014-scaled.jpg\" \/>\t<\/picture><\/a><\/figure><\/div><div class=\"col-6 col-sm-4\"><figure><a class=\"thumb-container\" href=\"https:\/\/www.salzburgerland.com\/de\/magazin\/wp-content\/uploads\/2012\/06\/IMG_4241-1280x1024.jpg\">\t<picture><source media=\"(min-width: 576px)\" srcset=\"https:\/\/www.salzburgerland.com\/de\/magazin\/wp-content\/uploads\/2012\/06\/IMG_4241-325x209.jpg 325w, https:\/\/www.salzburgerland.com\/de\/magazin\/wp-content\/uploads\/2012\/06\/IMG_4241-249x160.jpg 249w\" \/><source media=\"(min-width: 0)\" srcset=\"https:\/\/www.salzburgerland.com\/de\/magazin\/wp-content\/uploads\/2012\/06\/IMG_4241-249x160.jpg 249w, https:\/\/www.salzburgerland.com\/de\/magazin\/wp-content\/uploads\/2012\/06\/IMG_4241-325x209.jpg 325w\" \/><img decoding=\"async\" alt=\"Kinder spielen auf einer langen blauen Rutsche in einem grasbewachsenen Feld, w\u00e4hrend im Hintergrund K\u00fche grasen.\" src=\"https:\/\/www.salzburgerland.com\/de\/magazin\/wp-content\/uploads\/2012\/06\/IMG_4241-scaled.jpg\" \/>\t<\/picture><\/a><\/figure><\/div><div class=\"col-6 col-sm-4\"><figure><a class=\"thumb-container\" href=\"https:\/\/www.salzburgerland.com\/de\/magazin\/wp-content\/uploads\/2012\/06\/IMG_4195-1280x1024.jpg\">\t<picture><source media=\"(min-width: 576px)\" srcset=\"https:\/\/www.salzburgerland.com\/de\/magazin\/wp-content\/uploads\/2012\/06\/IMG_4195-325x209.jpg 325w, https:\/\/www.salzburgerland.com\/de\/magazin\/wp-content\/uploads\/2012\/06\/IMG_4195-249x160.jpg 249w\" \/><source media=\"(min-width: 0)\" srcset=\"https:\/\/www.salzburgerland.com\/de\/magazin\/wp-content\/uploads\/2012\/06\/IMG_4195-249x160.jpg 249w, https:\/\/www.salzburgerland.com\/de\/magazin\/wp-content\/uploads\/2012\/06\/IMG_4195-325x209.jpg 325w\" \/><img decoding=\"async\" alt=\"Ein M\u00e4dchen im Badeanzug rutscht eine nasse, blaue Rutsche hinunter, spritzt ins Wasser und l\u00e4chelt ins Freie.\" src=\"https:\/\/www.salzburgerland.com\/de\/magazin\/wp-content\/uploads\/2012\/06\/IMG_4195-scaled.jpg\" \/>\t<\/picture><\/a><\/figure><\/div><div class=\"col-6 col-sm-4\"><figure><a class=\"thumb-container\" href=\"https:\/\/www.salzburgerland.com\/de\/magazin\/wp-content\/uploads\/2012\/06\/IMG_4140-1280x1024.jpg\">\t<picture><source media=\"(min-width: 576px)\" srcset=\"https:\/\/www.salzburgerland.com\/de\/magazin\/wp-content\/uploads\/2012\/06\/IMG_4140-325x209.jpg 325w, https:\/\/www.salzburgerland.com\/de\/magazin\/wp-content\/uploads\/2012\/06\/IMG_4140-249x160.jpg 249w\" \/><source media=\"(min-width: 0)\" srcset=\"https:\/\/www.salzburgerland.com\/de\/magazin\/wp-content\/uploads\/2012\/06\/IMG_4140-249x160.jpg 249w, https:\/\/www.salzburgerland.com\/de\/magazin\/wp-content\/uploads\/2012\/06\/IMG_4140-325x209.jpg 325w\" \/><img decoding=\"async\" alt=\"Ein M\u00e4dchen mit Helm f\u00e4llt von einem ATV in hohes Gras, w\u00e4hrend ein Mann in der N\u00e4he zusieht.\" src=\"https:\/\/www.salzburgerland.com\/de\/magazin\/wp-content\/uploads\/2012\/06\/IMG_4140-scaled.jpg\" \/>\t<\/picture><\/a><\/figure><\/div><div class=\"col-6 col-sm-4\"><figure><a class=\"thumb-container\" href=\"https:\/\/www.salzburgerland.com\/de\/magazin\/wp-content\/uploads\/2012\/06\/IMG_4109-1280x1024.jpg\">\t<picture><source media=\"(min-width: 576px)\" srcset=\"https:\/\/www.salzburgerland.com\/de\/magazin\/wp-content\/uploads\/2012\/06\/IMG_4109-325x209.jpg 325w, https:\/\/www.salzburgerland.com\/de\/magazin\/wp-content\/uploads\/2012\/06\/IMG_4109-249x160.jpg 249w\" \/><source media=\"(min-width: 0)\" srcset=\"https:\/\/www.salzburgerland.com\/de\/magazin\/wp-content\/uploads\/2012\/06\/IMG_4109-249x160.jpg 249w, https:\/\/www.salzburgerland.com\/de\/magazin\/wp-content\/uploads\/2012\/06\/IMG_4109-325x209.jpg 325w\" \/><img decoding=\"async\" alt=\"Ein Kind springt auf einem Trampolin im Freien hoch, w\u00e4hrend ein anderes Kind in der N\u00e4he steht und zuschaut.\" src=\"https:\/\/www.salzburgerland.com\/de\/magazin\/wp-content\/uploads\/2012\/06\/IMG_4109-scaled.jpg\" \/>\t<\/picture><\/a><\/figure><\/div><div class=\"col-6 col-sm-4\"><figure><a class=\"thumb-container\" href=\"https:\/\/www.salzburgerland.com\/de\/magazin\/wp-content\/uploads\/2012\/06\/IMG_4093-1280x1024.jpg\">\t<picture><source media=\"(min-width: 576px)\" srcset=\"https:\/\/www.salzburgerland.com\/de\/magazin\/wp-content\/uploads\/2012\/06\/IMG_4093-325x209.jpg 325w, https:\/\/www.salzburgerland.com\/de\/magazin\/wp-content\/uploads\/2012\/06\/IMG_4093-249x160.jpg 249w\" \/><source media=\"(min-width: 0)\" srcset=\"https:\/\/www.salzburgerland.com\/de\/magazin\/wp-content\/uploads\/2012\/06\/IMG_4093-249x160.jpg 249w, https:\/\/www.salzburgerland.com\/de\/magazin\/wp-content\/uploads\/2012\/06\/IMG_4093-325x209.jpg 325w\" \/><img decoding=\"async\" alt=\"Person kopf\u00fcber auf einem Bungee-Trampolin, mit Bergen und Himmel im Hintergrund.\" src=\"https:\/\/www.salzburgerland.com\/de\/magazin\/wp-content\/uploads\/2012\/06\/IMG_4093-scaled.jpg\" \/>\t<\/picture><\/a><\/figure><\/div><div class=\"col-6 col-sm-4\"><figure><a class=\"thumb-container\" href=\"https:\/\/www.salzburgerland.com\/de\/magazin\/wp-content\/uploads\/2012\/06\/Nessiteich019-1280x1024.jpg\">\t<picture><source media=\"(min-width: 576px)\" srcset=\"https:\/\/www.salzburgerland.com\/de\/magazin\/wp-content\/uploads\/2012\/06\/Nessiteich019-325x209.jpg 325w, https:\/\/www.salzburgerland.com\/de\/magazin\/wp-content\/uploads\/2012\/06\/Nessiteich019-249x160.jpg 249w\" \/><source media=\"(min-width: 0)\" srcset=\"https:\/\/www.salzburgerland.com\/de\/magazin\/wp-content\/uploads\/2012\/06\/Nessiteich019-249x160.jpg 249w, https:\/\/www.salzburgerland.com\/de\/magazin\/wp-content\/uploads\/2012\/06\/Nessiteich019-325x209.jpg 325w\" \/><img decoding=\"async\" alt=\"Person in einem gro\u00dfen aufblasbaren Ball, die auf einem See spaziert, umgeben von Wasserpflanzen und bewaldeten H\u00fcgeln.\" src=\"https:\/\/www.salzburgerland.com\/de\/magazin\/wp-content\/uploads\/2012\/06\/Nessiteich019-scaled.jpg\" \/>\t<\/picture><\/a><\/figure><\/div><div class=\"col-6 col-sm-4\"><figure><a class=\"thumb-container\" href=\"https:\/\/www.salzburgerland.com\/de\/magazin\/wp-content\/uploads\/2012\/06\/Nessiteich018-1280x1024.jpg\">\t<picture><source media=\"(min-width: 576px)\" srcset=\"https:\/\/www.salzburgerland.com\/de\/magazin\/wp-content\/uploads\/2012\/06\/Nessiteich018-325x209.jpg 325w, https:\/\/www.salzburgerland.com\/de\/magazin\/wp-content\/uploads\/2012\/06\/Nessiteich018-249x160.jpg 249w\" \/><source media=\"(min-width: 0)\" srcset=\"https:\/\/www.salzburgerland.com\/de\/magazin\/wp-content\/uploads\/2012\/06\/Nessiteich018-249x160.jpg 249w, https:\/\/www.salzburgerland.com\/de\/magazin\/wp-content\/uploads\/2012\/06\/Nessiteich018-325x209.jpg 325w\" \/><img decoding=\"async\" alt=\"Eine Person im Inneren eines gro\u00dfen aufblasbaren Balls l\u00e4uft auf dem Wasser, umgeben von B\u00e4umen und Gr\u00fcnpflanzen.\" src=\"https:\/\/www.salzburgerland.com\/de\/magazin\/wp-content\/uploads\/2012\/06\/Nessiteich018-scaled.jpg\" \/>\t<\/picture><\/a><\/figure><\/div><div class=\"col-6 col-sm-4\"><figure><a class=\"thumb-container\" href=\"https:\/\/www.salzburgerland.com\/de\/magazin\/wp-content\/uploads\/2012\/06\/Nessiteich017-1280x1024.jpg\">\t<picture><source media=\"(min-width: 576px)\" srcset=\"https:\/\/www.salzburgerland.com\/de\/magazin\/wp-content\/uploads\/2012\/06\/Nessiteich017-325x209.jpg 325w, https:\/\/www.salzburgerland.com\/de\/magazin\/wp-content\/uploads\/2012\/06\/Nessiteich017-249x160.jpg 249w\" \/><source media=\"(min-width: 0)\" srcset=\"https:\/\/www.salzburgerland.com\/de\/magazin\/wp-content\/uploads\/2012\/06\/Nessiteich017-249x160.jpg 249w, https:\/\/www.salzburgerland.com\/de\/magazin\/wp-content\/uploads\/2012\/06\/Nessiteich017-325x209.jpg 325w\" \/><img decoding=\"async\" alt=\"Person, die in einem gro\u00dfen aufblasbaren Ball auf einem See, umgeben von B\u00e4umen, auf dem Wasser l\u00e4uft.\" src=\"https:\/\/www.salzburgerland.com\/de\/magazin\/wp-content\/uploads\/2012\/06\/Nessiteich017-scaled.jpg\" \/>\t<\/picture><\/a><\/figure><\/div><div class=\"col-6 col-sm-4\"><figure><a class=\"thumb-container\" href=\"https:\/\/www.salzburgerland.com\/de\/magazin\/wp-content\/uploads\/2012\/06\/Nessiteich016-1280x1024.jpg\">\t<picture><source media=\"(min-width: 576px)\" srcset=\"https:\/\/www.salzburgerland.com\/de\/magazin\/wp-content\/uploads\/2012\/06\/Nessiteich016-325x209.jpg 325w, https:\/\/www.salzburgerland.com\/de\/magazin\/wp-content\/uploads\/2012\/06\/Nessiteich016-249x160.jpg 249w\" \/><source media=\"(min-width: 0)\" srcset=\"https:\/\/www.salzburgerland.com\/de\/magazin\/wp-content\/uploads\/2012\/06\/Nessiteich016-249x160.jpg 249w, https:\/\/www.salzburgerland.com\/de\/magazin\/wp-content\/uploads\/2012\/06\/Nessiteich016-325x209.jpg 325w\" \/><img decoding=\"async\" alt=\"Ein Mann hilft einem M\u00e4dchen in einem gro\u00dfen aufblasbaren Ball an einem See in der N\u00e4he eines bewaldeten Ufers.\" src=\"https:\/\/www.salzburgerland.com\/de\/magazin\/wp-content\/uploads\/2012\/06\/Nessiteich016-scaled.jpg\" \/>\t<\/picture><\/a><\/figure><\/div><div class=\"col-6 col-sm-4\"><figure><a class=\"thumb-container\" href=\"https:\/\/www.salzburgerland.com\/de\/magazin\/wp-content\/uploads\/2012\/06\/Nessiteich015-1280x1024.jpg\">\t<picture><source media=\"(min-width: 576px)\" srcset=\"https:\/\/www.salzburgerland.com\/de\/magazin\/wp-content\/uploads\/2012\/06\/Nessiteich015-325x209.jpg 325w, https:\/\/www.salzburgerland.com\/de\/magazin\/wp-content\/uploads\/2012\/06\/Nessiteich015-249x160.jpg 249w\" \/><source media=\"(min-width: 0)\" srcset=\"https:\/\/www.salzburgerland.com\/de\/magazin\/wp-content\/uploads\/2012\/06\/Nessiteich015-249x160.jpg 249w, https:\/\/www.salzburgerland.com\/de\/magazin\/wp-content\/uploads\/2012\/06\/Nessiteich015-325x209.jpg 325w\" \/><img decoding=\"async\" alt=\"Ein l\u00e4chelndes Kind in einer durchsichtigen, aufblasbaren Luftblase purzelt drau\u00dfen auf bunten Matten herum.\" src=\"https:\/\/www.salzburgerland.com\/de\/magazin\/wp-content\/uploads\/2012\/06\/Nessiteich015-scaled.jpg\" \/>\t<\/picture><\/a><\/figure><\/div><div class=\"col-6 col-sm-4\"><figure><a class=\"thumb-container\" href=\"https:\/\/www.salzburgerland.com\/de\/magazin\/wp-content\/uploads\/2012\/06\/Nessiteich001-1280x1024.jpg\">\t<picture><source media=\"(min-width: 576px)\" srcset=\"https:\/\/www.salzburgerland.com\/de\/magazin\/wp-content\/uploads\/2012\/06\/Nessiteich001-325x209.jpg 325w, https:\/\/www.salzburgerland.com\/de\/magazin\/wp-content\/uploads\/2012\/06\/Nessiteich001-249x160.jpg 249w\" \/><source media=\"(min-width: 0)\" srcset=\"https:\/\/www.salzburgerland.com\/de\/magazin\/wp-content\/uploads\/2012\/06\/Nessiteich001-249x160.jpg 249w, https:\/\/www.salzburgerland.com\/de\/magazin\/wp-content\/uploads\/2012\/06\/Nessiteich001-325x209.jpg 325w\" \/><img decoding=\"async\" alt=\"Adrenalinkick\" src=\"https:\/\/www.salzburgerland.com\/de\/magazin\/wp-content\/uploads\/2012\/06\/Nessiteich001-scaled.jpg\" \/>\t<\/picture><\/a><\/figure><\/div><div class=\"col-6 col-sm-4\"><figure><a class=\"thumb-container\" href=\"https:\/\/www.salzburgerland.com\/de\/magazin\/wp-content\/uploads\/2012\/06\/Nessiteich013-1280x1024.jpg\">\t<picture><source media=\"(min-width: 576px)\" srcset=\"https:\/\/www.salzburgerland.com\/de\/magazin\/wp-content\/uploads\/2012\/06\/Nessiteich013-325x209.jpg 325w, https:\/\/www.salzburgerland.com\/de\/magazin\/wp-content\/uploads\/2012\/06\/Nessiteich013-249x160.jpg 249w\" \/><source media=\"(min-width: 0)\" srcset=\"https:\/\/www.salzburgerland.com\/de\/magazin\/wp-content\/uploads\/2012\/06\/Nessiteich013-249x160.jpg 249w, https:\/\/www.salzburgerland.com\/de\/magazin\/wp-content\/uploads\/2012\/06\/Nessiteich013-325x209.jpg 325w\" \/><img decoding=\"async\" alt=\"Ein l\u00e4chelndes M\u00e4dchen in einem rosa Hemd und blauen Shorts winkt aus einer gro\u00dfen aufblasbaren Luftblase im Freien.\" src=\"https:\/\/www.salzburgerland.com\/de\/magazin\/wp-content\/uploads\/2012\/06\/Nessiteich013-scaled.jpg\" \/>\t<\/picture><\/a><\/figure><\/div><div class=\"col-6 col-sm-4\"><figure><a class=\"thumb-container\" href=\"https:\/\/www.salzburgerland.com\/de\/magazin\/wp-content\/uploads\/2012\/06\/Nessiteich011-1280x1024.jpg\">\t<picture><source media=\"(min-width: 576px)\" srcset=\"https:\/\/www.salzburgerland.com\/de\/magazin\/wp-content\/uploads\/2012\/06\/Nessiteich011-325x209.jpg 325w, https:\/\/www.salzburgerland.com\/de\/magazin\/wp-content\/uploads\/2012\/06\/Nessiteich011-249x160.jpg 249w\" \/><source media=\"(min-width: 0)\" srcset=\"https:\/\/www.salzburgerland.com\/de\/magazin\/wp-content\/uploads\/2012\/06\/Nessiteich011-249x160.jpg 249w, https:\/\/www.salzburgerland.com\/de\/magazin\/wp-content\/uploads\/2012\/06\/Nessiteich011-325x209.jpg 325w\" \/><img decoding=\"async\" alt=\"Zwei wei\u00dfe Sicherheitshelme und Kletterausr\u00fcstung mit Karabinern liegen auf Kies.\" src=\"https:\/\/www.salzburgerland.com\/de\/magazin\/wp-content\/uploads\/2012\/06\/Nessiteich011-scaled.jpg\" \/>\t<\/picture><\/a><\/figure><\/div><div class=\"col-6 col-sm-4\"><figure><a class=\"thumb-container\" href=\"https:\/\/www.salzburgerland.com\/de\/magazin\/wp-content\/uploads\/2012\/06\/Nessiteich010-1280x1024.jpg\">\t<picture><source media=\"(min-width: 576px)\" srcset=\"\" \/><source media=\"(min-width: 0)\" srcset=\"\" \/><img decoding=\"async\" alt=\"Nahaufnahme der H\u00e4nde, die die Sicherheitsausr\u00fcstung mit einem gelben Gurt und einem Sicherheitsschloss an einem Seilbahnkabel befestigen.\" src=\"https:\/\/www.salzburgerland.com\/de\/magazin\/wp-content\/uploads\/2012\/06\/Nessiteich010-scaled.jpg\" \/>\t<\/picture><\/a><\/figure><\/div><div class=\"col-6 col-sm-4\"><figure><a class=\"thumb-container\" href=\"https:\/\/www.salzburgerland.com\/de\/magazin\/wp-content\/uploads\/2012\/06\/Nessiteich009-1280x1024.jpg\">\t<picture><source media=\"(min-width: 576px)\" srcset=\"https:\/\/www.salzburgerland.com\/de\/magazin\/wp-content\/uploads\/2012\/06\/Nessiteich009-325x209.jpg 325w, https:\/\/www.salzburgerland.com\/de\/magazin\/wp-content\/uploads\/2012\/06\/Nessiteich009-249x160.jpg 249w\" \/><source media=\"(min-width: 0)\" srcset=\"https:\/\/www.salzburgerland.com\/de\/magazin\/wp-content\/uploads\/2012\/06\/Nessiteich009-249x160.jpg 249w, https:\/\/www.salzburgerland.com\/de\/magazin\/wp-content\/uploads\/2012\/06\/Nessiteich009-325x209.jpg 325w\" \/><img decoding=\"async\" alt=\"Ein Mann hilft einem M\u00e4dchen in Gurtzeug und Helm an einer Seilrutsche \u00fcber einem See, mit B\u00e4umen im Hintergrund.\" src=\"https:\/\/www.salzburgerland.com\/de\/magazin\/wp-content\/uploads\/2012\/06\/Nessiteich009-scaled.jpg\" \/>\t<\/picture><\/a><\/figure><\/div><div class=\"col-6 col-sm-4\"><figure><a class=\"thumb-container\" href=\"https:\/\/www.salzburgerland.com\/de\/magazin\/wp-content\/uploads\/2012\/06\/Nessiteich007-1280x1024.jpg\">\t<picture><source media=\"(min-width: 576px)\" srcset=\"https:\/\/www.salzburgerland.com\/de\/magazin\/wp-content\/uploads\/2012\/06\/Nessiteich007-325x209.jpg 325w, https:\/\/www.salzburgerland.com\/de\/magazin\/wp-content\/uploads\/2012\/06\/Nessiteich007-249x160.jpg 249w\" \/><source media=\"(min-width: 0)\" srcset=\"https:\/\/www.salzburgerland.com\/de\/magazin\/wp-content\/uploads\/2012\/06\/Nessiteich007-249x160.jpg 249w, https:\/\/www.salzburgerland.com\/de\/magazin\/wp-content\/uploads\/2012\/06\/Nessiteich007-325x209.jpg 325w\" \/><img decoding=\"async\" alt=\"Eine Person seilt sich an einem See ab, gef\u00fchrt von einem Mann, w\u00e4hrend eine andere Person in der N\u00e4he wartet.\" src=\"https:\/\/www.salzburgerland.com\/de\/magazin\/wp-content\/uploads\/2012\/06\/Nessiteich007-scaled.jpg\" \/>\t<\/picture><\/a><\/figure><\/div><div class=\"col-6 col-sm-4\"><figure><a class=\"thumb-container\" href=\"https:\/\/www.salzburgerland.com\/de\/magazin\/wp-content\/uploads\/2012\/06\/Nessiteich006-1280x1024.jpg\">\t<picture><source media=\"(min-width: 576px)\" srcset=\"https:\/\/www.salzburgerland.com\/de\/magazin\/wp-content\/uploads\/2012\/06\/Nessiteich006-325x209.jpg 325w, https:\/\/www.salzburgerland.com\/de\/magazin\/wp-content\/uploads\/2012\/06\/Nessiteich006-249x160.jpg 249w\" \/><source media=\"(min-width: 0)\" srcset=\"https:\/\/www.salzburgerland.com\/de\/magazin\/wp-content\/uploads\/2012\/06\/Nessiteich006-249x160.jpg 249w, https:\/\/www.salzburgerland.com\/de\/magazin\/wp-content\/uploads\/2012\/06\/Nessiteich006-325x209.jpg 325w\" \/><img decoding=\"async\" alt=\"Eine Person f\u00e4hrt an einem sonnigen Tag mit einer Seilrutsche \u00fcber einen kleinen See, der von B\u00e4umen und Gr\u00fcnfl\u00e4chen umgeben ist.\" src=\"https:\/\/www.salzburgerland.com\/de\/magazin\/wp-content\/uploads\/2012\/06\/Nessiteich006-scaled.jpg\" \/>\t<\/picture><\/a><\/figure><\/div><div class=\"col-6 col-sm-4\"><figure><a class=\"thumb-container\" href=\"https:\/\/www.salzburgerland.com\/de\/magazin\/wp-content\/uploads\/2012\/06\/Nessiteich004-1280x1024.jpg\">\t<picture><source media=\"(min-width: 576px)\" srcset=\"\" \/><source media=\"(min-width: 0)\" srcset=\"\" \/><img decoding=\"async\" alt=\"Ein Erwachsener hilft einem M\u00e4dchen mit Helm und Klettergurt bei den Vorbereitungen f\u00fcr eine Seilrutsche im Freien.\" src=\"https:\/\/www.salzburgerland.com\/de\/magazin\/wp-content\/uploads\/2012\/06\/Nessiteich004-scaled.jpg\" \/>\t<\/picture><\/a><\/figure><\/div><div class=\"col-6 col-sm-4\"><figure><a class=\"thumb-container\" href=\"https:\/\/www.salzburgerland.com\/de\/magazin\/wp-content\/uploads\/2012\/06\/Nessiteich003-1280x1024.jpg\">\t<picture><source media=\"(min-width: 576px)\" srcset=\"https:\/\/www.salzburgerland.com\/de\/magazin\/wp-content\/uploads\/2012\/06\/Nessiteich003-325x209.jpg 325w, https:\/\/www.salzburgerland.com\/de\/magazin\/wp-content\/uploads\/2012\/06\/Nessiteich003-249x160.jpg 249w\" \/><source media=\"(min-width: 0)\" srcset=\"https:\/\/www.salzburgerland.com\/de\/magazin\/wp-content\/uploads\/2012\/06\/Nessiteich003-249x160.jpg 249w, https:\/\/www.salzburgerland.com\/de\/magazin\/wp-content\/uploads\/2012\/06\/Nessiteich003-325x209.jpg 325w\" \/><img decoding=\"async\" alt=\"Eine Person gleitet an einer Seilrutsche \u00fcber einen ruhigen See, umgeben von gr\u00fcnen B\u00e4umen und B\u00fcschen.\" src=\"https:\/\/www.salzburgerland.com\/de\/magazin\/wp-content\/uploads\/2012\/06\/Nessiteich003-scaled.jpg\" \/>\t<\/picture><\/a><\/figure><\/div><div class=\"col-6 col-sm-4\"><figure><a class=\"thumb-container\" href=\"https:\/\/www.salzburgerland.com\/de\/magazin\/wp-content\/uploads\/2012\/06\/Nessiteich002-1280x1024.jpg\">\t<picture><source media=\"(min-width: 576px)\" srcset=\"https:\/\/www.salzburgerland.com\/de\/magazin\/wp-content\/uploads\/2012\/06\/Nessiteich002-325x209.jpg 325w, https:\/\/www.salzburgerland.com\/de\/magazin\/wp-content\/uploads\/2012\/06\/Nessiteich002-249x160.jpg 249w\" \/><source media=\"(min-width: 0)\" srcset=\"https:\/\/www.salzburgerland.com\/de\/magazin\/wp-content\/uploads\/2012\/06\/Nessiteich002-249x160.jpg 249w, https:\/\/www.salzburgerland.com\/de\/magazin\/wp-content\/uploads\/2012\/06\/Nessiteich002-325x209.jpg 325w\" \/><img decoding=\"async\" alt=\"Eine Person in Rot f\u00e4hrt auf einer Seilrutsche \u00fcber einen \u00fcppig bewaldeten H\u00fcgel mit einem Holzgel\u00e4nder dar\u00fcber.\" src=\"https:\/\/www.salzburgerland.com\/de\/magazin\/wp-content\/uploads\/2012\/06\/Nessiteich002-scaled.jpg\" \/>\t<\/picture><\/a><\/figure><\/div><\/div><\/div><figcaption><\/figcaption>\n<p>Weitere Outdoor-Parks:<\/p>\n<p>Smarty Land\u00a0 im Skizentrum Mauterndorf richtet sich an eine j\u00fcngere Zielgruppe und punktet mit\u00a0Kinderquads, Trampolinen, Tubes, Kletterwand und H\u00fcpfburgen.<\/p>\n<div>\n<div>Talstation Gro\u00dfeck<\/div>\n<div>5570 Mauterndorf<\/div>\n<\/div>\n<div>\n<div>06472 20033<\/div>\n<\/div>\n<p><a href=\"https:\/\/www.salzburgerland.com\/de\/magazin\/wp-content\/uploads\/2012\/06\/IMG_4241.jpg\"><img loading=\"lazy\" decoding=\"async\" class=\"alignnone size-magazine-halb wp-image-19769\" title=\"Wassertubes\" src=\"https:\/\/www.salzburgerland.com\/de\/magazin\/wp-content\/uploads\/2012\/06\/IMG_4241-300x225.jpg\" alt=\"\" width=\"300\" height=\"225\" \/><\/a><a href=\"https:\/\/www.salzburgerland.com\/de\/magazin\/wp-content\/uploads\/2012\/06\/IMG_4195.jpg\"><img loading=\"lazy\" decoding=\"async\" class=\"alignnone size-magazine-halb wp-image-19768\" title=\"Wasserrutsche\" src=\"https:\/\/www.salzburgerland.com\/de\/magazin\/wp-content\/uploads\/2012\/06\/IMG_4195-300x225.jpg\" alt=\"\" width=\"300\" height=\"225\" \/><\/a><a href=\"https:\/\/www.salzburgerland.com\/de\/magazin\/wp-content\/uploads\/2012\/06\/IMG_4140.jpg\"><img loading=\"lazy\" decoding=\"async\" class=\"alignnone size-magazine-halb wp-image-19767\" title=\"Kinderquads\" src=\"https:\/\/www.salzburgerland.com\/de\/magazin\/wp-content\/uploads\/2012\/06\/IMG_4140-300x225.jpg\" alt=\"\" width=\"300\" height=\"225\" \/><\/a><a href=\"https:\/\/www.salzburgerland.com\/de\/magazin\/wp-content\/uploads\/2012\/06\/IMG_4109.jpg\"><img loading=\"lazy\" decoding=\"async\" class=\"alignnone size-magazine-halb wp-image-19766\" title=\"Trampolin\" src=\"https:\/\/www.salzburgerland.com\/de\/magazin\/wp-content\/uploads\/2012\/06\/IMG_4109-300x225.jpg\" alt=\"\" width=\"300\" height=\"225\" \/><\/a><a href=\"https:\/\/www.salzburgerland.com\/de\/magazin\/wp-content\/uploads\/2012\/06\/IMG_4093.jpg\"><img loading=\"lazy\" decoding=\"async\" class=\"alignnone size-magazine-halb wp-image-19765\" title=\"Bungytrampolin\" src=\"https:\/\/www.salzburgerland.com\/de\/magazin\/wp-content\/uploads\/2012\/06\/IMG_4093-300x225.jpg\" alt=\"\" width=\"300\" height=\"225\" \/><\/a><\/p>\n<p>&nbsp;<\/p>\n<p>&nbsp;<\/p>\n<p>&nbsp;<\/p>\n","protected":false},"excerpt":{"rendered":"<p>Wer hat nicht schon mal davon getr\u00e4umt, \u00fcber das Wasser zu gehen. Im Zorb ist das m\u00f6glich. Zumindest theoretisch. Wenn man schnell genug l\u00e4uft und das Gleichgewicht halten kann. Gar nicht so einfach \u2013 und Platzangst sollte man auch nicht haben. \u201eDie Luft im Ball reicht locker f\u00fcr 15 Minuten\u201c beruhigt Martin Sagmeister vom Outdoorparc [&hellip;]<\/p>\n","protected":false},"author":70,"featured_media":19763,"comment_status":"open","ping_status":"open","sticky":false,"template":"","format":"standard","meta":{"_acf_changed":false,"wl_entities_gutenberg":"","_wl_entity_redirect_enabled":"","footnotes":""},"categories":[8],"tags":[],"wl_entity_type":[306],"monatsauswahl":[86,87,88,89,90,91],"class_list":["post-19739","post","type-post","status-publish","format-standard","has-post-thumbnail","hentry","category-outdoor-sport","wl_entity_type-article","monatsauswahl-monat_5","monatsauswahl-monat_6","monatsauswahl-monat_7","monatsauswahl-monat_8","monatsauswahl-monat_9","monatsauswahl-monat_10"],"acf":[],"yoast_head":"<!-- This site is optimized with the Yoast SEO Premium plugin v27.4 (Yoast SEO v27.4) - https:\/\/yoast.com\/product\/yoast-seo-premium-wordpress\/ -->\n<title>\u00dcber das Wasser laufen - SalzburgerLand Magazin<\/title>\n<meta name=\"description\" content=\"Wer hat nicht schon mal davon getr\u00e4umt, \u00fcber das Wasser zu gehen. Im Zorb ist das m\u00f6glich. Zumindest theoretisch. Wenn man schnell genug l\u00e4uft und das Gleichgewicht halten kann. Gar nicht so einfach \u2013 und Platzangst sollte man auch nicht haben. \u201eDie Luft im Ball reicht locker f\u00fcr 15 Minuten\u201c beruhigt Martin Sagmeister vom Outdoorparc [&hellip;]\" \/>\n<meta name=\"robots\" content=\"index, follow, max-snippet:-1, max-image-preview:large, max-video-preview:-1\" \/>\n<link rel=\"canonical\" href=\"https:\/\/www.salzburgerland.com\/de\/magazin\/uber-das-wasser-laufen\/\" \/>\n<meta property=\"og:locale\" content=\"de_DE\" \/>\n<meta property=\"og:type\" content=\"article\" \/>\n<meta property=\"og:title\" content=\"\u00dcber das Wasser laufen\" \/>\n<meta property=\"og:description\" content=\"Wer hat nicht schon mal davon getr\u00e4umt, \u00fcber das Wasser zu gehen. Im Zorb ist das m\u00f6glich. Zumindest theoretisch. Wenn man schnell genug l\u00e4uft und das Gleichgewicht halten kann. Gar nicht so einfach \u2013 und Platzangst sollte man auch nicht haben. \u201eDie Luft im Ball reicht locker f\u00fcr 15 Minuten\u201c beruhigt Martin Sagmeister vom Outdoorparc [&hellip;]\" \/>\n<meta property=\"og:url\" content=\"https:\/\/www.salzburgerland.com\/de\/magazin\/uber-das-wasser-laufen\/\" \/>\n<meta property=\"og:site_name\" content=\"SalzburgerLand Magazin\" \/>\n<meta property=\"article:publisher\" content=\"https:\/\/www.facebook.com\/salzburgerland\/\" \/>\n<meta property=\"article:published_time\" content=\"2012-07-09T11:48:54+00:00\" \/>\n<meta property=\"article:modified_time\" content=\"2019-06-26T18:41:20+00:00\" \/>\n<meta property=\"og:image\" content=\"https:\/\/www.salzburgerland.com\/de\/magazin\/wp-content\/uploads\/2012\/06\/Nessiteich019.jpg\" \/>\n\t<meta property=\"og:image:width\" content=\"3543\" \/>\n\t<meta property=\"og:image:height\" content=\"2362\" \/>\n\t<meta property=\"og:image:type\" content=\"image\/jpeg\" \/>\n<meta name=\"author\" content=\"Doris Wild\" \/>\n<meta name=\"twitter:card\" content=\"summary_large_image\" \/>\n<meta name=\"twitter:creator\" content=\"@Salzburgerland\" \/>\n<meta name=\"twitter:site\" content=\"@Salzburgerland\" \/>\n<meta name=\"twitter:label1\" content=\"Verfasst von\" \/>\n\t<meta name=\"twitter:data1\" content=\"Doris Wild\" \/>\n\t<meta name=\"twitter:label2\" content=\"Gesch\u00e4tzte Lesezeit\" \/>\n\t<meta name=\"twitter:data2\" content=\"1\u00a0Minute\" \/>\n<script type=\"application\/ld+json\" class=\"yoast-schema-graph\">{\"@context\":\"https:\\\/\\\/schema.org\",\"@graph\":[{\"@type\":\"Article\",\"@id\":\"https:\\\/\\\/www.salzburgerland.com\\\/de\\\/magazin\\\/uber-das-wasser-laufen\\\/#article\",\"isPartOf\":{\"@id\":\"https:\\\/\\\/www.salzburgerland.com\\\/de\\\/magazin\\\/uber-das-wasser-laufen\\\/\"},\"author\":{\"name\":\"Doris Wild\",\"@id\":\"https:\\\/\\\/www.salzburgerland.com\\\/de\\\/magazin\\\/#\\\/schema\\\/person\\\/3c02fe460374aa9e0ef912270ae0b92c\"},\"headline\":\"\u00dcber das Wasser laufen\",\"datePublished\":\"2012-07-09T11:48:54+00:00\",\"dateModified\":\"2019-06-26T18:41:20+00:00\",\"mainEntityOfPage\":{\"@id\":\"https:\\\/\\\/www.salzburgerland.com\\\/de\\\/magazin\\\/uber-das-wasser-laufen\\\/\"},\"wordCount\":203,\"commentCount\":0,\"publisher\":{\"@id\":\"https:\\\/\\\/www.salzburgerland.com\\\/de\\\/magazin\\\/#organization\"},\"image\":{\"@id\":\"https:\\\/\\\/www.salzburgerland.com\\\/de\\\/magazin\\\/uber-das-wasser-laufen\\\/#primaryimage\"},\"thumbnailUrl\":\"https:\\\/\\\/www.salzburgerland.com\\\/de\\\/magazin\\\/wp-content\\\/uploads\\\/2012\\\/06\\\/Nessiteich019-scaled.jpg\",\"articleSection\":[\"Outdoor &amp; Sport\"],\"inLanguage\":\"de\",\"potentialAction\":[{\"@type\":\"CommentAction\",\"name\":\"Comment\",\"target\":[\"https:\\\/\\\/www.salzburgerland.com\\\/de\\\/magazin\\\/uber-das-wasser-laufen\\\/#respond\"]}]},{\"@type\":\"WebPage\",\"@id\":\"https:\\\/\\\/www.salzburgerland.com\\\/de\\\/magazin\\\/uber-das-wasser-laufen\\\/\",\"url\":\"https:\\\/\\\/www.salzburgerland.com\\\/de\\\/magazin\\\/uber-das-wasser-laufen\\\/\",\"name\":\"\u00dcber das Wasser laufen - SalzburgerLand Magazin\",\"isPartOf\":{\"@id\":\"https:\\\/\\\/www.salzburgerland.com\\\/de\\\/magazin\\\/#website\"},\"primaryImageOfPage\":{\"@id\":\"https:\\\/\\\/www.salzburgerland.com\\\/de\\\/magazin\\\/uber-das-wasser-laufen\\\/#primaryimage\"},\"image\":{\"@id\":\"https:\\\/\\\/www.salzburgerland.com\\\/de\\\/magazin\\\/uber-das-wasser-laufen\\\/#primaryimage\"},\"thumbnailUrl\":\"https:\\\/\\\/www.salzburgerland.com\\\/de\\\/magazin\\\/wp-content\\\/uploads\\\/2012\\\/06\\\/Nessiteich019-scaled.jpg\",\"datePublished\":\"2012-07-09T11:48:54+00:00\",\"dateModified\":\"2019-06-26T18:41:20+00:00\",\"breadcrumb\":{\"@id\":\"https:\\\/\\\/www.salzburgerland.com\\\/de\\\/magazin\\\/uber-das-wasser-laufen\\\/#breadcrumb\"},\"inLanguage\":\"de\",\"potentialAction\":[{\"@type\":\"ReadAction\",\"target\":[\"https:\\\/\\\/www.salzburgerland.com\\\/de\\\/magazin\\\/uber-das-wasser-laufen\\\/\"]}]},{\"@type\":\"ImageObject\",\"inLanguage\":\"de\",\"@id\":\"https:\\\/\\\/www.salzburgerland.com\\\/de\\\/magazin\\\/uber-das-wasser-laufen\\\/#primaryimage\",\"url\":\"https:\\\/\\\/www.salzburgerland.com\\\/de\\\/magazin\\\/wp-content\\\/uploads\\\/2012\\\/06\\\/Nessiteich019-scaled.jpg\",\"contentUrl\":\"https:\\\/\\\/www.salzburgerland.com\\\/de\\\/magazin\\\/wp-content\\\/uploads\\\/2012\\\/06\\\/Nessiteich019-scaled.jpg\",\"width\":3543,\"height\":2362,\"caption\":\"Person in einem gro\u00dfen aufblasbaren Ball, die auf einem See spaziert, umgeben von Wasserpflanzen und bewaldeten H\u00fcgeln.\"},{\"@type\":\"BreadcrumbList\",\"@id\":\"https:\\\/\\\/www.salzburgerland.com\\\/de\\\/magazin\\\/uber-das-wasser-laufen\\\/#breadcrumb\",\"itemListElement\":[{\"@type\":\"ListItem\",\"position\":1,\"name\":\"Startseite\",\"item\":\"https:\\\/\\\/www.salzburgerland.com\\\/de\\\/magazin\\\/\"},{\"@type\":\"ListItem\",\"position\":2,\"name\":\"Outdoor &amp; Sport\",\"item\":\"https:\\\/\\\/www.salzburgerland.com\\\/de\\\/magazin\\\/thema\\\/outdoor-sport\\\/\"},{\"@type\":\"ListItem\",\"position\":3,\"name\":\"\u00dcber das Wasser laufen\"}]},{\"@type\":\"WebSite\",\"@id\":\"https:\\\/\\\/www.salzburgerland.com\\\/de\\\/magazin\\\/#website\",\"url\":\"https:\\\/\\\/www.salzburgerland.com\\\/de\\\/magazin\\\/\",\"name\":\"SalzburgerLand Magazin\",\"description\":\"Geschichten und Interessantes aus dem SalzburgerLand\",\"publisher\":{\"@id\":\"https:\\\/\\\/www.salzburgerland.com\\\/de\\\/magazin\\\/#organization\"},\"potentialAction\":[{\"@type\":\"SearchAction\",\"target\":{\"@type\":\"EntryPoint\",\"urlTemplate\":\"https:\\\/\\\/www.salzburgerland.com\\\/de\\\/magazin\\\/?s={search_term_string}\"},\"query-input\":{\"@type\":\"PropertyValueSpecification\",\"valueRequired\":true,\"valueName\":\"search_term_string\"}}],\"inLanguage\":\"de\"},{\"@type\":\"Organization\",\"@id\":\"https:\\\/\\\/www.salzburgerland.com\\\/de\\\/magazin\\\/#organization\",\"name\":\"SalzburgerLand Tourismus\",\"url\":\"https:\\\/\\\/www.salzburgerland.com\\\/de\\\/magazin\\\/\",\"logo\":{\"@type\":\"ImageObject\",\"inLanguage\":\"de\",\"@id\":\"https:\\\/\\\/www.salzburgerland.com\\\/de\\\/magazin\\\/#\\\/schema\\\/logo\\\/image\\\/\",\"url\":\"https:\\\/\\\/www.salzburgerland.com\\\/de\\\/magazin\\\/wp-content\\\/uploads\\\/2019\\\/06\\\/salzburgerland-logo1.jpg\",\"contentUrl\":\"https:\\\/\\\/www.salzburgerland.com\\\/de\\\/magazin\\\/wp-content\\\/uploads\\\/2019\\\/06\\\/salzburgerland-logo1.jpg\",\"width\":2011,\"height\":866,\"caption\":\"SalzburgerLand Tourismus\"},\"image\":{\"@id\":\"https:\\\/\\\/www.salzburgerland.com\\\/de\\\/magazin\\\/#\\\/schema\\\/logo\\\/image\\\/\"},\"sameAs\":[\"https:\\\/\\\/www.facebook.com\\\/salzburgerland\\\/\",\"https:\\\/\\\/x.com\\\/Salzburgerland\",\"https:\\\/\\\/www.instagram.com\\\/salzburgerland\\\/\",\"https:\\\/\\\/at.linkedin.com\\\/company\\\/salzburgerland-tourismus-gmbh\",\"https:\\\/\\\/www.pinterest.at\\\/salzburgerland\\\/\",\"https:\\\/\\\/www.youtube.com\\\/user\\\/salzburgerland\",\"https:\\\/\\\/de.wikipedia.org\\\/wiki\\\/SalzburgerLand_Tourismus_GmbH\"]},{\"@type\":\"Person\",\"@id\":\"https:\\\/\\\/www.salzburgerland.com\\\/de\\\/magazin\\\/#\\\/schema\\\/person\\\/3c02fe460374aa9e0ef912270ae0b92c\",\"name\":\"Doris Wild\",\"description\":\"Doris Wild ist Eventfotografin und Societyjournalistin und hat jetzt mit ihrer Agentur auch den Videojournalismus als zus\u00e4tzliches Standbein entdeckt. Nach 20 Jahren tagesaktueller Berichterstattung sind Blicke hinter die Kulissen der Event-Society und Modewelt die logische Konsequenz. Fragen mit Antworten von Doris Wild Morgen- oder Abendmensch? Vor 8.00 fr\u00fch holt mich nicht einmal der tollste Sonnenaufgang aus den Federn. Dass Fotografen die Morgensonne nutzen sollten \u2013 mag sein. Events finden selten im weichen Morgenlicht statt. Und zur blauen Stunde mache ich die besten Bilder. Weltliteratur oder Tratsch &amp; Klatsch? Man kann das kombinieren. Im Urlaub mal den dicken Schm\u00f6ker, in den Kaffeepausen die Regenbogenzeitschriften. Man muss schlie\u00dflich am Laufenden bleiben, um die Prinzessinnen und Medienstars zu erkennen, wenn sie im Salzburgerland urlauben. Kr\u00e4utertee oder Zirbenschnaps? Ich bin Antialkoholikerin und steh dazu. Ist als Societyfotografin wahrscheinlich die einzige M\u00f6glichkeit zu \u00fcberleben. Golfplatz oder Klettergarten? Klettergarten nat\u00fcrlich. Ich brauch Action. Funsport ist meine Devise! Am besten t\u00e4glich was Neues. Der Herausforderung Golf stelle ich mich sp\u00e4ter. Viel sp\u00e4ter. Dirndl oder Bustierkleid? Jetzt reicht\u00b4s aber. Wie wenn man sich so einfach entscheiden k\u00f6nnte! Mit drei \u00fcbervollen Kleiderschr\u00e4nken und der Ambition sich t\u00e4glich modisch neu zu erfinden, lassen sich diese Fragen nicht beantworten. Das ist anlass- und stimmungsbezogen unterschiedlich. Und \u00fcberhaupt: Auf Kleider steh ich nicht so. Also im Zweifelsfall: Lederhose mit Sneakers. Ausstellung oder Bergpanorama? Das seh ich ganz pragmatisch. Ich komme dort hin, wo mich meine Auftr\u00e4ge hinf\u00fchren. Das ist heute die Vernissage und morgen der Berggipfel. Genau das macht meinen Beruf so spannend und t\u00e4glich anders. Ich will alles.\",\"url\":\"https:\\\/\\\/www.salzburgerland.com\\\/de\\\/magazin\\\/author\\\/doris-wild\\\/\"}]}<\/script>\n<!-- \/ Yoast SEO Premium plugin. -->","yoast_head_json":{"title":"\u00dcber das Wasser laufen - SalzburgerLand Magazin","description":"Wer hat nicht schon mal davon getr\u00e4umt, \u00fcber das Wasser zu gehen. Im Zorb ist das m\u00f6glich. Zumindest theoretisch. Wenn man schnell genug l\u00e4uft und das Gleichgewicht halten kann. Gar nicht so einfach \u2013 und Platzangst sollte man auch nicht haben. \u201eDie Luft im Ball reicht locker f\u00fcr 15 Minuten\u201c beruhigt Martin Sagmeister vom Outdoorparc [&hellip;]","robots":{"index":"index","follow":"follow","max-snippet":"max-snippet:-1","max-image-preview":"max-image-preview:large","max-video-preview":"max-video-preview:-1"},"canonical":"https:\/\/www.salzburgerland.com\/de\/magazin\/uber-das-wasser-laufen\/","og_locale":"de_DE","og_type":"article","og_title":"\u00dcber das Wasser laufen","og_description":"Wer hat nicht schon mal davon getr\u00e4umt, \u00fcber das Wasser zu gehen. Im Zorb ist das m\u00f6glich. Zumindest theoretisch. Wenn man schnell genug l\u00e4uft und das Gleichgewicht halten kann. Gar nicht so einfach \u2013 und Platzangst sollte man auch nicht haben. \u201eDie Luft im Ball reicht locker f\u00fcr 15 Minuten\u201c beruhigt Martin Sagmeister vom Outdoorparc [&hellip;]","og_url":"https:\/\/www.salzburgerland.com\/de\/magazin\/uber-das-wasser-laufen\/","og_site_name":"SalzburgerLand Magazin","article_publisher":"https:\/\/www.facebook.com\/salzburgerland\/","article_published_time":"2012-07-09T11:48:54+00:00","article_modified_time":"2019-06-26T18:41:20+00:00","og_image":[{"width":3543,"height":2362,"url":"https:\/\/www.salzburgerland.com\/de\/magazin\/wp-content\/uploads\/2012\/06\/Nessiteich019.jpg","type":"image\/jpeg"}],"author":"Doris Wild","twitter_card":"summary_large_image","twitter_creator":"@Salzburgerland","twitter_site":"@Salzburgerland","twitter_misc":{"Verfasst von":"Doris Wild","Gesch\u00e4tzte Lesezeit":"1\u00a0Minute"},"schema":{"@context":"https:\/\/schema.org","@graph":[{"@type":"Article","@id":"https:\/\/www.salzburgerland.com\/de\/magazin\/uber-das-wasser-laufen\/#article","isPartOf":{"@id":"https:\/\/www.salzburgerland.com\/de\/magazin\/uber-das-wasser-laufen\/"},"author":{"name":"Doris Wild","@id":"https:\/\/www.salzburgerland.com\/de\/magazin\/#\/schema\/person\/3c02fe460374aa9e0ef912270ae0b92c"},"headline":"\u00dcber das Wasser laufen","datePublished":"2012-07-09T11:48:54+00:00","dateModified":"2019-06-26T18:41:20+00:00","mainEntityOfPage":{"@id":"https:\/\/www.salzburgerland.com\/de\/magazin\/uber-das-wasser-laufen\/"},"wordCount":203,"commentCount":0,"publisher":{"@id":"https:\/\/www.salzburgerland.com\/de\/magazin\/#organization"},"image":{"@id":"https:\/\/www.salzburgerland.com\/de\/magazin\/uber-das-wasser-laufen\/#primaryimage"},"thumbnailUrl":"https:\/\/www.salzburgerland.com\/de\/magazin\/wp-content\/uploads\/2012\/06\/Nessiteich019-scaled.jpg","articleSection":["Outdoor &amp; Sport"],"inLanguage":"de","potentialAction":[{"@type":"CommentAction","name":"Comment","target":["https:\/\/www.salzburgerland.com\/de\/magazin\/uber-das-wasser-laufen\/#respond"]}]},{"@type":"WebPage","@id":"https:\/\/www.salzburgerland.com\/de\/magazin\/uber-das-wasser-laufen\/","url":"https:\/\/www.salzburgerland.com\/de\/magazin\/uber-das-wasser-laufen\/","name":"\u00dcber das Wasser laufen - SalzburgerLand Magazin","isPartOf":{"@id":"https:\/\/www.salzburgerland.com\/de\/magazin\/#website"},"primaryImageOfPage":{"@id":"https:\/\/www.salzburgerland.com\/de\/magazin\/uber-das-wasser-laufen\/#primaryimage"},"image":{"@id":"https:\/\/www.salzburgerland.com\/de\/magazin\/uber-das-wasser-laufen\/#primaryimage"},"thumbnailUrl":"https:\/\/www.salzburgerland.com\/de\/magazin\/wp-content\/uploads\/2012\/06\/Nessiteich019-scaled.jpg","datePublished":"2012-07-09T11:48:54+00:00","dateModified":"2019-06-26T18:41:20+00:00","breadcrumb":{"@id":"https:\/\/www.salzburgerland.com\/de\/magazin\/uber-das-wasser-laufen\/#breadcrumb"},"inLanguage":"de","potentialAction":[{"@type":"ReadAction","target":["https:\/\/www.salzburgerland.com\/de\/magazin\/uber-das-wasser-laufen\/"]}]},{"@type":"ImageObject","inLanguage":"de","@id":"https:\/\/www.salzburgerland.com\/de\/magazin\/uber-das-wasser-laufen\/#primaryimage","url":"https:\/\/www.salzburgerland.com\/de\/magazin\/wp-content\/uploads\/2012\/06\/Nessiteich019-scaled.jpg","contentUrl":"https:\/\/www.salzburgerland.com\/de\/magazin\/wp-content\/uploads\/2012\/06\/Nessiteich019-scaled.jpg","width":3543,"height":2362,"caption":"Person in einem gro\u00dfen aufblasbaren Ball, die auf einem See spaziert, umgeben von Wasserpflanzen und bewaldeten H\u00fcgeln."},{"@type":"BreadcrumbList","@id":"https:\/\/www.salzburgerland.com\/de\/magazin\/uber-das-wasser-laufen\/#breadcrumb","itemListElement":[{"@type":"ListItem","position":1,"name":"Startseite","item":"https:\/\/www.salzburgerland.com\/de\/magazin\/"},{"@type":"ListItem","position":2,"name":"Outdoor &amp; Sport","item":"https:\/\/www.salzburgerland.com\/de\/magazin\/thema\/outdoor-sport\/"},{"@type":"ListItem","position":3,"name":"\u00dcber das Wasser laufen"}]},{"@type":"WebSite","@id":"https:\/\/www.salzburgerland.com\/de\/magazin\/#website","url":"https:\/\/www.salzburgerland.com\/de\/magazin\/","name":"SalzburgerLand Magazin","description":"Geschichten und Interessantes aus dem SalzburgerLand","publisher":{"@id":"https:\/\/www.salzburgerland.com\/de\/magazin\/#organization"},"potentialAction":[{"@type":"SearchAction","target":{"@type":"EntryPoint","urlTemplate":"https:\/\/www.salzburgerland.com\/de\/magazin\/?s={search_term_string}"},"query-input":{"@type":"PropertyValueSpecification","valueRequired":true,"valueName":"search_term_string"}}],"inLanguage":"de"},{"@type":"Organization","@id":"https:\/\/www.salzburgerland.com\/de\/magazin\/#organization","name":"SalzburgerLand Tourismus","url":"https:\/\/www.salzburgerland.com\/de\/magazin\/","logo":{"@type":"ImageObject","inLanguage":"de","@id":"https:\/\/www.salzburgerland.com\/de\/magazin\/#\/schema\/logo\/image\/","url":"https:\/\/www.salzburgerland.com\/de\/magazin\/wp-content\/uploads\/2019\/06\/salzburgerland-logo1.jpg","contentUrl":"https:\/\/www.salzburgerland.com\/de\/magazin\/wp-content\/uploads\/2019\/06\/salzburgerland-logo1.jpg","width":2011,"height":866,"caption":"SalzburgerLand Tourismus"},"image":{"@id":"https:\/\/www.salzburgerland.com\/de\/magazin\/#\/schema\/logo\/image\/"},"sameAs":["https:\/\/www.facebook.com\/salzburgerland\/","https:\/\/x.com\/Salzburgerland","https:\/\/www.instagram.com\/salzburgerland\/","https:\/\/at.linkedin.com\/company\/salzburgerland-tourismus-gmbh","https:\/\/www.pinterest.at\/salzburgerland\/","https:\/\/www.youtube.com\/user\/salzburgerland","https:\/\/de.wikipedia.org\/wiki\/SalzburgerLand_Tourismus_GmbH"]},{"@type":"Person","@id":"https:\/\/www.salzburgerland.com\/de\/magazin\/#\/schema\/person\/3c02fe460374aa9e0ef912270ae0b92c","name":"Doris Wild","description":"Doris Wild ist Eventfotografin und Societyjournalistin und hat jetzt mit ihrer Agentur auch den Videojournalismus als zus\u00e4tzliches Standbein entdeckt. Nach 20 Jahren tagesaktueller Berichterstattung sind Blicke hinter die Kulissen der Event-Society und Modewelt die logische Konsequenz. Fragen mit Antworten von Doris Wild Morgen- oder Abendmensch? Vor 8.00 fr\u00fch holt mich nicht einmal der tollste Sonnenaufgang aus den Federn. Dass Fotografen die Morgensonne nutzen sollten \u2013 mag sein. Events finden selten im weichen Morgenlicht statt. Und zur blauen Stunde mache ich die besten Bilder. Weltliteratur oder Tratsch &amp; Klatsch? Man kann das kombinieren. Im Urlaub mal den dicken Schm\u00f6ker, in den Kaffeepausen die Regenbogenzeitschriften. Man muss schlie\u00dflich am Laufenden bleiben, um die Prinzessinnen und Medienstars zu erkennen, wenn sie im Salzburgerland urlauben. Kr\u00e4utertee oder Zirbenschnaps? Ich bin Antialkoholikerin und steh dazu. Ist als Societyfotografin wahrscheinlich die einzige M\u00f6glichkeit zu \u00fcberleben. Golfplatz oder Klettergarten? Klettergarten nat\u00fcrlich. Ich brauch Action. Funsport ist meine Devise! Am besten t\u00e4glich was Neues. Der Herausforderung Golf stelle ich mich sp\u00e4ter. Viel sp\u00e4ter. Dirndl oder Bustierkleid? Jetzt reicht\u00b4s aber. Wie wenn man sich so einfach entscheiden k\u00f6nnte! Mit drei \u00fcbervollen Kleiderschr\u00e4nken und der Ambition sich t\u00e4glich modisch neu zu erfinden, lassen sich diese Fragen nicht beantworten. Das ist anlass- und stimmungsbezogen unterschiedlich. Und \u00fcberhaupt: Auf Kleider steh ich nicht so. Also im Zweifelsfall: Lederhose mit Sneakers. Ausstellung oder Bergpanorama? Das seh ich ganz pragmatisch. Ich komme dort hin, wo mich meine Auftr\u00e4ge hinf\u00fchren. Das ist heute die Vernissage und morgen der Berggipfel. Genau das macht meinen Beruf so spannend und t\u00e4glich anders. Ich will alles.","url":"https:\/\/www.salzburgerland.com\/de\/magazin\/author\/doris-wild\/"}]}},"_wl_alt_label":[],"wl:entity_url":"http:\/\/open.salzburgerland.com\/magazin\/post\/ueber_das_wasser_laufen","_links":{"self":[{"href":"https:\/\/www.salzburgerland.com\/de\/magazin\/wp-json\/wp\/v2\/posts\/19739","targetHints":{"allow":["GET"]}}],"collection":[{"href":"https:\/\/www.salzburgerland.com\/de\/magazin\/wp-json\/wp\/v2\/posts"}],"about":[{"href":"https:\/\/www.salzburgerland.com\/de\/magazin\/wp-json\/wp\/v2\/types\/post"}],"author":[{"embeddable":true,"href":"https:\/\/www.salzburgerland.com\/de\/magazin\/wp-json\/wp\/v2\/users\/70"}],"replies":[{"embeddable":true,"href":"https:\/\/www.salzburgerland.com\/de\/magazin\/wp-json\/wp\/v2\/comments?post=19739"}],"version-history":[{"count":0,"href":"https:\/\/www.salzburgerland.com\/de\/magazin\/wp-json\/wp\/v2\/posts\/19739\/revisions"}],"wp:featuredmedia":[{"embeddable":true,"href":"https:\/\/www.salzburgerland.com\/de\/magazin\/wp-json\/wp\/v2\/media\/19763"}],"wp:attachment":[{"href":"https:\/\/www.salzburgerland.com\/de\/magazin\/wp-json\/wp\/v2\/media?parent=19739"}],"wp:term":[{"taxonomy":"category","embeddable":true,"href":"https:\/\/www.salzburgerland.com\/de\/magazin\/wp-json\/wp\/v2\/categories?post=19739"},{"taxonomy":"post_tag","embeddable":true,"href":"https:\/\/www.salzburgerland.com\/de\/magazin\/wp-json\/wp\/v2\/tags?post=19739"},{"taxonomy":"wl_entity_type","embeddable":true,"href":"https:\/\/www.salzburgerland.com\/de\/magazin\/wp-json\/wp\/v2\/wl_entity_type?post=19739"},{"taxonomy":"monatsauswahl","embeddable":true,"href":"https:\/\/www.salzburgerland.com\/de\/magazin\/wp-json\/wp\/v2\/monatsauswahl?post=19739"}],"curies":[{"name":"wp","href":"https:\/\/api.w.org\/{rel}","templated":true}]}}