{"id":18884,"date":"2012-06-19T08:45:39","date_gmt":"2012-06-19T06:45:39","guid":{"rendered":"http:\/\/magazin.salzburgerland.com\/?p=18884"},"modified":"2019-06-26T20:41:35","modified_gmt":"2019-06-26T18:41:35","slug":"die-lederne-von-hand-gefertigt-fur-die-ewigkeit","status":"publish","type":"post","link":"https:\/\/www.salzburgerland.com\/de\/magazin\/die-lederne-von-hand-gefertigt-fur-die-ewigkeit\/","title":{"rendered":"Die Lederne \u2013 Von Hand gefertigt f\u00fcr die Ewigkeit"},"content":{"rendered":"<p>\u201eGeschlechter kommen, Geschlechter gehen. Hirschlederne Hosen bleiben bestehen.\u201c Freiherr von M\u00fcnchhausen<\/p>\n<p>Die Zunft des S\u00e4cklers ist uralt. Die Wurzeln dieses mittlerweile \u00e4u\u00dferst selten gewordenen Handwerks reichen bis ins fr\u00fche Mittelalter zur\u00fcck. Die Berufsbezeichnung \u201eS\u00e4ckler\u201c scheint erstmals im 8. Jahrhundert auf und gefertigt wurden damals auch wirklich S\u00e4cke aus tierischen H\u00e4uten f\u00fcr die Bergwerksleute. Ab dem 12. Jahrhundert befasste sich der S\u00e4ckler mit der Erzeugung von \u201eledernen Beinkleidern\u201c und wurde in dieser T\u00e4tigkeit immer kunstvoller. Vom der reinen Arbeitsbekleidung f\u00fcr J\u00e4ger und Holzknechte wurde aus der Ledernen ein vom Adel bis zum Knecht gern getragenes Kulturgut.<\/p>\n<p><strong>\u201eS\u00e4ckler Meisterbetrieb seit 7 Generationen\u201c<\/strong><\/p>\n<p>Das prangt auf dem schmiedeeisernen Schild \u00fcber der Eingangst\u00fcr und beim Betreten des Verkaufsraums im Zentrum von Zell am See wird man vom herben weichen Geruch des Leders und dem gewinnenden Lachen von Tobias Zant begr\u00fc\u00dft. Tobias Zant ist jung. Seit 6 Jahren ist er schon ein Meister dieser alten Zunft. Mit 25 Jahren hat er die Meisterpr\u00fcfung abgelegt und war damit der j\u00fcngste S\u00e4cklermeister im SalzburgerLand.<\/p>\n<p>Schon als Kind hat er es geliebt, bei seinem Vater in der Werkstatt zu stehen, ihm zuzusehen und zu Basteln. Die Lederne war auch f\u00fcr ihn immer mit dabei: \u201eAls Kind war sie ein Muss, als Jugendlicher habe ich sie dann abgelehnt und mich im Skaterstil gekleidet. Doch dann bin ich schnell wieder auf den Geschmack gekommen und mit 16 hab ich in der Lehre bei meinem Vater die erste Lederhose selbst gemacht. Heute gibt es f\u00fcr mich nichts Angenehmeres als meine Lederne,\u201c sagt er und schaut auf seine eigene Lederhose. L\u00e4ssig und edel sieht sie aus, die lange Lederhose im Stil einer Levis geschnitten \u2013 keine Schn\u00f6rkel und doch ein St\u00fcck Tradition.<\/p>\n<p><strong>Der Bauernkasten als Schatztruhe\u00a0\u00a0<\/strong><\/p>\n<p>Tradition wird im S\u00e4ckler-Gesch\u00e4ft aber nat\u00fcrlich ganz gro\u00df geschrieben, und dass diese kombiniert mit profunder Handwerkskunst Generationen \u00fcberdauert davon zeugt auch der Inhalt des alten Bauernkastens im Gesch\u00e4ftsraum. Hier h\u00e4ngen nacheinander uralte Unikate aus sieben Generationen S\u00e4cklerhandwerk \u2013 die \u00e4lteste der Lederhosen ist \u00fcber 200 Jahre alt \u2013 und spiegeln die unterschiedlichen Anforderungen ans lederne Beinkleid im Laufe der Jahre. So findet sich eine Rauchfangkehrer-Montur genauso in dieser Schatzkammer wie eine traditionelle St\u00f6sselhose der Fuhrm\u00e4nner. Tobias Zant erkl\u00e4rt das Besondere dieser Arbeitsbekleidung: \u201eDa die Fuhrm\u00e4nner und Bierkutscher immer im Lehm der unbefestigten Stra\u00dfen unterwegs waren, wurden die Hosenbeine dieser Lederhose unterhalb des Knies aus glattem Leder gefertigt. So konnten sie beim Betreten eines Lokals die Hosenbeine leicht vom Schmutz befreien, doch mit der Zeit wurde das Glattleder hart wie ein St\u00f6ssel.\u201c<\/p>\n<p>Auf dem Weg in die Werkstatt l\u00e4utet das Telefon. Einer von Tobias Zant\u00b4s langj\u00e4hrigen Kunden k\u00fcndigt seinen Besuch zur Anprobe der ma\u00dfgeschneiderten Kniebund-Lederhose an. Eineinhalb Jahre zuvor hat er sie bei Tobias Zant in Auftrag gegeben und genau nach seinen W\u00fcnschen und Vorstellungen hat der S\u00e4cklermeister die Hose in unz\u00e4hligen Arbeitsstunden per Hand gefertigt. Die Kunden warten geduldig, denn sie legen Wert auf die Qualit\u00e4t der Handarbeit. Die echte Lederne ist ein St\u00fcck Tradition, das den Tr\u00e4ger ein Leben lang begleitet.<\/p>\n<p>Die aufw\u00e4ndigen Stickmuster\u2013 im Salzburgerischen traditionell immer in wei\u00df gehalten \u2013 sind teilweise seit sieben Generationen \u00fcberliefert, teilweise entwirft Tobias aber f\u00fcr Kunden auch schon mal ein neues Muster. Diese Stickvorlagen werden dann mit Kreide auf das Leder \u00fcbertragen und mit Gummi Arabicum fixiert, das sich erst mit der Zeit wieder abtr\u00e4gt. Mindestens 40 Arbeitsstunden braucht es, um mit flinker Hand und unz\u00e4hligen Stichen ein einfaches Muster einzusticken.<\/p>\n<p><strong>Das Gesp\u00fcr f\u00fcr\u00b4s Leder<\/strong><\/p>\n<p>Tobias schneidet inzwischen schon die n\u00e4chste Lederhose zu und breitet daf\u00fcr schwarzes Hirschleder auf seiner Werkbank aus. Er streicht bed\u00e4chtig \u00fcber die Oberfl\u00e4che, zieht fest an der Haut und streicht die entstandenen Dellen wieder glatt. Zufrieden mit dem Ergebnis erkl\u00e4rt er: \u201eIch verwende nur Leder aus heimischer Gerberei und pr\u00fcfe die Qualit\u00e4t genau. Daf\u00fcr braucht man viel Gesp\u00fcr. Die Gerbung des Leders f\u00fcr die von mir erzeugten Lederhosen ist eine S\u00e4mischgerbung. Diese Gerbung mit Fischfett ist sehr biologisch und hautvertr\u00e4glich. Die F\u00e4rbung ist eine Blauholzf\u00e4rbung &#8211; ein sehr altes F\u00e4rbeverfahren und die Farbe h\u00e4lt auch wenn das Leder nass wird und f\u00e4rbt nicht ab.\u201c<\/p>\n<p>In einer Holzschale r\u00fchrt er Kleber an \u2013 Roggenmehl und Wasser ergibt einen klebrigen Mehlpapp, der die zugeschnittenen Lederteile fest zusammenh\u00e4lt bis sie mit einer der antiken N\u00e4hmaschinen gen\u00e4ht werden. Die von innen auf Sto\u00df gen\u00e4hte und von au\u00dfen zusammengestickte feine Naht, ist ein charakteristisches Zeichen f\u00fcr eine handgefertigte Lederhose. Pinzgauer Lederne haben \u00fcbrigens weitere Merkmale \u2013 die Teller- oder Sattelnaht, die sich in einem Halbkreis \u00fcber das Ges\u00e4\u00df zieht und die Schn\u00fcrung am Beinabschluss: \u201eSo erkennt man an der Lederhose schon woher die Leute kommen \u2013 getragen wird sie von jeher schon von allen Schichten: von Adel und Prominenz genauso wie vom J\u00e4ger, Musiker bis zum Knecht,\u201c erkl\u00e4rt Tobias Zant und widmet sich dann wieder konzentriert seinem alten Handwerk.<\/p>\n<p><span style=\"text-decoration: underline;\"><strong>Kontakt<\/strong><\/span>:<\/p>\n<p>Lederbekleidung Zant\u00a0in Zell am See &#8211; +43\/6542\/73412<\/p>\n<p>&nbsp;<\/p>\n<div class=\"mag-gallery\"><div class=\"row\"><div class=\"col-6 col-sm-4\"><figure><a class=\"thumb-container\" href=\"https:\/\/www.salzburgerland.com\/de\/magazin\/wp-content\/uploads\/2012\/06\/eigene-lederhose-1280x1024.jpg\">\t<picture><source media=\"(min-width: 576px)\" srcset=\"https:\/\/www.salzburgerland.com\/de\/magazin\/wp-content\/uploads\/2012\/06\/eigene-lederhose-325x209.jpg 325w, https:\/\/www.salzburgerland.com\/de\/magazin\/wp-content\/uploads\/2012\/06\/eigene-lederhose-249x160.jpg 249w\" \/><source media=\"(min-width: 0)\" srcset=\"https:\/\/www.salzburgerland.com\/de\/magazin\/wp-content\/uploads\/2012\/06\/eigene-lederhose-249x160.jpg 249w, https:\/\/www.salzburgerland.com\/de\/magazin\/wp-content\/uploads\/2012\/06\/eigene-lederhose-325x209.jpg 325w\" \/><img decoding=\"async\" alt=\"Tobias pr\u00e4sentiert seine eigene Lederhose aus Kindertagen\" src=\"https:\/\/www.salzburgerland.com\/de\/magazin\/wp-content\/uploads\/2012\/06\/eigene-lederhose.jpg\" \/>\t<\/picture><\/a><\/figure><\/div><div class=\"col-6 col-sm-4\"><figure><a class=\"thumb-container\" href=\"https:\/\/www.salzburgerland.com\/de\/magazin\/wp-content\/uploads\/2012\/06\/die-schatztruhe-1280x1024.jpg\">\t<picture><source media=\"(min-width: 576px)\" srcset=\"https:\/\/www.salzburgerland.com\/de\/magazin\/wp-content\/uploads\/2012\/06\/die-schatztruhe-325x209.jpg 325w, https:\/\/www.salzburgerland.com\/de\/magazin\/wp-content\/uploads\/2012\/06\/die-schatztruhe-249x160.jpg 249w\" \/><source media=\"(min-width: 0)\" srcset=\"https:\/\/www.salzburgerland.com\/de\/magazin\/wp-content\/uploads\/2012\/06\/die-schatztruhe-249x160.jpg 249w, https:\/\/www.salzburgerland.com\/de\/magazin\/wp-content\/uploads\/2012\/06\/die-schatztruhe-325x209.jpg 325w\" \/><img decoding=\"async\" alt=\"Dieser Bauernschrank ist Tobias\u00b4 Schatztruhe\" src=\"https:\/\/www.salzburgerland.com\/de\/magazin\/wp-content\/uploads\/2012\/06\/die-schatztruhe.jpg\" \/>\t<\/picture><\/a><\/figure><\/div><div class=\"col-6 col-sm-4\"><figure><a class=\"thumb-container\" href=\"https:\/\/www.salzburgerland.com\/de\/magazin\/wp-content\/uploads\/2012\/06\/1-1280x1024.jpg\">\t<picture><source media=\"(min-width: 576px)\" srcset=\"https:\/\/www.salzburgerland.com\/de\/magazin\/wp-content\/uploads\/2012\/06\/1-325x209.jpg 325w, https:\/\/www.salzburgerland.com\/de\/magazin\/wp-content\/uploads\/2012\/06\/1-249x160.jpg 249w\" \/><source media=\"(min-width: 0)\" srcset=\"https:\/\/www.salzburgerland.com\/de\/magazin\/wp-content\/uploads\/2012\/06\/1-249x160.jpg 249w, https:\/\/www.salzburgerland.com\/de\/magazin\/wp-content\/uploads\/2012\/06\/1-325x209.jpg 325w\" \/><img decoding=\"async\" alt=\"Das passende Accessoir\" src=\"https:\/\/www.salzburgerland.com\/de\/magazin\/wp-content\/uploads\/2012\/06\/1.jpg\" \/>\t<\/picture><\/a><\/figure><\/div><div class=\"col-6 col-sm-4\"><figure><a class=\"thumb-container\" href=\"https:\/\/www.salzburgerland.com\/de\/magazin\/wp-content\/uploads\/2012\/06\/200-jahre-alt-1280x1024.jpg\">\t<picture><source media=\"(min-width: 576px)\" srcset=\"\" \/><source media=\"(min-width: 0)\" srcset=\"https:\/\/www.salzburgerland.com\/de\/magazin\/wp-content\/uploads\/2012\/06\/200-jahre-alt.jpg 731w, https:\/\/www.salzburgerland.com\/de\/magazin\/wp-content\/uploads\/2012\/06\/200-jahre-alt-218x300.jpg 218w, https:\/\/www.salzburgerland.com\/de\/magazin\/wp-content\/uploads\/2012\/06\/200-jahre-alt-400x550.jpg 400w, https:\/\/www.salzburgerland.com\/de\/magazin\/wp-content\/uploads\/2012\/06\/200-jahre-alt-291x400.jpg 291w\" \/><img decoding=\"async\" alt=\"Diese Lederhose ist stolze 200 Jahre alt\" src=\"https:\/\/www.salzburgerland.com\/de\/magazin\/wp-content\/uploads\/2012\/06\/200-jahre-alt.jpg\" \/>\t<\/picture><\/a><\/figure><\/div><div class=\"col-6 col-sm-4\"><figure><a class=\"thumb-container\" href=\"https:\/\/www.salzburgerland.com\/de\/magazin\/wp-content\/uploads\/2012\/06\/an-der-werkbank-1280x1024.jpg\">\t<picture><source media=\"(min-width: 576px)\" srcset=\"https:\/\/www.salzburgerland.com\/de\/magazin\/wp-content\/uploads\/2012\/06\/an-der-werkbank-325x209.jpg 325w, https:\/\/www.salzburgerland.com\/de\/magazin\/wp-content\/uploads\/2012\/06\/an-der-werkbank-249x160.jpg 249w\" \/><source media=\"(min-width: 0)\" srcset=\"https:\/\/www.salzburgerland.com\/de\/magazin\/wp-content\/uploads\/2012\/06\/an-der-werkbank-249x160.jpg 249w, https:\/\/www.salzburgerland.com\/de\/magazin\/wp-content\/uploads\/2012\/06\/an-der-werkbank-325x209.jpg 325w\" \/><img decoding=\"async\" alt=\"Ein Mann begutachtet ein gro\u00dfes St\u00fcck Leder auf einem Arbeitstisch in einer un\u00fcbersichtlichen, sonnendurchfluteten Werkstatt.\" src=\"https:\/\/www.salzburgerland.com\/de\/magazin\/wp-content\/uploads\/2012\/06\/an-der-werkbank.jpg\" \/>\t<\/picture><\/a><\/figure><\/div><div class=\"col-6 col-sm-4\"><figure><a class=\"thumb-container\" href=\"https:\/\/www.salzburgerland.com\/de\/magazin\/wp-content\/uploads\/2012\/06\/pruefen-1280x1024.jpg\">\t<picture><source media=\"(min-width: 576px)\" srcset=\"https:\/\/www.salzburgerland.com\/de\/magazin\/wp-content\/uploads\/2012\/06\/pruefen-325x209.jpg 325w, https:\/\/www.salzburgerland.com\/de\/magazin\/wp-content\/uploads\/2012\/06\/pruefen-249x160.jpg 249w\" \/><source media=\"(min-width: 0)\" srcset=\"https:\/\/www.salzburgerland.com\/de\/magazin\/wp-content\/uploads\/2012\/06\/pruefen-249x160.jpg 249w, https:\/\/www.salzburgerland.com\/de\/magazin\/wp-content\/uploads\/2012\/06\/pruefen-325x209.jpg 325w\" \/><img decoding=\"async\" alt=\"Tobias pr\u00fcft die Qualit\u00e4t der Lederhaut\" src=\"https:\/\/www.salzburgerland.com\/de\/magazin\/wp-content\/uploads\/2012\/06\/pruefen.jpg\" \/>\t<\/picture><\/a><\/figure><\/div><div class=\"col-6 col-sm-4\"><figure><a class=\"thumb-container\" href=\"https:\/\/www.salzburgerland.com\/de\/magazin\/wp-content\/uploads\/2012\/06\/zuschnitt-1280x1024.jpg\">\t<picture><source media=\"(min-width: 576px)\" srcset=\"https:\/\/www.salzburgerland.com\/de\/magazin\/wp-content\/uploads\/2012\/06\/zuschnitt-325x209.jpg 325w, https:\/\/www.salzburgerland.com\/de\/magazin\/wp-content\/uploads\/2012\/06\/zuschnitt-249x160.jpg 249w\" \/><source media=\"(min-width: 0)\" srcset=\"https:\/\/www.salzburgerland.com\/de\/magazin\/wp-content\/uploads\/2012\/06\/zuschnitt-249x160.jpg 249w, https:\/\/www.salzburgerland.com\/de\/magazin\/wp-content\/uploads\/2012\/06\/zuschnitt-325x209.jpg 325w\" \/><img decoding=\"async\" alt=\"Mit sicherem Schnitt beginnt Tobias den Zuschnitt\" src=\"https:\/\/www.salzburgerland.com\/de\/magazin\/wp-content\/uploads\/2012\/06\/zuschnitt.jpg\" \/>\t<\/picture><\/a><\/figure><\/div><div class=\"col-6 col-sm-4\"><figure><a class=\"thumb-container\" href=\"https:\/\/www.salzburgerland.com\/de\/magazin\/wp-content\/uploads\/2012\/06\/schnitte-1280x1024.jpg\">\t<picture><source media=\"(min-width: 576px)\" srcset=\"https:\/\/www.salzburgerland.com\/de\/magazin\/wp-content\/uploads\/2012\/06\/schnitte-325x209.jpg 325w, https:\/\/www.salzburgerland.com\/de\/magazin\/wp-content\/uploads\/2012\/06\/schnitte-249x160.jpg 249w\" \/><source media=\"(min-width: 0)\" srcset=\"https:\/\/www.salzburgerland.com\/de\/magazin\/wp-content\/uploads\/2012\/06\/schnitte-249x160.jpg 249w, https:\/\/www.salzburgerland.com\/de\/magazin\/wp-content\/uploads\/2012\/06\/schnitte-325x209.jpg 325w\" \/><img decoding=\"async\" alt=\"Unz\u00e4hlige Schnitte h\u00e4ngen an der Wand der Werkstatt\" src=\"https:\/\/www.salzburgerland.com\/de\/magazin\/wp-content\/uploads\/2012\/06\/schnitte.jpg\" \/>\t<\/picture><\/a><\/figure><\/div><div class=\"col-6 col-sm-4\"><figure><a class=\"thumb-container\" href=\"https:\/\/www.salzburgerland.com\/de\/magazin\/wp-content\/uploads\/2012\/06\/mehlpapp-1280x1024.jpg\">\t<picture><source media=\"(min-width: 576px)\" srcset=\"https:\/\/www.salzburgerland.com\/de\/magazin\/wp-content\/uploads\/2012\/06\/mehlpapp-325x209.jpg 325w, https:\/\/www.salzburgerland.com\/de\/magazin\/wp-content\/uploads\/2012\/06\/mehlpapp-249x160.jpg 249w\" \/><source media=\"(min-width: 0)\" srcset=\"https:\/\/www.salzburgerland.com\/de\/magazin\/wp-content\/uploads\/2012\/06\/mehlpapp-249x160.jpg 249w, https:\/\/www.salzburgerland.com\/de\/magazin\/wp-content\/uploads\/2012\/06\/mehlpapp-325x209.jpg 325w\" \/><img decoding=\"async\" alt=\"Roggenmehl und Wasser ergibt einen nat\u00fcrlichen Lederkleber\" src=\"https:\/\/www.salzburgerland.com\/de\/magazin\/wp-content\/uploads\/2012\/06\/mehlpapp.jpg\" \/>\t<\/picture><\/a><\/figure><\/div><div class=\"col-6 col-sm-4\"><figure><a class=\"thumb-container\" href=\"https:\/\/www.salzburgerland.com\/de\/magazin\/wp-content\/uploads\/2012\/06\/kreide-1280x1024.jpg\">\t<picture><source media=\"(min-width: 576px)\" srcset=\"https:\/\/www.salzburgerland.com\/de\/magazin\/wp-content\/uploads\/2012\/06\/kreide-325x209.jpg 325w, https:\/\/www.salzburgerland.com\/de\/magazin\/wp-content\/uploads\/2012\/06\/kreide-249x160.jpg 249w\" \/><source media=\"(min-width: 0)\" srcset=\"https:\/\/www.salzburgerland.com\/de\/magazin\/wp-content\/uploads\/2012\/06\/kreide-249x160.jpg 249w, https:\/\/www.salzburgerland.com\/de\/magazin\/wp-content\/uploads\/2012\/06\/kreide-325x209.jpg 325w\" \/><img decoding=\"async\" alt=\"Mit Kreide wird das Stickmuster durchgepaust\" src=\"https:\/\/www.salzburgerland.com\/de\/magazin\/wp-content\/uploads\/2012\/06\/kreide.jpg\" \/>\t<\/picture><\/a><\/figure><\/div><div class=\"col-6 col-sm-4\"><figure><a class=\"thumb-container\" href=\"https:\/\/www.salzburgerland.com\/de\/magazin\/wp-content\/uploads\/2012\/06\/gummi-arabicum-1280x1024.jpg\">\t<picture><source media=\"(min-width: 576px)\" srcset=\"https:\/\/www.salzburgerland.com\/de\/magazin\/wp-content\/uploads\/2012\/06\/gummi-arabicum-325x209.jpg 325w, https:\/\/www.salzburgerland.com\/de\/magazin\/wp-content\/uploads\/2012\/06\/gummi-arabicum-249x160.jpg 249w\" \/><source media=\"(min-width: 0)\" srcset=\"https:\/\/www.salzburgerland.com\/de\/magazin\/wp-content\/uploads\/2012\/06\/gummi-arabicum-249x160.jpg 249w, https:\/\/www.salzburgerland.com\/de\/magazin\/wp-content\/uploads\/2012\/06\/gummi-arabicum-325x209.jpg 325w\" \/><img decoding=\"async\" alt=\"Mit Gummi Arabicum wird das Muster zum Sticken sichtbar gemacht\" src=\"https:\/\/www.salzburgerland.com\/de\/magazin\/wp-content\/uploads\/2012\/06\/gummi-arabicum.jpg\" \/>\t<\/picture><\/a><\/figure><\/div><div class=\"col-6 col-sm-4\"><figure><a class=\"thumb-container\" href=\"https:\/\/www.salzburgerland.com\/de\/magazin\/wp-content\/uploads\/2012\/06\/stickmuster-1280x1024.jpg\">\t<picture><source media=\"(min-width: 576px)\" srcset=\"\" \/><source media=\"(min-width: 0)\" srcset=\"https:\/\/www.salzburgerland.com\/de\/magazin\/wp-content\/uploads\/2012\/06\/stickmuster.jpg 724w, https:\/\/www.salzburgerland.com\/de\/magazin\/wp-content\/uploads\/2012\/06\/stickmuster-216x300.jpg 216w, https:\/\/www.salzburgerland.com\/de\/magazin\/wp-content\/uploads\/2012\/06\/stickmuster-397x550.jpg 397w, https:\/\/www.salzburgerland.com\/de\/magazin\/wp-content\/uploads\/2012\/06\/stickmuster-288x400.jpg 288w\" \/><img decoding=\"async\" alt=\"Diese Hose ist bereit zum Fertigsticken\" src=\"https:\/\/www.salzburgerland.com\/de\/magazin\/wp-content\/uploads\/2012\/06\/stickmuster.jpg\" \/>\t<\/picture><\/a><\/figure><\/div><div class=\"col-6 col-sm-4\"><figure><a class=\"thumb-container\" href=\"https:\/\/www.salzburgerland.com\/de\/magazin\/wp-content\/uploads\/2012\/06\/tellernaht-1280x1024.jpg\">\t<picture><source media=\"(min-width: 576px)\" srcset=\"https:\/\/www.salzburgerland.com\/de\/magazin\/wp-content\/uploads\/2012\/06\/tellernaht-325x209.jpg 325w, https:\/\/www.salzburgerland.com\/de\/magazin\/wp-content\/uploads\/2012\/06\/tellernaht-300x194.jpg 300w, https:\/\/www.salzburgerland.com\/de\/magazin\/wp-content\/uploads\/2012\/06\/tellernaht-852x550.jpg 852w, https:\/\/www.salzburgerland.com\/de\/magazin\/wp-content\/uploads\/2012\/06\/tellernaht-620x400.jpg 620w, https:\/\/www.salzburgerland.com\/de\/magazin\/wp-content\/uploads\/2012\/06\/tellernaht-249x160.jpg 249w, https:\/\/www.salzburgerland.com\/de\/magazin\/wp-content\/uploads\/2012\/06\/tellernaht.jpg 1004w\" \/><source media=\"(min-width: 0)\" srcset=\"https:\/\/www.salzburgerland.com\/de\/magazin\/wp-content\/uploads\/2012\/06\/tellernaht-249x160.jpg 249w, https:\/\/www.salzburgerland.com\/de\/magazin\/wp-content\/uploads\/2012\/06\/tellernaht-300x194.jpg 300w, https:\/\/www.salzburgerland.com\/de\/magazin\/wp-content\/uploads\/2012\/06\/tellernaht-852x550.jpg 852w, https:\/\/www.salzburgerland.com\/de\/magazin\/wp-content\/uploads\/2012\/06\/tellernaht-620x400.jpg 620w, https:\/\/www.salzburgerland.com\/de\/magazin\/wp-content\/uploads\/2012\/06\/tellernaht-325x209.jpg 325w, https:\/\/www.salzburgerland.com\/de\/magazin\/wp-content\/uploads\/2012\/06\/tellernaht.jpg 1004w\" \/><img decoding=\"async\" alt=\"Die Tellernaht ist typisch f\u00fcr eine Salzburger Lederne\" src=\"https:\/\/www.salzburgerland.com\/de\/magazin\/wp-content\/uploads\/2012\/06\/tellernaht.jpg\" \/>\t<\/picture><\/a><\/figure><\/div><div class=\"col-6 col-sm-4\"><figure><a class=\"thumb-container\" href=\"https:\/\/www.salzburgerland.com\/de\/magazin\/wp-content\/uploads\/2012\/06\/unterscheidung-1280x1024.jpg\">\t<picture><source media=\"(min-width: 576px)\" srcset=\"\" \/><source media=\"(min-width: 0)\" srcset=\"https:\/\/www.salzburgerland.com\/de\/magazin\/wp-content\/uploads\/2012\/06\/unterscheidung.jpg 668w, https:\/\/www.salzburgerland.com\/de\/magazin\/wp-content\/uploads\/2012\/06\/unterscheidung-200x300.jpg 200w, https:\/\/www.salzburgerland.com\/de\/magazin\/wp-content\/uploads\/2012\/06\/unterscheidung-366x550.jpg 366w, https:\/\/www.salzburgerland.com\/de\/magazin\/wp-content\/uploads\/2012\/06\/unterscheidung-266x400.jpg 266w\" \/><img decoding=\"async\" alt=\"Oben eine Hose nach steirischer Art - unten eine typisch Salzburgerische\" src=\"https:\/\/www.salzburgerland.com\/de\/magazin\/wp-content\/uploads\/2012\/06\/unterscheidung.jpg\" \/>\t<\/picture><\/a><\/figure><\/div><div class=\"col-6 col-sm-4\"><figure><a class=\"thumb-container\" href=\"https:\/\/www.salzburgerland.com\/de\/magazin\/wp-content\/uploads\/2012\/06\/rauchfangkehrer-1280x1024.jpg\">\t<picture><source media=\"(min-width: 576px)\" srcset=\"https:\/\/www.salzburgerland.com\/de\/magazin\/wp-content\/uploads\/2012\/06\/rauchfangkehrer-325x209.jpg 325w, https:\/\/www.salzburgerland.com\/de\/magazin\/wp-content\/uploads\/2012\/06\/rauchfangkehrer-249x160.jpg 249w\" \/><source media=\"(min-width: 0)\" srcset=\"https:\/\/www.salzburgerland.com\/de\/magazin\/wp-content\/uploads\/2012\/06\/rauchfangkehrer-249x160.jpg 249w, https:\/\/www.salzburgerland.com\/de\/magazin\/wp-content\/uploads\/2012\/06\/rauchfangkehrer-325x209.jpg 325w\" \/><img decoding=\"async\" alt=\"Fr\u00fcher waren Rauchfangkehrer die Kunden des S\u00e4cklers\" src=\"https:\/\/www.salzburgerland.com\/de\/magazin\/wp-content\/uploads\/2012\/06\/rauchfangkehrer.jpg\" \/>\t<\/picture><\/a><\/figure><\/div><div class=\"col-6 col-sm-4\"><figure><a class=\"thumb-container\" href=\"https:\/\/www.salzburgerland.com\/de\/magazin\/wp-content\/uploads\/2012\/06\/header1-1280x1024.jpg\">\t<picture><source media=\"(min-width: 576px)\" srcset=\"https:\/\/www.salzburgerland.com\/de\/magazin\/wp-content\/uploads\/2012\/06\/header1-325x209.jpg 325w, https:\/\/www.salzburgerland.com\/de\/magazin\/wp-content\/uploads\/2012\/06\/header1-249x160.jpg 249w\" \/><source media=\"(min-width: 0)\" srcset=\"https:\/\/www.salzburgerland.com\/de\/magazin\/wp-content\/uploads\/2012\/06\/header1-249x160.jpg 249w, https:\/\/www.salzburgerland.com\/de\/magazin\/wp-content\/uploads\/2012\/06\/header1-325x209.jpg 325w\" \/><img decoding=\"async\" alt=\"Verziertes Schild mit der Aufschrift Lederbekleidung Zant neben einer dekorativen Lederhose aus Bronze.\" src=\"https:\/\/www.salzburgerland.com\/de\/magazin\/wp-content\/uploads\/2012\/06\/header1-scaled.jpg\" \/>\t<\/picture><\/a><\/figure><\/div><\/div><\/div><figcaption><\/figcaption>\n<p>&nbsp;<\/p>\n","protected":false},"excerpt":{"rendered":"<p>\u201eGeschlechter kommen, Geschlechter gehen. Hirschlederne Hosen bleiben bestehen.\u201c Freiherr von M\u00fcnchhausen Die Zunft des S\u00e4cklers ist uralt. Die Wurzeln dieses mittlerweile \u00e4u\u00dferst selten gewordenen Handwerks reichen bis ins fr\u00fche Mittelalter zur\u00fcck. Die Berufsbezeichnung \u201eS\u00e4ckler\u201c scheint erstmals im 8. Jahrhundert auf und gefertigt wurden damals auch wirklich S\u00e4cke aus tierischen H\u00e4uten f\u00fcr die Bergwerksleute. Ab dem [&hellip;]<\/p>\n","protected":false},"author":11,"featured_media":18900,"comment_status":"open","ping_status":"open","sticky":false,"template":"","format":"standard","meta":{"_acf_changed":false,"wl_entities_gutenberg":"","_wl_entity_redirect_enabled":"","footnotes":""},"categories":[7],"tags":[],"wl_entity_type":[306],"monatsauswahl":[82,83,84,85,86,87,88,89,90,91,92,93],"class_list":["post-18884","post","type-post","status-publish","format-standard","has-post-thumbnail","hentry","category-lifestyle","wl_entity_type-article","monatsauswahl-monat_1","monatsauswahl-monat_2","monatsauswahl-monat_3","monatsauswahl-monat_4","monatsauswahl-monat_5","monatsauswahl-monat_6","monatsauswahl-monat_7","monatsauswahl-monat_8","monatsauswahl-monat_9","monatsauswahl-monat_10","monatsauswahl-monat_11","monatsauswahl-monat_12"],"acf":[],"yoast_head":"<!-- This site is optimized with the Yoast SEO Premium plugin v27.4 (Yoast SEO v27.4) - https:\/\/yoast.com\/product\/yoast-seo-premium-wordpress\/ -->\n<title>Die Lederne \u2013 Von Hand gefertigt f\u00fcr die Ewigkeit - SalzburgerLand Magazin<\/title>\n<meta name=\"description\" content=\"\u201eGeschlechter kommen, Geschlechter gehen. Hirschlederne Hosen bleiben bestehen.\u201c Freiherr von M\u00fcnchhausen Die Zunft des S\u00e4cklers ist uralt. Die Wurzeln dieses mittlerweile \u00e4u\u00dferst selten gewordenen Handwerks reichen bis ins fr\u00fche Mittelalter zur\u00fcck. Die Berufsbezeichnung \u201eS\u00e4ckler\u201c scheint erstmals im 8. Jahrhundert auf und gefertigt wurden damals auch wirklich S\u00e4cke aus tierischen H\u00e4uten f\u00fcr die Bergwerksleute. Ab dem [&hellip;]\" \/>\n<meta name=\"robots\" content=\"index, follow, max-snippet:-1, max-image-preview:large, max-video-preview:-1\" \/>\n<link rel=\"canonical\" href=\"https:\/\/www.salzburgerland.com\/de\/magazin\/die-lederne-von-hand-gefertigt-fur-die-ewigkeit\/\" \/>\n<meta property=\"og:locale\" content=\"de_DE\" \/>\n<meta property=\"og:type\" content=\"article\" \/>\n<meta property=\"og:title\" content=\"Die Lederne \u2013 Von Hand gefertigt f\u00fcr die Ewigkeit\" \/>\n<meta property=\"og:description\" content=\"\u201eGeschlechter kommen, Geschlechter gehen. Hirschlederne Hosen bleiben bestehen.\u201c Freiherr von M\u00fcnchhausen Die Zunft des S\u00e4cklers ist uralt. Die Wurzeln dieses mittlerweile \u00e4u\u00dferst selten gewordenen Handwerks reichen bis ins fr\u00fche Mittelalter zur\u00fcck. Die Berufsbezeichnung \u201eS\u00e4ckler\u201c scheint erstmals im 8. Jahrhundert auf und gefertigt wurden damals auch wirklich S\u00e4cke aus tierischen H\u00e4uten f\u00fcr die Bergwerksleute. Ab dem [&hellip;]\" \/>\n<meta property=\"og:url\" content=\"https:\/\/www.salzburgerland.com\/de\/magazin\/die-lederne-von-hand-gefertigt-fur-die-ewigkeit\/\" \/>\n<meta property=\"og:site_name\" content=\"SalzburgerLand Magazin\" \/>\n<meta property=\"article:publisher\" content=\"https:\/\/www.facebook.com\/salzburgerland\/\" \/>\n<meta property=\"article:published_time\" content=\"2012-06-19T06:45:39+00:00\" \/>\n<meta property=\"article:modified_time\" content=\"2019-06-26T18:41:35+00:00\" \/>\n<meta property=\"og:image\" content=\"https:\/\/www.salzburgerland.com\/de\/magazin\/wp-content\/uploads\/2012\/06\/header1-scaled.jpg\" \/>\n\t<meta property=\"og:image:width\" content=\"3008\" \/>\n\t<meta property=\"og:image:height\" content=\"1615\" \/>\n\t<meta property=\"og:image:type\" content=\"image\/jpeg\" \/>\n<meta name=\"author\" content=\"Edith Danzer\" \/>\n<meta name=\"twitter:card\" content=\"summary_large_image\" \/>\n<meta name=\"twitter:creator\" content=\"@Salzburgerland\" \/>\n<meta name=\"twitter:site\" content=\"@Salzburgerland\" \/>\n<meta name=\"twitter:label1\" content=\"Verfasst von\" \/>\n\t<meta name=\"twitter:data1\" content=\"Edith Danzer\" \/>\n\t<meta name=\"twitter:label2\" content=\"Gesch\u00e4tzte Lesezeit\" \/>\n\t<meta name=\"twitter:data2\" content=\"4\u00a0Minuten\" \/>\n<script type=\"application\/ld+json\" class=\"yoast-schema-graph\">{\"@context\":\"https:\\\/\\\/schema.org\",\"@graph\":[{\"@type\":\"Article\",\"@id\":\"https:\\\/\\\/www.salzburgerland.com\\\/de\\\/magazin\\\/die-lederne-von-hand-gefertigt-fur-die-ewigkeit\\\/#article\",\"isPartOf\":{\"@id\":\"https:\\\/\\\/www.salzburgerland.com\\\/de\\\/magazin\\\/die-lederne-von-hand-gefertigt-fur-die-ewigkeit\\\/\"},\"author\":{\"name\":\"Edith Danzer\",\"@id\":\"https:\\\/\\\/www.salzburgerland.com\\\/de\\\/magazin\\\/#\\\/schema\\\/person\\\/79452c699c410aa31a119426313748de\"},\"headline\":\"Die Lederne \u2013 Von Hand gefertigt f\u00fcr die Ewigkeit\",\"datePublished\":\"2012-06-19T06:45:39+00:00\",\"dateModified\":\"2019-06-26T18:41:35+00:00\",\"mainEntityOfPage\":{\"@id\":\"https:\\\/\\\/www.salzburgerland.com\\\/de\\\/magazin\\\/die-lederne-von-hand-gefertigt-fur-die-ewigkeit\\\/\"},\"wordCount\":880,\"commentCount\":0,\"publisher\":{\"@id\":\"https:\\\/\\\/www.salzburgerland.com\\\/de\\\/magazin\\\/#organization\"},\"image\":{\"@id\":\"https:\\\/\\\/www.salzburgerland.com\\\/de\\\/magazin\\\/die-lederne-von-hand-gefertigt-fur-die-ewigkeit\\\/#primaryimage\"},\"thumbnailUrl\":\"https:\\\/\\\/www.salzburgerland.com\\\/de\\\/magazin\\\/wp-content\\\/uploads\\\/2012\\\/06\\\/header1-scaled.jpg\",\"articleSection\":[\"Lifestyle\"],\"inLanguage\":\"de\",\"potentialAction\":[{\"@type\":\"CommentAction\",\"name\":\"Comment\",\"target\":[\"https:\\\/\\\/www.salzburgerland.com\\\/de\\\/magazin\\\/die-lederne-von-hand-gefertigt-fur-die-ewigkeit\\\/#respond\"]}]},{\"@type\":\"WebPage\",\"@id\":\"https:\\\/\\\/www.salzburgerland.com\\\/de\\\/magazin\\\/die-lederne-von-hand-gefertigt-fur-die-ewigkeit\\\/\",\"url\":\"https:\\\/\\\/www.salzburgerland.com\\\/de\\\/magazin\\\/die-lederne-von-hand-gefertigt-fur-die-ewigkeit\\\/\",\"name\":\"Die Lederne \u2013 Von Hand gefertigt f\u00fcr die Ewigkeit - SalzburgerLand Magazin\",\"isPartOf\":{\"@id\":\"https:\\\/\\\/www.salzburgerland.com\\\/de\\\/magazin\\\/#website\"},\"primaryImageOfPage\":{\"@id\":\"https:\\\/\\\/www.salzburgerland.com\\\/de\\\/magazin\\\/die-lederne-von-hand-gefertigt-fur-die-ewigkeit\\\/#primaryimage\"},\"image\":{\"@id\":\"https:\\\/\\\/www.salzburgerland.com\\\/de\\\/magazin\\\/die-lederne-von-hand-gefertigt-fur-die-ewigkeit\\\/#primaryimage\"},\"thumbnailUrl\":\"https:\\\/\\\/www.salzburgerland.com\\\/de\\\/magazin\\\/wp-content\\\/uploads\\\/2012\\\/06\\\/header1-scaled.jpg\",\"datePublished\":\"2012-06-19T06:45:39+00:00\",\"dateModified\":\"2019-06-26T18:41:35+00:00\",\"breadcrumb\":{\"@id\":\"https:\\\/\\\/www.salzburgerland.com\\\/de\\\/magazin\\\/die-lederne-von-hand-gefertigt-fur-die-ewigkeit\\\/#breadcrumb\"},\"inLanguage\":\"de\",\"potentialAction\":[{\"@type\":\"ReadAction\",\"target\":[\"https:\\\/\\\/www.salzburgerland.com\\\/de\\\/magazin\\\/die-lederne-von-hand-gefertigt-fur-die-ewigkeit\\\/\"]}]},{\"@type\":\"ImageObject\",\"inLanguage\":\"de\",\"@id\":\"https:\\\/\\\/www.salzburgerland.com\\\/de\\\/magazin\\\/die-lederne-von-hand-gefertigt-fur-die-ewigkeit\\\/#primaryimage\",\"url\":\"https:\\\/\\\/www.salzburgerland.com\\\/de\\\/magazin\\\/wp-content\\\/uploads\\\/2012\\\/06\\\/header1-scaled.jpg\",\"contentUrl\":\"https:\\\/\\\/www.salzburgerland.com\\\/de\\\/magazin\\\/wp-content\\\/uploads\\\/2012\\\/06\\\/header1-scaled.jpg\",\"width\":3008,\"height\":1615,\"caption\":\"Verziertes Schild mit der Aufschrift Lederbekleidung Zant neben einer dekorativen Lederhose aus Bronze.\"},{\"@type\":\"BreadcrumbList\",\"@id\":\"https:\\\/\\\/www.salzburgerland.com\\\/de\\\/magazin\\\/die-lederne-von-hand-gefertigt-fur-die-ewigkeit\\\/#breadcrumb\",\"itemListElement\":[{\"@type\":\"ListItem\",\"position\":1,\"name\":\"Startseite\",\"item\":\"https:\\\/\\\/www.salzburgerland.com\\\/de\\\/magazin\\\/\"},{\"@type\":\"ListItem\",\"position\":2,\"name\":\"Lifestyle\",\"item\":\"https:\\\/\\\/www.salzburgerland.com\\\/de\\\/magazin\\\/thema\\\/lifestyle\\\/\"},{\"@type\":\"ListItem\",\"position\":3,\"name\":\"Die Lederne \u2013 Von Hand gefertigt f\u00fcr die Ewigkeit\"}]},{\"@type\":\"WebSite\",\"@id\":\"https:\\\/\\\/www.salzburgerland.com\\\/de\\\/magazin\\\/#website\",\"url\":\"https:\\\/\\\/www.salzburgerland.com\\\/de\\\/magazin\\\/\",\"name\":\"SalzburgerLand Magazin\",\"description\":\"Geschichten und Interessantes aus dem SalzburgerLand\",\"publisher\":{\"@id\":\"https:\\\/\\\/www.salzburgerland.com\\\/de\\\/magazin\\\/#organization\"},\"potentialAction\":[{\"@type\":\"SearchAction\",\"target\":{\"@type\":\"EntryPoint\",\"urlTemplate\":\"https:\\\/\\\/www.salzburgerland.com\\\/de\\\/magazin\\\/?s={search_term_string}\"},\"query-input\":{\"@type\":\"PropertyValueSpecification\",\"valueRequired\":true,\"valueName\":\"search_term_string\"}}],\"inLanguage\":\"de\"},{\"@type\":\"Organization\",\"@id\":\"https:\\\/\\\/www.salzburgerland.com\\\/de\\\/magazin\\\/#organization\",\"name\":\"SalzburgerLand Tourismus\",\"url\":\"https:\\\/\\\/www.salzburgerland.com\\\/de\\\/magazin\\\/\",\"logo\":{\"@type\":\"ImageObject\",\"inLanguage\":\"de\",\"@id\":\"https:\\\/\\\/www.salzburgerland.com\\\/de\\\/magazin\\\/#\\\/schema\\\/logo\\\/image\\\/\",\"url\":\"https:\\\/\\\/www.salzburgerland.com\\\/de\\\/magazin\\\/wp-content\\\/uploads\\\/2019\\\/06\\\/salzburgerland-logo1.jpg\",\"contentUrl\":\"https:\\\/\\\/www.salzburgerland.com\\\/de\\\/magazin\\\/wp-content\\\/uploads\\\/2019\\\/06\\\/salzburgerland-logo1.jpg\",\"width\":2011,\"height\":866,\"caption\":\"SalzburgerLand Tourismus\"},\"image\":{\"@id\":\"https:\\\/\\\/www.salzburgerland.com\\\/de\\\/magazin\\\/#\\\/schema\\\/logo\\\/image\\\/\"},\"sameAs\":[\"https:\\\/\\\/www.facebook.com\\\/salzburgerland\\\/\",\"https:\\\/\\\/x.com\\\/Salzburgerland\",\"https:\\\/\\\/www.instagram.com\\\/salzburgerland\\\/\",\"https:\\\/\\\/at.linkedin.com\\\/company\\\/salzburgerland-tourismus-gmbh\",\"https:\\\/\\\/www.pinterest.at\\\/salzburgerland\\\/\",\"https:\\\/\\\/www.youtube.com\\\/user\\\/salzburgerland\",\"https:\\\/\\\/de.wikipedia.org\\\/wiki\\\/SalzburgerLand_Tourismus_GmbH\"]},{\"@type\":\"Person\",\"@id\":\"https:\\\/\\\/www.salzburgerland.com\\\/de\\\/magazin\\\/#\\\/schema\\\/person\\\/79452c699c410aa31a119426313748de\",\"name\":\"Edith Danzer\",\"description\":\"Seit Jahren arbeite ich als freie Redakteurin und Fotografin im SalzburgerLand. Schreiben ist f\u00fcr mich nicht blo\u00df das Erstellen eines Textes. Es ist ein Komponieren einer wundervollen Melodie, ein Malen mit Buchstaben und Worten. Ich liebe die Begegnungen mit Menschen, die mir ihre Geschichte anvertrauen. Wenn man mich sucht, bin ich entweder am Schreibtisch (der auch mal am sonnigen H\u00fcttenbankerl stehen kann) oder mit meinem Husky-M\u00e4dl Ylvi am Berg, am See oder im Wald. Ich \u2026 \u2026 in ein paar Worten. \u2022 Lieber drau\u00dfen, als drinnen. \u2022 Lieber Norden, als S\u00fcden. \u2022 Lieber Buchstaben, als Zahlen. \u2022 Lieber Schnee, als Strand. \u2022 Lieber Berg, als Tal. \u2022 Lieber Nordlichter, als S\u00fcdseezauber. \u2022 Lieber H\u00fctte, als F\u00fcnfsternschuppen. \u2022 Lieber Hund, als Katze. \u2022 Lieber grader Michl, als falscher Fufzga. \u2022 Lieber mittendurch, als drumherum \u2022 Lieber Almleben, als Couchpotato\",\"url\":\"https:\\\/\\\/www.salzburgerland.com\\\/de\\\/magazin\\\/author\\\/edith-danzer\\\/\"}]}<\/script>\n<!-- \/ Yoast SEO Premium plugin. -->","yoast_head_json":{"title":"Die Lederne \u2013 Von Hand gefertigt f\u00fcr die Ewigkeit - SalzburgerLand Magazin","description":"\u201eGeschlechter kommen, Geschlechter gehen. Hirschlederne Hosen bleiben bestehen.\u201c Freiherr von M\u00fcnchhausen Die Zunft des S\u00e4cklers ist uralt. Die Wurzeln dieses mittlerweile \u00e4u\u00dferst selten gewordenen Handwerks reichen bis ins fr\u00fche Mittelalter zur\u00fcck. Die Berufsbezeichnung \u201eS\u00e4ckler\u201c scheint erstmals im 8. Jahrhundert auf und gefertigt wurden damals auch wirklich S\u00e4cke aus tierischen H\u00e4uten f\u00fcr die Bergwerksleute. Ab dem [&hellip;]","robots":{"index":"index","follow":"follow","max-snippet":"max-snippet:-1","max-image-preview":"max-image-preview:large","max-video-preview":"max-video-preview:-1"},"canonical":"https:\/\/www.salzburgerland.com\/de\/magazin\/die-lederne-von-hand-gefertigt-fur-die-ewigkeit\/","og_locale":"de_DE","og_type":"article","og_title":"Die Lederne \u2013 Von Hand gefertigt f\u00fcr die Ewigkeit","og_description":"\u201eGeschlechter kommen, Geschlechter gehen. Hirschlederne Hosen bleiben bestehen.\u201c Freiherr von M\u00fcnchhausen Die Zunft des S\u00e4cklers ist uralt. Die Wurzeln dieses mittlerweile \u00e4u\u00dferst selten gewordenen Handwerks reichen bis ins fr\u00fche Mittelalter zur\u00fcck. Die Berufsbezeichnung \u201eS\u00e4ckler\u201c scheint erstmals im 8. Jahrhundert auf und gefertigt wurden damals auch wirklich S\u00e4cke aus tierischen H\u00e4uten f\u00fcr die Bergwerksleute. Ab dem [&hellip;]","og_url":"https:\/\/www.salzburgerland.com\/de\/magazin\/die-lederne-von-hand-gefertigt-fur-die-ewigkeit\/","og_site_name":"SalzburgerLand Magazin","article_publisher":"https:\/\/www.facebook.com\/salzburgerland\/","article_published_time":"2012-06-19T06:45:39+00:00","article_modified_time":"2019-06-26T18:41:35+00:00","og_image":[{"width":3008,"height":1615,"url":"https:\/\/www.salzburgerland.com\/de\/magazin\/wp-content\/uploads\/2012\/06\/header1-scaled.jpg","type":"image\/jpeg"}],"author":"Edith Danzer","twitter_card":"summary_large_image","twitter_creator":"@Salzburgerland","twitter_site":"@Salzburgerland","twitter_misc":{"Verfasst von":"Edith Danzer","Gesch\u00e4tzte Lesezeit":"4\u00a0Minuten"},"schema":{"@context":"https:\/\/schema.org","@graph":[{"@type":"Article","@id":"https:\/\/www.salzburgerland.com\/de\/magazin\/die-lederne-von-hand-gefertigt-fur-die-ewigkeit\/#article","isPartOf":{"@id":"https:\/\/www.salzburgerland.com\/de\/magazin\/die-lederne-von-hand-gefertigt-fur-die-ewigkeit\/"},"author":{"name":"Edith Danzer","@id":"https:\/\/www.salzburgerland.com\/de\/magazin\/#\/schema\/person\/79452c699c410aa31a119426313748de"},"headline":"Die Lederne \u2013 Von Hand gefertigt f\u00fcr die Ewigkeit","datePublished":"2012-06-19T06:45:39+00:00","dateModified":"2019-06-26T18:41:35+00:00","mainEntityOfPage":{"@id":"https:\/\/www.salzburgerland.com\/de\/magazin\/die-lederne-von-hand-gefertigt-fur-die-ewigkeit\/"},"wordCount":880,"commentCount":0,"publisher":{"@id":"https:\/\/www.salzburgerland.com\/de\/magazin\/#organization"},"image":{"@id":"https:\/\/www.salzburgerland.com\/de\/magazin\/die-lederne-von-hand-gefertigt-fur-die-ewigkeit\/#primaryimage"},"thumbnailUrl":"https:\/\/www.salzburgerland.com\/de\/magazin\/wp-content\/uploads\/2012\/06\/header1-scaled.jpg","articleSection":["Lifestyle"],"inLanguage":"de","potentialAction":[{"@type":"CommentAction","name":"Comment","target":["https:\/\/www.salzburgerland.com\/de\/magazin\/die-lederne-von-hand-gefertigt-fur-die-ewigkeit\/#respond"]}]},{"@type":"WebPage","@id":"https:\/\/www.salzburgerland.com\/de\/magazin\/die-lederne-von-hand-gefertigt-fur-die-ewigkeit\/","url":"https:\/\/www.salzburgerland.com\/de\/magazin\/die-lederne-von-hand-gefertigt-fur-die-ewigkeit\/","name":"Die Lederne \u2013 Von Hand gefertigt f\u00fcr die Ewigkeit - SalzburgerLand Magazin","isPartOf":{"@id":"https:\/\/www.salzburgerland.com\/de\/magazin\/#website"},"primaryImageOfPage":{"@id":"https:\/\/www.salzburgerland.com\/de\/magazin\/die-lederne-von-hand-gefertigt-fur-die-ewigkeit\/#primaryimage"},"image":{"@id":"https:\/\/www.salzburgerland.com\/de\/magazin\/die-lederne-von-hand-gefertigt-fur-die-ewigkeit\/#primaryimage"},"thumbnailUrl":"https:\/\/www.salzburgerland.com\/de\/magazin\/wp-content\/uploads\/2012\/06\/header1-scaled.jpg","datePublished":"2012-06-19T06:45:39+00:00","dateModified":"2019-06-26T18:41:35+00:00","breadcrumb":{"@id":"https:\/\/www.salzburgerland.com\/de\/magazin\/die-lederne-von-hand-gefertigt-fur-die-ewigkeit\/#breadcrumb"},"inLanguage":"de","potentialAction":[{"@type":"ReadAction","target":["https:\/\/www.salzburgerland.com\/de\/magazin\/die-lederne-von-hand-gefertigt-fur-die-ewigkeit\/"]}]},{"@type":"ImageObject","inLanguage":"de","@id":"https:\/\/www.salzburgerland.com\/de\/magazin\/die-lederne-von-hand-gefertigt-fur-die-ewigkeit\/#primaryimage","url":"https:\/\/www.salzburgerland.com\/de\/magazin\/wp-content\/uploads\/2012\/06\/header1-scaled.jpg","contentUrl":"https:\/\/www.salzburgerland.com\/de\/magazin\/wp-content\/uploads\/2012\/06\/header1-scaled.jpg","width":3008,"height":1615,"caption":"Verziertes Schild mit der Aufschrift Lederbekleidung Zant neben einer dekorativen Lederhose aus Bronze."},{"@type":"BreadcrumbList","@id":"https:\/\/www.salzburgerland.com\/de\/magazin\/die-lederne-von-hand-gefertigt-fur-die-ewigkeit\/#breadcrumb","itemListElement":[{"@type":"ListItem","position":1,"name":"Startseite","item":"https:\/\/www.salzburgerland.com\/de\/magazin\/"},{"@type":"ListItem","position":2,"name":"Lifestyle","item":"https:\/\/www.salzburgerland.com\/de\/magazin\/thema\/lifestyle\/"},{"@type":"ListItem","position":3,"name":"Die Lederne \u2013 Von Hand gefertigt f\u00fcr die Ewigkeit"}]},{"@type":"WebSite","@id":"https:\/\/www.salzburgerland.com\/de\/magazin\/#website","url":"https:\/\/www.salzburgerland.com\/de\/magazin\/","name":"SalzburgerLand Magazin","description":"Geschichten und Interessantes aus dem SalzburgerLand","publisher":{"@id":"https:\/\/www.salzburgerland.com\/de\/magazin\/#organization"},"potentialAction":[{"@type":"SearchAction","target":{"@type":"EntryPoint","urlTemplate":"https:\/\/www.salzburgerland.com\/de\/magazin\/?s={search_term_string}"},"query-input":{"@type":"PropertyValueSpecification","valueRequired":true,"valueName":"search_term_string"}}],"inLanguage":"de"},{"@type":"Organization","@id":"https:\/\/www.salzburgerland.com\/de\/magazin\/#organization","name":"SalzburgerLand Tourismus","url":"https:\/\/www.salzburgerland.com\/de\/magazin\/","logo":{"@type":"ImageObject","inLanguage":"de","@id":"https:\/\/www.salzburgerland.com\/de\/magazin\/#\/schema\/logo\/image\/","url":"https:\/\/www.salzburgerland.com\/de\/magazin\/wp-content\/uploads\/2019\/06\/salzburgerland-logo1.jpg","contentUrl":"https:\/\/www.salzburgerland.com\/de\/magazin\/wp-content\/uploads\/2019\/06\/salzburgerland-logo1.jpg","width":2011,"height":866,"caption":"SalzburgerLand Tourismus"},"image":{"@id":"https:\/\/www.salzburgerland.com\/de\/magazin\/#\/schema\/logo\/image\/"},"sameAs":["https:\/\/www.facebook.com\/salzburgerland\/","https:\/\/x.com\/Salzburgerland","https:\/\/www.instagram.com\/salzburgerland\/","https:\/\/at.linkedin.com\/company\/salzburgerland-tourismus-gmbh","https:\/\/www.pinterest.at\/salzburgerland\/","https:\/\/www.youtube.com\/user\/salzburgerland","https:\/\/de.wikipedia.org\/wiki\/SalzburgerLand_Tourismus_GmbH"]},{"@type":"Person","@id":"https:\/\/www.salzburgerland.com\/de\/magazin\/#\/schema\/person\/79452c699c410aa31a119426313748de","name":"Edith Danzer","description":"Seit Jahren arbeite ich als freie Redakteurin und Fotografin im SalzburgerLand. Schreiben ist f\u00fcr mich nicht blo\u00df das Erstellen eines Textes. Es ist ein Komponieren einer wundervollen Melodie, ein Malen mit Buchstaben und Worten. Ich liebe die Begegnungen mit Menschen, die mir ihre Geschichte anvertrauen. Wenn man mich sucht, bin ich entweder am Schreibtisch (der auch mal am sonnigen H\u00fcttenbankerl stehen kann) oder mit meinem Husky-M\u00e4dl Ylvi am Berg, am See oder im Wald. Ich \u2026 \u2026 in ein paar Worten. \u2022 Lieber drau\u00dfen, als drinnen. \u2022 Lieber Norden, als S\u00fcden. \u2022 Lieber Buchstaben, als Zahlen. \u2022 Lieber Schnee, als Strand. \u2022 Lieber Berg, als Tal. \u2022 Lieber Nordlichter, als S\u00fcdseezauber. \u2022 Lieber H\u00fctte, als F\u00fcnfsternschuppen. \u2022 Lieber Hund, als Katze. \u2022 Lieber grader Michl, als falscher Fufzga. \u2022 Lieber mittendurch, als drumherum \u2022 Lieber Almleben, als Couchpotato","url":"https:\/\/www.salzburgerland.com\/de\/magazin\/author\/edith-danzer\/"}]}},"_wl_alt_label":[],"wl:entity_url":"http:\/\/open.salzburgerland.com\/magazin\/post\/die_lederne_-_von_hand_gefertigt_fuer_die_ewigkeit","_links":{"self":[{"href":"https:\/\/www.salzburgerland.com\/de\/magazin\/wp-json\/wp\/v2\/posts\/18884","targetHints":{"allow":["GET"]}}],"collection":[{"href":"https:\/\/www.salzburgerland.com\/de\/magazin\/wp-json\/wp\/v2\/posts"}],"about":[{"href":"https:\/\/www.salzburgerland.com\/de\/magazin\/wp-json\/wp\/v2\/types\/post"}],"author":[{"embeddable":true,"href":"https:\/\/www.salzburgerland.com\/de\/magazin\/wp-json\/wp\/v2\/users\/11"}],"replies":[{"embeddable":true,"href":"https:\/\/www.salzburgerland.com\/de\/magazin\/wp-json\/wp\/v2\/comments?post=18884"}],"version-history":[{"count":0,"href":"https:\/\/www.salzburgerland.com\/de\/magazin\/wp-json\/wp\/v2\/posts\/18884\/revisions"}],"wp:featuredmedia":[{"embeddable":true,"href":"https:\/\/www.salzburgerland.com\/de\/magazin\/wp-json\/wp\/v2\/media\/18900"}],"wp:attachment":[{"href":"https:\/\/www.salzburgerland.com\/de\/magazin\/wp-json\/wp\/v2\/media?parent=18884"}],"wp:term":[{"taxonomy":"category","embeddable":true,"href":"https:\/\/www.salzburgerland.com\/de\/magazin\/wp-json\/wp\/v2\/categories?post=18884"},{"taxonomy":"post_tag","embeddable":true,"href":"https:\/\/www.salzburgerland.com\/de\/magazin\/wp-json\/wp\/v2\/tags?post=18884"},{"taxonomy":"wl_entity_type","embeddable":true,"href":"https:\/\/www.salzburgerland.com\/de\/magazin\/wp-json\/wp\/v2\/wl_entity_type?post=18884"},{"taxonomy":"monatsauswahl","embeddable":true,"href":"https:\/\/www.salzburgerland.com\/de\/magazin\/wp-json\/wp\/v2\/monatsauswahl?post=18884"}],"curies":[{"name":"wp","href":"https:\/\/api.w.org\/{rel}","templated":true}]}}