{"id":188192,"date":"2026-09-04T07:00:00","date_gmt":"2026-09-04T05:00:00","guid":{"rendered":"https:\/\/www.salzburgerland.com\/de\/magazin\/?p=188192"},"modified":"2026-09-02T06:28:09","modified_gmt":"2026-09-02T04:28:09","slug":"generationenwechsel-an-der-spitze-des-rockhouse-salzburg","status":"publish","type":"post","link":"https:\/\/www.salzburgerland.com\/de\/magazin\/generationenwechsel-an-der-spitze-des-rockhouse-salzburg\/","title":{"rendered":"Generationenwechsel an der Spitze des Rockhouse Salzburg"},"content":{"rendered":"\n<div class=\"wp-block-slt-top topBlocks\">\n<h2 class=\"wp-block-slt-subtitle\">Der neue Gesch\u00e4ftsf\u00fchrer Jonathan \u201eJoni\u201c Zott im Interview<\/h2>\n\n\n\n<p class=\"wp-block-slt-intro\">Im Jahr 1993 \u00f6ffnete das Rockhouse Salzburg seine Pforten. Gesch\u00e4ftsf\u00fchrer Wolfang Descho arbeitete \u00fcber 30 Jahre lang f\u00fcr die Kultur-Institution. Im Sommer \u00fcbergab er seine Funktion an den 40-j\u00e4hrigen Jonathan \u201eJoni\u201c Zott.<\/p>\n<\/div>\n\n\n\n<p><strong>Welche Geschichte verbindet dich mit dem Rockhouse Salzburg?<\/strong><\/p>\n\n\n\n<p><strong>Jonathan \u201eJoni\u201c Zott: <\/strong>Ich bin als Salzburger im Stadtteil Sam aufgewachsen und habe wohl die \u00fcberwiegende Zeit meiner Jugend im Rockhouse verbracht. Sowohl als Besucher bei Konzerten, im Gastgarten oder mit meiner damaligen Band Zufallstreffer im Proberaum 5. Nat\u00fcrlich auch bei unseren ersten Konzerten bei Local Heroes oder den eigens veranstalteten Konzerten sowohl in der Bar als auch im Saal. Auch nach meiner Jugend habe ich nie den engen Kontakt zum Rockhouse verloren. Beispielsweise habe ich als Projektleiter in Zusammenarbeit mit dem Rockhouse die Circus Concerts und HipHop Circus auf die Beine gestellt. Ebenso habe ich den Acoustic Summer initiiert und aufgebaut.<\/p>\n\n\n<div class=\"mag-gallery\"><div class=\"row\"><div class=\"col-6 col-sm-4\"><figure><a class=\"thumb-container\" href=\"https:\/\/www.salzburgerland.com\/de\/magazin\/wp-content\/uploads\/2026\/08\/2026_Rockhouse-Outdoor-c-Lisa-Kutzelnig-1280x1024.jpg\">\t<picture><source media=\"(min-width: 576px)\" srcset=\"https:\/\/www.salzburgerland.com\/de\/magazin\/wp-content\/uploads\/2026\/08\/2026_Rockhouse-Outdoor-c-Lisa-Kutzelnig-325x209.jpg 325w, https:\/\/www.salzburgerland.com\/de\/magazin\/wp-content\/uploads\/2026\/08\/2026_Rockhouse-Outdoor-c-Lisa-Kutzelnig-249x160.jpg 249w\"><\/source><source media=\"(min-width: 0)\" srcset=\"https:\/\/www.salzburgerland.com\/de\/magazin\/wp-content\/uploads\/2026\/08\/2026_Rockhouse-Outdoor-c-Lisa-Kutzelnig-249x160.jpg 249w, https:\/\/www.salzburgerland.com\/de\/magazin\/wp-content\/uploads\/2026\/08\/2026_Rockhouse-Outdoor-c-Lisa-Kutzelnig-325x209.jpg 325w\"><\/source><img decoding=\"async\" alt=\"Modernes Geb&auml;ude mit einem gro&szlig;en Schwarz-Wei&szlig;-Filmplakat, einem B&uuml;rgersteig, B&auml;umen und einer Sitzgelegenheit im Freien.\" src=\"https:\/\/www.salzburgerland.com\/de\/magazin\/wp-content\/uploads\/2026\/08\/2026_Rockhouse-Outdoor-c-Lisa-Kutzelnig-scaled.jpg\">\t<\/picture><figcaption>&copy;Lisa Kutzelnig<\/figcaption><\/a><\/figure><\/div><div class=\"col-6 col-sm-4\"><figure><a class=\"thumb-container\" href=\"https:\/\/www.salzburgerland.com\/de\/magazin\/wp-content\/uploads\/2026\/08\/Rockhouse-live-c-Ludwig-Seidl-1280x1024.jpg\">\t<picture><source media=\"(min-width: 576px)\" srcset=\"https:\/\/www.salzburgerland.com\/de\/magazin\/wp-content\/uploads\/2026\/08\/Rockhouse-live-c-Ludwig-Seidl-325x209.jpg 325w, https:\/\/www.salzburgerland.com\/de\/magazin\/wp-content\/uploads\/2026\/08\/Rockhouse-live-c-Ludwig-Seidl-249x160.jpg 249w\"><\/source><source media=\"(min-width: 0)\" srcset=\"https:\/\/www.salzburgerland.com\/de\/magazin\/wp-content\/uploads\/2026\/08\/Rockhouse-live-c-Ludwig-Seidl-249x160.jpg 249w, https:\/\/www.salzburgerland.com\/de\/magazin\/wp-content\/uploads\/2026\/08\/Rockhouse-live-c-Ludwig-Seidl-325x209.jpg 325w\"><\/source><img decoding=\"async\" alt=\"Eine Rockband tritt auf der B&uuml;hne eines &uuml;berf&uuml;llten, farbenfrohen Clubs auf, w&auml;hrend jubelnde Fans die H&auml;nde in die Luft recken.\" src=\"https:\/\/www.salzburgerland.com\/de\/magazin\/wp-content\/uploads\/2026\/08\/Rockhouse-live-c-Ludwig-Seidl-scaled.jpg\">\t<\/picture><figcaption>&copy;Ludwig Seidl<\/figcaption><\/a><\/figure><\/div><div class=\"col-6 col-sm-4\"><figure><a class=\"thumb-container\" href=\"https:\/\/www.salzburgerland.com\/de\/magazin\/wp-content\/uploads\/2026\/08\/Rockhouse-Team-c_arne_mueseler_00289-1280x1024.jpg\">\t<picture><source media=\"(min-width: 576px)\" srcset=\"https:\/\/www.salzburgerland.com\/de\/magazin\/wp-content\/uploads\/2026\/08\/Rockhouse-Team-c_arne_mueseler_00289-325x209.jpg 325w, https:\/\/www.salzburgerland.com\/de\/magazin\/wp-content\/uploads\/2026\/08\/Rockhouse-Team-c_arne_mueseler_00289-249x160.jpg 249w\"><\/source><source media=\"(min-width: 0)\" srcset=\"https:\/\/www.salzburgerland.com\/de\/magazin\/wp-content\/uploads\/2026\/08\/Rockhouse-Team-c_arne_mueseler_00289-249x160.jpg 249w, https:\/\/www.salzburgerland.com\/de\/magazin\/wp-content\/uploads\/2026\/08\/Rockhouse-Team-c_arne_mueseler_00289-325x209.jpg 325w\"><\/source><img decoding=\"async\" alt=\"Sieben Personen sitzen auf der B&uuml;hne bei einer Podiumsdiskussion unter grellem Licht, hinter ihnen ist ein Schild mit der Aufschrift &bdquo;RXCKHXUSE&ldquo; zu sehen.\" src=\"https:\/\/www.salzburgerland.com\/de\/magazin\/wp-content\/uploads\/2026\/08\/Rockhouse-Team-c_arne_mueseler_00289.jpg\">\t<\/picture><figcaption>Das Team des Rockhouse. Der ehemalige Gesch&auml;ftsf&uuml;hrer Wolfgang Decho (rechts au&szlig;en am Bild). &copy;Arne M&uuml;seler<\/figcaption><\/a><\/figure><\/div><\/div><figcaption><\/figcaption><\/div>\n\n\n\n<p><strong>Was bleibt mit dir als Gesch\u00e4ftsf\u00fchrer gleich und was wird sich ver\u00e4ndern?<\/strong><\/p>\n\n\n\n<p><strong>Jonathan Zott:<\/strong> Bew\u00e4hrtes bleibt bestehen und neue Impulse kommen hinzu. Das Programm richten wir immer auch an der Nachfrage der Menschen aus, die bestimmte Bands sehen wollen. Wir bem\u00fchen uns diese Bands ins Rockhouse zu holen. Und wir wollen f\u00fcr jede Generation und \u00fcber viele Genres hinweg etwas anbieten. So gesehen \u00e4ndert sich nicht viel gegen\u00fcber fr\u00fcher. Wir wollen weiterhin ein rundes Programm erm\u00f6glichen.<\/p>\n\n\n\n<p>Ver\u00e4nderungen gibt es vor allem personell und bei der digitalen Infrastruktur. Neben Wolfgang Descho und mir gab es noch weitere personelle Generationenwechsel und wir haben unsere digitale Basis umfassend erneuert. Daf\u00fcr steht unsere neue Website, die als digitales Schaufenster des Hauses dient. Und wir haben das Ticketing-System durch eine moderne L\u00f6sung ersetzt, mit sp\u00fcrbaren Vorteilen f\u00fcr das Publikum. M\u00f6glich werden so zus\u00e4tzliche Bezahlm\u00f6glichkeiten und ein schnellerer Ticketverkauf sowie ein z\u00fcgiger Einlass ohne Warteschlange an der Abendkasse. Zudem renovieren wir die B\u00fcror\u00e4umlichkeiten, die nun schon seit \u00fcber 30 Jahren Bestand hatten.<\/p>\n\n\n<div class=\"mag-gallery\"><div class=\"row\"><div class=\"col-6 col-sm-4\"><figure><a class=\"thumb-container\" href=\"https:\/\/www.salzburgerland.com\/de\/magazin\/wp-content\/uploads\/2026\/08\/IMG_7486-1280x1024.jpg\">\t<picture><source media=\"(min-width: 576px)\" srcset=\"https:\/\/www.salzburgerland.com\/de\/magazin\/wp-content\/uploads\/2026\/08\/IMG_7486-418x650.jpg 418w, https:\/\/www.salzburgerland.com\/de\/magazin\/wp-content\/uploads\/2026\/08\/IMG_7486-209x325.jpg 209w\"><\/source><source media=\"(min-width: 0)\" srcset=\"https:\/\/www.salzburgerland.com\/de\/magazin\/wp-content\/uploads\/2026\/08\/IMG_7486-209x325.jpg 209w, https:\/\/www.salzburgerland.com\/de\/magazin\/wp-content\/uploads\/2026\/08\/IMG_7486-418x650.jpg 418w\"><\/source><img decoding=\"async\" alt=\"Ein Mann in einem karierten Hemd und einer M&uuml;tze steht vor einem Caf&eacute;, hinter ihm stehen St&uuml;hle und ein verglastes Eingangstor.\" src=\"https:\/\/www.salzburgerland.com\/de\/magazin\/wp-content\/uploads\/2026\/08\/IMG_7486-scaled.jpg\">\t<\/picture><figcaption>&copy;Granbacher\/Roth<\/figcaption><\/a><\/figure><\/div><div class=\"col-6 col-sm-4\"><figure><a class=\"thumb-container\" href=\"https:\/\/www.salzburgerland.com\/de\/magazin\/wp-content\/uploads\/2026\/08\/Jonathan-Zott-2-c-Christian-Salic-1280x1024.jpg\">\t<picture><source media=\"(min-width: 576px)\" srcset=\"https:\/\/www.salzburgerland.com\/de\/magazin\/wp-content\/uploads\/2026\/08\/Jonathan-Zott-2-c-Christian-Salic-418x650.jpg 418w, https:\/\/www.salzburgerland.com\/de\/magazin\/wp-content\/uploads\/2026\/08\/Jonathan-Zott-2-c-Christian-Salic-209x325.jpg 209w\"><\/source><source media=\"(min-width: 0)\" srcset=\"https:\/\/www.salzburgerland.com\/de\/magazin\/wp-content\/uploads\/2026\/08\/Jonathan-Zott-2-c-Christian-Salic-209x325.jpg 209w, https:\/\/www.salzburgerland.com\/de\/magazin\/wp-content\/uploads\/2026\/08\/Jonathan-Zott-2-c-Christian-Salic-418x650.jpg 418w\"><\/source><img decoding=\"async\" alt=\"Ein Mann mit Bart, der eine gestreifte Jacke und ein T-Shirt tr&auml;gt, steht in einem schwach beleuchteten Raum und l&auml;chelt.\" src=\"https:\/\/www.salzburgerland.com\/de\/magazin\/wp-content\/uploads\/2026\/08\/Jonathan-Zott-2-c-Christian-Salic.jpg\">\t<\/picture><figcaption>&copy;Christian Salic<\/figcaption><\/a><\/figure><\/div><\/div><figcaption><\/figcaption><\/div>\n\n\n\n<p><strong>F\u00fcr deinen Vorg\u00e4nger Wolfgang Descho, waren die lokalen Bands immer sehr wichtig. Wirst du das so beibehalten?<\/strong><\/p>\n\n\n\n<p><strong>Jonathan Zott:<\/strong> Auf jeden Fall. Wir wollen f\u00fcr junge Bands aus der Region da sein, die nicht wissen, wohin sie gehen sollten, wenn sie Unterst\u00fctzung brauchen oder Auftritte machen wollen. Mir ist aufgefallen, dass sich viele K\u00fcnstlerinnen und K\u00fcnstler seit Corona nicht mehr so hinaus trauen wie fr\u00fcher. Viele produzieren daheim und haben gar nicht mehr so sehr den Anspruch auf einer B\u00fchne zu stehen. Es ist eine L\u00fccke entstanden, der wir entgegenwirken wollen. Mit Local Heroes bieten wir Auftrittsm\u00f6glichkeiten f\u00fcr junge Bands und wir k\u00f6nnen hin und wieder diesen Bands auch die M\u00f6glichkeit geben, als Support-Act f\u00fcr namhafte und bekannte Bands zu spielen. Wolfgang Descho k\u00fcmmert sich \u00fcbrigens auch jetzt noch um den Bereich Local Heroes.<\/p>\n\n\n\n<p><strong>Die Salzburger Festspiele sind als Touristenmagnet bekannt. Gelingt es ebenso dem Rockhouse ein internationales Publikum anzusprechen?<\/strong><\/p>\n\n\n\n<p><strong>Jonathan Zott:<\/strong> Wir wissen, dass es in der Stadt und am Land Salzburg sehr viele Touristen gibt. Neben den Festspielen braucht es im Sommer f\u00fcr diese auch die M\u00f6glichkeit am Abend auszugehen und neue Bands zu entdecken. Wir haben dieses Jahr mit \u201eSummer of \u00b426\u201c einen Kulturfahrplan auf die Beine gestellt, der von Juni bis September durch ein vielf\u00e4ltiges Musik- und Veranstaltungsprogramm f\u00fchrt. So werden sowohl lokale als auch internationale Zielgruppen angesprochen. Unser Programm erscheint neben Deutsch nun auch zus\u00e4tzlich in Englisch. Erg\u00e4nzt wird das Live-Programm durch einen gro\u00dfen Nacht-Flohmarkt, eine ganze Reihe von Acoustic Summer Konzerten bei freiem Eintritt in der Rockhouse Bar und kostenlosen Workshops f\u00fcr unterschiedliche Alters- und Erfahrungsgruppen im Rahmen der Rockhouse Academy. W\u00e4hrend sich die Altstadt in eine B\u00fchne f\u00fcr die etablierte Hochkultur verwandelt, inszenieren wir mit dem \u201eSummer of \u00b426\u201c eine vitale, zeitgen\u00f6ssische Programmierung. Nat\u00fcrlich wird es auch einen \u201eSummer of \u00b427\u201c geben. Im Herbst wollen wir mit unserem Programm speziell f\u00fcr die Studentinnen und Studenten ein auch preislich niederschwelliges Angebot bieten.<\/p>\n\n\n\n<figure class=\"wp-block-image size-full\"><img loading=\"lazy\" decoding=\"async\" width=\"2560\" height=\"1707\" src=\"https:\/\/www.salzburgerland.com\/de\/magazin\/wp-content\/uploads\/2026\/08\/IMG_7473-scaled.jpg\" alt=\"Ein Mann in einem karierten Hemd und mit einem Hut steht vor einem Geb\u00e4ude mit der Aufschrift \u201eRXCKHXUSE\u201c.\" class=\"wp-image-188201\" srcset=\"https:\/\/www.salzburgerland.com\/de\/magazin\/wp-content\/uploads\/2026\/08\/IMG_7473-scaled.jpg 2560w, https:\/\/www.salzburgerland.com\/de\/magazin\/wp-content\/uploads\/2026\/08\/IMG_7473-300x200.jpg 300w, https:\/\/www.salzburgerland.com\/de\/magazin\/wp-content\/uploads\/2026\/08\/IMG_7473-1536x1024.jpg 1536w, https:\/\/www.salzburgerland.com\/de\/magazin\/wp-content\/uploads\/2026\/08\/IMG_7473-2048x1365.jpg 2048w, https:\/\/www.salzburgerland.com\/de\/magazin\/wp-content\/uploads\/2026\/08\/IMG_7473-825x550.jpg 825w, https:\/\/www.salzburgerland.com\/de\/magazin\/wp-content\/uploads\/2026\/08\/IMG_7473-600x400.jpg 600w, https:\/\/www.salzburgerland.com\/de\/magazin\/wp-content\/uploads\/2026\/08\/IMG_7473-1320x880.jpg 1320w, https:\/\/www.salzburgerland.com\/de\/magazin\/wp-content\/uploads\/2026\/08\/IMG_7473-150x100.jpg 150w\" sizes=\"auto, (max-width: 2560px) 100vw, 2560px\" \/><figcaption class=\"wp-element-caption\"><em>\u00a9Granbacher\/Roth<\/em><\/figcaption><\/figure>\n\n\n\n<p><strong>Bist du privat gerne im SalzburgerLand unterwegs?<\/strong><\/p>\n\n\n\n<p><strong>Jonathan Zott:<\/strong> Wenn es die Zeit zul\u00e4sst fahre ich unglaublich gerne mit dem Rad. Fr\u00fcher mit dem Rennrad, nun mit einem Gravel-Bike um auf noch mehr Stra\u00dfen und Wegen unterwegs sein zu k\u00f6nnen. Ich genie\u00dfe es der Salzach entlang zu fahren und wenn etwas mehr Zeit ist, fahre ich gerne nach Lofer und Saalfelden oder auch in Richtung Gro\u00dfglockner und Bad Gastein.<\/p>\n\n\n\n<h2 class=\"wp-block-heading\" id=\"h-uber-jonathan-joni-zott\">\u00dcber Jonathan \u201eJoni\u201c Zott<\/h2>\n\n\n\n<p>Neben seinem Studium (Musik &amp; Medien) in M\u00fcnchen arbeitete er im Backstage M\u00fcnchen und war mit der Planung und Ausrichtung von diversen Gastveranstaltungen, den entsprechenden Abrechnungen und der Personaleinteilung betraut.<\/p>\n\n\n\n<p>Nach seinem Umzug nach Wien begann er 2012, f\u00fcr die Arcadia Agency als Booker zu arbeiten. Neben seiner T\u00e4tigkeit als Booker \u00fcbernahm er von 2015 bis 2017 auch f\u00fcr die Venue B72 die Programmleitung.<\/p>\n\n\n\n<p>2015 fusionierte schlie\u00dflich die Arcadia Agency mit dem deutschen Unternehmen FKP Scorpio und ist ab diesem Zeitpunkt Teil eines der gr\u00f6\u00dften europ\u00e4ischen Tournee-, &amp; Festivalveranstalters.<\/p>\n\n\n\n<p>Ab 2021 war Zott Head of Booking bei der Arcadia Live GmbH. Das bedeutete 450 Shows im Jahr, darunter auch Stadion Shows.<\/p>\n\n\n\n<p>Nach \u00fcber 10 Jahren in Wien kehrte \u201eJoni\u201c 2024 nach Salzburg zur\u00fcck und stellte sich als Programmleiter der neuen Herausforderungen im Rockhouse. Seit Juli 2026 ist er Gesch\u00e4ftsf\u00fchrer.<\/p>\n\n\n\n<p>Fotos in der Galerie: <em>\u00a9Granbacher\/Roth<\/em>, <em>\u00a9Arne M\u00fcseler<\/em>, <em>\u00a9Ludwig Seidl<\/em>, <em>\u00a9Tobias Neugebauer<\/em><\/p>\n\n\n<div class=\"mag-gallery\"><div class=\"row\"><div class=\"col-6 col-sm-4\"><figure><a class=\"thumb-container\" href=\"https:\/\/www.salzburgerland.com\/de\/magazin\/wp-content\/uploads\/2026\/08\/IMG_7478-1280x1024.jpg\">\t<picture><source media=\"(min-width: 576px)\" srcset=\"https:\/\/www.salzburgerland.com\/de\/magazin\/wp-content\/uploads\/2026\/08\/IMG_7478-418x650.jpg 418w, https:\/\/www.salzburgerland.com\/de\/magazin\/wp-content\/uploads\/2026\/08\/IMG_7478-209x325.jpg 209w\"><\/source><source media=\"(min-width: 0)\" srcset=\"https:\/\/www.salzburgerland.com\/de\/magazin\/wp-content\/uploads\/2026\/08\/IMG_7478-209x325.jpg 209w, https:\/\/www.salzburgerland.com\/de\/magazin\/wp-content\/uploads\/2026\/08\/IMG_7478-418x650.jpg 418w\"><\/source><img decoding=\"async\" alt=\"Ein Mann in einem karierten Hemd und einer M&uuml;tze steht vor einer schlichten, hellen Wand und l&auml;chelt leicht in die Kamera.\" src=\"https:\/\/www.salzburgerland.com\/de\/magazin\/wp-content\/uploads\/2026\/08\/IMG_7478-scaled.jpg\">\t<\/picture><\/a><\/figure><\/div><div class=\"col-6 col-sm-4\"><figure><a class=\"thumb-container\" href=\"https:\/\/www.salzburgerland.com\/de\/magazin\/wp-content\/uploads\/2026\/08\/IMG_7484-1280x1024.jpg\">\t<picture><source media=\"(min-width: 576px)\" srcset=\"https:\/\/www.salzburgerland.com\/de\/magazin\/wp-content\/uploads\/2026\/08\/IMG_7484-418x650.jpg 418w, https:\/\/www.salzburgerland.com\/de\/magazin\/wp-content\/uploads\/2026\/08\/IMG_7484-209x325.jpg 209w\"><\/source><source media=\"(min-width: 0)\" srcset=\"https:\/\/www.salzburgerland.com\/de\/magazin\/wp-content\/uploads\/2026\/08\/IMG_7484-209x325.jpg 209w, https:\/\/www.salzburgerland.com\/de\/magazin\/wp-content\/uploads\/2026\/08\/IMG_7484-418x650.jpg 418w\"><\/source><img decoding=\"async\" alt=\"Ein Mann in einem karierten Hemd und einer M&uuml;tze steht vor einem Geb&auml;ude, &uuml;ber dem ein Schild mit der Aufschrift &bdquo;F*** BORDERS&ldquo; h&auml;ngt.\" src=\"https:\/\/www.salzburgerland.com\/de\/magazin\/wp-content\/uploads\/2026\/08\/IMG_7484-scaled.jpg\">\t<\/picture><\/a><\/figure><\/div><div class=\"col-6 col-sm-4\"><figure><a class=\"thumb-container\" href=\"https:\/\/www.salzburgerland.com\/de\/magazin\/wp-content\/uploads\/2026\/08\/Jonathan-Zott-2-c-Ludwig-Seidl-1280x1024.jpg\">\t<picture><source media=\"(min-width: 576px)\" srcset=\"https:\/\/www.salzburgerland.com\/de\/magazin\/wp-content\/uploads\/2026\/08\/Jonathan-Zott-2-c-Ludwig-Seidl-418x650.jpg 418w, https:\/\/www.salzburgerland.com\/de\/magazin\/wp-content\/uploads\/2026\/08\/Jonathan-Zott-2-c-Ludwig-Seidl-209x325.jpg 209w\"><\/source><source media=\"(min-width: 0)\" srcset=\"https:\/\/www.salzburgerland.com\/de\/magazin\/wp-content\/uploads\/2026\/08\/Jonathan-Zott-2-c-Ludwig-Seidl-209x325.jpg 209w, https:\/\/www.salzburgerland.com\/de\/magazin\/wp-content\/uploads\/2026\/08\/Jonathan-Zott-2-c-Ludwig-Seidl-418x650.jpg 418w\"><\/source><img decoding=\"async\" alt=\"Ein Mann in einem wei&szlig;en Hemd, der auf einer B&uuml;hne bei warmer Beleuchtung E-Gitarre spielt.\" src=\"https:\/\/www.salzburgerland.com\/de\/magazin\/wp-content\/uploads\/2026\/08\/Jonathan-Zott-2-c-Ludwig-Seidl-scaled.jpg\">\t<\/picture><\/a><\/figure><\/div><div class=\"col-6 col-sm-4\"><figure><a class=\"thumb-container\" href=\"https:\/\/www.salzburgerland.com\/de\/magazin\/wp-content\/uploads\/2026\/08\/Rockhouse-live-c-Tobias-Neugebauer-1280x1024.jpg\">\t<picture><source media=\"(min-width: 576px)\" srcset=\"https:\/\/www.salzburgerland.com\/de\/magazin\/wp-content\/uploads\/2026\/08\/Rockhouse-live-c-Tobias-Neugebauer-325x209.jpg 325w, https:\/\/www.salzburgerland.com\/de\/magazin\/wp-content\/uploads\/2026\/08\/Rockhouse-live-c-Tobias-Neugebauer-249x160.jpg 249w\"><\/source><source media=\"(min-width: 0)\" srcset=\"https:\/\/www.salzburgerland.com\/de\/magazin\/wp-content\/uploads\/2026\/08\/Rockhouse-live-c-Tobias-Neugebauer-249x160.jpg 249w, https:\/\/www.salzburgerland.com\/de\/magazin\/wp-content\/uploads\/2026\/08\/Rockhouse-live-c-Tobias-Neugebauer-325x209.jpg 325w\"><\/source><img decoding=\"async\" alt=\"Eine Band tritt auf der B&uuml;hne in einem &uuml;berf&uuml;llten, schummrig beleuchteten Veranstaltungsort auf, w&auml;hrend ein begeistertes Publikum zusieht.\" src=\"https:\/\/www.salzburgerland.com\/de\/magazin\/wp-content\/uploads\/2026\/08\/Rockhouse-live-c-Tobias-Neugebauer.jpg\">\t<\/picture><\/a><\/figure><\/div><div class=\"col-6 col-sm-4\"><figure><a class=\"thumb-container\" href=\"https:\/\/www.salzburgerland.com\/de\/magazin\/wp-content\/uploads\/2026\/08\/Rockhouse-live-2-c-Tobias-Neugebauer-1280x1024.jpg\">\t<picture><source media=\"(min-width: 576px)\" srcset=\"https:\/\/www.salzburgerland.com\/de\/magazin\/wp-content\/uploads\/2026\/08\/Rockhouse-live-2-c-Tobias-Neugebauer-325x209.jpg 325w, https:\/\/www.salzburgerland.com\/de\/magazin\/wp-content\/uploads\/2026\/08\/Rockhouse-live-2-c-Tobias-Neugebauer-249x160.jpg 249w\"><\/source><source media=\"(min-width: 0)\" srcset=\"https:\/\/www.salzburgerland.com\/de\/magazin\/wp-content\/uploads\/2026\/08\/Rockhouse-live-2-c-Tobias-Neugebauer-249x160.jpg 249w, https:\/\/www.salzburgerland.com\/de\/magazin\/wp-content\/uploads\/2026\/08\/Rockhouse-live-2-c-Tobias-Neugebauer-325x209.jpg 325w\"><\/source><img decoding=\"async\" alt=\"Eine Menschenmenge bei einem Konzert umringt eine Person, die auf ihren H&auml;nden Breakdance tanzt, w&auml;hrend auf der B&uuml;hne eine Band auftritt.\" src=\"https:\/\/www.salzburgerland.com\/de\/magazin\/wp-content\/uploads\/2026\/08\/Rockhouse-live-2-c-Tobias-Neugebauer.jpg\">\t<\/picture><\/a><\/figure><\/div><div class=\"col-6 col-sm-4\"><figure><a class=\"thumb-container\" href=\"https:\/\/www.salzburgerland.com\/de\/magazin\/wp-content\/uploads\/2026\/08\/Rockhouse-Outdoor_c_Arne-Mueseler-1280x1024.jpg\">\t<picture><source media=\"(min-width: 576px)\" srcset=\"https:\/\/www.salzburgerland.com\/de\/magazin\/wp-content\/uploads\/2026\/08\/Rockhouse-Outdoor_c_Arne-Mueseler-325x209.jpg 325w, https:\/\/www.salzburgerland.com\/de\/magazin\/wp-content\/uploads\/2026\/08\/Rockhouse-Outdoor_c_Arne-Mueseler-249x160.jpg 249w\"><\/source><source media=\"(min-width: 0)\" srcset=\"https:\/\/www.salzburgerland.com\/de\/magazin\/wp-content\/uploads\/2026\/08\/Rockhouse-Outdoor_c_Arne-Mueseler-249x160.jpg 249w, https:\/\/www.salzburgerland.com\/de\/magazin\/wp-content\/uploads\/2026\/08\/Rockhouse-Outdoor_c_Arne-Mueseler-325x209.jpg 325w\"><\/source><img decoding=\"async\" alt=\"Luftaufnahme eines wei&szlig;en Geb&auml;udes mit Sitzgelegenheiten auf dem Dach, umgeben von B&auml;umen und Gr&uuml;nfl&auml;chen.\" src=\"https:\/\/www.salzburgerland.com\/de\/magazin\/wp-content\/uploads\/2026\/08\/Rockhouse-Outdoor_c_Arne-Mueseler-scaled.jpg\">\t<\/picture><\/a><\/figure><\/div><\/div><figcaption><\/figcaption><\/div>\n\n\n\n<p><\/p>\n\n\n\n<p><\/p>\n\n\n\n<p><\/p>\n\n\n\n<p><\/p>\n","protected":false},"excerpt":{"rendered":"<p>Welche Geschichte verbindet dich mit dem Rockhouse Salzburg? Jonathan \u201eJoni\u201c Zott: Ich bin als Salzburger im Stadtteil Sam aufgewachsen und habe wohl die \u00fcberwiegende Zeit meiner Jugend im Rockhouse verbracht. Sowohl als Besucher bei Konzerten, im Gastgarten oder mit meiner damaligen Band Zufallstreffer im Proberaum 5. Nat\u00fcrlich auch bei unseren ersten Konzerten bei Local Heroes [&hellip;]<\/p>\n","protected":false},"author":552,"featured_media":188193,"comment_status":"closed","ping_status":"closed","sticky":false,"template":"","format":"standard","meta":{"_acf_changed":false,"wl_entities_gutenberg":"","_wl_entity_redirect_enabled":"","footnotes":""},"categories":[6],"tags":[],"wl_entity_type":[306],"monatsauswahl":[],"class_list":["post-188192","post","type-post","status-publish","format-standard","has-post-thumbnail","hentry","category-kunst-kultur","wl_entity_type-article"],"acf":[],"yoast_head":"<!-- This site is optimized with the Yoast SEO Premium plugin v28.2 (Yoast SEO v28.2) - https:\/\/yoast.com\/product\/yoast-seo-premium-wordpress\/ -->\n<title>Generationenwechsel an der Spitze des Rockhouse Salzburg - SalzburgerLand Magazin<\/title>\n<meta name=\"robots\" content=\"index, follow, max-snippet:-1, max-image-preview:large, max-video-preview:-1\" \/>\n<link rel=\"canonical\" href=\"https:\/\/www.salzburgerland.com\/de\/magazin\/generationenwechsel-an-der-spitze-des-rockhouse-salzburg\/\" \/>\n<meta property=\"og:locale\" content=\"de_DE\" \/>\n<meta property=\"og:type\" content=\"article\" \/>\n<meta property=\"og:title\" content=\"Generationenwechsel an der Spitze des Rockhouse Salzburg\" \/>\n<meta property=\"og:description\" content=\"Welche Geschichte verbindet dich mit dem Rockhouse Salzburg? Jonathan \u201eJoni\u201c Zott: Ich bin als Salzburger im Stadtteil Sam aufgewachsen und habe wohl die \u00fcberwiegende Zeit meiner Jugend im Rockhouse verbracht. Sowohl als Besucher bei Konzerten, im Gastgarten oder mit meiner damaligen Band Zufallstreffer im Proberaum 5. Nat\u00fcrlich auch bei unseren ersten Konzerten bei Local Heroes [&hellip;]\" \/>\n<meta property=\"og:url\" content=\"https:\/\/www.salzburgerland.com\/de\/magazin\/generationenwechsel-an-der-spitze-des-rockhouse-salzburg\/\" \/>\n<meta property=\"og:site_name\" content=\"SalzburgerLand Magazin\" \/>\n<meta property=\"article:publisher\" content=\"https:\/\/www.facebook.com\/salzburgerland\/\" \/>\n<meta property=\"article:published_time\" content=\"2026-09-04T05:00:00+00:00\" \/>\n<meta property=\"og:image\" content=\"https:\/\/www.salzburgerland.com\/de\/magazin\/wp-content\/uploads\/2026\/08\/Zott-c_arne_mueseler_00370.jpg\" \/>\n\t<meta property=\"og:image:width\" content=\"2500\" \/>\n\t<meta property=\"og:image:height\" content=\"1667\" \/>\n\t<meta property=\"og:image:type\" content=\"image\/jpeg\" \/>\n<meta name=\"author\" content=\"Christian Granbacher-Roth\" \/>\n<meta name=\"twitter:card\" content=\"summary_large_image\" \/>\n<meta name=\"twitter:creator\" content=\"@Salzburgerland\" \/>\n<meta name=\"twitter:site\" content=\"@Salzburgerland\" \/>\n<meta name=\"twitter:label1\" content=\"Verfasst von\" \/>\n\t<meta name=\"twitter:data1\" content=\"Christian Granbacher-Roth\" \/>\n\t<meta name=\"twitter:label2\" content=\"Gesch\u00e4tzte Lesezeit\" \/>\n\t<meta name=\"twitter:data2\" content=\"8\u00a0Minuten\" \/>\n<script type=\"application\/ld+json\" class=\"yoast-schema-graph\">{\"@context\":\"https:\\\/\\\/schema.org\",\"@graph\":[{\"@type\":\"Article\",\"@id\":\"https:\\\/\\\/www.salzburgerland.com\\\/de\\\/magazin\\\/generationenwechsel-an-der-spitze-des-rockhouse-salzburg\\\/#article\",\"isPartOf\":{\"@id\":\"https:\\\/\\\/www.salzburgerland.com\\\/de\\\/magazin\\\/generationenwechsel-an-der-spitze-des-rockhouse-salzburg\\\/\"},\"author\":{\"name\":\"Christian Granbacher-Roth\",\"@id\":\"https:\\\/\\\/www.salzburgerland.com\\\/de\\\/magazin\\\/#\\\/schema\\\/person\\\/3cf8bb4ac95e0b72df11b8b53c6ac24b\"},\"headline\":\"Generationenwechsel an der Spitze des Rockhouse Salzburg\",\"datePublished\":\"2026-09-04T05:00:00+00:00\",\"mainEntityOfPage\":{\"@id\":\"https:\\\/\\\/www.salzburgerland.com\\\/de\\\/magazin\\\/generationenwechsel-an-der-spitze-des-rockhouse-salzburg\\\/\"},\"wordCount\":952,\"publisher\":{\"@id\":\"https:\\\/\\\/www.salzburgerland.com\\\/de\\\/magazin\\\/#organization\"},\"image\":{\"@id\":\"https:\\\/\\\/www.salzburgerland.com\\\/de\\\/magazin\\\/generationenwechsel-an-der-spitze-des-rockhouse-salzburg\\\/#primaryimage\"},\"thumbnailUrl\":\"https:\\\/\\\/www.salzburgerland.com\\\/de\\\/magazin\\\/wp-content\\\/uploads\\\/2026\\\/08\\\/Zott-c_arne_mueseler_00370.jpg\",\"articleSection\":[\"Kunst &amp; Kultur\"],\"inLanguage\":\"de\"},{\"@type\":\"WebPage\",\"@id\":\"https:\\\/\\\/www.salzburgerland.com\\\/de\\\/magazin\\\/generationenwechsel-an-der-spitze-des-rockhouse-salzburg\\\/\",\"url\":\"https:\\\/\\\/www.salzburgerland.com\\\/de\\\/magazin\\\/generationenwechsel-an-der-spitze-des-rockhouse-salzburg\\\/\",\"name\":\"Generationenwechsel an der Spitze des Rockhouse Salzburg - SalzburgerLand Magazin\",\"isPartOf\":{\"@id\":\"https:\\\/\\\/www.salzburgerland.com\\\/de\\\/magazin\\\/#website\"},\"primaryImageOfPage\":{\"@id\":\"https:\\\/\\\/www.salzburgerland.com\\\/de\\\/magazin\\\/generationenwechsel-an-der-spitze-des-rockhouse-salzburg\\\/#primaryimage\"},\"image\":{\"@id\":\"https:\\\/\\\/www.salzburgerland.com\\\/de\\\/magazin\\\/generationenwechsel-an-der-spitze-des-rockhouse-salzburg\\\/#primaryimage\"},\"thumbnailUrl\":\"https:\\\/\\\/www.salzburgerland.com\\\/de\\\/magazin\\\/wp-content\\\/uploads\\\/2026\\\/08\\\/Zott-c_arne_mueseler_00370.jpg\",\"datePublished\":\"2026-09-04T05:00:00+00:00\",\"breadcrumb\":{\"@id\":\"https:\\\/\\\/www.salzburgerland.com\\\/de\\\/magazin\\\/generationenwechsel-an-der-spitze-des-rockhouse-salzburg\\\/#breadcrumb\"},\"inLanguage\":\"de\",\"potentialAction\":[{\"@type\":\"ReadAction\",\"target\":[\"https:\\\/\\\/www.salzburgerland.com\\\/de\\\/magazin\\\/generationenwechsel-an-der-spitze-des-rockhouse-salzburg\\\/\"]}]},{\"@type\":\"ImageObject\",\"inLanguage\":\"de\",\"@id\":\"https:\\\/\\\/www.salzburgerland.com\\\/de\\\/magazin\\\/generationenwechsel-an-der-spitze-des-rockhouse-salzburg\\\/#primaryimage\",\"url\":\"https:\\\/\\\/www.salzburgerland.com\\\/de\\\/magazin\\\/wp-content\\\/uploads\\\/2026\\\/08\\\/Zott-c_arne_mueseler_00370.jpg\",\"contentUrl\":\"https:\\\/\\\/www.salzburgerland.com\\\/de\\\/magazin\\\/wp-content\\\/uploads\\\/2026\\\/08\\\/Zott-c_arne_mueseler_00370.jpg\",\"width\":2500,\"height\":1667,\"caption\":\"Eine Person wird auf der B\u00fchne vor einem leuchtenden RYCKHOUSE-Schild und unter B\u00fchnenlicht interviewt.\"},{\"@type\":\"BreadcrumbList\",\"@id\":\"https:\\\/\\\/www.salzburgerland.com\\\/de\\\/magazin\\\/generationenwechsel-an-der-spitze-des-rockhouse-salzburg\\\/#breadcrumb\",\"itemListElement\":[{\"@type\":\"ListItem\",\"position\":1,\"name\":\"Startseite\",\"item\":\"https:\\\/\\\/www.salzburgerland.com\\\/de\\\/magazin\\\/\"},{\"@type\":\"ListItem\",\"position\":2,\"name\":\"Kunst &amp; Kultur\",\"item\":\"https:\\\/\\\/www.salzburgerland.com\\\/de\\\/magazin\\\/thema\\\/kunst-kultur\\\/\"},{\"@type\":\"ListItem\",\"position\":3,\"name\":\"Generationenwechsel an der Spitze des Rockhouse Salzburg\"}]},{\"@type\":\"WebSite\",\"@id\":\"https:\\\/\\\/www.salzburgerland.com\\\/de\\\/magazin\\\/#website\",\"url\":\"https:\\\/\\\/www.salzburgerland.com\\\/de\\\/magazin\\\/\",\"name\":\"SalzburgerLand Magazin\",\"description\":\"Geschichten und Interessantes aus dem SalzburgerLand\",\"publisher\":{\"@id\":\"https:\\\/\\\/www.salzburgerland.com\\\/de\\\/magazin\\\/#organization\"},\"potentialAction\":[{\"@type\":\"SearchAction\",\"target\":{\"@type\":\"EntryPoint\",\"urlTemplate\":\"https:\\\/\\\/www.salzburgerland.com\\\/de\\\/magazin\\\/?s={search_term_string}\"},\"query-input\":{\"@type\":\"PropertyValueSpecification\",\"valueRequired\":true,\"valueName\":\"search_term_string\"}}],\"inLanguage\":\"de\"},{\"@type\":\"Organization\",\"@id\":\"https:\\\/\\\/www.salzburgerland.com\\\/de\\\/magazin\\\/#organization\",\"name\":\"SalzburgerLand Tourismus\",\"url\":\"https:\\\/\\\/www.salzburgerland.com\\\/de\\\/magazin\\\/\",\"logo\":{\"@type\":\"ImageObject\",\"inLanguage\":\"de\",\"@id\":\"https:\\\/\\\/www.salzburgerland.com\\\/de\\\/magazin\\\/#\\\/schema\\\/logo\\\/image\\\/\",\"url\":\"https:\\\/\\\/www.salzburgerland.com\\\/de\\\/magazin\\\/wp-content\\\/uploads\\\/2019\\\/06\\\/salzburgerland-logo1.jpg\",\"contentUrl\":\"https:\\\/\\\/www.salzburgerland.com\\\/de\\\/magazin\\\/wp-content\\\/uploads\\\/2019\\\/06\\\/salzburgerland-logo1.jpg\",\"width\":2011,\"height\":866,\"caption\":\"SalzburgerLand Tourismus\"},\"image\":{\"@id\":\"https:\\\/\\\/www.salzburgerland.com\\\/de\\\/magazin\\\/#\\\/schema\\\/logo\\\/image\\\/\"},\"sameAs\":[\"https:\\\/\\\/www.facebook.com\\\/salzburgerland\\\/\",\"https:\\\/\\\/x.com\\\/Salzburgerland\",\"https:\\\/\\\/www.instagram.com\\\/salzburgerland\\\/\",\"https:\\\/\\\/at.linkedin.com\\\/company\\\/salzburgerland-tourismus-gmbh\",\"https:\\\/\\\/www.pinterest.at\\\/salzburgerland\\\/\",\"https:\\\/\\\/www.youtube.com\\\/user\\\/salzburgerland\",\"https:\\\/\\\/de.wikipedia.org\\\/wiki\\\/SalzburgerLand_Tourismus_GmbH\"]},{\"@type\":\"Person\",\"@id\":\"https:\\\/\\\/www.salzburgerland.com\\\/de\\\/magazin\\\/#\\\/schema\\\/person\\\/3cf8bb4ac95e0b72df11b8b53c6ac24b\",\"name\":\"Christian Granbacher-Roth\",\"description\":\"Der geb\u00fcrtige Kitzb\u00fcheler lebt seit knapp 20 Jahren in Salzburg und wohnte dabei schon im n\u00f6rdlichen Flachgau, der Stadt Salzburg und nun im Tennengau. Die zahlreichen Berge und Seen nutzt er gerne f\u00fcr Freizeitaktivit\u00e4ten. Als Genussmensch f\u00fchlt er sich kulturell und kulinarisch im Bundesland Salzburg bestens aufgehoben. An der Paris-Lodron-Universit\u00e4t Salzburg hat Christian das Studium der Publizistik- und Kommunikationswissenschaft sowie das Studium der Politikwissenschaft abgeschlossen. Seit 2007 ist er als Freier Redakteur (unter anderem als Chefredakteur von \u201eECHO \u2013 Salzburgs erstes Nachrichtenmagazin) t\u00e4tig. Dein pers\u00f6nlicher Logenplatz im SalzburgerLand? Davon gibt es viele. Schwer zu sagen, ob die beeindruckenden Berge und die zahlreichen Seen sch\u00f6ner sind als die Altstadtviertel von Salzburg oder Hallein. Dosiger oder Zuagroaster? Geboren und aufgewachsen in Kitzb\u00fchel in Tirol hat mich das Publizistikstudium ab 1999 nach Salzburg gelockt. Nach und nach habe ich das gesamte Bundesland kennen und sch\u00e4tzen gelernt und bin heute sehr froh dar\u00fcber, im sch\u00f6nen Tennengau zu leben. Luxushotel oder Almh\u00fctte? Zuerst ein paar ausgiebige Wanderungen und N\u00e4chte auf einer sch\u00f6nen Almh\u00fctte und dann am besten noch eine Nacht im Wellness-Luxustempel. Erholung muss sein. Mundharmonika oder Stradivari? Eindeutig die Rockgitarre. Die Popkultur sowie moderne und h\u00e4rtere Kl\u00e4nge tun es mir mehr an als volkst\u00fcmliche Musik. Bergschuhe oder Fu\u00dfballschuhe? Wandern bereitet mir Freude. Eine komplexe und herausfordernde Mannschaftssportart wie Fu\u00dfball ist allerdings noch sch\u00f6ner. Bergsee oder Kr\u00e4utergarten? Gr\u00fcnen Daumen habe ich keinen. Einen Sprung in einen kalten Bergsee gibt es da schon eher.\",\"url\":\"https:\\\/\\\/www.salzburgerland.com\\\/de\\\/magazin\\\/author\\\/christian-granbacher\\\/\"}]}<\/script>\n<!-- \/ Yoast SEO Premium plugin. -->","yoast_head_json":{"title":"Generationenwechsel an der Spitze des Rockhouse Salzburg - SalzburgerLand Magazin","robots":{"index":"index","follow":"follow","max-snippet":"max-snippet:-1","max-image-preview":"max-image-preview:large","max-video-preview":"max-video-preview:-1"},"canonical":"https:\/\/www.salzburgerland.com\/de\/magazin\/generationenwechsel-an-der-spitze-des-rockhouse-salzburg\/","og_locale":"de_DE","og_type":"article","og_title":"Generationenwechsel an der Spitze des Rockhouse Salzburg","og_description":"Welche Geschichte verbindet dich mit dem Rockhouse Salzburg? Jonathan \u201eJoni\u201c Zott: Ich bin als Salzburger im Stadtteil Sam aufgewachsen und habe wohl die \u00fcberwiegende Zeit meiner Jugend im Rockhouse verbracht. Sowohl als Besucher bei Konzerten, im Gastgarten oder mit meiner damaligen Band Zufallstreffer im Proberaum 5. Nat\u00fcrlich auch bei unseren ersten Konzerten bei Local Heroes [&hellip;]","og_url":"https:\/\/www.salzburgerland.com\/de\/magazin\/generationenwechsel-an-der-spitze-des-rockhouse-salzburg\/","og_site_name":"SalzburgerLand Magazin","article_publisher":"https:\/\/www.facebook.com\/salzburgerland\/","article_published_time":"2026-09-04T05:00:00+00:00","og_image":[{"width":2500,"height":1667,"url":"https:\/\/www.salzburgerland.com\/de\/magazin\/wp-content\/uploads\/2026\/08\/Zott-c_arne_mueseler_00370.jpg","type":"image\/jpeg"}],"author":"Christian Granbacher-Roth","twitter_card":"summary_large_image","twitter_creator":"@Salzburgerland","twitter_site":"@Salzburgerland","twitter_misc":{"Verfasst von":"Christian Granbacher-Roth","Gesch\u00e4tzte Lesezeit":"8\u00a0Minuten"},"schema":{"@context":"https:\/\/schema.org","@graph":[{"@type":"Article","@id":"https:\/\/www.salzburgerland.com\/de\/magazin\/generationenwechsel-an-der-spitze-des-rockhouse-salzburg\/#article","isPartOf":{"@id":"https:\/\/www.salzburgerland.com\/de\/magazin\/generationenwechsel-an-der-spitze-des-rockhouse-salzburg\/"},"author":{"name":"Christian Granbacher-Roth","@id":"https:\/\/www.salzburgerland.com\/de\/magazin\/#\/schema\/person\/3cf8bb4ac95e0b72df11b8b53c6ac24b"},"headline":"Generationenwechsel an der Spitze des Rockhouse Salzburg","datePublished":"2026-09-04T05:00:00+00:00","mainEntityOfPage":{"@id":"https:\/\/www.salzburgerland.com\/de\/magazin\/generationenwechsel-an-der-spitze-des-rockhouse-salzburg\/"},"wordCount":952,"publisher":{"@id":"https:\/\/www.salzburgerland.com\/de\/magazin\/#organization"},"image":{"@id":"https:\/\/www.salzburgerland.com\/de\/magazin\/generationenwechsel-an-der-spitze-des-rockhouse-salzburg\/#primaryimage"},"thumbnailUrl":"https:\/\/www.salzburgerland.com\/de\/magazin\/wp-content\/uploads\/2026\/08\/Zott-c_arne_mueseler_00370.jpg","articleSection":["Kunst &amp; Kultur"],"inLanguage":"de"},{"@type":"WebPage","@id":"https:\/\/www.salzburgerland.com\/de\/magazin\/generationenwechsel-an-der-spitze-des-rockhouse-salzburg\/","url":"https:\/\/www.salzburgerland.com\/de\/magazin\/generationenwechsel-an-der-spitze-des-rockhouse-salzburg\/","name":"Generationenwechsel an der Spitze des Rockhouse Salzburg - SalzburgerLand Magazin","isPartOf":{"@id":"https:\/\/www.salzburgerland.com\/de\/magazin\/#website"},"primaryImageOfPage":{"@id":"https:\/\/www.salzburgerland.com\/de\/magazin\/generationenwechsel-an-der-spitze-des-rockhouse-salzburg\/#primaryimage"},"image":{"@id":"https:\/\/www.salzburgerland.com\/de\/magazin\/generationenwechsel-an-der-spitze-des-rockhouse-salzburg\/#primaryimage"},"thumbnailUrl":"https:\/\/www.salzburgerland.com\/de\/magazin\/wp-content\/uploads\/2026\/08\/Zott-c_arne_mueseler_00370.jpg","datePublished":"2026-09-04T05:00:00+00:00","breadcrumb":{"@id":"https:\/\/www.salzburgerland.com\/de\/magazin\/generationenwechsel-an-der-spitze-des-rockhouse-salzburg\/#breadcrumb"},"inLanguage":"de","potentialAction":[{"@type":"ReadAction","target":["https:\/\/www.salzburgerland.com\/de\/magazin\/generationenwechsel-an-der-spitze-des-rockhouse-salzburg\/"]}]},{"@type":"ImageObject","inLanguage":"de","@id":"https:\/\/www.salzburgerland.com\/de\/magazin\/generationenwechsel-an-der-spitze-des-rockhouse-salzburg\/#primaryimage","url":"https:\/\/www.salzburgerland.com\/de\/magazin\/wp-content\/uploads\/2026\/08\/Zott-c_arne_mueseler_00370.jpg","contentUrl":"https:\/\/www.salzburgerland.com\/de\/magazin\/wp-content\/uploads\/2026\/08\/Zott-c_arne_mueseler_00370.jpg","width":2500,"height":1667,"caption":"Eine Person wird auf der B\u00fchne vor einem leuchtenden RYCKHOUSE-Schild und unter B\u00fchnenlicht interviewt."},{"@type":"BreadcrumbList","@id":"https:\/\/www.salzburgerland.com\/de\/magazin\/generationenwechsel-an-der-spitze-des-rockhouse-salzburg\/#breadcrumb","itemListElement":[{"@type":"ListItem","position":1,"name":"Startseite","item":"https:\/\/www.salzburgerland.com\/de\/magazin\/"},{"@type":"ListItem","position":2,"name":"Kunst &amp; Kultur","item":"https:\/\/www.salzburgerland.com\/de\/magazin\/thema\/kunst-kultur\/"},{"@type":"ListItem","position":3,"name":"Generationenwechsel an der Spitze des Rockhouse Salzburg"}]},{"@type":"WebSite","@id":"https:\/\/www.salzburgerland.com\/de\/magazin\/#website","url":"https:\/\/www.salzburgerland.com\/de\/magazin\/","name":"SalzburgerLand Magazin","description":"Geschichten und Interessantes aus dem SalzburgerLand","publisher":{"@id":"https:\/\/www.salzburgerland.com\/de\/magazin\/#organization"},"potentialAction":[{"@type":"SearchAction","target":{"@type":"EntryPoint","urlTemplate":"https:\/\/www.salzburgerland.com\/de\/magazin\/?s={search_term_string}"},"query-input":{"@type":"PropertyValueSpecification","valueRequired":true,"valueName":"search_term_string"}}],"inLanguage":"de"},{"@type":"Organization","@id":"https:\/\/www.salzburgerland.com\/de\/magazin\/#organization","name":"SalzburgerLand Tourismus","url":"https:\/\/www.salzburgerland.com\/de\/magazin\/","logo":{"@type":"ImageObject","inLanguage":"de","@id":"https:\/\/www.salzburgerland.com\/de\/magazin\/#\/schema\/logo\/image\/","url":"https:\/\/www.salzburgerland.com\/de\/magazin\/wp-content\/uploads\/2019\/06\/salzburgerland-logo1.jpg","contentUrl":"https:\/\/www.salzburgerland.com\/de\/magazin\/wp-content\/uploads\/2019\/06\/salzburgerland-logo1.jpg","width":2011,"height":866,"caption":"SalzburgerLand Tourismus"},"image":{"@id":"https:\/\/www.salzburgerland.com\/de\/magazin\/#\/schema\/logo\/image\/"},"sameAs":["https:\/\/www.facebook.com\/salzburgerland\/","https:\/\/x.com\/Salzburgerland","https:\/\/www.instagram.com\/salzburgerland\/","https:\/\/at.linkedin.com\/company\/salzburgerland-tourismus-gmbh","https:\/\/www.pinterest.at\/salzburgerland\/","https:\/\/www.youtube.com\/user\/salzburgerland","https:\/\/de.wikipedia.org\/wiki\/SalzburgerLand_Tourismus_GmbH"]},{"@type":"Person","@id":"https:\/\/www.salzburgerland.com\/de\/magazin\/#\/schema\/person\/3cf8bb4ac95e0b72df11b8b53c6ac24b","name":"Christian Granbacher-Roth","description":"Der geb\u00fcrtige Kitzb\u00fcheler lebt seit knapp 20 Jahren in Salzburg und wohnte dabei schon im n\u00f6rdlichen Flachgau, der Stadt Salzburg und nun im Tennengau. Die zahlreichen Berge und Seen nutzt er gerne f\u00fcr Freizeitaktivit\u00e4ten. Als Genussmensch f\u00fchlt er sich kulturell und kulinarisch im Bundesland Salzburg bestens aufgehoben. An der Paris-Lodron-Universit\u00e4t Salzburg hat Christian das Studium der Publizistik- und Kommunikationswissenschaft sowie das Studium der Politikwissenschaft abgeschlossen. Seit 2007 ist er als Freier Redakteur (unter anderem als Chefredakteur von \u201eECHO \u2013 Salzburgs erstes Nachrichtenmagazin) t\u00e4tig. Dein pers\u00f6nlicher Logenplatz im SalzburgerLand? Davon gibt es viele. Schwer zu sagen, ob die beeindruckenden Berge und die zahlreichen Seen sch\u00f6ner sind als die Altstadtviertel von Salzburg oder Hallein. Dosiger oder Zuagroaster? Geboren und aufgewachsen in Kitzb\u00fchel in Tirol hat mich das Publizistikstudium ab 1999 nach Salzburg gelockt. Nach und nach habe ich das gesamte Bundesland kennen und sch\u00e4tzen gelernt und bin heute sehr froh dar\u00fcber, im sch\u00f6nen Tennengau zu leben. Luxushotel oder Almh\u00fctte? Zuerst ein paar ausgiebige Wanderungen und N\u00e4chte auf einer sch\u00f6nen Almh\u00fctte und dann am besten noch eine Nacht im Wellness-Luxustempel. Erholung muss sein. Mundharmonika oder Stradivari? Eindeutig die Rockgitarre. Die Popkultur sowie moderne und h\u00e4rtere Kl\u00e4nge tun es mir mehr an als volkst\u00fcmliche Musik. Bergschuhe oder Fu\u00dfballschuhe? Wandern bereitet mir Freude. Eine komplexe und herausfordernde Mannschaftssportart wie Fu\u00dfball ist allerdings noch sch\u00f6ner. Bergsee oder Kr\u00e4utergarten? Gr\u00fcnen Daumen habe ich keinen. Einen Sprung in einen kalten Bergsee gibt es da schon eher.","url":"https:\/\/www.salzburgerland.com\/de\/magazin\/author\/christian-granbacher\/"}]}},"_wl_alt_label":[],"wl:entity_url":"http:\/\/open.salzburgerland.com\/magazin\/post\/generationenwechsel-an-der-spitze-des-rockhouse-salzburg-188192","_links":{"self":[{"href":"https:\/\/www.salzburgerland.com\/de\/magazin\/wp-json\/wp\/v2\/posts\/188192","targetHints":{"allow":["GET"]}}],"collection":[{"href":"https:\/\/www.salzburgerland.com\/de\/magazin\/wp-json\/wp\/v2\/posts"}],"about":[{"href":"https:\/\/www.salzburgerland.com\/de\/magazin\/wp-json\/wp\/v2\/types\/post"}],"author":[{"embeddable":true,"href":"https:\/\/www.salzburgerland.com\/de\/magazin\/wp-json\/wp\/v2\/users\/552"}],"replies":[{"embeddable":true,"href":"https:\/\/www.salzburgerland.com\/de\/magazin\/wp-json\/wp\/v2\/comments?post=188192"}],"version-history":[{"count":2,"href":"https:\/\/www.salzburgerland.com\/de\/magazin\/wp-json\/wp\/v2\/posts\/188192\/revisions"}],"predecessor-version":[{"id":188216,"href":"https:\/\/www.salzburgerland.com\/de\/magazin\/wp-json\/wp\/v2\/posts\/188192\/revisions\/188216"}],"wp:featuredmedia":[{"embeddable":true,"href":"https:\/\/www.salzburgerland.com\/de\/magazin\/wp-json\/wp\/v2\/media\/188193"}],"wp:attachment":[{"href":"https:\/\/www.salzburgerland.com\/de\/magazin\/wp-json\/wp\/v2\/media?parent=188192"}],"wp:term":[{"taxonomy":"category","embeddable":true,"href":"https:\/\/www.salzburgerland.com\/de\/magazin\/wp-json\/wp\/v2\/categories?post=188192"},{"taxonomy":"post_tag","embeddable":true,"href":"https:\/\/www.salzburgerland.com\/de\/magazin\/wp-json\/wp\/v2\/tags?post=188192"},{"taxonomy":"wl_entity_type","embeddable":true,"href":"https:\/\/www.salzburgerland.com\/de\/magazin\/wp-json\/wp\/v2\/wl_entity_type?post=188192"},{"taxonomy":"monatsauswahl","embeddable":true,"href":"https:\/\/www.salzburgerland.com\/de\/magazin\/wp-json\/wp\/v2\/monatsauswahl?post=188192"}],"curies":[{"name":"wp","href":"https:\/\/api.w.org\/{rel}","templated":true}]}}