{"id":188170,"date":"2026-09-01T07:00:00","date_gmt":"2026-09-01T05:00:00","guid":{"rendered":"https:\/\/www.salzburgerland.com\/de\/magazin\/?p=188170"},"modified":"2026-08-27T10:52:34","modified_gmt":"2026-08-27T08:52:34","slug":"radtour-und-wanderung-zur-neuen-fuerther-huette","status":"publish","type":"post","link":"https:\/\/www.salzburgerland.com\/de\/magazin\/radtour-und-wanderung-zur-neuen-fuerther-huette\/","title":{"rendered":"Radtour und Wanderung zur Neuen F\u00fcrther H\u00fctte"},"content":{"rendered":"\n<div class=\"wp-block-slt-top topBlocks\">\n<h2 class=\"wp-block-slt-subtitle\">Ein Tag im Hollersbachtal<\/h2>\n\n\n\n<p class=\"wp-block-slt-intro\">Das Hollersbachtal im Oberpinzgau nahe Mittersill eignet sich sowohl als Ziel f\u00fcr eine Radtour als auch f\u00fcr unz\u00e4hlige Wanderungen. Warum also nicht einmal beides kombinieren? Das habe ich mir zu Herzen genommen: Ich bin mit dem Rad von Uttendorf bis zum Talschluss gefahren und habe den Ausflug mit einer Wanderung zur Neuen F\u00fcrther H\u00fctte abgerundet. Hier einige der Highlights eines au\u00dfergew\u00f6hnlichen Tages.<\/p>\n<\/div>\n\n\n\n<p>09:00 Uhr:<strong> <\/strong>Ich sitze auf dem Fahrrad und fahre den Tauernradweg die Salzach entlang. Die gut 10 km von Uttendorf habe ich bereits zur\u00fcckgelegt. Vor mir sehe ich den Ort Hollersbach mit seiner Kirche und links das Hollersbachtal \u2013 das Ziel meines heutigen Ausflugs.<\/p>\n\n\n\n<p>09:30 Uhr: Kurz nachdem ich in Richtung Hollersbachtal abgebogen bin, geht es gleich bergauf vorbei an Parkpl\u00e4tzen bis zu einem Nationalparkzentrum, wo der gestaute Hollersbach einen See bildet. Hier befindet sich auch ein kleiner Schranken. Von jetzt an bin ich also nur mehr auf einer Forststra\u00dfe ohne Individualverkehr unterwegs (es gibt allerdings die M\u00f6glichkeit, mit einem Taxi in das Tal zu fahren).<\/p>\n\n\n\n<p>10:00 Uhr: Nachdem ich an einigen B\u00e4nken, einem Holzkreuz und einem Hinweisschild \u00abNationalpark-Au\u00dfenzone\u00bb vorbeigefahren bin, er\u00f6ffnet sich nach einer kurzen Bergabfahrt zum ersten Mal das volle Panorama des Hollersbachtals mit dem Larmkogel \u2013 einem Dreitausender \u2013\u00a0als imposantem H\u00f6hepunkt.<\/p>\n\n\n\n<figure class=\"wp-block-image size-full\"><img loading=\"lazy\" decoding=\"async\" width=\"2560\" height=\"1920\" src=\"https:\/\/www.salzburgerland.com\/de\/magazin\/wp-content\/uploads\/2026\/08\/IMG_9580-scaled.jpg\" alt=\"Eine Schotterstra\u00dfe f\u00fchrt an einer H\u00fctte vorbei durch ein gr\u00fcnes Tal, umgeben von Bergen unter einem strahlend blauen Himmel.\" class=\"wp-image-188171\" srcset=\"https:\/\/www.salzburgerland.com\/de\/magazin\/wp-content\/uploads\/2026\/08\/IMG_9580-scaled.jpg 2560w, https:\/\/www.salzburgerland.com\/de\/magazin\/wp-content\/uploads\/2026\/08\/IMG_9580-300x225.jpg 300w, https:\/\/www.salzburgerland.com\/de\/magazin\/wp-content\/uploads\/2026\/08\/IMG_9580-1536x1152.jpg 1536w, https:\/\/www.salzburgerland.com\/de\/magazin\/wp-content\/uploads\/2026\/08\/IMG_9580-2048x1536.jpg 2048w, https:\/\/www.salzburgerland.com\/de\/magazin\/wp-content\/uploads\/2026\/08\/IMG_9580-733x550.jpg 733w, https:\/\/www.salzburgerland.com\/de\/magazin\/wp-content\/uploads\/2026\/08\/IMG_9580-140x105.jpg 140w, https:\/\/www.salzburgerland.com\/de\/magazin\/wp-content\/uploads\/2026\/08\/IMG_9580-533x400.jpg 533w, https:\/\/www.salzburgerland.com\/de\/magazin\/wp-content\/uploads\/2026\/08\/IMG_9580-960x720.jpg 960w, https:\/\/www.salzburgerland.com\/de\/magazin\/wp-content\/uploads\/2026\/08\/IMG_9580-1320x990.jpg 1320w, https:\/\/www.salzburgerland.com\/de\/magazin\/wp-content\/uploads\/2026\/08\/IMG_9580-1200x900.jpg 1200w, https:\/\/www.salzburgerland.com\/de\/magazin\/wp-content\/uploads\/2026\/08\/IMG_9580-150x113.jpg 150w\" sizes=\"auto, (max-width: 2560px) 100vw, 2560px\" \/><\/figure>\n\n\n\n<p>10:45 Uhr: Nach einigen weiteren Kilometern m\u00fchevollen Tretens ist die <a href=\"https:\/\/www.salzburgerland.com\/de\/huettenurlaub-bewirtschaftete-huetten\/pois\/SBG\/707805aa-d0fe-415a-8f46-47218b2a66a5\/senninger-alm-1-132-m---huettenurlaub-salzburgerland\" target=\"_blank\" rel=\"noreferrer noopener\">Senningeralm<\/a> der ideale Ort f\u00fcr eine kurze Kaffeepause.<\/p>\n\n\n\n<p>12:15 Uhr: Die Ofneralm auf gut 1.500 Meter mit dem Hinweisschild \u00ab<a href=\"https:\/\/www.salzburgerland.com\/de\/magazin\/hohe-tauern-bike-trail\/\" target=\"_blank\" rel=\"noreferrer noopener\">Ziel Hohe Tauern Bike Trail<\/a>\u00bb ist erreicht. Die Alm ist nicht mehr bewirtschaftet, eine schattige Bank ist f\u00fcr mich aber die ideale Gelegenheit, meine wohlverdiente Jause zu genie\u00dfen.<\/p>\n\n\n<div class=\"mag-gallery\"><div class=\"row\"><div class=\"col-6 col-sm-4\"><figure><a class=\"thumb-container\" href=\"https:\/\/www.salzburgerland.com\/de\/magazin\/wp-content\/uploads\/2026\/08\/IMG_9591-1-1280x1024.jpg\">\t<picture><source media=\"(min-width: 576px)\" srcset=\"https:\/\/www.salzburgerland.com\/de\/magazin\/wp-content\/uploads\/2026\/08\/IMG_9591-1-418x650.jpg 418w, https:\/\/www.salzburgerland.com\/de\/magazin\/wp-content\/uploads\/2026\/08\/IMG_9591-1-209x325.jpg 209w\"><\/source><source media=\"(min-width: 0)\" srcset=\"https:\/\/www.salzburgerland.com\/de\/magazin\/wp-content\/uploads\/2026\/08\/IMG_9591-1-209x325.jpg 209w, https:\/\/www.salzburgerland.com\/de\/magazin\/wp-content\/uploads\/2026\/08\/IMG_9591-1-418x650.jpg 418w\"><\/source><img decoding=\"async\" alt=\"\" src=\"https:\/\/www.salzburgerland.com\/de\/magazin\/wp-content\/uploads\/2026\/08\/IMG_9591-1-scaled.jpg\">\t<\/picture><figcaption>&copy; Mathias Steger<\/figcaption><\/a><\/figure><\/div><div class=\"col-6 col-sm-4\"><figure><a class=\"thumb-container\" href=\"https:\/\/www.salzburgerland.com\/de\/magazin\/wp-content\/uploads\/2026\/08\/IMG_9603-1280x1024.jpg\">\t<picture><source media=\"(min-width: 576px)\" srcset=\"https:\/\/www.salzburgerland.com\/de\/magazin\/wp-content\/uploads\/2026\/08\/IMG_9603-418x650.jpg 418w, https:\/\/www.salzburgerland.com\/de\/magazin\/wp-content\/uploads\/2026\/08\/IMG_9603-209x325.jpg 209w\"><\/source><source media=\"(min-width: 0)\" srcset=\"https:\/\/www.salzburgerland.com\/de\/magazin\/wp-content\/uploads\/2026\/08\/IMG_9603-209x325.jpg 209w, https:\/\/www.salzburgerland.com\/de\/magazin\/wp-content\/uploads\/2026\/08\/IMG_9603-418x650.jpg 418w\"><\/source><img decoding=\"async\" alt=\"Ein gewundener Weg schl&auml;ngelt sich durch ein gr&uuml;nes Tal, im Hintergrund sind Berge und der blaue Himmel zu sehen, w&auml;hrend die Sonne hell scheint.\" src=\"https:\/\/www.salzburgerland.com\/de\/magazin\/wp-content\/uploads\/2026\/08\/IMG_9603-scaled.jpg\">\t<\/picture><figcaption>&copy; Mathias Steger<\/figcaption><\/a><\/figure><\/div><div class=\"col-6 col-sm-4\"><figure><a class=\"thumb-container\" href=\"https:\/\/www.salzburgerland.com\/de\/magazin\/wp-content\/uploads\/2026\/08\/IMG_9613-1280x1024.jpg\">\t<picture><source media=\"(min-width: 576px)\" srcset=\"https:\/\/www.salzburgerland.com\/de\/magazin\/wp-content\/uploads\/2026\/08\/IMG_9613-418x650.jpg 418w, https:\/\/www.salzburgerland.com\/de\/magazin\/wp-content\/uploads\/2026\/08\/IMG_9613-209x325.jpg 209w\"><\/source><source media=\"(min-width: 0)\" srcset=\"https:\/\/www.salzburgerland.com\/de\/magazin\/wp-content\/uploads\/2026\/08\/IMG_9613-209x325.jpg 209w, https:\/\/www.salzburgerland.com\/de\/magazin\/wp-content\/uploads\/2026\/08\/IMG_9613-418x650.jpg 418w\"><\/source><img decoding=\"async\" alt=\"\" src=\"https:\/\/www.salzburgerland.com\/de\/magazin\/wp-content\/uploads\/2026\/08\/IMG_9613-scaled.jpg\">\t<\/picture><figcaption>&copy; Mathias Steger<\/figcaption><\/a><\/figure><\/div><\/div><figcaption><\/figcaption><\/div>\n\n\n\n<p>13:00 Uhr: Der Talschluss des Hollersbachtals liegt nun vor mir. Es ist an der Zeit, mein Fahrrad abzustellen, die Schuhe zu wechseln und mit der Wanderung in Richtung Neue F\u00fcrther H\u00fctte zu starten.<\/p>\n\n\n\n<p>14:00 Uhr: Nach einigen hundert H\u00f6henmetern erreiche ich auf ca. 1&#8217;900 Metern ein idyllisches H\u00f6henplateau mit einem steinernen Feuerwehr-Denkmal, das dar\u00fcber thront. Der Blick auf die sattgr\u00fcne Landschaft des Hollersbachtals und die umliegenden Bergh\u00e4nge ber\u00fchrt mich.<\/p>\n\n\n\n<p>14:45 Uhr: Nachdem ich eine Br\u00fccke \u00fcberquert habe und dem mit Steinen gepflasterten Weg weiter gefolgt bin, erblicke ich nun zum ersten Mal die Silhouette der Neuen F\u00fcrther H\u00fctte \u2013 das Ziel meines Ausflugs.<\/p>\n\n\n\n<figure class=\"wp-block-image size-full\"><img loading=\"lazy\" decoding=\"async\" width=\"2560\" height=\"1920\" src=\"https:\/\/www.salzburgerland.com\/de\/magazin\/wp-content\/uploads\/2026\/08\/IMG_9641-scaled.jpg\" alt=\"IMG_9641\" class=\"wp-image-188188\" srcset=\"https:\/\/www.salzburgerland.com\/de\/magazin\/wp-content\/uploads\/2026\/08\/IMG_9641-scaled.jpg 2560w, https:\/\/www.salzburgerland.com\/de\/magazin\/wp-content\/uploads\/2026\/08\/IMG_9641-300x225.jpg 300w, https:\/\/www.salzburgerland.com\/de\/magazin\/wp-content\/uploads\/2026\/08\/IMG_9641-1536x1152.jpg 1536w, https:\/\/www.salzburgerland.com\/de\/magazin\/wp-content\/uploads\/2026\/08\/IMG_9641-2048x1536.jpg 2048w, https:\/\/www.salzburgerland.com\/de\/magazin\/wp-content\/uploads\/2026\/08\/IMG_9641-733x550.jpg 733w, https:\/\/www.salzburgerland.com\/de\/magazin\/wp-content\/uploads\/2026\/08\/IMG_9641-140x105.jpg 140w, https:\/\/www.salzburgerland.com\/de\/magazin\/wp-content\/uploads\/2026\/08\/IMG_9641-533x400.jpg 533w, https:\/\/www.salzburgerland.com\/de\/magazin\/wp-content\/uploads\/2026\/08\/IMG_9641-960x720.jpg 960w, https:\/\/www.salzburgerland.com\/de\/magazin\/wp-content\/uploads\/2026\/08\/IMG_9641-1320x990.jpg 1320w, https:\/\/www.salzburgerland.com\/de\/magazin\/wp-content\/uploads\/2026\/08\/IMG_9641-1200x900.jpg 1200w, https:\/\/www.salzburgerland.com\/de\/magazin\/wp-content\/uploads\/2026\/08\/IMG_9641-150x113.jpg 150w\" sizes=\"auto, (max-width: 2560px) 100vw, 2560px\" \/><figcaption class=\"wp-element-caption\">\u00a9 Mathias Steger<\/figcaption><\/figure>\n\n\n\n<p>15:00 Uhr: Die Neue F\u00fcrther H\u00fctte ist erreicht. Der Rundblick ist gewaltig: Auf der einen Seite der funkelnde Kratzenbergsee und der <a href=\"https:\/\/www.salzburgerland.com\/de\/magazin\/3-000er-gipfel-im-salzburgerland\/\" target=\"_blank\" rel=\"noreferrer noopener\">Larmkogel<\/a> mit seinen \u00fcber 3.000 Metern, auf der anderen Seite das Hollersbachtal bis hin zu den Kitzb\u00fcheler Alpen und zum majest\u00e4tischen Wilden Kaiser als Kulisse. Die Sitzb\u00e4nke laden dazu ein, Platz zu nehmen und das Panorama zu genie\u00dfen.<\/p>\n\n\n\n<p>15:30 Uhr: Die Spinatkn\u00f6del schmecken hervorragend. Ich merke, mit wie viel Leidenschaft der gut gelaunte H\u00fcttenwirt Michiel aus Belgien seine H\u00fctte betreut. Sein Pinzgauer Dialekt l\u00e4sst dabei kaum vermuten, dass er urspr\u00fcnglich aus Belgien stammt. Er empf\u00e4ngt seine G\u00e4ste herzlich und ist immer f\u00fcr ein Sp\u00e4\u00dfchen zu haben.<\/p>\n\n\n<div class=\"mag-gallery\"><div class=\"row\"><div class=\"col-6 col-sm-4\"><figure><a class=\"thumb-container\" href=\"https:\/\/www.salzburgerland.com\/de\/magazin\/wp-content\/uploads\/2026\/08\/IMG_9661-1280x1024.jpg\">\t<picture><source media=\"(min-width: 576px)\" srcset=\"https:\/\/www.salzburgerland.com\/de\/magazin\/wp-content\/uploads\/2026\/08\/IMG_9661-325x209.jpg 325w, https:\/\/www.salzburgerland.com\/de\/magazin\/wp-content\/uploads\/2026\/08\/IMG_9661-249x160.jpg 249w\"><\/source><source media=\"(min-width: 0)\" srcset=\"https:\/\/www.salzburgerland.com\/de\/magazin\/wp-content\/uploads\/2026\/08\/IMG_9661-249x160.jpg 249w, https:\/\/www.salzburgerland.com\/de\/magazin\/wp-content\/uploads\/2026\/08\/IMG_9661-325x209.jpg 325w\"><\/source><img decoding=\"async\" alt=\"Von einer Holzbank aus hat man einen Blick auf einen Bergsee mit sonnenbeschienenen, gr&uuml;nen H&uuml;geln und felsigen Gipfeln unter blauem Himmel.\" src=\"https:\/\/www.salzburgerland.com\/de\/magazin\/wp-content\/uploads\/2026\/08\/IMG_9661-scaled.jpg\">\t<\/picture><figcaption>&copy; Mathias Steger<\/figcaption><\/a><\/figure><\/div><div class=\"col-6 col-sm-4\"><figure><a class=\"thumb-container\" href=\"https:\/\/www.salzburgerland.com\/de\/magazin\/wp-content\/uploads\/2026\/08\/IMG_9667-1280x1024.jpg\">\t<picture><source media=\"(min-width: 576px)\" srcset=\"https:\/\/www.salzburgerland.com\/de\/magazin\/wp-content\/uploads\/2026\/08\/IMG_9667-325x209.jpg 325w, https:\/\/www.salzburgerland.com\/de\/magazin\/wp-content\/uploads\/2026\/08\/IMG_9667-249x160.jpg 249w\"><\/source><source media=\"(min-width: 0)\" srcset=\"https:\/\/www.salzburgerland.com\/de\/magazin\/wp-content\/uploads\/2026\/08\/IMG_9667-249x160.jpg 249w, https:\/\/www.salzburgerland.com\/de\/magazin\/wp-content\/uploads\/2026\/08\/IMG_9667-325x209.jpg 325w\"><\/source><img decoding=\"async\" alt=\"Eine kleine Holzh&uuml;tte und eine Kapelle stehen auf einem grasbewachsenen Hang, im Hintergrund ragen felsige Berge empor, &uuml;ber ihnen erstreckt sich ein klarer Himmel.\" src=\"https:\/\/www.salzburgerland.com\/de\/magazin\/wp-content\/uploads\/2026\/08\/IMG_9667-scaled.jpg\">\t<\/picture><figcaption>&copy; Mathias Steger<\/figcaption><\/a><\/figure><\/div><div class=\"col-6 col-sm-4\"><figure><a class=\"thumb-container\" href=\"https:\/\/www.salzburgerland.com\/de\/magazin\/wp-content\/uploads\/2026\/08\/IMG_9669-1280x1024.jpg\">\t<picture><source media=\"(min-width: 576px)\" srcset=\"https:\/\/www.salzburgerland.com\/de\/magazin\/wp-content\/uploads\/2026\/08\/IMG_9669-325x209.jpg 325w, https:\/\/www.salzburgerland.com\/de\/magazin\/wp-content\/uploads\/2026\/08\/IMG_9669-249x160.jpg 249w\"><\/source><source media=\"(min-width: 0)\" srcset=\"https:\/\/www.salzburgerland.com\/de\/magazin\/wp-content\/uploads\/2026\/08\/IMG_9669-249x160.jpg 249w, https:\/\/www.salzburgerland.com\/de\/magazin\/wp-content\/uploads\/2026\/08\/IMG_9669-325x209.jpg 325w\"><\/source><img decoding=\"async\" alt=\"Eine Steinh&uuml;tte in der N&auml;he eines kleinen Teiches steht unter einem bewachsenen Berghang vor einem blauen Himmel mit Wolken.\" src=\"https:\/\/www.salzburgerland.com\/de\/magazin\/wp-content\/uploads\/2026\/08\/IMG_9669-scaled.jpg\">\t<\/picture><figcaption>&copy; Mathias Steger<\/figcaption><\/a><\/figure><\/div><\/div><figcaption><\/figcaption><\/div>\n\n\n\n<p>16:30 Uhr: Wenn bei einer Wanderung schon ein so herrlicher Bergsee auf dem Weg liegt, darf ein kurzer Sprung ins Wasser nicht fehlen. Ein kleiner Felsvorsprung wirkt fast wie eine Klippe am Meer und w\u00fcrde sich vielleicht f\u00fcr einen Sprung eignen. Ich entscheide mich dann aber doch f\u00fcr die unkomplizierte Variante und steige einfach ins Wasser. Der Kratzenbergsee ist zwar ziemlich kalt \u2013 aber was macht das schon bei diesen Temperaturen und vor dieser grandiosen Kulisse?<\/p>\n\n\n\n<figure class=\"wp-block-image size-full\"><img loading=\"lazy\" decoding=\"async\" width=\"2560\" height=\"1920\" src=\"https:\/\/www.salzburgerland.com\/de\/magazin\/wp-content\/uploads\/2026\/08\/IMG_9680-scaled.jpg\" alt=\"Ein klarer See mit t\u00fcrkisfarbenem Wasser, grasbewachsenem Ufer, felsigen Bergen im Hintergrund und blauem Himmel mit vereinzelten Wolken.\" class=\"wp-image-188186\" srcset=\"https:\/\/www.salzburgerland.com\/de\/magazin\/wp-content\/uploads\/2026\/08\/IMG_9680-scaled.jpg 2560w, https:\/\/www.salzburgerland.com\/de\/magazin\/wp-content\/uploads\/2026\/08\/IMG_9680-300x225.jpg 300w, https:\/\/www.salzburgerland.com\/de\/magazin\/wp-content\/uploads\/2026\/08\/IMG_9680-1536x1152.jpg 1536w, https:\/\/www.salzburgerland.com\/de\/magazin\/wp-content\/uploads\/2026\/08\/IMG_9680-2048x1536.jpg 2048w, https:\/\/www.salzburgerland.com\/de\/magazin\/wp-content\/uploads\/2026\/08\/IMG_9680-733x550.jpg 733w, https:\/\/www.salzburgerland.com\/de\/magazin\/wp-content\/uploads\/2026\/08\/IMG_9680-140x105.jpg 140w, https:\/\/www.salzburgerland.com\/de\/magazin\/wp-content\/uploads\/2026\/08\/IMG_9680-533x400.jpg 533w, https:\/\/www.salzburgerland.com\/de\/magazin\/wp-content\/uploads\/2026\/08\/IMG_9680-960x720.jpg 960w, https:\/\/www.salzburgerland.com\/de\/magazin\/wp-content\/uploads\/2026\/08\/IMG_9680-1320x990.jpg 1320w, https:\/\/www.salzburgerland.com\/de\/magazin\/wp-content\/uploads\/2026\/08\/IMG_9680-1200x900.jpg 1200w, https:\/\/www.salzburgerland.com\/de\/magazin\/wp-content\/uploads\/2026\/08\/IMG_9680-150x113.jpg 150w\" sizes=\"auto, (max-width: 2560px) 100vw, 2560px\" \/><figcaption class=\"wp-element-caption\">\u00a9 Mathias Steger<\/figcaption><\/figure>\n\n\n\n<p>17:15 Uhr: Als ich meinen Kaffee trinke, ruft eine Besucherin aus Bayern dem Personal zu, es sei hier so sch\u00f6n, dass sie am liebsten gar nicht mehr ins Tal zur\u00fcckkehren m\u00f6chte. So \u00e4hnlich geht es mir auch. Dennoch trete ich langsam die R\u00fcckreise an und bin um 20:00 Uhr wieder zu Hause \u2013 mit m\u00fcden Beinen, aber voller Eindr\u00fccke von diesem besonderen Tag.<\/p>\n\n\n\n<h2 class=\"wp-block-heading\" id=\"h-uber-die-neue-further-hutte\">\u00dcber die Neue F\u00fcrther H\u00fctte<\/h2>\n\n\n\n<p>Die Neue F\u00fcrther H\u00fctte liegt auf 2.200 m. Auf der H\u00fctte gibt es gute Hausmannskost, von Kaspresskn\u00f6deln bis hin zu Kasnock\u2018n, sowie die M\u00f6glichkeit, in Lagern oder Mehrbettzimmern zu \u00fcbernachten. Die beliebteste Tour von dort ist jene zum Larmkogel, einem relativ einfach zug\u00e4nglichen 3&#8217;000er. Die fast 100-j\u00e4hrige Bergunterkunft soll in den n\u00e4chsten Jahren renoviert werden. Dabei sollen auch die Materialseilbahn sowie die Stromversorgung erneuert werden.<\/p>\n\n\n\n<figure class=\"wp-block-image size-full\"><img loading=\"lazy\" decoding=\"async\" width=\"1600\" height=\"1066\" src=\"https:\/\/www.salzburgerland.com\/de\/magazin\/wp-content\/uploads\/2026\/08\/WhatsApp-Image-2026-08-26-at-17.14.10.jpeg\" alt=\"Sechs Menschen posieren gemeinsam auf einer Bank in einer gr\u00fcnen Berglandschaft unter strahlend blauem Himmel.\" class=\"wp-image-188184\" srcset=\"https:\/\/www.salzburgerland.com\/de\/magazin\/wp-content\/uploads\/2026\/08\/WhatsApp-Image-2026-08-26-at-17.14.10.jpeg 1600w, https:\/\/www.salzburgerland.com\/de\/magazin\/wp-content\/uploads\/2026\/08\/WhatsApp-Image-2026-08-26-at-17.14.10-300x200.jpeg 300w, https:\/\/www.salzburgerland.com\/de\/magazin\/wp-content\/uploads\/2026\/08\/WhatsApp-Image-2026-08-26-at-17.14.10-1536x1023.jpeg 1536w, https:\/\/www.salzburgerland.com\/de\/magazin\/wp-content\/uploads\/2026\/08\/WhatsApp-Image-2026-08-26-at-17.14.10-826x550.jpeg 826w, https:\/\/www.salzburgerland.com\/de\/magazin\/wp-content\/uploads\/2026\/08\/WhatsApp-Image-2026-08-26-at-17.14.10-600x400.jpeg 600w, https:\/\/www.salzburgerland.com\/de\/magazin\/wp-content\/uploads\/2026\/08\/WhatsApp-Image-2026-08-26-at-17.14.10-1320x879.jpeg 1320w, https:\/\/www.salzburgerland.com\/de\/magazin\/wp-content\/uploads\/2026\/08\/WhatsApp-Image-2026-08-26-at-17.14.10-150x100.jpeg 150w\" sizes=\"auto, (max-width: 1600px) 100vw, 1600px\" \/><figcaption class=\"wp-element-caption\">Das Team der Neuen F\u00fcrther H\u00fctte \u00a9 Danijel Jovanovic<\/figcaption><\/figure>\n\n\n\n<p>Die H\u00fctte ist bei guten Wetterbedingungen von Mitte Mai bis Ende September ge\u00f6ffnet. Weitere Informationen auf der Webseite der Neuen F\u00fcrther H\u00fctte: <a href=\"https:\/\/www.fuerther-huette.at\/\" target=\"_blank\" rel=\"noreferrer noopener\">https:\/\/www.fuerther-huette.at\/<\/a><\/p>\n","protected":false},"excerpt":{"rendered":"<p>09:00 Uhr: Ich sitze auf dem Fahrrad und fahre den Tauernradweg die Salzach entlang. Die gut 10 km von Uttendorf habe ich bereits zur\u00fcckgelegt. Vor mir sehe ich den Ort Hollersbach mit seiner Kirche und links das Hollersbachtal \u2013 das Ziel meines heutigen Ausflugs. 09:30 Uhr: Kurz nachdem ich in Richtung Hollersbachtal abgebogen bin, geht [&hellip;]<\/p>\n","protected":false},"author":604,"featured_media":188178,"comment_status":"closed","ping_status":"closed","sticky":false,"template":"","format":"standard","meta":{"_acf_changed":false,"wl_entities_gutenberg":"","_wl_entity_redirect_enabled":"","footnotes":""},"categories":[8],"tags":[8060,189,192,190],"wl_entity_type":[306],"monatsauswahl":[88,89,90],"class_list":["post-188170","post","type-post","status-publish","format-standard","has-post-thumbnail","hentry","category-outdoor-sport","tag-hollersbach","tag-hollersbachtal","tag-larmkogel","tag-neue-further-hutte","wl_entity_type-article","monatsauswahl-monat_7","monatsauswahl-monat_8","monatsauswahl-monat_9"],"acf":[],"yoast_head":"<!-- This site is optimized with the Yoast SEO Premium plugin v28.2 (Yoast SEO v28.2) - https:\/\/yoast.com\/product\/yoast-seo-premium-wordpress\/ -->\n<title>Radtour und Wanderung zur Neuen F\u00fcrther H\u00fctte - SalzburgerLand Magazin<\/title>\n<meta name=\"description\" content=\"Ich bin mit dem Rad von Uttendorf bis zum Talschluss gefahren und habe den Ausflug mit einer Wanderung zur Neuen F\u00fcrther H\u00fctte abgerundet. Hier einige der Highlights.\" \/>\n<meta name=\"robots\" content=\"index, follow, max-snippet:-1, max-image-preview:large, max-video-preview:-1\" \/>\n<link rel=\"canonical\" href=\"https:\/\/www.salzburgerland.com\/de\/magazin\/radtour-und-wanderung-zur-neuen-fuerther-huette\/\" \/>\n<meta property=\"og:locale\" content=\"de_DE\" \/>\n<meta property=\"og:type\" content=\"article\" \/>\n<meta property=\"og:title\" content=\"Radtour und Wanderung zur Neuen F\u00fcrther H\u00fctte\" \/>\n<meta property=\"og:description\" content=\"Ich bin mit dem Rad von Uttendorf bis zum Talschluss gefahren und habe den Ausflug mit einer Wanderung zur Neuen F\u00fcrther H\u00fctte abgerundet. Hier einige der Highlights.\" \/>\n<meta property=\"og:url\" content=\"https:\/\/www.salzburgerland.com\/de\/magazin\/radtour-und-wanderung-zur-neuen-fuerther-huette\/\" \/>\n<meta property=\"og:site_name\" content=\"SalzburgerLand Magazin\" \/>\n<meta property=\"article:publisher\" content=\"https:\/\/www.facebook.com\/salzburgerland\/\" \/>\n<meta property=\"article:published_time\" content=\"2026-09-01T05:00:00+00:00\" \/>\n<meta property=\"og:image\" content=\"https:\/\/www.salzburgerland.com\/de\/magazin\/wp-content\/uploads\/2026\/08\/IMG_9655-scaled.jpg\" \/>\n\t<meta property=\"og:image:width\" content=\"2560\" \/>\n\t<meta property=\"og:image:height\" content=\"1920\" \/>\n\t<meta property=\"og:image:type\" content=\"image\/jpeg\" \/>\n<meta name=\"author\" content=\"Mathias Steger\" \/>\n<meta name=\"twitter:card\" content=\"summary_large_image\" \/>\n<meta name=\"twitter:creator\" content=\"@Salzburgerland\" \/>\n<meta name=\"twitter:site\" content=\"@Salzburgerland\" \/>\n<meta name=\"twitter:label1\" content=\"Verfasst von\" \/>\n\t<meta name=\"twitter:data1\" content=\"Mathias Steger\" \/>\n\t<meta name=\"twitter:label2\" content=\"Gesch\u00e4tzte Lesezeit\" \/>\n\t<meta name=\"twitter:data2\" content=\"7\u00a0Minuten\" \/>\n<script type=\"application\/ld+json\" class=\"yoast-schema-graph\">{\"@context\":\"https:\\\/\\\/schema.org\",\"@graph\":[{\"@type\":\"Article\",\"@id\":\"https:\\\/\\\/www.salzburgerland.com\\\/de\\\/magazin\\\/radtour-und-wanderung-zur-neuen-fuerther-huette\\\/#article\",\"isPartOf\":{\"@id\":\"https:\\\/\\\/www.salzburgerland.com\\\/de\\\/magazin\\\/radtour-und-wanderung-zur-neuen-fuerther-huette\\\/\"},\"author\":{\"name\":\"Mathias Steger\",\"@id\":\"https:\\\/\\\/www.salzburgerland.com\\\/de\\\/magazin\\\/#\\\/schema\\\/person\\\/f4e038db32f01edbfd99a2f4c915df81\"},\"headline\":\"Radtour und Wanderung zur Neuen F\u00fcrther H\u00fctte\",\"datePublished\":\"2026-09-01T05:00:00+00:00\",\"mainEntityOfPage\":{\"@id\":\"https:\\\/\\\/www.salzburgerland.com\\\/de\\\/magazin\\\/radtour-und-wanderung-zur-neuen-fuerther-huette\\\/\"},\"wordCount\":793,\"publisher\":{\"@id\":\"https:\\\/\\\/www.salzburgerland.com\\\/de\\\/magazin\\\/#organization\"},\"image\":{\"@id\":\"https:\\\/\\\/www.salzburgerland.com\\\/de\\\/magazin\\\/radtour-und-wanderung-zur-neuen-fuerther-huette\\\/#primaryimage\"},\"thumbnailUrl\":\"https:\\\/\\\/www.salzburgerland.com\\\/de\\\/magazin\\\/wp-content\\\/uploads\\\/2026\\\/08\\\/IMG_9655-scaled.jpg\",\"keywords\":[\"Hollersbach\",\"Hollersbachtal\",\"Larmkogel\",\"Neue F\u00fcrther H\u00fctte\"],\"articleSection\":[\"Outdoor &amp; Sport\"],\"inLanguage\":\"de\"},{\"@type\":\"WebPage\",\"@id\":\"https:\\\/\\\/www.salzburgerland.com\\\/de\\\/magazin\\\/radtour-und-wanderung-zur-neuen-fuerther-huette\\\/\",\"url\":\"https:\\\/\\\/www.salzburgerland.com\\\/de\\\/magazin\\\/radtour-und-wanderung-zur-neuen-fuerther-huette\\\/\",\"name\":\"Radtour und Wanderung zur Neuen F\u00fcrther H\u00fctte - SalzburgerLand Magazin\",\"isPartOf\":{\"@id\":\"https:\\\/\\\/www.salzburgerland.com\\\/de\\\/magazin\\\/#website\"},\"primaryImageOfPage\":{\"@id\":\"https:\\\/\\\/www.salzburgerland.com\\\/de\\\/magazin\\\/radtour-und-wanderung-zur-neuen-fuerther-huette\\\/#primaryimage\"},\"image\":{\"@id\":\"https:\\\/\\\/www.salzburgerland.com\\\/de\\\/magazin\\\/radtour-und-wanderung-zur-neuen-fuerther-huette\\\/#primaryimage\"},\"thumbnailUrl\":\"https:\\\/\\\/www.salzburgerland.com\\\/de\\\/magazin\\\/wp-content\\\/uploads\\\/2026\\\/08\\\/IMG_9655-scaled.jpg\",\"datePublished\":\"2026-09-01T05:00:00+00:00\",\"description\":\"Ich bin mit dem Rad von Uttendorf bis zum Talschluss gefahren und habe den Ausflug mit einer Wanderung zur Neuen F\u00fcrther H\u00fctte abgerundet. Hier einige der Highlights.\",\"breadcrumb\":{\"@id\":\"https:\\\/\\\/www.salzburgerland.com\\\/de\\\/magazin\\\/radtour-und-wanderung-zur-neuen-fuerther-huette\\\/#breadcrumb\"},\"inLanguage\":\"de\",\"potentialAction\":[{\"@type\":\"ReadAction\",\"target\":[\"https:\\\/\\\/www.salzburgerland.com\\\/de\\\/magazin\\\/radtour-und-wanderung-zur-neuen-fuerther-huette\\\/\"]}]},{\"@type\":\"ImageObject\",\"inLanguage\":\"de\",\"@id\":\"https:\\\/\\\/www.salzburgerland.com\\\/de\\\/magazin\\\/radtour-und-wanderung-zur-neuen-fuerther-huette\\\/#primaryimage\",\"url\":\"https:\\\/\\\/www.salzburgerland.com\\\/de\\\/magazin\\\/wp-content\\\/uploads\\\/2026\\\/08\\\/IMG_9655-scaled.jpg\",\"contentUrl\":\"https:\\\/\\\/www.salzburgerland.com\\\/de\\\/magazin\\\/wp-content\\\/uploads\\\/2026\\\/08\\\/IMG_9655-scaled.jpg\",\"width\":2560,\"height\":1920,\"caption\":\"Neue F\u00fcrther H\u00fctte\"},{\"@type\":\"BreadcrumbList\",\"@id\":\"https:\\\/\\\/www.salzburgerland.com\\\/de\\\/magazin\\\/radtour-und-wanderung-zur-neuen-fuerther-huette\\\/#breadcrumb\",\"itemListElement\":[{\"@type\":\"ListItem\",\"position\":1,\"name\":\"Startseite\",\"item\":\"https:\\\/\\\/www.salzburgerland.com\\\/de\\\/magazin\\\/\"},{\"@type\":\"ListItem\",\"position\":2,\"name\":\"Outdoor &amp; Sport\",\"item\":\"https:\\\/\\\/www.salzburgerland.com\\\/de\\\/magazin\\\/thema\\\/outdoor-sport\\\/\"},{\"@type\":\"ListItem\",\"position\":3,\"name\":\"Radtour und Wanderung zur Neuen F\u00fcrther H\u00fctte\"}]},{\"@type\":\"WebSite\",\"@id\":\"https:\\\/\\\/www.salzburgerland.com\\\/de\\\/magazin\\\/#website\",\"url\":\"https:\\\/\\\/www.salzburgerland.com\\\/de\\\/magazin\\\/\",\"name\":\"SalzburgerLand Magazin\",\"description\":\"Geschichten und Interessantes aus dem SalzburgerLand\",\"publisher\":{\"@id\":\"https:\\\/\\\/www.salzburgerland.com\\\/de\\\/magazin\\\/#organization\"},\"potentialAction\":[{\"@type\":\"SearchAction\",\"target\":{\"@type\":\"EntryPoint\",\"urlTemplate\":\"https:\\\/\\\/www.salzburgerland.com\\\/de\\\/magazin\\\/?s={search_term_string}\"},\"query-input\":{\"@type\":\"PropertyValueSpecification\",\"valueRequired\":true,\"valueName\":\"search_term_string\"}}],\"inLanguage\":\"de\"},{\"@type\":\"Organization\",\"@id\":\"https:\\\/\\\/www.salzburgerland.com\\\/de\\\/magazin\\\/#organization\",\"name\":\"SalzburgerLand Tourismus\",\"url\":\"https:\\\/\\\/www.salzburgerland.com\\\/de\\\/magazin\\\/\",\"logo\":{\"@type\":\"ImageObject\",\"inLanguage\":\"de\",\"@id\":\"https:\\\/\\\/www.salzburgerland.com\\\/de\\\/magazin\\\/#\\\/schema\\\/logo\\\/image\\\/\",\"url\":\"https:\\\/\\\/www.salzburgerland.com\\\/de\\\/magazin\\\/wp-content\\\/uploads\\\/2019\\\/06\\\/salzburgerland-logo1.jpg\",\"contentUrl\":\"https:\\\/\\\/www.salzburgerland.com\\\/de\\\/magazin\\\/wp-content\\\/uploads\\\/2019\\\/06\\\/salzburgerland-logo1.jpg\",\"width\":2011,\"height\":866,\"caption\":\"SalzburgerLand Tourismus\"},\"image\":{\"@id\":\"https:\\\/\\\/www.salzburgerland.com\\\/de\\\/magazin\\\/#\\\/schema\\\/logo\\\/image\\\/\"},\"sameAs\":[\"https:\\\/\\\/www.facebook.com\\\/salzburgerland\\\/\",\"https:\\\/\\\/x.com\\\/Salzburgerland\",\"https:\\\/\\\/www.instagram.com\\\/salzburgerland\\\/\",\"https:\\\/\\\/at.linkedin.com\\\/company\\\/salzburgerland-tourismus-gmbh\",\"https:\\\/\\\/www.pinterest.at\\\/salzburgerland\\\/\",\"https:\\\/\\\/www.youtube.com\\\/user\\\/salzburgerland\",\"https:\\\/\\\/de.wikipedia.org\\\/wiki\\\/SalzburgerLand_Tourismus_GmbH\"]},{\"@type\":\"Person\",\"@id\":\"https:\\\/\\\/www.salzburgerland.com\\\/de\\\/magazin\\\/#\\\/schema\\\/person\\\/f4e038db32f01edbfd99a2f4c915df81\",\"name\":\"Mathias Steger\",\"description\":\"Dosiger oder Zuagroast? Ich darf Uttendorf im Pinzgau meine Heimat nennen. Aktuell wohne ich auch in Z\u00fcrich in der Schweiz, ich bin und bleibe aber besonders heimatverbunden und f\u00fchle mich im Pinzgau so richtig zu Hause. Dazu geh\u00f6rt f\u00fcr mich auch der Pinzgauer Dialekt. Mozart oder Hubert von Goisern? Eindeutig Hubert von Goisern. Bei \u201eWeit, weit weg\u201c oder \u201eHeast as nit\u201c bekomme ich immer wieder G\u00e4nsehaut. Wellness oder Mountainbike? Die Kombination aus beiden macht es wirklich aus. Nach einem langen Fahrradausflug tut ein bisschen Wellness einfach gut. Ausstellung oder Bergpanorama? Am liebsten ist mir, wenn ich das Bergpanorama hautnah erleben darf, etwa bei einer anspruchsvollen Wanderung, einer langen Fahrradtour oder einer winterlichen Skitour. Mountainbike oder Rennrad? Mit meinem Mountainbike \u201eMajnun\u201c fahre ich nicht nur in den Salzburger Bergen herum, sondern unternehme auch mehrt\u00e4gige Touren, um andere Regionen und L\u00e4nder zu erkunden. Einmal habe ich es sogar bis nach Griechenland geschafft. Alpinski, Offpiste oder Skitour? Fr\u00fcher w\u00e4ren es die Alpinskier gewesen. Heute f\u00e4llt meine Entscheidung eindeutig auf eine Skitour. In unber\u00fchrter Natur sanft durch den Neuschnee zu gleiten und dann die Abfahrt zu genie\u00dfen, ist f\u00fcr mich immer wieder ein au\u00dfergew\u00f6hnliches Erlebnis. Und ich bin dankbar, dass ich dazu im Pinzgau so viele M\u00f6glichkeiten habe. Rindsroulade vom Pinzgauer Biorind oder Saibling fangfrisch aus dem Fuschlsee? Ich bin ein wahrer Fischliebhaber und entscheide mich also eindeutig f\u00fcr den Saibling. Wie er wohl zubereitet wird\u2026? Auf Fleisch verzichte ich aus ethischen Gr\u00fcnden so gut wie m\u00f6glich. Besonders wichtig ist es mir, auf nachhaltige und m\u00f6glicherweise biologische Ern\u00e4hrung zu achten.\",\"url\":\"https:\\\/\\\/www.salzburgerland.com\\\/de\\\/magazin\\\/author\\\/msteger\\\/\"}]}<\/script>\n<!-- \/ Yoast SEO Premium plugin. -->","yoast_head_json":{"title":"Radtour und Wanderung zur Neuen F\u00fcrther H\u00fctte - SalzburgerLand Magazin","description":"Ich bin mit dem Rad von Uttendorf bis zum Talschluss gefahren und habe den Ausflug mit einer Wanderung zur Neuen F\u00fcrther H\u00fctte abgerundet. Hier einige der Highlights.","robots":{"index":"index","follow":"follow","max-snippet":"max-snippet:-1","max-image-preview":"max-image-preview:large","max-video-preview":"max-video-preview:-1"},"canonical":"https:\/\/www.salzburgerland.com\/de\/magazin\/radtour-und-wanderung-zur-neuen-fuerther-huette\/","og_locale":"de_DE","og_type":"article","og_title":"Radtour und Wanderung zur Neuen F\u00fcrther H\u00fctte","og_description":"Ich bin mit dem Rad von Uttendorf bis zum Talschluss gefahren und habe den Ausflug mit einer Wanderung zur Neuen F\u00fcrther H\u00fctte abgerundet. Hier einige der Highlights.","og_url":"https:\/\/www.salzburgerland.com\/de\/magazin\/radtour-und-wanderung-zur-neuen-fuerther-huette\/","og_site_name":"SalzburgerLand Magazin","article_publisher":"https:\/\/www.facebook.com\/salzburgerland\/","article_published_time":"2026-09-01T05:00:00+00:00","og_image":[{"width":2560,"height":1920,"url":"https:\/\/www.salzburgerland.com\/de\/magazin\/wp-content\/uploads\/2026\/08\/IMG_9655-scaled.jpg","type":"image\/jpeg"}],"author":"Mathias Steger","twitter_card":"summary_large_image","twitter_creator":"@Salzburgerland","twitter_site":"@Salzburgerland","twitter_misc":{"Verfasst von":"Mathias Steger","Gesch\u00e4tzte Lesezeit":"7\u00a0Minuten"},"schema":{"@context":"https:\/\/schema.org","@graph":[{"@type":"Article","@id":"https:\/\/www.salzburgerland.com\/de\/magazin\/radtour-und-wanderung-zur-neuen-fuerther-huette\/#article","isPartOf":{"@id":"https:\/\/www.salzburgerland.com\/de\/magazin\/radtour-und-wanderung-zur-neuen-fuerther-huette\/"},"author":{"name":"Mathias Steger","@id":"https:\/\/www.salzburgerland.com\/de\/magazin\/#\/schema\/person\/f4e038db32f01edbfd99a2f4c915df81"},"headline":"Radtour und Wanderung zur Neuen F\u00fcrther H\u00fctte","datePublished":"2026-09-01T05:00:00+00:00","mainEntityOfPage":{"@id":"https:\/\/www.salzburgerland.com\/de\/magazin\/radtour-und-wanderung-zur-neuen-fuerther-huette\/"},"wordCount":793,"publisher":{"@id":"https:\/\/www.salzburgerland.com\/de\/magazin\/#organization"},"image":{"@id":"https:\/\/www.salzburgerland.com\/de\/magazin\/radtour-und-wanderung-zur-neuen-fuerther-huette\/#primaryimage"},"thumbnailUrl":"https:\/\/www.salzburgerland.com\/de\/magazin\/wp-content\/uploads\/2026\/08\/IMG_9655-scaled.jpg","keywords":["Hollersbach","Hollersbachtal","Larmkogel","Neue F\u00fcrther H\u00fctte"],"articleSection":["Outdoor &amp; Sport"],"inLanguage":"de"},{"@type":"WebPage","@id":"https:\/\/www.salzburgerland.com\/de\/magazin\/radtour-und-wanderung-zur-neuen-fuerther-huette\/","url":"https:\/\/www.salzburgerland.com\/de\/magazin\/radtour-und-wanderung-zur-neuen-fuerther-huette\/","name":"Radtour und Wanderung zur Neuen F\u00fcrther H\u00fctte - SalzburgerLand Magazin","isPartOf":{"@id":"https:\/\/www.salzburgerland.com\/de\/magazin\/#website"},"primaryImageOfPage":{"@id":"https:\/\/www.salzburgerland.com\/de\/magazin\/radtour-und-wanderung-zur-neuen-fuerther-huette\/#primaryimage"},"image":{"@id":"https:\/\/www.salzburgerland.com\/de\/magazin\/radtour-und-wanderung-zur-neuen-fuerther-huette\/#primaryimage"},"thumbnailUrl":"https:\/\/www.salzburgerland.com\/de\/magazin\/wp-content\/uploads\/2026\/08\/IMG_9655-scaled.jpg","datePublished":"2026-09-01T05:00:00+00:00","description":"Ich bin mit dem Rad von Uttendorf bis zum Talschluss gefahren und habe den Ausflug mit einer Wanderung zur Neuen F\u00fcrther H\u00fctte abgerundet. Hier einige der Highlights.","breadcrumb":{"@id":"https:\/\/www.salzburgerland.com\/de\/magazin\/radtour-und-wanderung-zur-neuen-fuerther-huette\/#breadcrumb"},"inLanguage":"de","potentialAction":[{"@type":"ReadAction","target":["https:\/\/www.salzburgerland.com\/de\/magazin\/radtour-und-wanderung-zur-neuen-fuerther-huette\/"]}]},{"@type":"ImageObject","inLanguage":"de","@id":"https:\/\/www.salzburgerland.com\/de\/magazin\/radtour-und-wanderung-zur-neuen-fuerther-huette\/#primaryimage","url":"https:\/\/www.salzburgerland.com\/de\/magazin\/wp-content\/uploads\/2026\/08\/IMG_9655-scaled.jpg","contentUrl":"https:\/\/www.salzburgerland.com\/de\/magazin\/wp-content\/uploads\/2026\/08\/IMG_9655-scaled.jpg","width":2560,"height":1920,"caption":"Neue F\u00fcrther H\u00fctte"},{"@type":"BreadcrumbList","@id":"https:\/\/www.salzburgerland.com\/de\/magazin\/radtour-und-wanderung-zur-neuen-fuerther-huette\/#breadcrumb","itemListElement":[{"@type":"ListItem","position":1,"name":"Startseite","item":"https:\/\/www.salzburgerland.com\/de\/magazin\/"},{"@type":"ListItem","position":2,"name":"Outdoor &amp; Sport","item":"https:\/\/www.salzburgerland.com\/de\/magazin\/thema\/outdoor-sport\/"},{"@type":"ListItem","position":3,"name":"Radtour und Wanderung zur Neuen F\u00fcrther H\u00fctte"}]},{"@type":"WebSite","@id":"https:\/\/www.salzburgerland.com\/de\/magazin\/#website","url":"https:\/\/www.salzburgerland.com\/de\/magazin\/","name":"SalzburgerLand Magazin","description":"Geschichten und Interessantes aus dem SalzburgerLand","publisher":{"@id":"https:\/\/www.salzburgerland.com\/de\/magazin\/#organization"},"potentialAction":[{"@type":"SearchAction","target":{"@type":"EntryPoint","urlTemplate":"https:\/\/www.salzburgerland.com\/de\/magazin\/?s={search_term_string}"},"query-input":{"@type":"PropertyValueSpecification","valueRequired":true,"valueName":"search_term_string"}}],"inLanguage":"de"},{"@type":"Organization","@id":"https:\/\/www.salzburgerland.com\/de\/magazin\/#organization","name":"SalzburgerLand Tourismus","url":"https:\/\/www.salzburgerland.com\/de\/magazin\/","logo":{"@type":"ImageObject","inLanguage":"de","@id":"https:\/\/www.salzburgerland.com\/de\/magazin\/#\/schema\/logo\/image\/","url":"https:\/\/www.salzburgerland.com\/de\/magazin\/wp-content\/uploads\/2019\/06\/salzburgerland-logo1.jpg","contentUrl":"https:\/\/www.salzburgerland.com\/de\/magazin\/wp-content\/uploads\/2019\/06\/salzburgerland-logo1.jpg","width":2011,"height":866,"caption":"SalzburgerLand Tourismus"},"image":{"@id":"https:\/\/www.salzburgerland.com\/de\/magazin\/#\/schema\/logo\/image\/"},"sameAs":["https:\/\/www.facebook.com\/salzburgerland\/","https:\/\/x.com\/Salzburgerland","https:\/\/www.instagram.com\/salzburgerland\/","https:\/\/at.linkedin.com\/company\/salzburgerland-tourismus-gmbh","https:\/\/www.pinterest.at\/salzburgerland\/","https:\/\/www.youtube.com\/user\/salzburgerland","https:\/\/de.wikipedia.org\/wiki\/SalzburgerLand_Tourismus_GmbH"]},{"@type":"Person","@id":"https:\/\/www.salzburgerland.com\/de\/magazin\/#\/schema\/person\/f4e038db32f01edbfd99a2f4c915df81","name":"Mathias Steger","description":"Dosiger oder Zuagroast? Ich darf Uttendorf im Pinzgau meine Heimat nennen. Aktuell wohne ich auch in Z\u00fcrich in der Schweiz, ich bin und bleibe aber besonders heimatverbunden und f\u00fchle mich im Pinzgau so richtig zu Hause. Dazu geh\u00f6rt f\u00fcr mich auch der Pinzgauer Dialekt. Mozart oder Hubert von Goisern? Eindeutig Hubert von Goisern. Bei \u201eWeit, weit weg\u201c oder \u201eHeast as nit\u201c bekomme ich immer wieder G\u00e4nsehaut. Wellness oder Mountainbike? Die Kombination aus beiden macht es wirklich aus. Nach einem langen Fahrradausflug tut ein bisschen Wellness einfach gut. Ausstellung oder Bergpanorama? Am liebsten ist mir, wenn ich das Bergpanorama hautnah erleben darf, etwa bei einer anspruchsvollen Wanderung, einer langen Fahrradtour oder einer winterlichen Skitour. Mountainbike oder Rennrad? Mit meinem Mountainbike \u201eMajnun\u201c fahre ich nicht nur in den Salzburger Bergen herum, sondern unternehme auch mehrt\u00e4gige Touren, um andere Regionen und L\u00e4nder zu erkunden. Einmal habe ich es sogar bis nach Griechenland geschafft. Alpinski, Offpiste oder Skitour? Fr\u00fcher w\u00e4ren es die Alpinskier gewesen. Heute f\u00e4llt meine Entscheidung eindeutig auf eine Skitour. In unber\u00fchrter Natur sanft durch den Neuschnee zu gleiten und dann die Abfahrt zu genie\u00dfen, ist f\u00fcr mich immer wieder ein au\u00dfergew\u00f6hnliches Erlebnis. Und ich bin dankbar, dass ich dazu im Pinzgau so viele M\u00f6glichkeiten habe. Rindsroulade vom Pinzgauer Biorind oder Saibling fangfrisch aus dem Fuschlsee? Ich bin ein wahrer Fischliebhaber und entscheide mich also eindeutig f\u00fcr den Saibling. Wie er wohl zubereitet wird\u2026? Auf Fleisch verzichte ich aus ethischen Gr\u00fcnden so gut wie m\u00f6glich. Besonders wichtig ist es mir, auf nachhaltige und m\u00f6glicherweise biologische Ern\u00e4hrung zu achten.","url":"https:\/\/www.salzburgerland.com\/de\/magazin\/author\/msteger\/"}]}},"_wl_alt_label":[],"wl:entity_url":"http:\/\/open.salzburgerland.com\/magazin\/post\/radtour-und-wanderung-zur-neuen-fuerther-huette-188170","_links":{"self":[{"href":"https:\/\/www.salzburgerland.com\/de\/magazin\/wp-json\/wp\/v2\/posts\/188170","targetHints":{"allow":["GET"]}}],"collection":[{"href":"https:\/\/www.salzburgerland.com\/de\/magazin\/wp-json\/wp\/v2\/posts"}],"about":[{"href":"https:\/\/www.salzburgerland.com\/de\/magazin\/wp-json\/wp\/v2\/types\/post"}],"author":[{"embeddable":true,"href":"https:\/\/www.salzburgerland.com\/de\/magazin\/wp-json\/wp\/v2\/users\/604"}],"replies":[{"embeddable":true,"href":"https:\/\/www.salzburgerland.com\/de\/magazin\/wp-json\/wp\/v2\/comments?post=188170"}],"version-history":[{"count":4,"href":"https:\/\/www.salzburgerland.com\/de\/magazin\/wp-json\/wp\/v2\/posts\/188170\/revisions"}],"predecessor-version":[{"id":188214,"href":"https:\/\/www.salzburgerland.com\/de\/magazin\/wp-json\/wp\/v2\/posts\/188170\/revisions\/188214"}],"wp:featuredmedia":[{"embeddable":true,"href":"https:\/\/www.salzburgerland.com\/de\/magazin\/wp-json\/wp\/v2\/media\/188178"}],"wp:attachment":[{"href":"https:\/\/www.salzburgerland.com\/de\/magazin\/wp-json\/wp\/v2\/media?parent=188170"}],"wp:term":[{"taxonomy":"category","embeddable":true,"href":"https:\/\/www.salzburgerland.com\/de\/magazin\/wp-json\/wp\/v2\/categories?post=188170"},{"taxonomy":"post_tag","embeddable":true,"href":"https:\/\/www.salzburgerland.com\/de\/magazin\/wp-json\/wp\/v2\/tags?post=188170"},{"taxonomy":"wl_entity_type","embeddable":true,"href":"https:\/\/www.salzburgerland.com\/de\/magazin\/wp-json\/wp\/v2\/wl_entity_type?post=188170"},{"taxonomy":"monatsauswahl","embeddable":true,"href":"https:\/\/www.salzburgerland.com\/de\/magazin\/wp-json\/wp\/v2\/monatsauswahl?post=188170"}],"curies":[{"name":"wp","href":"https:\/\/api.w.org\/{rel}","templated":true}]}}