{"id":186963,"date":"2026-04-30T07:00:00","date_gmt":"2026-04-30T05:00:00","guid":{"rendered":"https:\/\/www.salzburgerland.com\/de\/magazin\/?p=186963"},"modified":"2026-04-28T11:09:16","modified_gmt":"2026-04-28T09:09:16","slug":"kathis-blumencafe-in-faistenau","status":"publish","type":"post","link":"https:\/\/www.salzburgerland.com\/de\/magazin\/kathis-blumencafe-in-faistenau\/","title":{"rendered":"Kathis Blumencaf\u00e9 in Faistenau"},"content":{"rendered":"\n<div class=\"wp-block-slt-top topBlocks\">\n<h2 class=\"wp-block-slt-subtitle\">Genussvoll fr\u00fchst\u00fccken in Faistenau<\/h2>\n\n\n\n<p class=\"wp-block-slt-intro\">In der gem\u00fctlichen Gemeinde Faistenau in der Fuschlseeregion befindet sich Kathis Blumencaf\u00e9. Ein bisserl versteckt, ein bisserl vertr\u00e4umt \u2013 eben ein echter Geheimtipp. Kein spektakul\u00e4res Schild, keine grelle Werbung. Wer es nicht sucht, der findet es vielleicht gar nicht.<\/p>\n<\/div>\n\n\n\n<p>Ein bl\u00fchendes Geheimnis im SalzburgerLand. Zwischen Salzburg und Fuschl liegt was Feines. Ein verstecktes Kleinod in <a href=\"https:\/\/www.salzburgerland.com\/de\/faistenau\/veranstaltungen\" target=\"_blank\" rel=\"noreferrer noopener\">Faistenau<\/a>. Was das <a href=\"https:\/\/www.kathis-blumencafe.com\/\" target=\"_blank\" rel=\"noreferrer noopener\">Kathis Blumencaf\u00e9 <\/a>von anderen unterscheidet, steckt schon im Namen. Inhaberin Kathi hat sich ganz der Verarbeitung von Bl\u00fcten, Kr\u00e4utern und Gew\u00fcrzen verschrieben \u2013 und zwar nicht als modisches Beiwerk, sondern als handwerkliches Herzst\u00fcck. Die Zutaten daf\u00fcr kommen gro\u00dfteils aus dem hofeigenen Kr\u00e4utergarten, der auch f\u00fcr G\u00e4ste zug\u00e4nglich ist. Wer sich die Zeit nimmt, durch den sch\u00f6nen Garten zu schlendern, der versteht schnell, was hier passiert: Natur wird zu Geschmack.<\/p>\n\n\n\n<figure class=\"wp-block-image size-full\"><img loading=\"lazy\" decoding=\"async\" width=\"2000\" height=\"1126\" src=\"https:\/\/www.salzburgerland.com\/de\/magazin\/wp-content\/uploads\/2026\/04\/kathis-blumencafe-faistenau-2026-78.jpg\" alt=\"Au\u00dfencaf\u00e9 mit Holzdekor in Kathis Blumencaf\u00e9, Menschen genie\u00dfen die Aussicht an einem sonnigen Tag. \u00a9 Melanie Deisl\" class=\"wp-image-186979\" srcset=\"https:\/\/www.salzburgerland.com\/de\/magazin\/wp-content\/uploads\/2026\/04\/kathis-blumencafe-faistenau-2026-78.jpg 2000w, https:\/\/www.salzburgerland.com\/de\/magazin\/wp-content\/uploads\/2026\/04\/kathis-blumencafe-faistenau-2026-78-300x169.jpg 300w, https:\/\/www.salzburgerland.com\/de\/magazin\/wp-content\/uploads\/2026\/04\/kathis-blumencafe-faistenau-2026-78-1536x865.jpg 1536w, https:\/\/www.salzburgerland.com\/de\/magazin\/wp-content\/uploads\/2026\/04\/kathis-blumencafe-faistenau-2026-78-977x550.jpg 977w, https:\/\/www.salzburgerland.com\/de\/magazin\/wp-content\/uploads\/2026\/04\/kathis-blumencafe-faistenau-2026-78-710x400.jpg 710w, https:\/\/www.salzburgerland.com\/de\/magazin\/wp-content\/uploads\/2026\/04\/kathis-blumencafe-faistenau-2026-78-560x316.jpg 560w, https:\/\/www.salzburgerland.com\/de\/magazin\/wp-content\/uploads\/2026\/04\/kathis-blumencafe-faistenau-2026-78-250x140.jpg 250w, https:\/\/www.salzburgerland.com\/de\/magazin\/wp-content\/uploads\/2026\/04\/kathis-blumencafe-faistenau-2026-78-1320x743.jpg 1320w, https:\/\/www.salzburgerland.com\/de\/magazin\/wp-content\/uploads\/2026\/04\/kathis-blumencafe-faistenau-2026-78-1200x675.jpg 1200w, https:\/\/www.salzburgerland.com\/de\/magazin\/wp-content\/uploads\/2026\/04\/kathis-blumencafe-faistenau-2026-78-150x84.jpg 150w\" sizes=\"auto, (max-width: 2000px) 100vw, 2000px\" \/><\/figure>\n\n\n\n<h2 class=\"wp-block-heading\" id=\"h-handschrift-des-hauses-aromen-aus-dem-hofeigenen-garten\">Handschrift des Hauses: Aromen aus dem hofeigenen Garten<\/h2>\n\n\n\n<p>Rosenbl\u00e4tter, Lavendel oder feine Kr\u00e4uter aus dem eigenen Garten finden ihren Weg in Torten, Pralinen und Schokoladen. Das Ergebnis ist kein aufgesetzter Trend, sondern ehrlich und durchdacht. Nix K\u00fcnstliches, nix \u00dcbertriebenes \u2013 so, wie man es sich w\u00fcnscht, wenn Handwerk auf Kreativit\u00e4t trifft.<\/p>\n\n\n\n<p>Ein wesentlicher Teil des Konzepts liegt in der Herkunft der Zutaten. Viele der verwendeten Produkte stammen direkt vom Hof selbst: Milch, Eier und Honig kommen von den eigenen Tieren, Kr\u00e4uter und Bl\u00fcten wachsen im Garten gleich nebenan.<\/p>\n\n\n\n<p>Die Auswahl im Caf\u00e9 geht weit \u00fcber das Gewohnte hinaus. Klassische Mehlspeisen finden sich ebenso wie ausgefallene Kreationen, die neugierig machen. Kombinationen wie Honig und Heu, fruchtige Eclairs mit ungew\u00f6hnlichen Toppings oder feine Gew\u00fcrznoten in Torten zeigen, dass hier mit Ideenreichtum gearbeitet wird. Dabei entstehen Geschmackserlebnisse, die nicht aufdringlich wirken, sondern harmonisch abgestimmt sind. Wie etwa die Orange-Sanddorn-Torte, die Himbeer-Lavendel-Torte oder Pralinen mit Geschmacksnoten von Nougat-Tannenadel oder Mandarine-Nelke.<\/p>\n\n\n\n<h2 class=\"wp-block-heading\" id=\"h-florale-ideen-meisterhaft-umgesetzt-individuelle-torten-fur-jeden-anlass\">Florale Ideen, meisterhaft umgesetzt: Individuelle Torten f\u00fcr jeden Anlass<\/h2>\n\n\n\n<p>Wer einen besonderen Anlass hat, ist bei Kathi in guten H\u00e4nden. Sie fertigt <a href=\"https:\/\/www.kathis-blumencafe.com\/konditorei\" id=\"https:\/\/www.kathis-blumencafe.com\/konditorei\" target=\"_blank\" rel=\"noreferrer noopener\">individuelle Torten nach Ma\u00df<\/a> \u2013 ob Hochzeit, Taufe oder Geburtstag, ob schlicht oder aufw\u00e4ndig gestaltet. Das ist keine Massenware, sondern echtes Handwerk mit pers\u00f6nlicher Note. Tipp: Auf der <a href=\"https:\/\/www.instagram.com\/kathisblumencafe\/\" id=\"https:\/\/www.instagram.com\/kathisblumencafe\/\" target=\"_blank\" rel=\"noreferrer noopener\">Instagram-Seite von Kathis Blumencaf\u00e9s<\/a> erwarten dich wundersch\u00f6ne Beispiele ihrer faszinierenden Kreationen!<\/p>\n\n\n\n<figure class=\"wp-block-image size-full\"><img loading=\"lazy\" decoding=\"async\" width=\"2000\" height=\"1126\" src=\"https:\/\/www.salzburgerland.com\/de\/magazin\/wp-content\/uploads\/2026\/04\/kathis-blumencafe-faistenau-2026-71.jpg\" alt=\"Zwei Torten in der Vitrine von Kathis Blumencaf\u00e9: eine wei\u00dfe mit Sahne, eine rote Himbeer-Lavendel Torte  \u00a9 Melanie Deisl\" class=\"wp-image-187006\" srcset=\"https:\/\/www.salzburgerland.com\/de\/magazin\/wp-content\/uploads\/2026\/04\/kathis-blumencafe-faistenau-2026-71.jpg 2000w, https:\/\/www.salzburgerland.com\/de\/magazin\/wp-content\/uploads\/2026\/04\/kathis-blumencafe-faistenau-2026-71-300x169.jpg 300w, https:\/\/www.salzburgerland.com\/de\/magazin\/wp-content\/uploads\/2026\/04\/kathis-blumencafe-faistenau-2026-71-1536x865.jpg 1536w, https:\/\/www.salzburgerland.com\/de\/magazin\/wp-content\/uploads\/2026\/04\/kathis-blumencafe-faistenau-2026-71-977x550.jpg 977w, https:\/\/www.salzburgerland.com\/de\/magazin\/wp-content\/uploads\/2026\/04\/kathis-blumencafe-faistenau-2026-71-710x400.jpg 710w, https:\/\/www.salzburgerland.com\/de\/magazin\/wp-content\/uploads\/2026\/04\/kathis-blumencafe-faistenau-2026-71-560x316.jpg 560w, https:\/\/www.salzburgerland.com\/de\/magazin\/wp-content\/uploads\/2026\/04\/kathis-blumencafe-faistenau-2026-71-250x140.jpg 250w, https:\/\/www.salzburgerland.com\/de\/magazin\/wp-content\/uploads\/2026\/04\/kathis-blumencafe-faistenau-2026-71-1320x743.jpg 1320w, https:\/\/www.salzburgerland.com\/de\/magazin\/wp-content\/uploads\/2026\/04\/kathis-blumencafe-faistenau-2026-71-1200x675.jpg 1200w, https:\/\/www.salzburgerland.com\/de\/magazin\/wp-content\/uploads\/2026\/04\/kathis-blumencafe-faistenau-2026-71-150x84.jpg 150w\" sizes=\"auto, (max-width: 2000px) 100vw, 2000px\" \/><\/figure>\n\n\n<div class=\"mag-gallery\"><div class=\"row\"><div class=\"col-6 col-sm-4\"><figure><a class=\"thumb-container\" href=\"https:\/\/www.salzburgerland.com\/de\/magazin\/wp-content\/uploads\/2026\/04\/torten-kathis-blumencafe-faistenau-2-1280x1024.jpg\">\t<picture><source media=\"(min-width: 576px)\" srcset=\"https:\/\/www.salzburgerland.com\/de\/magazin\/wp-content\/uploads\/2026\/04\/torten-kathis-blumencafe-faistenau-2-325x209.jpg 325w, https:\/\/www.salzburgerland.com\/de\/magazin\/wp-content\/uploads\/2026\/04\/torten-kathis-blumencafe-faistenau-2-249x160.jpg 249w\"><\/source><source media=\"(min-width: 0)\" srcset=\"https:\/\/www.salzburgerland.com\/de\/magazin\/wp-content\/uploads\/2026\/04\/torten-kathis-blumencafe-faistenau-2-249x160.jpg 249w, https:\/\/www.salzburgerland.com\/de\/magazin\/wp-content\/uploads\/2026\/04\/torten-kathis-blumencafe-faistenau-2-325x209.jpg 325w\"><\/source><img decoding=\"async\" alt=\"Ein nackter Kuchen von Kathis Blumencaf&eacute; mit Beeren, Macarons, Minzbl&auml;ttern und Puderzucker belegt.\" src=\"https:\/\/www.salzburgerland.com\/de\/magazin\/wp-content\/uploads\/2026\/04\/torten-kathis-blumencafe-faistenau-2.jpg\">\t<\/picture><\/a><\/figure><\/div><div class=\"col-6 col-sm-4\"><figure><a class=\"thumb-container\" href=\"https:\/\/www.salzburgerland.com\/de\/magazin\/wp-content\/uploads\/2026\/04\/torten-kathis-blumencafe-faistenau-1-1280x1024.jpg\">\t<picture><source media=\"(min-width: 576px)\" srcset=\"https:\/\/www.salzburgerland.com\/de\/magazin\/wp-content\/uploads\/2026\/04\/torten-kathis-blumencafe-faistenau-1-325x209.jpg 325w, https:\/\/www.salzburgerland.com\/de\/magazin\/wp-content\/uploads\/2026\/04\/torten-kathis-blumencafe-faistenau-1-249x160.jpg 249w\"><\/source><source media=\"(min-width: 0)\" srcset=\"https:\/\/www.salzburgerland.com\/de\/magazin\/wp-content\/uploads\/2026\/04\/torten-kathis-blumencafe-faistenau-1-249x160.jpg 249w, https:\/\/www.salzburgerland.com\/de\/magazin\/wp-content\/uploads\/2026\/04\/torten-kathis-blumencafe-faistenau-1-325x209.jpg 325w\"><\/source><img decoding=\"async\" alt=\"Eine Frau im Kochmantel h&auml;lt eine Blumentorte im Freien bei Kathis Blumencaf&eacute;, an einer Steinmauer und im Gr&uuml;nen.\" src=\"https:\/\/www.salzburgerland.com\/de\/magazin\/wp-content\/uploads\/2026\/04\/torten-kathis-blumencafe-faistenau-1.jpg\">\t<\/picture><\/a><\/figure><\/div><div class=\"col-6 col-sm-4\"><figure><a class=\"thumb-container\" href=\"https:\/\/www.salzburgerland.com\/de\/magazin\/wp-content\/uploads\/2026\/04\/torten-kathis-blumencafe-faistenau-3-1280x1024.jpg\">\t<picture><source media=\"(min-width: 576px)\" srcset=\"https:\/\/www.salzburgerland.com\/de\/magazin\/wp-content\/uploads\/2026\/04\/torten-kathis-blumencafe-faistenau-3-325x209.jpg 325w, https:\/\/www.salzburgerland.com\/de\/magazin\/wp-content\/uploads\/2026\/04\/torten-kathis-blumencafe-faistenau-3-249x160.jpg 249w\"><\/source><source media=\"(min-width: 0)\" srcset=\"https:\/\/www.salzburgerland.com\/de\/magazin\/wp-content\/uploads\/2026\/04\/torten-kathis-blumencafe-faistenau-3-249x160.jpg 249w, https:\/\/www.salzburgerland.com\/de\/magazin\/wp-content\/uploads\/2026\/04\/torten-kathis-blumencafe-faistenau-3-325x209.jpg 325w\"><\/source><img decoding=\"async\" alt=\"Minimalistische wei&szlig;e Torte von Kathis Blumencaf&eacute; mit orangefarbenen und gelben Blumen auf einem rustikalen Holzst&auml;nder.\" src=\"https:\/\/www.salzburgerland.com\/de\/magazin\/wp-content\/uploads\/2026\/04\/torten-kathis-blumencafe-faistenau-3.jpg\">\t<\/picture><\/a><\/figure><\/div><\/div><figcaption>Tortenkreationen &copy; Kathis Blumencaf&eacute;<\/figcaption><\/div>\n\n\n\n<h2 class=\"wp-block-heading\" id=\"h-fruhstuck-in-faistenau-in-aller-ruhe-in-den-tag-starten\">Fr\u00fchst\u00fcck in Faistenau: in aller Ruhe in den Tag starten<\/h2>\n\n\n\n<p>Schon am Morgen zeigt sich, was Kathis Blumencaf\u00e9 besonders macht. Die Fr\u00fchst\u00fcckskarte setzt auf hochwertige Bio-Produkte, sorgf\u00e4ltig ausgew\u00e4hlt und liebevoll angerichtet. Frisches Geb\u00e4ck, hausgemachtes Holzofenbrot, aromatischer Kaffee und Zutaten, die ihren eigenen Geschmack behalten d\u00fcrfen \u2013 unkompliziert und doch besonders. Mein pers\u00f6nlicher Favorit ist &#8222;Kathis Fr\u00fchst\u00fcck&#8220; mit Brot und Geback, einer Eierspeise, man beachte bitte die Farbe der Eier (!), Schinken, Salami, K\u00e4se, Butter und einem gro\u00dfartigem M\u00fcsli.<\/p>\n\n\n<div class=\"mag-gallery\"><div class=\"row\"><div class=\"col-6 col-sm-4\"><figure><a class=\"thumb-container\" href=\"https:\/\/www.salzburgerland.com\/de\/magazin\/wp-content\/uploads\/2026\/04\/kathis-blumencafe-faistenau-2026-10-1280x1024.jpg\">\t<picture><source media=\"(min-width: 576px)\" srcset=\"https:\/\/www.salzburgerland.com\/de\/magazin\/wp-content\/uploads\/2026\/04\/kathis-blumencafe-faistenau-2026-10-418x650.jpg 418w, https:\/\/www.salzburgerland.com\/de\/magazin\/wp-content\/uploads\/2026\/04\/kathis-blumencafe-faistenau-2026-10-209x325.jpg 209w\"><\/source><source media=\"(min-width: 0)\" srcset=\"https:\/\/www.salzburgerland.com\/de\/magazin\/wp-content\/uploads\/2026\/04\/kathis-blumencafe-faistenau-2026-10-209x325.jpg 209w, https:\/\/www.salzburgerland.com\/de\/magazin\/wp-content\/uploads\/2026\/04\/kathis-blumencafe-faistenau-2026-10-418x650.jpg 418w\"><\/source><img decoding=\"async\" alt=\"Fr&uuml;hst&uuml;ckstisch im Freien in Kathis Blumencaf&eacute; mit Kaffee, Geb&auml;ck, Obst, Eiern und Bergblick.\" src=\"https:\/\/www.salzburgerland.com\/de\/magazin\/wp-content\/uploads\/2026\/04\/kathis-blumencafe-faistenau-2026-10.jpg\">\t<\/picture><\/a><\/figure><\/div><div class=\"col-6 col-sm-4\"><figure><a class=\"thumb-container\" href=\"https:\/\/www.salzburgerland.com\/de\/magazin\/wp-content\/uploads\/2026\/04\/kathis-blumencafe-faistenau-2026-8-1280x1024.jpg\">\t<picture><source media=\"(min-width: 576px)\" srcset=\"https:\/\/www.salzburgerland.com\/de\/magazin\/wp-content\/uploads\/2026\/04\/kathis-blumencafe-faistenau-2026-8-418x650.jpg 418w, https:\/\/www.salzburgerland.com\/de\/magazin\/wp-content\/uploads\/2026\/04\/kathis-blumencafe-faistenau-2026-8-209x325.jpg 209w\"><\/source><source media=\"(min-width: 0)\" srcset=\"https:\/\/www.salzburgerland.com\/de\/magazin\/wp-content\/uploads\/2026\/04\/kathis-blumencafe-faistenau-2026-8-209x325.jpg 209w, https:\/\/www.salzburgerland.com\/de\/magazin\/wp-content\/uploads\/2026\/04\/kathis-blumencafe-faistenau-2026-8-418x650.jpg 418w\"><\/source><img decoding=\"async\" alt=\"Der Fr&uuml;hst&uuml;ckstisch in Kathis Blumencaf&eacute; ist im Freien gedeckt, mit Obstschalen, Kaffee, Saft und Brot auf einer Blumentischdecke.\" src=\"https:\/\/www.salzburgerland.com\/de\/magazin\/wp-content\/uploads\/2026\/04\/kathis-blumencafe-faistenau-2026-8.jpg\">\t<\/picture><\/a><\/figure><\/div><div class=\"col-6 col-sm-4\"><figure><a class=\"thumb-container\" href=\"https:\/\/www.salzburgerland.com\/de\/magazin\/wp-content\/uploads\/2026\/04\/kathis-blumencafe-faistenau-2026-15-1280x1024.jpg\">\t<picture><source media=\"(min-width: 576px)\" srcset=\"https:\/\/www.salzburgerland.com\/de\/magazin\/wp-content\/uploads\/2026\/04\/kathis-blumencafe-faistenau-2026-15-418x650.jpg 418w, https:\/\/www.salzburgerland.com\/de\/magazin\/wp-content\/uploads\/2026\/04\/kathis-blumencafe-faistenau-2026-15-209x325.jpg 209w\"><\/source><source media=\"(min-width: 0)\" srcset=\"https:\/\/www.salzburgerland.com\/de\/magazin\/wp-content\/uploads\/2026\/04\/kathis-blumencafe-faistenau-2026-15-209x325.jpg 209w, https:\/\/www.salzburgerland.com\/de\/magazin\/wp-content\/uploads\/2026\/04\/kathis-blumencafe-faistenau-2026-15-418x650.jpg 418w\"><\/source><img decoding=\"async\" alt=\"Eine Schale M&uuml;sli mit M&uuml;sli und Trauben in Kathis Blumencaf&eacute;, serviert mit einem L&ouml;ffel auf einem Holztisch.\" src=\"https:\/\/www.salzburgerland.com\/de\/magazin\/wp-content\/uploads\/2026\/04\/kathis-blumencafe-faistenau-2026-15.jpg\">\t<\/picture><\/a><\/figure><\/div><\/div><figcaption><\/figcaption><\/div>\n\n\n\n<figure class=\"wp-block-image size-full\"><img loading=\"lazy\" decoding=\"async\" width=\"1500\" height=\"845\" src=\"https:\/\/www.salzburgerland.com\/de\/magazin\/wp-content\/uploads\/2026\/04\/kathis-blumencafe-faistenau-6.jpg\" alt=\"R\u00fchrei mit Kr\u00e4utern, serviert mit zwei Scheiben Brot in Kathis Blumencaf\u00e9. \u00a9 Melanie Deisl\" class=\"wp-image-186972\" srcset=\"https:\/\/www.salzburgerland.com\/de\/magazin\/wp-content\/uploads\/2026\/04\/kathis-blumencafe-faistenau-6.jpg 1500w, https:\/\/www.salzburgerland.com\/de\/magazin\/wp-content\/uploads\/2026\/04\/kathis-blumencafe-faistenau-6-300x169.jpg 300w, https:\/\/www.salzburgerland.com\/de\/magazin\/wp-content\/uploads\/2026\/04\/kathis-blumencafe-faistenau-6-976x550.jpg 976w, https:\/\/www.salzburgerland.com\/de\/magazin\/wp-content\/uploads\/2026\/04\/kathis-blumencafe-faistenau-6-710x400.jpg 710w, https:\/\/www.salzburgerland.com\/de\/magazin\/wp-content\/uploads\/2026\/04\/kathis-blumencafe-faistenau-6-560x316.jpg 560w, https:\/\/www.salzburgerland.com\/de\/magazin\/wp-content\/uploads\/2026\/04\/kathis-blumencafe-faistenau-6-250x140.jpg 250w, https:\/\/www.salzburgerland.com\/de\/magazin\/wp-content\/uploads\/2026\/04\/kathis-blumencafe-faistenau-6-1320x744.jpg 1320w, https:\/\/www.salzburgerland.com\/de\/magazin\/wp-content\/uploads\/2026\/04\/kathis-blumencafe-faistenau-6-1200x675.jpg 1200w, https:\/\/www.salzburgerland.com\/de\/magazin\/wp-content\/uploads\/2026\/04\/kathis-blumencafe-faistenau-6-150x85.jpg 150w\" sizes=\"auto, (max-width: 1500px) 100vw, 1500px\" \/><\/figure>\n\n\n\n<figure class=\"wp-block-image size-full\"><img loading=\"lazy\" decoding=\"async\" width=\"2000\" height=\"1126\" src=\"https:\/\/www.salzburgerland.com\/de\/magazin\/wp-content\/uploads\/2026\/04\/kathis-blumencafe-faistenau-2026-6.jpg\" alt=\"Caf\u00e9tisch im Freien in Kathis Blumencaf\u00e9 mit Fr\u00fchst\u00fccksgerichten, Obst, Kaffee und Brot vor einer sonnigen Bergkulisse. \u00a9 Melanie Deisl\" class=\"wp-image-186968\" srcset=\"https:\/\/www.salzburgerland.com\/de\/magazin\/wp-content\/uploads\/2026\/04\/kathis-blumencafe-faistenau-2026-6.jpg 2000w, https:\/\/www.salzburgerland.com\/de\/magazin\/wp-content\/uploads\/2026\/04\/kathis-blumencafe-faistenau-2026-6-300x169.jpg 300w, https:\/\/www.salzburgerland.com\/de\/magazin\/wp-content\/uploads\/2026\/04\/kathis-blumencafe-faistenau-2026-6-1536x865.jpg 1536w, https:\/\/www.salzburgerland.com\/de\/magazin\/wp-content\/uploads\/2026\/04\/kathis-blumencafe-faistenau-2026-6-977x550.jpg 977w, https:\/\/www.salzburgerland.com\/de\/magazin\/wp-content\/uploads\/2026\/04\/kathis-blumencafe-faistenau-2026-6-710x400.jpg 710w, https:\/\/www.salzburgerland.com\/de\/magazin\/wp-content\/uploads\/2026\/04\/kathis-blumencafe-faistenau-2026-6-560x316.jpg 560w, https:\/\/www.salzburgerland.com\/de\/magazin\/wp-content\/uploads\/2026\/04\/kathis-blumencafe-faistenau-2026-6-250x140.jpg 250w, https:\/\/www.salzburgerland.com\/de\/magazin\/wp-content\/uploads\/2026\/04\/kathis-blumencafe-faistenau-2026-6-1320x743.jpg 1320w, https:\/\/www.salzburgerland.com\/de\/magazin\/wp-content\/uploads\/2026\/04\/kathis-blumencafe-faistenau-2026-6-1200x675.jpg 1200w, https:\/\/www.salzburgerland.com\/de\/magazin\/wp-content\/uploads\/2026\/04\/kathis-blumencafe-faistenau-2026-6-150x84.jpg 150w\" sizes=\"auto, (max-width: 2000px) 100vw, 2000px\" \/><\/figure>\n\n\n\n<figure class=\"wp-block-image size-full\"><img loading=\"lazy\" decoding=\"async\" width=\"1500\" height=\"910\" src=\"https:\/\/www.salzburgerland.com\/de\/magazin\/wp-content\/uploads\/2026\/04\/kathis-blumencafe-faistenau-12.jpg\" alt=\"Ein sonnendurchfluteter Tisch in Kathis Blumencaf\u00e9, mit Speisekarten, Brot, Blumentuch, Holzst\u00fchlen und \u00fcppigen Pflanzen. \u00a9 Melanie Deisl\" class=\"wp-image-186973\" srcset=\"https:\/\/www.salzburgerland.com\/de\/magazin\/wp-content\/uploads\/2026\/04\/kathis-blumencafe-faistenau-12.jpg 1500w, https:\/\/www.salzburgerland.com\/de\/magazin\/wp-content\/uploads\/2026\/04\/kathis-blumencafe-faistenau-12-300x182.jpg 300w, https:\/\/www.salzburgerland.com\/de\/magazin\/wp-content\/uploads\/2026\/04\/kathis-blumencafe-faistenau-12-907x550.jpg 907w, https:\/\/www.salzburgerland.com\/de\/magazin\/wp-content\/uploads\/2026\/04\/kathis-blumencafe-faistenau-12-659x400.jpg 659w, https:\/\/www.salzburgerland.com\/de\/magazin\/wp-content\/uploads\/2026\/04\/kathis-blumencafe-faistenau-12-1320x801.jpg 1320w, https:\/\/www.salzburgerland.com\/de\/magazin\/wp-content\/uploads\/2026\/04\/kathis-blumencafe-faistenau-12-150x91.jpg 150w\" sizes=\"auto, (max-width: 1500px) 100vw, 1500px\" \/><\/figure>\n\n\n\n<p>Es ist kein hektisches Fr\u00fchst\u00fcck, sondern eines, bei dem man sich Zeit nimmt. Ein bisserl ratschen, ein bisserl schauen, vielleicht noch ein zweiter Kaffee \u2013 so beginnt der Tag in Faistenau auf die angenehme Art. Das Fr\u00fchst\u00fcck wird bis 13 Uhr serviert, ist also auch was f\u00fcr Sp\u00e4taufsteher oder alle, die vorher eine Wanderung oder Radtour machen m\u00f6chte. Reservierung wird empfohlen.<br>Hinweis: es gibt auch ein glutenfreies Fr\u00fchst\u00fcck!<\/p>\n\n\n\n<h2 class=\"wp-block-heading\" id=\"h-sonnenterrasse-im-krautergarten\">Sonnenterrasse im Kr\u00e4utergarten<\/h2>\n\n\n\n<p>Auf der Sonnenterrasse im Kr\u00e4utergarten l\u00e4sst es sich herrlich verweilen \u2013 nach einer <a href=\"https:\/\/www.salzburgerland.com\/de\/magazin\/kugelberg-rundwanderweg-in-faistenau\/\" target=\"_blank\" rel=\"noreferrer noopener\">Wanderung rund um den Kugelberg<\/a> oder um den <a href=\"https:\/\/www.salzburgerland.com\/de\/magazin\/fruehlingswanderungen-in-der-fuschlseeregion\/\" id=\"https:\/\/www.salzburgerland.com\/de\/magazin\/fruehlingswanderungen-in-der-fuschlseeregion\/\" target=\"_blank\" rel=\"noreferrer noopener\">Hintersee<\/a> ist eine Einkehr hier eine echte Wohltat. Gerade an warmen Tagen ist das ein Platzerl, an dem man gern l\u00e4nger sitzen bleibt, vielleicht bei einem Kaffee und einem St\u00fcck Kuchen oder einer herzhaften Holzknechtjause oder einer Wiesenplatte (vegetarisch), w\u00e4hrend die Zeit ein wenig langsamer vergeht.<\/p>\n\n\n\n<p>Faistenau ist ohnehin kein schlechtes Pflaster f\u00fcr Natur- und Ruhesucher, und Kathis Blumencaf\u00e9 passt da so selbstverst\u00e4ndlich hinein, als w\u00e4re es schon immer da gewesen. Dort l\u00e4sst sich der Nachmittagskaffee besonders entspannt genie\u00dfen, w\u00e4hrend rundherum die Natur ihren eigenen Rhythmus lebt.<\/p>\n\n\n\n<p>Das Ambiente trifft genau den Ton, den man sich in dieser Umgebung w\u00fcnscht: einladend, ohne gewollt zu wirken. Wer hier sitzt, f\u00fchlt sich schnell wie daheim. Der Garten ist nicht nur Dekoration. Viele Zutaten wachsen direkt vor Ort, werden geerntet und verarbeitet. Diese N\u00e4he zur Natur sp\u00fcrt man \u2013 und schmeckt man auch.<\/p>\n\n\n\n<figure class=\"wp-block-image size-full\"><img loading=\"lazy\" decoding=\"async\" width=\"2000\" height=\"1126\" src=\"https:\/\/www.salzburgerland.com\/de\/magazin\/wp-content\/uploads\/2026\/04\/kathis-blumencafe-faistenau-2026-44.jpg\" alt=\"Ein Schild mit der Aufschrift KR\u00c4UTERGARTEN in Kathis Blumencaf\u00e9 weist an einem sonnigen Tag auf einen Kr\u00e4utergarten im Freien hin. \u00a9 Melanie Deisl\" class=\"wp-image-186977\" srcset=\"https:\/\/www.salzburgerland.com\/de\/magazin\/wp-content\/uploads\/2026\/04\/kathis-blumencafe-faistenau-2026-44.jpg 2000w, https:\/\/www.salzburgerland.com\/de\/magazin\/wp-content\/uploads\/2026\/04\/kathis-blumencafe-faistenau-2026-44-300x169.jpg 300w, https:\/\/www.salzburgerland.com\/de\/magazin\/wp-content\/uploads\/2026\/04\/kathis-blumencafe-faistenau-2026-44-1536x865.jpg 1536w, https:\/\/www.salzburgerland.com\/de\/magazin\/wp-content\/uploads\/2026\/04\/kathis-blumencafe-faistenau-2026-44-977x550.jpg 977w, https:\/\/www.salzburgerland.com\/de\/magazin\/wp-content\/uploads\/2026\/04\/kathis-blumencafe-faistenau-2026-44-710x400.jpg 710w, https:\/\/www.salzburgerland.com\/de\/magazin\/wp-content\/uploads\/2026\/04\/kathis-blumencafe-faistenau-2026-44-560x316.jpg 560w, https:\/\/www.salzburgerland.com\/de\/magazin\/wp-content\/uploads\/2026\/04\/kathis-blumencafe-faistenau-2026-44-250x140.jpg 250w, https:\/\/www.salzburgerland.com\/de\/magazin\/wp-content\/uploads\/2026\/04\/kathis-blumencafe-faistenau-2026-44-1320x743.jpg 1320w, https:\/\/www.salzburgerland.com\/de\/magazin\/wp-content\/uploads\/2026\/04\/kathis-blumencafe-faistenau-2026-44-1200x675.jpg 1200w, https:\/\/www.salzburgerland.com\/de\/magazin\/wp-content\/uploads\/2026\/04\/kathis-blumencafe-faistenau-2026-44-150x84.jpg 150w\" sizes=\"auto, (max-width: 2000px) 100vw, 2000px\" \/><\/figure>\n\n\n<div class=\"mag-gallery\"><div class=\"row\"><div class=\"col-6 col-sm-4\"><figure><a class=\"thumb-container\" href=\"https:\/\/www.salzburgerland.com\/de\/magazin\/wp-content\/uploads\/2026\/04\/kathis-blumencafe-faistenau-3-1280x1024.jpg\">\t<picture><source media=\"(min-width: 576px)\" srcset=\"https:\/\/www.salzburgerland.com\/de\/magazin\/wp-content\/uploads\/2026\/04\/kathis-blumencafe-faistenau-3-418x650.jpg 418w, https:\/\/www.salzburgerland.com\/de\/magazin\/wp-content\/uploads\/2026\/04\/kathis-blumencafe-faistenau-3-209x325.jpg 209w\"><\/source><source media=\"(min-width: 0)\" srcset=\"https:\/\/www.salzburgerland.com\/de\/magazin\/wp-content\/uploads\/2026\/04\/kathis-blumencafe-faistenau-3-209x325.jpg 209w, https:\/\/www.salzburgerland.com\/de\/magazin\/wp-content\/uploads\/2026\/04\/kathis-blumencafe-faistenau-3-418x650.jpg 418w\"><\/source><img decoding=\"async\" alt=\"Die Menschen sitzen an Tischen vor Kathis Blumencaf&eacute;, in der N&auml;he eines Teiches mit Steinen und Pflanzen, unter blauem Himmel.\" src=\"https:\/\/www.salzburgerland.com\/de\/magazin\/wp-content\/uploads\/2026\/04\/kathis-blumencafe-faistenau-3.jpg\">\t<\/picture><\/a><\/figure><\/div><div class=\"col-6 col-sm-4\"><figure><a class=\"thumb-container\" href=\"https:\/\/www.salzburgerland.com\/de\/magazin\/wp-content\/uploads\/2026\/04\/kathis-blumencafe-faistenau-1-1280x1024.jpg\">\t<picture><source media=\"(min-width: 576px)\" srcset=\"https:\/\/www.salzburgerland.com\/de\/magazin\/wp-content\/uploads\/2026\/04\/kathis-blumencafe-faistenau-1-418x650.jpg 418w, https:\/\/www.salzburgerland.com\/de\/magazin\/wp-content\/uploads\/2026\/04\/kathis-blumencafe-faistenau-1-209x325.jpg 209w\"><\/source><source media=\"(min-width: 0)\" srcset=\"https:\/\/www.salzburgerland.com\/de\/magazin\/wp-content\/uploads\/2026\/04\/kathis-blumencafe-faistenau-1-209x325.jpg 209w, https:\/\/www.salzburgerland.com\/de\/magazin\/wp-content\/uploads\/2026\/04\/kathis-blumencafe-faistenau-1-418x650.jpg 418w\"><\/source><img decoding=\"async\" alt=\"Wei&szlig;er Gartenbeetrahmen, der in Kathis Blumencaf&eacute; als Pflanzgef&auml;&szlig; umfunktioniert wurde, mit jungen Pflanzen und Herzdekorationen.\" src=\"https:\/\/www.salzburgerland.com\/de\/magazin\/wp-content\/uploads\/2026\/04\/kathis-blumencafe-faistenau-1.jpg\">\t<\/picture><\/a><\/figure><\/div><div class=\"col-6 col-sm-4\"><figure><a class=\"thumb-container\" href=\"https:\/\/www.salzburgerland.com\/de\/magazin\/wp-content\/uploads\/2026\/04\/kathis-blumencafe-faistenau-2-1280x1024.jpg\">\t<picture><source media=\"(min-width: 576px)\" srcset=\"https:\/\/www.salzburgerland.com\/de\/magazin\/wp-content\/uploads\/2026\/04\/kathis-blumencafe-faistenau-2-418x650.jpg 418w, https:\/\/www.salzburgerland.com\/de\/magazin\/wp-content\/uploads\/2026\/04\/kathis-blumencafe-faistenau-2-209x325.jpg 209w\"><\/source><source media=\"(min-width: 0)\" srcset=\"https:\/\/www.salzburgerland.com\/de\/magazin\/wp-content\/uploads\/2026\/04\/kathis-blumencafe-faistenau-2-209x325.jpg 209w, https:\/\/www.salzburgerland.com\/de\/magazin\/wp-content\/uploads\/2026\/04\/kathis-blumencafe-faistenau-2-418x650.jpg 418w\"><\/source><img decoding=\"async\" alt=\"Rustikaler Hof bei Kathis Blumencaf&eacute; mit Holzzaun, Besen, Gartenger&auml;ten und einem Haus mit rotem Ziegeldach.\" src=\"https:\/\/www.salzburgerland.com\/de\/magazin\/wp-content\/uploads\/2026\/04\/kathis-blumencafe-faistenau-2.jpg\">\t<\/picture><\/a><\/figure><\/div><\/div><figcaption><\/figcaption><\/div>\n\n\n\n<figure class=\"wp-block-image size-full\"><img loading=\"lazy\" decoding=\"async\" width=\"2000\" height=\"1126\" src=\"https:\/\/www.salzburgerland.com\/de\/magazin\/wp-content\/uploads\/2026\/04\/kathis-blumencafe-faistenau-2026-17.jpg\" alt=\"Im sonnigen Garten von Kathis Blumencaf\u00e9 bl\u00fchen rosafarbene Magnolien, dahinter liegen Steinwege und Berge. \u00a9 Melanie Deisl\" class=\"wp-image-186978\" srcset=\"https:\/\/www.salzburgerland.com\/de\/magazin\/wp-content\/uploads\/2026\/04\/kathis-blumencafe-faistenau-2026-17.jpg 2000w, https:\/\/www.salzburgerland.com\/de\/magazin\/wp-content\/uploads\/2026\/04\/kathis-blumencafe-faistenau-2026-17-300x169.jpg 300w, https:\/\/www.salzburgerland.com\/de\/magazin\/wp-content\/uploads\/2026\/04\/kathis-blumencafe-faistenau-2026-17-1536x865.jpg 1536w, https:\/\/www.salzburgerland.com\/de\/magazin\/wp-content\/uploads\/2026\/04\/kathis-blumencafe-faistenau-2026-17-977x550.jpg 977w, https:\/\/www.salzburgerland.com\/de\/magazin\/wp-content\/uploads\/2026\/04\/kathis-blumencafe-faistenau-2026-17-710x400.jpg 710w, https:\/\/www.salzburgerland.com\/de\/magazin\/wp-content\/uploads\/2026\/04\/kathis-blumencafe-faistenau-2026-17-560x316.jpg 560w, https:\/\/www.salzburgerland.com\/de\/magazin\/wp-content\/uploads\/2026\/04\/kathis-blumencafe-faistenau-2026-17-250x140.jpg 250w, https:\/\/www.salzburgerland.com\/de\/magazin\/wp-content\/uploads\/2026\/04\/kathis-blumencafe-faistenau-2026-17-1320x743.jpg 1320w, https:\/\/www.salzburgerland.com\/de\/magazin\/wp-content\/uploads\/2026\/04\/kathis-blumencafe-faistenau-2026-17-1200x675.jpg 1200w, https:\/\/www.salzburgerland.com\/de\/magazin\/wp-content\/uploads\/2026\/04\/kathis-blumencafe-faistenau-2026-17-150x84.jpg 150w\" sizes=\"auto, (max-width: 2000px) 100vw, 2000px\" \/><\/figure>\n\n\n<div class=\"mag-gallery\"><div class=\"row\"><div class=\"col-6 col-sm-4\"><figure><a class=\"thumb-container\" href=\"https:\/\/www.salzburgerland.com\/de\/magazin\/wp-content\/uploads\/2026\/04\/kathis-blumencafe-faistenau-2026-32-1280x1024.jpg\">\t<picture><source media=\"(min-width: 576px)\" srcset=\"https:\/\/www.salzburgerland.com\/de\/magazin\/wp-content\/uploads\/2026\/04\/kathis-blumencafe-faistenau-2026-32-325x209.jpg 325w, https:\/\/www.salzburgerland.com\/de\/magazin\/wp-content\/uploads\/2026\/04\/kathis-blumencafe-faistenau-2026-32-249x160.jpg 249w\"><\/source><source media=\"(min-width: 0)\" srcset=\"https:\/\/www.salzburgerland.com\/de\/magazin\/wp-content\/uploads\/2026\/04\/kathis-blumencafe-faistenau-2026-32-249x160.jpg 249w, https:\/\/www.salzburgerland.com\/de\/magazin\/wp-content\/uploads\/2026\/04\/kathis-blumencafe-faistenau-2026-32-325x209.jpg 325w\"><\/source><img decoding=\"async\" alt=\"Dekorativer Gartenschmuck aus Keramik in Kathis Blumencaf&eacute; in einer sonnigen Sitzecke mit Steinen und Sonnenschirmen.\" src=\"https:\/\/www.salzburgerland.com\/de\/magazin\/wp-content\/uploads\/2026\/04\/kathis-blumencafe-faistenau-2026-32.jpg\">\t<\/picture><\/a><\/figure><\/div><div class=\"col-6 col-sm-4\"><figure><a class=\"thumb-container\" href=\"https:\/\/www.salzburgerland.com\/de\/magazin\/wp-content\/uploads\/2026\/04\/kathis-blumencafe-faistenau-2026-4-1280x1024.jpg\">\t<picture><source media=\"(min-width: 576px)\" srcset=\"https:\/\/www.salzburgerland.com\/de\/magazin\/wp-content\/uploads\/2026\/04\/kathis-blumencafe-faistenau-2026-4-325x209.jpg 325w, https:\/\/www.salzburgerland.com\/de\/magazin\/wp-content\/uploads\/2026\/04\/kathis-blumencafe-faistenau-2026-4-249x160.jpg 249w\"><\/source><source media=\"(min-width: 0)\" srcset=\"https:\/\/www.salzburgerland.com\/de\/magazin\/wp-content\/uploads\/2026\/04\/kathis-blumencafe-faistenau-2026-4-249x160.jpg 249w, https:\/\/www.salzburgerland.com\/de\/magazin\/wp-content\/uploads\/2026\/04\/kathis-blumencafe-faistenau-2026-4-325x209.jpg 325w\"><\/source><img decoding=\"async\" alt=\"Eine Hand h&auml;lt eine Speisekarte von Kathis Blumencaf&eacute; in einem Stra&szlig;encaf&eacute;, in dem die Menschen die Sonne genie&szlig;en.\" src=\"https:\/\/www.salzburgerland.com\/de\/magazin\/wp-content\/uploads\/2026\/04\/kathis-blumencafe-faistenau-2026-4.jpg\">\t<\/picture><\/a><\/figure><\/div><div class=\"col-6 col-sm-4\"><figure><a class=\"thumb-container\" href=\"https:\/\/www.salzburgerland.com\/de\/magazin\/wp-content\/uploads\/2026\/04\/kathis-blumencafe-faistenau-2026-33-1280x1024.jpg\">\t<picture><source media=\"(min-width: 576px)\" srcset=\"https:\/\/www.salzburgerland.com\/de\/magazin\/wp-content\/uploads\/2026\/04\/kathis-blumencafe-faistenau-2026-33-325x209.jpg 325w, https:\/\/www.salzburgerland.com\/de\/magazin\/wp-content\/uploads\/2026\/04\/kathis-blumencafe-faistenau-2026-33-249x160.jpg 249w\"><\/source><source media=\"(min-width: 0)\" srcset=\"https:\/\/www.salzburgerland.com\/de\/magazin\/wp-content\/uploads\/2026\/04\/kathis-blumencafe-faistenau-2026-33-249x160.jpg 249w, https:\/\/www.salzburgerland.com\/de\/magazin\/wp-content\/uploads\/2026\/04\/kathis-blumencafe-faistenau-2026-33-325x209.jpg 325w\"><\/source><img decoding=\"async\" alt=\"Bunte Keramik-Gartenskulpturen in Kathis Blumencaf&eacute; neben einem Kopfsteinpflasterweg und gr&uuml;nen Sonnenschirmen.\" src=\"https:\/\/www.salzburgerland.com\/de\/magazin\/wp-content\/uploads\/2026\/04\/kathis-blumencafe-faistenau-2026-33.jpg\">\t<\/picture><\/a><\/figure><\/div><\/div><figcaption><\/figcaption><\/div>\n\n\n\n<h2 class=\"wp-block-heading\" id=\"h-gemutliche-stube\">Gem\u00fctliche Stube<\/h2>\n\n\n\n<p>Wenn das Wetter einmal nicht mitspielt, bietet die gem\u00fctliche Stube im Inneren ausreichend Platz zum Niederlassen. Warm, einladend und mit viel Liebe zum Detail gestaltet, erz\u00e4hlt sie auch ein St\u00fcck Familiengeschichte: Zahlreiche Zertifikate und Auszeichnungen zeugen vom langj\u00e4hrigen Engagement der Familie Klaushofer, die den Erlebnisbauernhof mit viel Herzblut f\u00fchrt und ihre G\u00e4ste aus nah und fern mit ehrlichen, regionalen Produkten versorgt. Es sei noch erw\u00e4hnt: Im Innenbereich des Caf\u00e9s sind keine Hunde erlaubt.<\/p>\n\n\n<div class=\"mag-gallery\"><div class=\"row\"><div class=\"col-6 col-sm-4\"><figure><a class=\"thumb-container\" href=\"https:\/\/www.salzburgerland.com\/de\/magazin\/wp-content\/uploads\/2026\/04\/kathis-blumencafe-faistenau-2026-62-1280x1024.jpg\">\t<picture><source media=\"(min-width: 576px)\" srcset=\"https:\/\/www.salzburgerland.com\/de\/magazin\/wp-content\/uploads\/2026\/04\/kathis-blumencafe-faistenau-2026-62-325x209.jpg 325w, https:\/\/www.salzburgerland.com\/de\/magazin\/wp-content\/uploads\/2026\/04\/kathis-blumencafe-faistenau-2026-62-249x160.jpg 249w\"><\/source><source media=\"(min-width: 0)\" srcset=\"https:\/\/www.salzburgerland.com\/de\/magazin\/wp-content\/uploads\/2026\/04\/kathis-blumencafe-faistenau-2026-62-249x160.jpg 249w, https:\/\/www.salzburgerland.com\/de\/magazin\/wp-content\/uploads\/2026\/04\/kathis-blumencafe-faistenau-2026-62-325x209.jpg 325w\"><\/source><img decoding=\"async\" alt=\"Gem&uuml;tlicher, rustikaler Essbereich in Kathis Blumencaf&eacute; mit Holztischen, schwarzen St&uuml;hlen und warmer Beleuchtung am Fenster.\" src=\"https:\/\/www.salzburgerland.com\/de\/magazin\/wp-content\/uploads\/2026\/04\/kathis-blumencafe-faistenau-2026-62.jpg\">\t<\/picture><\/a><\/figure><\/div><div class=\"col-6 col-sm-4\"><figure><a class=\"thumb-container\" href=\"https:\/\/www.salzburgerland.com\/de\/magazin\/wp-content\/uploads\/2026\/04\/kathis-blumencafe-faistenau-2026-75-1280x1024.jpg\">\t<picture><source media=\"(min-width: 576px)\" srcset=\"https:\/\/www.salzburgerland.com\/de\/magazin\/wp-content\/uploads\/2026\/04\/kathis-blumencafe-faistenau-2026-75-325x209.jpg 325w, https:\/\/www.salzburgerland.com\/de\/magazin\/wp-content\/uploads\/2026\/04\/kathis-blumencafe-faistenau-2026-75-249x160.jpg 249w\"><\/source><source media=\"(min-width: 0)\" srcset=\"https:\/\/www.salzburgerland.com\/de\/magazin\/wp-content\/uploads\/2026\/04\/kathis-blumencafe-faistenau-2026-75-249x160.jpg 249w, https:\/\/www.salzburgerland.com\/de\/magazin\/wp-content\/uploads\/2026\/04\/kathis-blumencafe-faistenau-2026-75-325x209.jpg 325w\"><\/source><img decoding=\"async\" alt='Eine Sch&uuml;rze mit der Aufschrift \"Kathis Blumencaf&eacute;\" h&auml;ngt neben einem Regal, das mit Gl&auml;sern, Tassen und Caf&eacute;-Deko gef&uuml;llt ist.' src=\"https:\/\/www.salzburgerland.com\/de\/magazin\/wp-content\/uploads\/2026\/04\/kathis-blumencafe-faistenau-2026-75.jpg\">\t<\/picture><\/a><\/figure><\/div><div class=\"col-6 col-sm-4\"><figure><a class=\"thumb-container\" href=\"https:\/\/www.salzburgerland.com\/de\/magazin\/wp-content\/uploads\/2026\/04\/kathis-blumencafe-faistenau-2026-69-1280x1024.jpg\">\t<picture><source media=\"(min-width: 576px)\" srcset=\"https:\/\/www.salzburgerland.com\/de\/magazin\/wp-content\/uploads\/2026\/04\/kathis-blumencafe-faistenau-2026-69-325x209.jpg 325w, https:\/\/www.salzburgerland.com\/de\/magazin\/wp-content\/uploads\/2026\/04\/kathis-blumencafe-faistenau-2026-69-249x160.jpg 249w\"><\/source><source media=\"(min-width: 0)\" srcset=\"https:\/\/www.salzburgerland.com\/de\/magazin\/wp-content\/uploads\/2026\/04\/kathis-blumencafe-faistenau-2026-69-249x160.jpg 249w, https:\/\/www.salzburgerland.com\/de\/magazin\/wp-content\/uploads\/2026\/04\/kathis-blumencafe-faistenau-2026-69-325x209.jpg 325w\"><\/source><img decoding=\"async\" alt=\"Gem&uuml;tliches Kathis Blumencaf&eacute; mit Holztischen, gepolsterten Sitzgelegenheiten, Wandkunst und nat&uuml;rlichem Licht durch Oberlicht und Fenster.\" src=\"https:\/\/www.salzburgerland.com\/de\/magazin\/wp-content\/uploads\/2026\/04\/kathis-blumencafe-faistenau-2026-69.jpg\">\t<\/picture><\/a><\/figure><\/div><\/div><figcaption><\/figcaption><\/div>\n\n\n\n<figure class=\"wp-block-image size-full\"><img loading=\"lazy\" decoding=\"async\" width=\"2000\" height=\"1126\" src=\"https:\/\/www.salzburgerland.com\/de\/magazin\/wp-content\/uploads\/2026\/04\/kathis-blumencafe-faistenau-2026-60.jpg\" alt=\"Im gem\u00fctlichen Kathis Blumencaf\u00e9 stehen zwei Holztische mit dunklen St\u00fchlen unter Preisschildern.\" class=\"wp-image-187007\" srcset=\"https:\/\/www.salzburgerland.com\/de\/magazin\/wp-content\/uploads\/2026\/04\/kathis-blumencafe-faistenau-2026-60.jpg 2000w, https:\/\/www.salzburgerland.com\/de\/magazin\/wp-content\/uploads\/2026\/04\/kathis-blumencafe-faistenau-2026-60-300x169.jpg 300w, https:\/\/www.salzburgerland.com\/de\/magazin\/wp-content\/uploads\/2026\/04\/kathis-blumencafe-faistenau-2026-60-1536x865.jpg 1536w, https:\/\/www.salzburgerland.com\/de\/magazin\/wp-content\/uploads\/2026\/04\/kathis-blumencafe-faistenau-2026-60-977x550.jpg 977w, https:\/\/www.salzburgerland.com\/de\/magazin\/wp-content\/uploads\/2026\/04\/kathis-blumencafe-faistenau-2026-60-710x400.jpg 710w, https:\/\/www.salzburgerland.com\/de\/magazin\/wp-content\/uploads\/2026\/04\/kathis-blumencafe-faistenau-2026-60-560x316.jpg 560w, https:\/\/www.salzburgerland.com\/de\/magazin\/wp-content\/uploads\/2026\/04\/kathis-blumencafe-faistenau-2026-60-250x140.jpg 250w, https:\/\/www.salzburgerland.com\/de\/magazin\/wp-content\/uploads\/2026\/04\/kathis-blumencafe-faistenau-2026-60-1320x743.jpg 1320w, https:\/\/www.salzburgerland.com\/de\/magazin\/wp-content\/uploads\/2026\/04\/kathis-blumencafe-faistenau-2026-60-1200x675.jpg 1200w, https:\/\/www.salzburgerland.com\/de\/magazin\/wp-content\/uploads\/2026\/04\/kathis-blumencafe-faistenau-2026-60-150x84.jpg 150w\" sizes=\"auto, (max-width: 2000px) 100vw, 2000px\" \/><\/figure>\n\n\n\n<h2 class=\"wp-block-heading\" id=\"h-kathis-blumencafe-am-oberhinteregg-hof-wo-genuss-zuhause-ist\">Kathis Blumencaf\u00e9 am Oberhinteregg Hof, wo Genuss zuhause ist.<\/h2>\n\n\n\n<p>Ob Fr\u00fchst\u00fcck am Vormittag, ein ausgedehnter Brunch oder eine herzhafte Jause \u2013 das Angebot ist vielseitig und l\u00e4dt zum Verweilen ein. Denn Kathis Blumencaf\u00e9 bietet mehr als nur Kaffee und Kuchen. Es ist ein Ort, an dem Atmosph\u00e4re, Geschmack und Handwerk zusammenfinden.<\/p>\n\n\n\n<p>Vielleicht liegt gerade darin der Reiz: Es ist kein Ort, der sich aufdr\u00e4ngt. Man darf ihn ein wenig entdecken. Und wie es die Natur vorsieht, schaut er zu jeder Jahreszeit anders aus. Aber wer einmal dort war, der versteht schnell, warum viele sagen: Da geht man wieder hin.<\/p>\n\n\n<div class=\"mag-gallery\"><div class=\"row\"><div class=\"col-6 col-sm-4\"><figure><a class=\"thumb-container\" href=\"https:\/\/www.salzburgerland.com\/de\/magazin\/wp-content\/uploads\/2026\/04\/kathis-blumencafe-faistenau-2026-34-1280x1024.jpg\">\t<picture><source media=\"(min-width: 576px)\" srcset=\"https:\/\/www.salzburgerland.com\/de\/magazin\/wp-content\/uploads\/2026\/04\/kathis-blumencafe-faistenau-2026-34-418x650.jpg 418w, https:\/\/www.salzburgerland.com\/de\/magazin\/wp-content\/uploads\/2026\/04\/kathis-blumencafe-faistenau-2026-34-209x325.jpg 209w\"><\/source><source media=\"(min-width: 0)\" srcset=\"https:\/\/www.salzburgerland.com\/de\/magazin\/wp-content\/uploads\/2026\/04\/kathis-blumencafe-faistenau-2026-34-209x325.jpg 209w, https:\/\/www.salzburgerland.com\/de\/magazin\/wp-content\/uploads\/2026\/04\/kathis-blumencafe-faistenau-2026-34-418x650.jpg 418w\"><\/source><img decoding=\"async\" alt=\"Auf einem Holzschild in Kathis Blumencaf&eacute; steht: Kleiner Tipp: Das Passwort f&uuml;rs Leben hei&szlig;t: Humor.\" src=\"https:\/\/www.salzburgerland.com\/de\/magazin\/wp-content\/uploads\/2026\/04\/kathis-blumencafe-faistenau-2026-34.jpg\">\t<\/picture><\/a><\/figure><\/div><div class=\"col-6 col-sm-4\"><figure><a class=\"thumb-container\" href=\"https:\/\/www.salzburgerland.com\/de\/magazin\/wp-content\/uploads\/2026\/04\/kathis-blumencafe-faistenau-2026-77-1280x1024.jpg\">\t<picture><source media=\"(min-width: 576px)\" srcset=\"https:\/\/www.salzburgerland.com\/de\/magazin\/wp-content\/uploads\/2026\/04\/kathis-blumencafe-faistenau-2026-77-418x650.jpg 418w, https:\/\/www.salzburgerland.com\/de\/magazin\/wp-content\/uploads\/2026\/04\/kathis-blumencafe-faistenau-2026-77-209x325.jpg 209w\"><\/source><source media=\"(min-width: 0)\" srcset=\"https:\/\/www.salzburgerland.com\/de\/magazin\/wp-content\/uploads\/2026\/04\/kathis-blumencafe-faistenau-2026-77-209x325.jpg 209w, https:\/\/www.salzburgerland.com\/de\/magazin\/wp-content\/uploads\/2026\/04\/kathis-blumencafe-faistenau-2026-77-418x650.jpg 418w\"><\/source><img decoding=\"async\" alt=\"Verschn&ouml;rkelter Vintage-Wandbrunnen in Kathis Blumencaf&eacute;, mit deutschem Schild und Blumendekoration an der Holzwand.\" src=\"https:\/\/www.salzburgerland.com\/de\/magazin\/wp-content\/uploads\/2026\/04\/kathis-blumencafe-faistenau-2026-77.jpg\">\t<\/picture><\/a><\/figure><\/div><div class=\"col-6 col-sm-4\"><figure><a class=\"thumb-container\" href=\"https:\/\/www.salzburgerland.com\/de\/magazin\/wp-content\/uploads\/2026\/04\/kathis-blumencafe-faistenau-2026-81-1280x1024.jpg\">\t<picture><source media=\"(min-width: 576px)\" srcset=\"https:\/\/www.salzburgerland.com\/de\/magazin\/wp-content\/uploads\/2026\/04\/kathis-blumencafe-faistenau-2026-81-418x650.jpg 418w, https:\/\/www.salzburgerland.com\/de\/magazin\/wp-content\/uploads\/2026\/04\/kathis-blumencafe-faistenau-2026-81-209x325.jpg 209w\"><\/source><source media=\"(min-width: 0)\" srcset=\"https:\/\/www.salzburgerland.com\/de\/magazin\/wp-content\/uploads\/2026\/04\/kathis-blumencafe-faistenau-2026-81-209x325.jpg 209w, https:\/\/www.salzburgerland.com\/de\/magazin\/wp-content\/uploads\/2026\/04\/kathis-blumencafe-faistenau-2026-81-418x650.jpg 418w\"><\/source><img decoding=\"async\" alt=\"Eine Person macht ein Spiegel-Selfie in Kathis Blumencaf&eacute; und h&auml;lt ein Schild mit einem deutschen Text &uuml;ber perfektes Aussehen.\" src=\"https:\/\/www.salzburgerland.com\/de\/magazin\/wp-content\/uploads\/2026\/04\/kathis-blumencafe-faistenau-2026-81.jpg\">\t<\/picture><\/a><\/figure><\/div><\/div><figcaption><\/figcaption><\/div>\n\n\n\n<p>Auch abseits von Kathis Blumencaf\u00e9 zeigt sich die Philosophie des Betriebs. Im Hofladen finden sich zahlreiche hausgemachte Produkte \u2013 von Brot, Speck \u00fcber K\u00e4se bis hin zu Honig, Kr\u00e4utertees und Naturkosmetik. Alles folgt dem gleichen Gedanken: nat\u00fcrliche Zutaten, sorgf\u00e4ltige Verarbeitung und ein bewusster Umgang mit Lebensmitteln.<\/p>\n\n\n\n<figure class=\"wp-block-image size-full\"><img loading=\"lazy\" decoding=\"async\" width=\"2000\" height=\"1126\" src=\"https:\/\/www.salzburgerland.com\/de\/magazin\/wp-content\/uploads\/2026\/04\/kathis-blumencafe-faistenau-2026-49.jpg\" alt=\"Hofladen in Kathis Blumencaf\u00e9 auf einer rustikalen Holztheke, dahinter Regale mit Waren. \u00a9 Melanie Deisl\" class=\"wp-image-186991\" srcset=\"https:\/\/www.salzburgerland.com\/de\/magazin\/wp-content\/uploads\/2026\/04\/kathis-blumencafe-faistenau-2026-49.jpg 2000w, https:\/\/www.salzburgerland.com\/de\/magazin\/wp-content\/uploads\/2026\/04\/kathis-blumencafe-faistenau-2026-49-300x169.jpg 300w, https:\/\/www.salzburgerland.com\/de\/magazin\/wp-content\/uploads\/2026\/04\/kathis-blumencafe-faistenau-2026-49-1536x865.jpg 1536w, https:\/\/www.salzburgerland.com\/de\/magazin\/wp-content\/uploads\/2026\/04\/kathis-blumencafe-faistenau-2026-49-977x550.jpg 977w, https:\/\/www.salzburgerland.com\/de\/magazin\/wp-content\/uploads\/2026\/04\/kathis-blumencafe-faistenau-2026-49-710x400.jpg 710w, https:\/\/www.salzburgerland.com\/de\/magazin\/wp-content\/uploads\/2026\/04\/kathis-blumencafe-faistenau-2026-49-560x316.jpg 560w, https:\/\/www.salzburgerland.com\/de\/magazin\/wp-content\/uploads\/2026\/04\/kathis-blumencafe-faistenau-2026-49-250x140.jpg 250w, https:\/\/www.salzburgerland.com\/de\/magazin\/wp-content\/uploads\/2026\/04\/kathis-blumencafe-faistenau-2026-49-1320x743.jpg 1320w, https:\/\/www.salzburgerland.com\/de\/magazin\/wp-content\/uploads\/2026\/04\/kathis-blumencafe-faistenau-2026-49-1200x675.jpg 1200w, https:\/\/www.salzburgerland.com\/de\/magazin\/wp-content\/uploads\/2026\/04\/kathis-blumencafe-faistenau-2026-49-150x84.jpg 150w\" sizes=\"auto, (max-width: 2000px) 100vw, 2000px\" \/><\/figure>\n\n\n<div class=\"mag-gallery\"><div class=\"row\"><div class=\"col-6 col-sm-4\"><figure><a class=\"thumb-container\" href=\"https:\/\/www.salzburgerland.com\/de\/magazin\/wp-content\/uploads\/2026\/04\/kathis-blumencafe-faistenau-2026-50-1280x1024.jpg\">\t<picture><source media=\"(min-width: 576px)\" srcset=\"https:\/\/www.salzburgerland.com\/de\/magazin\/wp-content\/uploads\/2026\/04\/kathis-blumencafe-faistenau-2026-50-418x650.jpg 418w, https:\/\/www.salzburgerland.com\/de\/magazin\/wp-content\/uploads\/2026\/04\/kathis-blumencafe-faistenau-2026-50-209x325.jpg 209w\"><\/source><source media=\"(min-width: 0)\" srcset=\"https:\/\/www.salzburgerland.com\/de\/magazin\/wp-content\/uploads\/2026\/04\/kathis-blumencafe-faistenau-2026-50-209x325.jpg 209w, https:\/\/www.salzburgerland.com\/de\/magazin\/wp-content\/uploads\/2026\/04\/kathis-blumencafe-faistenau-2026-50-418x650.jpg 418w\"><\/source><img decoding=\"async\" alt=\"Holzregal in Kathis Blumencaf&eacute; mit Gl&auml;sern, Flaschen und Spitzendeckchen f&uuml;r selbstgemachte Konfit&uuml;ren und Lik&ouml;re.\" src=\"https:\/\/www.salzburgerland.com\/de\/magazin\/wp-content\/uploads\/2026\/04\/kathis-blumencafe-faistenau-2026-50.jpg\">\t<\/picture><\/a><\/figure><\/div><div class=\"col-6 col-sm-4\"><figure><a class=\"thumb-container\" href=\"https:\/\/www.salzburgerland.com\/de\/magazin\/wp-content\/uploads\/2026\/04\/kathis-blumencafe-faistenau-2026-52-1280x1024.jpg\">\t<picture><source media=\"(min-width: 576px)\" srcset=\"https:\/\/www.salzburgerland.com\/de\/magazin\/wp-content\/uploads\/2026\/04\/kathis-blumencafe-faistenau-2026-52-418x650.jpg 418w, https:\/\/www.salzburgerland.com\/de\/magazin\/wp-content\/uploads\/2026\/04\/kathis-blumencafe-faistenau-2026-52-209x325.jpg 209w\"><\/source><source media=\"(min-width: 0)\" srcset=\"https:\/\/www.salzburgerland.com\/de\/magazin\/wp-content\/uploads\/2026\/04\/kathis-blumencafe-faistenau-2026-52-209x325.jpg 209w, https:\/\/www.salzburgerland.com\/de\/magazin\/wp-content\/uploads\/2026\/04\/kathis-blumencafe-faistenau-2026-52-418x650.jpg 418w\"><\/source><img decoding=\"async\" alt=\"Kleine Gl&auml;ser mit der Aufschrift Cremen in Kathis Blumencaf&eacute;, die auf einer roten Tischdecke mit einem 15-Euro-Preisschild ausgestellt sind.\" src=\"https:\/\/www.salzburgerland.com\/de\/magazin\/wp-content\/uploads\/2026\/04\/kathis-blumencafe-faistenau-2026-52.jpg\">\t<\/picture><\/a><\/figure><\/div><div class=\"col-6 col-sm-4\"><figure><a class=\"thumb-container\" href=\"https:\/\/www.salzburgerland.com\/de\/magazin\/wp-content\/uploads\/2026\/04\/kathis-blumencafe-faistenau-2026-53-1280x1024.jpg\">\t<picture><source media=\"(min-width: 576px)\" srcset=\"https:\/\/www.salzburgerland.com\/de\/magazin\/wp-content\/uploads\/2026\/04\/kathis-blumencafe-faistenau-2026-53-418x650.jpg 418w, https:\/\/www.salzburgerland.com\/de\/magazin\/wp-content\/uploads\/2026\/04\/kathis-blumencafe-faistenau-2026-53-209x325.jpg 209w\"><\/source><source media=\"(min-width: 0)\" srcset=\"https:\/\/www.salzburgerland.com\/de\/magazin\/wp-content\/uploads\/2026\/04\/kathis-blumencafe-faistenau-2026-53-209x325.jpg 209w, https:\/\/www.salzburgerland.com\/de\/magazin\/wp-content\/uploads\/2026\/04\/kathis-blumencafe-faistenau-2026-53-418x650.jpg 418w\"><\/source><img decoding=\"async\" alt=\"Holzschrank in Kathis Blumencaf&eacute; mit Honiggl&auml;sern, B&uuml;chern, einer Speisekarte auf Regalen und einer offenen Schublade.\" src=\"https:\/\/www.salzburgerland.com\/de\/magazin\/wp-content\/uploads\/2026\/04\/kathis-blumencafe-faistenau-2026-53.jpg\">\t<\/picture><\/a><\/figure><\/div><\/div><figcaption><\/figcaption><\/div>\n\n\n<div class=\"mag-gallery\"><div class=\"row\"><div class=\"col-6 col-sm-4\"><figure><a class=\"thumb-container\" href=\"https:\/\/www.salzburgerland.com\/de\/magazin\/wp-content\/uploads\/2026\/04\/kathis-blumencafe-faistenau-2026-64-1280x1024.jpg\">\t<picture><source media=\"(min-width: 576px)\" srcset=\"https:\/\/www.salzburgerland.com\/de\/magazin\/wp-content\/uploads\/2026\/04\/kathis-blumencafe-faistenau-2026-64-418x650.jpg 418w, https:\/\/www.salzburgerland.com\/de\/magazin\/wp-content\/uploads\/2026\/04\/kathis-blumencafe-faistenau-2026-64-209x325.jpg 209w\"><\/source><source media=\"(min-width: 0)\" srcset=\"https:\/\/www.salzburgerland.com\/de\/magazin\/wp-content\/uploads\/2026\/04\/kathis-blumencafe-faistenau-2026-64-209x325.jpg 209w, https:\/\/www.salzburgerland.com\/de\/magazin\/wp-content\/uploads\/2026\/04\/kathis-blumencafe-faistenau-2026-64-418x650.jpg 418w\"><\/source><img decoding=\"async\" alt=\"M&uuml;slit&uuml;ten in Kathis Blumencaf&eacute; hinter einem Kreideschild mit der Aufschrift Granola 6,90 &euro; auf einem Holzregal.\" src=\"https:\/\/www.salzburgerland.com\/de\/magazin\/wp-content\/uploads\/2026\/04\/kathis-blumencafe-faistenau-2026-64.jpg\">\t<\/picture><\/a><\/figure><\/div><div class=\"col-6 col-sm-4\"><figure><a class=\"thumb-container\" href=\"https:\/\/www.salzburgerland.com\/de\/magazin\/wp-content\/uploads\/2026\/04\/kathis-blumencafe-faistenau-2026-66-1280x1024.jpg\">\t<picture><source media=\"(min-width: 576px)\" srcset=\"https:\/\/www.salzburgerland.com\/de\/magazin\/wp-content\/uploads\/2026\/04\/kathis-blumencafe-faistenau-2026-66-418x650.jpg 418w, https:\/\/www.salzburgerland.com\/de\/magazin\/wp-content\/uploads\/2026\/04\/kathis-blumencafe-faistenau-2026-66-209x325.jpg 209w\"><\/source><source media=\"(min-width: 0)\" srcset=\"https:\/\/www.salzburgerland.com\/de\/magazin\/wp-content\/uploads\/2026\/04\/kathis-blumencafe-faistenau-2026-66-209x325.jpg 209w, https:\/\/www.salzburgerland.com\/de\/magazin\/wp-content\/uploads\/2026\/04\/kathis-blumencafe-faistenau-2026-66-418x650.jpg 418w\"><\/source><img decoding=\"async\" alt=\"Zwei Gl&auml;ser mit selbstgemachter Marmelade von Kathis Blumencaf&eacute;, mit wei&szlig;en Deckeln und Etiketten, gestapelt auf einem Holzregal.\" src=\"https:\/\/www.salzburgerland.com\/de\/magazin\/wp-content\/uploads\/2026\/04\/kathis-blumencafe-faistenau-2026-66.jpg\">\t<\/picture><\/a><\/figure><\/div><div class=\"col-6 col-sm-4\"><figure><a class=\"thumb-container\" href=\"https:\/\/www.salzburgerland.com\/de\/magazin\/wp-content\/uploads\/2026\/04\/kathis-blumencafe-faistenau-2026-65-1280x1024.jpg\">\t<picture><source media=\"(min-width: 576px)\" srcset=\"https:\/\/www.salzburgerland.com\/de\/magazin\/wp-content\/uploads\/2026\/04\/kathis-blumencafe-faistenau-2026-65-418x650.jpg 418w, https:\/\/www.salzburgerland.com\/de\/magazin\/wp-content\/uploads\/2026\/04\/kathis-blumencafe-faistenau-2026-65-209x325.jpg 209w\"><\/source><source media=\"(min-width: 0)\" srcset=\"https:\/\/www.salzburgerland.com\/de\/magazin\/wp-content\/uploads\/2026\/04\/kathis-blumencafe-faistenau-2026-65-209x325.jpg 209w, https:\/\/www.salzburgerland.com\/de\/magazin\/wp-content\/uploads\/2026\/04\/kathis-blumencafe-faistenau-2026-65-418x650.jpg 418w\"><\/source><img decoding=\"async\" alt=\"Kn&auml;ckebrotpackungen mit der Aufschrift Kn&auml;ckebrot &euro; 4,90 stehen in Kathis Blumencaf&eacute; in einem Holzregal.\" src=\"https:\/\/www.salzburgerland.com\/de\/magazin\/wp-content\/uploads\/2026\/04\/kathis-blumencafe-faistenau-2026-65.jpg\">\t<\/picture><\/a><\/figure><\/div><\/div><figcaption><\/figcaption><\/div>\n\n\n\n<figure class=\"wp-block-image size-full\"><img loading=\"lazy\" decoding=\"async\" width=\"1500\" height=\"845\" src=\"https:\/\/www.salzburgerland.com\/de\/magazin\/wp-content\/uploads\/2026\/04\/kathis-blumencafe-faistenau-13.jpg\" alt=\"Flaschen und Gl\u00e4ser in einem Holzregal in Kathis Blumencaf\u00e9 \u00a9 Melanie Deisl\" class=\"wp-image-187011\" srcset=\"https:\/\/www.salzburgerland.com\/de\/magazin\/wp-content\/uploads\/2026\/04\/kathis-blumencafe-faistenau-13.jpg 1500w, https:\/\/www.salzburgerland.com\/de\/magazin\/wp-content\/uploads\/2026\/04\/kathis-blumencafe-faistenau-13-300x169.jpg 300w, https:\/\/www.salzburgerland.com\/de\/magazin\/wp-content\/uploads\/2026\/04\/kathis-blumencafe-faistenau-13-976x550.jpg 976w, https:\/\/www.salzburgerland.com\/de\/magazin\/wp-content\/uploads\/2026\/04\/kathis-blumencafe-faistenau-13-710x400.jpg 710w, https:\/\/www.salzburgerland.com\/de\/magazin\/wp-content\/uploads\/2026\/04\/kathis-blumencafe-faistenau-13-560x316.jpg 560w, https:\/\/www.salzburgerland.com\/de\/magazin\/wp-content\/uploads\/2026\/04\/kathis-blumencafe-faistenau-13-250x140.jpg 250w, https:\/\/www.salzburgerland.com\/de\/magazin\/wp-content\/uploads\/2026\/04\/kathis-blumencafe-faistenau-13-1320x744.jpg 1320w, https:\/\/www.salzburgerland.com\/de\/magazin\/wp-content\/uploads\/2026\/04\/kathis-blumencafe-faistenau-13-1200x675.jpg 1200w, https:\/\/www.salzburgerland.com\/de\/magazin\/wp-content\/uploads\/2026\/04\/kathis-blumencafe-faistenau-13-150x85.jpg 150w\" sizes=\"auto, (max-width: 1500px) 100vw, 1500px\" \/><\/figure>\n\n\n\n<figure class=\"wp-block-image size-full\"><img loading=\"lazy\" decoding=\"async\" width=\"2000\" height=\"1126\" src=\"https:\/\/www.salzburgerland.com\/de\/magazin\/wp-content\/uploads\/2026\/04\/kathis-blumencafe-faistenau-2026-83.jpg\" alt=\"Holzschild mit einer Teekannengrafik von Kathis Blumencaf\u00e9 \u00a9 Melanie Deisl\" class=\"wp-image-187012\" srcset=\"https:\/\/www.salzburgerland.com\/de\/magazin\/wp-content\/uploads\/2026\/04\/kathis-blumencafe-faistenau-2026-83.jpg 2000w, https:\/\/www.salzburgerland.com\/de\/magazin\/wp-content\/uploads\/2026\/04\/kathis-blumencafe-faistenau-2026-83-300x169.jpg 300w, https:\/\/www.salzburgerland.com\/de\/magazin\/wp-content\/uploads\/2026\/04\/kathis-blumencafe-faistenau-2026-83-1536x865.jpg 1536w, https:\/\/www.salzburgerland.com\/de\/magazin\/wp-content\/uploads\/2026\/04\/kathis-blumencafe-faistenau-2026-83-977x550.jpg 977w, https:\/\/www.salzburgerland.com\/de\/magazin\/wp-content\/uploads\/2026\/04\/kathis-blumencafe-faistenau-2026-83-710x400.jpg 710w, https:\/\/www.salzburgerland.com\/de\/magazin\/wp-content\/uploads\/2026\/04\/kathis-blumencafe-faistenau-2026-83-560x316.jpg 560w, https:\/\/www.salzburgerland.com\/de\/magazin\/wp-content\/uploads\/2026\/04\/kathis-blumencafe-faistenau-2026-83-250x140.jpg 250w, https:\/\/www.salzburgerland.com\/de\/magazin\/wp-content\/uploads\/2026\/04\/kathis-blumencafe-faistenau-2026-83-1320x743.jpg 1320w, https:\/\/www.salzburgerland.com\/de\/magazin\/wp-content\/uploads\/2026\/04\/kathis-blumencafe-faistenau-2026-83-1200x675.jpg 1200w, https:\/\/www.salzburgerland.com\/de\/magazin\/wp-content\/uploads\/2026\/04\/kathis-blumencafe-faistenau-2026-83-150x84.jpg 150w\" sizes=\"auto, (max-width: 2000px) 100vw, 2000px\" \/><\/figure>\n\n\n\n<p>Wenn du das n\u00e4chste Mal in Faistenau bist, solltest du dir unbedingt Kathis Blumencaf\u00e9 anschauen. Denn dort am <a href=\"https:\/\/www.salzburgerland.com\/de\/magazin\/kraeuterbauernhof-oberhinteregg\/\" id=\"https:\/\/www.salzburgerland.com\/de\/magazin\/kraeuterbauernhof-oberhinteregg\/\">Oberhinteregg Hof<\/a> findest du eine wundersch\u00f6ne generations\u00fcbergreifende Liaison: das bezaubernde Blumencaf\u00e9 von Kathi, ehrliche Genusshandwerker und einen Kr\u00e4utergarten, der zum Tr\u00e4umen einl\u00e4dt.<\/p>\n\n\n\n<p><strong>Kathis Blumencaf\u00e9<br><\/strong>Tiefbrunnaustra\u00dfe 17<br>5324 Faistenau<br>+43 650 9245559<br><a href=\"https:\/\/www.kathis-blumencafe.com\/\" id=\"https:\/\/www.kathis-blumencafe.com\/\" target=\"_blank\" rel=\"noreferrer noopener\">www.kathis-blumencafe.com<\/a><br>kathis.blumencafe@gmail.com<\/p>\n\n\n\n<p>\u00d6ffnungszeiten: Do &#8211; Sa: 8:45 Uhr bis 18:17 Uhr<\/p>\n\n\n\n<p><em>Fotocredits: \u00a9 Melanie Deisl<\/em><\/p>\n","protected":false},"excerpt":{"rendered":"<p>Ein bl\u00fchendes Geheimnis im SalzburgerLand. Zwischen Salzburg und Fuschl liegt was Feines. Ein verstecktes Kleinod in Faistenau. Was das Kathis Blumencaf\u00e9 von anderen unterscheidet, steckt schon im Namen. Inhaberin Kathi hat sich ganz der Verarbeitung von Bl\u00fcten, Kr\u00e4utern und Gew\u00fcrzen verschrieben \u2013 und zwar nicht als modisches Beiwerk, sondern als handwerkliches Herzst\u00fcck. Die Zutaten daf\u00fcr [&hellip;]<\/p>\n","protected":false},"author":565,"featured_media":186967,"comment_status":"closed","ping_status":"closed","sticky":false,"template":"","format":"standard","meta":{"_acf_changed":false,"wl_entities_gutenberg":"","_wl_entity_redirect_enabled":"","footnotes":""},"categories":[3],"tags":[5889,7631,2631,1768,236,8026,3218,1752,8027,2002],"wl_entity_type":[306],"monatsauswahl":[82,83,84,85,86,87,88,89,90,91,92,93],"class_list":["post-186963","post","type-post","status-publish","format-standard","has-post-thumbnail","hentry","category-essen-trinken","tag-bauernhof","tag-direktvermarktung","tag-faistenau","tag-fruehstueck","tag-fuschlseeregion","tag-glutenfrei","tag-konditorei","tag-kraeuter","tag-kraeutergarten","tag-kulinarik","wl_entity_type-article","monatsauswahl-monat_1","monatsauswahl-monat_2","monatsauswahl-monat_3","monatsauswahl-monat_4","monatsauswahl-monat_5","monatsauswahl-monat_6","monatsauswahl-monat_7","monatsauswahl-monat_8","monatsauswahl-monat_9","monatsauswahl-monat_10","monatsauswahl-monat_11","monatsauswahl-monat_12"],"acf":[],"yoast_head":"<!-- This site is optimized with the Yoast SEO Premium plugin v27.4 (Yoast SEO v27.4) - https:\/\/yoast.com\/product\/yoast-seo-premium-wordpress\/ -->\n<title>Kathis Blumencaf\u00e9 in Faistenau - SalzburgerLand Magazin<\/title>\n<meta name=\"description\" content=\"Kathis Blumencaf\u00e9 am Oberhinteregg Hof: Kreative Torten, Bio-Fr\u00fchst\u00fcck und Kaffeehauskultur in Faistenau genie\u00dfen.\" \/>\n<meta name=\"robots\" content=\"index, follow, max-snippet:-1, max-image-preview:large, max-video-preview:-1\" \/>\n<link rel=\"canonical\" href=\"https:\/\/www.salzburgerland.com\/de\/magazin\/kathis-blumencafe-in-faistenau\/\" \/>\n<meta property=\"og:locale\" content=\"de_DE\" \/>\n<meta property=\"og:type\" content=\"article\" \/>\n<meta property=\"og:title\" content=\"Kathis Blumencaf\u00e9 in Faistenau\" \/>\n<meta property=\"og:description\" content=\"Kathis Blumencaf\u00e9 am Oberhinteregg Hof: Kreative Torten, Bio-Fr\u00fchst\u00fcck und Kaffeehauskultur in Faistenau genie\u00dfen.\" \/>\n<meta property=\"og:url\" content=\"https:\/\/www.salzburgerland.com\/de\/magazin\/kathis-blumencafe-in-faistenau\/\" \/>\n<meta property=\"og:site_name\" content=\"SalzburgerLand Magazin\" \/>\n<meta property=\"article:publisher\" content=\"https:\/\/www.facebook.com\/salzburgerland\/\" \/>\n<meta property=\"article:author\" content=\"https:\/\/www.facebook.com\/urlaubsgeschichten\/\" \/>\n<meta property=\"article:published_time\" content=\"2026-04-30T05:00:00+00:00\" \/>\n<meta property=\"og:image\" content=\"https:\/\/www.salzburgerland.com\/de\/magazin\/wp-content\/uploads\/2026\/04\/kathis-blumencafe-faistenau-8.jpg\" \/>\n\t<meta property=\"og:image:width\" content=\"1500\" \/>\n\t<meta property=\"og:image:height\" content=\"845\" \/>\n\t<meta property=\"og:image:type\" content=\"image\/jpeg\" \/>\n<meta name=\"author\" content=\"Melanie Deisl\" \/>\n<meta name=\"twitter:card\" content=\"summary_large_image\" \/>\n<meta name=\"twitter:creator\" content=\"@Salzburgerland\" \/>\n<meta name=\"twitter:site\" content=\"@Salzburgerland\" \/>\n<meta name=\"twitter:label1\" content=\"Verfasst von\" \/>\n\t<meta name=\"twitter:data1\" content=\"Melanie Deisl\" \/>\n\t<meta name=\"twitter:label2\" content=\"Gesch\u00e4tzte Lesezeit\" \/>\n\t<meta name=\"twitter:data2\" content=\"13\u00a0Minuten\" \/>\n<script type=\"application\/ld+json\" class=\"yoast-schema-graph\">{\"@context\":\"https:\\\/\\\/schema.org\",\"@graph\":[{\"@type\":\"Article\",\"@id\":\"https:\\\/\\\/www.salzburgerland.com\\\/de\\\/magazin\\\/kathis-blumencafe-in-faistenau\\\/#article\",\"isPartOf\":{\"@id\":\"https:\\\/\\\/www.salzburgerland.com\\\/de\\\/magazin\\\/kathis-blumencafe-in-faistenau\\\/\"},\"author\":{\"name\":\"Melanie Deisl\",\"@id\":\"https:\\\/\\\/www.salzburgerland.com\\\/de\\\/magazin\\\/#\\\/schema\\\/person\\\/3d66364225257aad8b700259f8d80a69\"},\"headline\":\"Kathis Blumencaf\u00e9 in Faistenau\",\"datePublished\":\"2026-04-30T05:00:00+00:00\",\"mainEntityOfPage\":{\"@id\":\"https:\\\/\\\/www.salzburgerland.com\\\/de\\\/magazin\\\/kathis-blumencafe-in-faistenau\\\/\"},\"wordCount\":1030,\"publisher\":{\"@id\":\"https:\\\/\\\/www.salzburgerland.com\\\/de\\\/magazin\\\/#organization\"},\"image\":{\"@id\":\"https:\\\/\\\/www.salzburgerland.com\\\/de\\\/magazin\\\/kathis-blumencafe-in-faistenau\\\/#primaryimage\"},\"thumbnailUrl\":\"https:\\\/\\\/www.salzburgerland.com\\\/de\\\/magazin\\\/wp-content\\\/uploads\\\/2026\\\/04\\\/kathis-blumencafe-faistenau-8.jpg\",\"keywords\":[\"Bauernhof\",\"Direktvermarktung\",\"Faistenau\",\"Fr\u00fchst\u00fcck\",\"fuschlseeregion\",\"Glutenfrei\",\"Konditorei\",\"Kr\u00e4uter\",\"Kr\u00e4utergarten\",\"Kulinarik\"],\"articleSection\":[\"Essen &amp; Trinken\"],\"inLanguage\":\"de\"},{\"@type\":\"WebPage\",\"@id\":\"https:\\\/\\\/www.salzburgerland.com\\\/de\\\/magazin\\\/kathis-blumencafe-in-faistenau\\\/\",\"url\":\"https:\\\/\\\/www.salzburgerland.com\\\/de\\\/magazin\\\/kathis-blumencafe-in-faistenau\\\/\",\"name\":\"Kathis Blumencaf\u00e9 in Faistenau - SalzburgerLand Magazin\",\"isPartOf\":{\"@id\":\"https:\\\/\\\/www.salzburgerland.com\\\/de\\\/magazin\\\/#website\"},\"primaryImageOfPage\":{\"@id\":\"https:\\\/\\\/www.salzburgerland.com\\\/de\\\/magazin\\\/kathis-blumencafe-in-faistenau\\\/#primaryimage\"},\"image\":{\"@id\":\"https:\\\/\\\/www.salzburgerland.com\\\/de\\\/magazin\\\/kathis-blumencafe-in-faistenau\\\/#primaryimage\"},\"thumbnailUrl\":\"https:\\\/\\\/www.salzburgerland.com\\\/de\\\/magazin\\\/wp-content\\\/uploads\\\/2026\\\/04\\\/kathis-blumencafe-faistenau-8.jpg\",\"datePublished\":\"2026-04-30T05:00:00+00:00\",\"description\":\"Kathis Blumencaf\u00e9 am Oberhinteregg Hof: Kreative Torten, Bio-Fr\u00fchst\u00fcck und Kaffeehauskultur in Faistenau genie\u00dfen.\",\"breadcrumb\":{\"@id\":\"https:\\\/\\\/www.salzburgerland.com\\\/de\\\/magazin\\\/kathis-blumencafe-in-faistenau\\\/#breadcrumb\"},\"inLanguage\":\"de\",\"potentialAction\":[{\"@type\":\"ReadAction\",\"target\":[\"https:\\\/\\\/www.salzburgerland.com\\\/de\\\/magazin\\\/kathis-blumencafe-in-faistenau\\\/\"]}]},{\"@type\":\"ImageObject\",\"inLanguage\":\"de\",\"@id\":\"https:\\\/\\\/www.salzburgerland.com\\\/de\\\/magazin\\\/kathis-blumencafe-in-faistenau\\\/#primaryimage\",\"url\":\"https:\\\/\\\/www.salzburgerland.com\\\/de\\\/magazin\\\/wp-content\\\/uploads\\\/2026\\\/04\\\/kathis-blumencafe-faistenau-8.jpg\",\"contentUrl\":\"https:\\\/\\\/www.salzburgerland.com\\\/de\\\/magazin\\\/wp-content\\\/uploads\\\/2026\\\/04\\\/kathis-blumencafe-faistenau-8.jpg\",\"width\":1500,\"height\":845,\"caption\":\"Ein Teller mit geschnittenem Gem\u00fcse, K\u00e4se und Blumen in Kathis Blumencaf\u00e9 neben einem Glas Orangensaft.\"},{\"@type\":\"BreadcrumbList\",\"@id\":\"https:\\\/\\\/www.salzburgerland.com\\\/de\\\/magazin\\\/kathis-blumencafe-in-faistenau\\\/#breadcrumb\",\"itemListElement\":[{\"@type\":\"ListItem\",\"position\":1,\"name\":\"Startseite\",\"item\":\"https:\\\/\\\/www.salzburgerland.com\\\/de\\\/magazin\\\/\"},{\"@type\":\"ListItem\",\"position\":2,\"name\":\"Essen &amp; Trinken\",\"item\":\"https:\\\/\\\/www.salzburgerland.com\\\/de\\\/magazin\\\/thema\\\/essen-trinken\\\/\"},{\"@type\":\"ListItem\",\"position\":3,\"name\":\"Kathis Blumencaf\u00e9 in Faistenau\"}]},{\"@type\":\"WebSite\",\"@id\":\"https:\\\/\\\/www.salzburgerland.com\\\/de\\\/magazin\\\/#website\",\"url\":\"https:\\\/\\\/www.salzburgerland.com\\\/de\\\/magazin\\\/\",\"name\":\"SalzburgerLand Magazin\",\"description\":\"Geschichten und Interessantes aus dem SalzburgerLand\",\"publisher\":{\"@id\":\"https:\\\/\\\/www.salzburgerland.com\\\/de\\\/magazin\\\/#organization\"},\"potentialAction\":[{\"@type\":\"SearchAction\",\"target\":{\"@type\":\"EntryPoint\",\"urlTemplate\":\"https:\\\/\\\/www.salzburgerland.com\\\/de\\\/magazin\\\/?s={search_term_string}\"},\"query-input\":{\"@type\":\"PropertyValueSpecification\",\"valueRequired\":true,\"valueName\":\"search_term_string\"}}],\"inLanguage\":\"de\"},{\"@type\":\"Organization\",\"@id\":\"https:\\\/\\\/www.salzburgerland.com\\\/de\\\/magazin\\\/#organization\",\"name\":\"SalzburgerLand Tourismus\",\"url\":\"https:\\\/\\\/www.salzburgerland.com\\\/de\\\/magazin\\\/\",\"logo\":{\"@type\":\"ImageObject\",\"inLanguage\":\"de\",\"@id\":\"https:\\\/\\\/www.salzburgerland.com\\\/de\\\/magazin\\\/#\\\/schema\\\/logo\\\/image\\\/\",\"url\":\"https:\\\/\\\/www.salzburgerland.com\\\/de\\\/magazin\\\/wp-content\\\/uploads\\\/2019\\\/06\\\/salzburgerland-logo1.jpg\",\"contentUrl\":\"https:\\\/\\\/www.salzburgerland.com\\\/de\\\/magazin\\\/wp-content\\\/uploads\\\/2019\\\/06\\\/salzburgerland-logo1.jpg\",\"width\":2011,\"height\":866,\"caption\":\"SalzburgerLand Tourismus\"},\"image\":{\"@id\":\"https:\\\/\\\/www.salzburgerland.com\\\/de\\\/magazin\\\/#\\\/schema\\\/logo\\\/image\\\/\"},\"sameAs\":[\"https:\\\/\\\/www.facebook.com\\\/salzburgerland\\\/\",\"https:\\\/\\\/x.com\\\/Salzburgerland\",\"https:\\\/\\\/www.instagram.com\\\/salzburgerland\\\/\",\"https:\\\/\\\/at.linkedin.com\\\/company\\\/salzburgerland-tourismus-gmbh\",\"https:\\\/\\\/www.pinterest.at\\\/salzburgerland\\\/\",\"https:\\\/\\\/www.youtube.com\\\/user\\\/salzburgerland\",\"https:\\\/\\\/de.wikipedia.org\\\/wiki\\\/SalzburgerLand_Tourismus_GmbH\"]},{\"@type\":\"Person\",\"@id\":\"https:\\\/\\\/www.salzburgerland.com\\\/de\\\/magazin\\\/#\\\/schema\\\/person\\\/3d66364225257aad8b700259f8d80a69\",\"name\":\"Melanie Deisl\",\"description\":\"Ihre Liebe zum Reisen teilt Melanie genauso gerne, wie ihre Liebe zum SalzburgerLand. Die geb\u00fcrtige Faistenauerin ist in Koppl aufgewachsen und in der Fuschlseeregion zuhause. Und die kennt sie auch wie ihre Westentasche. Ihre erste, noch sehr analoge, Tourismuserfahrung konnte sie bereits w\u00e4hrend der Schulzeit beim SalzburgerLand Tourismus (SLTG) und sp\u00e4ter beim TVB Fuschl am See sammeln. Beruflich ist sie seit ihrem Studium der Kommunikationswissenschaften im Bereich SEO, Text &amp; Content Marketing zuhause. Was dazu f\u00fchrte, dass sie sich ans Reisebloggen wagte. Schnell wurde aus reinem Interesse, pure Passion. Dem Ausflug in ferne L\u00e4nder folgte eine Revision der Qualit\u00e4ten der eigenen Heimat als Urlaubsziel. Und diese fiel mehr als positiv aus. Die Liebe zu Ihrer Heimat ist ihr in die Wiege gelegt, und wie sie sagt, wird diese auch immer st\u00e4rker. Na, sie muss es ja wissen. Immerhin bietet sie auf \\\"urlaubsgeschichten.at\\\" Inspiration f\u00fcr Reisen in ferne L\u00e4nder und gibt Insidertipps f\u00fcr \u00d6sterreich-Liebhaber. Ihr ist es ein pers\u00f6nliches Anliegen zu zeigen, dass man auch auf kurzen Reisen einzigartige Erfahrungen sammeln kann. Da z\u00e4hlt das SalzburgerLand nat\u00fcrlich zu ihren TOP-Favoriten. Ihre Reisen verbindet Sie selbst am liebsten mit Wandern, Skifahren und Genuss. Vor allem regionale Produkte aus der Heimat haben es der bodenst\u00e4ndigen Salzburgerin angetan.\u00a0In der Freizeit zieht es Melanie, wie soll es anders sein, hinaus. Mal auf den Berg, mal an den See, mal in die Stadt Salzburg. Aber nie ohne Kamera und Notizbuch. Es k\u00f6nnte ja eine gute Urlaubsgeschichte dabei sein ... Mein pers\u00f6nlicher Logenplatz im SalzburgerLand Eine Runde um den Hintersee. Das geht immer und macht den Kopf frei. Bei einer Runde um den See kann ich mich gut entspannen. Aber ich drehe auch gerne mal eine gem\u00fctliche \\\"Tratschrunde\\\" mit einer Freundin um den sch\u00f6nen See. Salzburger Nockerl oder Schwarzbeernocken? Die Wahl f\u00e4llt mir sehr leicht. Ich liebe \\\"Zeckbeerdatscherln\\\", wie man bei uns zu den Schwarzbeernocken sagt. Nat\u00fcrlich mit selbstgepfl\u00fcckten Schwarzbeeren zubereitet und sch\u00f6n dunkelblau. Mozart oder Hubert von Goisern? Beides. Ich mag Musik in fast jeder Form. Ich spiele selbst Gitarre und singe sehr gerne - das f\u00e4llt mir bei Hubert von Goisern, Austropop und Rockmusik leichter ;-) aber ich hab auch f\u00fcr Mozart und klassische Musik was \u00fcbrig. Ich bin musikalisch \u00fcberhaupt sehr aufgeschlossen und vor allem immer interessiert Neues zu entdecken. Musik, die mir gef\u00e4llt eben. Luxushotel oder Almh\u00fctte? Mal dies mal das. Zu einem Wellness-Wochenende im Luxushotel braucht man mich nicht lange \u00fcberreden, das versteht sich von selbst. Zu einem Urlaub auf der Alm aber auch nicht. Ich wei\u00df jedoch, dass man das hervorragend miteinander verbinden kann. Die Antwort lautet also: beides! Ausstellung oder Bergpanorama? Ich muss gestehen, ich bin eher erlebnisorientiert, deshalb entscheide ich mich immer f\u00fcr das Bergpanorama. Morgen- oder Abendmensch? Ich war schon immer ein Fr\u00fchaufsteher und bin schon vor dem ersten Kaffee hellwach, diskussionsfreudig und sehr produktiv. Ich erlebe aber in meiner Tageskurve das typische Nachmittagstief, daher w\u00e4re ich voll f\u00fcr die Einf\u00fchrung der \\\"Siesta\\\". Daf\u00fcr bin ich in aber in den Abendstunden auch wieder hellwach und voller Energie.\",\"sameAs\":[\"https:\\\/\\\/urlaubsgeschichten.at\",\"https:\\\/\\\/www.facebook.com\\\/urlaubsgeschichten\\\/\",\"https:\\\/\\\/www.instagram.com\\\/urlaubsgeschichten\\\/\",\"https:\\\/\\\/www.linkedin.com\\\/in\\\/urlaubsgeschichten\\\/\",\"https:\\\/\\\/www.pinterest.at\\\/mytravelstories\\\/\"],\"url\":\"https:\\\/\\\/www.salzburgerland.com\\\/de\\\/magazin\\\/author\\\/melanie_deisl\\\/\"}]}<\/script>\n<!-- \/ Yoast SEO Premium plugin. -->","yoast_head_json":{"title":"Kathis Blumencaf\u00e9 in Faistenau - SalzburgerLand Magazin","description":"Kathis Blumencaf\u00e9 am Oberhinteregg Hof: Kreative Torten, Bio-Fr\u00fchst\u00fcck und Kaffeehauskultur in Faistenau genie\u00dfen.","robots":{"index":"index","follow":"follow","max-snippet":"max-snippet:-1","max-image-preview":"max-image-preview:large","max-video-preview":"max-video-preview:-1"},"canonical":"https:\/\/www.salzburgerland.com\/de\/magazin\/kathis-blumencafe-in-faistenau\/","og_locale":"de_DE","og_type":"article","og_title":"Kathis Blumencaf\u00e9 in Faistenau","og_description":"Kathis Blumencaf\u00e9 am Oberhinteregg Hof: Kreative Torten, Bio-Fr\u00fchst\u00fcck und Kaffeehauskultur in Faistenau genie\u00dfen.","og_url":"https:\/\/www.salzburgerland.com\/de\/magazin\/kathis-blumencafe-in-faistenau\/","og_site_name":"SalzburgerLand Magazin","article_publisher":"https:\/\/www.facebook.com\/salzburgerland\/","article_author":"https:\/\/www.facebook.com\/urlaubsgeschichten\/","article_published_time":"2026-04-30T05:00:00+00:00","og_image":[{"width":1500,"height":845,"url":"https:\/\/www.salzburgerland.com\/de\/magazin\/wp-content\/uploads\/2026\/04\/kathis-blumencafe-faistenau-8.jpg","type":"image\/jpeg"}],"author":"Melanie Deisl","twitter_card":"summary_large_image","twitter_creator":"@Salzburgerland","twitter_site":"@Salzburgerland","twitter_misc":{"Verfasst von":"Melanie Deisl","Gesch\u00e4tzte Lesezeit":"13\u00a0Minuten"},"schema":{"@context":"https:\/\/schema.org","@graph":[{"@type":"Article","@id":"https:\/\/www.salzburgerland.com\/de\/magazin\/kathis-blumencafe-in-faistenau\/#article","isPartOf":{"@id":"https:\/\/www.salzburgerland.com\/de\/magazin\/kathis-blumencafe-in-faistenau\/"},"author":{"name":"Melanie Deisl","@id":"https:\/\/www.salzburgerland.com\/de\/magazin\/#\/schema\/person\/3d66364225257aad8b700259f8d80a69"},"headline":"Kathis Blumencaf\u00e9 in Faistenau","datePublished":"2026-04-30T05:00:00+00:00","mainEntityOfPage":{"@id":"https:\/\/www.salzburgerland.com\/de\/magazin\/kathis-blumencafe-in-faistenau\/"},"wordCount":1030,"publisher":{"@id":"https:\/\/www.salzburgerland.com\/de\/magazin\/#organization"},"image":{"@id":"https:\/\/www.salzburgerland.com\/de\/magazin\/kathis-blumencafe-in-faistenau\/#primaryimage"},"thumbnailUrl":"https:\/\/www.salzburgerland.com\/de\/magazin\/wp-content\/uploads\/2026\/04\/kathis-blumencafe-faistenau-8.jpg","keywords":["Bauernhof","Direktvermarktung","Faistenau","Fr\u00fchst\u00fcck","fuschlseeregion","Glutenfrei","Konditorei","Kr\u00e4uter","Kr\u00e4utergarten","Kulinarik"],"articleSection":["Essen &amp; Trinken"],"inLanguage":"de"},{"@type":"WebPage","@id":"https:\/\/www.salzburgerland.com\/de\/magazin\/kathis-blumencafe-in-faistenau\/","url":"https:\/\/www.salzburgerland.com\/de\/magazin\/kathis-blumencafe-in-faistenau\/","name":"Kathis Blumencaf\u00e9 in Faistenau - SalzburgerLand Magazin","isPartOf":{"@id":"https:\/\/www.salzburgerland.com\/de\/magazin\/#website"},"primaryImageOfPage":{"@id":"https:\/\/www.salzburgerland.com\/de\/magazin\/kathis-blumencafe-in-faistenau\/#primaryimage"},"image":{"@id":"https:\/\/www.salzburgerland.com\/de\/magazin\/kathis-blumencafe-in-faistenau\/#primaryimage"},"thumbnailUrl":"https:\/\/www.salzburgerland.com\/de\/magazin\/wp-content\/uploads\/2026\/04\/kathis-blumencafe-faistenau-8.jpg","datePublished":"2026-04-30T05:00:00+00:00","description":"Kathis Blumencaf\u00e9 am Oberhinteregg Hof: Kreative Torten, Bio-Fr\u00fchst\u00fcck und Kaffeehauskultur in Faistenau genie\u00dfen.","breadcrumb":{"@id":"https:\/\/www.salzburgerland.com\/de\/magazin\/kathis-blumencafe-in-faistenau\/#breadcrumb"},"inLanguage":"de","potentialAction":[{"@type":"ReadAction","target":["https:\/\/www.salzburgerland.com\/de\/magazin\/kathis-blumencafe-in-faistenau\/"]}]},{"@type":"ImageObject","inLanguage":"de","@id":"https:\/\/www.salzburgerland.com\/de\/magazin\/kathis-blumencafe-in-faistenau\/#primaryimage","url":"https:\/\/www.salzburgerland.com\/de\/magazin\/wp-content\/uploads\/2026\/04\/kathis-blumencafe-faistenau-8.jpg","contentUrl":"https:\/\/www.salzburgerland.com\/de\/magazin\/wp-content\/uploads\/2026\/04\/kathis-blumencafe-faistenau-8.jpg","width":1500,"height":845,"caption":"Ein Teller mit geschnittenem Gem\u00fcse, K\u00e4se und Blumen in Kathis Blumencaf\u00e9 neben einem Glas Orangensaft."},{"@type":"BreadcrumbList","@id":"https:\/\/www.salzburgerland.com\/de\/magazin\/kathis-blumencafe-in-faistenau\/#breadcrumb","itemListElement":[{"@type":"ListItem","position":1,"name":"Startseite","item":"https:\/\/www.salzburgerland.com\/de\/magazin\/"},{"@type":"ListItem","position":2,"name":"Essen &amp; Trinken","item":"https:\/\/www.salzburgerland.com\/de\/magazin\/thema\/essen-trinken\/"},{"@type":"ListItem","position":3,"name":"Kathis Blumencaf\u00e9 in Faistenau"}]},{"@type":"WebSite","@id":"https:\/\/www.salzburgerland.com\/de\/magazin\/#website","url":"https:\/\/www.salzburgerland.com\/de\/magazin\/","name":"SalzburgerLand Magazin","description":"Geschichten und Interessantes aus dem SalzburgerLand","publisher":{"@id":"https:\/\/www.salzburgerland.com\/de\/magazin\/#organization"},"potentialAction":[{"@type":"SearchAction","target":{"@type":"EntryPoint","urlTemplate":"https:\/\/www.salzburgerland.com\/de\/magazin\/?s={search_term_string}"},"query-input":{"@type":"PropertyValueSpecification","valueRequired":true,"valueName":"search_term_string"}}],"inLanguage":"de"},{"@type":"Organization","@id":"https:\/\/www.salzburgerland.com\/de\/magazin\/#organization","name":"SalzburgerLand Tourismus","url":"https:\/\/www.salzburgerland.com\/de\/magazin\/","logo":{"@type":"ImageObject","inLanguage":"de","@id":"https:\/\/www.salzburgerland.com\/de\/magazin\/#\/schema\/logo\/image\/","url":"https:\/\/www.salzburgerland.com\/de\/magazin\/wp-content\/uploads\/2019\/06\/salzburgerland-logo1.jpg","contentUrl":"https:\/\/www.salzburgerland.com\/de\/magazin\/wp-content\/uploads\/2019\/06\/salzburgerland-logo1.jpg","width":2011,"height":866,"caption":"SalzburgerLand Tourismus"},"image":{"@id":"https:\/\/www.salzburgerland.com\/de\/magazin\/#\/schema\/logo\/image\/"},"sameAs":["https:\/\/www.facebook.com\/salzburgerland\/","https:\/\/x.com\/Salzburgerland","https:\/\/www.instagram.com\/salzburgerland\/","https:\/\/at.linkedin.com\/company\/salzburgerland-tourismus-gmbh","https:\/\/www.pinterest.at\/salzburgerland\/","https:\/\/www.youtube.com\/user\/salzburgerland","https:\/\/de.wikipedia.org\/wiki\/SalzburgerLand_Tourismus_GmbH"]},{"@type":"Person","@id":"https:\/\/www.salzburgerland.com\/de\/magazin\/#\/schema\/person\/3d66364225257aad8b700259f8d80a69","name":"Melanie Deisl","description":"Ihre Liebe zum Reisen teilt Melanie genauso gerne, wie ihre Liebe zum SalzburgerLand. Die geb\u00fcrtige Faistenauerin ist in Koppl aufgewachsen und in der Fuschlseeregion zuhause. Und die kennt sie auch wie ihre Westentasche. Ihre erste, noch sehr analoge, Tourismuserfahrung konnte sie bereits w\u00e4hrend der Schulzeit beim SalzburgerLand Tourismus (SLTG) und sp\u00e4ter beim TVB Fuschl am See sammeln. Beruflich ist sie seit ihrem Studium der Kommunikationswissenschaften im Bereich SEO, Text &amp; Content Marketing zuhause. Was dazu f\u00fchrte, dass sie sich ans Reisebloggen wagte. Schnell wurde aus reinem Interesse, pure Passion. Dem Ausflug in ferne L\u00e4nder folgte eine Revision der Qualit\u00e4ten der eigenen Heimat als Urlaubsziel. Und diese fiel mehr als positiv aus. Die Liebe zu Ihrer Heimat ist ihr in die Wiege gelegt, und wie sie sagt, wird diese auch immer st\u00e4rker. Na, sie muss es ja wissen. Immerhin bietet sie auf \"urlaubsgeschichten.at\" Inspiration f\u00fcr Reisen in ferne L\u00e4nder und gibt Insidertipps f\u00fcr \u00d6sterreich-Liebhaber. Ihr ist es ein pers\u00f6nliches Anliegen zu zeigen, dass man auch auf kurzen Reisen einzigartige Erfahrungen sammeln kann. Da z\u00e4hlt das SalzburgerLand nat\u00fcrlich zu ihren TOP-Favoriten. Ihre Reisen verbindet Sie selbst am liebsten mit Wandern, Skifahren und Genuss. Vor allem regionale Produkte aus der Heimat haben es der bodenst\u00e4ndigen Salzburgerin angetan.\u00a0In der Freizeit zieht es Melanie, wie soll es anders sein, hinaus. Mal auf den Berg, mal an den See, mal in die Stadt Salzburg. Aber nie ohne Kamera und Notizbuch. Es k\u00f6nnte ja eine gute Urlaubsgeschichte dabei sein ... Mein pers\u00f6nlicher Logenplatz im SalzburgerLand Eine Runde um den Hintersee. Das geht immer und macht den Kopf frei. Bei einer Runde um den See kann ich mich gut entspannen. Aber ich drehe auch gerne mal eine gem\u00fctliche \"Tratschrunde\" mit einer Freundin um den sch\u00f6nen See. Salzburger Nockerl oder Schwarzbeernocken? Die Wahl f\u00e4llt mir sehr leicht. Ich liebe \"Zeckbeerdatscherln\", wie man bei uns zu den Schwarzbeernocken sagt. Nat\u00fcrlich mit selbstgepfl\u00fcckten Schwarzbeeren zubereitet und sch\u00f6n dunkelblau. Mozart oder Hubert von Goisern? Beides. Ich mag Musik in fast jeder Form. Ich spiele selbst Gitarre und singe sehr gerne - das f\u00e4llt mir bei Hubert von Goisern, Austropop und Rockmusik leichter ;-) aber ich hab auch f\u00fcr Mozart und klassische Musik was \u00fcbrig. Ich bin musikalisch \u00fcberhaupt sehr aufgeschlossen und vor allem immer interessiert Neues zu entdecken. Musik, die mir gef\u00e4llt eben. Luxushotel oder Almh\u00fctte? Mal dies mal das. Zu einem Wellness-Wochenende im Luxushotel braucht man mich nicht lange \u00fcberreden, das versteht sich von selbst. Zu einem Urlaub auf der Alm aber auch nicht. Ich wei\u00df jedoch, dass man das hervorragend miteinander verbinden kann. Die Antwort lautet also: beides! Ausstellung oder Bergpanorama? Ich muss gestehen, ich bin eher erlebnisorientiert, deshalb entscheide ich mich immer f\u00fcr das Bergpanorama. Morgen- oder Abendmensch? Ich war schon immer ein Fr\u00fchaufsteher und bin schon vor dem ersten Kaffee hellwach, diskussionsfreudig und sehr produktiv. Ich erlebe aber in meiner Tageskurve das typische Nachmittagstief, daher w\u00e4re ich voll f\u00fcr die Einf\u00fchrung der \"Siesta\". Daf\u00fcr bin ich in aber in den Abendstunden auch wieder hellwach und voller Energie.","sameAs":["https:\/\/urlaubsgeschichten.at","https:\/\/www.facebook.com\/urlaubsgeschichten\/","https:\/\/www.instagram.com\/urlaubsgeschichten\/","https:\/\/www.linkedin.com\/in\/urlaubsgeschichten\/","https:\/\/www.pinterest.at\/mytravelstories\/"],"url":"https:\/\/www.salzburgerland.com\/de\/magazin\/author\/melanie_deisl\/"}]}},"_wl_alt_label":[],"wl:entity_url":"http:\/\/open.salzburgerland.com\/magazin\/post\/kathis-blumencafe-in-faistenau-186963","_links":{"self":[{"href":"https:\/\/www.salzburgerland.com\/de\/magazin\/wp-json\/wp\/v2\/posts\/186963","targetHints":{"allow":["GET"]}}],"collection":[{"href":"https:\/\/www.salzburgerland.com\/de\/magazin\/wp-json\/wp\/v2\/posts"}],"about":[{"href":"https:\/\/www.salzburgerland.com\/de\/magazin\/wp-json\/wp\/v2\/types\/post"}],"author":[{"embeddable":true,"href":"https:\/\/www.salzburgerland.com\/de\/magazin\/wp-json\/wp\/v2\/users\/565"}],"replies":[{"embeddable":true,"href":"https:\/\/www.salzburgerland.com\/de\/magazin\/wp-json\/wp\/v2\/comments?post=186963"}],"version-history":[{"count":14,"href":"https:\/\/www.salzburgerland.com\/de\/magazin\/wp-json\/wp\/v2\/posts\/186963\/revisions"}],"predecessor-version":[{"id":187075,"href":"https:\/\/www.salzburgerland.com\/de\/magazin\/wp-json\/wp\/v2\/posts\/186963\/revisions\/187075"}],"wp:featuredmedia":[{"embeddable":true,"href":"https:\/\/www.salzburgerland.com\/de\/magazin\/wp-json\/wp\/v2\/media\/186967"}],"wp:attachment":[{"href":"https:\/\/www.salzburgerland.com\/de\/magazin\/wp-json\/wp\/v2\/media?parent=186963"}],"wp:term":[{"taxonomy":"category","embeddable":true,"href":"https:\/\/www.salzburgerland.com\/de\/magazin\/wp-json\/wp\/v2\/categories?post=186963"},{"taxonomy":"post_tag","embeddable":true,"href":"https:\/\/www.salzburgerland.com\/de\/magazin\/wp-json\/wp\/v2\/tags?post=186963"},{"taxonomy":"wl_entity_type","embeddable":true,"href":"https:\/\/www.salzburgerland.com\/de\/magazin\/wp-json\/wp\/v2\/wl_entity_type?post=186963"},{"taxonomy":"monatsauswahl","embeddable":true,"href":"https:\/\/www.salzburgerland.com\/de\/magazin\/wp-json\/wp\/v2\/monatsauswahl?post=186963"}],"curies":[{"name":"wp","href":"https:\/\/api.w.org\/{rel}","templated":true}]}}