{"id":185431,"date":"2025-12-09T07:26:56","date_gmt":"2025-12-09T06:26:56","guid":{"rendered":"https:\/\/www.salzburgerland.com\/de\/magazin\/?p=185431"},"modified":"2026-01-22T11:05:21","modified_gmt":"2026-01-22T10:05:21","slug":"marias-biokosmetik","status":"publish","type":"post","link":"https:\/\/www.salzburgerland.com\/de\/magazin\/marias-biokosmetik\/","title":{"rendered":"Marias Biokosmetik"},"content":{"rendered":"\n<div class=\"wp-block-slt-top topBlocks\">\n<h2 class=\"wp-block-slt-subtitle\">Biokosmetik im Einklang mit der Natur<\/h2>\n\n\n\n<p class=\"wp-block-slt-intro\">Vor fast 40 Jahren hat Maria Pieper begonnen, mit Rohstoffen aus der Natur Biokosmetik herzustellen. Was als kleine, biologische Kr\u00e4uterfarm begann, ist heute ein Traditionsunternehmen mit Sitz in der Stadt Salzburg und mittlerweile zwei Stores im Zentrum von Salzburg und Bad Reichenhall.<\/p>\n<\/div>\n\n\n\n<p>Nach ihren Anf\u00e4ngen in der Steiermark kehrte die Familie 1997 mit nunmehr drei Kindern, viel Elan und guten Ideen vom Land zur\u00fcck in ihre Heimatstadt Salzburg. Ein Produktionsstandort wurde bald gefunden und das Unternehmen wuchs in den letzten 40 Jahren zu einem erfolgreichen mittelst\u00e4ndischen Familienbetrieb heran. <\/p>\n\n\n\n<figure class=\"wp-block-image size-full is-resized\"><img loading=\"lazy\" decoding=\"async\" width=\"2560\" height=\"1707\" src=\"https:\/\/www.salzburgerland.com\/de\/magazin\/wp-content\/uploads\/2025\/12\/Maria_Portrait-scaled.jpg\" alt=\"\u00c4ltere Frau mit grauen Haaren in einem schwarzen Blazer, l\u00e4chelnd in einem Innenraum in der N\u00e4he von Pflanzen bei Marias Biokosmetik Salzburg.\" class=\"wp-image-185443\" style=\"width:688px;height:auto\" srcset=\"https:\/\/www.salzburgerland.com\/de\/magazin\/wp-content\/uploads\/2025\/12\/Maria_Portrait-scaled.jpg 2560w, https:\/\/www.salzburgerland.com\/de\/magazin\/wp-content\/uploads\/2025\/12\/Maria_Portrait-300x200.jpg 300w, https:\/\/www.salzburgerland.com\/de\/magazin\/wp-content\/uploads\/2025\/12\/Maria_Portrait-1536x1024.jpg 1536w, https:\/\/www.salzburgerland.com\/de\/magazin\/wp-content\/uploads\/2025\/12\/Maria_Portrait-2048x1365.jpg 2048w, https:\/\/www.salzburgerland.com\/de\/magazin\/wp-content\/uploads\/2025\/12\/Maria_Portrait-825x550.jpg 825w, https:\/\/www.salzburgerland.com\/de\/magazin\/wp-content\/uploads\/2025\/12\/Maria_Portrait-600x400.jpg 600w, https:\/\/www.salzburgerland.com\/de\/magazin\/wp-content\/uploads\/2025\/12\/Maria_Portrait-1320x880.jpg 1320w, https:\/\/www.salzburgerland.com\/de\/magazin\/wp-content\/uploads\/2025\/12\/Maria_Portrait-150x100.jpg 150w\" sizes=\"auto, (max-width: 2560px) 100vw, 2560px\" \/><figcaption class=\"wp-element-caption\">Die Firmengr\u00fcnderin Maria Pieper. \u00a9heikomandl.at<\/figcaption><\/figure>\n\n\n\n<p>Was gleich blieb ist die Liebe zur Biokosmetik. \u201e<a href=\"http:\/\/www.marias-biokosmetik.com\" target=\"_blank\" rel=\"noreferrer noopener\">MAR\u00edAS\u00ae Organic Care <\/a>versteht sich als kreative Werkstatt f\u00fcr biologische Pflegeprodukte\u201c, lautet das Firmenmotto. Das Unternehmen entstand nicht aus einer Gesch\u00e4ftsidee, sondern aus der \u00dcberzeugung der Gr\u00fcnderin Maria Pieper und ihrem Lebensentwurf, der noch heute G\u00fcltigkeit besitzt und den Kernpunkt der Firmenphilosophie darstellt.<\/p>\n\n\n\n<figure class=\"wp-block-image size-full\"><img loading=\"lazy\" decoding=\"async\" width=\"2560\" height=\"1859\" src=\"https:\/\/www.salzburgerland.com\/de\/magazin\/wp-content\/uploads\/2025\/12\/wr-gruppe-face-scaled.jpg\" alt=\"Hautpflegeprodukte von Marias Biokosmetik, einem Salzburger Unternehmen, auf Holz mit rosa Rosen im Hintergrund.\" class=\"wp-image-185436\" srcset=\"https:\/\/www.salzburgerland.com\/de\/magazin\/wp-content\/uploads\/2025\/12\/wr-gruppe-face-scaled.jpg 2560w, https:\/\/www.salzburgerland.com\/de\/magazin\/wp-content\/uploads\/2025\/12\/wr-gruppe-face-300x218.jpg 300w, https:\/\/www.salzburgerland.com\/de\/magazin\/wp-content\/uploads\/2025\/12\/wr-gruppe-face-1536x1116.jpg 1536w, https:\/\/www.salzburgerland.com\/de\/magazin\/wp-content\/uploads\/2025\/12\/wr-gruppe-face-2048x1488.jpg 2048w, https:\/\/www.salzburgerland.com\/de\/magazin\/wp-content\/uploads\/2025\/12\/wr-gruppe-face-757x550.jpg 757w, https:\/\/www.salzburgerland.com\/de\/magazin\/wp-content\/uploads\/2025\/12\/wr-gruppe-face-551x400.jpg 551w, https:\/\/www.salzburgerland.com\/de\/magazin\/wp-content\/uploads\/2025\/12\/wr-gruppe-face-1320x959.jpg 1320w, https:\/\/www.salzburgerland.com\/de\/magazin\/wp-content\/uploads\/2025\/12\/wr-gruppe-face-150x109.jpg 150w\" sizes=\"auto, (max-width: 2560px) 100vw, 2560px\" \/><figcaption class=\"wp-element-caption\">Bioprodukte im Einklang mit der Natur. @Marias<\/figcaption><\/figure>\n\n\n\n<h2 class=\"wp-block-heading\" id=\"h-produkte-aus-und-mit-der-natur\">Produkte aus und mit der Natur<\/h2>\n\n\n\n<p>Die Gr\u00fcnderin Maria Pieper hat im Laufen der Jahre viele unterschiedliche Biokosmetik-Produkte entwickelt, darunter die <a href=\"https:\/\/www.marias-biokosmetik.com\/shop\/de\/serien\/bio-pflegeserie-pur\/\" target=\"_blank\" rel=\"noreferrer noopener\">Kosmetikserie PUR<\/a>, die ohne \u00e4therische \u00d6le \u2013 v\u00f6llig reizfrei \u2013 f\u00fcr jede Haut geeignet ist. Die Wildrose Pflegeserie basiert auf den Wirkstoffen der Wildrose und ihrer Frucht der Hagebutte. Sie unterst\u00fctzt die Regeneration der Haut und hilft gegen Hautalterung. Auch die M\u00e4nner kommen bei MAR\u00edAS\u00ae Organic Care nicht zu kurz. Die Pflegeserie <a href=\"https:\/\/www.marias-biokosmetik.com\/shop\/de\/produkte\/unsere-serien\/bio-pflegeserie-jedermann\/\" target=\"_blank\" rel=\"noreferrer noopener\">JEDERMANN<\/a> beinhaltet alles, was der moderne Mann ben\u00f6tigt, um gepflegt und mit gesunder Haut in den Tag zu starten. <\/p>\n\n\n\n<figure class=\"wp-block-image size-full\"><img loading=\"lazy\" decoding=\"async\" width=\"8192\" height=\"5464\" src=\"https:\/\/www.salzburgerland.com\/de\/magazin\/wp-content\/uploads\/2025\/12\/HM_Marias_Produktion_025-2.jpg\" alt=\"Eine Hand h\u00e4lt eine getrocknete Rosenknospe \u00fcber einer Glasschale, die mit weiteren getrockneten Rosenknospen gef\u00fcllt ist.\" class=\"wp-image-185433\" srcset=\"https:\/\/www.salzburgerland.com\/de\/magazin\/wp-content\/uploads\/2025\/12\/HM_Marias_Produktion_025-2.jpg 8192w, https:\/\/www.salzburgerland.com\/de\/magazin\/wp-content\/uploads\/2025\/12\/HM_Marias_Produktion_025-2-300x200.jpg 300w, https:\/\/www.salzburgerland.com\/de\/magazin\/wp-content\/uploads\/2025\/12\/HM_Marias_Produktion_025-2-1536x1025.jpg 1536w, https:\/\/www.salzburgerland.com\/de\/magazin\/wp-content\/uploads\/2025\/12\/HM_Marias_Produktion_025-2-825x550.jpg 825w, https:\/\/www.salzburgerland.com\/de\/magazin\/wp-content\/uploads\/2025\/12\/HM_Marias_Produktion_025-2-600x400.jpg 600w, https:\/\/www.salzburgerland.com\/de\/magazin\/wp-content\/uploads\/2025\/12\/HM_Marias_Produktion_025-2-1320x880.jpg 1320w, https:\/\/www.salzburgerland.com\/de\/magazin\/wp-content\/uploads\/2025\/12\/HM_Marias_Produktion_025-2-150x100.jpg 150w\" sizes=\"auto, (max-width: 8192px) 100vw, 8192px\" \/><figcaption class=\"wp-element-caption\">Nur hochwertige Rohstoffe kommen zum Einsatz. @heikomandl.at<\/figcaption><\/figure>\n\n\n\n<h2 class=\"wp-block-heading\" id=\"h-stores-in-der-mozartstadt-und-bad-reichenhall\">Stores in der Mozartstadt und Bad Reichenhall<\/h2>\n\n\n\n<p>Neben der Produktionsst\u00e4tte in Salzburg Gnigl geh\u00f6ren zwei neu er\u00f6ffnete Stores in der Stadt Salzburg und in Bad Reichenhall zum Unternehmen. Dort k\u00f6nnen Kund*nnen die Produkte vor Ort testen und sich beraten lassen.<\/p>\n\n\n\n<figure class=\"wp-block-image size-full\"><img loading=\"lazy\" decoding=\"async\" width=\"2560\" height=\"1707\" src=\"https:\/\/www.salzburgerland.com\/de\/magazin\/wp-content\/uploads\/2025\/12\/VS_2025_1_Marias_3-scaled.jpg\" alt=\"Modernes Gesch\u00e4ft mit einem gr\u00fcnen Naturwandbild, Topfpflanzen und Marias Biokosmetik Kosmetik auf Schautischen.\" class=\"wp-image-185438\" srcset=\"https:\/\/www.salzburgerland.com\/de\/magazin\/wp-content\/uploads\/2025\/12\/VS_2025_1_Marias_3-scaled.jpg 2560w, https:\/\/www.salzburgerland.com\/de\/magazin\/wp-content\/uploads\/2025\/12\/VS_2025_1_Marias_3-300x200.jpg 300w, https:\/\/www.salzburgerland.com\/de\/magazin\/wp-content\/uploads\/2025\/12\/VS_2025_1_Marias_3-1536x1024.jpg 1536w, https:\/\/www.salzburgerland.com\/de\/magazin\/wp-content\/uploads\/2025\/12\/VS_2025_1_Marias_3-2048x1365.jpg 2048w, https:\/\/www.salzburgerland.com\/de\/magazin\/wp-content\/uploads\/2025\/12\/VS_2025_1_Marias_3-825x550.jpg 825w, https:\/\/www.salzburgerland.com\/de\/magazin\/wp-content\/uploads\/2025\/12\/VS_2025_1_Marias_3-600x400.jpg 600w, https:\/\/www.salzburgerland.com\/de\/magazin\/wp-content\/uploads\/2025\/12\/VS_2025_1_Marias_3-1320x880.jpg 1320w, https:\/\/www.salzburgerland.com\/de\/magazin\/wp-content\/uploads\/2025\/12\/VS_2025_1_Marias_3-150x100.jpg 150w\" sizes=\"auto, (max-width: 2560px) 100vw, 2560px\" \/><figcaption class=\"wp-element-caption\">In den beiden Stores k\u00f6nnen die Produkte probiert werden. \u00a9Marias<\/figcaption><\/figure>\n\n\n\n<p>MAR\u00edAS\u00ae Organic Care<br>Bachstra\u00dfe 59\u2028, 5023 Salzburg<br><a href=\"http:\/\/www.marias-biokosmetik.com\" target=\"_blank\" rel=\"noreferrer noopener\">www.marias-biokosmetik.com<\/a><\/p>\n\n\n\n<p>Marias\u00ae Store in der Stadt Salzburg: Waagplatz 3, 5020 Salzburg<br>Marias\u00ae Store in Bad Reichenhall: Ludwigstra\u00dfe 36, 83435 Bad Reichenhall<\/p>\n","protected":false},"excerpt":{"rendered":"<p>Nach ihren Anf\u00e4ngen in der Steiermark kehrte die Familie 1997 mit nunmehr drei Kindern, viel Elan und guten Ideen vom Land zur\u00fcck in ihre Heimatstadt Salzburg. Ein Produktionsstandort wurde bald gefunden und das Unternehmen wuchs in den letzten 40 Jahren zu einem erfolgreichen mittelst\u00e4ndischen Familienbetrieb heran. Was gleich blieb ist die Liebe zur Biokosmetik. \u201eMAR\u00edAS\u00ae [&hellip;]<\/p>\n","protected":false},"author":10,"featured_media":185434,"comment_status":"closed","ping_status":"closed","sticky":false,"template":"","format":"standard","meta":{"_acf_changed":false,"wl_entities_gutenberg":"","_wl_entity_redirect_enabled":"","footnotes":""},"categories":[7552],"tags":[5564,7996,6951,2816,4447,7997],"wl_entity_type":[306],"monatsauswahl":[82,83,84,85,86,87,88,89,90,91,92,93],"class_list":["post-185431","post","type-post","status-publish","format-standard","has-post-thumbnail","hentry","category-nachhaltigkeit","tag-bio","tag-kosmetik","tag-nachhaltig","tag-nachhaltigkeit","tag-natur","tag-naturprodukt","wl_entity_type-article","monatsauswahl-monat_1","monatsauswahl-monat_2","monatsauswahl-monat_3","monatsauswahl-monat_4","monatsauswahl-monat_5","monatsauswahl-monat_6","monatsauswahl-monat_7","monatsauswahl-monat_8","monatsauswahl-monat_9","monatsauswahl-monat_10","monatsauswahl-monat_11","monatsauswahl-monat_12"],"acf":[],"yoast_head":"<!-- This site is optimized with the Yoast SEO Premium plugin v27.4 (Yoast SEO v27.4) - https:\/\/yoast.com\/product\/yoast-seo-premium-wordpress\/ -->\n<title>Marias Biokosmetik - SalzburgerLand Magazin<\/title>\n<meta name=\"robots\" content=\"index, follow, max-snippet:-1, max-image-preview:large, max-video-preview:-1\" \/>\n<link rel=\"canonical\" href=\"https:\/\/www.salzburgerland.com\/de\/magazin\/marias-biokosmetik\/\" \/>\n<meta property=\"og:locale\" content=\"de_DE\" \/>\n<meta property=\"og:type\" content=\"article\" \/>\n<meta property=\"og:title\" content=\"Marias Biokosmetik\" \/>\n<meta property=\"og:description\" content=\"Nach ihren Anf\u00e4ngen in der Steiermark kehrte die Familie 1997 mit nunmehr drei Kindern, viel Elan und guten Ideen vom Land zur\u00fcck in ihre Heimatstadt Salzburg. Ein Produktionsstandort wurde bald gefunden und das Unternehmen wuchs in den letzten 40 Jahren zu einem erfolgreichen mittelst\u00e4ndischen Familienbetrieb heran. Was gleich blieb ist die Liebe zur Biokosmetik. \u201eMAR\u00edAS\u00ae [&hellip;]\" \/>\n<meta property=\"og:url\" content=\"https:\/\/www.salzburgerland.com\/de\/magazin\/marias-biokosmetik\/\" \/>\n<meta property=\"og:site_name\" content=\"SalzburgerLand Magazin\" \/>\n<meta property=\"article:publisher\" content=\"https:\/\/www.facebook.com\/salzburgerland\/\" \/>\n<meta property=\"article:published_time\" content=\"2025-12-09T06:26:56+00:00\" \/>\n<meta property=\"article:modified_time\" content=\"2026-01-22T10:05:21+00:00\" \/>\n<meta property=\"og:image\" content=\"https:\/\/www.salzburgerland.com\/de\/magazin\/wp-content\/uploads\/2025\/12\/VS_2025_1_Marias_10-e1765181805606.jpg\" \/>\n\t<meta property=\"og:image:width\" content=\"2000\" \/>\n\t<meta property=\"og:image:height\" content=\"993\" \/>\n\t<meta property=\"og:image:type\" content=\"image\/jpeg\" \/>\n<meta name=\"author\" content=\"Heiko Mandl\" \/>\n<meta name=\"twitter:card\" content=\"summary_large_image\" \/>\n<meta name=\"twitter:creator\" content=\"@Salzburgerland\" \/>\n<meta name=\"twitter:site\" content=\"@Salzburgerland\" \/>\n<meta name=\"twitter:label1\" content=\"Verfasst von\" \/>\n\t<meta name=\"twitter:data1\" content=\"Heiko Mandl\" \/>\n\t<meta name=\"twitter:label2\" content=\"Gesch\u00e4tzte Lesezeit\" \/>\n\t<meta name=\"twitter:data2\" content=\"3\u00a0Minuten\" \/>\n<script type=\"application\/ld+json\" class=\"yoast-schema-graph\">{\"@context\":\"https:\\\/\\\/schema.org\",\"@graph\":[{\"@type\":\"Article\",\"@id\":\"https:\\\/\\\/www.salzburgerland.com\\\/de\\\/magazin\\\/marias-biokosmetik\\\/#article\",\"isPartOf\":{\"@id\":\"https:\\\/\\\/www.salzburgerland.com\\\/de\\\/magazin\\\/marias-biokosmetik\\\/\"},\"author\":{\"name\":\"Heiko Mandl\",\"@id\":\"https:\\\/\\\/www.salzburgerland.com\\\/de\\\/magazin\\\/#\\\/schema\\\/person\\\/8871c7c764fce6ea66752310e7fe9e98\"},\"headline\":\"Marias Biokosmetik\",\"datePublished\":\"2025-12-09T06:26:56+00:00\",\"dateModified\":\"2026-01-22T10:05:21+00:00\",\"mainEntityOfPage\":{\"@id\":\"https:\\\/\\\/www.salzburgerland.com\\\/de\\\/magazin\\\/marias-biokosmetik\\\/\"},\"wordCount\":353,\"publisher\":{\"@id\":\"https:\\\/\\\/www.salzburgerland.com\\\/de\\\/magazin\\\/#organization\"},\"image\":{\"@id\":\"https:\\\/\\\/www.salzburgerland.com\\\/de\\\/magazin\\\/marias-biokosmetik\\\/#primaryimage\"},\"thumbnailUrl\":\"https:\\\/\\\/www.salzburgerland.com\\\/de\\\/magazin\\\/wp-content\\\/uploads\\\/2025\\\/12\\\/VS_2025_1_Marias_10-e1765181805606.jpg\",\"keywords\":[\"bio\",\"Kosmetik\",\"Nachhaltig\",\"Nachhaltigkeit\",\"Natur\",\"Naturprodukt\"],\"articleSection\":[\"Nachhaltigkeit\"],\"inLanguage\":\"de\"},{\"@type\":\"WebPage\",\"@id\":\"https:\\\/\\\/www.salzburgerland.com\\\/de\\\/magazin\\\/marias-biokosmetik\\\/\",\"url\":\"https:\\\/\\\/www.salzburgerland.com\\\/de\\\/magazin\\\/marias-biokosmetik\\\/\",\"name\":\"Marias Biokosmetik - SalzburgerLand Magazin\",\"isPartOf\":{\"@id\":\"https:\\\/\\\/www.salzburgerland.com\\\/de\\\/magazin\\\/#website\"},\"primaryImageOfPage\":{\"@id\":\"https:\\\/\\\/www.salzburgerland.com\\\/de\\\/magazin\\\/marias-biokosmetik\\\/#primaryimage\"},\"image\":{\"@id\":\"https:\\\/\\\/www.salzburgerland.com\\\/de\\\/magazin\\\/marias-biokosmetik\\\/#primaryimage\"},\"thumbnailUrl\":\"https:\\\/\\\/www.salzburgerland.com\\\/de\\\/magazin\\\/wp-content\\\/uploads\\\/2025\\\/12\\\/VS_2025_1_Marias_10-e1765181805606.jpg\",\"datePublished\":\"2025-12-09T06:26:56+00:00\",\"dateModified\":\"2026-01-22T10:05:21+00:00\",\"breadcrumb\":{\"@id\":\"https:\\\/\\\/www.salzburgerland.com\\\/de\\\/magazin\\\/marias-biokosmetik\\\/#breadcrumb\"},\"inLanguage\":\"de\",\"potentialAction\":[{\"@type\":\"ReadAction\",\"target\":[\"https:\\\/\\\/www.salzburgerland.com\\\/de\\\/magazin\\\/marias-biokosmetik\\\/\"]}]},{\"@type\":\"ImageObject\",\"inLanguage\":\"de\",\"@id\":\"https:\\\/\\\/www.salzburgerland.com\\\/de\\\/magazin\\\/marias-biokosmetik\\\/#primaryimage\",\"url\":\"https:\\\/\\\/www.salzburgerland.com\\\/de\\\/magazin\\\/wp-content\\\/uploads\\\/2025\\\/12\\\/VS_2025_1_Marias_10-e1765181805606.jpg\",\"contentUrl\":\"https:\\\/\\\/www.salzburgerland.com\\\/de\\\/magazin\\\/wp-content\\\/uploads\\\/2025\\\/12\\\/VS_2025_1_Marias_10-e1765181805606.jpg\",\"width\":2000,\"height\":993,\"caption\":\"Ein Boutique-Gesch\u00e4ft mit Regalen und Tischen, auf denen Hautpflege- und Sch\u00f6nheitsprodukte ausgestellt sind.\"},{\"@type\":\"BreadcrumbList\",\"@id\":\"https:\\\/\\\/www.salzburgerland.com\\\/de\\\/magazin\\\/marias-biokosmetik\\\/#breadcrumb\",\"itemListElement\":[{\"@type\":\"ListItem\",\"position\":1,\"name\":\"Startseite\",\"item\":\"https:\\\/\\\/www.salzburgerland.com\\\/de\\\/magazin\\\/\"},{\"@type\":\"ListItem\",\"position\":2,\"name\":\"Nachhaltigkeit\",\"item\":\"https:\\\/\\\/www.salzburgerland.com\\\/de\\\/magazin\\\/thema\\\/nachhaltigkeit\\\/\"},{\"@type\":\"ListItem\",\"position\":3,\"name\":\"Marias Biokosmetik\"}]},{\"@type\":\"WebSite\",\"@id\":\"https:\\\/\\\/www.salzburgerland.com\\\/de\\\/magazin\\\/#website\",\"url\":\"https:\\\/\\\/www.salzburgerland.com\\\/de\\\/magazin\\\/\",\"name\":\"SalzburgerLand Magazin\",\"description\":\"Geschichten und Interessantes aus dem SalzburgerLand\",\"publisher\":{\"@id\":\"https:\\\/\\\/www.salzburgerland.com\\\/de\\\/magazin\\\/#organization\"},\"potentialAction\":[{\"@type\":\"SearchAction\",\"target\":{\"@type\":\"EntryPoint\",\"urlTemplate\":\"https:\\\/\\\/www.salzburgerland.com\\\/de\\\/magazin\\\/?s={search_term_string}\"},\"query-input\":{\"@type\":\"PropertyValueSpecification\",\"valueRequired\":true,\"valueName\":\"search_term_string\"}}],\"inLanguage\":\"de\"},{\"@type\":\"Organization\",\"@id\":\"https:\\\/\\\/www.salzburgerland.com\\\/de\\\/magazin\\\/#organization\",\"name\":\"SalzburgerLand Tourismus\",\"url\":\"https:\\\/\\\/www.salzburgerland.com\\\/de\\\/magazin\\\/\",\"logo\":{\"@type\":\"ImageObject\",\"inLanguage\":\"de\",\"@id\":\"https:\\\/\\\/www.salzburgerland.com\\\/de\\\/magazin\\\/#\\\/schema\\\/logo\\\/image\\\/\",\"url\":\"https:\\\/\\\/www.salzburgerland.com\\\/de\\\/magazin\\\/wp-content\\\/uploads\\\/2019\\\/06\\\/salzburgerland-logo1.jpg\",\"contentUrl\":\"https:\\\/\\\/www.salzburgerland.com\\\/de\\\/magazin\\\/wp-content\\\/uploads\\\/2019\\\/06\\\/salzburgerland-logo1.jpg\",\"width\":2011,\"height\":866,\"caption\":\"SalzburgerLand Tourismus\"},\"image\":{\"@id\":\"https:\\\/\\\/www.salzburgerland.com\\\/de\\\/magazin\\\/#\\\/schema\\\/logo\\\/image\\\/\"},\"sameAs\":[\"https:\\\/\\\/www.facebook.com\\\/salzburgerland\\\/\",\"https:\\\/\\\/x.com\\\/Salzburgerland\",\"https:\\\/\\\/www.instagram.com\\\/salzburgerland\\\/\",\"https:\\\/\\\/at.linkedin.com\\\/company\\\/salzburgerland-tourismus-gmbh\",\"https:\\\/\\\/www.pinterest.at\\\/salzburgerland\\\/\",\"https:\\\/\\\/www.youtube.com\\\/user\\\/salzburgerland\",\"https:\\\/\\\/de.wikipedia.org\\\/wiki\\\/SalzburgerLand_Tourismus_GmbH\"]},{\"@type\":\"Person\",\"@id\":\"https:\\\/\\\/www.salzburgerland.com\\\/de\\\/magazin\\\/#\\\/schema\\\/person\\\/8871c7c764fce6ea66752310e7fe9e98\",\"name\":\"Heiko Mandl\",\"description\":\"Heiko Mandl, geboren 1976 in Salzburg, ist durch den Journalismus zur Fotografie gekommen und ist seit zehn Jahren als selbstst\u00e4ndiger Fotograf und Autor in Salzburg t\u00e4tig. Schon von Kindheit an haben ihn die Berge vor seiner Haust\u00fcr fasziniert. Heute z\u00e4hlen sie unter anderem zu seinem Arbeitsplatz. Er arbeitet f\u00fcr internationale Outdoor- und Reisemagazine sowie zahlreiche Firmen und Agenturen. Luxushotel oder Almh\u00fctte: Ich kann beides genie\u00dfen und ich gehe das nach dem Motto: Alles zur richtigen Zeit und zur passenden Gelegenheit an. Wandern oder Laufen: Auf jeden Fall wandern, ist gem\u00fctlicher und man kann sich mehr auf die Umgebung konzentrieren. Golfplatz oder Klettergarten: Klettergarten, zumindest noch die n\u00e4chsten 20 Jahre. Fr\u00fchling, sommer, herbst oder Winter? Fr\u00fchling und Sommer und Herbst und Winter! Im SalzburgerLand ist es das ganze Jahr traumhaft sch\u00f6n. Wellness oder Mountainbike? Zuerst eine Runde mit dem Mountainbike und dann ab in den Wellnesstempel. Das eine schlie\u00dft das andere nicht aus!\",\"url\":\"https:\\\/\\\/www.salzburgerland.com\\\/de\\\/magazin\\\/author\\\/heiko-mandl\\\/\"}]}<\/script>\n<!-- \/ Yoast SEO Premium plugin. -->","yoast_head_json":{"title":"Marias Biokosmetik - SalzburgerLand Magazin","robots":{"index":"index","follow":"follow","max-snippet":"max-snippet:-1","max-image-preview":"max-image-preview:large","max-video-preview":"max-video-preview:-1"},"canonical":"https:\/\/www.salzburgerland.com\/de\/magazin\/marias-biokosmetik\/","og_locale":"de_DE","og_type":"article","og_title":"Marias Biokosmetik","og_description":"Nach ihren Anf\u00e4ngen in der Steiermark kehrte die Familie 1997 mit nunmehr drei Kindern, viel Elan und guten Ideen vom Land zur\u00fcck in ihre Heimatstadt Salzburg. Ein Produktionsstandort wurde bald gefunden und das Unternehmen wuchs in den letzten 40 Jahren zu einem erfolgreichen mittelst\u00e4ndischen Familienbetrieb heran. Was gleich blieb ist die Liebe zur Biokosmetik. \u201eMAR\u00edAS\u00ae [&hellip;]","og_url":"https:\/\/www.salzburgerland.com\/de\/magazin\/marias-biokosmetik\/","og_site_name":"SalzburgerLand Magazin","article_publisher":"https:\/\/www.facebook.com\/salzburgerland\/","article_published_time":"2025-12-09T06:26:56+00:00","article_modified_time":"2026-01-22T10:05:21+00:00","og_image":[{"width":2000,"height":993,"url":"https:\/\/www.salzburgerland.com\/de\/magazin\/wp-content\/uploads\/2025\/12\/VS_2025_1_Marias_10-e1765181805606.jpg","type":"image\/jpeg"}],"author":"Heiko Mandl","twitter_card":"summary_large_image","twitter_creator":"@Salzburgerland","twitter_site":"@Salzburgerland","twitter_misc":{"Verfasst von":"Heiko Mandl","Gesch\u00e4tzte Lesezeit":"3\u00a0Minuten"},"schema":{"@context":"https:\/\/schema.org","@graph":[{"@type":"Article","@id":"https:\/\/www.salzburgerland.com\/de\/magazin\/marias-biokosmetik\/#article","isPartOf":{"@id":"https:\/\/www.salzburgerland.com\/de\/magazin\/marias-biokosmetik\/"},"author":{"name":"Heiko Mandl","@id":"https:\/\/www.salzburgerland.com\/de\/magazin\/#\/schema\/person\/8871c7c764fce6ea66752310e7fe9e98"},"headline":"Marias Biokosmetik","datePublished":"2025-12-09T06:26:56+00:00","dateModified":"2026-01-22T10:05:21+00:00","mainEntityOfPage":{"@id":"https:\/\/www.salzburgerland.com\/de\/magazin\/marias-biokosmetik\/"},"wordCount":353,"publisher":{"@id":"https:\/\/www.salzburgerland.com\/de\/magazin\/#organization"},"image":{"@id":"https:\/\/www.salzburgerland.com\/de\/magazin\/marias-biokosmetik\/#primaryimage"},"thumbnailUrl":"https:\/\/www.salzburgerland.com\/de\/magazin\/wp-content\/uploads\/2025\/12\/VS_2025_1_Marias_10-e1765181805606.jpg","keywords":["bio","Kosmetik","Nachhaltig","Nachhaltigkeit","Natur","Naturprodukt"],"articleSection":["Nachhaltigkeit"],"inLanguage":"de"},{"@type":"WebPage","@id":"https:\/\/www.salzburgerland.com\/de\/magazin\/marias-biokosmetik\/","url":"https:\/\/www.salzburgerland.com\/de\/magazin\/marias-biokosmetik\/","name":"Marias Biokosmetik - SalzburgerLand Magazin","isPartOf":{"@id":"https:\/\/www.salzburgerland.com\/de\/magazin\/#website"},"primaryImageOfPage":{"@id":"https:\/\/www.salzburgerland.com\/de\/magazin\/marias-biokosmetik\/#primaryimage"},"image":{"@id":"https:\/\/www.salzburgerland.com\/de\/magazin\/marias-biokosmetik\/#primaryimage"},"thumbnailUrl":"https:\/\/www.salzburgerland.com\/de\/magazin\/wp-content\/uploads\/2025\/12\/VS_2025_1_Marias_10-e1765181805606.jpg","datePublished":"2025-12-09T06:26:56+00:00","dateModified":"2026-01-22T10:05:21+00:00","breadcrumb":{"@id":"https:\/\/www.salzburgerland.com\/de\/magazin\/marias-biokosmetik\/#breadcrumb"},"inLanguage":"de","potentialAction":[{"@type":"ReadAction","target":["https:\/\/www.salzburgerland.com\/de\/magazin\/marias-biokosmetik\/"]}]},{"@type":"ImageObject","inLanguage":"de","@id":"https:\/\/www.salzburgerland.com\/de\/magazin\/marias-biokosmetik\/#primaryimage","url":"https:\/\/www.salzburgerland.com\/de\/magazin\/wp-content\/uploads\/2025\/12\/VS_2025_1_Marias_10-e1765181805606.jpg","contentUrl":"https:\/\/www.salzburgerland.com\/de\/magazin\/wp-content\/uploads\/2025\/12\/VS_2025_1_Marias_10-e1765181805606.jpg","width":2000,"height":993,"caption":"Ein Boutique-Gesch\u00e4ft mit Regalen und Tischen, auf denen Hautpflege- und Sch\u00f6nheitsprodukte ausgestellt sind."},{"@type":"BreadcrumbList","@id":"https:\/\/www.salzburgerland.com\/de\/magazin\/marias-biokosmetik\/#breadcrumb","itemListElement":[{"@type":"ListItem","position":1,"name":"Startseite","item":"https:\/\/www.salzburgerland.com\/de\/magazin\/"},{"@type":"ListItem","position":2,"name":"Nachhaltigkeit","item":"https:\/\/www.salzburgerland.com\/de\/magazin\/thema\/nachhaltigkeit\/"},{"@type":"ListItem","position":3,"name":"Marias Biokosmetik"}]},{"@type":"WebSite","@id":"https:\/\/www.salzburgerland.com\/de\/magazin\/#website","url":"https:\/\/www.salzburgerland.com\/de\/magazin\/","name":"SalzburgerLand Magazin","description":"Geschichten und Interessantes aus dem SalzburgerLand","publisher":{"@id":"https:\/\/www.salzburgerland.com\/de\/magazin\/#organization"},"potentialAction":[{"@type":"SearchAction","target":{"@type":"EntryPoint","urlTemplate":"https:\/\/www.salzburgerland.com\/de\/magazin\/?s={search_term_string}"},"query-input":{"@type":"PropertyValueSpecification","valueRequired":true,"valueName":"search_term_string"}}],"inLanguage":"de"},{"@type":"Organization","@id":"https:\/\/www.salzburgerland.com\/de\/magazin\/#organization","name":"SalzburgerLand Tourismus","url":"https:\/\/www.salzburgerland.com\/de\/magazin\/","logo":{"@type":"ImageObject","inLanguage":"de","@id":"https:\/\/www.salzburgerland.com\/de\/magazin\/#\/schema\/logo\/image\/","url":"https:\/\/www.salzburgerland.com\/de\/magazin\/wp-content\/uploads\/2019\/06\/salzburgerland-logo1.jpg","contentUrl":"https:\/\/www.salzburgerland.com\/de\/magazin\/wp-content\/uploads\/2019\/06\/salzburgerland-logo1.jpg","width":2011,"height":866,"caption":"SalzburgerLand Tourismus"},"image":{"@id":"https:\/\/www.salzburgerland.com\/de\/magazin\/#\/schema\/logo\/image\/"},"sameAs":["https:\/\/www.facebook.com\/salzburgerland\/","https:\/\/x.com\/Salzburgerland","https:\/\/www.instagram.com\/salzburgerland\/","https:\/\/at.linkedin.com\/company\/salzburgerland-tourismus-gmbh","https:\/\/www.pinterest.at\/salzburgerland\/","https:\/\/www.youtube.com\/user\/salzburgerland","https:\/\/de.wikipedia.org\/wiki\/SalzburgerLand_Tourismus_GmbH"]},{"@type":"Person","@id":"https:\/\/www.salzburgerland.com\/de\/magazin\/#\/schema\/person\/8871c7c764fce6ea66752310e7fe9e98","name":"Heiko Mandl","description":"Heiko Mandl, geboren 1976 in Salzburg, ist durch den Journalismus zur Fotografie gekommen und ist seit zehn Jahren als selbstst\u00e4ndiger Fotograf und Autor in Salzburg t\u00e4tig. Schon von Kindheit an haben ihn die Berge vor seiner Haust\u00fcr fasziniert. Heute z\u00e4hlen sie unter anderem zu seinem Arbeitsplatz. Er arbeitet f\u00fcr internationale Outdoor- und Reisemagazine sowie zahlreiche Firmen und Agenturen. Luxushotel oder Almh\u00fctte: Ich kann beides genie\u00dfen und ich gehe das nach dem Motto: Alles zur richtigen Zeit und zur passenden Gelegenheit an. Wandern oder Laufen: Auf jeden Fall wandern, ist gem\u00fctlicher und man kann sich mehr auf die Umgebung konzentrieren. Golfplatz oder Klettergarten: Klettergarten, zumindest noch die n\u00e4chsten 20 Jahre. Fr\u00fchling, sommer, herbst oder Winter? Fr\u00fchling und Sommer und Herbst und Winter! Im SalzburgerLand ist es das ganze Jahr traumhaft sch\u00f6n. Wellness oder Mountainbike? Zuerst eine Runde mit dem Mountainbike und dann ab in den Wellnesstempel. Das eine schlie\u00dft das andere nicht aus!","url":"https:\/\/www.salzburgerland.com\/de\/magazin\/author\/heiko-mandl\/"}]}},"_wl_alt_label":[],"wl:entity_url":"http:\/\/open.salzburgerland.com\/magazin\/post\/marias-biokosmetik-185431","_links":{"self":[{"href":"https:\/\/www.salzburgerland.com\/de\/magazin\/wp-json\/wp\/v2\/posts\/185431","targetHints":{"allow":["GET"]}}],"collection":[{"href":"https:\/\/www.salzburgerland.com\/de\/magazin\/wp-json\/wp\/v2\/posts"}],"about":[{"href":"https:\/\/www.salzburgerland.com\/de\/magazin\/wp-json\/wp\/v2\/types\/post"}],"author":[{"embeddable":true,"href":"https:\/\/www.salzburgerland.com\/de\/magazin\/wp-json\/wp\/v2\/users\/10"}],"replies":[{"embeddable":true,"href":"https:\/\/www.salzburgerland.com\/de\/magazin\/wp-json\/wp\/v2\/comments?post=185431"}],"version-history":[{"count":7,"href":"https:\/\/www.salzburgerland.com\/de\/magazin\/wp-json\/wp\/v2\/posts\/185431\/revisions"}],"predecessor-version":[{"id":185862,"href":"https:\/\/www.salzburgerland.com\/de\/magazin\/wp-json\/wp\/v2\/posts\/185431\/revisions\/185862"}],"wp:featuredmedia":[{"embeddable":true,"href":"https:\/\/www.salzburgerland.com\/de\/magazin\/wp-json\/wp\/v2\/media\/185434"}],"wp:attachment":[{"href":"https:\/\/www.salzburgerland.com\/de\/magazin\/wp-json\/wp\/v2\/media?parent=185431"}],"wp:term":[{"taxonomy":"category","embeddable":true,"href":"https:\/\/www.salzburgerland.com\/de\/magazin\/wp-json\/wp\/v2\/categories?post=185431"},{"taxonomy":"post_tag","embeddable":true,"href":"https:\/\/www.salzburgerland.com\/de\/magazin\/wp-json\/wp\/v2\/tags?post=185431"},{"taxonomy":"wl_entity_type","embeddable":true,"href":"https:\/\/www.salzburgerland.com\/de\/magazin\/wp-json\/wp\/v2\/wl_entity_type?post=185431"},{"taxonomy":"monatsauswahl","embeddable":true,"href":"https:\/\/www.salzburgerland.com\/de\/magazin\/wp-json\/wp\/v2\/monatsauswahl?post=185431"}],"curies":[{"name":"wp","href":"https:\/\/api.w.org\/{rel}","templated":true}]}}