{"id":185387,"date":"2025-12-05T07:00:00","date_gmt":"2025-12-05T06:00:00","guid":{"rendered":"https:\/\/www.salzburgerland.com\/de\/magazin\/?p=185387"},"modified":"2025-12-04T08:19:36","modified_gmt":"2025-12-04T07:19:36","slug":"bramberger-laternenweg","status":"publish","type":"post","link":"https:\/\/www.salzburgerland.com\/de\/magazin\/bramberger-laternenweg\/","title":{"rendered":"Bramberger Laternenweg"},"content":{"rendered":"\n<div class=\"wp-block-slt-top topBlocks\">\n<h2 class=\"wp-block-slt-subtitle\">Weihnachtstimmung pur<\/h2>\n\n\n\n<p class=\"wp-block-slt-intro\">Auch wenn wir es uns anders w\u00fcnschen, kommt es in der Zeit rund um Weihnachten immer wieder mal zu Hektik und Trubel. Nicht jedoch im Oberpinzgauer Ort Bramberg. Dort l\u00e4dt der Bramberger Laternenweg dazu ein, genau diesen Stress f\u00fcr ein paar Augenblicke vollst\u00e4ndig zu vergessen und ein wahrhaft winterlich-weihnachtliches Flair einzuatmen.<\/p>\n<\/div>\n\n\n\n<p>Es ist kurz vor 18 Uhr. Wir befinden uns beim Bahnhof Bramberg. Der abendliche Verkehr hat sich bereits etwas beruhigt, und die schneebedeckte Landschaft sorgt daf\u00fcr, dass alles ein wenig gem\u00fctlicher und stiller wirkt als sonst. Jetzt im Dezember ist es um diese Uhrzeit bereits tiefe Nacht. Aber gleich hinter dem Bahnhof bringt eine kleine Laterne etwas Licht in die Dunkelheit und hei\u00dft uns der Bramberger Laternenweg herzlich willkommen.<\/p>\n\n\n\n<figure class=\"wp-block-image size-full\"><img loading=\"lazy\" decoding=\"async\" width=\"1000\" height=\"750\" src=\"https:\/\/www.salzburgerland.com\/de\/magazin\/wp-content\/uploads\/2025\/12\/image00002-1.jpeg\" alt=\"Auf dem verschneiten Laternenweg in Bramberg leuchtet nachts eine kleine Holzh\u00fctte mit Weihnachtsbeleuchtung.\" class=\"wp-image-185401\" srcset=\"https:\/\/www.salzburgerland.com\/de\/magazin\/wp-content\/uploads\/2025\/12\/image00002-1.jpeg 1000w, https:\/\/www.salzburgerland.com\/de\/magazin\/wp-content\/uploads\/2025\/12\/image00002-1-300x225.jpeg 300w, https:\/\/www.salzburgerland.com\/de\/magazin\/wp-content\/uploads\/2025\/12\/image00002-1-733x550.jpeg 733w, https:\/\/www.salzburgerland.com\/de\/magazin\/wp-content\/uploads\/2025\/12\/image00002-1-140x105.jpeg 140w, https:\/\/www.salzburgerland.com\/de\/magazin\/wp-content\/uploads\/2025\/12\/image00002-1-533x400.jpeg 533w, https:\/\/www.salzburgerland.com\/de\/magazin\/wp-content\/uploads\/2025\/12\/image00002-1-960x720.jpeg 960w, https:\/\/www.salzburgerland.com\/de\/magazin\/wp-content\/uploads\/2025\/12\/image00002-1-1200x900.jpeg 1200w, https:\/\/www.salzburgerland.com\/de\/magazin\/wp-content\/uploads\/2025\/12\/image00002-1-150x113.jpeg 150w\" sizes=\"auto, (max-width: 1000px) 100vw, 1000px\" \/><figcaption class=\"wp-element-caption\">\u00a9 Dogan Br\u00e4uer<\/figcaption><\/figure>\n\n\n\n<p>Die Wiesen sind schneebedeckt und der Himmel ist sternenklar. Wir entfernen uns immer weiter vom Bramberger Ortszentrum und spazieren bei dieser idyllischen Winterstimmung einen kleinen, mit festlichen Laternen beleuchteten Weg entlang. Schon bald erreichen wir auf einer kleinen Anh\u00f6he einen Heustadel, den rundherum festliche Christb\u00e4ume und auf dem Dach ein beleuchteter Morgenstern schm\u00fccken.<\/p>\n\n\n\n<p>Zu unserer \u00dcberraschung l\u00e4sst sich der Holzstadel \u00f6ffnen und verbirgt kleine weihnachtliche Sch\u00e4tze: Wir k\u00f6nnen gleich mehrere bezaubernde Weihnachtskrippen bewundern, die von talentierten K\u00fcnstler*innen aus der Region liebevoll hergestellt wurden. Danach f\u00fchrt uns der Winterspaziergang noch ein paar Minuten weiter nach oben, vorbei an weiteren Laternen, einer \u00fcbergro\u00dfen Kerzenskulptur, einer Kneippanlange sowie einem anderen Holzgeb\u00e4ude, das von einem Hirten und aus Schafswolle und Baumst\u00e4mmen hergestellten Schafsskulpturen \u00abbewohnt\u00bb wird.<\/p>\n\n\n\n<figure class=\"wp-block-image size-full\"><img loading=\"lazy\" decoding=\"async\" width=\"2560\" height=\"1920\" src=\"https:\/\/www.salzburgerland.com\/de\/magazin\/wp-content\/uploads\/2025\/12\/Laternwenweg-scaled.jpeg\" alt=\"Verschneite H\u00fctte mit Weihnachtsbeleuchtung bei Nacht am Laternenweg Bramberg, mit Blick auf eine leuchtende Stadt und Berge.\" class=\"wp-image-185391\" srcset=\"https:\/\/www.salzburgerland.com\/de\/magazin\/wp-content\/uploads\/2025\/12\/Laternwenweg-scaled.jpeg 2560w, https:\/\/www.salzburgerland.com\/de\/magazin\/wp-content\/uploads\/2025\/12\/Laternwenweg-300x225.jpeg 300w, https:\/\/www.salzburgerland.com\/de\/magazin\/wp-content\/uploads\/2025\/12\/Laternwenweg-1536x1152.jpeg 1536w, https:\/\/www.salzburgerland.com\/de\/magazin\/wp-content\/uploads\/2025\/12\/Laternwenweg-2048x1536.jpeg 2048w, https:\/\/www.salzburgerland.com\/de\/magazin\/wp-content\/uploads\/2025\/12\/Laternwenweg-733x550.jpeg 733w, https:\/\/www.salzburgerland.com\/de\/magazin\/wp-content\/uploads\/2025\/12\/Laternwenweg-140x105.jpeg 140w, https:\/\/www.salzburgerland.com\/de\/magazin\/wp-content\/uploads\/2025\/12\/Laternwenweg-533x400.jpeg 533w, https:\/\/www.salzburgerland.com\/de\/magazin\/wp-content\/uploads\/2025\/12\/Laternwenweg-960x720.jpeg 960w, https:\/\/www.salzburgerland.com\/de\/magazin\/wp-content\/uploads\/2025\/12\/Laternwenweg-1320x990.jpeg 1320w, https:\/\/www.salzburgerland.com\/de\/magazin\/wp-content\/uploads\/2025\/12\/Laternwenweg-1200x900.jpeg 1200w, https:\/\/www.salzburgerland.com\/de\/magazin\/wp-content\/uploads\/2025\/12\/Laternwenweg-150x113.jpeg 150w\" sizes=\"auto, (max-width: 2560px) 100vw, 2560px\" \/><figcaption class=\"wp-element-caption\">\u00a9 Dogan Br\u00e4uer<\/figcaption><\/figure>\n\n\n\n<p>Wir d\u00fcrfen beobachten, wie diese kleinen Kunstwerke Kinderaugen zum Strahlen bringen. Und zugegebenerma\u00dfen sind auch wir von dieser winterlichen Stimmung ger\u00fchrt, wenn wir rundherum blicken. In der \u00abFerne\u00bb sehen wir Bramberg mit dem Wildkogel als Hintergrundkulisse. Hinter uns breitet sich der Wald mit seinen riesigen Fichten aus. Dazu noch die Sterne und rundherum die winterlichen Beleuchtungen. Der so liebevoll gestaltete Bramberger Laternenweg hat auch bei uns f\u00fcr G\u00e4nsehaut gesorgt. So f\u00fchlt sich Weihnachten an\u2026<\/p>\n\n\n\n<figure class=\"wp-block-image size-full\"><img loading=\"lazy\" decoding=\"async\" width=\"1500\" height=\"1125\" src=\"https:\/\/www.salzburgerland.com\/de\/magazin\/wp-content\/uploads\/2025\/12\/image00007.jpeg\" alt=\"Ein verschneiter Wald bei Nacht auf dem Laternenweg Bramberg, die Krippe leuchtet unter dem Sternenhimmel.\" class=\"wp-image-185392\" srcset=\"https:\/\/www.salzburgerland.com\/de\/magazin\/wp-content\/uploads\/2025\/12\/image00007.jpeg 1500w, https:\/\/www.salzburgerland.com\/de\/magazin\/wp-content\/uploads\/2025\/12\/image00007-300x225.jpeg 300w, https:\/\/www.salzburgerland.com\/de\/magazin\/wp-content\/uploads\/2025\/12\/image00007-733x550.jpeg 733w, https:\/\/www.salzburgerland.com\/de\/magazin\/wp-content\/uploads\/2025\/12\/image00007-140x105.jpeg 140w, https:\/\/www.salzburgerland.com\/de\/magazin\/wp-content\/uploads\/2025\/12\/image00007-533x400.jpeg 533w, https:\/\/www.salzburgerland.com\/de\/magazin\/wp-content\/uploads\/2025\/12\/image00007-960x720.jpeg 960w, https:\/\/www.salzburgerland.com\/de\/magazin\/wp-content\/uploads\/2025\/12\/image00007-1320x990.jpeg 1320w, https:\/\/www.salzburgerland.com\/de\/magazin\/wp-content\/uploads\/2025\/12\/image00007-1200x900.jpeg 1200w, https:\/\/www.salzburgerland.com\/de\/magazin\/wp-content\/uploads\/2025\/12\/image00007-150x113.jpeg 150w\" sizes=\"auto, (max-width: 1500px) 100vw, 1500px\" \/><figcaption class=\"wp-element-caption\">\u00a9 Dogan Br\u00e4uer<\/figcaption><\/figure>\n\n\n\n<p>Wir drehen um und spazieren ganz still und nachdenklich zur\u00fcck zum Ausgangspunkt beim Bramberger Bahnhof. Bei all diesen winterlichen und weihnachtlichen Eindr\u00fccken ist f\u00fcr uns ein paar wertvolle Augenblicke lang die Welt fast stehengeblieben. Nach diesen eisigen Temperaturen und all diesen Eindr\u00fccken ist es nun aber an der Zeit f\u00fcr einen w\u00e4rmenden Gl\u00fchwein und ein paar Kekse.<\/p>\n\n\n<div class=\"mag-gallery\"><div class=\"row\"><div class=\"col-6 col-sm-4\"><figure><a class=\"thumb-container\" href=\"https:\/\/www.salzburgerland.com\/de\/magazin\/wp-content\/uploads\/2025\/12\/image00001-1280x1024.jpeg\">\t<picture><source media=\"(min-width: 576px)\" srcset=\"https:\/\/www.salzburgerland.com\/de\/magazin\/wp-content\/uploads\/2025\/12\/image00001-325x209.jpeg 325w, https:\/\/www.salzburgerland.com\/de\/magazin\/wp-content\/uploads\/2025\/12\/image00001-249x160.jpeg 249w\"><\/source><source media=\"(min-width: 0)\" srcset=\"https:\/\/www.salzburgerland.com\/de\/magazin\/wp-content\/uploads\/2025\/12\/image00001-249x160.jpeg 249w, https:\/\/www.salzburgerland.com\/de\/magazin\/wp-content\/uploads\/2025\/12\/image00001-325x209.jpeg 325w\"><\/source><img decoding=\"async\" alt=\"Verschneite Nachtlandschaft mit entfernten Dorflichtern am Laternenweg Bramberg, Baum und beleuchtetem Berghang.\" src=\"https:\/\/www.salzburgerland.com\/de\/magazin\/wp-content\/uploads\/2025\/12\/image00001.jpeg\">\t<\/picture><figcaption>&copy; Dogan Br&auml;uer<\/figcaption><\/a><\/figure><\/div><div class=\"col-6 col-sm-4\"><figure><a class=\"thumb-container\" href=\"https:\/\/www.salzburgerland.com\/de\/magazin\/wp-content\/uploads\/2025\/12\/image00003-1280x1024.jpeg\">\t<picture><source media=\"(min-width: 576px)\" srcset=\"https:\/\/www.salzburgerland.com\/de\/magazin\/wp-content\/uploads\/2025\/12\/image00003-325x209.jpeg 325w, https:\/\/www.salzburgerland.com\/de\/magazin\/wp-content\/uploads\/2025\/12\/image00003-249x160.jpeg 249w\"><\/source><source media=\"(min-width: 0)\" srcset=\"https:\/\/www.salzburgerland.com\/de\/magazin\/wp-content\/uploads\/2025\/12\/image00003-249x160.jpeg 249w, https:\/\/www.salzburgerland.com\/de\/magazin\/wp-content\/uploads\/2025\/12\/image00003-325x209.jpeg 325w\"><\/source><img decoding=\"async\" alt=\"Eine verschneite Lichtung in der Abendd&auml;mmerung, ein Pavillon mit roter T&uuml;r und Lichterketten verspr&uuml;hen den Charme des Laternenwegs Bramberg.\" src=\"https:\/\/www.salzburgerland.com\/de\/magazin\/wp-content\/uploads\/2025\/12\/image00003.jpeg\">\t<\/picture><figcaption>&copy; Dogan Br&auml;uer<\/figcaption><\/a><\/figure><\/div><div class=\"col-6 col-sm-4\"><figure><a class=\"thumb-container\" href=\"https:\/\/www.salzburgerland.com\/de\/magazin\/wp-content\/uploads\/2025\/12\/image00006-1280x1024.jpeg\">\t<picture><source media=\"(min-width: 576px)\" srcset=\"https:\/\/www.salzburgerland.com\/de\/magazin\/wp-content\/uploads\/2025\/12\/image00006-325x209.jpeg 325w, https:\/\/www.salzburgerland.com\/de\/magazin\/wp-content\/uploads\/2025\/12\/image00006-249x160.jpeg 249w\"><\/source><source media=\"(min-width: 0)\" srcset=\"https:\/\/www.salzburgerland.com\/de\/magazin\/wp-content\/uploads\/2025\/12\/image00006-249x160.jpeg 249w, https:\/\/www.salzburgerland.com\/de\/magazin\/wp-content\/uploads\/2025\/12\/image00006-325x209.jpeg 325w\"><\/source><img decoding=\"async\" alt=\"Eine Bramberger Laternenweg-Krippe mit Tierfiguren aus Stroh und Holz in einem Holzstall.\" src=\"https:\/\/www.salzburgerland.com\/de\/magazin\/wp-content\/uploads\/2025\/12\/image00006.jpeg\">\t<\/picture><figcaption>&copy; Dogan Br&auml;uer<\/figcaption><\/a><\/figure><\/div><\/div><figcaption><\/figcaption><\/div>\n\n\n\n<figure class=\"wp-block-image size-full\"><img loading=\"lazy\" decoding=\"async\" width=\"1200\" height=\"900\" src=\"https:\/\/www.salzburgerland.com\/de\/magazin\/wp-content\/uploads\/2025\/12\/image00005.jpeg\" alt=\"Ein verschneiter Laternenweg in Bramberg bei Nacht, beleuchtet von Lichterketten, die zwischen hohen B\u00e4umen h\u00e4ngen.\" class=\"wp-image-185397\" srcset=\"https:\/\/www.salzburgerland.com\/de\/magazin\/wp-content\/uploads\/2025\/12\/image00005.jpeg 1200w, https:\/\/www.salzburgerland.com\/de\/magazin\/wp-content\/uploads\/2025\/12\/image00005-300x225.jpeg 300w, https:\/\/www.salzburgerland.com\/de\/magazin\/wp-content\/uploads\/2025\/12\/image00005-733x550.jpeg 733w, https:\/\/www.salzburgerland.com\/de\/magazin\/wp-content\/uploads\/2025\/12\/image00005-140x105.jpeg 140w, https:\/\/www.salzburgerland.com\/de\/magazin\/wp-content\/uploads\/2025\/12\/image00005-533x400.jpeg 533w, https:\/\/www.salzburgerland.com\/de\/magazin\/wp-content\/uploads\/2025\/12\/image00005-960x720.jpeg 960w, https:\/\/www.salzburgerland.com\/de\/magazin\/wp-content\/uploads\/2025\/12\/image00005-150x113.jpeg 150w\" sizes=\"auto, (max-width: 1200px) 100vw, 1200px\" \/><\/figure>\n\n\n\n<p>Weitere Informationen: <a href=\"https:\/\/www.wildkogel-arena.at\/wildkogel-arena-partner\/bramberger-laternenweg\/\" target=\"_blank\" rel=\"noreferrer noopener\">https:\/\/www.wildkogel-arena.at\/wildkogel-arena-partner\/bramberger-laternenweg\/<\/a><\/p>\n\n\n\n<p>Der Bramberger Laternenweg ist vom ersten Adventswochenende bis einschlie\u00dflich 2. Februar ge\u00f6ffnet und von 17:00 bis 21:00 mit festlichen Laternen beleuchtet.<\/p>\n\n\n\n<p><\/p>\n","protected":false},"excerpt":{"rendered":"<p>Der Bramberger Laternenweg l\u00e4dt dazu ein, genau diesen Stress f\u00fcr ein paar Augenblicke vollst\u00e4ndig zu vergessen und ein wahrhaft winterlich-weihnachtliches Flair einzuatmen.<\/p>\n","protected":false},"author":604,"featured_media":185404,"comment_status":"closed","ping_status":"closed","sticky":false,"template":"","format":"standard","meta":{"_acf_changed":false,"wl_entities_gutenberg":"","_wl_entity_redirect_enabled":"","footnotes":""},"categories":[8],"tags":[1745,7993,7995,7992,7994,5980],"wl_entity_type":[306],"monatsauswahl":[],"class_list":["post-185387","post","type-post","status-publish","format-standard","has-post-thumbnail","hentry","category-outdoor-sport","tag-bramberg","tag-bramberger-laternenweg","tag-krippenweg","tag-laternenweg","tag-laternenweg-bramberg","tag-weihnachten","wl_entity_type-article"],"acf":[],"yoast_head":"<!-- This site is optimized with the Yoast SEO Premium plugin v27.4 (Yoast SEO v27.4) - https:\/\/yoast.com\/product\/yoast-seo-premium-wordpress\/ -->\n<title>Bramberger Laternenweg - SalzburgerLand Magazin<\/title>\n<meta name=\"description\" content=\"Der Bramberger Laternenweg l\u00e4dt dazu ein, genau diesen Stress f\u00fcr ein paar Augenblicke vollst\u00e4ndig zu vergessen und ein wahrhaft winterlich-weihnachtliches Flair einzuatmen.\" \/>\n<meta name=\"robots\" content=\"index, follow, max-snippet:-1, max-image-preview:large, max-video-preview:-1\" \/>\n<link rel=\"canonical\" href=\"https:\/\/www.salzburgerland.com\/de\/magazin\/bramberger-laternenweg\/\" \/>\n<meta property=\"og:locale\" content=\"de_DE\" \/>\n<meta property=\"og:type\" content=\"article\" \/>\n<meta property=\"og:title\" content=\"Bramberger Laternenweg\" \/>\n<meta property=\"og:description\" content=\"Der Bramberger Laternenweg l\u00e4dt dazu ein, genau diesen Stress f\u00fcr ein paar Augenblicke vollst\u00e4ndig zu vergessen und ein wahrhaft winterlich-weihnachtliches Flair einzuatmen.\" \/>\n<meta property=\"og:url\" content=\"https:\/\/www.salzburgerland.com\/de\/magazin\/bramberger-laternenweg\/\" \/>\n<meta property=\"og:site_name\" content=\"SalzburgerLand Magazin\" \/>\n<meta property=\"article:publisher\" content=\"https:\/\/www.facebook.com\/salzburgerland\/\" \/>\n<meta property=\"article:published_time\" content=\"2025-12-05T06:00:00+00:00\" \/>\n<meta property=\"og:image\" content=\"https:\/\/www.salzburgerland.com\/de\/magazin\/wp-content\/uploads\/2025\/12\/image00004-scaled.jpeg\" \/>\n\t<meta property=\"og:image:width\" content=\"2560\" \/>\n\t<meta property=\"og:image:height\" content=\"1920\" \/>\n\t<meta property=\"og:image:type\" content=\"image\/jpeg\" \/>\n<meta name=\"author\" content=\"Mathias Steger\" \/>\n<meta name=\"twitter:card\" content=\"summary_large_image\" \/>\n<meta name=\"twitter:creator\" content=\"@Salzburgerland\" \/>\n<meta name=\"twitter:site\" content=\"@Salzburgerland\" \/>\n<meta name=\"twitter:label1\" content=\"Verfasst von\" \/>\n\t<meta name=\"twitter:data1\" content=\"Mathias Steger\" \/>\n\t<meta name=\"twitter:label2\" content=\"Gesch\u00e4tzte Lesezeit\" \/>\n\t<meta name=\"twitter:data2\" content=\"5\u00a0Minuten\" \/>\n<script type=\"application\/ld+json\" class=\"yoast-schema-graph\">{\"@context\":\"https:\\\/\\\/schema.org\",\"@graph\":[{\"@type\":\"Article\",\"@id\":\"https:\\\/\\\/www.salzburgerland.com\\\/de\\\/magazin\\\/bramberger-laternenweg\\\/#article\",\"isPartOf\":{\"@id\":\"https:\\\/\\\/www.salzburgerland.com\\\/de\\\/magazin\\\/bramberger-laternenweg\\\/\"},\"author\":{\"name\":\"Mathias Steger\",\"@id\":\"https:\\\/\\\/www.salzburgerland.com\\\/de\\\/magazin\\\/#\\\/schema\\\/person\\\/f4e038db32f01edbfd99a2f4c915df81\"},\"headline\":\"Bramberger Laternenweg\",\"datePublished\":\"2025-12-05T06:00:00+00:00\",\"mainEntityOfPage\":{\"@id\":\"https:\\\/\\\/www.salzburgerland.com\\\/de\\\/magazin\\\/bramberger-laternenweg\\\/\"},\"wordCount\":453,\"publisher\":{\"@id\":\"https:\\\/\\\/www.salzburgerland.com\\\/de\\\/magazin\\\/#organization\"},\"image\":{\"@id\":\"https:\\\/\\\/www.salzburgerland.com\\\/de\\\/magazin\\\/bramberger-laternenweg\\\/#primaryimage\"},\"thumbnailUrl\":\"https:\\\/\\\/www.salzburgerland.com\\\/de\\\/magazin\\\/wp-content\\\/uploads\\\/2025\\\/12\\\/image00004-scaled.jpeg\",\"keywords\":[\"Bramberg\",\"Bramberger Laternenweg\",\"Krippenweg\",\"Laternenweg\",\"Laternenweg Bramberg\",\"weihnachten\"],\"articleSection\":[\"Outdoor &amp; Sport\"],\"inLanguage\":\"de\"},{\"@type\":\"WebPage\",\"@id\":\"https:\\\/\\\/www.salzburgerland.com\\\/de\\\/magazin\\\/bramberger-laternenweg\\\/\",\"url\":\"https:\\\/\\\/www.salzburgerland.com\\\/de\\\/magazin\\\/bramberger-laternenweg\\\/\",\"name\":\"Bramberger Laternenweg - SalzburgerLand Magazin\",\"isPartOf\":{\"@id\":\"https:\\\/\\\/www.salzburgerland.com\\\/de\\\/magazin\\\/#website\"},\"primaryImageOfPage\":{\"@id\":\"https:\\\/\\\/www.salzburgerland.com\\\/de\\\/magazin\\\/bramberger-laternenweg\\\/#primaryimage\"},\"image\":{\"@id\":\"https:\\\/\\\/www.salzburgerland.com\\\/de\\\/magazin\\\/bramberger-laternenweg\\\/#primaryimage\"},\"thumbnailUrl\":\"https:\\\/\\\/www.salzburgerland.com\\\/de\\\/magazin\\\/wp-content\\\/uploads\\\/2025\\\/12\\\/image00004-scaled.jpeg\",\"datePublished\":\"2025-12-05T06:00:00+00:00\",\"description\":\"Der Bramberger Laternenweg l\u00e4dt dazu ein, genau diesen Stress f\u00fcr ein paar Augenblicke vollst\u00e4ndig zu vergessen und ein wahrhaft winterlich-weihnachtliches Flair einzuatmen.\",\"breadcrumb\":{\"@id\":\"https:\\\/\\\/www.salzburgerland.com\\\/de\\\/magazin\\\/bramberger-laternenweg\\\/#breadcrumb\"},\"inLanguage\":\"de\",\"potentialAction\":[{\"@type\":\"ReadAction\",\"target\":[\"https:\\\/\\\/www.salzburgerland.com\\\/de\\\/magazin\\\/bramberger-laternenweg\\\/\"]}]},{\"@type\":\"ImageObject\",\"inLanguage\":\"de\",\"@id\":\"https:\\\/\\\/www.salzburgerland.com\\\/de\\\/magazin\\\/bramberger-laternenweg\\\/#primaryimage\",\"url\":\"https:\\\/\\\/www.salzburgerland.com\\\/de\\\/magazin\\\/wp-content\\\/uploads\\\/2025\\\/12\\\/image00004-scaled.jpeg\",\"contentUrl\":\"https:\\\/\\\/www.salzburgerland.com\\\/de\\\/magazin\\\/wp-content\\\/uploads\\\/2025\\\/12\\\/image00004-scaled.jpeg\",\"width\":2560,\"height\":1920,\"caption\":\"Schneebedeckte Landschaft bei Nacht mit einer beleuchteten H\u00fctte am Laternenweg Bramberg und einer entfernten Stadt, die am Hang leuchtet.\"},{\"@type\":\"BreadcrumbList\",\"@id\":\"https:\\\/\\\/www.salzburgerland.com\\\/de\\\/magazin\\\/bramberger-laternenweg\\\/#breadcrumb\",\"itemListElement\":[{\"@type\":\"ListItem\",\"position\":1,\"name\":\"Startseite\",\"item\":\"https:\\\/\\\/www.salzburgerland.com\\\/de\\\/magazin\\\/\"},{\"@type\":\"ListItem\",\"position\":2,\"name\":\"Outdoor &amp; Sport\",\"item\":\"https:\\\/\\\/www.salzburgerland.com\\\/de\\\/magazin\\\/thema\\\/outdoor-sport\\\/\"},{\"@type\":\"ListItem\",\"position\":3,\"name\":\"Bramberger Laternenweg\"}]},{\"@type\":\"WebSite\",\"@id\":\"https:\\\/\\\/www.salzburgerland.com\\\/de\\\/magazin\\\/#website\",\"url\":\"https:\\\/\\\/www.salzburgerland.com\\\/de\\\/magazin\\\/\",\"name\":\"SalzburgerLand Magazin\",\"description\":\"Geschichten und Interessantes aus dem SalzburgerLand\",\"publisher\":{\"@id\":\"https:\\\/\\\/www.salzburgerland.com\\\/de\\\/magazin\\\/#organization\"},\"potentialAction\":[{\"@type\":\"SearchAction\",\"target\":{\"@type\":\"EntryPoint\",\"urlTemplate\":\"https:\\\/\\\/www.salzburgerland.com\\\/de\\\/magazin\\\/?s={search_term_string}\"},\"query-input\":{\"@type\":\"PropertyValueSpecification\",\"valueRequired\":true,\"valueName\":\"search_term_string\"}}],\"inLanguage\":\"de\"},{\"@type\":\"Organization\",\"@id\":\"https:\\\/\\\/www.salzburgerland.com\\\/de\\\/magazin\\\/#organization\",\"name\":\"SalzburgerLand Tourismus\",\"url\":\"https:\\\/\\\/www.salzburgerland.com\\\/de\\\/magazin\\\/\",\"logo\":{\"@type\":\"ImageObject\",\"inLanguage\":\"de\",\"@id\":\"https:\\\/\\\/www.salzburgerland.com\\\/de\\\/magazin\\\/#\\\/schema\\\/logo\\\/image\\\/\",\"url\":\"https:\\\/\\\/www.salzburgerland.com\\\/de\\\/magazin\\\/wp-content\\\/uploads\\\/2019\\\/06\\\/salzburgerland-logo1.jpg\",\"contentUrl\":\"https:\\\/\\\/www.salzburgerland.com\\\/de\\\/magazin\\\/wp-content\\\/uploads\\\/2019\\\/06\\\/salzburgerland-logo1.jpg\",\"width\":2011,\"height\":866,\"caption\":\"SalzburgerLand Tourismus\"},\"image\":{\"@id\":\"https:\\\/\\\/www.salzburgerland.com\\\/de\\\/magazin\\\/#\\\/schema\\\/logo\\\/image\\\/\"},\"sameAs\":[\"https:\\\/\\\/www.facebook.com\\\/salzburgerland\\\/\",\"https:\\\/\\\/x.com\\\/Salzburgerland\",\"https:\\\/\\\/www.instagram.com\\\/salzburgerland\\\/\",\"https:\\\/\\\/at.linkedin.com\\\/company\\\/salzburgerland-tourismus-gmbh\",\"https:\\\/\\\/www.pinterest.at\\\/salzburgerland\\\/\",\"https:\\\/\\\/www.youtube.com\\\/user\\\/salzburgerland\",\"https:\\\/\\\/de.wikipedia.org\\\/wiki\\\/SalzburgerLand_Tourismus_GmbH\"]},{\"@type\":\"Person\",\"@id\":\"https:\\\/\\\/www.salzburgerland.com\\\/de\\\/magazin\\\/#\\\/schema\\\/person\\\/f4e038db32f01edbfd99a2f4c915df81\",\"name\":\"Mathias Steger\",\"description\":\"Dosiger oder Zuagroast? Ich darf Uttendorf im Pinzgau meine Heimat nennen. Aktuell wohne ich auch in Z\u00fcrich in der Schweiz, ich bin und bleibe aber besonders heimatverbunden und f\u00fchle mich im Pinzgau so richtig zu Hause. Dazu geh\u00f6rt f\u00fcr mich auch der Pinzgauer Dialekt. Mozart oder Hubert von Goisern? Eindeutig Hubert von Goisern. Bei \u201eWeit, weit weg\u201c oder \u201eHeast as nit\u201c bekomme ich immer wieder G\u00e4nsehaut. Wellness oder Mountainbike? Die Kombination aus beiden macht es wirklich aus. Nach einem langen Fahrradausflug tut ein bisschen Wellness einfach gut. Ausstellung oder Bergpanorama? Am liebsten ist mir, wenn ich das Bergpanorama hautnah erleben darf, etwa bei einer anspruchsvollen Wanderung, einer langen Fahrradtour oder einer winterlichen Skitour. Mountainbike oder Rennrad? Mit meinem Mountainbike \u201eMajnun\u201c fahre ich nicht nur in den Salzburger Bergen herum, sondern unternehme auch mehrt\u00e4gige Touren, um andere Regionen und L\u00e4nder zu erkunden. Einmal habe ich es sogar bis nach Griechenland geschafft. Alpinski, Offpiste oder Skitour? Fr\u00fcher w\u00e4ren es die Alpinskier gewesen. Heute f\u00e4llt meine Entscheidung eindeutig auf eine Skitour. In unber\u00fchrter Natur sanft durch den Neuschnee zu gleiten und dann die Abfahrt zu genie\u00dfen, ist f\u00fcr mich immer wieder ein au\u00dfergew\u00f6hnliches Erlebnis. Und ich bin dankbar, dass ich dazu im Pinzgau so viele M\u00f6glichkeiten habe. Rindsroulade vom Pinzgauer Biorind oder Saibling fangfrisch aus dem Fuschlsee? Ich bin ein wahrer Fischliebhaber und entscheide mich also eindeutig f\u00fcr den Saibling. Wie er wohl zubereitet wird\u2026? Auf Fleisch verzichte ich aus ethischen Gr\u00fcnden so gut wie m\u00f6glich. Besonders wichtig ist es mir, auf nachhaltige und m\u00f6glicherweise biologische Ern\u00e4hrung zu achten.\",\"url\":\"https:\\\/\\\/www.salzburgerland.com\\\/de\\\/magazin\\\/author\\\/msteger\\\/\"}]}<\/script>\n<!-- \/ Yoast SEO Premium plugin. -->","yoast_head_json":{"title":"Bramberger Laternenweg - SalzburgerLand Magazin","description":"Der Bramberger Laternenweg l\u00e4dt dazu ein, genau diesen Stress f\u00fcr ein paar Augenblicke vollst\u00e4ndig zu vergessen und ein wahrhaft winterlich-weihnachtliches Flair einzuatmen.","robots":{"index":"index","follow":"follow","max-snippet":"max-snippet:-1","max-image-preview":"max-image-preview:large","max-video-preview":"max-video-preview:-1"},"canonical":"https:\/\/www.salzburgerland.com\/de\/magazin\/bramberger-laternenweg\/","og_locale":"de_DE","og_type":"article","og_title":"Bramberger Laternenweg","og_description":"Der Bramberger Laternenweg l\u00e4dt dazu ein, genau diesen Stress f\u00fcr ein paar Augenblicke vollst\u00e4ndig zu vergessen und ein wahrhaft winterlich-weihnachtliches Flair einzuatmen.","og_url":"https:\/\/www.salzburgerland.com\/de\/magazin\/bramberger-laternenweg\/","og_site_name":"SalzburgerLand Magazin","article_publisher":"https:\/\/www.facebook.com\/salzburgerland\/","article_published_time":"2025-12-05T06:00:00+00:00","og_image":[{"width":2560,"height":1920,"url":"https:\/\/www.salzburgerland.com\/de\/magazin\/wp-content\/uploads\/2025\/12\/image00004-scaled.jpeg","type":"image\/jpeg"}],"author":"Mathias Steger","twitter_card":"summary_large_image","twitter_creator":"@Salzburgerland","twitter_site":"@Salzburgerland","twitter_misc":{"Verfasst von":"Mathias Steger","Gesch\u00e4tzte Lesezeit":"5\u00a0Minuten"},"schema":{"@context":"https:\/\/schema.org","@graph":[{"@type":"Article","@id":"https:\/\/www.salzburgerland.com\/de\/magazin\/bramberger-laternenweg\/#article","isPartOf":{"@id":"https:\/\/www.salzburgerland.com\/de\/magazin\/bramberger-laternenweg\/"},"author":{"name":"Mathias Steger","@id":"https:\/\/www.salzburgerland.com\/de\/magazin\/#\/schema\/person\/f4e038db32f01edbfd99a2f4c915df81"},"headline":"Bramberger Laternenweg","datePublished":"2025-12-05T06:00:00+00:00","mainEntityOfPage":{"@id":"https:\/\/www.salzburgerland.com\/de\/magazin\/bramberger-laternenweg\/"},"wordCount":453,"publisher":{"@id":"https:\/\/www.salzburgerland.com\/de\/magazin\/#organization"},"image":{"@id":"https:\/\/www.salzburgerland.com\/de\/magazin\/bramberger-laternenweg\/#primaryimage"},"thumbnailUrl":"https:\/\/www.salzburgerland.com\/de\/magazin\/wp-content\/uploads\/2025\/12\/image00004-scaled.jpeg","keywords":["Bramberg","Bramberger Laternenweg","Krippenweg","Laternenweg","Laternenweg Bramberg","weihnachten"],"articleSection":["Outdoor &amp; Sport"],"inLanguage":"de"},{"@type":"WebPage","@id":"https:\/\/www.salzburgerland.com\/de\/magazin\/bramberger-laternenweg\/","url":"https:\/\/www.salzburgerland.com\/de\/magazin\/bramberger-laternenweg\/","name":"Bramberger Laternenweg - SalzburgerLand Magazin","isPartOf":{"@id":"https:\/\/www.salzburgerland.com\/de\/magazin\/#website"},"primaryImageOfPage":{"@id":"https:\/\/www.salzburgerland.com\/de\/magazin\/bramberger-laternenweg\/#primaryimage"},"image":{"@id":"https:\/\/www.salzburgerland.com\/de\/magazin\/bramberger-laternenweg\/#primaryimage"},"thumbnailUrl":"https:\/\/www.salzburgerland.com\/de\/magazin\/wp-content\/uploads\/2025\/12\/image00004-scaled.jpeg","datePublished":"2025-12-05T06:00:00+00:00","description":"Der Bramberger Laternenweg l\u00e4dt dazu ein, genau diesen Stress f\u00fcr ein paar Augenblicke vollst\u00e4ndig zu vergessen und ein wahrhaft winterlich-weihnachtliches Flair einzuatmen.","breadcrumb":{"@id":"https:\/\/www.salzburgerland.com\/de\/magazin\/bramberger-laternenweg\/#breadcrumb"},"inLanguage":"de","potentialAction":[{"@type":"ReadAction","target":["https:\/\/www.salzburgerland.com\/de\/magazin\/bramberger-laternenweg\/"]}]},{"@type":"ImageObject","inLanguage":"de","@id":"https:\/\/www.salzburgerland.com\/de\/magazin\/bramberger-laternenweg\/#primaryimage","url":"https:\/\/www.salzburgerland.com\/de\/magazin\/wp-content\/uploads\/2025\/12\/image00004-scaled.jpeg","contentUrl":"https:\/\/www.salzburgerland.com\/de\/magazin\/wp-content\/uploads\/2025\/12\/image00004-scaled.jpeg","width":2560,"height":1920,"caption":"Schneebedeckte Landschaft bei Nacht mit einer beleuchteten H\u00fctte am Laternenweg Bramberg und einer entfernten Stadt, die am Hang leuchtet."},{"@type":"BreadcrumbList","@id":"https:\/\/www.salzburgerland.com\/de\/magazin\/bramberger-laternenweg\/#breadcrumb","itemListElement":[{"@type":"ListItem","position":1,"name":"Startseite","item":"https:\/\/www.salzburgerland.com\/de\/magazin\/"},{"@type":"ListItem","position":2,"name":"Outdoor &amp; Sport","item":"https:\/\/www.salzburgerland.com\/de\/magazin\/thema\/outdoor-sport\/"},{"@type":"ListItem","position":3,"name":"Bramberger Laternenweg"}]},{"@type":"WebSite","@id":"https:\/\/www.salzburgerland.com\/de\/magazin\/#website","url":"https:\/\/www.salzburgerland.com\/de\/magazin\/","name":"SalzburgerLand Magazin","description":"Geschichten und Interessantes aus dem SalzburgerLand","publisher":{"@id":"https:\/\/www.salzburgerland.com\/de\/magazin\/#organization"},"potentialAction":[{"@type":"SearchAction","target":{"@type":"EntryPoint","urlTemplate":"https:\/\/www.salzburgerland.com\/de\/magazin\/?s={search_term_string}"},"query-input":{"@type":"PropertyValueSpecification","valueRequired":true,"valueName":"search_term_string"}}],"inLanguage":"de"},{"@type":"Organization","@id":"https:\/\/www.salzburgerland.com\/de\/magazin\/#organization","name":"SalzburgerLand Tourismus","url":"https:\/\/www.salzburgerland.com\/de\/magazin\/","logo":{"@type":"ImageObject","inLanguage":"de","@id":"https:\/\/www.salzburgerland.com\/de\/magazin\/#\/schema\/logo\/image\/","url":"https:\/\/www.salzburgerland.com\/de\/magazin\/wp-content\/uploads\/2019\/06\/salzburgerland-logo1.jpg","contentUrl":"https:\/\/www.salzburgerland.com\/de\/magazin\/wp-content\/uploads\/2019\/06\/salzburgerland-logo1.jpg","width":2011,"height":866,"caption":"SalzburgerLand Tourismus"},"image":{"@id":"https:\/\/www.salzburgerland.com\/de\/magazin\/#\/schema\/logo\/image\/"},"sameAs":["https:\/\/www.facebook.com\/salzburgerland\/","https:\/\/x.com\/Salzburgerland","https:\/\/www.instagram.com\/salzburgerland\/","https:\/\/at.linkedin.com\/company\/salzburgerland-tourismus-gmbh","https:\/\/www.pinterest.at\/salzburgerland\/","https:\/\/www.youtube.com\/user\/salzburgerland","https:\/\/de.wikipedia.org\/wiki\/SalzburgerLand_Tourismus_GmbH"]},{"@type":"Person","@id":"https:\/\/www.salzburgerland.com\/de\/magazin\/#\/schema\/person\/f4e038db32f01edbfd99a2f4c915df81","name":"Mathias Steger","description":"Dosiger oder Zuagroast? Ich darf Uttendorf im Pinzgau meine Heimat nennen. Aktuell wohne ich auch in Z\u00fcrich in der Schweiz, ich bin und bleibe aber besonders heimatverbunden und f\u00fchle mich im Pinzgau so richtig zu Hause. Dazu geh\u00f6rt f\u00fcr mich auch der Pinzgauer Dialekt. Mozart oder Hubert von Goisern? Eindeutig Hubert von Goisern. Bei \u201eWeit, weit weg\u201c oder \u201eHeast as nit\u201c bekomme ich immer wieder G\u00e4nsehaut. Wellness oder Mountainbike? Die Kombination aus beiden macht es wirklich aus. Nach einem langen Fahrradausflug tut ein bisschen Wellness einfach gut. Ausstellung oder Bergpanorama? Am liebsten ist mir, wenn ich das Bergpanorama hautnah erleben darf, etwa bei einer anspruchsvollen Wanderung, einer langen Fahrradtour oder einer winterlichen Skitour. Mountainbike oder Rennrad? Mit meinem Mountainbike \u201eMajnun\u201c fahre ich nicht nur in den Salzburger Bergen herum, sondern unternehme auch mehrt\u00e4gige Touren, um andere Regionen und L\u00e4nder zu erkunden. Einmal habe ich es sogar bis nach Griechenland geschafft. Alpinski, Offpiste oder Skitour? Fr\u00fcher w\u00e4ren es die Alpinskier gewesen. Heute f\u00e4llt meine Entscheidung eindeutig auf eine Skitour. In unber\u00fchrter Natur sanft durch den Neuschnee zu gleiten und dann die Abfahrt zu genie\u00dfen, ist f\u00fcr mich immer wieder ein au\u00dfergew\u00f6hnliches Erlebnis. Und ich bin dankbar, dass ich dazu im Pinzgau so viele M\u00f6glichkeiten habe. Rindsroulade vom Pinzgauer Biorind oder Saibling fangfrisch aus dem Fuschlsee? Ich bin ein wahrer Fischliebhaber und entscheide mich also eindeutig f\u00fcr den Saibling. Wie er wohl zubereitet wird\u2026? Auf Fleisch verzichte ich aus ethischen Gr\u00fcnden so gut wie m\u00f6glich. Besonders wichtig ist es mir, auf nachhaltige und m\u00f6glicherweise biologische Ern\u00e4hrung zu achten.","url":"https:\/\/www.salzburgerland.com\/de\/magazin\/author\/msteger\/"}]}},"_wl_alt_label":[],"wl:entity_url":"http:\/\/open.salzburgerland.com\/magazin\/post\/weihnachtstimmung-am-bramberger-laternenweg-185387","_links":{"self":[{"href":"https:\/\/www.salzburgerland.com\/de\/magazin\/wp-json\/wp\/v2\/posts\/185387","targetHints":{"allow":["GET"]}}],"collection":[{"href":"https:\/\/www.salzburgerland.com\/de\/magazin\/wp-json\/wp\/v2\/posts"}],"about":[{"href":"https:\/\/www.salzburgerland.com\/de\/magazin\/wp-json\/wp\/v2\/types\/post"}],"author":[{"embeddable":true,"href":"https:\/\/www.salzburgerland.com\/de\/magazin\/wp-json\/wp\/v2\/users\/604"}],"replies":[{"embeddable":true,"href":"https:\/\/www.salzburgerland.com\/de\/magazin\/wp-json\/wp\/v2\/comments?post=185387"}],"version-history":[{"count":8,"href":"https:\/\/www.salzburgerland.com\/de\/magazin\/wp-json\/wp\/v2\/posts\/185387\/revisions"}],"predecessor-version":[{"id":185427,"href":"https:\/\/www.salzburgerland.com\/de\/magazin\/wp-json\/wp\/v2\/posts\/185387\/revisions\/185427"}],"wp:featuredmedia":[{"embeddable":true,"href":"https:\/\/www.salzburgerland.com\/de\/magazin\/wp-json\/wp\/v2\/media\/185404"}],"wp:attachment":[{"href":"https:\/\/www.salzburgerland.com\/de\/magazin\/wp-json\/wp\/v2\/media?parent=185387"}],"wp:term":[{"taxonomy":"category","embeddable":true,"href":"https:\/\/www.salzburgerland.com\/de\/magazin\/wp-json\/wp\/v2\/categories?post=185387"},{"taxonomy":"post_tag","embeddable":true,"href":"https:\/\/www.salzburgerland.com\/de\/magazin\/wp-json\/wp\/v2\/tags?post=185387"},{"taxonomy":"wl_entity_type","embeddable":true,"href":"https:\/\/www.salzburgerland.com\/de\/magazin\/wp-json\/wp\/v2\/wl_entity_type?post=185387"},{"taxonomy":"monatsauswahl","embeddable":true,"href":"https:\/\/www.salzburgerland.com\/de\/magazin\/wp-json\/wp\/v2\/monatsauswahl?post=185387"}],"curies":[{"name":"wp","href":"https:\/\/api.w.org\/{rel}","templated":true}]}}