{"id":184797,"date":"2025-10-09T07:00:00","date_gmt":"2025-10-09T05:00:00","guid":{"rendered":"https:\/\/www.salzburgerland.com\/de\/magazin\/?p=184797"},"modified":"2026-03-24T10:33:37","modified_gmt":"2026-03-24T09:33:37","slug":"landjugend-salzburg","status":"publish","type":"post","link":"https:\/\/www.salzburgerland.com\/de\/magazin\/landjugend-salzburg\/","title":{"rendered":"Landjugend Salzburg"},"content":{"rendered":"\n<div class=\"wp-block-slt-top topBlocks\">\n<h2 class=\"wp-block-slt-subtitle\">Es weht ein frischer Wind<\/h2>\n\n\n\n<p class=\"wp-block-slt-intro\"><br>Mit 69 Orts- und Bezirksvereinen im gesamten Bundesland Salzburg z\u00e4hlt die Organisation zu den gr\u00f6\u00dften und aktivsten Jugendorganisationen der Region. Sie bietet jungen Menschen vielf\u00e4ltige M\u00f6glichkeiten zur Mitgestaltung, Gemeinschaft und pers\u00f6nlichen Entwicklung.<\/p>\n<\/div>\n\n\n<div class=\"mag-gallery\"><div class=\"row\"><div class=\"col-6 col-sm-4\"><figure><a class=\"thumb-container\" href=\"https:\/\/www.salzburgerland.com\/de\/magazin\/wp-content\/uploads\/2025\/10\/Seilziehen-1280x1024.jpeg\">\t<picture><source media=\"(min-width: 576px)\" srcset=\"https:\/\/www.salzburgerland.com\/de\/magazin\/wp-content\/uploads\/2025\/10\/Seilziehen-325x209.jpeg 325w, https:\/\/www.salzburgerland.com\/de\/magazin\/wp-content\/uploads\/2025\/10\/Seilziehen-249x160.jpeg 249w\"><\/source><source media=\"(min-width: 0)\" srcset=\"https:\/\/www.salzburgerland.com\/de\/magazin\/wp-content\/uploads\/2025\/10\/Seilziehen-249x160.jpeg 249w, https:\/\/www.salzburgerland.com\/de\/magazin\/wp-content\/uploads\/2025\/10\/Seilziehen-325x209.jpeg 325w\"><\/source><img decoding=\"async\" alt=\"Vier M&auml;dchen in grauen Hemden spielen Tauziehen im Gras, ziehen an einem Seil und l&auml;cheln an einem sonnigen Tag im Freien.\" src=\"https:\/\/www.salzburgerland.com\/de\/magazin\/wp-content\/uploads\/2025\/10\/Seilziehen.jpeg\">\t<\/picture><figcaption>Seilziehen<\/figcaption><\/a><\/figure><\/div><div class=\"col-6 col-sm-4\"><figure><a class=\"thumb-container\" href=\"https:\/\/www.salzburgerland.com\/de\/magazin\/wp-content\/uploads\/2025\/10\/Tag-der-Landjugend-2025-%C2%A9derPlotti-%E2%80%93-by-Matthaeus-Schroecker-1280x1024.jpg\">\t<picture><source media=\"(min-width: 576px)\" srcset=\"https:\/\/www.salzburgerland.com\/de\/magazin\/wp-content\/uploads\/2025\/10\/Tag-der-Landjugend-2025-&copy;derPlotti-&ndash;-by-Matthaeus-Schroecker-325x209.jpg 325w, https:\/\/www.salzburgerland.com\/de\/magazin\/wp-content\/uploads\/2025\/10\/Tag-der-Landjugend-2025-&copy;derPlotti-&ndash;-by-Matthaeus-Schroecker-249x160.jpg 249w\"><\/source><source media=\"(min-width: 0)\" srcset=\"https:\/\/www.salzburgerland.com\/de\/magazin\/wp-content\/uploads\/2025\/10\/Tag-der-Landjugend-2025-&copy;derPlotti-&ndash;-by-Matthaeus-Schroecker-249x160.jpg 249w, https:\/\/www.salzburgerland.com\/de\/magazin\/wp-content\/uploads\/2025\/10\/Tag-der-Landjugend-2025-&copy;derPlotti-&ndash;-by-Matthaeus-Schroecker-325x209.jpg 325w\"><\/source><img decoding=\"async\" alt=\"Ein festlich gekleideter Mann wird von einer jubelnden Menge hochgehoben und feiert mit einer &uuml;ber ihm schwebenden Troph&auml;e.\" src=\"https:\/\/www.salzburgerland.com\/de\/magazin\/wp-content\/uploads\/2025\/10\/Tag-der-Landjugend-2025-%C2%A9derPlotti-%E2%80%93-by-Matthaeus-Schroecker-scaled.jpg\">\t<\/picture><figcaption>Tag der Landjugend &copy;derPlotti &ndash; by Matth&auml;us Schr&ouml;cker<\/figcaption><\/a><\/figure><\/div><div class=\"col-6 col-sm-4\"><figure><a class=\"thumb-container\" href=\"https:\/\/www.salzburgerland.com\/de\/magazin\/wp-content\/uploads\/2025\/10\/Landjugend-Lamprechtshausen-1280x1024.jpg\">\t<picture><source media=\"(min-width: 576px)\" srcset=\"https:\/\/www.salzburgerland.com\/de\/magazin\/wp-content\/uploads\/2025\/10\/Landjugend-Lamprechtshausen-325x209.jpg 325w, https:\/\/www.salzburgerland.com\/de\/magazin\/wp-content\/uploads\/2025\/10\/Landjugend-Lamprechtshausen-249x160.jpg 249w\"><\/source><source media=\"(min-width: 0)\" srcset=\"https:\/\/www.salzburgerland.com\/de\/magazin\/wp-content\/uploads\/2025\/10\/Landjugend-Lamprechtshausen-249x160.jpg 249w, https:\/\/www.salzburgerland.com\/de\/magazin\/wp-content\/uploads\/2025\/10\/Landjugend-Lamprechtshausen-325x209.jpg 325w\"><\/source><img decoding=\"async\" alt=\"Eine Gruppe l&auml;chelnder Kinder und Erwachsener posiert mit Urkunden vor einem Geb&auml;ude mit gro&szlig;en Fenstern.\" src=\"https:\/\/www.salzburgerland.com\/de\/magazin\/wp-content\/uploads\/2025\/10\/Landjugend-Lamprechtshausen-scaled.jpg\">\t<\/picture><figcaption>Landjugend Lamprechtshausen<\/figcaption><\/a><\/figure><\/div><\/div><figcaption><\/figcaption><\/div>\n\n\n\n<h2 class=\"wp-block-heading\" id=\"h-viele-ideen-fur-die-landjugend\">Viele Ideen f\u00fcr die Landjugend<\/h2>\n\n\n\n<p>\u201eDen eingeschlagenen Weg, die Weiterbildung der Mitglieder zu forcieren, ehrenamtliche Projektarbeit zu st\u00e4rken und junge Hof\u00fcbernehmerinnen und Hof\u00fcbernehmer zu f\u00f6rdern \u2013 das sind unsere Ziele in der kommenden Periode\u201c, betont Landesleiterin Sarah Nestler. Und Landesleiter Noah Fischer erg\u00e4nzt: \u201eWir haben viele Ideen. In den kommenden Jahren m\u00f6chten wir einiges erreichen. Besonders das soziale Engagement unserer Orts- und Bezirksgruppen wollen wir weiter ausbauen.\u201c Die Landjugend gilt schon lange als wichtige St\u00fctze f\u00fcr Salzburgs l\u00e4ndliche Regionen.<\/p>\n\n\n\n<p>Bei der Organisation engagieren sich Jugendliche, die eine Beziehung zum l\u00e4ndlichen Raum haben, Traditionen pflegen und ihre Zukunft mitgestalten wollen. \u201eWir f\u00f6rdern Jugendliche in ihrer pers\u00f6nlichen Entwicklung und bieten ihnen eine Plattform, um sich zu engagieren. Die Landjugend vermittelt Schl\u00fcsselqualifikationen, die f\u00fcr alle Berufsgruppen von Bedeutung sind und f\u00f6rdert die fachliche Weiterbildung im landwirtschaftlichen Bereich\u201c, so Noah Fischer. Im Sinne ihrer Mitglieder vernetzt sich die Landjugend Salzburg auch mit anderen Jugend- und Bildungsorganisationen.<\/p>\n\n\n<div class=\"mag-gallery\"><div class=\"row\"><div class=\"col-6 col-sm-4\"><figure><a class=\"thumb-container\" href=\"https:\/\/www.salzburgerland.com\/de\/magazin\/wp-content\/uploads\/2025\/10\/Sophie-Nagl-Babler-1280x1024.jpg\">\t<picture><source media=\"(min-width: 576px)\" srcset=\"https:\/\/www.salzburgerland.com\/de\/magazin\/wp-content\/uploads\/2025\/10\/Sophie-Nagl-Babler-325x209.jpg 325w, https:\/\/www.salzburgerland.com\/de\/magazin\/wp-content\/uploads\/2025\/10\/Sophie-Nagl-Babler-249x160.jpg 249w\"><\/source><source media=\"(min-width: 0)\" srcset=\"https:\/\/www.salzburgerland.com\/de\/magazin\/wp-content\/uploads\/2025\/10\/Sophie-Nagl-Babler-249x160.jpg 249w, https:\/\/www.salzburgerland.com\/de\/magazin\/wp-content\/uploads\/2025\/10\/Sophie-Nagl-Babler-325x209.jpg 325w\"><\/source><img decoding=\"async\" alt=\"Mann in Shorts und Weste m&auml;ht bei einem Wettbewerb oder einer Veranstaltung im Freien Gras mit einer Sense.\" src=\"https:\/\/www.salzburgerland.com\/de\/magazin\/wp-content\/uploads\/2025\/10\/Sophie-Nagl-Babler-scaled.jpg\">\t<\/picture><figcaption>&copy;Sophie Nagl-Balber<\/figcaption><\/a><\/figure><\/div><div class=\"col-6 col-sm-4\"><figure><a class=\"thumb-container\" href=\"https:\/\/www.salzburgerland.com\/de\/magazin\/wp-content\/uploads\/2025\/10\/Lange-Nacht-der-Volksmusik-1280x1024.jpg\">\t<picture><source media=\"(min-width: 576px)\" srcset=\"https:\/\/www.salzburgerland.com\/de\/magazin\/wp-content\/uploads\/2025\/10\/Lange-Nacht-der-Volksmusik-325x209.jpg 325w, https:\/\/www.salzburgerland.com\/de\/magazin\/wp-content\/uploads\/2025\/10\/Lange-Nacht-der-Volksmusik-249x160.jpg 249w\"><\/source><source media=\"(min-width: 0)\" srcset=\"https:\/\/www.salzburgerland.com\/de\/magazin\/wp-content\/uploads\/2025\/10\/Lange-Nacht-der-Volksmusik-249x160.jpg 249w, https:\/\/www.salzburgerland.com\/de\/magazin\/wp-content\/uploads\/2025\/10\/Lange-Nacht-der-Volksmusik-325x209.jpg 325w\"><\/source><img decoding=\"async\" alt=\"Eine Gruppe von Musikern in traditioneller Kleidung spielt vor einem Publikum in einem Innenraum, mit Blumen im Vordergrund.\" src=\"https:\/\/www.salzburgerland.com\/de\/magazin\/wp-content\/uploads\/2025\/10\/Lange-Nacht-der-Volksmusik.jpg\">\t<\/picture><figcaption>Tag der Landjugend 2025, &copy;derPlotti &ndash; by Matth&auml;us Schr&ouml;cker<\/figcaption><\/a><\/figure><\/div><div class=\"col-6 col-sm-4\"><figure><a class=\"thumb-container\" href=\"https:\/\/www.salzburgerland.com\/de\/magazin\/wp-content\/uploads\/2025\/10\/Wettbewerb-Forst-Sophie-Nagl-Babler-1280x1024.jpg\">\t<picture><source media=\"(min-width: 576px)\" srcset=\"https:\/\/www.salzburgerland.com\/de\/magazin\/wp-content\/uploads\/2025\/10\/Wettbewerb-Forst-Sophie-Nagl-Babler-325x209.jpg 325w, https:\/\/www.salzburgerland.com\/de\/magazin\/wp-content\/uploads\/2025\/10\/Wettbewerb-Forst-Sophie-Nagl-Babler-249x160.jpg 249w\"><\/source><source media=\"(min-width: 0)\" srcset=\"https:\/\/www.salzburgerland.com\/de\/magazin\/wp-content\/uploads\/2025\/10\/Wettbewerb-Forst-Sophie-Nagl-Babler-249x160.jpg 249w, https:\/\/www.salzburgerland.com\/de\/magazin\/wp-content\/uploads\/2025\/10\/Wettbewerb-Forst-Sophie-Nagl-Babler-325x209.jpg 325w\"><\/source><img decoding=\"async\" alt=\"Eine Frau in einem gelb-roten Hemd repariert eine Husqvarna-Kettens&auml;ge auf einem Tisch im Freien.\" src=\"https:\/\/www.salzburgerland.com\/de\/magazin\/wp-content\/uploads\/2025\/10\/Wettbewerb-Forst-Sophie-Nagl-Babler-scaled.jpg\">\t<\/picture><figcaption>&copy;Sophie Nagl-Balber<\/figcaption><\/a><\/figure><\/div><\/div><figcaption><\/figcaption><\/div>\n\n\n\n<h2 class=\"wp-block-heading\" id=\"h-sich-standig-weiterbilden\">Sich st\u00e4ndig weiterbilden <\/h2>\n\n\n\n<p>\u201eWas unser Kursprogramm betrifft wollen wir viel Abwechslung bieten und wir f\u00fchren auch Befragungen durch, um in Erfahrung zu bringen, wo speziell die Interessen unserer Mitglieder liegen\u201c, erkl\u00e4rt Fischer. Besonders beliebt sind etwa Kochkurse, generell Genuss und Kulinarik sowie Hofbesichtigungen. Aber auch pers\u00f6nlichkeitsbildende Kurse wie beispielsweise zum Thema Konfliktmanagement k\u00f6nnen absolviert werden. Zur Landjugend z\u00e4hlen Personen zwischen 14 und 35 Jahren. Aus den Ortsgruppen kristallisieren sich besonders engagierte Mitglieder heraus, die sich im Laufe ihrer Mitgliedschaft als Funktion\u00e4rinnen oder Funktion\u00e4re auf Bezirks- und Landesebene einsetzen.<\/p>\n\n\n\n<p>\u201eBeliebt sind auch die Wettbewerbe, die von der Landjugend veranstaltet werden. Egal ob es sich um Redewettbewerbe oder um landwirtschaftliche Wettbewerbe handelt, auch hier ist die Angebotspalette sehr breit. Man kann sich in den unterschiedlichsten Disziplinen vom Bezirksbewerb, \u00fcber den Landesbewerb bis hin zum Bundesbewerb vorarbeiten\u201c, erz\u00e4hlt Noah Fischer.<\/p>\n\n\n<div class=\"mag-gallery\"><div class=\"row\"><div class=\"col-6 col-sm-4\"><figure><a class=\"thumb-container\" href=\"https:\/\/www.salzburgerland.com\/de\/magazin\/wp-content\/uploads\/2025\/10\/2025_GV_75JahreLJSBG__155_-1280x1024.jpg\">\t<picture><source media=\"(min-width: 576px)\" srcset=\"https:\/\/www.salzburgerland.com\/de\/magazin\/wp-content\/uploads\/2025\/10\/2025_GV_75JahreLJSBG__155_-325x209.jpg 325w, https:\/\/www.salzburgerland.com\/de\/magazin\/wp-content\/uploads\/2025\/10\/2025_GV_75JahreLJSBG__155_-249x160.jpg 249w\"><\/source><source media=\"(min-width: 0)\" srcset=\"https:\/\/www.salzburgerland.com\/de\/magazin\/wp-content\/uploads\/2025\/10\/2025_GV_75JahreLJSBG__155_-249x160.jpg 249w, https:\/\/www.salzburgerland.com\/de\/magazin\/wp-content\/uploads\/2025\/10\/2025_GV_75JahreLJSBG__155_-325x209.jpg 325w\"><\/source><img decoding=\"async\" alt=\"Ein junger Mann in f&ouml;rmlicher Kleidung r&uuml;ckt sein Jackett zurecht, w&auml;hrend er inmitten anderer Zuh&ouml;rer sitzt.\" src=\"https:\/\/www.salzburgerland.com\/de\/magazin\/wp-content\/uploads\/2025\/10\/2025_GV_75JahreLJSBG__155_.jpg\">\t<\/picture><figcaption>&copy;Landjugend Salzburg<\/figcaption><\/a><\/figure><\/div><div class=\"col-6 col-sm-4\"><figure><a class=\"thumb-container\" href=\"https:\/\/www.salzburgerland.com\/de\/magazin\/wp-content\/uploads\/2025\/10\/Landesleitungsklausur-%C2%A9Landjugend-Salzburg-1280x1024.jpg\">\t<picture><source media=\"(min-width: 576px)\" srcset=\"https:\/\/www.salzburgerland.com\/de\/magazin\/wp-content\/uploads\/2025\/10\/Landesleitungsklausur-&copy;Landjugend-Salzburg-325x209.jpg 325w, https:\/\/www.salzburgerland.com\/de\/magazin\/wp-content\/uploads\/2025\/10\/Landesleitungsklausur-&copy;Landjugend-Salzburg-249x160.jpg 249w\"><\/source><source media=\"(min-width: 0)\" srcset=\"https:\/\/www.salzburgerland.com\/de\/magazin\/wp-content\/uploads\/2025\/10\/Landesleitungsklausur-&copy;Landjugend-Salzburg-249x160.jpg 249w, https:\/\/www.salzburgerland.com\/de\/magazin\/wp-content\/uploads\/2025\/10\/Landesleitungsklausur-&copy;Landjugend-Salzburg-325x209.jpg 325w\"><\/source><img decoding=\"async\" alt=\"F&uuml;nf Personen l&auml;cheln und schreiben auf einem Flipchart mit bunten Notizen w&auml;hrend einer Sitzung im Freien.\" src=\"https:\/\/www.salzburgerland.com\/de\/magazin\/wp-content\/uploads\/2025\/10\/Landesleitungsklausur-%C2%A9Landjugend-Salzburg-scaled.jpg\">\t<\/picture><figcaption>Landesleitungsklausur, &copy;Landjugend Salzburg<\/figcaption><\/a><\/figure><\/div><div class=\"col-6 col-sm-4\"><figure><a class=\"thumb-container\" href=\"https:\/\/www.salzburgerland.com\/de\/magazin\/wp-content\/uploads\/2025\/10\/Landjugend-Lamprechtshausen-1280x1024.jpg\">\t<picture><source media=\"(min-width: 576px)\" srcset=\"https:\/\/www.salzburgerland.com\/de\/magazin\/wp-content\/uploads\/2025\/10\/Landjugend-Lamprechtshausen-325x209.jpg 325w, https:\/\/www.salzburgerland.com\/de\/magazin\/wp-content\/uploads\/2025\/10\/Landjugend-Lamprechtshausen-249x160.jpg 249w\"><\/source><source media=\"(min-width: 0)\" srcset=\"https:\/\/www.salzburgerland.com\/de\/magazin\/wp-content\/uploads\/2025\/10\/Landjugend-Lamprechtshausen-249x160.jpg 249w, https:\/\/www.salzburgerland.com\/de\/magazin\/wp-content\/uploads\/2025\/10\/Landjugend-Lamprechtshausen-325x209.jpg 325w\"><\/source><img decoding=\"async\" alt=\"Eine Gruppe l&auml;chelnder Kinder und Erwachsener posiert mit Urkunden vor einem Geb&auml;ude mit gro&szlig;en Fenstern.\" src=\"https:\/\/www.salzburgerland.com\/de\/magazin\/wp-content\/uploads\/2025\/10\/Landjugend-Lamprechtshausen-scaled.jpg\">\t<\/picture><figcaption>&copy;Landjugend Lamprechtshausen<\/figcaption><\/a><\/figure><\/div><\/div><figcaption><\/figcaption><\/div>\n\n\n\n<h2 class=\"wp-block-heading\" id=\"h-kultur-amp-brauchtum\">Kultur &amp; Brauchtum<\/h2>\n\n\n\n<p>Die Landjugend setzt sich aktiv f\u00fcr die Pflege regionaler Traditionen ein und tr\u00e4gt dazu bei, dass kulturelle Besonderheiten in den Gemeinden lebendig bleiben. Mit viel Engagement werden \u00fcber das ganze Jahr hinweg verschiedenste Br\u00e4uche weitergef\u00fchrt \u2013 von Maibaumsetzen und Erntedank \u00fcber Oster- sowie Advent- und Weihnachtsbr\u00e4uche bis hin zu Allerheiligen und Hochzeitsritualen. Auch Bergfeuer, Volkstanz, Volkslied und Volkstheater sind fester Bestandteil dieser gelebten Brauchtumspflege.<\/p>\n\n\n<div class=\"mag-gallery\"><div class=\"row\"><div class=\"col-6 col-sm-4\"><figure><a class=\"thumb-container\" href=\"https:\/\/www.salzburgerland.com\/de\/magazin\/wp-content\/uploads\/2024\/04\/Maibaumaufstellen-im-Salzburger-Freilichtmuseum-die-Grossgmainer-Weihnachtsschuetzen-in-Aktion-1280x1024.jpg\">\t<picture><source media=\"(min-width: 576px)\" srcset=\"https:\/\/www.salzburgerland.com\/de\/magazin\/wp-content\/uploads\/2024\/04\/Maibaumaufstellen-im-Salzburger-Freilichtmuseum-die-Grossgmainer-Weihnachtsschuetzen-in-Aktion-325x209.jpg 325w, https:\/\/www.salzburgerland.com\/de\/magazin\/wp-content\/uploads\/2024\/04\/Maibaumaufstellen-im-Salzburger-Freilichtmuseum-die-Grossgmainer-Weihnachtsschuetzen-in-Aktion-249x160.jpg 249w\"><\/source><source media=\"(min-width: 0)\" srcset=\"https:\/\/www.salzburgerland.com\/de\/magazin\/wp-content\/uploads\/2024\/04\/Maibaumaufstellen-im-Salzburger-Freilichtmuseum-die-Grossgmainer-Weihnachtsschuetzen-in-Aktion-249x160.jpg 249w, https:\/\/www.salzburgerland.com\/de\/magazin\/wp-content\/uploads\/2024\/04\/Maibaumaufstellen-im-Salzburger-Freilichtmuseum-die-Grossgmainer-Weihnachtsschuetzen-in-Aktion-325x209.jpg 325w\"><\/source><img decoding=\"async\" alt=\"M&auml;nner in traditioneller &ouml;sterreichischer Kleidung heben bei einem Freilichtmuseumsfest in der N&auml;he eines rustikalen Geb&auml;udes eine Holzstange.\" src=\"https:\/\/www.salzburgerland.com\/de\/magazin\/wp-content\/uploads\/2024\/04\/Maibaumaufstellen-im-Salzburger-Freilichtmuseum-die-Grossgmainer-Weihnachtsschuetzen-in-Aktion.jpg\">\t<\/picture><figcaption>Maibaumaufstellen-im-Salzburger-Freilichtmuseum-die-Grossgmainer-Weihnachtsschuetzen-in-Aktion<\/figcaption><\/a><\/figure><\/div><div class=\"col-6 col-sm-4\"><figure><a class=\"thumb-container\" href=\"https:\/\/www.salzburgerland.com\/de\/magazin\/wp-content\/uploads\/2013\/08\/schneid-inet-9-1280x1024.jpg\">\t<picture><source media=\"(min-width: 576px)\" srcset=\"https:\/\/www.salzburgerland.com\/de\/magazin\/wp-content\/uploads\/2013\/08\/schneid-inet-9-325x209.jpg 325w, https:\/\/www.salzburgerland.com\/de\/magazin\/wp-content\/uploads\/2013\/08\/schneid-inet-9-249x160.jpg 249w\"><\/source><source media=\"(min-width: 0)\" srcset=\"https:\/\/www.salzburgerland.com\/de\/magazin\/wp-content\/uploads\/2013\/08\/schneid-inet-9-249x160.jpg 249w, https:\/\/www.salzburgerland.com\/de\/magazin\/wp-content\/uploads\/2013\/08\/schneid-inet-9-325x209.jpg 325w\"><\/source><img decoding=\"async\" alt=\"Eine Person mit Hut erntet Getreide mit einer Sense auf einem Feld, das von B&auml;umen und gr&uuml;nen H&uuml;geln umgeben ist.\" src=\"https:\/\/www.salzburgerland.com\/de\/magazin\/wp-content\/uploads\/2013\/08\/schneid-inet-9.jpg\">\t<\/picture><figcaption>Franz m&auml;ht ruhig und rhythmisch w&auml;hrend im Hintergrund der M&auml;hdrescher laut und dr&ouml;hnend das reife Korn erntet. <\/figcaption><\/a><\/figure><\/div><div class=\"col-6 col-sm-4\"><figure><a class=\"thumb-container\" href=\"https:\/\/www.salzburgerland.com\/de\/magazin\/wp-content\/uploads\/2018\/03\/d13d19003-1280x1024.jpg\">\t<picture><source media=\"(min-width: 576px)\" srcset=\"https:\/\/www.salzburgerland.com\/de\/magazin\/wp-content\/uploads\/2018\/03\/d13d19003-325x209.jpg 325w, https:\/\/www.salzburgerland.com\/de\/magazin\/wp-content\/uploads\/2018\/03\/d13d19003-249x160.jpg 249w\"><\/source><source media=\"(min-width: 0)\" srcset=\"https:\/\/www.salzburgerland.com\/de\/magazin\/wp-content\/uploads\/2018\/03\/d13d19003-249x160.jpg 249w, https:\/\/www.salzburgerland.com\/de\/magazin\/wp-content\/uploads\/2018\/03\/d13d19003-325x209.jpg 325w\"><\/source><img decoding=\"async\" alt=\"Ein bunter Blumenstrau&szlig; mit gekr&auml;uselten Papierdekorationen vor einem verschwommenen HEIMATWERK-Schild.\" src=\"https:\/\/www.salzburgerland.com\/de\/magazin\/wp-content\/uploads\/2018\/03\/d13d19003-scaled.jpg\">\t<\/picture><figcaption>Palmbuschen binden, &copy;www.wildbild.at<\/figcaption><\/a><\/figure><\/div><\/div><figcaption><\/figcaption><\/div>\n\n\n\n<p><\/p>\n","protected":false},"excerpt":{"rendered":"<p>Viele Ideen f\u00fcr die Landjugend \u201eDen eingeschlagenen Weg, die Weiterbildung der Mitglieder zu forcieren, ehrenamtliche Projektarbeit zu st\u00e4rken und junge Hof\u00fcbernehmerinnen und Hof\u00fcbernehmer zu f\u00f6rdern \u2013 das sind unsere Ziele in der kommenden Periode\u201c, betont Landesleiterin Sarah Nestler. Und Landesleiter Noah Fischer erg\u00e4nzt: \u201eWir haben viele Ideen. In den kommenden Jahren m\u00f6chten wir einiges erreichen. [&hellip;]<\/p>\n","protected":false},"author":552,"featured_media":184798,"comment_status":"closed","ping_status":"closed","sticky":false,"template":"","format":"standard","meta":{"_acf_changed":false,"wl_entities_gutenberg":"","_wl_entity_redirect_enabled":"","footnotes":""},"categories":[7553],"tags":[],"wl_entity_type":[306],"monatsauswahl":[],"class_list":["post-184797","post","type-post","status-publish","format-standard","has-post-thumbnail","hentry","category-brauchtum","wl_entity_type-article"],"acf":[],"yoast_head":"<!-- This site is optimized with the Yoast SEO Premium plugin v27.4 (Yoast SEO v27.4) - https:\/\/yoast.com\/product\/yoast-seo-premium-wordpress\/ -->\n<title>Landjugend Salzburg - SalzburgerLand Magazin<\/title>\n<meta name=\"robots\" content=\"index, follow, max-snippet:-1, max-image-preview:large, max-video-preview:-1\" \/>\n<link rel=\"canonical\" href=\"https:\/\/www.salzburgerland.com\/de\/magazin\/landjugend-salzburg\/\" \/>\n<meta property=\"og:locale\" content=\"de_DE\" \/>\n<meta property=\"og:type\" content=\"article\" \/>\n<meta property=\"og:title\" content=\"Landjugend Salzburg\" \/>\n<meta property=\"og:description\" content=\"Viele Ideen f\u00fcr die Landjugend \u201eDen eingeschlagenen Weg, die Weiterbildung der Mitglieder zu forcieren, ehrenamtliche Projektarbeit zu st\u00e4rken und junge Hof\u00fcbernehmerinnen und Hof\u00fcbernehmer zu f\u00f6rdern \u2013 das sind unsere Ziele in der kommenden Periode\u201c, betont Landesleiterin Sarah Nestler. Und Landesleiter Noah Fischer erg\u00e4nzt: \u201eWir haben viele Ideen. In den kommenden Jahren m\u00f6chten wir einiges erreichen. [&hellip;]\" \/>\n<meta property=\"og:url\" content=\"https:\/\/www.salzburgerland.com\/de\/magazin\/landjugend-salzburg\/\" \/>\n<meta property=\"og:site_name\" content=\"SalzburgerLand Magazin\" \/>\n<meta property=\"article:publisher\" content=\"https:\/\/www.facebook.com\/salzburgerland\/\" \/>\n<meta property=\"article:published_time\" content=\"2025-10-09T05:00:00+00:00\" \/>\n<meta property=\"article:modified_time\" content=\"2026-03-24T09:33:37+00:00\" \/>\n<meta property=\"og:image\" content=\"https:\/\/www.salzburgerland.com\/de\/magazin\/wp-content\/uploads\/2025\/10\/GV_2025_Gesamtfoto.jpg\" \/>\n\t<meta property=\"og:image:width\" content=\"1619\" \/>\n\t<meta property=\"og:image:height\" content=\"1080\" \/>\n\t<meta property=\"og:image:type\" content=\"image\/jpeg\" \/>\n<meta name=\"author\" content=\"Christian Granbacher-Roth\" \/>\n<meta name=\"twitter:card\" content=\"summary_large_image\" \/>\n<meta name=\"twitter:creator\" content=\"@Salzburgerland\" \/>\n<meta name=\"twitter:site\" content=\"@Salzburgerland\" \/>\n<meta name=\"twitter:label1\" content=\"Verfasst von\" \/>\n\t<meta name=\"twitter:data1\" content=\"Christian Granbacher-Roth\" \/>\n\t<meta name=\"twitter:label2\" content=\"Gesch\u00e4tzte Lesezeit\" \/>\n\t<meta name=\"twitter:data2\" content=\"6\u00a0Minuten\" \/>\n<script type=\"application\/ld+json\" class=\"yoast-schema-graph\">{\"@context\":\"https:\\\/\\\/schema.org\",\"@graph\":[{\"@type\":\"Article\",\"@id\":\"https:\\\/\\\/www.salzburgerland.com\\\/de\\\/magazin\\\/landjugend-salzburg\\\/#article\",\"isPartOf\":{\"@id\":\"https:\\\/\\\/www.salzburgerland.com\\\/de\\\/magazin\\\/landjugend-salzburg\\\/\"},\"author\":{\"name\":\"Christian Granbacher-Roth\",\"@id\":\"https:\\\/\\\/www.salzburgerland.com\\\/de\\\/magazin\\\/#\\\/schema\\\/person\\\/3cf8bb4ac95e0b72df11b8b53c6ac24b\"},\"headline\":\"Landjugend Salzburg\",\"datePublished\":\"2025-10-09T05:00:00+00:00\",\"dateModified\":\"2026-03-24T09:33:37+00:00\",\"mainEntityOfPage\":{\"@id\":\"https:\\\/\\\/www.salzburgerland.com\\\/de\\\/magazin\\\/landjugend-salzburg\\\/\"},\"wordCount\":484,\"publisher\":{\"@id\":\"https:\\\/\\\/www.salzburgerland.com\\\/de\\\/magazin\\\/#organization\"},\"image\":{\"@id\":\"https:\\\/\\\/www.salzburgerland.com\\\/de\\\/magazin\\\/landjugend-salzburg\\\/#primaryimage\"},\"thumbnailUrl\":\"https:\\\/\\\/www.salzburgerland.com\\\/de\\\/magazin\\\/wp-content\\\/uploads\\\/2025\\\/10\\\/GV_2025_Gesamtfoto.jpg\",\"articleSection\":[\"Brauchtum\"],\"inLanguage\":\"de\"},{\"@type\":\"WebPage\",\"@id\":\"https:\\\/\\\/www.salzburgerland.com\\\/de\\\/magazin\\\/landjugend-salzburg\\\/\",\"url\":\"https:\\\/\\\/www.salzburgerland.com\\\/de\\\/magazin\\\/landjugend-salzburg\\\/\",\"name\":\"Landjugend Salzburg - SalzburgerLand Magazin\",\"isPartOf\":{\"@id\":\"https:\\\/\\\/www.salzburgerland.com\\\/de\\\/magazin\\\/#website\"},\"primaryImageOfPage\":{\"@id\":\"https:\\\/\\\/www.salzburgerland.com\\\/de\\\/magazin\\\/landjugend-salzburg\\\/#primaryimage\"},\"image\":{\"@id\":\"https:\\\/\\\/www.salzburgerland.com\\\/de\\\/magazin\\\/landjugend-salzburg\\\/#primaryimage\"},\"thumbnailUrl\":\"https:\\\/\\\/www.salzburgerland.com\\\/de\\\/magazin\\\/wp-content\\\/uploads\\\/2025\\\/10\\\/GV_2025_Gesamtfoto.jpg\",\"datePublished\":\"2025-10-09T05:00:00+00:00\",\"dateModified\":\"2026-03-24T09:33:37+00:00\",\"breadcrumb\":{\"@id\":\"https:\\\/\\\/www.salzburgerland.com\\\/de\\\/magazin\\\/landjugend-salzburg\\\/#breadcrumb\"},\"inLanguage\":\"de\",\"potentialAction\":[{\"@type\":\"ReadAction\",\"target\":[\"https:\\\/\\\/www.salzburgerland.com\\\/de\\\/magazin\\\/landjugend-salzburg\\\/\"]}]},{\"@type\":\"ImageObject\",\"inLanguage\":\"de\",\"@id\":\"https:\\\/\\\/www.salzburgerland.com\\\/de\\\/magazin\\\/landjugend-salzburg\\\/#primaryimage\",\"url\":\"https:\\\/\\\/www.salzburgerland.com\\\/de\\\/magazin\\\/wp-content\\\/uploads\\\/2025\\\/10\\\/GV_2025_Gesamtfoto.jpg\",\"contentUrl\":\"https:\\\/\\\/www.salzburgerland.com\\\/de\\\/magazin\\\/wp-content\\\/uploads\\\/2025\\\/10\\\/GV_2025_Gesamtfoto.jpg\",\"width\":1619,\"height\":1080,\"caption\":\"Salzburger Landjugend auf einen Blick\"},{\"@type\":\"BreadcrumbList\",\"@id\":\"https:\\\/\\\/www.salzburgerland.com\\\/de\\\/magazin\\\/landjugend-salzburg\\\/#breadcrumb\",\"itemListElement\":[{\"@type\":\"ListItem\",\"position\":1,\"name\":\"Startseite\",\"item\":\"https:\\\/\\\/www.salzburgerland.com\\\/de\\\/magazin\\\/\"},{\"@type\":\"ListItem\",\"position\":2,\"name\":\"Brauchtum\",\"item\":\"https:\\\/\\\/www.salzburgerland.com\\\/de\\\/magazin\\\/thema\\\/brauchtum\\\/\"},{\"@type\":\"ListItem\",\"position\":3,\"name\":\"Landjugend Salzburg\"}]},{\"@type\":\"WebSite\",\"@id\":\"https:\\\/\\\/www.salzburgerland.com\\\/de\\\/magazin\\\/#website\",\"url\":\"https:\\\/\\\/www.salzburgerland.com\\\/de\\\/magazin\\\/\",\"name\":\"SalzburgerLand Magazin\",\"description\":\"Geschichten und Interessantes aus dem SalzburgerLand\",\"publisher\":{\"@id\":\"https:\\\/\\\/www.salzburgerland.com\\\/de\\\/magazin\\\/#organization\"},\"potentialAction\":[{\"@type\":\"SearchAction\",\"target\":{\"@type\":\"EntryPoint\",\"urlTemplate\":\"https:\\\/\\\/www.salzburgerland.com\\\/de\\\/magazin\\\/?s={search_term_string}\"},\"query-input\":{\"@type\":\"PropertyValueSpecification\",\"valueRequired\":true,\"valueName\":\"search_term_string\"}}],\"inLanguage\":\"de\"},{\"@type\":\"Organization\",\"@id\":\"https:\\\/\\\/www.salzburgerland.com\\\/de\\\/magazin\\\/#organization\",\"name\":\"SalzburgerLand Tourismus\",\"url\":\"https:\\\/\\\/www.salzburgerland.com\\\/de\\\/magazin\\\/\",\"logo\":{\"@type\":\"ImageObject\",\"inLanguage\":\"de\",\"@id\":\"https:\\\/\\\/www.salzburgerland.com\\\/de\\\/magazin\\\/#\\\/schema\\\/logo\\\/image\\\/\",\"url\":\"https:\\\/\\\/www.salzburgerland.com\\\/de\\\/magazin\\\/wp-content\\\/uploads\\\/2019\\\/06\\\/salzburgerland-logo1.jpg\",\"contentUrl\":\"https:\\\/\\\/www.salzburgerland.com\\\/de\\\/magazin\\\/wp-content\\\/uploads\\\/2019\\\/06\\\/salzburgerland-logo1.jpg\",\"width\":2011,\"height\":866,\"caption\":\"SalzburgerLand Tourismus\"},\"image\":{\"@id\":\"https:\\\/\\\/www.salzburgerland.com\\\/de\\\/magazin\\\/#\\\/schema\\\/logo\\\/image\\\/\"},\"sameAs\":[\"https:\\\/\\\/www.facebook.com\\\/salzburgerland\\\/\",\"https:\\\/\\\/x.com\\\/Salzburgerland\",\"https:\\\/\\\/www.instagram.com\\\/salzburgerland\\\/\",\"https:\\\/\\\/at.linkedin.com\\\/company\\\/salzburgerland-tourismus-gmbh\",\"https:\\\/\\\/www.pinterest.at\\\/salzburgerland\\\/\",\"https:\\\/\\\/www.youtube.com\\\/user\\\/salzburgerland\",\"https:\\\/\\\/de.wikipedia.org\\\/wiki\\\/SalzburgerLand_Tourismus_GmbH\"]},{\"@type\":\"Person\",\"@id\":\"https:\\\/\\\/www.salzburgerland.com\\\/de\\\/magazin\\\/#\\\/schema\\\/person\\\/3cf8bb4ac95e0b72df11b8b53c6ac24b\",\"name\":\"Christian Granbacher-Roth\",\"description\":\"Der geb\u00fcrtige Kitzb\u00fcheler lebt seit knapp 20 Jahren in Salzburg und wohnte dabei schon im n\u00f6rdlichen Flachgau, der Stadt Salzburg und nun im Tennengau. Die zahlreichen Berge und Seen nutzt er gerne f\u00fcr Freizeitaktivit\u00e4ten. Als Genussmensch f\u00fchlt er sich kulturell und kulinarisch im Bundesland Salzburg bestens aufgehoben. An der Paris-Lodron-Universit\u00e4t Salzburg hat Christian das Studium der Publizistik- und Kommunikationswissenschaft sowie das Studium der Politikwissenschaft abgeschlossen. Seit 2007 ist er als Freier Redakteur (unter anderem als Chefredakteur von \u201eECHO \u2013 Salzburgs erstes Nachrichtenmagazin) t\u00e4tig. Dein pers\u00f6nlicher Logenplatz im SalzburgerLand? Davon gibt es viele. Schwer zu sagen, ob die beeindruckenden Berge und die zahlreichen Seen sch\u00f6ner sind als die Altstadtviertel von Salzburg oder Hallein. Dosiger oder Zuagroaster? Geboren und aufgewachsen in Kitzb\u00fchel in Tirol hat mich das Publizistikstudium ab 1999 nach Salzburg gelockt. Nach und nach habe ich das gesamte Bundesland kennen und sch\u00e4tzen gelernt und bin heute sehr froh dar\u00fcber, im sch\u00f6nen Tennengau zu leben. Luxushotel oder Almh\u00fctte? Zuerst ein paar ausgiebige Wanderungen und N\u00e4chte auf einer sch\u00f6nen Almh\u00fctte und dann am besten noch eine Nacht im Wellness-Luxustempel. Erholung muss sein. Mundharmonika oder Stradivari? Eindeutig die Rockgitarre. Die Popkultur sowie moderne und h\u00e4rtere Kl\u00e4nge tun es mir mehr an als volkst\u00fcmliche Musik. Bergschuhe oder Fu\u00dfballschuhe? Wandern bereitet mir Freude. Eine komplexe und herausfordernde Mannschaftssportart wie Fu\u00dfball ist allerdings noch sch\u00f6ner. Bergsee oder Kr\u00e4utergarten? Gr\u00fcnen Daumen habe ich keinen. Einen Sprung in einen kalten Bergsee gibt es da schon eher.\",\"url\":\"https:\\\/\\\/www.salzburgerland.com\\\/de\\\/magazin\\\/author\\\/christian-granbacher\\\/\"}]}<\/script>\n<!-- \/ Yoast SEO Premium plugin. -->","yoast_head_json":{"title":"Landjugend Salzburg - SalzburgerLand Magazin","robots":{"index":"index","follow":"follow","max-snippet":"max-snippet:-1","max-image-preview":"max-image-preview:large","max-video-preview":"max-video-preview:-1"},"canonical":"https:\/\/www.salzburgerland.com\/de\/magazin\/landjugend-salzburg\/","og_locale":"de_DE","og_type":"article","og_title":"Landjugend Salzburg","og_description":"Viele Ideen f\u00fcr die Landjugend \u201eDen eingeschlagenen Weg, die Weiterbildung der Mitglieder zu forcieren, ehrenamtliche Projektarbeit zu st\u00e4rken und junge Hof\u00fcbernehmerinnen und Hof\u00fcbernehmer zu f\u00f6rdern \u2013 das sind unsere Ziele in der kommenden Periode\u201c, betont Landesleiterin Sarah Nestler. Und Landesleiter Noah Fischer erg\u00e4nzt: \u201eWir haben viele Ideen. In den kommenden Jahren m\u00f6chten wir einiges erreichen. [&hellip;]","og_url":"https:\/\/www.salzburgerland.com\/de\/magazin\/landjugend-salzburg\/","og_site_name":"SalzburgerLand Magazin","article_publisher":"https:\/\/www.facebook.com\/salzburgerland\/","article_published_time":"2025-10-09T05:00:00+00:00","article_modified_time":"2026-03-24T09:33:37+00:00","og_image":[{"width":1619,"height":1080,"url":"https:\/\/www.salzburgerland.com\/de\/magazin\/wp-content\/uploads\/2025\/10\/GV_2025_Gesamtfoto.jpg","type":"image\/jpeg"}],"author":"Christian Granbacher-Roth","twitter_card":"summary_large_image","twitter_creator":"@Salzburgerland","twitter_site":"@Salzburgerland","twitter_misc":{"Verfasst von":"Christian Granbacher-Roth","Gesch\u00e4tzte Lesezeit":"6\u00a0Minuten"},"schema":{"@context":"https:\/\/schema.org","@graph":[{"@type":"Article","@id":"https:\/\/www.salzburgerland.com\/de\/magazin\/landjugend-salzburg\/#article","isPartOf":{"@id":"https:\/\/www.salzburgerland.com\/de\/magazin\/landjugend-salzburg\/"},"author":{"name":"Christian Granbacher-Roth","@id":"https:\/\/www.salzburgerland.com\/de\/magazin\/#\/schema\/person\/3cf8bb4ac95e0b72df11b8b53c6ac24b"},"headline":"Landjugend Salzburg","datePublished":"2025-10-09T05:00:00+00:00","dateModified":"2026-03-24T09:33:37+00:00","mainEntityOfPage":{"@id":"https:\/\/www.salzburgerland.com\/de\/magazin\/landjugend-salzburg\/"},"wordCount":484,"publisher":{"@id":"https:\/\/www.salzburgerland.com\/de\/magazin\/#organization"},"image":{"@id":"https:\/\/www.salzburgerland.com\/de\/magazin\/landjugend-salzburg\/#primaryimage"},"thumbnailUrl":"https:\/\/www.salzburgerland.com\/de\/magazin\/wp-content\/uploads\/2025\/10\/GV_2025_Gesamtfoto.jpg","articleSection":["Brauchtum"],"inLanguage":"de"},{"@type":"WebPage","@id":"https:\/\/www.salzburgerland.com\/de\/magazin\/landjugend-salzburg\/","url":"https:\/\/www.salzburgerland.com\/de\/magazin\/landjugend-salzburg\/","name":"Landjugend Salzburg - SalzburgerLand Magazin","isPartOf":{"@id":"https:\/\/www.salzburgerland.com\/de\/magazin\/#website"},"primaryImageOfPage":{"@id":"https:\/\/www.salzburgerland.com\/de\/magazin\/landjugend-salzburg\/#primaryimage"},"image":{"@id":"https:\/\/www.salzburgerland.com\/de\/magazin\/landjugend-salzburg\/#primaryimage"},"thumbnailUrl":"https:\/\/www.salzburgerland.com\/de\/magazin\/wp-content\/uploads\/2025\/10\/GV_2025_Gesamtfoto.jpg","datePublished":"2025-10-09T05:00:00+00:00","dateModified":"2026-03-24T09:33:37+00:00","breadcrumb":{"@id":"https:\/\/www.salzburgerland.com\/de\/magazin\/landjugend-salzburg\/#breadcrumb"},"inLanguage":"de","potentialAction":[{"@type":"ReadAction","target":["https:\/\/www.salzburgerland.com\/de\/magazin\/landjugend-salzburg\/"]}]},{"@type":"ImageObject","inLanguage":"de","@id":"https:\/\/www.salzburgerland.com\/de\/magazin\/landjugend-salzburg\/#primaryimage","url":"https:\/\/www.salzburgerland.com\/de\/magazin\/wp-content\/uploads\/2025\/10\/GV_2025_Gesamtfoto.jpg","contentUrl":"https:\/\/www.salzburgerland.com\/de\/magazin\/wp-content\/uploads\/2025\/10\/GV_2025_Gesamtfoto.jpg","width":1619,"height":1080,"caption":"Salzburger Landjugend auf einen Blick"},{"@type":"BreadcrumbList","@id":"https:\/\/www.salzburgerland.com\/de\/magazin\/landjugend-salzburg\/#breadcrumb","itemListElement":[{"@type":"ListItem","position":1,"name":"Startseite","item":"https:\/\/www.salzburgerland.com\/de\/magazin\/"},{"@type":"ListItem","position":2,"name":"Brauchtum","item":"https:\/\/www.salzburgerland.com\/de\/magazin\/thema\/brauchtum\/"},{"@type":"ListItem","position":3,"name":"Landjugend Salzburg"}]},{"@type":"WebSite","@id":"https:\/\/www.salzburgerland.com\/de\/magazin\/#website","url":"https:\/\/www.salzburgerland.com\/de\/magazin\/","name":"SalzburgerLand Magazin","description":"Geschichten und Interessantes aus dem SalzburgerLand","publisher":{"@id":"https:\/\/www.salzburgerland.com\/de\/magazin\/#organization"},"potentialAction":[{"@type":"SearchAction","target":{"@type":"EntryPoint","urlTemplate":"https:\/\/www.salzburgerland.com\/de\/magazin\/?s={search_term_string}"},"query-input":{"@type":"PropertyValueSpecification","valueRequired":true,"valueName":"search_term_string"}}],"inLanguage":"de"},{"@type":"Organization","@id":"https:\/\/www.salzburgerland.com\/de\/magazin\/#organization","name":"SalzburgerLand Tourismus","url":"https:\/\/www.salzburgerland.com\/de\/magazin\/","logo":{"@type":"ImageObject","inLanguage":"de","@id":"https:\/\/www.salzburgerland.com\/de\/magazin\/#\/schema\/logo\/image\/","url":"https:\/\/www.salzburgerland.com\/de\/magazin\/wp-content\/uploads\/2019\/06\/salzburgerland-logo1.jpg","contentUrl":"https:\/\/www.salzburgerland.com\/de\/magazin\/wp-content\/uploads\/2019\/06\/salzburgerland-logo1.jpg","width":2011,"height":866,"caption":"SalzburgerLand Tourismus"},"image":{"@id":"https:\/\/www.salzburgerland.com\/de\/magazin\/#\/schema\/logo\/image\/"},"sameAs":["https:\/\/www.facebook.com\/salzburgerland\/","https:\/\/x.com\/Salzburgerland","https:\/\/www.instagram.com\/salzburgerland\/","https:\/\/at.linkedin.com\/company\/salzburgerland-tourismus-gmbh","https:\/\/www.pinterest.at\/salzburgerland\/","https:\/\/www.youtube.com\/user\/salzburgerland","https:\/\/de.wikipedia.org\/wiki\/SalzburgerLand_Tourismus_GmbH"]},{"@type":"Person","@id":"https:\/\/www.salzburgerland.com\/de\/magazin\/#\/schema\/person\/3cf8bb4ac95e0b72df11b8b53c6ac24b","name":"Christian Granbacher-Roth","description":"Der geb\u00fcrtige Kitzb\u00fcheler lebt seit knapp 20 Jahren in Salzburg und wohnte dabei schon im n\u00f6rdlichen Flachgau, der Stadt Salzburg und nun im Tennengau. Die zahlreichen Berge und Seen nutzt er gerne f\u00fcr Freizeitaktivit\u00e4ten. Als Genussmensch f\u00fchlt er sich kulturell und kulinarisch im Bundesland Salzburg bestens aufgehoben. An der Paris-Lodron-Universit\u00e4t Salzburg hat Christian das Studium der Publizistik- und Kommunikationswissenschaft sowie das Studium der Politikwissenschaft abgeschlossen. Seit 2007 ist er als Freier Redakteur (unter anderem als Chefredakteur von \u201eECHO \u2013 Salzburgs erstes Nachrichtenmagazin) t\u00e4tig. Dein pers\u00f6nlicher Logenplatz im SalzburgerLand? Davon gibt es viele. Schwer zu sagen, ob die beeindruckenden Berge und die zahlreichen Seen sch\u00f6ner sind als die Altstadtviertel von Salzburg oder Hallein. Dosiger oder Zuagroaster? Geboren und aufgewachsen in Kitzb\u00fchel in Tirol hat mich das Publizistikstudium ab 1999 nach Salzburg gelockt. Nach und nach habe ich das gesamte Bundesland kennen und sch\u00e4tzen gelernt und bin heute sehr froh dar\u00fcber, im sch\u00f6nen Tennengau zu leben. Luxushotel oder Almh\u00fctte? Zuerst ein paar ausgiebige Wanderungen und N\u00e4chte auf einer sch\u00f6nen Almh\u00fctte und dann am besten noch eine Nacht im Wellness-Luxustempel. Erholung muss sein. Mundharmonika oder Stradivari? Eindeutig die Rockgitarre. Die Popkultur sowie moderne und h\u00e4rtere Kl\u00e4nge tun es mir mehr an als volkst\u00fcmliche Musik. Bergschuhe oder Fu\u00dfballschuhe? Wandern bereitet mir Freude. Eine komplexe und herausfordernde Mannschaftssportart wie Fu\u00dfball ist allerdings noch sch\u00f6ner. Bergsee oder Kr\u00e4utergarten? Gr\u00fcnen Daumen habe ich keinen. Einen Sprung in einen kalten Bergsee gibt es da schon eher.","url":"https:\/\/www.salzburgerland.com\/de\/magazin\/author\/christian-granbacher\/"}]}},"_wl_alt_label":[],"wl:entity_url":"http:\/\/open.salzburgerland.com\/magazin\/post\/75-jahre-landjugend-salzburg-184797","_links":{"self":[{"href":"https:\/\/www.salzburgerland.com\/de\/magazin\/wp-json\/wp\/v2\/posts\/184797","targetHints":{"allow":["GET"]}}],"collection":[{"href":"https:\/\/www.salzburgerland.com\/de\/magazin\/wp-json\/wp\/v2\/posts"}],"about":[{"href":"https:\/\/www.salzburgerland.com\/de\/magazin\/wp-json\/wp\/v2\/types\/post"}],"author":[{"embeddable":true,"href":"https:\/\/www.salzburgerland.com\/de\/magazin\/wp-json\/wp\/v2\/users\/552"}],"replies":[{"embeddable":true,"href":"https:\/\/www.salzburgerland.com\/de\/magazin\/wp-json\/wp\/v2\/comments?post=184797"}],"version-history":[{"count":9,"href":"https:\/\/www.salzburgerland.com\/de\/magazin\/wp-json\/wp\/v2\/posts\/184797\/revisions"}],"predecessor-version":[{"id":186602,"href":"https:\/\/www.salzburgerland.com\/de\/magazin\/wp-json\/wp\/v2\/posts\/184797\/revisions\/186602"}],"wp:featuredmedia":[{"embeddable":true,"href":"https:\/\/www.salzburgerland.com\/de\/magazin\/wp-json\/wp\/v2\/media\/184798"}],"wp:attachment":[{"href":"https:\/\/www.salzburgerland.com\/de\/magazin\/wp-json\/wp\/v2\/media?parent=184797"}],"wp:term":[{"taxonomy":"category","embeddable":true,"href":"https:\/\/www.salzburgerland.com\/de\/magazin\/wp-json\/wp\/v2\/categories?post=184797"},{"taxonomy":"post_tag","embeddable":true,"href":"https:\/\/www.salzburgerland.com\/de\/magazin\/wp-json\/wp\/v2\/tags?post=184797"},{"taxonomy":"wl_entity_type","embeddable":true,"href":"https:\/\/www.salzburgerland.com\/de\/magazin\/wp-json\/wp\/v2\/wl_entity_type?post=184797"},{"taxonomy":"monatsauswahl","embeddable":true,"href":"https:\/\/www.salzburgerland.com\/de\/magazin\/wp-json\/wp\/v2\/monatsauswahl?post=184797"}],"curies":[{"name":"wp","href":"https:\/\/api.w.org\/{rel}","templated":true}]}}