{"id":184771,"date":"2026-05-01T07:00:00","date_gmt":"2026-05-01T05:00:00","guid":{"rendered":"https:\/\/www.salzburgerland.com\/de\/magazin\/?p=184771"},"modified":"2025-10-07T11:16:58","modified_gmt":"2025-10-07T09:16:58","slug":"zu-fuss-und-zu-wasser-wandern-im-salzburger-seenland","status":"publish","type":"post","link":"https:\/\/www.salzburgerland.com\/de\/magazin\/zu-fuss-und-zu-wasser-wandern-im-salzburger-seenland\/","title":{"rendered":"Zu Fu\u00df und zu Wasser \u2013 Wandern im Salzburger Seenland"},"content":{"rendered":"\n<div class=\"wp-block-slt-top topBlocks\">\n<h2 class=\"wp-block-slt-subtitle\">Genusswandern durch die Region<\/h2>\n\n\n\n<p class=\"wp-block-slt-intro\">Das <a href=\"https:\/\/www.salzburger-seenland.at\/\" target=\"_blank\" rel=\"noreferrer noopener\">Salzburger Seenland<\/a> umfasst vier gro\u00dfe Seen und ist wie geschaffen f\u00fcr genussvolle Wanderungen durch das h\u00fcgelige Gel\u00e4nde. In Kombination mit der Seenland Schifffahrt gibt es rund um die Trumer Seen einige Wanderungen, die mit vielen Attraktionen und Naturhighlights \u00fcberraschen.<\/p>\n<\/div>\n\n\n\n<p>Wir sitzen am Schiff, der Wind weht durch die Haare, das Wasser glitzert in den Sonnenstrahlen und die Wellen schlagen rhythmisch gegen den Schiffsrumpf. Die erste Etappe unserer Runde f\u00fchrt uns diesmal nicht \u00fcber Wiesen und durch W\u00e4lder, sondern von Obertrum mit dem Schiff nach Seeham am Obertrumersee. Durch die Seenland Schifffahrt k\u00f6nnen Wanderer und Spazierg\u00e4nger die Tour in der Region abk\u00fcrzen und die Bootsfahrt mit einbeziehen.<\/p>\n\n\n\n<figure class=\"wp-block-image size-full\"><img loading=\"lazy\" decoding=\"async\" width=\"2560\" height=\"1920\" src=\"https:\/\/www.salzburgerland.com\/de\/magazin\/wp-content\/uploads\/2025\/10\/SalzburgerSeenland_SeenlandSchifffahrt18-scaled.jpg\" alt=\"dav\" class=\"wp-image-184769\" srcset=\"https:\/\/www.salzburgerland.com\/de\/magazin\/wp-content\/uploads\/2025\/10\/SalzburgerSeenland_SeenlandSchifffahrt18-scaled.jpg 2560w, https:\/\/www.salzburgerland.com\/de\/magazin\/wp-content\/uploads\/2025\/10\/SalzburgerSeenland_SeenlandSchifffahrt18-300x225.jpg 300w, https:\/\/www.salzburgerland.com\/de\/magazin\/wp-content\/uploads\/2025\/10\/SalzburgerSeenland_SeenlandSchifffahrt18-1536x1152.jpg 1536w, https:\/\/www.salzburgerland.com\/de\/magazin\/wp-content\/uploads\/2025\/10\/SalzburgerSeenland_SeenlandSchifffahrt18-2048x1536.jpg 2048w, https:\/\/www.salzburgerland.com\/de\/magazin\/wp-content\/uploads\/2025\/10\/SalzburgerSeenland_SeenlandSchifffahrt18-733x550.jpg 733w, https:\/\/www.salzburgerland.com\/de\/magazin\/wp-content\/uploads\/2025\/10\/SalzburgerSeenland_SeenlandSchifffahrt18-140x105.jpg 140w, https:\/\/www.salzburgerland.com\/de\/magazin\/wp-content\/uploads\/2025\/10\/SalzburgerSeenland_SeenlandSchifffahrt18-533x400.jpg 533w, https:\/\/www.salzburgerland.com\/de\/magazin\/wp-content\/uploads\/2025\/10\/SalzburgerSeenland_SeenlandSchifffahrt18-960x720.jpg 960w, https:\/\/www.salzburgerland.com\/de\/magazin\/wp-content\/uploads\/2025\/10\/SalzburgerSeenland_SeenlandSchifffahrt18-1320x990.jpg 1320w, https:\/\/www.salzburgerland.com\/de\/magazin\/wp-content\/uploads\/2025\/10\/SalzburgerSeenland_SeenlandSchifffahrt18-1200x900.jpg 1200w, https:\/\/www.salzburgerland.com\/de\/magazin\/wp-content\/uploads\/2025\/10\/SalzburgerSeenland_SeenlandSchifffahrt18-150x113.jpg 150w\" sizes=\"auto, (max-width: 2560px) 100vw, 2560px\" \/><figcaption class=\"wp-element-caption\">Am Beginn geht es mit dem Schiff \u00fcber den Obertrumersee. \u00a9Salzburger Seenland<\/figcaption><\/figure>\n\n\n\n<h2 class=\"wp-block-heading\" id=\"h-von-seeham-in-den-teufelsgraben\">Von Seeham in den Teufelsgraben<\/h2>\n\n\n\n<p>Wir setzen in Seeham an Land und packen unsere St\u00f6cke aus. Unser erstes Ziel ist der <a href=\"https:\/\/www.salzburger-seenland.at\/wanderrouten\/teufelsgraben-seeham\" target=\"_blank\" rel=\"noreferrer noopener\">Teufelsgraben<\/a>, der genau auf der H\u00e4lfte der Strecke liegt. Vorbei am <a href=\"https:\/\/www.bioartcampus.at\/\" target=\"_blank\" rel=\"noreferrer noopener\">Bioart-Campus<\/a> geht es zun\u00e4chst durch bewohntes Gebiet immer den Wanderschildern nach in den Pfarrgraben. <\/p>\n\n\n\n<figure class=\"wp-block-image size-full\"><img loading=\"lazy\" decoding=\"async\" width=\"2560\" height=\"1707\" src=\"https:\/\/www.salzburgerland.com\/de\/magazin\/wp-content\/uploads\/2025\/10\/HEI_6732-scaled.jpg\" alt=\"HEI_6732\" class=\"wp-image-184758\" srcset=\"https:\/\/www.salzburgerland.com\/de\/magazin\/wp-content\/uploads\/2025\/10\/HEI_6732-scaled.jpg 2560w, https:\/\/www.salzburgerland.com\/de\/magazin\/wp-content\/uploads\/2025\/10\/HEI_6732-300x200.jpg 300w, https:\/\/www.salzburgerland.com\/de\/magazin\/wp-content\/uploads\/2025\/10\/HEI_6732-1536x1024.jpg 1536w, https:\/\/www.salzburgerland.com\/de\/magazin\/wp-content\/uploads\/2025\/10\/HEI_6732-2048x1365.jpg 2048w, https:\/\/www.salzburgerland.com\/de\/magazin\/wp-content\/uploads\/2025\/10\/HEI_6732-825x550.jpg 825w, https:\/\/www.salzburgerland.com\/de\/magazin\/wp-content\/uploads\/2025\/10\/HEI_6732-600x400.jpg 600w, https:\/\/www.salzburgerland.com\/de\/magazin\/wp-content\/uploads\/2025\/10\/HEI_6732-1320x880.jpg 1320w, https:\/\/www.salzburgerland.com\/de\/magazin\/wp-content\/uploads\/2025\/10\/HEI_6732-150x100.jpg 150w\" sizes=\"auto, (max-width: 2560px) 100vw, 2560px\" \/><figcaption class=\"wp-element-caption\">Den See immer im Blick. \u00a9heikomandl.at<\/figcaption><\/figure>\n\n\n\n<p>Die Tour ist auch Teil des Pilgerweges, der durch das Salzburger Seenland und die benachbarten Regionen f\u00fchrt. Beim <a href=\"https:\/\/www.neuwirt-kellerwirt.com\/kellerwirt\/\" target=\"_blank\" rel=\"noreferrer noopener\">Kellerwirt<\/a> geht der Weg schlie\u00dflich aus dem Ort heraus, mitten in die Natur des Salzburger Flachgaus. \u00dcber ein paar Stufen wandern wir bergauf durch den k\u00fchlen Wald und weiter \u00fcber den J\u00e4gersteig zum Ortsteil T\u00fcr. Wir legen eine kurze Rast ein und besuchen den <a href=\"https:\/\/thurerhof.at\/sb-hofladen-am-thurerhof\/\" target=\"_blank\" rel=\"noreferrer noopener\">Hofladen des Thurerhofes<\/a>, der mit seinen regionalen Produkten zu einer kleinen \u201eShoppingtour\u201c einl\u00e4dt.<\/p>\n\n\n\n<figure class=\"wp-block-image size-full\"><img loading=\"lazy\" decoding=\"async\" width=\"2560\" height=\"1707\" src=\"https:\/\/www.salzburgerland.com\/de\/magazin\/wp-content\/uploads\/2025\/10\/HEI_6897-scaled.jpg\" alt=\"HEI_6897\" class=\"wp-image-184764\" srcset=\"https:\/\/www.salzburgerland.com\/de\/magazin\/wp-content\/uploads\/2025\/10\/HEI_6897-scaled.jpg 2560w, https:\/\/www.salzburgerland.com\/de\/magazin\/wp-content\/uploads\/2025\/10\/HEI_6897-300x200.jpg 300w, https:\/\/www.salzburgerland.com\/de\/magazin\/wp-content\/uploads\/2025\/10\/HEI_6897-1536x1024.jpg 1536w, https:\/\/www.salzburgerland.com\/de\/magazin\/wp-content\/uploads\/2025\/10\/HEI_6897-2048x1365.jpg 2048w, https:\/\/www.salzburgerland.com\/de\/magazin\/wp-content\/uploads\/2025\/10\/HEI_6897-825x550.jpg 825w, https:\/\/www.salzburgerland.com\/de\/magazin\/wp-content\/uploads\/2025\/10\/HEI_6897-600x400.jpg 600w, https:\/\/www.salzburgerland.com\/de\/magazin\/wp-content\/uploads\/2025\/10\/HEI_6897-1320x880.jpg 1320w, https:\/\/www.salzburgerland.com\/de\/magazin\/wp-content\/uploads\/2025\/10\/HEI_6897-150x100.jpg 150w\" sizes=\"auto, (max-width: 2560px) 100vw, 2560px\" \/><figcaption class=\"wp-element-caption\">Eine kurze Rast beim Turerhof.<\/figcaption><\/figure>\n\n\n\n<figure class=\"wp-block-image size-full\"><img loading=\"lazy\" decoding=\"async\" width=\"2560\" height=\"1707\" src=\"https:\/\/www.salzburgerland.com\/de\/magazin\/wp-content\/uploads\/2025\/10\/HEI_6869-scaled.jpg\" alt=\"HEI_6869\" class=\"wp-image-184763\" srcset=\"https:\/\/www.salzburgerland.com\/de\/magazin\/wp-content\/uploads\/2025\/10\/HEI_6869-scaled.jpg 2560w, https:\/\/www.salzburgerland.com\/de\/magazin\/wp-content\/uploads\/2025\/10\/HEI_6869-300x200.jpg 300w, https:\/\/www.salzburgerland.com\/de\/magazin\/wp-content\/uploads\/2025\/10\/HEI_6869-1536x1024.jpg 1536w, https:\/\/www.salzburgerland.com\/de\/magazin\/wp-content\/uploads\/2025\/10\/HEI_6869-2048x1365.jpg 2048w, https:\/\/www.salzburgerland.com\/de\/magazin\/wp-content\/uploads\/2025\/10\/HEI_6869-825x550.jpg 825w, https:\/\/www.salzburgerland.com\/de\/magazin\/wp-content\/uploads\/2025\/10\/HEI_6869-600x400.jpg 600w, https:\/\/www.salzburgerland.com\/de\/magazin\/wp-content\/uploads\/2025\/10\/HEI_6869-1320x880.jpg 1320w, https:\/\/www.salzburgerland.com\/de\/magazin\/wp-content\/uploads\/2025\/10\/HEI_6869-150x100.jpg 150w\" sizes=\"auto, (max-width: 2560px) 100vw, 2560px\" \/><figcaption class=\"wp-element-caption\">\u00dcber Wiesen und Felder&#8230;\u00a9heikomandl.at<\/figcaption><\/figure>\n\n\n\n<h2 class=\"wp-block-heading\" id=\"h-teuflische-showeinlage\">Teuflische Showeinlage<\/h2>\n\n\n\n<p>Schlie\u00dflich erreichen wir den Teufelsgraben. Die Wanderung f\u00fchrt zwar nicht direkt durch den Graben. Wir entschlie\u00dfen uns aber den Umweg durch das beliebte Ausflugsziel zu gehen. Wir tauchen in die geheimnisvolle Schlucht mit moosbewachsenen Felsen, klaren B\u00e4chen und schmalen Steigen ein.<\/p>\n\n\n\n<figure class=\"wp-block-image size-full\"><img loading=\"lazy\" decoding=\"async\" width=\"2560\" height=\"1707\" src=\"https:\/\/www.salzburgerland.com\/de\/magazin\/wp-content\/uploads\/2025\/10\/HEI_6940-scaled.jpg\" alt=\"HEI_6940\" class=\"wp-image-184767\" srcset=\"https:\/\/www.salzburgerland.com\/de\/magazin\/wp-content\/uploads\/2025\/10\/HEI_6940-scaled.jpg 2560w, https:\/\/www.salzburgerland.com\/de\/magazin\/wp-content\/uploads\/2025\/10\/HEI_6940-300x200.jpg 300w, https:\/\/www.salzburgerland.com\/de\/magazin\/wp-content\/uploads\/2025\/10\/HEI_6940-1536x1024.jpg 1536w, https:\/\/www.salzburgerland.com\/de\/magazin\/wp-content\/uploads\/2025\/10\/HEI_6940-2048x1365.jpg 2048w, https:\/\/www.salzburgerland.com\/de\/magazin\/wp-content\/uploads\/2025\/10\/HEI_6940-825x550.jpg 825w, https:\/\/www.salzburgerland.com\/de\/magazin\/wp-content\/uploads\/2025\/10\/HEI_6940-600x400.jpg 600w, https:\/\/www.salzburgerland.com\/de\/magazin\/wp-content\/uploads\/2025\/10\/HEI_6940-1320x880.jpg 1320w, https:\/\/www.salzburgerland.com\/de\/magazin\/wp-content\/uploads\/2025\/10\/HEI_6940-150x100.jpg 150w\" sizes=\"auto, (max-width: 2560px) 100vw, 2560px\" \/><figcaption class=\"wp-element-caption\">Der Wasserfall im Teufelsgraben. \u00a9heikomandl.at<\/figcaption><\/figure>\n\n\n\n<p>Schlie\u00dflich gehen wir weiter Richtung Obertrum, vom Teufelsgraben f\u00fchren uns die letzten Kilometer in einer gro\u00dfen Schleife \u00fcber den H\u00f6henweg bis in den Ort, wo wir noch die ortsans\u00e4ssige Brauerei besuchen. Am Ende unserer Wanderung sitzen wir an einem Steg und lassen die F\u00fc\u00dfe ins Wasser h\u00e4ngen und blicken auf den See hinaus.<\/p>\n\n\n\n<figure class=\"wp-block-image size-full\"><img loading=\"lazy\" decoding=\"async\" width=\"2560\" height=\"1707\" src=\"https:\/\/www.salzburgerland.com\/de\/magazin\/wp-content\/uploads\/2025\/10\/HEI_6811-scaled.jpg\" alt=\"HEI_6811\" class=\"wp-image-184760\" srcset=\"https:\/\/www.salzburgerland.com\/de\/magazin\/wp-content\/uploads\/2025\/10\/HEI_6811-scaled.jpg 2560w, https:\/\/www.salzburgerland.com\/de\/magazin\/wp-content\/uploads\/2025\/10\/HEI_6811-300x200.jpg 300w, https:\/\/www.salzburgerland.com\/de\/magazin\/wp-content\/uploads\/2025\/10\/HEI_6811-1536x1024.jpg 1536w, https:\/\/www.salzburgerland.com\/de\/magazin\/wp-content\/uploads\/2025\/10\/HEI_6811-2048x1365.jpg 2048w, https:\/\/www.salzburgerland.com\/de\/magazin\/wp-content\/uploads\/2025\/10\/HEI_6811-825x550.jpg 825w, https:\/\/www.salzburgerland.com\/de\/magazin\/wp-content\/uploads\/2025\/10\/HEI_6811-600x400.jpg 600w, https:\/\/www.salzburgerland.com\/de\/magazin\/wp-content\/uploads\/2025\/10\/HEI_6811-1320x880.jpg 1320w, https:\/\/www.salzburgerland.com\/de\/magazin\/wp-content\/uploads\/2025\/10\/HEI_6811-150x100.jpg 150w\" sizes=\"auto, (max-width: 2560px) 100vw, 2560px\" \/><figcaption class=\"wp-element-caption\">Wanderung mit Aussicht. \u00a9heikomandl.at<\/figcaption><\/figure>\n\n\n\n<p><strong>Informationen zur Wanderung:<\/strong><br>Ausgangspunkt\/Endpunkt: Obertrum am See<br>Dauer: ca. 3,5 h inkl. Bootsfahrt, <br>L\u00e4nge: 6,5 km.<\/p>\n\n\n\n<p><strong>Andere Varianten in Kombination mit der Seenland Schifffahrt:<\/strong><br>Vom Obertrum mit den Schiff nach Mattsee und zu Fu\u00df \u00fcber den Buchberg und zur\u00fcck nach Obertrum.<br>Von Seeham um den Grabensee nach Mattsee und mit den Schiff zur\u00fcck nach Seeham.<\/p>\n\n\n\n<p>Die Seenlandschifffahrt f\u00e4hrt von Mai bis Oktober. Reservierung unter: <a href=\"http:\/\/www.seenland-schifffahrt.at\" target=\"_blank\" rel=\"noreferrer noopener\">www.seenland-schifffahrt.at<\/a><\/p>\n\n\n\n<p><\/p>\n","protected":false},"excerpt":{"rendered":"<p>Wir sitzen am Schiff, der Wind weht durch die Haare, das Wasser glitzert in den Sonnenstrahlen und die Wellen schlagen rhythmisch gegen den Schiffsrumpf. Die erste Etappe unserer Runde f\u00fchrt uns diesmal nicht \u00fcber Wiesen und durch W\u00e4lder, sondern von Obertrum mit dem Schiff nach Seeham am Obertrumersee. Durch die Seenland Schifffahrt k\u00f6nnen Wanderer und [&hellip;]<\/p>\n","protected":false},"author":10,"featured_media":184757,"comment_status":"closed","ping_status":"closed","sticky":false,"template":"","format":"standard","meta":{"_acf_changed":false,"wl_entities_gutenberg":"","_wl_entity_redirect_enabled":"","footnotes":""},"categories":[9],"tags":[7976,4447,162,139],"wl_entity_type":[306],"monatsauswahl":[86,87,88,89,90,91],"class_list":["post-184771","post","type-post","status-publish","format-standard","has-post-thumbnail","hentry","category-sehenswurdig","tag-boot","tag-natur","tag-see","tag-wandern","wl_entity_type-article","monatsauswahl-monat_5","monatsauswahl-monat_6","monatsauswahl-monat_7","monatsauswahl-monat_8","monatsauswahl-monat_9","monatsauswahl-monat_10"],"acf":[],"yoast_head":"<!-- This site is optimized with the Yoast SEO Premium plugin v27.4 (Yoast SEO v27.4) - https:\/\/yoast.com\/product\/yoast-seo-premium-wordpress\/ -->\n<title>Zu Fu\u00df und zu Wasser \u2013 Wandern im Salzburger Seenland - SalzburgerLand Magazin<\/title>\n<meta name=\"robots\" content=\"index, follow, max-snippet:-1, max-image-preview:large, max-video-preview:-1\" \/>\n<link rel=\"canonical\" href=\"https:\/\/www.salzburgerland.com\/de\/magazin\/zu-fuss-und-zu-wasser-wandern-im-salzburger-seenland\/\" \/>\n<meta property=\"og:locale\" content=\"de_DE\" \/>\n<meta property=\"og:type\" content=\"article\" \/>\n<meta property=\"og:title\" content=\"Zu Fu\u00df und zu Wasser \u2013 Wandern im Salzburger Seenland\" \/>\n<meta property=\"og:description\" content=\"Wir sitzen am Schiff, der Wind weht durch die Haare, das Wasser glitzert in den Sonnenstrahlen und die Wellen schlagen rhythmisch gegen den Schiffsrumpf. Die erste Etappe unserer Runde f\u00fchrt uns diesmal nicht \u00fcber Wiesen und durch W\u00e4lder, sondern von Obertrum mit dem Schiff nach Seeham am Obertrumersee. Durch die Seenland Schifffahrt k\u00f6nnen Wanderer und [&hellip;]\" \/>\n<meta property=\"og:url\" content=\"https:\/\/www.salzburgerland.com\/de\/magazin\/zu-fuss-und-zu-wasser-wandern-im-salzburger-seenland\/\" \/>\n<meta property=\"og:site_name\" content=\"SalzburgerLand Magazin\" \/>\n<meta property=\"article:publisher\" content=\"https:\/\/www.facebook.com\/salzburgerland\/\" \/>\n<meta property=\"article:published_time\" content=\"2026-05-01T05:00:00+00:00\" \/>\n<meta property=\"og:image\" content=\"https:\/\/www.salzburgerland.com\/de\/magazin\/wp-content\/uploads\/2025\/10\/HEI_6705-scaled.jpg\" \/>\n\t<meta property=\"og:image:width\" content=\"2560\" \/>\n\t<meta property=\"og:image:height\" content=\"1707\" \/>\n\t<meta property=\"og:image:type\" content=\"image\/jpeg\" \/>\n<meta name=\"author\" content=\"Heiko Mandl\" \/>\n<meta name=\"twitter:card\" content=\"summary_large_image\" \/>\n<meta name=\"twitter:creator\" content=\"@Salzburgerland\" \/>\n<meta name=\"twitter:site\" content=\"@Salzburgerland\" \/>\n<meta name=\"twitter:label1\" content=\"Verfasst von\" \/>\n\t<meta name=\"twitter:data1\" content=\"Heiko Mandl\" \/>\n\t<meta name=\"twitter:label2\" content=\"Gesch\u00e4tzte Lesezeit\" \/>\n\t<meta name=\"twitter:data2\" content=\"4\u00a0Minuten\" \/>\n<script type=\"application\/ld+json\" class=\"yoast-schema-graph\">{\"@context\":\"https:\\\/\\\/schema.org\",\"@graph\":[{\"@type\":\"Article\",\"@id\":\"https:\\\/\\\/www.salzburgerland.com\\\/de\\\/magazin\\\/zu-fuss-und-zu-wasser-wandern-im-salzburger-seenland\\\/#article\",\"isPartOf\":{\"@id\":\"https:\\\/\\\/www.salzburgerland.com\\\/de\\\/magazin\\\/zu-fuss-und-zu-wasser-wandern-im-salzburger-seenland\\\/\"},\"author\":{\"name\":\"Heiko Mandl\",\"@id\":\"https:\\\/\\\/www.salzburgerland.com\\\/de\\\/magazin\\\/#\\\/schema\\\/person\\\/8871c7c764fce6ea66752310e7fe9e98\"},\"headline\":\"Zu Fu\u00df und zu Wasser \u2013 Wandern im Salzburger Seenland\",\"datePublished\":\"2026-05-01T05:00:00+00:00\",\"mainEntityOfPage\":{\"@id\":\"https:\\\/\\\/www.salzburgerland.com\\\/de\\\/magazin\\\/zu-fuss-und-zu-wasser-wandern-im-salzburger-seenland\\\/\"},\"wordCount\":476,\"publisher\":{\"@id\":\"https:\\\/\\\/www.salzburgerland.com\\\/de\\\/magazin\\\/#organization\"},\"image\":{\"@id\":\"https:\\\/\\\/www.salzburgerland.com\\\/de\\\/magazin\\\/zu-fuss-und-zu-wasser-wandern-im-salzburger-seenland\\\/#primaryimage\"},\"thumbnailUrl\":\"https:\\\/\\\/www.salzburgerland.com\\\/de\\\/magazin\\\/wp-content\\\/uploads\\\/2025\\\/10\\\/HEI_6705-scaled.jpg\",\"keywords\":[\"Boot\",\"Natur\",\"see\",\"Wandern\"],\"articleSection\":[\"Sehensw\u00fcrdig\"],\"inLanguage\":\"de\"},{\"@type\":\"WebPage\",\"@id\":\"https:\\\/\\\/www.salzburgerland.com\\\/de\\\/magazin\\\/zu-fuss-und-zu-wasser-wandern-im-salzburger-seenland\\\/\",\"url\":\"https:\\\/\\\/www.salzburgerland.com\\\/de\\\/magazin\\\/zu-fuss-und-zu-wasser-wandern-im-salzburger-seenland\\\/\",\"name\":\"Zu Fu\u00df und zu Wasser \u2013 Wandern im Salzburger Seenland - SalzburgerLand Magazin\",\"isPartOf\":{\"@id\":\"https:\\\/\\\/www.salzburgerland.com\\\/de\\\/magazin\\\/#website\"},\"primaryImageOfPage\":{\"@id\":\"https:\\\/\\\/www.salzburgerland.com\\\/de\\\/magazin\\\/zu-fuss-und-zu-wasser-wandern-im-salzburger-seenland\\\/#primaryimage\"},\"image\":{\"@id\":\"https:\\\/\\\/www.salzburgerland.com\\\/de\\\/magazin\\\/zu-fuss-und-zu-wasser-wandern-im-salzburger-seenland\\\/#primaryimage\"},\"thumbnailUrl\":\"https:\\\/\\\/www.salzburgerland.com\\\/de\\\/magazin\\\/wp-content\\\/uploads\\\/2025\\\/10\\\/HEI_6705-scaled.jpg\",\"datePublished\":\"2026-05-01T05:00:00+00:00\",\"breadcrumb\":{\"@id\":\"https:\\\/\\\/www.salzburgerland.com\\\/de\\\/magazin\\\/zu-fuss-und-zu-wasser-wandern-im-salzburger-seenland\\\/#breadcrumb\"},\"inLanguage\":\"de\",\"potentialAction\":[{\"@type\":\"ReadAction\",\"target\":[\"https:\\\/\\\/www.salzburgerland.com\\\/de\\\/magazin\\\/zu-fuss-und-zu-wasser-wandern-im-salzburger-seenland\\\/\"]}]},{\"@type\":\"ImageObject\",\"inLanguage\":\"de\",\"@id\":\"https:\\\/\\\/www.salzburgerland.com\\\/de\\\/magazin\\\/zu-fuss-und-zu-wasser-wandern-im-salzburger-seenland\\\/#primaryimage\",\"url\":\"https:\\\/\\\/www.salzburgerland.com\\\/de\\\/magazin\\\/wp-content\\\/uploads\\\/2025\\\/10\\\/HEI_6705-scaled.jpg\",\"contentUrl\":\"https:\\\/\\\/www.salzburgerland.com\\\/de\\\/magazin\\\/wp-content\\\/uploads\\\/2025\\\/10\\\/HEI_6705-scaled.jpg\",\"width\":2560,\"height\":1707},{\"@type\":\"BreadcrumbList\",\"@id\":\"https:\\\/\\\/www.salzburgerland.com\\\/de\\\/magazin\\\/zu-fuss-und-zu-wasser-wandern-im-salzburger-seenland\\\/#breadcrumb\",\"itemListElement\":[{\"@type\":\"ListItem\",\"position\":1,\"name\":\"Startseite\",\"item\":\"https:\\\/\\\/www.salzburgerland.com\\\/de\\\/magazin\\\/\"},{\"@type\":\"ListItem\",\"position\":2,\"name\":\"Sehensw\u00fcrdig\",\"item\":\"https:\\\/\\\/www.salzburgerland.com\\\/de\\\/magazin\\\/thema\\\/sehenswurdig\\\/\"},{\"@type\":\"ListItem\",\"position\":3,\"name\":\"Zu Fu\u00df und zu Wasser \u2013 Wandern im Salzburger Seenland\"}]},{\"@type\":\"WebSite\",\"@id\":\"https:\\\/\\\/www.salzburgerland.com\\\/de\\\/magazin\\\/#website\",\"url\":\"https:\\\/\\\/www.salzburgerland.com\\\/de\\\/magazin\\\/\",\"name\":\"SalzburgerLand Magazin\",\"description\":\"Geschichten und Interessantes aus dem SalzburgerLand\",\"publisher\":{\"@id\":\"https:\\\/\\\/www.salzburgerland.com\\\/de\\\/magazin\\\/#organization\"},\"potentialAction\":[{\"@type\":\"SearchAction\",\"target\":{\"@type\":\"EntryPoint\",\"urlTemplate\":\"https:\\\/\\\/www.salzburgerland.com\\\/de\\\/magazin\\\/?s={search_term_string}\"},\"query-input\":{\"@type\":\"PropertyValueSpecification\",\"valueRequired\":true,\"valueName\":\"search_term_string\"}}],\"inLanguage\":\"de\"},{\"@type\":\"Organization\",\"@id\":\"https:\\\/\\\/www.salzburgerland.com\\\/de\\\/magazin\\\/#organization\",\"name\":\"SalzburgerLand Tourismus\",\"url\":\"https:\\\/\\\/www.salzburgerland.com\\\/de\\\/magazin\\\/\",\"logo\":{\"@type\":\"ImageObject\",\"inLanguage\":\"de\",\"@id\":\"https:\\\/\\\/www.salzburgerland.com\\\/de\\\/magazin\\\/#\\\/schema\\\/logo\\\/image\\\/\",\"url\":\"https:\\\/\\\/www.salzburgerland.com\\\/de\\\/magazin\\\/wp-content\\\/uploads\\\/2019\\\/06\\\/salzburgerland-logo1.jpg\",\"contentUrl\":\"https:\\\/\\\/www.salzburgerland.com\\\/de\\\/magazin\\\/wp-content\\\/uploads\\\/2019\\\/06\\\/salzburgerland-logo1.jpg\",\"width\":2011,\"height\":866,\"caption\":\"SalzburgerLand Tourismus\"},\"image\":{\"@id\":\"https:\\\/\\\/www.salzburgerland.com\\\/de\\\/magazin\\\/#\\\/schema\\\/logo\\\/image\\\/\"},\"sameAs\":[\"https:\\\/\\\/www.facebook.com\\\/salzburgerland\\\/\",\"https:\\\/\\\/x.com\\\/Salzburgerland\",\"https:\\\/\\\/www.instagram.com\\\/salzburgerland\\\/\",\"https:\\\/\\\/at.linkedin.com\\\/company\\\/salzburgerland-tourismus-gmbh\",\"https:\\\/\\\/www.pinterest.at\\\/salzburgerland\\\/\",\"https:\\\/\\\/www.youtube.com\\\/user\\\/salzburgerland\",\"https:\\\/\\\/de.wikipedia.org\\\/wiki\\\/SalzburgerLand_Tourismus_GmbH\"]},{\"@type\":\"Person\",\"@id\":\"https:\\\/\\\/www.salzburgerland.com\\\/de\\\/magazin\\\/#\\\/schema\\\/person\\\/8871c7c764fce6ea66752310e7fe9e98\",\"name\":\"Heiko Mandl\",\"description\":\"Heiko Mandl, geboren 1976 in Salzburg, ist durch den Journalismus zur Fotografie gekommen und ist seit zehn Jahren als selbstst\u00e4ndiger Fotograf und Autor in Salzburg t\u00e4tig. Schon von Kindheit an haben ihn die Berge vor seiner Haust\u00fcr fasziniert. Heute z\u00e4hlen sie unter anderem zu seinem Arbeitsplatz. Er arbeitet f\u00fcr internationale Outdoor- und Reisemagazine sowie zahlreiche Firmen und Agenturen. Luxushotel oder Almh\u00fctte: Ich kann beides genie\u00dfen und ich gehe das nach dem Motto: Alles zur richtigen Zeit und zur passenden Gelegenheit an. Wandern oder Laufen: Auf jeden Fall wandern, ist gem\u00fctlicher und man kann sich mehr auf die Umgebung konzentrieren. Golfplatz oder Klettergarten: Klettergarten, zumindest noch die n\u00e4chsten 20 Jahre. Fr\u00fchling, sommer, herbst oder Winter? Fr\u00fchling und Sommer und Herbst und Winter! Im SalzburgerLand ist es das ganze Jahr traumhaft sch\u00f6n. Wellness oder Mountainbike? Zuerst eine Runde mit dem Mountainbike und dann ab in den Wellnesstempel. Das eine schlie\u00dft das andere nicht aus!\",\"url\":\"https:\\\/\\\/www.salzburgerland.com\\\/de\\\/magazin\\\/author\\\/heiko-mandl\\\/\"}]}<\/script>\n<!-- \/ Yoast SEO Premium plugin. -->","yoast_head_json":{"title":"Zu Fu\u00df und zu Wasser \u2013 Wandern im Salzburger Seenland - SalzburgerLand Magazin","robots":{"index":"index","follow":"follow","max-snippet":"max-snippet:-1","max-image-preview":"max-image-preview:large","max-video-preview":"max-video-preview:-1"},"canonical":"https:\/\/www.salzburgerland.com\/de\/magazin\/zu-fuss-und-zu-wasser-wandern-im-salzburger-seenland\/","og_locale":"de_DE","og_type":"article","og_title":"Zu Fu\u00df und zu Wasser \u2013 Wandern im Salzburger Seenland","og_description":"Wir sitzen am Schiff, der Wind weht durch die Haare, das Wasser glitzert in den Sonnenstrahlen und die Wellen schlagen rhythmisch gegen den Schiffsrumpf. Die erste Etappe unserer Runde f\u00fchrt uns diesmal nicht \u00fcber Wiesen und durch W\u00e4lder, sondern von Obertrum mit dem Schiff nach Seeham am Obertrumersee. Durch die Seenland Schifffahrt k\u00f6nnen Wanderer und [&hellip;]","og_url":"https:\/\/www.salzburgerland.com\/de\/magazin\/zu-fuss-und-zu-wasser-wandern-im-salzburger-seenland\/","og_site_name":"SalzburgerLand Magazin","article_publisher":"https:\/\/www.facebook.com\/salzburgerland\/","article_published_time":"2026-05-01T05:00:00+00:00","og_image":[{"width":2560,"height":1707,"url":"https:\/\/www.salzburgerland.com\/de\/magazin\/wp-content\/uploads\/2025\/10\/HEI_6705-scaled.jpg","type":"image\/jpeg"}],"author":"Heiko Mandl","twitter_card":"summary_large_image","twitter_creator":"@Salzburgerland","twitter_site":"@Salzburgerland","twitter_misc":{"Verfasst von":"Heiko Mandl","Gesch\u00e4tzte Lesezeit":"4\u00a0Minuten"},"schema":{"@context":"https:\/\/schema.org","@graph":[{"@type":"Article","@id":"https:\/\/www.salzburgerland.com\/de\/magazin\/zu-fuss-und-zu-wasser-wandern-im-salzburger-seenland\/#article","isPartOf":{"@id":"https:\/\/www.salzburgerland.com\/de\/magazin\/zu-fuss-und-zu-wasser-wandern-im-salzburger-seenland\/"},"author":{"name":"Heiko Mandl","@id":"https:\/\/www.salzburgerland.com\/de\/magazin\/#\/schema\/person\/8871c7c764fce6ea66752310e7fe9e98"},"headline":"Zu Fu\u00df und zu Wasser \u2013 Wandern im Salzburger Seenland","datePublished":"2026-05-01T05:00:00+00:00","mainEntityOfPage":{"@id":"https:\/\/www.salzburgerland.com\/de\/magazin\/zu-fuss-und-zu-wasser-wandern-im-salzburger-seenland\/"},"wordCount":476,"publisher":{"@id":"https:\/\/www.salzburgerland.com\/de\/magazin\/#organization"},"image":{"@id":"https:\/\/www.salzburgerland.com\/de\/magazin\/zu-fuss-und-zu-wasser-wandern-im-salzburger-seenland\/#primaryimage"},"thumbnailUrl":"https:\/\/www.salzburgerland.com\/de\/magazin\/wp-content\/uploads\/2025\/10\/HEI_6705-scaled.jpg","keywords":["Boot","Natur","see","Wandern"],"articleSection":["Sehensw\u00fcrdig"],"inLanguage":"de"},{"@type":"WebPage","@id":"https:\/\/www.salzburgerland.com\/de\/magazin\/zu-fuss-und-zu-wasser-wandern-im-salzburger-seenland\/","url":"https:\/\/www.salzburgerland.com\/de\/magazin\/zu-fuss-und-zu-wasser-wandern-im-salzburger-seenland\/","name":"Zu Fu\u00df und zu Wasser \u2013 Wandern im Salzburger Seenland - SalzburgerLand Magazin","isPartOf":{"@id":"https:\/\/www.salzburgerland.com\/de\/magazin\/#website"},"primaryImageOfPage":{"@id":"https:\/\/www.salzburgerland.com\/de\/magazin\/zu-fuss-und-zu-wasser-wandern-im-salzburger-seenland\/#primaryimage"},"image":{"@id":"https:\/\/www.salzburgerland.com\/de\/magazin\/zu-fuss-und-zu-wasser-wandern-im-salzburger-seenland\/#primaryimage"},"thumbnailUrl":"https:\/\/www.salzburgerland.com\/de\/magazin\/wp-content\/uploads\/2025\/10\/HEI_6705-scaled.jpg","datePublished":"2026-05-01T05:00:00+00:00","breadcrumb":{"@id":"https:\/\/www.salzburgerland.com\/de\/magazin\/zu-fuss-und-zu-wasser-wandern-im-salzburger-seenland\/#breadcrumb"},"inLanguage":"de","potentialAction":[{"@type":"ReadAction","target":["https:\/\/www.salzburgerland.com\/de\/magazin\/zu-fuss-und-zu-wasser-wandern-im-salzburger-seenland\/"]}]},{"@type":"ImageObject","inLanguage":"de","@id":"https:\/\/www.salzburgerland.com\/de\/magazin\/zu-fuss-und-zu-wasser-wandern-im-salzburger-seenland\/#primaryimage","url":"https:\/\/www.salzburgerland.com\/de\/magazin\/wp-content\/uploads\/2025\/10\/HEI_6705-scaled.jpg","contentUrl":"https:\/\/www.salzburgerland.com\/de\/magazin\/wp-content\/uploads\/2025\/10\/HEI_6705-scaled.jpg","width":2560,"height":1707},{"@type":"BreadcrumbList","@id":"https:\/\/www.salzburgerland.com\/de\/magazin\/zu-fuss-und-zu-wasser-wandern-im-salzburger-seenland\/#breadcrumb","itemListElement":[{"@type":"ListItem","position":1,"name":"Startseite","item":"https:\/\/www.salzburgerland.com\/de\/magazin\/"},{"@type":"ListItem","position":2,"name":"Sehensw\u00fcrdig","item":"https:\/\/www.salzburgerland.com\/de\/magazin\/thema\/sehenswurdig\/"},{"@type":"ListItem","position":3,"name":"Zu Fu\u00df und zu Wasser \u2013 Wandern im Salzburger Seenland"}]},{"@type":"WebSite","@id":"https:\/\/www.salzburgerland.com\/de\/magazin\/#website","url":"https:\/\/www.salzburgerland.com\/de\/magazin\/","name":"SalzburgerLand Magazin","description":"Geschichten und Interessantes aus dem SalzburgerLand","publisher":{"@id":"https:\/\/www.salzburgerland.com\/de\/magazin\/#organization"},"potentialAction":[{"@type":"SearchAction","target":{"@type":"EntryPoint","urlTemplate":"https:\/\/www.salzburgerland.com\/de\/magazin\/?s={search_term_string}"},"query-input":{"@type":"PropertyValueSpecification","valueRequired":true,"valueName":"search_term_string"}}],"inLanguage":"de"},{"@type":"Organization","@id":"https:\/\/www.salzburgerland.com\/de\/magazin\/#organization","name":"SalzburgerLand Tourismus","url":"https:\/\/www.salzburgerland.com\/de\/magazin\/","logo":{"@type":"ImageObject","inLanguage":"de","@id":"https:\/\/www.salzburgerland.com\/de\/magazin\/#\/schema\/logo\/image\/","url":"https:\/\/www.salzburgerland.com\/de\/magazin\/wp-content\/uploads\/2019\/06\/salzburgerland-logo1.jpg","contentUrl":"https:\/\/www.salzburgerland.com\/de\/magazin\/wp-content\/uploads\/2019\/06\/salzburgerland-logo1.jpg","width":2011,"height":866,"caption":"SalzburgerLand Tourismus"},"image":{"@id":"https:\/\/www.salzburgerland.com\/de\/magazin\/#\/schema\/logo\/image\/"},"sameAs":["https:\/\/www.facebook.com\/salzburgerland\/","https:\/\/x.com\/Salzburgerland","https:\/\/www.instagram.com\/salzburgerland\/","https:\/\/at.linkedin.com\/company\/salzburgerland-tourismus-gmbh","https:\/\/www.pinterest.at\/salzburgerland\/","https:\/\/www.youtube.com\/user\/salzburgerland","https:\/\/de.wikipedia.org\/wiki\/SalzburgerLand_Tourismus_GmbH"]},{"@type":"Person","@id":"https:\/\/www.salzburgerland.com\/de\/magazin\/#\/schema\/person\/8871c7c764fce6ea66752310e7fe9e98","name":"Heiko Mandl","description":"Heiko Mandl, geboren 1976 in Salzburg, ist durch den Journalismus zur Fotografie gekommen und ist seit zehn Jahren als selbstst\u00e4ndiger Fotograf und Autor in Salzburg t\u00e4tig. Schon von Kindheit an haben ihn die Berge vor seiner Haust\u00fcr fasziniert. Heute z\u00e4hlen sie unter anderem zu seinem Arbeitsplatz. Er arbeitet f\u00fcr internationale Outdoor- und Reisemagazine sowie zahlreiche Firmen und Agenturen. Luxushotel oder Almh\u00fctte: Ich kann beides genie\u00dfen und ich gehe das nach dem Motto: Alles zur richtigen Zeit und zur passenden Gelegenheit an. Wandern oder Laufen: Auf jeden Fall wandern, ist gem\u00fctlicher und man kann sich mehr auf die Umgebung konzentrieren. Golfplatz oder Klettergarten: Klettergarten, zumindest noch die n\u00e4chsten 20 Jahre. Fr\u00fchling, sommer, herbst oder Winter? Fr\u00fchling und Sommer und Herbst und Winter! Im SalzburgerLand ist es das ganze Jahr traumhaft sch\u00f6n. Wellness oder Mountainbike? Zuerst eine Runde mit dem Mountainbike und dann ab in den Wellnesstempel. Das eine schlie\u00dft das andere nicht aus!","url":"https:\/\/www.salzburgerland.com\/de\/magazin\/author\/heiko-mandl\/"}]}},"_wl_alt_label":[],"wl:entity_url":"http:\/\/open.salzburgerland.com\/magazin\/post\/zu-fuss-und-zu-wasser-wandern-im-salzburger-seenland-184771","_links":{"self":[{"href":"https:\/\/www.salzburgerland.com\/de\/magazin\/wp-json\/wp\/v2\/posts\/184771","targetHints":{"allow":["GET"]}}],"collection":[{"href":"https:\/\/www.salzburgerland.com\/de\/magazin\/wp-json\/wp\/v2\/posts"}],"about":[{"href":"https:\/\/www.salzburgerland.com\/de\/magazin\/wp-json\/wp\/v2\/types\/post"}],"author":[{"embeddable":true,"href":"https:\/\/www.salzburgerland.com\/de\/magazin\/wp-json\/wp\/v2\/users\/10"}],"replies":[{"embeddable":true,"href":"https:\/\/www.salzburgerland.com\/de\/magazin\/wp-json\/wp\/v2\/comments?post=184771"}],"version-history":[{"count":5,"href":"https:\/\/www.salzburgerland.com\/de\/magazin\/wp-json\/wp\/v2\/posts\/184771\/revisions"}],"predecessor-version":[{"id":185428,"href":"https:\/\/www.salzburgerland.com\/de\/magazin\/wp-json\/wp\/v2\/posts\/184771\/revisions\/185428"}],"wp:featuredmedia":[{"embeddable":true,"href":"https:\/\/www.salzburgerland.com\/de\/magazin\/wp-json\/wp\/v2\/media\/184757"}],"wp:attachment":[{"href":"https:\/\/www.salzburgerland.com\/de\/magazin\/wp-json\/wp\/v2\/media?parent=184771"}],"wp:term":[{"taxonomy":"category","embeddable":true,"href":"https:\/\/www.salzburgerland.com\/de\/magazin\/wp-json\/wp\/v2\/categories?post=184771"},{"taxonomy":"post_tag","embeddable":true,"href":"https:\/\/www.salzburgerland.com\/de\/magazin\/wp-json\/wp\/v2\/tags?post=184771"},{"taxonomy":"wl_entity_type","embeddable":true,"href":"https:\/\/www.salzburgerland.com\/de\/magazin\/wp-json\/wp\/v2\/wl_entity_type?post=184771"},{"taxonomy":"monatsauswahl","embeddable":true,"href":"https:\/\/www.salzburgerland.com\/de\/magazin\/wp-json\/wp\/v2\/monatsauswahl?post=184771"}],"curies":[{"name":"wp","href":"https:\/\/api.w.org\/{rel}","templated":true}]}}