{"id":184104,"date":"2025-09-04T07:00:00","date_gmt":"2025-09-04T05:00:00","guid":{"rendered":"https:\/\/www.salzburgerland.com\/de\/magazin\/?p=184104"},"modified":"2025-08-17T08:56:02","modified_gmt":"2025-08-17T06:56:02","slug":"puchclub-fuschl","status":"publish","type":"post","link":"https:\/\/www.salzburgerland.com\/de\/magazin\/puchclub-fuschl\/","title":{"rendered":"Zehn Jahre PUCH-Tradition in Fuschl"},"content":{"rendered":"\n<div class=\"wp-block-slt-top topBlocks\">\n<h2 class=\"wp-block-slt-subtitle\">Einladung in die Welt der Zweirad-Legenden<\/h2>\n\n\n\n<p class=\"wp-block-slt-intro\">10 Jahre Puchclub Fuschl \u2013 7. Puch-Treffen am Fuschlsee: Nostalgisches Zweiradtreffen in der Fuschlseeregion mit gemeinsamer Ausfahrt \u2013 ein H\u00f6hepunkt f\u00fcr Liebhaber klassischer Zweir\u00e4der.<\/p>\n<\/div>\n\n\n\n<p>Am 13. September 2025 verwandelt sich der Dorfplatz in Fuschl am See erneut in ein Eldorado f\u00fcr Liebhaber klassischer Zweir\u00e4der. Beim 10-j\u00e4hrigen Club-Jubil\u00e4um des Puchclub Fuschl und dem 7. Fuschler Puch Treffen stehen nostalgische Motorr\u00e4der \u2013 allen voran die kultigen PUCH-Mopeds im Mittelpunkt einer leidenschaftlichen Gemeinschaft. Es sind aber auch alle nostalgischen Zweirad-Marken herzlich Willkommen.<\/p>\n\n\n\n<h2 class=\"wp-block-heading\" id=\"h-ein-tag-voller-geschichte-gemeinschaft-amp-ps-liebe\">Ein Tag voller Geschichte, Gemeinschaft &amp; PS-Liebe<\/h2>\n\n\n\n<p>Bereits ab 10:00 Uhr treffen die ersten Teilnehmer*innen mit ihren liebevoll restaurierten Bikes ein. Etwas sp\u00e4ter, um 11:30 Uhr, startet eine gemeinsame Ausfahrt auf einer Tour rund um den glitzernden Fuschlsee durch die <a href=\"https:\/\/www.salzburgerland.com\/de\/fuschlsee\/veranstaltungen\" target=\"_blank\" rel=\"noreferrer noopener\">Fuschlseeregion<\/a> (rund 15 km), ein malerischer Auftakt in den Tag. Um etwa 13:30 Uhr hei\u00dft es dann: B\u00fchne frei f\u00fcr die historische Zweiradpr\u00e4sentation. F\u00fcr das leibliche Wohl ist bestens gesorgt, und die Veranstaltung findet bei jeder Witterung statt \u2013 echte Enthusiasten lassen sich eben nicht aufhalten.<\/p>\n\n\n<div class=\"mag-gallery\"><div class=\"row\"><div class=\"col-6 col-sm-4\"><figure><a class=\"thumb-container\" href=\"https:\/\/www.salzburgerland.com\/de\/magazin\/wp-content\/uploads\/2025\/08\/puch-club-treffen-fuschl-am-see-1-1280x1024.jpg\">\t<picture><source media=\"(min-width: 576px)\" srcset=\"https:\/\/www.salzburgerland.com\/de\/magazin\/wp-content\/uploads\/2025\/08\/puch-club-treffen-fuschl-am-see-1-325x209.jpg 325w, https:\/\/www.salzburgerland.com\/de\/magazin\/wp-content\/uploads\/2025\/08\/puch-club-treffen-fuschl-am-see-1-249x160.jpg 249w\"><\/source><source media=\"(min-width: 0)\" srcset=\"https:\/\/www.salzburgerland.com\/de\/magazin\/wp-content\/uploads\/2025\/08\/puch-club-treffen-fuschl-am-see-1-249x160.jpg 249w, https:\/\/www.salzburgerland.com\/de\/magazin\/wp-content\/uploads\/2025\/08\/puch-club-treffen-fuschl-am-see-1-325x209.jpg 325w\"><\/source><img decoding=\"async\" alt=\"Eine Person mit Helm und Jacke sitzt auf einem alten Puchclub Fuschl Motorrad auf einer Kopfsteinpflasterstra&szlig;e.\" src=\"https:\/\/www.salzburgerland.com\/de\/magazin\/wp-content\/uploads\/2025\/08\/puch-club-treffen-fuschl-am-see-1.jpg\">\t<\/picture><\/a><\/figure><\/div><div class=\"col-6 col-sm-4\"><figure><a class=\"thumb-container\" href=\"https:\/\/www.salzburgerland.com\/de\/magazin\/wp-content\/uploads\/2025\/08\/puch-club-treffen-fuschl-am-see-19-1280x1024.jpg\">\t<picture><source media=\"(min-width: 576px)\" srcset=\"https:\/\/www.salzburgerland.com\/de\/magazin\/wp-content\/uploads\/2025\/08\/puch-club-treffen-fuschl-am-see-19-325x209.jpg 325w, https:\/\/www.salzburgerland.com\/de\/magazin\/wp-content\/uploads\/2025\/08\/puch-club-treffen-fuschl-am-see-19-249x160.jpg 249w\"><\/source><source media=\"(min-width: 0)\" srcset=\"https:\/\/www.salzburgerland.com\/de\/magazin\/wp-content\/uploads\/2025\/08\/puch-club-treffen-fuschl-am-see-19-249x160.jpg 249w, https:\/\/www.salzburgerland.com\/de\/magazin\/wp-content\/uploads\/2025\/08\/puch-club-treffen-fuschl-am-see-19-325x209.jpg 325w\"><\/source><img decoding=\"async\" alt=\"Drei M&auml;nner auf Motorr&auml;dern an einem sonnigen Tag beim Puchclub Fuschl, ein Mann in Karo schaut hinter einem Zaun zu.\" src=\"https:\/\/www.salzburgerland.com\/de\/magazin\/wp-content\/uploads\/2025\/08\/puch-club-treffen-fuschl-am-see-19.jpg\">\t<\/picture><\/a><\/figure><\/div><div class=\"col-6 col-sm-4\"><figure><a class=\"thumb-container\" href=\"https:\/\/www.salzburgerland.com\/de\/magazin\/wp-content\/uploads\/2025\/08\/puch-club-treffen-fuschl-am-see-6-1280x1024.jpg\">\t<picture><source media=\"(min-width: 576px)\" srcset=\"https:\/\/www.salzburgerland.com\/de\/magazin\/wp-content\/uploads\/2025\/08\/puch-club-treffen-fuschl-am-see-6-325x209.jpg 325w, https:\/\/www.salzburgerland.com\/de\/magazin\/wp-content\/uploads\/2025\/08\/puch-club-treffen-fuschl-am-see-6-249x160.jpg 249w\"><\/source><source media=\"(min-width: 0)\" srcset=\"https:\/\/www.salzburgerland.com\/de\/magazin\/wp-content\/uploads\/2025\/08\/puch-club-treffen-fuschl-am-see-6-249x160.jpg 249w, https:\/\/www.salzburgerland.com\/de\/magazin\/wp-content\/uploads\/2025\/08\/puch-club-treffen-fuschl-am-see-6-325x209.jpg 325w\"><\/source><img decoding=\"async\" alt=\"Ein l&auml;chelnder Mann mit Helm steht neben einem Oldtimer-Moped beim Puchclub Fuschl-Treffen im Freien.\" src=\"https:\/\/www.salzburgerland.com\/de\/magazin\/wp-content\/uploads\/2025\/08\/puch-club-treffen-fuschl-am-see-6.jpg\">\t<\/picture><\/a><\/figure><\/div><\/div><figcaption><\/figcaption><\/div>\n\n\n\n<figure class=\"wp-block-image size-full\"><img loading=\"lazy\" decoding=\"async\" width=\"1018\" height=\"674\" src=\"https:\/\/www.salzburgerland.com\/de\/magazin\/wp-content\/uploads\/2025\/08\/puch-club-treffen-fuschl-am-see-25.jpg\" alt=\"\u00a9 Puch Club Fuschl am See\" class=\"wp-image-184131\" srcset=\"https:\/\/www.salzburgerland.com\/de\/magazin\/wp-content\/uploads\/2025\/08\/puch-club-treffen-fuschl-am-see-25.jpg 1018w, https:\/\/www.salzburgerland.com\/de\/magazin\/wp-content\/uploads\/2025\/08\/puch-club-treffen-fuschl-am-see-25-300x199.jpg 300w, https:\/\/www.salzburgerland.com\/de\/magazin\/wp-content\/uploads\/2025\/08\/puch-club-treffen-fuschl-am-see-25-831x550.jpg 831w, https:\/\/www.salzburgerland.com\/de\/magazin\/wp-content\/uploads\/2025\/08\/puch-club-treffen-fuschl-am-see-25-604x400.jpg 604w, https:\/\/www.salzburgerland.com\/de\/magazin\/wp-content\/uploads\/2025\/08\/puch-club-treffen-fuschl-am-see-25-150x99.jpg 150w\" sizes=\"auto, (max-width: 1018px) 100vw, 1018px\" \/><\/figure>\n\n\n\n<h2 class=\"wp-block-heading\" id=\"h-mehr-als-ein-treffen-eine-leidenschaft-die-verbindet\">Mehr als ein Treffen \u2013 eine Leidenschaft, die verbindet<\/h2>\n\n\n\n<p>Als das erste Treffen 2016 mit 230 Teilnehmern begann \u2013 entwickelte sich rasch eine lebendige Gemeinschaft. Heute z\u00e4hlt der Club etwa 36 Mitglieder, die dieses Gef\u00fchl teilen. Solche Maschinen sind mehr als Technik: Sie sind bewegte Erinnerungen an Motorenkl\u00e4nge, handwerkliches K\u00f6nnen und unvergessliche Motorradtouren \u2013 allen voran die bei Sammlern und Schraubern hochverehrten PUCH-Mopeds.<\/p>\n\n\n\n<p>Das 10-Jahr-Jubil\u00e4um des Puchclub Fuschl am See steht f\u00fcr mehr als ein Motorentreffen \u2013 es ist eine Hommage an die zweir\u00e4drige Geschichte, die Kunst der Technik und die Menschen, die diese Leidenschaft mit Leben f\u00fcllen.<\/p>\n\n\n\n<figure class=\"wp-block-image size-full\"><img loading=\"lazy\" decoding=\"async\" width=\"1231\" height=\"812\" src=\"https:\/\/www.salzburgerland.com\/de\/magazin\/wp-content\/uploads\/2025\/08\/puch-club-treffen-fuschl-am-see-14.jpg\" alt=\"\u00a9 Puch Club Fuschl am See\" class=\"wp-image-184126\" srcset=\"https:\/\/www.salzburgerland.com\/de\/magazin\/wp-content\/uploads\/2025\/08\/puch-club-treffen-fuschl-am-see-14.jpg 1231w, https:\/\/www.salzburgerland.com\/de\/magazin\/wp-content\/uploads\/2025\/08\/puch-club-treffen-fuschl-am-see-14-300x198.jpg 300w, https:\/\/www.salzburgerland.com\/de\/magazin\/wp-content\/uploads\/2025\/08\/puch-club-treffen-fuschl-am-see-14-834x550.jpg 834w, https:\/\/www.salzburgerland.com\/de\/magazin\/wp-content\/uploads\/2025\/08\/puch-club-treffen-fuschl-am-see-14-606x400.jpg 606w, https:\/\/www.salzburgerland.com\/de\/magazin\/wp-content\/uploads\/2025\/08\/puch-club-treffen-fuschl-am-see-14-150x99.jpg 150w\" sizes=\"auto, (max-width: 1231px) 100vw, 1231px\" \/><\/figure>\n\n\n<div class=\"mag-gallery\"><div class=\"row\"><div class=\"col-6 col-sm-4\"><figure><a class=\"thumb-container\" href=\"https:\/\/www.salzburgerland.com\/de\/magazin\/wp-content\/uploads\/2025\/08\/puch-club-treffen-fuschl-am-see-11-1280x1024.jpg\">\t<picture><source media=\"(min-width: 576px)\" srcset=\"https:\/\/www.salzburgerland.com\/de\/magazin\/wp-content\/uploads\/2025\/08\/puch-club-treffen-fuschl-am-see-11-325x209.jpg 325w, https:\/\/www.salzburgerland.com\/de\/magazin\/wp-content\/uploads\/2025\/08\/puch-club-treffen-fuschl-am-see-11-249x160.jpg 249w\"><\/source><source media=\"(min-width: 0)\" srcset=\"https:\/\/www.salzburgerland.com\/de\/magazin\/wp-content\/uploads\/2025\/08\/puch-club-treffen-fuschl-am-see-11-249x160.jpg 249w, https:\/\/www.salzburgerland.com\/de\/magazin\/wp-content\/uploads\/2025\/08\/puch-club-treffen-fuschl-am-see-11-325x209.jpg 325w\"><\/source><img decoding=\"async\" alt=\"Menschen versammeln sich im Freien um geparkte Motorr&auml;der beim Puchclub Fuschl; einige tragen Westen, und ein Mann geht mit seinem Hund spazieren.\" src=\"https:\/\/www.salzburgerland.com\/de\/magazin\/wp-content\/uploads\/2025\/08\/puch-club-treffen-fuschl-am-see-11.jpg\">\t<\/picture><\/a><\/figure><\/div><div class=\"col-6 col-sm-4\"><figure><a class=\"thumb-container\" href=\"https:\/\/www.salzburgerland.com\/de\/magazin\/wp-content\/uploads\/2025\/08\/puch-club-treffen-fuschl-am-see-15-1280x1024.jpg\">\t<picture><source media=\"(min-width: 576px)\" srcset=\"https:\/\/www.salzburgerland.com\/de\/magazin\/wp-content\/uploads\/2025\/08\/puch-club-treffen-fuschl-am-see-15-325x209.jpg 325w, https:\/\/www.salzburgerland.com\/de\/magazin\/wp-content\/uploads\/2025\/08\/puch-club-treffen-fuschl-am-see-15-249x160.jpg 249w\"><\/source><source media=\"(min-width: 0)\" srcset=\"https:\/\/www.salzburgerland.com\/de\/magazin\/wp-content\/uploads\/2025\/08\/puch-club-treffen-fuschl-am-see-15-249x160.jpg 249w, https:\/\/www.salzburgerland.com\/de\/magazin\/wp-content\/uploads\/2025\/08\/puch-club-treffen-fuschl-am-see-15-325x209.jpg 325w\"><\/source><img decoding=\"async\" alt=\"Ein &auml;lterer Mann schiebt ein Oldtimer-Motorrad mit Beiwagen bei der Freiluftveranstaltung des Puchclub Fuschl.\" src=\"https:\/\/www.salzburgerland.com\/de\/magazin\/wp-content\/uploads\/2025\/08\/puch-club-treffen-fuschl-am-see-15.jpg\">\t<\/picture><\/a><\/figure><\/div><div class=\"col-6 col-sm-4\"><figure><a class=\"thumb-container\" href=\"https:\/\/www.salzburgerland.com\/de\/magazin\/wp-content\/uploads\/2025\/08\/puch-club-treffen-fuschl-am-see-26-1280x1024.jpg\">\t<picture><source media=\"(min-width: 576px)\" srcset=\"https:\/\/www.salzburgerland.com\/de\/magazin\/wp-content\/uploads\/2025\/08\/puch-club-treffen-fuschl-am-see-26-325x209.jpg 325w, https:\/\/www.salzburgerland.com\/de\/magazin\/wp-content\/uploads\/2025\/08\/puch-club-treffen-fuschl-am-see-26-249x160.jpg 249w\"><\/source><source media=\"(min-width: 0)\" srcset=\"https:\/\/www.salzburgerland.com\/de\/magazin\/wp-content\/uploads\/2025\/08\/puch-club-treffen-fuschl-am-see-26-249x160.jpg 249w, https:\/\/www.salzburgerland.com\/de\/magazin\/wp-content\/uploads\/2025\/08\/puch-club-treffen-fuschl-am-see-26-325x209.jpg 325w\"><\/source><img decoding=\"async\" alt=\"Eine Gruppe von Personen posiert im Freien mit Oldtimer-Motorr&auml;dern, die den Puchclub Fuschl repr&auml;sentieren, vor einer schlichten Wand.\" src=\"https:\/\/www.salzburgerland.com\/de\/magazin\/wp-content\/uploads\/2025\/08\/puch-club-treffen-fuschl-am-see-26.jpg\">\t<\/picture><\/a><\/figure><\/div><\/div><figcaption><\/figcaption><\/div>\n\n\n\n<figure class=\"wp-block-image size-full\"><img loading=\"lazy\" decoding=\"async\" width=\"1008\" height=\"675\" src=\"https:\/\/www.salzburgerland.com\/de\/magazin\/wp-content\/uploads\/2025\/08\/puch-club-treffen-fuschl-am-see-28.jpg\" alt=\"\u00a9 Puch Club Fuschl am See\" class=\"wp-image-184133\" srcset=\"https:\/\/www.salzburgerland.com\/de\/magazin\/wp-content\/uploads\/2025\/08\/puch-club-treffen-fuschl-am-see-28.jpg 1008w, https:\/\/www.salzburgerland.com\/de\/magazin\/wp-content\/uploads\/2025\/08\/puch-club-treffen-fuschl-am-see-28-300x201.jpg 300w, https:\/\/www.salzburgerland.com\/de\/magazin\/wp-content\/uploads\/2025\/08\/puch-club-treffen-fuschl-am-see-28-821x550.jpg 821w, https:\/\/www.salzburgerland.com\/de\/magazin\/wp-content\/uploads\/2025\/08\/puch-club-treffen-fuschl-am-see-28-597x400.jpg 597w, https:\/\/www.salzburgerland.com\/de\/magazin\/wp-content\/uploads\/2025\/08\/puch-club-treffen-fuschl-am-see-28-150x100.jpg 150w\" sizes=\"auto, (max-width: 1008px) 100vw, 1008px\" \/><\/figure>\n\n\n\n<h2 class=\"wp-block-heading\" id=\"h-puchclub-fuschl-am-see-treffpunkt-fur-alle-oldtimerfans\">Puchclub Fuschl am See: Treffpunkt f\u00fcr alle Oldtimerfans<\/h2>\n\n\n\n<p>Der Club nimmt nicht nur PUCH-Begeisterte mit offenen Armen auf \u2013 im Gegenteil: Auch Besitzer anderer historischer Motorr\u00e4der und Mopeds sind herzlich willkommen. Das Treffen fr\u00f6nt der Vielfalt nostalgischer Fahrkultur.<\/p>\n\n\n\n<p><strong>Praktische Infos auf einen Blick<\/strong><\/p>\n\n\n\n<ul class=\"wp-block-list\">\n<li><strong>Datum &amp; Zeit<\/strong>: Samstag, 13. September 2025, 10:00 \u2013 18:00 Uhr<\/li>\n\n\n\n<li><strong>Ort<\/strong>: Dorfplatz, 5330 Fuschl am See<\/li>\n\n\n\n<li><strong>Programm<\/strong>: Eintreffen, Ausfahrt rund um den See, Fahrzeugpr\u00e4sentation, Kulinarik<\/li>\n\n\n\n<li><strong>Bei jedem Wetter<\/strong> \u2013 Regen oder Sonnenschein, die Leidenschaft f\u00e4hrt mit!<\/li>\n\n\n\n<li><strong>Kontakt &amp; Auskunft<\/strong>: per E-Mail an <a href=\"mailto:puch-fuschlamsee@sbg.at\" target=\"_blank\" rel=\"noreferrer noopener\">puch-fuschlamsee@sbg.at<\/a><\/li>\n<\/ul>\n\n\n\n<figure class=\"wp-block-image size-full\"><img loading=\"lazy\" decoding=\"async\" width=\"1228\" height=\"813\" src=\"https:\/\/www.salzburgerland.com\/de\/magazin\/wp-content\/uploads\/2025\/08\/puch-club-treffen-fuschl-am-see-13.jpg\" alt=\"Gemeinsame Ausfahrt \u00a9 Puch Club Fuschl am See\n\" class=\"wp-image-184121\" srcset=\"https:\/\/www.salzburgerland.com\/de\/magazin\/wp-content\/uploads\/2025\/08\/puch-club-treffen-fuschl-am-see-13.jpg 1228w, https:\/\/www.salzburgerland.com\/de\/magazin\/wp-content\/uploads\/2025\/08\/puch-club-treffen-fuschl-am-see-13-300x199.jpg 300w, https:\/\/www.salzburgerland.com\/de\/magazin\/wp-content\/uploads\/2025\/08\/puch-club-treffen-fuschl-am-see-13-831x550.jpg 831w, https:\/\/www.salzburgerland.com\/de\/magazin\/wp-content\/uploads\/2025\/08\/puch-club-treffen-fuschl-am-see-13-604x400.jpg 604w, https:\/\/www.salzburgerland.com\/de\/magazin\/wp-content\/uploads\/2025\/08\/puch-club-treffen-fuschl-am-see-13-150x99.jpg 150w\" sizes=\"auto, (max-width: 1228px) 100vw, 1228px\" \/><\/figure>\n\n\n<div class=\"mag-gallery\"><div class=\"row\"><div class=\"col-6 col-sm-4\"><figure><a class=\"thumb-container\" href=\"https:\/\/www.salzburgerland.com\/de\/magazin\/wp-content\/uploads\/2025\/08\/puch-club-treffen-fuschl-am-see-5-1280x1024.jpg\">\t<picture><source media=\"(min-width: 576px)\" srcset=\"https:\/\/www.salzburgerland.com\/de\/magazin\/wp-content\/uploads\/2025\/08\/puch-club-treffen-fuschl-am-see-5-325x209.jpg 325w, https:\/\/www.salzburgerland.com\/de\/magazin\/wp-content\/uploads\/2025\/08\/puch-club-treffen-fuschl-am-see-5-249x160.jpg 249w\"><\/source><source media=\"(min-width: 0)\" srcset=\"https:\/\/www.salzburgerland.com\/de\/magazin\/wp-content\/uploads\/2025\/08\/puch-club-treffen-fuschl-am-see-5-249x160.jpg 249w, https:\/\/www.salzburgerland.com\/de\/magazin\/wp-content\/uploads\/2025\/08\/puch-club-treffen-fuschl-am-see-5-325x209.jpg 325w\"><\/source><img decoding=\"async\" alt=\"Ein Mann auf einem Motorrad zeigt ein Friedenszeichen, w&auml;hrend die Puchclub Fuschl-Roller hinter ihm auf einer Landstra&szlig;e fahren.\" src=\"https:\/\/www.salzburgerland.com\/de\/magazin\/wp-content\/uploads\/2025\/08\/puch-club-treffen-fuschl-am-see-5.jpg\">\t<\/picture><\/a><\/figure><\/div><div class=\"col-6 col-sm-4\"><figure><a class=\"thumb-container\" href=\"https:\/\/www.salzburgerland.com\/de\/magazin\/wp-content\/uploads\/2025\/08\/puch-club-treffen-fuschl-am-see-17-1280x1024.jpg\">\t<picture><source media=\"(min-width: 576px)\" srcset=\"https:\/\/www.salzburgerland.com\/de\/magazin\/wp-content\/uploads\/2025\/08\/puch-club-treffen-fuschl-am-see-17-325x209.jpg 325w, https:\/\/www.salzburgerland.com\/de\/magazin\/wp-content\/uploads\/2025\/08\/puch-club-treffen-fuschl-am-see-17-249x160.jpg 249w\"><\/source><source media=\"(min-width: 0)\" srcset=\"https:\/\/www.salzburgerland.com\/de\/magazin\/wp-content\/uploads\/2025\/08\/puch-club-treffen-fuschl-am-see-17-249x160.jpg 249w, https:\/\/www.salzburgerland.com\/de\/magazin\/wp-content\/uploads\/2025\/08\/puch-club-treffen-fuschl-am-see-17-325x209.jpg 325w\"><\/source><img decoding=\"async\" alt=\"Ein Puchclub Fuschl-Fahrer mit Helm vollf&uuml;hrt einen Wheelie, w&auml;hrend im Hintergrund mehrere Fahrer zu sehen sind.\" src=\"https:\/\/www.salzburgerland.com\/de\/magazin\/wp-content\/uploads\/2025\/08\/puch-club-treffen-fuschl-am-see-17.jpg\">\t<\/picture><\/a><\/figure><\/div><div class=\"col-6 col-sm-4\"><figure><a class=\"thumb-container\" href=\"https:\/\/www.salzburgerland.com\/de\/magazin\/wp-content\/uploads\/2025\/08\/puch-club-treffen-fuschl-am-see-18-1280x1024.jpg\">\t<picture><source media=\"(min-width: 576px)\" srcset=\"https:\/\/www.salzburgerland.com\/de\/magazin\/wp-content\/uploads\/2025\/08\/puch-club-treffen-fuschl-am-see-18-325x209.jpg 325w, https:\/\/www.salzburgerland.com\/de\/magazin\/wp-content\/uploads\/2025\/08\/puch-club-treffen-fuschl-am-see-18-249x160.jpg 249w\"><\/source><source media=\"(min-width: 0)\" srcset=\"https:\/\/www.salzburgerland.com\/de\/magazin\/wp-content\/uploads\/2025\/08\/puch-club-treffen-fuschl-am-see-18-249x160.jpg 249w, https:\/\/www.salzburgerland.com\/de\/magazin\/wp-content\/uploads\/2025\/08\/puch-club-treffen-fuschl-am-see-18-325x209.jpg 325w\"><\/source><img decoding=\"async\" alt=\"Vier Leute vom Puchclub Fuschl fahren mit alten Mopeds und Fahrr&auml;dern auf einer Landstra&szlig;e mit gr&uuml;nen Feldern und H&auml;usern.\" src=\"https:\/\/www.salzburgerland.com\/de\/magazin\/wp-content\/uploads\/2025\/08\/puch-club-treffen-fuschl-am-see-18.jpg\">\t<\/picture><\/a><\/figure><\/div><\/div><figcaption><\/figcaption><\/div>\n\n\n\n<h2 class=\"wp-block-heading\" id=\"h-faszination-puch-nostalgie-auf-zwei-radern\">Faszination PUCH \u2013 Nostalgie auf zwei R\u00e4dern<\/h2>\n\n\n\n<p>Heute gelten alte Motorr\u00e4der der Marke PUCH als Symbol der Zweiradnostalgie \u2013 sie sind begehrtes Sammlerobjekt, Treffpunkt-Thema f\u00fcr Oldtimerfreunde und Herzst\u00fcck von Veranstaltungen wie dem Puch-Treffen in Fuschl am See. Besonders die Puch Maxi ist ein legend\u00e4res Moped, das ab Mitte der 1970er Jahre von den Steyr-Daimler-Puch-Werken in Graz produziert wurde und sich schnell zu einem Kultfahrzeug entwickelte. Beliebt war sie nicht nur wegen ihrer Zuverl\u00e4ssigkeit und der einfachen Wartung, sondern auch wegen ihres unverwechselbaren Zweitakt-Sounds und der M\u00f6glichkeit, sie unkompliziert zu tunen. In den 70er- und 80er-Jahren pr\u00e4gte die Maxi in \u00d6sterreich, Deutschland, der Schweiz und vielen anderen L\u00e4ndern das Stra\u00dfenbild, besonders bei Jugendlichen.<\/p>\n\n\n\n<figure class=\"wp-block-image size-full\"><img loading=\"lazy\" decoding=\"async\" width=\"1233\" height=\"815\" src=\"https:\/\/www.salzburgerland.com\/de\/magazin\/wp-content\/uploads\/2025\/08\/puch-club-treffen-fuschl-am-see-7.jpg\" alt=\"Puch Club Fuschl am See \u00a9 Puch Club Fuschl am See\" class=\"wp-image-184106\" srcset=\"https:\/\/www.salzburgerland.com\/de\/magazin\/wp-content\/uploads\/2025\/08\/puch-club-treffen-fuschl-am-see-7.jpg 1233w, https:\/\/www.salzburgerland.com\/de\/magazin\/wp-content\/uploads\/2025\/08\/puch-club-treffen-fuschl-am-see-7-300x198.jpg 300w, https:\/\/www.salzburgerland.com\/de\/magazin\/wp-content\/uploads\/2025\/08\/puch-club-treffen-fuschl-am-see-7-832x550.jpg 832w, https:\/\/www.salzburgerland.com\/de\/magazin\/wp-content\/uploads\/2025\/08\/puch-club-treffen-fuschl-am-see-7-605x400.jpg 605w, https:\/\/www.salzburgerland.com\/de\/magazin\/wp-content\/uploads\/2025\/08\/puch-club-treffen-fuschl-am-see-7-150x99.jpg 150w\" sizes=\"auto, (max-width: 1233px) 100vw, 1233px\" \/><\/figure>\n\n\n\n<p>Doch die Maxi war nicht das einzige Erfolgsmodell der Marke PUCH: Bereits zuvor hatten Motorr\u00e4der wie die Puch 175 SV oder die Puch SGS 250 f\u00fcr Aufsehen gesorgt \u2013 leistungsstarke Maschinen, die sowohl im Alltag als auch im Motorsport beliebt waren \u2013 w\u00e4hrend die wendige Puch Monza und die Puch Cobra sportlich orientierte Fahrer begeisterten; gemeinsam stehen diese Zweir\u00e4der f\u00fcr eine ganze \u00c4ra \u00f6sterreichischer Motorradgeschichte, deren Faszination bis heute ungebrochen ist. Das zeigt auch der Puchclub Fuschl am See!<\/p>\n\n\n<div class=\"mag-gallery\"><div class=\"row\"><div class=\"col-6 col-sm-4\"><figure><a class=\"thumb-container\" href=\"https:\/\/www.salzburgerland.com\/de\/magazin\/wp-content\/uploads\/2025\/08\/puch-club-treffen-fuschl-am-see-10-1280x1024.jpg\">\t<picture><source media=\"(min-width: 576px)\" srcset=\"https:\/\/www.salzburgerland.com\/de\/magazin\/wp-content\/uploads\/2025\/08\/puch-club-treffen-fuschl-am-see-10-325x209.jpg 325w, https:\/\/www.salzburgerland.com\/de\/magazin\/wp-content\/uploads\/2025\/08\/puch-club-treffen-fuschl-am-see-10-249x160.jpg 249w\"><\/source><source media=\"(min-width: 0)\" srcset=\"https:\/\/www.salzburgerland.com\/de\/magazin\/wp-content\/uploads\/2025\/08\/puch-club-treffen-fuschl-am-see-10-249x160.jpg 249w, https:\/\/www.salzburgerland.com\/de\/magazin\/wp-content\/uploads\/2025\/08\/puch-club-treffen-fuschl-am-see-10-325x209.jpg 325w\"><\/source><img decoding=\"async\" alt=\"Person in kurzen Hosen und Sandalen auf einem gelben Puch-Motorrad beim Puchclub Fuschl, geparkt auf Kopfsteinpflaster.\" src=\"https:\/\/www.salzburgerland.com\/de\/magazin\/wp-content\/uploads\/2025\/08\/puch-club-treffen-fuschl-am-see-10.jpg\">\t<\/picture><\/a><\/figure><\/div><div class=\"col-6 col-sm-4\"><figure><a class=\"thumb-container\" href=\"https:\/\/www.salzburgerland.com\/de\/magazin\/wp-content\/uploads\/2025\/08\/puch-club-treffen-fuschl-am-see-12-1280x1024.jpg\">\t<picture><source media=\"(min-width: 576px)\" srcset=\"https:\/\/www.salzburgerland.com\/de\/magazin\/wp-content\/uploads\/2025\/08\/puch-club-treffen-fuschl-am-see-12-325x209.jpg 325w, https:\/\/www.salzburgerland.com\/de\/magazin\/wp-content\/uploads\/2025\/08\/puch-club-treffen-fuschl-am-see-12-249x160.jpg 249w\"><\/source><source media=\"(min-width: 0)\" srcset=\"https:\/\/www.salzburgerland.com\/de\/magazin\/wp-content\/uploads\/2025\/08\/puch-club-treffen-fuschl-am-see-12-249x160.jpg 249w, https:\/\/www.salzburgerland.com\/de\/magazin\/wp-content\/uploads\/2025\/08\/puch-club-treffen-fuschl-am-see-12-325x209.jpg 325w\"><\/source><img decoding=\"async\" alt=\"Nahaufnahme des Lenkers und des Tanks eines alten Puch-Motorrads beim Puchclub Fuschl im Sonnenlicht.\" src=\"https:\/\/www.salzburgerland.com\/de\/magazin\/wp-content\/uploads\/2025\/08\/puch-club-treffen-fuschl-am-see-12.jpg\">\t<\/picture><\/a><\/figure><\/div><div class=\"col-6 col-sm-4\"><figure><a class=\"thumb-container\" href=\"https:\/\/www.salzburgerland.com\/de\/magazin\/wp-content\/uploads\/2025\/08\/puch-club-treffen-fuschl-am-see-27-1280x1024.jpg\">\t<picture><source media=\"(min-width: 576px)\" srcset=\"https:\/\/www.salzburgerland.com\/de\/magazin\/wp-content\/uploads\/2025\/08\/puch-club-treffen-fuschl-am-see-27-325x209.jpg 325w, https:\/\/www.salzburgerland.com\/de\/magazin\/wp-content\/uploads\/2025\/08\/puch-club-treffen-fuschl-am-see-27-249x160.jpg 249w\"><\/source><source media=\"(min-width: 0)\" srcset=\"https:\/\/www.salzburgerland.com\/de\/magazin\/wp-content\/uploads\/2025\/08\/puch-club-treffen-fuschl-am-see-27-249x160.jpg 249w, https:\/\/www.salzburgerland.com\/de\/magazin\/wp-content\/uploads\/2025\/08\/puch-club-treffen-fuschl-am-see-27-325x209.jpg 325w\"><\/source><img decoding=\"async\" alt=\"Schwarzes Vintage-Motorrad Puch 250TF zwischen Pflastersteinen, Mauer und Holzpaletten im Puchclub Fuschl.\" src=\"https:\/\/www.salzburgerland.com\/de\/magazin\/wp-content\/uploads\/2025\/08\/puch-club-treffen-fuschl-am-see-27.jpg\">\t<\/picture><\/a><\/figure><\/div><\/div><figcaption><\/figcaption><\/div>\n\n\n\n<figure class=\"wp-block-image size-full\"><img loading=\"lazy\" decoding=\"async\" width=\"1229\" height=\"818\" src=\"https:\/\/www.salzburgerland.com\/de\/magazin\/wp-content\/uploads\/2025\/08\/puch-club-treffen-fuschl-am-see-8.jpg\" alt=\"nostalgische Puch Mopeds \u00a9 Puch Club Fuschl am See\" class=\"wp-image-184113\" srcset=\"https:\/\/www.salzburgerland.com\/de\/magazin\/wp-content\/uploads\/2025\/08\/puch-club-treffen-fuschl-am-see-8.jpg 1229w, https:\/\/www.salzburgerland.com\/de\/magazin\/wp-content\/uploads\/2025\/08\/puch-club-treffen-fuschl-am-see-8-300x200.jpg 300w, https:\/\/www.salzburgerland.com\/de\/magazin\/wp-content\/uploads\/2025\/08\/puch-club-treffen-fuschl-am-see-8-826x550.jpg 826w, https:\/\/www.salzburgerland.com\/de\/magazin\/wp-content\/uploads\/2025\/08\/puch-club-treffen-fuschl-am-see-8-601x400.jpg 601w, https:\/\/www.salzburgerland.com\/de\/magazin\/wp-content\/uploads\/2025\/08\/puch-club-treffen-fuschl-am-see-8-150x100.jpg 150w\" sizes=\"auto, (max-width: 1229px) 100vw, 1229px\" \/><\/figure>\n\n\n<div class=\"mag-gallery\"><div class=\"row\"><div class=\"col-6 col-sm-4\"><figure><a class=\"thumb-container\" href=\"https:\/\/www.salzburgerland.com\/de\/magazin\/wp-content\/uploads\/2025\/08\/puch-club-treffen-fuschl-am-see-21-1280x1024.jpg\">\t<picture><source media=\"(min-width: 576px)\" srcset=\"https:\/\/www.salzburgerland.com\/de\/magazin\/wp-content\/uploads\/2025\/08\/puch-club-treffen-fuschl-am-see-21-418x650.jpg 418w, https:\/\/www.salzburgerland.com\/de\/magazin\/wp-content\/uploads\/2025\/08\/puch-club-treffen-fuschl-am-see-21-209x325.jpg 209w\"><\/source><source media=\"(min-width: 0)\" srcset=\"https:\/\/www.salzburgerland.com\/de\/magazin\/wp-content\/uploads\/2025\/08\/puch-club-treffen-fuschl-am-see-21-209x325.jpg 209w, https:\/\/www.salzburgerland.com\/de\/magazin\/wp-content\/uploads\/2025\/08\/puch-club-treffen-fuschl-am-see-21-418x650.jpg 418w\"><\/source><img decoding=\"async\" alt=\"Ein alter blauer Puchclub Fuschl-Roller, der an einem sonnigen Tag im Freien unter einem Red Bull-Zelt geparkt ist.\" src=\"https:\/\/www.salzburgerland.com\/de\/magazin\/wp-content\/uploads\/2025\/08\/puch-club-treffen-fuschl-am-see-21.jpg\">\t<\/picture><\/a><\/figure><\/div><div class=\"col-6 col-sm-4\"><figure><a class=\"thumb-container\" href=\"https:\/\/www.salzburgerland.com\/de\/magazin\/wp-content\/uploads\/2025\/08\/puch-club-treffen-fuschl-am-see-22-1280x1024.jpg\">\t<picture><source media=\"(min-width: 576px)\" srcset=\"https:\/\/www.salzburgerland.com\/de\/magazin\/wp-content\/uploads\/2025\/08\/puch-club-treffen-fuschl-am-see-22-418x650.jpg 418w, https:\/\/www.salzburgerland.com\/de\/magazin\/wp-content\/uploads\/2025\/08\/puch-club-treffen-fuschl-am-see-22-209x325.jpg 209w\"><\/source><source media=\"(min-width: 0)\" srcset=\"https:\/\/www.salzburgerland.com\/de\/magazin\/wp-content\/uploads\/2025\/08\/puch-club-treffen-fuschl-am-see-22-209x325.jpg 209w, https:\/\/www.salzburgerland.com\/de\/magazin\/wp-content\/uploads\/2025\/08\/puch-club-treffen-fuschl-am-see-22-418x650.jpg 418w\"><\/source><img decoding=\"async\" alt=\"Vier Personen mit Helmen fahren auf alten Puchclub Fuschl-Motorr&auml;dern im Freien, B&auml;ume und Fahrzeuge im Hintergrund.\" src=\"https:\/\/www.salzburgerland.com\/de\/magazin\/wp-content\/uploads\/2025\/08\/puch-club-treffen-fuschl-am-see-22.jpg\">\t<\/picture><\/a><\/figure><\/div><div class=\"col-6 col-sm-4\"><figure><a class=\"thumb-container\" href=\"https:\/\/www.salzburgerland.com\/de\/magazin\/wp-content\/uploads\/2025\/08\/puch-club-treffen-fuschl-am-see-24-1280x1024.jpg\">\t<picture><source media=\"(min-width: 576px)\" srcset=\"https:\/\/www.salzburgerland.com\/de\/magazin\/wp-content\/uploads\/2025\/08\/puch-club-treffen-fuschl-am-see-24-418x650.jpg 418w, https:\/\/www.salzburgerland.com\/de\/magazin\/wp-content\/uploads\/2025\/08\/puch-club-treffen-fuschl-am-see-24-209x325.jpg 209w\"><\/source><source media=\"(min-width: 0)\" srcset=\"https:\/\/www.salzburgerland.com\/de\/magazin\/wp-content\/uploads\/2025\/08\/puch-club-treffen-fuschl-am-see-24-209x325.jpg 209w, https:\/\/www.salzburgerland.com\/de\/magazin\/wp-content\/uploads\/2025\/08\/puch-club-treffen-fuschl-am-see-24-418x650.jpg 418w\"><\/source><img decoding=\"async\" alt=\"Eine Reihe von Oldtimer-Motorr&auml;dern, die im Freien beim Puchclub Fuschl geparkt sind, mit Menschen im Hintergrund.\" src=\"https:\/\/www.salzburgerland.com\/de\/magazin\/wp-content\/uploads\/2025\/08\/puch-club-treffen-fuschl-am-see-24.jpg\">\t<\/picture><\/a><\/figure><\/div><\/div><figcaption><\/figcaption><\/div>\n\n\n\n<h2 class=\"wp-block-heading\" id=\"h-klassiker-auf-zwei-radern-puch-treffen-in-fuschl\">Klassiker auf zwei R\u00e4dern \u2013 PUCH-Treffen in Fuschl<\/h2>\n\n\n\n<p>Wer beim PUCH-Treffen in Fuschl am See dabei sein m\u00f6chte, erlebt nicht nur kraftvolle Klassiker auf zwei R\u00e4dern, sondern auch kameradschaftliche Begegnungen am Ufer eines der sch\u00f6nsten Seen des SalzburgerLandes.<\/p>\n\n\n\n<p><a href=\"https:\/\/www.puchclub-fuschlamsee.at\/veranstaltungen\/\" target=\"_blank\" rel=\"noreferrer noopener\">Infos zum Puch-Treffen in Fuschl am See und zur Anfahrt<\/a><\/p>\n\n\n\n<hr class=\"wp-block-separator has-alpha-channel-opacity\"\/>\n\n\n\n<p><em>Fotocredits: \u00a9 Puchclub Fuschl am See<\/em><\/p>\n","protected":false},"excerpt":{"rendered":"<p>Am 13. September 2025 verwandelt sich der Dorfplatz in Fuschl am See erneut in ein Eldorado f\u00fcr Liebhaber klassischer Zweir\u00e4der. Beim 10-j\u00e4hrigen Club-Jubil\u00e4um des Puchclub Fuschl und dem 7. Fuschler Puch Treffen stehen nostalgische Motorr\u00e4der \u2013 allen voran die kultigen PUCH-Mopeds im Mittelpunkt einer leidenschaftlichen Gemeinschaft. Es sind aber auch alle nostalgischen Zweirad-Marken herzlich Willkommen. [&hellip;]<\/p>\n","protected":false},"author":565,"featured_media":184106,"comment_status":"closed","ping_status":"closed","sticky":false,"template":"","format":"standard","meta":{"_acf_changed":false,"wl_entities_gutenberg":"","_wl_entity_redirect_enabled":"","footnotes":""},"categories":[7],"tags":[59,236,1659,1662,1616],"wl_entity_type":[306],"monatsauswahl":[89,90,91],"class_list":["post-184104","post","type-post","status-publish","format-standard","has-post-thumbnail","hentry","category-lifestyle","tag-bike","tag-fuschlseeregion","tag-motorrad","tag-motorradfahren-im-salzburgerland","tag-veranstaltung","wl_entity_type-article","monatsauswahl-monat_8","monatsauswahl-monat_9","monatsauswahl-monat_10"],"acf":[],"yoast_head":"<!-- This site is optimized with the Yoast SEO Premium plugin v27.4 (Yoast SEO v27.4) - https:\/\/yoast.com\/product\/yoast-seo-premium-wordpress\/ -->\n<title>Zehn Jahre PUCH-Tradition in Fuschl - SalzburgerLand Magazin<\/title>\n<meta name=\"description\" content=\"Der Puchclub Fuschl am See ladet zum Puch-Treffen und zur Nostalgie-Ausfahrt durch die Fuschlseeregion.\" \/>\n<meta name=\"robots\" content=\"index, follow, max-snippet:-1, max-image-preview:large, max-video-preview:-1\" \/>\n<link rel=\"canonical\" href=\"https:\/\/www.salzburgerland.com\/de\/magazin\/puchclub-fuschl\/\" \/>\n<meta property=\"og:locale\" content=\"de_DE\" \/>\n<meta property=\"og:type\" content=\"article\" \/>\n<meta property=\"og:title\" content=\"Zehn Jahre PUCH-Tradition in Fuschl\" \/>\n<meta property=\"og:description\" content=\"Der Puchclub Fuschl am See ladet zum Puch-Treffen und zur Nostalgie-Ausfahrt durch die Fuschlseeregion.\" \/>\n<meta property=\"og:url\" content=\"https:\/\/www.salzburgerland.com\/de\/magazin\/puchclub-fuschl\/\" \/>\n<meta property=\"og:site_name\" content=\"SalzburgerLand Magazin\" \/>\n<meta property=\"article:publisher\" content=\"https:\/\/www.facebook.com\/salzburgerland\/\" \/>\n<meta property=\"article:author\" content=\"https:\/\/www.facebook.com\/urlaubsgeschichten\/\" \/>\n<meta property=\"article:published_time\" content=\"2025-09-04T05:00:00+00:00\" \/>\n<meta property=\"og:image\" content=\"https:\/\/www.salzburgerland.com\/de\/magazin\/wp-content\/uploads\/2025\/08\/puch-club-treffen-fuschl-am-see-7.jpg\" \/>\n\t<meta property=\"og:image:width\" content=\"1233\" \/>\n\t<meta property=\"og:image:height\" content=\"815\" \/>\n\t<meta property=\"og:image:type\" content=\"image\/jpeg\" \/>\n<meta name=\"author\" content=\"Melanie Deisl\" \/>\n<meta name=\"twitter:card\" content=\"summary_large_image\" \/>\n<meta name=\"twitter:creator\" content=\"@Salzburgerland\" \/>\n<meta name=\"twitter:site\" content=\"@Salzburgerland\" \/>\n<meta name=\"twitter:label1\" content=\"Verfasst von\" \/>\n\t<meta name=\"twitter:data1\" content=\"Melanie Deisl\" \/>\n\t<meta name=\"twitter:label2\" content=\"Gesch\u00e4tzte Lesezeit\" \/>\n\t<meta name=\"twitter:data2\" content=\"8\u00a0Minuten\" \/>\n<script type=\"application\/ld+json\" class=\"yoast-schema-graph\">{\"@context\":\"https:\\\/\\\/schema.org\",\"@graph\":[{\"@type\":\"Article\",\"@id\":\"https:\\\/\\\/www.salzburgerland.com\\\/de\\\/magazin\\\/puchclub-fuschl\\\/#article\",\"isPartOf\":{\"@id\":\"https:\\\/\\\/www.salzburgerland.com\\\/de\\\/magazin\\\/puchclub-fuschl\\\/\"},\"author\":{\"name\":\"Melanie Deisl\",\"@id\":\"https:\\\/\\\/www.salzburgerland.com\\\/de\\\/magazin\\\/#\\\/schema\\\/person\\\/3d66364225257aad8b700259f8d80a69\"},\"headline\":\"Zehn Jahre PUCH-Tradition in Fuschl\",\"datePublished\":\"2025-09-04T05:00:00+00:00\",\"mainEntityOfPage\":{\"@id\":\"https:\\\/\\\/www.salzburgerland.com\\\/de\\\/magazin\\\/puchclub-fuschl\\\/\"},\"wordCount\":619,\"publisher\":{\"@id\":\"https:\\\/\\\/www.salzburgerland.com\\\/de\\\/magazin\\\/#organization\"},\"image\":{\"@id\":\"https:\\\/\\\/www.salzburgerland.com\\\/de\\\/magazin\\\/puchclub-fuschl\\\/#primaryimage\"},\"thumbnailUrl\":\"https:\\\/\\\/www.salzburgerland.com\\\/de\\\/magazin\\\/wp-content\\\/uploads\\\/2025\\\/08\\\/puch-club-treffen-fuschl-am-see-7.jpg\",\"keywords\":[\"Bike\",\"fuschlseeregion\",\"Motorrad\",\"Motorradfahren im SalzburgerLand\",\"Veranstaltung\"],\"articleSection\":[\"Lifestyle\"],\"inLanguage\":\"de\"},{\"@type\":\"WebPage\",\"@id\":\"https:\\\/\\\/www.salzburgerland.com\\\/de\\\/magazin\\\/puchclub-fuschl\\\/\",\"url\":\"https:\\\/\\\/www.salzburgerland.com\\\/de\\\/magazin\\\/puchclub-fuschl\\\/\",\"name\":\"Zehn Jahre PUCH-Tradition in Fuschl - SalzburgerLand Magazin\",\"isPartOf\":{\"@id\":\"https:\\\/\\\/www.salzburgerland.com\\\/de\\\/magazin\\\/#website\"},\"primaryImageOfPage\":{\"@id\":\"https:\\\/\\\/www.salzburgerland.com\\\/de\\\/magazin\\\/puchclub-fuschl\\\/#primaryimage\"},\"image\":{\"@id\":\"https:\\\/\\\/www.salzburgerland.com\\\/de\\\/magazin\\\/puchclub-fuschl\\\/#primaryimage\"},\"thumbnailUrl\":\"https:\\\/\\\/www.salzburgerland.com\\\/de\\\/magazin\\\/wp-content\\\/uploads\\\/2025\\\/08\\\/puch-club-treffen-fuschl-am-see-7.jpg\",\"datePublished\":\"2025-09-04T05:00:00+00:00\",\"description\":\"Der Puchclub Fuschl am See ladet zum Puch-Treffen und zur Nostalgie-Ausfahrt durch die Fuschlseeregion.\",\"breadcrumb\":{\"@id\":\"https:\\\/\\\/www.salzburgerland.com\\\/de\\\/magazin\\\/puchclub-fuschl\\\/#breadcrumb\"},\"inLanguage\":\"de\",\"potentialAction\":[{\"@type\":\"ReadAction\",\"target\":[\"https:\\\/\\\/www.salzburgerland.com\\\/de\\\/magazin\\\/puchclub-fuschl\\\/\"]}]},{\"@type\":\"ImageObject\",\"inLanguage\":\"de\",\"@id\":\"https:\\\/\\\/www.salzburgerland.com\\\/de\\\/magazin\\\/puchclub-fuschl\\\/#primaryimage\",\"url\":\"https:\\\/\\\/www.salzburgerland.com\\\/de\\\/magazin\\\/wp-content\\\/uploads\\\/2025\\\/08\\\/puch-club-treffen-fuschl-am-see-7.jpg\",\"contentUrl\":\"https:\\\/\\\/www.salzburgerland.com\\\/de\\\/magazin\\\/wp-content\\\/uploads\\\/2025\\\/08\\\/puch-club-treffen-fuschl-am-see-7.jpg\",\"width\":1233,\"height\":815,\"caption\":\"Puch Club Fuschl am See \u00a9 Puch Club Fuschl am See\"},{\"@type\":\"BreadcrumbList\",\"@id\":\"https:\\\/\\\/www.salzburgerland.com\\\/de\\\/magazin\\\/puchclub-fuschl\\\/#breadcrumb\",\"itemListElement\":[{\"@type\":\"ListItem\",\"position\":1,\"name\":\"Startseite\",\"item\":\"https:\\\/\\\/www.salzburgerland.com\\\/de\\\/magazin\\\/\"},{\"@type\":\"ListItem\",\"position\":2,\"name\":\"Lifestyle\",\"item\":\"https:\\\/\\\/www.salzburgerland.com\\\/de\\\/magazin\\\/thema\\\/lifestyle\\\/\"},{\"@type\":\"ListItem\",\"position\":3,\"name\":\"Zehn Jahre PUCH-Tradition in Fuschl\"}]},{\"@type\":\"WebSite\",\"@id\":\"https:\\\/\\\/www.salzburgerland.com\\\/de\\\/magazin\\\/#website\",\"url\":\"https:\\\/\\\/www.salzburgerland.com\\\/de\\\/magazin\\\/\",\"name\":\"SalzburgerLand Magazin\",\"description\":\"Geschichten und Interessantes aus dem SalzburgerLand\",\"publisher\":{\"@id\":\"https:\\\/\\\/www.salzburgerland.com\\\/de\\\/magazin\\\/#organization\"},\"potentialAction\":[{\"@type\":\"SearchAction\",\"target\":{\"@type\":\"EntryPoint\",\"urlTemplate\":\"https:\\\/\\\/www.salzburgerland.com\\\/de\\\/magazin\\\/?s={search_term_string}\"},\"query-input\":{\"@type\":\"PropertyValueSpecification\",\"valueRequired\":true,\"valueName\":\"search_term_string\"}}],\"inLanguage\":\"de\"},{\"@type\":\"Organization\",\"@id\":\"https:\\\/\\\/www.salzburgerland.com\\\/de\\\/magazin\\\/#organization\",\"name\":\"SalzburgerLand Tourismus\",\"url\":\"https:\\\/\\\/www.salzburgerland.com\\\/de\\\/magazin\\\/\",\"logo\":{\"@type\":\"ImageObject\",\"inLanguage\":\"de\",\"@id\":\"https:\\\/\\\/www.salzburgerland.com\\\/de\\\/magazin\\\/#\\\/schema\\\/logo\\\/image\\\/\",\"url\":\"https:\\\/\\\/www.salzburgerland.com\\\/de\\\/magazin\\\/wp-content\\\/uploads\\\/2019\\\/06\\\/salzburgerland-logo1.jpg\",\"contentUrl\":\"https:\\\/\\\/www.salzburgerland.com\\\/de\\\/magazin\\\/wp-content\\\/uploads\\\/2019\\\/06\\\/salzburgerland-logo1.jpg\",\"width\":2011,\"height\":866,\"caption\":\"SalzburgerLand Tourismus\"},\"image\":{\"@id\":\"https:\\\/\\\/www.salzburgerland.com\\\/de\\\/magazin\\\/#\\\/schema\\\/logo\\\/image\\\/\"},\"sameAs\":[\"https:\\\/\\\/www.facebook.com\\\/salzburgerland\\\/\",\"https:\\\/\\\/x.com\\\/Salzburgerland\",\"https:\\\/\\\/www.instagram.com\\\/salzburgerland\\\/\",\"https:\\\/\\\/at.linkedin.com\\\/company\\\/salzburgerland-tourismus-gmbh\",\"https:\\\/\\\/www.pinterest.at\\\/salzburgerland\\\/\",\"https:\\\/\\\/www.youtube.com\\\/user\\\/salzburgerland\",\"https:\\\/\\\/de.wikipedia.org\\\/wiki\\\/SalzburgerLand_Tourismus_GmbH\"]},{\"@type\":\"Person\",\"@id\":\"https:\\\/\\\/www.salzburgerland.com\\\/de\\\/magazin\\\/#\\\/schema\\\/person\\\/3d66364225257aad8b700259f8d80a69\",\"name\":\"Melanie Deisl\",\"description\":\"Ihre Liebe zum Reisen teilt Melanie genauso gerne, wie ihre Liebe zum SalzburgerLand. Die geb\u00fcrtige Faistenauerin ist in Koppl aufgewachsen und in der Fuschlseeregion zuhause. Und die kennt sie auch wie ihre Westentasche. Ihre erste, noch sehr analoge, Tourismuserfahrung konnte sie bereits w\u00e4hrend der Schulzeit beim SalzburgerLand Tourismus (SLTG) und sp\u00e4ter beim TVB Fuschl am See sammeln. Beruflich ist sie seit ihrem Studium der Kommunikationswissenschaften im Bereich SEO, Text &amp; Content Marketing zuhause. Was dazu f\u00fchrte, dass sie sich ans Reisebloggen wagte. Schnell wurde aus reinem Interesse, pure Passion. Dem Ausflug in ferne L\u00e4nder folgte eine Revision der Qualit\u00e4ten der eigenen Heimat als Urlaubsziel. Und diese fiel mehr als positiv aus. Die Liebe zu Ihrer Heimat ist ihr in die Wiege gelegt, und wie sie sagt, wird diese auch immer st\u00e4rker. Na, sie muss es ja wissen. Immerhin bietet sie auf \\\"urlaubsgeschichten.at\\\" Inspiration f\u00fcr Reisen in ferne L\u00e4nder und gibt Insidertipps f\u00fcr \u00d6sterreich-Liebhaber. Ihr ist es ein pers\u00f6nliches Anliegen zu zeigen, dass man auch auf kurzen Reisen einzigartige Erfahrungen sammeln kann. Da z\u00e4hlt das SalzburgerLand nat\u00fcrlich zu ihren TOP-Favoriten. Ihre Reisen verbindet Sie selbst am liebsten mit Wandern, Skifahren und Genuss. Vor allem regionale Produkte aus der Heimat haben es der bodenst\u00e4ndigen Salzburgerin angetan.\u00a0In der Freizeit zieht es Melanie, wie soll es anders sein, hinaus. Mal auf den Berg, mal an den See, mal in die Stadt Salzburg. Aber nie ohne Kamera und Notizbuch. Es k\u00f6nnte ja eine gute Urlaubsgeschichte dabei sein ... Mein pers\u00f6nlicher Logenplatz im SalzburgerLand Eine Runde um den Hintersee. Das geht immer und macht den Kopf frei. Bei einer Runde um den See kann ich mich gut entspannen. Aber ich drehe auch gerne mal eine gem\u00fctliche \\\"Tratschrunde\\\" mit einer Freundin um den sch\u00f6nen See. Salzburger Nockerl oder Schwarzbeernocken? Die Wahl f\u00e4llt mir sehr leicht. Ich liebe \\\"Zeckbeerdatscherln\\\", wie man bei uns zu den Schwarzbeernocken sagt. Nat\u00fcrlich mit selbstgepfl\u00fcckten Schwarzbeeren zubereitet und sch\u00f6n dunkelblau. Mozart oder Hubert von Goisern? Beides. Ich mag Musik in fast jeder Form. Ich spiele selbst Gitarre und singe sehr gerne - das f\u00e4llt mir bei Hubert von Goisern, Austropop und Rockmusik leichter ;-) aber ich hab auch f\u00fcr Mozart und klassische Musik was \u00fcbrig. Ich bin musikalisch \u00fcberhaupt sehr aufgeschlossen und vor allem immer interessiert Neues zu entdecken. Musik, die mir gef\u00e4llt eben. Luxushotel oder Almh\u00fctte? Mal dies mal das. Zu einem Wellness-Wochenende im Luxushotel braucht man mich nicht lange \u00fcberreden, das versteht sich von selbst. Zu einem Urlaub auf der Alm aber auch nicht. Ich wei\u00df jedoch, dass man das hervorragend miteinander verbinden kann. Die Antwort lautet also: beides! Ausstellung oder Bergpanorama? Ich muss gestehen, ich bin eher erlebnisorientiert, deshalb entscheide ich mich immer f\u00fcr das Bergpanorama. Morgen- oder Abendmensch? Ich war schon immer ein Fr\u00fchaufsteher und bin schon vor dem ersten Kaffee hellwach, diskussionsfreudig und sehr produktiv. Ich erlebe aber in meiner Tageskurve das typische Nachmittagstief, daher w\u00e4re ich voll f\u00fcr die Einf\u00fchrung der \\\"Siesta\\\". Daf\u00fcr bin ich in aber in den Abendstunden auch wieder hellwach und voller Energie.\",\"sameAs\":[\"https:\\\/\\\/urlaubsgeschichten.at\",\"https:\\\/\\\/www.facebook.com\\\/urlaubsgeschichten\\\/\",\"https:\\\/\\\/www.instagram.com\\\/urlaubsgeschichten\\\/\",\"https:\\\/\\\/www.linkedin.com\\\/in\\\/urlaubsgeschichten\\\/\",\"https:\\\/\\\/www.pinterest.at\\\/mytravelstories\\\/\"],\"url\":\"https:\\\/\\\/www.salzburgerland.com\\\/de\\\/magazin\\\/author\\\/melanie_deisl\\\/\"}]}<\/script>\n<!-- \/ Yoast SEO Premium plugin. -->","yoast_head_json":{"title":"Zehn Jahre PUCH-Tradition in Fuschl - SalzburgerLand Magazin","description":"Der Puchclub Fuschl am See ladet zum Puch-Treffen und zur Nostalgie-Ausfahrt durch die Fuschlseeregion.","robots":{"index":"index","follow":"follow","max-snippet":"max-snippet:-1","max-image-preview":"max-image-preview:large","max-video-preview":"max-video-preview:-1"},"canonical":"https:\/\/www.salzburgerland.com\/de\/magazin\/puchclub-fuschl\/","og_locale":"de_DE","og_type":"article","og_title":"Zehn Jahre PUCH-Tradition in Fuschl","og_description":"Der Puchclub Fuschl am See ladet zum Puch-Treffen und zur Nostalgie-Ausfahrt durch die Fuschlseeregion.","og_url":"https:\/\/www.salzburgerland.com\/de\/magazin\/puchclub-fuschl\/","og_site_name":"SalzburgerLand Magazin","article_publisher":"https:\/\/www.facebook.com\/salzburgerland\/","article_author":"https:\/\/www.facebook.com\/urlaubsgeschichten\/","article_published_time":"2025-09-04T05:00:00+00:00","og_image":[{"width":1233,"height":815,"url":"https:\/\/www.salzburgerland.com\/de\/magazin\/wp-content\/uploads\/2025\/08\/puch-club-treffen-fuschl-am-see-7.jpg","type":"image\/jpeg"}],"author":"Melanie Deisl","twitter_card":"summary_large_image","twitter_creator":"@Salzburgerland","twitter_site":"@Salzburgerland","twitter_misc":{"Verfasst von":"Melanie Deisl","Gesch\u00e4tzte Lesezeit":"8\u00a0Minuten"},"schema":{"@context":"https:\/\/schema.org","@graph":[{"@type":"Article","@id":"https:\/\/www.salzburgerland.com\/de\/magazin\/puchclub-fuschl\/#article","isPartOf":{"@id":"https:\/\/www.salzburgerland.com\/de\/magazin\/puchclub-fuschl\/"},"author":{"name":"Melanie Deisl","@id":"https:\/\/www.salzburgerland.com\/de\/magazin\/#\/schema\/person\/3d66364225257aad8b700259f8d80a69"},"headline":"Zehn Jahre PUCH-Tradition in Fuschl","datePublished":"2025-09-04T05:00:00+00:00","mainEntityOfPage":{"@id":"https:\/\/www.salzburgerland.com\/de\/magazin\/puchclub-fuschl\/"},"wordCount":619,"publisher":{"@id":"https:\/\/www.salzburgerland.com\/de\/magazin\/#organization"},"image":{"@id":"https:\/\/www.salzburgerland.com\/de\/magazin\/puchclub-fuschl\/#primaryimage"},"thumbnailUrl":"https:\/\/www.salzburgerland.com\/de\/magazin\/wp-content\/uploads\/2025\/08\/puch-club-treffen-fuschl-am-see-7.jpg","keywords":["Bike","fuschlseeregion","Motorrad","Motorradfahren im SalzburgerLand","Veranstaltung"],"articleSection":["Lifestyle"],"inLanguage":"de"},{"@type":"WebPage","@id":"https:\/\/www.salzburgerland.com\/de\/magazin\/puchclub-fuschl\/","url":"https:\/\/www.salzburgerland.com\/de\/magazin\/puchclub-fuschl\/","name":"Zehn Jahre PUCH-Tradition in Fuschl - SalzburgerLand Magazin","isPartOf":{"@id":"https:\/\/www.salzburgerland.com\/de\/magazin\/#website"},"primaryImageOfPage":{"@id":"https:\/\/www.salzburgerland.com\/de\/magazin\/puchclub-fuschl\/#primaryimage"},"image":{"@id":"https:\/\/www.salzburgerland.com\/de\/magazin\/puchclub-fuschl\/#primaryimage"},"thumbnailUrl":"https:\/\/www.salzburgerland.com\/de\/magazin\/wp-content\/uploads\/2025\/08\/puch-club-treffen-fuschl-am-see-7.jpg","datePublished":"2025-09-04T05:00:00+00:00","description":"Der Puchclub Fuschl am See ladet zum Puch-Treffen und zur Nostalgie-Ausfahrt durch die Fuschlseeregion.","breadcrumb":{"@id":"https:\/\/www.salzburgerland.com\/de\/magazin\/puchclub-fuschl\/#breadcrumb"},"inLanguage":"de","potentialAction":[{"@type":"ReadAction","target":["https:\/\/www.salzburgerland.com\/de\/magazin\/puchclub-fuschl\/"]}]},{"@type":"ImageObject","inLanguage":"de","@id":"https:\/\/www.salzburgerland.com\/de\/magazin\/puchclub-fuschl\/#primaryimage","url":"https:\/\/www.salzburgerland.com\/de\/magazin\/wp-content\/uploads\/2025\/08\/puch-club-treffen-fuschl-am-see-7.jpg","contentUrl":"https:\/\/www.salzburgerland.com\/de\/magazin\/wp-content\/uploads\/2025\/08\/puch-club-treffen-fuschl-am-see-7.jpg","width":1233,"height":815,"caption":"Puch Club Fuschl am See \u00a9 Puch Club Fuschl am See"},{"@type":"BreadcrumbList","@id":"https:\/\/www.salzburgerland.com\/de\/magazin\/puchclub-fuschl\/#breadcrumb","itemListElement":[{"@type":"ListItem","position":1,"name":"Startseite","item":"https:\/\/www.salzburgerland.com\/de\/magazin\/"},{"@type":"ListItem","position":2,"name":"Lifestyle","item":"https:\/\/www.salzburgerland.com\/de\/magazin\/thema\/lifestyle\/"},{"@type":"ListItem","position":3,"name":"Zehn Jahre PUCH-Tradition in Fuschl"}]},{"@type":"WebSite","@id":"https:\/\/www.salzburgerland.com\/de\/magazin\/#website","url":"https:\/\/www.salzburgerland.com\/de\/magazin\/","name":"SalzburgerLand Magazin","description":"Geschichten und Interessantes aus dem SalzburgerLand","publisher":{"@id":"https:\/\/www.salzburgerland.com\/de\/magazin\/#organization"},"potentialAction":[{"@type":"SearchAction","target":{"@type":"EntryPoint","urlTemplate":"https:\/\/www.salzburgerland.com\/de\/magazin\/?s={search_term_string}"},"query-input":{"@type":"PropertyValueSpecification","valueRequired":true,"valueName":"search_term_string"}}],"inLanguage":"de"},{"@type":"Organization","@id":"https:\/\/www.salzburgerland.com\/de\/magazin\/#organization","name":"SalzburgerLand Tourismus","url":"https:\/\/www.salzburgerland.com\/de\/magazin\/","logo":{"@type":"ImageObject","inLanguage":"de","@id":"https:\/\/www.salzburgerland.com\/de\/magazin\/#\/schema\/logo\/image\/","url":"https:\/\/www.salzburgerland.com\/de\/magazin\/wp-content\/uploads\/2019\/06\/salzburgerland-logo1.jpg","contentUrl":"https:\/\/www.salzburgerland.com\/de\/magazin\/wp-content\/uploads\/2019\/06\/salzburgerland-logo1.jpg","width":2011,"height":866,"caption":"SalzburgerLand Tourismus"},"image":{"@id":"https:\/\/www.salzburgerland.com\/de\/magazin\/#\/schema\/logo\/image\/"},"sameAs":["https:\/\/www.facebook.com\/salzburgerland\/","https:\/\/x.com\/Salzburgerland","https:\/\/www.instagram.com\/salzburgerland\/","https:\/\/at.linkedin.com\/company\/salzburgerland-tourismus-gmbh","https:\/\/www.pinterest.at\/salzburgerland\/","https:\/\/www.youtube.com\/user\/salzburgerland","https:\/\/de.wikipedia.org\/wiki\/SalzburgerLand_Tourismus_GmbH"]},{"@type":"Person","@id":"https:\/\/www.salzburgerland.com\/de\/magazin\/#\/schema\/person\/3d66364225257aad8b700259f8d80a69","name":"Melanie Deisl","description":"Ihre Liebe zum Reisen teilt Melanie genauso gerne, wie ihre Liebe zum SalzburgerLand. Die geb\u00fcrtige Faistenauerin ist in Koppl aufgewachsen und in der Fuschlseeregion zuhause. Und die kennt sie auch wie ihre Westentasche. Ihre erste, noch sehr analoge, Tourismuserfahrung konnte sie bereits w\u00e4hrend der Schulzeit beim SalzburgerLand Tourismus (SLTG) und sp\u00e4ter beim TVB Fuschl am See sammeln. Beruflich ist sie seit ihrem Studium der Kommunikationswissenschaften im Bereich SEO, Text &amp; Content Marketing zuhause. Was dazu f\u00fchrte, dass sie sich ans Reisebloggen wagte. Schnell wurde aus reinem Interesse, pure Passion. Dem Ausflug in ferne L\u00e4nder folgte eine Revision der Qualit\u00e4ten der eigenen Heimat als Urlaubsziel. Und diese fiel mehr als positiv aus. Die Liebe zu Ihrer Heimat ist ihr in die Wiege gelegt, und wie sie sagt, wird diese auch immer st\u00e4rker. Na, sie muss es ja wissen. Immerhin bietet sie auf \"urlaubsgeschichten.at\" Inspiration f\u00fcr Reisen in ferne L\u00e4nder und gibt Insidertipps f\u00fcr \u00d6sterreich-Liebhaber. Ihr ist es ein pers\u00f6nliches Anliegen zu zeigen, dass man auch auf kurzen Reisen einzigartige Erfahrungen sammeln kann. Da z\u00e4hlt das SalzburgerLand nat\u00fcrlich zu ihren TOP-Favoriten. Ihre Reisen verbindet Sie selbst am liebsten mit Wandern, Skifahren und Genuss. Vor allem regionale Produkte aus der Heimat haben es der bodenst\u00e4ndigen Salzburgerin angetan.\u00a0In der Freizeit zieht es Melanie, wie soll es anders sein, hinaus. Mal auf den Berg, mal an den See, mal in die Stadt Salzburg. Aber nie ohne Kamera und Notizbuch. Es k\u00f6nnte ja eine gute Urlaubsgeschichte dabei sein ... Mein pers\u00f6nlicher Logenplatz im SalzburgerLand Eine Runde um den Hintersee. Das geht immer und macht den Kopf frei. Bei einer Runde um den See kann ich mich gut entspannen. Aber ich drehe auch gerne mal eine gem\u00fctliche \"Tratschrunde\" mit einer Freundin um den sch\u00f6nen See. Salzburger Nockerl oder Schwarzbeernocken? Die Wahl f\u00e4llt mir sehr leicht. Ich liebe \"Zeckbeerdatscherln\", wie man bei uns zu den Schwarzbeernocken sagt. Nat\u00fcrlich mit selbstgepfl\u00fcckten Schwarzbeeren zubereitet und sch\u00f6n dunkelblau. Mozart oder Hubert von Goisern? Beides. Ich mag Musik in fast jeder Form. Ich spiele selbst Gitarre und singe sehr gerne - das f\u00e4llt mir bei Hubert von Goisern, Austropop und Rockmusik leichter ;-) aber ich hab auch f\u00fcr Mozart und klassische Musik was \u00fcbrig. Ich bin musikalisch \u00fcberhaupt sehr aufgeschlossen und vor allem immer interessiert Neues zu entdecken. Musik, die mir gef\u00e4llt eben. Luxushotel oder Almh\u00fctte? Mal dies mal das. Zu einem Wellness-Wochenende im Luxushotel braucht man mich nicht lange \u00fcberreden, das versteht sich von selbst. Zu einem Urlaub auf der Alm aber auch nicht. Ich wei\u00df jedoch, dass man das hervorragend miteinander verbinden kann. Die Antwort lautet also: beides! Ausstellung oder Bergpanorama? Ich muss gestehen, ich bin eher erlebnisorientiert, deshalb entscheide ich mich immer f\u00fcr das Bergpanorama. Morgen- oder Abendmensch? Ich war schon immer ein Fr\u00fchaufsteher und bin schon vor dem ersten Kaffee hellwach, diskussionsfreudig und sehr produktiv. Ich erlebe aber in meiner Tageskurve das typische Nachmittagstief, daher w\u00e4re ich voll f\u00fcr die Einf\u00fchrung der \"Siesta\". Daf\u00fcr bin ich in aber in den Abendstunden auch wieder hellwach und voller Energie.","sameAs":["https:\/\/urlaubsgeschichten.at","https:\/\/www.facebook.com\/urlaubsgeschichten\/","https:\/\/www.instagram.com\/urlaubsgeschichten\/","https:\/\/www.linkedin.com\/in\/urlaubsgeschichten\/","https:\/\/www.pinterest.at\/mytravelstories\/"],"url":"https:\/\/www.salzburgerland.com\/de\/magazin\/author\/melanie_deisl\/"}]}},"_wl_alt_label":[],"wl:entity_url":"http:\/\/open.salzburgerland.com\/magazin\/post\/zehn-jahre-puch-tradition-in-fuschl-184104","_links":{"self":[{"href":"https:\/\/www.salzburgerland.com\/de\/magazin\/wp-json\/wp\/v2\/posts\/184104","targetHints":{"allow":["GET"]}}],"collection":[{"href":"https:\/\/www.salzburgerland.com\/de\/magazin\/wp-json\/wp\/v2\/posts"}],"about":[{"href":"https:\/\/www.salzburgerland.com\/de\/magazin\/wp-json\/wp\/v2\/types\/post"}],"author":[{"embeddable":true,"href":"https:\/\/www.salzburgerland.com\/de\/magazin\/wp-json\/wp\/v2\/users\/565"}],"replies":[{"embeddable":true,"href":"https:\/\/www.salzburgerland.com\/de\/magazin\/wp-json\/wp\/v2\/comments?post=184104"}],"version-history":[{"count":13,"href":"https:\/\/www.salzburgerland.com\/de\/magazin\/wp-json\/wp\/v2\/posts\/184104\/revisions"}],"predecessor-version":[{"id":184182,"href":"https:\/\/www.salzburgerland.com\/de\/magazin\/wp-json\/wp\/v2\/posts\/184104\/revisions\/184182"}],"wp:featuredmedia":[{"embeddable":true,"href":"https:\/\/www.salzburgerland.com\/de\/magazin\/wp-json\/wp\/v2\/media\/184106"}],"wp:attachment":[{"href":"https:\/\/www.salzburgerland.com\/de\/magazin\/wp-json\/wp\/v2\/media?parent=184104"}],"wp:term":[{"taxonomy":"category","embeddable":true,"href":"https:\/\/www.salzburgerland.com\/de\/magazin\/wp-json\/wp\/v2\/categories?post=184104"},{"taxonomy":"post_tag","embeddable":true,"href":"https:\/\/www.salzburgerland.com\/de\/magazin\/wp-json\/wp\/v2\/tags?post=184104"},{"taxonomy":"wl_entity_type","embeddable":true,"href":"https:\/\/www.salzburgerland.com\/de\/magazin\/wp-json\/wp\/v2\/wl_entity_type?post=184104"},{"taxonomy":"monatsauswahl","embeddable":true,"href":"https:\/\/www.salzburgerland.com\/de\/magazin\/wp-json\/wp\/v2\/monatsauswahl?post=184104"}],"curies":[{"name":"wp","href":"https:\/\/api.w.org\/{rel}","templated":true}]}}