{"id":184089,"date":"2025-08-14T07:13:53","date_gmt":"2025-08-14T05:13:53","guid":{"rendered":"https:\/\/www.salzburgerland.com\/de\/magazin\/?p=184089"},"modified":"2025-08-14T07:14:45","modified_gmt":"2025-08-14T05:14:45","slug":"30-jahre-bauernherbst","status":"publish","type":"post","link":"https:\/\/www.salzburgerland.com\/de\/magazin\/30-jahre-bauernherbst\/","title":{"rendered":"30 Jahre Bauernherbst"},"content":{"rendered":"\n<div class=\"wp-block-slt-top topBlocks\">\n<h2 class=\"wp-block-slt-subtitle\">Gro\u00dfe Er\u00f6ffnung in Dorfgastein<\/h2>\n\n\n\n<p class=\"wp-block-slt-intro\">Der <a href=\"https:\/\/www.salzburgerland.com\/de\/bauernherbst\/\" target=\"_blank\" rel=\"noreferrer noopener\">Bauernherbst<\/a> feiert heuer sein 30-j\u00e4hriges Jubil\u00e4um. Am 23. August findet dazu die feierliche Er\u00f6ffnung in <a href=\"https:\/\/www.gastein.com\/region\/gasteinertal\/dorfgastein\/\" target=\"_blank\" rel=\"noreferrer noopener\">Dorfgastein<\/a> mit einem fulminanten Fest statt.<\/p>\n<\/div>\n\n\n\n<p>Zum 30-j\u00e4hrigen Jubil\u00e4um wird vom 23. August bis 31. Oktober 2025 in 76 Orten besonders klangvoll gefeiert. Das Er\u00f6ffnungsfest setzt den glanzvollen Startschuss f\u00fcr 30 Jahre Bauernherbst. In Dorfgastein wird dabei der Bauernherbst gemeinsam mit den fr\u00fcheren Er\u00f6ffnungsorten gefeiert. Sie pr\u00e4sentieren zusammen die Bauernherbst-Mottos der letzten 30 Jahre und zeigen das im ganzen <a href=\"http:\/\/www.salzburgerland.com\" target=\"_blank\" rel=\"noreferrer noopener\">SalzburgerLand<\/a> erlebbare Brauchtum, mit allen seinen Facetten und seiner Vielfalt.<\/p>\n\n\n\n<figure class=\"wp-block-image size-full\"><img loading=\"lazy\" decoding=\"async\" width=\"2560\" height=\"1704\" src=\"https:\/\/www.salzburgerland.com\/de\/magazin\/wp-content\/uploads\/2025\/08\/RS695_CKO_2260-hpr-scaled.jpg\" alt=\"Ein geschm\u00fcckter Traktor f\u00fchrt den Umzug des Bauernherbst Festes in Dorfgastein an, der von Menschen mit roten H\u00fcten begleitet wird.\" class=\"wp-image-184092\" srcset=\"https:\/\/www.salzburgerland.com\/de\/magazin\/wp-content\/uploads\/2025\/08\/RS695_CKO_2260-hpr-scaled.jpg 2560w, https:\/\/www.salzburgerland.com\/de\/magazin\/wp-content\/uploads\/2025\/08\/RS695_CKO_2260-hpr-300x200.jpg 300w, https:\/\/www.salzburgerland.com\/de\/magazin\/wp-content\/uploads\/2025\/08\/RS695_CKO_2260-hpr-1536x1022.jpg 1536w, https:\/\/www.salzburgerland.com\/de\/magazin\/wp-content\/uploads\/2025\/08\/RS695_CKO_2260-hpr-2048x1363.jpg 2048w, https:\/\/www.salzburgerland.com\/de\/magazin\/wp-content\/uploads\/2025\/08\/RS695_CKO_2260-hpr-826x550.jpg 826w, https:\/\/www.salzburgerland.com\/de\/magazin\/wp-content\/uploads\/2025\/08\/RS695_CKO_2260-hpr-601x400.jpg 601w, https:\/\/www.salzburgerland.com\/de\/magazin\/wp-content\/uploads\/2025\/08\/RS695_CKO_2260-hpr-1320x879.jpg 1320w, https:\/\/www.salzburgerland.com\/de\/magazin\/wp-content\/uploads\/2025\/08\/RS695_CKO_2260-hpr-150x100.jpg 150w\" sizes=\"auto, (max-width: 2560px) 100vw, 2560px\" \/><\/figure>\n\n\n\n<h2 class=\"wp-block-heading\" id=\"h-ein-tag-voller-feiern\"><br>Ein Tag voller Feiern<\/h2>\n\n\n\n<p>Das Er\u00f6ffnungsfest zieht sich \u00fcber den ganzen Tag und bietet jede Menge Highlights f\u00fcr Gro\u00df und Klein. Die regionalen Wirte locken mit kulinarischen Schmankerl und die Gasteiner B\u00e4uerinnen und Vereine servieren traditionelle K\u00f6stlichkeiten. Ein feierlicher Festumzug und der gro\u00dfe Auftritt der Schnalzer, Schuhplattler und Volkstanzgruppen sorgen f\u00fcr eine tolle Stimmung. Unterschiedliche musikalische Einlagen runden den erlebnisreichen Tag ab.<\/p>\n\n\n\n<p>Das Highlight des Tages ist das gemeinsame Konzert von f\u00fcnf Trachtenmusikkapellen. Neben traditionellen Liedern pr\u00e4sentieren sie auch eine eigens f\u00fcr den Bauernherbst komponierte Polka.<\/p>\n\n\n\n<figure class=\"wp-block-image size-full\"><img loading=\"lazy\" decoding=\"async\" width=\"2362\" height=\"1575\" src=\"https:\/\/www.salzburgerland.com\/de\/magazin\/wp-content\/uploads\/2025\/08\/RS6098_SLT_Bauernherbst_Auswahl-33.jpg\" alt=\"Drei junge Musiker spielen an einem sonnigen Tag beim Bauernherbstfest in Dorfgastein am See.\" class=\"wp-image-184094\" srcset=\"https:\/\/www.salzburgerland.com\/de\/magazin\/wp-content\/uploads\/2025\/08\/RS6098_SLT_Bauernherbst_Auswahl-33.jpg 2362w, https:\/\/www.salzburgerland.com\/de\/magazin\/wp-content\/uploads\/2025\/08\/RS6098_SLT_Bauernherbst_Auswahl-33-300x200.jpg 300w, https:\/\/www.salzburgerland.com\/de\/magazin\/wp-content\/uploads\/2025\/08\/RS6098_SLT_Bauernherbst_Auswahl-33-1536x1024.jpg 1536w, https:\/\/www.salzburgerland.com\/de\/magazin\/wp-content\/uploads\/2025\/08\/RS6098_SLT_Bauernherbst_Auswahl-33-2048x1366.jpg 2048w, https:\/\/www.salzburgerland.com\/de\/magazin\/wp-content\/uploads\/2025\/08\/RS6098_SLT_Bauernherbst_Auswahl-33-825x550.jpg 825w, https:\/\/www.salzburgerland.com\/de\/magazin\/wp-content\/uploads\/2025\/08\/RS6098_SLT_Bauernherbst_Auswahl-33-600x400.jpg 600w, https:\/\/www.salzburgerland.com\/de\/magazin\/wp-content\/uploads\/2025\/08\/RS6098_SLT_Bauernherbst_Auswahl-33-1320x880.jpg 1320w, https:\/\/www.salzburgerland.com\/de\/magazin\/wp-content\/uploads\/2025\/08\/RS6098_SLT_Bauernherbst_Auswahl-33-150x100.jpg 150w\" sizes=\"auto, (max-width: 2362px) 100vw, 2362px\" \/><\/figure>\n\n\n\n<h2 class=\"wp-block-heading\" id=\"h-g-sungen-und-g-spielt-im-salzburgerland\">\u201eG\u2019sungen und G\u2019spielt\u201c im SalzburgerLand<\/h2>\n\n\n\n<p>Das Motto \u201eG\u2019sungen und G\u2019spielt\u201c zieht sich durch das gesamte Programm der 76 Orte des diesj\u00e4hrigen Bauernherbstes. Volksmusik, Gstanzlsingen, Jodeln, Klassik unter freiem Himmel, musikalische Wanderungen und Mitmachangebote wie S\u00e4nger- und Musikantenstammtische laden G\u00e4ste und Einheimische ein. Von Flachgau bis Lungau finden \u00fcber 2.000 Veranstaltungen statt, bei denen die Gemeinschaft, der Brauchtum und der Genuss im Mittelpunkt stehen. Regionale K\u00f6stlichkeiten, Handwerk, gelebte Tradition und die alpine K\u00fcche erg\u00e4nzen das musikalische Angebot. <\/p>\n\n\n\n<p>Eines der Highlights: die \u201eBauernherbst-Musikreisen\u201c mit mindestens drei Tagen voller Klangerlebnisse, etwa Konzertbesuche, Almabtriebe oder Jodelworkshops. Zahlreiche <a href=\"https:\/\/urlaub.salzburgerland.com\/de\/salzburger-bauernherbst-angebote\" target=\"_blank\" rel=\"noreferrer noopener\">Bauernherbst-Packages<\/a> bieten Urlaub am Bauernhof und musikalische H\u00f6hepunkte \u2013 perfekt, um Kultur, Natur und Geselligkeit zu vereinen.<\/p>\n\n\n\n<p><\/p>\n","protected":false},"excerpt":{"rendered":"<p>Zum 30-j\u00e4hrigen Jubil\u00e4um wird vom 23. August bis 31. Oktober 2025 in 76 Orten besonders klangvoll gefeiert. Das Er\u00f6ffnungsfest setzt den glanzvollen Startschuss f\u00fcr 30 Jahre Bauernherbst. In Dorfgastein wird dabei der Bauernherbst gemeinsam mit den fr\u00fcheren Er\u00f6ffnungsorten gefeiert. Sie pr\u00e4sentieren zusammen die Bauernherbst-Mottos der letzten 30 Jahre und zeigen das im ganzen SalzburgerLand erlebbare [&hellip;]<\/p>\n","protected":false},"author":10,"featured_media":184093,"comment_status":"closed","ping_status":"closed","sticky":false,"template":"","format":"standard","meta":{"_acf_changed":false,"wl_entities_gutenberg":"","_wl_entity_redirect_enabled":"","footnotes":""},"categories":[7553],"tags":[186,3308,222,7960,2002],"wl_entity_type":[306],"monatsauswahl":[89],"class_list":["post-184089","post","type-post","status-publish","format-standard","has-post-thumbnail","hentry","category-brauchtum","tag-bauernherbst","tag-brauchtum","tag-dorfgastein","tag-jubilaeum","tag-kulinarik","wl_entity_type-article","monatsauswahl-monat_8"],"acf":[],"yoast_head":"<!-- This site is optimized with the Yoast SEO Premium plugin v27.4 (Yoast SEO v27.4) - https:\/\/yoast.com\/product\/yoast-seo-premium-wordpress\/ -->\n<title>30 Jahre Bauernherbst - SalzburgerLand Magazin<\/title>\n<meta name=\"robots\" content=\"index, follow, max-snippet:-1, max-image-preview:large, max-video-preview:-1\" \/>\n<link rel=\"canonical\" href=\"https:\/\/www.salzburgerland.com\/de\/magazin\/30-jahre-bauernherbst\/\" \/>\n<meta property=\"og:locale\" content=\"de_DE\" \/>\n<meta property=\"og:type\" content=\"article\" \/>\n<meta property=\"og:title\" content=\"30 Jahre Bauernherbst\" \/>\n<meta property=\"og:description\" content=\"Zum 30-j\u00e4hrigen Jubil\u00e4um wird vom 23. August bis 31. Oktober 2025 in 76 Orten besonders klangvoll gefeiert. Das Er\u00f6ffnungsfest setzt den glanzvollen Startschuss f\u00fcr 30 Jahre Bauernherbst. In Dorfgastein wird dabei der Bauernherbst gemeinsam mit den fr\u00fcheren Er\u00f6ffnungsorten gefeiert. Sie pr\u00e4sentieren zusammen die Bauernherbst-Mottos der letzten 30 Jahre und zeigen das im ganzen SalzburgerLand erlebbare [&hellip;]\" \/>\n<meta property=\"og:url\" content=\"https:\/\/www.salzburgerland.com\/de\/magazin\/30-jahre-bauernherbst\/\" \/>\n<meta property=\"og:site_name\" content=\"SalzburgerLand Magazin\" \/>\n<meta property=\"article:publisher\" content=\"https:\/\/www.facebook.com\/salzburgerland\/\" \/>\n<meta property=\"article:published_time\" content=\"2025-08-14T05:13:53+00:00\" \/>\n<meta property=\"article:modified_time\" content=\"2025-08-14T05:14:45+00:00\" \/>\n<meta property=\"og:image\" content=\"https:\/\/www.salzburgerland.com\/de\/magazin\/wp-content\/uploads\/2025\/08\/RS335_10094-1010_Bauernherbst_A11__058-1-lpr.jpg\" \/>\n\t<meta property=\"og:image:width\" content=\"2000\" \/>\n\t<meta property=\"og:image:height\" content=\"1465\" \/>\n\t<meta property=\"og:image:type\" content=\"image\/jpeg\" \/>\n<meta name=\"author\" content=\"Heiko Mandl\" \/>\n<meta name=\"twitter:card\" content=\"summary_large_image\" \/>\n<meta name=\"twitter:creator\" content=\"@Salzburgerland\" \/>\n<meta name=\"twitter:site\" content=\"@Salzburgerland\" \/>\n<meta name=\"twitter:label1\" content=\"Verfasst von\" \/>\n\t<meta name=\"twitter:data1\" content=\"Heiko Mandl\" \/>\n\t<meta name=\"twitter:label2\" content=\"Gesch\u00e4tzte Lesezeit\" \/>\n\t<meta name=\"twitter:data2\" content=\"3\u00a0Minuten\" \/>\n<script type=\"application\/ld+json\" class=\"yoast-schema-graph\">{\"@context\":\"https:\\\/\\\/schema.org\",\"@graph\":[{\"@type\":\"Article\",\"@id\":\"https:\\\/\\\/www.salzburgerland.com\\\/de\\\/magazin\\\/30-jahre-bauernherbst\\\/#article\",\"isPartOf\":{\"@id\":\"https:\\\/\\\/www.salzburgerland.com\\\/de\\\/magazin\\\/30-jahre-bauernherbst\\\/\"},\"author\":{\"name\":\"Heiko Mandl\",\"@id\":\"https:\\\/\\\/www.salzburgerland.com\\\/de\\\/magazin\\\/#\\\/schema\\\/person\\\/8871c7c764fce6ea66752310e7fe9e98\"},\"headline\":\"30 Jahre Bauernherbst\",\"datePublished\":\"2025-08-14T05:13:53+00:00\",\"dateModified\":\"2025-08-14T05:14:45+00:00\",\"mainEntityOfPage\":{\"@id\":\"https:\\\/\\\/www.salzburgerland.com\\\/de\\\/magazin\\\/30-jahre-bauernherbst\\\/\"},\"wordCount\":309,\"publisher\":{\"@id\":\"https:\\\/\\\/www.salzburgerland.com\\\/de\\\/magazin\\\/#organization\"},\"image\":{\"@id\":\"https:\\\/\\\/www.salzburgerland.com\\\/de\\\/magazin\\\/30-jahre-bauernherbst\\\/#primaryimage\"},\"thumbnailUrl\":\"https:\\\/\\\/www.salzburgerland.com\\\/de\\\/magazin\\\/wp-content\\\/uploads\\\/2025\\\/08\\\/RS335_10094-1010_Bauernherbst_A11__058-1-lpr.jpg\",\"keywords\":[\"Bauernherbst\",\"Brauchtum\",\"Dorfgastein\",\"Jubil\u00e4um\",\"Kulinarik\"],\"articleSection\":[\"Brauchtum\"],\"inLanguage\":\"de\"},{\"@type\":\"WebPage\",\"@id\":\"https:\\\/\\\/www.salzburgerland.com\\\/de\\\/magazin\\\/30-jahre-bauernherbst\\\/\",\"url\":\"https:\\\/\\\/www.salzburgerland.com\\\/de\\\/magazin\\\/30-jahre-bauernherbst\\\/\",\"name\":\"30 Jahre Bauernherbst - SalzburgerLand Magazin\",\"isPartOf\":{\"@id\":\"https:\\\/\\\/www.salzburgerland.com\\\/de\\\/magazin\\\/#website\"},\"primaryImageOfPage\":{\"@id\":\"https:\\\/\\\/www.salzburgerland.com\\\/de\\\/magazin\\\/30-jahre-bauernherbst\\\/#primaryimage\"},\"image\":{\"@id\":\"https:\\\/\\\/www.salzburgerland.com\\\/de\\\/magazin\\\/30-jahre-bauernherbst\\\/#primaryimage\"},\"thumbnailUrl\":\"https:\\\/\\\/www.salzburgerland.com\\\/de\\\/magazin\\\/wp-content\\\/uploads\\\/2025\\\/08\\\/RS335_10094-1010_Bauernherbst_A11__058-1-lpr.jpg\",\"datePublished\":\"2025-08-14T05:13:53+00:00\",\"dateModified\":\"2025-08-14T05:14:45+00:00\",\"breadcrumb\":{\"@id\":\"https:\\\/\\\/www.salzburgerland.com\\\/de\\\/magazin\\\/30-jahre-bauernherbst\\\/#breadcrumb\"},\"inLanguage\":\"de\",\"potentialAction\":[{\"@type\":\"ReadAction\",\"target\":[\"https:\\\/\\\/www.salzburgerland.com\\\/de\\\/magazin\\\/30-jahre-bauernherbst\\\/\"]}]},{\"@type\":\"ImageObject\",\"inLanguage\":\"de\",\"@id\":\"https:\\\/\\\/www.salzburgerland.com\\\/de\\\/magazin\\\/30-jahre-bauernherbst\\\/#primaryimage\",\"url\":\"https:\\\/\\\/www.salzburgerland.com\\\/de\\\/magazin\\\/wp-content\\\/uploads\\\/2025\\\/08\\\/RS335_10094-1010_Bauernherbst_A11__058-1-lpr.jpg\",\"contentUrl\":\"https:\\\/\\\/www.salzburgerland.com\\\/de\\\/magazin\\\/wp-content\\\/uploads\\\/2025\\\/08\\\/RS335_10094-1010_Bauernherbst_A11__058-1-lpr.jpg\",\"width\":2000,\"height\":1465,\"caption\":\"Kinder in traditioneller \u00f6sterreichischer Tracht f\u00fchren einen Volkstanz auf, als Der Bauernherbst in Dorfgastein Jubil\u00e4um feiert.\"},{\"@type\":\"BreadcrumbList\",\"@id\":\"https:\\\/\\\/www.salzburgerland.com\\\/de\\\/magazin\\\/30-jahre-bauernherbst\\\/#breadcrumb\",\"itemListElement\":[{\"@type\":\"ListItem\",\"position\":1,\"name\":\"Startseite\",\"item\":\"https:\\\/\\\/www.salzburgerland.com\\\/de\\\/magazin\\\/\"},{\"@type\":\"ListItem\",\"position\":2,\"name\":\"Brauchtum\",\"item\":\"https:\\\/\\\/www.salzburgerland.com\\\/de\\\/magazin\\\/thema\\\/brauchtum\\\/\"},{\"@type\":\"ListItem\",\"position\":3,\"name\":\"30 Jahre Bauernherbst\"}]},{\"@type\":\"WebSite\",\"@id\":\"https:\\\/\\\/www.salzburgerland.com\\\/de\\\/magazin\\\/#website\",\"url\":\"https:\\\/\\\/www.salzburgerland.com\\\/de\\\/magazin\\\/\",\"name\":\"SalzburgerLand Magazin\",\"description\":\"Geschichten und Interessantes aus dem SalzburgerLand\",\"publisher\":{\"@id\":\"https:\\\/\\\/www.salzburgerland.com\\\/de\\\/magazin\\\/#organization\"},\"potentialAction\":[{\"@type\":\"SearchAction\",\"target\":{\"@type\":\"EntryPoint\",\"urlTemplate\":\"https:\\\/\\\/www.salzburgerland.com\\\/de\\\/magazin\\\/?s={search_term_string}\"},\"query-input\":{\"@type\":\"PropertyValueSpecification\",\"valueRequired\":true,\"valueName\":\"search_term_string\"}}],\"inLanguage\":\"de\"},{\"@type\":\"Organization\",\"@id\":\"https:\\\/\\\/www.salzburgerland.com\\\/de\\\/magazin\\\/#organization\",\"name\":\"SalzburgerLand Tourismus\",\"url\":\"https:\\\/\\\/www.salzburgerland.com\\\/de\\\/magazin\\\/\",\"logo\":{\"@type\":\"ImageObject\",\"inLanguage\":\"de\",\"@id\":\"https:\\\/\\\/www.salzburgerland.com\\\/de\\\/magazin\\\/#\\\/schema\\\/logo\\\/image\\\/\",\"url\":\"https:\\\/\\\/www.salzburgerland.com\\\/de\\\/magazin\\\/wp-content\\\/uploads\\\/2019\\\/06\\\/salzburgerland-logo1.jpg\",\"contentUrl\":\"https:\\\/\\\/www.salzburgerland.com\\\/de\\\/magazin\\\/wp-content\\\/uploads\\\/2019\\\/06\\\/salzburgerland-logo1.jpg\",\"width\":2011,\"height\":866,\"caption\":\"SalzburgerLand Tourismus\"},\"image\":{\"@id\":\"https:\\\/\\\/www.salzburgerland.com\\\/de\\\/magazin\\\/#\\\/schema\\\/logo\\\/image\\\/\"},\"sameAs\":[\"https:\\\/\\\/www.facebook.com\\\/salzburgerland\\\/\",\"https:\\\/\\\/x.com\\\/Salzburgerland\",\"https:\\\/\\\/www.instagram.com\\\/salzburgerland\\\/\",\"https:\\\/\\\/at.linkedin.com\\\/company\\\/salzburgerland-tourismus-gmbh\",\"https:\\\/\\\/www.pinterest.at\\\/salzburgerland\\\/\",\"https:\\\/\\\/www.youtube.com\\\/user\\\/salzburgerland\",\"https:\\\/\\\/de.wikipedia.org\\\/wiki\\\/SalzburgerLand_Tourismus_GmbH\"]},{\"@type\":\"Person\",\"@id\":\"https:\\\/\\\/www.salzburgerland.com\\\/de\\\/magazin\\\/#\\\/schema\\\/person\\\/8871c7c764fce6ea66752310e7fe9e98\",\"name\":\"Heiko Mandl\",\"description\":\"Heiko Mandl, geboren 1976 in Salzburg, ist durch den Journalismus zur Fotografie gekommen und ist seit zehn Jahren als selbstst\u00e4ndiger Fotograf und Autor in Salzburg t\u00e4tig. Schon von Kindheit an haben ihn die Berge vor seiner Haust\u00fcr fasziniert. Heute z\u00e4hlen sie unter anderem zu seinem Arbeitsplatz. Er arbeitet f\u00fcr internationale Outdoor- und Reisemagazine sowie zahlreiche Firmen und Agenturen. Luxushotel oder Almh\u00fctte: Ich kann beides genie\u00dfen und ich gehe das nach dem Motto: Alles zur richtigen Zeit und zur passenden Gelegenheit an. Wandern oder Laufen: Auf jeden Fall wandern, ist gem\u00fctlicher und man kann sich mehr auf die Umgebung konzentrieren. Golfplatz oder Klettergarten: Klettergarten, zumindest noch die n\u00e4chsten 20 Jahre. Fr\u00fchling, sommer, herbst oder Winter? Fr\u00fchling und Sommer und Herbst und Winter! Im SalzburgerLand ist es das ganze Jahr traumhaft sch\u00f6n. Wellness oder Mountainbike? Zuerst eine Runde mit dem Mountainbike und dann ab in den Wellnesstempel. Das eine schlie\u00dft das andere nicht aus!\",\"url\":\"https:\\\/\\\/www.salzburgerland.com\\\/de\\\/magazin\\\/author\\\/heiko-mandl\\\/\"}]}<\/script>\n<!-- \/ Yoast SEO Premium plugin. -->","yoast_head_json":{"title":"30 Jahre Bauernherbst - SalzburgerLand Magazin","robots":{"index":"index","follow":"follow","max-snippet":"max-snippet:-1","max-image-preview":"max-image-preview:large","max-video-preview":"max-video-preview:-1"},"canonical":"https:\/\/www.salzburgerland.com\/de\/magazin\/30-jahre-bauernherbst\/","og_locale":"de_DE","og_type":"article","og_title":"30 Jahre Bauernherbst","og_description":"Zum 30-j\u00e4hrigen Jubil\u00e4um wird vom 23. August bis 31. Oktober 2025 in 76 Orten besonders klangvoll gefeiert. Das Er\u00f6ffnungsfest setzt den glanzvollen Startschuss f\u00fcr 30 Jahre Bauernherbst. In Dorfgastein wird dabei der Bauernherbst gemeinsam mit den fr\u00fcheren Er\u00f6ffnungsorten gefeiert. Sie pr\u00e4sentieren zusammen die Bauernherbst-Mottos der letzten 30 Jahre und zeigen das im ganzen SalzburgerLand erlebbare [&hellip;]","og_url":"https:\/\/www.salzburgerland.com\/de\/magazin\/30-jahre-bauernherbst\/","og_site_name":"SalzburgerLand Magazin","article_publisher":"https:\/\/www.facebook.com\/salzburgerland\/","article_published_time":"2025-08-14T05:13:53+00:00","article_modified_time":"2025-08-14T05:14:45+00:00","og_image":[{"width":2000,"height":1465,"url":"https:\/\/www.salzburgerland.com\/de\/magazin\/wp-content\/uploads\/2025\/08\/RS335_10094-1010_Bauernherbst_A11__058-1-lpr.jpg","type":"image\/jpeg"}],"author":"Heiko Mandl","twitter_card":"summary_large_image","twitter_creator":"@Salzburgerland","twitter_site":"@Salzburgerland","twitter_misc":{"Verfasst von":"Heiko Mandl","Gesch\u00e4tzte Lesezeit":"3\u00a0Minuten"},"schema":{"@context":"https:\/\/schema.org","@graph":[{"@type":"Article","@id":"https:\/\/www.salzburgerland.com\/de\/magazin\/30-jahre-bauernherbst\/#article","isPartOf":{"@id":"https:\/\/www.salzburgerland.com\/de\/magazin\/30-jahre-bauernherbst\/"},"author":{"name":"Heiko Mandl","@id":"https:\/\/www.salzburgerland.com\/de\/magazin\/#\/schema\/person\/8871c7c764fce6ea66752310e7fe9e98"},"headline":"30 Jahre Bauernherbst","datePublished":"2025-08-14T05:13:53+00:00","dateModified":"2025-08-14T05:14:45+00:00","mainEntityOfPage":{"@id":"https:\/\/www.salzburgerland.com\/de\/magazin\/30-jahre-bauernherbst\/"},"wordCount":309,"publisher":{"@id":"https:\/\/www.salzburgerland.com\/de\/magazin\/#organization"},"image":{"@id":"https:\/\/www.salzburgerland.com\/de\/magazin\/30-jahre-bauernherbst\/#primaryimage"},"thumbnailUrl":"https:\/\/www.salzburgerland.com\/de\/magazin\/wp-content\/uploads\/2025\/08\/RS335_10094-1010_Bauernherbst_A11__058-1-lpr.jpg","keywords":["Bauernherbst","Brauchtum","Dorfgastein","Jubil\u00e4um","Kulinarik"],"articleSection":["Brauchtum"],"inLanguage":"de"},{"@type":"WebPage","@id":"https:\/\/www.salzburgerland.com\/de\/magazin\/30-jahre-bauernherbst\/","url":"https:\/\/www.salzburgerland.com\/de\/magazin\/30-jahre-bauernherbst\/","name":"30 Jahre Bauernherbst - SalzburgerLand Magazin","isPartOf":{"@id":"https:\/\/www.salzburgerland.com\/de\/magazin\/#website"},"primaryImageOfPage":{"@id":"https:\/\/www.salzburgerland.com\/de\/magazin\/30-jahre-bauernherbst\/#primaryimage"},"image":{"@id":"https:\/\/www.salzburgerland.com\/de\/magazin\/30-jahre-bauernherbst\/#primaryimage"},"thumbnailUrl":"https:\/\/www.salzburgerland.com\/de\/magazin\/wp-content\/uploads\/2025\/08\/RS335_10094-1010_Bauernherbst_A11__058-1-lpr.jpg","datePublished":"2025-08-14T05:13:53+00:00","dateModified":"2025-08-14T05:14:45+00:00","breadcrumb":{"@id":"https:\/\/www.salzburgerland.com\/de\/magazin\/30-jahre-bauernherbst\/#breadcrumb"},"inLanguage":"de","potentialAction":[{"@type":"ReadAction","target":["https:\/\/www.salzburgerland.com\/de\/magazin\/30-jahre-bauernherbst\/"]}]},{"@type":"ImageObject","inLanguage":"de","@id":"https:\/\/www.salzburgerland.com\/de\/magazin\/30-jahre-bauernherbst\/#primaryimage","url":"https:\/\/www.salzburgerland.com\/de\/magazin\/wp-content\/uploads\/2025\/08\/RS335_10094-1010_Bauernherbst_A11__058-1-lpr.jpg","contentUrl":"https:\/\/www.salzburgerland.com\/de\/magazin\/wp-content\/uploads\/2025\/08\/RS335_10094-1010_Bauernherbst_A11__058-1-lpr.jpg","width":2000,"height":1465,"caption":"Kinder in traditioneller \u00f6sterreichischer Tracht f\u00fchren einen Volkstanz auf, als Der Bauernherbst in Dorfgastein Jubil\u00e4um feiert."},{"@type":"BreadcrumbList","@id":"https:\/\/www.salzburgerland.com\/de\/magazin\/30-jahre-bauernherbst\/#breadcrumb","itemListElement":[{"@type":"ListItem","position":1,"name":"Startseite","item":"https:\/\/www.salzburgerland.com\/de\/magazin\/"},{"@type":"ListItem","position":2,"name":"Brauchtum","item":"https:\/\/www.salzburgerland.com\/de\/magazin\/thema\/brauchtum\/"},{"@type":"ListItem","position":3,"name":"30 Jahre Bauernherbst"}]},{"@type":"WebSite","@id":"https:\/\/www.salzburgerland.com\/de\/magazin\/#website","url":"https:\/\/www.salzburgerland.com\/de\/magazin\/","name":"SalzburgerLand Magazin","description":"Geschichten und Interessantes aus dem SalzburgerLand","publisher":{"@id":"https:\/\/www.salzburgerland.com\/de\/magazin\/#organization"},"potentialAction":[{"@type":"SearchAction","target":{"@type":"EntryPoint","urlTemplate":"https:\/\/www.salzburgerland.com\/de\/magazin\/?s={search_term_string}"},"query-input":{"@type":"PropertyValueSpecification","valueRequired":true,"valueName":"search_term_string"}}],"inLanguage":"de"},{"@type":"Organization","@id":"https:\/\/www.salzburgerland.com\/de\/magazin\/#organization","name":"SalzburgerLand Tourismus","url":"https:\/\/www.salzburgerland.com\/de\/magazin\/","logo":{"@type":"ImageObject","inLanguage":"de","@id":"https:\/\/www.salzburgerland.com\/de\/magazin\/#\/schema\/logo\/image\/","url":"https:\/\/www.salzburgerland.com\/de\/magazin\/wp-content\/uploads\/2019\/06\/salzburgerland-logo1.jpg","contentUrl":"https:\/\/www.salzburgerland.com\/de\/magazin\/wp-content\/uploads\/2019\/06\/salzburgerland-logo1.jpg","width":2011,"height":866,"caption":"SalzburgerLand Tourismus"},"image":{"@id":"https:\/\/www.salzburgerland.com\/de\/magazin\/#\/schema\/logo\/image\/"},"sameAs":["https:\/\/www.facebook.com\/salzburgerland\/","https:\/\/x.com\/Salzburgerland","https:\/\/www.instagram.com\/salzburgerland\/","https:\/\/at.linkedin.com\/company\/salzburgerland-tourismus-gmbh","https:\/\/www.pinterest.at\/salzburgerland\/","https:\/\/www.youtube.com\/user\/salzburgerland","https:\/\/de.wikipedia.org\/wiki\/SalzburgerLand_Tourismus_GmbH"]},{"@type":"Person","@id":"https:\/\/www.salzburgerland.com\/de\/magazin\/#\/schema\/person\/8871c7c764fce6ea66752310e7fe9e98","name":"Heiko Mandl","description":"Heiko Mandl, geboren 1976 in Salzburg, ist durch den Journalismus zur Fotografie gekommen und ist seit zehn Jahren als selbstst\u00e4ndiger Fotograf und Autor in Salzburg t\u00e4tig. Schon von Kindheit an haben ihn die Berge vor seiner Haust\u00fcr fasziniert. Heute z\u00e4hlen sie unter anderem zu seinem Arbeitsplatz. Er arbeitet f\u00fcr internationale Outdoor- und Reisemagazine sowie zahlreiche Firmen und Agenturen. Luxushotel oder Almh\u00fctte: Ich kann beides genie\u00dfen und ich gehe das nach dem Motto: Alles zur richtigen Zeit und zur passenden Gelegenheit an. Wandern oder Laufen: Auf jeden Fall wandern, ist gem\u00fctlicher und man kann sich mehr auf die Umgebung konzentrieren. Golfplatz oder Klettergarten: Klettergarten, zumindest noch die n\u00e4chsten 20 Jahre. Fr\u00fchling, sommer, herbst oder Winter? Fr\u00fchling und Sommer und Herbst und Winter! Im SalzburgerLand ist es das ganze Jahr traumhaft sch\u00f6n. Wellness oder Mountainbike? Zuerst eine Runde mit dem Mountainbike und dann ab in den Wellnesstempel. Das eine schlie\u00dft das andere nicht aus!","url":"https:\/\/www.salzburgerland.com\/de\/magazin\/author\/heiko-mandl\/"}]}},"_wl_alt_label":[],"wl:entity_url":"http:\/\/open.salzburgerland.com\/magazin\/post\/30-jahre-bauernherbst-184089","_links":{"self":[{"href":"https:\/\/www.salzburgerland.com\/de\/magazin\/wp-json\/wp\/v2\/posts\/184089","targetHints":{"allow":["GET"]}}],"collection":[{"href":"https:\/\/www.salzburgerland.com\/de\/magazin\/wp-json\/wp\/v2\/posts"}],"about":[{"href":"https:\/\/www.salzburgerland.com\/de\/magazin\/wp-json\/wp\/v2\/types\/post"}],"author":[{"embeddable":true,"href":"https:\/\/www.salzburgerland.com\/de\/magazin\/wp-json\/wp\/v2\/users\/10"}],"replies":[{"embeddable":true,"href":"https:\/\/www.salzburgerland.com\/de\/magazin\/wp-json\/wp\/v2\/comments?post=184089"}],"version-history":[{"count":5,"href":"https:\/\/www.salzburgerland.com\/de\/magazin\/wp-json\/wp\/v2\/posts\/184089\/revisions"}],"predecessor-version":[{"id":184098,"href":"https:\/\/www.salzburgerland.com\/de\/magazin\/wp-json\/wp\/v2\/posts\/184089\/revisions\/184098"}],"wp:featuredmedia":[{"embeddable":true,"href":"https:\/\/www.salzburgerland.com\/de\/magazin\/wp-json\/wp\/v2\/media\/184093"}],"wp:attachment":[{"href":"https:\/\/www.salzburgerland.com\/de\/magazin\/wp-json\/wp\/v2\/media?parent=184089"}],"wp:term":[{"taxonomy":"category","embeddable":true,"href":"https:\/\/www.salzburgerland.com\/de\/magazin\/wp-json\/wp\/v2\/categories?post=184089"},{"taxonomy":"post_tag","embeddable":true,"href":"https:\/\/www.salzburgerland.com\/de\/magazin\/wp-json\/wp\/v2\/tags?post=184089"},{"taxonomy":"wl_entity_type","embeddable":true,"href":"https:\/\/www.salzburgerland.com\/de\/magazin\/wp-json\/wp\/v2\/wl_entity_type?post=184089"},{"taxonomy":"monatsauswahl","embeddable":true,"href":"https:\/\/www.salzburgerland.com\/de\/magazin\/wp-json\/wp\/v2\/monatsauswahl?post=184089"}],"curies":[{"name":"wp","href":"https:\/\/api.w.org\/{rel}","templated":true}]}}