{"id":183707,"date":"2025-08-11T07:00:00","date_gmt":"2025-08-11T05:00:00","guid":{"rendered":"https:\/\/www.salzburgerland.com\/de\/magazin\/?p=183707"},"modified":"2025-07-31T07:23:45","modified_gmt":"2025-07-31T05:23:45","slug":"rezept-weizen-sauerteig-brot","status":"publish","type":"post","link":"https:\/\/www.salzburgerland.com\/de\/magazin\/rezept-weizen-sauerteig-brot\/","title":{"rendered":"Rezept Weizen-Sauerteig-Brot"},"content":{"rendered":"\n<div class=\"wp-block-slt-top topBlocks\">\n<h2 class=\"wp-block-slt-subtitle\">Im Topf aus Gusseisen gebacken<\/h2>\n\n\n\n<p class=\"wp-block-slt-intro\">Ein Sauerteig-Brot muss nicht unbedingt mit Roggenmehl gebacken werden! Ein reines Weizenbrot mit Weizensauerteig schmeckt herrlich frisch und locker.\u00a0<\/p>\n<\/div>\n\n\n\n<p>Anstelle des Backbleches kann man zum Backen des selbst gemachten Brotes einen Topf verwenden. Eine wirklich empfehlenswerte Methode! Das Brot entwickelt sich hervorragend&nbsp;im Topf \u2013 es trocknet nicht aus, man muss keine zus\u00e4tzlichen Dampf-Schwaden herstellen und die Form wird wundersch\u00f6n hoch und rund. Brot backen im Topf ist eine einfache und effektive Methode herrliche Brotlaibe zu backen.<\/p>\n\n\n\n<h2 class=\"wp-block-heading\" id=\"h-sauerteig-mit-weizen-funktioniert-das\">Sauerteig mit Weizen &#8211; funktioniert das?<\/h2>\n\n\n\n<p>Ja \u2013 man kann auch einen Sauerteig mit Weizenmehl herstellen! Als Starter-Sauerteig kann Roggensauerteig verwendet werden, dieser wird dann einfach mit Weizenmehl &#8222;weitergef\u00fcttert&#8220; oder man verwendet Weizen von Beginn an als Basis des Sauerteiges. Vier Tage dauert die Herstellung, dann hat man eine aktive Sauerteigkultur, die t\u00e4glich gepflegt werden sollte  \u2013 mit Mehl und Wasser \u201ef\u00fcttern\u201c. <\/p>\n\n\n\n<h2 class=\"wp-block-heading\" id=\"h-sauerteig-mit-weizen-herstellung-uber-vier-tage\">Sauerteig mit Weizen &#8211; Herstellung \u00fcber vier Tage<\/h2>\n\n\n\n<p><strong>Zutaten:<\/strong><\/p>\n\n\n\n<ul class=\"wp-block-list\">\n<li>Weizenmehl (insgesamt 150g)<\/li>\n\n\n\n<li>Wasser (insgesamt 150g)<\/li>\n<\/ul>\n\n\n<div class=\"mag-gallery\"><div class=\"row\"><div class=\"col-6 col-sm-4\"><figure><a class=\"thumb-container\" href=\"https:\/\/www.salzburgerland.com\/de\/magazin\/wp-content\/uploads\/2025\/07\/Weizen-Sauerteig-Herstellung_Foto-1-1280x1024.jpg\">\t<picture><source media=\"(min-width: 576px)\" srcset=\"https:\/\/www.salzburgerland.com\/de\/magazin\/wp-content\/uploads\/2025\/07\/Weizen-Sauerteig-Herstellung_Foto-1-325x209.jpg 325w, https:\/\/www.salzburgerland.com\/de\/magazin\/wp-content\/uploads\/2025\/07\/Weizen-Sauerteig-Herstellung_Foto-1-249x160.jpg 249w\"><\/source><source media=\"(min-width: 0)\" srcset=\"https:\/\/www.salzburgerland.com\/de\/magazin\/wp-content\/uploads\/2025\/07\/Weizen-Sauerteig-Herstellung_Foto-1-249x160.jpg 249w, https:\/\/www.salzburgerland.com\/de\/magazin\/wp-content\/uploads\/2025\/07\/Weizen-Sauerteig-Herstellung_Foto-1-325x209.jpg 325w\"><\/source><img decoding=\"async\" alt=\"Eine Gabel sticht in den blubbernden, aufgegangenen Brotteig in einer Sch&uuml;ssel.\" src=\"https:\/\/www.salzburgerland.com\/de\/magazin\/wp-content\/uploads\/2025\/07\/Weizen-Sauerteig-Herstellung_Foto-1.jpg\">\t<\/picture><\/a><\/figure><\/div><div class=\"col-6 col-sm-4\"><figure><a class=\"thumb-container\" href=\"https:\/\/www.salzburgerland.com\/de\/magazin\/wp-content\/uploads\/2025\/07\/Weizen-Sauerteig-Herstellung_Foto-2-1280x1024.jpg\">\t<picture><source media=\"(min-width: 576px)\" srcset=\"https:\/\/www.salzburgerland.com\/de\/magazin\/wp-content\/uploads\/2025\/07\/Weizen-Sauerteig-Herstellung_Foto-2-325x209.jpg 325w, https:\/\/www.salzburgerland.com\/de\/magazin\/wp-content\/uploads\/2025\/07\/Weizen-Sauerteig-Herstellung_Foto-2-249x160.jpg 249w\"><\/source><source media=\"(min-width: 0)\" srcset=\"https:\/\/www.salzburgerland.com\/de\/magazin\/wp-content\/uploads\/2025\/07\/Weizen-Sauerteig-Herstellung_Foto-2-249x160.jpg 249w, https:\/\/www.salzburgerland.com\/de\/magazin\/wp-content\/uploads\/2025\/07\/Weizen-Sauerteig-Herstellung_Foto-2-325x209.jpg 325w\"><\/source><img decoding=\"async\" alt=\"Eine Gabel, die den schaumigen, blubbernden Sauerteigstarter in einer wei&szlig;en Sch&uuml;ssel umr&uuml;hrt.\" src=\"https:\/\/www.salzburgerland.com\/de\/magazin\/wp-content\/uploads\/2025\/07\/Weizen-Sauerteig-Herstellung_Foto-2.jpg\">\t<\/picture><\/a><\/figure><\/div><div class=\"col-6 col-sm-4\"><figure><a class=\"thumb-container\" href=\"https:\/\/www.salzburgerland.com\/de\/magazin\/wp-content\/uploads\/2025\/07\/Weizen-Sauerteig-Herstellung_Foto-3-1280x1024.jpg\">\t<picture><source media=\"(min-width: 576px)\" srcset=\"https:\/\/www.salzburgerland.com\/de\/magazin\/wp-content\/uploads\/2025\/07\/Weizen-Sauerteig-Herstellung_Foto-3-325x209.jpg 325w, https:\/\/www.salzburgerland.com\/de\/magazin\/wp-content\/uploads\/2025\/07\/Weizen-Sauerteig-Herstellung_Foto-3-249x160.jpg 249w\"><\/source><source media=\"(min-width: 0)\" srcset=\"https:\/\/www.salzburgerland.com\/de\/magazin\/wp-content\/uploads\/2025\/07\/Weizen-Sauerteig-Herstellung_Foto-3-249x160.jpg 249w, https:\/\/www.salzburgerland.com\/de\/magazin\/wp-content\/uploads\/2025\/07\/Weizen-Sauerteig-Herstellung_Foto-3-325x209.jpg 325w\"><\/source><img decoding=\"async\" alt=\"Ein L&ouml;ffel, der einen dicken, sprudelnden Teig aus einer R&uuml;hrsch&uuml;ssel sch&ouml;pft.\" src=\"https:\/\/www.salzburgerland.com\/de\/magazin\/wp-content\/uploads\/2025\/07\/Weizen-Sauerteig-Herstellung_Foto-3.jpg\">\t<\/picture><\/a><\/figure><\/div><\/div><figcaption><\/figcaption><\/div>\n\n\n\n<p><strong>Zubereitung:<\/strong><\/p>\n\n\n\n<p>1. Tag: 50g Weizenmehl mit 50g handwarmen Wasser in einer R\u00fchrsch\u00fcssel verr\u00fchren, abgedeckt mit einem Geschirrtuch bei Zimmertemperatur ruhen lassen.<\/p>\n\n\n\n<p>2. Tag:&nbsp;50g Mehl + 50g Wasser zugeben, verr\u00fchren, abgedeckt bei Zimmertemperatur ruhen lassen<\/p>\n\n\n\n<p>3. Tag: 50g Mehl + 50g Wasser zugeben,&nbsp;verr\u00fchren, abgedeckt bei Zimmertemperatur ruhen lassen<\/p>\n\n\n\n<p>4. Tag:&nbsp;Heute ist Backtag, jetzt sind 300g Weizensauerteig in der R\u00fchrsch\u00fcssel fertig. Die ben\u00f6tige Sauerteig-Menge f\u00fcr den Brotteig entnimmt man, den Rest (Tipp: immer mind. 50g \u201eAnstellgut\u201c aufheben) \u201ef\u00fcttert\u201c man erneut mit Mehl + Wasser. Wichtig ist, dass das Verh\u00e4ltnis von Mehl zu Wasser gleich ist und beim Verr\u00fchren eine geschmeidige Masse entsteht. Wieviel Mehl und Wasser t\u00e4glich zugegeben werden ist abh\u00e4ngig davon, wie oft Brot gebacken wird und wieviel Sauerteig ben\u00f6tigt wird. Backt man beispielsweise alle paar Tage, dann kann der Sauerteig t\u00e4glich gef\u00fcttert werden \u2013 beispielsweise mit je 50g Mehl und 50g Wasser, so hat man immer gen\u00fcgend Sauerteig zum Backen und f\u00fcr das Anstellgut. Backt aber nur einmal in der Woche, dann kann der Sauerteig einmal gef\u00fcttert werden und am n\u00e4chsten Tag im K\u00fchlschrank (mit Deckel verschlossen) aufbewahrt werden. Durch die K\u00e4lte im K\u00fchlschrank wird der Sauerteig ruhig gelegt, er ist weniger aktiv. Wenn man ihn dann zum Backen ben\u00f6tigt, nimmt man den Sauerteig aus dem K\u00fchlschrank, l\u00e4sst ihn im Raum stehen, damit er Zimmertemperatur bekommt und dann kann man ihn verwenden.<\/p>\n\n\n\n<h2 class=\"wp-block-heading\" id=\"h-rezept-weizen-sauerteigbrot-im-topf-aus-gusseisen-gebacken\">Rezept Weizen-Sauerteigbrot im Topf aus Gusseisen gebacken<\/h2>\n\n\n\n<p><strong>Zutaten:<\/strong><\/p>\n\n\n\n<ul class=\"wp-block-list\">\n<li>200g Wasser<\/li>\n\n\n\n<li>ein halber W\u00fcrfel frische Hefe (ca. 20g)<\/li>\n\n\n\n<li>1 Prise Zucker (damit die Hefebakterien Nahrung haben und aktiv sind)<\/li>\n\n\n\n<li>150g Weizen-Sauerteig <\/li>\n\n\n\n<li>500g Weizenmehl (Type 700)<\/li>\n\n\n\n<li>1 Essl\u00f6ffel Salz<\/li>\n\n\n\n<li>1 Essl\u00f6ffel Oliven\u00f6l<\/li>\n<\/ul>\n\n\n\n<p><strong>Herstellung<\/strong>:<\/p>\n\n\n\n<ol class=\"wp-block-list\"><\/ol>\n\n\n\n<ol class=\"wp-block-list\">\n<li>Weizen-Sauerteig-Herstellung \u00fcber vier Tage. <\/li>\n\n\n\n<li>Das Wasser in einem Messbecher mit der Hefe und der Prise Zucker verr\u00fchren. <\/li>\n\n\n\n<li>Das Mehl mit dem Salz in einer R\u00fchrsch\u00fcssel vermengen.<\/li>\n\n\n\n<li>Oliven\u00f6l, Sauerteig und Wasser-Germ-Mischung zugeben.<\/li>\n\n\n\n<li>Alle Zutaten zu einem Teig verkneten \u2013 rund f\u00fcnf Minuten lang auf mittlerer Stufe der K\u00fcchenmaschine kneten.<\/li>\n\n\n\n<li>Den Teig mit der Hand kneten und rundwirken. Man dr\u00fcckt den Teig von au\u00dfen mit den Handfl\u00e4chen nach innen zur Mitte \u2013 so lange bis man einmal rundherum bist. Teig nochmal ruhen lassen.\u00a0<\/li>\n<\/ol>\n\n\n<div class=\"mag-gallery\"><div class=\"row\"><div class=\"col-6 col-sm-4\"><figure><a class=\"thumb-container\" href=\"https:\/\/www.salzburgerland.com\/de\/magazin\/wp-content\/uploads\/2025\/07\/Weizen-Sauerteig-Brot_Kneten_Foto-1-1-1280x1024.jpg\">\t<picture><source media=\"(min-width: 576px)\" srcset=\"https:\/\/www.salzburgerland.com\/de\/magazin\/wp-content\/uploads\/2025\/07\/Weizen-Sauerteig-Brot_Kneten_Foto-1-1-418x650.jpg 418w, https:\/\/www.salzburgerland.com\/de\/magazin\/wp-content\/uploads\/2025\/07\/Weizen-Sauerteig-Brot_Kneten_Foto-1-1-209x325.jpg 209w\"><\/source><source media=\"(min-width: 0)\" srcset=\"https:\/\/www.salzburgerland.com\/de\/magazin\/wp-content\/uploads\/2025\/07\/Weizen-Sauerteig-Brot_Kneten_Foto-1-1-209x325.jpg 209w, https:\/\/www.salzburgerland.com\/de\/magazin\/wp-content\/uploads\/2025\/07\/Weizen-Sauerteig-Brot_Kneten_Foto-1-1-418x650.jpg 418w\"><\/source><img decoding=\"async\" alt=\"Eine Hand knetet Teig auf einer bemehlten schwarzen Fl&auml;che.\" src=\"https:\/\/www.salzburgerland.com\/de\/magazin\/wp-content\/uploads\/2025\/07\/Weizen-Sauerteig-Brot_Kneten_Foto-1-1.jpg\">\t<\/picture><\/a><\/figure><\/div><div class=\"col-6 col-sm-4\"><figure><a class=\"thumb-container\" href=\"https:\/\/www.salzburgerland.com\/de\/magazin\/wp-content\/uploads\/2025\/07\/Weizen-Sauerteig-Brot_Kneten_Foto-2-1-1280x1024.jpg\">\t<picture><source media=\"(min-width: 576px)\" srcset=\"https:\/\/www.salzburgerland.com\/de\/magazin\/wp-content\/uploads\/2025\/07\/Weizen-Sauerteig-Brot_Kneten_Foto-2-1-418x650.jpg 418w, https:\/\/www.salzburgerland.com\/de\/magazin\/wp-content\/uploads\/2025\/07\/Weizen-Sauerteig-Brot_Kneten_Foto-2-1-209x325.jpg 209w\"><\/source><source media=\"(min-width: 0)\" srcset=\"https:\/\/www.salzburgerland.com\/de\/magazin\/wp-content\/uploads\/2025\/07\/Weizen-Sauerteig-Brot_Kneten_Foto-2-1-209x325.jpg 209w, https:\/\/www.salzburgerland.com\/de\/magazin\/wp-content\/uploads\/2025\/07\/Weizen-Sauerteig-Brot_Kneten_Foto-2-1-418x650.jpg 418w\"><\/source><img decoding=\"async\" alt=\"Eine Hand knetet Teig auf einer bemehlten schwarzen Fl&auml;che.\" src=\"https:\/\/www.salzburgerland.com\/de\/magazin\/wp-content\/uploads\/2025\/07\/Weizen-Sauerteig-Brot_Kneten_Foto-2-1.jpg\">\t<\/picture><\/a><\/figure><\/div><div class=\"col-6 col-sm-4\"><figure><a class=\"thumb-container\" href=\"https:\/\/www.salzburgerland.com\/de\/magazin\/wp-content\/uploads\/2025\/07\/Weizen-Sauerteig-Brot_Kneten_Foto-3-1-1280x1024.jpg\">\t<picture><source media=\"(min-width: 576px)\" srcset=\"https:\/\/www.salzburgerland.com\/de\/magazin\/wp-content\/uploads\/2025\/07\/Weizen-Sauerteig-Brot_Kneten_Foto-3-1-418x650.jpg 418w, https:\/\/www.salzburgerland.com\/de\/magazin\/wp-content\/uploads\/2025\/07\/Weizen-Sauerteig-Brot_Kneten_Foto-3-1-209x325.jpg 209w\"><\/source><source media=\"(min-width: 0)\" srcset=\"https:\/\/www.salzburgerland.com\/de\/magazin\/wp-content\/uploads\/2025\/07\/Weizen-Sauerteig-Brot_Kneten_Foto-3-1-209x325.jpg 209w, https:\/\/www.salzburgerland.com\/de\/magazin\/wp-content\/uploads\/2025\/07\/Weizen-Sauerteig-Brot_Kneten_Foto-3-1-418x650.jpg 418w\"><\/source><img decoding=\"async\" alt=\"Eine Hand knetet den Teig auf einer bemehlten Fl&auml;che.\" src=\"https:\/\/www.salzburgerland.com\/de\/magazin\/wp-content\/uploads\/2025\/07\/Weizen-Sauerteig-Brot_Kneten_Foto-3-1.jpg\">\t<\/picture><\/a><\/figure><\/div><div class=\"col-6 col-sm-4\"><figure><a class=\"thumb-container\" href=\"https:\/\/www.salzburgerland.com\/de\/magazin\/wp-content\/uploads\/2025\/07\/Weizen-Sauerteig-Brot_Kneten_Foto-4-1-1280x1024.jpg\">\t<picture><source media=\"(min-width: 576px)\" srcset=\"https:\/\/www.salzburgerland.com\/de\/magazin\/wp-content\/uploads\/2025\/07\/Weizen-Sauerteig-Brot_Kneten_Foto-4-1-418x650.jpg 418w, https:\/\/www.salzburgerland.com\/de\/magazin\/wp-content\/uploads\/2025\/07\/Weizen-Sauerteig-Brot_Kneten_Foto-4-1-209x325.jpg 209w\"><\/source><source media=\"(min-width: 0)\" srcset=\"https:\/\/www.salzburgerland.com\/de\/magazin\/wp-content\/uploads\/2025\/07\/Weizen-Sauerteig-Brot_Kneten_Foto-4-1-209x325.jpg 209w, https:\/\/www.salzburgerland.com\/de\/magazin\/wp-content\/uploads\/2025\/07\/Weizen-Sauerteig-Brot_Kneten_Foto-4-1-418x650.jpg 418w\"><\/source><img decoding=\"async\" alt=\"Eine Hand knetet Teig auf einer bemehlten schwarzen Fl&auml;che.\" src=\"https:\/\/www.salzburgerland.com\/de\/magazin\/wp-content\/uploads\/2025\/07\/Weizen-Sauerteig-Brot_Kneten_Foto-4-1.jpg\">\t<\/picture><\/a><\/figure><\/div><div class=\"col-6 col-sm-4\"><figure><a class=\"thumb-container\" href=\"https:\/\/www.salzburgerland.com\/de\/magazin\/wp-content\/uploads\/2025\/07\/Weizen-Sauerteig-Brot_Kneten_Foto-5-2-1280x1024.jpg\">\t<picture><source media=\"(min-width: 576px)\" srcset=\"https:\/\/www.salzburgerland.com\/de\/magazin\/wp-content\/uploads\/2025\/07\/Weizen-Sauerteig-Brot_Kneten_Foto-5-2-418x650.jpg 418w, https:\/\/www.salzburgerland.com\/de\/magazin\/wp-content\/uploads\/2025\/07\/Weizen-Sauerteig-Brot_Kneten_Foto-5-2-209x325.jpg 209w\"><\/source><source media=\"(min-width: 0)\" srcset=\"https:\/\/www.salzburgerland.com\/de\/magazin\/wp-content\/uploads\/2025\/07\/Weizen-Sauerteig-Brot_Kneten_Foto-5-2-209x325.jpg 209w, https:\/\/www.salzburgerland.com\/de\/magazin\/wp-content\/uploads\/2025\/07\/Weizen-Sauerteig-Brot_Kneten_Foto-5-2-418x650.jpg 418w\"><\/source><img decoding=\"async\" alt=\"Eine runde Kugel aus Brotteig auf einer bemehlten schwarzen Fl&auml;che, bereit zum Backen.\" src=\"https:\/\/www.salzburgerland.com\/de\/magazin\/wp-content\/uploads\/2025\/07\/Weizen-Sauerteig-Brot_Kneten_Foto-5-2.jpg\">\t<\/picture><\/a><\/figure><\/div><\/div><figcaption><\/figcaption><\/div>\n\n\n\n<p>7. In der Zwischenzeit den Backofen auf 220\u00b0C vorheizen &#8211; mit dem Topf und Deckel. Der Topf muss hei\u00df werden, damit er sp\u00e4ter beim Backen die Hitze bereits gespeichert hat.<\/p>\n\n\n<div class=\"mag-gallery\"><div class=\"row\"><div class=\"col-6 col-sm-4\"><figure><a class=\"thumb-container\" href=\"https:\/\/www.salzburgerland.com\/de\/magazin\/wp-content\/uploads\/2025\/07\/Weizen-Sauerteig-Kneten_6-1-1280x1024.jpg\">\t<picture><source media=\"(min-width: 576px)\" srcset=\"https:\/\/www.salzburgerland.com\/de\/magazin\/wp-content\/uploads\/2025\/07\/Weizen-Sauerteig-Kneten_6-1-418x650.jpg 418w, https:\/\/www.salzburgerland.com\/de\/magazin\/wp-content\/uploads\/2025\/07\/Weizen-Sauerteig-Kneten_6-1-209x325.jpg 209w\"><\/source><source media=\"(min-width: 0)\" srcset=\"https:\/\/www.salzburgerland.com\/de\/magazin\/wp-content\/uploads\/2025\/07\/Weizen-Sauerteig-Kneten_6-1-209x325.jpg 209w, https:\/\/www.salzburgerland.com\/de\/magazin\/wp-content\/uploads\/2025\/07\/Weizen-Sauerteig-Kneten_6-1-418x650.jpg 418w\"><\/source><img decoding=\"async\" alt=\"Eine Hand h&auml;lt eine runde, bemehlte Teigkugel &uuml;ber einen wei&szlig;en Topf mit roten Griffen.\" src=\"https:\/\/www.salzburgerland.com\/de\/magazin\/wp-content\/uploads\/2025\/07\/Weizen-Sauerteig-Kneten_6-1.jpg\">\t<\/picture><\/a><\/figure><\/div><div class=\"col-6 col-sm-4\"><figure><a class=\"thumb-container\" href=\"https:\/\/www.salzburgerland.com\/de\/magazin\/wp-content\/uploads\/2025\/07\/Weizen-Sauerteig-Brot_im-Topf-backen_1-1280x1024.jpg\">\t<picture><source media=\"(min-width: 576px)\" srcset=\"https:\/\/www.salzburgerland.com\/de\/magazin\/wp-content\/uploads\/2025\/07\/Weizen-Sauerteig-Brot_im-Topf-backen_1-325x209.jpg 325w, https:\/\/www.salzburgerland.com\/de\/magazin\/wp-content\/uploads\/2025\/07\/Weizen-Sauerteig-Brot_im-Topf-backen_1-249x160.jpg 249w\"><\/source><source media=\"(min-width: 0)\" srcset=\"https:\/\/www.salzburgerland.com\/de\/magazin\/wp-content\/uploads\/2025\/07\/Weizen-Sauerteig-Brot_im-Topf-backen_1-249x160.jpg 249w, https:\/\/www.salzburgerland.com\/de\/magazin\/wp-content\/uploads\/2025\/07\/Weizen-Sauerteig-Brot_im-Topf-backen_1-325x209.jpg 325w\"><\/source><img decoding=\"async\" alt=\"Runder Brotteig in einem mit Pergament ausgelegten Dutch Oven, bereit zum Backen.\" src=\"https:\/\/www.salzburgerland.com\/de\/magazin\/wp-content\/uploads\/2025\/07\/Weizen-Sauerteig-Brot_im-Topf-backen_1.jpg\">\t<\/picture><\/a><\/figure><\/div><div class=\"col-6 col-sm-4\"><figure><a class=\"thumb-container\" href=\"https:\/\/www.salzburgerland.com\/de\/magazin\/wp-content\/uploads\/2025\/07\/Weizen-Sauerteig-Brot_im-Topf-backen_2-1280x1024.jpg\">\t<picture><source media=\"(min-width: 576px)\" srcset=\"https:\/\/www.salzburgerland.com\/de\/magazin\/wp-content\/uploads\/2025\/07\/Weizen-Sauerteig-Brot_im-Topf-backen_2-418x650.jpg 418w, https:\/\/www.salzburgerland.com\/de\/magazin\/wp-content\/uploads\/2025\/07\/Weizen-Sauerteig-Brot_im-Topf-backen_2-209x325.jpg 209w\"><\/source><source media=\"(min-width: 0)\" srcset=\"https:\/\/www.salzburgerland.com\/de\/magazin\/wp-content\/uploads\/2025\/07\/Weizen-Sauerteig-Brot_im-Topf-backen_2-209x325.jpg 209w, https:\/\/www.salzburgerland.com\/de\/magazin\/wp-content\/uploads\/2025\/07\/Weizen-Sauerteig-Brot_im-Topf-backen_2-418x650.jpg 418w\"><\/source><img decoding=\"async\" alt=\"Ein Messer in der Hand, das einen runden Laib Teig in einer mit Pergament ausgelegten Sch&uuml;ssel einritzt.\" src=\"https:\/\/www.salzburgerland.com\/de\/magazin\/wp-content\/uploads\/2025\/07\/Weizen-Sauerteig-Brot_im-Topf-backen_2.jpg\">\t<\/picture><\/a><\/figure><\/div><div class=\"col-6 col-sm-4\"><figure><a class=\"thumb-container\" href=\"https:\/\/www.salzburgerland.com\/de\/magazin\/wp-content\/uploads\/2025\/07\/Weizen-Sauerteig-Brot_im-Topf-backen_3-1280x1024.jpg\">\t<picture><source media=\"(min-width: 576px)\" srcset=\"https:\/\/www.salzburgerland.com\/de\/magazin\/wp-content\/uploads\/2025\/07\/Weizen-Sauerteig-Brot_im-Topf-backen_3-418x650.jpg 418w, https:\/\/www.salzburgerland.com\/de\/magazin\/wp-content\/uploads\/2025\/07\/Weizen-Sauerteig-Brot_im-Topf-backen_3-209x325.jpg 209w\"><\/source><source media=\"(min-width: 0)\" srcset=\"https:\/\/www.salzburgerland.com\/de\/magazin\/wp-content\/uploads\/2025\/07\/Weizen-Sauerteig-Brot_im-Topf-backen_3-209x325.jpg 209w, https:\/\/www.salzburgerland.com\/de\/magazin\/wp-content\/uploads\/2025\/07\/Weizen-Sauerteig-Brot_im-Topf-backen_3-418x650.jpg 418w\"><\/source><img decoding=\"async\" alt=\"Eine Hand spr&uuml;ht Wasser auf den anger&uuml;hrten Brotteig in einem Topf, im Hintergrund ist ein Geschirrtuch zu sehen.\" src=\"https:\/\/www.salzburgerland.com\/de\/magazin\/wp-content\/uploads\/2025\/07\/Weizen-Sauerteig-Brot_im-Topf-backen_3.jpg\">\t<\/picture><\/a><\/figure><\/div><div class=\"col-6 col-sm-4\"><figure><a class=\"thumb-container\" href=\"https:\/\/www.salzburgerland.com\/de\/magazin\/wp-content\/uploads\/2025\/07\/Weizen-Sauerteig-Brot_im-Topf-backen_4-1280x1024.jpg\">\t<picture><source media=\"(min-width: 576px)\" srcset=\"https:\/\/www.salzburgerland.com\/de\/magazin\/wp-content\/uploads\/2025\/07\/Weizen-Sauerteig-Brot_im-Topf-backen_4-325x209.jpg 325w, https:\/\/www.salzburgerland.com\/de\/magazin\/wp-content\/uploads\/2025\/07\/Weizen-Sauerteig-Brot_im-Topf-backen_4-249x160.jpg 249w\"><\/source><source media=\"(min-width: 0)\" srcset=\"https:\/\/www.salzburgerland.com\/de\/magazin\/wp-content\/uploads\/2025\/07\/Weizen-Sauerteig-Brot_im-Topf-backen_4-249x160.jpg 249w, https:\/\/www.salzburgerland.com\/de\/magazin\/wp-content\/uploads\/2025\/07\/Weizen-Sauerteig-Brot_im-Topf-backen_4-325x209.jpg 325w\"><\/source><img decoding=\"async\" alt=\"Eine Hand hebt den Deckel eines roten holl&auml;ndischen Ofens mit frisch gebackenem, goldenem Brot darin.\" src=\"https:\/\/www.salzburgerland.com\/de\/magazin\/wp-content\/uploads\/2025\/07\/Weizen-Sauerteig-Brot_im-Topf-backen_4.jpg\">\t<\/picture><\/a><\/figure><\/div><div class=\"col-6 col-sm-4\"><figure><a class=\"thumb-container\" href=\"https:\/\/www.salzburgerland.com\/de\/magazin\/wp-content\/uploads\/2025\/07\/Weizen-Sauerteig-Brot_im-Topf-backen_5-1280x1024.jpg\">\t<picture><source media=\"(min-width: 576px)\" srcset=\"https:\/\/www.salzburgerland.com\/de\/magazin\/wp-content\/uploads\/2025\/07\/Weizen-Sauerteig-Brot_im-Topf-backen_5-325x209.jpg 325w, https:\/\/www.salzburgerland.com\/de\/magazin\/wp-content\/uploads\/2025\/07\/Weizen-Sauerteig-Brot_im-Topf-backen_5-249x160.jpg 249w\"><\/source><source media=\"(min-width: 0)\" srcset=\"https:\/\/www.salzburgerland.com\/de\/magazin\/wp-content\/uploads\/2025\/07\/Weizen-Sauerteig-Brot_im-Topf-backen_5-249x160.jpg 249w, https:\/\/www.salzburgerland.com\/de\/magazin\/wp-content\/uploads\/2025\/07\/Weizen-Sauerteig-Brot_im-Topf-backen_5-325x209.jpg 325w\"><\/source><img decoding=\"async\" alt=\"Runder, goldgelber Brotlaib mit kreuzf&ouml;rmigen Einkerbungen, der in einem roten Dutch Oven auf dem Herd gebacken wird.\" src=\"https:\/\/www.salzburgerland.com\/de\/magazin\/wp-content\/uploads\/2025\/07\/Weizen-Sauerteig-Brot_im-Topf-backen_5.jpg\">\t<\/picture><\/a><\/figure><\/div><\/div><figcaption><\/figcaption><\/div>\n\n\n\n<p>8. Das Brot mit dem Schluss nach unten mit einem Backpapier in den hei\u00dfen Topf geben, mit einem Messer einschneiden, mit Deckel 10 Minuten backen. Dann die Temperatur auf 200\u00b0C reduzieren, den Deckel abnehmen und 30 Minuten fertig backen.<\/p>\n\n\n<div class=\"mag-gallery\"><div class=\"row\"><div class=\"col-6 col-sm-4\"><figure><a class=\"thumb-container\" href=\"https:\/\/www.salzburgerland.com\/de\/magazin\/wp-content\/uploads\/2025\/07\/Weizen-Sauerteig-Brot_im-Topf-backen_fertig-gebacken-1280x1024.jpg\">\t<picture><source media=\"(min-width: 576px)\" srcset=\"https:\/\/www.salzburgerland.com\/de\/magazin\/wp-content\/uploads\/2025\/07\/Weizen-Sauerteig-Brot_im-Topf-backen_fertig-gebacken-325x209.jpg 325w, https:\/\/www.salzburgerland.com\/de\/magazin\/wp-content\/uploads\/2025\/07\/Weizen-Sauerteig-Brot_im-Topf-backen_fertig-gebacken-249x160.jpg 249w\"><\/source><source media=\"(min-width: 0)\" srcset=\"https:\/\/www.salzburgerland.com\/de\/magazin\/wp-content\/uploads\/2025\/07\/Weizen-Sauerteig-Brot_im-Topf-backen_fertig-gebacken-249x160.jpg 249w, https:\/\/www.salzburgerland.com\/de\/magazin\/wp-content\/uploads\/2025\/07\/Weizen-Sauerteig-Brot_im-Topf-backen_fertig-gebacken-325x209.jpg 325w\"><\/source><img decoding=\"async\" alt=\"Runder Brotlaib mit einem Kreuzschlitz auf der Oberseite, der auf einem schwarzen Drahtgestell abk&uuml;hlt.\" src=\"https:\/\/www.salzburgerland.com\/de\/magazin\/wp-content\/uploads\/2025\/07\/Weizen-Sauerteig-Brot_im-Topf-backen_fertig-gebacken.jpg\">\t<\/picture><\/a><\/figure><\/div><div class=\"col-6 col-sm-4\"><figure><a class=\"thumb-container\" href=\"https:\/\/www.salzburgerland.com\/de\/magazin\/wp-content\/uploads\/2025\/07\/Weizen-Sauerteig-Brot-im-Topf-aus-Gusseisen-gebacken-1280x1024.jpg\">\t<picture><source media=\"(min-width: 576px)\" srcset=\"https:\/\/www.salzburgerland.com\/de\/magazin\/wp-content\/uploads\/2025\/07\/Weizen-Sauerteig-Brot-im-Topf-aus-Gusseisen-gebacken-325x209.jpg 325w, https:\/\/www.salzburgerland.com\/de\/magazin\/wp-content\/uploads\/2025\/07\/Weizen-Sauerteig-Brot-im-Topf-aus-Gusseisen-gebacken-249x160.jpg 249w\"><\/source><source media=\"(min-width: 0)\" srcset=\"https:\/\/www.salzburgerland.com\/de\/magazin\/wp-content\/uploads\/2025\/07\/Weizen-Sauerteig-Brot-im-Topf-aus-Gusseisen-gebacken-249x160.jpg 249w, https:\/\/www.salzburgerland.com\/de\/magazin\/wp-content\/uploads\/2025\/07\/Weizen-Sauerteig-Brot-im-Topf-aus-Gusseisen-gebacken-325x209.jpg 325w\"><\/source><img decoding=\"async\" alt=\"Ein runder Laib goldbraunen Brotes in Pergamentpapier, der auf einer K&uuml;chenzeile abk&uuml;hlt.\" src=\"https:\/\/www.salzburgerland.com\/de\/magazin\/wp-content\/uploads\/2025\/07\/Weizen-Sauerteig-Brot-im-Topf-aus-Gusseisen-gebacken.jpg\">\t<\/picture><\/a><\/figure><\/div><\/div><figcaption><\/figcaption><\/div>\n\n\n\n<p>9. Nach der Backzeit (insgesamt 40 Minuten) wird das Brot aus dem Topf genommen \u2013 durch das Backpapier geht dies wirklich gut! Mithilfe der Klopfprobe wei\u00df man, ob das Brot fertig gebacken ist. Sollte es noch nicht hohl klingen, so kann man es noch ein paar Minuten ohne Topf backen.&nbsp;Bitte unbedingt abwarten, bis das Brot vollst\u00e4ndig abgek\u00fchlt ist, bevor es angeschnitten wird!<\/p>\n\n\n\n<p>Fotos: Anke Eder<\/p>\n","protected":false},"excerpt":{"rendered":"<p>Anstelle des Backbleches kann man zum Backen des selbst gemachten Brotes einen Topf verwenden. Eine wirklich empfehlenswerte Methode! Das Brot entwickelt sich hervorragend&nbsp;im Topf \u2013 es trocknet nicht aus, man muss keine zus\u00e4tzlichen Dampf-Schwaden herstellen und die Form wird wundersch\u00f6n hoch und rund. Brot backen im Topf ist eine einfache und effektive Methode herrliche Brotlaibe [&hellip;]<\/p>\n","protected":false},"author":533,"featured_media":183728,"comment_status":"closed","ping_status":"closed","sticky":false,"template":"","format":"standard","meta":{"_acf_changed":false,"wl_entities_gutenberg":"","_wl_entity_redirect_enabled":"","footnotes":""},"categories":[3],"tags":[7238,2002,7863],"wl_entity_type":[306],"monatsauswahl":[82,83,84,85,86,87,88,89,90,91,92,93],"class_list":["post-183707","post","type-post","status-publish","format-standard","has-post-thumbnail","hentry","category-essen-trinken","tag-brotbacken","tag-kulinarik","tag-sauerteig","wl_entity_type-article","monatsauswahl-monat_1","monatsauswahl-monat_2","monatsauswahl-monat_3","monatsauswahl-monat_4","monatsauswahl-monat_5","monatsauswahl-monat_6","monatsauswahl-monat_7","monatsauswahl-monat_8","monatsauswahl-monat_9","monatsauswahl-monat_10","monatsauswahl-monat_11","monatsauswahl-monat_12"],"acf":[],"yoast_head":"<!-- This site is optimized with the Yoast SEO Premium plugin v27.4 (Yoast SEO v27.4) - https:\/\/yoast.com\/product\/yoast-seo-premium-wordpress\/ -->\n<title>Rezept Weizen-Sauerteig-Brot - SalzburgerLand Magazin<\/title>\n<meta name=\"robots\" content=\"index, follow, max-snippet:-1, max-image-preview:large, max-video-preview:-1\" \/>\n<link rel=\"canonical\" href=\"https:\/\/www.salzburgerland.com\/de\/magazin\/rezept-weizen-sauerteig-brot\/\" \/>\n<meta property=\"og:locale\" content=\"de_DE\" \/>\n<meta property=\"og:type\" content=\"article\" \/>\n<meta property=\"og:title\" content=\"Rezept Weizen-Sauerteig-Brot\" \/>\n<meta property=\"og:description\" content=\"Anstelle des Backbleches kann man zum Backen des selbst gemachten Brotes einen Topf verwenden. Eine wirklich empfehlenswerte Methode! Das Brot entwickelt sich hervorragend&nbsp;im Topf \u2013 es trocknet nicht aus, man muss keine zus\u00e4tzlichen Dampf-Schwaden herstellen und die Form wird wundersch\u00f6n hoch und rund. Brot backen im Topf ist eine einfache und effektive Methode herrliche Brotlaibe [&hellip;]\" \/>\n<meta property=\"og:url\" content=\"https:\/\/www.salzburgerland.com\/de\/magazin\/rezept-weizen-sauerteig-brot\/\" \/>\n<meta property=\"og:site_name\" content=\"SalzburgerLand Magazin\" \/>\n<meta property=\"article:publisher\" content=\"https:\/\/www.facebook.com\/salzburgerland\/\" \/>\n<meta property=\"article:published_time\" content=\"2025-08-11T05:00:00+00:00\" \/>\n<meta property=\"og:image\" content=\"https:\/\/www.salzburgerland.com\/de\/magazin\/wp-content\/uploads\/2025\/07\/Weizen-Sauerteig-Brot_im-Topf-backen_4.jpg\" \/>\n\t<meta property=\"og:image:width\" content=\"800\" \/>\n\t<meta property=\"og:image:height\" content=\"699\" \/>\n\t<meta property=\"og:image:type\" content=\"image\/jpeg\" \/>\n<meta name=\"author\" content=\"Anke Eder\" \/>\n<meta name=\"twitter:card\" content=\"summary_large_image\" \/>\n<meta name=\"twitter:creator\" content=\"@Salzburgerland\" \/>\n<meta name=\"twitter:site\" content=\"@Salzburgerland\" \/>\n<meta name=\"twitter:label1\" content=\"Verfasst von\" \/>\n\t<meta name=\"twitter:data1\" content=\"Anke Eder\" \/>\n\t<meta name=\"twitter:label2\" content=\"Gesch\u00e4tzte Lesezeit\" \/>\n\t<meta name=\"twitter:data2\" content=\"7\u00a0Minuten\" \/>\n<script type=\"application\/ld+json\" class=\"yoast-schema-graph\">{\"@context\":\"https:\\\/\\\/schema.org\",\"@graph\":[{\"@type\":\"Article\",\"@id\":\"https:\\\/\\\/www.salzburgerland.com\\\/de\\\/magazin\\\/rezept-weizen-sauerteig-brot\\\/#article\",\"isPartOf\":{\"@id\":\"https:\\\/\\\/www.salzburgerland.com\\\/de\\\/magazin\\\/rezept-weizen-sauerteig-brot\\\/\"},\"author\":{\"name\":\"Anke Eder\",\"@id\":\"https:\\\/\\\/www.salzburgerland.com\\\/de\\\/magazin\\\/#\\\/schema\\\/person\\\/b4c7972a94a135bc63fe8c2dd626a26e\"},\"headline\":\"Rezept Weizen-Sauerteig-Brot\",\"datePublished\":\"2025-08-11T05:00:00+00:00\",\"mainEntityOfPage\":{\"@id\":\"https:\\\/\\\/www.salzburgerland.com\\\/de\\\/magazin\\\/rezept-weizen-sauerteig-brot\\\/\"},\"wordCount\":673,\"publisher\":{\"@id\":\"https:\\\/\\\/www.salzburgerland.com\\\/de\\\/magazin\\\/#organization\"},\"image\":{\"@id\":\"https:\\\/\\\/www.salzburgerland.com\\\/de\\\/magazin\\\/rezept-weizen-sauerteig-brot\\\/#primaryimage\"},\"thumbnailUrl\":\"https:\\\/\\\/www.salzburgerland.com\\\/de\\\/magazin\\\/wp-content\\\/uploads\\\/2025\\\/07\\\/Weizen-Sauerteig-Brot_im-Topf-backen_4.jpg\",\"keywords\":[\"Brotbacken\",\"Kulinarik\",\"Sauerteig\"],\"articleSection\":[\"Essen &amp; Trinken\"],\"inLanguage\":\"de\"},{\"@type\":\"WebPage\",\"@id\":\"https:\\\/\\\/www.salzburgerland.com\\\/de\\\/magazin\\\/rezept-weizen-sauerteig-brot\\\/\",\"url\":\"https:\\\/\\\/www.salzburgerland.com\\\/de\\\/magazin\\\/rezept-weizen-sauerteig-brot\\\/\",\"name\":\"Rezept Weizen-Sauerteig-Brot - SalzburgerLand Magazin\",\"isPartOf\":{\"@id\":\"https:\\\/\\\/www.salzburgerland.com\\\/de\\\/magazin\\\/#website\"},\"primaryImageOfPage\":{\"@id\":\"https:\\\/\\\/www.salzburgerland.com\\\/de\\\/magazin\\\/rezept-weizen-sauerteig-brot\\\/#primaryimage\"},\"image\":{\"@id\":\"https:\\\/\\\/www.salzburgerland.com\\\/de\\\/magazin\\\/rezept-weizen-sauerteig-brot\\\/#primaryimage\"},\"thumbnailUrl\":\"https:\\\/\\\/www.salzburgerland.com\\\/de\\\/magazin\\\/wp-content\\\/uploads\\\/2025\\\/07\\\/Weizen-Sauerteig-Brot_im-Topf-backen_4.jpg\",\"datePublished\":\"2025-08-11T05:00:00+00:00\",\"breadcrumb\":{\"@id\":\"https:\\\/\\\/www.salzburgerland.com\\\/de\\\/magazin\\\/rezept-weizen-sauerteig-brot\\\/#breadcrumb\"},\"inLanguage\":\"de\",\"potentialAction\":[{\"@type\":\"ReadAction\",\"target\":[\"https:\\\/\\\/www.salzburgerland.com\\\/de\\\/magazin\\\/rezept-weizen-sauerteig-brot\\\/\"]}]},{\"@type\":\"ImageObject\",\"inLanguage\":\"de\",\"@id\":\"https:\\\/\\\/www.salzburgerland.com\\\/de\\\/magazin\\\/rezept-weizen-sauerteig-brot\\\/#primaryimage\",\"url\":\"https:\\\/\\\/www.salzburgerland.com\\\/de\\\/magazin\\\/wp-content\\\/uploads\\\/2025\\\/07\\\/Weizen-Sauerteig-Brot_im-Topf-backen_4.jpg\",\"contentUrl\":\"https:\\\/\\\/www.salzburgerland.com\\\/de\\\/magazin\\\/wp-content\\\/uploads\\\/2025\\\/07\\\/Weizen-Sauerteig-Brot_im-Topf-backen_4.jpg\",\"width\":800,\"height\":699,\"caption\":\"Eine Hand hebt den Deckel eines roten holl\u00e4ndischen Ofens mit frisch gebackenem, goldenem Brot darin.\"},{\"@type\":\"BreadcrumbList\",\"@id\":\"https:\\\/\\\/www.salzburgerland.com\\\/de\\\/magazin\\\/rezept-weizen-sauerteig-brot\\\/#breadcrumb\",\"itemListElement\":[{\"@type\":\"ListItem\",\"position\":1,\"name\":\"Startseite\",\"item\":\"https:\\\/\\\/www.salzburgerland.com\\\/de\\\/magazin\\\/\"},{\"@type\":\"ListItem\",\"position\":2,\"name\":\"Essen &amp; Trinken\",\"item\":\"https:\\\/\\\/www.salzburgerland.com\\\/de\\\/magazin\\\/thema\\\/essen-trinken\\\/\"},{\"@type\":\"ListItem\",\"position\":3,\"name\":\"Rezept Weizen-Sauerteig-Brot\"}]},{\"@type\":\"WebSite\",\"@id\":\"https:\\\/\\\/www.salzburgerland.com\\\/de\\\/magazin\\\/#website\",\"url\":\"https:\\\/\\\/www.salzburgerland.com\\\/de\\\/magazin\\\/\",\"name\":\"SalzburgerLand Magazin\",\"description\":\"Geschichten und Interessantes aus dem SalzburgerLand\",\"publisher\":{\"@id\":\"https:\\\/\\\/www.salzburgerland.com\\\/de\\\/magazin\\\/#organization\"},\"potentialAction\":[{\"@type\":\"SearchAction\",\"target\":{\"@type\":\"EntryPoint\",\"urlTemplate\":\"https:\\\/\\\/www.salzburgerland.com\\\/de\\\/magazin\\\/?s={search_term_string}\"},\"query-input\":{\"@type\":\"PropertyValueSpecification\",\"valueRequired\":true,\"valueName\":\"search_term_string\"}}],\"inLanguage\":\"de\"},{\"@type\":\"Organization\",\"@id\":\"https:\\\/\\\/www.salzburgerland.com\\\/de\\\/magazin\\\/#organization\",\"name\":\"SalzburgerLand Tourismus\",\"url\":\"https:\\\/\\\/www.salzburgerland.com\\\/de\\\/magazin\\\/\",\"logo\":{\"@type\":\"ImageObject\",\"inLanguage\":\"de\",\"@id\":\"https:\\\/\\\/www.salzburgerland.com\\\/de\\\/magazin\\\/#\\\/schema\\\/logo\\\/image\\\/\",\"url\":\"https:\\\/\\\/www.salzburgerland.com\\\/de\\\/magazin\\\/wp-content\\\/uploads\\\/2019\\\/06\\\/salzburgerland-logo1.jpg\",\"contentUrl\":\"https:\\\/\\\/www.salzburgerland.com\\\/de\\\/magazin\\\/wp-content\\\/uploads\\\/2019\\\/06\\\/salzburgerland-logo1.jpg\",\"width\":2011,\"height\":866,\"caption\":\"SalzburgerLand Tourismus\"},\"image\":{\"@id\":\"https:\\\/\\\/www.salzburgerland.com\\\/de\\\/magazin\\\/#\\\/schema\\\/logo\\\/image\\\/\"},\"sameAs\":[\"https:\\\/\\\/www.facebook.com\\\/salzburgerland\\\/\",\"https:\\\/\\\/x.com\\\/Salzburgerland\",\"https:\\\/\\\/www.instagram.com\\\/salzburgerland\\\/\",\"https:\\\/\\\/at.linkedin.com\\\/company\\\/salzburgerland-tourismus-gmbh\",\"https:\\\/\\\/www.pinterest.at\\\/salzburgerland\\\/\",\"https:\\\/\\\/www.youtube.com\\\/user\\\/salzburgerland\",\"https:\\\/\\\/de.wikipedia.org\\\/wiki\\\/SalzburgerLand_Tourismus_GmbH\"]},{\"@type\":\"Person\",\"@id\":\"https:\\\/\\\/www.salzburgerland.com\\\/de\\\/magazin\\\/#\\\/schema\\\/person\\\/b4c7972a94a135bc63fe8c2dd626a26e\",\"name\":\"Anke Eder\",\"description\":\"Anke Eder hat in Salzburg Kommunikationswissenschaft studiert, lebt mit ihrer Familie im wundersch\u00f6nen Salzburger Flachgau und arbeitet als freiberufliche Autorin f\u00fcr das SalzburgerLand Magazin. Ihre Leidenschaft sind selbst gemachte Gerichte mit besten Zutaten aus der Region oder dem eigenen Garten. Als diplomierte Ern\u00e4hrungstrainerin, diplomierte Kr\u00e4uterp\u00e4dagogin und TEH-Praktikerin wei\u00df sie um die Vorz\u00fcge von selbst gemachten Gerichten, schreibt dar\u00fcber und fotografiert was sie f\u00fcr ihre Familie kocht. In ihrer Freizeit ist Anke am liebsten in den Bergen unterwegs - mit dem Rennrad oder den Wanderschuhen. F\u00fcr das SalzburgerLand Magazin entdeckt sie die sch\u00f6nsten Spots in Salzburgs.\u00a0\",\"url\":\"https:\\\/\\\/www.salzburgerland.com\\\/de\\\/magazin\\\/author\\\/anke-eder\\\/\"}]}<\/script>\n<!-- \/ Yoast SEO Premium plugin. -->","yoast_head_json":{"title":"Rezept Weizen-Sauerteig-Brot - SalzburgerLand Magazin","robots":{"index":"index","follow":"follow","max-snippet":"max-snippet:-1","max-image-preview":"max-image-preview:large","max-video-preview":"max-video-preview:-1"},"canonical":"https:\/\/www.salzburgerland.com\/de\/magazin\/rezept-weizen-sauerteig-brot\/","og_locale":"de_DE","og_type":"article","og_title":"Rezept Weizen-Sauerteig-Brot","og_description":"Anstelle des Backbleches kann man zum Backen des selbst gemachten Brotes einen Topf verwenden. Eine wirklich empfehlenswerte Methode! Das Brot entwickelt sich hervorragend&nbsp;im Topf \u2013 es trocknet nicht aus, man muss keine zus\u00e4tzlichen Dampf-Schwaden herstellen und die Form wird wundersch\u00f6n hoch und rund. Brot backen im Topf ist eine einfache und effektive Methode herrliche Brotlaibe [&hellip;]","og_url":"https:\/\/www.salzburgerland.com\/de\/magazin\/rezept-weizen-sauerteig-brot\/","og_site_name":"SalzburgerLand Magazin","article_publisher":"https:\/\/www.facebook.com\/salzburgerland\/","article_published_time":"2025-08-11T05:00:00+00:00","og_image":[{"width":800,"height":699,"url":"https:\/\/www.salzburgerland.com\/de\/magazin\/wp-content\/uploads\/2025\/07\/Weizen-Sauerteig-Brot_im-Topf-backen_4.jpg","type":"image\/jpeg"}],"author":"Anke Eder","twitter_card":"summary_large_image","twitter_creator":"@Salzburgerland","twitter_site":"@Salzburgerland","twitter_misc":{"Verfasst von":"Anke Eder","Gesch\u00e4tzte Lesezeit":"7\u00a0Minuten"},"schema":{"@context":"https:\/\/schema.org","@graph":[{"@type":"Article","@id":"https:\/\/www.salzburgerland.com\/de\/magazin\/rezept-weizen-sauerteig-brot\/#article","isPartOf":{"@id":"https:\/\/www.salzburgerland.com\/de\/magazin\/rezept-weizen-sauerteig-brot\/"},"author":{"name":"Anke Eder","@id":"https:\/\/www.salzburgerland.com\/de\/magazin\/#\/schema\/person\/b4c7972a94a135bc63fe8c2dd626a26e"},"headline":"Rezept Weizen-Sauerteig-Brot","datePublished":"2025-08-11T05:00:00+00:00","mainEntityOfPage":{"@id":"https:\/\/www.salzburgerland.com\/de\/magazin\/rezept-weizen-sauerteig-brot\/"},"wordCount":673,"publisher":{"@id":"https:\/\/www.salzburgerland.com\/de\/magazin\/#organization"},"image":{"@id":"https:\/\/www.salzburgerland.com\/de\/magazin\/rezept-weizen-sauerteig-brot\/#primaryimage"},"thumbnailUrl":"https:\/\/www.salzburgerland.com\/de\/magazin\/wp-content\/uploads\/2025\/07\/Weizen-Sauerteig-Brot_im-Topf-backen_4.jpg","keywords":["Brotbacken","Kulinarik","Sauerteig"],"articleSection":["Essen &amp; Trinken"],"inLanguage":"de"},{"@type":"WebPage","@id":"https:\/\/www.salzburgerland.com\/de\/magazin\/rezept-weizen-sauerteig-brot\/","url":"https:\/\/www.salzburgerland.com\/de\/magazin\/rezept-weizen-sauerteig-brot\/","name":"Rezept Weizen-Sauerteig-Brot - SalzburgerLand Magazin","isPartOf":{"@id":"https:\/\/www.salzburgerland.com\/de\/magazin\/#website"},"primaryImageOfPage":{"@id":"https:\/\/www.salzburgerland.com\/de\/magazin\/rezept-weizen-sauerteig-brot\/#primaryimage"},"image":{"@id":"https:\/\/www.salzburgerland.com\/de\/magazin\/rezept-weizen-sauerteig-brot\/#primaryimage"},"thumbnailUrl":"https:\/\/www.salzburgerland.com\/de\/magazin\/wp-content\/uploads\/2025\/07\/Weizen-Sauerteig-Brot_im-Topf-backen_4.jpg","datePublished":"2025-08-11T05:00:00+00:00","breadcrumb":{"@id":"https:\/\/www.salzburgerland.com\/de\/magazin\/rezept-weizen-sauerteig-brot\/#breadcrumb"},"inLanguage":"de","potentialAction":[{"@type":"ReadAction","target":["https:\/\/www.salzburgerland.com\/de\/magazin\/rezept-weizen-sauerteig-brot\/"]}]},{"@type":"ImageObject","inLanguage":"de","@id":"https:\/\/www.salzburgerland.com\/de\/magazin\/rezept-weizen-sauerteig-brot\/#primaryimage","url":"https:\/\/www.salzburgerland.com\/de\/magazin\/wp-content\/uploads\/2025\/07\/Weizen-Sauerteig-Brot_im-Topf-backen_4.jpg","contentUrl":"https:\/\/www.salzburgerland.com\/de\/magazin\/wp-content\/uploads\/2025\/07\/Weizen-Sauerteig-Brot_im-Topf-backen_4.jpg","width":800,"height":699,"caption":"Eine Hand hebt den Deckel eines roten holl\u00e4ndischen Ofens mit frisch gebackenem, goldenem Brot darin."},{"@type":"BreadcrumbList","@id":"https:\/\/www.salzburgerland.com\/de\/magazin\/rezept-weizen-sauerteig-brot\/#breadcrumb","itemListElement":[{"@type":"ListItem","position":1,"name":"Startseite","item":"https:\/\/www.salzburgerland.com\/de\/magazin\/"},{"@type":"ListItem","position":2,"name":"Essen &amp; Trinken","item":"https:\/\/www.salzburgerland.com\/de\/magazin\/thema\/essen-trinken\/"},{"@type":"ListItem","position":3,"name":"Rezept Weizen-Sauerteig-Brot"}]},{"@type":"WebSite","@id":"https:\/\/www.salzburgerland.com\/de\/magazin\/#website","url":"https:\/\/www.salzburgerland.com\/de\/magazin\/","name":"SalzburgerLand Magazin","description":"Geschichten und Interessantes aus dem SalzburgerLand","publisher":{"@id":"https:\/\/www.salzburgerland.com\/de\/magazin\/#organization"},"potentialAction":[{"@type":"SearchAction","target":{"@type":"EntryPoint","urlTemplate":"https:\/\/www.salzburgerland.com\/de\/magazin\/?s={search_term_string}"},"query-input":{"@type":"PropertyValueSpecification","valueRequired":true,"valueName":"search_term_string"}}],"inLanguage":"de"},{"@type":"Organization","@id":"https:\/\/www.salzburgerland.com\/de\/magazin\/#organization","name":"SalzburgerLand Tourismus","url":"https:\/\/www.salzburgerland.com\/de\/magazin\/","logo":{"@type":"ImageObject","inLanguage":"de","@id":"https:\/\/www.salzburgerland.com\/de\/magazin\/#\/schema\/logo\/image\/","url":"https:\/\/www.salzburgerland.com\/de\/magazin\/wp-content\/uploads\/2019\/06\/salzburgerland-logo1.jpg","contentUrl":"https:\/\/www.salzburgerland.com\/de\/magazin\/wp-content\/uploads\/2019\/06\/salzburgerland-logo1.jpg","width":2011,"height":866,"caption":"SalzburgerLand Tourismus"},"image":{"@id":"https:\/\/www.salzburgerland.com\/de\/magazin\/#\/schema\/logo\/image\/"},"sameAs":["https:\/\/www.facebook.com\/salzburgerland\/","https:\/\/x.com\/Salzburgerland","https:\/\/www.instagram.com\/salzburgerland\/","https:\/\/at.linkedin.com\/company\/salzburgerland-tourismus-gmbh","https:\/\/www.pinterest.at\/salzburgerland\/","https:\/\/www.youtube.com\/user\/salzburgerland","https:\/\/de.wikipedia.org\/wiki\/SalzburgerLand_Tourismus_GmbH"]},{"@type":"Person","@id":"https:\/\/www.salzburgerland.com\/de\/magazin\/#\/schema\/person\/b4c7972a94a135bc63fe8c2dd626a26e","name":"Anke Eder","description":"Anke Eder hat in Salzburg Kommunikationswissenschaft studiert, lebt mit ihrer Familie im wundersch\u00f6nen Salzburger Flachgau und arbeitet als freiberufliche Autorin f\u00fcr das SalzburgerLand Magazin. Ihre Leidenschaft sind selbst gemachte Gerichte mit besten Zutaten aus der Region oder dem eigenen Garten. Als diplomierte Ern\u00e4hrungstrainerin, diplomierte Kr\u00e4uterp\u00e4dagogin und TEH-Praktikerin wei\u00df sie um die Vorz\u00fcge von selbst gemachten Gerichten, schreibt dar\u00fcber und fotografiert was sie f\u00fcr ihre Familie kocht. In ihrer Freizeit ist Anke am liebsten in den Bergen unterwegs - mit dem Rennrad oder den Wanderschuhen. F\u00fcr das SalzburgerLand Magazin entdeckt sie die sch\u00f6nsten Spots in Salzburgs.\u00a0","url":"https:\/\/www.salzburgerland.com\/de\/magazin\/author\/anke-eder\/"}]}},"_wl_alt_label":[],"wl:entity_url":"http:\/\/open.salzburgerland.com\/magazin\/post\/-183707","_links":{"self":[{"href":"https:\/\/www.salzburgerland.com\/de\/magazin\/wp-json\/wp\/v2\/posts\/183707","targetHints":{"allow":["GET"]}}],"collection":[{"href":"https:\/\/www.salzburgerland.com\/de\/magazin\/wp-json\/wp\/v2\/posts"}],"about":[{"href":"https:\/\/www.salzburgerland.com\/de\/magazin\/wp-json\/wp\/v2\/types\/post"}],"author":[{"embeddable":true,"href":"https:\/\/www.salzburgerland.com\/de\/magazin\/wp-json\/wp\/v2\/users\/533"}],"replies":[{"embeddable":true,"href":"https:\/\/www.salzburgerland.com\/de\/magazin\/wp-json\/wp\/v2\/comments?post=183707"}],"version-history":[{"count":22,"href":"https:\/\/www.salzburgerland.com\/de\/magazin\/wp-json\/wp\/v2\/posts\/183707\/revisions"}],"predecessor-version":[{"id":183759,"href":"https:\/\/www.salzburgerland.com\/de\/magazin\/wp-json\/wp\/v2\/posts\/183707\/revisions\/183759"}],"wp:featuredmedia":[{"embeddable":true,"href":"https:\/\/www.salzburgerland.com\/de\/magazin\/wp-json\/wp\/v2\/media\/183728"}],"wp:attachment":[{"href":"https:\/\/www.salzburgerland.com\/de\/magazin\/wp-json\/wp\/v2\/media?parent=183707"}],"wp:term":[{"taxonomy":"category","embeddable":true,"href":"https:\/\/www.salzburgerland.com\/de\/magazin\/wp-json\/wp\/v2\/categories?post=183707"},{"taxonomy":"post_tag","embeddable":true,"href":"https:\/\/www.salzburgerland.com\/de\/magazin\/wp-json\/wp\/v2\/tags?post=183707"},{"taxonomy":"wl_entity_type","embeddable":true,"href":"https:\/\/www.salzburgerland.com\/de\/magazin\/wp-json\/wp\/v2\/wl_entity_type?post=183707"},{"taxonomy":"monatsauswahl","embeddable":true,"href":"https:\/\/www.salzburgerland.com\/de\/magazin\/wp-json\/wp\/v2\/monatsauswahl?post=183707"}],"curies":[{"name":"wp","href":"https:\/\/api.w.org\/{rel}","templated":true}]}}