{"id":183681,"date":"2025-08-13T07:00:00","date_gmt":"2025-08-13T05:00:00","guid":{"rendered":"https:\/\/www.salzburgerland.com\/de\/magazin\/?p=183681"},"modified":"2025-08-13T09:25:51","modified_gmt":"2025-08-13T07:25:51","slug":"die-zistel-vom-emathof","status":"publish","type":"post","link":"https:\/\/www.salzburgerland.com\/de\/magazin\/die-zistel-vom-emathof\/","title":{"rendered":"Die Zistel vom Emathof"},"content":{"rendered":"\n<div class=\"wp-block-slt-top topBlocks\">\n<h2 class=\"wp-block-slt-subtitle\">Der Handkorb f\u00fcrs Beeren- und Schwammerlsuchen<\/h2>\n\n\n\n<p class=\"wp-block-slt-intro\">Hans Junger aus <a href=\"https:\/\/www.salzburgerland.com\/de\/niedernsill\/veranstaltungen\" target=\"_blank\" rel=\"noreferrer noopener\">Niedernsill<\/a> beherrscht das alte Handwerk den Korbmachens noch. In seiner kleinen Werkstatt daheim am Emathof hoch \u00fcber Niedernsill fertigt er in m\u00fchevoller Handarbeit Zisteln aus Hasel und Weide zum Beerensammeln und Schwammerlsuchen. <\/p>\n<\/div>\n\n\n\n<p>Drau\u00dfen tropft der Regen vom Vordach und endlich k\u00e4mpft sich die Sonne durch die Wolken. Sie schickt helle Strahlen durchs Werkstattfenster. Drinnen knarzt der Schnitzbock leise, w\u00e4hrend Hans Junger den Haselstecken dreht, ansetzt und mit ruhiger Hand die Messerklinge ansetzt. Das einfallende Sonnenlicht zeichnet ein Schattenspiel auf seine H\u00e4nde \u2013 grob, wettergegerbt, und doch mit erstaunlich feinem Gef\u00fchl bei jedem Schnitt. Der Austragsbauer vom Emathof \u00fcber Niedernsill fertigt eine Zistel. Ein treuer Begleiter f\u00fcr den Alltag. <\/p>\n\n\n\n<figure class=\"wp-block-image size-full\"><img loading=\"lazy\" decoding=\"async\" width=\"2560\" height=\"1707\" src=\"https:\/\/www.salzburgerland.com\/de\/magazin\/wp-content\/uploads\/2025\/07\/SLT-Zistel\u00a9-Edith-Danzer-3-scaled.jpg\" alt=\"SLT Zistel\u00a9 Edith Danzer-3\" class=\"wp-image-183780\" srcset=\"https:\/\/www.salzburgerland.com\/de\/magazin\/wp-content\/uploads\/2025\/07\/SLT-Zistel\u00a9-Edith-Danzer-3-scaled.jpg 2560w, https:\/\/www.salzburgerland.com\/de\/magazin\/wp-content\/uploads\/2025\/07\/SLT-Zistel\u00a9-Edith-Danzer-3-300x200.jpg 300w, https:\/\/www.salzburgerland.com\/de\/magazin\/wp-content\/uploads\/2025\/07\/SLT-Zistel\u00a9-Edith-Danzer-3-1536x1024.jpg 1536w, https:\/\/www.salzburgerland.com\/de\/magazin\/wp-content\/uploads\/2025\/07\/SLT-Zistel\u00a9-Edith-Danzer-3-2048x1365.jpg 2048w, https:\/\/www.salzburgerland.com\/de\/magazin\/wp-content\/uploads\/2025\/07\/SLT-Zistel\u00a9-Edith-Danzer-3-825x550.jpg 825w, https:\/\/www.salzburgerland.com\/de\/magazin\/wp-content\/uploads\/2025\/07\/SLT-Zistel\u00a9-Edith-Danzer-3-600x400.jpg 600w, https:\/\/www.salzburgerland.com\/de\/magazin\/wp-content\/uploads\/2025\/07\/SLT-Zistel\u00a9-Edith-Danzer-3-1320x880.jpg 1320w, https:\/\/www.salzburgerland.com\/de\/magazin\/wp-content\/uploads\/2025\/07\/SLT-Zistel\u00a9-Edith-Danzer-3-150x100.jpg 150w\" sizes=\"auto, (max-width: 2560px) 100vw, 2560px\" \/><figcaption class=\"wp-element-caption\">\u00a9 Edith Danzer &#8211; Hans Junger am Schnitzbock mit einer halbfertigen Zistel. <\/figcaption><\/figure>\n\n\n\n<h2 class=\"wp-block-heading\" id=\"h-rippe-fur-rippe-feder-um-feder\">Rippe f\u00fcr Rippe, Feder um Feder<\/h2>\n\n\n\n<p>\u201eDie Haselrippen schnitze ich alle per Hand\u201c, sagt er, ohne vom Holz aufzublicken. \u201eDas schaut leicht aus, aber jede muss gleichm\u00e4\u00dfig werden. Sonst wird das nix beim Flechten.\u201c<\/p>\n\n\n\n<p>Die Zistel ist ein kleiner Handkorb, wie er fr\u00fcher in vielen Bauernh\u00e4usern zu finden war. Mit einem breiten Ledergurt wird sie um die H\u00fcften geschnallt. Die H\u00e4nde bleiben frei, der R\u00fccken gerade \u2013 perfekt, um \u00fcber Almb\u00f6den und durch W\u00e4lder zu streifen, auf der Suche nach Beeren, Kr\u00e4utern oder Schwammerln. Und genau daf\u00fcr machen Hans und seine Frau Maria die K\u00f6rbe: f\u00fcr den Gebrauch, nicht f\u00fcrs Regal.<\/p>\n\n\n<div class=\"mag-gallery\"><div class=\"row\"><div class=\"col-6 col-sm-4\"><figure><a class=\"thumb-container\" href=\"https:\/\/www.salzburgerland.com\/de\/magazin\/wp-content\/uploads\/2025\/07\/SLT-Zistel%C2%A9-Edith-Danzer-4-1280x1024.jpg\">\t<picture><source media=\"(min-width: 576px)\" srcset=\"https:\/\/www.salzburgerland.com\/de\/magazin\/wp-content\/uploads\/2025\/07\/SLT-Zistel&copy;-Edith-Danzer-4-325x209.jpg 325w, https:\/\/www.salzburgerland.com\/de\/magazin\/wp-content\/uploads\/2025\/07\/SLT-Zistel&copy;-Edith-Danzer-4-249x160.jpg 249w\"><\/source><source media=\"(min-width: 0)\" srcset=\"https:\/\/www.salzburgerland.com\/de\/magazin\/wp-content\/uploads\/2025\/07\/SLT-Zistel&copy;-Edith-Danzer-4-249x160.jpg 249w, https:\/\/www.salzburgerland.com\/de\/magazin\/wp-content\/uploads\/2025\/07\/SLT-Zistel&copy;-Edith-Danzer-4-325x209.jpg 325w\"><\/source><img decoding=\"async\" alt=\"\" src=\"https:\/\/www.salzburgerland.com\/de\/magazin\/wp-content\/uploads\/2025\/07\/SLT-Zistel%C2%A9-Edith-Danzer-4-scaled.jpg\">\t<\/picture><figcaption>&copy; Edith Danzer &#8211; Die Rippen werden zurechtgeschnitzt. <\/figcaption><\/a><\/figure><\/div><div class=\"col-6 col-sm-4\"><figure><a class=\"thumb-container\" href=\"https:\/\/www.salzburgerland.com\/de\/magazin\/wp-content\/uploads\/2025\/07\/SLT-Zistel%C2%A9-Edith-Danzer-15-1280x1024.jpg\">\t<picture><source media=\"(min-width: 576px)\" srcset=\"https:\/\/www.salzburgerland.com\/de\/magazin\/wp-content\/uploads\/2025\/07\/SLT-Zistel&copy;-Edith-Danzer-15-325x209.jpg 325w, https:\/\/www.salzburgerland.com\/de\/magazin\/wp-content\/uploads\/2025\/07\/SLT-Zistel&copy;-Edith-Danzer-15-249x160.jpg 249w\"><\/source><source media=\"(min-width: 0)\" srcset=\"https:\/\/www.salzburgerland.com\/de\/magazin\/wp-content\/uploads\/2025\/07\/SLT-Zistel&copy;-Edith-Danzer-15-249x160.jpg 249w, https:\/\/www.salzburgerland.com\/de\/magazin\/wp-content\/uploads\/2025\/07\/SLT-Zistel&copy;-Edith-Danzer-15-325x209.jpg 325w\"><\/source><img decoding=\"async\" alt=\"\" src=\"https:\/\/www.salzburgerland.com\/de\/magazin\/wp-content\/uploads\/2025\/07\/SLT-Zistel%C2%A9-Edith-Danzer-15-scaled.jpg\">\t<\/picture><figcaption>&copy; Edith Danzer &#8211; Die Federn werden angespitzt.<\/figcaption><\/a><\/figure><\/div><div class=\"col-6 col-sm-4\"><figure><a class=\"thumb-container\" href=\"https:\/\/www.salzburgerland.com\/de\/magazin\/wp-content\/uploads\/2025\/07\/SLT-Zistel%C2%A9-Edith-Danzer-18-1280x1024.jpg\">\t<picture><source media=\"(min-width: 576px)\" srcset=\"https:\/\/www.salzburgerland.com\/de\/magazin\/wp-content\/uploads\/2025\/07\/SLT-Zistel&copy;-Edith-Danzer-18-325x209.jpg 325w, https:\/\/www.salzburgerland.com\/de\/magazin\/wp-content\/uploads\/2025\/07\/SLT-Zistel&copy;-Edith-Danzer-18-249x160.jpg 249w\"><\/source><source media=\"(min-width: 0)\" srcset=\"https:\/\/www.salzburgerland.com\/de\/magazin\/wp-content\/uploads\/2025\/07\/SLT-Zistel&copy;-Edith-Danzer-18-249x160.jpg 249w, https:\/\/www.salzburgerland.com\/de\/magazin\/wp-content\/uploads\/2025\/07\/SLT-Zistel&copy;-Edith-Danzer-18-325x209.jpg 325w\"><\/source><img decoding=\"async\" alt=\"\" src=\"https:\/\/www.salzburgerland.com\/de\/magazin\/wp-content\/uploads\/2025\/07\/SLT-Zistel%C2%A9-Edith-Danzer-18-scaled.jpg\">\t<\/picture><figcaption>&copy; Edith Danzer &#8211; Viel hat sich Hans Junger selbst beigebracht.<\/figcaption><\/a><\/figure><\/div><\/div><figcaption><\/figcaption><\/div>\n\n\n\n<h2 class=\"wp-block-heading\" id=\"h-das-korbeln-ist-sein-grosses-hobby\">Das &#8222;K\u00f6rbeln&#8220; ist sein gro\u00dfes Hobby<\/h2>\n\n\n\n<p>\u201eFr\u00fcher hatte fast jeder so eine Zistel am Hof\u201c, sagt der 70-j\u00e4hrige Austragsbauer, der sich das Korbmachen &#8211; das &#8222;K\u00f6rbeln&#8220; &#8211; vor vielen Jahren in einem Kurs beibringen lie\u00df. \u201eMir ist\u2019s damals um die gro\u00dfen Holz- und Heuk\u00f6rbe am Hof gegangen \u2013 die wollte ich nicht wegschmei\u00dfen, sondern selber reparieren.\u201c Mit der Zeit kamen neue Formen dazu, darunter die kompakte Zistel, die sich nicht nur beim Schwammerlsuchen bew\u00e4hrt hat, sondern auch beim Kirschenpfl\u00fccken oder f\u00fcr einen schnellen Abstecher ins Beerengeb\u00fcsch. <\/p>\n\n\n<div class=\"mag-gallery\"><div class=\"row\"><div class=\"col-6 col-sm-4\"><figure><a class=\"thumb-container\" href=\"https:\/\/www.salzburgerland.com\/de\/magazin\/wp-content\/uploads\/2025\/07\/SLT-Zistel%C2%A9-Edith-Danzer-26-1280x1024.jpg\">\t<picture><source media=\"(min-width: 576px)\" srcset=\"https:\/\/www.salzburgerland.com\/de\/magazin\/wp-content\/uploads\/2025\/07\/SLT-Zistel&copy;-Edith-Danzer-26-325x209.jpg 325w, https:\/\/www.salzburgerland.com\/de\/magazin\/wp-content\/uploads\/2025\/07\/SLT-Zistel&copy;-Edith-Danzer-26-249x160.jpg 249w\"><\/source><source media=\"(min-width: 0)\" srcset=\"https:\/\/www.salzburgerland.com\/de\/magazin\/wp-content\/uploads\/2025\/07\/SLT-Zistel&copy;-Edith-Danzer-26-249x160.jpg 249w, https:\/\/www.salzburgerland.com\/de\/magazin\/wp-content\/uploads\/2025\/07\/SLT-Zistel&copy;-Edith-Danzer-26-325x209.jpg 325w\"><\/source><img decoding=\"async\" alt=\"\" src=\"https:\/\/www.salzburgerland.com\/de\/magazin\/wp-content\/uploads\/2025\/07\/SLT-Zistel%C2%A9-Edith-Danzer-26-scaled.jpg\">\t<\/picture><figcaption>&copy; Edith Danzer &#8211; Der Henkel aus einem biegsamen Fichtenast wird umwickelt.<\/figcaption><\/a><\/figure><\/div><div class=\"col-6 col-sm-4\"><figure><a class=\"thumb-container\" href=\"https:\/\/www.salzburgerland.com\/de\/magazin\/wp-content\/uploads\/2025\/07\/SLT-Zistel%C2%A9-Edith-Danzer-7-1280x1024.jpg\">\t<picture><source media=\"(min-width: 576px)\" srcset=\"https:\/\/www.salzburgerland.com\/de\/magazin\/wp-content\/uploads\/2025\/07\/SLT-Zistel&copy;-Edith-Danzer-7-325x209.jpg 325w, https:\/\/www.salzburgerland.com\/de\/magazin\/wp-content\/uploads\/2025\/07\/SLT-Zistel&copy;-Edith-Danzer-7-249x160.jpg 249w\"><\/source><source media=\"(min-width: 0)\" srcset=\"https:\/\/www.salzburgerland.com\/de\/magazin\/wp-content\/uploads\/2025\/07\/SLT-Zistel&copy;-Edith-Danzer-7-249x160.jpg 249w, https:\/\/www.salzburgerland.com\/de\/magazin\/wp-content\/uploads\/2025\/07\/SLT-Zistel&copy;-Edith-Danzer-7-325x209.jpg 325w\"><\/source><img decoding=\"async\" alt=\"\" src=\"https:\/\/www.salzburgerland.com\/de\/magazin\/wp-content\/uploads\/2025\/07\/SLT-Zistel%C2%A9-Edith-Danzer-7-scaled.jpg\">\t<\/picture><figcaption>&copy; Edith Danzer &#8211; Ein altes Handwerk f&uuml;r einen praktischen Alltagshelfer. <\/figcaption><\/a><\/figure><\/div><div class=\"col-6 col-sm-4\"><figure><a class=\"thumb-container\" href=\"https:\/\/www.salzburgerland.com\/de\/magazin\/wp-content\/uploads\/2025\/07\/Zistel-Hans-%C2%A9-Edith-Danzer-1280x1024.jpg\">\t<picture><source media=\"(min-width: 576px)\" srcset=\"https:\/\/www.salzburgerland.com\/de\/magazin\/wp-content\/uploads\/2025\/07\/Zistel-Hans-&copy;-Edith-Danzer-325x209.jpg 325w, https:\/\/www.salzburgerland.com\/de\/magazin\/wp-content\/uploads\/2025\/07\/Zistel-Hans-&copy;-Edith-Danzer-249x160.jpg 249w\"><\/source><source media=\"(min-width: 0)\" srcset=\"https:\/\/www.salzburgerland.com\/de\/magazin\/wp-content\/uploads\/2025\/07\/Zistel-Hans-&copy;-Edith-Danzer-249x160.jpg 249w, https:\/\/www.salzburgerland.com\/de\/magazin\/wp-content\/uploads\/2025\/07\/Zistel-Hans-&copy;-Edith-Danzer-325x209.jpg 325w\"><\/source><img decoding=\"async\" alt=\"\" src=\"https:\/\/www.salzburgerland.com\/de\/magazin\/wp-content\/uploads\/2025\/07\/Zistel-Hans-%C2%A9-Edith-Danzer-scaled.jpg\">\t<\/picture><figcaption>&copy; Edith Danzer &#8211; Der obere Rand wird zurechtgezwickt. <\/figcaption><\/a><\/figure><\/div><\/div><figcaption><\/figcaption><\/div>\n\n\n\n<p>Der Boden besteht aus Fichtenholz, stabil und leicht zugleich. Darauf steckt Hans die geschnitzten Rippen aus Haselnuss \u2013 sie geben der Zistel ihre Form. Zwischen den Rippen werden in stundenlanger Arbeit die Federn eingeflochten, was er im Dialekt die \u201eSoich\u201c nennt: d\u00fcnn geschnittene Weidenb\u00e4nder, biegsam gemacht durch Wasser und Geduld. Inzwischen hat er viel beim Korbmachen dazugelernt und die Zistel zur kleinen Kunstform erhoben.<\/p>\n\n\n\n<figure class=\"wp-block-image size-full\"><img loading=\"lazy\" decoding=\"async\" width=\"2560\" height=\"1707\" src=\"https:\/\/www.salzburgerland.com\/de\/magazin\/wp-content\/uploads\/2025\/07\/Zistel-Hans-\u00a9-Edith-Danzer-5-scaled.jpg\" alt=\"Zistel Hans \u00a9 Edith Danzer-5\" class=\"wp-image-183789\" srcset=\"https:\/\/www.salzburgerland.com\/de\/magazin\/wp-content\/uploads\/2025\/07\/Zistel-Hans-\u00a9-Edith-Danzer-5-scaled.jpg 2560w, https:\/\/www.salzburgerland.com\/de\/magazin\/wp-content\/uploads\/2025\/07\/Zistel-Hans-\u00a9-Edith-Danzer-5-300x200.jpg 300w, https:\/\/www.salzburgerland.com\/de\/magazin\/wp-content\/uploads\/2025\/07\/Zistel-Hans-\u00a9-Edith-Danzer-5-1536x1024.jpg 1536w, https:\/\/www.salzburgerland.com\/de\/magazin\/wp-content\/uploads\/2025\/07\/Zistel-Hans-\u00a9-Edith-Danzer-5-2048x1365.jpg 2048w, https:\/\/www.salzburgerland.com\/de\/magazin\/wp-content\/uploads\/2025\/07\/Zistel-Hans-\u00a9-Edith-Danzer-5-825x550.jpg 825w, https:\/\/www.salzburgerland.com\/de\/magazin\/wp-content\/uploads\/2025\/07\/Zistel-Hans-\u00a9-Edith-Danzer-5-600x400.jpg 600w, https:\/\/www.salzburgerland.com\/de\/magazin\/wp-content\/uploads\/2025\/07\/Zistel-Hans-\u00a9-Edith-Danzer-5-1320x880.jpg 1320w, https:\/\/www.salzburgerland.com\/de\/magazin\/wp-content\/uploads\/2025\/07\/Zistel-Hans-\u00a9-Edith-Danzer-5-150x100.jpg 150w\" sizes=\"auto, (max-width: 2560px) 100vw, 2560px\" \/><figcaption class=\"wp-element-caption\">\u00a9 Edith Danzer &#8211; Die verschiedensten Formen der Zistel. <\/figcaption><\/figure>\n\n\n\n<h2 class=\"wp-block-heading\" id=\"h-rippe-fur-rippe-ein-meisterwerk\">Rippe f\u00fcr Rippe ein Meisterwerk<\/h2>\n\n\n\n<p>\u201eA Zistel braucht a paar Stund\u2019, aber dann haltet\u2019s a Leben lang\u201c, sagt er. Maria hilft ihm bei den Feinarbeiten, vor allem beim Einflechten der Weide. W\u00e4hrend ihre Finger flink durch die Rippen tanzen, erz\u00e4hlt sie: \u201eWenn\u2019s fertig ist, gehen wir am liebsten gleich los. Schwammerlsuchen \u2013 das ist unser gemeinsamer Ausgleich.\u201c<\/p>\n\n\n\n<p>Die beiden kennen \u201eihre\u201c H\u00e4nge \u00fcber Niedernsill wie ihre Westentasche. Zwischen Moos, Gr\u00e4sern und Astwerk lugt da schon mal ein Seeinpilz hervor, Eierschwammerl oder eine Handvoll Moosbeeren. Was gesammelt wird, landet gleich in der Zistel an der H\u00fcfte &#8211; und so haben die beiden die H\u00e4nde frei f\u00fcrs H\u00e4ndchenhalten beim Heimgehen aus dem Wald. Denn das tun sie beide oft, wie Maria meint: &#8222;Eihebn damma ins eigentlich immer gern.&#8220; Und was dann frisch aus dem Wald aus der Zistel auf den Tisch kommt, ist so ehrlich wie das Handwerk, das hinter der Emat-Zistel steckt.<\/p>\n\n\n\n<figure class=\"wp-block-embed is-type-video is-provider-youtube wp-block-embed-youtube wp-embed-aspect-16-9 wp-has-aspect-ratio\"><div class=\"wp-block-embed__wrapper\">\n<iframe loading=\"lazy\" title=\"Die Zistel - Der Pinzgauer Hans Junger kann\u00b4s noch, das Fertigen einer Zistel.\" width=\"640\" height=\"360\" src=\"https:\/\/www.youtube-nocookie.com\/embed\/wYRe5TLuVsY?start=29&#038;feature=oembed\" frameborder=\"0\" allow=\"accelerometer; autoplay; clipboard-write; encrypted-media; gyroscope; picture-in-picture; web-share\" referrerpolicy=\"strict-origin-when-cross-origin\" allowfullscreen><\/iframe>\n<\/div><\/figure>\n","protected":false},"excerpt":{"rendered":"<p>Drau\u00dfen tropft der Regen vom Vordach und endlich k\u00e4mpft sich die Sonne durch die Wolken. Sie schickt helle Strahlen durchs Werkstattfenster. Drinnen knarzt der Schnitzbock leise, w\u00e4hrend Hans Junger den Haselstecken dreht, ansetzt und mit ruhiger Hand die Messerklinge ansetzt. Das einfallende Sonnenlicht zeichnet ein Schattenspiel auf seine H\u00e4nde \u2013 grob, wettergegerbt, und doch mit [&hellip;]<\/p>\n","protected":false},"author":11,"featured_media":183783,"comment_status":"closed","ping_status":"closed","sticky":false,"template":"","format":"standard","meta":{"_acf_changed":false,"wl_entities_gutenberg":"","_wl_entity_redirect_enabled":"","footnotes":""},"categories":[7553],"tags":[],"wl_entity_type":[306],"monatsauswahl":[],"class_list":["post-183681","post","type-post","status-publish","format-standard","has-post-thumbnail","hentry","category-brauchtum","wl_entity_type-article"],"acf":[],"yoast_head":"<!-- This site is optimized with the Yoast SEO Premium plugin v27.4 (Yoast SEO v27.4) - https:\/\/yoast.com\/product\/yoast-seo-premium-wordpress\/ -->\n<title>Die Zistel vom Emathof - SalzburgerLand Magazin<\/title>\n<meta name=\"robots\" content=\"index, follow, max-snippet:-1, max-image-preview:large, max-video-preview:-1\" \/>\n<link rel=\"canonical\" href=\"https:\/\/www.salzburgerland.com\/de\/magazin\/die-zistel-vom-emathof\/\" \/>\n<meta property=\"og:locale\" content=\"de_DE\" \/>\n<meta property=\"og:type\" content=\"article\" \/>\n<meta property=\"og:title\" content=\"Die Zistel vom Emathof\" \/>\n<meta property=\"og:description\" content=\"Drau\u00dfen tropft der Regen vom Vordach und endlich k\u00e4mpft sich die Sonne durch die Wolken. Sie schickt helle Strahlen durchs Werkstattfenster. Drinnen knarzt der Schnitzbock leise, w\u00e4hrend Hans Junger den Haselstecken dreht, ansetzt und mit ruhiger Hand die Messerklinge ansetzt. Das einfallende Sonnenlicht zeichnet ein Schattenspiel auf seine H\u00e4nde \u2013 grob, wettergegerbt, und doch mit [&hellip;]\" \/>\n<meta property=\"og:url\" content=\"https:\/\/www.salzburgerland.com\/de\/magazin\/die-zistel-vom-emathof\/\" \/>\n<meta property=\"og:site_name\" content=\"SalzburgerLand Magazin\" \/>\n<meta property=\"article:publisher\" content=\"https:\/\/www.facebook.com\/salzburgerland\/\" \/>\n<meta property=\"article:published_time\" content=\"2025-08-13T05:00:00+00:00\" \/>\n<meta property=\"article:modified_time\" content=\"2025-08-13T07:25:51+00:00\" \/>\n<meta property=\"og:image\" content=\"https:\/\/www.salzburgerland.com\/de\/magazin\/wp-content\/uploads\/2025\/07\/SLT-Zistel\u00a9-Edith-Danzer-11-scaled.jpg\" \/>\n\t<meta property=\"og:image:width\" content=\"2560\" \/>\n\t<meta property=\"og:image:height\" content=\"1707\" \/>\n\t<meta property=\"og:image:type\" content=\"image\/jpeg\" \/>\n<meta name=\"author\" content=\"Edith Danzer\" \/>\n<meta name=\"twitter:card\" content=\"summary_large_image\" \/>\n<meta name=\"twitter:creator\" content=\"@Salzburgerland\" \/>\n<meta name=\"twitter:site\" content=\"@Salzburgerland\" \/>\n<meta name=\"twitter:label1\" content=\"Verfasst von\" \/>\n\t<meta name=\"twitter:data1\" content=\"Edith Danzer\" \/>\n\t<meta name=\"twitter:label2\" content=\"Gesch\u00e4tzte Lesezeit\" \/>\n\t<meta name=\"twitter:data2\" content=\"6\u00a0Minuten\" \/>\n<script type=\"application\/ld+json\" class=\"yoast-schema-graph\">{\"@context\":\"https:\\\/\\\/schema.org\",\"@graph\":[{\"@type\":\"Article\",\"@id\":\"https:\\\/\\\/www.salzburgerland.com\\\/de\\\/magazin\\\/die-zistel-vom-emathof\\\/#article\",\"isPartOf\":{\"@id\":\"https:\\\/\\\/www.salzburgerland.com\\\/de\\\/magazin\\\/die-zistel-vom-emathof\\\/\"},\"author\":{\"name\":\"Edith Danzer\",\"@id\":\"https:\\\/\\\/www.salzburgerland.com\\\/de\\\/magazin\\\/#\\\/schema\\\/person\\\/79452c699c410aa31a119426313748de\"},\"headline\":\"Die Zistel vom Emathof\",\"datePublished\":\"2025-08-13T05:00:00+00:00\",\"dateModified\":\"2025-08-13T07:25:51+00:00\",\"mainEntityOfPage\":{\"@id\":\"https:\\\/\\\/www.salzburgerland.com\\\/de\\\/magazin\\\/die-zistel-vom-emathof\\\/\"},\"wordCount\":650,\"publisher\":{\"@id\":\"https:\\\/\\\/www.salzburgerland.com\\\/de\\\/magazin\\\/#organization\"},\"image\":{\"@id\":\"https:\\\/\\\/www.salzburgerland.com\\\/de\\\/magazin\\\/die-zistel-vom-emathof\\\/#primaryimage\"},\"thumbnailUrl\":\"https:\\\/\\\/www.salzburgerland.com\\\/de\\\/magazin\\\/wp-content\\\/uploads\\\/2025\\\/07\\\/SLT-Zistel\u00a9-Edith-Danzer-11-scaled.jpg\",\"articleSection\":[\"Brauchtum\"],\"inLanguage\":\"de\"},{\"@type\":\"WebPage\",\"@id\":\"https:\\\/\\\/www.salzburgerland.com\\\/de\\\/magazin\\\/die-zistel-vom-emathof\\\/\",\"url\":\"https:\\\/\\\/www.salzburgerland.com\\\/de\\\/magazin\\\/die-zistel-vom-emathof\\\/\",\"name\":\"Die Zistel vom Emathof - SalzburgerLand Magazin\",\"isPartOf\":{\"@id\":\"https:\\\/\\\/www.salzburgerland.com\\\/de\\\/magazin\\\/#website\"},\"primaryImageOfPage\":{\"@id\":\"https:\\\/\\\/www.salzburgerland.com\\\/de\\\/magazin\\\/die-zistel-vom-emathof\\\/#primaryimage\"},\"image\":{\"@id\":\"https:\\\/\\\/www.salzburgerland.com\\\/de\\\/magazin\\\/die-zistel-vom-emathof\\\/#primaryimage\"},\"thumbnailUrl\":\"https:\\\/\\\/www.salzburgerland.com\\\/de\\\/magazin\\\/wp-content\\\/uploads\\\/2025\\\/07\\\/SLT-Zistel\u00a9-Edith-Danzer-11-scaled.jpg\",\"datePublished\":\"2025-08-13T05:00:00+00:00\",\"dateModified\":\"2025-08-13T07:25:51+00:00\",\"breadcrumb\":{\"@id\":\"https:\\\/\\\/www.salzburgerland.com\\\/de\\\/magazin\\\/die-zistel-vom-emathof\\\/#breadcrumb\"},\"inLanguage\":\"de\",\"potentialAction\":[{\"@type\":\"ReadAction\",\"target\":[\"https:\\\/\\\/www.salzburgerland.com\\\/de\\\/magazin\\\/die-zistel-vom-emathof\\\/\"]}]},{\"@type\":\"ImageObject\",\"inLanguage\":\"de\",\"@id\":\"https:\\\/\\\/www.salzburgerland.com\\\/de\\\/magazin\\\/die-zistel-vom-emathof\\\/#primaryimage\",\"url\":\"https:\\\/\\\/www.salzburgerland.com\\\/de\\\/magazin\\\/wp-content\\\/uploads\\\/2025\\\/07\\\/SLT-Zistel\u00a9-Edith-Danzer-11-scaled.jpg\",\"contentUrl\":\"https:\\\/\\\/www.salzburgerland.com\\\/de\\\/magazin\\\/wp-content\\\/uploads\\\/2025\\\/07\\\/SLT-Zistel\u00a9-Edith-Danzer-11-scaled.jpg\",\"width\":2560,\"height\":1707,\"caption\":\"\u00a9 Edith Danzer - Die Zistel vom Emathof\"},{\"@type\":\"BreadcrumbList\",\"@id\":\"https:\\\/\\\/www.salzburgerland.com\\\/de\\\/magazin\\\/die-zistel-vom-emathof\\\/#breadcrumb\",\"itemListElement\":[{\"@type\":\"ListItem\",\"position\":1,\"name\":\"Startseite\",\"item\":\"https:\\\/\\\/www.salzburgerland.com\\\/de\\\/magazin\\\/\"},{\"@type\":\"ListItem\",\"position\":2,\"name\":\"Brauchtum\",\"item\":\"https:\\\/\\\/www.salzburgerland.com\\\/de\\\/magazin\\\/thema\\\/brauchtum\\\/\"},{\"@type\":\"ListItem\",\"position\":3,\"name\":\"Die Zistel vom Emathof\"}]},{\"@type\":\"WebSite\",\"@id\":\"https:\\\/\\\/www.salzburgerland.com\\\/de\\\/magazin\\\/#website\",\"url\":\"https:\\\/\\\/www.salzburgerland.com\\\/de\\\/magazin\\\/\",\"name\":\"SalzburgerLand Magazin\",\"description\":\"Geschichten und Interessantes aus dem SalzburgerLand\",\"publisher\":{\"@id\":\"https:\\\/\\\/www.salzburgerland.com\\\/de\\\/magazin\\\/#organization\"},\"potentialAction\":[{\"@type\":\"SearchAction\",\"target\":{\"@type\":\"EntryPoint\",\"urlTemplate\":\"https:\\\/\\\/www.salzburgerland.com\\\/de\\\/magazin\\\/?s={search_term_string}\"},\"query-input\":{\"@type\":\"PropertyValueSpecification\",\"valueRequired\":true,\"valueName\":\"search_term_string\"}}],\"inLanguage\":\"de\"},{\"@type\":\"Organization\",\"@id\":\"https:\\\/\\\/www.salzburgerland.com\\\/de\\\/magazin\\\/#organization\",\"name\":\"SalzburgerLand Tourismus\",\"url\":\"https:\\\/\\\/www.salzburgerland.com\\\/de\\\/magazin\\\/\",\"logo\":{\"@type\":\"ImageObject\",\"inLanguage\":\"de\",\"@id\":\"https:\\\/\\\/www.salzburgerland.com\\\/de\\\/magazin\\\/#\\\/schema\\\/logo\\\/image\\\/\",\"url\":\"https:\\\/\\\/www.salzburgerland.com\\\/de\\\/magazin\\\/wp-content\\\/uploads\\\/2019\\\/06\\\/salzburgerland-logo1.jpg\",\"contentUrl\":\"https:\\\/\\\/www.salzburgerland.com\\\/de\\\/magazin\\\/wp-content\\\/uploads\\\/2019\\\/06\\\/salzburgerland-logo1.jpg\",\"width\":2011,\"height\":866,\"caption\":\"SalzburgerLand Tourismus\"},\"image\":{\"@id\":\"https:\\\/\\\/www.salzburgerland.com\\\/de\\\/magazin\\\/#\\\/schema\\\/logo\\\/image\\\/\"},\"sameAs\":[\"https:\\\/\\\/www.facebook.com\\\/salzburgerland\\\/\",\"https:\\\/\\\/x.com\\\/Salzburgerland\",\"https:\\\/\\\/www.instagram.com\\\/salzburgerland\\\/\",\"https:\\\/\\\/at.linkedin.com\\\/company\\\/salzburgerland-tourismus-gmbh\",\"https:\\\/\\\/www.pinterest.at\\\/salzburgerland\\\/\",\"https:\\\/\\\/www.youtube.com\\\/user\\\/salzburgerland\",\"https:\\\/\\\/de.wikipedia.org\\\/wiki\\\/SalzburgerLand_Tourismus_GmbH\"]},{\"@type\":\"Person\",\"@id\":\"https:\\\/\\\/www.salzburgerland.com\\\/de\\\/magazin\\\/#\\\/schema\\\/person\\\/79452c699c410aa31a119426313748de\",\"name\":\"Edith Danzer\",\"description\":\"Seit Jahren arbeite ich als freie Redakteurin und Fotografin im SalzburgerLand. Schreiben ist f\u00fcr mich nicht blo\u00df das Erstellen eines Textes. Es ist ein Komponieren einer wundervollen Melodie, ein Malen mit Buchstaben und Worten. Ich liebe die Begegnungen mit Menschen, die mir ihre Geschichte anvertrauen. Wenn man mich sucht, bin ich entweder am Schreibtisch (der auch mal am sonnigen H\u00fcttenbankerl stehen kann) oder mit meinem Husky-M\u00e4dl Ylvi am Berg, am See oder im Wald. Ich \u2026 \u2026 in ein paar Worten. \u2022 Lieber drau\u00dfen, als drinnen. \u2022 Lieber Norden, als S\u00fcden. \u2022 Lieber Buchstaben, als Zahlen. \u2022 Lieber Schnee, als Strand. \u2022 Lieber Berg, als Tal. \u2022 Lieber Nordlichter, als S\u00fcdseezauber. \u2022 Lieber H\u00fctte, als F\u00fcnfsternschuppen. \u2022 Lieber Hund, als Katze. \u2022 Lieber grader Michl, als falscher Fufzga. \u2022 Lieber mittendurch, als drumherum \u2022 Lieber Almleben, als Couchpotato\",\"url\":\"https:\\\/\\\/www.salzburgerland.com\\\/de\\\/magazin\\\/author\\\/edith-danzer\\\/\"}]}<\/script>\n<meta property=\"og:video\" content=\"https:\/\/www.youtube.com\/embed\/wYRe5TLuVsY\" \/>\n<meta property=\"og:video:type\" content=\"text\/html\" \/>\n<meta property=\"og:video:duration\" content=\"169\" \/>\n<meta property=\"og:video:width\" content=\"480\" \/>\n<meta property=\"og:video:height\" content=\"270\" \/>\n<meta property=\"ya:ovs:adult\" content=\"false\" \/>\n<meta property=\"ya:ovs:upload_date\" content=\"2025-08-13T05:00:00+00:00\" \/>\n<meta property=\"ya:ovs:allow_embed\" content=\"true\" \/>\n<!-- \/ Yoast SEO Premium plugin. -->","yoast_head_json":{"title":"Die Zistel vom Emathof - SalzburgerLand Magazin","robots":{"index":"index","follow":"follow","max-snippet":"max-snippet:-1","max-image-preview":"max-image-preview:large","max-video-preview":"max-video-preview:-1"},"canonical":"https:\/\/www.salzburgerland.com\/de\/magazin\/die-zistel-vom-emathof\/","og_locale":"de_DE","og_type":"article","og_title":"Die Zistel vom Emathof","og_description":"Drau\u00dfen tropft der Regen vom Vordach und endlich k\u00e4mpft sich die Sonne durch die Wolken. Sie schickt helle Strahlen durchs Werkstattfenster. Drinnen knarzt der Schnitzbock leise, w\u00e4hrend Hans Junger den Haselstecken dreht, ansetzt und mit ruhiger Hand die Messerklinge ansetzt. Das einfallende Sonnenlicht zeichnet ein Schattenspiel auf seine H\u00e4nde \u2013 grob, wettergegerbt, und doch mit [&hellip;]","og_url":"https:\/\/www.salzburgerland.com\/de\/magazin\/die-zistel-vom-emathof\/","og_site_name":"SalzburgerLand Magazin","article_publisher":"https:\/\/www.facebook.com\/salzburgerland\/","article_published_time":"2025-08-13T05:00:00+00:00","article_modified_time":"2025-08-13T07:25:51+00:00","og_image":[{"width":2560,"height":1707,"url":"https:\/\/www.salzburgerland.com\/de\/magazin\/wp-content\/uploads\/2025\/07\/SLT-Zistel\u00a9-Edith-Danzer-11-scaled.jpg","type":"image\/jpeg"}],"author":"Edith Danzer","twitter_card":"summary_large_image","twitter_creator":"@Salzburgerland","twitter_site":"@Salzburgerland","twitter_misc":{"Verfasst von":"Edith Danzer","Gesch\u00e4tzte Lesezeit":"6\u00a0Minuten"},"schema":{"@context":"https:\/\/schema.org","@graph":[{"@type":"Article","@id":"https:\/\/www.salzburgerland.com\/de\/magazin\/die-zistel-vom-emathof\/#article","isPartOf":{"@id":"https:\/\/www.salzburgerland.com\/de\/magazin\/die-zistel-vom-emathof\/"},"author":{"name":"Edith Danzer","@id":"https:\/\/www.salzburgerland.com\/de\/magazin\/#\/schema\/person\/79452c699c410aa31a119426313748de"},"headline":"Die Zistel vom Emathof","datePublished":"2025-08-13T05:00:00+00:00","dateModified":"2025-08-13T07:25:51+00:00","mainEntityOfPage":{"@id":"https:\/\/www.salzburgerland.com\/de\/magazin\/die-zistel-vom-emathof\/"},"wordCount":650,"publisher":{"@id":"https:\/\/www.salzburgerland.com\/de\/magazin\/#organization"},"image":{"@id":"https:\/\/www.salzburgerland.com\/de\/magazin\/die-zistel-vom-emathof\/#primaryimage"},"thumbnailUrl":"https:\/\/www.salzburgerland.com\/de\/magazin\/wp-content\/uploads\/2025\/07\/SLT-Zistel\u00a9-Edith-Danzer-11-scaled.jpg","articleSection":["Brauchtum"],"inLanguage":"de"},{"@type":"WebPage","@id":"https:\/\/www.salzburgerland.com\/de\/magazin\/die-zistel-vom-emathof\/","url":"https:\/\/www.salzburgerland.com\/de\/magazin\/die-zistel-vom-emathof\/","name":"Die Zistel vom Emathof - SalzburgerLand Magazin","isPartOf":{"@id":"https:\/\/www.salzburgerland.com\/de\/magazin\/#website"},"primaryImageOfPage":{"@id":"https:\/\/www.salzburgerland.com\/de\/magazin\/die-zistel-vom-emathof\/#primaryimage"},"image":{"@id":"https:\/\/www.salzburgerland.com\/de\/magazin\/die-zistel-vom-emathof\/#primaryimage"},"thumbnailUrl":"https:\/\/www.salzburgerland.com\/de\/magazin\/wp-content\/uploads\/2025\/07\/SLT-Zistel\u00a9-Edith-Danzer-11-scaled.jpg","datePublished":"2025-08-13T05:00:00+00:00","dateModified":"2025-08-13T07:25:51+00:00","breadcrumb":{"@id":"https:\/\/www.salzburgerland.com\/de\/magazin\/die-zistel-vom-emathof\/#breadcrumb"},"inLanguage":"de","potentialAction":[{"@type":"ReadAction","target":["https:\/\/www.salzburgerland.com\/de\/magazin\/die-zistel-vom-emathof\/"]}]},{"@type":"ImageObject","inLanguage":"de","@id":"https:\/\/www.salzburgerland.com\/de\/magazin\/die-zistel-vom-emathof\/#primaryimage","url":"https:\/\/www.salzburgerland.com\/de\/magazin\/wp-content\/uploads\/2025\/07\/SLT-Zistel\u00a9-Edith-Danzer-11-scaled.jpg","contentUrl":"https:\/\/www.salzburgerland.com\/de\/magazin\/wp-content\/uploads\/2025\/07\/SLT-Zistel\u00a9-Edith-Danzer-11-scaled.jpg","width":2560,"height":1707,"caption":"\u00a9 Edith Danzer - Die Zistel vom Emathof"},{"@type":"BreadcrumbList","@id":"https:\/\/www.salzburgerland.com\/de\/magazin\/die-zistel-vom-emathof\/#breadcrumb","itemListElement":[{"@type":"ListItem","position":1,"name":"Startseite","item":"https:\/\/www.salzburgerland.com\/de\/magazin\/"},{"@type":"ListItem","position":2,"name":"Brauchtum","item":"https:\/\/www.salzburgerland.com\/de\/magazin\/thema\/brauchtum\/"},{"@type":"ListItem","position":3,"name":"Die Zistel vom Emathof"}]},{"@type":"WebSite","@id":"https:\/\/www.salzburgerland.com\/de\/magazin\/#website","url":"https:\/\/www.salzburgerland.com\/de\/magazin\/","name":"SalzburgerLand Magazin","description":"Geschichten und Interessantes aus dem SalzburgerLand","publisher":{"@id":"https:\/\/www.salzburgerland.com\/de\/magazin\/#organization"},"potentialAction":[{"@type":"SearchAction","target":{"@type":"EntryPoint","urlTemplate":"https:\/\/www.salzburgerland.com\/de\/magazin\/?s={search_term_string}"},"query-input":{"@type":"PropertyValueSpecification","valueRequired":true,"valueName":"search_term_string"}}],"inLanguage":"de"},{"@type":"Organization","@id":"https:\/\/www.salzburgerland.com\/de\/magazin\/#organization","name":"SalzburgerLand Tourismus","url":"https:\/\/www.salzburgerland.com\/de\/magazin\/","logo":{"@type":"ImageObject","inLanguage":"de","@id":"https:\/\/www.salzburgerland.com\/de\/magazin\/#\/schema\/logo\/image\/","url":"https:\/\/www.salzburgerland.com\/de\/magazin\/wp-content\/uploads\/2019\/06\/salzburgerland-logo1.jpg","contentUrl":"https:\/\/www.salzburgerland.com\/de\/magazin\/wp-content\/uploads\/2019\/06\/salzburgerland-logo1.jpg","width":2011,"height":866,"caption":"SalzburgerLand Tourismus"},"image":{"@id":"https:\/\/www.salzburgerland.com\/de\/magazin\/#\/schema\/logo\/image\/"},"sameAs":["https:\/\/www.facebook.com\/salzburgerland\/","https:\/\/x.com\/Salzburgerland","https:\/\/www.instagram.com\/salzburgerland\/","https:\/\/at.linkedin.com\/company\/salzburgerland-tourismus-gmbh","https:\/\/www.pinterest.at\/salzburgerland\/","https:\/\/www.youtube.com\/user\/salzburgerland","https:\/\/de.wikipedia.org\/wiki\/SalzburgerLand_Tourismus_GmbH"]},{"@type":"Person","@id":"https:\/\/www.salzburgerland.com\/de\/magazin\/#\/schema\/person\/79452c699c410aa31a119426313748de","name":"Edith Danzer","description":"Seit Jahren arbeite ich als freie Redakteurin und Fotografin im SalzburgerLand. Schreiben ist f\u00fcr mich nicht blo\u00df das Erstellen eines Textes. Es ist ein Komponieren einer wundervollen Melodie, ein Malen mit Buchstaben und Worten. Ich liebe die Begegnungen mit Menschen, die mir ihre Geschichte anvertrauen. Wenn man mich sucht, bin ich entweder am Schreibtisch (der auch mal am sonnigen H\u00fcttenbankerl stehen kann) oder mit meinem Husky-M\u00e4dl Ylvi am Berg, am See oder im Wald. Ich \u2026 \u2026 in ein paar Worten. \u2022 Lieber drau\u00dfen, als drinnen. \u2022 Lieber Norden, als S\u00fcden. \u2022 Lieber Buchstaben, als Zahlen. \u2022 Lieber Schnee, als Strand. \u2022 Lieber Berg, als Tal. \u2022 Lieber Nordlichter, als S\u00fcdseezauber. \u2022 Lieber H\u00fctte, als F\u00fcnfsternschuppen. \u2022 Lieber Hund, als Katze. \u2022 Lieber grader Michl, als falscher Fufzga. \u2022 Lieber mittendurch, als drumherum \u2022 Lieber Almleben, als Couchpotato","url":"https:\/\/www.salzburgerland.com\/de\/magazin\/author\/edith-danzer\/"}]},"og_video":"https:\/\/www.youtube.com\/embed\/wYRe5TLuVsY","og_video_type":"text\/html","og_video_duration":"169","og_video_width":"480","og_video_height":"270","ya_ovs_adult":"false","ya_ovs_upload_date":"2025-08-13T05:00:00+00:00","ya_ovs_allow_embed":"true"},"_wl_alt_label":[],"wl:entity_url":"http:\/\/open.salzburgerland.com\/magazin\/post\/die-zistel-183681","_links":{"self":[{"href":"https:\/\/www.salzburgerland.com\/de\/magazin\/wp-json\/wp\/v2\/posts\/183681","targetHints":{"allow":["GET"]}}],"collection":[{"href":"https:\/\/www.salzburgerland.com\/de\/magazin\/wp-json\/wp\/v2\/posts"}],"about":[{"href":"https:\/\/www.salzburgerland.com\/de\/magazin\/wp-json\/wp\/v2\/types\/post"}],"author":[{"embeddable":true,"href":"https:\/\/www.salzburgerland.com\/de\/magazin\/wp-json\/wp\/v2\/users\/11"}],"replies":[{"embeddable":true,"href":"https:\/\/www.salzburgerland.com\/de\/magazin\/wp-json\/wp\/v2\/comments?post=183681"}],"version-history":[{"count":5,"href":"https:\/\/www.salzburgerland.com\/de\/magazin\/wp-json\/wp\/v2\/posts\/183681\/revisions"}],"predecessor-version":[{"id":183794,"href":"https:\/\/www.salzburgerland.com\/de\/magazin\/wp-json\/wp\/v2\/posts\/183681\/revisions\/183794"}],"wp:featuredmedia":[{"embeddable":true,"href":"https:\/\/www.salzburgerland.com\/de\/magazin\/wp-json\/wp\/v2\/media\/183783"}],"wp:attachment":[{"href":"https:\/\/www.salzburgerland.com\/de\/magazin\/wp-json\/wp\/v2\/media?parent=183681"}],"wp:term":[{"taxonomy":"category","embeddable":true,"href":"https:\/\/www.salzburgerland.com\/de\/magazin\/wp-json\/wp\/v2\/categories?post=183681"},{"taxonomy":"post_tag","embeddable":true,"href":"https:\/\/www.salzburgerland.com\/de\/magazin\/wp-json\/wp\/v2\/tags?post=183681"},{"taxonomy":"wl_entity_type","embeddable":true,"href":"https:\/\/www.salzburgerland.com\/de\/magazin\/wp-json\/wp\/v2\/wl_entity_type?post=183681"},{"taxonomy":"monatsauswahl","embeddable":true,"href":"https:\/\/www.salzburgerland.com\/de\/magazin\/wp-json\/wp\/v2\/monatsauswahl?post=183681"}],"curies":[{"name":"wp","href":"https:\/\/api.w.org\/{rel}","templated":true}]}}