{"id":183646,"date":"2025-08-06T07:00:00","date_gmt":"2025-08-06T05:00:00","guid":{"rendered":"https:\/\/www.salzburgerland.com\/de\/magazin\/?p=183646"},"modified":"2025-07-31T06:37:07","modified_gmt":"2025-07-31T04:37:07","slug":"kapuzinerkresse","status":"publish","type":"post","link":"https:\/\/www.salzburgerland.com\/de\/magazin\/kapuzinerkresse\/","title":{"rendered":"Kapuzinerkresse"},"content":{"rendered":"\n<div class=\"wp-block-slt-top topBlocks\">\n<h2 class=\"wp-block-slt-subtitle\">Die Wunderpflanze aus dem Garten<\/h2>\n\n\n\n<p class=\"wp-block-slt-intro\">&#8222;Eure Nahrungsmittel sollen eure Heilmittel sein und eure Heilmittel sollen eure Nahrungsmittel sein\u201c, so sprach der griechische Arzt Hippokrates von Kos (460 bis 377 v. Chr.). Damit meinte er bestimmt auch die Kapuzinerkresse, denn die gilt als nat\u00fcrliches Antibiotikum und schmeckt hervorragend in jedem Salat!&nbsp;<\/p>\n<\/div>\n\n\n\n<p>Kr\u00e4uter sollten jeden Tag auf unseren Teller kommen und Bestandteil unserer Ern\u00e4hrung sein, denn sie st\u00e4rken unser Immunsystem und liefern wertvolle Inhaltsstoffe. Eine wunderbare Pflanze, die wir zu diesem Zweck im Sommer t\u00e4glich in unseren Speiseplan aufnehmen k\u00f6nnen, ist die Kapuzinerkresse, im Volksmund \u201eFensterguckerl\u201c genannt. Die einj\u00e4hrige Pflanze, die auch als Kletterpflanze erh\u00e4ltlich ist, kann bis zu 3 Meter hoch werden und w\u00e4chst auf normalem Gartenboden. Von April bis Mai s\u00e4t man sie ins Freiland, von Juni bis September zeigen sich die orangen, roten und gelben Bl\u00fcten.<\/p>\n\n\n\n<figure class=\"wp-block-image size-full\"><img loading=\"lazy\" decoding=\"async\" width=\"2560\" height=\"1439\" src=\"https:\/\/www.salzburgerland.com\/de\/magazin\/wp-content\/uploads\/2025\/07\/Kapuzinerkresse-im-Garten-scaled.jpg\" alt=\"Gr\u00fcne Bl\u00e4tter mit wei\u00dfen Flecken und leuchtend orangefarbene Bl\u00fcten wachsen in einem Garten neben einer Steinmauer.\" class=\"wp-image-183653\" srcset=\"https:\/\/www.salzburgerland.com\/de\/magazin\/wp-content\/uploads\/2025\/07\/Kapuzinerkresse-im-Garten-scaled.jpg 2560w, https:\/\/www.salzburgerland.com\/de\/magazin\/wp-content\/uploads\/2025\/07\/Kapuzinerkresse-im-Garten-300x169.jpg 300w, https:\/\/www.salzburgerland.com\/de\/magazin\/wp-content\/uploads\/2025\/07\/Kapuzinerkresse-im-Garten-1536x863.jpg 1536w, https:\/\/www.salzburgerland.com\/de\/magazin\/wp-content\/uploads\/2025\/07\/Kapuzinerkresse-im-Garten-2048x1151.jpg 2048w, https:\/\/www.salzburgerland.com\/de\/magazin\/wp-content\/uploads\/2025\/07\/Kapuzinerkresse-im-Garten-979x550.jpg 979w, https:\/\/www.salzburgerland.com\/de\/magazin\/wp-content\/uploads\/2025\/07\/Kapuzinerkresse-im-Garten-712x400.jpg 712w, https:\/\/www.salzburgerland.com\/de\/magazin\/wp-content\/uploads\/2025\/07\/Kapuzinerkresse-im-Garten-560x316.jpg 560w, https:\/\/www.salzburgerland.com\/de\/magazin\/wp-content\/uploads\/2025\/07\/Kapuzinerkresse-im-Garten-250x140.jpg 250w, https:\/\/www.salzburgerland.com\/de\/magazin\/wp-content\/uploads\/2025\/07\/Kapuzinerkresse-im-Garten-1320x742.jpg 1320w, https:\/\/www.salzburgerland.com\/de\/magazin\/wp-content\/uploads\/2025\/07\/Kapuzinerkresse-im-Garten-1200x675.jpg 1200w, https:\/\/www.salzburgerland.com\/de\/magazin\/wp-content\/uploads\/2025\/07\/Kapuzinerkresse-im-Garten-150x84.jpg 150w\" sizes=\"auto, (max-width: 2560px) 100vw, 2560px\" \/><figcaption class=\"wp-element-caption\">Kapuzinerkresse l\u00e4sst sich einfach in der Kr\u00e4uterspirale oder am Balkon im Blumenkisterl kultivieren. (Foto: Annke Eder)<\/figcaption><\/figure>\n\n\n\n<h2 class=\"wp-block-heading\" id=\"h-wertvolle-inhaltsstoffe\">Wertvolle Inhaltsstoffe<\/h2>\n\n\n\n<p>Aufgrund der enthaltenen Senf\u00f6le wird die Kapuzinerkresse als nat\u00fcrliches Penicillin beschrieben, da diese entz\u00fcndungshemmend, desinfizierend und wundheilend wirken. Glykoside, Schwefel, \u00e4therische \u00d6le, Vitamin C und Klees\u00e4ure sind weitere Inhaltsstoffe der Kapuzinerkresse. Au\u00dferdem wirkt sie appetitanregend. Verwendet wird die Kapuzinerkresse frisch im Salat (die Bl\u00e4tter und die Bl\u00fcten), in Essig eingelegt (Kapuzinerkresseessig) und die Knospen k\u00f6nnen als Kapernersatz dienen.<\/p>\n\n\n\n<h2 class=\"wp-block-heading\" id=\"h-rezept-kapuzinerkresse-oxymel\">Rezept Kapuzinerkresse-Oxymel<\/h2>\n\n\n\n<figure class=\"wp-block-image size-full\"><img loading=\"lazy\" decoding=\"async\" width=\"2560\" height=\"1920\" src=\"https:\/\/www.salzburgerland.com\/de\/magazin\/wp-content\/uploads\/2025\/08\/IMG_4758-scaled.jpg\" alt=\"Leuchtend orangefarbene Kapuzinerkressebl\u00fcten und gr\u00fcne Bl\u00e4tter auf einem Schneidebrett, daneben ein Messer und ein Glas mit Fl\u00fcssigkeit.\" class=\"wp-image-183695\" srcset=\"https:\/\/www.salzburgerland.com\/de\/magazin\/wp-content\/uploads\/2025\/08\/IMG_4758-scaled.jpg 2560w, https:\/\/www.salzburgerland.com\/de\/magazin\/wp-content\/uploads\/2025\/08\/IMG_4758-300x225.jpg 300w, https:\/\/www.salzburgerland.com\/de\/magazin\/wp-content\/uploads\/2025\/08\/IMG_4758-1536x1152.jpg 1536w, https:\/\/www.salzburgerland.com\/de\/magazin\/wp-content\/uploads\/2025\/08\/IMG_4758-2048x1536.jpg 2048w, https:\/\/www.salzburgerland.com\/de\/magazin\/wp-content\/uploads\/2025\/08\/IMG_4758-733x550.jpg 733w, https:\/\/www.salzburgerland.com\/de\/magazin\/wp-content\/uploads\/2025\/08\/IMG_4758-140x105.jpg 140w, https:\/\/www.salzburgerland.com\/de\/magazin\/wp-content\/uploads\/2025\/08\/IMG_4758-533x400.jpg 533w, https:\/\/www.salzburgerland.com\/de\/magazin\/wp-content\/uploads\/2025\/08\/IMG_4758-960x720.jpg 960w, https:\/\/www.salzburgerland.com\/de\/magazin\/wp-content\/uploads\/2025\/08\/IMG_4758-1320x990.jpg 1320w, https:\/\/www.salzburgerland.com\/de\/magazin\/wp-content\/uploads\/2025\/08\/IMG_4758-1200x900.jpg 1200w, https:\/\/www.salzburgerland.com\/de\/magazin\/wp-content\/uploads\/2025\/08\/IMG_4758-150x113.jpg 150w\" sizes=\"auto, (max-width: 2560px) 100vw, 2560px\" \/><figcaption class=\"wp-element-caption\">F\u00fcr selbst gemachten Kapuzinerkresse-Sauerhonig ben\u00f6tigt man nur wenige Zutaten! (Foto: Anke Eder)<\/figcaption><\/figure>\n\n\n\n<p>Der Sauerhonig (Oxymel) ist eine Kombination aus Honig, Essig und Kr\u00e4utern. Diese Rezeptur war bereits in der Antike und im Mittelalter bekannt. Oxymel unterst\u00fctzt den basischen Haushalt und wird gerne zur Unterst\u00fctzung des Immunsystems getrunken. Da kein Alkohol zum Einsatz kommt, wie bei anderen Konservierungsmethoden von Kr\u00e4utern, ist er auch f\u00fcr Kinder und Schwangere geeignet. Man kann den Sauerhonig morgens mit einem Glas Wasser trinken oder pur ein bis zwei Essl\u00f6ffel vor dem Fr\u00fchst\u00fcck.<\/p>\n\n\n<div class=\"mag-gallery\"><div class=\"row\"><div class=\"col-6 col-sm-4\"><figure><a class=\"thumb-container\" href=\"https:\/\/www.salzburgerland.com\/de\/magazin\/wp-content\/uploads\/2025\/08\/IMG_4756-1280x1024.jpg\">\t<picture><source media=\"(min-width: 576px)\" srcset=\"https:\/\/www.salzburgerland.com\/de\/magazin\/wp-content\/uploads\/2025\/08\/IMG_4756-325x209.jpg 325w, https:\/\/www.salzburgerland.com\/de\/magazin\/wp-content\/uploads\/2025\/08\/IMG_4756-249x160.jpg 249w\"><\/source><source media=\"(min-width: 0)\" srcset=\"https:\/\/www.salzburgerland.com\/de\/magazin\/wp-content\/uploads\/2025\/08\/IMG_4756-249x160.jpg 249w, https:\/\/www.salzburgerland.com\/de\/magazin\/wp-content\/uploads\/2025\/08\/IMG_4756-325x209.jpg 325w\"><\/source><img decoding=\"async\" alt=\"Schale mit Kapuzinerkressebl&uuml;ten und -bl&auml;ttern neben einem Messer, einem Glasgef&auml;&szlig; und einem Schneidebrett auf einer dunklen Arbeitsplatte.\" src=\"https:\/\/www.salzburgerland.com\/de\/magazin\/wp-content\/uploads\/2025\/08\/IMG_4756-scaled.jpg\">\t<\/picture><\/a><\/figure><\/div><div class=\"col-6 col-sm-4\"><figure><a class=\"thumb-container\" href=\"https:\/\/www.salzburgerland.com\/de\/magazin\/wp-content\/uploads\/2025\/08\/IMG_4760-1280x1024.jpg\">\t<picture><source media=\"(min-width: 576px)\" srcset=\"https:\/\/www.salzburgerland.com\/de\/magazin\/wp-content\/uploads\/2025\/08\/IMG_4760-325x209.jpg 325w, https:\/\/www.salzburgerland.com\/de\/magazin\/wp-content\/uploads\/2025\/08\/IMG_4760-249x160.jpg 249w\"><\/source><source media=\"(min-width: 0)\" srcset=\"https:\/\/www.salzburgerland.com\/de\/magazin\/wp-content\/uploads\/2025\/08\/IMG_4760-249x160.jpg 249w, https:\/\/www.salzburgerland.com\/de\/magazin\/wp-content\/uploads\/2025\/08\/IMG_4760-325x209.jpg 325w\"><\/source><img decoding=\"async\" alt=\"Gehackte gr&uuml;ne Bl&auml;tter und leuchtend orangefarbene essbare Bl&uuml;ten auf einem h&ouml;lzernen Schneidebrett.\" src=\"https:\/\/www.salzburgerland.com\/de\/magazin\/wp-content\/uploads\/2025\/08\/IMG_4760-scaled.jpg\">\t<\/picture><\/a><\/figure><\/div><div class=\"col-6 col-sm-4\"><figure><a class=\"thumb-container\" href=\"https:\/\/www.salzburgerland.com\/de\/magazin\/wp-content\/uploads\/2025\/08\/IMG_4761-1280x1024.jpg\">\t<picture><source media=\"(min-width: 576px)\" srcset=\"https:\/\/www.salzburgerland.com\/de\/magazin\/wp-content\/uploads\/2025\/08\/IMG_4761-325x209.jpg 325w, https:\/\/www.salzburgerland.com\/de\/magazin\/wp-content\/uploads\/2025\/08\/IMG_4761-249x160.jpg 249w\"><\/source><source media=\"(min-width: 0)\" srcset=\"https:\/\/www.salzburgerland.com\/de\/magazin\/wp-content\/uploads\/2025\/08\/IMG_4761-249x160.jpg 249w, https:\/\/www.salzburgerland.com\/de\/magazin\/wp-content\/uploads\/2025\/08\/IMG_4761-325x209.jpg 325w\"><\/source><img decoding=\"async\" alt=\"Ein Glas mit gehackten Kr&auml;utern mit einem L&ouml;ffel, einem Schneidebrett, einem Messer und orangefarbenen essbaren Bl&uuml;ten auf einer schwarzen Fl&auml;che.\" src=\"https:\/\/www.salzburgerland.com\/de\/magazin\/wp-content\/uploads\/2025\/08\/IMG_4761-scaled.jpg\">\t<\/picture><\/a><\/figure><\/div><\/div><figcaption><\/figcaption><\/div>\n\n\n\n<p><strong>Zutaten<\/strong>: <\/p>\n\n\n\n<ul class=\"wp-block-list\">\n<li>Honig (3 Teile, heimischen Honig aus dem SalzburgerLand)<\/li>\n\n\n\n<li>Essig (1 Teil, z.B. Apfelessig)<\/li>\n\n\n\n<li>Kapuzinerkressebl\u00e4tter und Bl\u00fcten (1 Teil, frisch gepfl\u00fcckt)<\/li>\n<\/ul>\n\n\n<div class=\"mag-gallery\"><div class=\"row\"><div class=\"col-6 col-sm-4\"><figure><a class=\"thumb-container\" href=\"https:\/\/www.salzburgerland.com\/de\/magazin\/wp-content\/uploads\/2025\/08\/IMG_4764-1280x1024.jpg\">\t<picture><source media=\"(min-width: 576px)\" srcset=\"https:\/\/www.salzburgerland.com\/de\/magazin\/wp-content\/uploads\/2025\/08\/IMG_4764-325x209.jpg 325w, https:\/\/www.salzburgerland.com\/de\/magazin\/wp-content\/uploads\/2025\/08\/IMG_4764-249x160.jpg 249w\"><\/source><source media=\"(min-width: 0)\" srcset=\"https:\/\/www.salzburgerland.com\/de\/magazin\/wp-content\/uploads\/2025\/08\/IMG_4764-249x160.jpg 249w, https:\/\/www.salzburgerland.com\/de\/magazin\/wp-content\/uploads\/2025\/08\/IMG_4764-325x209.jpg 325w\"><\/source><img decoding=\"async\" alt=\"Ein Glas mit frischen Minzbl&auml;ttern in Fl&uuml;ssigkeit mit einem L&ouml;ffel, daneben ein Schneidebrett mit Blumen und gehackten Kr&auml;utern.\" src=\"https:\/\/www.salzburgerland.com\/de\/magazin\/wp-content\/uploads\/2025\/08\/IMG_4764-scaled.jpg\">\t<\/picture><\/a><\/figure><\/div><div class=\"col-6 col-sm-4\"><figure><a class=\"thumb-container\" href=\"https:\/\/www.salzburgerland.com\/de\/magazin\/wp-content\/uploads\/2025\/08\/IMG_4766-1-1280x1024.jpg\">\t<picture><source media=\"(min-width: 576px)\" srcset=\"https:\/\/www.salzburgerland.com\/de\/magazin\/wp-content\/uploads\/2025\/08\/IMG_4766-1-325x209.jpg 325w, https:\/\/www.salzburgerland.com\/de\/magazin\/wp-content\/uploads\/2025\/08\/IMG_4766-1-249x160.jpg 249w\"><\/source><source media=\"(min-width: 0)\" srcset=\"https:\/\/www.salzburgerland.com\/de\/magazin\/wp-content\/uploads\/2025\/08\/IMG_4766-1-249x160.jpg 249w, https:\/\/www.salzburgerland.com\/de\/magazin\/wp-content\/uploads\/2025\/08\/IMG_4766-1-325x209.jpg 325w\"><\/source><img decoding=\"async\" alt=\"Ein Glas mit leuchtend orangefarbenen essbaren Blumen, ein L&ouml;ffel darin, daneben ein Messer und ein Schneidebrett.\" src=\"https:\/\/www.salzburgerland.com\/de\/magazin\/wp-content\/uploads\/2025\/08\/IMG_4766-1-scaled.jpg\">\t<\/picture><\/a><\/figure><\/div><div class=\"col-6 col-sm-4\"><figure><a class=\"thumb-container\" href=\"https:\/\/www.salzburgerland.com\/de\/magazin\/wp-content\/uploads\/2025\/08\/IMG_4768-1280x1024.jpg\">\t<picture><source media=\"(min-width: 576px)\" srcset=\"https:\/\/www.salzburgerland.com\/de\/magazin\/wp-content\/uploads\/2025\/08\/IMG_4768-325x209.jpg 325w, https:\/\/www.salzburgerland.com\/de\/magazin\/wp-content\/uploads\/2025\/08\/IMG_4768-249x160.jpg 249w\"><\/source><source media=\"(min-width: 0)\" srcset=\"https:\/\/www.salzburgerland.com\/de\/magazin\/wp-content\/uploads\/2025\/08\/IMG_4768-249x160.jpg 249w, https:\/\/www.salzburgerland.com\/de\/magazin\/wp-content\/uploads\/2025\/08\/IMG_4768-325x209.jpg 325w\"><\/source><img decoding=\"async\" alt=\"Ein Glas mit gehacktem Blattgem&uuml;se und roten St&uuml;cken, die in Fl&uuml;ssigkeit auf einer dunklen Arbeitsplatte liegen.\" src=\"https:\/\/www.salzburgerland.com\/de\/magazin\/wp-content\/uploads\/2025\/08\/IMG_4768-scaled.jpg\">\t<\/picture><\/a><\/figure><\/div><div class=\"col-6 col-sm-4\"><figure><a class=\"thumb-container\" href=\"https:\/\/www.salzburgerland.com\/de\/magazin\/wp-content\/uploads\/2025\/08\/IMG_4769-1280x1024.jpg\">\t<picture><source media=\"(min-width: 576px)\" srcset=\"https:\/\/www.salzburgerland.com\/de\/magazin\/wp-content\/uploads\/2025\/08\/IMG_4769-325x209.jpg 325w, https:\/\/www.salzburgerland.com\/de\/magazin\/wp-content\/uploads\/2025\/08\/IMG_4769-249x160.jpg 249w\"><\/source><source media=\"(min-width: 0)\" srcset=\"https:\/\/www.salzburgerland.com\/de\/magazin\/wp-content\/uploads\/2025\/08\/IMG_4769-249x160.jpg 249w, https:\/\/www.salzburgerland.com\/de\/magazin\/wp-content\/uploads\/2025\/08\/IMG_4769-325x209.jpg 325w\"><\/source><img decoding=\"async\" alt=\"Ein L&ouml;ffel in einem mit gehackten gr&uuml;nen Kr&auml;utern und Fl&uuml;ssigkeit gef&uuml;llten Glas, auf einer dunklen Fl&auml;che mit Kr&auml;uterst&uuml;cken in der N&auml;he.\" src=\"https:\/\/www.salzburgerland.com\/de\/magazin\/wp-content\/uploads\/2025\/08\/IMG_4769-scaled.jpg\">\t<\/picture><\/a><\/figure><\/div><div class=\"col-6 col-sm-4\"><figure><a class=\"thumb-container\" href=\"https:\/\/www.salzburgerland.com\/de\/magazin\/wp-content\/uploads\/2025\/08\/IMG_4770-1280x1024.jpg\">\t<picture><source media=\"(min-width: 576px)\" srcset=\"https:\/\/www.salzburgerland.com\/de\/magazin\/wp-content\/uploads\/2025\/08\/IMG_4770-325x209.jpg 325w, https:\/\/www.salzburgerland.com\/de\/magazin\/wp-content\/uploads\/2025\/08\/IMG_4770-249x160.jpg 249w\"><\/source><source media=\"(min-width: 0)\" srcset=\"https:\/\/www.salzburgerland.com\/de\/magazin\/wp-content\/uploads\/2025\/08\/IMG_4770-249x160.jpg 249w, https:\/\/www.salzburgerland.com\/de\/magazin\/wp-content\/uploads\/2025\/08\/IMG_4770-325x209.jpg 325w\"><\/source><img decoding=\"async\" alt=\"Eine Hand, die ein Glas mit gehackten Kr&auml;utern und &Ouml;l h&auml;lt, mit einem Schneidebrett und Messer im Hintergrund.\" src=\"https:\/\/www.salzburgerland.com\/de\/magazin\/wp-content\/uploads\/2025\/08\/IMG_4770-scaled.jpg\">\t<\/picture><\/a><\/figure><\/div><\/div><figcaption><\/figcaption><\/div>\n\n\n\n<p><strong>Zubereitung<\/strong>:&nbsp;<\/p>\n\n\n\n<ol class=\"wp-block-list\">\n<li>Die frischen Bl\u00e4tter und Bl\u00fcten im Garten bei trockenem und sonnigen Wetter sammeln &#8211; am besten in einem Korb, sodass kleine Insekten fliehen k\u00f6nnen.&nbsp;<\/li>\n\n\n\n<li>Die Kr\u00e4uter kurz antrocknen lassen.<\/li>\n\n\n\n<li>Kr\u00e4uter in grobe St\u00fccke schneiden oder reissen.&nbsp;<\/li>\n\n\n\n<li>Honig und Essig in ein desinfiziertes und gereinigtes Glas einf\u00fcllen und gut verr\u00fchren. Gerne etwas Wasser zugeben, damit die Fl\u00fcssigkeit nicht zu dick ist.<\/li>\n\n\n\n<li>Die Kr\u00e4uter zugeben und den Honig-Essig-Kr\u00e4uter-Ansatz ein bis vier Wochen lang stehen lassen, immer wieder sch\u00fctteln, damit sich die Inhaltsstoffe gut l\u00f6sen. Nicht in die Sonne stellen!<\/li>\n\n\n\n<li>Nach der Ziehzeit abseihen, in Flaschen abf\u00fcllen und dunkel lagern.<\/li>\n\n\n\n<li>Haltbarkeit ca. ein Jahr.<\/li>\n<\/ol>\n\n\n\n<h2 class=\"wp-block-heading\" id=\"h-rezept-kapuzinerkresse-essig\">Rezept Kapuzinerkresse-Essig<\/h2>\n\n\n<div class=\"wp-block-image\">\n<figure class=\"aligncenter size-full\"><img loading=\"lazy\" decoding=\"async\" width=\"704\" height=\"543\" src=\"https:\/\/www.salzburgerland.com\/de\/magazin\/wp-content\/uploads\/2025\/07\/Kapuzinerkresse-Essig_1.jpg\" alt=\"Eine Glasflasche mit orangefarbenen essbaren Bl\u00fcten und Bl\u00e4ttern auf einem K\u00fcchentisch, daneben ein Mixer und ein M\u00f6rser.\" class=\"wp-image-183652\" srcset=\"https:\/\/www.salzburgerland.com\/de\/magazin\/wp-content\/uploads\/2025\/07\/Kapuzinerkresse-Essig_1.jpg 704w, https:\/\/www.salzburgerland.com\/de\/magazin\/wp-content\/uploads\/2025\/07\/Kapuzinerkresse-Essig_1-300x231.jpg 300w, https:\/\/www.salzburgerland.com\/de\/magazin\/wp-content\/uploads\/2025\/07\/Kapuzinerkresse-Essig_1-519x400.jpg 519w, https:\/\/www.salzburgerland.com\/de\/magazin\/wp-content\/uploads\/2025\/07\/Kapuzinerkresse-Essig_1-130x100.jpg 130w, https:\/\/www.salzburgerland.com\/de\/magazin\/wp-content\/uploads\/2025\/07\/Kapuzinerkresse-Essig_1-150x116.jpg 150w\" sizes=\"auto, (max-width: 704px) 100vw, 704px\" \/><figcaption class=\"wp-element-caption\">Kapuzinerkresse-Essig mit frischen Bl\u00fcten und Bl\u00e4ttern der Kapuzinerkresse (Foto: Anke Eder)<\/figcaption><\/figure><\/div>\n\n\n<p>Kr\u00e4uter in Essig einzulegen ist neben Trocknen oder Einfrieren eine gute M\u00f6glichkeit zur Konservierung von Pflanzen. Kapuzinerkresse eignet sich besonders zum Einlegen in Essig. Zum Ansetzen eines selbst gemachten Kr\u00e4uteressigs kann man Apfel- oder Wei\u00dfweinessig verwenden. <\/p>\n\n\n\n<ol class=\"wp-block-list\">\n<li>Die frisch gepfl\u00fcckten Bl\u00e4tter mit einem Messer halbieren, die Bl\u00fcten werden als Ganzes verwendet.<\/li>\n\n\n\n<li>Beides in ein sauberes Gef\u00e4\u00df einf\u00fcllen, mit Essig \u00fcbergie\u00dfen und verschlie\u00dfen. <\/li>\n\n\n\n<li>Rund zwei Wochen sollte der Essigansatz ziehen, dazwischen immer wieder leicht sch\u00fctteln, damit sich die Inhaltsstoffe gut l\u00f6sen k\u00f6nnen. <\/li>\n\n\n\n<li>Abschlie\u00dfend seiht man die Bl\u00e4tter ab und f\u00fcllt den Essig ab. Am besten lagert man den Essig dunkel.\u00a0<\/li>\n<\/ol>\n\n\n\n<h2 class=\"wp-block-heading\" id=\"h-rezept-blutenbutter-mit-kapuzinerkresse\">Rezept Bl\u00fctenbutter mit Kapuzinerkresse<\/h2>\n\n\n<div class=\"mag-gallery\"><div class=\"row\"><div class=\"col-6 col-sm-4\"><figure><a class=\"thumb-container\" href=\"https:\/\/www.salzburgerland.com\/de\/magazin\/wp-content\/uploads\/2025\/07\/Kapuzinerkresse-Bluetenbutter-1280x1024.jpg\">\t<picture><source media=\"(min-width: 576px)\" srcset=\"https:\/\/www.salzburgerland.com\/de\/magazin\/wp-content\/uploads\/2025\/07\/Kapuzinerkresse-Bluetenbutter-418x650.jpg 418w, https:\/\/www.salzburgerland.com\/de\/magazin\/wp-content\/uploads\/2025\/07\/Kapuzinerkresse-Bluetenbutter-209x325.jpg 209w\"><\/source><source media=\"(min-width: 0)\" srcset=\"https:\/\/www.salzburgerland.com\/de\/magazin\/wp-content\/uploads\/2025\/07\/Kapuzinerkresse-Bluetenbutter-209x325.jpg 209w, https:\/\/www.salzburgerland.com\/de\/magazin\/wp-content\/uploads\/2025\/07\/Kapuzinerkresse-Bluetenbutter-418x650.jpg 418w\"><\/source><img decoding=\"async\" alt=\"Eine Hand mischt mit einer Gabel gehackte essbare Bl&uuml;ten in einer Metallsch&uuml;ssel mit Butter.\" src=\"https:\/\/www.salzburgerland.com\/de\/magazin\/wp-content\/uploads\/2025\/07\/Kapuzinerkresse-Bluetenbutter.jpg\">\t<\/picture><figcaption>Bl&uuml;tenbutter <\/figcaption><\/a><\/figure><\/div><div class=\"col-6 col-sm-4\"><figure><a class=\"thumb-container\" href=\"https:\/\/www.salzburgerland.com\/de\/magazin\/wp-content\/uploads\/2025\/07\/Kraeuter-Bluetenbutter-1280x1024.jpg\">\t<picture><source media=\"(min-width: 576px)\" srcset=\"https:\/\/www.salzburgerland.com\/de\/magazin\/wp-content\/uploads\/2025\/07\/Kraeuter-Bluetenbutter-418x650.jpg 418w, https:\/\/www.salzburgerland.com\/de\/magazin\/wp-content\/uploads\/2025\/07\/Kraeuter-Bluetenbutter-209x325.jpg 209w\"><\/source><source media=\"(min-width: 0)\" srcset=\"https:\/\/www.salzburgerland.com\/de\/magazin\/wp-content\/uploads\/2025\/07\/Kraeuter-Bluetenbutter-209x325.jpg 209w, https:\/\/www.salzburgerland.com\/de\/magazin\/wp-content\/uploads\/2025\/07\/Kraeuter-Bluetenbutter-418x650.jpg 418w\"><\/source><img decoding=\"async\" alt=\"Runde Scheiben mit Kr&auml;uter- und Gew&uuml;rzbutter auf einem wei&szlig;en Teller.\" src=\"https:\/\/www.salzburgerland.com\/de\/magazin\/wp-content\/uploads\/2025\/07\/Kraeuter-Bluetenbutter.jpg\">\t<\/picture><figcaption>mit Kapuzinerkressebl&uuml;ten und mit Kapuzinerkresseb&auml;ttern<\/figcaption><\/a><\/figure><\/div><\/div><figcaption><\/figcaption><\/div>\n\n\n\n<p><strong>Zutaten<\/strong>:&nbsp;<\/p>\n\n\n\n<ul class=\"wp-block-list\">\n<li>250 g Butter (zimmerwarm, weich)<\/li>\n\n\n\n<li>Eine Orange oder eine Zitrone (mit unbehandelter Schale)<\/li>\n\n\n\n<li>Ein bis zwei Handvoll frische essbare Bl\u00fcten aus dem Garten (z.B. Kapuzinerkressebl\u00fcten, Ringelblumenbl\u00fcten, Schnittlauchbl\u00fcten, Malven etc.)<\/li>\n\n\n\n<li>Zwei Teel\u00f6ffel Salz<\/li>\n<\/ul>\n\n\n\n<p><strong>Zubereitung<\/strong>:&nbsp;<\/p>\n\n\n\n<ol class=\"wp-block-list\">\n<li>Die weiche Butter in einer R\u00fchrsch\u00fcssel mit dem Abrieb der Orange und dem Salz mit einer Gabel verr\u00fchren.<\/li>\n\n\n\n<li>Die frischen Bl\u00fcten vorsichtig unterr\u00fchren.&nbsp;<\/li>\n\n\n\n<li>Die Bl\u00fctenbutter eine Frischhaltefolie wickeln, eine Rolle formen und kurz im Gefrierschrank einfrieren.&nbsp;<\/li>\n\n\n\n<li>Aus dem Gefrierschrank nehmen, in Scheiben schneiden und im K\u00fchlschrank aufbewahren.&nbsp;<\/li>\n<\/ol>\n\n\n\n<p>Tipp: Du kannst f\u00fcr deine Kr\u00e4uterbutter nat\u00fcrlich auch die Bl\u00e4tter der Kapuzinerkresse verwenden!<\/p>\n\n\n\n<p>Gutes Gelingen!<\/p>\n","protected":false},"excerpt":{"rendered":"<p>Kr\u00e4uter sollten jeden Tag auf unseren Teller kommen und Bestandteil unserer Ern\u00e4hrung sein, denn sie st\u00e4rken unser Immunsystem und liefern wertvolle Inhaltsstoffe. Eine wunderbare Pflanze, die wir zu diesem Zweck im Sommer t\u00e4glich in unseren Speiseplan aufnehmen k\u00f6nnen, ist die Kapuzinerkresse, im Volksmund \u201eFensterguckerl\u201c genannt. Die einj\u00e4hrige Pflanze, die auch als Kletterpflanze erh\u00e4ltlich ist, kann [&hellip;]<\/p>\n","protected":false},"author":533,"featured_media":183691,"comment_status":"closed","ping_status":"closed","sticky":false,"template":"","format":"standard","meta":{"_acf_changed":false,"wl_entities_gutenberg":"","_wl_entity_redirect_enabled":"","footnotes":""},"categories":[4],"tags":[2002,24],"wl_entity_type":[306],"monatsauswahl":[87,88,89,90],"class_list":["post-183646","post","type-post","status-publish","format-standard","has-post-thumbnail","hentry","category-gesundheit","tag-kulinarik","tag-rezept","wl_entity_type-article","monatsauswahl-monat_6","monatsauswahl-monat_7","monatsauswahl-monat_8","monatsauswahl-monat_9"],"acf":[],"yoast_head":"<!-- This site is optimized with the Yoast SEO Premium plugin v27.4 (Yoast SEO v27.4) - https:\/\/yoast.com\/product\/yoast-seo-premium-wordpress\/ -->\n<title>Kapuzinerkresse - SalzburgerLand Magazin<\/title>\n<meta name=\"robots\" content=\"index, follow, max-snippet:-1, max-image-preview:large, max-video-preview:-1\" \/>\n<link rel=\"canonical\" href=\"https:\/\/www.salzburgerland.com\/de\/magazin\/kapuzinerkresse\/\" \/>\n<meta property=\"og:locale\" content=\"de_DE\" \/>\n<meta property=\"og:type\" content=\"article\" \/>\n<meta property=\"og:title\" content=\"Kapuzinerkresse\" \/>\n<meta property=\"og:description\" content=\"Kr\u00e4uter sollten jeden Tag auf unseren Teller kommen und Bestandteil unserer Ern\u00e4hrung sein, denn sie st\u00e4rken unser Immunsystem und liefern wertvolle Inhaltsstoffe. Eine wunderbare Pflanze, die wir zu diesem Zweck im Sommer t\u00e4glich in unseren Speiseplan aufnehmen k\u00f6nnen, ist die Kapuzinerkresse, im Volksmund \u201eFensterguckerl\u201c genannt. Die einj\u00e4hrige Pflanze, die auch als Kletterpflanze erh\u00e4ltlich ist, kann [&hellip;]\" \/>\n<meta property=\"og:url\" content=\"https:\/\/www.salzburgerland.com\/de\/magazin\/kapuzinerkresse\/\" \/>\n<meta property=\"og:site_name\" content=\"SalzburgerLand Magazin\" \/>\n<meta property=\"article:publisher\" content=\"https:\/\/www.facebook.com\/salzburgerland\/\" \/>\n<meta property=\"article:published_time\" content=\"2025-08-06T05:00:00+00:00\" \/>\n<meta name=\"author\" content=\"Anke Eder\" \/>\n<meta name=\"twitter:card\" content=\"summary_large_image\" \/>\n<meta name=\"twitter:creator\" content=\"@Salzburgerland\" \/>\n<meta name=\"twitter:site\" content=\"@Salzburgerland\" \/>\n<meta name=\"twitter:label1\" content=\"Verfasst von\" \/>\n\t<meta name=\"twitter:data1\" content=\"Anke Eder\" \/>\n\t<meta name=\"twitter:label2\" content=\"Gesch\u00e4tzte Lesezeit\" \/>\n\t<meta name=\"twitter:data2\" content=\"7\u00a0Minuten\" \/>\n<script type=\"application\/ld+json\" class=\"yoast-schema-graph\">{\"@context\":\"https:\\\/\\\/schema.org\",\"@graph\":[{\"@type\":\"Article\",\"@id\":\"https:\\\/\\\/www.salzburgerland.com\\\/de\\\/magazin\\\/kapuzinerkresse\\\/#article\",\"isPartOf\":{\"@id\":\"https:\\\/\\\/www.salzburgerland.com\\\/de\\\/magazin\\\/kapuzinerkresse\\\/\"},\"author\":{\"name\":\"Anke Eder\",\"@id\":\"https:\\\/\\\/www.salzburgerland.com\\\/de\\\/magazin\\\/#\\\/schema\\\/person\\\/b4c7972a94a135bc63fe8c2dd626a26e\"},\"headline\":\"Kapuzinerkresse\",\"datePublished\":\"2025-08-06T05:00:00+00:00\",\"mainEntityOfPage\":{\"@id\":\"https:\\\/\\\/www.salzburgerland.com\\\/de\\\/magazin\\\/kapuzinerkresse\\\/\"},\"wordCount\":732,\"publisher\":{\"@id\":\"https:\\\/\\\/www.salzburgerland.com\\\/de\\\/magazin\\\/#organization\"},\"image\":{\"@id\":\"https:\\\/\\\/www.salzburgerland.com\\\/de\\\/magazin\\\/kapuzinerkresse\\\/#primaryimage\"},\"thumbnailUrl\":\"https:\\\/\\\/www.salzburgerland.com\\\/de\\\/magazin\\\/wp-content\\\/uploads\\\/2025\\\/08\\\/IMG_4752-scaled.jpg\",\"keywords\":[\"Kulinarik\",\"rezept\"],\"articleSection\":[\"Gesundheit\"],\"inLanguage\":\"de\"},{\"@type\":\"WebPage\",\"@id\":\"https:\\\/\\\/www.salzburgerland.com\\\/de\\\/magazin\\\/kapuzinerkresse\\\/\",\"url\":\"https:\\\/\\\/www.salzburgerland.com\\\/de\\\/magazin\\\/kapuzinerkresse\\\/\",\"name\":\"Kapuzinerkresse - SalzburgerLand Magazin\",\"isPartOf\":{\"@id\":\"https:\\\/\\\/www.salzburgerland.com\\\/de\\\/magazin\\\/#website\"},\"primaryImageOfPage\":{\"@id\":\"https:\\\/\\\/www.salzburgerland.com\\\/de\\\/magazin\\\/kapuzinerkresse\\\/#primaryimage\"},\"image\":{\"@id\":\"https:\\\/\\\/www.salzburgerland.com\\\/de\\\/magazin\\\/kapuzinerkresse\\\/#primaryimage\"},\"thumbnailUrl\":\"https:\\\/\\\/www.salzburgerland.com\\\/de\\\/magazin\\\/wp-content\\\/uploads\\\/2025\\\/08\\\/IMG_4752-scaled.jpg\",\"datePublished\":\"2025-08-06T05:00:00+00:00\",\"breadcrumb\":{\"@id\":\"https:\\\/\\\/www.salzburgerland.com\\\/de\\\/magazin\\\/kapuzinerkresse\\\/#breadcrumb\"},\"inLanguage\":\"de\",\"potentialAction\":[{\"@type\":\"ReadAction\",\"target\":[\"https:\\\/\\\/www.salzburgerland.com\\\/de\\\/magazin\\\/kapuzinerkresse\\\/\"]}]},{\"@type\":\"ImageObject\",\"inLanguage\":\"de\",\"@id\":\"https:\\\/\\\/www.salzburgerland.com\\\/de\\\/magazin\\\/kapuzinerkresse\\\/#primaryimage\",\"url\":\"https:\\\/\\\/www.salzburgerland.com\\\/de\\\/magazin\\\/wp-content\\\/uploads\\\/2025\\\/08\\\/IMG_4752-scaled.jpg\",\"contentUrl\":\"https:\\\/\\\/www.salzburgerland.com\\\/de\\\/magazin\\\/wp-content\\\/uploads\\\/2025\\\/08\\\/IMG_4752-scaled.jpg\",\"width\":2560,\"height\":1920,\"caption\":\"Leuchtend orangefarbene Kapuzinerkressebl\u00fcten und gr\u00fcne Bl\u00e4tter, die \u00fcber einem mit Steinen gef\u00fcllten Drahtk\u00e4fig in einem Garten wachsen.\"},{\"@type\":\"BreadcrumbList\",\"@id\":\"https:\\\/\\\/www.salzburgerland.com\\\/de\\\/magazin\\\/kapuzinerkresse\\\/#breadcrumb\",\"itemListElement\":[{\"@type\":\"ListItem\",\"position\":1,\"name\":\"Startseite\",\"item\":\"https:\\\/\\\/www.salzburgerland.com\\\/de\\\/magazin\\\/\"},{\"@type\":\"ListItem\",\"position\":2,\"name\":\"Gesundheit\",\"item\":\"https:\\\/\\\/www.salzburgerland.com\\\/de\\\/magazin\\\/thema\\\/gesundheit\\\/\"},{\"@type\":\"ListItem\",\"position\":3,\"name\":\"Kapuzinerkresse\"}]},{\"@type\":\"WebSite\",\"@id\":\"https:\\\/\\\/www.salzburgerland.com\\\/de\\\/magazin\\\/#website\",\"url\":\"https:\\\/\\\/www.salzburgerland.com\\\/de\\\/magazin\\\/\",\"name\":\"SalzburgerLand Magazin\",\"description\":\"Geschichten und Interessantes aus dem SalzburgerLand\",\"publisher\":{\"@id\":\"https:\\\/\\\/www.salzburgerland.com\\\/de\\\/magazin\\\/#organization\"},\"potentialAction\":[{\"@type\":\"SearchAction\",\"target\":{\"@type\":\"EntryPoint\",\"urlTemplate\":\"https:\\\/\\\/www.salzburgerland.com\\\/de\\\/magazin\\\/?s={search_term_string}\"},\"query-input\":{\"@type\":\"PropertyValueSpecification\",\"valueRequired\":true,\"valueName\":\"search_term_string\"}}],\"inLanguage\":\"de\"},{\"@type\":\"Organization\",\"@id\":\"https:\\\/\\\/www.salzburgerland.com\\\/de\\\/magazin\\\/#organization\",\"name\":\"SalzburgerLand Tourismus\",\"url\":\"https:\\\/\\\/www.salzburgerland.com\\\/de\\\/magazin\\\/\",\"logo\":{\"@type\":\"ImageObject\",\"inLanguage\":\"de\",\"@id\":\"https:\\\/\\\/www.salzburgerland.com\\\/de\\\/magazin\\\/#\\\/schema\\\/logo\\\/image\\\/\",\"url\":\"https:\\\/\\\/www.salzburgerland.com\\\/de\\\/magazin\\\/wp-content\\\/uploads\\\/2019\\\/06\\\/salzburgerland-logo1.jpg\",\"contentUrl\":\"https:\\\/\\\/www.salzburgerland.com\\\/de\\\/magazin\\\/wp-content\\\/uploads\\\/2019\\\/06\\\/salzburgerland-logo1.jpg\",\"width\":2011,\"height\":866,\"caption\":\"SalzburgerLand Tourismus\"},\"image\":{\"@id\":\"https:\\\/\\\/www.salzburgerland.com\\\/de\\\/magazin\\\/#\\\/schema\\\/logo\\\/image\\\/\"},\"sameAs\":[\"https:\\\/\\\/www.facebook.com\\\/salzburgerland\\\/\",\"https:\\\/\\\/x.com\\\/Salzburgerland\",\"https:\\\/\\\/www.instagram.com\\\/salzburgerland\\\/\",\"https:\\\/\\\/at.linkedin.com\\\/company\\\/salzburgerland-tourismus-gmbh\",\"https:\\\/\\\/www.pinterest.at\\\/salzburgerland\\\/\",\"https:\\\/\\\/www.youtube.com\\\/user\\\/salzburgerland\",\"https:\\\/\\\/de.wikipedia.org\\\/wiki\\\/SalzburgerLand_Tourismus_GmbH\"]},{\"@type\":\"Person\",\"@id\":\"https:\\\/\\\/www.salzburgerland.com\\\/de\\\/magazin\\\/#\\\/schema\\\/person\\\/b4c7972a94a135bc63fe8c2dd626a26e\",\"name\":\"Anke Eder\",\"description\":\"Anke Eder hat in Salzburg Kommunikationswissenschaft studiert, lebt mit ihrer Familie im wundersch\u00f6nen Salzburger Flachgau und arbeitet als freiberufliche Autorin f\u00fcr das SalzburgerLand Magazin. Ihre Leidenschaft sind selbst gemachte Gerichte mit besten Zutaten aus der Region oder dem eigenen Garten. Als diplomierte Ern\u00e4hrungstrainerin, diplomierte Kr\u00e4uterp\u00e4dagogin und TEH-Praktikerin wei\u00df sie um die Vorz\u00fcge von selbst gemachten Gerichten, schreibt dar\u00fcber und fotografiert was sie f\u00fcr ihre Familie kocht. In ihrer Freizeit ist Anke am liebsten in den Bergen unterwegs - mit dem Rennrad oder den Wanderschuhen. F\u00fcr das SalzburgerLand Magazin entdeckt sie die sch\u00f6nsten Spots in Salzburgs.\u00a0\",\"url\":\"https:\\\/\\\/www.salzburgerland.com\\\/de\\\/magazin\\\/author\\\/anke-eder\\\/\"}]}<\/script>\n<!-- \/ Yoast SEO Premium plugin. -->","yoast_head_json":{"title":"Kapuzinerkresse - SalzburgerLand Magazin","robots":{"index":"index","follow":"follow","max-snippet":"max-snippet:-1","max-image-preview":"max-image-preview:large","max-video-preview":"max-video-preview:-1"},"canonical":"https:\/\/www.salzburgerland.com\/de\/magazin\/kapuzinerkresse\/","og_locale":"de_DE","og_type":"article","og_title":"Kapuzinerkresse","og_description":"Kr\u00e4uter sollten jeden Tag auf unseren Teller kommen und Bestandteil unserer Ern\u00e4hrung sein, denn sie st\u00e4rken unser Immunsystem und liefern wertvolle Inhaltsstoffe. Eine wunderbare Pflanze, die wir zu diesem Zweck im Sommer t\u00e4glich in unseren Speiseplan aufnehmen k\u00f6nnen, ist die Kapuzinerkresse, im Volksmund \u201eFensterguckerl\u201c genannt. Die einj\u00e4hrige Pflanze, die auch als Kletterpflanze erh\u00e4ltlich ist, kann [&hellip;]","og_url":"https:\/\/www.salzburgerland.com\/de\/magazin\/kapuzinerkresse\/","og_site_name":"SalzburgerLand Magazin","article_publisher":"https:\/\/www.facebook.com\/salzburgerland\/","article_published_time":"2025-08-06T05:00:00+00:00","author":"Anke Eder","twitter_card":"summary_large_image","twitter_creator":"@Salzburgerland","twitter_site":"@Salzburgerland","twitter_misc":{"Verfasst von":"Anke Eder","Gesch\u00e4tzte Lesezeit":"7\u00a0Minuten"},"schema":{"@context":"https:\/\/schema.org","@graph":[{"@type":"Article","@id":"https:\/\/www.salzburgerland.com\/de\/magazin\/kapuzinerkresse\/#article","isPartOf":{"@id":"https:\/\/www.salzburgerland.com\/de\/magazin\/kapuzinerkresse\/"},"author":{"name":"Anke Eder","@id":"https:\/\/www.salzburgerland.com\/de\/magazin\/#\/schema\/person\/b4c7972a94a135bc63fe8c2dd626a26e"},"headline":"Kapuzinerkresse","datePublished":"2025-08-06T05:00:00+00:00","mainEntityOfPage":{"@id":"https:\/\/www.salzburgerland.com\/de\/magazin\/kapuzinerkresse\/"},"wordCount":732,"publisher":{"@id":"https:\/\/www.salzburgerland.com\/de\/magazin\/#organization"},"image":{"@id":"https:\/\/www.salzburgerland.com\/de\/magazin\/kapuzinerkresse\/#primaryimage"},"thumbnailUrl":"https:\/\/www.salzburgerland.com\/de\/magazin\/wp-content\/uploads\/2025\/08\/IMG_4752-scaled.jpg","keywords":["Kulinarik","rezept"],"articleSection":["Gesundheit"],"inLanguage":"de"},{"@type":"WebPage","@id":"https:\/\/www.salzburgerland.com\/de\/magazin\/kapuzinerkresse\/","url":"https:\/\/www.salzburgerland.com\/de\/magazin\/kapuzinerkresse\/","name":"Kapuzinerkresse - SalzburgerLand Magazin","isPartOf":{"@id":"https:\/\/www.salzburgerland.com\/de\/magazin\/#website"},"primaryImageOfPage":{"@id":"https:\/\/www.salzburgerland.com\/de\/magazin\/kapuzinerkresse\/#primaryimage"},"image":{"@id":"https:\/\/www.salzburgerland.com\/de\/magazin\/kapuzinerkresse\/#primaryimage"},"thumbnailUrl":"https:\/\/www.salzburgerland.com\/de\/magazin\/wp-content\/uploads\/2025\/08\/IMG_4752-scaled.jpg","datePublished":"2025-08-06T05:00:00+00:00","breadcrumb":{"@id":"https:\/\/www.salzburgerland.com\/de\/magazin\/kapuzinerkresse\/#breadcrumb"},"inLanguage":"de","potentialAction":[{"@type":"ReadAction","target":["https:\/\/www.salzburgerland.com\/de\/magazin\/kapuzinerkresse\/"]}]},{"@type":"ImageObject","inLanguage":"de","@id":"https:\/\/www.salzburgerland.com\/de\/magazin\/kapuzinerkresse\/#primaryimage","url":"https:\/\/www.salzburgerland.com\/de\/magazin\/wp-content\/uploads\/2025\/08\/IMG_4752-scaled.jpg","contentUrl":"https:\/\/www.salzburgerland.com\/de\/magazin\/wp-content\/uploads\/2025\/08\/IMG_4752-scaled.jpg","width":2560,"height":1920,"caption":"Leuchtend orangefarbene Kapuzinerkressebl\u00fcten und gr\u00fcne Bl\u00e4tter, die \u00fcber einem mit Steinen gef\u00fcllten Drahtk\u00e4fig in einem Garten wachsen."},{"@type":"BreadcrumbList","@id":"https:\/\/www.salzburgerland.com\/de\/magazin\/kapuzinerkresse\/#breadcrumb","itemListElement":[{"@type":"ListItem","position":1,"name":"Startseite","item":"https:\/\/www.salzburgerland.com\/de\/magazin\/"},{"@type":"ListItem","position":2,"name":"Gesundheit","item":"https:\/\/www.salzburgerland.com\/de\/magazin\/thema\/gesundheit\/"},{"@type":"ListItem","position":3,"name":"Kapuzinerkresse"}]},{"@type":"WebSite","@id":"https:\/\/www.salzburgerland.com\/de\/magazin\/#website","url":"https:\/\/www.salzburgerland.com\/de\/magazin\/","name":"SalzburgerLand Magazin","description":"Geschichten und Interessantes aus dem SalzburgerLand","publisher":{"@id":"https:\/\/www.salzburgerland.com\/de\/magazin\/#organization"},"potentialAction":[{"@type":"SearchAction","target":{"@type":"EntryPoint","urlTemplate":"https:\/\/www.salzburgerland.com\/de\/magazin\/?s={search_term_string}"},"query-input":{"@type":"PropertyValueSpecification","valueRequired":true,"valueName":"search_term_string"}}],"inLanguage":"de"},{"@type":"Organization","@id":"https:\/\/www.salzburgerland.com\/de\/magazin\/#organization","name":"SalzburgerLand Tourismus","url":"https:\/\/www.salzburgerland.com\/de\/magazin\/","logo":{"@type":"ImageObject","inLanguage":"de","@id":"https:\/\/www.salzburgerland.com\/de\/magazin\/#\/schema\/logo\/image\/","url":"https:\/\/www.salzburgerland.com\/de\/magazin\/wp-content\/uploads\/2019\/06\/salzburgerland-logo1.jpg","contentUrl":"https:\/\/www.salzburgerland.com\/de\/magazin\/wp-content\/uploads\/2019\/06\/salzburgerland-logo1.jpg","width":2011,"height":866,"caption":"SalzburgerLand Tourismus"},"image":{"@id":"https:\/\/www.salzburgerland.com\/de\/magazin\/#\/schema\/logo\/image\/"},"sameAs":["https:\/\/www.facebook.com\/salzburgerland\/","https:\/\/x.com\/Salzburgerland","https:\/\/www.instagram.com\/salzburgerland\/","https:\/\/at.linkedin.com\/company\/salzburgerland-tourismus-gmbh","https:\/\/www.pinterest.at\/salzburgerland\/","https:\/\/www.youtube.com\/user\/salzburgerland","https:\/\/de.wikipedia.org\/wiki\/SalzburgerLand_Tourismus_GmbH"]},{"@type":"Person","@id":"https:\/\/www.salzburgerland.com\/de\/magazin\/#\/schema\/person\/b4c7972a94a135bc63fe8c2dd626a26e","name":"Anke Eder","description":"Anke Eder hat in Salzburg Kommunikationswissenschaft studiert, lebt mit ihrer Familie im wundersch\u00f6nen Salzburger Flachgau und arbeitet als freiberufliche Autorin f\u00fcr das SalzburgerLand Magazin. Ihre Leidenschaft sind selbst gemachte Gerichte mit besten Zutaten aus der Region oder dem eigenen Garten. Als diplomierte Ern\u00e4hrungstrainerin, diplomierte Kr\u00e4uterp\u00e4dagogin und TEH-Praktikerin wei\u00df sie um die Vorz\u00fcge von selbst gemachten Gerichten, schreibt dar\u00fcber und fotografiert was sie f\u00fcr ihre Familie kocht. In ihrer Freizeit ist Anke am liebsten in den Bergen unterwegs - mit dem Rennrad oder den Wanderschuhen. F\u00fcr das SalzburgerLand Magazin entdeckt sie die sch\u00f6nsten Spots in Salzburgs.\u00a0","url":"https:\/\/www.salzburgerland.com\/de\/magazin\/author\/anke-eder\/"}]}},"_wl_alt_label":[],"wl:entity_url":"http:\/\/open.salzburgerland.com\/magazin\/post\/kapuzinerkresse-183646","_links":{"self":[{"href":"https:\/\/www.salzburgerland.com\/de\/magazin\/wp-json\/wp\/v2\/posts\/183646","targetHints":{"allow":["GET"]}}],"collection":[{"href":"https:\/\/www.salzburgerland.com\/de\/magazin\/wp-json\/wp\/v2\/posts"}],"about":[{"href":"https:\/\/www.salzburgerland.com\/de\/magazin\/wp-json\/wp\/v2\/types\/post"}],"author":[{"embeddable":true,"href":"https:\/\/www.salzburgerland.com\/de\/magazin\/wp-json\/wp\/v2\/users\/533"}],"replies":[{"embeddable":true,"href":"https:\/\/www.salzburgerland.com\/de\/magazin\/wp-json\/wp\/v2\/comments?post=183646"}],"version-history":[{"count":21,"href":"https:\/\/www.salzburgerland.com\/de\/magazin\/wp-json\/wp\/v2\/posts\/183646\/revisions"}],"predecessor-version":[{"id":183739,"href":"https:\/\/www.salzburgerland.com\/de\/magazin\/wp-json\/wp\/v2\/posts\/183646\/revisions\/183739"}],"wp:featuredmedia":[{"embeddable":true,"href":"https:\/\/www.salzburgerland.com\/de\/magazin\/wp-json\/wp\/v2\/media\/183691"}],"wp:attachment":[{"href":"https:\/\/www.salzburgerland.com\/de\/magazin\/wp-json\/wp\/v2\/media?parent=183646"}],"wp:term":[{"taxonomy":"category","embeddable":true,"href":"https:\/\/www.salzburgerland.com\/de\/magazin\/wp-json\/wp\/v2\/categories?post=183646"},{"taxonomy":"post_tag","embeddable":true,"href":"https:\/\/www.salzburgerland.com\/de\/magazin\/wp-json\/wp\/v2\/tags?post=183646"},{"taxonomy":"wl_entity_type","embeddable":true,"href":"https:\/\/www.salzburgerland.com\/de\/magazin\/wp-json\/wp\/v2\/wl_entity_type?post=183646"},{"taxonomy":"monatsauswahl","embeddable":true,"href":"https:\/\/www.salzburgerland.com\/de\/magazin\/wp-json\/wp\/v2\/monatsauswahl?post=183646"}],"curies":[{"name":"wp","href":"https:\/\/api.w.org\/{rel}","templated":true}]}}