{"id":183617,"date":"2025-08-04T07:00:00","date_gmt":"2025-08-04T05:00:00","guid":{"rendered":"https:\/\/www.salzburgerland.com\/de\/magazin\/?p=183617"},"modified":"2025-08-05T06:27:40","modified_gmt":"2025-08-05T04:27:40","slug":"mit-dem-fahrrad-auf-die-hochsonnbergalm","status":"publish","type":"post","link":"https:\/\/www.salzburgerland.com\/de\/magazin\/mit-dem-fahrrad-auf-die-hochsonnbergalm\/","title":{"rendered":"Mit dem Fahrrad auf die Hochsonnbergalm"},"content":{"rendered":"\n<div class=\"wp-block-slt-top topBlocks\">\n<h2 class=\"wp-block-slt-subtitle\">Abwechslungsreiche Fahrradtour in der Nationparkgemeinde Uttendorf<\/h2>\n\n\n\n<p class=\"wp-block-slt-intro\">Die Hochsonnbergalm im Oberpinzgauer Ort Uttendorf l\u00e4sst sich gut zu Fu\u00df oder mit dem Fahrrad erreichen. F\u00fcr das SalzburgerLand Magazin habe ich mich auf den Sattel geschwungen und die Mountainbiketour zu der auf \u00fcber 1.900 Metern gelegenen H\u00fctte in Angriff genommen.<\/p>\n<\/div>\n\n\n\n<p>Obwohl die Tour zur Hochsonnbergalm besonders bei E-Bikern beliebt ist, entscheide ich mich f\u00fcr mein motorloses Mountainbike. Gestartet wird in der Nationalparkgemeinde Uttendorf auf rund 800 Metern Seeh\u00f6he. Unweit der Pfarrkirche f\u00fchrt die Stra\u00dfe hinauf Richtung Sonnberg. Schon nach ein paar Metern weiter oben er\u00f6ffnet sich ein herrlicher Blick auf den Uttendorfer Badesee und das Stubachtal.<\/p>\n\n\n\n<p>Die Strecke f\u00fchrt vorbei am historischen Reichensberghof, bevor ich nach links in Richtung Gasthof Liebenberg abbiege. Nach gut einem Kilometer Steigung entdecke ich bei einer Kehre den Kraftplatz <a href=\"https:\/\/www.salzburgerland.com\/de\/magazin\/wo-die-kelten-siedelten\/\" target=\"_blank\" rel=\"noreferrer noopener\">Keltendorf<\/a> und bin begeistert von den stilvoll rekonstruierten Geb\u00e4uden der Kelten, die hier bereits vor Jahrtausenden siedelten. Noch einige H\u00f6henmeter weiterradeln und ich erreiche den Alpengasthof Liebenberg auf einer H\u00f6he von 1.080 Metern. F\u00fcr einen zus\u00e4tzlichen Halt nehme ich mir dieses Mal keine Zeit, auch wenn hier auf der Terrasse das Panorama auf das Stubachtal wundersch\u00f6n ist.<\/p>\n\n\n\n<h2 class=\"wp-block-heading\" id=\"h-vom-gasthof-liebenberg-in-den-wald\">Vom Gasthof Liebenberg in den Wald<\/h2>\n\n\n\n<p>Direkt beim Gasthof Liebenberg beginnt bei einem Schranken die geschotterte Forststra\u00dfe in Richtung Sonnbergalm. Dort befindet sich auch ein Brunnen, um die Wasserflaschen nochmals aufzuf\u00fcllen. Nun beginnt die eigentliche Biker-Strecke. Die gut ausgebaute geschotterte Stra\u00dfe f\u00fchrt sowohl durch schattige Waldpassagen als auch durch sonnen\u00fcberflutete Lichtungen. Die D\u00fcfte und Ger\u00e4usche des Waldes begleiten mich und sorgen f\u00fcr ein wohltuendes Ruhegef\u00fchl. Kurve f\u00fcr Kurve geht es weiter hinauf, wobei ich hier oben im Wald das Gef\u00fchl habe, dass es irgendwie leichter l\u00e4uft als auf den ersten Metern. Vielleicht auch, weil es nicht mehr so hei\u00df ist wie unten im Tal und weil der Wald eine besondere Gelassenheit ausstrahlt.<\/p>\n\n\n\n<figure class=\"wp-block-image size-full\"><img loading=\"lazy\" decoding=\"async\" width=\"1000\" height=\"750\" src=\"https:\/\/www.salzburgerland.com\/de\/magazin\/wp-content\/uploads\/2025\/07\/IMG_2381.jpg\" alt=\"In der N\u00e4he der Hochsonnbergalm schl\u00e4ngelt sich ein sonnenbeschienener Schotterweg durch einen dichten Wald mit hohen, gr\u00fcnen Kiefern.\" class=\"wp-image-183627\" srcset=\"https:\/\/www.salzburgerland.com\/de\/magazin\/wp-content\/uploads\/2025\/07\/IMG_2381.jpg 1000w, https:\/\/www.salzburgerland.com\/de\/magazin\/wp-content\/uploads\/2025\/07\/IMG_2381-300x225.jpg 300w, https:\/\/www.salzburgerland.com\/de\/magazin\/wp-content\/uploads\/2025\/07\/IMG_2381-733x550.jpg 733w, https:\/\/www.salzburgerland.com\/de\/magazin\/wp-content\/uploads\/2025\/07\/IMG_2381-140x105.jpg 140w, https:\/\/www.salzburgerland.com\/de\/magazin\/wp-content\/uploads\/2025\/07\/IMG_2381-533x400.jpg 533w, https:\/\/www.salzburgerland.com\/de\/magazin\/wp-content\/uploads\/2025\/07\/IMG_2381-960x720.jpg 960w, https:\/\/www.salzburgerland.com\/de\/magazin\/wp-content\/uploads\/2025\/07\/IMG_2381-1200x900.jpg 1200w, https:\/\/www.salzburgerland.com\/de\/magazin\/wp-content\/uploads\/2025\/07\/IMG_2381-150x113.jpg 150w\" sizes=\"auto, (max-width: 1000px) 100vw, 1000px\" \/><figcaption class=\"wp-element-caption\">\u00a9 Mathias Steger<\/figcaption><\/figure>\n\n\n\n<p>Etwa 200 Meter vor dem Ziel l\u00e4dt ein H\u00f6henplateau mit Aussichtsbank und Brunnen zu einer kurzen Verschnaufpause ein. Das mache ich auch! Danach habe ich ausreichend Power, um die letzten H\u00f6henmeter nochmal so richtig in die Pedale zu treten. Nach insgesamt \u00fcber zehn Kilometern und mehr als 1.000 H\u00f6henmetern erreiche ich etwas m\u00fcde, aber voller Freude die Hochsonnbergalm. Belohnt werde ich mit einem fantastischen Blick auf die Hohen Tauern rund um den Gro\u00dfglockner, den Gro\u00dfvenediger und das Wiesbachhorn, \u00fcber das Stubachtal bis zur Osttiroler Bergwelt.<\/p>\n\n\n\n<figure class=\"wp-block-image size-full\"><img loading=\"lazy\" decoding=\"async\" width=\"2000\" height=\"1500\" src=\"https:\/\/www.salzburgerland.com\/de\/magazin\/wp-content\/uploads\/2025\/07\/IMG_7041.jpg\" alt=\"Zwei Fahrr\u00e4der ruhen auf einer Wiese neben einem gewundenen Weg zur Hochsonnbergalm, mit Bergen unter einem blauen Himmel.\" class=\"wp-image-183621\" srcset=\"https:\/\/www.salzburgerland.com\/de\/magazin\/wp-content\/uploads\/2025\/07\/IMG_7041.jpg 2000w, https:\/\/www.salzburgerland.com\/de\/magazin\/wp-content\/uploads\/2025\/07\/IMG_7041-300x225.jpg 300w, https:\/\/www.salzburgerland.com\/de\/magazin\/wp-content\/uploads\/2025\/07\/IMG_7041-1536x1152.jpg 1536w, https:\/\/www.salzburgerland.com\/de\/magazin\/wp-content\/uploads\/2025\/07\/IMG_7041-733x550.jpg 733w, https:\/\/www.salzburgerland.com\/de\/magazin\/wp-content\/uploads\/2025\/07\/IMG_7041-140x105.jpg 140w, https:\/\/www.salzburgerland.com\/de\/magazin\/wp-content\/uploads\/2025\/07\/IMG_7041-533x400.jpg 533w, https:\/\/www.salzburgerland.com\/de\/magazin\/wp-content\/uploads\/2025\/07\/IMG_7041-960x720.jpg 960w, https:\/\/www.salzburgerland.com\/de\/magazin\/wp-content\/uploads\/2025\/07\/IMG_7041-1320x990.jpg 1320w, https:\/\/www.salzburgerland.com\/de\/magazin\/wp-content\/uploads\/2025\/07\/IMG_7041-1200x900.jpg 1200w, https:\/\/www.salzburgerland.com\/de\/magazin\/wp-content\/uploads\/2025\/07\/IMG_7041-150x113.jpg 150w\" sizes=\"auto, (max-width: 2000px) 100vw, 2000px\" \/><figcaption class=\"wp-element-caption\">\u00a9 Mathias Steger<\/figcaption><\/figure>\n\n\n\n<h2 class=\"wp-block-heading\" id=\"h-kulinarischer-genuss-und-panorama\">Kulinarischer Genuss und Panorama<\/h2>\n\n\n\n<p>Oben angekommen empf\u00e4ngt mich die urige H\u00fctte, die von Nadi &amp; Berni aus Bayern mit Team bewirtschaftet wird. Ich mache es mir auf einer breiteren h\u00f6lzernen Panoramaliegen bequem und beobachte die Landschaft und die anderen G\u00e4ste. Es sind Wanderer und Radfahrer da, die sich miteinander unterhalten und ihre Eindr\u00fccke austauschen. In der Speisekarte ist eine Auswahl an typischen regionalen H\u00fcttenschmankerl, wie Kaspresskn\u00f6del, Gr\u00f6stl, K\u00e4sespatzen oder auch Brettl- oder K\u00e4sejause zu finden. Dazu gibt es frisches bayrisches Bier.<\/p>\n\n\n<div class=\"mag-gallery\"><div class=\"row\"><div class=\"col-6 col-sm-4\"><figure><a class=\"thumb-container\" href=\"https:\/\/www.salzburgerland.com\/de\/magazin\/wp-content\/uploads\/2025\/07\/IMG_2400-1280x1024.jpg\">\t<picture><source media=\"(min-width: 576px)\" srcset=\"https:\/\/www.salzburgerland.com\/de\/magazin\/wp-content\/uploads\/2025\/07\/IMG_2400-325x209.jpg 325w, https:\/\/www.salzburgerland.com\/de\/magazin\/wp-content\/uploads\/2025\/07\/IMG_2400-249x160.jpg 249w\"><\/source><source media=\"(min-width: 0)\" srcset=\"https:\/\/www.salzburgerland.com\/de\/magazin\/wp-content\/uploads\/2025\/07\/IMG_2400-249x160.jpg 249w, https:\/\/www.salzburgerland.com\/de\/magazin\/wp-content\/uploads\/2025\/07\/IMG_2400-325x209.jpg 325w\"><\/source><img decoding=\"async\" alt=\"Zwei Fahrr&auml;der vor den H&uuml;tten der Hochsonnbergalm mit Menschen an Tischen im Freien; im Hintergrund die Berge.\" src=\"https:\/\/www.salzburgerland.com\/de\/magazin\/wp-content\/uploads\/2025\/07\/IMG_2400.jpg\">\t<\/picture><figcaption>&copy; Mathias Steger<\/figcaption><\/a><\/figure><\/div><div class=\"col-6 col-sm-4\"><figure><a class=\"thumb-container\" href=\"https:\/\/www.salzburgerland.com\/de\/magazin\/wp-content\/uploads\/2025\/07\/IMG_2406-1280x1024.jpg\">\t<picture><source media=\"(min-width: 576px)\" srcset=\"https:\/\/www.salzburgerland.com\/de\/magazin\/wp-content\/uploads\/2025\/07\/IMG_2406-325x209.jpg 325w, https:\/\/www.salzburgerland.com\/de\/magazin\/wp-content\/uploads\/2025\/07\/IMG_2406-249x160.jpg 249w\"><\/source><source media=\"(min-width: 0)\" srcset=\"https:\/\/www.salzburgerland.com\/de\/magazin\/wp-content\/uploads\/2025\/07\/IMG_2406-249x160.jpg 249w, https:\/\/www.salzburgerland.com\/de\/magazin\/wp-content\/uploads\/2025\/07\/IMG_2406-325x209.jpg 325w\"><\/source><img decoding=\"async\" alt=\"An Picknicktischen vor der Hochsonnbergalm, einer rustikalen Bergh&uuml;tte, entspannt man sich mit dem Fahrrad in der Hand.\" src=\"https:\/\/www.salzburgerland.com\/de\/magazin\/wp-content\/uploads\/2025\/07\/IMG_2406.jpg\">\t<\/picture><figcaption>&copy; Mathias Steger<\/figcaption><\/a><\/figure><\/div><div class=\"col-6 col-sm-4\"><figure><a class=\"thumb-container\" href=\"https:\/\/www.salzburgerland.com\/de\/magazin\/wp-content\/uploads\/2025\/07\/IMG_2397-1-1280x1024.jpg\">\t<picture><source media=\"(min-width: 576px)\" srcset=\"https:\/\/www.salzburgerland.com\/de\/magazin\/wp-content\/uploads\/2025\/07\/IMG_2397-1-325x209.jpg 325w, https:\/\/www.salzburgerland.com\/de\/magazin\/wp-content\/uploads\/2025\/07\/IMG_2397-1-249x160.jpg 249w\"><\/source><source media=\"(min-width: 0)\" srcset=\"https:\/\/www.salzburgerland.com\/de\/magazin\/wp-content\/uploads\/2025\/07\/IMG_2397-1-249x160.jpg 249w, https:\/\/www.salzburgerland.com\/de\/magazin\/wp-content\/uploads\/2025\/07\/IMG_2397-1-325x209.jpg 325w\"><\/source><img decoding=\"async\" alt=\"Bergh&uuml;tte auf der Hochsonnbergalm mit Menschen im Freien, grasenden Ziegen und Bergen unter klarem Himmel.\" src=\"https:\/\/www.salzburgerland.com\/de\/magazin\/wp-content\/uploads\/2025\/07\/IMG_2397-1.jpg\">\t<\/picture><figcaption>&copy; Mathias Steger<\/figcaption><\/a><\/figure><\/div><\/div><figcaption><\/figcaption><\/div>\n\n\n\n<h2 class=\"wp-block-heading\" id=\"h-wandermoglichkeiten-rund-um-die-hutte\">Wanderm\u00f6glichkeiten rund um die H\u00fctte<\/h2>\n\n\n\n<p>Wer Lust hat, kann von der Hochsonnbergalm aus weitere Wandertouren unternehmen. Etwas oberhalb liegt ein besonders sch\u00f6ner Aussichtsplatz. Von dort schweift der Blick ins benachbarte Tal, auf zahlreiche Almh\u00fctten und das Nachbardorf Niedernsill. Auch der beliebte Pinzgauer Spazierweg f\u00fchrt direkt an der Hochsonnbergalm vorbei.<\/p>\n\n\n<div class=\"mag-gallery\"><div class=\"row\"><div class=\"col-6 col-sm-4\"><figure><a class=\"thumb-container\" href=\"https:\/\/www.salzburgerland.com\/de\/magazin\/wp-content\/uploads\/2025\/07\/IMG_7048-1-1280x1024.jpg\">\t<picture><source media=\"(min-width: 576px)\" srcset=\"https:\/\/www.salzburgerland.com\/de\/magazin\/wp-content\/uploads\/2025\/07\/IMG_7048-1-325x209.jpg 325w, https:\/\/www.salzburgerland.com\/de\/magazin\/wp-content\/uploads\/2025\/07\/IMG_7048-1-249x160.jpg 249w\"><\/source><source media=\"(min-width: 0)\" srcset=\"https:\/\/www.salzburgerland.com\/de\/magazin\/wp-content\/uploads\/2025\/07\/IMG_7048-1-249x160.jpg 249w, https:\/\/www.salzburgerland.com\/de\/magazin\/wp-content\/uploads\/2025\/07\/IMG_7048-1-325x209.jpg 325w\"><\/source><img decoding=\"async\" alt=\"Person in schwarzen Schuhen und roten Socken, die sich auf einem grasbewachsenen H&uuml;gel der Hochsonnbergalm mit Blick auf die Berge unter blauem Himmel entspannt.\" src=\"https:\/\/www.salzburgerland.com\/de\/magazin\/wp-content\/uploads\/2025\/07\/IMG_7048-1.jpg\">\t<\/picture><figcaption>&copy; Mathias Steger<\/figcaption><\/a><\/figure><\/div><div class=\"col-6 col-sm-4\"><figure><a class=\"thumb-container\" href=\"https:\/\/www.salzburgerland.com\/de\/magazin\/wp-content\/uploads\/2025\/07\/IMG_2416-1280x1024.jpg\">\t<picture><source media=\"(min-width: 576px)\" srcset=\"https:\/\/www.salzburgerland.com\/de\/magazin\/wp-content\/uploads\/2025\/07\/IMG_2416-325x209.jpg 325w, https:\/\/www.salzburgerland.com\/de\/magazin\/wp-content\/uploads\/2025\/07\/IMG_2416-249x160.jpg 249w\"><\/source><source media=\"(min-width: 0)\" srcset=\"https:\/\/www.salzburgerland.com\/de\/magazin\/wp-content\/uploads\/2025\/07\/IMG_2416-249x160.jpg 249w, https:\/\/www.salzburgerland.com\/de\/magazin\/wp-content\/uploads\/2025\/07\/IMG_2416-325x209.jpg 325w\"><\/source><img decoding=\"async\" alt=\"Eine Holzh&uuml;tte auf der Hochsonnbergalm liegt an einem grasbewachsenen Hang mit verschlungenen Wegen und Zirbenb&auml;umen unter einem wolkenverhangenen Himmel.\" src=\"https:\/\/www.salzburgerland.com\/de\/magazin\/wp-content\/uploads\/2025\/07\/IMG_2416.jpg\">\t<\/picture><figcaption>&copy; Mathias Steger<\/figcaption><\/a><\/figure><\/div><div class=\"col-6 col-sm-4\"><figure><a class=\"thumb-container\" href=\"https:\/\/www.salzburgerland.com\/de\/magazin\/wp-content\/uploads\/2025\/07\/IMG_7047-1280x1024.jpg\">\t<picture><source media=\"(min-width: 576px)\" srcset=\"https:\/\/www.salzburgerland.com\/de\/magazin\/wp-content\/uploads\/2025\/07\/IMG_7047-325x209.jpg 325w, https:\/\/www.salzburgerland.com\/de\/magazin\/wp-content\/uploads\/2025\/07\/IMG_7047-249x160.jpg 249w\"><\/source><source media=\"(min-width: 0)\" srcset=\"https:\/\/www.salzburgerland.com\/de\/magazin\/wp-content\/uploads\/2025\/07\/IMG_7047-249x160.jpg 249w, https:\/\/www.salzburgerland.com\/de\/magazin\/wp-content\/uploads\/2025\/07\/IMG_7047-325x209.jpg 325w\"><\/source><img decoding=\"async\" alt=\"Gr&uuml;ne Wiese auf der Hochsonnbergalm mit vereinzelten B&auml;umen, mit Blick auf ferne blaue Berge unter einem sonnigen Himmel.\" src=\"https:\/\/www.salzburgerland.com\/de\/magazin\/wp-content\/uploads\/2025\/07\/IMG_7047.jpg\">\t<\/picture><figcaption>&copy; Mathias Steger<\/figcaption><\/a><\/figure><\/div><\/div><figcaption><\/figcaption><\/div>\n\n\n\n<p><strong>Noch ein Tipp f\u00fcr Pilz-Fans<\/strong>: Die Gegend ist bekannt f\u00fcr ihre Eierschwammerl. Mit etwas Gl\u00fcck und einem ge\u00fcbten Blick l\u00e4sst sich in der richtigen Jahreszeit vielleicht eine kleine Portion f\u00fcr ein feines Pilzgericht daheim mitnehmen.<\/p>\n\n\n\n<p>Gest\u00e4rkt und ausgeruht schwinge ich mich wieder aufs Rad. Die R\u00fcckfahrt hinunter ins Tal und nach Uttendorf geht dann fast wie von selbst. Einfach rollen lassen, die Landschaft genie\u00dfen und die vielen Eindr\u00fccke nochmal Revue passieren lassen\u2026 Was f\u00fcr ein sch\u00f6ner Tag im Uttendorfer Sonnberg.<\/p>\n\n\n\n<p>Die Hochsonnbergalm in Uttendorf ist von Anfang Juni bis Mitte September ge\u00f6ffnet.<\/p>\n\n\n\n<p>Uttendorfer Hochsonnbergalm<br>5723 Uttendorf<br>Telefon: +43 677 6183 4551<br>Mobil: +49 152 3393 5583<\/p>\n\n\n\n<p><a href=\"https:\/\/www.uttendorf.com\/de\/service\/ortsinfo\/pois\/SBG\/ea474cd8-856e-42ec-9d7a-0b32d86a5727\/hochsonnbergalm-1-925-m\" target=\"_blank\" rel=\"noreferrer noopener\">Weitere Informationen<\/a><\/p>\n\n\n\n<p><\/p>\n","protected":false},"excerpt":{"rendered":"<p>Obwohl die Tour zur Hochsonnbergalm besonders bei E-Bikern beliebt ist, entscheide ich mich f\u00fcr mein motorloses Mountainbike. Gestartet wird in der Nationalparkgemeinde Uttendorf auf rund 800 Metern Seeh\u00f6he. Unweit der Pfarrkirche f\u00fchrt die Stra\u00dfe hinauf Richtung Sonnberg. Schon nach ein paar Metern weiter oben er\u00f6ffnet sich ein herrlicher Blick auf den Uttendorfer Badesee und das [&hellip;]<\/p>\n","protected":false},"author":604,"featured_media":183619,"comment_status":"closed","ping_status":"closed","sticky":false,"template":"","format":"standard","meta":{"_acf_changed":false,"wl_entities_gutenberg":"","_wl_entity_redirect_enabled":"","footnotes":""},"categories":[8],"tags":[],"wl_entity_type":[306],"monatsauswahl":[],"class_list":["post-183617","post","type-post","status-publish","format-standard","has-post-thumbnail","hentry","category-outdoor-sport","wl_entity_type-article"],"acf":[],"yoast_head":"<!-- This site is optimized with the Yoast SEO Premium plugin v27.4 (Yoast SEO v27.4) - https:\/\/yoast.com\/product\/yoast-seo-premium-wordpress\/ -->\n<title>Mit dem Fahrrad auf die Hochsonnbergalm - SalzburgerLand Magazin<\/title>\n<meta name=\"description\" content=\"Die Hochsonnbergalm im Oberpinzgauer Ort Uttendorf l\u00e4sst sich gut zu Fu\u00df oder mit dem Fahrrad erreichen. Wir haben sie entdeckt.\" \/>\n<meta name=\"robots\" content=\"index, follow, max-snippet:-1, max-image-preview:large, max-video-preview:-1\" \/>\n<link rel=\"canonical\" href=\"https:\/\/www.salzburgerland.com\/de\/magazin\/mit-dem-fahrrad-auf-die-hochsonnbergalm\/\" \/>\n<meta property=\"og:locale\" content=\"de_DE\" \/>\n<meta property=\"og:type\" content=\"article\" \/>\n<meta property=\"og:title\" content=\"Mit dem Fahrrad auf die Hochsonnbergalm\" \/>\n<meta property=\"og:description\" content=\"Die Hochsonnbergalm im Oberpinzgauer Ort Uttendorf l\u00e4sst sich gut zu Fu\u00df oder mit dem Fahrrad erreichen. Wir haben sie entdeckt.\" \/>\n<meta property=\"og:url\" content=\"https:\/\/www.salzburgerland.com\/de\/magazin\/mit-dem-fahrrad-auf-die-hochsonnbergalm\/\" \/>\n<meta property=\"og:site_name\" content=\"SalzburgerLand Magazin\" \/>\n<meta property=\"article:publisher\" content=\"https:\/\/www.facebook.com\/salzburgerland\/\" \/>\n<meta property=\"article:published_time\" content=\"2025-08-04T05:00:00+00:00\" \/>\n<meta property=\"article:modified_time\" content=\"2025-08-05T04:27:40+00:00\" \/>\n<meta property=\"og:image\" content=\"https:\/\/www.salzburgerland.com\/de\/magazin\/wp-content\/uploads\/2025\/07\/IMG_7045.jpg\" \/>\n\t<meta property=\"og:image:width\" content=\"2000\" \/>\n\t<meta property=\"og:image:height\" content=\"1500\" \/>\n\t<meta property=\"og:image:type\" content=\"image\/jpeg\" \/>\n<meta name=\"author\" content=\"Mathias Steger\" \/>\n<meta name=\"twitter:card\" content=\"summary_large_image\" \/>\n<meta name=\"twitter:creator\" content=\"@Salzburgerland\" \/>\n<meta name=\"twitter:site\" content=\"@Salzburgerland\" \/>\n<meta name=\"twitter:label1\" content=\"Verfasst von\" \/>\n\t<meta name=\"twitter:data1\" content=\"Mathias Steger\" \/>\n\t<meta name=\"twitter:label2\" content=\"Gesch\u00e4tzte Lesezeit\" \/>\n\t<meta name=\"twitter:data2\" content=\"6\u00a0Minuten\" \/>\n<script type=\"application\/ld+json\" class=\"yoast-schema-graph\">{\"@context\":\"https:\\\/\\\/schema.org\",\"@graph\":[{\"@type\":\"Article\",\"@id\":\"https:\\\/\\\/www.salzburgerland.com\\\/de\\\/magazin\\\/mit-dem-fahrrad-auf-die-hochsonnbergalm\\\/#article\",\"isPartOf\":{\"@id\":\"https:\\\/\\\/www.salzburgerland.com\\\/de\\\/magazin\\\/mit-dem-fahrrad-auf-die-hochsonnbergalm\\\/\"},\"author\":{\"name\":\"Mathias Steger\",\"@id\":\"https:\\\/\\\/www.salzburgerland.com\\\/de\\\/magazin\\\/#\\\/schema\\\/person\\\/f4e038db32f01edbfd99a2f4c915df81\"},\"headline\":\"Mit dem Fahrrad auf die Hochsonnbergalm\",\"datePublished\":\"2025-08-04T05:00:00+00:00\",\"dateModified\":\"2025-08-05T04:27:40+00:00\",\"mainEntityOfPage\":{\"@id\":\"https:\\\/\\\/www.salzburgerland.com\\\/de\\\/magazin\\\/mit-dem-fahrrad-auf-die-hochsonnbergalm\\\/\"},\"wordCount\":692,\"publisher\":{\"@id\":\"https:\\\/\\\/www.salzburgerland.com\\\/de\\\/magazin\\\/#organization\"},\"image\":{\"@id\":\"https:\\\/\\\/www.salzburgerland.com\\\/de\\\/magazin\\\/mit-dem-fahrrad-auf-die-hochsonnbergalm\\\/#primaryimage\"},\"thumbnailUrl\":\"https:\\\/\\\/www.salzburgerland.com\\\/de\\\/magazin\\\/wp-content\\\/uploads\\\/2025\\\/07\\\/IMG_7045.jpg\",\"articleSection\":[\"Outdoor &amp; Sport\"],\"inLanguage\":\"de\"},{\"@type\":\"WebPage\",\"@id\":\"https:\\\/\\\/www.salzburgerland.com\\\/de\\\/magazin\\\/mit-dem-fahrrad-auf-die-hochsonnbergalm\\\/\",\"url\":\"https:\\\/\\\/www.salzburgerland.com\\\/de\\\/magazin\\\/mit-dem-fahrrad-auf-die-hochsonnbergalm\\\/\",\"name\":\"Mit dem Fahrrad auf die Hochsonnbergalm - SalzburgerLand Magazin\",\"isPartOf\":{\"@id\":\"https:\\\/\\\/www.salzburgerland.com\\\/de\\\/magazin\\\/#website\"},\"primaryImageOfPage\":{\"@id\":\"https:\\\/\\\/www.salzburgerland.com\\\/de\\\/magazin\\\/mit-dem-fahrrad-auf-die-hochsonnbergalm\\\/#primaryimage\"},\"image\":{\"@id\":\"https:\\\/\\\/www.salzburgerland.com\\\/de\\\/magazin\\\/mit-dem-fahrrad-auf-die-hochsonnbergalm\\\/#primaryimage\"},\"thumbnailUrl\":\"https:\\\/\\\/www.salzburgerland.com\\\/de\\\/magazin\\\/wp-content\\\/uploads\\\/2025\\\/07\\\/IMG_7045.jpg\",\"datePublished\":\"2025-08-04T05:00:00+00:00\",\"dateModified\":\"2025-08-05T04:27:40+00:00\",\"description\":\"Die Hochsonnbergalm im Oberpinzgauer Ort Uttendorf l\u00e4sst sich gut zu Fu\u00df oder mit dem Fahrrad erreichen. Wir haben sie entdeckt.\",\"breadcrumb\":{\"@id\":\"https:\\\/\\\/www.salzburgerland.com\\\/de\\\/magazin\\\/mit-dem-fahrrad-auf-die-hochsonnbergalm\\\/#breadcrumb\"},\"inLanguage\":\"de\",\"potentialAction\":[{\"@type\":\"ReadAction\",\"target\":[\"https:\\\/\\\/www.salzburgerland.com\\\/de\\\/magazin\\\/mit-dem-fahrrad-auf-die-hochsonnbergalm\\\/\"]}]},{\"@type\":\"ImageObject\",\"inLanguage\":\"de\",\"@id\":\"https:\\\/\\\/www.salzburgerland.com\\\/de\\\/magazin\\\/mit-dem-fahrrad-auf-die-hochsonnbergalm\\\/#primaryimage\",\"url\":\"https:\\\/\\\/www.salzburgerland.com\\\/de\\\/magazin\\\/wp-content\\\/uploads\\\/2025\\\/07\\\/IMG_7045.jpg\",\"contentUrl\":\"https:\\\/\\\/www.salzburgerland.com\\\/de\\\/magazin\\\/wp-content\\\/uploads\\\/2025\\\/07\\\/IMG_7045.jpg\",\"width\":2000,\"height\":1500,\"caption\":\"Eine Holzh\u00fctte am grasbewachsenen Hang der Hochsonnbergalm mit Berggipfeln und blauem Himmel im Hintergrund.\"},{\"@type\":\"BreadcrumbList\",\"@id\":\"https:\\\/\\\/www.salzburgerland.com\\\/de\\\/magazin\\\/mit-dem-fahrrad-auf-die-hochsonnbergalm\\\/#breadcrumb\",\"itemListElement\":[{\"@type\":\"ListItem\",\"position\":1,\"name\":\"Startseite\",\"item\":\"https:\\\/\\\/www.salzburgerland.com\\\/de\\\/magazin\\\/\"},{\"@type\":\"ListItem\",\"position\":2,\"name\":\"Outdoor &amp; Sport\",\"item\":\"https:\\\/\\\/www.salzburgerland.com\\\/de\\\/magazin\\\/thema\\\/outdoor-sport\\\/\"},{\"@type\":\"ListItem\",\"position\":3,\"name\":\"Mit dem Fahrrad auf die Hochsonnbergalm\"}]},{\"@type\":\"WebSite\",\"@id\":\"https:\\\/\\\/www.salzburgerland.com\\\/de\\\/magazin\\\/#website\",\"url\":\"https:\\\/\\\/www.salzburgerland.com\\\/de\\\/magazin\\\/\",\"name\":\"SalzburgerLand Magazin\",\"description\":\"Geschichten und Interessantes aus dem SalzburgerLand\",\"publisher\":{\"@id\":\"https:\\\/\\\/www.salzburgerland.com\\\/de\\\/magazin\\\/#organization\"},\"potentialAction\":[{\"@type\":\"SearchAction\",\"target\":{\"@type\":\"EntryPoint\",\"urlTemplate\":\"https:\\\/\\\/www.salzburgerland.com\\\/de\\\/magazin\\\/?s={search_term_string}\"},\"query-input\":{\"@type\":\"PropertyValueSpecification\",\"valueRequired\":true,\"valueName\":\"search_term_string\"}}],\"inLanguage\":\"de\"},{\"@type\":\"Organization\",\"@id\":\"https:\\\/\\\/www.salzburgerland.com\\\/de\\\/magazin\\\/#organization\",\"name\":\"SalzburgerLand Tourismus\",\"url\":\"https:\\\/\\\/www.salzburgerland.com\\\/de\\\/magazin\\\/\",\"logo\":{\"@type\":\"ImageObject\",\"inLanguage\":\"de\",\"@id\":\"https:\\\/\\\/www.salzburgerland.com\\\/de\\\/magazin\\\/#\\\/schema\\\/logo\\\/image\\\/\",\"url\":\"https:\\\/\\\/www.salzburgerland.com\\\/de\\\/magazin\\\/wp-content\\\/uploads\\\/2019\\\/06\\\/salzburgerland-logo1.jpg\",\"contentUrl\":\"https:\\\/\\\/www.salzburgerland.com\\\/de\\\/magazin\\\/wp-content\\\/uploads\\\/2019\\\/06\\\/salzburgerland-logo1.jpg\",\"width\":2011,\"height\":866,\"caption\":\"SalzburgerLand Tourismus\"},\"image\":{\"@id\":\"https:\\\/\\\/www.salzburgerland.com\\\/de\\\/magazin\\\/#\\\/schema\\\/logo\\\/image\\\/\"},\"sameAs\":[\"https:\\\/\\\/www.facebook.com\\\/salzburgerland\\\/\",\"https:\\\/\\\/x.com\\\/Salzburgerland\",\"https:\\\/\\\/www.instagram.com\\\/salzburgerland\\\/\",\"https:\\\/\\\/at.linkedin.com\\\/company\\\/salzburgerland-tourismus-gmbh\",\"https:\\\/\\\/www.pinterest.at\\\/salzburgerland\\\/\",\"https:\\\/\\\/www.youtube.com\\\/user\\\/salzburgerland\",\"https:\\\/\\\/de.wikipedia.org\\\/wiki\\\/SalzburgerLand_Tourismus_GmbH\"]},{\"@type\":\"Person\",\"@id\":\"https:\\\/\\\/www.salzburgerland.com\\\/de\\\/magazin\\\/#\\\/schema\\\/person\\\/f4e038db32f01edbfd99a2f4c915df81\",\"name\":\"Mathias Steger\",\"description\":\"Dosiger oder Zuagroast? Ich darf Uttendorf im Pinzgau meine Heimat nennen. Aktuell wohne ich auch in Z\u00fcrich in der Schweiz, ich bin und bleibe aber besonders heimatverbunden und f\u00fchle mich im Pinzgau so richtig zu Hause. Dazu geh\u00f6rt f\u00fcr mich auch der Pinzgauer Dialekt. Mozart oder Hubert von Goisern? Eindeutig Hubert von Goisern. Bei \u201eWeit, weit weg\u201c oder \u201eHeast as nit\u201c bekomme ich immer wieder G\u00e4nsehaut. Wellness oder Mountainbike? Die Kombination aus beiden macht es wirklich aus. Nach einem langen Fahrradausflug tut ein bisschen Wellness einfach gut. Ausstellung oder Bergpanorama? Am liebsten ist mir, wenn ich das Bergpanorama hautnah erleben darf, etwa bei einer anspruchsvollen Wanderung, einer langen Fahrradtour oder einer winterlichen Skitour. Mountainbike oder Rennrad? Mit meinem Mountainbike \u201eMajnun\u201c fahre ich nicht nur in den Salzburger Bergen herum, sondern unternehme auch mehrt\u00e4gige Touren, um andere Regionen und L\u00e4nder zu erkunden. Einmal habe ich es sogar bis nach Griechenland geschafft. Alpinski, Offpiste oder Skitour? Fr\u00fcher w\u00e4ren es die Alpinskier gewesen. Heute f\u00e4llt meine Entscheidung eindeutig auf eine Skitour. In unber\u00fchrter Natur sanft durch den Neuschnee zu gleiten und dann die Abfahrt zu genie\u00dfen, ist f\u00fcr mich immer wieder ein au\u00dfergew\u00f6hnliches Erlebnis. Und ich bin dankbar, dass ich dazu im Pinzgau so viele M\u00f6glichkeiten habe. Rindsroulade vom Pinzgauer Biorind oder Saibling fangfrisch aus dem Fuschlsee? Ich bin ein wahrer Fischliebhaber und entscheide mich also eindeutig f\u00fcr den Saibling. Wie er wohl zubereitet wird\u2026? Auf Fleisch verzichte ich aus ethischen Gr\u00fcnden so gut wie m\u00f6glich. Besonders wichtig ist es mir, auf nachhaltige und m\u00f6glicherweise biologische Ern\u00e4hrung zu achten.\",\"url\":\"https:\\\/\\\/www.salzburgerland.com\\\/de\\\/magazin\\\/author\\\/msteger\\\/\"}]}<\/script>\n<!-- \/ Yoast SEO Premium plugin. -->","yoast_head_json":{"title":"Mit dem Fahrrad auf die Hochsonnbergalm - SalzburgerLand Magazin","description":"Die Hochsonnbergalm im Oberpinzgauer Ort Uttendorf l\u00e4sst sich gut zu Fu\u00df oder mit dem Fahrrad erreichen. Wir haben sie entdeckt.","robots":{"index":"index","follow":"follow","max-snippet":"max-snippet:-1","max-image-preview":"max-image-preview:large","max-video-preview":"max-video-preview:-1"},"canonical":"https:\/\/www.salzburgerland.com\/de\/magazin\/mit-dem-fahrrad-auf-die-hochsonnbergalm\/","og_locale":"de_DE","og_type":"article","og_title":"Mit dem Fahrrad auf die Hochsonnbergalm","og_description":"Die Hochsonnbergalm im Oberpinzgauer Ort Uttendorf l\u00e4sst sich gut zu Fu\u00df oder mit dem Fahrrad erreichen. Wir haben sie entdeckt.","og_url":"https:\/\/www.salzburgerland.com\/de\/magazin\/mit-dem-fahrrad-auf-die-hochsonnbergalm\/","og_site_name":"SalzburgerLand Magazin","article_publisher":"https:\/\/www.facebook.com\/salzburgerland\/","article_published_time":"2025-08-04T05:00:00+00:00","article_modified_time":"2025-08-05T04:27:40+00:00","og_image":[{"width":2000,"height":1500,"url":"https:\/\/www.salzburgerland.com\/de\/magazin\/wp-content\/uploads\/2025\/07\/IMG_7045.jpg","type":"image\/jpeg"}],"author":"Mathias Steger","twitter_card":"summary_large_image","twitter_creator":"@Salzburgerland","twitter_site":"@Salzburgerland","twitter_misc":{"Verfasst von":"Mathias Steger","Gesch\u00e4tzte Lesezeit":"6\u00a0Minuten"},"schema":{"@context":"https:\/\/schema.org","@graph":[{"@type":"Article","@id":"https:\/\/www.salzburgerland.com\/de\/magazin\/mit-dem-fahrrad-auf-die-hochsonnbergalm\/#article","isPartOf":{"@id":"https:\/\/www.salzburgerland.com\/de\/magazin\/mit-dem-fahrrad-auf-die-hochsonnbergalm\/"},"author":{"name":"Mathias Steger","@id":"https:\/\/www.salzburgerland.com\/de\/magazin\/#\/schema\/person\/f4e038db32f01edbfd99a2f4c915df81"},"headline":"Mit dem Fahrrad auf die Hochsonnbergalm","datePublished":"2025-08-04T05:00:00+00:00","dateModified":"2025-08-05T04:27:40+00:00","mainEntityOfPage":{"@id":"https:\/\/www.salzburgerland.com\/de\/magazin\/mit-dem-fahrrad-auf-die-hochsonnbergalm\/"},"wordCount":692,"publisher":{"@id":"https:\/\/www.salzburgerland.com\/de\/magazin\/#organization"},"image":{"@id":"https:\/\/www.salzburgerland.com\/de\/magazin\/mit-dem-fahrrad-auf-die-hochsonnbergalm\/#primaryimage"},"thumbnailUrl":"https:\/\/www.salzburgerland.com\/de\/magazin\/wp-content\/uploads\/2025\/07\/IMG_7045.jpg","articleSection":["Outdoor &amp; Sport"],"inLanguage":"de"},{"@type":"WebPage","@id":"https:\/\/www.salzburgerland.com\/de\/magazin\/mit-dem-fahrrad-auf-die-hochsonnbergalm\/","url":"https:\/\/www.salzburgerland.com\/de\/magazin\/mit-dem-fahrrad-auf-die-hochsonnbergalm\/","name":"Mit dem Fahrrad auf die Hochsonnbergalm - SalzburgerLand Magazin","isPartOf":{"@id":"https:\/\/www.salzburgerland.com\/de\/magazin\/#website"},"primaryImageOfPage":{"@id":"https:\/\/www.salzburgerland.com\/de\/magazin\/mit-dem-fahrrad-auf-die-hochsonnbergalm\/#primaryimage"},"image":{"@id":"https:\/\/www.salzburgerland.com\/de\/magazin\/mit-dem-fahrrad-auf-die-hochsonnbergalm\/#primaryimage"},"thumbnailUrl":"https:\/\/www.salzburgerland.com\/de\/magazin\/wp-content\/uploads\/2025\/07\/IMG_7045.jpg","datePublished":"2025-08-04T05:00:00+00:00","dateModified":"2025-08-05T04:27:40+00:00","description":"Die Hochsonnbergalm im Oberpinzgauer Ort Uttendorf l\u00e4sst sich gut zu Fu\u00df oder mit dem Fahrrad erreichen. Wir haben sie entdeckt.","breadcrumb":{"@id":"https:\/\/www.salzburgerland.com\/de\/magazin\/mit-dem-fahrrad-auf-die-hochsonnbergalm\/#breadcrumb"},"inLanguage":"de","potentialAction":[{"@type":"ReadAction","target":["https:\/\/www.salzburgerland.com\/de\/magazin\/mit-dem-fahrrad-auf-die-hochsonnbergalm\/"]}]},{"@type":"ImageObject","inLanguage":"de","@id":"https:\/\/www.salzburgerland.com\/de\/magazin\/mit-dem-fahrrad-auf-die-hochsonnbergalm\/#primaryimage","url":"https:\/\/www.salzburgerland.com\/de\/magazin\/wp-content\/uploads\/2025\/07\/IMG_7045.jpg","contentUrl":"https:\/\/www.salzburgerland.com\/de\/magazin\/wp-content\/uploads\/2025\/07\/IMG_7045.jpg","width":2000,"height":1500,"caption":"Eine Holzh\u00fctte am grasbewachsenen Hang der Hochsonnbergalm mit Berggipfeln und blauem Himmel im Hintergrund."},{"@type":"BreadcrumbList","@id":"https:\/\/www.salzburgerland.com\/de\/magazin\/mit-dem-fahrrad-auf-die-hochsonnbergalm\/#breadcrumb","itemListElement":[{"@type":"ListItem","position":1,"name":"Startseite","item":"https:\/\/www.salzburgerland.com\/de\/magazin\/"},{"@type":"ListItem","position":2,"name":"Outdoor &amp; Sport","item":"https:\/\/www.salzburgerland.com\/de\/magazin\/thema\/outdoor-sport\/"},{"@type":"ListItem","position":3,"name":"Mit dem Fahrrad auf die Hochsonnbergalm"}]},{"@type":"WebSite","@id":"https:\/\/www.salzburgerland.com\/de\/magazin\/#website","url":"https:\/\/www.salzburgerland.com\/de\/magazin\/","name":"SalzburgerLand Magazin","description":"Geschichten und Interessantes aus dem SalzburgerLand","publisher":{"@id":"https:\/\/www.salzburgerland.com\/de\/magazin\/#organization"},"potentialAction":[{"@type":"SearchAction","target":{"@type":"EntryPoint","urlTemplate":"https:\/\/www.salzburgerland.com\/de\/magazin\/?s={search_term_string}"},"query-input":{"@type":"PropertyValueSpecification","valueRequired":true,"valueName":"search_term_string"}}],"inLanguage":"de"},{"@type":"Organization","@id":"https:\/\/www.salzburgerland.com\/de\/magazin\/#organization","name":"SalzburgerLand Tourismus","url":"https:\/\/www.salzburgerland.com\/de\/magazin\/","logo":{"@type":"ImageObject","inLanguage":"de","@id":"https:\/\/www.salzburgerland.com\/de\/magazin\/#\/schema\/logo\/image\/","url":"https:\/\/www.salzburgerland.com\/de\/magazin\/wp-content\/uploads\/2019\/06\/salzburgerland-logo1.jpg","contentUrl":"https:\/\/www.salzburgerland.com\/de\/magazin\/wp-content\/uploads\/2019\/06\/salzburgerland-logo1.jpg","width":2011,"height":866,"caption":"SalzburgerLand Tourismus"},"image":{"@id":"https:\/\/www.salzburgerland.com\/de\/magazin\/#\/schema\/logo\/image\/"},"sameAs":["https:\/\/www.facebook.com\/salzburgerland\/","https:\/\/x.com\/Salzburgerland","https:\/\/www.instagram.com\/salzburgerland\/","https:\/\/at.linkedin.com\/company\/salzburgerland-tourismus-gmbh","https:\/\/www.pinterest.at\/salzburgerland\/","https:\/\/www.youtube.com\/user\/salzburgerland","https:\/\/de.wikipedia.org\/wiki\/SalzburgerLand_Tourismus_GmbH"]},{"@type":"Person","@id":"https:\/\/www.salzburgerland.com\/de\/magazin\/#\/schema\/person\/f4e038db32f01edbfd99a2f4c915df81","name":"Mathias Steger","description":"Dosiger oder Zuagroast? Ich darf Uttendorf im Pinzgau meine Heimat nennen. Aktuell wohne ich auch in Z\u00fcrich in der Schweiz, ich bin und bleibe aber besonders heimatverbunden und f\u00fchle mich im Pinzgau so richtig zu Hause. Dazu geh\u00f6rt f\u00fcr mich auch der Pinzgauer Dialekt. Mozart oder Hubert von Goisern? Eindeutig Hubert von Goisern. Bei \u201eWeit, weit weg\u201c oder \u201eHeast as nit\u201c bekomme ich immer wieder G\u00e4nsehaut. Wellness oder Mountainbike? Die Kombination aus beiden macht es wirklich aus. Nach einem langen Fahrradausflug tut ein bisschen Wellness einfach gut. Ausstellung oder Bergpanorama? Am liebsten ist mir, wenn ich das Bergpanorama hautnah erleben darf, etwa bei einer anspruchsvollen Wanderung, einer langen Fahrradtour oder einer winterlichen Skitour. Mountainbike oder Rennrad? Mit meinem Mountainbike \u201eMajnun\u201c fahre ich nicht nur in den Salzburger Bergen herum, sondern unternehme auch mehrt\u00e4gige Touren, um andere Regionen und L\u00e4nder zu erkunden. Einmal habe ich es sogar bis nach Griechenland geschafft. Alpinski, Offpiste oder Skitour? Fr\u00fcher w\u00e4ren es die Alpinskier gewesen. Heute f\u00e4llt meine Entscheidung eindeutig auf eine Skitour. In unber\u00fchrter Natur sanft durch den Neuschnee zu gleiten und dann die Abfahrt zu genie\u00dfen, ist f\u00fcr mich immer wieder ein au\u00dfergew\u00f6hnliches Erlebnis. Und ich bin dankbar, dass ich dazu im Pinzgau so viele M\u00f6glichkeiten habe. Rindsroulade vom Pinzgauer Biorind oder Saibling fangfrisch aus dem Fuschlsee? Ich bin ein wahrer Fischliebhaber und entscheide mich also eindeutig f\u00fcr den Saibling. Wie er wohl zubereitet wird\u2026? Auf Fleisch verzichte ich aus ethischen Gr\u00fcnden so gut wie m\u00f6glich. Besonders wichtig ist es mir, auf nachhaltige und m\u00f6glicherweise biologische Ern\u00e4hrung zu achten.","url":"https:\/\/www.salzburgerland.com\/de\/magazin\/author\/msteger\/"}]}},"_wl_alt_label":[],"wl:entity_url":"http:\/\/open.salzburgerland.com\/magazin\/post\/mit-dem-fahrrad-auf-die-hochsonnbergalm-in-uttendorf-183617","_links":{"self":[{"href":"https:\/\/www.salzburgerland.com\/de\/magazin\/wp-json\/wp\/v2\/posts\/183617","targetHints":{"allow":["GET"]}}],"collection":[{"href":"https:\/\/www.salzburgerland.com\/de\/magazin\/wp-json\/wp\/v2\/posts"}],"about":[{"href":"https:\/\/www.salzburgerland.com\/de\/magazin\/wp-json\/wp\/v2\/types\/post"}],"author":[{"embeddable":true,"href":"https:\/\/www.salzburgerland.com\/de\/magazin\/wp-json\/wp\/v2\/users\/604"}],"replies":[{"embeddable":true,"href":"https:\/\/www.salzburgerland.com\/de\/magazin\/wp-json\/wp\/v2\/comments?post=183617"}],"version-history":[{"count":12,"href":"https:\/\/www.salzburgerland.com\/de\/magazin\/wp-json\/wp\/v2\/posts\/183617\/revisions"}],"predecessor-version":[{"id":183896,"href":"https:\/\/www.salzburgerland.com\/de\/magazin\/wp-json\/wp\/v2\/posts\/183617\/revisions\/183896"}],"wp:featuredmedia":[{"embeddable":true,"href":"https:\/\/www.salzburgerland.com\/de\/magazin\/wp-json\/wp\/v2\/media\/183619"}],"wp:attachment":[{"href":"https:\/\/www.salzburgerland.com\/de\/magazin\/wp-json\/wp\/v2\/media?parent=183617"}],"wp:term":[{"taxonomy":"category","embeddable":true,"href":"https:\/\/www.salzburgerland.com\/de\/magazin\/wp-json\/wp\/v2\/categories?post=183617"},{"taxonomy":"post_tag","embeddable":true,"href":"https:\/\/www.salzburgerland.com\/de\/magazin\/wp-json\/wp\/v2\/tags?post=183617"},{"taxonomy":"wl_entity_type","embeddable":true,"href":"https:\/\/www.salzburgerland.com\/de\/magazin\/wp-json\/wp\/v2\/wl_entity_type?post=183617"},{"taxonomy":"monatsauswahl","embeddable":true,"href":"https:\/\/www.salzburgerland.com\/de\/magazin\/wp-json\/wp\/v2\/monatsauswahl?post=183617"}],"curies":[{"name":"wp","href":"https:\/\/api.w.org\/{rel}","templated":true}]}}