{"id":183553,"date":"2025-08-01T07:00:00","date_gmt":"2025-08-01T05:00:00","guid":{"rendered":"https:\/\/www.salzburgerland.com\/de\/magazin\/?p=183553"},"modified":"2025-07-25T07:18:58","modified_gmt":"2025-07-25T05:18:58","slug":"spitzeneishockey-in-zell-am-see","status":"publish","type":"post","link":"https:\/\/www.salzburgerland.com\/de\/magazin\/spitzeneishockey-in-zell-am-see\/","title":{"rendered":"Spitzeneishockey in Zell am See"},"content":{"rendered":"\n<div class=\"wp-block-slt-top topBlocks\">\n<h2 class=\"wp-block-slt-subtitle\">Am 22. und 23. August steigt das prestigetr\u00e4chtige Red Bulls Salute<\/h2>\n\n\n\n<p class=\"wp-block-slt-intro\">Die Heimst\u00e4tte der Zeller Eisb\u00e4ren verwandelt sich in diesem Sommer in eine internationale B\u00fchne f\u00fcr den Eishockeysport. Neben den Gastgebern EC Red Bull Salzburg und EHC Red Bull M\u00fcnchen komplettieren der schwedische Champions-League-Sieger von 2022, R\u00f6gle BK und der dreimalige Schweizer Meister, EV Zug, das hochkar\u00e4tige Teilnehmerfeld.<\/p>\n<\/div>\n\n\n\n<p>Das Turnier verspricht packende Duelle zwischen Teams aus vier europ\u00e4ischen Top-Ligen. Die Vorfreude ist bereits gro\u00df und das SalzburgerLand Magazin sprach mit Michael Amon, Head of Marketing bei Zell am See-Kaprun Tourismus, Katharina Seebacher vom EK Zell am See und mit den beiden Top-Spielern Thomas Raffl und Michael Raffl. Die beiden Br\u00fcder spielen in dieser Saison erstmals gemeinsam f\u00fcr den EC Red Bull Salzburg.<\/p>\n\n\n<div class=\"mag-gallery\"><div class=\"row\"><div class=\"col-6 col-sm-4\"><figure><a class=\"thumb-container\" href=\"https:\/\/www.salzburgerland.com\/de\/magazin\/wp-content\/uploads\/2025\/07\/1H3A1007_-1280x1024.jpg\">\t<picture><source media=\"(min-width: 576px)\" srcset=\"https:\/\/www.salzburgerland.com\/de\/magazin\/wp-content\/uploads\/2025\/07\/1H3A1007_-325x209.jpg 325w, https:\/\/www.salzburgerland.com\/de\/magazin\/wp-content\/uploads\/2025\/07\/1H3A1007_-249x160.jpg 249w\"><\/source><source media=\"(min-width: 0)\" srcset=\"https:\/\/www.salzburgerland.com\/de\/magazin\/wp-content\/uploads\/2025\/07\/1H3A1007_-249x160.jpg 249w, https:\/\/www.salzburgerland.com\/de\/magazin\/wp-content\/uploads\/2025\/07\/1H3A1007_-325x209.jpg 325w\"><\/source><img decoding=\"async\" alt=\"Eine Eishockeymannschaft in Red Bull Trikots feiert mit jubelnden Fans in einer &uuml;berf&uuml;llten Arena.\" src=\"https:\/\/www.salzburgerland.com\/de\/magazin\/wp-content\/uploads\/2025\/07\/1H3A1007_-scaled.jpg\">\t<\/picture><figcaption>&copy; ECRBS\/Karpaviciute<\/figcaption><\/a><\/figure><\/div><div class=\"col-6 col-sm-4\"><figure><a class=\"thumb-container\" href=\"https:\/\/www.salzburgerland.com\/de\/magazin\/wp-content\/uploads\/2025\/07\/2W4A34491-1280x1024.jpg\">\t<picture><source media=\"(min-width: 576px)\" srcset=\"https:\/\/www.salzburgerland.com\/de\/magazin\/wp-content\/uploads\/2025\/07\/2W4A34491-325x209.jpg 325w, https:\/\/www.salzburgerland.com\/de\/magazin\/wp-content\/uploads\/2025\/07\/2W4A34491-249x160.jpg 249w\"><\/source><source media=\"(min-width: 0)\" srcset=\"https:\/\/www.salzburgerland.com\/de\/magazin\/wp-content\/uploads\/2025\/07\/2W4A34491-249x160.jpg 249w, https:\/\/www.salzburgerland.com\/de\/magazin\/wp-content\/uploads\/2025\/07\/2W4A34491-325x209.jpg 325w\"><\/source><img decoding=\"async\" alt=\"Menschenmenge bei einer Sportveranstaltung, die auf der Trib&uuml;ne eine blaue Red Bulls Salute Invitation Tournament-Fahne schwenkt.\" src=\"https:\/\/www.salzburgerland.com\/de\/magazin\/wp-content\/uploads\/2025\/07\/2W4A34491-scaled.jpg\">\t<\/picture><figcaption>&copy; ECRBS\/Karpaviciute<\/figcaption><\/a><\/figure><\/div><div class=\"col-6 col-sm-4\"><figure><a class=\"thumb-container\" href=\"https:\/\/www.salzburgerland.com\/de\/magazin\/wp-content\/uploads\/2025\/07\/ORIGINAL_ORIGINAL_2025_Salute_16-9-1280x1024.png\">\t<picture><source media=\"(min-width: 576px)\" srcset=\"https:\/\/www.salzburgerland.com\/de\/magazin\/wp-content\/uploads\/2025\/07\/ORIGINAL_ORIGINAL_2025_Salute_16-9-325x209.png 325w, https:\/\/www.salzburgerland.com\/de\/magazin\/wp-content\/uploads\/2025\/07\/ORIGINAL_ORIGINAL_2025_Salute_16-9-249x160.png 249w\"><\/source><source media=\"(min-width: 0)\" srcset=\"https:\/\/www.salzburgerland.com\/de\/magazin\/wp-content\/uploads\/2025\/07\/ORIGINAL_ORIGINAL_2025_Salute_16-9-249x160.png 249w, https:\/\/www.salzburgerland.com\/de\/magazin\/wp-content\/uploads\/2025\/07\/ORIGINAL_ORIGINAL_2025_Salute_16-9-325x209.png 325w\"><\/source><img decoding=\"async\" alt=\"Vier Eishockeyspieler in Mannschaftstrikots mit Informationen zum Red Bulls Salute-Turnier und zu den Eintrittskarten.\" src=\"https:\/\/www.salzburgerland.com\/de\/magazin\/wp-content\/uploads\/2025\/07\/ORIGINAL_ORIGINAL_2025_Salute_16-9.png\">\t<\/picture><figcaption>&copy; EHC Red Bull M&uuml;nchen\/EC Red Bull Salzburg<\/figcaption><\/a><\/figure><\/div><\/div><figcaption><\/figcaption><\/div>\n\n\n\n<h2 class=\"wp-block-heading\" id=\"h-zell-am-see-als-eishockey-region\">Zell am See als Eishockey -Region<\/h2>\n\n\n\n<p>\u201eAus touristischer Sicht ist das Eishockeyturnier ein wichtiger Impulsgeber in der Positionierung als Eishockey-Region: Eishockey ist bei uns in der Region nicht nur im Winter, sondern das ganze Jahr \u00fcber erlebbar. Durch die hervorragenden Voraussetzungen vor Ort gibt es mit dem EKZ nicht nur ein erstklassiges Team, sondern viele weitere Eissportarten und Turniere in der Hockey Town Zell am See\u201c, sagt Michael Amon, Head of Marketing bei Zell am See-Kaprun Tourismus, der weiter meint: \u201eZudem kommen Top-Teams und Hobby-Teams zur Vorbereitung nach Zell am See-Kaprun. Dieses Turnier ist davon der H\u00f6hepunkt und verbindet Sport, Erlebnis und Gastfreundschaft auf einzigartige Weise \u2013 sportlich, famili\u00e4r, authentisch zwischen Gletscher, Berg und See.\u201c<\/p>\n\n\n\n<p>Das Red Bulls Salute wurde von 2005 bis 2013 in der Eisarena in Salzburg ausgetragen. Im ersten Jahr lief es noch unter dem Namen Red Bulls Face-Off. Danach folgte eine vierj\u00e4hrige Pause. Seit der Neuauflage 2017 geht das Turnier nun zum 9. Mal \u00fcber die B\u00fchne. Damals und 2018 fand es in Garmisch-Partenkirchen statt. Von 2019 bis 2022 durfte sich das Publikum in Kitzb\u00fchel \u00fcber das Red Bulls Salute freuen und im Jahr 2023 wechselte das Turnier nach Zell am See, wo es heuer zum dritten Mal ausgetragen wird.<\/p>\n\n\n<div class=\"mag-gallery\"><div class=\"row\"><div class=\"col-6 col-sm-4\"><figure><a class=\"thumb-container\" href=\"https:\/\/www.salzburgerland.com\/de\/magazin\/wp-content\/uploads\/2025\/07\/1H3A0975__1-1280x1024.jpg\">\t<picture><source media=\"(min-width: 576px)\" srcset=\"https:\/\/www.salzburgerland.com\/de\/magazin\/wp-content\/uploads\/2025\/07\/1H3A0975__1-325x209.jpg 325w, https:\/\/www.salzburgerland.com\/de\/magazin\/wp-content\/uploads\/2025\/07\/1H3A0975__1-249x160.jpg 249w\"><\/source><source media=\"(min-width: 0)\" srcset=\"https:\/\/www.salzburgerland.com\/de\/magazin\/wp-content\/uploads\/2025\/07\/1H3A0975__1-249x160.jpg 249w, https:\/\/www.salzburgerland.com\/de\/magazin\/wp-content\/uploads\/2025\/07\/1H3A0975__1-325x209.jpg 325w\"><\/source><img decoding=\"async\" alt=\"Eishockeyspieler in Trikots der Red Bulls knien auf dem Eis und stehen vor einer jubelnden Menge in einer Halle.\" src=\"https:\/\/www.salzburgerland.com\/de\/magazin\/wp-content\/uploads\/2025\/07\/1H3A0975__1-scaled.jpg\">\t<\/picture><figcaption>&copy; ECRBS\/Karpaviciute<\/figcaption><\/a><\/figure><\/div><div class=\"col-6 col-sm-4\"><figure><a class=\"thumb-container\" href=\"https:\/\/www.salzburgerland.com\/de\/magazin\/wp-content\/uploads\/2025\/07\/2W4A4552_1-1280x1024.jpg\">\t<picture><source media=\"(min-width: 576px)\" srcset=\"https:\/\/www.salzburgerland.com\/de\/magazin\/wp-content\/uploads\/2025\/07\/2W4A4552_1-325x209.jpg 325w, https:\/\/www.salzburgerland.com\/de\/magazin\/wp-content\/uploads\/2025\/07\/2W4A4552_1-249x160.jpg 249w\"><\/source><source media=\"(min-width: 0)\" srcset=\"https:\/\/www.salzburgerland.com\/de\/magazin\/wp-content\/uploads\/2025\/07\/2W4A4552_1-249x160.jpg 249w, https:\/\/www.salzburgerland.com\/de\/magazin\/wp-content\/uploads\/2025\/07\/2W4A4552_1-325x209.jpg 325w\"><\/source><img decoding=\"async\" alt=\"Eishockeyspieler in Aktion w&auml;hrend eines Spiels, mit Zuschauern, die hinter der Glasscheibe zuschauen.\" src=\"https:\/\/www.salzburgerland.com\/de\/magazin\/wp-content\/uploads\/2025\/07\/2W4A4552_1-scaled.jpg\">\t<\/picture><figcaption>&copy; ECRBS\/Karpaviciute<\/figcaption><\/a><\/figure><\/div><div class=\"col-6 col-sm-4\"><figure><a class=\"thumb-container\" href=\"https:\/\/www.salzburgerland.com\/de\/magazin\/wp-content\/uploads\/2025\/07\/EVZug-ZSCLions-NL-250222-PH00597-1280x1024.jpg\">\t<picture><source media=\"(min-width: 576px)\" srcset=\"https:\/\/www.salzburgerland.com\/de\/magazin\/wp-content\/uploads\/2025\/07\/EVZug-ZSCLions-NL-250222-PH00597-325x209.jpg 325w, https:\/\/www.salzburgerland.com\/de\/magazin\/wp-content\/uploads\/2025\/07\/EVZug-ZSCLions-NL-250222-PH00597-249x160.jpg 249w\"><\/source><source media=\"(min-width: 0)\" srcset=\"https:\/\/www.salzburgerland.com\/de\/magazin\/wp-content\/uploads\/2025\/07\/EVZug-ZSCLions-NL-250222-PH00597-249x160.jpg 249w, https:\/\/www.salzburgerland.com\/de\/magazin\/wp-content\/uploads\/2025\/07\/EVZug-ZSCLions-NL-250222-PH00597-325x209.jpg 325w\"><\/source><img decoding=\"async\" alt=\"Eishockeyspieler im blauen Trikot, der w&auml;hrend eines Spiels ausgelassen auf dem Eis jubelt.\" src=\"https:\/\/www.salzburgerland.com\/de\/magazin\/wp-content\/uploads\/2025\/07\/EVZug-ZSCLions-NL-250222-PH00597-scaled.jpg\">\t<\/picture><figcaption>Mit dabei ist auch das Spitzenteam EV Zug aus der Schweiz. &copy; EV Zug\/Philipp Hegglin<\/figcaption><\/a><\/figure><\/div><\/div><figcaption><\/figcaption><\/div>\n\n\n\n<h2 class=\"wp-block-heading\" id=\"h-eishockey-amp-urlaub-verbinden\">Eishockey &amp; Urlaub verbinden <\/h2>\n\n\n\n<p>\u201eDas Red Bulls Salute-Turnier zeichnet sich dadurch aus, dass jedes Jahr Spitzenclubs aus europ\u00e4ischen Top-Ligen aufeinandertreffen und Eishockey auf h\u00f6chstem Niveau geboten wird. F\u00fcr die Fans ist es eine seltene Gelegenheit, bereits im Sommer hochklassige Spiele live zu erleben. Gleichzeitig dient das Turnier den teilnehmenden Mannschaften als wertvolle Vorbereitung auf die bevorstehende Saison \u2013 mit intensiven Duellen, die echte Wettkampfatmosph\u00e4re schaffen\u201c, erkl\u00e4rt Katharina Seebacher vom EK Zell am See. Sie erz\u00e4hlt, dass das Turnier zahlreiche Fans aus M\u00fcnchen, Salzburg und der Schweiz nach Zell am See locken wird. \u201eUnd in diesem Jahr sind sogar Anh\u00e4nger des schwedischen Klubs R\u00f6gle BK mit dabei. Dadurch gewinnt die Region nicht nur an sportlicher Aufmerksamkeit, sondern auch an zus\u00e4tzlichen Urlaubsg\u00e4sten, die ihren Besuch mit einem Aufenthalt in der Ferienregion verbinden\u201c, so Seebacher.<\/p>\n\n\n<div class=\"mag-gallery\"><div class=\"row\"><div class=\"col-6 col-sm-4\"><figure><a class=\"thumb-container\" href=\"https:\/\/www.salzburgerland.com\/de\/magazin\/wp-content\/uploads\/2025\/07\/2W4A28621-1280x1024.jpg\">\t<picture><source media=\"(min-width: 576px)\" srcset=\"https:\/\/www.salzburgerland.com\/de\/magazin\/wp-content\/uploads\/2025\/07\/2W4A28621-325x209.jpg 325w, https:\/\/www.salzburgerland.com\/de\/magazin\/wp-content\/uploads\/2025\/07\/2W4A28621-249x160.jpg 249w\"><\/source><source media=\"(min-width: 0)\" srcset=\"https:\/\/www.salzburgerland.com\/de\/magazin\/wp-content\/uploads\/2025\/07\/2W4A28621-249x160.jpg 249w, https:\/\/www.salzburgerland.com\/de\/magazin\/wp-content\/uploads\/2025\/07\/2W4A28621-325x209.jpg 325w\"><\/source><img decoding=\"async\" alt=\"Zwei Eishockeyspieler in Aktion w&auml;hrend eines Spiels, mit anderen Spielern im Hintergrund auf der Eisfl&auml;che.\" src=\"https:\/\/www.salzburgerland.com\/de\/magazin\/wp-content\/uploads\/2025\/07\/2W4A28621-scaled.jpg\">\t<\/picture><figcaption>&copy; ECRBS\/Karpaviciute<\/figcaption><\/a><\/figure><\/div><div class=\"col-6 col-sm-4\"><figure><a class=\"thumb-container\" href=\"https:\/\/www.salzburgerland.com\/de\/magazin\/wp-content\/uploads\/2025\/07\/IMG_5876-1280x1024.jpg\">\t<picture><source media=\"(min-width: 576px)\" srcset=\"https:\/\/www.salzburgerland.com\/de\/magazin\/wp-content\/uploads\/2025\/07\/IMG_5876-325x209.jpg 325w, https:\/\/www.salzburgerland.com\/de\/magazin\/wp-content\/uploads\/2025\/07\/IMG_5876-249x160.jpg 249w\"><\/source><source media=\"(min-width: 0)\" srcset=\"https:\/\/www.salzburgerland.com\/de\/magazin\/wp-content\/uploads\/2025\/07\/IMG_5876-249x160.jpg 249w, https:\/\/www.salzburgerland.com\/de\/magazin\/wp-content\/uploads\/2025\/07\/IMG_5876-325x209.jpg 325w\"><\/source><img decoding=\"async\" alt=\"Ein Mann in einem grauen Blazer wird mit einem Mikrofon interviewt, im Hintergrund das Logo von Red Bull Salzburg.\" src=\"https:\/\/www.salzburgerland.com\/de\/magazin\/wp-content\/uploads\/2025\/07\/IMG_5876-scaled.jpg\">\t<\/picture><figcaption>Michael Raffl &copy; Granbacher<\/figcaption><\/a><\/figure><\/div><div class=\"col-6 col-sm-4\"><figure><a class=\"thumb-container\" href=\"https:\/\/www.salzburgerland.com\/de\/magazin\/wp-content\/uploads\/2025\/07\/IMG_5897-1280x1024.jpg\">\t<picture><source media=\"(min-width: 576px)\" srcset=\"https:\/\/www.salzburgerland.com\/de\/magazin\/wp-content\/uploads\/2025\/07\/IMG_5897-325x209.jpg 325w, https:\/\/www.salzburgerland.com\/de\/magazin\/wp-content\/uploads\/2025\/07\/IMG_5897-249x160.jpg 249w\"><\/source><source media=\"(min-width: 0)\" srcset=\"https:\/\/www.salzburgerland.com\/de\/magazin\/wp-content\/uploads\/2025\/07\/IMG_5897-249x160.jpg 249w, https:\/\/www.salzburgerland.com\/de\/magazin\/wp-content\/uploads\/2025\/07\/IMG_5897-325x209.jpg 325w\"><\/source><img decoding=\"async\" alt=\"Ein Mann in einem grauen Anzug wird mit einem Mikrofon in einem Raum interviewt.\" src=\"https:\/\/www.salzburgerland.com\/de\/magazin\/wp-content\/uploads\/2025\/07\/IMG_5897-scaled.jpg\">\t<\/picture><figcaption>Thomas Raffl,&copy; Granbacher<\/figcaption><\/a><\/figure><\/div><\/div><figcaption><\/figcaption><\/div>\n\n\n\n<h2 class=\"wp-block-heading\" id=\"h-die-euphorie-ist-gross\">Die Euphorie ist gro\u00df<\/h2>\n\n\n\n<p>Gro\u00df ist die Vorfreude auf das Red Bulls Salute auch schon bei den Raffl-Br\u00fcdern. Michael Raffl, kehrte nach acht Jahren und NHL-Stationen bei den Philadelphia Flyers, Washington Capitals und Dallas Stars im Jahr 2022 nach Europa zur\u00fcck. Dort spielte er in der Schweiz bei Lausanne HC, wurde zweimal Vizemeister und war w\u00e4hrend der letzten beiden Jahre Kapit\u00e4n des Teams. \u201eEin Training ist ein Training und man gibt alles. Aber im Spiel kann man wirklich zeigen, welcher Spieler man ist. Ich freue mich schon sehr auf diese Vorbereitungsspiele, auch um der Mannschaft zeigen zu k\u00f6nnen, wer ich bin\u201c, so Michael Raffl. Seit vielen Jahren spielt er nun erstmals wieder gemeinsam mit seinem Bruder Thomas Raffl in einer Mannschaft. Thomas ist mit 39 Jahren der \u00e4lteste Spieler der ICE Hockey League. Er hat bereits 966 Spiele dort bestritten und ist auch langj\u00e4hriger Kapit\u00e4n des \u00f6sterreichischen Nationalteams, das bei der diesj\u00e4hrigen A-WM sensationell den Aufstieg ins Viertelfinale schaffte und somit zu den weltweit besten acht Teams z\u00e4hlte. \u201eIch freue mich heuer schon extrem auf das Turnier in Zell am See. Es war auch vergangenes Jahr ein wundersch\u00f6ner Event, obwohl ich krank wurde und kein Spiel bestreiten konnte. Es sind wieder hochkar\u00e4tige Mannschaften mit dabei. Dass Zell am See heuer den AHL-Titel (zweith\u00f6chste Spielklasse) gewinnen konnte ist eine coole Sache. Es ist einige Jahre her, dass sie einen Titel holen konnten. Man merkt, dass in Zell am See die Sportbegeisterung gro\u00df ist und so ein Erfolg von einer heimischen Mannschaft bewegt was im Sport bringt eine gewisse Euphorie. Es gibt somit keinen besseren Ort, um das Red Bulls Salute auszutragen\u201c, sagt Thomas Raffl gegen\u00fcber dem SalzburgerLand Magazin. \u00a0<\/p>\n\n\n\n<p><strong>Red Bulls Salute 2025 in Zell am See<\/strong><br><strong>22. und 23. August<\/strong> <strong>2025<\/strong><\/p>\n\n\n\n<p><strong>Jetzt Tickets sichern:<\/strong> <a href=\"https:\/\/www.ticket-onlineshop.com\/ols\/eisbaeren\/de\/salute\/channel\/shop\/index\" target=\"_blank\" rel=\"noreferrer noopener\">https:\/\/www.ticket-onlineshop.com\/ols\/eisbaeren\/de\/salute\/channel\/shop\/index<\/a><\/p>\n","protected":false},"excerpt":{"rendered":"<p>Das Turnier verspricht packende Duelle zwischen Teams aus vier europ\u00e4ischen Top-Ligen. Die Vorfreude ist bereits gro\u00df und das SalzburgerLand Magazin sprach mit Michael Amon, Head of Marketing bei Zell am See-Kaprun Tourismus, Katharina Seebacher vom EK Zell am See und mit den beiden Top-Spielern Thomas Raffl und Michael Raffl. Die beiden Br\u00fcder spielen in dieser [&hellip;]<\/p>\n","protected":false},"author":552,"featured_media":183554,"comment_status":"closed","ping_status":"closed","sticky":false,"template":"","format":"standard","meta":{"_acf_changed":false,"wl_entities_gutenberg":"","_wl_entity_redirect_enabled":"","footnotes":""},"categories":[8],"tags":[],"wl_entity_type":[306],"monatsauswahl":[89],"class_list":["post-183553","post","type-post","status-publish","format-standard","has-post-thumbnail","hentry","category-outdoor-sport","wl_entity_type-article","monatsauswahl-monat_8"],"acf":[],"yoast_head":"<!-- This site is optimized with the Yoast SEO Premium plugin v27.4 (Yoast SEO v27.4) - https:\/\/yoast.com\/product\/yoast-seo-premium-wordpress\/ -->\n<title>Spitzeneishockey in Zell am See - SalzburgerLand Magazin<\/title>\n<meta name=\"robots\" content=\"index, follow, max-snippet:-1, max-image-preview:large, max-video-preview:-1\" \/>\n<link rel=\"canonical\" href=\"https:\/\/www.salzburgerland.com\/de\/magazin\/spitzeneishockey-in-zell-am-see\/\" \/>\n<meta property=\"og:locale\" content=\"de_DE\" \/>\n<meta property=\"og:type\" content=\"article\" \/>\n<meta property=\"og:title\" content=\"Spitzeneishockey in Zell am See\" \/>\n<meta property=\"og:description\" content=\"Das Turnier verspricht packende Duelle zwischen Teams aus vier europ\u00e4ischen Top-Ligen. Die Vorfreude ist bereits gro\u00df und das SalzburgerLand Magazin sprach mit Michael Amon, Head of Marketing bei Zell am See-Kaprun Tourismus, Katharina Seebacher vom EK Zell am See und mit den beiden Top-Spielern Thomas Raffl und Michael Raffl. Die beiden Br\u00fcder spielen in dieser [&hellip;]\" \/>\n<meta property=\"og:url\" content=\"https:\/\/www.salzburgerland.com\/de\/magazin\/spitzeneishockey-in-zell-am-see\/\" \/>\n<meta property=\"og:site_name\" content=\"SalzburgerLand Magazin\" \/>\n<meta property=\"article:publisher\" content=\"https:\/\/www.facebook.com\/salzburgerland\/\" \/>\n<meta property=\"article:published_time\" content=\"2025-08-01T05:00:00+00:00\" \/>\n<meta property=\"og:image\" content=\"https:\/\/www.salzburgerland.com\/de\/magazin\/wp-content\/uploads\/2025\/07\/Main-picture-scaled.jpg\" \/>\n\t<meta property=\"og:image:width\" content=\"2560\" \/>\n\t<meta property=\"og:image:height\" content=\"1706\" \/>\n\t<meta property=\"og:image:type\" content=\"image\/jpeg\" \/>\n<meta name=\"author\" content=\"Christian Granbacher-Roth\" \/>\n<meta name=\"twitter:card\" content=\"summary_large_image\" \/>\n<meta name=\"twitter:creator\" content=\"@Salzburgerland\" \/>\n<meta name=\"twitter:site\" content=\"@Salzburgerland\" \/>\n<meta name=\"twitter:label1\" content=\"Verfasst von\" \/>\n\t<meta name=\"twitter:data1\" content=\"Christian Granbacher-Roth\" \/>\n\t<meta name=\"twitter:label2\" content=\"Gesch\u00e4tzte Lesezeit\" \/>\n\t<meta name=\"twitter:data2\" content=\"7\u00a0Minuten\" \/>\n<script type=\"application\/ld+json\" class=\"yoast-schema-graph\">{\"@context\":\"https:\\\/\\\/schema.org\",\"@graph\":[{\"@type\":\"Article\",\"@id\":\"https:\\\/\\\/www.salzburgerland.com\\\/de\\\/magazin\\\/spitzeneishockey-in-zell-am-see\\\/#article\",\"isPartOf\":{\"@id\":\"https:\\\/\\\/www.salzburgerland.com\\\/de\\\/magazin\\\/spitzeneishockey-in-zell-am-see\\\/\"},\"author\":{\"name\":\"Christian Granbacher-Roth\",\"@id\":\"https:\\\/\\\/www.salzburgerland.com\\\/de\\\/magazin\\\/#\\\/schema\\\/person\\\/3cf8bb4ac95e0b72df11b8b53c6ac24b\"},\"headline\":\"Spitzeneishockey in Zell am See\",\"datePublished\":\"2025-08-01T05:00:00+00:00\",\"mainEntityOfPage\":{\"@id\":\"https:\\\/\\\/www.salzburgerland.com\\\/de\\\/magazin\\\/spitzeneishockey-in-zell-am-see\\\/\"},\"wordCount\":827,\"publisher\":{\"@id\":\"https:\\\/\\\/www.salzburgerland.com\\\/de\\\/magazin\\\/#organization\"},\"image\":{\"@id\":\"https:\\\/\\\/www.salzburgerland.com\\\/de\\\/magazin\\\/spitzeneishockey-in-zell-am-see\\\/#primaryimage\"},\"thumbnailUrl\":\"https:\\\/\\\/www.salzburgerland.com\\\/de\\\/magazin\\\/wp-content\\\/uploads\\\/2025\\\/07\\\/Main-picture-scaled.jpg\",\"articleSection\":[\"Outdoor &amp; Sport\"],\"inLanguage\":\"de\"},{\"@type\":\"WebPage\",\"@id\":\"https:\\\/\\\/www.salzburgerland.com\\\/de\\\/magazin\\\/spitzeneishockey-in-zell-am-see\\\/\",\"url\":\"https:\\\/\\\/www.salzburgerland.com\\\/de\\\/magazin\\\/spitzeneishockey-in-zell-am-see\\\/\",\"name\":\"Spitzeneishockey in Zell am See - SalzburgerLand Magazin\",\"isPartOf\":{\"@id\":\"https:\\\/\\\/www.salzburgerland.com\\\/de\\\/magazin\\\/#website\"},\"primaryImageOfPage\":{\"@id\":\"https:\\\/\\\/www.salzburgerland.com\\\/de\\\/magazin\\\/spitzeneishockey-in-zell-am-see\\\/#primaryimage\"},\"image\":{\"@id\":\"https:\\\/\\\/www.salzburgerland.com\\\/de\\\/magazin\\\/spitzeneishockey-in-zell-am-see\\\/#primaryimage\"},\"thumbnailUrl\":\"https:\\\/\\\/www.salzburgerland.com\\\/de\\\/magazin\\\/wp-content\\\/uploads\\\/2025\\\/07\\\/Main-picture-scaled.jpg\",\"datePublished\":\"2025-08-01T05:00:00+00:00\",\"breadcrumb\":{\"@id\":\"https:\\\/\\\/www.salzburgerland.com\\\/de\\\/magazin\\\/spitzeneishockey-in-zell-am-see\\\/#breadcrumb\"},\"inLanguage\":\"de\",\"potentialAction\":[{\"@type\":\"ReadAction\",\"target\":[\"https:\\\/\\\/www.salzburgerland.com\\\/de\\\/magazin\\\/spitzeneishockey-in-zell-am-see\\\/\"]}]},{\"@type\":\"ImageObject\",\"inLanguage\":\"de\",\"@id\":\"https:\\\/\\\/www.salzburgerland.com\\\/de\\\/magazin\\\/spitzeneishockey-in-zell-am-see\\\/#primaryimage\",\"url\":\"https:\\\/\\\/www.salzburgerland.com\\\/de\\\/magazin\\\/wp-content\\\/uploads\\\/2025\\\/07\\\/Main-picture-scaled.jpg\",\"contentUrl\":\"https:\\\/\\\/www.salzburgerland.com\\\/de\\\/magazin\\\/wp-content\\\/uploads\\\/2025\\\/07\\\/Main-picture-scaled.jpg\",\"width\":2560,\"height\":1706,\"caption\":\"ZELL AM SEE, AUSTRIA - AUGUST 17: during the Salute Tournament game EC Red Bull Salzburg vs. Red Bull Muenchen 17, 2024 in Zell am See, Austria. Photo by Gintare Karpaviciute - EC Red Bull Salzburg\"},{\"@type\":\"BreadcrumbList\",\"@id\":\"https:\\\/\\\/www.salzburgerland.com\\\/de\\\/magazin\\\/spitzeneishockey-in-zell-am-see\\\/#breadcrumb\",\"itemListElement\":[{\"@type\":\"ListItem\",\"position\":1,\"name\":\"Startseite\",\"item\":\"https:\\\/\\\/www.salzburgerland.com\\\/de\\\/magazin\\\/\"},{\"@type\":\"ListItem\",\"position\":2,\"name\":\"Outdoor &amp; Sport\",\"item\":\"https:\\\/\\\/www.salzburgerland.com\\\/de\\\/magazin\\\/thema\\\/outdoor-sport\\\/\"},{\"@type\":\"ListItem\",\"position\":3,\"name\":\"Spitzeneishockey in Zell am See\"}]},{\"@type\":\"WebSite\",\"@id\":\"https:\\\/\\\/www.salzburgerland.com\\\/de\\\/magazin\\\/#website\",\"url\":\"https:\\\/\\\/www.salzburgerland.com\\\/de\\\/magazin\\\/\",\"name\":\"SalzburgerLand Magazin\",\"description\":\"Geschichten und Interessantes aus dem SalzburgerLand\",\"publisher\":{\"@id\":\"https:\\\/\\\/www.salzburgerland.com\\\/de\\\/magazin\\\/#organization\"},\"potentialAction\":[{\"@type\":\"SearchAction\",\"target\":{\"@type\":\"EntryPoint\",\"urlTemplate\":\"https:\\\/\\\/www.salzburgerland.com\\\/de\\\/magazin\\\/?s={search_term_string}\"},\"query-input\":{\"@type\":\"PropertyValueSpecification\",\"valueRequired\":true,\"valueName\":\"search_term_string\"}}],\"inLanguage\":\"de\"},{\"@type\":\"Organization\",\"@id\":\"https:\\\/\\\/www.salzburgerland.com\\\/de\\\/magazin\\\/#organization\",\"name\":\"SalzburgerLand Tourismus\",\"url\":\"https:\\\/\\\/www.salzburgerland.com\\\/de\\\/magazin\\\/\",\"logo\":{\"@type\":\"ImageObject\",\"inLanguage\":\"de\",\"@id\":\"https:\\\/\\\/www.salzburgerland.com\\\/de\\\/magazin\\\/#\\\/schema\\\/logo\\\/image\\\/\",\"url\":\"https:\\\/\\\/www.salzburgerland.com\\\/de\\\/magazin\\\/wp-content\\\/uploads\\\/2019\\\/06\\\/salzburgerland-logo1.jpg\",\"contentUrl\":\"https:\\\/\\\/www.salzburgerland.com\\\/de\\\/magazin\\\/wp-content\\\/uploads\\\/2019\\\/06\\\/salzburgerland-logo1.jpg\",\"width\":2011,\"height\":866,\"caption\":\"SalzburgerLand Tourismus\"},\"image\":{\"@id\":\"https:\\\/\\\/www.salzburgerland.com\\\/de\\\/magazin\\\/#\\\/schema\\\/logo\\\/image\\\/\"},\"sameAs\":[\"https:\\\/\\\/www.facebook.com\\\/salzburgerland\\\/\",\"https:\\\/\\\/x.com\\\/Salzburgerland\",\"https:\\\/\\\/www.instagram.com\\\/salzburgerland\\\/\",\"https:\\\/\\\/at.linkedin.com\\\/company\\\/salzburgerland-tourismus-gmbh\",\"https:\\\/\\\/www.pinterest.at\\\/salzburgerland\\\/\",\"https:\\\/\\\/www.youtube.com\\\/user\\\/salzburgerland\",\"https:\\\/\\\/de.wikipedia.org\\\/wiki\\\/SalzburgerLand_Tourismus_GmbH\"]},{\"@type\":\"Person\",\"@id\":\"https:\\\/\\\/www.salzburgerland.com\\\/de\\\/magazin\\\/#\\\/schema\\\/person\\\/3cf8bb4ac95e0b72df11b8b53c6ac24b\",\"name\":\"Christian Granbacher-Roth\",\"description\":\"Der geb\u00fcrtige Kitzb\u00fcheler lebt seit knapp 20 Jahren in Salzburg und wohnte dabei schon im n\u00f6rdlichen Flachgau, der Stadt Salzburg und nun im Tennengau. Die zahlreichen Berge und Seen nutzt er gerne f\u00fcr Freizeitaktivit\u00e4ten. Als Genussmensch f\u00fchlt er sich kulturell und kulinarisch im Bundesland Salzburg bestens aufgehoben. An der Paris-Lodron-Universit\u00e4t Salzburg hat Christian das Studium der Publizistik- und Kommunikationswissenschaft sowie das Studium der Politikwissenschaft abgeschlossen. Seit 2007 ist er als Freier Redakteur (unter anderem als Chefredakteur von \u201eECHO \u2013 Salzburgs erstes Nachrichtenmagazin) t\u00e4tig. Dein pers\u00f6nlicher Logenplatz im SalzburgerLand? Davon gibt es viele. Schwer zu sagen, ob die beeindruckenden Berge und die zahlreichen Seen sch\u00f6ner sind als die Altstadtviertel von Salzburg oder Hallein. Dosiger oder Zuagroaster? Geboren und aufgewachsen in Kitzb\u00fchel in Tirol hat mich das Publizistikstudium ab 1999 nach Salzburg gelockt. Nach und nach habe ich das gesamte Bundesland kennen und sch\u00e4tzen gelernt und bin heute sehr froh dar\u00fcber, im sch\u00f6nen Tennengau zu leben. Luxushotel oder Almh\u00fctte? Zuerst ein paar ausgiebige Wanderungen und N\u00e4chte auf einer sch\u00f6nen Almh\u00fctte und dann am besten noch eine Nacht im Wellness-Luxustempel. Erholung muss sein. Mundharmonika oder Stradivari? Eindeutig die Rockgitarre. Die Popkultur sowie moderne und h\u00e4rtere Kl\u00e4nge tun es mir mehr an als volkst\u00fcmliche Musik. Bergschuhe oder Fu\u00dfballschuhe? Wandern bereitet mir Freude. Eine komplexe und herausfordernde Mannschaftssportart wie Fu\u00dfball ist allerdings noch sch\u00f6ner. Bergsee oder Kr\u00e4utergarten? Gr\u00fcnen Daumen habe ich keinen. Einen Sprung in einen kalten Bergsee gibt es da schon eher.\",\"url\":\"https:\\\/\\\/www.salzburgerland.com\\\/de\\\/magazin\\\/author\\\/christian-granbacher\\\/\"}]}<\/script>\n<!-- \/ Yoast SEO Premium plugin. -->","yoast_head_json":{"title":"Spitzeneishockey in Zell am See - SalzburgerLand Magazin","robots":{"index":"index","follow":"follow","max-snippet":"max-snippet:-1","max-image-preview":"max-image-preview:large","max-video-preview":"max-video-preview:-1"},"canonical":"https:\/\/www.salzburgerland.com\/de\/magazin\/spitzeneishockey-in-zell-am-see\/","og_locale":"de_DE","og_type":"article","og_title":"Spitzeneishockey in Zell am See","og_description":"Das Turnier verspricht packende Duelle zwischen Teams aus vier europ\u00e4ischen Top-Ligen. Die Vorfreude ist bereits gro\u00df und das SalzburgerLand Magazin sprach mit Michael Amon, Head of Marketing bei Zell am See-Kaprun Tourismus, Katharina Seebacher vom EK Zell am See und mit den beiden Top-Spielern Thomas Raffl und Michael Raffl. Die beiden Br\u00fcder spielen in dieser [&hellip;]","og_url":"https:\/\/www.salzburgerland.com\/de\/magazin\/spitzeneishockey-in-zell-am-see\/","og_site_name":"SalzburgerLand Magazin","article_publisher":"https:\/\/www.facebook.com\/salzburgerland\/","article_published_time":"2025-08-01T05:00:00+00:00","og_image":[{"width":2560,"height":1706,"url":"https:\/\/www.salzburgerland.com\/de\/magazin\/wp-content\/uploads\/2025\/07\/Main-picture-scaled.jpg","type":"image\/jpeg"}],"author":"Christian Granbacher-Roth","twitter_card":"summary_large_image","twitter_creator":"@Salzburgerland","twitter_site":"@Salzburgerland","twitter_misc":{"Verfasst von":"Christian Granbacher-Roth","Gesch\u00e4tzte Lesezeit":"7\u00a0Minuten"},"schema":{"@context":"https:\/\/schema.org","@graph":[{"@type":"Article","@id":"https:\/\/www.salzburgerland.com\/de\/magazin\/spitzeneishockey-in-zell-am-see\/#article","isPartOf":{"@id":"https:\/\/www.salzburgerland.com\/de\/magazin\/spitzeneishockey-in-zell-am-see\/"},"author":{"name":"Christian Granbacher-Roth","@id":"https:\/\/www.salzburgerland.com\/de\/magazin\/#\/schema\/person\/3cf8bb4ac95e0b72df11b8b53c6ac24b"},"headline":"Spitzeneishockey in Zell am See","datePublished":"2025-08-01T05:00:00+00:00","mainEntityOfPage":{"@id":"https:\/\/www.salzburgerland.com\/de\/magazin\/spitzeneishockey-in-zell-am-see\/"},"wordCount":827,"publisher":{"@id":"https:\/\/www.salzburgerland.com\/de\/magazin\/#organization"},"image":{"@id":"https:\/\/www.salzburgerland.com\/de\/magazin\/spitzeneishockey-in-zell-am-see\/#primaryimage"},"thumbnailUrl":"https:\/\/www.salzburgerland.com\/de\/magazin\/wp-content\/uploads\/2025\/07\/Main-picture-scaled.jpg","articleSection":["Outdoor &amp; Sport"],"inLanguage":"de"},{"@type":"WebPage","@id":"https:\/\/www.salzburgerland.com\/de\/magazin\/spitzeneishockey-in-zell-am-see\/","url":"https:\/\/www.salzburgerland.com\/de\/magazin\/spitzeneishockey-in-zell-am-see\/","name":"Spitzeneishockey in Zell am See - SalzburgerLand Magazin","isPartOf":{"@id":"https:\/\/www.salzburgerland.com\/de\/magazin\/#website"},"primaryImageOfPage":{"@id":"https:\/\/www.salzburgerland.com\/de\/magazin\/spitzeneishockey-in-zell-am-see\/#primaryimage"},"image":{"@id":"https:\/\/www.salzburgerland.com\/de\/magazin\/spitzeneishockey-in-zell-am-see\/#primaryimage"},"thumbnailUrl":"https:\/\/www.salzburgerland.com\/de\/magazin\/wp-content\/uploads\/2025\/07\/Main-picture-scaled.jpg","datePublished":"2025-08-01T05:00:00+00:00","breadcrumb":{"@id":"https:\/\/www.salzburgerland.com\/de\/magazin\/spitzeneishockey-in-zell-am-see\/#breadcrumb"},"inLanguage":"de","potentialAction":[{"@type":"ReadAction","target":["https:\/\/www.salzburgerland.com\/de\/magazin\/spitzeneishockey-in-zell-am-see\/"]}]},{"@type":"ImageObject","inLanguage":"de","@id":"https:\/\/www.salzburgerland.com\/de\/magazin\/spitzeneishockey-in-zell-am-see\/#primaryimage","url":"https:\/\/www.salzburgerland.com\/de\/magazin\/wp-content\/uploads\/2025\/07\/Main-picture-scaled.jpg","contentUrl":"https:\/\/www.salzburgerland.com\/de\/magazin\/wp-content\/uploads\/2025\/07\/Main-picture-scaled.jpg","width":2560,"height":1706,"caption":"ZELL AM SEE, AUSTRIA - AUGUST 17: during the Salute Tournament game EC Red Bull Salzburg vs. Red Bull Muenchen 17, 2024 in Zell am See, Austria. Photo by Gintare Karpaviciute - EC Red Bull Salzburg"},{"@type":"BreadcrumbList","@id":"https:\/\/www.salzburgerland.com\/de\/magazin\/spitzeneishockey-in-zell-am-see\/#breadcrumb","itemListElement":[{"@type":"ListItem","position":1,"name":"Startseite","item":"https:\/\/www.salzburgerland.com\/de\/magazin\/"},{"@type":"ListItem","position":2,"name":"Outdoor &amp; Sport","item":"https:\/\/www.salzburgerland.com\/de\/magazin\/thema\/outdoor-sport\/"},{"@type":"ListItem","position":3,"name":"Spitzeneishockey in Zell am See"}]},{"@type":"WebSite","@id":"https:\/\/www.salzburgerland.com\/de\/magazin\/#website","url":"https:\/\/www.salzburgerland.com\/de\/magazin\/","name":"SalzburgerLand Magazin","description":"Geschichten und Interessantes aus dem SalzburgerLand","publisher":{"@id":"https:\/\/www.salzburgerland.com\/de\/magazin\/#organization"},"potentialAction":[{"@type":"SearchAction","target":{"@type":"EntryPoint","urlTemplate":"https:\/\/www.salzburgerland.com\/de\/magazin\/?s={search_term_string}"},"query-input":{"@type":"PropertyValueSpecification","valueRequired":true,"valueName":"search_term_string"}}],"inLanguage":"de"},{"@type":"Organization","@id":"https:\/\/www.salzburgerland.com\/de\/magazin\/#organization","name":"SalzburgerLand Tourismus","url":"https:\/\/www.salzburgerland.com\/de\/magazin\/","logo":{"@type":"ImageObject","inLanguage":"de","@id":"https:\/\/www.salzburgerland.com\/de\/magazin\/#\/schema\/logo\/image\/","url":"https:\/\/www.salzburgerland.com\/de\/magazin\/wp-content\/uploads\/2019\/06\/salzburgerland-logo1.jpg","contentUrl":"https:\/\/www.salzburgerland.com\/de\/magazin\/wp-content\/uploads\/2019\/06\/salzburgerland-logo1.jpg","width":2011,"height":866,"caption":"SalzburgerLand Tourismus"},"image":{"@id":"https:\/\/www.salzburgerland.com\/de\/magazin\/#\/schema\/logo\/image\/"},"sameAs":["https:\/\/www.facebook.com\/salzburgerland\/","https:\/\/x.com\/Salzburgerland","https:\/\/www.instagram.com\/salzburgerland\/","https:\/\/at.linkedin.com\/company\/salzburgerland-tourismus-gmbh","https:\/\/www.pinterest.at\/salzburgerland\/","https:\/\/www.youtube.com\/user\/salzburgerland","https:\/\/de.wikipedia.org\/wiki\/SalzburgerLand_Tourismus_GmbH"]},{"@type":"Person","@id":"https:\/\/www.salzburgerland.com\/de\/magazin\/#\/schema\/person\/3cf8bb4ac95e0b72df11b8b53c6ac24b","name":"Christian Granbacher-Roth","description":"Der geb\u00fcrtige Kitzb\u00fcheler lebt seit knapp 20 Jahren in Salzburg und wohnte dabei schon im n\u00f6rdlichen Flachgau, der Stadt Salzburg und nun im Tennengau. Die zahlreichen Berge und Seen nutzt er gerne f\u00fcr Freizeitaktivit\u00e4ten. Als Genussmensch f\u00fchlt er sich kulturell und kulinarisch im Bundesland Salzburg bestens aufgehoben. An der Paris-Lodron-Universit\u00e4t Salzburg hat Christian das Studium der Publizistik- und Kommunikationswissenschaft sowie das Studium der Politikwissenschaft abgeschlossen. Seit 2007 ist er als Freier Redakteur (unter anderem als Chefredakteur von \u201eECHO \u2013 Salzburgs erstes Nachrichtenmagazin) t\u00e4tig. Dein pers\u00f6nlicher Logenplatz im SalzburgerLand? Davon gibt es viele. Schwer zu sagen, ob die beeindruckenden Berge und die zahlreichen Seen sch\u00f6ner sind als die Altstadtviertel von Salzburg oder Hallein. Dosiger oder Zuagroaster? Geboren und aufgewachsen in Kitzb\u00fchel in Tirol hat mich das Publizistikstudium ab 1999 nach Salzburg gelockt. Nach und nach habe ich das gesamte Bundesland kennen und sch\u00e4tzen gelernt und bin heute sehr froh dar\u00fcber, im sch\u00f6nen Tennengau zu leben. Luxushotel oder Almh\u00fctte? Zuerst ein paar ausgiebige Wanderungen und N\u00e4chte auf einer sch\u00f6nen Almh\u00fctte und dann am besten noch eine Nacht im Wellness-Luxustempel. Erholung muss sein. Mundharmonika oder Stradivari? Eindeutig die Rockgitarre. Die Popkultur sowie moderne und h\u00e4rtere Kl\u00e4nge tun es mir mehr an als volkst\u00fcmliche Musik. Bergschuhe oder Fu\u00dfballschuhe? Wandern bereitet mir Freude. Eine komplexe und herausfordernde Mannschaftssportart wie Fu\u00dfball ist allerdings noch sch\u00f6ner. Bergsee oder Kr\u00e4utergarten? Gr\u00fcnen Daumen habe ich keinen. Einen Sprung in einen kalten Bergsee gibt es da schon eher.","url":"https:\/\/www.salzburgerland.com\/de\/magazin\/author\/christian-granbacher\/"}]}},"_wl_alt_label":[],"wl:entity_url":"http:\/\/open.salzburgerland.com\/magazin\/post\/spitzeneishockey-in-zell-am-see-183553","_links":{"self":[{"href":"https:\/\/www.salzburgerland.com\/de\/magazin\/wp-json\/wp\/v2\/posts\/183553","targetHints":{"allow":["GET"]}}],"collection":[{"href":"https:\/\/www.salzburgerland.com\/de\/magazin\/wp-json\/wp\/v2\/posts"}],"about":[{"href":"https:\/\/www.salzburgerland.com\/de\/magazin\/wp-json\/wp\/v2\/types\/post"}],"author":[{"embeddable":true,"href":"https:\/\/www.salzburgerland.com\/de\/magazin\/wp-json\/wp\/v2\/users\/552"}],"replies":[{"embeddable":true,"href":"https:\/\/www.salzburgerland.com\/de\/magazin\/wp-json\/wp\/v2\/comments?post=183553"}],"version-history":[{"count":3,"href":"https:\/\/www.salzburgerland.com\/de\/magazin\/wp-json\/wp\/v2\/posts\/183553\/revisions"}],"predecessor-version":[{"id":183568,"href":"https:\/\/www.salzburgerland.com\/de\/magazin\/wp-json\/wp\/v2\/posts\/183553\/revisions\/183568"}],"wp:featuredmedia":[{"embeddable":true,"href":"https:\/\/www.salzburgerland.com\/de\/magazin\/wp-json\/wp\/v2\/media\/183554"}],"wp:attachment":[{"href":"https:\/\/www.salzburgerland.com\/de\/magazin\/wp-json\/wp\/v2\/media?parent=183553"}],"wp:term":[{"taxonomy":"category","embeddable":true,"href":"https:\/\/www.salzburgerland.com\/de\/magazin\/wp-json\/wp\/v2\/categories?post=183553"},{"taxonomy":"post_tag","embeddable":true,"href":"https:\/\/www.salzburgerland.com\/de\/magazin\/wp-json\/wp\/v2\/tags?post=183553"},{"taxonomy":"wl_entity_type","embeddable":true,"href":"https:\/\/www.salzburgerland.com\/de\/magazin\/wp-json\/wp\/v2\/wl_entity_type?post=183553"},{"taxonomy":"monatsauswahl","embeddable":true,"href":"https:\/\/www.salzburgerland.com\/de\/magazin\/wp-json\/wp\/v2\/monatsauswahl?post=183553"}],"curies":[{"name":"wp","href":"https:\/\/api.w.org\/{rel}","templated":true}]}}