{"id":183346,"date":"2025-08-09T07:00:00","date_gmt":"2025-08-09T05:00:00","guid":{"rendered":"https:\/\/www.salzburgerland.com\/de\/magazin\/?p=183346"},"modified":"2025-08-07T10:43:37","modified_gmt":"2025-08-07T08:43:37","slug":"neues-leben-am-windinggut","status":"publish","type":"post","link":"https:\/\/www.salzburgerland.com\/de\/magazin\/neues-leben-am-windinggut\/","title":{"rendered":"Neues Leben am Windinggut"},"content":{"rendered":"\n<div class=\"wp-block-slt-top topBlocks\">\n<h2 class=\"wp-block-slt-subtitle\">Ein Traditionshaus mit frischem Wind<\/h2>\n\n\n\n<p class=\"wp-block-slt-intro\">Wo fr\u00fcher Spazierg\u00e4nger und Radfahrer auf eine Jause einkehrten, weht heute ein neuer, feiner Duft durch die K\u00fcche: Seit Ende Mai wird das <a href=\"https:\/\/www.windinggut.at\/\" target=\"_blank\" rel=\"noreferrer noopener\">Windinggut<\/a> am Voggenberg in Anthering bei Salzburg von einem neuen Betreiberteam gef\u00fchrt \u2013 und das mit viel Leidenschaft, Regionalit\u00e4t und einem klaren Blick auf das Wesentliche.<\/p>\n<\/div>\n\n\n\n<p>Der neue Hausherr Fritz Rigele stammt urspr\u00fcnglich aus Obertauern, wo seine Familie touristisch verwurzelt ist. Nach dem Studium in Salzburg und dem Umzug mit Frau und Kindern ins SalzburgerLand, kam die Idee: Warum nicht dem geschichtstr\u00e4chtigen Windinggut \u2013 erstmals 1392 erw\u00e4hnt \u2013 neues Leben einhauchen? Die Immobilie war nach mehreren Betreiberwechseln in den letzten Jahren in eine Art Dornr\u00f6schenschlaf gefallen. Jetzt bl\u00fcht sie unter neuer F\u00fchrung neu auf.<\/p>\n\n\n\n<figure class=\"wp-block-image size-full\"><img loading=\"lazy\" decoding=\"async\" width=\"7924\" height=\"5285\" src=\"https:\/\/www.salzburgerland.com\/de\/magazin\/wp-content\/uploads\/2025\/07\/MA_9650.jpg\" alt=\"Ein Traditionshaus Windiggut wird von einem neuen Team auf einer gr\u00fcnen Anh\u00f6he wiederer\u00f6ffnet.\" class=\"wp-image-183347\" srcset=\"https:\/\/www.salzburgerland.com\/de\/magazin\/wp-content\/uploads\/2025\/07\/MA_9650.jpg 7924w, https:\/\/www.salzburgerland.com\/de\/magazin\/wp-content\/uploads\/2025\/07\/MA_9650-300x200.jpg 300w, https:\/\/www.salzburgerland.com\/de\/magazin\/wp-content\/uploads\/2025\/07\/MA_9650-1536x1024.jpg 1536w, https:\/\/www.salzburgerland.com\/de\/magazin\/wp-content\/uploads\/2025\/07\/MA_9650-825x550.jpg 825w, https:\/\/www.salzburgerland.com\/de\/magazin\/wp-content\/uploads\/2025\/07\/MA_9650-600x400.jpg 600w, https:\/\/www.salzburgerland.com\/de\/magazin\/wp-content\/uploads\/2025\/07\/MA_9650-1320x880.jpg 1320w, https:\/\/www.salzburgerland.com\/de\/magazin\/wp-content\/uploads\/2025\/07\/MA_9650-150x100.jpg 150w\" sizes=\"auto, (max-width: 7924px) 100vw, 7924px\" \/><figcaption class=\"wp-element-caption\">Am Voggenberg in idyllischer Lage. \u00a9heikomandl.at<\/figcaption><\/figure>\n\n\n\n<p>\u201eWir wollten keine klassische Jausenstation mehr betreiben\u201c, sagt der neue Gastgeber. Stattdessen setzt man nun auf eine gehobene Wirtshausk\u00fcche, mit starkem Fokus auf regionale Produkte: Fische aus dem <a href=\"https:\/\/www.salzburger-seenland.at\/\" target=\"_blank\" rel=\"noreferrer noopener\">Trumersee<\/a>, Gem\u00fcse vom benachbarten Klingerbauer, Fleisch von lokalen Produzenten. Im Sommer werden gerne gegrillte Gerichte angeboten, im Herbst d\u00fcrfen sich die G\u00e4ste auf Schmankerl wie geschmorte Rinderbacken oder Wildgerichte freuen.<\/p>\n\n\n\n<figure class=\"wp-block-image size-full\"><img loading=\"lazy\" decoding=\"async\" width=\"960\" height=\"1280\" src=\"https:\/\/www.salzburgerland.com\/de\/magazin\/wp-content\/uploads\/2025\/07\/Unknown-1.jpeg\" alt=\"Ein Holztisch mit gegrilltem Fleisch und Beilagen zelebriert die Wiederer\u00f6ffnung des Traditionshauses Windiggut.\" class=\"wp-image-183350\" srcset=\"https:\/\/www.salzburgerland.com\/de\/magazin\/wp-content\/uploads\/2025\/07\/Unknown-1.jpeg 960w, https:\/\/www.salzburgerland.com\/de\/magazin\/wp-content\/uploads\/2025\/07\/Unknown-1-225x300.jpeg 225w, https:\/\/www.salzburgerland.com\/de\/magazin\/wp-content\/uploads\/2025\/07\/Unknown-1-413x550.jpeg 413w, https:\/\/www.salzburgerland.com\/de\/magazin\/wp-content\/uploads\/2025\/07\/Unknown-1-300x400.jpeg 300w, https:\/\/www.salzburgerland.com\/de\/magazin\/wp-content\/uploads\/2025\/07\/Unknown-1-640x853.jpeg 640w, https:\/\/www.salzburgerland.com\/de\/magazin\/wp-content\/uploads\/2025\/07\/Unknown-1-150x200.jpeg 150w\" sizes=\"auto, (max-width: 960px) 100vw, 960px\" \/><figcaption class=\"wp-element-caption\">Regionale Produkte aus der Nachbraschaft werden zu herzhaften Speisen verarbeitet. \u00a9Windiggut<\/figcaption><\/figure>\n\n\n\n<p>Der idyllische Gastgarten mit Blick ins Gr\u00fcne z\u00e4hlt derzeit offiziell nur 40 Pl\u00e4tze. \u201eDas ist f\u00fcr uns gar nicht so schlecht zum Start\u201c, meint der Wirt. Qualit\u00e4t geht hier vor Quantit\u00e4t. Drinnen bietet das Haus rund 80 Pl\u00e4tze. Und obwohl eine Erweiterung angedacht wird, bleibt das Ziel klar: bodenst\u00e4ndige Gastronomie mit Charakter und Charme.<\/p>\n\n\n\n<figure class=\"wp-block-image size-full\"><img loading=\"lazy\" decoding=\"async\" width=\"960\" height=\"1280\" src=\"https:\/\/www.salzburgerland.com\/de\/magazin\/wp-content\/uploads\/2025\/07\/WindingGut_Team.jpeg\" alt=\"Vier Menschen l\u00e4cheln gemeinsam vor der runden Holzt\u00fcr, als Ein Traditionshaus Windiggut wiederer\u00f6ffnet wird.\" class=\"wp-image-183351\" srcset=\"https:\/\/www.salzburgerland.com\/de\/magazin\/wp-content\/uploads\/2025\/07\/WindingGut_Team.jpeg 960w, https:\/\/www.salzburgerland.com\/de\/magazin\/wp-content\/uploads\/2025\/07\/WindingGut_Team-225x300.jpeg 225w, https:\/\/www.salzburgerland.com\/de\/magazin\/wp-content\/uploads\/2025\/07\/WindingGut_Team-413x550.jpeg 413w, https:\/\/www.salzburgerland.com\/de\/magazin\/wp-content\/uploads\/2025\/07\/WindingGut_Team-300x400.jpeg 300w, https:\/\/www.salzburgerland.com\/de\/magazin\/wp-content\/uploads\/2025\/07\/WindingGut_Team-640x853.jpeg 640w, https:\/\/www.salzburgerland.com\/de\/magazin\/wp-content\/uploads\/2025\/07\/WindingGut_Team-150x200.jpeg 150w\" sizes=\"auto, (max-width: 960px) 100vw, 960px\" \/><figcaption class=\"wp-element-caption\">Das neue Team des Windigguts. \u00a9Windiggut<\/figcaption><\/figure>\n\n\n\n<p>Das Publikum? \u00dcberwiegend Einheimische aus der Umgebung, viele Salzburger \u2013 und das ganz bewusst. \u201eWir wollen ein Betrieb f\u00fcr jedermann sein. Vom Stammtisch bis zur Weinliebhaberin.\u201c Letztere finden auf der Weinkarte \u00fcbrigens eine kleine, feine Auswahl. Beim Bier setzt man auf die Heimatbrauerei der Wirtin: Schloss Eggenberg aus Ober\u00f6sterreich.<br>Ge\u00f6ffnet ist das Windinggut mittwochs bis freitags ab 17 Uhr, am Wochenende und an Feiertagen ganzt\u00e4gig. Eine Reservierung wird empfohlen \u2013 nicht, weil man exklusiv sein m\u00f6chte, sondern weil die Pl\u00e4tze eben begrenzt sind.<\/p>\n\n\n\n<p>Landgasthaus Winding Gut am Voggenberg<br>Windingstra\u00dfe 1<br>5101 Bergheim bei Salzburg | \u00d6sterreich<br>T: +43 664 350 56 10<br><a href=\"mailto:servus@windinggut.at\">servus@windinggut.at<\/a><\/p>\n","protected":false},"excerpt":{"rendered":"<p>Der neue Hausherr Fritz Rigele stammt urspr\u00fcnglich aus Obertauern, wo seine Familie touristisch verwurzelt ist. Nach dem Studium in Salzburg und dem Umzug mit Frau und Kindern ins SalzburgerLand, kam die Idee: Warum nicht dem geschichtstr\u00e4chtigen Windinggut \u2013 erstmals 1392 erw\u00e4hnt \u2013 neues Leben einhauchen? Die Immobilie war nach mehreren Betreiberwechseln in den letzten Jahren [&hellip;]<\/p>\n","protected":false},"author":10,"featured_media":183349,"comment_status":"closed","ping_status":"closed","sticky":false,"template":"","format":"standard","meta":{"_acf_changed":false,"wl_entities_gutenberg":"","_wl_entity_redirect_enabled":"","footnotes":""},"categories":[3],"tags":[7954,2002,6951,4451,2557],"wl_entity_type":[306],"monatsauswahl":[82,83,84,85,86,87,88,89,90,91,92,93],"class_list":["post-183346","post","type-post","status-publish","format-standard","has-post-thumbnail","hentry","category-essen-trinken","tag-gasthaus","tag-kulinarik","tag-nachhaltig","tag-regional","tag-tradition","wl_entity_type-article","monatsauswahl-monat_1","monatsauswahl-monat_2","monatsauswahl-monat_3","monatsauswahl-monat_4","monatsauswahl-monat_5","monatsauswahl-monat_6","monatsauswahl-monat_7","monatsauswahl-monat_8","monatsauswahl-monat_9","monatsauswahl-monat_10","monatsauswahl-monat_11","monatsauswahl-monat_12"],"acf":[],"yoast_head":"<!-- This site is optimized with the Yoast SEO Premium plugin v27.4 (Yoast SEO v27.4) - https:\/\/yoast.com\/product\/yoast-seo-premium-wordpress\/ -->\n<title>Neues Leben am Windinggut - SalzburgerLand Magazin<\/title>\n<meta name=\"robots\" content=\"index, follow, max-snippet:-1, max-image-preview:large, max-video-preview:-1\" \/>\n<link rel=\"canonical\" href=\"https:\/\/www.salzburgerland.com\/de\/magazin\/neues-leben-am-windinggut\/\" \/>\n<meta property=\"og:locale\" content=\"de_DE\" \/>\n<meta property=\"og:type\" content=\"article\" \/>\n<meta property=\"og:title\" content=\"Neues Leben am Windinggut\" \/>\n<meta property=\"og:description\" content=\"Der neue Hausherr Fritz Rigele stammt urspr\u00fcnglich aus Obertauern, wo seine Familie touristisch verwurzelt ist. Nach dem Studium in Salzburg und dem Umzug mit Frau und Kindern ins SalzburgerLand, kam die Idee: Warum nicht dem geschichtstr\u00e4chtigen Windinggut \u2013 erstmals 1392 erw\u00e4hnt \u2013 neues Leben einhauchen? Die Immobilie war nach mehreren Betreiberwechseln in den letzten Jahren [&hellip;]\" \/>\n<meta property=\"og:url\" content=\"https:\/\/www.salzburgerland.com\/de\/magazin\/neues-leben-am-windinggut\/\" \/>\n<meta property=\"og:site_name\" content=\"SalzburgerLand Magazin\" \/>\n<meta property=\"article:publisher\" content=\"https:\/\/www.facebook.com\/salzburgerland\/\" \/>\n<meta property=\"article:published_time\" content=\"2025-08-09T05:00:00+00:00\" \/>\n<meta property=\"og:image\" content=\"https:\/\/www.salzburgerland.com\/de\/magazin\/wp-content\/uploads\/2025\/07\/Unknown.jpeg\" \/>\n\t<meta property=\"og:image:width\" content=\"1280\" \/>\n\t<meta property=\"og:image:height\" content=\"867\" \/>\n\t<meta property=\"og:image:type\" content=\"image\/jpeg\" \/>\n<meta name=\"author\" content=\"Heiko Mandl\" \/>\n<meta name=\"twitter:card\" content=\"summary_large_image\" \/>\n<meta name=\"twitter:creator\" content=\"@Salzburgerland\" \/>\n<meta name=\"twitter:site\" content=\"@Salzburgerland\" \/>\n<meta name=\"twitter:label1\" content=\"Verfasst von\" \/>\n\t<meta name=\"twitter:data1\" content=\"Heiko Mandl\" \/>\n\t<meta name=\"twitter:label2\" content=\"Gesch\u00e4tzte Lesezeit\" \/>\n\t<meta name=\"twitter:data2\" content=\"3\u00a0Minuten\" \/>\n<script type=\"application\/ld+json\" class=\"yoast-schema-graph\">{\"@context\":\"https:\\\/\\\/schema.org\",\"@graph\":[{\"@type\":\"Article\",\"@id\":\"https:\\\/\\\/www.salzburgerland.com\\\/de\\\/magazin\\\/neues-leben-am-windinggut\\\/#article\",\"isPartOf\":{\"@id\":\"https:\\\/\\\/www.salzburgerland.com\\\/de\\\/magazin\\\/neues-leben-am-windinggut\\\/\"},\"author\":{\"name\":\"Heiko Mandl\",\"@id\":\"https:\\\/\\\/www.salzburgerland.com\\\/de\\\/magazin\\\/#\\\/schema\\\/person\\\/8871c7c764fce6ea66752310e7fe9e98\"},\"headline\":\"Neues Leben am Windinggut\",\"datePublished\":\"2025-08-09T05:00:00+00:00\",\"mainEntityOfPage\":{\"@id\":\"https:\\\/\\\/www.salzburgerland.com\\\/de\\\/magazin\\\/neues-leben-am-windinggut\\\/\"},\"wordCount\":378,\"publisher\":{\"@id\":\"https:\\\/\\\/www.salzburgerland.com\\\/de\\\/magazin\\\/#organization\"},\"image\":{\"@id\":\"https:\\\/\\\/www.salzburgerland.com\\\/de\\\/magazin\\\/neues-leben-am-windinggut\\\/#primaryimage\"},\"thumbnailUrl\":\"https:\\\/\\\/www.salzburgerland.com\\\/de\\\/magazin\\\/wp-content\\\/uploads\\\/2025\\\/07\\\/Unknown.jpeg\",\"keywords\":[\"Gasthaus\",\"Kulinarik\",\"Nachhaltig\",\"Regional\",\"Tradition\"],\"articleSection\":[\"Essen &amp; Trinken\"],\"inLanguage\":\"de\"},{\"@type\":\"WebPage\",\"@id\":\"https:\\\/\\\/www.salzburgerland.com\\\/de\\\/magazin\\\/neues-leben-am-windinggut\\\/\",\"url\":\"https:\\\/\\\/www.salzburgerland.com\\\/de\\\/magazin\\\/neues-leben-am-windinggut\\\/\",\"name\":\"Neues Leben am Windinggut - SalzburgerLand Magazin\",\"isPartOf\":{\"@id\":\"https:\\\/\\\/www.salzburgerland.com\\\/de\\\/magazin\\\/#website\"},\"primaryImageOfPage\":{\"@id\":\"https:\\\/\\\/www.salzburgerland.com\\\/de\\\/magazin\\\/neues-leben-am-windinggut\\\/#primaryimage\"},\"image\":{\"@id\":\"https:\\\/\\\/www.salzburgerland.com\\\/de\\\/magazin\\\/neues-leben-am-windinggut\\\/#primaryimage\"},\"thumbnailUrl\":\"https:\\\/\\\/www.salzburgerland.com\\\/de\\\/magazin\\\/wp-content\\\/uploads\\\/2025\\\/07\\\/Unknown.jpeg\",\"datePublished\":\"2025-08-09T05:00:00+00:00\",\"breadcrumb\":{\"@id\":\"https:\\\/\\\/www.salzburgerland.com\\\/de\\\/magazin\\\/neues-leben-am-windinggut\\\/#breadcrumb\"},\"inLanguage\":\"de\",\"potentialAction\":[{\"@type\":\"ReadAction\",\"target\":[\"https:\\\/\\\/www.salzburgerland.com\\\/de\\\/magazin\\\/neues-leben-am-windinggut\\\/\"]}]},{\"@type\":\"ImageObject\",\"inLanguage\":\"de\",\"@id\":\"https:\\\/\\\/www.salzburgerland.com\\\/de\\\/magazin\\\/neues-leben-am-windinggut\\\/#primaryimage\",\"url\":\"https:\\\/\\\/www.salzburgerland.com\\\/de\\\/magazin\\\/wp-content\\\/uploads\\\/2025\\\/07\\\/Unknown.jpeg\",\"contentUrl\":\"https:\\\/\\\/www.salzburgerland.com\\\/de\\\/magazin\\\/wp-content\\\/uploads\\\/2025\\\/07\\\/Unknown.jpeg\",\"width\":1280,\"height\":867,\"caption\":\"Ein Traditionshaus Windiggut wird durch ein neues Team in diesem rustikalen Holz-Bauernhaus wiederer\u00f6ffnet.\"},{\"@type\":\"BreadcrumbList\",\"@id\":\"https:\\\/\\\/www.salzburgerland.com\\\/de\\\/magazin\\\/neues-leben-am-windinggut\\\/#breadcrumb\",\"itemListElement\":[{\"@type\":\"ListItem\",\"position\":1,\"name\":\"Startseite\",\"item\":\"https:\\\/\\\/www.salzburgerland.com\\\/de\\\/magazin\\\/\"},{\"@type\":\"ListItem\",\"position\":2,\"name\":\"Essen &amp; Trinken\",\"item\":\"https:\\\/\\\/www.salzburgerland.com\\\/de\\\/magazin\\\/thema\\\/essen-trinken\\\/\"},{\"@type\":\"ListItem\",\"position\":3,\"name\":\"Neues Leben am Windinggut\"}]},{\"@type\":\"WebSite\",\"@id\":\"https:\\\/\\\/www.salzburgerland.com\\\/de\\\/magazin\\\/#website\",\"url\":\"https:\\\/\\\/www.salzburgerland.com\\\/de\\\/magazin\\\/\",\"name\":\"SalzburgerLand Magazin\",\"description\":\"Geschichten und Interessantes aus dem SalzburgerLand\",\"publisher\":{\"@id\":\"https:\\\/\\\/www.salzburgerland.com\\\/de\\\/magazin\\\/#organization\"},\"potentialAction\":[{\"@type\":\"SearchAction\",\"target\":{\"@type\":\"EntryPoint\",\"urlTemplate\":\"https:\\\/\\\/www.salzburgerland.com\\\/de\\\/magazin\\\/?s={search_term_string}\"},\"query-input\":{\"@type\":\"PropertyValueSpecification\",\"valueRequired\":true,\"valueName\":\"search_term_string\"}}],\"inLanguage\":\"de\"},{\"@type\":\"Organization\",\"@id\":\"https:\\\/\\\/www.salzburgerland.com\\\/de\\\/magazin\\\/#organization\",\"name\":\"SalzburgerLand Tourismus\",\"url\":\"https:\\\/\\\/www.salzburgerland.com\\\/de\\\/magazin\\\/\",\"logo\":{\"@type\":\"ImageObject\",\"inLanguage\":\"de\",\"@id\":\"https:\\\/\\\/www.salzburgerland.com\\\/de\\\/magazin\\\/#\\\/schema\\\/logo\\\/image\\\/\",\"url\":\"https:\\\/\\\/www.salzburgerland.com\\\/de\\\/magazin\\\/wp-content\\\/uploads\\\/2019\\\/06\\\/salzburgerland-logo1.jpg\",\"contentUrl\":\"https:\\\/\\\/www.salzburgerland.com\\\/de\\\/magazin\\\/wp-content\\\/uploads\\\/2019\\\/06\\\/salzburgerland-logo1.jpg\",\"width\":2011,\"height\":866,\"caption\":\"SalzburgerLand Tourismus\"},\"image\":{\"@id\":\"https:\\\/\\\/www.salzburgerland.com\\\/de\\\/magazin\\\/#\\\/schema\\\/logo\\\/image\\\/\"},\"sameAs\":[\"https:\\\/\\\/www.facebook.com\\\/salzburgerland\\\/\",\"https:\\\/\\\/x.com\\\/Salzburgerland\",\"https:\\\/\\\/www.instagram.com\\\/salzburgerland\\\/\",\"https:\\\/\\\/at.linkedin.com\\\/company\\\/salzburgerland-tourismus-gmbh\",\"https:\\\/\\\/www.pinterest.at\\\/salzburgerland\\\/\",\"https:\\\/\\\/www.youtube.com\\\/user\\\/salzburgerland\",\"https:\\\/\\\/de.wikipedia.org\\\/wiki\\\/SalzburgerLand_Tourismus_GmbH\"]},{\"@type\":\"Person\",\"@id\":\"https:\\\/\\\/www.salzburgerland.com\\\/de\\\/magazin\\\/#\\\/schema\\\/person\\\/8871c7c764fce6ea66752310e7fe9e98\",\"name\":\"Heiko Mandl\",\"description\":\"Heiko Mandl, geboren 1976 in Salzburg, ist durch den Journalismus zur Fotografie gekommen und ist seit zehn Jahren als selbstst\u00e4ndiger Fotograf und Autor in Salzburg t\u00e4tig. Schon von Kindheit an haben ihn die Berge vor seiner Haust\u00fcr fasziniert. Heute z\u00e4hlen sie unter anderem zu seinem Arbeitsplatz. Er arbeitet f\u00fcr internationale Outdoor- und Reisemagazine sowie zahlreiche Firmen und Agenturen. Luxushotel oder Almh\u00fctte: Ich kann beides genie\u00dfen und ich gehe das nach dem Motto: Alles zur richtigen Zeit und zur passenden Gelegenheit an. Wandern oder Laufen: Auf jeden Fall wandern, ist gem\u00fctlicher und man kann sich mehr auf die Umgebung konzentrieren. Golfplatz oder Klettergarten: Klettergarten, zumindest noch die n\u00e4chsten 20 Jahre. Fr\u00fchling, sommer, herbst oder Winter? Fr\u00fchling und Sommer und Herbst und Winter! Im SalzburgerLand ist es das ganze Jahr traumhaft sch\u00f6n. Wellness oder Mountainbike? Zuerst eine Runde mit dem Mountainbike und dann ab in den Wellnesstempel. Das eine schlie\u00dft das andere nicht aus!\",\"url\":\"https:\\\/\\\/www.salzburgerland.com\\\/de\\\/magazin\\\/author\\\/heiko-mandl\\\/\"}]}<\/script>\n<!-- \/ Yoast SEO Premium plugin. -->","yoast_head_json":{"title":"Neues Leben am Windinggut - SalzburgerLand Magazin","robots":{"index":"index","follow":"follow","max-snippet":"max-snippet:-1","max-image-preview":"max-image-preview:large","max-video-preview":"max-video-preview:-1"},"canonical":"https:\/\/www.salzburgerland.com\/de\/magazin\/neues-leben-am-windinggut\/","og_locale":"de_DE","og_type":"article","og_title":"Neues Leben am Windinggut","og_description":"Der neue Hausherr Fritz Rigele stammt urspr\u00fcnglich aus Obertauern, wo seine Familie touristisch verwurzelt ist. Nach dem Studium in Salzburg und dem Umzug mit Frau und Kindern ins SalzburgerLand, kam die Idee: Warum nicht dem geschichtstr\u00e4chtigen Windinggut \u2013 erstmals 1392 erw\u00e4hnt \u2013 neues Leben einhauchen? Die Immobilie war nach mehreren Betreiberwechseln in den letzten Jahren [&hellip;]","og_url":"https:\/\/www.salzburgerland.com\/de\/magazin\/neues-leben-am-windinggut\/","og_site_name":"SalzburgerLand Magazin","article_publisher":"https:\/\/www.facebook.com\/salzburgerland\/","article_published_time":"2025-08-09T05:00:00+00:00","og_image":[{"width":1280,"height":867,"url":"https:\/\/www.salzburgerland.com\/de\/magazin\/wp-content\/uploads\/2025\/07\/Unknown.jpeg","type":"image\/jpeg"}],"author":"Heiko Mandl","twitter_card":"summary_large_image","twitter_creator":"@Salzburgerland","twitter_site":"@Salzburgerland","twitter_misc":{"Verfasst von":"Heiko Mandl","Gesch\u00e4tzte Lesezeit":"3\u00a0Minuten"},"schema":{"@context":"https:\/\/schema.org","@graph":[{"@type":"Article","@id":"https:\/\/www.salzburgerland.com\/de\/magazin\/neues-leben-am-windinggut\/#article","isPartOf":{"@id":"https:\/\/www.salzburgerland.com\/de\/magazin\/neues-leben-am-windinggut\/"},"author":{"name":"Heiko Mandl","@id":"https:\/\/www.salzburgerland.com\/de\/magazin\/#\/schema\/person\/8871c7c764fce6ea66752310e7fe9e98"},"headline":"Neues Leben am Windinggut","datePublished":"2025-08-09T05:00:00+00:00","mainEntityOfPage":{"@id":"https:\/\/www.salzburgerland.com\/de\/magazin\/neues-leben-am-windinggut\/"},"wordCount":378,"publisher":{"@id":"https:\/\/www.salzburgerland.com\/de\/magazin\/#organization"},"image":{"@id":"https:\/\/www.salzburgerland.com\/de\/magazin\/neues-leben-am-windinggut\/#primaryimage"},"thumbnailUrl":"https:\/\/www.salzburgerland.com\/de\/magazin\/wp-content\/uploads\/2025\/07\/Unknown.jpeg","keywords":["Gasthaus","Kulinarik","Nachhaltig","Regional","Tradition"],"articleSection":["Essen &amp; Trinken"],"inLanguage":"de"},{"@type":"WebPage","@id":"https:\/\/www.salzburgerland.com\/de\/magazin\/neues-leben-am-windinggut\/","url":"https:\/\/www.salzburgerland.com\/de\/magazin\/neues-leben-am-windinggut\/","name":"Neues Leben am Windinggut - SalzburgerLand Magazin","isPartOf":{"@id":"https:\/\/www.salzburgerland.com\/de\/magazin\/#website"},"primaryImageOfPage":{"@id":"https:\/\/www.salzburgerland.com\/de\/magazin\/neues-leben-am-windinggut\/#primaryimage"},"image":{"@id":"https:\/\/www.salzburgerland.com\/de\/magazin\/neues-leben-am-windinggut\/#primaryimage"},"thumbnailUrl":"https:\/\/www.salzburgerland.com\/de\/magazin\/wp-content\/uploads\/2025\/07\/Unknown.jpeg","datePublished":"2025-08-09T05:00:00+00:00","breadcrumb":{"@id":"https:\/\/www.salzburgerland.com\/de\/magazin\/neues-leben-am-windinggut\/#breadcrumb"},"inLanguage":"de","potentialAction":[{"@type":"ReadAction","target":["https:\/\/www.salzburgerland.com\/de\/magazin\/neues-leben-am-windinggut\/"]}]},{"@type":"ImageObject","inLanguage":"de","@id":"https:\/\/www.salzburgerland.com\/de\/magazin\/neues-leben-am-windinggut\/#primaryimage","url":"https:\/\/www.salzburgerland.com\/de\/magazin\/wp-content\/uploads\/2025\/07\/Unknown.jpeg","contentUrl":"https:\/\/www.salzburgerland.com\/de\/magazin\/wp-content\/uploads\/2025\/07\/Unknown.jpeg","width":1280,"height":867,"caption":"Ein Traditionshaus Windiggut wird durch ein neues Team in diesem rustikalen Holz-Bauernhaus wiederer\u00f6ffnet."},{"@type":"BreadcrumbList","@id":"https:\/\/www.salzburgerland.com\/de\/magazin\/neues-leben-am-windinggut\/#breadcrumb","itemListElement":[{"@type":"ListItem","position":1,"name":"Startseite","item":"https:\/\/www.salzburgerland.com\/de\/magazin\/"},{"@type":"ListItem","position":2,"name":"Essen &amp; Trinken","item":"https:\/\/www.salzburgerland.com\/de\/magazin\/thema\/essen-trinken\/"},{"@type":"ListItem","position":3,"name":"Neues Leben am Windinggut"}]},{"@type":"WebSite","@id":"https:\/\/www.salzburgerland.com\/de\/magazin\/#website","url":"https:\/\/www.salzburgerland.com\/de\/magazin\/","name":"SalzburgerLand Magazin","description":"Geschichten und Interessantes aus dem SalzburgerLand","publisher":{"@id":"https:\/\/www.salzburgerland.com\/de\/magazin\/#organization"},"potentialAction":[{"@type":"SearchAction","target":{"@type":"EntryPoint","urlTemplate":"https:\/\/www.salzburgerland.com\/de\/magazin\/?s={search_term_string}"},"query-input":{"@type":"PropertyValueSpecification","valueRequired":true,"valueName":"search_term_string"}}],"inLanguage":"de"},{"@type":"Organization","@id":"https:\/\/www.salzburgerland.com\/de\/magazin\/#organization","name":"SalzburgerLand Tourismus","url":"https:\/\/www.salzburgerland.com\/de\/magazin\/","logo":{"@type":"ImageObject","inLanguage":"de","@id":"https:\/\/www.salzburgerland.com\/de\/magazin\/#\/schema\/logo\/image\/","url":"https:\/\/www.salzburgerland.com\/de\/magazin\/wp-content\/uploads\/2019\/06\/salzburgerland-logo1.jpg","contentUrl":"https:\/\/www.salzburgerland.com\/de\/magazin\/wp-content\/uploads\/2019\/06\/salzburgerland-logo1.jpg","width":2011,"height":866,"caption":"SalzburgerLand Tourismus"},"image":{"@id":"https:\/\/www.salzburgerland.com\/de\/magazin\/#\/schema\/logo\/image\/"},"sameAs":["https:\/\/www.facebook.com\/salzburgerland\/","https:\/\/x.com\/Salzburgerland","https:\/\/www.instagram.com\/salzburgerland\/","https:\/\/at.linkedin.com\/company\/salzburgerland-tourismus-gmbh","https:\/\/www.pinterest.at\/salzburgerland\/","https:\/\/www.youtube.com\/user\/salzburgerland","https:\/\/de.wikipedia.org\/wiki\/SalzburgerLand_Tourismus_GmbH"]},{"@type":"Person","@id":"https:\/\/www.salzburgerland.com\/de\/magazin\/#\/schema\/person\/8871c7c764fce6ea66752310e7fe9e98","name":"Heiko Mandl","description":"Heiko Mandl, geboren 1976 in Salzburg, ist durch den Journalismus zur Fotografie gekommen und ist seit zehn Jahren als selbstst\u00e4ndiger Fotograf und Autor in Salzburg t\u00e4tig. Schon von Kindheit an haben ihn die Berge vor seiner Haust\u00fcr fasziniert. Heute z\u00e4hlen sie unter anderem zu seinem Arbeitsplatz. Er arbeitet f\u00fcr internationale Outdoor- und Reisemagazine sowie zahlreiche Firmen und Agenturen. Luxushotel oder Almh\u00fctte: Ich kann beides genie\u00dfen und ich gehe das nach dem Motto: Alles zur richtigen Zeit und zur passenden Gelegenheit an. Wandern oder Laufen: Auf jeden Fall wandern, ist gem\u00fctlicher und man kann sich mehr auf die Umgebung konzentrieren. Golfplatz oder Klettergarten: Klettergarten, zumindest noch die n\u00e4chsten 20 Jahre. Fr\u00fchling, sommer, herbst oder Winter? Fr\u00fchling und Sommer und Herbst und Winter! Im SalzburgerLand ist es das ganze Jahr traumhaft sch\u00f6n. Wellness oder Mountainbike? Zuerst eine Runde mit dem Mountainbike und dann ab in den Wellnesstempel. Das eine schlie\u00dft das andere nicht aus!","url":"https:\/\/www.salzburgerland.com\/de\/magazin\/author\/heiko-mandl\/"}]}},"_wl_alt_label":[],"wl:entity_url":"http:\/\/open.salzburgerland.com\/magazin\/post\/gasthaus-windiggut-183346","_links":{"self":[{"href":"https:\/\/www.salzburgerland.com\/de\/magazin\/wp-json\/wp\/v2\/posts\/183346","targetHints":{"allow":["GET"]}}],"collection":[{"href":"https:\/\/www.salzburgerland.com\/de\/magazin\/wp-json\/wp\/v2\/posts"}],"about":[{"href":"https:\/\/www.salzburgerland.com\/de\/magazin\/wp-json\/wp\/v2\/types\/post"}],"author":[{"embeddable":true,"href":"https:\/\/www.salzburgerland.com\/de\/magazin\/wp-json\/wp\/v2\/users\/10"}],"replies":[{"embeddable":true,"href":"https:\/\/www.salzburgerland.com\/de\/magazin\/wp-json\/wp\/v2\/comments?post=183346"}],"version-history":[{"count":5,"href":"https:\/\/www.salzburgerland.com\/de\/magazin\/wp-json\/wp\/v2\/posts\/183346\/revisions"}],"predecessor-version":[{"id":183956,"href":"https:\/\/www.salzburgerland.com\/de\/magazin\/wp-json\/wp\/v2\/posts\/183346\/revisions\/183956"}],"wp:featuredmedia":[{"embeddable":true,"href":"https:\/\/www.salzburgerland.com\/de\/magazin\/wp-json\/wp\/v2\/media\/183349"}],"wp:attachment":[{"href":"https:\/\/www.salzburgerland.com\/de\/magazin\/wp-json\/wp\/v2\/media?parent=183346"}],"wp:term":[{"taxonomy":"category","embeddable":true,"href":"https:\/\/www.salzburgerland.com\/de\/magazin\/wp-json\/wp\/v2\/categories?post=183346"},{"taxonomy":"post_tag","embeddable":true,"href":"https:\/\/www.salzburgerland.com\/de\/magazin\/wp-json\/wp\/v2\/tags?post=183346"},{"taxonomy":"wl_entity_type","embeddable":true,"href":"https:\/\/www.salzburgerland.com\/de\/magazin\/wp-json\/wp\/v2\/wl_entity_type?post=183346"},{"taxonomy":"monatsauswahl","embeddable":true,"href":"https:\/\/www.salzburgerland.com\/de\/magazin\/wp-json\/wp\/v2\/monatsauswahl?post=183346"}],"curies":[{"name":"wp","href":"https:\/\/api.w.org\/{rel}","templated":true}]}}