{"id":18329,"date":"2012-06-02T14:36:54","date_gmt":"2012-06-02T12:36:54","guid":{"rendered":"http:\/\/magazin.salzburgerland.com\/?p=18329"},"modified":"2021-03-22T11:51:01","modified_gmt":"2021-03-22T10:51:01","slug":"erbe-der-urzeit-der-rote-marmor-von-adnet","status":"publish","type":"post","link":"https:\/\/www.salzburgerland.com\/de\/magazin\/erbe-der-urzeit-der-rote-marmor-von-adnet\/","title":{"rendered":"Erbe der Urzeit"},"content":{"rendered":"\n<h2 class=\"wp-block-slt-subtitle\">Der rote Marmor von Adnet<\/h2>\n\n\n\n<p class=\"wp-block-slt-intro\">Als vor 200 Millionen Jahren der Urkontinent Pang\u00e4a in verschiedene Teile zerbrach, bildete sich zwischen der afrikanischen und der eurasischen Platte ein weites Meer. Da wo heute Kletterer die felsigen Gipfel unserer Kalkalpen erklimmen, erstreckte sich ein lebendiger\u00a0 Korallengarten, in dem es vor Fischen, Muscheln und vielen anderen Meeresbewohnern wimmelte. Die Gebirgsbildung der Alpen fand zwischen 100 und 20 Millionen Jahren statt, als die afrikanische Platte begann, Richtung Norden zu driften und\u00a0 sich die kalkhaltigen Gesteinsplatten zu einem massiven Gebirge auffalteten.<\/p>\n\n\n\n<h2 class=\"wp-block-heading\" id=\"h-vom-leben-zum-stein\"><strong>Vom Leben zum Stein<\/strong><\/h2>\n\n\n\n<p>Das Leben im Meer hat in den Felsen unserer Alpen seine Verewigung gefunden. Eine Rekonstruktion dieser faszinierenden Geschichte vom Leben zum Stein ist im Adneter Marmormuseum&nbsp; zu sehen. Der kleine Ort im Tennengau ist weltber\u00fchmt f\u00fcr seinen edlen Stein, den roten Marmor. Genaugenommen handelt es sich dabei nicht um echten Marmor, sondern um ein Riffkalkgestein. So kommen beim Abbau in den Steinbr\u00fcchen immer wieder zu Fels gewordene Meereslebewesen zum Vorschein. Bei den Fossilien handelt es sich meist um Korallen, Algen, Schw\u00e4mme, Muscheln und Schnecken.<\/p>\n\n\n\n<h2 class=\"wp-block-heading\" id=\"h-die-k-nstlerische-seele-des-roten-marmors\"><strong>Die k\u00fcnstlerische Seele des roten Marmors<\/strong><\/h2>\n\n\n\n<p>Bereits die R\u00f6mer arbeiteten in den ersten Jahrhunderten nach Christus am Abbau des edlen Kalkgesteins, welches als Baustein und der Erstellung von Reliefs und Mosaiken diente. Im Laufe der Jahrhunderte kristallisierte sich der kunsthistorische Wert des Adneter Marmors heraus. Namhafte K\u00fcnstler erweckten in ihren beseelten Bildhauerarbeiten den Stein zum Leben.&nbsp; Bedeutende Arbeiten aus dem Adneter Marmor sind heute unter anderem im Wiener Parlament, der Festung Hohensalzburg und in der Stiftskirche St. Peter zu finden. &nbsp;Im Museum bietet die Abteilung \u201eVom Mamor zur Kunst\u201c&nbsp; detaillierte Auskunft \u00fcber die Nutzung des Dekorsteins von der R\u00f6merzeit bis in die Gegenwart.<\/p>\n\n\n\n<h2 class=\"wp-block-heading\" id=\"h-entlang-der-steinbr-che\"><strong>Entlang der Steinbr\u00fcche<\/strong><\/h2>\n\n\n\n<p>Das Adneter Marmormuseum ist auch ein idealer Ausgangspunkt f\u00fcr den Marmorlehrpfad, der in 1,5 bis 2 Stunden gem\u00fctlicher Wanderung zu begehen ist. Der Rundwanderweg &nbsp;durch den schattenspendenden Wald f\u00fchrt mit informativen Schautafeln \u00fcber die Entstehung und Gewinnung des edlen Gesteins,&nbsp; an noch betriebenen und bereits aufgelassenen Steinbr\u00fcchen vorbei. &nbsp;Auch f\u00fcr Kinder ist die spannende Reise von der Urzeit bis in unsere Gegenwart ein unvergessliches Erlebnis.<\/p>\n\n\n<div class=\"mag-gallery\"><div class=\"row\"><div class=\"col-6 col-sm-4\"><figure><a class=\"thumb-container\" href=\"https:\/\/www.salzburgerland.com\/de\/magazin\/wp-content\/uploads\/2012\/05\/IMG_4556-1280x1024.jpg\">\t<picture><source media=\"(min-width: 576px)\" srcset=\"https:\/\/www.salzburgerland.com\/de\/magazin\/wp-content\/uploads\/2012\/05\/IMG_4556-325x209.jpg 325w, https:\/\/www.salzburgerland.com\/de\/magazin\/wp-content\/uploads\/2012\/05\/IMG_4556-249x160.jpg 249w\" \/><source media=\"(min-width: 0)\" srcset=\"https:\/\/www.salzburgerland.com\/de\/magazin\/wp-content\/uploads\/2012\/05\/IMG_4556-249x160.jpg 249w, https:\/\/www.salzburgerland.com\/de\/magazin\/wp-content\/uploads\/2012\/05\/IMG_4556-325x209.jpg 325w\" \/><img decoding=\"async\" alt=\"Adnet\" src=\"https:\/\/www.salzburgerland.com\/de\/magazin\/wp-content\/uploads\/2012\/05\/IMG_4556.jpg\" \/>\t<\/picture><\/a><\/figure><\/div><div class=\"col-6 col-sm-4\"><figure><a class=\"thumb-container\" href=\"https:\/\/www.salzburgerland.com\/de\/magazin\/wp-content\/uploads\/2012\/05\/IMG_4559-1280x1024.jpg\">\t<picture><source media=\"(min-width: 576px)\" srcset=\"https:\/\/www.salzburgerland.com\/de\/magazin\/wp-content\/uploads\/2012\/05\/IMG_4559-325x209.jpg 325w, https:\/\/www.salzburgerland.com\/de\/magazin\/wp-content\/uploads\/2012\/05\/IMG_4559-249x160.jpg 249w\" \/><source media=\"(min-width: 0)\" srcset=\"https:\/\/www.salzburgerland.com\/de\/magazin\/wp-content\/uploads\/2012\/05\/IMG_4559-249x160.jpg 249w, https:\/\/www.salzburgerland.com\/de\/magazin\/wp-content\/uploads\/2012\/05\/IMG_4559-325x209.jpg 325w\" \/><img decoding=\"async\" alt=\"Adnet\" src=\"https:\/\/www.salzburgerland.com\/de\/magazin\/wp-content\/uploads\/2012\/05\/IMG_4559.jpg\" \/>\t<\/picture><\/a><\/figure><\/div><div class=\"col-6 col-sm-4\"><figure><a class=\"thumb-container\" href=\"https:\/\/www.salzburgerland.com\/de\/magazin\/wp-content\/uploads\/2012\/05\/IMG_4563-1280x1024.jpg\">\t<picture><source media=\"(min-width: 576px)\" srcset=\"https:\/\/www.salzburgerland.com\/de\/magazin\/wp-content\/uploads\/2012\/05\/IMG_4563-325x209.jpg 325w, https:\/\/www.salzburgerland.com\/de\/magazin\/wp-content\/uploads\/2012\/05\/IMG_4563-249x160.jpg 249w\" \/><source media=\"(min-width: 0)\" srcset=\"https:\/\/www.salzburgerland.com\/de\/magazin\/wp-content\/uploads\/2012\/05\/IMG_4563-249x160.jpg 249w, https:\/\/www.salzburgerland.com\/de\/magazin\/wp-content\/uploads\/2012\/05\/IMG_4563-325x209.jpg 325w\" \/><img decoding=\"async\" alt=\"Adnet\" src=\"https:\/\/www.salzburgerland.com\/de\/magazin\/wp-content\/uploads\/2012\/05\/IMG_4563.jpg\" \/>\t<\/picture><\/a><\/figure><\/div><div class=\"col-6 col-sm-4\"><figure><a class=\"thumb-container\" href=\"https:\/\/www.salzburgerland.com\/de\/magazin\/wp-content\/uploads\/2012\/05\/IMG_4564-1280x1024.jpg\">\t<picture><source media=\"(min-width: 576px)\" srcset=\"https:\/\/www.salzburgerland.com\/de\/magazin\/wp-content\/uploads\/2012\/05\/IMG_4564-325x209.jpg 325w, https:\/\/www.salzburgerland.com\/de\/magazin\/wp-content\/uploads\/2012\/05\/IMG_4564-249x160.jpg 249w\" \/><source media=\"(min-width: 0)\" srcset=\"https:\/\/www.salzburgerland.com\/de\/magazin\/wp-content\/uploads\/2012\/05\/IMG_4564-249x160.jpg 249w, https:\/\/www.salzburgerland.com\/de\/magazin\/wp-content\/uploads\/2012\/05\/IMG_4564-325x209.jpg 325w\" \/><img decoding=\"async\" alt=\"Adnet\" src=\"https:\/\/www.salzburgerland.com\/de\/magazin\/wp-content\/uploads\/2012\/05\/IMG_4564.jpg\" \/>\t<\/picture><\/a><\/figure><\/div><div class=\"col-6 col-sm-4\"><figure><a class=\"thumb-container\" href=\"https:\/\/www.salzburgerland.com\/de\/magazin\/wp-content\/uploads\/2012\/05\/IMG_4568-1280x1024.jpg\">\t<picture><source media=\"(min-width: 576px)\" srcset=\"https:\/\/www.salzburgerland.com\/de\/magazin\/wp-content\/uploads\/2012\/05\/IMG_4568-325x209.jpg 325w, https:\/\/www.salzburgerland.com\/de\/magazin\/wp-content\/uploads\/2012\/05\/IMG_4568-249x160.jpg 249w\" \/><source media=\"(min-width: 0)\" srcset=\"https:\/\/www.salzburgerland.com\/de\/magazin\/wp-content\/uploads\/2012\/05\/IMG_4568-249x160.jpg 249w, https:\/\/www.salzburgerland.com\/de\/magazin\/wp-content\/uploads\/2012\/05\/IMG_4568-325x209.jpg 325w\" \/><img decoding=\"async\" alt=\"Adnet\" src=\"https:\/\/www.salzburgerland.com\/de\/magazin\/wp-content\/uploads\/2012\/05\/IMG_4568.jpg\" \/>\t<\/picture><\/a><\/figure><\/div><div class=\"col-6 col-sm-4\"><figure><a class=\"thumb-container\" href=\"https:\/\/www.salzburgerland.com\/de\/magazin\/wp-content\/uploads\/2012\/05\/IMG_4571-1280x1024.jpg\">\t<picture><source media=\"(min-width: 576px)\" srcset=\"https:\/\/www.salzburgerland.com\/de\/magazin\/wp-content\/uploads\/2012\/05\/IMG_4571-325x209.jpg 325w, https:\/\/www.salzburgerland.com\/de\/magazin\/wp-content\/uploads\/2012\/05\/IMG_4571-249x160.jpg 249w\" \/><source media=\"(min-width: 0)\" srcset=\"https:\/\/www.salzburgerland.com\/de\/magazin\/wp-content\/uploads\/2012\/05\/IMG_4571-249x160.jpg 249w, https:\/\/www.salzburgerland.com\/de\/magazin\/wp-content\/uploads\/2012\/05\/IMG_4571-325x209.jpg 325w\" \/><img decoding=\"async\" alt=\"Adnet\" src=\"https:\/\/www.salzburgerland.com\/de\/magazin\/wp-content\/uploads\/2012\/05\/IMG_4571.jpg\" \/>\t<\/picture><\/a><\/figure><\/div><div class=\"col-6 col-sm-4\"><figure><a class=\"thumb-container\" href=\"https:\/\/www.salzburgerland.com\/de\/magazin\/wp-content\/uploads\/2012\/05\/IMG_4578-1280x1024.jpg\">\t<picture><source media=\"(min-width: 576px)\" srcset=\"https:\/\/www.salzburgerland.com\/de\/magazin\/wp-content\/uploads\/2012\/05\/IMG_4578-325x209.jpg 325w, https:\/\/www.salzburgerland.com\/de\/magazin\/wp-content\/uploads\/2012\/05\/IMG_4578-249x160.jpg 249w\" \/><source media=\"(min-width: 0)\" srcset=\"https:\/\/www.salzburgerland.com\/de\/magazin\/wp-content\/uploads\/2012\/05\/IMG_4578-249x160.jpg 249w, https:\/\/www.salzburgerland.com\/de\/magazin\/wp-content\/uploads\/2012\/05\/IMG_4578-325x209.jpg 325w\" \/><img decoding=\"async\" alt=\"Adnet\" src=\"https:\/\/www.salzburgerland.com\/de\/magazin\/wp-content\/uploads\/2012\/05\/IMG_4578.jpg\" \/>\t<\/picture><\/a><\/figure><\/div><div class=\"col-6 col-sm-4\"><figure><a class=\"thumb-container\" href=\"https:\/\/www.salzburgerland.com\/de\/magazin\/wp-content\/uploads\/2012\/05\/IMG_4584-1280x1024.jpg\">\t<picture><source media=\"(min-width: 576px)\" srcset=\"https:\/\/www.salzburgerland.com\/de\/magazin\/wp-content\/uploads\/2012\/05\/IMG_4584-325x209.jpg 325w, https:\/\/www.salzburgerland.com\/de\/magazin\/wp-content\/uploads\/2012\/05\/IMG_4584-249x160.jpg 249w\" \/><source media=\"(min-width: 0)\" srcset=\"https:\/\/www.salzburgerland.com\/de\/magazin\/wp-content\/uploads\/2012\/05\/IMG_4584-249x160.jpg 249w, https:\/\/www.salzburgerland.com\/de\/magazin\/wp-content\/uploads\/2012\/05\/IMG_4584-325x209.jpg 325w\" \/><img decoding=\"async\" alt=\"Adnet\" src=\"https:\/\/www.salzburgerland.com\/de\/magazin\/wp-content\/uploads\/2012\/05\/IMG_4584.jpg\" \/>\t<\/picture><\/a><\/figure><\/div><div class=\"col-6 col-sm-4\"><figure><a class=\"thumb-container\" href=\"https:\/\/www.salzburgerland.com\/de\/magazin\/wp-content\/uploads\/2012\/05\/IMG_4594-1280x1024.jpg\">\t<picture><source media=\"(min-width: 576px)\" srcset=\"https:\/\/www.salzburgerland.com\/de\/magazin\/wp-content\/uploads\/2012\/05\/IMG_4594-325x209.jpg 325w, https:\/\/www.salzburgerland.com\/de\/magazin\/wp-content\/uploads\/2012\/05\/IMG_4594-249x160.jpg 249w\" \/><source media=\"(min-width: 0)\" srcset=\"https:\/\/www.salzburgerland.com\/de\/magazin\/wp-content\/uploads\/2012\/05\/IMG_4594-249x160.jpg 249w, https:\/\/www.salzburgerland.com\/de\/magazin\/wp-content\/uploads\/2012\/05\/IMG_4594-325x209.jpg 325w\" \/><img decoding=\"async\" alt=\"Adnet\" src=\"https:\/\/www.salzburgerland.com\/de\/magazin\/wp-content\/uploads\/2012\/05\/IMG_4594.jpg\" \/>\t<\/picture><\/a><\/figure><\/div><div class=\"col-6 col-sm-4\"><figure><a class=\"thumb-container\" href=\"https:\/\/www.salzburgerland.com\/de\/magazin\/wp-content\/uploads\/2012\/05\/IMG_4600-1280x1024.jpg\">\t<picture><source media=\"(min-width: 576px)\" srcset=\"https:\/\/www.salzburgerland.com\/de\/magazin\/wp-content\/uploads\/2012\/05\/IMG_4600-325x209.jpg 325w, https:\/\/www.salzburgerland.com\/de\/magazin\/wp-content\/uploads\/2012\/05\/IMG_4600-249x160.jpg 249w\" \/><source media=\"(min-width: 0)\" srcset=\"https:\/\/www.salzburgerland.com\/de\/magazin\/wp-content\/uploads\/2012\/05\/IMG_4600-249x160.jpg 249w, https:\/\/www.salzburgerland.com\/de\/magazin\/wp-content\/uploads\/2012\/05\/IMG_4600-325x209.jpg 325w\" \/><img decoding=\"async\" alt=\"Adnet\" src=\"https:\/\/www.salzburgerland.com\/de\/magazin\/wp-content\/uploads\/2012\/05\/IMG_4600.jpg\" \/>\t<\/picture><\/a><\/figure><\/div><div class=\"col-6 col-sm-4\"><figure><a class=\"thumb-container\" href=\"https:\/\/www.salzburgerland.com\/de\/magazin\/wp-content\/uploads\/2012\/05\/IMG_4613-1280x1024.jpg\">\t<picture><source media=\"(min-width: 576px)\" srcset=\"https:\/\/www.salzburgerland.com\/de\/magazin\/wp-content\/uploads\/2012\/05\/IMG_4613-325x209.jpg 325w, https:\/\/www.salzburgerland.com\/de\/magazin\/wp-content\/uploads\/2012\/05\/IMG_4613-249x160.jpg 249w\" \/><source media=\"(min-width: 0)\" srcset=\"https:\/\/www.salzburgerland.com\/de\/magazin\/wp-content\/uploads\/2012\/05\/IMG_4613-249x160.jpg 249w, https:\/\/www.salzburgerland.com\/de\/magazin\/wp-content\/uploads\/2012\/05\/IMG_4613-325x209.jpg 325w\" \/><img decoding=\"async\" alt=\"Adnet\" src=\"https:\/\/www.salzburgerland.com\/de\/magazin\/wp-content\/uploads\/2012\/05\/IMG_4613.jpg\" \/>\t<\/picture><\/a><\/figure><\/div><div class=\"col-6 col-sm-4\"><figure><a class=\"thumb-container\" href=\"https:\/\/www.salzburgerland.com\/de\/magazin\/wp-content\/uploads\/2012\/05\/IMG_4617-1280x1024.jpg\">\t<picture><source media=\"(min-width: 576px)\" srcset=\"https:\/\/www.salzburgerland.com\/de\/magazin\/wp-content\/uploads\/2012\/05\/IMG_4617-325x209.jpg 325w, https:\/\/www.salzburgerland.com\/de\/magazin\/wp-content\/uploads\/2012\/05\/IMG_4617-249x160.jpg 249w\" \/><source media=\"(min-width: 0)\" srcset=\"https:\/\/www.salzburgerland.com\/de\/magazin\/wp-content\/uploads\/2012\/05\/IMG_4617-249x160.jpg 249w, https:\/\/www.salzburgerland.com\/de\/magazin\/wp-content\/uploads\/2012\/05\/IMG_4617-325x209.jpg 325w\" \/><img decoding=\"async\" alt=\"Adnet\" src=\"https:\/\/www.salzburgerland.com\/de\/magazin\/wp-content\/uploads\/2012\/05\/IMG_4617.jpg\" \/>\t<\/picture><\/a><\/figure><\/div><\/div><\/div><figcaption><\/figcaption>\n\n\n\n<p>Marmormuseum Adnet<br>Adnet 18<br>5421 Adnet<br>+43 6245 80625<br><a title=\"Marmormuseum Adnet\" href=\"http:\/\/marmormuseum.adnet.at\/\" target=\"_blank\" rel=\"noopener noreferrer\">marmormuseum.adnet.at<\/a><\/p>\n\n\n\n<p><em>Fotocredit \u00a9 Ingrid Mazuelos<\/em><\/p>\n","protected":false},"excerpt":{"rendered":"<p>Vom Leben zum Stein Das Leben im Meer hat in den Felsen unserer Alpen seine Verewigung gefunden. Eine Rekonstruktion dieser faszinierenden Geschichte vom Leben zum Stein ist im Adneter Marmormuseum&nbsp; zu sehen. Der kleine Ort im Tennengau ist weltber\u00fchmt f\u00fcr seinen edlen Stein, den roten Marmor. Genaugenommen handelt es sich dabei nicht um echten Marmor, [&hellip;]<\/p>\n","protected":false},"author":7,"featured_media":18335,"comment_status":"open","ping_status":"open","sticky":false,"template":"","format":"standard","meta":{"_acf_changed":false,"wl_entities_gutenberg":"","_wl_entity_redirect_enabled":"","footnotes":""},"categories":[9],"tags":[6709],"wl_entity_type":[306],"monatsauswahl":[86,87,88,89,90,91],"class_list":["post-18329","post","type-post","status-publish","format-standard","has-post-thumbnail","hentry","category-sehenswurdig","tag-salzburgerland-card","wl_entity_type-article","monatsauswahl-monat_5","monatsauswahl-monat_6","monatsauswahl-monat_7","monatsauswahl-monat_8","monatsauswahl-monat_9","monatsauswahl-monat_10"],"acf":[],"yoast_head":"<!-- This site is optimized with the Yoast SEO Premium plugin v27.4 (Yoast SEO v27.4) - https:\/\/yoast.com\/product\/yoast-seo-premium-wordpress\/ -->\n<title>Erbe der Urzeit - SalzburgerLand Magazin<\/title>\n<meta name=\"description\" content=\"Als vor 200 Millionen Jahren der Urkontinent Pang\u00e4a in verschiedene Teile zerbrach, bildete sich zwischen der afrikanischen und der eurasischen Platte ein weites Meer. Da wo heute Kletterer die felsigen Gipfel unserer Kalkalpen erklimmen, erstreckte sich ein lebendiger\u00a0 Korallengarten, in dem es vor Fischen, Muscheln und vielen anderen Meeresbewohnern wimmelte. Die Gebirgsbildung der Alpen fand zwischen 100 und 20 Millionen Jahren statt, als die afrikanische Platte begann, Richtung Norden zu driften und\u00a0 sich die kalkhaltigen Gesteinsplatten zu einem massiven Gebirge auffalteten.\" \/>\n<meta name=\"robots\" content=\"index, follow, max-snippet:-1, max-image-preview:large, max-video-preview:-1\" \/>\n<link rel=\"canonical\" href=\"https:\/\/www.salzburgerland.com\/de\/magazin\/erbe-der-urzeit-der-rote-marmor-von-adnet\/\" \/>\n<meta property=\"og:locale\" content=\"de_DE\" \/>\n<meta property=\"og:type\" content=\"article\" \/>\n<meta property=\"og:title\" content=\"Erbe der Urzeit\" \/>\n<meta property=\"og:description\" content=\"Vom Leben zum Stein Das Leben im Meer hat in den Felsen unserer Alpen seine Verewigung gefunden. Eine Rekonstruktion dieser faszinierenden Geschichte vom Leben zum Stein ist im Adneter Marmormuseum&nbsp; zu sehen. Der kleine Ort im Tennengau ist weltber\u00fchmt f\u00fcr seinen edlen Stein, den roten Marmor. Genaugenommen handelt es sich dabei nicht um echten Marmor, [&hellip;]\" \/>\n<meta property=\"og:url\" content=\"https:\/\/www.salzburgerland.com\/de\/magazin\/erbe-der-urzeit-der-rote-marmor-von-adnet\/\" \/>\n<meta property=\"og:site_name\" content=\"SalzburgerLand Magazin\" \/>\n<meta property=\"article:publisher\" content=\"https:\/\/www.facebook.com\/salzburgerland\/\" \/>\n<meta property=\"article:published_time\" content=\"2012-06-02T12:36:54+00:00\" \/>\n<meta property=\"article:modified_time\" content=\"2021-03-22T10:51:01+00:00\" \/>\n<meta property=\"og:image\" content=\"https:\/\/www.salzburgerland.com\/de\/magazin\/wp-content\/uploads\/2012\/05\/IMG_4571.jpg\" \/>\n\t<meta property=\"og:image:width\" content=\"1440\" \/>\n\t<meta property=\"og:image:height\" content=\"960\" \/>\n\t<meta property=\"og:image:type\" content=\"image\/jpeg\" \/>\n<meta name=\"author\" content=\"Ingrid Mazuelos\" \/>\n<meta name=\"twitter:card\" content=\"summary_large_image\" \/>\n<meta name=\"twitter:creator\" content=\"@Salzburgerland\" \/>\n<meta name=\"twitter:site\" content=\"@Salzburgerland\" \/>\n<meta name=\"twitter:label1\" content=\"Verfasst von\" \/>\n\t<meta name=\"twitter:data1\" content=\"Ingrid Mazuelos\" \/>\n\t<meta name=\"twitter:label2\" content=\"Gesch\u00e4tzte Lesezeit\" \/>\n\t<meta name=\"twitter:data2\" content=\"2\u00a0Minuten\" \/>\n<script type=\"application\/ld+json\" class=\"yoast-schema-graph\">{\"@context\":\"https:\\\/\\\/schema.org\",\"@graph\":[{\"@type\":\"Article\",\"@id\":\"https:\\\/\\\/www.salzburgerland.com\\\/de\\\/magazin\\\/erbe-der-urzeit-der-rote-marmor-von-adnet\\\/#article\",\"isPartOf\":{\"@id\":\"https:\\\/\\\/www.salzburgerland.com\\\/de\\\/magazin\\\/erbe-der-urzeit-der-rote-marmor-von-adnet\\\/\"},\"author\":{\"name\":\"Ingrid Mazuelos\",\"@id\":\"https:\\\/\\\/www.salzburgerland.com\\\/de\\\/magazin\\\/#\\\/schema\\\/person\\\/b8fa4912102bfd83028d4cceadc79ec8\"},\"headline\":\"Erbe der Urzeit\",\"datePublished\":\"2012-06-02T12:36:54+00:00\",\"dateModified\":\"2021-03-22T10:51:01+00:00\",\"mainEntityOfPage\":{\"@id\":\"https:\\\/\\\/www.salzburgerland.com\\\/de\\\/magazin\\\/erbe-der-urzeit-der-rote-marmor-von-adnet\\\/\"},\"wordCount\":377,\"commentCount\":0,\"publisher\":{\"@id\":\"https:\\\/\\\/www.salzburgerland.com\\\/de\\\/magazin\\\/#organization\"},\"image\":{\"@id\":\"https:\\\/\\\/www.salzburgerland.com\\\/de\\\/magazin\\\/erbe-der-urzeit-der-rote-marmor-von-adnet\\\/#primaryimage\"},\"thumbnailUrl\":\"https:\\\/\\\/www.salzburgerland.com\\\/de\\\/magazin\\\/wp-content\\\/uploads\\\/2012\\\/05\\\/IMG_4571.jpg\",\"keywords\":[\"SalzburgerLand Card\"],\"articleSection\":[\"Sehensw\u00fcrdig\"],\"inLanguage\":\"de\",\"potentialAction\":[{\"@type\":\"CommentAction\",\"name\":\"Comment\",\"target\":[\"https:\\\/\\\/www.salzburgerland.com\\\/de\\\/magazin\\\/erbe-der-urzeit-der-rote-marmor-von-adnet\\\/#respond\"]}]},{\"@type\":\"WebPage\",\"@id\":\"https:\\\/\\\/www.salzburgerland.com\\\/de\\\/magazin\\\/erbe-der-urzeit-der-rote-marmor-von-adnet\\\/\",\"url\":\"https:\\\/\\\/www.salzburgerland.com\\\/de\\\/magazin\\\/erbe-der-urzeit-der-rote-marmor-von-adnet\\\/\",\"name\":\"Erbe der Urzeit - SalzburgerLand Magazin\",\"isPartOf\":{\"@id\":\"https:\\\/\\\/www.salzburgerland.com\\\/de\\\/magazin\\\/#website\"},\"primaryImageOfPage\":{\"@id\":\"https:\\\/\\\/www.salzburgerland.com\\\/de\\\/magazin\\\/erbe-der-urzeit-der-rote-marmor-von-adnet\\\/#primaryimage\"},\"image\":{\"@id\":\"https:\\\/\\\/www.salzburgerland.com\\\/de\\\/magazin\\\/erbe-der-urzeit-der-rote-marmor-von-adnet\\\/#primaryimage\"},\"thumbnailUrl\":\"https:\\\/\\\/www.salzburgerland.com\\\/de\\\/magazin\\\/wp-content\\\/uploads\\\/2012\\\/05\\\/IMG_4571.jpg\",\"datePublished\":\"2012-06-02T12:36:54+00:00\",\"dateModified\":\"2021-03-22T10:51:01+00:00\",\"breadcrumb\":{\"@id\":\"https:\\\/\\\/www.salzburgerland.com\\\/de\\\/magazin\\\/erbe-der-urzeit-der-rote-marmor-von-adnet\\\/#breadcrumb\"},\"inLanguage\":\"de\",\"potentialAction\":[{\"@type\":\"ReadAction\",\"target\":[\"https:\\\/\\\/www.salzburgerland.com\\\/de\\\/magazin\\\/erbe-der-urzeit-der-rote-marmor-von-adnet\\\/\"]}]},{\"@type\":\"ImageObject\",\"inLanguage\":\"de\",\"@id\":\"https:\\\/\\\/www.salzburgerland.com\\\/de\\\/magazin\\\/erbe-der-urzeit-der-rote-marmor-von-adnet\\\/#primaryimage\",\"url\":\"https:\\\/\\\/www.salzburgerland.com\\\/de\\\/magazin\\\/wp-content\\\/uploads\\\/2012\\\/05\\\/IMG_4571.jpg\",\"contentUrl\":\"https:\\\/\\\/www.salzburgerland.com\\\/de\\\/magazin\\\/wp-content\\\/uploads\\\/2012\\\/05\\\/IMG_4571.jpg\",\"width\":1440,\"height\":960,\"caption\":\"Adnet\"},{\"@type\":\"BreadcrumbList\",\"@id\":\"https:\\\/\\\/www.salzburgerland.com\\\/de\\\/magazin\\\/erbe-der-urzeit-der-rote-marmor-von-adnet\\\/#breadcrumb\",\"itemListElement\":[{\"@type\":\"ListItem\",\"position\":1,\"name\":\"Startseite\",\"item\":\"https:\\\/\\\/www.salzburgerland.com\\\/de\\\/magazin\\\/\"},{\"@type\":\"ListItem\",\"position\":2,\"name\":\"Sehensw\u00fcrdig\",\"item\":\"https:\\\/\\\/www.salzburgerland.com\\\/de\\\/magazin\\\/thema\\\/sehenswurdig\\\/\"},{\"@type\":\"ListItem\",\"position\":3,\"name\":\"Erbe der Urzeit\"}]},{\"@type\":\"WebSite\",\"@id\":\"https:\\\/\\\/www.salzburgerland.com\\\/de\\\/magazin\\\/#website\",\"url\":\"https:\\\/\\\/www.salzburgerland.com\\\/de\\\/magazin\\\/\",\"name\":\"SalzburgerLand Magazin\",\"description\":\"Geschichten und Interessantes aus dem SalzburgerLand\",\"publisher\":{\"@id\":\"https:\\\/\\\/www.salzburgerland.com\\\/de\\\/magazin\\\/#organization\"},\"potentialAction\":[{\"@type\":\"SearchAction\",\"target\":{\"@type\":\"EntryPoint\",\"urlTemplate\":\"https:\\\/\\\/www.salzburgerland.com\\\/de\\\/magazin\\\/?s={search_term_string}\"},\"query-input\":{\"@type\":\"PropertyValueSpecification\",\"valueRequired\":true,\"valueName\":\"search_term_string\"}}],\"inLanguage\":\"de\"},{\"@type\":\"Organization\",\"@id\":\"https:\\\/\\\/www.salzburgerland.com\\\/de\\\/magazin\\\/#organization\",\"name\":\"SalzburgerLand Tourismus\",\"url\":\"https:\\\/\\\/www.salzburgerland.com\\\/de\\\/magazin\\\/\",\"logo\":{\"@type\":\"ImageObject\",\"inLanguage\":\"de\",\"@id\":\"https:\\\/\\\/www.salzburgerland.com\\\/de\\\/magazin\\\/#\\\/schema\\\/logo\\\/image\\\/\",\"url\":\"https:\\\/\\\/www.salzburgerland.com\\\/de\\\/magazin\\\/wp-content\\\/uploads\\\/2019\\\/06\\\/salzburgerland-logo1.jpg\",\"contentUrl\":\"https:\\\/\\\/www.salzburgerland.com\\\/de\\\/magazin\\\/wp-content\\\/uploads\\\/2019\\\/06\\\/salzburgerland-logo1.jpg\",\"width\":2011,\"height\":866,\"caption\":\"SalzburgerLand Tourismus\"},\"image\":{\"@id\":\"https:\\\/\\\/www.salzburgerland.com\\\/de\\\/magazin\\\/#\\\/schema\\\/logo\\\/image\\\/\"},\"sameAs\":[\"https:\\\/\\\/www.facebook.com\\\/salzburgerland\\\/\",\"https:\\\/\\\/x.com\\\/Salzburgerland\",\"https:\\\/\\\/www.instagram.com\\\/salzburgerland\\\/\",\"https:\\\/\\\/at.linkedin.com\\\/company\\\/salzburgerland-tourismus-gmbh\",\"https:\\\/\\\/www.pinterest.at\\\/salzburgerland\\\/\",\"https:\\\/\\\/www.youtube.com\\\/user\\\/salzburgerland\",\"https:\\\/\\\/de.wikipedia.org\\\/wiki\\\/SalzburgerLand_Tourismus_GmbH\"]},{\"@type\":\"Person\",\"@id\":\"https:\\\/\\\/www.salzburgerland.com\\\/de\\\/magazin\\\/#\\\/schema\\\/person\\\/b8fa4912102bfd83028d4cceadc79ec8\",\"name\":\"Ingrid Mazuelos\",\"description\":\"Die geb\u00fcrtige Salzburgerin hat Kommunikationswissenschaft an der Universit\u00e4t Salzburg studiert. Sie liebt ihre Heimat das Salzburger Land genauso wie die weite Welt. Die Natur ist ihre Leidenschaft, sei es hoch in den Bergen oder in den Tiefen jenseits des Meeresspiegels. Mit dem Rucksack hat sie bereits zahlreiche L\u00e4nder quer durch Lateinamerika, Europa, Afrika und Asien bereist. Bei den Aufenthalten im Ausland geht es ihr vor allem darum, die Lebensweisen der Menschen und ihre Kulturen kennenzulernen. Diese Erfahrungen bringt sie auch immer wieder in ihrer journalistischen T\u00e4tigkeit zum Ausdruck. Fragen und Antworten von Ingrid Mazuelos Fr\u00fchling, Sommer, Herbst oder Winter? Auf jeden Fall Sommer, obwohl der Winter auch sch\u00f6n ist, vor allem wegen der Vorfreude auf die w\u00e4rmeren Monate. Mozart oder Hubert von Goisern? Musik ist f\u00fcr mich situationsbedingt, ich h\u00f6re fast alles, verliere mich aber auch liebend gerne selbst in den Tasten des Klaviers, dann ist es aber meistens klassische Musik. Bergschuhe oder Highheels? Meine Highheels verlassen immer seltener das Haus. Es sind entweder Bergschuhe zum wandern oder am liebsten Flip Flops in den Sommermonaten. Ausstellung oder Bergpanorama? Die Natur ist f\u00fcr mich die sch\u00f6nste Ausstellung. Berge oder Meer? Ich liebe die Berge, aber als leidenschaftliche Taucherin muss ich diese Frage fast mit Meer beantworten.\",\"url\":\"https:\\\/\\\/www.salzburgerland.com\\\/de\\\/magazin\\\/author\\\/imazuelos\\\/\"}]}<\/script>\n<!-- \/ Yoast SEO Premium plugin. -->","yoast_head_json":{"title":"Erbe der Urzeit - SalzburgerLand Magazin","description":"Als vor 200 Millionen Jahren der Urkontinent Pang\u00e4a in verschiedene Teile zerbrach, bildete sich zwischen der afrikanischen und der eurasischen Platte ein weites Meer. Da wo heute Kletterer die felsigen Gipfel unserer Kalkalpen erklimmen, erstreckte sich ein lebendiger\u00a0 Korallengarten, in dem es vor Fischen, Muscheln und vielen anderen Meeresbewohnern wimmelte. Die Gebirgsbildung der Alpen fand zwischen 100 und 20 Millionen Jahren statt, als die afrikanische Platte begann, Richtung Norden zu driften und\u00a0 sich die kalkhaltigen Gesteinsplatten zu einem massiven Gebirge auffalteten.","robots":{"index":"index","follow":"follow","max-snippet":"max-snippet:-1","max-image-preview":"max-image-preview:large","max-video-preview":"max-video-preview:-1"},"canonical":"https:\/\/www.salzburgerland.com\/de\/magazin\/erbe-der-urzeit-der-rote-marmor-von-adnet\/","og_locale":"de_DE","og_type":"article","og_title":"Erbe der Urzeit","og_description":"Vom Leben zum Stein Das Leben im Meer hat in den Felsen unserer Alpen seine Verewigung gefunden. Eine Rekonstruktion dieser faszinierenden Geschichte vom Leben zum Stein ist im Adneter Marmormuseum&nbsp; zu sehen. Der kleine Ort im Tennengau ist weltber\u00fchmt f\u00fcr seinen edlen Stein, den roten Marmor. Genaugenommen handelt es sich dabei nicht um echten Marmor, [&hellip;]","og_url":"https:\/\/www.salzburgerland.com\/de\/magazin\/erbe-der-urzeit-der-rote-marmor-von-adnet\/","og_site_name":"SalzburgerLand Magazin","article_publisher":"https:\/\/www.facebook.com\/salzburgerland\/","article_published_time":"2012-06-02T12:36:54+00:00","article_modified_time":"2021-03-22T10:51:01+00:00","og_image":[{"width":1440,"height":960,"url":"https:\/\/www.salzburgerland.com\/de\/magazin\/wp-content\/uploads\/2012\/05\/IMG_4571.jpg","type":"image\/jpeg"}],"author":"Ingrid Mazuelos","twitter_card":"summary_large_image","twitter_creator":"@Salzburgerland","twitter_site":"@Salzburgerland","twitter_misc":{"Verfasst von":"Ingrid Mazuelos","Gesch\u00e4tzte Lesezeit":"2\u00a0Minuten"},"schema":{"@context":"https:\/\/schema.org","@graph":[{"@type":"Article","@id":"https:\/\/www.salzburgerland.com\/de\/magazin\/erbe-der-urzeit-der-rote-marmor-von-adnet\/#article","isPartOf":{"@id":"https:\/\/www.salzburgerland.com\/de\/magazin\/erbe-der-urzeit-der-rote-marmor-von-adnet\/"},"author":{"name":"Ingrid Mazuelos","@id":"https:\/\/www.salzburgerland.com\/de\/magazin\/#\/schema\/person\/b8fa4912102bfd83028d4cceadc79ec8"},"headline":"Erbe der Urzeit","datePublished":"2012-06-02T12:36:54+00:00","dateModified":"2021-03-22T10:51:01+00:00","mainEntityOfPage":{"@id":"https:\/\/www.salzburgerland.com\/de\/magazin\/erbe-der-urzeit-der-rote-marmor-von-adnet\/"},"wordCount":377,"commentCount":0,"publisher":{"@id":"https:\/\/www.salzburgerland.com\/de\/magazin\/#organization"},"image":{"@id":"https:\/\/www.salzburgerland.com\/de\/magazin\/erbe-der-urzeit-der-rote-marmor-von-adnet\/#primaryimage"},"thumbnailUrl":"https:\/\/www.salzburgerland.com\/de\/magazin\/wp-content\/uploads\/2012\/05\/IMG_4571.jpg","keywords":["SalzburgerLand Card"],"articleSection":["Sehensw\u00fcrdig"],"inLanguage":"de","potentialAction":[{"@type":"CommentAction","name":"Comment","target":["https:\/\/www.salzburgerland.com\/de\/magazin\/erbe-der-urzeit-der-rote-marmor-von-adnet\/#respond"]}]},{"@type":"WebPage","@id":"https:\/\/www.salzburgerland.com\/de\/magazin\/erbe-der-urzeit-der-rote-marmor-von-adnet\/","url":"https:\/\/www.salzburgerland.com\/de\/magazin\/erbe-der-urzeit-der-rote-marmor-von-adnet\/","name":"Erbe der Urzeit - SalzburgerLand Magazin","isPartOf":{"@id":"https:\/\/www.salzburgerland.com\/de\/magazin\/#website"},"primaryImageOfPage":{"@id":"https:\/\/www.salzburgerland.com\/de\/magazin\/erbe-der-urzeit-der-rote-marmor-von-adnet\/#primaryimage"},"image":{"@id":"https:\/\/www.salzburgerland.com\/de\/magazin\/erbe-der-urzeit-der-rote-marmor-von-adnet\/#primaryimage"},"thumbnailUrl":"https:\/\/www.salzburgerland.com\/de\/magazin\/wp-content\/uploads\/2012\/05\/IMG_4571.jpg","datePublished":"2012-06-02T12:36:54+00:00","dateModified":"2021-03-22T10:51:01+00:00","breadcrumb":{"@id":"https:\/\/www.salzburgerland.com\/de\/magazin\/erbe-der-urzeit-der-rote-marmor-von-adnet\/#breadcrumb"},"inLanguage":"de","potentialAction":[{"@type":"ReadAction","target":["https:\/\/www.salzburgerland.com\/de\/magazin\/erbe-der-urzeit-der-rote-marmor-von-adnet\/"]}]},{"@type":"ImageObject","inLanguage":"de","@id":"https:\/\/www.salzburgerland.com\/de\/magazin\/erbe-der-urzeit-der-rote-marmor-von-adnet\/#primaryimage","url":"https:\/\/www.salzburgerland.com\/de\/magazin\/wp-content\/uploads\/2012\/05\/IMG_4571.jpg","contentUrl":"https:\/\/www.salzburgerland.com\/de\/magazin\/wp-content\/uploads\/2012\/05\/IMG_4571.jpg","width":1440,"height":960,"caption":"Adnet"},{"@type":"BreadcrumbList","@id":"https:\/\/www.salzburgerland.com\/de\/magazin\/erbe-der-urzeit-der-rote-marmor-von-adnet\/#breadcrumb","itemListElement":[{"@type":"ListItem","position":1,"name":"Startseite","item":"https:\/\/www.salzburgerland.com\/de\/magazin\/"},{"@type":"ListItem","position":2,"name":"Sehensw\u00fcrdig","item":"https:\/\/www.salzburgerland.com\/de\/magazin\/thema\/sehenswurdig\/"},{"@type":"ListItem","position":3,"name":"Erbe der Urzeit"}]},{"@type":"WebSite","@id":"https:\/\/www.salzburgerland.com\/de\/magazin\/#website","url":"https:\/\/www.salzburgerland.com\/de\/magazin\/","name":"SalzburgerLand Magazin","description":"Geschichten und Interessantes aus dem SalzburgerLand","publisher":{"@id":"https:\/\/www.salzburgerland.com\/de\/magazin\/#organization"},"potentialAction":[{"@type":"SearchAction","target":{"@type":"EntryPoint","urlTemplate":"https:\/\/www.salzburgerland.com\/de\/magazin\/?s={search_term_string}"},"query-input":{"@type":"PropertyValueSpecification","valueRequired":true,"valueName":"search_term_string"}}],"inLanguage":"de"},{"@type":"Organization","@id":"https:\/\/www.salzburgerland.com\/de\/magazin\/#organization","name":"SalzburgerLand Tourismus","url":"https:\/\/www.salzburgerland.com\/de\/magazin\/","logo":{"@type":"ImageObject","inLanguage":"de","@id":"https:\/\/www.salzburgerland.com\/de\/magazin\/#\/schema\/logo\/image\/","url":"https:\/\/www.salzburgerland.com\/de\/magazin\/wp-content\/uploads\/2019\/06\/salzburgerland-logo1.jpg","contentUrl":"https:\/\/www.salzburgerland.com\/de\/magazin\/wp-content\/uploads\/2019\/06\/salzburgerland-logo1.jpg","width":2011,"height":866,"caption":"SalzburgerLand Tourismus"},"image":{"@id":"https:\/\/www.salzburgerland.com\/de\/magazin\/#\/schema\/logo\/image\/"},"sameAs":["https:\/\/www.facebook.com\/salzburgerland\/","https:\/\/x.com\/Salzburgerland","https:\/\/www.instagram.com\/salzburgerland\/","https:\/\/at.linkedin.com\/company\/salzburgerland-tourismus-gmbh","https:\/\/www.pinterest.at\/salzburgerland\/","https:\/\/www.youtube.com\/user\/salzburgerland","https:\/\/de.wikipedia.org\/wiki\/SalzburgerLand_Tourismus_GmbH"]},{"@type":"Person","@id":"https:\/\/www.salzburgerland.com\/de\/magazin\/#\/schema\/person\/b8fa4912102bfd83028d4cceadc79ec8","name":"Ingrid Mazuelos","description":"Die geb\u00fcrtige Salzburgerin hat Kommunikationswissenschaft an der Universit\u00e4t Salzburg studiert. Sie liebt ihre Heimat das Salzburger Land genauso wie die weite Welt. Die Natur ist ihre Leidenschaft, sei es hoch in den Bergen oder in den Tiefen jenseits des Meeresspiegels. Mit dem Rucksack hat sie bereits zahlreiche L\u00e4nder quer durch Lateinamerika, Europa, Afrika und Asien bereist. Bei den Aufenthalten im Ausland geht es ihr vor allem darum, die Lebensweisen der Menschen und ihre Kulturen kennenzulernen. Diese Erfahrungen bringt sie auch immer wieder in ihrer journalistischen T\u00e4tigkeit zum Ausdruck. Fragen und Antworten von Ingrid Mazuelos Fr\u00fchling, Sommer, Herbst oder Winter? Auf jeden Fall Sommer, obwohl der Winter auch sch\u00f6n ist, vor allem wegen der Vorfreude auf die w\u00e4rmeren Monate. Mozart oder Hubert von Goisern? Musik ist f\u00fcr mich situationsbedingt, ich h\u00f6re fast alles, verliere mich aber auch liebend gerne selbst in den Tasten des Klaviers, dann ist es aber meistens klassische Musik. Bergschuhe oder Highheels? Meine Highheels verlassen immer seltener das Haus. Es sind entweder Bergschuhe zum wandern oder am liebsten Flip Flops in den Sommermonaten. Ausstellung oder Bergpanorama? Die Natur ist f\u00fcr mich die sch\u00f6nste Ausstellung. Berge oder Meer? Ich liebe die Berge, aber als leidenschaftliche Taucherin muss ich diese Frage fast mit Meer beantworten.","url":"https:\/\/www.salzburgerland.com\/de\/magazin\/author\/imazuelos\/"}]}},"_wl_alt_label":[],"wl:entity_url":"http:\/\/open.salzburgerland.com\/magazin\/post\/erbe_der_urzeit_-_der_rote_marmor_von_adnet","_links":{"self":[{"href":"https:\/\/www.salzburgerland.com\/de\/magazin\/wp-json\/wp\/v2\/posts\/18329","targetHints":{"allow":["GET"]}}],"collection":[{"href":"https:\/\/www.salzburgerland.com\/de\/magazin\/wp-json\/wp\/v2\/posts"}],"about":[{"href":"https:\/\/www.salzburgerland.com\/de\/magazin\/wp-json\/wp\/v2\/types\/post"}],"author":[{"embeddable":true,"href":"https:\/\/www.salzburgerland.com\/de\/magazin\/wp-json\/wp\/v2\/users\/7"}],"replies":[{"embeddable":true,"href":"https:\/\/www.salzburgerland.com\/de\/magazin\/wp-json\/wp\/v2\/comments?post=18329"}],"version-history":[{"count":3,"href":"https:\/\/www.salzburgerland.com\/de\/magazin\/wp-json\/wp\/v2\/posts\/18329\/revisions"}],"predecessor-version":[{"id":151230,"href":"https:\/\/www.salzburgerland.com\/de\/magazin\/wp-json\/wp\/v2\/posts\/18329\/revisions\/151230"}],"wp:featuredmedia":[{"embeddable":true,"href":"https:\/\/www.salzburgerland.com\/de\/magazin\/wp-json\/wp\/v2\/media\/18335"}],"wp:attachment":[{"href":"https:\/\/www.salzburgerland.com\/de\/magazin\/wp-json\/wp\/v2\/media?parent=18329"}],"wp:term":[{"taxonomy":"category","embeddable":true,"href":"https:\/\/www.salzburgerland.com\/de\/magazin\/wp-json\/wp\/v2\/categories?post=18329"},{"taxonomy":"post_tag","embeddable":true,"href":"https:\/\/www.salzburgerland.com\/de\/magazin\/wp-json\/wp\/v2\/tags?post=18329"},{"taxonomy":"wl_entity_type","embeddable":true,"href":"https:\/\/www.salzburgerland.com\/de\/magazin\/wp-json\/wp\/v2\/wl_entity_type?post=18329"},{"taxonomy":"monatsauswahl","embeddable":true,"href":"https:\/\/www.salzburgerland.com\/de\/magazin\/wp-json\/wp\/v2\/monatsauswahl?post=18329"}],"curies":[{"name":"wp","href":"https:\/\/api.w.org\/{rel}","templated":true}]}}