{"id":183237,"date":"2025-07-18T07:00:00","date_gmt":"2025-07-18T05:00:00","guid":{"rendered":"https:\/\/www.salzburgerland.com\/de\/magazin\/?p=183237"},"modified":"2025-07-25T08:06:32","modified_gmt":"2025-07-25T06:06:32","slug":"zwischen-fels-und-wasser-in-der-kitzlochklamm","status":"publish","type":"post","link":"https:\/\/www.salzburgerland.com\/de\/magazin\/zwischen-fels-und-wasser-in-der-kitzlochklamm\/","title":{"rendered":"Zwischen Fels und Wasser in der Kitzlochklamm"},"content":{"rendered":"\n<div class=\"wp-block-slt-top topBlocks\">\n<h2 class=\"wp-block-slt-subtitle\">Ein Weg voller Stufen und Geschichten<\/h2>\n\n\n\n<p class=\"wp-block-slt-intro\">Blitzblauer Himmel, die Anzeige auf dem Thermometer klettert stetig nach oben, Zeit f\u00fcr Abk\u00fchlung! Schwimmbad? Fehlanzeige. Statt Poolwasser gibt\u2019s heute Gischt. Statt Liegewiese gibt es Fels und Waldboden. Ein Ausflug in die Kitzlochklamm in Taxenbach.<\/p>\n<\/div>\n\n\n\n<h2 class=\"wp-block-heading\" id=\"h-durch-die-kitzlochklamm-und-druber-hinaus\">Durch die Kitzlochklamm und dr\u00fcber hinaus<\/h2>\n\n\n\n<p>In die Kitzlochklamm und wieder hinaus f\u00fchren mehrere Wege \u2013 je nach Zeit, Kondition oder Lust auf H\u00f6henmeter.<br>Wir starten dieses Mal am Talbeginn von Rauris, bei der Abzweigung nach Embach. Dort stellen wir unser Auto am Kitzloch-Parkplatz ab und warten auf den Postbus, der uns nach Taxenbach bringt. Ausstieg: Schule. Von dort geht\u2019s zu Fu\u00df weiter, vorbei am Sportplatz mit Spielstationen und weiter \u00fcber einen schattigen Waldpfad mit Niederseilpark bis wir schlie\u00dflich den Eingang zur Klamm erreichen.<\/p>\n\n\n\n<p>Wer lieber direkt einsteigt und schnell mittendrin sein will, beginnt direkt beim Klamm-Parkplatz in Taxenbach. Und wer nach dem Klammabenteuer noch weitere H\u00f6henmeter braucht, nimmt die Abzweigung nach Embach oder Maria Elend.<\/p>\n\n\n\n<p><strong>M\u00f6gliche Varianten auf einen Blick:<\/strong><\/p>\n\n\n\n<ul class=\"wp-block-list\">\n<li><strong>Direkteinstieg in Taxenbach (Parkplatz)<\/strong><br>ca. 1,5 Stunden reine Klammrunde<\/li>\n\n\n\n<li><strong>Rauris\/Abzweigung Embach \u2013 Bus nach Taxenbach \u2013 durch die Klamm retour (auch umgekehrt m\u00f6glich)<\/strong><br>ca. 2,5 Stunden<\/li>\n\n\n\n<li><strong>Durch die Klamm und weiter nach Embach zur Wallfahrtskapelle Maria Elend<\/strong><br>Klammweg plus 3 Stunden zur Kapelle und wieder retour zum Parkplatz<\/li>\n<\/ul>\n\n\n\n<h2 class=\"wp-block-heading\" id=\"h-der-wow-moment\">Der Wow-Moment<\/h2>\n\n\n\n<p>Nachdem wir den Eingang der Klamm passiert haben, f\u00fchrt der Weg einen breiteren Pfad entlang und schon kurz darauf taucht rechter Hand der erste Wasserfall auf. Die Klamm macht erstmals klar, was sie zu bieten hat.<br><br>Ein paar Steinstufen sp\u00e4ter \u00f6ffnet sich der Blick nach oben und f\u00e4llt auf die erst 2025 neu erbaute Steiganlage, die sogenannte &#8222;Teufelsstiege&#8220;, die sich wie ein Band hinaufschl\u00e4ngelt, hoch \u00fcber dem Wasser, in mehreren Etappen. Auch die J\u00fcngeren unter uns sind begeistert: \u201eSo viele Stufen! Komm, lasst sie uns z\u00e4hlen.\u201c Gute Idee, denn auch wir sind sehr neugierig. \u201eZweiundzwanzig, dreiundzwanzig, vierund\u2026 Wow, schau wie weit es da runtergeht!\u201c<br>Ok, bei diesen Aussichten und Tiefblicken kann man verstehen, dass jede Mathematik in den Hintergrund r\u00fcckt. (Zum Gl\u00fcck gibt es nachzulesen, dass die Klamm \u00fcber 400 Stufen z\u00e4hlt.)<\/p>\n\n\n\n<p>Mit der Hand auf dem Holzgel\u00e4nder und den massiven Stahlstufen unter den F\u00fc\u00dfen geht es trittsicher Meter f\u00fcr Meter nach oben, w\u00e4hrend der Blick auf glattgeschliffene Felsen, das dr\u00e4ngende Wasser der Rauriser Ache und die Enge der Schlucht f\u00e4llt.<\/p>\n\n\n<div class=\"mag-gallery\"><div class=\"row\"><div class=\"col-6 col-sm-4\"><figure><a class=\"thumb-container\" href=\"https:\/\/www.salzburgerland.com\/de\/magazin\/wp-content\/uploads\/2025\/06\/20250620_101901-1280x1024.jpg\">\t<picture><source media=\"(min-width: 576px)\" srcset=\"https:\/\/www.salzburgerland.com\/de\/magazin\/wp-content\/uploads\/2025\/06\/20250620_101901-418x650.jpg 418w, https:\/\/www.salzburgerland.com\/de\/magazin\/wp-content\/uploads\/2025\/06\/20250620_101901-209x325.jpg 209w\"><\/source><source media=\"(min-width: 0)\" srcset=\"https:\/\/www.salzburgerland.com\/de\/magazin\/wp-content\/uploads\/2025\/06\/20250620_101901-209x325.jpg 209w, https:\/\/www.salzburgerland.com\/de\/magazin\/wp-content\/uploads\/2025\/06\/20250620_101901-418x650.jpg 418w\"><\/source><img decoding=\"async\" alt=\"Gro&szlig;er Wasserfall in der Kitzlochklamm, der &uuml;ber eine Felswand st&uuml;rzt, umgeben von gr&uuml;nen B&auml;umen und &uuml;ppiger Vegetation.\" src=\"https:\/\/www.salzburgerland.com\/de\/magazin\/wp-content\/uploads\/2025\/06\/20250620_101901-scaled.jpg\">\t<\/picture><\/a><\/figure><\/div><div class=\"col-6 col-sm-4\"><figure><a class=\"thumb-container\" href=\"https:\/\/www.salzburgerland.com\/de\/magazin\/wp-content\/uploads\/2025\/06\/20250620_103612-1280x1024.jpg\">\t<picture><source media=\"(min-width: 576px)\" srcset=\"https:\/\/www.salzburgerland.com\/de\/magazin\/wp-content\/uploads\/2025\/06\/20250620_103612-418x650.jpg 418w, https:\/\/www.salzburgerland.com\/de\/magazin\/wp-content\/uploads\/2025\/06\/20250620_103612-209x325.jpg 209w\"><\/source><source media=\"(min-width: 0)\" srcset=\"https:\/\/www.salzburgerland.com\/de\/magazin\/wp-content\/uploads\/2025\/06\/20250620_103612-209x325.jpg 209w, https:\/\/www.salzburgerland.com\/de\/magazin\/wp-content\/uploads\/2025\/06\/20250620_103612-418x650.jpg 418w\"><\/source><img decoding=\"async\" alt=\"Eine Gruppe von Menschen geht eine Holztreppe in der steilen, moosbewachsenen Kitzlochklamm hinunter.\" src=\"https:\/\/www.salzburgerland.com\/de\/magazin\/wp-content\/uploads\/2025\/06\/20250620_103612-scaled.jpg\">\t<\/picture><\/a><\/figure><\/div><div class=\"col-6 col-sm-4\"><figure><a class=\"thumb-container\" href=\"https:\/\/www.salzburgerland.com\/de\/magazin\/wp-content\/uploads\/2025\/06\/20250620_102044-1280x1024.jpg\">\t<picture><source media=\"(min-width: 576px)\" srcset=\"https:\/\/www.salzburgerland.com\/de\/magazin\/wp-content\/uploads\/2025\/06\/20250620_102044-418x650.jpg 418w, https:\/\/www.salzburgerland.com\/de\/magazin\/wp-content\/uploads\/2025\/06\/20250620_102044-209x325.jpg 209w\"><\/source><source media=\"(min-width: 0)\" srcset=\"https:\/\/www.salzburgerland.com\/de\/magazin\/wp-content\/uploads\/2025\/06\/20250620_102044-209x325.jpg 209w, https:\/\/www.salzburgerland.com\/de\/magazin\/wp-content\/uploads\/2025\/06\/20250620_102044-418x650.jpg 418w\"><\/source><img decoding=\"async\" alt=\"Ein Mann und ein Kind stehen auf einer Holzbr&uuml;cke in der Kitzlochklamm und zeigen auf B&auml;ume und Felsen mit einem gr&uuml;nen Schild in der N&auml;he.\" src=\"https:\/\/www.salzburgerland.com\/de\/magazin\/wp-content\/uploads\/2025\/06\/20250620_102044-scaled.jpg\">\t<\/picture><\/a><\/figure><\/div><\/div><figcaption>&copy; Regina Langreiter<\/figcaption><\/div>\n\n\n\n<h2 class=\"wp-block-heading\" id=\"h-was-die-kitzlochklamm-noch-erzahlt\">Was die Kitzlochklamm noch erz\u00e4hlt<\/h2>\n\n\n\n<p>Doch die Klamm ist mehr als Wasser und Fels. Immer wieder tauchen stille Nebenschaupl\u00e4tze auf: ein alter Stollen, eine kleine Tropfsteinh\u00f6hle, eine versteckte Einsiedelei, die sich kaum vom Fels abhebt. Spuren aus vergangenen Zeiten \u2013 sichtbar oder auf den Schautafeln entlang des Weges erkl\u00e4rt.<\/p>\n\n\n\n<p>Wer den Blick hebt, ersp\u00e4ht durchs sogenannte Himmelsloch den Himmel, oder \u2013 laut Kindermund \u2013 auch \u201eden spitzesten Berggipfel \u00fcberhaupt\u201c. Und immer wieder wird klar, was Wasser \u00fcber Jahrtausende hinweg formen kann.<\/p>\n\n\n\n<p>Das sogenannte Klammauge liegt am h\u00f6chsten Punkt: eine Plattform direkt \u00fcber dem Abgrund. Nicht alle trauen sich bis ans Gel\u00e4nder. Muss man auch nicht.<\/p>\n\n\n\n<p>An den gegen\u00fcberliegenden Felsw\u00e4nden zeigen Stahlstifte, dass man sich der Klamm auch noch wagemutiger n\u00e4hern k\u00f6nnte. Die Klettersteige richten sich aber ganz klar an ge\u00fcbte und sehr routinierte Kletterer: Wer hier einsteigt, sollte wissen, was er tut.<\/p>\n\n\n\n<h2 class=\"wp-block-heading\" id=\"h-durchs-grune-zuruck\">Durchs Gr\u00fcne zur\u00fcck<\/h2>\n\n\n\n<p>Am Ende der Klamm kehren die meisten Besucher wieder zum Parkplatz zur\u00fcck. Unser Weg f\u00fchrt noch weiter. Rund 45 Minuten wandern wir durchs Gr\u00fcne zur\u00fcck zum Auto, das Gel\u00e4nde nun sanfter, die steilen Stufen l\u00e4ngst wieder dem Waldboden gewichen.<\/p>\n\n\n\n<p>Auch die Ger\u00e4uschkulisse hat sich ver\u00e4ndert: Das Tosen der Klamm liegt hinter uns, stattdessen Vogelrufe, Bl\u00e4tterrascheln, das rhythmische Pl\u00e4tschern der Ache. Sie zeigt sich hier ruhiger, breiter, fast gem\u00e4chlich. Kaum zu glauben, dass sie sich rund f\u00fcnfhundert Meter weiter vorne wild durch die Schlucht zw\u00e4ngen wird.<\/p>\n\n\n<div class=\"mag-gallery\"><div class=\"row\"><div class=\"col-6 col-sm-4\"><figure><a class=\"thumb-container\" href=\"https:\/\/www.salzburgerland.com\/de\/magazin\/wp-content\/uploads\/2025\/06\/20250620_104449-1280x1024.jpg\">\t<picture><source media=\"(min-width: 576px)\" srcset=\"https:\/\/www.salzburgerland.com\/de\/magazin\/wp-content\/uploads\/2025\/06\/20250620_104449-418x650.jpg 418w, https:\/\/www.salzburgerland.com\/de\/magazin\/wp-content\/uploads\/2025\/06\/20250620_104449-209x325.jpg 209w\"><\/source><source media=\"(min-width: 0)\" srcset=\"https:\/\/www.salzburgerland.com\/de\/magazin\/wp-content\/uploads\/2025\/06\/20250620_104449-209x325.jpg 209w, https:\/\/www.salzburgerland.com\/de\/magazin\/wp-content\/uploads\/2025\/06\/20250620_104449-418x650.jpg 418w\"><\/source><img decoding=\"async\" alt=\"Sechs Wanderer mit festem Schuhwerk stehen auf einer Metallgitterbr&uuml;cke in der Kitzlochklamm, durch die L&uuml;cken sieht man das Gr&uuml;n darunter.\" src=\"https:\/\/www.salzburgerland.com\/de\/magazin\/wp-content\/uploads\/2025\/06\/20250620_104449-scaled.jpg\">\t<\/picture><\/a><\/figure><\/div><div class=\"col-6 col-sm-4\"><figure><a class=\"thumb-container\" href=\"https:\/\/www.salzburgerland.com\/de\/magazin\/wp-content\/uploads\/2025\/06\/20250620_104516-1280x1024.jpg\">\t<picture><source media=\"(min-width: 576px)\" srcset=\"https:\/\/www.salzburgerland.com\/de\/magazin\/wp-content\/uploads\/2025\/06\/20250620_104516-418x650.jpg 418w, https:\/\/www.salzburgerland.com\/de\/magazin\/wp-content\/uploads\/2025\/06\/20250620_104516-209x325.jpg 209w\"><\/source><source media=\"(min-width: 0)\" srcset=\"https:\/\/www.salzburgerland.com\/de\/magazin\/wp-content\/uploads\/2025\/06\/20250620_104516-209x325.jpg 209w, https:\/\/www.salzburgerland.com\/de\/magazin\/wp-content\/uploads\/2025\/06\/20250620_104516-418x650.jpg 418w\"><\/source><img decoding=\"async\" alt=\"Luftaufnahme der engen Klamm, des Flusses und der Holzbr&uuml;cken der Kitzlochklamm inmitten eines &uuml;ppigen gr&uuml;nen Waldes.\" src=\"https:\/\/www.salzburgerland.com\/de\/magazin\/wp-content\/uploads\/2025\/06\/20250620_104516-scaled.jpg\">\t<\/picture><\/a><\/figure><\/div><div class=\"col-6 col-sm-4\"><figure><a class=\"thumb-container\" href=\"https:\/\/www.salzburgerland.com\/de\/magazin\/wp-content\/uploads\/2025\/06\/20250620_104754-1280x1024.jpg\">\t<picture><source media=\"(min-width: 576px)\" srcset=\"https:\/\/www.salzburgerland.com\/de\/magazin\/wp-content\/uploads\/2025\/06\/20250620_104754-418x650.jpg 418w, https:\/\/www.salzburgerland.com\/de\/magazin\/wp-content\/uploads\/2025\/06\/20250620_104754-209x325.jpg 209w\"><\/source><source media=\"(min-width: 0)\" srcset=\"https:\/\/www.salzburgerland.com\/de\/magazin\/wp-content\/uploads\/2025\/06\/20250620_104754-209x325.jpg 209w, https:\/\/www.salzburgerland.com\/de\/magazin\/wp-content\/uploads\/2025\/06\/20250620_104754-418x650.jpg 418w\"><\/source><img decoding=\"async\" alt=\"Schmaler Felsenweg mit Holzgel&auml;nder in der Kitzlochklamm, gr&uuml;nes Schild, hohe baumbewachsene Felsen unter blauem Himmel.\" src=\"https:\/\/www.salzburgerland.com\/de\/magazin\/wp-content\/uploads\/2025\/06\/20250620_104754-scaled.jpg\">\t<\/picture><\/a><\/figure><\/div><div class=\"col-6 col-sm-4\"><figure><a class=\"thumb-container\" href=\"https:\/\/www.salzburgerland.com\/de\/magazin\/wp-content\/uploads\/2025\/06\/20250620_105235-1280x1024.jpg\">\t<picture><source media=\"(min-width: 576px)\" srcset=\"https:\/\/www.salzburgerland.com\/de\/magazin\/wp-content\/uploads\/2025\/06\/20250620_105235-418x650.jpg 418w, https:\/\/www.salzburgerland.com\/de\/magazin\/wp-content\/uploads\/2025\/06\/20250620_105235-209x325.jpg 209w\"><\/source><source media=\"(min-width: 0)\" srcset=\"https:\/\/www.salzburgerland.com\/de\/magazin\/wp-content\/uploads\/2025\/06\/20250620_105235-209x325.jpg 209w, https:\/\/www.salzburgerland.com\/de\/magazin\/wp-content\/uploads\/2025\/06\/20250620_105235-418x650.jpg 418w\"><\/source><img decoding=\"async\" alt=\"Holzstege schl&auml;ngeln sich durch die Kitzlochklamm, oberhalb eines flie&szlig;enden Baches, umgeben von B&auml;umen und steilen Felsw&auml;nden.\" src=\"https:\/\/www.salzburgerland.com\/de\/magazin\/wp-content\/uploads\/2025\/06\/20250620_105235-scaled.jpg\">\t<\/picture><\/a><\/figure><\/div><div class=\"col-6 col-sm-4\"><figure><a class=\"thumb-container\" href=\"https:\/\/www.salzburgerland.com\/de\/magazin\/wp-content\/uploads\/2025\/06\/20250620_105801-1280x1024.jpg\">\t<picture><source media=\"(min-width: 576px)\" srcset=\"https:\/\/www.salzburgerland.com\/de\/magazin\/wp-content\/uploads\/2025\/06\/20250620_105801-418x650.jpg 418w, https:\/\/www.salzburgerland.com\/de\/magazin\/wp-content\/uploads\/2025\/06\/20250620_105801-209x325.jpg 209w\"><\/source><source media=\"(min-width: 0)\" srcset=\"https:\/\/www.salzburgerland.com\/de\/magazin\/wp-content\/uploads\/2025\/06\/20250620_105801-209x325.jpg 209w, https:\/\/www.salzburgerland.com\/de\/magazin\/wp-content\/uploads\/2025\/06\/20250620_105801-418x650.jpg 418w\"><\/source><img decoding=\"async\" alt=\"Ein Gedenkkreuz mit Kerzen steht im Waldgebiet der Kitzlochklamm, neben einem Zaun und einem Hinweisschild.\" src=\"https:\/\/www.salzburgerland.com\/de\/magazin\/wp-content\/uploads\/2025\/06\/20250620_105801-scaled.jpg\">\t<\/picture><\/a><\/figure><\/div><div class=\"col-6 col-sm-4\"><figure><a class=\"thumb-container\" href=\"https:\/\/www.salzburgerland.com\/de\/magazin\/wp-content\/uploads\/2025\/06\/20250620_112208-1280x1024.jpg\">\t<picture><source media=\"(min-width: 576px)\" srcset=\"https:\/\/www.salzburgerland.com\/de\/magazin\/wp-content\/uploads\/2025\/06\/20250620_112208-418x650.jpg 418w, https:\/\/www.salzburgerland.com\/de\/magazin\/wp-content\/uploads\/2025\/06\/20250620_112208-209x325.jpg 209w\"><\/source><source media=\"(min-width: 0)\" srcset=\"https:\/\/www.salzburgerland.com\/de\/magazin\/wp-content\/uploads\/2025\/06\/20250620_112208-209x325.jpg 209w, https:\/\/www.salzburgerland.com\/de\/magazin\/wp-content\/uploads\/2025\/06\/20250620_112208-418x650.jpg 418w\"><\/source><img decoding=\"async\" alt=\"Ein Fluss flie&szlig;t durch den &uuml;ppigen Wald der Kitzlochklamm mit den Bergen im Hintergrund unter einem teilweise bew&ouml;lkten Himmel.\" src=\"https:\/\/www.salzburgerland.com\/de\/magazin\/wp-content\/uploads\/2025\/06\/20250620_112208-scaled.jpg\">\t<\/picture><\/a><\/figure><\/div><\/div><figcaption>&copy; Regina Langreiter<\/figcaption><\/div>\n\n\n\n<h2 class=\"wp-block-heading\" id=\"h-nachtwanderung-wenn-die-klamm-anders-klingt\">Nachtwanderung: Wenn die Klamm anders klingt<\/h2>\n\n\n\n<p>Was tags\u00fcber schon eindrucksvoll ist, wird in der D\u00e4mmerung fast surreal. Ein besonderes Erlebnis bietet die Kitzlochklamm zu bestimmten Terminen in den Abendstunden: die gef\u00fchrten Lichterwanderungen. Bei stimmungsvoller Beleuchtung geht es gemeinsam durch die n\u00e4chtliche Schlucht, begleitet vom Quartett der Trachtenmusikkapellen Eschenau und Taxenbach.<\/p>\n\n\n\n<p>Unterwegs gibt es Geschichten aus der Region zu h\u00f6ren, etwa die Legende von den wilden Frauen, die in einer Winternacht aus der Klamm kamen und beim Bauern auf der Embach-Rain um Nahrung baten.<\/p>\n\n\n\n<p><a href=\"https:\/\/www.taxenbach.at\/de\/sommer\/kitzlochklamm\" target=\"_blank\" rel=\"noreferrer noopener\">Weitere Informationen zur Kitzlochklamm und Termine zu den Lichterwanderungen finden sich hier. <\/a><\/p>\n\n\n\n<figure class=\"wp-block-image size-full\"><img loading=\"lazy\" decoding=\"async\" width=\"1500\" height=\"1000\" src=\"https:\/\/www.salzburgerland.com\/de\/magazin\/wp-content\/uploads\/2025\/06\/lichtwanderung_kitzlochklamm5.cad35483.jpg\" alt=\"Die Menschen gehen auf einem Holzweg an der Kitzlochklamm entlang, ihre Fackeln erleuchten die Nacht.\" class=\"wp-image-183258\" srcset=\"https:\/\/www.salzburgerland.com\/de\/magazin\/wp-content\/uploads\/2025\/06\/lichtwanderung_kitzlochklamm5.cad35483.jpg 1500w, https:\/\/www.salzburgerland.com\/de\/magazin\/wp-content\/uploads\/2025\/06\/lichtwanderung_kitzlochklamm5.cad35483-300x200.jpg 300w, https:\/\/www.salzburgerland.com\/de\/magazin\/wp-content\/uploads\/2025\/06\/lichtwanderung_kitzlochklamm5.cad35483-825x550.jpg 825w, https:\/\/www.salzburgerland.com\/de\/magazin\/wp-content\/uploads\/2025\/06\/lichtwanderung_kitzlochklamm5.cad35483-600x400.jpg 600w, https:\/\/www.salzburgerland.com\/de\/magazin\/wp-content\/uploads\/2025\/06\/lichtwanderung_kitzlochklamm5.cad35483-1320x880.jpg 1320w, https:\/\/www.salzburgerland.com\/de\/magazin\/wp-content\/uploads\/2025\/06\/lichtwanderung_kitzlochklamm5.cad35483-150x100.jpg 150w\" sizes=\"auto, (max-width: 1500px) 100vw, 1500px\" \/><figcaption class=\"wp-element-caption\">\u00a9 TVB Taxenbach<\/figcaption><\/figure>\n","protected":false},"excerpt":{"rendered":"<p>Durch die Kitzlochklamm und dr\u00fcber hinaus In die Kitzlochklamm und wieder hinaus f\u00fchren mehrere Wege \u2013 je nach Zeit, Kondition oder Lust auf H\u00f6henmeter.Wir starten dieses Mal am Talbeginn von Rauris, bei der Abzweigung nach Embach. Dort stellen wir unser Auto am Kitzloch-Parkplatz ab und warten auf den Postbus, der uns nach Taxenbach bringt. Ausstieg: [&hellip;]<\/p>\n","protected":false},"author":555,"featured_media":183243,"comment_status":"closed","ping_status":"closed","sticky":false,"template":"","format":"standard","meta":{"_acf_changed":false,"wl_entities_gutenberg":"","_wl_entity_redirect_enabled":"","footnotes":""},"categories":[9],"tags":[4171,4884,7948],"wl_entity_type":[306],"monatsauswahl":[86,87,88,89,90,91],"class_list":["post-183237","post","type-post","status-publish","format-standard","has-post-thumbnail","hentry","category-sehenswurdig","tag-familienausflug","tag-klamm","tag-taxenbach","wl_entity_type-article","monatsauswahl-monat_5","monatsauswahl-monat_6","monatsauswahl-monat_7","monatsauswahl-monat_8","monatsauswahl-monat_9","monatsauswahl-monat_10"],"acf":[],"yoast_head":"<!-- This site is optimized with the Yoast SEO Premium plugin v27.4 (Yoast SEO v27.4) - https:\/\/yoast.com\/product\/yoast-seo-premium-wordpress\/ -->\n<title>Zwischen Fels und Wasser in der Kitzlochklamm - SalzburgerLand Magazin<\/title>\n<meta name=\"description\" content=\"Die Kitzlochklamm entdecken: Wasserf\u00e4lle, Steige, Stollen und stille Pl\u00e4tze \u2013 eine eindrucksvolle Tour f\u00fcr Neugierige und Naturliebhaber.\" \/>\n<meta name=\"robots\" content=\"index, follow, max-snippet:-1, max-image-preview:large, max-video-preview:-1\" \/>\n<link rel=\"canonical\" href=\"https:\/\/www.salzburgerland.com\/de\/magazin\/zwischen-fels-und-wasser-in-der-kitzlochklamm\/\" \/>\n<meta property=\"og:locale\" content=\"de_DE\" \/>\n<meta property=\"og:type\" content=\"article\" \/>\n<meta property=\"og:title\" content=\"Zwischen Fels und Wasser in der Kitzlochklamm\" \/>\n<meta property=\"og:description\" content=\"Die Kitzlochklamm entdecken: Wasserf\u00e4lle, Steige, Stollen und stille Pl\u00e4tze \u2013 eine eindrucksvolle Tour f\u00fcr Neugierige und Naturliebhaber.\" \/>\n<meta property=\"og:url\" content=\"https:\/\/www.salzburgerland.com\/de\/magazin\/zwischen-fels-und-wasser-in-der-kitzlochklamm\/\" \/>\n<meta property=\"og:site_name\" content=\"SalzburgerLand Magazin\" \/>\n<meta property=\"article:publisher\" content=\"https:\/\/www.facebook.com\/salzburgerland\/\" \/>\n<meta property=\"article:published_time\" content=\"2025-07-18T05:00:00+00:00\" \/>\n<meta property=\"article:modified_time\" content=\"2025-07-25T06:06:32+00:00\" \/>\n<meta property=\"og:image\" content=\"https:\/\/www.salzburgerland.com\/de\/magazin\/wp-content\/uploads\/2025\/06\/20250620_102928-scaled-e1753421868903.jpg\" \/>\n\t<meta property=\"og:image:width\" content=\"1920\" \/>\n\t<meta property=\"og:image:height\" content=\"1290\" \/>\n\t<meta property=\"og:image:type\" content=\"image\/jpeg\" \/>\n<meta name=\"author\" content=\"Regina Langreiter\" \/>\n<meta name=\"twitter:card\" content=\"summary_large_image\" \/>\n<meta name=\"twitter:creator\" content=\"@Salzburgerland\" \/>\n<meta name=\"twitter:site\" content=\"@Salzburgerland\" \/>\n<meta name=\"twitter:label1\" content=\"Verfasst von\" \/>\n\t<meta name=\"twitter:data1\" content=\"Regina Langreiter\" \/>\n\t<meta name=\"twitter:label2\" content=\"Gesch\u00e4tzte Lesezeit\" \/>\n\t<meta name=\"twitter:data2\" content=\"7\u00a0Minuten\" \/>\n<script type=\"application\/ld+json\" class=\"yoast-schema-graph\">{\"@context\":\"https:\\\/\\\/schema.org\",\"@graph\":[{\"@type\":\"Article\",\"@id\":\"https:\\\/\\\/www.salzburgerland.com\\\/de\\\/magazin\\\/zwischen-fels-und-wasser-in-der-kitzlochklamm\\\/#article\",\"isPartOf\":{\"@id\":\"https:\\\/\\\/www.salzburgerland.com\\\/de\\\/magazin\\\/zwischen-fels-und-wasser-in-der-kitzlochklamm\\\/\"},\"author\":{\"name\":\"Regina Langreiter\",\"@id\":\"https:\\\/\\\/www.salzburgerland.com\\\/de\\\/magazin\\\/#\\\/schema\\\/person\\\/400a3c5899426155958bfead834fa13e\"},\"headline\":\"Zwischen Fels und Wasser in der Kitzlochklamm\",\"datePublished\":\"2025-07-18T05:00:00+00:00\",\"dateModified\":\"2025-07-25T06:06:32+00:00\",\"mainEntityOfPage\":{\"@id\":\"https:\\\/\\\/www.salzburgerland.com\\\/de\\\/magazin\\\/zwischen-fels-und-wasser-in-der-kitzlochklamm\\\/\"},\"wordCount\":768,\"publisher\":{\"@id\":\"https:\\\/\\\/www.salzburgerland.com\\\/de\\\/magazin\\\/#organization\"},\"image\":{\"@id\":\"https:\\\/\\\/www.salzburgerland.com\\\/de\\\/magazin\\\/zwischen-fels-und-wasser-in-der-kitzlochklamm\\\/#primaryimage\"},\"thumbnailUrl\":\"https:\\\/\\\/www.salzburgerland.com\\\/de\\\/magazin\\\/wp-content\\\/uploads\\\/2025\\\/06\\\/20250620_102928-scaled-e1753421868903.jpg\",\"keywords\":[\"Familienausflug\",\"Klamm\",\"Taxenbach\"],\"articleSection\":[\"Sehensw\u00fcrdig\"],\"inLanguage\":\"de\"},{\"@type\":\"WebPage\",\"@id\":\"https:\\\/\\\/www.salzburgerland.com\\\/de\\\/magazin\\\/zwischen-fels-und-wasser-in-der-kitzlochklamm\\\/\",\"url\":\"https:\\\/\\\/www.salzburgerland.com\\\/de\\\/magazin\\\/zwischen-fels-und-wasser-in-der-kitzlochklamm\\\/\",\"name\":\"Zwischen Fels und Wasser in der Kitzlochklamm - SalzburgerLand Magazin\",\"isPartOf\":{\"@id\":\"https:\\\/\\\/www.salzburgerland.com\\\/de\\\/magazin\\\/#website\"},\"primaryImageOfPage\":{\"@id\":\"https:\\\/\\\/www.salzburgerland.com\\\/de\\\/magazin\\\/zwischen-fels-und-wasser-in-der-kitzlochklamm\\\/#primaryimage\"},\"image\":{\"@id\":\"https:\\\/\\\/www.salzburgerland.com\\\/de\\\/magazin\\\/zwischen-fels-und-wasser-in-der-kitzlochklamm\\\/#primaryimage\"},\"thumbnailUrl\":\"https:\\\/\\\/www.salzburgerland.com\\\/de\\\/magazin\\\/wp-content\\\/uploads\\\/2025\\\/06\\\/20250620_102928-scaled-e1753421868903.jpg\",\"datePublished\":\"2025-07-18T05:00:00+00:00\",\"dateModified\":\"2025-07-25T06:06:32+00:00\",\"description\":\"Die Kitzlochklamm entdecken: Wasserf\u00e4lle, Steige, Stollen und stille Pl\u00e4tze \u2013 eine eindrucksvolle Tour f\u00fcr Neugierige und Naturliebhaber.\",\"breadcrumb\":{\"@id\":\"https:\\\/\\\/www.salzburgerland.com\\\/de\\\/magazin\\\/zwischen-fels-und-wasser-in-der-kitzlochklamm\\\/#breadcrumb\"},\"inLanguage\":\"de\",\"potentialAction\":[{\"@type\":\"ReadAction\",\"target\":[\"https:\\\/\\\/www.salzburgerland.com\\\/de\\\/magazin\\\/zwischen-fels-und-wasser-in-der-kitzlochklamm\\\/\"]}]},{\"@type\":\"ImageObject\",\"inLanguage\":\"de\",\"@id\":\"https:\\\/\\\/www.salzburgerland.com\\\/de\\\/magazin\\\/zwischen-fels-und-wasser-in-der-kitzlochklamm\\\/#primaryimage\",\"url\":\"https:\\\/\\\/www.salzburgerland.com\\\/de\\\/magazin\\\/wp-content\\\/uploads\\\/2025\\\/06\\\/20250620_102928-scaled-e1753421868903.jpg\",\"contentUrl\":\"https:\\\/\\\/www.salzburgerland.com\\\/de\\\/magazin\\\/wp-content\\\/uploads\\\/2025\\\/06\\\/20250620_102928-scaled-e1753421868903.jpg\",\"width\":1920,\"height\":1290,\"caption\":\"Kitzlochklamm taxenbach\"},{\"@type\":\"BreadcrumbList\",\"@id\":\"https:\\\/\\\/www.salzburgerland.com\\\/de\\\/magazin\\\/zwischen-fels-und-wasser-in-der-kitzlochklamm\\\/#breadcrumb\",\"itemListElement\":[{\"@type\":\"ListItem\",\"position\":1,\"name\":\"Startseite\",\"item\":\"https:\\\/\\\/www.salzburgerland.com\\\/de\\\/magazin\\\/\"},{\"@type\":\"ListItem\",\"position\":2,\"name\":\"Sehensw\u00fcrdig\",\"item\":\"https:\\\/\\\/www.salzburgerland.com\\\/de\\\/magazin\\\/thema\\\/sehenswurdig\\\/\"},{\"@type\":\"ListItem\",\"position\":3,\"name\":\"Zwischen Fels und Wasser in der Kitzlochklamm\"}]},{\"@type\":\"WebSite\",\"@id\":\"https:\\\/\\\/www.salzburgerland.com\\\/de\\\/magazin\\\/#website\",\"url\":\"https:\\\/\\\/www.salzburgerland.com\\\/de\\\/magazin\\\/\",\"name\":\"SalzburgerLand Magazin\",\"description\":\"Geschichten und Interessantes aus dem SalzburgerLand\",\"publisher\":{\"@id\":\"https:\\\/\\\/www.salzburgerland.com\\\/de\\\/magazin\\\/#organization\"},\"potentialAction\":[{\"@type\":\"SearchAction\",\"target\":{\"@type\":\"EntryPoint\",\"urlTemplate\":\"https:\\\/\\\/www.salzburgerland.com\\\/de\\\/magazin\\\/?s={search_term_string}\"},\"query-input\":{\"@type\":\"PropertyValueSpecification\",\"valueRequired\":true,\"valueName\":\"search_term_string\"}}],\"inLanguage\":\"de\"},{\"@type\":\"Organization\",\"@id\":\"https:\\\/\\\/www.salzburgerland.com\\\/de\\\/magazin\\\/#organization\",\"name\":\"SalzburgerLand Tourismus\",\"url\":\"https:\\\/\\\/www.salzburgerland.com\\\/de\\\/magazin\\\/\",\"logo\":{\"@type\":\"ImageObject\",\"inLanguage\":\"de\",\"@id\":\"https:\\\/\\\/www.salzburgerland.com\\\/de\\\/magazin\\\/#\\\/schema\\\/logo\\\/image\\\/\",\"url\":\"https:\\\/\\\/www.salzburgerland.com\\\/de\\\/magazin\\\/wp-content\\\/uploads\\\/2019\\\/06\\\/salzburgerland-logo1.jpg\",\"contentUrl\":\"https:\\\/\\\/www.salzburgerland.com\\\/de\\\/magazin\\\/wp-content\\\/uploads\\\/2019\\\/06\\\/salzburgerland-logo1.jpg\",\"width\":2011,\"height\":866,\"caption\":\"SalzburgerLand Tourismus\"},\"image\":{\"@id\":\"https:\\\/\\\/www.salzburgerland.com\\\/de\\\/magazin\\\/#\\\/schema\\\/logo\\\/image\\\/\"},\"sameAs\":[\"https:\\\/\\\/www.facebook.com\\\/salzburgerland\\\/\",\"https:\\\/\\\/x.com\\\/Salzburgerland\",\"https:\\\/\\\/www.instagram.com\\\/salzburgerland\\\/\",\"https:\\\/\\\/at.linkedin.com\\\/company\\\/salzburgerland-tourismus-gmbh\",\"https:\\\/\\\/www.pinterest.at\\\/salzburgerland\\\/\",\"https:\\\/\\\/www.youtube.com\\\/user\\\/salzburgerland\",\"https:\\\/\\\/de.wikipedia.org\\\/wiki\\\/SalzburgerLand_Tourismus_GmbH\"]},{\"@type\":\"Person\",\"@id\":\"https:\\\/\\\/www.salzburgerland.com\\\/de\\\/magazin\\\/#\\\/schema\\\/person\\\/400a3c5899426155958bfead834fa13e\",\"name\":\"Regina Langreiter\",\"description\":\"Regina Langreiter ist freie Texterin aus dem Salzburger Land \u2013 aufgewachsen im Raurisertal, verwurzelt in der alpinen Lebenswelt und mit einem Faible f\u00fcr die echten Momente. \u00dcbertriebene Inszenierung ist nicht ihre B\u00fchne, sie interessiert sich f\u00fcr das Einfache, Bodenst\u00e4ndige und Menschliche, also f\u00fcr jene Geschichten, die nicht laut auftreten m\u00fcssen, um in Erinnerung zu bleiben. Dosige oder Zuagroaste? Dosige. Auf- und festgewachsen in Rauris. Fr\u00fchling, Sommer, Herbst oder Winter? Auch wenn mir bereits ab zehn Grad abw\u00e4rts die H\u00e4nde beinahe abfrieren, sch\u00e4tze ich die Vielseitigkeit der Jahreszeiten. Ich juble \u00fcber die ersten Schneeflocken des Jahres genauso wie \u00fcber jenen Morgen, an dem ich wieder fr\u00f6hlichem Vogelgezwitscher lauschen kann. Bergtour oder Seentour? Die k\u00fchlen Bergseen bewundere ich sehr gern \u2013 aber am liebsten von oben. Im Wasser findet man mich nur, wenn meine Kinder mich \u00fcberreden. Rindsroulade vom Pinzgauer Biorind oder Saibling fangfrisch aus dem Fuschlsee? Das Biorind bekommt den Vorzug, aber beim Saibling bin ich auch nicht abgeneigt. Am leichtesten verf\u00fchren kann man mich aber definitiv mit Schokolade. Buch oder Film? Es gibt wenige Filme, die mich wirklich fesseln. Daf\u00fcr k\u00f6nnte ich \u00fcber Stunden in einem Buch versinken. Gummistiefel oder High Heels? Wer mich in High Heels sieht, darf sich diesen Tag als skurrile Begebenheit im Kalender eintragen. Gummistiefel gibt es allerdings auch nur, wenn ich unsere H\u00fchner im Garten besuche. Meinen Alltag bestreite ich in Sneakers oder Trekkingschuhen.\",\"sameAs\":[\"https:\\\/\\\/www.aufgetextet.at\"],\"url\":\"https:\\\/\\\/www.salzburgerland.com\\\/de\\\/magazin\\\/author\\\/regina-langreiter\\\/\"}]}<\/script>\n<!-- \/ Yoast SEO Premium plugin. -->","yoast_head_json":{"title":"Zwischen Fels und Wasser in der Kitzlochklamm - SalzburgerLand Magazin","description":"Die Kitzlochklamm entdecken: Wasserf\u00e4lle, Steige, Stollen und stille Pl\u00e4tze \u2013 eine eindrucksvolle Tour f\u00fcr Neugierige und Naturliebhaber.","robots":{"index":"index","follow":"follow","max-snippet":"max-snippet:-1","max-image-preview":"max-image-preview:large","max-video-preview":"max-video-preview:-1"},"canonical":"https:\/\/www.salzburgerland.com\/de\/magazin\/zwischen-fels-und-wasser-in-der-kitzlochklamm\/","og_locale":"de_DE","og_type":"article","og_title":"Zwischen Fels und Wasser in der Kitzlochklamm","og_description":"Die Kitzlochklamm entdecken: Wasserf\u00e4lle, Steige, Stollen und stille Pl\u00e4tze \u2013 eine eindrucksvolle Tour f\u00fcr Neugierige und Naturliebhaber.","og_url":"https:\/\/www.salzburgerland.com\/de\/magazin\/zwischen-fels-und-wasser-in-der-kitzlochklamm\/","og_site_name":"SalzburgerLand Magazin","article_publisher":"https:\/\/www.facebook.com\/salzburgerland\/","article_published_time":"2025-07-18T05:00:00+00:00","article_modified_time":"2025-07-25T06:06:32+00:00","og_image":[{"width":1920,"height":1290,"url":"https:\/\/www.salzburgerland.com\/de\/magazin\/wp-content\/uploads\/2025\/06\/20250620_102928-scaled-e1753421868903.jpg","type":"image\/jpeg"}],"author":"Regina Langreiter","twitter_card":"summary_large_image","twitter_creator":"@Salzburgerland","twitter_site":"@Salzburgerland","twitter_misc":{"Verfasst von":"Regina Langreiter","Gesch\u00e4tzte Lesezeit":"7\u00a0Minuten"},"schema":{"@context":"https:\/\/schema.org","@graph":[{"@type":"Article","@id":"https:\/\/www.salzburgerland.com\/de\/magazin\/zwischen-fels-und-wasser-in-der-kitzlochklamm\/#article","isPartOf":{"@id":"https:\/\/www.salzburgerland.com\/de\/magazin\/zwischen-fels-und-wasser-in-der-kitzlochklamm\/"},"author":{"name":"Regina Langreiter","@id":"https:\/\/www.salzburgerland.com\/de\/magazin\/#\/schema\/person\/400a3c5899426155958bfead834fa13e"},"headline":"Zwischen Fels und Wasser in der Kitzlochklamm","datePublished":"2025-07-18T05:00:00+00:00","dateModified":"2025-07-25T06:06:32+00:00","mainEntityOfPage":{"@id":"https:\/\/www.salzburgerland.com\/de\/magazin\/zwischen-fels-und-wasser-in-der-kitzlochklamm\/"},"wordCount":768,"publisher":{"@id":"https:\/\/www.salzburgerland.com\/de\/magazin\/#organization"},"image":{"@id":"https:\/\/www.salzburgerland.com\/de\/magazin\/zwischen-fels-und-wasser-in-der-kitzlochklamm\/#primaryimage"},"thumbnailUrl":"https:\/\/www.salzburgerland.com\/de\/magazin\/wp-content\/uploads\/2025\/06\/20250620_102928-scaled-e1753421868903.jpg","keywords":["Familienausflug","Klamm","Taxenbach"],"articleSection":["Sehensw\u00fcrdig"],"inLanguage":"de"},{"@type":"WebPage","@id":"https:\/\/www.salzburgerland.com\/de\/magazin\/zwischen-fels-und-wasser-in-der-kitzlochklamm\/","url":"https:\/\/www.salzburgerland.com\/de\/magazin\/zwischen-fels-und-wasser-in-der-kitzlochklamm\/","name":"Zwischen Fels und Wasser in der Kitzlochklamm - SalzburgerLand Magazin","isPartOf":{"@id":"https:\/\/www.salzburgerland.com\/de\/magazin\/#website"},"primaryImageOfPage":{"@id":"https:\/\/www.salzburgerland.com\/de\/magazin\/zwischen-fels-und-wasser-in-der-kitzlochklamm\/#primaryimage"},"image":{"@id":"https:\/\/www.salzburgerland.com\/de\/magazin\/zwischen-fels-und-wasser-in-der-kitzlochklamm\/#primaryimage"},"thumbnailUrl":"https:\/\/www.salzburgerland.com\/de\/magazin\/wp-content\/uploads\/2025\/06\/20250620_102928-scaled-e1753421868903.jpg","datePublished":"2025-07-18T05:00:00+00:00","dateModified":"2025-07-25T06:06:32+00:00","description":"Die Kitzlochklamm entdecken: Wasserf\u00e4lle, Steige, Stollen und stille Pl\u00e4tze \u2013 eine eindrucksvolle Tour f\u00fcr Neugierige und Naturliebhaber.","breadcrumb":{"@id":"https:\/\/www.salzburgerland.com\/de\/magazin\/zwischen-fels-und-wasser-in-der-kitzlochklamm\/#breadcrumb"},"inLanguage":"de","potentialAction":[{"@type":"ReadAction","target":["https:\/\/www.salzburgerland.com\/de\/magazin\/zwischen-fels-und-wasser-in-der-kitzlochklamm\/"]}]},{"@type":"ImageObject","inLanguage":"de","@id":"https:\/\/www.salzburgerland.com\/de\/magazin\/zwischen-fels-und-wasser-in-der-kitzlochklamm\/#primaryimage","url":"https:\/\/www.salzburgerland.com\/de\/magazin\/wp-content\/uploads\/2025\/06\/20250620_102928-scaled-e1753421868903.jpg","contentUrl":"https:\/\/www.salzburgerland.com\/de\/magazin\/wp-content\/uploads\/2025\/06\/20250620_102928-scaled-e1753421868903.jpg","width":1920,"height":1290,"caption":"Kitzlochklamm taxenbach"},{"@type":"BreadcrumbList","@id":"https:\/\/www.salzburgerland.com\/de\/magazin\/zwischen-fels-und-wasser-in-der-kitzlochklamm\/#breadcrumb","itemListElement":[{"@type":"ListItem","position":1,"name":"Startseite","item":"https:\/\/www.salzburgerland.com\/de\/magazin\/"},{"@type":"ListItem","position":2,"name":"Sehensw\u00fcrdig","item":"https:\/\/www.salzburgerland.com\/de\/magazin\/thema\/sehenswurdig\/"},{"@type":"ListItem","position":3,"name":"Zwischen Fels und Wasser in der Kitzlochklamm"}]},{"@type":"WebSite","@id":"https:\/\/www.salzburgerland.com\/de\/magazin\/#website","url":"https:\/\/www.salzburgerland.com\/de\/magazin\/","name":"SalzburgerLand Magazin","description":"Geschichten und Interessantes aus dem SalzburgerLand","publisher":{"@id":"https:\/\/www.salzburgerland.com\/de\/magazin\/#organization"},"potentialAction":[{"@type":"SearchAction","target":{"@type":"EntryPoint","urlTemplate":"https:\/\/www.salzburgerland.com\/de\/magazin\/?s={search_term_string}"},"query-input":{"@type":"PropertyValueSpecification","valueRequired":true,"valueName":"search_term_string"}}],"inLanguage":"de"},{"@type":"Organization","@id":"https:\/\/www.salzburgerland.com\/de\/magazin\/#organization","name":"SalzburgerLand Tourismus","url":"https:\/\/www.salzburgerland.com\/de\/magazin\/","logo":{"@type":"ImageObject","inLanguage":"de","@id":"https:\/\/www.salzburgerland.com\/de\/magazin\/#\/schema\/logo\/image\/","url":"https:\/\/www.salzburgerland.com\/de\/magazin\/wp-content\/uploads\/2019\/06\/salzburgerland-logo1.jpg","contentUrl":"https:\/\/www.salzburgerland.com\/de\/magazin\/wp-content\/uploads\/2019\/06\/salzburgerland-logo1.jpg","width":2011,"height":866,"caption":"SalzburgerLand Tourismus"},"image":{"@id":"https:\/\/www.salzburgerland.com\/de\/magazin\/#\/schema\/logo\/image\/"},"sameAs":["https:\/\/www.facebook.com\/salzburgerland\/","https:\/\/x.com\/Salzburgerland","https:\/\/www.instagram.com\/salzburgerland\/","https:\/\/at.linkedin.com\/company\/salzburgerland-tourismus-gmbh","https:\/\/www.pinterest.at\/salzburgerland\/","https:\/\/www.youtube.com\/user\/salzburgerland","https:\/\/de.wikipedia.org\/wiki\/SalzburgerLand_Tourismus_GmbH"]},{"@type":"Person","@id":"https:\/\/www.salzburgerland.com\/de\/magazin\/#\/schema\/person\/400a3c5899426155958bfead834fa13e","name":"Regina Langreiter","description":"Regina Langreiter ist freie Texterin aus dem Salzburger Land \u2013 aufgewachsen im Raurisertal, verwurzelt in der alpinen Lebenswelt und mit einem Faible f\u00fcr die echten Momente. \u00dcbertriebene Inszenierung ist nicht ihre B\u00fchne, sie interessiert sich f\u00fcr das Einfache, Bodenst\u00e4ndige und Menschliche, also f\u00fcr jene Geschichten, die nicht laut auftreten m\u00fcssen, um in Erinnerung zu bleiben. Dosige oder Zuagroaste? Dosige. Auf- und festgewachsen in Rauris. Fr\u00fchling, Sommer, Herbst oder Winter? Auch wenn mir bereits ab zehn Grad abw\u00e4rts die H\u00e4nde beinahe abfrieren, sch\u00e4tze ich die Vielseitigkeit der Jahreszeiten. Ich juble \u00fcber die ersten Schneeflocken des Jahres genauso wie \u00fcber jenen Morgen, an dem ich wieder fr\u00f6hlichem Vogelgezwitscher lauschen kann. Bergtour oder Seentour? Die k\u00fchlen Bergseen bewundere ich sehr gern \u2013 aber am liebsten von oben. Im Wasser findet man mich nur, wenn meine Kinder mich \u00fcberreden. Rindsroulade vom Pinzgauer Biorind oder Saibling fangfrisch aus dem Fuschlsee? Das Biorind bekommt den Vorzug, aber beim Saibling bin ich auch nicht abgeneigt. Am leichtesten verf\u00fchren kann man mich aber definitiv mit Schokolade. Buch oder Film? Es gibt wenige Filme, die mich wirklich fesseln. Daf\u00fcr k\u00f6nnte ich \u00fcber Stunden in einem Buch versinken. Gummistiefel oder High Heels? Wer mich in High Heels sieht, darf sich diesen Tag als skurrile Begebenheit im Kalender eintragen. Gummistiefel gibt es allerdings auch nur, wenn ich unsere H\u00fchner im Garten besuche. Meinen Alltag bestreite ich in Sneakers oder Trekkingschuhen.","sameAs":["https:\/\/www.aufgetextet.at"],"url":"https:\/\/www.salzburgerland.com\/de\/magazin\/author\/regina-langreiter\/"}]}},"_wl_alt_label":[],"wl:entity_url":"http:\/\/open.salzburgerland.com\/magazin\/post\/zwischen-fels-und-wasser-in-der-kitzlochklamm-183237","_links":{"self":[{"href":"https:\/\/www.salzburgerland.com\/de\/magazin\/wp-json\/wp\/v2\/posts\/183237","targetHints":{"allow":["GET"]}}],"collection":[{"href":"https:\/\/www.salzburgerland.com\/de\/magazin\/wp-json\/wp\/v2\/posts"}],"about":[{"href":"https:\/\/www.salzburgerland.com\/de\/magazin\/wp-json\/wp\/v2\/types\/post"}],"author":[{"embeddable":true,"href":"https:\/\/www.salzburgerland.com\/de\/magazin\/wp-json\/wp\/v2\/users\/555"}],"replies":[{"embeddable":true,"href":"https:\/\/www.salzburgerland.com\/de\/magazin\/wp-json\/wp\/v2\/comments?post=183237"}],"version-history":[{"count":10,"href":"https:\/\/www.salzburgerland.com\/de\/magazin\/wp-json\/wp\/v2\/posts\/183237\/revisions"}],"predecessor-version":[{"id":183570,"href":"https:\/\/www.salzburgerland.com\/de\/magazin\/wp-json\/wp\/v2\/posts\/183237\/revisions\/183570"}],"wp:featuredmedia":[{"embeddable":true,"href":"https:\/\/www.salzburgerland.com\/de\/magazin\/wp-json\/wp\/v2\/media\/183243"}],"wp:attachment":[{"href":"https:\/\/www.salzburgerland.com\/de\/magazin\/wp-json\/wp\/v2\/media?parent=183237"}],"wp:term":[{"taxonomy":"category","embeddable":true,"href":"https:\/\/www.salzburgerland.com\/de\/magazin\/wp-json\/wp\/v2\/categories?post=183237"},{"taxonomy":"post_tag","embeddable":true,"href":"https:\/\/www.salzburgerland.com\/de\/magazin\/wp-json\/wp\/v2\/tags?post=183237"},{"taxonomy":"wl_entity_type","embeddable":true,"href":"https:\/\/www.salzburgerland.com\/de\/magazin\/wp-json\/wp\/v2\/wl_entity_type?post=183237"},{"taxonomy":"monatsauswahl","embeddable":true,"href":"https:\/\/www.salzburgerland.com\/de\/magazin\/wp-json\/wp\/v2\/monatsauswahl?post=183237"}],"curies":[{"name":"wp","href":"https:\/\/api.w.org\/{rel}","templated":true}]}}