{"id":183181,"date":"2025-07-16T07:00:00","date_gmt":"2025-07-16T05:00:00","guid":{"rendered":"https:\/\/www.salzburgerland.com\/de\/magazin\/?p=183181"},"modified":"2025-12-12T07:38:49","modified_gmt":"2025-12-12T06:38:49","slug":"raum-fuer-rueckzug-im-stiegnhaus","status":"publish","type":"post","link":"https:\/\/www.salzburgerland.com\/de\/magazin\/raum-fuer-rueckzug-im-stiegnhaus\/","title":{"rendered":"Raum f\u00fcr R\u00fcckzug im stieg\u2019nhaus"},"content":{"rendered":"\n<div class=\"wp-block-slt-top topBlocks\">\n<h2 class=\"wp-block-slt-subtitle\">Das neu er\u00f6ffnete Design-Boutique-Hotel in M\u00fchlbach am Hochk\u00f6nig<\/h2>\n\n\n\n<p class=\"wp-block-slt-intro\">Zwischen Geschichte und modernem Design steht das ehemalige Mesnerhaus in M\u00fchlbach nun f\u00fcr zeitgem\u00e4\u00dfe Gastfreundschaft \u2013 still, stilvoll und mit Haltung statt Pomp. Wer das stieg\u2019nhaus betritt, merkt gleich: Hier wurde nicht einfach ein weiteres Hotel gebaut. Hier wurde ein Ort behutsam verwandelt.<\/p>\n<\/div>\n\n\n\n<h2 class=\"wp-block-heading\" id=\"h-vom-gefuhl-zum-konzept\">Vom Gef\u00fchl zum Konzept<\/h2>\n\n\n\n<p>Das Schlagwort des Hotels? Wobei \u2013 Schlagwort klingt schon fast zu laut. Denn es hei\u00dft: Quiet Luxury. Hinter dem Haus und dem Konzept stehen zwei Menschen, die diese leise Handschrift gew\u00e4hlt haben \u2013 weil sie zu ihnen passt.<\/p>\n\n\n\n<p>Maria und Tom Heidenreich sind Quereinsteiger aus Bayern, die in M\u00fchlbach am Hochk\u00f6nig ihr Projekt, aber vor allem auch ihr Zuhause gefunden haben. Der Weg dorthin war alles andere als geradlinig: Urspr\u00fcnglich aus der IT-Branche kommend, haben sie \u00fcber viele Reisen und Eindr\u00fccke eine ganz eigene Vorstellung davon entwickelt, was Gastlichkeit f\u00fcr sie bedeutet. <\/p>\n\n\n\n<blockquote class=\"wp-block-quote is-layout-flow wp-block-quote-is-layout-flow\">\n<p>\u201eAm Anfang standen nur ein Gef\u00fchl und eine Idee. Daraus ist mit der Zeit ein klares Konzept geworden \u2013 getragen von Leidenschaft, einem Sinn f\u00fcr Gestaltung und dem Wunsch, einen pers\u00f6nlichen Ort zu schaffen.&#8220;<br>Tom Heidenreich<\/p>\n<\/blockquote>\n\n\n\n<blockquote class=\"wp-block-quote is-layout-flow wp-block-quote-is-layout-flow\">\n<blockquote class=\"wp-block-quote is-layout-flow wp-block-quote-is-layout-flow\">\n<figure class=\"wp-block-image size-full\"><img loading=\"lazy\" decoding=\"async\" width=\"1920\" height=\"1280\" src=\"https:\/\/www.salzburgerland.com\/de\/magazin\/wp-content\/uploads\/2025\/06\/web_stiegnhaus_interior2cbykarinpasterer.com-23.jpg\" alt=\"Minimalistisch eingerichtetes Steigenhaus-Restaurant mit Bogenlampen, Holztischen und gro\u00dfen Vorhangfenstern.\" class=\"wp-image-183184\" srcset=\"https:\/\/www.salzburgerland.com\/de\/magazin\/wp-content\/uploads\/2025\/06\/web_stiegnhaus_interior2cbykarinpasterer.com-23.jpg 1920w, https:\/\/www.salzburgerland.com\/de\/magazin\/wp-content\/uploads\/2025\/06\/web_stiegnhaus_interior2cbykarinpasterer.com-23-300x200.jpg 300w, https:\/\/www.salzburgerland.com\/de\/magazin\/wp-content\/uploads\/2025\/06\/web_stiegnhaus_interior2cbykarinpasterer.com-23-1536x1024.jpg 1536w, https:\/\/www.salzburgerland.com\/de\/magazin\/wp-content\/uploads\/2025\/06\/web_stiegnhaus_interior2cbykarinpasterer.com-23-825x550.jpg 825w, https:\/\/www.salzburgerland.com\/de\/magazin\/wp-content\/uploads\/2025\/06\/web_stiegnhaus_interior2cbykarinpasterer.com-23-600x400.jpg 600w, https:\/\/www.salzburgerland.com\/de\/magazin\/wp-content\/uploads\/2025\/06\/web_stiegnhaus_interior2cbykarinpasterer.com-23-1320x880.jpg 1320w, https:\/\/www.salzburgerland.com\/de\/magazin\/wp-content\/uploads\/2025\/06\/web_stiegnhaus_interior2cbykarinpasterer.com-23-150x100.jpg 150w\" sizes=\"auto, (max-width: 1920px) 100vw, 1920px\" \/><figcaption class=\"wp-element-caption\">Wenn eine Idee Formen annimmt | \u00a9 Karin Pasterer<\/figcaption><\/figure>\n<\/blockquote>\n<\/blockquote>\n\n\n\n<h2 class=\"wp-block-heading\" id=\"h-sechs-suiten-sechs-blickwinkel-ein-gleichgewicht\">Sechs Suiten. Sechs Blickwinkel. Ein Gleichgewicht.<\/h2>\n\n\n\n<p>Das Designhotel beherbergt sechs Suiten. Jede erz\u00e4hlt ihre eigene Geschichte. Durch unterschiedliche Gr\u00f6\u00dfen, Ausrichtungen und Raumwirkungen. Die Kategorien hei\u00dfen <em>pergola<\/em>, <em>circular<\/em>, <em>aura<\/em> und <em>cubo<\/em> \u2013 und klingen so harmonisch wie das Raumgef\u00fchl, das sie vermitteln. Gemeinsam ist ihnen das Spiel aus Holz, Naturstein, groben Wandstrukturen, Leinenstoffen und patinierten Armaturen. Nichts ist \u00fcberladen, viel gibt es nur von dem, was willkommen ist: viel Licht, viel Ruhe, dazu gro\u00dfz\u00fcgige Badezimmer, teilweise mit Sauna, Whirlpool oder freistehender Badewanne.<\/p>\n\n\n\n<p>Die Gestaltung folgt einer klaren Linie und ist inspiriert vom japanischen Wabi-Sabi-Prinzip, das dem Echten und Unperfekten den Vorzug gibt. Entworfen wurde das Haus von Maria und Tom Heidenreich gemeinsam mit der Architektin <a href=\"https:\/\/www.salzburgerland.com\/de\/magazin\/zwei-schwestern-ein-wirtshaus\/\" target=\"_blank\" rel=\"noreferrer noopener\">Carolyn Herzog<\/a>. Man erkennt den abgestimmten Stil in jedem Detail: klar, geerdet und zugleich atmosph\u00e4risch.<\/p>\n\n\n\n<p>Namensgebend f\u00fcr das Design-Boutiquehotel war das original erhaltene Treppenhaus mit seinem geschwungenen Handlauf aus antikem Messing. Es ist nicht nur Blickfang, sondern tr\u00e4gt den Charakter des Hauses weiter.<\/p>\n\n\n\n<p>Wer m\u00f6chte, kann in der privaten Suite fr\u00fchst\u00fccken \u2013 oder abends die Treppe im Stiegenhaus hinuntergehen in die kleine, feine Hotelk\u00fcche, wo ein au\u00dfergew\u00f6hnliches Men\u00fc in entspannter Runde serviert wird.<\/p>\n\n\n\n<figure class=\"wp-block-image size-full\"><img loading=\"lazy\" decoding=\"async\" width=\"1920\" height=\"1280\" src=\"https:\/\/www.salzburgerland.com\/de\/magazin\/wp-content\/uploads\/2025\/06\/web_stiegnhaus_interior2cbykarinpasterer.com-16.jpg\" alt=\"Treppenhaus Design-Boutique-Hotel stieg'nhaus\" class=\"wp-image-183182\" srcset=\"https:\/\/www.salzburgerland.com\/de\/magazin\/wp-content\/uploads\/2025\/06\/web_stiegnhaus_interior2cbykarinpasterer.com-16.jpg 1920w, https:\/\/www.salzburgerland.com\/de\/magazin\/wp-content\/uploads\/2025\/06\/web_stiegnhaus_interior2cbykarinpasterer.com-16-300x200.jpg 300w, https:\/\/www.salzburgerland.com\/de\/magazin\/wp-content\/uploads\/2025\/06\/web_stiegnhaus_interior2cbykarinpasterer.com-16-1536x1024.jpg 1536w, https:\/\/www.salzburgerland.com\/de\/magazin\/wp-content\/uploads\/2025\/06\/web_stiegnhaus_interior2cbykarinpasterer.com-16-825x550.jpg 825w, https:\/\/www.salzburgerland.com\/de\/magazin\/wp-content\/uploads\/2025\/06\/web_stiegnhaus_interior2cbykarinpasterer.com-16-600x400.jpg 600w, https:\/\/www.salzburgerland.com\/de\/magazin\/wp-content\/uploads\/2025\/06\/web_stiegnhaus_interior2cbykarinpasterer.com-16-1320x880.jpg 1320w, https:\/\/www.salzburgerland.com\/de\/magazin\/wp-content\/uploads\/2025\/06\/web_stiegnhaus_interior2cbykarinpasterer.com-16-150x100.jpg 150w\" sizes=\"auto, (max-width: 1920px) 100vw, 1920px\" \/><figcaption class=\"wp-element-caption\">Das original erhaltene Treppenhaus im Design-Boutique-Hotel stieg&#8217;nhaus | \u00a9 Karin Pasterer<\/figcaption><\/figure>\n\n\n\n<h2 class=\"wp-block-heading\" id=\"h-die-kuche-der-funf-elemente\">Die K\u00fcche der f\u00fcnf Elemente<\/h2>\n\n\n\n<p>Das kulinarische Konzept setzt auf eine alpine K\u00fcche mit mediterranen Einfl\u00fcssen. Gem\u00fcse, Kr\u00e4uter, Fisch und Fleisch kommen aus der Umgebung, gekocht wird mit Blick auf das Produkt, nicht auf den Effekt. Es gibt keinen \u00e0-la-carte-Trubel, sondern wenige G\u00e4nge, pers\u00f6nlich serviert und sorgf\u00e4ltig kuratiert. Ein entspanntes Dinner in Wohnzimmeratmosph\u00e4re, bei dem nat\u00fcrlich der Geschmack z\u00e4hlt, aber besonders das Gef\u00fchl, willkommen zu sein.<\/p>\n\n\n\n<p>Gemeinsam mit dem kulinarischen Berater Markus Lorbeck wurde ein Leitgedanke entwickelt, der sich an den f\u00fcnf Elementen Weide, Wasser, Erde, Feuer und Nektar orientiert. Die K\u00fcche greift dieses Prinzip zur\u00fcckhaltend auf \u2013 reduziert, fein abgestimmt, produktbezogen. Die Men\u00fcbegleitung kommt mit Gesp\u00fcr und Erfahrung, die Atmosph\u00e4re ist pers\u00f6nlich und herzlich. An warmen Abenden verlagert sich das Dinner manchmal auf die Terrasse \u2013 rund um den offenen Feuerplatz des Schweizer K\u00fcnstlers Andreas Reichlin. Externe G\u00e4ste sind auf Anfrage willkommen, im Mittelpunkt steht das Gesamterlebnis der Hausg\u00e4ste.<\/p>\n\n\n\n<p>Im aktuellen Gault &amp; Millau-Guide wurde die K\u00fcche des stieg&#8217;nhauses mit 3 Hauben ausgezeichnet. Ein bedeutender Erfolg f\u00fcr die noch junge Adresse am Hochk\u00f6nig und definitiv ein Zeichen der kulinarischen Exzellenz, die hier geboten wird.<\/p>\n\n\n\n<figure class=\"wp-block-image size-full\"><img loading=\"lazy\" decoding=\"async\" width=\"5307\" height=\"7957\" src=\"https:\/\/www.salzburgerland.com\/de\/magazin\/wp-content\/uploads\/2025\/06\/by_chelseaclaire.jpg\" alt=\"by_chelseaclaire\" class=\"wp-image-183183\" srcset=\"https:\/\/www.salzburgerland.com\/de\/magazin\/wp-content\/uploads\/2025\/06\/by_chelseaclaire.jpg 5307w, https:\/\/www.salzburgerland.com\/de\/magazin\/wp-content\/uploads\/2025\/06\/by_chelseaclaire-200x300.jpg 200w, https:\/\/www.salzburgerland.com\/de\/magazin\/wp-content\/uploads\/2025\/06\/by_chelseaclaire-1024x1536.jpg 1024w, https:\/\/www.salzburgerland.com\/de\/magazin\/wp-content\/uploads\/2025\/06\/by_chelseaclaire-367x550.jpg 367w, https:\/\/www.salzburgerland.com\/de\/magazin\/wp-content\/uploads\/2025\/06\/by_chelseaclaire-267x400.jpg 267w, https:\/\/www.salzburgerland.com\/de\/magazin\/wp-content\/uploads\/2025\/06\/by_chelseaclaire-150x225.jpg 150w\" sizes=\"auto, (max-width: 5307px) 100vw, 5307px\" \/><figcaption class=\"wp-element-caption\">Geschmack in Balance \u2013 inspiriert von den f\u00fcnf Elementen. | \u00a9 Chelsea Claire<\/figcaption><\/figure>\n\n\n\n<h2 class=\"wp-block-heading\" id=\"h-nichts-fur-alle-aber-fur-manche-genau-richtig\">Nichts f\u00fcr alle, aber f\u00fcr manche genau richtig<\/h2>\n\n\n\n<p>Wer ein Hotel mit Animation sucht, ist hier falsch. Wer Ruhe sch\u00e4tzt, Eigenst\u00e4ndigkeit mag und ein feines Gesp\u00fcr f\u00fcr Atmosph\u00e4re hat, findet hier vielleicht einen neuen Lieblingsort. Einen, an den man gern zur\u00fcckdenkt. Oder gleich wiederkommt.<\/p>\n\n\n<div class=\"mag-gallery\"><div class=\"row\"><div class=\"col-6 col-sm-4\"><figure><a class=\"thumb-container\" href=\"https:\/\/www.salzburgerland.com\/de\/magazin\/wp-content\/uploads\/2025\/06\/web_stiegnhaus_interior2cbykarinpasterer.com-32-1280x1024.jpg\">\t<picture><source media=\"(min-width: 576px)\" srcset=\"https:\/\/www.salzburgerland.com\/de\/magazin\/wp-content\/uploads\/2025\/06\/web_stiegnhaus_interior2cbykarinpasterer.com-32-325x209.jpg 325w, https:\/\/www.salzburgerland.com\/de\/magazin\/wp-content\/uploads\/2025\/06\/web_stiegnhaus_interior2cbykarinpasterer.com-32-249x160.jpg 249w\"><\/source><source media=\"(min-width: 0)\" srcset=\"https:\/\/www.salzburgerland.com\/de\/magazin\/wp-content\/uploads\/2025\/06\/web_stiegnhaus_interior2cbykarinpasterer.com-32-249x160.jpg 249w, https:\/\/www.salzburgerland.com\/de\/magazin\/wp-content\/uploads\/2025\/06\/web_stiegnhaus_interior2cbykarinpasterer.com-32-325x209.jpg 325w\"><\/source><img decoding=\"async\" alt=\"Minimalistisches stieg'nhaus Yoga-Studio mit zwei Matten, Steinwand, Sitzbank, Lampe und einem gro&szlig;en Wandspiegel.\" src=\"https:\/\/www.salzburgerland.com\/de\/magazin\/wp-content\/uploads\/2025\/06\/web_stiegnhaus_interior2cbykarinpasterer.com-32.jpg\">\t<\/picture><\/a><\/figure><\/div><div class=\"col-6 col-sm-4\"><figure><a class=\"thumb-container\" href=\"https:\/\/www.salzburgerland.com\/de\/magazin\/wp-content\/uploads\/2025\/06\/web_stiegnhaus_interiorcbykarinpasterer.com-7-1280x1024.jpg\">\t<picture><source media=\"(min-width: 576px)\" srcset=\"https:\/\/www.salzburgerland.com\/de\/magazin\/wp-content\/uploads\/2025\/06\/web_stiegnhaus_interiorcbykarinpasterer.com-7-325x209.jpg 325w, https:\/\/www.salzburgerland.com\/de\/magazin\/wp-content\/uploads\/2025\/06\/web_stiegnhaus_interiorcbykarinpasterer.com-7-249x160.jpg 249w\"><\/source><source media=\"(min-width: 0)\" srcset=\"https:\/\/www.salzburgerland.com\/de\/magazin\/wp-content\/uploads\/2025\/06\/web_stiegnhaus_interiorcbykarinpasterer.com-7-249x160.jpg 249w, https:\/\/www.salzburgerland.com\/de\/magazin\/wp-content\/uploads\/2025\/06\/web_stiegnhaus_interiorcbykarinpasterer.com-7-325x209.jpg 325w\"><\/source><img decoding=\"async\" alt=\"Minimalistisches stieg'nhaus Badezimmer mit rundem Spiegel, Steinwaschbecken, h&ouml;lzernem Waschtisch und neutralem Dekor.\" src=\"https:\/\/www.salzburgerland.com\/de\/magazin\/wp-content\/uploads\/2025\/06\/web_stiegnhaus_interiorcbykarinpasterer.com-7.jpg\">\t<\/picture><\/a><\/figure><\/div><div class=\"col-6 col-sm-4\"><figure><a class=\"thumb-container\" href=\"https:\/\/www.salzburgerland.com\/de\/magazin\/wp-content\/uploads\/2025\/06\/web_stiegnhaus_interiorcbykarinpasterer.com-33-1280x1024.jpg\">\t<picture><source media=\"(min-width: 576px)\" srcset=\"https:\/\/www.salzburgerland.com\/de\/magazin\/wp-content\/uploads\/2025\/06\/web_stiegnhaus_interiorcbykarinpasterer.com-33-325x209.jpg 325w, https:\/\/www.salzburgerland.com\/de\/magazin\/wp-content\/uploads\/2025\/06\/web_stiegnhaus_interiorcbykarinpasterer.com-33-249x160.jpg 249w\"><\/source><source media=\"(min-width: 0)\" srcset=\"https:\/\/www.salzburgerland.com\/de\/magazin\/wp-content\/uploads\/2025\/06\/web_stiegnhaus_interiorcbykarinpasterer.com-33-249x160.jpg 249w, https:\/\/www.salzburgerland.com\/de\/magazin\/wp-content\/uploads\/2025\/06\/web_stiegnhaus_interiorcbykarinpasterer.com-33-325x209.jpg 325w\"><\/source><img decoding=\"async\" alt=\"Minimalistisches Steighaus-Schlafzimmer mit einem Doppelbett, wei&szlig;em Bettzeug, Holztisch und gro&szlig;em Fenster mit Vorh&auml;ngen.\" src=\"https:\/\/www.salzburgerland.com\/de\/magazin\/wp-content\/uploads\/2025\/06\/web_stiegnhaus_interiorcbykarinpasterer.com-33.jpg\">\t<\/picture><\/a><\/figure><\/div><div class=\"col-6 col-sm-4\"><figure><a class=\"thumb-container\" href=\"https:\/\/www.salzburgerland.com\/de\/magazin\/wp-content\/uploads\/2025\/06\/web_stiegnhaus_interiorcbykarinpasterer.com-10-1280x1024.jpg\">\t<picture><source media=\"(min-width: 576px)\" srcset=\"https:\/\/www.salzburgerland.com\/de\/magazin\/wp-content\/uploads\/2025\/06\/web_stiegnhaus_interiorcbykarinpasterer.com-10-325x209.jpg 325w, https:\/\/www.salzburgerland.com\/de\/magazin\/wp-content\/uploads\/2025\/06\/web_stiegnhaus_interiorcbykarinpasterer.com-10-249x160.jpg 249w\"><\/source><source media=\"(min-width: 0)\" srcset=\"https:\/\/www.salzburgerland.com\/de\/magazin\/wp-content\/uploads\/2025\/06\/web_stiegnhaus_interiorcbykarinpasterer.com-10-249x160.jpg 249w, https:\/\/www.salzburgerland.com\/de\/magazin\/wp-content\/uploads\/2025\/06\/web_stiegnhaus_interiorcbykarinpasterer.com-10-325x209.jpg 325w\"><\/source><img decoding=\"async\" alt=\"Minimalistisches Schlafzimmer mit beigem Bettzeug und Holzfu&szlig;boden, das zu einem steigenden'nhaus Flur mit sanfter Beleuchtung f&uuml;hrt.\" src=\"https:\/\/www.salzburgerland.com\/de\/magazin\/wp-content\/uploads\/2025\/06\/web_stiegnhaus_interiorcbykarinpasterer.com-10.jpg\">\t<\/picture><\/a><\/figure><\/div><div class=\"col-6 col-sm-4\"><figure><a class=\"thumb-container\" href=\"https:\/\/www.salzburgerland.com\/de\/magazin\/wp-content\/uploads\/2025\/06\/web_stiegnhaus_interiorcbykarinpasterer.com-39-1280x1024.jpg\">\t<picture><source media=\"(min-width: 576px)\" srcset=\"https:\/\/www.salzburgerland.com\/de\/magazin\/wp-content\/uploads\/2025\/06\/web_stiegnhaus_interiorcbykarinpasterer.com-39-325x209.jpg 325w, https:\/\/www.salzburgerland.com\/de\/magazin\/wp-content\/uploads\/2025\/06\/web_stiegnhaus_interiorcbykarinpasterer.com-39-249x160.jpg 249w\"><\/source><source media=\"(min-width: 0)\" srcset=\"https:\/\/www.salzburgerland.com\/de\/magazin\/wp-content\/uploads\/2025\/06\/web_stiegnhaus_interiorcbykarinpasterer.com-39-249x160.jpg 249w, https:\/\/www.salzburgerland.com\/de\/magazin\/wp-content\/uploads\/2025\/06\/web_stiegnhaus_interiorcbykarinpasterer.com-39-325x209.jpg 325w\"><\/source><img decoding=\"async\" alt=\"Modernes, rustikales Bad mit Steinw&auml;nden, stieg'nhaus-Charme, runder Wanne, Holzakzenten und einem Lattenrost.\" src=\"https:\/\/www.salzburgerland.com\/de\/magazin\/wp-content\/uploads\/2025\/06\/web_stiegnhaus_interiorcbykarinpasterer.com-39.jpg\">\t<\/picture><\/a><\/figure><\/div><div class=\"col-6 col-sm-4\"><figure><a class=\"thumb-container\" href=\"https:\/\/www.salzburgerland.com\/de\/magazin\/wp-content\/uploads\/2025\/06\/web_stiegnhaus_interior2cbykarinpasterer.com-43-1280x1024.jpg\">\t<picture><source media=\"(min-width: 576px)\" srcset=\"https:\/\/www.salzburgerland.com\/de\/magazin\/wp-content\/uploads\/2025\/06\/web_stiegnhaus_interior2cbykarinpasterer.com-43-325x209.jpg 325w, https:\/\/www.salzburgerland.com\/de\/magazin\/wp-content\/uploads\/2025\/06\/web_stiegnhaus_interior2cbykarinpasterer.com-43-249x160.jpg 249w\"><\/source><source media=\"(min-width: 0)\" srcset=\"https:\/\/www.salzburgerland.com\/de\/magazin\/wp-content\/uploads\/2025\/06\/web_stiegnhaus_interior2cbykarinpasterer.com-43-249x160.jpg 249w, https:\/\/www.salzburgerland.com\/de\/magazin\/wp-content\/uploads\/2025\/06\/web_stiegnhaus_interior2cbykarinpasterer.com-43-325x209.jpg 325w\"><\/source><img decoding=\"async\" alt=\"Whirlpool im Freien mit sprudelndem Wasser neben einer Steigenhaussauna und einem getopften Olivenbaum in der N&auml;he gro&szlig;er Fenster.\" src=\"https:\/\/www.salzburgerland.com\/de\/magazin\/wp-content\/uploads\/2025\/06\/web_stiegnhaus_interior2cbykarinpasterer.com-43.jpg\">\t<\/picture><\/a><\/figure><\/div><\/div><figcaption>&copy; Karin Pasterer<\/figcaption><\/div>\n\n\n\n<p>Mehr zum Design-Boutique-Hotel stieg&#8217;nhaus: <a href=\"https:\/\/www.stiegnhaus.at\/\" target=\"_blank\" rel=\"noreferrer noopener\">https:\/\/www.stiegnhaus.at\/<\/a><\/p>\n","protected":false},"excerpt":{"rendered":"<p>Vom Gef\u00fchl zum Konzept Das Schlagwort des Hotels? Wobei \u2013 Schlagwort klingt schon fast zu laut. Denn es hei\u00dft: Quiet Luxury. Hinter dem Haus und dem Konzept stehen zwei Menschen, die diese leise Handschrift gew\u00e4hlt haben \u2013 weil sie zu ihnen passt. Maria und Tom Heidenreich sind Quereinsteiger aus Bayern, die in M\u00fchlbach am Hochk\u00f6nig [&hellip;]<\/p>\n","protected":false},"author":555,"featured_media":183185,"comment_status":"closed","ping_status":"closed","sticky":false,"template":"","format":"standard","meta":{"_acf_changed":false,"wl_entities_gutenberg":"","_wl_entity_redirect_enabled":"","footnotes":""},"categories":[5],"tags":[6949,2002,7558],"wl_entity_type":[306],"monatsauswahl":[82,83,84,85,86,87,88,89,90,91,92,93],"class_list":["post-183181","post","type-post","status-publish","format-standard","has-post-thumbnail","hentry","category-hotel-reise","tag-designhotel","tag-kulinarik","tag-muehlbach","wl_entity_type-article","monatsauswahl-monat_1","monatsauswahl-monat_2","monatsauswahl-monat_3","monatsauswahl-monat_4","monatsauswahl-monat_5","monatsauswahl-monat_6","monatsauswahl-monat_7","monatsauswahl-monat_8","monatsauswahl-monat_9","monatsauswahl-monat_10","monatsauswahl-monat_11","monatsauswahl-monat_12"],"acf":[],"yoast_head":"<!-- This site is optimized with the Yoast SEO Premium plugin v27.4 (Yoast SEO v27.4) - https:\/\/yoast.com\/product\/yoast-seo-premium-wordpress\/ -->\n<title>Raum f\u00fcr R\u00fcckzug im stieg\u2019nhaus - SalzburgerLand Magazin<\/title>\n<meta name=\"description\" content=\"Das Design-Boutique-Hotel stieg\u2019nhaus vereint Ruhe, regionales Essen und pers\u00f6nliches Ambiente in stilvollen Suiten in M\u00fchlbach am Hochk\u00f6nig.\" \/>\n<meta name=\"robots\" content=\"index, follow, max-snippet:-1, max-image-preview:large, max-video-preview:-1\" \/>\n<link rel=\"canonical\" href=\"https:\/\/www.salzburgerland.com\/de\/magazin\/raum-fuer-rueckzug-im-stiegnhaus\/\" \/>\n<meta property=\"og:locale\" content=\"de_DE\" \/>\n<meta property=\"og:type\" content=\"article\" \/>\n<meta property=\"og:title\" content=\"Raum f\u00fcr R\u00fcckzug im stieg\u2019nhaus\" \/>\n<meta property=\"og:description\" content=\"Das Design-Boutique-Hotel stieg\u2019nhaus vereint Ruhe, regionales Essen und pers\u00f6nliches Ambiente in stilvollen Suiten in M\u00fchlbach am Hochk\u00f6nig.\" \/>\n<meta property=\"og:url\" content=\"https:\/\/www.salzburgerland.com\/de\/magazin\/raum-fuer-rueckzug-im-stiegnhaus\/\" \/>\n<meta property=\"og:site_name\" content=\"SalzburgerLand Magazin\" \/>\n<meta property=\"article:publisher\" content=\"https:\/\/www.facebook.com\/salzburgerland\/\" \/>\n<meta property=\"article:published_time\" content=\"2025-07-16T05:00:00+00:00\" \/>\n<meta property=\"article:modified_time\" content=\"2025-12-12T06:38:49+00:00\" \/>\n<meta property=\"og:image\" content=\"https:\/\/www.salzburgerland.com\/de\/magazin\/wp-content\/uploads\/2025\/06\/web_stiegnhaus_interior2cbykarinpasterer.com-54.jpg\" \/>\n\t<meta property=\"og:image:width\" content=\"1920\" \/>\n\t<meta property=\"og:image:height\" content=\"1438\" \/>\n\t<meta property=\"og:image:type\" content=\"image\/jpeg\" \/>\n<meta name=\"author\" content=\"Regina Langreiter\" \/>\n<meta name=\"twitter:card\" content=\"summary_large_image\" \/>\n<meta name=\"twitter:creator\" content=\"@Salzburgerland\" \/>\n<meta name=\"twitter:site\" content=\"@Salzburgerland\" \/>\n<meta name=\"twitter:label1\" content=\"Verfasst von\" \/>\n\t<meta name=\"twitter:data1\" content=\"Regina Langreiter\" \/>\n\t<meta name=\"twitter:label2\" content=\"Gesch\u00e4tzte Lesezeit\" \/>\n\t<meta name=\"twitter:data2\" content=\"6\u00a0Minuten\" \/>\n<script type=\"application\/ld+json\" class=\"yoast-schema-graph\">{\"@context\":\"https:\\\/\\\/schema.org\",\"@graph\":[{\"@type\":\"Article\",\"@id\":\"https:\\\/\\\/www.salzburgerland.com\\\/de\\\/magazin\\\/raum-fuer-rueckzug-im-stiegnhaus\\\/#article\",\"isPartOf\":{\"@id\":\"https:\\\/\\\/www.salzburgerland.com\\\/de\\\/magazin\\\/raum-fuer-rueckzug-im-stiegnhaus\\\/\"},\"author\":{\"name\":\"Regina Langreiter\",\"@id\":\"https:\\\/\\\/www.salzburgerland.com\\\/de\\\/magazin\\\/#\\\/schema\\\/person\\\/400a3c5899426155958bfead834fa13e\"},\"headline\":\"Raum f\u00fcr R\u00fcckzug im stieg\u2019nhaus\",\"datePublished\":\"2025-07-16T05:00:00+00:00\",\"dateModified\":\"2025-12-12T06:38:49+00:00\",\"mainEntityOfPage\":{\"@id\":\"https:\\\/\\\/www.salzburgerland.com\\\/de\\\/magazin\\\/raum-fuer-rueckzug-im-stiegnhaus\\\/\"},\"wordCount\":705,\"publisher\":{\"@id\":\"https:\\\/\\\/www.salzburgerland.com\\\/de\\\/magazin\\\/#organization\"},\"image\":{\"@id\":\"https:\\\/\\\/www.salzburgerland.com\\\/de\\\/magazin\\\/raum-fuer-rueckzug-im-stiegnhaus\\\/#primaryimage\"},\"thumbnailUrl\":\"https:\\\/\\\/www.salzburgerland.com\\\/de\\\/magazin\\\/wp-content\\\/uploads\\\/2025\\\/06\\\/web_stiegnhaus_interior2cbykarinpasterer.com-54.jpg\",\"keywords\":[\"Designhotel\",\"Kulinarik\",\"m\u00fchlbach\"],\"articleSection\":[\"Hotel &amp; Reise\"],\"inLanguage\":\"de\"},{\"@type\":\"WebPage\",\"@id\":\"https:\\\/\\\/www.salzburgerland.com\\\/de\\\/magazin\\\/raum-fuer-rueckzug-im-stiegnhaus\\\/\",\"url\":\"https:\\\/\\\/www.salzburgerland.com\\\/de\\\/magazin\\\/raum-fuer-rueckzug-im-stiegnhaus\\\/\",\"name\":\"Raum f\u00fcr R\u00fcckzug im stieg\u2019nhaus - SalzburgerLand Magazin\",\"isPartOf\":{\"@id\":\"https:\\\/\\\/www.salzburgerland.com\\\/de\\\/magazin\\\/#website\"},\"primaryImageOfPage\":{\"@id\":\"https:\\\/\\\/www.salzburgerland.com\\\/de\\\/magazin\\\/raum-fuer-rueckzug-im-stiegnhaus\\\/#primaryimage\"},\"image\":{\"@id\":\"https:\\\/\\\/www.salzburgerland.com\\\/de\\\/magazin\\\/raum-fuer-rueckzug-im-stiegnhaus\\\/#primaryimage\"},\"thumbnailUrl\":\"https:\\\/\\\/www.salzburgerland.com\\\/de\\\/magazin\\\/wp-content\\\/uploads\\\/2025\\\/06\\\/web_stiegnhaus_interior2cbykarinpasterer.com-54.jpg\",\"datePublished\":\"2025-07-16T05:00:00+00:00\",\"dateModified\":\"2025-12-12T06:38:49+00:00\",\"description\":\"Das Design-Boutique-Hotel stieg\u2019nhaus vereint Ruhe, regionales Essen und pers\u00f6nliches Ambiente in stilvollen Suiten in M\u00fchlbach am Hochk\u00f6nig.\",\"breadcrumb\":{\"@id\":\"https:\\\/\\\/www.salzburgerland.com\\\/de\\\/magazin\\\/raum-fuer-rueckzug-im-stiegnhaus\\\/#breadcrumb\"},\"inLanguage\":\"de\",\"potentialAction\":[{\"@type\":\"ReadAction\",\"target\":[\"https:\\\/\\\/www.salzburgerland.com\\\/de\\\/magazin\\\/raum-fuer-rueckzug-im-stiegnhaus\\\/\"]}]},{\"@type\":\"ImageObject\",\"inLanguage\":\"de\",\"@id\":\"https:\\\/\\\/www.salzburgerland.com\\\/de\\\/magazin\\\/raum-fuer-rueckzug-im-stiegnhaus\\\/#primaryimage\",\"url\":\"https:\\\/\\\/www.salzburgerland.com\\\/de\\\/magazin\\\/wp-content\\\/uploads\\\/2025\\\/06\\\/web_stiegnhaus_interior2cbykarinpasterer.com-54.jpg\",\"contentUrl\":\"https:\\\/\\\/www.salzburgerland.com\\\/de\\\/magazin\\\/wp-content\\\/uploads\\\/2025\\\/06\\\/web_stiegnhaus_interior2cbykarinpasterer.com-54.jpg\",\"width\":1920,\"height\":1438,\"caption\":\"stieg'nhaus M\u00fchlbach am Hochk\u00f6nig\"},{\"@type\":\"BreadcrumbList\",\"@id\":\"https:\\\/\\\/www.salzburgerland.com\\\/de\\\/magazin\\\/raum-fuer-rueckzug-im-stiegnhaus\\\/#breadcrumb\",\"itemListElement\":[{\"@type\":\"ListItem\",\"position\":1,\"name\":\"Startseite\",\"item\":\"https:\\\/\\\/www.salzburgerland.com\\\/de\\\/magazin\\\/\"},{\"@type\":\"ListItem\",\"position\":2,\"name\":\"Hotel &amp; Reise\",\"item\":\"https:\\\/\\\/www.salzburgerland.com\\\/de\\\/magazin\\\/thema\\\/hotel-reise\\\/\"},{\"@type\":\"ListItem\",\"position\":3,\"name\":\"Raum f\u00fcr R\u00fcckzug im stieg\u2019nhaus\"}]},{\"@type\":\"WebSite\",\"@id\":\"https:\\\/\\\/www.salzburgerland.com\\\/de\\\/magazin\\\/#website\",\"url\":\"https:\\\/\\\/www.salzburgerland.com\\\/de\\\/magazin\\\/\",\"name\":\"SalzburgerLand Magazin\",\"description\":\"Geschichten und Interessantes aus dem SalzburgerLand\",\"publisher\":{\"@id\":\"https:\\\/\\\/www.salzburgerland.com\\\/de\\\/magazin\\\/#organization\"},\"potentialAction\":[{\"@type\":\"SearchAction\",\"target\":{\"@type\":\"EntryPoint\",\"urlTemplate\":\"https:\\\/\\\/www.salzburgerland.com\\\/de\\\/magazin\\\/?s={search_term_string}\"},\"query-input\":{\"@type\":\"PropertyValueSpecification\",\"valueRequired\":true,\"valueName\":\"search_term_string\"}}],\"inLanguage\":\"de\"},{\"@type\":\"Organization\",\"@id\":\"https:\\\/\\\/www.salzburgerland.com\\\/de\\\/magazin\\\/#organization\",\"name\":\"SalzburgerLand Tourismus\",\"url\":\"https:\\\/\\\/www.salzburgerland.com\\\/de\\\/magazin\\\/\",\"logo\":{\"@type\":\"ImageObject\",\"inLanguage\":\"de\",\"@id\":\"https:\\\/\\\/www.salzburgerland.com\\\/de\\\/magazin\\\/#\\\/schema\\\/logo\\\/image\\\/\",\"url\":\"https:\\\/\\\/www.salzburgerland.com\\\/de\\\/magazin\\\/wp-content\\\/uploads\\\/2019\\\/06\\\/salzburgerland-logo1.jpg\",\"contentUrl\":\"https:\\\/\\\/www.salzburgerland.com\\\/de\\\/magazin\\\/wp-content\\\/uploads\\\/2019\\\/06\\\/salzburgerland-logo1.jpg\",\"width\":2011,\"height\":866,\"caption\":\"SalzburgerLand Tourismus\"},\"image\":{\"@id\":\"https:\\\/\\\/www.salzburgerland.com\\\/de\\\/magazin\\\/#\\\/schema\\\/logo\\\/image\\\/\"},\"sameAs\":[\"https:\\\/\\\/www.facebook.com\\\/salzburgerland\\\/\",\"https:\\\/\\\/x.com\\\/Salzburgerland\",\"https:\\\/\\\/www.instagram.com\\\/salzburgerland\\\/\",\"https:\\\/\\\/at.linkedin.com\\\/company\\\/salzburgerland-tourismus-gmbh\",\"https:\\\/\\\/www.pinterest.at\\\/salzburgerland\\\/\",\"https:\\\/\\\/www.youtube.com\\\/user\\\/salzburgerland\",\"https:\\\/\\\/de.wikipedia.org\\\/wiki\\\/SalzburgerLand_Tourismus_GmbH\"]},{\"@type\":\"Person\",\"@id\":\"https:\\\/\\\/www.salzburgerland.com\\\/de\\\/magazin\\\/#\\\/schema\\\/person\\\/400a3c5899426155958bfead834fa13e\",\"name\":\"Regina Langreiter\",\"description\":\"Regina Langreiter ist freie Texterin aus dem Salzburger Land \u2013 aufgewachsen im Raurisertal, verwurzelt in der alpinen Lebenswelt und mit einem Faible f\u00fcr die echten Momente. \u00dcbertriebene Inszenierung ist nicht ihre B\u00fchne, sie interessiert sich f\u00fcr das Einfache, Bodenst\u00e4ndige und Menschliche, also f\u00fcr jene Geschichten, die nicht laut auftreten m\u00fcssen, um in Erinnerung zu bleiben. Dosige oder Zuagroaste? Dosige. Auf- und festgewachsen in Rauris. Fr\u00fchling, Sommer, Herbst oder Winter? Auch wenn mir bereits ab zehn Grad abw\u00e4rts die H\u00e4nde beinahe abfrieren, sch\u00e4tze ich die Vielseitigkeit der Jahreszeiten. Ich juble \u00fcber die ersten Schneeflocken des Jahres genauso wie \u00fcber jenen Morgen, an dem ich wieder fr\u00f6hlichem Vogelgezwitscher lauschen kann. Bergtour oder Seentour? Die k\u00fchlen Bergseen bewundere ich sehr gern \u2013 aber am liebsten von oben. Im Wasser findet man mich nur, wenn meine Kinder mich \u00fcberreden. Rindsroulade vom Pinzgauer Biorind oder Saibling fangfrisch aus dem Fuschlsee? Das Biorind bekommt den Vorzug, aber beim Saibling bin ich auch nicht abgeneigt. Am leichtesten verf\u00fchren kann man mich aber definitiv mit Schokolade. Buch oder Film? Es gibt wenige Filme, die mich wirklich fesseln. Daf\u00fcr k\u00f6nnte ich \u00fcber Stunden in einem Buch versinken. Gummistiefel oder High Heels? Wer mich in High Heels sieht, darf sich diesen Tag als skurrile Begebenheit im Kalender eintragen. Gummistiefel gibt es allerdings auch nur, wenn ich unsere H\u00fchner im Garten besuche. Meinen Alltag bestreite ich in Sneakers oder Trekkingschuhen.\",\"sameAs\":[\"https:\\\/\\\/www.aufgetextet.at\"],\"url\":\"https:\\\/\\\/www.salzburgerland.com\\\/de\\\/magazin\\\/author\\\/regina-langreiter\\\/\"}]}<\/script>\n<!-- \/ Yoast SEO Premium plugin. -->","yoast_head_json":{"title":"Raum f\u00fcr R\u00fcckzug im stieg\u2019nhaus - SalzburgerLand Magazin","description":"Das Design-Boutique-Hotel stieg\u2019nhaus vereint Ruhe, regionales Essen und pers\u00f6nliches Ambiente in stilvollen Suiten in M\u00fchlbach am Hochk\u00f6nig.","robots":{"index":"index","follow":"follow","max-snippet":"max-snippet:-1","max-image-preview":"max-image-preview:large","max-video-preview":"max-video-preview:-1"},"canonical":"https:\/\/www.salzburgerland.com\/de\/magazin\/raum-fuer-rueckzug-im-stiegnhaus\/","og_locale":"de_DE","og_type":"article","og_title":"Raum f\u00fcr R\u00fcckzug im stieg\u2019nhaus","og_description":"Das Design-Boutique-Hotel stieg\u2019nhaus vereint Ruhe, regionales Essen und pers\u00f6nliches Ambiente in stilvollen Suiten in M\u00fchlbach am Hochk\u00f6nig.","og_url":"https:\/\/www.salzburgerland.com\/de\/magazin\/raum-fuer-rueckzug-im-stiegnhaus\/","og_site_name":"SalzburgerLand Magazin","article_publisher":"https:\/\/www.facebook.com\/salzburgerland\/","article_published_time":"2025-07-16T05:00:00+00:00","article_modified_time":"2025-12-12T06:38:49+00:00","og_image":[{"width":1920,"height":1438,"url":"https:\/\/www.salzburgerland.com\/de\/magazin\/wp-content\/uploads\/2025\/06\/web_stiegnhaus_interior2cbykarinpasterer.com-54.jpg","type":"image\/jpeg"}],"author":"Regina Langreiter","twitter_card":"summary_large_image","twitter_creator":"@Salzburgerland","twitter_site":"@Salzburgerland","twitter_misc":{"Verfasst von":"Regina Langreiter","Gesch\u00e4tzte Lesezeit":"6\u00a0Minuten"},"schema":{"@context":"https:\/\/schema.org","@graph":[{"@type":"Article","@id":"https:\/\/www.salzburgerland.com\/de\/magazin\/raum-fuer-rueckzug-im-stiegnhaus\/#article","isPartOf":{"@id":"https:\/\/www.salzburgerland.com\/de\/magazin\/raum-fuer-rueckzug-im-stiegnhaus\/"},"author":{"name":"Regina Langreiter","@id":"https:\/\/www.salzburgerland.com\/de\/magazin\/#\/schema\/person\/400a3c5899426155958bfead834fa13e"},"headline":"Raum f\u00fcr R\u00fcckzug im stieg\u2019nhaus","datePublished":"2025-07-16T05:00:00+00:00","dateModified":"2025-12-12T06:38:49+00:00","mainEntityOfPage":{"@id":"https:\/\/www.salzburgerland.com\/de\/magazin\/raum-fuer-rueckzug-im-stiegnhaus\/"},"wordCount":705,"publisher":{"@id":"https:\/\/www.salzburgerland.com\/de\/magazin\/#organization"},"image":{"@id":"https:\/\/www.salzburgerland.com\/de\/magazin\/raum-fuer-rueckzug-im-stiegnhaus\/#primaryimage"},"thumbnailUrl":"https:\/\/www.salzburgerland.com\/de\/magazin\/wp-content\/uploads\/2025\/06\/web_stiegnhaus_interior2cbykarinpasterer.com-54.jpg","keywords":["Designhotel","Kulinarik","m\u00fchlbach"],"articleSection":["Hotel &amp; Reise"],"inLanguage":"de"},{"@type":"WebPage","@id":"https:\/\/www.salzburgerland.com\/de\/magazin\/raum-fuer-rueckzug-im-stiegnhaus\/","url":"https:\/\/www.salzburgerland.com\/de\/magazin\/raum-fuer-rueckzug-im-stiegnhaus\/","name":"Raum f\u00fcr R\u00fcckzug im stieg\u2019nhaus - SalzburgerLand Magazin","isPartOf":{"@id":"https:\/\/www.salzburgerland.com\/de\/magazin\/#website"},"primaryImageOfPage":{"@id":"https:\/\/www.salzburgerland.com\/de\/magazin\/raum-fuer-rueckzug-im-stiegnhaus\/#primaryimage"},"image":{"@id":"https:\/\/www.salzburgerland.com\/de\/magazin\/raum-fuer-rueckzug-im-stiegnhaus\/#primaryimage"},"thumbnailUrl":"https:\/\/www.salzburgerland.com\/de\/magazin\/wp-content\/uploads\/2025\/06\/web_stiegnhaus_interior2cbykarinpasterer.com-54.jpg","datePublished":"2025-07-16T05:00:00+00:00","dateModified":"2025-12-12T06:38:49+00:00","description":"Das Design-Boutique-Hotel stieg\u2019nhaus vereint Ruhe, regionales Essen und pers\u00f6nliches Ambiente in stilvollen Suiten in M\u00fchlbach am Hochk\u00f6nig.","breadcrumb":{"@id":"https:\/\/www.salzburgerland.com\/de\/magazin\/raum-fuer-rueckzug-im-stiegnhaus\/#breadcrumb"},"inLanguage":"de","potentialAction":[{"@type":"ReadAction","target":["https:\/\/www.salzburgerland.com\/de\/magazin\/raum-fuer-rueckzug-im-stiegnhaus\/"]}]},{"@type":"ImageObject","inLanguage":"de","@id":"https:\/\/www.salzburgerland.com\/de\/magazin\/raum-fuer-rueckzug-im-stiegnhaus\/#primaryimage","url":"https:\/\/www.salzburgerland.com\/de\/magazin\/wp-content\/uploads\/2025\/06\/web_stiegnhaus_interior2cbykarinpasterer.com-54.jpg","contentUrl":"https:\/\/www.salzburgerland.com\/de\/magazin\/wp-content\/uploads\/2025\/06\/web_stiegnhaus_interior2cbykarinpasterer.com-54.jpg","width":1920,"height":1438,"caption":"stieg'nhaus M\u00fchlbach am Hochk\u00f6nig"},{"@type":"BreadcrumbList","@id":"https:\/\/www.salzburgerland.com\/de\/magazin\/raum-fuer-rueckzug-im-stiegnhaus\/#breadcrumb","itemListElement":[{"@type":"ListItem","position":1,"name":"Startseite","item":"https:\/\/www.salzburgerland.com\/de\/magazin\/"},{"@type":"ListItem","position":2,"name":"Hotel &amp; Reise","item":"https:\/\/www.salzburgerland.com\/de\/magazin\/thema\/hotel-reise\/"},{"@type":"ListItem","position":3,"name":"Raum f\u00fcr R\u00fcckzug im stieg\u2019nhaus"}]},{"@type":"WebSite","@id":"https:\/\/www.salzburgerland.com\/de\/magazin\/#website","url":"https:\/\/www.salzburgerland.com\/de\/magazin\/","name":"SalzburgerLand Magazin","description":"Geschichten und Interessantes aus dem SalzburgerLand","publisher":{"@id":"https:\/\/www.salzburgerland.com\/de\/magazin\/#organization"},"potentialAction":[{"@type":"SearchAction","target":{"@type":"EntryPoint","urlTemplate":"https:\/\/www.salzburgerland.com\/de\/magazin\/?s={search_term_string}"},"query-input":{"@type":"PropertyValueSpecification","valueRequired":true,"valueName":"search_term_string"}}],"inLanguage":"de"},{"@type":"Organization","@id":"https:\/\/www.salzburgerland.com\/de\/magazin\/#organization","name":"SalzburgerLand Tourismus","url":"https:\/\/www.salzburgerland.com\/de\/magazin\/","logo":{"@type":"ImageObject","inLanguage":"de","@id":"https:\/\/www.salzburgerland.com\/de\/magazin\/#\/schema\/logo\/image\/","url":"https:\/\/www.salzburgerland.com\/de\/magazin\/wp-content\/uploads\/2019\/06\/salzburgerland-logo1.jpg","contentUrl":"https:\/\/www.salzburgerland.com\/de\/magazin\/wp-content\/uploads\/2019\/06\/salzburgerland-logo1.jpg","width":2011,"height":866,"caption":"SalzburgerLand Tourismus"},"image":{"@id":"https:\/\/www.salzburgerland.com\/de\/magazin\/#\/schema\/logo\/image\/"},"sameAs":["https:\/\/www.facebook.com\/salzburgerland\/","https:\/\/x.com\/Salzburgerland","https:\/\/www.instagram.com\/salzburgerland\/","https:\/\/at.linkedin.com\/company\/salzburgerland-tourismus-gmbh","https:\/\/www.pinterest.at\/salzburgerland\/","https:\/\/www.youtube.com\/user\/salzburgerland","https:\/\/de.wikipedia.org\/wiki\/SalzburgerLand_Tourismus_GmbH"]},{"@type":"Person","@id":"https:\/\/www.salzburgerland.com\/de\/magazin\/#\/schema\/person\/400a3c5899426155958bfead834fa13e","name":"Regina Langreiter","description":"Regina Langreiter ist freie Texterin aus dem Salzburger Land \u2013 aufgewachsen im Raurisertal, verwurzelt in der alpinen Lebenswelt und mit einem Faible f\u00fcr die echten Momente. \u00dcbertriebene Inszenierung ist nicht ihre B\u00fchne, sie interessiert sich f\u00fcr das Einfache, Bodenst\u00e4ndige und Menschliche, also f\u00fcr jene Geschichten, die nicht laut auftreten m\u00fcssen, um in Erinnerung zu bleiben. Dosige oder Zuagroaste? Dosige. Auf- und festgewachsen in Rauris. Fr\u00fchling, Sommer, Herbst oder Winter? Auch wenn mir bereits ab zehn Grad abw\u00e4rts die H\u00e4nde beinahe abfrieren, sch\u00e4tze ich die Vielseitigkeit der Jahreszeiten. Ich juble \u00fcber die ersten Schneeflocken des Jahres genauso wie \u00fcber jenen Morgen, an dem ich wieder fr\u00f6hlichem Vogelgezwitscher lauschen kann. Bergtour oder Seentour? Die k\u00fchlen Bergseen bewundere ich sehr gern \u2013 aber am liebsten von oben. Im Wasser findet man mich nur, wenn meine Kinder mich \u00fcberreden. Rindsroulade vom Pinzgauer Biorind oder Saibling fangfrisch aus dem Fuschlsee? Das Biorind bekommt den Vorzug, aber beim Saibling bin ich auch nicht abgeneigt. Am leichtesten verf\u00fchren kann man mich aber definitiv mit Schokolade. Buch oder Film? Es gibt wenige Filme, die mich wirklich fesseln. Daf\u00fcr k\u00f6nnte ich \u00fcber Stunden in einem Buch versinken. Gummistiefel oder High Heels? Wer mich in High Heels sieht, darf sich diesen Tag als skurrile Begebenheit im Kalender eintragen. Gummistiefel gibt es allerdings auch nur, wenn ich unsere H\u00fchner im Garten besuche. Meinen Alltag bestreite ich in Sneakers oder Trekkingschuhen.","sameAs":["https:\/\/www.aufgetextet.at"],"url":"https:\/\/www.salzburgerland.com\/de\/magazin\/author\/regina-langreiter\/"}]}},"_wl_alt_label":[],"wl:entity_url":"http:\/\/open.salzburgerland.com\/magazin\/post\/raum-fuer-rueckzug-im-design-boutiqehotel-stiegnhaus-183181","_links":{"self":[{"href":"https:\/\/www.salzburgerland.com\/de\/magazin\/wp-json\/wp\/v2\/posts\/183181","targetHints":{"allow":["GET"]}}],"collection":[{"href":"https:\/\/www.salzburgerland.com\/de\/magazin\/wp-json\/wp\/v2\/posts"}],"about":[{"href":"https:\/\/www.salzburgerland.com\/de\/magazin\/wp-json\/wp\/v2\/types\/post"}],"author":[{"embeddable":true,"href":"https:\/\/www.salzburgerland.com\/de\/magazin\/wp-json\/wp\/v2\/users\/555"}],"replies":[{"embeddable":true,"href":"https:\/\/www.salzburgerland.com\/de\/magazin\/wp-json\/wp\/v2\/comments?post=183181"}],"version-history":[{"count":10,"href":"https:\/\/www.salzburgerland.com\/de\/magazin\/wp-json\/wp\/v2\/posts\/183181\/revisions"}],"predecessor-version":[{"id":185499,"href":"https:\/\/www.salzburgerland.com\/de\/magazin\/wp-json\/wp\/v2\/posts\/183181\/revisions\/185499"}],"wp:featuredmedia":[{"embeddable":true,"href":"https:\/\/www.salzburgerland.com\/de\/magazin\/wp-json\/wp\/v2\/media\/183185"}],"wp:attachment":[{"href":"https:\/\/www.salzburgerland.com\/de\/magazin\/wp-json\/wp\/v2\/media?parent=183181"}],"wp:term":[{"taxonomy":"category","embeddable":true,"href":"https:\/\/www.salzburgerland.com\/de\/magazin\/wp-json\/wp\/v2\/categories?post=183181"},{"taxonomy":"post_tag","embeddable":true,"href":"https:\/\/www.salzburgerland.com\/de\/magazin\/wp-json\/wp\/v2\/tags?post=183181"},{"taxonomy":"wl_entity_type","embeddable":true,"href":"https:\/\/www.salzburgerland.com\/de\/magazin\/wp-json\/wp\/v2\/wl_entity_type?post=183181"},{"taxonomy":"monatsauswahl","embeddable":true,"href":"https:\/\/www.salzburgerland.com\/de\/magazin\/wp-json\/wp\/v2\/monatsauswahl?post=183181"}],"curies":[{"name":"wp","href":"https:\/\/api.w.org\/{rel}","templated":true}]}}