{"id":182673,"date":"2025-06-12T07:00:00","date_gmt":"2025-06-12T05:00:00","guid":{"rendered":"https:\/\/www.salzburgerland.com\/de\/magazin\/?p=182673"},"modified":"2025-05-22T12:00:58","modified_gmt":"2025-05-22T10:00:58","slug":"die-schoensten-barfusspfade-im-salzburgerland","status":"publish","type":"post","link":"https:\/\/www.salzburgerland.com\/de\/magazin\/die-schoensten-barfusspfade-im-salzburgerland\/","title":{"rendered":"Die sch\u00f6nsten Barfu\u00dfpfade im Salzburgerland"},"content":{"rendered":"\n<div class=\"wp-block-slt-top topBlocks\">\n<h2 class=\"wp-block-slt-subtitle\">Mit nackten F\u00fc\u00dfen durch Wiesen, W\u00e4lder und Wasser<\/h2>\n\n\n\n<p class=\"wp-block-slt-intro\">Barfu\u00dfgehen ist mehr als nur ein Sommerspa\u00df \u2013 es ist eine Einladung, die Welt achtsamer zu betreten. Im SalzburgerLand laden zahlreiche Barfu\u00dfwege dazu ein, die Umgebung mit allen Sinnen zu sp\u00fcren: k\u00fchler Waldboden, feuchtes Moos, raue Steine oder weicher Schlamm regen die Fu\u00dfreflexzonen an und verbinden uns unmittelbar mit der Natur. Ob zur Entspannung, zur Kr\u00e4ftigung oder einfach zum Vergn\u00fcgen \u2013 Barfu\u00dfpfade bieten Erholung f\u00fcr K\u00f6rper und Geist. In dieser \u00dcbersicht stellen wir die sch\u00f6nsten Barfu\u00dfwege im SalzburgerLand vor \u2013 von idyllischen Waldpfaden bis zu alpinen Panoramawegen.<\/p>\n<\/div>\n\n\n\n<h2 class=\"wp-block-heading\" id=\"h-barfussweg-seekirchen-am-wallersee\">Barfu\u00dfweg Seekirchen am Wallersee<\/h2>\n\n\n\n<p>In Seekirchen am Wallersee gibt es einen <a href=\"https:\/\/www.salzburger-seenland.at\/wanderrouten\/barfussweg-seekirchen?utm_source=chatgpt.com\" target=\"_blank\" rel=\"noreferrer noopener\">abwechslungsreichen Barfu\u00dfpfad<\/a> direkt neben der Seeburg. Verschiedene Materialien wie Steine, Mulch, Bl\u00e4tterboden und Feinsand bieten ein sinnliches Erlebnis f\u00fcr die F\u00fc\u00dfe. Zus\u00e4tzlich gibt es eine Kneippanlage mit Tret- und Armbecken sowie einen Kr\u00e4utergarten und einen Spielplatz f\u00fcr Kinder. <\/p>\n\n\n\n<p><strong>Auf einen Blick:<\/strong><\/p>\n\n\n\n<ul class=\"wp-block-list\">\n<li><strong>Ort:<\/strong> Seekirchen am Wallersee<\/li>\n\n\n\n<li><strong>L\u00e4nge:<\/strong> ca. 30 Meter<\/li>\n\n\n\n<li><strong>Dauer:<\/strong> ca. 10 Minuten<\/li>\n\n\n\n<li><strong>Besonderheiten:<\/strong> Kneippanlage, Kr\u00e4utergarten, Spielplatz<\/li>\n<\/ul>\n\n\n\n<h2 class=\"wp-block-heading\" id=\"h-barfussweg-rund-um-den-spiegelsee-am-fulseck\">Barfu\u00dfweg rund um den Spiegelsee am Fulseck<\/h2>\n\n\n\n<p>Auf 1.860 Metern H\u00f6he bietet der <a href=\"https:\/\/www.skigastein.com\/aktivitaeten\/wandern-im-gasteinertal\/themen-rundwanderwege\/barfussweg-spiegelsee\/\" target=\"_blank\" rel=\"noreferrer noopener\">Barfu\u00dfweg rund um den Spiegelsee in Dorfgastein<\/a> ein einzigartiges Erlebnis. Verschiedene Untergr\u00fcnde wie Wiese, raue Steine und Erde massieren sanft die Fu\u00dfreflexzonen, w\u00e4hrend man das beeindruckende Bergpanorama genie\u00dft. Der Weg ist leicht \u00fcber die Gipfelstation Fulseck erreichbar.<\/p>\n\n\n\n<p><strong>Auf einen Blick:<\/strong><\/p>\n\n\n\n<ul class=\"wp-block-list\">\n<li><strong>Ort:<\/strong> Dorfgastein am Fulseck<\/li>\n\n\n\n<li><strong>L\u00e4nge:<\/strong> 4 Kilometer<\/li>\n\n\n\n<li><strong>H\u00f6henmeter:<\/strong> 500 Meter bergab<\/li>\n\n\n\n<li><strong>Dauer:<\/strong> ca. 2,5 Stunden<\/li>\n\n\n\n<li><strong>Besonderheiten:<\/strong> Bergpanorama<\/li>\n<\/ul>\n\n\n<div class=\"wp-block-image\">\n<figure class=\"aligncenter size-full\"><img loading=\"lazy\" decoding=\"async\" width=\"900\" height=\"594\" src=\"https:\/\/www.salzburgerland.com\/de\/magazin\/wp-content\/uploads\/2012\/07\/Speicherteich-Fulseck_103.jpg\" alt=\"Der Barfu\u00dfweg am Spiegelsee - beliebtes Ziel f\u00fcr jung und alt.\" class=\"wp-image-21102\" srcset=\"https:\/\/www.salzburgerland.com\/de\/magazin\/wp-content\/uploads\/2012\/07\/Speicherteich-Fulseck_103.jpg 900w, https:\/\/www.salzburgerland.com\/de\/magazin\/wp-content\/uploads\/2012\/07\/Speicherteich-Fulseck_103-300x198.jpg 300w, https:\/\/www.salzburgerland.com\/de\/magazin\/wp-content\/uploads\/2012\/07\/Speicherteich-Fulseck_103-833x550.jpg 833w, https:\/\/www.salzburgerland.com\/de\/magazin\/wp-content\/uploads\/2012\/07\/Speicherteich-Fulseck_103-606x400.jpg 606w\" sizes=\"auto, (max-width: 900px) 100vw, 900px\" \/><\/figure><\/div>\n\n\n<h2 class=\"wp-block-heading\" id=\"h-barfussweg-im-naturpark-weissbach-bei-lofer\">Barfu\u00dfweg im Naturpark Wei\u00dfbach bei Lofer<\/h2>\n\n\n\n<p>Dieser <a href=\"https:\/\/www.lofer.com\/de\/aktiv-im-sommer\/wandern\/erlebniswege\/barfussweg-in-weissbach\" target=\"_blank\" rel=\"noreferrer noopener\">Barfu\u00dfpfad<\/a> bietet \u00fcber 20 verschiedene Bodenarten, darunter Schlamm, Moos, Kies und Rindenmulch. Er befindet sich in unmittelbarer N\u00e4he zur Seisenbergklamm und ist ideal mit einem Besuch der Kneippanlage kombinierbar. Die Strecke ist besonders f\u00fcr Familien geeignet und l\u00e4dt dazu ein, die Natur intensiv zu sp\u00fcren.<\/p>\n\n\n\n<p><strong>Auf einen Blick:<\/strong><\/p>\n\n\n\n<ul class=\"wp-block-list\">\n<li><strong>Ort:<\/strong> Wei\u00dfbach bei Lofer<\/li>\n\n\n\n<li><strong>L\u00e4nge:<\/strong> ca. 400 Meter<\/li>\n\n\n\n<li><strong>Dauer:<\/strong> ca. 15 Minuten<\/li>\n\n\n\n<li><strong>Besonderheiten:<\/strong> \u00fcber 20 Bodenarten, Kneippanlage<\/li>\n<\/ul>\n\n\n\n<h2 class=\"wp-block-heading\" id=\"h-moorlehrpfad-rund-um-den-prebersee-im-lungau\">Moorlehrpfad rund um den Prebersee im Lungau<\/h2>\n\n\n\n<p>Der <a href=\"https:\/\/www.salzburgerland.com\/de\/barfuss-durch-den-gatsch-das-lungauer-saumoos-und-der-prebersee\/?utm_source=chatgpt.com\" target=\"_blank\" rel=\"noreferrer noopener\">Moorlehrpfad rund um den Prebersee<\/a> bietet ein besonderes Barfu\u00dferlebnis auf weichem Untergrund. Die schlammige Erde des Lungauer Saumooses ist ideal f\u00fcr Einsteiger*innen im Barfu\u00dfwandern. Die Strecke f\u00fchrt durch eine zauberhafte Landschaft, die selbst bei Regen ihren Reiz beh\u00e4lt.<\/p>\n\n\n\n<p><strong>Auf einen Blick:<\/strong><\/p>\n\n\n\n<ul class=\"wp-block-list\">\n<li><strong>Ort:<\/strong> Prebersee, Lungau<\/li>\n\n\n\n<li><strong>L\u00e4nge:<\/strong> ca. 2 Kilometer<\/li>\n\n\n\n<li><strong>Dauer:<\/strong> ca. 40 Minuten<\/li>\n\n\n\n<li><strong>Besonderheiten:<\/strong> Moorlandschaft, weicher Untergrund<\/li>\n<\/ul>\n\n\n\n<figure class=\"wp-block-image size-full\"><img loading=\"lazy\" decoding=\"async\" width=\"1920\" height=\"1080\" src=\"https:\/\/www.salzburgerland.com\/de\/magazin\/wp-content\/uploads\/2025\/05\/Prebersee.jpg\" alt=\"Prebersee\" class=\"wp-image-182677\" srcset=\"https:\/\/www.salzburgerland.com\/de\/magazin\/wp-content\/uploads\/2025\/05\/Prebersee.jpg 1920w, https:\/\/www.salzburgerland.com\/de\/magazin\/wp-content\/uploads\/2025\/05\/Prebersee-300x169.jpg 300w, https:\/\/www.salzburgerland.com\/de\/magazin\/wp-content\/uploads\/2025\/05\/Prebersee-1536x864.jpg 1536w, https:\/\/www.salzburgerland.com\/de\/magazin\/wp-content\/uploads\/2025\/05\/Prebersee-978x550.jpg 978w, https:\/\/www.salzburgerland.com\/de\/magazin\/wp-content\/uploads\/2025\/05\/Prebersee-711x400.jpg 711w, https:\/\/www.salzburgerland.com\/de\/magazin\/wp-content\/uploads\/2025\/05\/Prebersee-560x316.jpg 560w, https:\/\/www.salzburgerland.com\/de\/magazin\/wp-content\/uploads\/2025\/05\/Prebersee-250x140.jpg 250w, https:\/\/www.salzburgerland.com\/de\/magazin\/wp-content\/uploads\/2025\/05\/Prebersee-1320x743.jpg 1320w, https:\/\/www.salzburgerland.com\/de\/magazin\/wp-content\/uploads\/2025\/05\/Prebersee-1200x675.jpg 1200w, https:\/\/www.salzburgerland.com\/de\/magazin\/wp-content\/uploads\/2025\/05\/Prebersee-150x84.jpg 150w\" sizes=\"auto, (max-width: 1920px) 100vw, 1920px\" \/><figcaption class=\"wp-element-caption\">\u00a9 SalzburgerLand Tourismus, Fr\u00e4ulein Floras Favourite Hangouts \u2013 Prebersee<\/figcaption><\/figure>\n\n\n\n<h2 class=\"wp-block-heading\" id=\"h-generationenweg-barfussweg-in-nussdorf-am-haunsberg\">Generationenweg \u2013 Barfu\u00dfweg in Nu\u00dfdorf am Haunsberg<\/h2>\n\n\n\n<p>Dieser <a href=\"https:\/\/www.salzburger-seenland.at\/wanderrouten\/generationenweg-barfussweg?utm_source=chatgpt.com\" target=\"_blank\" rel=\"noreferrer noopener\">von der Landjugend Nu\u00dfdorf gestaltete Weg<\/a> verbindet auf einzigartige Weise Bewegung, Naturerlebnis und regionale Geschichte. Entlang des kinderwagentauglichen Weges erf\u00e4hrt man Spannendes \u00fcber die Vergangenheit des Ortes \u2013 informativ aufbereitet und eingebettet in eine naturnahe Umgebung. Am Ende des Pfades wartet ein idyllischer Erholungsplatz \u2013 ein ruhiger R\u00fcckzugsort, der Erholung f\u00fcr K\u00f6rper und Geist verspricht.<\/p>\n\n\n\n<p><strong>Auf einen Blick:<\/strong><\/p>\n\n\n\n<ul class=\"wp-block-list\">\n<li><strong>Ort:<\/strong> Nu\u00dfdorf am Haunsberg<\/li>\n\n\n\n<li><strong>L\u00e4nge:<\/strong> ca. 10 Minuten<\/li>\n\n\n\n<li><strong>Besonderheiten:<\/strong> historische Informationen, Erholungsplatz<\/li>\n<\/ul>\n\n\n\n<h2 class=\"wp-block-heading\" id=\"h-barfusspfad-bei-der-hundsmarktmuhle-in-thalgau\">Barfu\u00dfpfad bei der Hundsmarktm\u00fchle in Thalgau<\/h2>\n\n\n\n<p>Seit 2020 l\u00e4dt der <a href=\"https:\/\/thalgau.kneippbund.at\/unsere-kneipp-anlagen\/barfuss-pfad\/?utm_source=chatgpt.com\" target=\"_blank\" rel=\"noreferrer noopener\">Barfu\u00dfpfad neben der Hundsmarktm\u00fchle<\/a> in Thalgau dazu ein, die Natur mit allen Sinnen zu entdecken. Unterschiedlichste Materialien \u2013 von weichem Lehm \u00fcber k\u00fchlen Marmor bis hin zu Sand, Kies und Rindenmulch \u2013 machen den Weg zu einem abwechslungsreichen Erlebnis f\u00fcr die F\u00fc\u00dfe. Der Pfad regt die Sinneswahrnehmung an, st\u00e4rkt das K\u00f6rpergef\u00fchl und sorgt ganz nebenbei f\u00fcr eine wohltuende Portion Achtsamkeit im Alltag.<\/p>\n\n\n\n<p><strong>Auf einen Blick:<\/strong><\/p>\n\n\n\n<ul class=\"wp-block-list\">\n<li><strong>Ort:<\/strong> Thalgau (bei der Hundsmarktm\u00fchle)<\/li>\n\n\n\n<li><strong>Besonderheiten:<\/strong> verschiedene Bodenbel\u00e4ge, Sinnestraining<\/li>\n<\/ul>\n\n\n\n<h2 class=\"wp-block-heading\" id=\"h-das-moos-am-berg-zentrum-der-stille-in-filzmoos\">Das Moos am Berg \u2013 Zentrum der Stille in Filzmoos<\/h2>\n\n\n\n<p>Inmitten der beeindruckenden Berglandschaft von Filzmoos liegt das <a href=\"https:\/\/www.filzmoos.at\/de\/entdecken\/das-moos-am-berg.html\" target=\"_blank\" rel=\"noreferrer noopener\">\u201eMoos am Berg\u201c<\/a>, ein besonderer Kraftort, der nur im Rahmen gef\u00fchrter Touren zug\u00e4nglich ist. Diese Touren, begleitet von speziell ausgebildeten Kraftplatzbegleiter*innen, f\u00fchren durch eine helle Waldlichtung, umgeben von B\u00e4umen, die eine Atmosph\u00e4re der Ruhe und Besinnung schafft. Ein Teil der Wanderung kann barfu\u00df erlebt werden, wodurch die Verbindung zur Natur intensiviert wird.<\/p>\n\n\n\n<p><strong>Auf einen Blick:<\/strong><\/p>\n\n\n\n<ul class=\"wp-block-list\">\n<li><strong>Ort:<\/strong> Filzmoos<\/li>\n\n\n\n<li><strong>Zugang:<\/strong> Nur im Rahmen gef\u00fchrter Touren mit Kraftplatzbegleiter*innen<\/li>\n\n\n\n<li><strong>Besonderheiten:<\/strong> Kraftplatz mit heilender Energie, barfu\u00df begehbarer Abschnitt,<\/li>\n<\/ul>\n\n\n<div class=\"wp-block-image\">\n<figure class=\"aligncenter size-full is-resized\"><img loading=\"lazy\" decoding=\"async\" width=\"800\" height=\"500\" src=\"https:\/\/www.salzburgerland.com\/de\/magazin\/wp-content\/uploads\/2025\/05\/Filzmoos-Moos-am-Berg.jpg\" alt=\"Kraftplatz &quot;Moos am Berg&quot; in Filzmoos\" class=\"wp-image-182680\" style=\"width:840px;height:auto\" srcset=\"https:\/\/www.salzburgerland.com\/de\/magazin\/wp-content\/uploads\/2025\/05\/Filzmoos-Moos-am-Berg.jpg 800w, https:\/\/www.salzburgerland.com\/de\/magazin\/wp-content\/uploads\/2025\/05\/Filzmoos-Moos-am-Berg-300x188.jpg 300w, https:\/\/www.salzburgerland.com\/de\/magazin\/wp-content\/uploads\/2025\/05\/Filzmoos-Moos-am-Berg-640x400.jpg 640w, https:\/\/www.salzburgerland.com\/de\/magazin\/wp-content\/uploads\/2025\/05\/Filzmoos-Moos-am-Berg-150x94.jpg 150w\" sizes=\"auto, (max-width: 800px) 100vw, 800px\" \/><figcaption class=\"wp-element-caption\">Das Zentrum des Kraftplatzes &#8222;Moos am Berg&#8220; in Filzmoos l\u00e4sst sich wunderbar ohne Schuhe begehen. \u00a9 Filzmoos<\/figcaption><\/figure><\/div>","protected":false},"excerpt":{"rendered":"<p>Barfu\u00dfweg Seekirchen am Wallersee In Seekirchen am Wallersee gibt es einen abwechslungsreichen Barfu\u00dfpfad direkt neben der Seeburg. Verschiedene Materialien wie Steine, Mulch, Bl\u00e4tterboden und Feinsand bieten ein sinnliches Erlebnis f\u00fcr die F\u00fc\u00dfe. Zus\u00e4tzlich gibt es eine Kneippanlage mit Tret- und Armbecken sowie einen Kr\u00e4utergarten und einen Spielplatz f\u00fcr Kinder. Auf einen Blick: Barfu\u00dfweg rund um [&hellip;]<\/p>\n","protected":false},"author":595,"featured_media":182679,"comment_status":"closed","ping_status":"closed","sticky":false,"template":"","format":"standard","meta":{"_acf_changed":false,"wl_entities_gutenberg":"","_wl_entity_redirect_enabled":"","footnotes":""},"categories":[8],"tags":[7933,7932,4171,4447,7445,4357,139],"wl_entity_type":[306],"monatsauswahl":[],"class_list":["post-182673","post","type-post","status-publish","format-standard","has-post-thumbnail","hentry","category-outdoor-sport","tag-barfuss","tag-barfusspfade","tag-familienausflug","tag-natur","tag-sommer","tag-spazieren","tag-wandern","wl_entity_type-article"],"acf":[],"yoast_head":"<!-- This site is optimized with the Yoast SEO Premium plugin v27.4 (Yoast SEO v27.4) - https:\/\/yoast.com\/product\/yoast-seo-premium-wordpress\/ -->\n<title>Die sch\u00f6nsten Barfu\u00dfpfade im Salzburgerland - SalzburgerLand Magazin<\/title>\n<meta name=\"description\" content=\"Barfu\u00dfpfade im Salzburgerland entdecken: Wald, Wiesen und Wasser mit den F\u00fc\u00dfen erleben \u2013 ideal f\u00fcr Naturgenuss und Familienausfl\u00fcge.\" \/>\n<meta name=\"robots\" content=\"index, follow, max-snippet:-1, max-image-preview:large, max-video-preview:-1\" \/>\n<link rel=\"canonical\" href=\"https:\/\/www.salzburgerland.com\/de\/magazin\/die-schoensten-barfusspfade-im-salzburgerland\/\" \/>\n<meta property=\"og:locale\" content=\"de_DE\" \/>\n<meta property=\"og:type\" content=\"article\" \/>\n<meta property=\"og:title\" content=\"Die sch\u00f6nsten Barfu\u00dfpfade im Salzburgerland\" \/>\n<meta property=\"og:description\" content=\"Barfu\u00dfpfade im Salzburgerland entdecken: Wald, Wiesen und Wasser mit den F\u00fc\u00dfen erleben \u2013 ideal f\u00fcr Naturgenuss und Familienausfl\u00fcge.\" \/>\n<meta property=\"og:url\" content=\"https:\/\/www.salzburgerland.com\/de\/magazin\/die-schoensten-barfusspfade-im-salzburgerland\/\" \/>\n<meta property=\"og:site_name\" content=\"SalzburgerLand Magazin\" \/>\n<meta property=\"article:publisher\" content=\"https:\/\/www.facebook.com\/salzburgerland\/\" \/>\n<meta property=\"article:published_time\" content=\"2025-06-12T05:00:00+00:00\" \/>\n<meta property=\"og:image\" content=\"https:\/\/www.salzburgerland.com\/de\/magazin\/wp-content\/uploads\/2025\/05\/Barfusspfade-scaled.jpg\" \/>\n\t<meta property=\"og:image:width\" content=\"2560\" \/>\n\t<meta property=\"og:image:height\" content=\"1709\" \/>\n\t<meta property=\"og:image:type\" content=\"image\/jpeg\" \/>\n<meta name=\"author\" content=\"Nadine Pinezits\" \/>\n<meta name=\"twitter:card\" content=\"summary_large_image\" \/>\n<meta name=\"twitter:creator\" content=\"@Salzburgerland\" \/>\n<meta name=\"twitter:site\" content=\"@Salzburgerland\" \/>\n<meta name=\"twitter:label1\" content=\"Verfasst von\" \/>\n\t<meta name=\"twitter:data1\" content=\"Nadine Pinezits\" \/>\n\t<meta name=\"twitter:label2\" content=\"Gesch\u00e4tzte Lesezeit\" \/>\n\t<meta name=\"twitter:data2\" content=\"5\u00a0Minuten\" \/>\n<script type=\"application\/ld+json\" class=\"yoast-schema-graph\">{\"@context\":\"https:\\\/\\\/schema.org\",\"@graph\":[{\"@type\":\"Article\",\"@id\":\"https:\\\/\\\/www.salzburgerland.com\\\/de\\\/magazin\\\/die-schoensten-barfusspfade-im-salzburgerland\\\/#article\",\"isPartOf\":{\"@id\":\"https:\\\/\\\/www.salzburgerland.com\\\/de\\\/magazin\\\/die-schoensten-barfusspfade-im-salzburgerland\\\/\"},\"author\":{\"name\":\"Nadine Pinezits\",\"@id\":\"https:\\\/\\\/www.salzburgerland.com\\\/de\\\/magazin\\\/#\\\/schema\\\/person\\\/bafabf5dbf8884faa4405255601a53bf\"},\"headline\":\"Die sch\u00f6nsten Barfu\u00dfpfade im Salzburgerland\",\"datePublished\":\"2025-06-12T05:00:00+00:00\",\"mainEntityOfPage\":{\"@id\":\"https:\\\/\\\/www.salzburgerland.com\\\/de\\\/magazin\\\/die-schoensten-barfusspfade-im-salzburgerland\\\/\"},\"wordCount\":711,\"publisher\":{\"@id\":\"https:\\\/\\\/www.salzburgerland.com\\\/de\\\/magazin\\\/#organization\"},\"image\":{\"@id\":\"https:\\\/\\\/www.salzburgerland.com\\\/de\\\/magazin\\\/die-schoensten-barfusspfade-im-salzburgerland\\\/#primaryimage\"},\"thumbnailUrl\":\"https:\\\/\\\/www.salzburgerland.com\\\/de\\\/magazin\\\/wp-content\\\/uploads\\\/2025\\\/05\\\/Barfusspfade-scaled.jpg\",\"keywords\":[\"Barfu\u00df\",\"Barfu\u00dfpfade\",\"Familienausflug\",\"Natur\",\"sommer\",\"Spazieren\",\"Wandern\"],\"articleSection\":[\"Outdoor &amp; Sport\"],\"inLanguage\":\"de\"},{\"@type\":\"WebPage\",\"@id\":\"https:\\\/\\\/www.salzburgerland.com\\\/de\\\/magazin\\\/die-schoensten-barfusspfade-im-salzburgerland\\\/\",\"url\":\"https:\\\/\\\/www.salzburgerland.com\\\/de\\\/magazin\\\/die-schoensten-barfusspfade-im-salzburgerland\\\/\",\"name\":\"Die sch\u00f6nsten Barfu\u00dfpfade im Salzburgerland - SalzburgerLand Magazin\",\"isPartOf\":{\"@id\":\"https:\\\/\\\/www.salzburgerland.com\\\/de\\\/magazin\\\/#website\"},\"primaryImageOfPage\":{\"@id\":\"https:\\\/\\\/www.salzburgerland.com\\\/de\\\/magazin\\\/die-schoensten-barfusspfade-im-salzburgerland\\\/#primaryimage\"},\"image\":{\"@id\":\"https:\\\/\\\/www.salzburgerland.com\\\/de\\\/magazin\\\/die-schoensten-barfusspfade-im-salzburgerland\\\/#primaryimage\"},\"thumbnailUrl\":\"https:\\\/\\\/www.salzburgerland.com\\\/de\\\/magazin\\\/wp-content\\\/uploads\\\/2025\\\/05\\\/Barfusspfade-scaled.jpg\",\"datePublished\":\"2025-06-12T05:00:00+00:00\",\"description\":\"Barfu\u00dfpfade im Salzburgerland entdecken: Wald, Wiesen und Wasser mit den F\u00fc\u00dfen erleben \u2013 ideal f\u00fcr Naturgenuss und Familienausfl\u00fcge.\",\"breadcrumb\":{\"@id\":\"https:\\\/\\\/www.salzburgerland.com\\\/de\\\/magazin\\\/die-schoensten-barfusspfade-im-salzburgerland\\\/#breadcrumb\"},\"inLanguage\":\"de\",\"potentialAction\":[{\"@type\":\"ReadAction\",\"target\":[\"https:\\\/\\\/www.salzburgerland.com\\\/de\\\/magazin\\\/die-schoensten-barfusspfade-im-salzburgerland\\\/\"]}]},{\"@type\":\"ImageObject\",\"inLanguage\":\"de\",\"@id\":\"https:\\\/\\\/www.salzburgerland.com\\\/de\\\/magazin\\\/die-schoensten-barfusspfade-im-salzburgerland\\\/#primaryimage\",\"url\":\"https:\\\/\\\/www.salzburgerland.com\\\/de\\\/magazin\\\/wp-content\\\/uploads\\\/2025\\\/05\\\/Barfusspfade-scaled.jpg\",\"contentUrl\":\"https:\\\/\\\/www.salzburgerland.com\\\/de\\\/magazin\\\/wp-content\\\/uploads\\\/2025\\\/05\\\/Barfusspfade-scaled.jpg\",\"width\":2560,\"height\":1709,\"caption\":\"\u00a9 Jordan Whitt\"},{\"@type\":\"BreadcrumbList\",\"@id\":\"https:\\\/\\\/www.salzburgerland.com\\\/de\\\/magazin\\\/die-schoensten-barfusspfade-im-salzburgerland\\\/#breadcrumb\",\"itemListElement\":[{\"@type\":\"ListItem\",\"position\":1,\"name\":\"Startseite\",\"item\":\"https:\\\/\\\/www.salzburgerland.com\\\/de\\\/magazin\\\/\"},{\"@type\":\"ListItem\",\"position\":2,\"name\":\"Outdoor &amp; Sport\",\"item\":\"https:\\\/\\\/www.salzburgerland.com\\\/de\\\/magazin\\\/thema\\\/outdoor-sport\\\/\"},{\"@type\":\"ListItem\",\"position\":3,\"name\":\"Die sch\u00f6nsten Barfu\u00dfpfade im Salzburgerland\"}]},{\"@type\":\"WebSite\",\"@id\":\"https:\\\/\\\/www.salzburgerland.com\\\/de\\\/magazin\\\/#website\",\"url\":\"https:\\\/\\\/www.salzburgerland.com\\\/de\\\/magazin\\\/\",\"name\":\"SalzburgerLand Magazin\",\"description\":\"Geschichten und Interessantes aus dem SalzburgerLand\",\"publisher\":{\"@id\":\"https:\\\/\\\/www.salzburgerland.com\\\/de\\\/magazin\\\/#organization\"},\"potentialAction\":[{\"@type\":\"SearchAction\",\"target\":{\"@type\":\"EntryPoint\",\"urlTemplate\":\"https:\\\/\\\/www.salzburgerland.com\\\/de\\\/magazin\\\/?s={search_term_string}\"},\"query-input\":{\"@type\":\"PropertyValueSpecification\",\"valueRequired\":true,\"valueName\":\"search_term_string\"}}],\"inLanguage\":\"de\"},{\"@type\":\"Organization\",\"@id\":\"https:\\\/\\\/www.salzburgerland.com\\\/de\\\/magazin\\\/#organization\",\"name\":\"SalzburgerLand Tourismus\",\"url\":\"https:\\\/\\\/www.salzburgerland.com\\\/de\\\/magazin\\\/\",\"logo\":{\"@type\":\"ImageObject\",\"inLanguage\":\"de\",\"@id\":\"https:\\\/\\\/www.salzburgerland.com\\\/de\\\/magazin\\\/#\\\/schema\\\/logo\\\/image\\\/\",\"url\":\"https:\\\/\\\/www.salzburgerland.com\\\/de\\\/magazin\\\/wp-content\\\/uploads\\\/2019\\\/06\\\/salzburgerland-logo1.jpg\",\"contentUrl\":\"https:\\\/\\\/www.salzburgerland.com\\\/de\\\/magazin\\\/wp-content\\\/uploads\\\/2019\\\/06\\\/salzburgerland-logo1.jpg\",\"width\":2011,\"height\":866,\"caption\":\"SalzburgerLand Tourismus\"},\"image\":{\"@id\":\"https:\\\/\\\/www.salzburgerland.com\\\/de\\\/magazin\\\/#\\\/schema\\\/logo\\\/image\\\/\"},\"sameAs\":[\"https:\\\/\\\/www.facebook.com\\\/salzburgerland\\\/\",\"https:\\\/\\\/x.com\\\/Salzburgerland\",\"https:\\\/\\\/www.instagram.com\\\/salzburgerland\\\/\",\"https:\\\/\\\/at.linkedin.com\\\/company\\\/salzburgerland-tourismus-gmbh\",\"https:\\\/\\\/www.pinterest.at\\\/salzburgerland\\\/\",\"https:\\\/\\\/www.youtube.com\\\/user\\\/salzburgerland\",\"https:\\\/\\\/de.wikipedia.org\\\/wiki\\\/SalzburgerLand_Tourismus_GmbH\"]},{\"@type\":\"Person\",\"@id\":\"https:\\\/\\\/www.salzburgerland.com\\\/de\\\/magazin\\\/#\\\/schema\\\/person\\\/bafabf5dbf8884faa4405255601a53bf\",\"name\":\"Nadine Pinezits\",\"description\":\"Die geb\u00fcrtige Salzburgerin hat es vor vielen Jahren nach Wien zum Studieren verschlagen. Dort ist sie dann irgendwie geblieben, was nicht hei\u00dft, dass nicht ein- bis zweimal im Monat Heimatbesuche auf dem Plan stehen. Das l\u00e4sst sich f\u00fcr die ortsunabh\u00e4ngige, freiberufliche Redakteurin n\u00e4mlich gut machen. Nadine ist studierte Publizistin, gelegentliche Fotografin und vor allem totale Naturliebhaberin. Wenn man sie nicht auf den Bergen im SalzburgerLand findet, dann mit Sicherheit in Portugal beim Surfen \u2013 Abwechslung muss schlie\u00dflich sein. Ihre restliche Zeit verbringt sie beim Geschichten schreiben vor dem Laptop oder mit Notizbuch und Kamera im Gep\u00e4ck irgendwo drau\u00dfen. Bergtour oder Seentour? Zuerst auf den Berg, dann ab an den See. Deal? Deal! Luxushotel oder Almh\u00fctte? Eine Mischung aus beiden \u2013 vielleicht ein gem\u00fctliches Tiny House mit eigener Sauna im Wald oder am See? Man merkt schon, Entscheidungen liegen mir wirklich nicht. Aber: Manchmal sollte man sich auch alle M\u00f6glichkeiten offen lassen. Haubenlokal oder Ab-Hof-Laden? Das ist leicht: ganz klar, Ab-Hof-Laden. Dann noch ein nettes Gespr\u00e4ch mit den Hersteller*innen der guten Produkte f\u00fchren und sich zuhause was Feines daraus kochen. Fr\u00fchling, Sommer, Herbst oder Winter? \u00a0 Sommer, immer. Laue N\u00e4chte, warmer Sommerwind, goldenes Licht, ausgiebige Badetage am See mit anschlie\u00dfender Grillerei im Garten, lustige Abende in Schanig\u00e4rten in der Stadt mit kaltem Aperol und guten Gespr\u00e4chen, Sonnenunterg\u00e4nge am Berg mit selbstgemachter Jausn und samstagmorgens vom Ger\u00e4usch des eines Rasenm\u00e4hers geweckt werden \u2013 da geht mir das Herz auf. Wellness oder Mountainbike? Da ich gar kein Fan vom Radsport bin (f\u00fcr mich ist mein Fahrrad ein reines Mittel zum Zweck und kein Genuss haha), muss ich Wellness sagen. Gerne kombiniert mit einer Yogaeinheit oder ein paar Pilates\u00fcbungen.\",\"url\":\"https:\\\/\\\/www.salzburgerland.com\\\/de\\\/magazin\\\/author\\\/npinezits\\\/\"}]}<\/script>\n<!-- \/ Yoast SEO Premium plugin. -->","yoast_head_json":{"title":"Die sch\u00f6nsten Barfu\u00dfpfade im Salzburgerland - SalzburgerLand Magazin","description":"Barfu\u00dfpfade im Salzburgerland entdecken: Wald, Wiesen und Wasser mit den F\u00fc\u00dfen erleben \u2013 ideal f\u00fcr Naturgenuss und Familienausfl\u00fcge.","robots":{"index":"index","follow":"follow","max-snippet":"max-snippet:-1","max-image-preview":"max-image-preview:large","max-video-preview":"max-video-preview:-1"},"canonical":"https:\/\/www.salzburgerland.com\/de\/magazin\/die-schoensten-barfusspfade-im-salzburgerland\/","og_locale":"de_DE","og_type":"article","og_title":"Die sch\u00f6nsten Barfu\u00dfpfade im Salzburgerland","og_description":"Barfu\u00dfpfade im Salzburgerland entdecken: Wald, Wiesen und Wasser mit den F\u00fc\u00dfen erleben \u2013 ideal f\u00fcr Naturgenuss und Familienausfl\u00fcge.","og_url":"https:\/\/www.salzburgerland.com\/de\/magazin\/die-schoensten-barfusspfade-im-salzburgerland\/","og_site_name":"SalzburgerLand Magazin","article_publisher":"https:\/\/www.facebook.com\/salzburgerland\/","article_published_time":"2025-06-12T05:00:00+00:00","og_image":[{"width":2560,"height":1709,"url":"https:\/\/www.salzburgerland.com\/de\/magazin\/wp-content\/uploads\/2025\/05\/Barfusspfade-scaled.jpg","type":"image\/jpeg"}],"author":"Nadine Pinezits","twitter_card":"summary_large_image","twitter_creator":"@Salzburgerland","twitter_site":"@Salzburgerland","twitter_misc":{"Verfasst von":"Nadine Pinezits","Gesch\u00e4tzte Lesezeit":"5\u00a0Minuten"},"schema":{"@context":"https:\/\/schema.org","@graph":[{"@type":"Article","@id":"https:\/\/www.salzburgerland.com\/de\/magazin\/die-schoensten-barfusspfade-im-salzburgerland\/#article","isPartOf":{"@id":"https:\/\/www.salzburgerland.com\/de\/magazin\/die-schoensten-barfusspfade-im-salzburgerland\/"},"author":{"name":"Nadine Pinezits","@id":"https:\/\/www.salzburgerland.com\/de\/magazin\/#\/schema\/person\/bafabf5dbf8884faa4405255601a53bf"},"headline":"Die sch\u00f6nsten Barfu\u00dfpfade im Salzburgerland","datePublished":"2025-06-12T05:00:00+00:00","mainEntityOfPage":{"@id":"https:\/\/www.salzburgerland.com\/de\/magazin\/die-schoensten-barfusspfade-im-salzburgerland\/"},"wordCount":711,"publisher":{"@id":"https:\/\/www.salzburgerland.com\/de\/magazin\/#organization"},"image":{"@id":"https:\/\/www.salzburgerland.com\/de\/magazin\/die-schoensten-barfusspfade-im-salzburgerland\/#primaryimage"},"thumbnailUrl":"https:\/\/www.salzburgerland.com\/de\/magazin\/wp-content\/uploads\/2025\/05\/Barfusspfade-scaled.jpg","keywords":["Barfu\u00df","Barfu\u00dfpfade","Familienausflug","Natur","sommer","Spazieren","Wandern"],"articleSection":["Outdoor &amp; Sport"],"inLanguage":"de"},{"@type":"WebPage","@id":"https:\/\/www.salzburgerland.com\/de\/magazin\/die-schoensten-barfusspfade-im-salzburgerland\/","url":"https:\/\/www.salzburgerland.com\/de\/magazin\/die-schoensten-barfusspfade-im-salzburgerland\/","name":"Die sch\u00f6nsten Barfu\u00dfpfade im Salzburgerland - SalzburgerLand Magazin","isPartOf":{"@id":"https:\/\/www.salzburgerland.com\/de\/magazin\/#website"},"primaryImageOfPage":{"@id":"https:\/\/www.salzburgerland.com\/de\/magazin\/die-schoensten-barfusspfade-im-salzburgerland\/#primaryimage"},"image":{"@id":"https:\/\/www.salzburgerland.com\/de\/magazin\/die-schoensten-barfusspfade-im-salzburgerland\/#primaryimage"},"thumbnailUrl":"https:\/\/www.salzburgerland.com\/de\/magazin\/wp-content\/uploads\/2025\/05\/Barfusspfade-scaled.jpg","datePublished":"2025-06-12T05:00:00+00:00","description":"Barfu\u00dfpfade im Salzburgerland entdecken: Wald, Wiesen und Wasser mit den F\u00fc\u00dfen erleben \u2013 ideal f\u00fcr Naturgenuss und Familienausfl\u00fcge.","breadcrumb":{"@id":"https:\/\/www.salzburgerland.com\/de\/magazin\/die-schoensten-barfusspfade-im-salzburgerland\/#breadcrumb"},"inLanguage":"de","potentialAction":[{"@type":"ReadAction","target":["https:\/\/www.salzburgerland.com\/de\/magazin\/die-schoensten-barfusspfade-im-salzburgerland\/"]}]},{"@type":"ImageObject","inLanguage":"de","@id":"https:\/\/www.salzburgerland.com\/de\/magazin\/die-schoensten-barfusspfade-im-salzburgerland\/#primaryimage","url":"https:\/\/www.salzburgerland.com\/de\/magazin\/wp-content\/uploads\/2025\/05\/Barfusspfade-scaled.jpg","contentUrl":"https:\/\/www.salzburgerland.com\/de\/magazin\/wp-content\/uploads\/2025\/05\/Barfusspfade-scaled.jpg","width":2560,"height":1709,"caption":"\u00a9 Jordan Whitt"},{"@type":"BreadcrumbList","@id":"https:\/\/www.salzburgerland.com\/de\/magazin\/die-schoensten-barfusspfade-im-salzburgerland\/#breadcrumb","itemListElement":[{"@type":"ListItem","position":1,"name":"Startseite","item":"https:\/\/www.salzburgerland.com\/de\/magazin\/"},{"@type":"ListItem","position":2,"name":"Outdoor &amp; Sport","item":"https:\/\/www.salzburgerland.com\/de\/magazin\/thema\/outdoor-sport\/"},{"@type":"ListItem","position":3,"name":"Die sch\u00f6nsten Barfu\u00dfpfade im Salzburgerland"}]},{"@type":"WebSite","@id":"https:\/\/www.salzburgerland.com\/de\/magazin\/#website","url":"https:\/\/www.salzburgerland.com\/de\/magazin\/","name":"SalzburgerLand Magazin","description":"Geschichten und Interessantes aus dem SalzburgerLand","publisher":{"@id":"https:\/\/www.salzburgerland.com\/de\/magazin\/#organization"},"potentialAction":[{"@type":"SearchAction","target":{"@type":"EntryPoint","urlTemplate":"https:\/\/www.salzburgerland.com\/de\/magazin\/?s={search_term_string}"},"query-input":{"@type":"PropertyValueSpecification","valueRequired":true,"valueName":"search_term_string"}}],"inLanguage":"de"},{"@type":"Organization","@id":"https:\/\/www.salzburgerland.com\/de\/magazin\/#organization","name":"SalzburgerLand Tourismus","url":"https:\/\/www.salzburgerland.com\/de\/magazin\/","logo":{"@type":"ImageObject","inLanguage":"de","@id":"https:\/\/www.salzburgerland.com\/de\/magazin\/#\/schema\/logo\/image\/","url":"https:\/\/www.salzburgerland.com\/de\/magazin\/wp-content\/uploads\/2019\/06\/salzburgerland-logo1.jpg","contentUrl":"https:\/\/www.salzburgerland.com\/de\/magazin\/wp-content\/uploads\/2019\/06\/salzburgerland-logo1.jpg","width":2011,"height":866,"caption":"SalzburgerLand Tourismus"},"image":{"@id":"https:\/\/www.salzburgerland.com\/de\/magazin\/#\/schema\/logo\/image\/"},"sameAs":["https:\/\/www.facebook.com\/salzburgerland\/","https:\/\/x.com\/Salzburgerland","https:\/\/www.instagram.com\/salzburgerland\/","https:\/\/at.linkedin.com\/company\/salzburgerland-tourismus-gmbh","https:\/\/www.pinterest.at\/salzburgerland\/","https:\/\/www.youtube.com\/user\/salzburgerland","https:\/\/de.wikipedia.org\/wiki\/SalzburgerLand_Tourismus_GmbH"]},{"@type":"Person","@id":"https:\/\/www.salzburgerland.com\/de\/magazin\/#\/schema\/person\/bafabf5dbf8884faa4405255601a53bf","name":"Nadine Pinezits","description":"Die geb\u00fcrtige Salzburgerin hat es vor vielen Jahren nach Wien zum Studieren verschlagen. Dort ist sie dann irgendwie geblieben, was nicht hei\u00dft, dass nicht ein- bis zweimal im Monat Heimatbesuche auf dem Plan stehen. Das l\u00e4sst sich f\u00fcr die ortsunabh\u00e4ngige, freiberufliche Redakteurin n\u00e4mlich gut machen. Nadine ist studierte Publizistin, gelegentliche Fotografin und vor allem totale Naturliebhaberin. Wenn man sie nicht auf den Bergen im SalzburgerLand findet, dann mit Sicherheit in Portugal beim Surfen \u2013 Abwechslung muss schlie\u00dflich sein. Ihre restliche Zeit verbringt sie beim Geschichten schreiben vor dem Laptop oder mit Notizbuch und Kamera im Gep\u00e4ck irgendwo drau\u00dfen. Bergtour oder Seentour? Zuerst auf den Berg, dann ab an den See. Deal? Deal! Luxushotel oder Almh\u00fctte? Eine Mischung aus beiden \u2013 vielleicht ein gem\u00fctliches Tiny House mit eigener Sauna im Wald oder am See? Man merkt schon, Entscheidungen liegen mir wirklich nicht. Aber: Manchmal sollte man sich auch alle M\u00f6glichkeiten offen lassen. Haubenlokal oder Ab-Hof-Laden? Das ist leicht: ganz klar, Ab-Hof-Laden. Dann noch ein nettes Gespr\u00e4ch mit den Hersteller*innen der guten Produkte f\u00fchren und sich zuhause was Feines daraus kochen. Fr\u00fchling, Sommer, Herbst oder Winter? \u00a0 Sommer, immer. Laue N\u00e4chte, warmer Sommerwind, goldenes Licht, ausgiebige Badetage am See mit anschlie\u00dfender Grillerei im Garten, lustige Abende in Schanig\u00e4rten in der Stadt mit kaltem Aperol und guten Gespr\u00e4chen, Sonnenunterg\u00e4nge am Berg mit selbstgemachter Jausn und samstagmorgens vom Ger\u00e4usch des eines Rasenm\u00e4hers geweckt werden \u2013 da geht mir das Herz auf. Wellness oder Mountainbike? Da ich gar kein Fan vom Radsport bin (f\u00fcr mich ist mein Fahrrad ein reines Mittel zum Zweck und kein Genuss haha), muss ich Wellness sagen. Gerne kombiniert mit einer Yogaeinheit oder ein paar Pilates\u00fcbungen.","url":"https:\/\/www.salzburgerland.com\/de\/magazin\/author\/npinezits\/"}]}},"_wl_alt_label":[],"wl:entity_url":"http:\/\/open.salzburgerland.com\/magazin\/post\/die-schoensten-barfusspfade-im-salzburgerland-182673","_links":{"self":[{"href":"https:\/\/www.salzburgerland.com\/de\/magazin\/wp-json\/wp\/v2\/posts\/182673","targetHints":{"allow":["GET"]}}],"collection":[{"href":"https:\/\/www.salzburgerland.com\/de\/magazin\/wp-json\/wp\/v2\/posts"}],"about":[{"href":"https:\/\/www.salzburgerland.com\/de\/magazin\/wp-json\/wp\/v2\/types\/post"}],"author":[{"embeddable":true,"href":"https:\/\/www.salzburgerland.com\/de\/magazin\/wp-json\/wp\/v2\/users\/595"}],"replies":[{"embeddable":true,"href":"https:\/\/www.salzburgerland.com\/de\/magazin\/wp-json\/wp\/v2\/comments?post=182673"}],"version-history":[{"count":6,"href":"https:\/\/www.salzburgerland.com\/de\/magazin\/wp-json\/wp\/v2\/posts\/182673\/revisions"}],"predecessor-version":[{"id":182771,"href":"https:\/\/www.salzburgerland.com\/de\/magazin\/wp-json\/wp\/v2\/posts\/182673\/revisions\/182771"}],"wp:featuredmedia":[{"embeddable":true,"href":"https:\/\/www.salzburgerland.com\/de\/magazin\/wp-json\/wp\/v2\/media\/182679"}],"wp:attachment":[{"href":"https:\/\/www.salzburgerland.com\/de\/magazin\/wp-json\/wp\/v2\/media?parent=182673"}],"wp:term":[{"taxonomy":"category","embeddable":true,"href":"https:\/\/www.salzburgerland.com\/de\/magazin\/wp-json\/wp\/v2\/categories?post=182673"},{"taxonomy":"post_tag","embeddable":true,"href":"https:\/\/www.salzburgerland.com\/de\/magazin\/wp-json\/wp\/v2\/tags?post=182673"},{"taxonomy":"wl_entity_type","embeddable":true,"href":"https:\/\/www.salzburgerland.com\/de\/magazin\/wp-json\/wp\/v2\/wl_entity_type?post=182673"},{"taxonomy":"monatsauswahl","embeddable":true,"href":"https:\/\/www.salzburgerland.com\/de\/magazin\/wp-json\/wp\/v2\/monatsauswahl?post=182673"}],"curies":[{"name":"wp","href":"https:\/\/api.w.org\/{rel}","templated":true}]}}