{"id":18177,"date":"2012-06-15T18:49:40","date_gmt":"2012-06-15T16:49:40","guid":{"rendered":"http:\/\/magazin.salzburgerland.com\/?p=18177"},"modified":"2025-03-11T10:24:32","modified_gmt":"2025-03-11T09:24:32","slug":"der-gutmutige-riese","status":"publish","type":"post","link":"https:\/\/www.salzburgerland.com\/de\/magazin\/der-gutmutige-riese\/","title":{"rendered":"Fritz Messner"},"content":{"rendered":"\n<h2 class=\"wp-block-slt-subtitle\">Der gutm\u00fctige Riese<\/h2>\n\n\n\n<p class=\"wp-block-slt-intro\">Wer <a href=\"http:\/\/www.fritzmessner.at\/\" target=\"_blank\" rel=\"noreferrer noopener\">Fritz Messner<\/a> gegen\u00fcber tritt, denkt sofort an die Sagen-Gestalt des Riesen <a href=\"http:\/\/www.lungau.at\/de\/sommer\/brauchtum0\/der-riese-samson.html\" target=\"_blank\" rel=\"noreferrer noopener\">Samson<\/a>, die bei Brauchtums-Festen in der Ferienregion Lungau durch die Orte getragen wird: Mit seinen knapp zwei Metern Gr\u00f6\u00dfe, seinem wei\u00dfen Bart und einer entsprechenden Leibesf\u00fclle fl\u00f6\u00dft Messner seinem Gegen\u00fcber vorerst einmal Respekt ein. Im Gespr\u00e4ch entpuppt sich der S\u00e4nger, Kabarettist und Autor aber als tiefgr\u00fcndiger Gef\u00fchlsmensch, der sich viele Gedanken \u00fcber die Welt im Allgemeinen und den Lungau im Speziellen macht.<\/p>\n\n\n\n<p>Bekannt geworden ist Messner \u00fcber die Grenzen des SalzburgerLandes hinaus mit seiner Musikband <a title=\"Lungauer Querschl\u00e4ger\" href=\"http:\/\/www.querschlaeger.at\/index.php\" target=\"_blank\" rel=\"noopener noreferrer\">\u201cLungauer Querschl\u00e4ger\u201d<\/a>, die Folk-Kl\u00e4nge mit gesellschaftskritischen Texten im Lungauer Dialekt verbinden. Entstanden sind die \u201cQuerschl\u00e4ger\u201d im Jahr 1990 eigentlich durch Zufall: \u201cWir wollten eigentlich nur einmalig bei einem Benefizkonzert auftreten, das ist aber so gut angekommen, dass wir beschlossen haben weiterzumachen.\u201d Wir, das sind neben Fritz Messner und seinem Bruder Matthias die Musiker Reinhard Simb\u00fcrger, Nelli Neulinger, Thomas Binderberger und Franz Tannenberger. Seitdem hat das \u201cEinmal-Projekt\u201d neun CDs und DVDs ver\u00f6ffentlicht und ist durch ganz \u00d6sterreich getourt. Wichtig ist f\u00fcr Messner nicht nur der musikalische Aspekt, sondern auch der Inhalt seiner Lieder: \u201cDie Leute sollten auch die Texte verstehen, um die Inhalte der Querschl\u00e4ger zu erkennen.\u201d Diese Inhalte reichen von der Kritik am Massen-Tourismus, \u00fcber satirische Betrachtungen der Welt bis zu Liebeserkl\u00e4rungen an das SalzburgerLand und den Lungau.<\/p>\n\n\n\n<p>Der im Jahr 1962 geborene Fritz Messner ist 1995 wieder in seine Heimat, den Lungau, zur\u00fcckgekehrt: Nach seiner Matura im Jahr 1982 absolvierte er die Lehrerausbildung f\u00fcr Englisch und Bildnerische Erziehung in Salzburg und war f\u00fcr zehn Jahre als Lehrer in Schwarzach t\u00e4tig. Daheim geht Messner am liebsten Radfahren oder im Wald spazieren. \u201cIch lese viel und schaue vor allem viel Fernsehen\u201d, sagt Messner. Fernsehen vor allem, weil er dort Stoff f\u00fcr seine <a title=\"Kultkabarett\" href=\"http:\/\/www.kultkabarett.at\/index.php\" target=\"_blank\" rel=\"noopener noreferrer\">Kultkabarettgruppe<\/a> findet: Im Jahr 2007 trat er mit seinen Kabarettisten-Kollegen Peter Blaikner und Manfred Baumann erstmals mit dem Programm \u201cBauer sucht Herbst\u201d auf, dessen Titel nicht nur zuf\u00e4lligerweise an den Bauernherbst im SalzburgerLand erinnern soll. \u201cEigentlich war wieder nur ein einmaliger Auftritt geplant, der aber innerhalb von vier Stunden ausverkauft war.\u201d Und auch dieses \u201cEinmal-Projekt\u201d Messners ist ein Erfolg geworden, dem mittlerweile die Programme \u201cWaidmann sucht Heil\u201d und \u201cMeier sucht Verein\u201d gefolgt sind. Und wahrscheinlich wird auch das n\u00e4chste Einmal-Projekt des Lungauer K\u00fcnstlers zu einem Erfolg, wenn er sich an sein Lebensmotto h\u00e4lt: \u201cWenn es drauf ankommt, mache ich was draus!\u201d<\/p>\n\n\n\n<p>Zum Weiterlesen: <a title=\"Fritz Messners &quot;Querschl\u00e4ger&quot;-Kolumne\" href=\"http:\/\/www.salzburg.com\/nachrichten\/kolumne\/querschlaeger\/\" target=\"_blank\" rel=\"noopener noreferrer\">Fritz Messners &#8222;Querschl\u00e4ger&#8220;-Kolumne<\/a><\/p>\n\n\n<div class=\"mag-gallery\"><div class=\"row\"><div class=\"col-6 col-sm-4\"><figure><a class=\"thumb-container\" href=\"https:\/\/www.salzburgerland.com\/de\/magazin\/wp-content\/uploads\/2012\/05\/Fritz_PhilStangl_09-1cl-1280x1024.jpg\">\t<picture><source media=\"(min-width: 576px)\" srcset=\"\"><\/source><source media=\"(min-width: 0)\" srcset=\"https:\/\/www.salzburgerland.com\/de\/magazin\/wp-content\/uploads\/2012\/05\/Fritz_PhilStangl_09-1cl.jpg 963w, https:\/\/www.salzburgerland.com\/de\/magazin\/wp-content\/uploads\/2012\/05\/Fritz_PhilStangl_09-1cl-241x300.jpg 241w, https:\/\/www.salzburgerland.com\/de\/magazin\/wp-content\/uploads\/2012\/05\/Fritz_PhilStangl_09-1cl-441x550.jpg 441w, https:\/\/www.salzburgerland.com\/de\/magazin\/wp-content\/uploads\/2012\/05\/Fritz_PhilStangl_09-1cl-321x400.jpg 321w\"><\/source><img decoding=\"async\" alt=\"Fritz Messner (Foto:Phil Stangl)\" src=\"https:\/\/www.salzburgerland.com\/de\/magazin\/wp-content\/uploads\/2012\/05\/Fritz_PhilStangl_09-1cl.jpg\">\t<\/picture><\/a><\/figure><\/div><div class=\"col-6 col-sm-4\"><figure><a class=\"thumb-container\" href=\"https:\/\/www.salzburgerland.com\/de\/magazin\/wp-content\/uploads\/2012\/05\/Fritz_CStreili_6819-1280x1024.jpg\">\t<picture><source media=\"(min-width: 576px)\" srcset=\"\"><\/source><source media=\"(min-width: 0)\" srcset=\"https:\/\/www.salzburgerland.com\/de\/magazin\/wp-content\/uploads\/2012\/05\/Fritz_CStreili_6819.jpg 533w, https:\/\/www.salzburgerland.com\/de\/magazin\/wp-content\/uploads\/2012\/05\/Fritz_CStreili_6819-200x300.jpg 200w, https:\/\/www.salzburgerland.com\/de\/magazin\/wp-content\/uploads\/2012\/05\/Fritz_CStreili_6819-366x550.jpg 366w, https:\/\/www.salzburgerland.com\/de\/magazin\/wp-content\/uploads\/2012\/05\/Fritz_CStreili_6819-267x400.jpg 267w\"><\/source><img decoding=\"async\" alt=\"Fritz Messner (Foto:Christian Streili)\" src=\"https:\/\/www.salzburgerland.com\/de\/magazin\/wp-content\/uploads\/2012\/05\/Fritz_CStreili_6819.jpg\">\t<\/picture><\/a><\/figure><\/div><div class=\"col-6 col-sm-4\"><figure><a class=\"thumb-container\" href=\"https:\/\/www.salzburgerland.com\/de\/magazin\/wp-content\/uploads\/2012\/05\/Fritz_CStreili_5725-1280x1024.jpg\">\t<picture><source media=\"(min-width: 576px)\" srcset=\"\"><\/source><source media=\"(min-width: 0)\" srcset=\"https:\/\/www.salzburgerland.com\/de\/magazin\/wp-content\/uploads\/2012\/05\/Fritz_CStreili_5725.jpg 268w, https:\/\/www.salzburgerland.com\/de\/magazin\/wp-content\/uploads\/2012\/05\/Fritz_CStreili_5725-201x300.jpg 201w\"><\/source><img decoding=\"async\" alt=\"Fritz Messner (Foto:Christian Streili)\" src=\"https:\/\/www.salzburgerland.com\/de\/magazin\/wp-content\/uploads\/2012\/05\/Fritz_CStreili_5725.jpg\">\t<\/picture><\/a><\/figure><\/div><\/div><figcaption><\/figcaption><\/div>\n","protected":false},"excerpt":{"rendered":"<p>Bekannt geworden ist Messner \u00fcber die Grenzen des SalzburgerLandes hinaus mit seiner Musikband \u201cLungauer Querschl\u00e4ger\u201d, die Folk-Kl\u00e4nge mit gesellschaftskritischen Texten im Lungauer Dialekt verbinden. Entstanden sind die \u201cQuerschl\u00e4ger\u201d im Jahr 1990 eigentlich durch Zufall: \u201cWir wollten eigentlich nur einmalig bei einem Benefizkonzert auftreten, das ist aber so gut angekommen, dass wir beschlossen haben weiterzumachen.\u201d Wir, [&hellip;]<\/p>\n","protected":false},"author":6,"featured_media":18209,"comment_status":"open","ping_status":"open","sticky":false,"template":"","format":"standard","meta":{"_acf_changed":false,"wl_entities_gutenberg":"","_wl_entity_redirect_enabled":"","footnotes":""},"categories":[6],"tags":[],"wl_entity_type":[306],"monatsauswahl":[82,83,84,85,86,87,88,89,90,91,92,93],"class_list":["post-18177","post","type-post","status-publish","format-standard","has-post-thumbnail","hentry","category-kunst-kultur","wl_entity_type-article","monatsauswahl-monat_1","monatsauswahl-monat_2","monatsauswahl-monat_3","monatsauswahl-monat_4","monatsauswahl-monat_5","monatsauswahl-monat_6","monatsauswahl-monat_7","monatsauswahl-monat_8","monatsauswahl-monat_9","monatsauswahl-monat_10","monatsauswahl-monat_11","monatsauswahl-monat_12"],"acf":[],"yoast_head":"<!-- This site is optimized with the Yoast SEO Premium plugin v27.4 (Yoast SEO v27.4) - https:\/\/yoast.com\/product\/yoast-seo-premium-wordpress\/ -->\n<title>Fritz Messner - SalzburgerLand Magazin<\/title>\n<meta name=\"description\" content=\"Wer Fritz Messner gegen\u00fcber tritt, denkt sofort an die Sagen-Gestalt des Riesen Samson, die bei Brauchtums-Festen in der Ferienregion Lungau durch die Orte getragen wird: Mit seinen knapp zwei Metern Gr\u00f6\u00dfe, seinem wei\u00dfen Bart und einer entsprechenden Leibesf\u00fclle fl\u00f6\u00dft Messner seinem Gegen\u00fcber vorerst einmal Respekt ein. Im Gespr\u00e4ch entpuppt sich der S\u00e4nger, Kabarettist und Autor aber als tiefgr\u00fcndiger Gef\u00fchlsmensch, der sich viele Gedanken \u00fcber die Welt im Allgemeinen und den Lungau im Speziellen macht.\" \/>\n<meta name=\"robots\" content=\"index, follow, max-snippet:-1, max-image-preview:large, max-video-preview:-1\" \/>\n<link rel=\"canonical\" href=\"https:\/\/www.salzburgerland.com\/de\/magazin\/der-gutmutige-riese\/\" \/>\n<meta property=\"og:locale\" content=\"de_DE\" \/>\n<meta property=\"og:type\" content=\"article\" \/>\n<meta property=\"og:title\" content=\"Fritz Messner\" \/>\n<meta property=\"og:description\" content=\"Bekannt geworden ist Messner \u00fcber die Grenzen des SalzburgerLandes hinaus mit seiner Musikband \u201cLungauer Querschl\u00e4ger\u201d, die Folk-Kl\u00e4nge mit gesellschaftskritischen Texten im Lungauer Dialekt verbinden. Entstanden sind die \u201cQuerschl\u00e4ger\u201d im Jahr 1990 eigentlich durch Zufall: \u201cWir wollten eigentlich nur einmalig bei einem Benefizkonzert auftreten, das ist aber so gut angekommen, dass wir beschlossen haben weiterzumachen.\u201d Wir, [&hellip;]\" \/>\n<meta property=\"og:url\" content=\"https:\/\/www.salzburgerland.com\/de\/magazin\/der-gutmutige-riese\/\" \/>\n<meta property=\"og:site_name\" content=\"SalzburgerLand Magazin\" \/>\n<meta property=\"article:publisher\" content=\"https:\/\/www.facebook.com\/salzburgerland\/\" \/>\n<meta property=\"article:published_time\" content=\"2012-06-15T16:49:40+00:00\" \/>\n<meta property=\"article:modified_time\" content=\"2025-03-11T09:24:32+00:00\" \/>\n<meta property=\"og:image\" content=\"https:\/\/www.salzburgerland.com\/de\/magazin\/wp-content\/uploads\/2012\/05\/Fritz_AHauch_7050.jpg\" \/>\n\t<meta property=\"og:image:width\" content=\"2126\" \/>\n\t<meta property=\"og:image:height\" content=\"1466\" \/>\n\t<meta property=\"og:image:type\" content=\"image\/jpeg\" \/>\n<meta name=\"author\" content=\"Markus Rosskopf\" \/>\n<meta name=\"twitter:card\" content=\"summary_large_image\" \/>\n<meta name=\"twitter:creator\" content=\"@Salzburgerland\" \/>\n<meta name=\"twitter:site\" content=\"@Salzburgerland\" \/>\n<meta name=\"twitter:label1\" content=\"Verfasst von\" \/>\n\t<meta name=\"twitter:data1\" content=\"Markus Rosskopf\" \/>\n\t<meta name=\"twitter:label2\" content=\"Gesch\u00e4tzte Lesezeit\" \/>\n\t<meta name=\"twitter:data2\" content=\"4\u00a0Minuten\" \/>\n<script type=\"application\/ld+json\" class=\"yoast-schema-graph\">{\"@context\":\"https:\\\/\\\/schema.org\",\"@graph\":[{\"@type\":\"Article\",\"@id\":\"https:\\\/\\\/www.salzburgerland.com\\\/de\\\/magazin\\\/der-gutmutige-riese\\\/#article\",\"isPartOf\":{\"@id\":\"https:\\\/\\\/www.salzburgerland.com\\\/de\\\/magazin\\\/der-gutmutige-riese\\\/\"},\"author\":{\"name\":\"Markus Rosskopf\",\"@id\":\"https:\\\/\\\/www.salzburgerland.com\\\/de\\\/magazin\\\/#\\\/schema\\\/person\\\/68811dfaf59b211cf55c1710edc6fa9e\"},\"headline\":\"Fritz Messner\",\"datePublished\":\"2012-06-15T16:49:40+00:00\",\"dateModified\":\"2025-03-11T09:24:32+00:00\",\"mainEntityOfPage\":{\"@id\":\"https:\\\/\\\/www.salzburgerland.com\\\/de\\\/magazin\\\/der-gutmutige-riese\\\/\"},\"wordCount\":424,\"commentCount\":0,\"publisher\":{\"@id\":\"https:\\\/\\\/www.salzburgerland.com\\\/de\\\/magazin\\\/#organization\"},\"image\":{\"@id\":\"https:\\\/\\\/www.salzburgerland.com\\\/de\\\/magazin\\\/der-gutmutige-riese\\\/#primaryimage\"},\"thumbnailUrl\":\"https:\\\/\\\/www.salzburgerland.com\\\/de\\\/magazin\\\/wp-content\\\/uploads\\\/2012\\\/05\\\/Fritz_AHauch_7050.jpg\",\"articleSection\":[\"Kunst &amp; Kultur\"],\"inLanguage\":\"de\",\"potentialAction\":[{\"@type\":\"CommentAction\",\"name\":\"Comment\",\"target\":[\"https:\\\/\\\/www.salzburgerland.com\\\/de\\\/magazin\\\/der-gutmutige-riese\\\/#respond\"]}]},{\"@type\":\"WebPage\",\"@id\":\"https:\\\/\\\/www.salzburgerland.com\\\/de\\\/magazin\\\/der-gutmutige-riese\\\/\",\"url\":\"https:\\\/\\\/www.salzburgerland.com\\\/de\\\/magazin\\\/der-gutmutige-riese\\\/\",\"name\":\"Fritz Messner - SalzburgerLand Magazin\",\"isPartOf\":{\"@id\":\"https:\\\/\\\/www.salzburgerland.com\\\/de\\\/magazin\\\/#website\"},\"primaryImageOfPage\":{\"@id\":\"https:\\\/\\\/www.salzburgerland.com\\\/de\\\/magazin\\\/der-gutmutige-riese\\\/#primaryimage\"},\"image\":{\"@id\":\"https:\\\/\\\/www.salzburgerland.com\\\/de\\\/magazin\\\/der-gutmutige-riese\\\/#primaryimage\"},\"thumbnailUrl\":\"https:\\\/\\\/www.salzburgerland.com\\\/de\\\/magazin\\\/wp-content\\\/uploads\\\/2012\\\/05\\\/Fritz_AHauch_7050.jpg\",\"datePublished\":\"2012-06-15T16:49:40+00:00\",\"dateModified\":\"2025-03-11T09:24:32+00:00\",\"breadcrumb\":{\"@id\":\"https:\\\/\\\/www.salzburgerland.com\\\/de\\\/magazin\\\/der-gutmutige-riese\\\/#breadcrumb\"},\"inLanguage\":\"de\",\"potentialAction\":[{\"@type\":\"ReadAction\",\"target\":[\"https:\\\/\\\/www.salzburgerland.com\\\/de\\\/magazin\\\/der-gutmutige-riese\\\/\"]}]},{\"@type\":\"ImageObject\",\"inLanguage\":\"de\",\"@id\":\"https:\\\/\\\/www.salzburgerland.com\\\/de\\\/magazin\\\/der-gutmutige-riese\\\/#primaryimage\",\"url\":\"https:\\\/\\\/www.salzburgerland.com\\\/de\\\/magazin\\\/wp-content\\\/uploads\\\/2012\\\/05\\\/Fritz_AHauch_7050.jpg\",\"contentUrl\":\"https:\\\/\\\/www.salzburgerland.com\\\/de\\\/magazin\\\/wp-content\\\/uploads\\\/2012\\\/05\\\/Fritz_AHauch_7050.jpg\",\"width\":2126,\"height\":1466,\"caption\":\"Fritz Messner (Foto: Andreas Hauch)\"},{\"@type\":\"BreadcrumbList\",\"@id\":\"https:\\\/\\\/www.salzburgerland.com\\\/de\\\/magazin\\\/der-gutmutige-riese\\\/#breadcrumb\",\"itemListElement\":[{\"@type\":\"ListItem\",\"position\":1,\"name\":\"Startseite\",\"item\":\"https:\\\/\\\/www.salzburgerland.com\\\/de\\\/magazin\\\/\"},{\"@type\":\"ListItem\",\"position\":2,\"name\":\"Kunst &amp; Kultur\",\"item\":\"https:\\\/\\\/www.salzburgerland.com\\\/de\\\/magazin\\\/thema\\\/kunst-kultur\\\/\"},{\"@type\":\"ListItem\",\"position\":3,\"name\":\"Fritz Messner\"}]},{\"@type\":\"WebSite\",\"@id\":\"https:\\\/\\\/www.salzburgerland.com\\\/de\\\/magazin\\\/#website\",\"url\":\"https:\\\/\\\/www.salzburgerland.com\\\/de\\\/magazin\\\/\",\"name\":\"SalzburgerLand Magazin\",\"description\":\"Geschichten und Interessantes aus dem SalzburgerLand\",\"publisher\":{\"@id\":\"https:\\\/\\\/www.salzburgerland.com\\\/de\\\/magazin\\\/#organization\"},\"potentialAction\":[{\"@type\":\"SearchAction\",\"target\":{\"@type\":\"EntryPoint\",\"urlTemplate\":\"https:\\\/\\\/www.salzburgerland.com\\\/de\\\/magazin\\\/?s={search_term_string}\"},\"query-input\":{\"@type\":\"PropertyValueSpecification\",\"valueRequired\":true,\"valueName\":\"search_term_string\"}}],\"inLanguage\":\"de\"},{\"@type\":\"Organization\",\"@id\":\"https:\\\/\\\/www.salzburgerland.com\\\/de\\\/magazin\\\/#organization\",\"name\":\"SalzburgerLand Tourismus\",\"url\":\"https:\\\/\\\/www.salzburgerland.com\\\/de\\\/magazin\\\/\",\"logo\":{\"@type\":\"ImageObject\",\"inLanguage\":\"de\",\"@id\":\"https:\\\/\\\/www.salzburgerland.com\\\/de\\\/magazin\\\/#\\\/schema\\\/logo\\\/image\\\/\",\"url\":\"https:\\\/\\\/www.salzburgerland.com\\\/de\\\/magazin\\\/wp-content\\\/uploads\\\/2019\\\/06\\\/salzburgerland-logo1.jpg\",\"contentUrl\":\"https:\\\/\\\/www.salzburgerland.com\\\/de\\\/magazin\\\/wp-content\\\/uploads\\\/2019\\\/06\\\/salzburgerland-logo1.jpg\",\"width\":2011,\"height\":866,\"caption\":\"SalzburgerLand Tourismus\"},\"image\":{\"@id\":\"https:\\\/\\\/www.salzburgerland.com\\\/de\\\/magazin\\\/#\\\/schema\\\/logo\\\/image\\\/\"},\"sameAs\":[\"https:\\\/\\\/www.facebook.com\\\/salzburgerland\\\/\",\"https:\\\/\\\/x.com\\\/Salzburgerland\",\"https:\\\/\\\/www.instagram.com\\\/salzburgerland\\\/\",\"https:\\\/\\\/at.linkedin.com\\\/company\\\/salzburgerland-tourismus-gmbh\",\"https:\\\/\\\/www.pinterest.at\\\/salzburgerland\\\/\",\"https:\\\/\\\/www.youtube.com\\\/user\\\/salzburgerland\",\"https:\\\/\\\/de.wikipedia.org\\\/wiki\\\/SalzburgerLand_Tourismus_GmbH\"]},{\"@type\":\"Person\",\"@id\":\"https:\\\/\\\/www.salzburgerland.com\\\/de\\\/magazin\\\/#\\\/schema\\\/person\\\/68811dfaf59b211cf55c1710edc6fa9e\",\"name\":\"Markus Rosskopf\",\"description\":\"\u2026ist im h\u00f6chsten Ort des SalzburgerLandes, in Obertauern, aufgewachsen und seine gro\u00dfe Liebe geh\u00f6rt seiner Heimat. Im Winter ist er meist auf Skiern anzutreffen und im Sommer verlegt er seinen Wohnsitz gerne ins Auto, um mit seiner H\u00fcndin die sch\u00f6nsten Logenpl\u00e4tze im SalzburgerLand zu erkunden. Seine Interessen sind so vielf\u00e4ltig wie das touristische Angebot des SalzburgerLandes: Ob beim (Berg-)Sport, im Brauchtum oder beim Genie\u00dfen \u2013 er f\u00fchlt sich \u00fcberall zu Hause! Fragen mit Antworten von Markus Rosskopf Dein pers\u00f6nlicher Logenplatz im SalzburgerLand? Da will ich mich gar nicht festlegen. Das SalzburgerLand hat f\u00fcr jeden Geschmack und jede Stimmung den passenden Logenplatz zu bieten. Lederhose oder Smoking? Nat\u00fcrlich die Lederhose \u2013 mit unserer Tracht sind wir immer und \u00fcberall modisch und zeitlos angezogen! Bergsee oder Kr\u00e4utergarten? Wer am Bergsee sitzt, ist gleichzeitig im Kr\u00e4utergarten. Auf den Alm-Wiesen und Feldern des SalzburgerLandes wachsen die ges\u00fcndesten Pflanzen der Welt \u2013 und das zum Gro\u00dfteil biologisch. Kr\u00e4utertee oder Zirbenschnaps? Meistens ist mir nat\u00fcrlich der Schnaps lieber\u2026 Ausstellung oder Bergpanorama? Bei sch\u00f6nem Wetter bietet unsere Natur die sch\u00f6nsten Bilder \u2013 bei Schlechtwetter bieten unsere Sehensw\u00fcrdigkeiten das passende Alternativ-Programm.\",\"url\":\"https:\\\/\\\/www.salzburgerland.com\\\/de\\\/magazin\\\/author\\\/mrosskopf\\\/\"}]}<\/script>\n<!-- \/ Yoast SEO Premium plugin. -->","yoast_head_json":{"title":"Fritz Messner - SalzburgerLand Magazin","description":"Wer Fritz Messner gegen\u00fcber tritt, denkt sofort an die Sagen-Gestalt des Riesen Samson, die bei Brauchtums-Festen in der Ferienregion Lungau durch die Orte getragen wird: Mit seinen knapp zwei Metern Gr\u00f6\u00dfe, seinem wei\u00dfen Bart und einer entsprechenden Leibesf\u00fclle fl\u00f6\u00dft Messner seinem Gegen\u00fcber vorerst einmal Respekt ein. Im Gespr\u00e4ch entpuppt sich der S\u00e4nger, Kabarettist und Autor aber als tiefgr\u00fcndiger Gef\u00fchlsmensch, der sich viele Gedanken \u00fcber die Welt im Allgemeinen und den Lungau im Speziellen macht.","robots":{"index":"index","follow":"follow","max-snippet":"max-snippet:-1","max-image-preview":"max-image-preview:large","max-video-preview":"max-video-preview:-1"},"canonical":"https:\/\/www.salzburgerland.com\/de\/magazin\/der-gutmutige-riese\/","og_locale":"de_DE","og_type":"article","og_title":"Fritz Messner","og_description":"Bekannt geworden ist Messner \u00fcber die Grenzen des SalzburgerLandes hinaus mit seiner Musikband \u201cLungauer Querschl\u00e4ger\u201d, die Folk-Kl\u00e4nge mit gesellschaftskritischen Texten im Lungauer Dialekt verbinden. Entstanden sind die \u201cQuerschl\u00e4ger\u201d im Jahr 1990 eigentlich durch Zufall: \u201cWir wollten eigentlich nur einmalig bei einem Benefizkonzert auftreten, das ist aber so gut angekommen, dass wir beschlossen haben weiterzumachen.\u201d Wir, [&hellip;]","og_url":"https:\/\/www.salzburgerland.com\/de\/magazin\/der-gutmutige-riese\/","og_site_name":"SalzburgerLand Magazin","article_publisher":"https:\/\/www.facebook.com\/salzburgerland\/","article_published_time":"2012-06-15T16:49:40+00:00","article_modified_time":"2025-03-11T09:24:32+00:00","og_image":[{"width":2126,"height":1466,"url":"https:\/\/www.salzburgerland.com\/de\/magazin\/wp-content\/uploads\/2012\/05\/Fritz_AHauch_7050.jpg","type":"image\/jpeg"}],"author":"Markus Rosskopf","twitter_card":"summary_large_image","twitter_creator":"@Salzburgerland","twitter_site":"@Salzburgerland","twitter_misc":{"Verfasst von":"Markus Rosskopf","Gesch\u00e4tzte Lesezeit":"4\u00a0Minuten"},"schema":{"@context":"https:\/\/schema.org","@graph":[{"@type":"Article","@id":"https:\/\/www.salzburgerland.com\/de\/magazin\/der-gutmutige-riese\/#article","isPartOf":{"@id":"https:\/\/www.salzburgerland.com\/de\/magazin\/der-gutmutige-riese\/"},"author":{"name":"Markus Rosskopf","@id":"https:\/\/www.salzburgerland.com\/de\/magazin\/#\/schema\/person\/68811dfaf59b211cf55c1710edc6fa9e"},"headline":"Fritz Messner","datePublished":"2012-06-15T16:49:40+00:00","dateModified":"2025-03-11T09:24:32+00:00","mainEntityOfPage":{"@id":"https:\/\/www.salzburgerland.com\/de\/magazin\/der-gutmutige-riese\/"},"wordCount":424,"commentCount":0,"publisher":{"@id":"https:\/\/www.salzburgerland.com\/de\/magazin\/#organization"},"image":{"@id":"https:\/\/www.salzburgerland.com\/de\/magazin\/der-gutmutige-riese\/#primaryimage"},"thumbnailUrl":"https:\/\/www.salzburgerland.com\/de\/magazin\/wp-content\/uploads\/2012\/05\/Fritz_AHauch_7050.jpg","articleSection":["Kunst &amp; Kultur"],"inLanguage":"de","potentialAction":[{"@type":"CommentAction","name":"Comment","target":["https:\/\/www.salzburgerland.com\/de\/magazin\/der-gutmutige-riese\/#respond"]}]},{"@type":"WebPage","@id":"https:\/\/www.salzburgerland.com\/de\/magazin\/der-gutmutige-riese\/","url":"https:\/\/www.salzburgerland.com\/de\/magazin\/der-gutmutige-riese\/","name":"Fritz Messner - SalzburgerLand Magazin","isPartOf":{"@id":"https:\/\/www.salzburgerland.com\/de\/magazin\/#website"},"primaryImageOfPage":{"@id":"https:\/\/www.salzburgerland.com\/de\/magazin\/der-gutmutige-riese\/#primaryimage"},"image":{"@id":"https:\/\/www.salzburgerland.com\/de\/magazin\/der-gutmutige-riese\/#primaryimage"},"thumbnailUrl":"https:\/\/www.salzburgerland.com\/de\/magazin\/wp-content\/uploads\/2012\/05\/Fritz_AHauch_7050.jpg","datePublished":"2012-06-15T16:49:40+00:00","dateModified":"2025-03-11T09:24:32+00:00","breadcrumb":{"@id":"https:\/\/www.salzburgerland.com\/de\/magazin\/der-gutmutige-riese\/#breadcrumb"},"inLanguage":"de","potentialAction":[{"@type":"ReadAction","target":["https:\/\/www.salzburgerland.com\/de\/magazin\/der-gutmutige-riese\/"]}]},{"@type":"ImageObject","inLanguage":"de","@id":"https:\/\/www.salzburgerland.com\/de\/magazin\/der-gutmutige-riese\/#primaryimage","url":"https:\/\/www.salzburgerland.com\/de\/magazin\/wp-content\/uploads\/2012\/05\/Fritz_AHauch_7050.jpg","contentUrl":"https:\/\/www.salzburgerland.com\/de\/magazin\/wp-content\/uploads\/2012\/05\/Fritz_AHauch_7050.jpg","width":2126,"height":1466,"caption":"Fritz Messner (Foto: Andreas Hauch)"},{"@type":"BreadcrumbList","@id":"https:\/\/www.salzburgerland.com\/de\/magazin\/der-gutmutige-riese\/#breadcrumb","itemListElement":[{"@type":"ListItem","position":1,"name":"Startseite","item":"https:\/\/www.salzburgerland.com\/de\/magazin\/"},{"@type":"ListItem","position":2,"name":"Kunst &amp; Kultur","item":"https:\/\/www.salzburgerland.com\/de\/magazin\/thema\/kunst-kultur\/"},{"@type":"ListItem","position":3,"name":"Fritz Messner"}]},{"@type":"WebSite","@id":"https:\/\/www.salzburgerland.com\/de\/magazin\/#website","url":"https:\/\/www.salzburgerland.com\/de\/magazin\/","name":"SalzburgerLand Magazin","description":"Geschichten und Interessantes aus dem SalzburgerLand","publisher":{"@id":"https:\/\/www.salzburgerland.com\/de\/magazin\/#organization"},"potentialAction":[{"@type":"SearchAction","target":{"@type":"EntryPoint","urlTemplate":"https:\/\/www.salzburgerland.com\/de\/magazin\/?s={search_term_string}"},"query-input":{"@type":"PropertyValueSpecification","valueRequired":true,"valueName":"search_term_string"}}],"inLanguage":"de"},{"@type":"Organization","@id":"https:\/\/www.salzburgerland.com\/de\/magazin\/#organization","name":"SalzburgerLand Tourismus","url":"https:\/\/www.salzburgerland.com\/de\/magazin\/","logo":{"@type":"ImageObject","inLanguage":"de","@id":"https:\/\/www.salzburgerland.com\/de\/magazin\/#\/schema\/logo\/image\/","url":"https:\/\/www.salzburgerland.com\/de\/magazin\/wp-content\/uploads\/2019\/06\/salzburgerland-logo1.jpg","contentUrl":"https:\/\/www.salzburgerland.com\/de\/magazin\/wp-content\/uploads\/2019\/06\/salzburgerland-logo1.jpg","width":2011,"height":866,"caption":"SalzburgerLand Tourismus"},"image":{"@id":"https:\/\/www.salzburgerland.com\/de\/magazin\/#\/schema\/logo\/image\/"},"sameAs":["https:\/\/www.facebook.com\/salzburgerland\/","https:\/\/x.com\/Salzburgerland","https:\/\/www.instagram.com\/salzburgerland\/","https:\/\/at.linkedin.com\/company\/salzburgerland-tourismus-gmbh","https:\/\/www.pinterest.at\/salzburgerland\/","https:\/\/www.youtube.com\/user\/salzburgerland","https:\/\/de.wikipedia.org\/wiki\/SalzburgerLand_Tourismus_GmbH"]},{"@type":"Person","@id":"https:\/\/www.salzburgerland.com\/de\/magazin\/#\/schema\/person\/68811dfaf59b211cf55c1710edc6fa9e","name":"Markus Rosskopf","description":"\u2026ist im h\u00f6chsten Ort des SalzburgerLandes, in Obertauern, aufgewachsen und seine gro\u00dfe Liebe geh\u00f6rt seiner Heimat. Im Winter ist er meist auf Skiern anzutreffen und im Sommer verlegt er seinen Wohnsitz gerne ins Auto, um mit seiner H\u00fcndin die sch\u00f6nsten Logenpl\u00e4tze im SalzburgerLand zu erkunden. Seine Interessen sind so vielf\u00e4ltig wie das touristische Angebot des SalzburgerLandes: Ob beim (Berg-)Sport, im Brauchtum oder beim Genie\u00dfen \u2013 er f\u00fchlt sich \u00fcberall zu Hause! Fragen mit Antworten von Markus Rosskopf Dein pers\u00f6nlicher Logenplatz im SalzburgerLand? Da will ich mich gar nicht festlegen. Das SalzburgerLand hat f\u00fcr jeden Geschmack und jede Stimmung den passenden Logenplatz zu bieten. Lederhose oder Smoking? Nat\u00fcrlich die Lederhose \u2013 mit unserer Tracht sind wir immer und \u00fcberall modisch und zeitlos angezogen! Bergsee oder Kr\u00e4utergarten? Wer am Bergsee sitzt, ist gleichzeitig im Kr\u00e4utergarten. Auf den Alm-Wiesen und Feldern des SalzburgerLandes wachsen die ges\u00fcndesten Pflanzen der Welt \u2013 und das zum Gro\u00dfteil biologisch. Kr\u00e4utertee oder Zirbenschnaps? Meistens ist mir nat\u00fcrlich der Schnaps lieber\u2026 Ausstellung oder Bergpanorama? Bei sch\u00f6nem Wetter bietet unsere Natur die sch\u00f6nsten Bilder \u2013 bei Schlechtwetter bieten unsere Sehensw\u00fcrdigkeiten das passende Alternativ-Programm.","url":"https:\/\/www.salzburgerland.com\/de\/magazin\/author\/mrosskopf\/"}]}},"_wl_alt_label":[],"wl:entity_url":"http:\/\/open.salzburgerland.com\/magazin\/post\/der_gutmuetige_riese","_links":{"self":[{"href":"https:\/\/www.salzburgerland.com\/de\/magazin\/wp-json\/wp\/v2\/posts\/18177","targetHints":{"allow":["GET"]}}],"collection":[{"href":"https:\/\/www.salzburgerland.com\/de\/magazin\/wp-json\/wp\/v2\/posts"}],"about":[{"href":"https:\/\/www.salzburgerland.com\/de\/magazin\/wp-json\/wp\/v2\/types\/post"}],"author":[{"embeddable":true,"href":"https:\/\/www.salzburgerland.com\/de\/magazin\/wp-json\/wp\/v2\/users\/6"}],"replies":[{"embeddable":true,"href":"https:\/\/www.salzburgerland.com\/de\/magazin\/wp-json\/wp\/v2\/comments?post=18177"}],"version-history":[{"count":3,"href":"https:\/\/www.salzburgerland.com\/de\/magazin\/wp-json\/wp\/v2\/posts\/18177\/revisions"}],"predecessor-version":[{"id":181527,"href":"https:\/\/www.salzburgerland.com\/de\/magazin\/wp-json\/wp\/v2\/posts\/18177\/revisions\/181527"}],"wp:featuredmedia":[{"embeddable":true,"href":"https:\/\/www.salzburgerland.com\/de\/magazin\/wp-json\/wp\/v2\/media\/18209"}],"wp:attachment":[{"href":"https:\/\/www.salzburgerland.com\/de\/magazin\/wp-json\/wp\/v2\/media?parent=18177"}],"wp:term":[{"taxonomy":"category","embeddable":true,"href":"https:\/\/www.salzburgerland.com\/de\/magazin\/wp-json\/wp\/v2\/categories?post=18177"},{"taxonomy":"post_tag","embeddable":true,"href":"https:\/\/www.salzburgerland.com\/de\/magazin\/wp-json\/wp\/v2\/tags?post=18177"},{"taxonomy":"wl_entity_type","embeddable":true,"href":"https:\/\/www.salzburgerland.com\/de\/magazin\/wp-json\/wp\/v2\/wl_entity_type?post=18177"},{"taxonomy":"monatsauswahl","embeddable":true,"href":"https:\/\/www.salzburgerland.com\/de\/magazin\/wp-json\/wp\/v2\/monatsauswahl?post=18177"}],"curies":[{"name":"wp","href":"https:\/\/api.w.org\/{rel}","templated":true}]}}