{"id":181553,"date":"2025-04-17T07:00:00","date_gmt":"2025-04-17T05:00:00","guid":{"rendered":"https:\/\/www.salzburgerland.com\/de\/magazin\/?p=181553"},"modified":"2025-03-27T08:57:53","modified_gmt":"2025-03-27T07:57:53","slug":"bioart-campus-seeham","status":"publish","type":"post","link":"https:\/\/www.salzburgerland.com\/de\/magazin\/bioart-campus-seeham\/","title":{"rendered":"BioArt Campus Seeham"},"content":{"rendered":"\n<div class=\"wp-block-slt-top topBlocks\">\n<h2 class=\"wp-block-slt-subtitle\">Bio &amp; Innovation<\/h2>\n\n\n\n<p class=\"wp-block-slt-intro\">Der BioArt Campus, ein Kompetenzzentrum von europ\u00e4ischem Format findet sich in Seeham. Hier wird geschult und informiert, gekocht und verkostet. Zudem soll am Standort, wo auch Seminare stattfinden, die erste \u00f6sterreichische Bio-Akademie entstehen.<\/p>\n<\/div>\n\n\n\n<p>Das Biodorf Seeham erhielt im Herbst 2022 mit dem BioArt Campus ein Zentrum f\u00fcr Bio, Innovation und Nachhaltigkeit. Das Haus hat sich von Anfang an bestens etabliert und die gesamte Region weiter bereichert. In der Flachgauer Gemeinde, mitten im Trumer-Seengebiet, finden sich zahlreiche Bio-Lebensmittelproduzenten, 80 Prozent der Landwirte sind Bio-Bauern.<\/p>\n\n\n<div class=\"mag-gallery\"><div class=\"row\"><div class=\"col-6 col-sm-4\"><figure><a class=\"thumb-container\" href=\"https:\/\/www.salzburgerland.com\/de\/magazin\/wp-content\/uploads\/2025\/03\/3-edited-1-1280x1024.jpg\">\t<picture><source media=\"(min-width: 576px)\" srcset=\"https:\/\/www.salzburgerland.com\/de\/magazin\/wp-content\/uploads\/2025\/03\/3-edited-1-418x650.jpg 418w, https:\/\/www.salzburgerland.com\/de\/magazin\/wp-content\/uploads\/2025\/03\/3-edited-1-209x325.jpg 209w\"><\/source><source media=\"(min-width: 0)\" srcset=\"https:\/\/www.salzburgerland.com\/de\/magazin\/wp-content\/uploads\/2025\/03\/3-edited-1-209x325.jpg 209w, https:\/\/www.salzburgerland.com\/de\/magazin\/wp-content\/uploads\/2025\/03\/3-edited-1-418x650.jpg 418w\"><\/source><img decoding=\"async\" alt=\"\" src=\"https:\/\/www.salzburgerland.com\/de\/magazin\/wp-content\/uploads\/2025\/03\/3-edited-1.jpg\">\t<\/picture><\/a><\/figure><\/div><div class=\"col-6 col-sm-4\"><figure><a class=\"thumb-container\" href=\"https:\/\/www.salzburgerland.com\/de\/magazin\/wp-content\/uploads\/2025\/03\/Das-Seeham_Fruehling-edited-1-1280x1024.jpg\">\t<picture><source media=\"(min-width: 576px)\" srcset=\"https:\/\/www.salzburgerland.com\/de\/magazin\/wp-content\/uploads\/2025\/03\/Das-Seeham_Fruehling-edited-1-418x650.jpg 418w, https:\/\/www.salzburgerland.com\/de\/magazin\/wp-content\/uploads\/2025\/03\/Das-Seeham_Fruehling-edited-1-209x325.jpg 209w\"><\/source><source media=\"(min-width: 0)\" srcset=\"https:\/\/www.salzburgerland.com\/de\/magazin\/wp-content\/uploads\/2025\/03\/Das-Seeham_Fruehling-edited-1-209x325.jpg 209w, https:\/\/www.salzburgerland.com\/de\/magazin\/wp-content\/uploads\/2025\/03\/Das-Seeham_Fruehling-edited-1-418x650.jpg 418w\"><\/source><img decoding=\"async\" alt=\"\" src=\"https:\/\/www.salzburgerland.com\/de\/magazin\/wp-content\/uploads\/2025\/03\/Das-Seeham_Fruehling-edited-1-scaled.jpg\">\t<\/picture><\/a><\/figure><\/div><div class=\"col-6 col-sm-4\"><figure><a class=\"thumb-container\" href=\"https:\/\/www.salzburgerland.com\/de\/magazin\/wp-content\/uploads\/2025\/03\/IMG_5005-edited-2-1280x1024.jpg\">\t<picture><source media=\"(min-width: 576px)\" srcset=\"https:\/\/www.salzburgerland.com\/de\/magazin\/wp-content\/uploads\/2025\/03\/IMG_5005-edited-2-418x650.jpg 418w, https:\/\/www.salzburgerland.com\/de\/magazin\/wp-content\/uploads\/2025\/03\/IMG_5005-edited-2-209x325.jpg 209w\"><\/source><source media=\"(min-width: 0)\" srcset=\"https:\/\/www.salzburgerland.com\/de\/magazin\/wp-content\/uploads\/2025\/03\/IMG_5005-edited-2-209x325.jpg 209w, https:\/\/www.salzburgerland.com\/de\/magazin\/wp-content\/uploads\/2025\/03\/IMG_5005-edited-2-418x650.jpg 418w\"><\/source><img decoding=\"async\" alt=\"\" src=\"https:\/\/www.salzburgerland.com\/de\/magazin\/wp-content\/uploads\/2025\/03\/IMG_5005-edited-2.jpg\">\t<\/picture><\/a><\/figure><\/div><\/div><figcaption><\/figcaption><\/div>\n\n\n\n<h2 class=\"wp-block-heading\" id=\"h-ein-ziel-viele-kopfe\">Ein Ziel &#8211; viele K\u00f6pfe<\/h2>\n\n\n\n<p>Der Fokus des Hauses liegt ganz klar auf Bio. Neben dem Bioladen Seeham, \u00d6sterreichs erster Fair-Trade-Laden, der mit dem Entstehen des BioArt Campus dort einzog und im Herbst 2024 sein 20-j\u00e4hriges Bestehen feierte, finden sich mehrere Genussmanufakturen und ein Yoga-Studio. Zudem wird der Standort f\u00fcr Seminare genutzt. In der BioArt Denkwerkstatt kann getagt, gedacht und diskutiert werden. Neben der neuesten Technik steht f\u00fcr den Seminarraum eine gro\u00dfe Terrasse f\u00fcr Pausen und Gespr\u00e4che parat. Spitzenkoch Daniel Rachbauer lehrt in seinen Kochkursen nachhaltiges Kochen mit regionalen und saisonalen Bio-Produkten. Er zeigt Menschen, wie man mit einfachen Mitteln hervorragende Gerichte zubereiten kann.<\/p>\n\n\n\n<figure class=\"wp-block-image size-full\"><img loading=\"lazy\" decoding=\"async\" width=\"1989\" height=\"2560\" src=\"https:\/\/www.salzburgerland.com\/de\/magazin\/wp-content\/uploads\/2025\/03\/Das-SeehamcTourismusverbandSeeham_RAW-Foto-6-scaled.jpg\" alt=\"Ein l\u00e4chelnder Mann h\u00e4lt ein Huhn an einem Fr\u00fchst\u00fcckstisch mit Eiern, Brot, K\u00e4se, Obst und Getr\u00e4nken.\" class=\"wp-image-181558\" srcset=\"https:\/\/www.salzburgerland.com\/de\/magazin\/wp-content\/uploads\/2025\/03\/Das-SeehamcTourismusverbandSeeham_RAW-Foto-6-scaled.jpg 1989w, https:\/\/www.salzburgerland.com\/de\/magazin\/wp-content\/uploads\/2025\/03\/Das-SeehamcTourismusverbandSeeham_RAW-Foto-6-233x300.jpg 233w, https:\/\/www.salzburgerland.com\/de\/magazin\/wp-content\/uploads\/2025\/03\/Das-SeehamcTourismusverbandSeeham_RAW-Foto-6-1193x1536.jpg 1193w, https:\/\/www.salzburgerland.com\/de\/magazin\/wp-content\/uploads\/2025\/03\/Das-SeehamcTourismusverbandSeeham_RAW-Foto-6-1591x2048.jpg 1591w, https:\/\/www.salzburgerland.com\/de\/magazin\/wp-content\/uploads\/2025\/03\/Das-SeehamcTourismusverbandSeeham_RAW-Foto-6-427x550.jpg 427w, https:\/\/www.salzburgerland.com\/de\/magazin\/wp-content\/uploads\/2025\/03\/Das-SeehamcTourismusverbandSeeham_RAW-Foto-6-311x400.jpg 311w, https:\/\/www.salzburgerland.com\/de\/magazin\/wp-content\/uploads\/2025\/03\/Das-SeehamcTourismusverbandSeeham_RAW-Foto-6-1320x1699.jpg 1320w, https:\/\/www.salzburgerland.com\/de\/magazin\/wp-content\/uploads\/2025\/03\/Das-SeehamcTourismusverbandSeeham_RAW-Foto-6-150x193.jpg 150w\" sizes=\"auto, (max-width: 1989px) 100vw, 1989px\" \/><figcaption class=\"wp-element-caption\">\u201eDas Seeham\u201c-Chef Sammy Abdelhedi, <em>\u00a9BioArt Campus<\/em><\/figcaption><\/figure>\n\n\n\n<p>Mit \u201eOis Hondgmocht\u201c findet sich auf 100 Quadratmetern eine Handwerkstatt mit regionalen Kunstwerken. Von Holzarbeiten \u00fcber Keramik bis hin zu Textilartikeln. Bio Austria ist ein Verein zur F\u00f6rderung des Biologischen Landbaus, der ebenfalls im BioArt Campus angesiedelt ist. Insgesamt sind rund 30 Firmen unter einem Dach vertreten, darunter auch Kreativagenturen und ein Fotostudio. \u201eAuf diese Weise findet permanent ein sich gegenseitiges Befruchten statt. Wer beispielsweise den Bioladen besucht, stattet sp\u00e4ter vielleicht dem Naturkaffee einen Besuch ab oder genie\u00dft ein Mittagessen im Restaurant \u201aDas Seeham\u2018\u201c, erz\u00e4hlt Brigitte Schl\u00f6gl, zust\u00e4ndig f\u00fcr das Marketing des Hauses.<\/p>\n\n\n<div class=\"mag-gallery\"><div class=\"row\"><div class=\"col-6 col-sm-4\"><figure><a class=\"thumb-container\" href=\"https:\/\/www.salzburgerland.com\/de\/magazin\/wp-content\/uploads\/2025\/03\/BioArt-105-1280x1024.jpg\">\t<picture><source media=\"(min-width: 576px)\" srcset=\"https:\/\/www.salzburgerland.com\/de\/magazin\/wp-content\/uploads\/2025\/03\/BioArt-105-325x209.jpg 325w, https:\/\/www.salzburgerland.com\/de\/magazin\/wp-content\/uploads\/2025\/03\/BioArt-105-249x160.jpg 249w\"><\/source><source media=\"(min-width: 0)\" srcset=\"https:\/\/www.salzburgerland.com\/de\/magazin\/wp-content\/uploads\/2025\/03\/BioArt-105-249x160.jpg 249w, https:\/\/www.salzburgerland.com\/de\/magazin\/wp-content\/uploads\/2025\/03\/BioArt-105-325x209.jpg 325w\"><\/source><img decoding=\"async\" alt=\"Ein moderner Lebensmittelladen mit Regalen, die mit verschiedenen Lebensmitteln und Haushaltsprodukten best&uuml;ckt sind.\" src=\"https:\/\/www.salzburgerland.com\/de\/magazin\/wp-content\/uploads\/2025\/03\/BioArt-105-scaled.jpg\">\t<\/picture><figcaption>&copy;BioArt Campus<\/figcaption><\/a><\/figure><\/div><div class=\"col-6 col-sm-4\"><figure><a class=\"thumb-container\" href=\"https:\/\/www.salzburgerland.com\/de\/magazin\/wp-content\/uploads\/2025\/03\/denkwerkstatt_selmer01-1280x1024.jpg\">\t<picture><source media=\"(min-width: 576px)\" srcset=\"https:\/\/www.salzburgerland.com\/de\/magazin\/wp-content\/uploads\/2025\/03\/denkwerkstatt_selmer01-325x209.jpg 325w, https:\/\/www.salzburgerland.com\/de\/magazin\/wp-content\/uploads\/2025\/03\/denkwerkstatt_selmer01-249x160.jpg 249w\"><\/source><source media=\"(min-width: 0)\" srcset=\"https:\/\/www.salzburgerland.com\/de\/magazin\/wp-content\/uploads\/2025\/03\/denkwerkstatt_selmer01-249x160.jpg 249w, https:\/\/www.salzburgerland.com\/de\/magazin\/wp-content\/uploads\/2025\/03\/denkwerkstatt_selmer01-325x209.jpg 325w\"><\/source><img decoding=\"async\" alt=\"Moderner Konferenzraum mit gro&szlig;en Fenstern, Holzboden und schwarzen St&uuml;hlen, die um Tische herum angeordnet sind.\" src=\"https:\/\/www.salzburgerland.com\/de\/magazin\/wp-content\/uploads\/2025\/03\/denkwerkstatt_selmer01-scaled.jpg\">\t<\/picture><figcaption>&copy;BioArt Campus<\/figcaption><\/a><\/figure><\/div><div class=\"col-6 col-sm-4\"><figure><a class=\"thumb-container\" href=\"https:\/\/www.salzburgerland.com\/de\/magazin\/wp-content\/uploads\/2025\/03\/Mieter-Naturkaffee0-1280x1024.jpg\">\t<picture><source media=\"(min-width: 576px)\" srcset=\"https:\/\/www.salzburgerland.com\/de\/magazin\/wp-content\/uploads\/2025\/03\/Mieter-Naturkaffee0-325x209.jpg 325w, https:\/\/www.salzburgerland.com\/de\/magazin\/wp-content\/uploads\/2025\/03\/Mieter-Naturkaffee0-249x160.jpg 249w\"><\/source><source media=\"(min-width: 0)\" srcset=\"https:\/\/www.salzburgerland.com\/de\/magazin\/wp-content\/uploads\/2025\/03\/Mieter-Naturkaffee0-249x160.jpg 249w, https:\/\/www.salzburgerland.com\/de\/magazin\/wp-content\/uploads\/2025\/03\/Mieter-Naturkaffee0-325x209.jpg 325w\"><\/source><img decoding=\"async\" alt=\"Mann, der in einem Caf&eacute; mit einer Espressomaschine Kaffee zubereitet, umgeben von Tassen, T&uuml;ten und Metallkannen.\" src=\"https:\/\/www.salzburgerland.com\/de\/magazin\/wp-content\/uploads\/2025\/03\/Mieter-Naturkaffee0-scaled.jpg\">\t<\/picture><figcaption>&copy;BioArt Campus<\/figcaption><\/a><\/figure><\/div><\/div><figcaption><\/figcaption><\/div>\n\n\n\n<h2 class=\"wp-block-heading\" id=\"h-bio-cafe-amp-restaurant-das-seeham\">Bio Caf\u00e9 &amp; Restaurant &#8222;Das Seeham&#8220; <\/h2>\n\n\n\n<p>W\u00e4hrend des Gespr\u00e4chs mit ihr, kommt \u201eDas Seeham\u201c-Chef Sammy Abdelhedi dazu. Seit Caf\u00e9 und Restaurant im Fr\u00fchjahr 2023 er\u00f6ffnet haben, ist die Entwicklung, ausgehend von einem schon hohen Niveau, stetig noch besser geworden. \u201eBesonders auch wegen unseres sehr guten Fr\u00fchst\u00fccksangebotes nehmen die Menschen weitere Wege auf sich und kommen in unser Restaurant\u201c, so Abdelhedi.<\/p>\n\n\n\n<p>Im BioArt Campus verfolgt man das Ziel, alle Akteurinnen und Akteure noch st\u00e4rker zu vernetzen und unter einem Dach zu vereinen, damit Bio und Nachhaltigkeit im SalzburgerLand weiter ausgebaut werden k\u00f6nnen. Jeden Donnerstag treffen sich alle Mitarbeiterinnen und Mitarbeiter des Hauses zu Mittag an einem gro\u00dfen Tisch treffen, um sich austauschen. \u201eEs ist eine richtige Campus-Community entstanden und alle hier Besch\u00e4ftigten passen sehr gut zusammen. Zudem wollen wir bald die erste \u00f6sterreichische Bio-Akademie gr\u00fcnden\u201c, erkl\u00e4rt Brigitte Schl\u00f6gl, die weiter meint: \u201eDie Idee ist z\u00fcndend. Wir werden Kooperationspartner ins Boot holen und attraktive Kurse und Programme anbieten. Dabei werden unterschiedlichste Themen wie Bio, Gesundheit, Bildung und Tourismus eine Rolle spielen.\u201c&nbsp;<\/p>\n\n\n<div class=\"mag-gallery\"><div class=\"row\"><div class=\"col-6 col-sm-4\"><figure><a class=\"thumb-container\" href=\"https:\/\/www.salzburgerland.com\/de\/magazin\/wp-content\/uploads\/2025\/03\/Fruehling_Wiese01-1280x1024.jpg\">\t<picture><source media=\"(min-width: 576px)\" srcset=\"https:\/\/www.salzburgerland.com\/de\/magazin\/wp-content\/uploads\/2025\/03\/Fruehling_Wiese01-325x209.jpg 325w, https:\/\/www.salzburgerland.com\/de\/magazin\/wp-content\/uploads\/2025\/03\/Fruehling_Wiese01-249x160.jpg 249w\"><\/source><source media=\"(min-width: 0)\" srcset=\"https:\/\/www.salzburgerland.com\/de\/magazin\/wp-content\/uploads\/2025\/03\/Fruehling_Wiese01-249x160.jpg 249w, https:\/\/www.salzburgerland.com\/de\/magazin\/wp-content\/uploads\/2025\/03\/Fruehling_Wiese01-325x209.jpg 325w\"><\/source><img decoding=\"async\" alt=\"Modernes Geb&auml;ude mit Sonnenkollektoren an einem sonnigen Tag hinter hohem Gras und Wildblumen.\" src=\"https:\/\/www.salzburgerland.com\/de\/magazin\/wp-content\/uploads\/2025\/03\/Fruehling_Wiese01-scaled.jpg\">\t<\/picture><figcaption>&copy;BioArt Campus<\/figcaption><\/a><\/figure><\/div><div class=\"col-6 col-sm-4\"><figure><a class=\"thumb-container\" href=\"https:\/\/www.salzburgerland.com\/de\/magazin\/wp-content\/uploads\/2025\/03\/Genusswerkstatt_voll-1280x1024.jpg\">\t<picture><source media=\"(min-width: 576px)\" srcset=\"https:\/\/www.salzburgerland.com\/de\/magazin\/wp-content\/uploads\/2025\/03\/Genusswerkstatt_voll-325x209.jpg 325w, https:\/\/www.salzburgerland.com\/de\/magazin\/wp-content\/uploads\/2025\/03\/Genusswerkstatt_voll-249x160.jpg 249w\"><\/source><source media=\"(min-width: 0)\" srcset=\"https:\/\/www.salzburgerland.com\/de\/magazin\/wp-content\/uploads\/2025\/03\/Genusswerkstatt_voll-249x160.jpg 249w, https:\/\/www.salzburgerland.com\/de\/magazin\/wp-content\/uploads\/2025\/03\/Genusswerkstatt_voll-325x209.jpg 325w\"><\/source><img decoding=\"async\" alt=\"Moderner Gemeinschaftstisch mit schwarzen St&uuml;hlen in einem eleganten Laden mit Glasw&auml;nden, in dem Lebensmittel und Waren ausgestellt werden.\" src=\"https:\/\/www.salzburgerland.com\/de\/magazin\/wp-content\/uploads\/2025\/03\/Genusswerkstatt_voll.jpg\">\t<\/picture><figcaption>&copy;BioArt Campus<\/figcaption><\/a><\/figure><\/div><div class=\"col-6 col-sm-4\"><figure><a class=\"thumb-container\" href=\"https:\/\/www.salzburgerland.com\/de\/magazin\/wp-content\/uploads\/2025\/03\/image0-002-1280x1024.jpeg\">\t<picture><source media=\"(min-width: 576px)\" srcset=\"https:\/\/www.salzburgerland.com\/de\/magazin\/wp-content\/uploads\/2025\/03\/image0-002-325x209.jpeg 325w, https:\/\/www.salzburgerland.com\/de\/magazin\/wp-content\/uploads\/2025\/03\/image0-002-249x160.jpeg 249w\"><\/source><source media=\"(min-width: 0)\" srcset=\"https:\/\/www.salzburgerland.com\/de\/magazin\/wp-content\/uploads\/2025\/03\/image0-002-249x160.jpeg 249w, https:\/\/www.salzburgerland.com\/de\/magazin\/wp-content\/uploads\/2025\/03\/image0-002-325x209.jpeg 325w\"><\/source><img decoding=\"async\" alt=\"Frisches Obst und Gem&uuml;se in gr&uuml;nen Kisten in der Gem&uuml;seabteilung eines Lebensmittelladens.\" src=\"https:\/\/www.salzburgerland.com\/de\/magazin\/wp-content\/uploads\/2025\/03\/image0-002-scaled.jpeg\">\t<\/picture><figcaption>&copy;BioArt Campus<\/figcaption><\/a><\/figure><\/div><div class=\"col-6 col-sm-4\"><figure><a class=\"thumb-container\" href=\"https:\/\/www.salzburgerland.com\/de\/magazin\/wp-content\/uploads\/2025\/03\/IMG_5006-1280x1024.jpg\">\t<picture><source media=\"(min-width: 576px)\" srcset=\"https:\/\/www.salzburgerland.com\/de\/magazin\/wp-content\/uploads\/2025\/03\/IMG_5006-325x209.jpg 325w, https:\/\/www.salzburgerland.com\/de\/magazin\/wp-content\/uploads\/2025\/03\/IMG_5006-249x160.jpg 249w\"><\/source><source media=\"(min-width: 0)\" srcset=\"https:\/\/www.salzburgerland.com\/de\/magazin\/wp-content\/uploads\/2025\/03\/IMG_5006-249x160.jpg 249w, https:\/\/www.salzburgerland.com\/de\/magazin\/wp-content\/uploads\/2025\/03\/IMG_5006-325x209.jpg 325w\"><\/source><img decoding=\"async\" alt=\"Ein moderner Lebensmittelladen mit Holzregalen, Weinflaschen und einem Kassenbereich mit einer Registrierkasse.\" src=\"https:\/\/www.salzburgerland.com\/de\/magazin\/wp-content\/uploads\/2025\/03\/IMG_5006-scaled.jpg\">\t<\/picture><figcaption>&copy;Granbacher<\/figcaption><\/a><\/figure><\/div><div class=\"col-6 col-sm-4\"><figure><a class=\"thumb-container\" href=\"https:\/\/www.salzburgerland.com\/de\/magazin\/wp-content\/uploads\/2025\/03\/IMG_5013-1280x1024.jpg\">\t<picture><source media=\"(min-width: 576px)\" srcset=\"https:\/\/www.salzburgerland.com\/de\/magazin\/wp-content\/uploads\/2025\/03\/IMG_5013-325x209.jpg 325w, https:\/\/www.salzburgerland.com\/de\/magazin\/wp-content\/uploads\/2025\/03\/IMG_5013-249x160.jpg 249w\"><\/source><source media=\"(min-width: 0)\" srcset=\"https:\/\/www.salzburgerland.com\/de\/magazin\/wp-content\/uploads\/2025\/03\/IMG_5013-249x160.jpg 249w, https:\/\/www.salzburgerland.com\/de\/magazin\/wp-content\/uploads\/2025\/03\/IMG_5013-325x209.jpg 325w\"><\/source><img decoding=\"async\" alt=\"Zwei Personen stehen l&auml;chelnd hinter einer Glastheke in einem gem&uuml;tlichen Laden mit Vintage-Dekor und Kunstauslagen.\" src=\"https:\/\/www.salzburgerland.com\/de\/magazin\/wp-content\/uploads\/2025\/03\/IMG_5013-scaled.jpg\">\t<\/picture><figcaption>&bdquo;Ois Hondgmocht&ldquo;, &copy;Granbacher<\/figcaption><\/a><\/figure><\/div><div class=\"col-6 col-sm-4\"><figure><a class=\"thumb-container\" href=\"https:\/\/www.salzburgerland.com\/de\/magazin\/wp-content\/uploads\/2025\/03\/IMG_5019-1280x1024.jpg\">\t<picture><source media=\"(min-width: 576px)\" srcset=\"https:\/\/www.salzburgerland.com\/de\/magazin\/wp-content\/uploads\/2025\/03\/IMG_5019-325x209.jpg 325w, https:\/\/www.salzburgerland.com\/de\/magazin\/wp-content\/uploads\/2025\/03\/IMG_5019-249x160.jpg 249w\"><\/source><source media=\"(min-width: 0)\" srcset=\"https:\/\/www.salzburgerland.com\/de\/magazin\/wp-content\/uploads\/2025\/03\/IMG_5019-249x160.jpg 249w, https:\/\/www.salzburgerland.com\/de\/magazin\/wp-content\/uploads\/2025\/03\/IMG_5019-325x209.jpg 325w\"><\/source><img decoding=\"async\" alt=\"Holztheke und Regale mit Hautpflege- und Sch&ouml;nheitsprodukten in einem Gesch&auml;ft namens BIOTEAQUE.\" src=\"https:\/\/www.salzburgerland.com\/de\/magazin\/wp-content\/uploads\/2025\/03\/IMG_5019-scaled.jpg\">\t<\/picture><figcaption>&copy;Granbacher<\/figcaption><\/a><\/figure><\/div><\/div><figcaption><\/figcaption><\/div>\n\n\n\n<p><\/p>\n","protected":false},"excerpt":{"rendered":"<p>Das Biodorf Seeham erhielt im Herbst 2022 mit dem BioArt Campus ein Zentrum f\u00fcr Bio, Innovation und Nachhaltigkeit. Das Haus hat sich von Anfang an bestens etabliert und die gesamte Region weiter bereichert. In der Flachgauer Gemeinde, mitten im Trumer-Seengebiet, finden sich zahlreiche Bio-Lebensmittelproduzenten, 80 Prozent der Landwirte sind Bio-Bauern. Ein Ziel &#8211; viele K\u00f6pfe [&hellip;]<\/p>\n","protected":false},"author":552,"featured_media":181554,"comment_status":"closed","ping_status":"closed","sticky":false,"template":"","format":"standard","meta":{"_acf_changed":false,"wl_entities_gutenberg":"","_wl_entity_redirect_enabled":"","footnotes":""},"categories":[7552],"tags":[],"wl_entity_type":[306],"monatsauswahl":[],"class_list":["post-181553","post","type-post","status-publish","format-standard","has-post-thumbnail","hentry","category-nachhaltigkeit","wl_entity_type-article"],"acf":[],"yoast_head":"<!-- This site is optimized with the Yoast SEO Premium plugin v27.4 (Yoast SEO v27.4) - https:\/\/yoast.com\/product\/yoast-seo-premium-wordpress\/ -->\n<title>BioArt Campus Seeham - SalzburgerLand Magazin<\/title>\n<meta name=\"robots\" content=\"index, follow, max-snippet:-1, max-image-preview:large, max-video-preview:-1\" \/>\n<link rel=\"canonical\" href=\"https:\/\/www.salzburgerland.com\/de\/magazin\/bioart-campus-seeham\/\" \/>\n<meta property=\"og:locale\" content=\"de_DE\" \/>\n<meta property=\"og:type\" content=\"article\" \/>\n<meta property=\"og:title\" content=\"BioArt Campus Seeham\" \/>\n<meta property=\"og:description\" content=\"Das Biodorf Seeham erhielt im Herbst 2022 mit dem BioArt Campus ein Zentrum f\u00fcr Bio, Innovation und Nachhaltigkeit. Das Haus hat sich von Anfang an bestens etabliert und die gesamte Region weiter bereichert. In der Flachgauer Gemeinde, mitten im Trumer-Seengebiet, finden sich zahlreiche Bio-Lebensmittelproduzenten, 80 Prozent der Landwirte sind Bio-Bauern. Ein Ziel &#8211; viele K\u00f6pfe [&hellip;]\" \/>\n<meta property=\"og:url\" content=\"https:\/\/www.salzburgerland.com\/de\/magazin\/bioart-campus-seeham\/\" \/>\n<meta property=\"og:site_name\" content=\"SalzburgerLand Magazin\" \/>\n<meta property=\"article:publisher\" content=\"https:\/\/www.facebook.com\/salzburgerland\/\" \/>\n<meta property=\"article:published_time\" content=\"2025-04-17T05:00:00+00:00\" \/>\n<meta property=\"og:image\" content=\"https:\/\/www.salzburgerland.com\/de\/magazin\/wp-content\/uploads\/2025\/03\/Bio-Art-Campus-Herbst-17-scaled.jpg\" \/>\n\t<meta property=\"og:image:width\" content=\"2560\" \/>\n\t<meta property=\"og:image:height\" content=\"1587\" \/>\n\t<meta property=\"og:image:type\" content=\"image\/jpeg\" \/>\n<meta name=\"author\" content=\"Christian Granbacher-Roth\" \/>\n<meta name=\"twitter:card\" content=\"summary_large_image\" \/>\n<meta name=\"twitter:creator\" content=\"@Salzburgerland\" \/>\n<meta name=\"twitter:site\" content=\"@Salzburgerland\" \/>\n<meta name=\"twitter:label1\" content=\"Verfasst von\" \/>\n\t<meta name=\"twitter:data1\" content=\"Christian Granbacher-Roth\" \/>\n\t<meta name=\"twitter:label2\" content=\"Gesch\u00e4tzte Lesezeit\" \/>\n\t<meta name=\"twitter:data2\" content=\"6\u00a0Minuten\" \/>\n<script type=\"application\/ld+json\" class=\"yoast-schema-graph\">{\"@context\":\"https:\\\/\\\/schema.org\",\"@graph\":[{\"@type\":\"Article\",\"@id\":\"https:\\\/\\\/www.salzburgerland.com\\\/de\\\/magazin\\\/bioart-campus-seeham\\\/#article\",\"isPartOf\":{\"@id\":\"https:\\\/\\\/www.salzburgerland.com\\\/de\\\/magazin\\\/bioart-campus-seeham\\\/\"},\"author\":{\"name\":\"Christian Granbacher-Roth\",\"@id\":\"https:\\\/\\\/www.salzburgerland.com\\\/de\\\/magazin\\\/#\\\/schema\\\/person\\\/3cf8bb4ac95e0b72df11b8b53c6ac24b\"},\"headline\":\"BioArt Campus Seeham\",\"datePublished\":\"2025-04-17T05:00:00+00:00\",\"mainEntityOfPage\":{\"@id\":\"https:\\\/\\\/www.salzburgerland.com\\\/de\\\/magazin\\\/bioart-campus-seeham\\\/\"},\"wordCount\":505,\"publisher\":{\"@id\":\"https:\\\/\\\/www.salzburgerland.com\\\/de\\\/magazin\\\/#organization\"},\"image\":{\"@id\":\"https:\\\/\\\/www.salzburgerland.com\\\/de\\\/magazin\\\/bioart-campus-seeham\\\/#primaryimage\"},\"thumbnailUrl\":\"https:\\\/\\\/www.salzburgerland.com\\\/de\\\/magazin\\\/wp-content\\\/uploads\\\/2025\\\/03\\\/Bio-Art-Campus-Herbst-17-scaled.jpg\",\"articleSection\":[\"Nachhaltigkeit\"],\"inLanguage\":\"de\"},{\"@type\":\"WebPage\",\"@id\":\"https:\\\/\\\/www.salzburgerland.com\\\/de\\\/magazin\\\/bioart-campus-seeham\\\/\",\"url\":\"https:\\\/\\\/www.salzburgerland.com\\\/de\\\/magazin\\\/bioart-campus-seeham\\\/\",\"name\":\"BioArt Campus Seeham - SalzburgerLand Magazin\",\"isPartOf\":{\"@id\":\"https:\\\/\\\/www.salzburgerland.com\\\/de\\\/magazin\\\/#website\"},\"primaryImageOfPage\":{\"@id\":\"https:\\\/\\\/www.salzburgerland.com\\\/de\\\/magazin\\\/bioart-campus-seeham\\\/#primaryimage\"},\"image\":{\"@id\":\"https:\\\/\\\/www.salzburgerland.com\\\/de\\\/magazin\\\/bioart-campus-seeham\\\/#primaryimage\"},\"thumbnailUrl\":\"https:\\\/\\\/www.salzburgerland.com\\\/de\\\/magazin\\\/wp-content\\\/uploads\\\/2025\\\/03\\\/Bio-Art-Campus-Herbst-17-scaled.jpg\",\"datePublished\":\"2025-04-17T05:00:00+00:00\",\"breadcrumb\":{\"@id\":\"https:\\\/\\\/www.salzburgerland.com\\\/de\\\/magazin\\\/bioart-campus-seeham\\\/#breadcrumb\"},\"inLanguage\":\"de\",\"potentialAction\":[{\"@type\":\"ReadAction\",\"target\":[\"https:\\\/\\\/www.salzburgerland.com\\\/de\\\/magazin\\\/bioart-campus-seeham\\\/\"]}]},{\"@type\":\"ImageObject\",\"inLanguage\":\"de\",\"@id\":\"https:\\\/\\\/www.salzburgerland.com\\\/de\\\/magazin\\\/bioart-campus-seeham\\\/#primaryimage\",\"url\":\"https:\\\/\\\/www.salzburgerland.com\\\/de\\\/magazin\\\/wp-content\\\/uploads\\\/2025\\\/03\\\/Bio-Art-Campus-Herbst-17-scaled.jpg\",\"contentUrl\":\"https:\\\/\\\/www.salzburgerland.com\\\/de\\\/magazin\\\/wp-content\\\/uploads\\\/2025\\\/03\\\/Bio-Art-Campus-Herbst-17-scaled.jpg\",\"width\":2560,\"height\":1587,\"caption\":\"Modernes Geb\u00e4ude mit dem BIOART Campus-Schild, umgeben von herbstlichen B\u00e4umen und Glasfenstern.\"},{\"@type\":\"BreadcrumbList\",\"@id\":\"https:\\\/\\\/www.salzburgerland.com\\\/de\\\/magazin\\\/bioart-campus-seeham\\\/#breadcrumb\",\"itemListElement\":[{\"@type\":\"ListItem\",\"position\":1,\"name\":\"Startseite\",\"item\":\"https:\\\/\\\/www.salzburgerland.com\\\/de\\\/magazin\\\/\"},{\"@type\":\"ListItem\",\"position\":2,\"name\":\"Nachhaltigkeit\",\"item\":\"https:\\\/\\\/www.salzburgerland.com\\\/de\\\/magazin\\\/thema\\\/nachhaltigkeit\\\/\"},{\"@type\":\"ListItem\",\"position\":3,\"name\":\"BioArt Campus Seeham\"}]},{\"@type\":\"WebSite\",\"@id\":\"https:\\\/\\\/www.salzburgerland.com\\\/de\\\/magazin\\\/#website\",\"url\":\"https:\\\/\\\/www.salzburgerland.com\\\/de\\\/magazin\\\/\",\"name\":\"SalzburgerLand Magazin\",\"description\":\"Geschichten und Interessantes aus dem SalzburgerLand\",\"publisher\":{\"@id\":\"https:\\\/\\\/www.salzburgerland.com\\\/de\\\/magazin\\\/#organization\"},\"potentialAction\":[{\"@type\":\"SearchAction\",\"target\":{\"@type\":\"EntryPoint\",\"urlTemplate\":\"https:\\\/\\\/www.salzburgerland.com\\\/de\\\/magazin\\\/?s={search_term_string}\"},\"query-input\":{\"@type\":\"PropertyValueSpecification\",\"valueRequired\":true,\"valueName\":\"search_term_string\"}}],\"inLanguage\":\"de\"},{\"@type\":\"Organization\",\"@id\":\"https:\\\/\\\/www.salzburgerland.com\\\/de\\\/magazin\\\/#organization\",\"name\":\"SalzburgerLand Tourismus\",\"url\":\"https:\\\/\\\/www.salzburgerland.com\\\/de\\\/magazin\\\/\",\"logo\":{\"@type\":\"ImageObject\",\"inLanguage\":\"de\",\"@id\":\"https:\\\/\\\/www.salzburgerland.com\\\/de\\\/magazin\\\/#\\\/schema\\\/logo\\\/image\\\/\",\"url\":\"https:\\\/\\\/www.salzburgerland.com\\\/de\\\/magazin\\\/wp-content\\\/uploads\\\/2019\\\/06\\\/salzburgerland-logo1.jpg\",\"contentUrl\":\"https:\\\/\\\/www.salzburgerland.com\\\/de\\\/magazin\\\/wp-content\\\/uploads\\\/2019\\\/06\\\/salzburgerland-logo1.jpg\",\"width\":2011,\"height\":866,\"caption\":\"SalzburgerLand Tourismus\"},\"image\":{\"@id\":\"https:\\\/\\\/www.salzburgerland.com\\\/de\\\/magazin\\\/#\\\/schema\\\/logo\\\/image\\\/\"},\"sameAs\":[\"https:\\\/\\\/www.facebook.com\\\/salzburgerland\\\/\",\"https:\\\/\\\/x.com\\\/Salzburgerland\",\"https:\\\/\\\/www.instagram.com\\\/salzburgerland\\\/\",\"https:\\\/\\\/at.linkedin.com\\\/company\\\/salzburgerland-tourismus-gmbh\",\"https:\\\/\\\/www.pinterest.at\\\/salzburgerland\\\/\",\"https:\\\/\\\/www.youtube.com\\\/user\\\/salzburgerland\",\"https:\\\/\\\/de.wikipedia.org\\\/wiki\\\/SalzburgerLand_Tourismus_GmbH\"]},{\"@type\":\"Person\",\"@id\":\"https:\\\/\\\/www.salzburgerland.com\\\/de\\\/magazin\\\/#\\\/schema\\\/person\\\/3cf8bb4ac95e0b72df11b8b53c6ac24b\",\"name\":\"Christian Granbacher-Roth\",\"description\":\"Der geb\u00fcrtige Kitzb\u00fcheler lebt seit knapp 20 Jahren in Salzburg und wohnte dabei schon im n\u00f6rdlichen Flachgau, der Stadt Salzburg und nun im Tennengau. Die zahlreichen Berge und Seen nutzt er gerne f\u00fcr Freizeitaktivit\u00e4ten. Als Genussmensch f\u00fchlt er sich kulturell und kulinarisch im Bundesland Salzburg bestens aufgehoben. An der Paris-Lodron-Universit\u00e4t Salzburg hat Christian das Studium der Publizistik- und Kommunikationswissenschaft sowie das Studium der Politikwissenschaft abgeschlossen. Seit 2007 ist er als Freier Redakteur (unter anderem als Chefredakteur von \u201eECHO \u2013 Salzburgs erstes Nachrichtenmagazin) t\u00e4tig. Dein pers\u00f6nlicher Logenplatz im SalzburgerLand? Davon gibt es viele. Schwer zu sagen, ob die beeindruckenden Berge und die zahlreichen Seen sch\u00f6ner sind als die Altstadtviertel von Salzburg oder Hallein. Dosiger oder Zuagroaster? Geboren und aufgewachsen in Kitzb\u00fchel in Tirol hat mich das Publizistikstudium ab 1999 nach Salzburg gelockt. Nach und nach habe ich das gesamte Bundesland kennen und sch\u00e4tzen gelernt und bin heute sehr froh dar\u00fcber, im sch\u00f6nen Tennengau zu leben. Luxushotel oder Almh\u00fctte? Zuerst ein paar ausgiebige Wanderungen und N\u00e4chte auf einer sch\u00f6nen Almh\u00fctte und dann am besten noch eine Nacht im Wellness-Luxustempel. Erholung muss sein. Mundharmonika oder Stradivari? Eindeutig die Rockgitarre. Die Popkultur sowie moderne und h\u00e4rtere Kl\u00e4nge tun es mir mehr an als volkst\u00fcmliche Musik. Bergschuhe oder Fu\u00dfballschuhe? Wandern bereitet mir Freude. Eine komplexe und herausfordernde Mannschaftssportart wie Fu\u00dfball ist allerdings noch sch\u00f6ner. Bergsee oder Kr\u00e4utergarten? Gr\u00fcnen Daumen habe ich keinen. Einen Sprung in einen kalten Bergsee gibt es da schon eher.\",\"url\":\"https:\\\/\\\/www.salzburgerland.com\\\/de\\\/magazin\\\/author\\\/christian-granbacher\\\/\"}]}<\/script>\n<!-- \/ Yoast SEO Premium plugin. -->","yoast_head_json":{"title":"BioArt Campus Seeham - SalzburgerLand Magazin","robots":{"index":"index","follow":"follow","max-snippet":"max-snippet:-1","max-image-preview":"max-image-preview:large","max-video-preview":"max-video-preview:-1"},"canonical":"https:\/\/www.salzburgerland.com\/de\/magazin\/bioart-campus-seeham\/","og_locale":"de_DE","og_type":"article","og_title":"BioArt Campus Seeham","og_description":"Das Biodorf Seeham erhielt im Herbst 2022 mit dem BioArt Campus ein Zentrum f\u00fcr Bio, Innovation und Nachhaltigkeit. Das Haus hat sich von Anfang an bestens etabliert und die gesamte Region weiter bereichert. In der Flachgauer Gemeinde, mitten im Trumer-Seengebiet, finden sich zahlreiche Bio-Lebensmittelproduzenten, 80 Prozent der Landwirte sind Bio-Bauern. Ein Ziel &#8211; viele K\u00f6pfe [&hellip;]","og_url":"https:\/\/www.salzburgerland.com\/de\/magazin\/bioart-campus-seeham\/","og_site_name":"SalzburgerLand Magazin","article_publisher":"https:\/\/www.facebook.com\/salzburgerland\/","article_published_time":"2025-04-17T05:00:00+00:00","og_image":[{"width":2560,"height":1587,"url":"https:\/\/www.salzburgerland.com\/de\/magazin\/wp-content\/uploads\/2025\/03\/Bio-Art-Campus-Herbst-17-scaled.jpg","type":"image\/jpeg"}],"author":"Christian Granbacher-Roth","twitter_card":"summary_large_image","twitter_creator":"@Salzburgerland","twitter_site":"@Salzburgerland","twitter_misc":{"Verfasst von":"Christian Granbacher-Roth","Gesch\u00e4tzte Lesezeit":"6\u00a0Minuten"},"schema":{"@context":"https:\/\/schema.org","@graph":[{"@type":"Article","@id":"https:\/\/www.salzburgerland.com\/de\/magazin\/bioart-campus-seeham\/#article","isPartOf":{"@id":"https:\/\/www.salzburgerland.com\/de\/magazin\/bioart-campus-seeham\/"},"author":{"name":"Christian Granbacher-Roth","@id":"https:\/\/www.salzburgerland.com\/de\/magazin\/#\/schema\/person\/3cf8bb4ac95e0b72df11b8b53c6ac24b"},"headline":"BioArt Campus Seeham","datePublished":"2025-04-17T05:00:00+00:00","mainEntityOfPage":{"@id":"https:\/\/www.salzburgerland.com\/de\/magazin\/bioart-campus-seeham\/"},"wordCount":505,"publisher":{"@id":"https:\/\/www.salzburgerland.com\/de\/magazin\/#organization"},"image":{"@id":"https:\/\/www.salzburgerland.com\/de\/magazin\/bioart-campus-seeham\/#primaryimage"},"thumbnailUrl":"https:\/\/www.salzburgerland.com\/de\/magazin\/wp-content\/uploads\/2025\/03\/Bio-Art-Campus-Herbst-17-scaled.jpg","articleSection":["Nachhaltigkeit"],"inLanguage":"de"},{"@type":"WebPage","@id":"https:\/\/www.salzburgerland.com\/de\/magazin\/bioart-campus-seeham\/","url":"https:\/\/www.salzburgerland.com\/de\/magazin\/bioart-campus-seeham\/","name":"BioArt Campus Seeham - SalzburgerLand Magazin","isPartOf":{"@id":"https:\/\/www.salzburgerland.com\/de\/magazin\/#website"},"primaryImageOfPage":{"@id":"https:\/\/www.salzburgerland.com\/de\/magazin\/bioart-campus-seeham\/#primaryimage"},"image":{"@id":"https:\/\/www.salzburgerland.com\/de\/magazin\/bioart-campus-seeham\/#primaryimage"},"thumbnailUrl":"https:\/\/www.salzburgerland.com\/de\/magazin\/wp-content\/uploads\/2025\/03\/Bio-Art-Campus-Herbst-17-scaled.jpg","datePublished":"2025-04-17T05:00:00+00:00","breadcrumb":{"@id":"https:\/\/www.salzburgerland.com\/de\/magazin\/bioart-campus-seeham\/#breadcrumb"},"inLanguage":"de","potentialAction":[{"@type":"ReadAction","target":["https:\/\/www.salzburgerland.com\/de\/magazin\/bioart-campus-seeham\/"]}]},{"@type":"ImageObject","inLanguage":"de","@id":"https:\/\/www.salzburgerland.com\/de\/magazin\/bioart-campus-seeham\/#primaryimage","url":"https:\/\/www.salzburgerland.com\/de\/magazin\/wp-content\/uploads\/2025\/03\/Bio-Art-Campus-Herbst-17-scaled.jpg","contentUrl":"https:\/\/www.salzburgerland.com\/de\/magazin\/wp-content\/uploads\/2025\/03\/Bio-Art-Campus-Herbst-17-scaled.jpg","width":2560,"height":1587,"caption":"Modernes Geb\u00e4ude mit dem BIOART Campus-Schild, umgeben von herbstlichen B\u00e4umen und Glasfenstern."},{"@type":"BreadcrumbList","@id":"https:\/\/www.salzburgerland.com\/de\/magazin\/bioart-campus-seeham\/#breadcrumb","itemListElement":[{"@type":"ListItem","position":1,"name":"Startseite","item":"https:\/\/www.salzburgerland.com\/de\/magazin\/"},{"@type":"ListItem","position":2,"name":"Nachhaltigkeit","item":"https:\/\/www.salzburgerland.com\/de\/magazin\/thema\/nachhaltigkeit\/"},{"@type":"ListItem","position":3,"name":"BioArt Campus Seeham"}]},{"@type":"WebSite","@id":"https:\/\/www.salzburgerland.com\/de\/magazin\/#website","url":"https:\/\/www.salzburgerland.com\/de\/magazin\/","name":"SalzburgerLand Magazin","description":"Geschichten und Interessantes aus dem SalzburgerLand","publisher":{"@id":"https:\/\/www.salzburgerland.com\/de\/magazin\/#organization"},"potentialAction":[{"@type":"SearchAction","target":{"@type":"EntryPoint","urlTemplate":"https:\/\/www.salzburgerland.com\/de\/magazin\/?s={search_term_string}"},"query-input":{"@type":"PropertyValueSpecification","valueRequired":true,"valueName":"search_term_string"}}],"inLanguage":"de"},{"@type":"Organization","@id":"https:\/\/www.salzburgerland.com\/de\/magazin\/#organization","name":"SalzburgerLand Tourismus","url":"https:\/\/www.salzburgerland.com\/de\/magazin\/","logo":{"@type":"ImageObject","inLanguage":"de","@id":"https:\/\/www.salzburgerland.com\/de\/magazin\/#\/schema\/logo\/image\/","url":"https:\/\/www.salzburgerland.com\/de\/magazin\/wp-content\/uploads\/2019\/06\/salzburgerland-logo1.jpg","contentUrl":"https:\/\/www.salzburgerland.com\/de\/magazin\/wp-content\/uploads\/2019\/06\/salzburgerland-logo1.jpg","width":2011,"height":866,"caption":"SalzburgerLand Tourismus"},"image":{"@id":"https:\/\/www.salzburgerland.com\/de\/magazin\/#\/schema\/logo\/image\/"},"sameAs":["https:\/\/www.facebook.com\/salzburgerland\/","https:\/\/x.com\/Salzburgerland","https:\/\/www.instagram.com\/salzburgerland\/","https:\/\/at.linkedin.com\/company\/salzburgerland-tourismus-gmbh","https:\/\/www.pinterest.at\/salzburgerland\/","https:\/\/www.youtube.com\/user\/salzburgerland","https:\/\/de.wikipedia.org\/wiki\/SalzburgerLand_Tourismus_GmbH"]},{"@type":"Person","@id":"https:\/\/www.salzburgerland.com\/de\/magazin\/#\/schema\/person\/3cf8bb4ac95e0b72df11b8b53c6ac24b","name":"Christian Granbacher-Roth","description":"Der geb\u00fcrtige Kitzb\u00fcheler lebt seit knapp 20 Jahren in Salzburg und wohnte dabei schon im n\u00f6rdlichen Flachgau, der Stadt Salzburg und nun im Tennengau. Die zahlreichen Berge und Seen nutzt er gerne f\u00fcr Freizeitaktivit\u00e4ten. Als Genussmensch f\u00fchlt er sich kulturell und kulinarisch im Bundesland Salzburg bestens aufgehoben. An der Paris-Lodron-Universit\u00e4t Salzburg hat Christian das Studium der Publizistik- und Kommunikationswissenschaft sowie das Studium der Politikwissenschaft abgeschlossen. Seit 2007 ist er als Freier Redakteur (unter anderem als Chefredakteur von \u201eECHO \u2013 Salzburgs erstes Nachrichtenmagazin) t\u00e4tig. Dein pers\u00f6nlicher Logenplatz im SalzburgerLand? Davon gibt es viele. Schwer zu sagen, ob die beeindruckenden Berge und die zahlreichen Seen sch\u00f6ner sind als die Altstadtviertel von Salzburg oder Hallein. Dosiger oder Zuagroaster? Geboren und aufgewachsen in Kitzb\u00fchel in Tirol hat mich das Publizistikstudium ab 1999 nach Salzburg gelockt. Nach und nach habe ich das gesamte Bundesland kennen und sch\u00e4tzen gelernt und bin heute sehr froh dar\u00fcber, im sch\u00f6nen Tennengau zu leben. Luxushotel oder Almh\u00fctte? Zuerst ein paar ausgiebige Wanderungen und N\u00e4chte auf einer sch\u00f6nen Almh\u00fctte und dann am besten noch eine Nacht im Wellness-Luxustempel. Erholung muss sein. Mundharmonika oder Stradivari? Eindeutig die Rockgitarre. Die Popkultur sowie moderne und h\u00e4rtere Kl\u00e4nge tun es mir mehr an als volkst\u00fcmliche Musik. Bergschuhe oder Fu\u00dfballschuhe? Wandern bereitet mir Freude. Eine komplexe und herausfordernde Mannschaftssportart wie Fu\u00dfball ist allerdings noch sch\u00f6ner. Bergsee oder Kr\u00e4utergarten? Gr\u00fcnen Daumen habe ich keinen. Einen Sprung in einen kalten Bergsee gibt es da schon eher.","url":"https:\/\/www.salzburgerland.com\/de\/magazin\/author\/christian-granbacher\/"}]}},"_wl_alt_label":[],"wl:entity_url":"http:\/\/open.salzburgerland.com\/magazin\/post\/bioart-campus-entwickelt-sich-stetig-weiter-181553","_links":{"self":[{"href":"https:\/\/www.salzburgerland.com\/de\/magazin\/wp-json\/wp\/v2\/posts\/181553","targetHints":{"allow":["GET"]}}],"collection":[{"href":"https:\/\/www.salzburgerland.com\/de\/magazin\/wp-json\/wp\/v2\/posts"}],"about":[{"href":"https:\/\/www.salzburgerland.com\/de\/magazin\/wp-json\/wp\/v2\/types\/post"}],"author":[{"embeddable":true,"href":"https:\/\/www.salzburgerland.com\/de\/magazin\/wp-json\/wp\/v2\/users\/552"}],"replies":[{"embeddable":true,"href":"https:\/\/www.salzburgerland.com\/de\/magazin\/wp-json\/wp\/v2\/comments?post=181553"}],"version-history":[{"count":5,"href":"https:\/\/www.salzburgerland.com\/de\/magazin\/wp-json\/wp\/v2\/posts\/181553\/revisions"}],"predecessor-version":[{"id":182086,"href":"https:\/\/www.salzburgerland.com\/de\/magazin\/wp-json\/wp\/v2\/posts\/181553\/revisions\/182086"}],"wp:featuredmedia":[{"embeddable":true,"href":"https:\/\/www.salzburgerland.com\/de\/magazin\/wp-json\/wp\/v2\/media\/181554"}],"wp:attachment":[{"href":"https:\/\/www.salzburgerland.com\/de\/magazin\/wp-json\/wp\/v2\/media?parent=181553"}],"wp:term":[{"taxonomy":"category","embeddable":true,"href":"https:\/\/www.salzburgerland.com\/de\/magazin\/wp-json\/wp\/v2\/categories?post=181553"},{"taxonomy":"post_tag","embeddable":true,"href":"https:\/\/www.salzburgerland.com\/de\/magazin\/wp-json\/wp\/v2\/tags?post=181553"},{"taxonomy":"wl_entity_type","embeddable":true,"href":"https:\/\/www.salzburgerland.com\/de\/magazin\/wp-json\/wp\/v2\/wl_entity_type?post=181553"},{"taxonomy":"monatsauswahl","embeddable":true,"href":"https:\/\/www.salzburgerland.com\/de\/magazin\/wp-json\/wp\/v2\/monatsauswahl?post=181553"}],"curies":[{"name":"wp","href":"https:\/\/api.w.org\/{rel}","templated":true}]}}