{"id":181177,"date":"2025-03-07T07:00:00","date_gmt":"2025-03-07T06:00:00","guid":{"rendered":"https:\/\/www.salzburgerland.com\/de\/magazin\/?p=181177"},"modified":"2025-02-19T12:52:21","modified_gmt":"2025-02-19T11:52:21","slug":"salzburger-seminarbaeuerinnen","status":"publish","type":"post","link":"https:\/\/www.salzburgerland.com\/de\/magazin\/salzburger-seminarbaeuerinnen\/","title":{"rendered":"Salzburger Seminarb\u00e4uerinnen"},"content":{"rendered":"\n<div class=\"wp-block-slt-top topBlocks\">\n<h2 class=\"wp-block-slt-subtitle\">Wo Wissen und Wertsch\u00e4tzung vermittelt werden<\/h2>\n\n\n\n<p class=\"wp-block-slt-intro\">In ihren vielf\u00e4ltigen Kursen geben die derzeit 25 Salzburger Seminarb\u00e4uerinnen ihr Wissen um die Herkunft, Produktion und Verarbeitung regionaler Lebensmittel weiter.&nbsp;<\/p>\n<\/div>\n\n\n\n<p>Wer, wenn nicht sie, kennen sich aus, wenn es um Lebensmittel aus dem SalzburgerLand geht. Immerhin leben die <a href=\"https:\/\/www.salzburger-seminarbauerinnen.at\/\" target=\"_blank\" rel=\"noreferrer noopener\">Salzburger Seminarb\u00e4uerinnen<\/a>&nbsp;von der Landwirtschaft und die Veredelung und Verarbeitung geh\u00f6rt zu ihrer t\u00e4glichen Arbeit. Wobei es das Wort \u201cArbeit\u201d nicht richtig trifft, vielmehr ist es die Leidenschaft, die die derzeit 25 Landwirtinnen antreibt. &nbsp;<\/p>\n\n\n\n<p>Ob Kochen, Backen oder Haltbarmachen \u2013 wer auf einem Bauernhof lebt, f\u00fcr den sind diese T\u00e4tigkeiten selbstverst\u00e4ndlich. Wie\u00b4s funktioniert, wird oft von Generation zu Generation weitergegeben und jede B\u00e4uerin bringt ihre eigene Erfahrung mit ein. So bleiben bew\u00e4hrte Rezepte und Methoden erhalten und bekommen gleichzeitig einen modernen Touch. &nbsp;<\/p>\n\n\n\n<h2 class=\"wp-block-heading\" id=\"h-wie-aus-einer-bauerin-eine-seminarbauerin-wird\">Wie aus einer B\u00e4uerin eine Seminarb\u00e4uerin wird<\/h2>\n\n\n\n<p>Was f\u00fcr diese B\u00e4uerinnen Alltag ist, das haben andere l\u00e4ngst aus den Augen verloren. Und genau hier haken die Seminarb\u00e4uerinnen ein. Denn es sind nicht nur die Liebe zur Landwirtschaft, zu den regionalen Lebensmittel und zum Kochen, sondern auch die Leidenschaft, das Wissen weiterzugeben, die aus einer B\u00e4uerin eine Seminarb\u00e4uerin machen. &nbsp;<\/p>\n\n\n\n<p>Bereits in den 1990er Jahren erkannte man, dass viel Menschen keinen Bezug mehr zur Landwirtschaft hatten und, dass das Wissen um die Arbeit der heimischen B\u00e4uerinnen und Bauern und somit auch das Wissen um den Wert regionaler Produkte verloren ging. So startete 1993 der erste Zertifikatslehrgang \u201cSeminarb\u00e4uerin und Seminarbauer\u201c, in dem sich Landwirt*innen zu Botschafter*innen f\u00fcr die heimische Landwirtschaft und Lebensmittelkunde schulen lassen konnten. Heute wie damals wird in diesen Kursen neben der fachlichen&nbsp;Schulung auch p\u00e4dagogisches Wissen vermittelt.&nbsp;<\/p>\n\n\n\n<figure class=\"wp-block-image size-full\"><img loading=\"lazy\" decoding=\"async\" width=\"1600\" height=\"1200\" src=\"https:\/\/www.salzburgerland.com\/de\/magazin\/wp-content\/uploads\/2025\/02\/Bild-08-@-Nicole-Leitner.jpeg\" alt=\"Acht Frauen in traditioneller \u00f6sterreichischer Kleidung stehen hinter Tischen, die mit verschiedenen Brotsorten, K\u00e4se und regionalen Lebensmitteln gef\u00fcllt sind.\" class=\"wp-image-181178\" srcset=\"https:\/\/www.salzburgerland.com\/de\/magazin\/wp-content\/uploads\/2025\/02\/Bild-08-@-Nicole-Leitner.jpeg 1600w, https:\/\/www.salzburgerland.com\/de\/magazin\/wp-content\/uploads\/2025\/02\/Bild-08-@-Nicole-Leitner-300x225.jpeg 300w, https:\/\/www.salzburgerland.com\/de\/magazin\/wp-content\/uploads\/2025\/02\/Bild-08-@-Nicole-Leitner-1536x1152.jpeg 1536w, https:\/\/www.salzburgerland.com\/de\/magazin\/wp-content\/uploads\/2025\/02\/Bild-08-@-Nicole-Leitner-733x550.jpeg 733w, https:\/\/www.salzburgerland.com\/de\/magazin\/wp-content\/uploads\/2025\/02\/Bild-08-@-Nicole-Leitner-140x105.jpeg 140w, https:\/\/www.salzburgerland.com\/de\/magazin\/wp-content\/uploads\/2025\/02\/Bild-08-@-Nicole-Leitner-533x400.jpeg 533w, https:\/\/www.salzburgerland.com\/de\/magazin\/wp-content\/uploads\/2025\/02\/Bild-08-@-Nicole-Leitner-960x720.jpeg 960w, https:\/\/www.salzburgerland.com\/de\/magazin\/wp-content\/uploads\/2025\/02\/Bild-08-@-Nicole-Leitner-1320x990.jpeg 1320w, https:\/\/www.salzburgerland.com\/de\/magazin\/wp-content\/uploads\/2025\/02\/Bild-08-@-Nicole-Leitner-1200x900.jpeg 1200w, https:\/\/www.salzburgerland.com\/de\/magazin\/wp-content\/uploads\/2025\/02\/Bild-08-@-Nicole-Leitner-150x113.jpeg 150w\" sizes=\"auto, (max-width: 1600px) 100vw, 1600px\" \/><figcaption class=\"wp-element-caption\">Die Salzburger Seminarb\u00e4uerinnen bei der Ski WM 2025 in Saalbach @ Nicole Leitner<\/figcaption><\/figure>\n\n\n\n<h2 class=\"wp-block-heading\" id=\"h-25-frauen-1-leidenschaft-nbsp\">25 Frauen \u2013 1 Leidenschaft&nbsp;<\/h2>\n\n\n\n<p>In den zahlreichen, saisonal abgestimmten Kursen wird dieses Wissen an Interessierte aller Altersstufen weitergegeben. Die Salzburger Seminarb\u00e4uerinnen verstehen sich nicht nur als Wissensvermittlerinnen, sondern auch als Botschafterinnen f\u00fcr Regionalit\u00e4t, Nachhaltigkeit und b\u00e4uerliche Traditionen. Und jede B\u00e4uerin hat ihr eigenes Steckenpferd \u2013 das reicht vom Brotbacken, \u00fcber Gem\u00fcseinlegen bis zur Zubereitung von Fleischgerichten. Dementsprechend umfassend ist auch das Kursangebot \u2013 ob Fleichtiger, Suppenliebhaber, S\u00fc\u00dfspecht oder Vegetariern, hier wird jede*r f\u00fcndig. Und auch Kinder k\u00f6nnen sich schon zu kleinen K\u00fcchenprofis ausbilden lassen. Die aktuellen Kursangebote findet man unter <a href=\"https:\/\/www.salzburger-seminarbauerinnen.at\/kursangebote\" target=\"_blank\" rel=\"noreferrer noopener\">www.salzburger-seminarbauerinnen.at\/kursangebote<\/a><\/p>\n\n\n\n<figure class=\"wp-block-embed is-type-video is-provider-youtube wp-block-embed-youtube wp-embed-aspect-16-9 wp-has-aspect-ratio\"><div class=\"wp-block-embed__wrapper\">\n<iframe loading=\"lazy\" title=\"Wir Salzburger Seminarb\u00e4uerinnen\" width=\"640\" height=\"360\" src=\"https:\/\/www.youtube-nocookie.com\/embed\/zwE87wDdbBE?feature=oembed&#038;rel=0&#038;modestbranding=1\" frameborder=\"0\" allow=\"accelerometer; autoplay; clipboard-write; encrypted-media; gyroscope; picture-in-picture; web-share\" referrerpolicy=\"strict-origin-when-cross-origin\" allowfullscreen><\/iframe>\n<\/div><\/figure>\n\n\n\n<h2 class=\"wp-block-heading\" id=\"h-liebe-zum-detail-nbsp\">Liebe zum Detail&nbsp;<\/h2>\n\n\n\n<p>Das umfassende Wissen, die jahrelange praktische Erfahrung und auch der Austausch untereinander machen die Kochkurse der Salzburger Seminarb\u00e4uerinnen zu etwas Besonderem. Neben den Rezepten gibt es f\u00fcr die Teilnehmer*innen auch immer praktische Tipps und Anregungen und auch auf Spezialfragen werden die Seminarb\u00e4uerinnen immer kompetente Auskunft geben k\u00f6nnen. Und ganz wichtig: \u201cDie liebevoll gekochten Gerichte m\u00fcssen auch genauso liebevoll angerichtet werden. Und ein h\u00fcbsch gedeckter Tisch wertet jedes Essen zus\u00e4tzlich auf\u201c, ist Andrea Schilchegger, Seminarb\u00e4urerin vom Windhofgut in Annaberg \u00fcberzeugt.&nbsp;<\/p>\n\n\n\n<p><strong>Unser Tipp<\/strong>: Immer wieder neue Rezeptideen findet man auf der Website der Seminarb\u00e4uerinnen unter <a href=\"https:\/\/www.salzburger-seminarbauerinnen.at\/rezepte\" target=\"_blank\" rel=\"noreferrer noopener\">www.salzburger-seminarbauerinnen.at\/rezepte&nbsp;<\/a><\/p>\n\n\n<div class=\"mag-gallery\"><div class=\"row\"><div class=\"col-6 col-sm-4\"><figure><a class=\"thumb-container\" href=\"https:\/\/www.salzburgerland.com\/de\/magazin\/wp-content\/uploads\/2025\/02\/Linsenaufstrich-mit-Tomaten-II%C2%A9Salzburger-Agrar-Marketing_Martina-Hoefelmaier-1280x1024.jpg\">\t<picture><source media=\"(min-width: 576px)\" srcset=\"https:\/\/www.salzburgerland.com\/de\/magazin\/wp-content\/uploads\/2025\/02\/Linsenaufstrich-mit-Tomaten-II&copy;Salzburger-Agrar-Marketing_Martina-Hoefelmaier-418x650.jpg 418w, https:\/\/www.salzburgerland.com\/de\/magazin\/wp-content\/uploads\/2025\/02\/Linsenaufstrich-mit-Tomaten-II&copy;Salzburger-Agrar-Marketing_Martina-Hoefelmaier-209x325.jpg 209w\"><\/source><source media=\"(min-width: 0)\" srcset=\"https:\/\/www.salzburgerland.com\/de\/magazin\/wp-content\/uploads\/2025\/02\/Linsenaufstrich-mit-Tomaten-II&copy;Salzburger-Agrar-Marketing_Martina-Hoefelmaier-209x325.jpg 209w, https:\/\/www.salzburgerland.com\/de\/magazin\/wp-content\/uploads\/2025\/02\/Linsenaufstrich-mit-Tomaten-II&copy;Salzburger-Agrar-Marketing_Martina-Hoefelmaier-418x650.jpg 418w\"><\/source><img decoding=\"async\" alt=\"Eine Schale mit cremigem Aufstrich mit Kr&auml;utern, Brotscheiben und einem Messer auf einem blau karierten Tuch.\" src=\"https:\/\/www.salzburgerland.com\/de\/magazin\/wp-content\/uploads\/2025\/02\/Linsenaufstrich-mit-Tomaten-II%C2%A9Salzburger-Agrar-Marketing_Martina-Hoefelmaier.jpg\">\t<\/picture><figcaption>Kochkurs Seminarb&auml;uerinnen &#8211; Essbare Sch&auml;tze, Linsenaufstrich  @ Martina H&ouml;felmaier<\/figcaption><\/a><\/figure><\/div><div class=\"col-6 col-sm-4\"><figure><a class=\"thumb-container\" href=\"https:\/\/www.salzburgerland.com\/de\/magazin\/wp-content\/uploads\/2025\/02\/Kalbsbackerl-Pastinakencreme-Griessknoedel-III%C2%A9Salzburger-Agrar-Marketing_Martina-Hoefelmaier-1280x1024.jpg\">\t<picture><source media=\"(min-width: 576px)\" srcset=\"https:\/\/www.salzburgerland.com\/de\/magazin\/wp-content\/uploads\/2025\/02\/Kalbsbackerl-Pastinakencreme-Griessknoedel-III&copy;Salzburger-Agrar-Marketing_Martina-Hoefelmaier-418x650.jpg 418w, https:\/\/www.salzburgerland.com\/de\/magazin\/wp-content\/uploads\/2025\/02\/Kalbsbackerl-Pastinakencreme-Griessknoedel-III&copy;Salzburger-Agrar-Marketing_Martina-Hoefelmaier-209x325.jpg 209w\"><\/source><source media=\"(min-width: 0)\" srcset=\"https:\/\/www.salzburgerland.com\/de\/magazin\/wp-content\/uploads\/2025\/02\/Kalbsbackerl-Pastinakencreme-Griessknoedel-III&copy;Salzburger-Agrar-Marketing_Martina-Hoefelmaier-209x325.jpg 209w, https:\/\/www.salzburgerland.com\/de\/magazin\/wp-content\/uploads\/2025\/02\/Kalbsbackerl-Pastinakencreme-Griessknoedel-III&copy;Salzburger-Agrar-Marketing_Martina-Hoefelmaier-418x650.jpg 418w\"><\/source><img decoding=\"async\" alt=\"Ein Gourmetgericht mit geschmortem Fleisch, Karottenb&auml;ndern, Kartoffelp&uuml;ree und gr&uuml;ner Kr&auml;utergarnitur auf einem rustikalen Teller.\" src=\"https:\/\/www.salzburgerland.com\/de\/magazin\/wp-content\/uploads\/2025\/02\/Kalbsbackerl-Pastinakencreme-Griessknoedel-III%C2%A9Salzburger-Agrar-Marketing_Martina-Hoefelmaier.jpg\">\t<\/picture><figcaption>Kochkurs Seminarb&auml;uerinnen -Essbare Sch&auml;tze, Kalbsbackerl, Pastinakencreme, Grie&szlig;kn&ouml;del @ Martina H&ouml;felmaier<\/figcaption><\/a><\/figure><\/div><div class=\"col-6 col-sm-4\"><figure><a class=\"thumb-container\" href=\"https:\/\/www.salzburgerland.com\/de\/magazin\/wp-content\/uploads\/2025\/02\/Confierter-Saibling-Rollgerste-Kuerbis-Kraut-I%C2%A9Salzburger-Agrar-Marketing_Martina-Hoefelmaier-1280x1024.jpg\">\t<picture><source media=\"(min-width: 576px)\" srcset=\"https:\/\/www.salzburgerland.com\/de\/magazin\/wp-content\/uploads\/2025\/02\/Confierter-Saibling-Rollgerste-Kuerbis-Kraut-I&copy;Salzburger-Agrar-Marketing_Martina-Hoefelmaier-418x650.jpg 418w, https:\/\/www.salzburgerland.com\/de\/magazin\/wp-content\/uploads\/2025\/02\/Confierter-Saibling-Rollgerste-Kuerbis-Kraut-I&copy;Salzburger-Agrar-Marketing_Martina-Hoefelmaier-209x325.jpg 209w\"><\/source><source media=\"(min-width: 0)\" srcset=\"https:\/\/www.salzburgerland.com\/de\/magazin\/wp-content\/uploads\/2025\/02\/Confierter-Saibling-Rollgerste-Kuerbis-Kraut-I&copy;Salzburger-Agrar-Marketing_Martina-Hoefelmaier-209x325.jpg 209w, https:\/\/www.salzburgerland.com\/de\/magazin\/wp-content\/uploads\/2025\/02\/Confierter-Saibling-Rollgerste-Kuerbis-Kraut-I&copy;Salzburger-Agrar-Marketing_Martina-Hoefelmaier-418x650.jpg 418w\"><\/source><img decoding=\"async\" alt=\"Graue Schale mit einem mit Kr&auml;utern garnierten Gourmetteller auf einem rustikalen Holztisch mit Besteck daneben.\" src=\"https:\/\/www.salzburgerland.com\/de\/magazin\/wp-content\/uploads\/2025\/02\/Confierter-Saibling-Rollgerste-Kuerbis-Kraut-I%C2%A9Salzburger-Agrar-Marketing_Martina-Hoefelmaier.jpg\">\t<\/picture><figcaption>Kochkurs Seminarb&auml;uerinnen &#8211; Essbare Sch&auml;tze, Confierter Saibling, Rollgerste, K&uuml;rbiskraut @ Martina H&ouml;felmaier<\/figcaption><\/a><\/figure><\/div><\/div><figcaption><\/figcaption><\/div>\n","protected":false},"excerpt":{"rendered":"<p>Wer, wenn nicht sie, kennen sich aus, wenn es um Lebensmittel aus dem SalzburgerLand geht. Immerhin leben die Salzburger Seminarb\u00e4uerinnen&nbsp;von der Landwirtschaft und die Veredelung und Verarbeitung geh\u00f6rt zu ihrer t\u00e4glichen Arbeit. Wobei es das Wort \u201cArbeit\u201d nicht richtig trifft, vielmehr ist es die Leidenschaft, die die derzeit 25 Landwirtinnen antreibt. &nbsp; Ob Kochen, Backen [&hellip;]<\/p>\n","protected":false},"author":90,"featured_media":181180,"comment_status":"closed","ping_status":"closed","sticky":false,"template":"","format":"standard","meta":{"_acf_changed":false,"wl_entities_gutenberg":"","_wl_entity_redirect_enabled":"","footnotes":""},"categories":[3],"tags":[],"wl_entity_type":[306],"monatsauswahl":[],"class_list":["post-181177","post","type-post","status-publish","format-standard","has-post-thumbnail","hentry","category-essen-trinken","wl_entity_type-article"],"acf":[],"yoast_head":"<!-- This site is optimized with the Yoast SEO Premium plugin v27.4 (Yoast SEO v27.4) - https:\/\/yoast.com\/product\/yoast-seo-premium-wordpress\/ -->\n<title>Salzburger Seminarb\u00e4uerinnen - SalzburgerLand Magazin<\/title>\n<meta name=\"robots\" content=\"index, follow, max-snippet:-1, max-image-preview:large, max-video-preview:-1\" \/>\n<link rel=\"canonical\" href=\"https:\/\/www.salzburgerland.com\/de\/magazin\/salzburger-seminarbaeuerinnen\/\" \/>\n<meta property=\"og:locale\" content=\"de_DE\" \/>\n<meta property=\"og:type\" content=\"article\" \/>\n<meta property=\"og:title\" content=\"Salzburger Seminarb\u00e4uerinnen\" \/>\n<meta property=\"og:description\" content=\"Wer, wenn nicht sie, kennen sich aus, wenn es um Lebensmittel aus dem SalzburgerLand geht. Immerhin leben die Salzburger Seminarb\u00e4uerinnen&nbsp;von der Landwirtschaft und die Veredelung und Verarbeitung geh\u00f6rt zu ihrer t\u00e4glichen Arbeit. Wobei es das Wort \u201cArbeit\u201d nicht richtig trifft, vielmehr ist es die Leidenschaft, die die derzeit 25 Landwirtinnen antreibt. &nbsp; Ob Kochen, Backen [&hellip;]\" \/>\n<meta property=\"og:url\" content=\"https:\/\/www.salzburgerland.com\/de\/magazin\/salzburger-seminarbaeuerinnen\/\" \/>\n<meta property=\"og:site_name\" content=\"SalzburgerLand Magazin\" \/>\n<meta property=\"article:publisher\" content=\"https:\/\/www.facebook.com\/salzburgerland\/\" \/>\n<meta property=\"article:published_time\" content=\"2025-03-07T06:00:00+00:00\" \/>\n<meta property=\"og:image\" content=\"https:\/\/www.salzburgerland.com\/de\/magazin\/wp-content\/uploads\/2025\/02\/Gast_Salzburg_Agrar_Marketing_167.jpg\" \/>\n\t<meta property=\"og:image:width\" content=\"1920\" \/>\n\t<meta property=\"og:image:height\" content=\"1279\" \/>\n\t<meta property=\"og:image:type\" content=\"image\/jpeg\" \/>\n<meta name=\"author\" content=\"Ulli Hammerl\" \/>\n<meta name=\"twitter:card\" content=\"summary_large_image\" \/>\n<meta name=\"twitter:creator\" content=\"@Salzburgerland\" \/>\n<meta name=\"twitter:site\" content=\"@Salzburgerland\" \/>\n<meta name=\"twitter:label1\" content=\"Verfasst von\" \/>\n\t<meta name=\"twitter:data1\" content=\"Ulli Hammerl\" \/>\n\t<meta name=\"twitter:label2\" content=\"Gesch\u00e4tzte Lesezeit\" \/>\n\t<meta name=\"twitter:data2\" content=\"4\u00a0Minuten\" \/>\n<script type=\"application\/ld+json\" class=\"yoast-schema-graph\">{\"@context\":\"https:\\\/\\\/schema.org\",\"@graph\":[{\"@type\":\"Article\",\"@id\":\"https:\\\/\\\/www.salzburgerland.com\\\/de\\\/magazin\\\/salzburger-seminarbaeuerinnen\\\/#article\",\"isPartOf\":{\"@id\":\"https:\\\/\\\/www.salzburgerland.com\\\/de\\\/magazin\\\/salzburger-seminarbaeuerinnen\\\/\"},\"author\":{\"name\":\"Ulli Hammerl\",\"@id\":\"https:\\\/\\\/www.salzburgerland.com\\\/de\\\/magazin\\\/#\\\/schema\\\/person\\\/a55a4fee1009b9e458d298480a18a9f7\"},\"headline\":\"Salzburger Seminarb\u00e4uerinnen\",\"datePublished\":\"2025-03-07T06:00:00+00:00\",\"mainEntityOfPage\":{\"@id\":\"https:\\\/\\\/www.salzburgerland.com\\\/de\\\/magazin\\\/salzburger-seminarbaeuerinnen\\\/\"},\"wordCount\":571,\"publisher\":{\"@id\":\"https:\\\/\\\/www.salzburgerland.com\\\/de\\\/magazin\\\/#organization\"},\"image\":{\"@id\":\"https:\\\/\\\/www.salzburgerland.com\\\/de\\\/magazin\\\/salzburger-seminarbaeuerinnen\\\/#primaryimage\"},\"thumbnailUrl\":\"https:\\\/\\\/www.salzburgerland.com\\\/de\\\/magazin\\\/wp-content\\\/uploads\\\/2025\\\/02\\\/Gast_Salzburg_Agrar_Marketing_167.jpg\",\"articleSection\":[\"Essen &amp; Trinken\"],\"inLanguage\":\"de\"},{\"@type\":\"WebPage\",\"@id\":\"https:\\\/\\\/www.salzburgerland.com\\\/de\\\/magazin\\\/salzburger-seminarbaeuerinnen\\\/\",\"url\":\"https:\\\/\\\/www.salzburgerland.com\\\/de\\\/magazin\\\/salzburger-seminarbaeuerinnen\\\/\",\"name\":\"Salzburger Seminarb\u00e4uerinnen - SalzburgerLand Magazin\",\"isPartOf\":{\"@id\":\"https:\\\/\\\/www.salzburgerland.com\\\/de\\\/magazin\\\/#website\"},\"primaryImageOfPage\":{\"@id\":\"https:\\\/\\\/www.salzburgerland.com\\\/de\\\/magazin\\\/salzburger-seminarbaeuerinnen\\\/#primaryimage\"},\"image\":{\"@id\":\"https:\\\/\\\/www.salzburgerland.com\\\/de\\\/magazin\\\/salzburger-seminarbaeuerinnen\\\/#primaryimage\"},\"thumbnailUrl\":\"https:\\\/\\\/www.salzburgerland.com\\\/de\\\/magazin\\\/wp-content\\\/uploads\\\/2025\\\/02\\\/Gast_Salzburg_Agrar_Marketing_167.jpg\",\"datePublished\":\"2025-03-07T06:00:00+00:00\",\"breadcrumb\":{\"@id\":\"https:\\\/\\\/www.salzburgerland.com\\\/de\\\/magazin\\\/salzburger-seminarbaeuerinnen\\\/#breadcrumb\"},\"inLanguage\":\"de\",\"potentialAction\":[{\"@type\":\"ReadAction\",\"target\":[\"https:\\\/\\\/www.salzburgerland.com\\\/de\\\/magazin\\\/salzburger-seminarbaeuerinnen\\\/\"]}]},{\"@type\":\"ImageObject\",\"inLanguage\":\"de\",\"@id\":\"https:\\\/\\\/www.salzburgerland.com\\\/de\\\/magazin\\\/salzburger-seminarbaeuerinnen\\\/#primaryimage\",\"url\":\"https:\\\/\\\/www.salzburgerland.com\\\/de\\\/magazin\\\/wp-content\\\/uploads\\\/2025\\\/02\\\/Gast_Salzburg_Agrar_Marketing_167.jpg\",\"contentUrl\":\"https:\\\/\\\/www.salzburgerland.com\\\/de\\\/magazin\\\/wp-content\\\/uploads\\\/2025\\\/02\\\/Gast_Salzburg_Agrar_Marketing_167.jpg\",\"width\":1920,\"height\":1279,\"caption\":\"@ Salzburger Seminarb\u00e4uerinnen\"},{\"@type\":\"BreadcrumbList\",\"@id\":\"https:\\\/\\\/www.salzburgerland.com\\\/de\\\/magazin\\\/salzburger-seminarbaeuerinnen\\\/#breadcrumb\",\"itemListElement\":[{\"@type\":\"ListItem\",\"position\":1,\"name\":\"Startseite\",\"item\":\"https:\\\/\\\/www.salzburgerland.com\\\/de\\\/magazin\\\/\"},{\"@type\":\"ListItem\",\"position\":2,\"name\":\"Essen &amp; Trinken\",\"item\":\"https:\\\/\\\/www.salzburgerland.com\\\/de\\\/magazin\\\/thema\\\/essen-trinken\\\/\"},{\"@type\":\"ListItem\",\"position\":3,\"name\":\"Salzburger Seminarb\u00e4uerinnen\"}]},{\"@type\":\"WebSite\",\"@id\":\"https:\\\/\\\/www.salzburgerland.com\\\/de\\\/magazin\\\/#website\",\"url\":\"https:\\\/\\\/www.salzburgerland.com\\\/de\\\/magazin\\\/\",\"name\":\"SalzburgerLand Magazin\",\"description\":\"Geschichten und Interessantes aus dem SalzburgerLand\",\"publisher\":{\"@id\":\"https:\\\/\\\/www.salzburgerland.com\\\/de\\\/magazin\\\/#organization\"},\"potentialAction\":[{\"@type\":\"SearchAction\",\"target\":{\"@type\":\"EntryPoint\",\"urlTemplate\":\"https:\\\/\\\/www.salzburgerland.com\\\/de\\\/magazin\\\/?s={search_term_string}\"},\"query-input\":{\"@type\":\"PropertyValueSpecification\",\"valueRequired\":true,\"valueName\":\"search_term_string\"}}],\"inLanguage\":\"de\"},{\"@type\":\"Organization\",\"@id\":\"https:\\\/\\\/www.salzburgerland.com\\\/de\\\/magazin\\\/#organization\",\"name\":\"SalzburgerLand Tourismus\",\"url\":\"https:\\\/\\\/www.salzburgerland.com\\\/de\\\/magazin\\\/\",\"logo\":{\"@type\":\"ImageObject\",\"inLanguage\":\"de\",\"@id\":\"https:\\\/\\\/www.salzburgerland.com\\\/de\\\/magazin\\\/#\\\/schema\\\/logo\\\/image\\\/\",\"url\":\"https:\\\/\\\/www.salzburgerland.com\\\/de\\\/magazin\\\/wp-content\\\/uploads\\\/2019\\\/06\\\/salzburgerland-logo1.jpg\",\"contentUrl\":\"https:\\\/\\\/www.salzburgerland.com\\\/de\\\/magazin\\\/wp-content\\\/uploads\\\/2019\\\/06\\\/salzburgerland-logo1.jpg\",\"width\":2011,\"height\":866,\"caption\":\"SalzburgerLand Tourismus\"},\"image\":{\"@id\":\"https:\\\/\\\/www.salzburgerland.com\\\/de\\\/magazin\\\/#\\\/schema\\\/logo\\\/image\\\/\"},\"sameAs\":[\"https:\\\/\\\/www.facebook.com\\\/salzburgerland\\\/\",\"https:\\\/\\\/x.com\\\/Salzburgerland\",\"https:\\\/\\\/www.instagram.com\\\/salzburgerland\\\/\",\"https:\\\/\\\/at.linkedin.com\\\/company\\\/salzburgerland-tourismus-gmbh\",\"https:\\\/\\\/www.pinterest.at\\\/salzburgerland\\\/\",\"https:\\\/\\\/www.youtube.com\\\/user\\\/salzburgerland\",\"https:\\\/\\\/de.wikipedia.org\\\/wiki\\\/SalzburgerLand_Tourismus_GmbH\"]},{\"@type\":\"Person\",\"@id\":\"https:\\\/\\\/www.salzburgerland.com\\\/de\\\/magazin\\\/#\\\/schema\\\/person\\\/a55a4fee1009b9e458d298480a18a9f7\",\"name\":\"Ulli Hammerl\",\"description\":\"Geboren und aufgewachsen in der Stadt Salzburg war Ulli Hammerl fr\u00fch bewusst, in einer der sch\u00f6nsten St\u00e4dte der Welt zu leben. So ist sie auch w\u00e4hrend ihres Studiums der Kommunikationswissenschaft und \u00d6kologie ihrer Heimatstadt treu geblieben. Gleich nach dem Studium ist sie zu SalzburgerLand Tourismus (SLTG) gegangen und hat hier von 1998 - 2004 u.a. die SalzburgerLand Card betreut. Dabei ist sie viel herumgekommen, wodurch auch die Liebe zum SalzburgerLand enstanden und gewachsen ist. Nach der Geburt ihrer Tochter im September 2004 hat sich Ulli Hammerl 2007 mit einer Agentur selbst\u00e4ndig gemacht. Mein pers\u00f6nlicher Logenplatz: Hoch \u00fcber Salzburg, abseits der stark begangenen Wege mit Blick auf die D\u00e4cher und Kircht\u00fcrme der Stadt \u2013 hier geht mir das Herz auf! Morgen- oder Abendmensch: Ganz klar: Morgenmensch. Wenn um 5.00 Uhr fr\u00fch die V\u00f6gel zwitschern und rund herum noch alles in tiefer Ruhe versinkt, dann ist meine Zeit. Ausgeschlafen, Energie geladen und voller Tatendrang starte ich am liebsten in den fr\u00fchen Morgenstunden in den Tag. Daf\u00fcr kann man nach 21.00 Uhr nicht mehr mit mir rechnen. Buch oder Film: Es gibt nichts Sch\u00f6neres, als es sich am Ende des Tages auf der Couch gem\u00fctlich zu machen und in die Gedankenwelt eines guten Buches einzutauchen \u2013 Lesen ist Abenteuer im Kopf. Wandern, Spazierengehen oder Laufen: alles drei und zwar am besten jeden Tag. Mit ein bisschen Zeiteinteilung geht es sich tats\u00e4chlich fast gehen Tag aus, drau\u00dfen unterwegs zu sein. Fr\u00fchling, Sommer, Herbst oder Winter: Ich kann es im Fr\u00fchling kaum erwarten, die ersten Gr\u00fcnschattierungen in der Natur zu entdecken. Ich liebe hei\u00dfe Sommertage am See und laue Sommerabende am Balkon. Ich mag es, wenn im Herbst die W\u00e4lder in einem Meer aus Farben erstrahlen, Laubrascheln und Kastanien sammeln. Und ich freue mich wie ein Kind, wenn im Dezember die ersten Schneeflocken vom Himmel schweben. Die vier Jahreszeiten sind etwas Wunderbares.\",\"url\":\"https:\\\/\\\/www.salzburgerland.com\\\/de\\\/magazin\\\/author\\\/ulli-hammerl\\\/\"}]}<\/script>\n<meta property=\"og:video\" content=\"https:\/\/www.youtube.com\/embed\/zwE87wDdbBE\" \/>\n<meta property=\"og:video:type\" content=\"text\/html\" \/>\n<meta property=\"og:video:duration\" content=\"127\" \/>\n<meta property=\"og:video:width\" content=\"480\" \/>\n<meta property=\"og:video:height\" content=\"270\" \/>\n<meta property=\"ya:ovs:adult\" content=\"false\" \/>\n<meta property=\"ya:ovs:upload_date\" content=\"2025-03-07T06:00:00+00:00\" \/>\n<meta property=\"ya:ovs:allow_embed\" content=\"true\" \/>\n<!-- \/ Yoast SEO Premium plugin. -->","yoast_head_json":{"title":"Salzburger Seminarb\u00e4uerinnen - SalzburgerLand Magazin","robots":{"index":"index","follow":"follow","max-snippet":"max-snippet:-1","max-image-preview":"max-image-preview:large","max-video-preview":"max-video-preview:-1"},"canonical":"https:\/\/www.salzburgerland.com\/de\/magazin\/salzburger-seminarbaeuerinnen\/","og_locale":"de_DE","og_type":"article","og_title":"Salzburger Seminarb\u00e4uerinnen","og_description":"Wer, wenn nicht sie, kennen sich aus, wenn es um Lebensmittel aus dem SalzburgerLand geht. Immerhin leben die Salzburger Seminarb\u00e4uerinnen&nbsp;von der Landwirtschaft und die Veredelung und Verarbeitung geh\u00f6rt zu ihrer t\u00e4glichen Arbeit. Wobei es das Wort \u201cArbeit\u201d nicht richtig trifft, vielmehr ist es die Leidenschaft, die die derzeit 25 Landwirtinnen antreibt. &nbsp; Ob Kochen, Backen [&hellip;]","og_url":"https:\/\/www.salzburgerland.com\/de\/magazin\/salzburger-seminarbaeuerinnen\/","og_site_name":"SalzburgerLand Magazin","article_publisher":"https:\/\/www.facebook.com\/salzburgerland\/","article_published_time":"2025-03-07T06:00:00+00:00","og_image":[{"width":1920,"height":1279,"url":"https:\/\/www.salzburgerland.com\/de\/magazin\/wp-content\/uploads\/2025\/02\/Gast_Salzburg_Agrar_Marketing_167.jpg","type":"image\/jpeg"}],"author":"Ulli Hammerl","twitter_card":"summary_large_image","twitter_creator":"@Salzburgerland","twitter_site":"@Salzburgerland","twitter_misc":{"Verfasst von":"Ulli Hammerl","Gesch\u00e4tzte Lesezeit":"4\u00a0Minuten"},"schema":{"@context":"https:\/\/schema.org","@graph":[{"@type":"Article","@id":"https:\/\/www.salzburgerland.com\/de\/magazin\/salzburger-seminarbaeuerinnen\/#article","isPartOf":{"@id":"https:\/\/www.salzburgerland.com\/de\/magazin\/salzburger-seminarbaeuerinnen\/"},"author":{"name":"Ulli Hammerl","@id":"https:\/\/www.salzburgerland.com\/de\/magazin\/#\/schema\/person\/a55a4fee1009b9e458d298480a18a9f7"},"headline":"Salzburger Seminarb\u00e4uerinnen","datePublished":"2025-03-07T06:00:00+00:00","mainEntityOfPage":{"@id":"https:\/\/www.salzburgerland.com\/de\/magazin\/salzburger-seminarbaeuerinnen\/"},"wordCount":571,"publisher":{"@id":"https:\/\/www.salzburgerland.com\/de\/magazin\/#organization"},"image":{"@id":"https:\/\/www.salzburgerland.com\/de\/magazin\/salzburger-seminarbaeuerinnen\/#primaryimage"},"thumbnailUrl":"https:\/\/www.salzburgerland.com\/de\/magazin\/wp-content\/uploads\/2025\/02\/Gast_Salzburg_Agrar_Marketing_167.jpg","articleSection":["Essen &amp; Trinken"],"inLanguage":"de"},{"@type":"WebPage","@id":"https:\/\/www.salzburgerland.com\/de\/magazin\/salzburger-seminarbaeuerinnen\/","url":"https:\/\/www.salzburgerland.com\/de\/magazin\/salzburger-seminarbaeuerinnen\/","name":"Salzburger Seminarb\u00e4uerinnen - SalzburgerLand Magazin","isPartOf":{"@id":"https:\/\/www.salzburgerland.com\/de\/magazin\/#website"},"primaryImageOfPage":{"@id":"https:\/\/www.salzburgerland.com\/de\/magazin\/salzburger-seminarbaeuerinnen\/#primaryimage"},"image":{"@id":"https:\/\/www.salzburgerland.com\/de\/magazin\/salzburger-seminarbaeuerinnen\/#primaryimage"},"thumbnailUrl":"https:\/\/www.salzburgerland.com\/de\/magazin\/wp-content\/uploads\/2025\/02\/Gast_Salzburg_Agrar_Marketing_167.jpg","datePublished":"2025-03-07T06:00:00+00:00","breadcrumb":{"@id":"https:\/\/www.salzburgerland.com\/de\/magazin\/salzburger-seminarbaeuerinnen\/#breadcrumb"},"inLanguage":"de","potentialAction":[{"@type":"ReadAction","target":["https:\/\/www.salzburgerland.com\/de\/magazin\/salzburger-seminarbaeuerinnen\/"]}]},{"@type":"ImageObject","inLanguage":"de","@id":"https:\/\/www.salzburgerland.com\/de\/magazin\/salzburger-seminarbaeuerinnen\/#primaryimage","url":"https:\/\/www.salzburgerland.com\/de\/magazin\/wp-content\/uploads\/2025\/02\/Gast_Salzburg_Agrar_Marketing_167.jpg","contentUrl":"https:\/\/www.salzburgerland.com\/de\/magazin\/wp-content\/uploads\/2025\/02\/Gast_Salzburg_Agrar_Marketing_167.jpg","width":1920,"height":1279,"caption":"@ Salzburger Seminarb\u00e4uerinnen"},{"@type":"BreadcrumbList","@id":"https:\/\/www.salzburgerland.com\/de\/magazin\/salzburger-seminarbaeuerinnen\/#breadcrumb","itemListElement":[{"@type":"ListItem","position":1,"name":"Startseite","item":"https:\/\/www.salzburgerland.com\/de\/magazin\/"},{"@type":"ListItem","position":2,"name":"Essen &amp; Trinken","item":"https:\/\/www.salzburgerland.com\/de\/magazin\/thema\/essen-trinken\/"},{"@type":"ListItem","position":3,"name":"Salzburger Seminarb\u00e4uerinnen"}]},{"@type":"WebSite","@id":"https:\/\/www.salzburgerland.com\/de\/magazin\/#website","url":"https:\/\/www.salzburgerland.com\/de\/magazin\/","name":"SalzburgerLand Magazin","description":"Geschichten und Interessantes aus dem SalzburgerLand","publisher":{"@id":"https:\/\/www.salzburgerland.com\/de\/magazin\/#organization"},"potentialAction":[{"@type":"SearchAction","target":{"@type":"EntryPoint","urlTemplate":"https:\/\/www.salzburgerland.com\/de\/magazin\/?s={search_term_string}"},"query-input":{"@type":"PropertyValueSpecification","valueRequired":true,"valueName":"search_term_string"}}],"inLanguage":"de"},{"@type":"Organization","@id":"https:\/\/www.salzburgerland.com\/de\/magazin\/#organization","name":"SalzburgerLand Tourismus","url":"https:\/\/www.salzburgerland.com\/de\/magazin\/","logo":{"@type":"ImageObject","inLanguage":"de","@id":"https:\/\/www.salzburgerland.com\/de\/magazin\/#\/schema\/logo\/image\/","url":"https:\/\/www.salzburgerland.com\/de\/magazin\/wp-content\/uploads\/2019\/06\/salzburgerland-logo1.jpg","contentUrl":"https:\/\/www.salzburgerland.com\/de\/magazin\/wp-content\/uploads\/2019\/06\/salzburgerland-logo1.jpg","width":2011,"height":866,"caption":"SalzburgerLand Tourismus"},"image":{"@id":"https:\/\/www.salzburgerland.com\/de\/magazin\/#\/schema\/logo\/image\/"},"sameAs":["https:\/\/www.facebook.com\/salzburgerland\/","https:\/\/x.com\/Salzburgerland","https:\/\/www.instagram.com\/salzburgerland\/","https:\/\/at.linkedin.com\/company\/salzburgerland-tourismus-gmbh","https:\/\/www.pinterest.at\/salzburgerland\/","https:\/\/www.youtube.com\/user\/salzburgerland","https:\/\/de.wikipedia.org\/wiki\/SalzburgerLand_Tourismus_GmbH"]},{"@type":"Person","@id":"https:\/\/www.salzburgerland.com\/de\/magazin\/#\/schema\/person\/a55a4fee1009b9e458d298480a18a9f7","name":"Ulli Hammerl","description":"Geboren und aufgewachsen in der Stadt Salzburg war Ulli Hammerl fr\u00fch bewusst, in einer der sch\u00f6nsten St\u00e4dte der Welt zu leben. So ist sie auch w\u00e4hrend ihres Studiums der Kommunikationswissenschaft und \u00d6kologie ihrer Heimatstadt treu geblieben. Gleich nach dem Studium ist sie zu SalzburgerLand Tourismus (SLTG) gegangen und hat hier von 1998 - 2004 u.a. die SalzburgerLand Card betreut. Dabei ist sie viel herumgekommen, wodurch auch die Liebe zum SalzburgerLand enstanden und gewachsen ist. Nach der Geburt ihrer Tochter im September 2004 hat sich Ulli Hammerl 2007 mit einer Agentur selbst\u00e4ndig gemacht. Mein pers\u00f6nlicher Logenplatz: Hoch \u00fcber Salzburg, abseits der stark begangenen Wege mit Blick auf die D\u00e4cher und Kircht\u00fcrme der Stadt \u2013 hier geht mir das Herz auf! Morgen- oder Abendmensch: Ganz klar: Morgenmensch. Wenn um 5.00 Uhr fr\u00fch die V\u00f6gel zwitschern und rund herum noch alles in tiefer Ruhe versinkt, dann ist meine Zeit. Ausgeschlafen, Energie geladen und voller Tatendrang starte ich am liebsten in den fr\u00fchen Morgenstunden in den Tag. Daf\u00fcr kann man nach 21.00 Uhr nicht mehr mit mir rechnen. Buch oder Film: Es gibt nichts Sch\u00f6neres, als es sich am Ende des Tages auf der Couch gem\u00fctlich zu machen und in die Gedankenwelt eines guten Buches einzutauchen \u2013 Lesen ist Abenteuer im Kopf. Wandern, Spazierengehen oder Laufen: alles drei und zwar am besten jeden Tag. Mit ein bisschen Zeiteinteilung geht es sich tats\u00e4chlich fast gehen Tag aus, drau\u00dfen unterwegs zu sein. Fr\u00fchling, Sommer, Herbst oder Winter: Ich kann es im Fr\u00fchling kaum erwarten, die ersten Gr\u00fcnschattierungen in der Natur zu entdecken. Ich liebe hei\u00dfe Sommertage am See und laue Sommerabende am Balkon. Ich mag es, wenn im Herbst die W\u00e4lder in einem Meer aus Farben erstrahlen, Laubrascheln und Kastanien sammeln. Und ich freue mich wie ein Kind, wenn im Dezember die ersten Schneeflocken vom Himmel schweben. Die vier Jahreszeiten sind etwas Wunderbares.","url":"https:\/\/www.salzburgerland.com\/de\/magazin\/author\/ulli-hammerl\/"}]},"og_video":"https:\/\/www.youtube.com\/embed\/zwE87wDdbBE","og_video_type":"text\/html","og_video_duration":"127","og_video_width":"480","og_video_height":"270","ya_ovs_adult":"false","ya_ovs_upload_date":"2025-03-07T06:00:00+00:00","ya_ovs_allow_embed":"true"},"_wl_alt_label":[],"wl:entity_url":"http:\/\/open.salzburgerland.com\/magazin\/post\/salzburger-seminarbaeuerinnen-181177","_links":{"self":[{"href":"https:\/\/www.salzburgerland.com\/de\/magazin\/wp-json\/wp\/v2\/posts\/181177","targetHints":{"allow":["GET"]}}],"collection":[{"href":"https:\/\/www.salzburgerland.com\/de\/magazin\/wp-json\/wp\/v2\/posts"}],"about":[{"href":"https:\/\/www.salzburgerland.com\/de\/magazin\/wp-json\/wp\/v2\/types\/post"}],"author":[{"embeddable":true,"href":"https:\/\/www.salzburgerland.com\/de\/magazin\/wp-json\/wp\/v2\/users\/90"}],"replies":[{"embeddable":true,"href":"https:\/\/www.salzburgerland.com\/de\/magazin\/wp-json\/wp\/v2\/comments?post=181177"}],"version-history":[{"count":2,"href":"https:\/\/www.salzburgerland.com\/de\/magazin\/wp-json\/wp\/v2\/posts\/181177\/revisions"}],"predecessor-version":[{"id":181185,"href":"https:\/\/www.salzburgerland.com\/de\/magazin\/wp-json\/wp\/v2\/posts\/181177\/revisions\/181185"}],"wp:featuredmedia":[{"embeddable":true,"href":"https:\/\/www.salzburgerland.com\/de\/magazin\/wp-json\/wp\/v2\/media\/181180"}],"wp:attachment":[{"href":"https:\/\/www.salzburgerland.com\/de\/magazin\/wp-json\/wp\/v2\/media?parent=181177"}],"wp:term":[{"taxonomy":"category","embeddable":true,"href":"https:\/\/www.salzburgerland.com\/de\/magazin\/wp-json\/wp\/v2\/categories?post=181177"},{"taxonomy":"post_tag","embeddable":true,"href":"https:\/\/www.salzburgerland.com\/de\/magazin\/wp-json\/wp\/v2\/tags?post=181177"},{"taxonomy":"wl_entity_type","embeddable":true,"href":"https:\/\/www.salzburgerland.com\/de\/magazin\/wp-json\/wp\/v2\/wl_entity_type?post=181177"},{"taxonomy":"monatsauswahl","embeddable":true,"href":"https:\/\/www.salzburgerland.com\/de\/magazin\/wp-json\/wp\/v2\/monatsauswahl?post=181177"}],"curies":[{"name":"wp","href":"https:\/\/api.w.org\/{rel}","templated":true}]}}