{"id":180668,"date":"2025-03-03T07:00:00","date_gmt":"2025-03-03T06:00:00","guid":{"rendered":"https:\/\/www.salzburgerland.com\/de\/magazin\/?p=180668"},"modified":"2025-01-31T14:31:50","modified_gmt":"2025-01-31T13:31:50","slug":"parachute-ski-world-cup-in-st-johann","status":"publish","type":"post","link":"https:\/\/www.salzburgerland.com\/de\/magazin\/parachute-ski-world-cup-in-st-johann\/","title":{"rendered":"Parachute-Ski World Cup in St. Johann"},"content":{"rendered":"\n<div class=\"wp-block-slt-top topBlocks\">\n<h2 class=\"wp-block-slt-subtitle\">Skifahren + Fallschirmspringen = Mini-WM<\/h2>\n\n\n\n<p class=\"wp-block-slt-intro\">Skifahren und Fallschirmspringen \u2013 wie passen diese Sportarten zusammen? Beim Parachute-Ski World Cup in St. Johann treffen sie aufeinander. Und vom <a href=\"https:\/\/www.josalzburg.com\/de\/veranstaltung\/st-johann-in-salzburg-parachute-ski-weltmeisterschaften-und-weltcup-2025.html#13.03.2025%20-%2016.03.2025\" target=\"_blank\" rel=\"noreferrer noopener\">13. bis 16. M\u00e4rz 2025<\/a> kombinieren die Athlet*innen Adrenalin mit Pr\u00e4zision und Schnelligkeit. Und das Beste? Die Zuschauer sind kostenlos und hautnah bei dem Spektakel dabei.<\/p>\n<\/div>\n\n\n\n<figure class=\"wp-block-image size-full\"><img loading=\"lazy\" decoding=\"async\" width=\"2560\" height=\"1707\" src=\"https:\/\/www.salzburgerland.com\/de\/magazin\/wp-content\/uploads\/2025\/01\/24.03.15_ParaSkiWC-St.Johann_-133-\u00a9-Gerald-Oberreiter-scaled.jpg\" alt=\"Fallschirmsprung bei Parachute-Ski World Cup im Snow Space Salzburg \u00a9 Gerald Oberreiter\" class=\"wp-image-180674\" srcset=\"https:\/\/www.salzburgerland.com\/de\/magazin\/wp-content\/uploads\/2025\/01\/24.03.15_ParaSkiWC-St.Johann_-133-\u00a9-Gerald-Oberreiter-scaled.jpg 2560w, https:\/\/www.salzburgerland.com\/de\/magazin\/wp-content\/uploads\/2025\/01\/24.03.15_ParaSkiWC-St.Johann_-133-\u00a9-Gerald-Oberreiter-300x200.jpg 300w, https:\/\/www.salzburgerland.com\/de\/magazin\/wp-content\/uploads\/2025\/01\/24.03.15_ParaSkiWC-St.Johann_-133-\u00a9-Gerald-Oberreiter-1536x1024.jpg 1536w, https:\/\/www.salzburgerland.com\/de\/magazin\/wp-content\/uploads\/2025\/01\/24.03.15_ParaSkiWC-St.Johann_-133-\u00a9-Gerald-Oberreiter-2048x1365.jpg 2048w, https:\/\/www.salzburgerland.com\/de\/magazin\/wp-content\/uploads\/2025\/01\/24.03.15_ParaSkiWC-St.Johann_-133-\u00a9-Gerald-Oberreiter-825x550.jpg 825w, https:\/\/www.salzburgerland.com\/de\/magazin\/wp-content\/uploads\/2025\/01\/24.03.15_ParaSkiWC-St.Johann_-133-\u00a9-Gerald-Oberreiter-600x400.jpg 600w, https:\/\/www.salzburgerland.com\/de\/magazin\/wp-content\/uploads\/2025\/01\/24.03.15_ParaSkiWC-St.Johann_-133-\u00a9-Gerald-Oberreiter-1320x880.jpg 1320w, https:\/\/www.salzburgerland.com\/de\/magazin\/wp-content\/uploads\/2025\/01\/24.03.15_ParaSkiWC-St.Johann_-133-\u00a9-Gerald-Oberreiter-150x100.jpg 150w\" sizes=\"auto, (max-width: 2560px) 100vw, 2560px\" \/><\/figure>\n\n\n\n<h2 class=\"wp-block-heading\" id=\"h-wie-parachute-ski-entstanden-ist\">Wie Parachute-Ski entstanden ist<\/h2>\n\n\n\n<p>Parachute-Ski hat seine Wurzeln im Bergrettungswesen. In den 1960er Jahren schafften es die Hubschrauber nicht, dass sie die Bergretter zu den exakten Unfallorten bringen konnten. Um dennoch m\u00f6glichst rasch zu helfen, sprangen die Retter mit einem Fallschirm aus dem Helikopter und brachten den Verungl\u00fcckten mit den Skiern ins Tal \u2013 je n\u00e4her sie mit dem Sprung kamen, desto schneller waren sie an der Unfallstelle.<\/p>\n\n\n\n<p>Aus dem Training entwickelte sich die Kombinationssportart aus Skifahren und Fallschirmspringen. 1963 fand der erste Cup in Flims statt, 1987 die erste Para-Ski Weltmeisterschaft in Sarajevo.<\/p>\n\n\n\n<p>Fr\u00fcher hie\u00df diese Sportart Para-Ski. Doch heutzutage steht dieser Begriff f\u00fcr den paraolympischen Skisport. Deshalb hei\u00dft die Kombination aus Skifahren und Fallschirmspringen nun Parachute-Ski.<\/p>\n\n\n\n<figure class=\"wp-block-image size-full\"><img loading=\"lazy\" decoding=\"async\" width=\"2500\" height=\"1667\" src=\"https:\/\/www.salzburgerland.com\/de\/magazin\/wp-content\/uploads\/2025\/01\/Parachute-Ski_2024_\u00a9Martin_Stifter-24.jpg\" alt=\"Kurz vor dem Absprung \u00a9 Martin Stifter\" class=\"wp-image-180679\" srcset=\"https:\/\/www.salzburgerland.com\/de\/magazin\/wp-content\/uploads\/2025\/01\/Parachute-Ski_2024_\u00a9Martin_Stifter-24.jpg 2500w, https:\/\/www.salzburgerland.com\/de\/magazin\/wp-content\/uploads\/2025\/01\/Parachute-Ski_2024_\u00a9Martin_Stifter-24-300x200.jpg 300w, https:\/\/www.salzburgerland.com\/de\/magazin\/wp-content\/uploads\/2025\/01\/Parachute-Ski_2024_\u00a9Martin_Stifter-24-1536x1024.jpg 1536w, https:\/\/www.salzburgerland.com\/de\/magazin\/wp-content\/uploads\/2025\/01\/Parachute-Ski_2024_\u00a9Martin_Stifter-24-2048x1366.jpg 2048w, https:\/\/www.salzburgerland.com\/de\/magazin\/wp-content\/uploads\/2025\/01\/Parachute-Ski_2024_\u00a9Martin_Stifter-24-825x550.jpg 825w, https:\/\/www.salzburgerland.com\/de\/magazin\/wp-content\/uploads\/2025\/01\/Parachute-Ski_2024_\u00a9Martin_Stifter-24-600x400.jpg 600w, https:\/\/www.salzburgerland.com\/de\/magazin\/wp-content\/uploads\/2025\/01\/Parachute-Ski_2024_\u00a9Martin_Stifter-24-1320x880.jpg 1320w, https:\/\/www.salzburgerland.com\/de\/magazin\/wp-content\/uploads\/2025\/01\/Parachute-Ski_2024_\u00a9Martin_Stifter-24-150x100.jpg 150w\" sizes=\"auto, (max-width: 2500px) 100vw, 2500px\" \/><\/figure>\n\n\n\n<h2 class=\"wp-block-heading\" id=\"h-so-funktioniert-der-wettkampf\">So funktioniert der Wettkampf<\/h2>\n\n\n\n<p>Zwei Durchg\u00e4nge im Riesentorlauf laut FIS-Regeln und sechs Parachute-Spr\u00fcnge aus 1.000 m H\u00f6he \u2013 aus dem Helikopter. Klingt machbar? Die Herausforderung steckt in den Details. Das Ziel ist n\u00e4mlich eine \u201ePlattform\u201c auf einem 25 bis 35\u00b0 steilen Hang mit einem Durchmesser von 2 cm. Jeder Zentimeter, den die Athlet*innen weiter von diesem Dead-Center weg sind, hei\u00dft ein Fehlerpunkt.<\/p>\n\n\n\n<p>Die Zeitr\u00fcckst\u00e4nde aus dem Riesentorlauf werden in Zentimeter umgerechnet und zu den Fehlerpunkten aus dem Zielspringen addiert. Ganz oben am Treppchen steht derjenige mit den wenigsten Punkten.<\/p>\n\n\n\n<figure class=\"wp-block-image size-full\"><img loading=\"lazy\" decoding=\"async\" width=\"2560\" height=\"1438\" src=\"https:\/\/www.salzburgerland.com\/de\/magazin\/wp-content\/uploads\/2025\/01\/24.03.16_ParaSkiWC-St.Johann-D2-094-\u00a9-Gerald-Oberreiter-scaled.jpg\" alt=\"Riesentorlauf beim Parachute-Ski Weltcup \u00a9 Gerald Oberreiter\" class=\"wp-image-180676\" srcset=\"https:\/\/www.salzburgerland.com\/de\/magazin\/wp-content\/uploads\/2025\/01\/24.03.16_ParaSkiWC-St.Johann-D2-094-\u00a9-Gerald-Oberreiter-scaled.jpg 2560w, https:\/\/www.salzburgerland.com\/de\/magazin\/wp-content\/uploads\/2025\/01\/24.03.16_ParaSkiWC-St.Johann-D2-094-\u00a9-Gerald-Oberreiter-300x169.jpg 300w, https:\/\/www.salzburgerland.com\/de\/magazin\/wp-content\/uploads\/2025\/01\/24.03.16_ParaSkiWC-St.Johann-D2-094-\u00a9-Gerald-Oberreiter-1536x863.jpg 1536w, https:\/\/www.salzburgerland.com\/de\/magazin\/wp-content\/uploads\/2025\/01\/24.03.16_ParaSkiWC-St.Johann-D2-094-\u00a9-Gerald-Oberreiter-2048x1151.jpg 2048w, https:\/\/www.salzburgerland.com\/de\/magazin\/wp-content\/uploads\/2025\/01\/24.03.16_ParaSkiWC-St.Johann-D2-094-\u00a9-Gerald-Oberreiter-979x550.jpg 979w, https:\/\/www.salzburgerland.com\/de\/magazin\/wp-content\/uploads\/2025\/01\/24.03.16_ParaSkiWC-St.Johann-D2-094-\u00a9-Gerald-Oberreiter-712x400.jpg 712w, https:\/\/www.salzburgerland.com\/de\/magazin\/wp-content\/uploads\/2025\/01\/24.03.16_ParaSkiWC-St.Johann-D2-094-\u00a9-Gerald-Oberreiter-560x316.jpg 560w, https:\/\/www.salzburgerland.com\/de\/magazin\/wp-content\/uploads\/2025\/01\/24.03.16_ParaSkiWC-St.Johann-D2-094-\u00a9-Gerald-Oberreiter-250x140.jpg 250w, https:\/\/www.salzburgerland.com\/de\/magazin\/wp-content\/uploads\/2025\/01\/24.03.16_ParaSkiWC-St.Johann-D2-094-\u00a9-Gerald-Oberreiter-1320x742.jpg 1320w, https:\/\/www.salzburgerland.com\/de\/magazin\/wp-content\/uploads\/2025\/01\/24.03.16_ParaSkiWC-St.Johann-D2-094-\u00a9-Gerald-Oberreiter-1200x675.jpg 1200w, https:\/\/www.salzburgerland.com\/de\/magazin\/wp-content\/uploads\/2025\/01\/24.03.16_ParaSkiWC-St.Johann-D2-094-\u00a9-Gerald-Oberreiter-150x84.jpg 150w\" sizes=\"auto, (max-width: 2560px) 100vw, 2560px\" \/><\/figure>\n\n\n<div class=\"mag-gallery\"><div class=\"row\"><div class=\"col-6 col-sm-4\"><figure><a class=\"thumb-container\" href=\"https:\/\/www.salzburgerland.com\/de\/magazin\/wp-content\/uploads\/2025\/01\/24.03.16_ParaSkiWC-St.Johann-D2-025-%C2%A9-Gerald-Oberreiter-1280x1024.jpg\">\t<picture><source media=\"(min-width: 576px)\" srcset=\"https:\/\/www.salzburgerland.com\/de\/magazin\/wp-content\/uploads\/2025\/01\/24.03.16_ParaSkiWC-St.Johann-D2-025-&copy;-Gerald-Oberreiter-418x650.jpg 418w, https:\/\/www.salzburgerland.com\/de\/magazin\/wp-content\/uploads\/2025\/01\/24.03.16_ParaSkiWC-St.Johann-D2-025-&copy;-Gerald-Oberreiter-209x325.jpg 209w\"><\/source><source media=\"(min-width: 0)\" srcset=\"https:\/\/www.salzburgerland.com\/de\/magazin\/wp-content\/uploads\/2025\/01\/24.03.16_ParaSkiWC-St.Johann-D2-025-&copy;-Gerald-Oberreiter-209x325.jpg 209w, https:\/\/www.salzburgerland.com\/de\/magazin\/wp-content\/uploads\/2025\/01\/24.03.16_ParaSkiWC-St.Johann-D2-025-&copy;-Gerald-Oberreiter-418x650.jpg 418w\"><\/source><img decoding=\"async\" alt=\"Start Riesentorlauf Parachute-Ski World Cup in St. Johann &copy; Gerald Oberreiter\" src=\"https:\/\/www.salzburgerland.com\/de\/magazin\/wp-content\/uploads\/2025\/01\/24.03.16_ParaSkiWC-St.Johann-D2-025-%C2%A9-Gerald-Oberreiter-scaled.jpg\">\t<\/picture><\/a><\/figure><\/div><div class=\"col-6 col-sm-4\"><figure><a class=\"thumb-container\" href=\"https:\/\/www.salzburgerland.com\/de\/magazin\/wp-content\/uploads\/2025\/01\/24.03.16_ParaSkiWC-St.Johann-D2-002-%C2%A9-Gerald-Oberreiter-1280x1024.jpg\">\t<picture><source media=\"(min-width: 576px)\" srcset=\"https:\/\/www.salzburgerland.com\/de\/magazin\/wp-content\/uploads\/2025\/01\/24.03.16_ParaSkiWC-St.Johann-D2-002-&copy;-Gerald-Oberreiter-418x650.jpg 418w, https:\/\/www.salzburgerland.com\/de\/magazin\/wp-content\/uploads\/2025\/01\/24.03.16_ParaSkiWC-St.Johann-D2-002-&copy;-Gerald-Oberreiter-209x325.jpg 209w\"><\/source><source media=\"(min-width: 0)\" srcset=\"https:\/\/www.salzburgerland.com\/de\/magazin\/wp-content\/uploads\/2025\/01\/24.03.16_ParaSkiWC-St.Johann-D2-002-&copy;-Gerald-Oberreiter-209x325.jpg 209w, https:\/\/www.salzburgerland.com\/de\/magazin\/wp-content\/uploads\/2025\/01\/24.03.16_ParaSkiWC-St.Johann-D2-002-&copy;-Gerald-Oberreiter-418x650.jpg 418w\"><\/source><img decoding=\"async\" alt=\"Gleich ist der Athlet startklar &copy; Gerald Oberreiter\" src=\"https:\/\/www.salzburgerland.com\/de\/magazin\/wp-content\/uploads\/2025\/01\/24.03.16_ParaSkiWC-St.Johann-D2-002-%C2%A9-Gerald-Oberreiter-scaled.jpg\">\t<\/picture><\/a><\/figure><\/div><div class=\"col-6 col-sm-4\"><figure><a class=\"thumb-container\" href=\"https:\/\/www.salzburgerland.com\/de\/magazin\/wp-content\/uploads\/2025\/01\/24.03.16_ParaSkiWC-St.Johann-D2-165-%C2%A9-Gerald-Oberreiter-1280x1024.jpg\">\t<picture><source media=\"(min-width: 576px)\" srcset=\"https:\/\/www.salzburgerland.com\/de\/magazin\/wp-content\/uploads\/2025\/01\/24.03.16_ParaSkiWC-St.Johann-D2-165-&copy;-Gerald-Oberreiter-418x650.jpg 418w, https:\/\/www.salzburgerland.com\/de\/magazin\/wp-content\/uploads\/2025\/01\/24.03.16_ParaSkiWC-St.Johann-D2-165-&copy;-Gerald-Oberreiter-209x325.jpg 209w\"><\/source><source media=\"(min-width: 0)\" srcset=\"https:\/\/www.salzburgerland.com\/de\/magazin\/wp-content\/uploads\/2025\/01\/24.03.16_ParaSkiWC-St.Johann-D2-165-&copy;-Gerald-Oberreiter-209x325.jpg 209w, https:\/\/www.salzburgerland.com\/de\/magazin\/wp-content\/uploads\/2025\/01\/24.03.16_ParaSkiWC-St.Johann-D2-165-&copy;-Gerald-Oberreiter-418x650.jpg 418w\"><\/source><img decoding=\"async\" alt=\"Riesentorlauf Parachute-Ski World Cup im Snow Space Salzburg &copy; Gerald Oberreiter\" src=\"https:\/\/www.salzburgerland.com\/de\/magazin\/wp-content\/uploads\/2025\/01\/24.03.16_ParaSkiWC-St.Johann-D2-165-%C2%A9-Gerald-Oberreiter-scaled.jpg\">\t<\/picture><\/a><\/figure><\/div><\/div><figcaption><\/figcaption><\/div>\n\n\n<div class=\"mag-gallery\"><div class=\"row\"><div class=\"col-6 col-sm-4\"><figure><a class=\"thumb-container\" href=\"https:\/\/www.salzburgerland.com\/de\/magazin\/wp-content\/uploads\/2025\/01\/Parachute-Ski_2024_%C2%A9Martin_Stifter-32-1280x1024.jpg\">\t<picture><source media=\"(min-width: 576px)\" srcset=\"https:\/\/www.salzburgerland.com\/de\/magazin\/wp-content\/uploads\/2025\/01\/Parachute-Ski_2024_&copy;Martin_Stifter-32-418x650.jpg 418w, https:\/\/www.salzburgerland.com\/de\/magazin\/wp-content\/uploads\/2025\/01\/Parachute-Ski_2024_&copy;Martin_Stifter-32-209x325.jpg 209w\"><\/source><source media=\"(min-width: 0)\" srcset=\"https:\/\/www.salzburgerland.com\/de\/magazin\/wp-content\/uploads\/2025\/01\/Parachute-Ski_2024_&copy;Martin_Stifter-32-209x325.jpg 209w, https:\/\/www.salzburgerland.com\/de\/magazin\/wp-content\/uploads\/2025\/01\/Parachute-Ski_2024_&copy;Martin_Stifter-32-418x650.jpg 418w\"><\/source><img decoding=\"async\" alt=\"Parachute-Ski World Cup - Sprung aus dem Heli &copy; Martin Stifter\" src=\"https:\/\/www.salzburgerland.com\/de\/magazin\/wp-content\/uploads\/2025\/01\/Parachute-Ski_2024_%C2%A9Martin_Stifter-32.jpg\">\t<\/picture><\/a><\/figure><\/div><div class=\"col-6 col-sm-4\"><figure><a class=\"thumb-container\" href=\"https:\/\/www.salzburgerland.com\/de\/magazin\/wp-content\/uploads\/2025\/01\/Parachute-Ski_2024_%C2%A9Martin_Stifter-31-1280x1024.jpg\">\t<picture><source media=\"(min-width: 576px)\" srcset=\"https:\/\/www.salzburgerland.com\/de\/magazin\/wp-content\/uploads\/2025\/01\/Parachute-Ski_2024_&copy;Martin_Stifter-31-418x650.jpg 418w, https:\/\/www.salzburgerland.com\/de\/magazin\/wp-content\/uploads\/2025\/01\/Parachute-Ski_2024_&copy;Martin_Stifter-31-209x325.jpg 209w\"><\/source><source media=\"(min-width: 0)\" srcset=\"https:\/\/www.salzburgerland.com\/de\/magazin\/wp-content\/uploads\/2025\/01\/Parachute-Ski_2024_&copy;Martin_Stifter-31-209x325.jpg 209w, https:\/\/www.salzburgerland.com\/de\/magazin\/wp-content\/uploads\/2025\/01\/Parachute-Ski_2024_&copy;Martin_Stifter-31-418x650.jpg 418w\"><\/source><img decoding=\"async\" alt=\"Parachute-Ski World Cup - Sprung aus dem Heli &copy; Martin Stifter\" src=\"https:\/\/www.salzburgerland.com\/de\/magazin\/wp-content\/uploads\/2025\/01\/Parachute-Ski_2024_%C2%A9Martin_Stifter-31.jpg\">\t<\/picture><\/a><\/figure><\/div><div class=\"col-6 col-sm-4\"><figure><a class=\"thumb-container\" href=\"https:\/\/www.salzburgerland.com\/de\/magazin\/wp-content\/uploads\/2025\/01\/Parachute-Ski_2024_%C2%A9Martin_Stifter-28-1280x1024.jpg\">\t<picture><source media=\"(min-width: 576px)\" srcset=\"https:\/\/www.salzburgerland.com\/de\/magazin\/wp-content\/uploads\/2025\/01\/Parachute-Ski_2024_&copy;Martin_Stifter-28-418x650.jpg 418w, https:\/\/www.salzburgerland.com\/de\/magazin\/wp-content\/uploads\/2025\/01\/Parachute-Ski_2024_&copy;Martin_Stifter-28-209x325.jpg 209w\"><\/source><source media=\"(min-width: 0)\" srcset=\"https:\/\/www.salzburgerland.com\/de\/magazin\/wp-content\/uploads\/2025\/01\/Parachute-Ski_2024_&copy;Martin_Stifter-28-209x325.jpg 209w, https:\/\/www.salzburgerland.com\/de\/magazin\/wp-content\/uploads\/2025\/01\/Parachute-Ski_2024_&copy;Martin_Stifter-28-418x650.jpg 418w\"><\/source><img decoding=\"async\" alt=\"Parachute-Ski World Cup - Sprung aus dem Heli &copy; Martin Stifter\" src=\"https:\/\/www.salzburgerland.com\/de\/magazin\/wp-content\/uploads\/2025\/01\/Parachute-Ski_2024_%C2%A9Martin_Stifter-28.jpg\">\t<\/picture><\/a><\/figure><\/div><\/div><figcaption><\/figcaption><\/div>\n\n\n\n<h2 class=\"wp-block-heading\" id=\"h-13-bis-16-marz-2025-parachute-ski-world-cup-in-st-johann\">13. bis 16. M\u00e4rz 2025: Parachute-Ski World Cup in St. Johann<\/h2>\n\n\n\n<p>Zur feierlichen Er\u00f6ffnung am Freitag, den 14.03.2025 spielt die Milit\u00e4rmusik Salzburg ein Standkonzert bei der Talstation der Gondelbahn im Alpendorf. Anschlie\u00dfend findet die offizielle Er\u00f6ffnung in der Oberforsthofalm statt.<br>Am Freitag k\u00e4mpfen die Teilnehmer*innen beim Riesentorlauf um Hundertstel, die Zielspr\u00fcnge folgen am Samstag und Sonntag. Sollte das Wetter nicht sprungtauglich sein, verschieben sich die Disziplinen.<\/p>\n\n\n\n<p>Die Zielspr\u00fcnge sind im Bereich der Obergassalm, der Hubschrauberlandeplatz bei der Gondel-Bergstation. Und f\u00fcr die Zuschauer*innen ist immer etwas los:<\/p>\n\n\n\n<ul class=\"wp-block-list\">\n<li>Hubschrauber bringen die Athlet*innen in die Luft.<\/li>\n\n\n\n<li>Innerhalb weniger Minuten landen die Parachuter.<\/li>\n\n\n\n<li>4 Teilnehmer*innen teilen sich einen Hubschrauber \u2013 jede*r absolviert 6 Spr\u00fcnge.<\/li>\n<\/ul>\n\n\n\n<figure class=\"wp-block-image size-full\"><img loading=\"lazy\" decoding=\"async\" width=\"2500\" height=\"1667\" src=\"https:\/\/www.salzburgerland.com\/de\/magazin\/wp-content\/uploads\/2025\/01\/Parachute-Ski_2024_\u00a9Martin_Stifter-76.jpg\" alt=\"Siegerehrung \u00a9 Martin Stifter\" class=\"wp-image-180688\" srcset=\"https:\/\/www.salzburgerland.com\/de\/magazin\/wp-content\/uploads\/2025\/01\/Parachute-Ski_2024_\u00a9Martin_Stifter-76.jpg 2500w, https:\/\/www.salzburgerland.com\/de\/magazin\/wp-content\/uploads\/2025\/01\/Parachute-Ski_2024_\u00a9Martin_Stifter-76-300x200.jpg 300w, https:\/\/www.salzburgerland.com\/de\/magazin\/wp-content\/uploads\/2025\/01\/Parachute-Ski_2024_\u00a9Martin_Stifter-76-1536x1024.jpg 1536w, https:\/\/www.salzburgerland.com\/de\/magazin\/wp-content\/uploads\/2025\/01\/Parachute-Ski_2024_\u00a9Martin_Stifter-76-2048x1366.jpg 2048w, https:\/\/www.salzburgerland.com\/de\/magazin\/wp-content\/uploads\/2025\/01\/Parachute-Ski_2024_\u00a9Martin_Stifter-76-825x550.jpg 825w, https:\/\/www.salzburgerland.com\/de\/magazin\/wp-content\/uploads\/2025\/01\/Parachute-Ski_2024_\u00a9Martin_Stifter-76-600x400.jpg 600w, https:\/\/www.salzburgerland.com\/de\/magazin\/wp-content\/uploads\/2025\/01\/Parachute-Ski_2024_\u00a9Martin_Stifter-76-1320x880.jpg 1320w, https:\/\/www.salzburgerland.com\/de\/magazin\/wp-content\/uploads\/2025\/01\/Parachute-Ski_2024_\u00a9Martin_Stifter-76-150x100.jpg 150w\" sizes=\"auto, (max-width: 2500px) 100vw, 2500px\" \/><\/figure>\n\n\n\n<p>Der Parachute-Ski World Cup in St. Johann ist eine Mini-Weltmeisterschaft und gleichzeitig Teil des Weltcups und der \u00f6sterreichischen Meisterschaften.<\/p>\n\n\n\n<p>Insgesamt k\u00e4mpfen mehr als 80 Athlet*innen aus rund 10 Nationen um Gold, Silber und Bronze \u2013 das sind alle professionelle Hobbysportler*innen, keine Profisportler*innen. \u201e<em>Spektakul\u00e4r<\/em>\u201c, beschreibt mir Hannes vom Tourismusverband St. Johann in Salzburg dieses au\u00dfergew\u00f6hnliche Rennen, <em>\u201eund absolut sehenswert.\u201c<\/em><\/p>\n\n\n\n<p>Ihr habt jetzt auch Lust auf ein spektakul\u00e4res Sportevent? Dann ab zum Parachute-Ski World Cup in St. Johann auf den Pisten des <a href=\"https:\/\/www.salzburgerland.com\/de\/magazin\/klimaneutral-auf-die-ski-mithilfe-von-ki\/\">Snow Space Salzburg<\/a> \u2013 ihr seid als Zuschauer kostenlos mittendrin. Einfach Skifahren \u2013 und live hautnah erleben, wie die Athlet*innen auf der Piste und in der Luft um Hundertstel und Zentimeter k\u00e4mpfen.<\/p>\n","protected":false},"excerpt":{"rendered":"<p>Wie Parachute-Ski entstanden ist Parachute-Ski hat seine Wurzeln im Bergrettungswesen. In den 1960er Jahren schafften es die Hubschrauber nicht, dass sie die Bergretter zu den exakten Unfallorten bringen konnten. Um dennoch m\u00f6glichst rasch zu helfen, sprangen die Retter mit einem Fallschirm aus dem Helikopter und brachten den Verungl\u00fcckten mit den Skiern ins Tal \u2013 je [&hellip;]<\/p>\n","protected":false},"author":564,"featured_media":180669,"comment_status":"closed","ping_status":"closed","sticky":false,"template":"","format":"standard","meta":{"_acf_changed":false,"wl_entities_gutenberg":"","_wl_entity_redirect_enabled":"","footnotes":""},"categories":[8],"tags":[7892,7891,32,7859,7579],"wl_entity_type":[306],"monatsauswahl":[84],"class_list":["post-180668","post","type-post","status-publish","format-standard","has-post-thumbnail","hentry","category-outdoor-sport","tag-fallschirmspringen","tag-parachute-ski","tag-skifahren","tag-snow-space-salzburg","tag-st-johann","wl_entity_type-article","monatsauswahl-monat_3"],"acf":[],"yoast_head":"<!-- This site is optimized with the Yoast SEO Premium plugin v27.4 (Yoast SEO v27.4) - https:\/\/yoast.com\/product\/yoast-seo-premium-wordpress\/ -->\n<title>Parachute-Ski World Cup in St. Johann - SalzburgerLand Magazin<\/title>\n<meta name=\"description\" content=\"Was erh\u00e4lt man, wenn man Skifahren und Ziel-Fallschirmspringen kombiniert? Parachute-Ski! Und der World Cup findet in St. Johann statt.\" \/>\n<meta name=\"robots\" content=\"index, follow, max-snippet:-1, max-image-preview:large, max-video-preview:-1\" \/>\n<link rel=\"canonical\" href=\"https:\/\/www.salzburgerland.com\/de\/magazin\/parachute-ski-world-cup-in-st-johann\/\" \/>\n<meta property=\"og:locale\" content=\"de_DE\" \/>\n<meta property=\"og:type\" content=\"article\" \/>\n<meta property=\"og:title\" content=\"Parachute-Ski World Cup in St. Johann\" \/>\n<meta property=\"og:description\" content=\"Was erh\u00e4lt man, wenn man Skifahren und Ziel-Fallschirmspringen kombiniert? Parachute-Ski! Und der World Cup findet in St. Johann statt.\" \/>\n<meta property=\"og:url\" content=\"https:\/\/www.salzburgerland.com\/de\/magazin\/parachute-ski-world-cup-in-st-johann\/\" \/>\n<meta property=\"og:site_name\" content=\"SalzburgerLand Magazin\" \/>\n<meta property=\"article:publisher\" content=\"https:\/\/www.facebook.com\/salzburgerland\/\" \/>\n<meta property=\"article:published_time\" content=\"2025-03-03T06:00:00+00:00\" \/>\n<meta property=\"og:image\" content=\"https:\/\/www.salzburgerland.com\/de\/magazin\/wp-content\/uploads\/2025\/01\/24.03.15_ParaSkiWC-St.Johann_-002-\u00a9-Gerald-Oberreiter-scaled-e1738139564142.jpg\" \/>\n\t<meta property=\"og:image:width\" content=\"2560\" \/>\n\t<meta property=\"og:image:height\" content=\"1250\" \/>\n\t<meta property=\"og:image:type\" content=\"image\/jpeg\" \/>\n<meta name=\"author\" content=\"Barbara Pirchner\" \/>\n<meta name=\"twitter:card\" content=\"summary_large_image\" \/>\n<meta name=\"twitter:creator\" content=\"@Salzburgerland\" \/>\n<meta name=\"twitter:site\" content=\"@Salzburgerland\" \/>\n<meta name=\"twitter:label1\" content=\"Verfasst von\" \/>\n\t<meta name=\"twitter:data1\" content=\"Barbara Pirchner\" \/>\n\t<meta name=\"twitter:label2\" content=\"Gesch\u00e4tzte Lesezeit\" \/>\n\t<meta name=\"twitter:data2\" content=\"5\u00a0Minuten\" \/>\n<script type=\"application\/ld+json\" class=\"yoast-schema-graph\">{\"@context\":\"https:\\\/\\\/schema.org\",\"@graph\":[{\"@type\":\"Article\",\"@id\":\"https:\\\/\\\/www.salzburgerland.com\\\/de\\\/magazin\\\/parachute-ski-world-cup-in-st-johann\\\/#article\",\"isPartOf\":{\"@id\":\"https:\\\/\\\/www.salzburgerland.com\\\/de\\\/magazin\\\/parachute-ski-world-cup-in-st-johann\\\/\"},\"author\":{\"name\":\"Barbara Pirchner\",\"@id\":\"https:\\\/\\\/www.salzburgerland.com\\\/de\\\/magazin\\\/#\\\/schema\\\/person\\\/1e4d0c967a02c339e6c85f8c3f38b89a\"},\"headline\":\"Parachute-Ski World Cup in St. Johann\",\"datePublished\":\"2025-03-03T06:00:00+00:00\",\"mainEntityOfPage\":{\"@id\":\"https:\\\/\\\/www.salzburgerland.com\\\/de\\\/magazin\\\/parachute-ski-world-cup-in-st-johann\\\/\"},\"wordCount\":503,\"publisher\":{\"@id\":\"https:\\\/\\\/www.salzburgerland.com\\\/de\\\/magazin\\\/#organization\"},\"image\":{\"@id\":\"https:\\\/\\\/www.salzburgerland.com\\\/de\\\/magazin\\\/parachute-ski-world-cup-in-st-johann\\\/#primaryimage\"},\"thumbnailUrl\":\"https:\\\/\\\/www.salzburgerland.com\\\/de\\\/magazin\\\/wp-content\\\/uploads\\\/2025\\\/01\\\/24.03.15_ParaSkiWC-St.Johann_-002-\u00a9-Gerald-Oberreiter-scaled-e1738139564142.jpg\",\"keywords\":[\"fallschirmspringen\",\"parachute-ski\",\"skifahren\",\"snow space salzburg\",\"st. johann\"],\"articleSection\":[\"Outdoor &amp; Sport\"],\"inLanguage\":\"de\"},{\"@type\":\"WebPage\",\"@id\":\"https:\\\/\\\/www.salzburgerland.com\\\/de\\\/magazin\\\/parachute-ski-world-cup-in-st-johann\\\/\",\"url\":\"https:\\\/\\\/www.salzburgerland.com\\\/de\\\/magazin\\\/parachute-ski-world-cup-in-st-johann\\\/\",\"name\":\"Parachute-Ski World Cup in St. Johann - SalzburgerLand Magazin\",\"isPartOf\":{\"@id\":\"https:\\\/\\\/www.salzburgerland.com\\\/de\\\/magazin\\\/#website\"},\"primaryImageOfPage\":{\"@id\":\"https:\\\/\\\/www.salzburgerland.com\\\/de\\\/magazin\\\/parachute-ski-world-cup-in-st-johann\\\/#primaryimage\"},\"image\":{\"@id\":\"https:\\\/\\\/www.salzburgerland.com\\\/de\\\/magazin\\\/parachute-ski-world-cup-in-st-johann\\\/#primaryimage\"},\"thumbnailUrl\":\"https:\\\/\\\/www.salzburgerland.com\\\/de\\\/magazin\\\/wp-content\\\/uploads\\\/2025\\\/01\\\/24.03.15_ParaSkiWC-St.Johann_-002-\u00a9-Gerald-Oberreiter-scaled-e1738139564142.jpg\",\"datePublished\":\"2025-03-03T06:00:00+00:00\",\"description\":\"Was erh\u00e4lt man, wenn man Skifahren und Ziel-Fallschirmspringen kombiniert? Parachute-Ski! Und der World Cup findet in St. Johann statt.\",\"breadcrumb\":{\"@id\":\"https:\\\/\\\/www.salzburgerland.com\\\/de\\\/magazin\\\/parachute-ski-world-cup-in-st-johann\\\/#breadcrumb\"},\"inLanguage\":\"de\",\"potentialAction\":[{\"@type\":\"ReadAction\",\"target\":[\"https:\\\/\\\/www.salzburgerland.com\\\/de\\\/magazin\\\/parachute-ski-world-cup-in-st-johann\\\/\"]}]},{\"@type\":\"ImageObject\",\"inLanguage\":\"de\",\"@id\":\"https:\\\/\\\/www.salzburgerland.com\\\/de\\\/magazin\\\/parachute-ski-world-cup-in-st-johann\\\/#primaryimage\",\"url\":\"https:\\\/\\\/www.salzburgerland.com\\\/de\\\/magazin\\\/wp-content\\\/uploads\\\/2025\\\/01\\\/24.03.15_ParaSkiWC-St.Johann_-002-\u00a9-Gerald-Oberreiter-scaled-e1738139564142.jpg\",\"contentUrl\":\"https:\\\/\\\/www.salzburgerland.com\\\/de\\\/magazin\\\/wp-content\\\/uploads\\\/2025\\\/01\\\/24.03.15_ParaSkiWC-St.Johann_-002-\u00a9-Gerald-Oberreiter-scaled-e1738139564142.jpg\",\"width\":2560,\"height\":1250,\"caption\":\"Zielsprung in St. Johann \u00a9 Gerald Oberreiter\"},{\"@type\":\"BreadcrumbList\",\"@id\":\"https:\\\/\\\/www.salzburgerland.com\\\/de\\\/magazin\\\/parachute-ski-world-cup-in-st-johann\\\/#breadcrumb\",\"itemListElement\":[{\"@type\":\"ListItem\",\"position\":1,\"name\":\"Startseite\",\"item\":\"https:\\\/\\\/www.salzburgerland.com\\\/de\\\/magazin\\\/\"},{\"@type\":\"ListItem\",\"position\":2,\"name\":\"Outdoor &amp; Sport\",\"item\":\"https:\\\/\\\/www.salzburgerland.com\\\/de\\\/magazin\\\/thema\\\/outdoor-sport\\\/\"},{\"@type\":\"ListItem\",\"position\":3,\"name\":\"Parachute-Ski World Cup in St. Johann\"}]},{\"@type\":\"WebSite\",\"@id\":\"https:\\\/\\\/www.salzburgerland.com\\\/de\\\/magazin\\\/#website\",\"url\":\"https:\\\/\\\/www.salzburgerland.com\\\/de\\\/magazin\\\/\",\"name\":\"SalzburgerLand Magazin\",\"description\":\"Geschichten und Interessantes aus dem SalzburgerLand\",\"publisher\":{\"@id\":\"https:\\\/\\\/www.salzburgerland.com\\\/de\\\/magazin\\\/#organization\"},\"potentialAction\":[{\"@type\":\"SearchAction\",\"target\":{\"@type\":\"EntryPoint\",\"urlTemplate\":\"https:\\\/\\\/www.salzburgerland.com\\\/de\\\/magazin\\\/?s={search_term_string}\"},\"query-input\":{\"@type\":\"PropertyValueSpecification\",\"valueRequired\":true,\"valueName\":\"search_term_string\"}}],\"inLanguage\":\"de\"},{\"@type\":\"Organization\",\"@id\":\"https:\\\/\\\/www.salzburgerland.com\\\/de\\\/magazin\\\/#organization\",\"name\":\"SalzburgerLand Tourismus\",\"url\":\"https:\\\/\\\/www.salzburgerland.com\\\/de\\\/magazin\\\/\",\"logo\":{\"@type\":\"ImageObject\",\"inLanguage\":\"de\",\"@id\":\"https:\\\/\\\/www.salzburgerland.com\\\/de\\\/magazin\\\/#\\\/schema\\\/logo\\\/image\\\/\",\"url\":\"https:\\\/\\\/www.salzburgerland.com\\\/de\\\/magazin\\\/wp-content\\\/uploads\\\/2019\\\/06\\\/salzburgerland-logo1.jpg\",\"contentUrl\":\"https:\\\/\\\/www.salzburgerland.com\\\/de\\\/magazin\\\/wp-content\\\/uploads\\\/2019\\\/06\\\/salzburgerland-logo1.jpg\",\"width\":2011,\"height\":866,\"caption\":\"SalzburgerLand Tourismus\"},\"image\":{\"@id\":\"https:\\\/\\\/www.salzburgerland.com\\\/de\\\/magazin\\\/#\\\/schema\\\/logo\\\/image\\\/\"},\"sameAs\":[\"https:\\\/\\\/www.facebook.com\\\/salzburgerland\\\/\",\"https:\\\/\\\/x.com\\\/Salzburgerland\",\"https:\\\/\\\/www.instagram.com\\\/salzburgerland\\\/\",\"https:\\\/\\\/at.linkedin.com\\\/company\\\/salzburgerland-tourismus-gmbh\",\"https:\\\/\\\/www.pinterest.at\\\/salzburgerland\\\/\",\"https:\\\/\\\/www.youtube.com\\\/user\\\/salzburgerland\",\"https:\\\/\\\/de.wikipedia.org\\\/wiki\\\/SalzburgerLand_Tourismus_GmbH\"]},{\"@type\":\"Person\",\"@id\":\"https:\\\/\\\/www.salzburgerland.com\\\/de\\\/magazin\\\/#\\\/schema\\\/person\\\/1e4d0c967a02c339e6c85f8c3f38b89a\",\"name\":\"Barbara Pirchner\",\"description\":\"Reisen sieht Barbara Pirchner als ein gro\u00dfes Geschenk. Es gibt so viele tolle M\u00f6glichkeiten, wie sie die Welt entdeckt. Und wenn sie nicht unterwegs ist, erkundet sie ihre Heimat. F\u00fcr sie ist es ihr zuhause, f\u00fcr euch der Urlaubsort. Gerne nimmt sie euch hier im Magazin mit und berichtet \u00fcber die sch\u00f6nsten Orte, die lustigsten Aktivit\u00e4ten oder die entspannendsten Momente im SalzburgerLand. Nach dem Studium und jahrelanger Erfahrung im Tourismusmarketing schreibt Barbara Pirchner jetzt f\u00fcr Tourismusbetriebe. Dosige oder Zuagroast? Eindeutig a Dosige. Geboren, aufgewachsen und wohnhaft in der Salzburger Bergwelt. Jedoch jederzeit offen, was anderes von der Welt zu sehen sowie andere Kulturen und L\u00e4nder kennenzulernen \u2013 und danach die sch\u00f6nen Kleinigkeiten in der Heimat wieder mehr wertsch\u00e4tzen zu k\u00f6nnen. Salzburger Nockerl oder Schwarzbeernocken? Bei Schwarzbeernocken kribbeln meine Geschmacksknospen. Haubenlokal oder Ab-Hof-Laden? Hm. Schwere Entscheidung. Am besten alles zu seiner Zeit. K\u00f6stliche Produkte im Ab-Hof-Laden kaufen zum selber Kochen oder sich verw\u00f6hnen lassen im Haubenlokal. Kochen, schlemmen und schnabulieren - damit kann ich mich identifizieren :) Wellness oder Mountainbike? Zuerst eine sch\u00f6ne Mountainbiketour, danach zum Entspannen in den Wellnessbereich. Alpinski, Offpist oder Skitour? Alles. Am besten auf einmal und das ganze Jahr. Als Winterm\u00e4dchen sehne ich mich nach den ersten Schnee. Und dann das ganze Programm. Dirndl oder Bustierkleid? Dirndl. Liebend gern.\",\"sameAs\":[\"https:\\\/\\\/www.barbara-pirchner.com\\\/\",\"https:\\\/\\\/www.linkedin.com\\\/in\\\/barbara-pirchner-573031120\\\/\"],\"url\":\"https:\\\/\\\/www.salzburgerland.com\\\/de\\\/magazin\\\/author\\\/barbara-pirchner\\\/\"}]}<\/script>\n<!-- \/ Yoast SEO Premium plugin. -->","yoast_head_json":{"title":"Parachute-Ski World Cup in St. Johann - SalzburgerLand Magazin","description":"Was erh\u00e4lt man, wenn man Skifahren und Ziel-Fallschirmspringen kombiniert? Parachute-Ski! Und der World Cup findet in St. Johann statt.","robots":{"index":"index","follow":"follow","max-snippet":"max-snippet:-1","max-image-preview":"max-image-preview:large","max-video-preview":"max-video-preview:-1"},"canonical":"https:\/\/www.salzburgerland.com\/de\/magazin\/parachute-ski-world-cup-in-st-johann\/","og_locale":"de_DE","og_type":"article","og_title":"Parachute-Ski World Cup in St. Johann","og_description":"Was erh\u00e4lt man, wenn man Skifahren und Ziel-Fallschirmspringen kombiniert? Parachute-Ski! Und der World Cup findet in St. Johann statt.","og_url":"https:\/\/www.salzburgerland.com\/de\/magazin\/parachute-ski-world-cup-in-st-johann\/","og_site_name":"SalzburgerLand Magazin","article_publisher":"https:\/\/www.facebook.com\/salzburgerland\/","article_published_time":"2025-03-03T06:00:00+00:00","og_image":[{"width":2560,"height":1250,"url":"https:\/\/www.salzburgerland.com\/de\/magazin\/wp-content\/uploads\/2025\/01\/24.03.15_ParaSkiWC-St.Johann_-002-\u00a9-Gerald-Oberreiter-scaled-e1738139564142.jpg","type":"image\/jpeg"}],"author":"Barbara Pirchner","twitter_card":"summary_large_image","twitter_creator":"@Salzburgerland","twitter_site":"@Salzburgerland","twitter_misc":{"Verfasst von":"Barbara Pirchner","Gesch\u00e4tzte Lesezeit":"5\u00a0Minuten"},"schema":{"@context":"https:\/\/schema.org","@graph":[{"@type":"Article","@id":"https:\/\/www.salzburgerland.com\/de\/magazin\/parachute-ski-world-cup-in-st-johann\/#article","isPartOf":{"@id":"https:\/\/www.salzburgerland.com\/de\/magazin\/parachute-ski-world-cup-in-st-johann\/"},"author":{"name":"Barbara Pirchner","@id":"https:\/\/www.salzburgerland.com\/de\/magazin\/#\/schema\/person\/1e4d0c967a02c339e6c85f8c3f38b89a"},"headline":"Parachute-Ski World Cup in St. Johann","datePublished":"2025-03-03T06:00:00+00:00","mainEntityOfPage":{"@id":"https:\/\/www.salzburgerland.com\/de\/magazin\/parachute-ski-world-cup-in-st-johann\/"},"wordCount":503,"publisher":{"@id":"https:\/\/www.salzburgerland.com\/de\/magazin\/#organization"},"image":{"@id":"https:\/\/www.salzburgerland.com\/de\/magazin\/parachute-ski-world-cup-in-st-johann\/#primaryimage"},"thumbnailUrl":"https:\/\/www.salzburgerland.com\/de\/magazin\/wp-content\/uploads\/2025\/01\/24.03.15_ParaSkiWC-St.Johann_-002-\u00a9-Gerald-Oberreiter-scaled-e1738139564142.jpg","keywords":["fallschirmspringen","parachute-ski","skifahren","snow space salzburg","st. johann"],"articleSection":["Outdoor &amp; Sport"],"inLanguage":"de"},{"@type":"WebPage","@id":"https:\/\/www.salzburgerland.com\/de\/magazin\/parachute-ski-world-cup-in-st-johann\/","url":"https:\/\/www.salzburgerland.com\/de\/magazin\/parachute-ski-world-cup-in-st-johann\/","name":"Parachute-Ski World Cup in St. Johann - SalzburgerLand Magazin","isPartOf":{"@id":"https:\/\/www.salzburgerland.com\/de\/magazin\/#website"},"primaryImageOfPage":{"@id":"https:\/\/www.salzburgerland.com\/de\/magazin\/parachute-ski-world-cup-in-st-johann\/#primaryimage"},"image":{"@id":"https:\/\/www.salzburgerland.com\/de\/magazin\/parachute-ski-world-cup-in-st-johann\/#primaryimage"},"thumbnailUrl":"https:\/\/www.salzburgerland.com\/de\/magazin\/wp-content\/uploads\/2025\/01\/24.03.15_ParaSkiWC-St.Johann_-002-\u00a9-Gerald-Oberreiter-scaled-e1738139564142.jpg","datePublished":"2025-03-03T06:00:00+00:00","description":"Was erh\u00e4lt man, wenn man Skifahren und Ziel-Fallschirmspringen kombiniert? Parachute-Ski! Und der World Cup findet in St. Johann statt.","breadcrumb":{"@id":"https:\/\/www.salzburgerland.com\/de\/magazin\/parachute-ski-world-cup-in-st-johann\/#breadcrumb"},"inLanguage":"de","potentialAction":[{"@type":"ReadAction","target":["https:\/\/www.salzburgerland.com\/de\/magazin\/parachute-ski-world-cup-in-st-johann\/"]}]},{"@type":"ImageObject","inLanguage":"de","@id":"https:\/\/www.salzburgerland.com\/de\/magazin\/parachute-ski-world-cup-in-st-johann\/#primaryimage","url":"https:\/\/www.salzburgerland.com\/de\/magazin\/wp-content\/uploads\/2025\/01\/24.03.15_ParaSkiWC-St.Johann_-002-\u00a9-Gerald-Oberreiter-scaled-e1738139564142.jpg","contentUrl":"https:\/\/www.salzburgerland.com\/de\/magazin\/wp-content\/uploads\/2025\/01\/24.03.15_ParaSkiWC-St.Johann_-002-\u00a9-Gerald-Oberreiter-scaled-e1738139564142.jpg","width":2560,"height":1250,"caption":"Zielsprung in St. Johann \u00a9 Gerald Oberreiter"},{"@type":"BreadcrumbList","@id":"https:\/\/www.salzburgerland.com\/de\/magazin\/parachute-ski-world-cup-in-st-johann\/#breadcrumb","itemListElement":[{"@type":"ListItem","position":1,"name":"Startseite","item":"https:\/\/www.salzburgerland.com\/de\/magazin\/"},{"@type":"ListItem","position":2,"name":"Outdoor &amp; Sport","item":"https:\/\/www.salzburgerland.com\/de\/magazin\/thema\/outdoor-sport\/"},{"@type":"ListItem","position":3,"name":"Parachute-Ski World Cup in St. Johann"}]},{"@type":"WebSite","@id":"https:\/\/www.salzburgerland.com\/de\/magazin\/#website","url":"https:\/\/www.salzburgerland.com\/de\/magazin\/","name":"SalzburgerLand Magazin","description":"Geschichten und Interessantes aus dem SalzburgerLand","publisher":{"@id":"https:\/\/www.salzburgerland.com\/de\/magazin\/#organization"},"potentialAction":[{"@type":"SearchAction","target":{"@type":"EntryPoint","urlTemplate":"https:\/\/www.salzburgerland.com\/de\/magazin\/?s={search_term_string}"},"query-input":{"@type":"PropertyValueSpecification","valueRequired":true,"valueName":"search_term_string"}}],"inLanguage":"de"},{"@type":"Organization","@id":"https:\/\/www.salzburgerland.com\/de\/magazin\/#organization","name":"SalzburgerLand Tourismus","url":"https:\/\/www.salzburgerland.com\/de\/magazin\/","logo":{"@type":"ImageObject","inLanguage":"de","@id":"https:\/\/www.salzburgerland.com\/de\/magazin\/#\/schema\/logo\/image\/","url":"https:\/\/www.salzburgerland.com\/de\/magazin\/wp-content\/uploads\/2019\/06\/salzburgerland-logo1.jpg","contentUrl":"https:\/\/www.salzburgerland.com\/de\/magazin\/wp-content\/uploads\/2019\/06\/salzburgerland-logo1.jpg","width":2011,"height":866,"caption":"SalzburgerLand Tourismus"},"image":{"@id":"https:\/\/www.salzburgerland.com\/de\/magazin\/#\/schema\/logo\/image\/"},"sameAs":["https:\/\/www.facebook.com\/salzburgerland\/","https:\/\/x.com\/Salzburgerland","https:\/\/www.instagram.com\/salzburgerland\/","https:\/\/at.linkedin.com\/company\/salzburgerland-tourismus-gmbh","https:\/\/www.pinterest.at\/salzburgerland\/","https:\/\/www.youtube.com\/user\/salzburgerland","https:\/\/de.wikipedia.org\/wiki\/SalzburgerLand_Tourismus_GmbH"]},{"@type":"Person","@id":"https:\/\/www.salzburgerland.com\/de\/magazin\/#\/schema\/person\/1e4d0c967a02c339e6c85f8c3f38b89a","name":"Barbara Pirchner","description":"Reisen sieht Barbara Pirchner als ein gro\u00dfes Geschenk. Es gibt so viele tolle M\u00f6glichkeiten, wie sie die Welt entdeckt. Und wenn sie nicht unterwegs ist, erkundet sie ihre Heimat. F\u00fcr sie ist es ihr zuhause, f\u00fcr euch der Urlaubsort. Gerne nimmt sie euch hier im Magazin mit und berichtet \u00fcber die sch\u00f6nsten Orte, die lustigsten Aktivit\u00e4ten oder die entspannendsten Momente im SalzburgerLand. Nach dem Studium und jahrelanger Erfahrung im Tourismusmarketing schreibt Barbara Pirchner jetzt f\u00fcr Tourismusbetriebe. Dosige oder Zuagroast? Eindeutig a Dosige. Geboren, aufgewachsen und wohnhaft in der Salzburger Bergwelt. Jedoch jederzeit offen, was anderes von der Welt zu sehen sowie andere Kulturen und L\u00e4nder kennenzulernen \u2013 und danach die sch\u00f6nen Kleinigkeiten in der Heimat wieder mehr wertsch\u00e4tzen zu k\u00f6nnen. Salzburger Nockerl oder Schwarzbeernocken? Bei Schwarzbeernocken kribbeln meine Geschmacksknospen. Haubenlokal oder Ab-Hof-Laden? Hm. Schwere Entscheidung. Am besten alles zu seiner Zeit. K\u00f6stliche Produkte im Ab-Hof-Laden kaufen zum selber Kochen oder sich verw\u00f6hnen lassen im Haubenlokal. Kochen, schlemmen und schnabulieren - damit kann ich mich identifizieren :) Wellness oder Mountainbike? Zuerst eine sch\u00f6ne Mountainbiketour, danach zum Entspannen in den Wellnessbereich. Alpinski, Offpist oder Skitour? Alles. Am besten auf einmal und das ganze Jahr. Als Winterm\u00e4dchen sehne ich mich nach den ersten Schnee. Und dann das ganze Programm. Dirndl oder Bustierkleid? Dirndl. Liebend gern.","sameAs":["https:\/\/www.barbara-pirchner.com\/","https:\/\/www.linkedin.com\/in\/barbara-pirchner-573031120\/"],"url":"https:\/\/www.salzburgerland.com\/de\/magazin\/author\/barbara-pirchner\/"}]}},"_wl_alt_label":[],"wl:entity_url":"http:\/\/open.salzburgerland.com\/magazin\/post\/parachute-ski-world-cup-180668","_links":{"self":[{"href":"https:\/\/www.salzburgerland.com\/de\/magazin\/wp-json\/wp\/v2\/posts\/180668","targetHints":{"allow":["GET"]}}],"collection":[{"href":"https:\/\/www.salzburgerland.com\/de\/magazin\/wp-json\/wp\/v2\/posts"}],"about":[{"href":"https:\/\/www.salzburgerland.com\/de\/magazin\/wp-json\/wp\/v2\/types\/post"}],"author":[{"embeddable":true,"href":"https:\/\/www.salzburgerland.com\/de\/magazin\/wp-json\/wp\/v2\/users\/564"}],"replies":[{"embeddable":true,"href":"https:\/\/www.salzburgerland.com\/de\/magazin\/wp-json\/wp\/v2\/comments?post=180668"}],"version-history":[{"count":10,"href":"https:\/\/www.salzburgerland.com\/de\/magazin\/wp-json\/wp\/v2\/posts\/180668\/revisions"}],"predecessor-version":[{"id":180743,"href":"https:\/\/www.salzburgerland.com\/de\/magazin\/wp-json\/wp\/v2\/posts\/180668\/revisions\/180743"}],"wp:featuredmedia":[{"embeddable":true,"href":"https:\/\/www.salzburgerland.com\/de\/magazin\/wp-json\/wp\/v2\/media\/180669"}],"wp:attachment":[{"href":"https:\/\/www.salzburgerland.com\/de\/magazin\/wp-json\/wp\/v2\/media?parent=180668"}],"wp:term":[{"taxonomy":"category","embeddable":true,"href":"https:\/\/www.salzburgerland.com\/de\/magazin\/wp-json\/wp\/v2\/categories?post=180668"},{"taxonomy":"post_tag","embeddable":true,"href":"https:\/\/www.salzburgerland.com\/de\/magazin\/wp-json\/wp\/v2\/tags?post=180668"},{"taxonomy":"wl_entity_type","embeddable":true,"href":"https:\/\/www.salzburgerland.com\/de\/magazin\/wp-json\/wp\/v2\/wl_entity_type?post=180668"},{"taxonomy":"monatsauswahl","embeddable":true,"href":"https:\/\/www.salzburgerland.com\/de\/magazin\/wp-json\/wp\/v2\/monatsauswahl?post=180668"}],"curies":[{"name":"wp","href":"https:\/\/api.w.org\/{rel}","templated":true}]}}