{"id":180593,"date":"2025-02-18T07:00:00","date_gmt":"2025-02-18T06:00:00","guid":{"rendered":"https:\/\/www.salzburgerland.com\/de\/magazin\/?p=180593"},"modified":"2025-06-26T12:51:14","modified_gmt":"2025-06-26T10:51:14","slug":"das-fisch-schneckenrestaurant-winkler","status":"publish","type":"post","link":"https:\/\/www.salzburgerland.com\/de\/magazin\/das-fisch-schneckenrestaurant-winkler\/","title":{"rendered":"Das Fisch- &amp; Schneckenrestaurant Winkler"},"content":{"rendered":"\n<div class=\"wp-block-slt-top topBlocks\">\n<h2 class=\"wp-block-slt-subtitle\">Ganz besondere Delikatessen<\/h2>\n\n\n\n<p class=\"wp-block-slt-intro\">Das Seehotel Winkler, wunderbar am Wallersee gelegen, ist weit \u00fcber die Grenzen des SalzburgLandes hinaus bekannt. Die G\u00e4ste kommen besonders gerne, um k\u00f6stlich zubereitete Schnecken und feinsten Fisch aus der Region zu genie\u00dfen.<\/p>\n<\/div>\n\n\n\n<figure class=\"wp-block-image size-full\"><img loading=\"lazy\" decoding=\"async\" width=\"2560\" height=\"1704\" src=\"https:\/\/www.salzburgerland.com\/de\/magazin\/wp-content\/uploads\/2025\/01\/Aufmacher-scaled.jpg\" alt=\"Eleganter Restaurantbereich mit gr\u00fcnen Samtst\u00fchlen, gedeckten Tischen, Pendelleuchten und einem botanischen Wandgem\u00e4lde.\" class=\"wp-image-180594\" srcset=\"https:\/\/www.salzburgerland.com\/de\/magazin\/wp-content\/uploads\/2025\/01\/Aufmacher-scaled.jpg 2560w, https:\/\/www.salzburgerland.com\/de\/magazin\/wp-content\/uploads\/2025\/01\/Aufmacher-300x200.jpg 300w, https:\/\/www.salzburgerland.com\/de\/magazin\/wp-content\/uploads\/2025\/01\/Aufmacher-1536x1022.jpg 1536w, https:\/\/www.salzburgerland.com\/de\/magazin\/wp-content\/uploads\/2025\/01\/Aufmacher-2048x1363.jpg 2048w, https:\/\/www.salzburgerland.com\/de\/magazin\/wp-content\/uploads\/2025\/01\/Aufmacher-826x550.jpg 826w, https:\/\/www.salzburgerland.com\/de\/magazin\/wp-content\/uploads\/2025\/01\/Aufmacher-601x400.jpg 601w, https:\/\/www.salzburgerland.com\/de\/magazin\/wp-content\/uploads\/2025\/01\/Aufmacher-1320x878.jpg 1320w, https:\/\/www.salzburgerland.com\/de\/magazin\/wp-content\/uploads\/2025\/01\/Aufmacher-150x100.jpg 150w\" sizes=\"auto, (max-width: 2560px) 100vw, 2560px\" \/><figcaption class=\"wp-element-caption\"><em>\u00a9Fabian Krispel<\/em><\/figcaption><\/figure>\n\n\n\n<p>Wie die Muscheln, sind auch Schnecken zumindest seit der Jungsteinzeit als Nahrungsmittel bekannt. Die Delikatesse steckt voller Vitamine, Mineralstoffe und Aminos\u00e4uren. Ebenso sind Schnecken reich an Omega-3-Fetts\u00e4uren und ihre Zucht verlangt vergleichsweise wenig Ressourcen, wenig Land und wenig Futter.<\/p>\n\n\n\n<p>Ein beliebter Ort, wo diese K\u00f6stlichkeit genossen werden kann, ist das <a href=\"https:\/\/www.seehotel.at\/restaurant\/\" target=\"_blank\" rel=\"noreferrer noopener\">Fisch- &amp; Schneckenrestaurant Winkler<\/a>. Geboten wird hier die Archatschnecke, die aus Frankreich importiert wird. Wie der Name schon sagt, gibt es auch verschiedenste Fischvariationen zu entdecken. Die t\u00e4glich frisch gefangenen Fische kommen aus heimischen Gew\u00e4ssern und werden von der K\u00fcchencrew in kulinarische K\u00f6stlichkeiten verwandelt. \u201eUnsere S\u00fc\u00dfwasserfische beispielsweise aus dem Wallersee, dem Zeller See oder dem Mondsee gibt es je nach G\u00e4stewunsch vom Rost oder im Salzbett\u201c, erkl\u00e4rt Inhaberin Ulli Perner.<\/p>\n\n\n<div class=\"mag-gallery\"><div class=\"row\"><div class=\"col-6 col-sm-4\"><figure><a class=\"thumb-container\" href=\"https:\/\/www.salzburgerland.com\/de\/magazin\/wp-content\/uploads\/2025\/01\/C-Gemeinde-Neumark-am-Wallersee-1280x1024.jpg\">\t<picture><source media=\"(min-width: 576px)\" srcset=\"https:\/\/www.salzburgerland.com\/de\/magazin\/wp-content\/uploads\/2025\/01\/C-Gemeinde-Neumark-am-Wallersee-325x209.jpg 325w, https:\/\/www.salzburgerland.com\/de\/magazin\/wp-content\/uploads\/2025\/01\/C-Gemeinde-Neumark-am-Wallersee-249x160.jpg 249w\"><\/source><source media=\"(min-width: 0)\" srcset=\"https:\/\/www.salzburgerland.com\/de\/magazin\/wp-content\/uploads\/2025\/01\/C-Gemeinde-Neumark-am-Wallersee-249x160.jpg 249w, https:\/\/www.salzburgerland.com\/de\/magazin\/wp-content\/uploads\/2025\/01\/C-Gemeinde-Neumark-am-Wallersee-325x209.jpg 325w\"><\/source><img decoding=\"async\" alt=\"Sechs gekochte Schnecken in Muscheln, serviert auf einem Metallteller mit gr&uuml;ner Kr&auml;uterbutter, im Hintergrund eine Zange.\" src=\"https:\/\/www.salzburgerland.com\/de\/magazin\/wp-content\/uploads\/2025\/01\/C-Gemeinde-Neumark-am-Wallersee.jpg\">\t<\/picture><figcaption>&copy;Fisch &amp; Schneckenrestaurant Winkler<\/figcaption><\/a><\/figure><\/div><div class=\"col-6 col-sm-4\"><figure><a class=\"thumb-container\" href=\"https:\/\/www.salzburgerland.com\/de\/magazin\/wp-content\/uploads\/2025\/01\/Facebook-Seite-Kopie-1280x1024.jpg\">\t<picture><source media=\"(min-width: 576px)\" srcset=\"https:\/\/www.salzburgerland.com\/de\/magazin\/wp-content\/uploads\/2025\/01\/Facebook-Seite-Kopie-325x209.jpg 325w, https:\/\/www.salzburgerland.com\/de\/magazin\/wp-content\/uploads\/2025\/01\/Facebook-Seite-Kopie-249x160.jpg 249w\"><\/source><source media=\"(min-width: 0)\" srcset=\"https:\/\/www.salzburgerland.com\/de\/magazin\/wp-content\/uploads\/2025\/01\/Facebook-Seite-Kopie-249x160.jpg 249w, https:\/\/www.salzburgerland.com\/de\/magazin\/wp-content\/uploads\/2025\/01\/Facebook-Seite-Kopie-325x209.jpg 325w\"><\/source><img decoding=\"async\" alt=\"Menschen speisen im Freien mit einem malerischen See, Bergen und Gr&uuml;nfl&auml;chen im Hintergrund bei Sonnenuntergang.\" src=\"https:\/\/www.salzburgerland.com\/de\/magazin\/wp-content\/uploads\/2025\/01\/Facebook-Seite-Kopie.jpg\">\t<\/picture><figcaption>&copy;Fisch &amp; Schneckenrestaurant Winkler<\/figcaption><\/a><\/figure><\/div><div class=\"col-6 col-sm-4\"><figure><a class=\"thumb-container\" href=\"https:\/\/www.salzburgerland.com\/de\/magazin\/wp-content\/uploads\/2025\/01\/L1070429_HDR-1280x1024.jpg\">\t<picture><source media=\"(min-width: 576px)\" srcset=\"https:\/\/www.salzburgerland.com\/de\/magazin\/wp-content\/uploads\/2025\/01\/L1070429_HDR-325x209.jpg 325w, https:\/\/www.salzburgerland.com\/de\/magazin\/wp-content\/uploads\/2025\/01\/L1070429_HDR-249x160.jpg 249w\"><\/source><source media=\"(min-width: 0)\" srcset=\"https:\/\/www.salzburgerland.com\/de\/magazin\/wp-content\/uploads\/2025\/01\/L1070429_HDR-249x160.jpg 249w, https:\/\/www.salzburgerland.com\/de\/magazin\/wp-content\/uploads\/2025\/01\/L1070429_HDR-325x209.jpg 325w\"><\/source><img decoding=\"async\" alt=\"Modernes Restaurantinterieur mit eleganten Tischen, gepolsterten St&uuml;hlen, Wandkunst und nat&uuml;rlichem Licht durch gro&szlig;e Fenster.\" src=\"https:\/\/www.salzburgerland.com\/de\/magazin\/wp-content\/uploads\/2025\/01\/L1070429_HDR-scaled.jpg\">\t<\/picture><figcaption>&copy;Fabian Krispel<\/figcaption><\/a><\/figure><\/div><\/div><figcaption><\/figcaption><\/div>\n\n\n\n<h2 class=\"wp-block-heading\" id=\"h-bestandigkeit-ist-wichtig\">Best\u00e4ndigkeit ist wichtig<\/h2>\n\n\n\n<p>Sie ist in dem Haus, das heute auch acht Doppelzimmer und vier Junior-Suiten bietet, aufgewachsen und verbrachte gro\u00dfe Teile ihrer Kindheit in der Wallersee-Ostbucht. Ihre Eltern Reingard und Rudolf Bauer hatten den Hotel- und Restaurantbetrieb 1970 mitsamt Strandbad gekauft und immer wieder aus- und umgebaut. 2014 schlie\u00dflich \u00fcbergaben sie die Liegenschaft an ihre Tochter. Ulrike Perner f\u00fchrte bis 2016 auch die Hagenauerstube am&nbsp; Universit\u00e4tsplatz in der Altstadt von Salzburg.<\/p>\n\n\n\n<p>\u201eIm Sommer kommt vor allem auch das Festspielpublikum gerne in unser Haus. Manche Familien bleiben dann mehrere Wochen am St\u00fcck im Hotel und genie\u00dfen die Speisen unseres Restaurants\u201c, erz\u00e4hlt Ulli Perner im Gespr\u00e4ch.<\/p>\n\n\n\n<p>Es ist ein Donnerstag und die Vorbereitungen f\u00fcr den Tag sind bereits in vollem Gange. K\u00fcchenchef Willy Oberreiter nimmt sich dennoch Zeit f\u00fcr einen kurzen Plausch. Worauf er besonderen Wert legt, wollten wir von ihm erfahren. \u201eAuf Best\u00e4ndigkeit\u201c, antwortet er. Denn das Restaurant, das f\u00fcr viele ganz einfach den Namen \u201eSchnecken-Winkler\u201c tr\u00e4gt, kann auf eine jahrzehntelange Tradition zur\u00fcckblicken. Seit 50 Jahren wissen die G\u00e4ste, was sie hier erwartet. \u201eWir richten uns so gut wie nie nach kulinarischen Modeerscheinungen und unsere Karte ist gr\u00f6\u00dftenteils immer dieselbe. Eben diese Best\u00e4ndigkeit wird besonders gesch\u00e4tzt\u201c, so Ulli Perner.<\/p>\n\n\n<div class=\"mag-gallery\"><div class=\"row\"><div class=\"col-6 col-sm-4\"><figure><a class=\"thumb-container\" href=\"https:\/\/www.salzburgerland.com\/de\/magazin\/wp-content\/uploads\/2025\/01\/Granbacher-1280x1024.jpg\">\t<picture><source media=\"(min-width: 576px)\" srcset=\"https:\/\/www.salzburgerland.com\/de\/magazin\/wp-content\/uploads\/2025\/01\/Granbacher-325x209.jpg 325w, https:\/\/www.salzburgerland.com\/de\/magazin\/wp-content\/uploads\/2025\/01\/Granbacher-249x160.jpg 249w\"><\/source><source media=\"(min-width: 0)\" srcset=\"https:\/\/www.salzburgerland.com\/de\/magazin\/wp-content\/uploads\/2025\/01\/Granbacher-249x160.jpg 249w, https:\/\/www.salzburgerland.com\/de\/magazin\/wp-content\/uploads\/2025\/01\/Granbacher-325x209.jpg 325w\"><\/source><img decoding=\"async\" alt=\"Eleganter Restaurantbereich mit wei&szlig;en Tischt&uuml;chern, modernen St&uuml;hlen und gro&szlig;en Fenstern, die den Blick nach drau&szlig;en freigeben.\" src=\"https:\/\/www.salzburgerland.com\/de\/magazin\/wp-content\/uploads\/2025\/01\/Granbacher-scaled.jpg\">\t<\/picture><figcaption>&copy;Granbacher<\/figcaption><\/a><\/figure><\/div><div class=\"col-6 col-sm-4\"><figure><a class=\"thumb-container\" href=\"https:\/\/www.salzburgerland.com\/de\/magazin\/wp-content\/uploads\/2025\/01\/L1062129-1280x1024.jpg\">\t<picture><source media=\"(min-width: 576px)\" srcset=\"https:\/\/www.salzburgerland.com\/de\/magazin\/wp-content\/uploads\/2025\/01\/L1062129-325x209.jpg 325w, https:\/\/www.salzburgerland.com\/de\/magazin\/wp-content\/uploads\/2025\/01\/L1062129-249x160.jpg 249w\"><\/source><source media=\"(min-width: 0)\" srcset=\"https:\/\/www.salzburgerland.com\/de\/magazin\/wp-content\/uploads\/2025\/01\/L1062129-249x160.jpg 249w, https:\/\/www.salzburgerland.com\/de\/magazin\/wp-content\/uploads\/2025\/01\/L1062129-325x209.jpg 325w\"><\/source><img decoding=\"async\" alt=\"Nahaufnahme einer h&ouml;lzernen Fischskulptur mit detailliert geschnitzten Schuppen und Flossen vor einem dunklen Hintergrund.\" src=\"https:\/\/www.salzburgerland.com\/de\/magazin\/wp-content\/uploads\/2025\/01\/L1062129-scaled.jpg\">\t<\/picture><figcaption>&copy;Fabian Krispel<\/figcaption><\/a><\/figure><\/div><div class=\"col-6 col-sm-4\"><figure><a class=\"thumb-container\" href=\"https:\/\/www.salzburgerland.com\/de\/magazin\/wp-content\/uploads\/2025\/01\/L1070370-1280x1024.jpg\">\t<picture><source media=\"(min-width: 576px)\" srcset=\"https:\/\/www.salzburgerland.com\/de\/magazin\/wp-content\/uploads\/2025\/01\/L1070370-325x209.jpg 325w, https:\/\/www.salzburgerland.com\/de\/magazin\/wp-content\/uploads\/2025\/01\/L1070370-249x160.jpg 249w\"><\/source><source media=\"(min-width: 0)\" srcset=\"https:\/\/www.salzburgerland.com\/de\/magazin\/wp-content\/uploads\/2025\/01\/L1070370-249x160.jpg 249w, https:\/\/www.salzburgerland.com\/de\/magazin\/wp-content\/uploads\/2025\/01\/L1070370-325x209.jpg 325w\"><\/source><img decoding=\"async\" alt=\"Moderner Essbereich mit einem gem&uuml;tlichen Kamin, einem hohen Tisch, vier grauen St&uuml;hlen und minimalistischem Dekor.\" src=\"https:\/\/www.salzburgerland.com\/de\/magazin\/wp-content\/uploads\/2025\/01\/L1070370-scaled.jpg\">\t<\/picture><figcaption>&copy;Fabian Krispel<\/figcaption><\/a><\/figure><\/div><\/div><figcaption><\/figcaption><\/div>\n\n\n\n<h2 class=\"wp-block-heading\" id=\"h-beliebt-bei-festspiel-stars\">Beliebt bei Festspiel-Stars<\/h2>\n\n\n\n<p>Auch Stars wie Pl\u00e1cido Domingo, Anna Netrebko oder Rolando Villaz\u00f2n waren und sind gern gesehene G\u00e4ste im Restaurant. \u201eWenn Dirigent Sir Simon Rattle in Salzburg ist, l\u00e4sst er es sich nicht nehmen, unser Restaurant zu besuchen\u201c, verr\u00e4t die Chefin. Auch der \u00f6sterreichische Schriftsteller und Schauspieler Gabriel Barylli z\u00e4hlt zu den Stammg\u00e4sten. \u201eSchon meinem Vater ist es immer wichtig gewesen, dass die Privatsph\u00e4re dieser G\u00e4ste gewahrt bleibt und sie nicht reiheinweise Autogrammw\u00fcnsche erf\u00fcllen m\u00fcssen. Noch heute sch\u00e4tzen sie diese Diskretion\u201c, wei\u00df die Hausherrin zu berichten. &nbsp;<\/p>\n\n\n\n<p>Die G\u00e4ste des Restaurants kommen gr\u00f6\u00dftenteils aus dem SalzburgLand und dem bayerischen Raum, aber es gibt \u00f6sterreichweit und dar\u00fcber hinaus viele Menschen, die immer wieder zur Wallersee-Ostbucht reisen, um frischen Fisch oder Schnecken zu genie\u00dfen.<\/p>\n\n\n\n<p>K\u00fcchenchef Willy Oberreiter verr\u00e4t noch, dass auf der Karte meist auch Gerichte wie Rinderfilet in verschiedenen Variationen, ausgel\u00f6stes Backhendel oder Tr\u00fcffelnudeln zu finden sind. Besonders beliebt sind bei den G\u00e4sten auch die Flusskrebse.<\/p>\n\n\n\n<p>Beim Fisch &amp; Schneckenrestaurant Winkler handelt es sich \u00fcbrigens um einen richtigen Familienbetrieb. Moritz Perner, Sohn der Inhaberin, arbeitet ebenfalls im Haus. Und wer die Familie kennt, wei\u00df, dass Ulli Perners Schwester ebenfalls ein bekanntes Haus in Neumarkt am Wallersee f\u00fchrt \u2013 gemeinsam mit ihrem Mann hei\u00dft sie die G\u00e4ste im Restaurant \u201eWeyringer Wallersee\u201c willkommen.<\/p>\n\n\n<div class=\"mag-gallery\"><div class=\"row\"><div class=\"col-6 col-sm-4\"><figure><a class=\"thumb-container\" href=\"https:\/\/www.salzburgerland.com\/de\/magazin\/wp-content\/uploads\/2025\/01\/DSC5657-1280x1024.jpeg\">\t<picture><source media=\"(min-width: 576px)\" srcset=\"https:\/\/www.salzburgerland.com\/de\/magazin\/wp-content\/uploads\/2025\/01\/DSC5657-325x209.jpeg 325w, https:\/\/www.salzburgerland.com\/de\/magazin\/wp-content\/uploads\/2025\/01\/DSC5657-249x160.jpeg 249w\"><\/source><source media=\"(min-width: 0)\" srcset=\"https:\/\/www.salzburgerland.com\/de\/magazin\/wp-content\/uploads\/2025\/01\/DSC5657-249x160.jpeg 249w, https:\/\/www.salzburgerland.com\/de\/magazin\/wp-content\/uploads\/2025\/01\/DSC5657-325x209.jpeg 325w\"><\/source><img decoding=\"async\" alt=\"Ein Koch garniert ein Dessert mit Heidelbeeren und frischer Minze auf einem wei&szlig;en Teller in einer K&uuml;che.\" src=\"https:\/\/www.salzburgerland.com\/de\/magazin\/wp-content\/uploads\/2025\/01\/DSC5657-scaled.jpeg\">\t<\/picture><figcaption>&copy;Fisch &amp; Schneckenrestaurant Winkler<\/figcaption><\/a><\/figure><\/div><div class=\"col-6 col-sm-4\"><figure><a class=\"thumb-container\" href=\"https:\/\/www.salzburgerland.com\/de\/magazin\/wp-content\/uploads\/2025\/01\/L1061999-1280x1024.jpg\">\t<picture><source media=\"(min-width: 576px)\" srcset=\"https:\/\/www.salzburgerland.com\/de\/magazin\/wp-content\/uploads\/2025\/01\/L1061999-325x209.jpg 325w, https:\/\/www.salzburgerland.com\/de\/magazin\/wp-content\/uploads\/2025\/01\/L1061999-249x160.jpg 249w\"><\/source><source media=\"(min-width: 0)\" srcset=\"https:\/\/www.salzburgerland.com\/de\/magazin\/wp-content\/uploads\/2025\/01\/L1061999-249x160.jpg 249w, https:\/\/www.salzburgerland.com\/de\/magazin\/wp-content\/uploads\/2025\/01\/L1061999-325x209.jpg 325w\"><\/source><img decoding=\"async\" alt=\"Elegant gedeckter Restauranttisch mit gefalteten Servietten, Gl&auml;sern und ged&auml;mpfter Beleuchtung in der N&auml;he gro&szlig;er Fenster.\" src=\"https:\/\/www.salzburgerland.com\/de\/magazin\/wp-content\/uploads\/2025\/01\/L1061999-scaled.jpg\">\t<\/picture><figcaption>&copy;Fabian Krispel<\/figcaption><\/a><\/figure><\/div><div class=\"col-6 col-sm-4\"><figure><a class=\"thumb-container\" href=\"https:\/\/www.salzburgerland.com\/de\/magazin\/wp-content\/uploads\/2025\/01\/L1062079-1280x1024.jpg\">\t<picture><source media=\"(min-width: 576px)\" srcset=\"https:\/\/www.salzburgerland.com\/de\/magazin\/wp-content\/uploads\/2025\/01\/L1062079-325x209.jpg 325w, https:\/\/www.salzburgerland.com\/de\/magazin\/wp-content\/uploads\/2025\/01\/L1062079-249x160.jpg 249w\"><\/source><source media=\"(min-width: 0)\" srcset=\"https:\/\/www.salzburgerland.com\/de\/magazin\/wp-content\/uploads\/2025\/01\/L1062079-249x160.jpg 249w, https:\/\/www.salzburgerland.com\/de\/magazin\/wp-content\/uploads\/2025\/01\/L1062079-325x209.jpg 325w\"><\/source><img decoding=\"async\" alt=\"Elegant gedeckter Restauranttisch mit Servietten, Gl&auml;sern und Tellern unter modernen H&auml;ngelampen.\" src=\"https:\/\/www.salzburgerland.com\/de\/magazin\/wp-content\/uploads\/2025\/01\/L1062079-scaled.jpg\">\t<\/picture><figcaption>&copy;Fabian Krispel<\/figcaption><\/a><\/figure><\/div><div class=\"col-6 col-sm-4\"><figure><a class=\"thumb-container\" href=\"https:\/\/www.salzburgerland.com\/de\/magazin\/wp-content\/uploads\/2025\/01\/L1062176-1280x1024.jpg\">\t<picture><source media=\"(min-width: 576px)\" srcset=\"https:\/\/www.salzburgerland.com\/de\/magazin\/wp-content\/uploads\/2025\/01\/L1062176-325x209.jpg 325w, https:\/\/www.salzburgerland.com\/de\/magazin\/wp-content\/uploads\/2025\/01\/L1062176-249x160.jpg 249w\"><\/source><source media=\"(min-width: 0)\" srcset=\"https:\/\/www.salzburgerland.com\/de\/magazin\/wp-content\/uploads\/2025\/01\/L1062176-249x160.jpg 249w, https:\/\/www.salzburgerland.com\/de\/magazin\/wp-content\/uploads\/2025\/01\/L1062176-325x209.jpg 325w\"><\/source><img decoding=\"async\" alt=\"Eleganter Restaurantbereich mit runden Tischen, die mit wei&szlig;en T&uuml;chern, Servietten und Gl&auml;sern gedeckt sind.\" src=\"https:\/\/www.salzburgerland.com\/de\/magazin\/wp-content\/uploads\/2025\/01\/L1062176-scaled.jpg\">\t<\/picture><figcaption>&copy;Fabian Krispel<\/figcaption><\/a><\/figure><\/div><div class=\"col-6 col-sm-4\"><figure><a class=\"thumb-container\" href=\"https:\/\/www.salzburgerland.com\/de\/magazin\/wp-content\/uploads\/2025\/01\/L1062340-1280x1024.jpg\">\t<picture><source media=\"(min-width: 576px)\" srcset=\"https:\/\/www.salzburgerland.com\/de\/magazin\/wp-content\/uploads\/2025\/01\/L1062340-325x209.jpg 325w, https:\/\/www.salzburgerland.com\/de\/magazin\/wp-content\/uploads\/2025\/01\/L1062340-249x160.jpg 249w\"><\/source><source media=\"(min-width: 0)\" srcset=\"https:\/\/www.salzburgerland.com\/de\/magazin\/wp-content\/uploads\/2025\/01\/L1062340-249x160.jpg 249w, https:\/\/www.salzburgerland.com\/de\/magazin\/wp-content\/uploads\/2025\/01\/L1062340-325x209.jpg 325w\"><\/source><img decoding=\"async\" alt=\"Eine Topfpflanze steht auf einer Fensterbank in einem modernen, eleganten Restaurant, in dessen N&auml;he ein wei&szlig;er Tisch gedeckt ist.\" src=\"https:\/\/www.salzburgerland.com\/de\/magazin\/wp-content\/uploads\/2025\/01\/L1062340-scaled.jpg\">\t<\/picture><figcaption>&copy;Fabian Krispel<\/figcaption><\/a><\/figure><\/div><div class=\"col-6 col-sm-4\"><figure><a class=\"thumb-container\" href=\"https:\/\/www.salzburgerland.com\/de\/magazin\/wp-content\/uploads\/2025\/01\/L1070397-1280x1024.jpg\">\t<picture><source media=\"(min-width: 576px)\" srcset=\"https:\/\/www.salzburgerland.com\/de\/magazin\/wp-content\/uploads\/2025\/01\/L1070397-325x209.jpg 325w, https:\/\/www.salzburgerland.com\/de\/magazin\/wp-content\/uploads\/2025\/01\/L1070397-249x160.jpg 249w\"><\/source><source media=\"(min-width: 0)\" srcset=\"https:\/\/www.salzburgerland.com\/de\/magazin\/wp-content\/uploads\/2025\/01\/L1070397-249x160.jpg 249w, https:\/\/www.salzburgerland.com\/de\/magazin\/wp-content\/uploads\/2025\/01\/L1070397-325x209.jpg 325w\"><\/source><img decoding=\"async\" alt=\"Ein gem&uuml;tliches Wohnzimmer mit einem beleuchteten Kamin, einem beigen Sessel, einem dunklen Sofa, einer Lampe und gerahmter Kunst an der Wand.\" src=\"https:\/\/www.salzburgerland.com\/de\/magazin\/wp-content\/uploads\/2025\/01\/L1070397-scaled.jpg\">\t<\/picture><figcaption>&copy;Fabian Krispel<\/figcaption><\/a><\/figure><\/div><\/div><figcaption><\/figcaption><\/div>\n\n\n\n<p><strong>Seehotel Winkler GmbH<\/strong><br>Uferstra\u00dfe 32<br>5202 Neumarkt am Wallersee<br>T: +43 6216 5270<br><a href=\"mailto:info@seehotel.at\" target=\"_blank\" rel=\"noreferrer noopener\">info@seehotel.at<\/a><br><a href=\"https:\/\/www.seehotel.at\/\" target=\"_blank\" rel=\"noreferrer noopener\">www.seehotel.at<\/a><\/p>\n","protected":false},"excerpt":{"rendered":"<p>Wie die Muscheln, sind auch Schnecken zumindest seit der Jungsteinzeit als Nahrungsmittel bekannt. Die Delikatesse steckt voller Vitamine, Mineralstoffe und Aminos\u00e4uren. Ebenso sind Schnecken reich an Omega-3-Fetts\u00e4uren und ihre Zucht verlangt vergleichsweise wenig Ressourcen, wenig Land und wenig Futter. Ein beliebter Ort, wo diese K\u00f6stlichkeit genossen werden kann, ist das Fisch- &amp; Schneckenrestaurant Winkler. Geboten [&hellip;]<\/p>\n","protected":false},"author":552,"featured_media":180595,"comment_status":"closed","ping_status":"closed","sticky":false,"template":"","format":"standard","meta":{"_acf_changed":false,"wl_entities_gutenberg":"","_wl_entity_redirect_enabled":"","footnotes":""},"categories":[3],"tags":[],"wl_entity_type":[306],"monatsauswahl":[],"class_list":["post-180593","post","type-post","status-publish","format-standard","has-post-thumbnail","hentry","category-essen-trinken","wl_entity_type-article"],"acf":[],"yoast_head":"<!-- This site is optimized with the Yoast SEO Premium plugin v27.4 (Yoast SEO v27.4) - https:\/\/yoast.com\/product\/yoast-seo-premium-wordpress\/ -->\n<title>Das Fisch- &amp; Schneckenrestaurant Winkler - SalzburgerLand Magazin<\/title>\n<meta name=\"robots\" content=\"index, follow, max-snippet:-1, max-image-preview:large, max-video-preview:-1\" \/>\n<link rel=\"canonical\" href=\"https:\/\/www.salzburgerland.com\/de\/magazin\/das-fisch-schneckenrestaurant-winkler\/\" \/>\n<meta property=\"og:locale\" content=\"de_DE\" \/>\n<meta property=\"og:type\" content=\"article\" \/>\n<meta property=\"og:title\" content=\"Das Fisch- &amp; Schneckenrestaurant Winkler\" \/>\n<meta property=\"og:description\" content=\"Wie die Muscheln, sind auch Schnecken zumindest seit der Jungsteinzeit als Nahrungsmittel bekannt. Die Delikatesse steckt voller Vitamine, Mineralstoffe und Aminos\u00e4uren. Ebenso sind Schnecken reich an Omega-3-Fetts\u00e4uren und ihre Zucht verlangt vergleichsweise wenig Ressourcen, wenig Land und wenig Futter. Ein beliebter Ort, wo diese K\u00f6stlichkeit genossen werden kann, ist das Fisch- &amp; Schneckenrestaurant Winkler. Geboten [&hellip;]\" \/>\n<meta property=\"og:url\" content=\"https:\/\/www.salzburgerland.com\/de\/magazin\/das-fisch-schneckenrestaurant-winkler\/\" \/>\n<meta property=\"og:site_name\" content=\"SalzburgerLand Magazin\" \/>\n<meta property=\"article:publisher\" content=\"https:\/\/www.facebook.com\/salzburgerland\/\" \/>\n<meta property=\"article:published_time\" content=\"2025-02-18T06:00:00+00:00\" \/>\n<meta property=\"article:modified_time\" content=\"2025-06-26T10:51:14+00:00\" \/>\n<meta property=\"og:image\" content=\"https:\/\/www.salzburgerland.com\/de\/magazin\/wp-content\/uploads\/2025\/01\/C-Gemeinde-Neumark-am-Wallersee.jpg\" \/>\n\t<meta property=\"og:image:width\" content=\"1030\" \/>\n\t<meta property=\"og:image:height\" content=\"580\" \/>\n\t<meta property=\"og:image:type\" content=\"image\/jpeg\" \/>\n<meta name=\"author\" content=\"Christian Granbacher-Roth\" \/>\n<meta name=\"twitter:card\" content=\"summary_large_image\" \/>\n<meta name=\"twitter:creator\" content=\"@Salzburgerland\" \/>\n<meta name=\"twitter:site\" content=\"@Salzburgerland\" \/>\n<meta name=\"twitter:label1\" content=\"Verfasst von\" \/>\n\t<meta name=\"twitter:data1\" content=\"Christian Granbacher-Roth\" \/>\n\t<meta name=\"twitter:label2\" content=\"Gesch\u00e4tzte Lesezeit\" \/>\n\t<meta name=\"twitter:data2\" content=\"7\u00a0Minuten\" \/>\n<script type=\"application\/ld+json\" class=\"yoast-schema-graph\">{\"@context\":\"https:\\\/\\\/schema.org\",\"@graph\":[{\"@type\":\"Article\",\"@id\":\"https:\\\/\\\/www.salzburgerland.com\\\/de\\\/magazin\\\/das-fisch-schneckenrestaurant-winkler\\\/#article\",\"isPartOf\":{\"@id\":\"https:\\\/\\\/www.salzburgerland.com\\\/de\\\/magazin\\\/das-fisch-schneckenrestaurant-winkler\\\/\"},\"author\":{\"name\":\"Christian Granbacher-Roth\",\"@id\":\"https:\\\/\\\/www.salzburgerland.com\\\/de\\\/magazin\\\/#\\\/schema\\\/person\\\/3cf8bb4ac95e0b72df11b8b53c6ac24b\"},\"headline\":\"Das Fisch- &amp; Schneckenrestaurant Winkler\",\"datePublished\":\"2025-02-18T06:00:00+00:00\",\"dateModified\":\"2025-06-26T10:51:14+00:00\",\"mainEntityOfPage\":{\"@id\":\"https:\\\/\\\/www.salzburgerland.com\\\/de\\\/magazin\\\/das-fisch-schneckenrestaurant-winkler\\\/\"},\"wordCount\":671,\"publisher\":{\"@id\":\"https:\\\/\\\/www.salzburgerland.com\\\/de\\\/magazin\\\/#organization\"},\"image\":{\"@id\":\"https:\\\/\\\/www.salzburgerland.com\\\/de\\\/magazin\\\/das-fisch-schneckenrestaurant-winkler\\\/#primaryimage\"},\"thumbnailUrl\":\"https:\\\/\\\/www.salzburgerland.com\\\/de\\\/magazin\\\/wp-content\\\/uploads\\\/2025\\\/01\\\/C-Gemeinde-Neumark-am-Wallersee.jpg\",\"articleSection\":[\"Essen &amp; Trinken\"],\"inLanguage\":\"de\"},{\"@type\":\"WebPage\",\"@id\":\"https:\\\/\\\/www.salzburgerland.com\\\/de\\\/magazin\\\/das-fisch-schneckenrestaurant-winkler\\\/\",\"url\":\"https:\\\/\\\/www.salzburgerland.com\\\/de\\\/magazin\\\/das-fisch-schneckenrestaurant-winkler\\\/\",\"name\":\"Das Fisch- &amp; Schneckenrestaurant Winkler - SalzburgerLand Magazin\",\"isPartOf\":{\"@id\":\"https:\\\/\\\/www.salzburgerland.com\\\/de\\\/magazin\\\/#website\"},\"primaryImageOfPage\":{\"@id\":\"https:\\\/\\\/www.salzburgerland.com\\\/de\\\/magazin\\\/das-fisch-schneckenrestaurant-winkler\\\/#primaryimage\"},\"image\":{\"@id\":\"https:\\\/\\\/www.salzburgerland.com\\\/de\\\/magazin\\\/das-fisch-schneckenrestaurant-winkler\\\/#primaryimage\"},\"thumbnailUrl\":\"https:\\\/\\\/www.salzburgerland.com\\\/de\\\/magazin\\\/wp-content\\\/uploads\\\/2025\\\/01\\\/C-Gemeinde-Neumark-am-Wallersee.jpg\",\"datePublished\":\"2025-02-18T06:00:00+00:00\",\"dateModified\":\"2025-06-26T10:51:14+00:00\",\"breadcrumb\":{\"@id\":\"https:\\\/\\\/www.salzburgerland.com\\\/de\\\/magazin\\\/das-fisch-schneckenrestaurant-winkler\\\/#breadcrumb\"},\"inLanguage\":\"de\",\"potentialAction\":[{\"@type\":\"ReadAction\",\"target\":[\"https:\\\/\\\/www.salzburgerland.com\\\/de\\\/magazin\\\/das-fisch-schneckenrestaurant-winkler\\\/\"]}]},{\"@type\":\"ImageObject\",\"inLanguage\":\"de\",\"@id\":\"https:\\\/\\\/www.salzburgerland.com\\\/de\\\/magazin\\\/das-fisch-schneckenrestaurant-winkler\\\/#primaryimage\",\"url\":\"https:\\\/\\\/www.salzburgerland.com\\\/de\\\/magazin\\\/wp-content\\\/uploads\\\/2025\\\/01\\\/C-Gemeinde-Neumark-am-Wallersee.jpg\",\"contentUrl\":\"https:\\\/\\\/www.salzburgerland.com\\\/de\\\/magazin\\\/wp-content\\\/uploads\\\/2025\\\/01\\\/C-Gemeinde-Neumark-am-Wallersee.jpg\",\"width\":1030,\"height\":580,\"caption\":\"Sechs gekochte Schnecken in Muscheln, serviert auf einem Metallteller mit gr\u00fcner Kr\u00e4uterbutter, im Hintergrund eine Zange.\"},{\"@type\":\"BreadcrumbList\",\"@id\":\"https:\\\/\\\/www.salzburgerland.com\\\/de\\\/magazin\\\/das-fisch-schneckenrestaurant-winkler\\\/#breadcrumb\",\"itemListElement\":[{\"@type\":\"ListItem\",\"position\":1,\"name\":\"Startseite\",\"item\":\"https:\\\/\\\/www.salzburgerland.com\\\/de\\\/magazin\\\/\"},{\"@type\":\"ListItem\",\"position\":2,\"name\":\"Essen &amp; Trinken\",\"item\":\"https:\\\/\\\/www.salzburgerland.com\\\/de\\\/magazin\\\/thema\\\/essen-trinken\\\/\"},{\"@type\":\"ListItem\",\"position\":3,\"name\":\"Das Fisch- &amp; Schneckenrestaurant Winkler\"}]},{\"@type\":\"WebSite\",\"@id\":\"https:\\\/\\\/www.salzburgerland.com\\\/de\\\/magazin\\\/#website\",\"url\":\"https:\\\/\\\/www.salzburgerland.com\\\/de\\\/magazin\\\/\",\"name\":\"SalzburgerLand Magazin\",\"description\":\"Geschichten und Interessantes aus dem SalzburgerLand\",\"publisher\":{\"@id\":\"https:\\\/\\\/www.salzburgerland.com\\\/de\\\/magazin\\\/#organization\"},\"potentialAction\":[{\"@type\":\"SearchAction\",\"target\":{\"@type\":\"EntryPoint\",\"urlTemplate\":\"https:\\\/\\\/www.salzburgerland.com\\\/de\\\/magazin\\\/?s={search_term_string}\"},\"query-input\":{\"@type\":\"PropertyValueSpecification\",\"valueRequired\":true,\"valueName\":\"search_term_string\"}}],\"inLanguage\":\"de\"},{\"@type\":\"Organization\",\"@id\":\"https:\\\/\\\/www.salzburgerland.com\\\/de\\\/magazin\\\/#organization\",\"name\":\"SalzburgerLand Tourismus\",\"url\":\"https:\\\/\\\/www.salzburgerland.com\\\/de\\\/magazin\\\/\",\"logo\":{\"@type\":\"ImageObject\",\"inLanguage\":\"de\",\"@id\":\"https:\\\/\\\/www.salzburgerland.com\\\/de\\\/magazin\\\/#\\\/schema\\\/logo\\\/image\\\/\",\"url\":\"https:\\\/\\\/www.salzburgerland.com\\\/de\\\/magazin\\\/wp-content\\\/uploads\\\/2019\\\/06\\\/salzburgerland-logo1.jpg\",\"contentUrl\":\"https:\\\/\\\/www.salzburgerland.com\\\/de\\\/magazin\\\/wp-content\\\/uploads\\\/2019\\\/06\\\/salzburgerland-logo1.jpg\",\"width\":2011,\"height\":866,\"caption\":\"SalzburgerLand Tourismus\"},\"image\":{\"@id\":\"https:\\\/\\\/www.salzburgerland.com\\\/de\\\/magazin\\\/#\\\/schema\\\/logo\\\/image\\\/\"},\"sameAs\":[\"https:\\\/\\\/www.facebook.com\\\/salzburgerland\\\/\",\"https:\\\/\\\/x.com\\\/Salzburgerland\",\"https:\\\/\\\/www.instagram.com\\\/salzburgerland\\\/\",\"https:\\\/\\\/at.linkedin.com\\\/company\\\/salzburgerland-tourismus-gmbh\",\"https:\\\/\\\/www.pinterest.at\\\/salzburgerland\\\/\",\"https:\\\/\\\/www.youtube.com\\\/user\\\/salzburgerland\",\"https:\\\/\\\/de.wikipedia.org\\\/wiki\\\/SalzburgerLand_Tourismus_GmbH\"]},{\"@type\":\"Person\",\"@id\":\"https:\\\/\\\/www.salzburgerland.com\\\/de\\\/magazin\\\/#\\\/schema\\\/person\\\/3cf8bb4ac95e0b72df11b8b53c6ac24b\",\"name\":\"Christian Granbacher-Roth\",\"description\":\"Der geb\u00fcrtige Kitzb\u00fcheler lebt seit knapp 20 Jahren in Salzburg und wohnte dabei schon im n\u00f6rdlichen Flachgau, der Stadt Salzburg und nun im Tennengau. Die zahlreichen Berge und Seen nutzt er gerne f\u00fcr Freizeitaktivit\u00e4ten. Als Genussmensch f\u00fchlt er sich kulturell und kulinarisch im Bundesland Salzburg bestens aufgehoben. An der Paris-Lodron-Universit\u00e4t Salzburg hat Christian das Studium der Publizistik- und Kommunikationswissenschaft sowie das Studium der Politikwissenschaft abgeschlossen. Seit 2007 ist er als Freier Redakteur (unter anderem als Chefredakteur von \u201eECHO \u2013 Salzburgs erstes Nachrichtenmagazin) t\u00e4tig. Dein pers\u00f6nlicher Logenplatz im SalzburgerLand? Davon gibt es viele. Schwer zu sagen, ob die beeindruckenden Berge und die zahlreichen Seen sch\u00f6ner sind als die Altstadtviertel von Salzburg oder Hallein. Dosiger oder Zuagroaster? Geboren und aufgewachsen in Kitzb\u00fchel in Tirol hat mich das Publizistikstudium ab 1999 nach Salzburg gelockt. Nach und nach habe ich das gesamte Bundesland kennen und sch\u00e4tzen gelernt und bin heute sehr froh dar\u00fcber, im sch\u00f6nen Tennengau zu leben. Luxushotel oder Almh\u00fctte? Zuerst ein paar ausgiebige Wanderungen und N\u00e4chte auf einer sch\u00f6nen Almh\u00fctte und dann am besten noch eine Nacht im Wellness-Luxustempel. Erholung muss sein. Mundharmonika oder Stradivari? Eindeutig die Rockgitarre. Die Popkultur sowie moderne und h\u00e4rtere Kl\u00e4nge tun es mir mehr an als volkst\u00fcmliche Musik. Bergschuhe oder Fu\u00dfballschuhe? Wandern bereitet mir Freude. Eine komplexe und herausfordernde Mannschaftssportart wie Fu\u00dfball ist allerdings noch sch\u00f6ner. Bergsee oder Kr\u00e4utergarten? Gr\u00fcnen Daumen habe ich keinen. Einen Sprung in einen kalten Bergsee gibt es da schon eher.\",\"url\":\"https:\\\/\\\/www.salzburgerland.com\\\/de\\\/magazin\\\/author\\\/christian-granbacher\\\/\"}]}<\/script>\n<!-- \/ Yoast SEO Premium plugin. -->","yoast_head_json":{"title":"Das Fisch- &amp; Schneckenrestaurant Winkler - SalzburgerLand Magazin","robots":{"index":"index","follow":"follow","max-snippet":"max-snippet:-1","max-image-preview":"max-image-preview:large","max-video-preview":"max-video-preview:-1"},"canonical":"https:\/\/www.salzburgerland.com\/de\/magazin\/das-fisch-schneckenrestaurant-winkler\/","og_locale":"de_DE","og_type":"article","og_title":"Das Fisch- &amp; Schneckenrestaurant Winkler","og_description":"Wie die Muscheln, sind auch Schnecken zumindest seit der Jungsteinzeit als Nahrungsmittel bekannt. Die Delikatesse steckt voller Vitamine, Mineralstoffe und Aminos\u00e4uren. Ebenso sind Schnecken reich an Omega-3-Fetts\u00e4uren und ihre Zucht verlangt vergleichsweise wenig Ressourcen, wenig Land und wenig Futter. Ein beliebter Ort, wo diese K\u00f6stlichkeit genossen werden kann, ist das Fisch- &amp; Schneckenrestaurant Winkler. Geboten [&hellip;]","og_url":"https:\/\/www.salzburgerland.com\/de\/magazin\/das-fisch-schneckenrestaurant-winkler\/","og_site_name":"SalzburgerLand Magazin","article_publisher":"https:\/\/www.facebook.com\/salzburgerland\/","article_published_time":"2025-02-18T06:00:00+00:00","article_modified_time":"2025-06-26T10:51:14+00:00","og_image":[{"width":1030,"height":580,"url":"https:\/\/www.salzburgerland.com\/de\/magazin\/wp-content\/uploads\/2025\/01\/C-Gemeinde-Neumark-am-Wallersee.jpg","type":"image\/jpeg"}],"author":"Christian Granbacher-Roth","twitter_card":"summary_large_image","twitter_creator":"@Salzburgerland","twitter_site":"@Salzburgerland","twitter_misc":{"Verfasst von":"Christian Granbacher-Roth","Gesch\u00e4tzte Lesezeit":"7\u00a0Minuten"},"schema":{"@context":"https:\/\/schema.org","@graph":[{"@type":"Article","@id":"https:\/\/www.salzburgerland.com\/de\/magazin\/das-fisch-schneckenrestaurant-winkler\/#article","isPartOf":{"@id":"https:\/\/www.salzburgerland.com\/de\/magazin\/das-fisch-schneckenrestaurant-winkler\/"},"author":{"name":"Christian Granbacher-Roth","@id":"https:\/\/www.salzburgerland.com\/de\/magazin\/#\/schema\/person\/3cf8bb4ac95e0b72df11b8b53c6ac24b"},"headline":"Das Fisch- &amp; Schneckenrestaurant Winkler","datePublished":"2025-02-18T06:00:00+00:00","dateModified":"2025-06-26T10:51:14+00:00","mainEntityOfPage":{"@id":"https:\/\/www.salzburgerland.com\/de\/magazin\/das-fisch-schneckenrestaurant-winkler\/"},"wordCount":671,"publisher":{"@id":"https:\/\/www.salzburgerland.com\/de\/magazin\/#organization"},"image":{"@id":"https:\/\/www.salzburgerland.com\/de\/magazin\/das-fisch-schneckenrestaurant-winkler\/#primaryimage"},"thumbnailUrl":"https:\/\/www.salzburgerland.com\/de\/magazin\/wp-content\/uploads\/2025\/01\/C-Gemeinde-Neumark-am-Wallersee.jpg","articleSection":["Essen &amp; Trinken"],"inLanguage":"de"},{"@type":"WebPage","@id":"https:\/\/www.salzburgerland.com\/de\/magazin\/das-fisch-schneckenrestaurant-winkler\/","url":"https:\/\/www.salzburgerland.com\/de\/magazin\/das-fisch-schneckenrestaurant-winkler\/","name":"Das Fisch- &amp; Schneckenrestaurant Winkler - SalzburgerLand Magazin","isPartOf":{"@id":"https:\/\/www.salzburgerland.com\/de\/magazin\/#website"},"primaryImageOfPage":{"@id":"https:\/\/www.salzburgerland.com\/de\/magazin\/das-fisch-schneckenrestaurant-winkler\/#primaryimage"},"image":{"@id":"https:\/\/www.salzburgerland.com\/de\/magazin\/das-fisch-schneckenrestaurant-winkler\/#primaryimage"},"thumbnailUrl":"https:\/\/www.salzburgerland.com\/de\/magazin\/wp-content\/uploads\/2025\/01\/C-Gemeinde-Neumark-am-Wallersee.jpg","datePublished":"2025-02-18T06:00:00+00:00","dateModified":"2025-06-26T10:51:14+00:00","breadcrumb":{"@id":"https:\/\/www.salzburgerland.com\/de\/magazin\/das-fisch-schneckenrestaurant-winkler\/#breadcrumb"},"inLanguage":"de","potentialAction":[{"@type":"ReadAction","target":["https:\/\/www.salzburgerland.com\/de\/magazin\/das-fisch-schneckenrestaurant-winkler\/"]}]},{"@type":"ImageObject","inLanguage":"de","@id":"https:\/\/www.salzburgerland.com\/de\/magazin\/das-fisch-schneckenrestaurant-winkler\/#primaryimage","url":"https:\/\/www.salzburgerland.com\/de\/magazin\/wp-content\/uploads\/2025\/01\/C-Gemeinde-Neumark-am-Wallersee.jpg","contentUrl":"https:\/\/www.salzburgerland.com\/de\/magazin\/wp-content\/uploads\/2025\/01\/C-Gemeinde-Neumark-am-Wallersee.jpg","width":1030,"height":580,"caption":"Sechs gekochte Schnecken in Muscheln, serviert auf einem Metallteller mit gr\u00fcner Kr\u00e4uterbutter, im Hintergrund eine Zange."},{"@type":"BreadcrumbList","@id":"https:\/\/www.salzburgerland.com\/de\/magazin\/das-fisch-schneckenrestaurant-winkler\/#breadcrumb","itemListElement":[{"@type":"ListItem","position":1,"name":"Startseite","item":"https:\/\/www.salzburgerland.com\/de\/magazin\/"},{"@type":"ListItem","position":2,"name":"Essen &amp; Trinken","item":"https:\/\/www.salzburgerland.com\/de\/magazin\/thema\/essen-trinken\/"},{"@type":"ListItem","position":3,"name":"Das Fisch- &amp; Schneckenrestaurant Winkler"}]},{"@type":"WebSite","@id":"https:\/\/www.salzburgerland.com\/de\/magazin\/#website","url":"https:\/\/www.salzburgerland.com\/de\/magazin\/","name":"SalzburgerLand Magazin","description":"Geschichten und Interessantes aus dem SalzburgerLand","publisher":{"@id":"https:\/\/www.salzburgerland.com\/de\/magazin\/#organization"},"potentialAction":[{"@type":"SearchAction","target":{"@type":"EntryPoint","urlTemplate":"https:\/\/www.salzburgerland.com\/de\/magazin\/?s={search_term_string}"},"query-input":{"@type":"PropertyValueSpecification","valueRequired":true,"valueName":"search_term_string"}}],"inLanguage":"de"},{"@type":"Organization","@id":"https:\/\/www.salzburgerland.com\/de\/magazin\/#organization","name":"SalzburgerLand Tourismus","url":"https:\/\/www.salzburgerland.com\/de\/magazin\/","logo":{"@type":"ImageObject","inLanguage":"de","@id":"https:\/\/www.salzburgerland.com\/de\/magazin\/#\/schema\/logo\/image\/","url":"https:\/\/www.salzburgerland.com\/de\/magazin\/wp-content\/uploads\/2019\/06\/salzburgerland-logo1.jpg","contentUrl":"https:\/\/www.salzburgerland.com\/de\/magazin\/wp-content\/uploads\/2019\/06\/salzburgerland-logo1.jpg","width":2011,"height":866,"caption":"SalzburgerLand Tourismus"},"image":{"@id":"https:\/\/www.salzburgerland.com\/de\/magazin\/#\/schema\/logo\/image\/"},"sameAs":["https:\/\/www.facebook.com\/salzburgerland\/","https:\/\/x.com\/Salzburgerland","https:\/\/www.instagram.com\/salzburgerland\/","https:\/\/at.linkedin.com\/company\/salzburgerland-tourismus-gmbh","https:\/\/www.pinterest.at\/salzburgerland\/","https:\/\/www.youtube.com\/user\/salzburgerland","https:\/\/de.wikipedia.org\/wiki\/SalzburgerLand_Tourismus_GmbH"]},{"@type":"Person","@id":"https:\/\/www.salzburgerland.com\/de\/magazin\/#\/schema\/person\/3cf8bb4ac95e0b72df11b8b53c6ac24b","name":"Christian Granbacher-Roth","description":"Der geb\u00fcrtige Kitzb\u00fcheler lebt seit knapp 20 Jahren in Salzburg und wohnte dabei schon im n\u00f6rdlichen Flachgau, der Stadt Salzburg und nun im Tennengau. Die zahlreichen Berge und Seen nutzt er gerne f\u00fcr Freizeitaktivit\u00e4ten. Als Genussmensch f\u00fchlt er sich kulturell und kulinarisch im Bundesland Salzburg bestens aufgehoben. An der Paris-Lodron-Universit\u00e4t Salzburg hat Christian das Studium der Publizistik- und Kommunikationswissenschaft sowie das Studium der Politikwissenschaft abgeschlossen. Seit 2007 ist er als Freier Redakteur (unter anderem als Chefredakteur von \u201eECHO \u2013 Salzburgs erstes Nachrichtenmagazin) t\u00e4tig. Dein pers\u00f6nlicher Logenplatz im SalzburgerLand? Davon gibt es viele. Schwer zu sagen, ob die beeindruckenden Berge und die zahlreichen Seen sch\u00f6ner sind als die Altstadtviertel von Salzburg oder Hallein. Dosiger oder Zuagroaster? Geboren und aufgewachsen in Kitzb\u00fchel in Tirol hat mich das Publizistikstudium ab 1999 nach Salzburg gelockt. Nach und nach habe ich das gesamte Bundesland kennen und sch\u00e4tzen gelernt und bin heute sehr froh dar\u00fcber, im sch\u00f6nen Tennengau zu leben. Luxushotel oder Almh\u00fctte? Zuerst ein paar ausgiebige Wanderungen und N\u00e4chte auf einer sch\u00f6nen Almh\u00fctte und dann am besten noch eine Nacht im Wellness-Luxustempel. Erholung muss sein. Mundharmonika oder Stradivari? Eindeutig die Rockgitarre. Die Popkultur sowie moderne und h\u00e4rtere Kl\u00e4nge tun es mir mehr an als volkst\u00fcmliche Musik. Bergschuhe oder Fu\u00dfballschuhe? Wandern bereitet mir Freude. Eine komplexe und herausfordernde Mannschaftssportart wie Fu\u00dfball ist allerdings noch sch\u00f6ner. Bergsee oder Kr\u00e4utergarten? Gr\u00fcnen Daumen habe ich keinen. Einen Sprung in einen kalten Bergsee gibt es da schon eher.","url":"https:\/\/www.salzburgerland.com\/de\/magazin\/author\/christian-granbacher\/"}]}},"_wl_alt_label":[],"wl:entity_url":"http:\/\/open.salzburgerland.com\/magazin\/post\/das-fisch-schneckenrestaurant-winkler-180593","_links":{"self":[{"href":"https:\/\/www.salzburgerland.com\/de\/magazin\/wp-json\/wp\/v2\/posts\/180593","targetHints":{"allow":["GET"]}}],"collection":[{"href":"https:\/\/www.salzburgerland.com\/de\/magazin\/wp-json\/wp\/v2\/posts"}],"about":[{"href":"https:\/\/www.salzburgerland.com\/de\/magazin\/wp-json\/wp\/v2\/types\/post"}],"author":[{"embeddable":true,"href":"https:\/\/www.salzburgerland.com\/de\/magazin\/wp-json\/wp\/v2\/users\/552"}],"replies":[{"embeddable":true,"href":"https:\/\/www.salzburgerland.com\/de\/magazin\/wp-json\/wp\/v2\/comments?post=180593"}],"version-history":[{"count":5,"href":"https:\/\/www.salzburgerland.com\/de\/magazin\/wp-json\/wp\/v2\/posts\/180593\/revisions"}],"predecessor-version":[{"id":183166,"href":"https:\/\/www.salzburgerland.com\/de\/magazin\/wp-json\/wp\/v2\/posts\/180593\/revisions\/183166"}],"wp:featuredmedia":[{"embeddable":true,"href":"https:\/\/www.salzburgerland.com\/de\/magazin\/wp-json\/wp\/v2\/media\/180595"}],"wp:attachment":[{"href":"https:\/\/www.salzburgerland.com\/de\/magazin\/wp-json\/wp\/v2\/media?parent=180593"}],"wp:term":[{"taxonomy":"category","embeddable":true,"href":"https:\/\/www.salzburgerland.com\/de\/magazin\/wp-json\/wp\/v2\/categories?post=180593"},{"taxonomy":"post_tag","embeddable":true,"href":"https:\/\/www.salzburgerland.com\/de\/magazin\/wp-json\/wp\/v2\/tags?post=180593"},{"taxonomy":"wl_entity_type","embeddable":true,"href":"https:\/\/www.salzburgerland.com\/de\/magazin\/wp-json\/wp\/v2\/wl_entity_type?post=180593"},{"taxonomy":"monatsauswahl","embeddable":true,"href":"https:\/\/www.salzburgerland.com\/de\/magazin\/wp-json\/wp\/v2\/monatsauswahl?post=180593"}],"curies":[{"name":"wp","href":"https:\/\/api.w.org\/{rel}","templated":true}]}}