{"id":180397,"date":"2025-01-17T06:38:46","date_gmt":"2025-01-17T05:38:46","guid":{"rendered":"https:\/\/www.salzburgerland.com\/de\/magazin\/?p=180397"},"modified":"2025-02-17T17:01:06","modified_gmt":"2025-02-17T16:01:06","slug":"vom-gipfel-in-die-felsentherme","status":"publish","type":"post","link":"https:\/\/www.salzburgerland.com\/de\/magazin\/vom-gipfel-in-die-felsentherme\/","title":{"rendered":"Vom Gipfel in die Felsentherme"},"content":{"rendered":"\n<div class=\"wp-block-slt-top topBlocks\">\n<h2 class=\"wp-block-slt-subtitle\">Ein Tag mit dem Ski &amp; Thermenticket in Gastein<\/h2>\n\n\n\n<p class=\"wp-block-slt-intro\">Ein Tag in den Bergen kann magisch sein. Die klare, k\u00fchle Luft, der erste Schwung auf einer frisch pr\u00e4parierten Piste und der Alltag weit weg \u2013 das alles ist Winter in Gastein. Doch was, wenn nach dem Adrenalinkick auf den Abfahrten und dem Einkehrschwung pure Entspannung wartet? Mit dem&nbsp;Ski &amp; Thermenticket&nbsp;der Felsentherme Bad Gastein in Kooperation mit den Gasteiner Bergbahnen wird dieser Traum wahr.<\/p>\n<\/div>\n\n\n\n<h2 class=\"wp-block-heading\" id=\"h-der-perfekte-start-skivergnugen-in-gastein\">Der perfekte Start: Skivergn\u00fcgen in Gastein<\/h2>\n\n\n\n<p>Der Tag beginnt fr\u00fch, denn auf den Gasteiner Pisten ist der Morgen die magischste Zeit. Die ersten Schw\u00fcnge auf den unber\u00fchrten H\u00e4ngen der <a href=\"https:\/\/www.skigastein.com\/aktivitaeten\/skifahren-snowboarden\/skigebiete-in-ski-gastein\/schlossalm-angertal-stubnerkogel\/\" target=\"_blank\" rel=\"noreferrer noopener\">Schlossalm oder des Stubnerkogels<\/a> machen wach und sorgen f\u00fcr diesen Adrenalinschub, den nur Wintersportler kennen. Noch ein letzter Blick von der ber\u00fchmten <a href=\"https:\/\/www.skigastein.com\/aktivitaeten\/panoramawelt-gastein\/haengebruecke\/\" target=\"_blank\" rel=\"noreferrer noopener\">H\u00e4ngebr\u00fccke am Stubnerkogel<\/a>, dann geht es weiter. Von Abfahrt zu Abfahrt, immer begleitet von der atemberaubenden Kulisse der Hohen Tauern.<\/p>\n\n\n\n<figure class=\"wp-block-image size-full\"><img loading=\"lazy\" decoding=\"async\" width=\"2500\" height=\"1668\" src=\"https:\/\/www.salzburgerland.com\/de\/magazin\/wp-content\/uploads\/2025\/01\/Skifahren-in-Gastein-Piste-c-Gasteinertal-Tourismus-GmbH-Christoph-Oberschneider.jpg\" alt=\"Ein Skifahrer in einer roten Jacke f\u00e4hrt einen Infinity Loop einen verschneiten Hang hinunter, mit Bergen im Hintergrund.\" class=\"wp-image-180374\" srcset=\"https:\/\/www.salzburgerland.com\/de\/magazin\/wp-content\/uploads\/2025\/01\/Skifahren-in-Gastein-Piste-c-Gasteinertal-Tourismus-GmbH-Christoph-Oberschneider.jpg 2500w, https:\/\/www.salzburgerland.com\/de\/magazin\/wp-content\/uploads\/2025\/01\/Skifahren-in-Gastein-Piste-c-Gasteinertal-Tourismus-GmbH-Christoph-Oberschneider-300x200.jpg 300w, https:\/\/www.salzburgerland.com\/de\/magazin\/wp-content\/uploads\/2025\/01\/Skifahren-in-Gastein-Piste-c-Gasteinertal-Tourismus-GmbH-Christoph-Oberschneider-1536x1025.jpg 1536w, https:\/\/www.salzburgerland.com\/de\/magazin\/wp-content\/uploads\/2025\/01\/Skifahren-in-Gastein-Piste-c-Gasteinertal-Tourismus-GmbH-Christoph-Oberschneider-2048x1366.jpg 2048w, https:\/\/www.salzburgerland.com\/de\/magazin\/wp-content\/uploads\/2025\/01\/Skifahren-in-Gastein-Piste-c-Gasteinertal-Tourismus-GmbH-Christoph-Oberschneider-824x550.jpg 824w, https:\/\/www.salzburgerland.com\/de\/magazin\/wp-content\/uploads\/2025\/01\/Skifahren-in-Gastein-Piste-c-Gasteinertal-Tourismus-GmbH-Christoph-Oberschneider-600x400.jpg 600w, https:\/\/www.salzburgerland.com\/de\/magazin\/wp-content\/uploads\/2025\/01\/Skifahren-in-Gastein-Piste-c-Gasteinertal-Tourismus-GmbH-Christoph-Oberschneider-1320x881.jpg 1320w, https:\/\/www.salzburgerland.com\/de\/magazin\/wp-content\/uploads\/2025\/01\/Skifahren-in-Gastein-Piste-c-Gasteinertal-Tourismus-GmbH-Christoph-Oberschneider-150x100.jpg 150w\" sizes=\"auto, (max-width: 2500px) 100vw, 2500px\" \/><figcaption class=\"wp-element-caption\">\u00a9 Gasteinertal Tourismus\/ Christoph Oberschneider<\/figcaption><\/figure>\n\n\n\n<p>Energie tankt man unterwegs bei einer gem\u00fctlichen Einkehr in einer der urigen H\u00fctten \u2013 ein herzhafter Kaiserschmarrn oder eine w\u00e4rmende Suppe sorgen daf\u00fcr, dass man gest\u00e4rkt in den Nachmittag starten kann.<\/p>\n\n\n\n<h2 class=\"wp-block-heading\" id=\"h-entspannung-pur-die-felsentherme-bad-gastein\">Entspannung pur: Die Felsentherme Bad Gastein<\/h2>\n\n\n\n<p>Und dann kommt der Moment, auf den sich jeder Wintersportler freut: das Eintauchen in die wohlige W\u00e4rme der&nbsp;<strong><a href=\"https:\/\/www.salzburgerland.com\/de\/magazin\/die-felsentherme-bad-gastein\/\" target=\"_blank\" rel=\"noreferrer noopener\">Felsentherme Bad Gastein<\/a><\/strong>. Gegen\u00fcber der Stubnerkogelbahn-Talstation gelegen, ist die Therme der perfekte Abschluss f\u00fcr einen sportlichen Tag. \u00dcbrigens k\u00f6nnt ihr (trotz Tunnelsperre) noch bis 2. M\u00e4rz und dann wieder ab Mitte Juli auch ganz nachhaltig mit den \u00d6BB anreisen, der Bahnhof Bad Gastein ist direkt gegen\u00fcber der Felsentherme. Schon beim Betreten sp\u00fcrt man die besondere Atmosph\u00e4re dieses Ortes aus der Feder des Architekten Gerhard Garstenauer, der wie ein inkonischer Ruhepol inmitten der imposanten Bergwelt wirkt.<\/p>\n\n\n\n<p>Die Becken mit Panorama nach drau\u00dfen laden dazu ein, sich treiben zu lassen und die Aussicht auf die verschneiten Gipfel zu genie\u00dfen. W\u00e4hrend dort der Schnee glitzert, gleitet man durchs warme Thermalwasser und l\u00e4sst die Erlebnisse des Tages Revue passieren. Jeder Muskel entspannt sich, die Anstrengung der Pisten weicht einer wohltuenden Leichtigkeit.<\/p>\n\n\n\n<figure class=\"wp-block-image size-full\"><img loading=\"lazy\" decoding=\"async\" width=\"2560\" height=\"1709\" src=\"https:\/\/www.salzburgerland.com\/de\/magazin\/wp-content\/uploads\/2025\/01\/Wellness-in-Gastein-Winter-Moodley-zertifiziert-c-Gasteinertal-Tourismus-GmbH-Marktl-2-scaled.jpg\" alt=\"Eine Frau mit dunklem Haar schwimmt in einem Freibad und genie\u00dft ihr Ski &amp; Thermenticket an einem modernen Geb\u00e4ude.\" class=\"wp-image-180404\" srcset=\"https:\/\/www.salzburgerland.com\/de\/magazin\/wp-content\/uploads\/2025\/01\/Wellness-in-Gastein-Winter-Moodley-zertifiziert-c-Gasteinertal-Tourismus-GmbH-Marktl-2-scaled.jpg 2560w, https:\/\/www.salzburgerland.com\/de\/magazin\/wp-content\/uploads\/2025\/01\/Wellness-in-Gastein-Winter-Moodley-zertifiziert-c-Gasteinertal-Tourismus-GmbH-Marktl-2-300x200.jpg 300w, https:\/\/www.salzburgerland.com\/de\/magazin\/wp-content\/uploads\/2025\/01\/Wellness-in-Gastein-Winter-Moodley-zertifiziert-c-Gasteinertal-Tourismus-GmbH-Marktl-2-1536x1025.jpg 1536w, https:\/\/www.salzburgerland.com\/de\/magazin\/wp-content\/uploads\/2025\/01\/Wellness-in-Gastein-Winter-Moodley-zertifiziert-c-Gasteinertal-Tourismus-GmbH-Marktl-2-2048x1367.jpg 2048w, https:\/\/www.salzburgerland.com\/de\/magazin\/wp-content\/uploads\/2025\/01\/Wellness-in-Gastein-Winter-Moodley-zertifiziert-c-Gasteinertal-Tourismus-GmbH-Marktl-2-824x550.jpg 824w, https:\/\/www.salzburgerland.com\/de\/magazin\/wp-content\/uploads\/2025\/01\/Wellness-in-Gastein-Winter-Moodley-zertifiziert-c-Gasteinertal-Tourismus-GmbH-Marktl-2-599x400.jpg 599w, https:\/\/www.salzburgerland.com\/de\/magazin\/wp-content\/uploads\/2025\/01\/Wellness-in-Gastein-Winter-Moodley-zertifiziert-c-Gasteinertal-Tourismus-GmbH-Marktl-2-1320x881.jpg 1320w, https:\/\/www.salzburgerland.com\/de\/magazin\/wp-content\/uploads\/2025\/01\/Wellness-in-Gastein-Winter-Moodley-zertifiziert-c-Gasteinertal-Tourismus-GmbH-Marktl-2-150x100.jpg 150w\" sizes=\"auto, (max-width: 2560px) 100vw, 2560px\" \/><figcaption class=\"wp-element-caption\">\u00a9 Gasteinertal Tourismus GmbH, Marktl<\/figcaption><\/figure>\n\n\n\n<p>Die Felsentherme bietet f\u00fcr jeden das Richtige: Von den gro\u00dfz\u00fcgigen Ruhezonen mit bequemen Liegen bis hin zur Saunawelt, die mit unterschiedlichen Aufg\u00fcssen lockt. Besonders der Panoramabereich ist ein Highlight. Hier kann man sich nicht nur k\u00f6rperlich erholen, sondern auch mental zur Ruhe kommen, w\u00e4hrend der Blick immer wieder \u00fcber die beeindruckende Landschaft schweift.<\/p>\n\n\n\n<h2 class=\"wp-block-heading\" id=\"h-das-ski-amp-thermenticket-die-perfekte-kombination\">Das Ski &amp; Thermenticket: Die perfekte Kombination<\/h2>\n\n\n\n<p>Das&nbsp;<strong><a href=\"https:\/\/www.felsentherme.com\/felsentherme\/neuigkeiten\/aktuelles\/detail\/neu-ski-therme-ticket#:~:text=Ski%2DErlebnis%20und%20Thermengenuss%20mit,eingebettet%20in%20die%20eindrucksvolle%20Berglandschaft.\" target=\"_blank\" rel=\"noreferrer noopener\">Ski &amp; Thermenticket<\/a><\/strong>&nbsp;macht diese Kombination aus Aktivit\u00e4t und Entspannung ganz unkompliziert. Mit einer Tageskarte f\u00fcr die Gasteiner Skigebiete und einem 3-Stunden-Thermenticket erh\u00e4lt man das Beste aus beiden Welten. G\u00fcltig an einem Tag! Ob sportliche H\u00f6chstleistungen am Vormittag oder wohltuende Entspannung am Nachmittag \u2013 das Ticket bietet maximale Flexibilit\u00e4t und ein unschlagbares Preis-Leistungs-Verh\u00e4ltnis.<\/p>\n\n\n\n<figure class=\"wp-block-image size-full\"><img loading=\"lazy\" decoding=\"async\" width=\"1600\" height=\"1066\" src=\"https:\/\/www.salzburgerland.com\/de\/magazin\/wp-content\/uploads\/2025\/01\/Winter-Drohne-Sicht-vom-Hotel-Krone-c-Steinbauer-Photography.jpg\" alt=\"Modernes, verschneites Resort mit Au\u00dfenpool, Ski- und Thermenticket, mit Blick auf die Berge und den blauen Himmel.\" class=\"wp-image-180407\" srcset=\"https:\/\/www.salzburgerland.com\/de\/magazin\/wp-content\/uploads\/2025\/01\/Winter-Drohne-Sicht-vom-Hotel-Krone-c-Steinbauer-Photography.jpg 1600w, https:\/\/www.salzburgerland.com\/de\/magazin\/wp-content\/uploads\/2025\/01\/Winter-Drohne-Sicht-vom-Hotel-Krone-c-Steinbauer-Photography-300x200.jpg 300w, https:\/\/www.salzburgerland.com\/de\/magazin\/wp-content\/uploads\/2025\/01\/Winter-Drohne-Sicht-vom-Hotel-Krone-c-Steinbauer-Photography-1536x1023.jpg 1536w, https:\/\/www.salzburgerland.com\/de\/magazin\/wp-content\/uploads\/2025\/01\/Winter-Drohne-Sicht-vom-Hotel-Krone-c-Steinbauer-Photography-826x550.jpg 826w, https:\/\/www.salzburgerland.com\/de\/magazin\/wp-content\/uploads\/2025\/01\/Winter-Drohne-Sicht-vom-Hotel-Krone-c-Steinbauer-Photography-600x400.jpg 600w, https:\/\/www.salzburgerland.com\/de\/magazin\/wp-content\/uploads\/2025\/01\/Winter-Drohne-Sicht-vom-Hotel-Krone-c-Steinbauer-Photography-1320x879.jpg 1320w, https:\/\/www.salzburgerland.com\/de\/magazin\/wp-content\/uploads\/2025\/01\/Winter-Drohne-Sicht-vom-Hotel-Krone-c-Steinbauer-Photography-150x100.jpg 150w\" sizes=\"auto, (max-width: 1600px) 100vw, 1600px\" \/><figcaption class=\"wp-element-caption\">\u00a9 Steinbauer Photography<\/figcaption><\/figure>\n\n\n\n<p>Erh\u00e4ltlich ist das Kombiticket an den Kassen der Gasteiner Bergbahnen und <a href=\"https:\/\/skigastein.skiperformance.com\/de\/Winter\/store#\/de\/Winter\/buy?skugroup_id=5150\" target=\"_blank\" rel=\"noreferrer noopener\">nat\u00fcrlich auch online<\/a> zum einmaligen Preis von 90 Euro. Ein g\u00fcnstiges Ganztages-Erlebnispaket f\u00fcr G\u00e4ste und Einheimische gleicherma\u00dfen. Es ist von 4. Dezember 2024 bis zum 1. Mai 2025 erh\u00e4ltlich und macht euren Wintertag zu einem unvergesslichen Erlebnis.<\/p>\n\n\n\n<p>Klingt verlockend? Na dann ab nach Bad Gastein, rauf auf den Berg und rein in die Felsentherme. Mit dem <strong>Ski &amp; Thermenticket<\/strong> ist diese Kombination aus Skivergn\u00fcgen und Tiefenentspannung attraktiv wie nie. <\/p>\n","protected":false},"excerpt":{"rendered":"<p>Der perfekte Start: Skivergn\u00fcgen in Gastein Der Tag beginnt fr\u00fch, denn auf den Gasteiner Pisten ist der Morgen die magischste Zeit. Die ersten Schw\u00fcnge auf den unber\u00fchrten H\u00e4ngen der Schlossalm oder des Stubnerkogels machen wach und sorgen f\u00fcr diesen Adrenalinschub, den nur Wintersportler kennen. Noch ein letzter Blick von der ber\u00fchmten H\u00e4ngebr\u00fccke am Stubnerkogel, dann [&hellip;]<\/p>\n","protected":false},"author":505,"featured_media":180398,"comment_status":"closed","ping_status":"closed","sticky":false,"template":"","format":"standard","meta":{"_acf_changed":false,"wl_entities_gutenberg":"","_wl_entity_redirect_enabled":"","footnotes":""},"categories":[7],"tags":[],"wl_entity_type":[306],"monatsauswahl":[82,83,84,85,86,93],"class_list":["post-180397","post","type-post","status-publish","format-standard","has-post-thumbnail","hentry","category-lifestyle","wl_entity_type-article","monatsauswahl-monat_1","monatsauswahl-monat_2","monatsauswahl-monat_3","monatsauswahl-monat_4","monatsauswahl-monat_5","monatsauswahl-monat_12"],"acf":[],"yoast_head":"<!-- This site is optimized with the Yoast SEO Premium plugin v27.4 (Yoast SEO v27.4) - https:\/\/yoast.com\/product\/yoast-seo-premium-wordpress\/ -->\n<title>Ski &amp; Thermenticket in Bad Gastein<\/title>\n<meta name=\"description\" content=\"Genie\u00dfen Sie Skifahren und Entspannung in Gastein: Mit dem Ski &amp; Thermenticket erleben Sie perfekte Pisten und pure Erholung zum Top-Preis.\" \/>\n<meta name=\"robots\" content=\"index, follow, max-snippet:-1, max-image-preview:large, max-video-preview:-1\" \/>\n<link rel=\"canonical\" href=\"https:\/\/www.salzburgerland.com\/de\/magazin\/vom-gipfel-in-die-felsentherme\/\" \/>\n<meta property=\"og:locale\" content=\"de_DE\" \/>\n<meta property=\"og:type\" content=\"article\" \/>\n<meta property=\"og:title\" content=\"Vom Gipfel in die Felsentherme\" \/>\n<meta property=\"og:description\" content=\"Genie\u00dfen Sie Skifahren und Entspannung in Gastein: Mit dem Ski &amp; Thermenticket erleben Sie perfekte Pisten und pure Erholung zum Top-Preis.\" \/>\n<meta property=\"og:url\" content=\"https:\/\/www.salzburgerland.com\/de\/magazin\/vom-gipfel-in-die-felsentherme\/\" \/>\n<meta property=\"og:site_name\" content=\"SalzburgerLand Magazin\" \/>\n<meta property=\"article:publisher\" content=\"https:\/\/www.facebook.com\/salzburgerland\/\" \/>\n<meta property=\"article:published_time\" content=\"2025-01-17T05:38:46+00:00\" \/>\n<meta property=\"article:modified_time\" content=\"2025-02-17T16:01:06+00:00\" \/>\n<meta property=\"og:image\" content=\"https:\/\/www.salzburgerland.com\/de\/magazin\/wp-content\/uploads\/2025\/01\/MAX1357_Web-c-maxsteinbauer-photography.jpg\" \/>\n\t<meta property=\"og:image:width\" content=\"1380\" \/>\n\t<meta property=\"og:image:height\" content=\"921\" \/>\n\t<meta property=\"og:image:type\" content=\"image\/jpeg\" \/>\n<meta name=\"author\" content=\"Peter Zeitlhofer\" \/>\n<meta name=\"twitter:card\" content=\"summary_large_image\" \/>\n<meta name=\"twitter:creator\" content=\"@Salzburgerland\" \/>\n<meta name=\"twitter:site\" content=\"@Salzburgerland\" \/>\n<meta name=\"twitter:label1\" content=\"Verfasst von\" \/>\n\t<meta name=\"twitter:data1\" content=\"Peter Zeitlhofer\" \/>\n\t<meta name=\"twitter:label2\" content=\"Gesch\u00e4tzte Lesezeit\" \/>\n\t<meta name=\"twitter:data2\" content=\"4\u00a0Minuten\" \/>\n<script type=\"application\/ld+json\" class=\"yoast-schema-graph\">{\"@context\":\"https:\\\/\\\/schema.org\",\"@graph\":[{\"@type\":\"Article\",\"@id\":\"https:\\\/\\\/www.salzburgerland.com\\\/de\\\/magazin\\\/vom-gipfel-in-die-felsentherme\\\/#article\",\"isPartOf\":{\"@id\":\"https:\\\/\\\/www.salzburgerland.com\\\/de\\\/magazin\\\/vom-gipfel-in-die-felsentherme\\\/\"},\"author\":{\"name\":\"Peter Zeitlhofer\",\"@id\":\"https:\\\/\\\/www.salzburgerland.com\\\/de\\\/magazin\\\/#\\\/schema\\\/person\\\/ebd2c9f244aeea71e30f3b5d5e309de4\"},\"headline\":\"Vom Gipfel in die Felsentherme\",\"datePublished\":\"2025-01-17T05:38:46+00:00\",\"dateModified\":\"2025-02-17T16:01:06+00:00\",\"mainEntityOfPage\":{\"@id\":\"https:\\\/\\\/www.salzburgerland.com\\\/de\\\/magazin\\\/vom-gipfel-in-die-felsentherme\\\/\"},\"wordCount\":582,\"publisher\":{\"@id\":\"https:\\\/\\\/www.salzburgerland.com\\\/de\\\/magazin\\\/#organization\"},\"image\":{\"@id\":\"https:\\\/\\\/www.salzburgerland.com\\\/de\\\/magazin\\\/vom-gipfel-in-die-felsentherme\\\/#primaryimage\"},\"thumbnailUrl\":\"https:\\\/\\\/www.salzburgerland.com\\\/de\\\/magazin\\\/wp-content\\\/uploads\\\/2025\\\/01\\\/MAX1357_Web-c-maxsteinbauer-photography.jpg\",\"articleSection\":[\"Lifestyle\"],\"inLanguage\":\"de\"},{\"@type\":\"WebPage\",\"@id\":\"https:\\\/\\\/www.salzburgerland.com\\\/de\\\/magazin\\\/vom-gipfel-in-die-felsentherme\\\/\",\"url\":\"https:\\\/\\\/www.salzburgerland.com\\\/de\\\/magazin\\\/vom-gipfel-in-die-felsentherme\\\/\",\"name\":\"Ski & Thermenticket in Bad Gastein\",\"isPartOf\":{\"@id\":\"https:\\\/\\\/www.salzburgerland.com\\\/de\\\/magazin\\\/#website\"},\"primaryImageOfPage\":{\"@id\":\"https:\\\/\\\/www.salzburgerland.com\\\/de\\\/magazin\\\/vom-gipfel-in-die-felsentherme\\\/#primaryimage\"},\"image\":{\"@id\":\"https:\\\/\\\/www.salzburgerland.com\\\/de\\\/magazin\\\/vom-gipfel-in-die-felsentherme\\\/#primaryimage\"},\"thumbnailUrl\":\"https:\\\/\\\/www.salzburgerland.com\\\/de\\\/magazin\\\/wp-content\\\/uploads\\\/2025\\\/01\\\/MAX1357_Web-c-maxsteinbauer-photography.jpg\",\"datePublished\":\"2025-01-17T05:38:46+00:00\",\"dateModified\":\"2025-02-17T16:01:06+00:00\",\"description\":\"Genie\u00dfen Sie Skifahren und Entspannung in Gastein: Mit dem Ski & Thermenticket erleben Sie perfekte Pisten und pure Erholung zum Top-Preis.\",\"breadcrumb\":{\"@id\":\"https:\\\/\\\/www.salzburgerland.com\\\/de\\\/magazin\\\/vom-gipfel-in-die-felsentherme\\\/#breadcrumb\"},\"inLanguage\":\"de\",\"potentialAction\":[{\"@type\":\"ReadAction\",\"target\":[\"https:\\\/\\\/www.salzburgerland.com\\\/de\\\/magazin\\\/vom-gipfel-in-die-felsentherme\\\/\"]}]},{\"@type\":\"ImageObject\",\"inLanguage\":\"de\",\"@id\":\"https:\\\/\\\/www.salzburgerland.com\\\/de\\\/magazin\\\/vom-gipfel-in-die-felsentherme\\\/#primaryimage\",\"url\":\"https:\\\/\\\/www.salzburgerland.com\\\/de\\\/magazin\\\/wp-content\\\/uploads\\\/2025\\\/01\\\/MAX1357_Web-c-maxsteinbauer-photography.jpg\",\"contentUrl\":\"https:\\\/\\\/www.salzburgerland.com\\\/de\\\/magazin\\\/wp-content\\\/uploads\\\/2025\\\/01\\\/MAX1357_Web-c-maxsteinbauer-photography.jpg\",\"width\":1380,\"height\":921,\"caption\":\"\u00a9 maxsteinbauer photography\"},{\"@type\":\"BreadcrumbList\",\"@id\":\"https:\\\/\\\/www.salzburgerland.com\\\/de\\\/magazin\\\/vom-gipfel-in-die-felsentherme\\\/#breadcrumb\",\"itemListElement\":[{\"@type\":\"ListItem\",\"position\":1,\"name\":\"Startseite\",\"item\":\"https:\\\/\\\/www.salzburgerland.com\\\/de\\\/magazin\\\/\"},{\"@type\":\"ListItem\",\"position\":2,\"name\":\"Lifestyle\",\"item\":\"https:\\\/\\\/www.salzburgerland.com\\\/de\\\/magazin\\\/thema\\\/lifestyle\\\/\"},{\"@type\":\"ListItem\",\"position\":3,\"name\":\"Vom Gipfel in die Felsentherme\"}]},{\"@type\":\"WebSite\",\"@id\":\"https:\\\/\\\/www.salzburgerland.com\\\/de\\\/magazin\\\/#website\",\"url\":\"https:\\\/\\\/www.salzburgerland.com\\\/de\\\/magazin\\\/\",\"name\":\"SalzburgerLand Magazin\",\"description\":\"Geschichten und Interessantes aus dem SalzburgerLand\",\"publisher\":{\"@id\":\"https:\\\/\\\/www.salzburgerland.com\\\/de\\\/magazin\\\/#organization\"},\"potentialAction\":[{\"@type\":\"SearchAction\",\"target\":{\"@type\":\"EntryPoint\",\"urlTemplate\":\"https:\\\/\\\/www.salzburgerland.com\\\/de\\\/magazin\\\/?s={search_term_string}\"},\"query-input\":{\"@type\":\"PropertyValueSpecification\",\"valueRequired\":true,\"valueName\":\"search_term_string\"}}],\"inLanguage\":\"de\"},{\"@type\":\"Organization\",\"@id\":\"https:\\\/\\\/www.salzburgerland.com\\\/de\\\/magazin\\\/#organization\",\"name\":\"SalzburgerLand Tourismus\",\"url\":\"https:\\\/\\\/www.salzburgerland.com\\\/de\\\/magazin\\\/\",\"logo\":{\"@type\":\"ImageObject\",\"inLanguage\":\"de\",\"@id\":\"https:\\\/\\\/www.salzburgerland.com\\\/de\\\/magazin\\\/#\\\/schema\\\/logo\\\/image\\\/\",\"url\":\"https:\\\/\\\/www.salzburgerland.com\\\/de\\\/magazin\\\/wp-content\\\/uploads\\\/2019\\\/06\\\/salzburgerland-logo1.jpg\",\"contentUrl\":\"https:\\\/\\\/www.salzburgerland.com\\\/de\\\/magazin\\\/wp-content\\\/uploads\\\/2019\\\/06\\\/salzburgerland-logo1.jpg\",\"width\":2011,\"height\":866,\"caption\":\"SalzburgerLand Tourismus\"},\"image\":{\"@id\":\"https:\\\/\\\/www.salzburgerland.com\\\/de\\\/magazin\\\/#\\\/schema\\\/logo\\\/image\\\/\"},\"sameAs\":[\"https:\\\/\\\/www.facebook.com\\\/salzburgerland\\\/\",\"https:\\\/\\\/x.com\\\/Salzburgerland\",\"https:\\\/\\\/www.instagram.com\\\/salzburgerland\\\/\",\"https:\\\/\\\/at.linkedin.com\\\/company\\\/salzburgerland-tourismus-gmbh\",\"https:\\\/\\\/www.pinterest.at\\\/salzburgerland\\\/\",\"https:\\\/\\\/www.youtube.com\\\/user\\\/salzburgerland\",\"https:\\\/\\\/de.wikipedia.org\\\/wiki\\\/SalzburgerLand_Tourismus_GmbH\"]},{\"@type\":\"Person\",\"@id\":\"https:\\\/\\\/www.salzburgerland.com\\\/de\\\/magazin\\\/#\\\/schema\\\/person\\\/ebd2c9f244aeea71e30f3b5d5e309de4\",\"name\":\"Peter Zeitlhofer\",\"description\":\"'Von Neugier getrieben' - diese Worte kommen Peter Zeitlhofer wohl schon ziemlich nahe. Egal ob am Segelboot, im Tiefschnee, unterwegs in Stadt und Land, oder auf einer seinen vielen Reisen - er ist immer auf der Suche nach Neuem, nach dem Besonderen, probiert so ziemlich alles aus und liebt es, dar\u00fcber zu reden und zu berichten. Womit man auch schon fast bei seiner zweiten Leidenschaft w\u00e4re - dem Schreiben. Immer und \u00fcberall ausgestattet\u00a0mit seinem Notebook, hat der Salzburger, mit Wurzeln am Attersee, sein Office\u00a0im wahrsten Sinne des Wortes unterm Arm und k\u00f6nnte sich nichts besseres vorstellen, als die Geschichten dort zu erz\u00e4hlen, wo sie passieren. Fr\u00fchling, Sommer, Herbst oder Winter? Als Mensch der Extreme, mag ich auch bei den Jahreszeiten den Sommer und den Winter am liebsten. Obwohl nat\u00fcrlich auch der Fr\u00fchling seine Reize hat. Aber der Herbst? Rindsroulade vom Pinzgauer Biorind oder Saibling fangfrisch aus dem Fuschlsee? Immer diese Entscheidungen! Kann ich auch beides haben? Mundharmonika oder Stradivari? Weder noch - als Gitarrist k\u00f6nnte ich mit beiden Instrumenten nichts anfangen. Lederhose oder Smoking? Eindeutig Lederhose, die bei mir mittlerweile sogar den Einzug in den sommerlichen Alltag gefunden hat. Und der LederhosnDonnerstag ist \u00a0ohnehin Pflicht. Alpinski, Offpist oder Skitour? Hauptsache rauf auf den Berg! Was dann tats\u00e4chlich auf dem Programm steht ist zweitrangig. Nur so viel: wenn der Schnee passt, dann h\u00e4lt mich nichts oder niemand auf der Piste. Bergtour oder Seentour? F\u00fcr mich gibt es im Sommer nichts Sch\u00f6neres, als mit dem Segelboot auf unseren herrlichen Seen unterwegs zu sein. Also wenn ich die Wahl habe, dann nehme ich im Sommer die Berge h\u00f6chstens als Kulisse. Haubenlokal oder Ab-Hof-Laden? Auch hier nehme ich von beidem ein bisschen. Aber bei der Oma schmeckt's dann doch am besten.\",\"url\":\"https:\\\/\\\/www.salzburgerland.com\\\/de\\\/magazin\\\/author\\\/peter-zeitlhofer\\\/\"}]}<\/script>\n<!-- \/ Yoast SEO Premium plugin. -->","yoast_head_json":{"title":"Ski & Thermenticket in Bad Gastein","description":"Genie\u00dfen Sie Skifahren und Entspannung in Gastein: Mit dem Ski & Thermenticket erleben Sie perfekte Pisten und pure Erholung zum Top-Preis.","robots":{"index":"index","follow":"follow","max-snippet":"max-snippet:-1","max-image-preview":"max-image-preview:large","max-video-preview":"max-video-preview:-1"},"canonical":"https:\/\/www.salzburgerland.com\/de\/magazin\/vom-gipfel-in-die-felsentherme\/","og_locale":"de_DE","og_type":"article","og_title":"Vom Gipfel in die Felsentherme","og_description":"Genie\u00dfen Sie Skifahren und Entspannung in Gastein: Mit dem Ski & Thermenticket erleben Sie perfekte Pisten und pure Erholung zum Top-Preis.","og_url":"https:\/\/www.salzburgerland.com\/de\/magazin\/vom-gipfel-in-die-felsentherme\/","og_site_name":"SalzburgerLand Magazin","article_publisher":"https:\/\/www.facebook.com\/salzburgerland\/","article_published_time":"2025-01-17T05:38:46+00:00","article_modified_time":"2025-02-17T16:01:06+00:00","og_image":[{"width":1380,"height":921,"url":"https:\/\/www.salzburgerland.com\/de\/magazin\/wp-content\/uploads\/2025\/01\/MAX1357_Web-c-maxsteinbauer-photography.jpg","type":"image\/jpeg"}],"author":"Peter Zeitlhofer","twitter_card":"summary_large_image","twitter_creator":"@Salzburgerland","twitter_site":"@Salzburgerland","twitter_misc":{"Verfasst von":"Peter Zeitlhofer","Gesch\u00e4tzte Lesezeit":"4\u00a0Minuten"},"schema":{"@context":"https:\/\/schema.org","@graph":[{"@type":"Article","@id":"https:\/\/www.salzburgerland.com\/de\/magazin\/vom-gipfel-in-die-felsentherme\/#article","isPartOf":{"@id":"https:\/\/www.salzburgerland.com\/de\/magazin\/vom-gipfel-in-die-felsentherme\/"},"author":{"name":"Peter Zeitlhofer","@id":"https:\/\/www.salzburgerland.com\/de\/magazin\/#\/schema\/person\/ebd2c9f244aeea71e30f3b5d5e309de4"},"headline":"Vom Gipfel in die Felsentherme","datePublished":"2025-01-17T05:38:46+00:00","dateModified":"2025-02-17T16:01:06+00:00","mainEntityOfPage":{"@id":"https:\/\/www.salzburgerland.com\/de\/magazin\/vom-gipfel-in-die-felsentherme\/"},"wordCount":582,"publisher":{"@id":"https:\/\/www.salzburgerland.com\/de\/magazin\/#organization"},"image":{"@id":"https:\/\/www.salzburgerland.com\/de\/magazin\/vom-gipfel-in-die-felsentherme\/#primaryimage"},"thumbnailUrl":"https:\/\/www.salzburgerland.com\/de\/magazin\/wp-content\/uploads\/2025\/01\/MAX1357_Web-c-maxsteinbauer-photography.jpg","articleSection":["Lifestyle"],"inLanguage":"de"},{"@type":"WebPage","@id":"https:\/\/www.salzburgerland.com\/de\/magazin\/vom-gipfel-in-die-felsentherme\/","url":"https:\/\/www.salzburgerland.com\/de\/magazin\/vom-gipfel-in-die-felsentherme\/","name":"Ski & Thermenticket in Bad Gastein","isPartOf":{"@id":"https:\/\/www.salzburgerland.com\/de\/magazin\/#website"},"primaryImageOfPage":{"@id":"https:\/\/www.salzburgerland.com\/de\/magazin\/vom-gipfel-in-die-felsentherme\/#primaryimage"},"image":{"@id":"https:\/\/www.salzburgerland.com\/de\/magazin\/vom-gipfel-in-die-felsentherme\/#primaryimage"},"thumbnailUrl":"https:\/\/www.salzburgerland.com\/de\/magazin\/wp-content\/uploads\/2025\/01\/MAX1357_Web-c-maxsteinbauer-photography.jpg","datePublished":"2025-01-17T05:38:46+00:00","dateModified":"2025-02-17T16:01:06+00:00","description":"Genie\u00dfen Sie Skifahren und Entspannung in Gastein: Mit dem Ski & Thermenticket erleben Sie perfekte Pisten und pure Erholung zum Top-Preis.","breadcrumb":{"@id":"https:\/\/www.salzburgerland.com\/de\/magazin\/vom-gipfel-in-die-felsentherme\/#breadcrumb"},"inLanguage":"de","potentialAction":[{"@type":"ReadAction","target":["https:\/\/www.salzburgerland.com\/de\/magazin\/vom-gipfel-in-die-felsentherme\/"]}]},{"@type":"ImageObject","inLanguage":"de","@id":"https:\/\/www.salzburgerland.com\/de\/magazin\/vom-gipfel-in-die-felsentherme\/#primaryimage","url":"https:\/\/www.salzburgerland.com\/de\/magazin\/wp-content\/uploads\/2025\/01\/MAX1357_Web-c-maxsteinbauer-photography.jpg","contentUrl":"https:\/\/www.salzburgerland.com\/de\/magazin\/wp-content\/uploads\/2025\/01\/MAX1357_Web-c-maxsteinbauer-photography.jpg","width":1380,"height":921,"caption":"\u00a9 maxsteinbauer photography"},{"@type":"BreadcrumbList","@id":"https:\/\/www.salzburgerland.com\/de\/magazin\/vom-gipfel-in-die-felsentherme\/#breadcrumb","itemListElement":[{"@type":"ListItem","position":1,"name":"Startseite","item":"https:\/\/www.salzburgerland.com\/de\/magazin\/"},{"@type":"ListItem","position":2,"name":"Lifestyle","item":"https:\/\/www.salzburgerland.com\/de\/magazin\/thema\/lifestyle\/"},{"@type":"ListItem","position":3,"name":"Vom Gipfel in die Felsentherme"}]},{"@type":"WebSite","@id":"https:\/\/www.salzburgerland.com\/de\/magazin\/#website","url":"https:\/\/www.salzburgerland.com\/de\/magazin\/","name":"SalzburgerLand Magazin","description":"Geschichten und Interessantes aus dem SalzburgerLand","publisher":{"@id":"https:\/\/www.salzburgerland.com\/de\/magazin\/#organization"},"potentialAction":[{"@type":"SearchAction","target":{"@type":"EntryPoint","urlTemplate":"https:\/\/www.salzburgerland.com\/de\/magazin\/?s={search_term_string}"},"query-input":{"@type":"PropertyValueSpecification","valueRequired":true,"valueName":"search_term_string"}}],"inLanguage":"de"},{"@type":"Organization","@id":"https:\/\/www.salzburgerland.com\/de\/magazin\/#organization","name":"SalzburgerLand Tourismus","url":"https:\/\/www.salzburgerland.com\/de\/magazin\/","logo":{"@type":"ImageObject","inLanguage":"de","@id":"https:\/\/www.salzburgerland.com\/de\/magazin\/#\/schema\/logo\/image\/","url":"https:\/\/www.salzburgerland.com\/de\/magazin\/wp-content\/uploads\/2019\/06\/salzburgerland-logo1.jpg","contentUrl":"https:\/\/www.salzburgerland.com\/de\/magazin\/wp-content\/uploads\/2019\/06\/salzburgerland-logo1.jpg","width":2011,"height":866,"caption":"SalzburgerLand Tourismus"},"image":{"@id":"https:\/\/www.salzburgerland.com\/de\/magazin\/#\/schema\/logo\/image\/"},"sameAs":["https:\/\/www.facebook.com\/salzburgerland\/","https:\/\/x.com\/Salzburgerland","https:\/\/www.instagram.com\/salzburgerland\/","https:\/\/at.linkedin.com\/company\/salzburgerland-tourismus-gmbh","https:\/\/www.pinterest.at\/salzburgerland\/","https:\/\/www.youtube.com\/user\/salzburgerland","https:\/\/de.wikipedia.org\/wiki\/SalzburgerLand_Tourismus_GmbH"]},{"@type":"Person","@id":"https:\/\/www.salzburgerland.com\/de\/magazin\/#\/schema\/person\/ebd2c9f244aeea71e30f3b5d5e309de4","name":"Peter Zeitlhofer","description":"'Von Neugier getrieben' - diese Worte kommen Peter Zeitlhofer wohl schon ziemlich nahe. Egal ob am Segelboot, im Tiefschnee, unterwegs in Stadt und Land, oder auf einer seinen vielen Reisen - er ist immer auf der Suche nach Neuem, nach dem Besonderen, probiert so ziemlich alles aus und liebt es, dar\u00fcber zu reden und zu berichten. Womit man auch schon fast bei seiner zweiten Leidenschaft w\u00e4re - dem Schreiben. Immer und \u00fcberall ausgestattet\u00a0mit seinem Notebook, hat der Salzburger, mit Wurzeln am Attersee, sein Office\u00a0im wahrsten Sinne des Wortes unterm Arm und k\u00f6nnte sich nichts besseres vorstellen, als die Geschichten dort zu erz\u00e4hlen, wo sie passieren. Fr\u00fchling, Sommer, Herbst oder Winter? Als Mensch der Extreme, mag ich auch bei den Jahreszeiten den Sommer und den Winter am liebsten. Obwohl nat\u00fcrlich auch der Fr\u00fchling seine Reize hat. Aber der Herbst? Rindsroulade vom Pinzgauer Biorind oder Saibling fangfrisch aus dem Fuschlsee? Immer diese Entscheidungen! Kann ich auch beides haben? Mundharmonika oder Stradivari? Weder noch - als Gitarrist k\u00f6nnte ich mit beiden Instrumenten nichts anfangen. Lederhose oder Smoking? Eindeutig Lederhose, die bei mir mittlerweile sogar den Einzug in den sommerlichen Alltag gefunden hat. Und der LederhosnDonnerstag ist \u00a0ohnehin Pflicht. Alpinski, Offpist oder Skitour? Hauptsache rauf auf den Berg! Was dann tats\u00e4chlich auf dem Programm steht ist zweitrangig. Nur so viel: wenn der Schnee passt, dann h\u00e4lt mich nichts oder niemand auf der Piste. Bergtour oder Seentour? F\u00fcr mich gibt es im Sommer nichts Sch\u00f6neres, als mit dem Segelboot auf unseren herrlichen Seen unterwegs zu sein. Also wenn ich die Wahl habe, dann nehme ich im Sommer die Berge h\u00f6chstens als Kulisse. Haubenlokal oder Ab-Hof-Laden? Auch hier nehme ich von beidem ein bisschen. Aber bei der Oma schmeckt's dann doch am besten.","url":"https:\/\/www.salzburgerland.com\/de\/magazin\/author\/peter-zeitlhofer\/"}]}},"_wl_alt_label":[],"wl:entity_url":"http:\/\/open.salzburgerland.com\/magazin\/post\/-180397","_links":{"self":[{"href":"https:\/\/www.salzburgerland.com\/de\/magazin\/wp-json\/wp\/v2\/posts\/180397","targetHints":{"allow":["GET"]}}],"collection":[{"href":"https:\/\/www.salzburgerland.com\/de\/magazin\/wp-json\/wp\/v2\/posts"}],"about":[{"href":"https:\/\/www.salzburgerland.com\/de\/magazin\/wp-json\/wp\/v2\/types\/post"}],"author":[{"embeddable":true,"href":"https:\/\/www.salzburgerland.com\/de\/magazin\/wp-json\/wp\/v2\/users\/505"}],"replies":[{"embeddable":true,"href":"https:\/\/www.salzburgerland.com\/de\/magazin\/wp-json\/wp\/v2\/comments?post=180397"}],"version-history":[{"count":8,"href":"https:\/\/www.salzburgerland.com\/de\/magazin\/wp-json\/wp\/v2\/posts\/180397\/revisions"}],"predecessor-version":[{"id":181162,"href":"https:\/\/www.salzburgerland.com\/de\/magazin\/wp-json\/wp\/v2\/posts\/180397\/revisions\/181162"}],"wp:featuredmedia":[{"embeddable":true,"href":"https:\/\/www.salzburgerland.com\/de\/magazin\/wp-json\/wp\/v2\/media\/180398"}],"wp:attachment":[{"href":"https:\/\/www.salzburgerland.com\/de\/magazin\/wp-json\/wp\/v2\/media?parent=180397"}],"wp:term":[{"taxonomy":"category","embeddable":true,"href":"https:\/\/www.salzburgerland.com\/de\/magazin\/wp-json\/wp\/v2\/categories?post=180397"},{"taxonomy":"post_tag","embeddable":true,"href":"https:\/\/www.salzburgerland.com\/de\/magazin\/wp-json\/wp\/v2\/tags?post=180397"},{"taxonomy":"wl_entity_type","embeddable":true,"href":"https:\/\/www.salzburgerland.com\/de\/magazin\/wp-json\/wp\/v2\/wl_entity_type?post=180397"},{"taxonomy":"monatsauswahl","embeddable":true,"href":"https:\/\/www.salzburgerland.com\/de\/magazin\/wp-json\/wp\/v2\/monatsauswahl?post=180397"}],"curies":[{"name":"wp","href":"https:\/\/api.w.org\/{rel}","templated":true}]}}