{"id":180269,"date":"2025-02-05T07:00:00","date_gmt":"2025-02-05T06:00:00","guid":{"rendered":"https:\/\/www.salzburgerland.com\/de\/magazin\/?p=180269"},"modified":"2025-09-08T09:23:14","modified_gmt":"2025-09-08T07:23:14","slug":"ein-spitzensportler-als-huettenwirt","status":"publish","type":"post","link":"https:\/\/www.salzburgerland.com\/de\/magazin\/ein-spitzensportler-als-huettenwirt\/","title":{"rendered":"Ein Spitzensportler als H\u00fcttenwirt"},"content":{"rendered":"\n<div class=\"wp-block-slt-top topBlocks\">\n<h2 class=\"wp-block-slt-subtitle\">Der ehemalige Top-Skibergsteiger Jakob Herrmann ist nun H\u00fcttenwirt im Skigebiet von Werfenweng. <\/h2>\n\n\n\n<p class=\"wp-block-slt-intro\">Seine kleine Skih\u00fctte, direkt neben dem <a href=\"https:\/\/anton-proksch-haus.naturfreunde.at\/\" target=\"_blank\" rel=\"noreferrer noopener\">Anton Proksch Haus der Naturfreunde Salzburg<\/a>, nennt er \u201eMinimal:isst\u201c \u2013 der Name ist Programm. Mit sehr viel Leidenschaft kocht, b\u00e4ckt und serviert der ehemalige Top-Athlet Jakob Herrmann auf etwa 1.590 Metern H\u00f6he seinen G\u00e4sten eine kleine, aber feine Speiseauswahl.<\/p>\n<\/div>\n\n\n\n<p>Jakob Herrmann war \u00d6sterreichs erfolgreichster Skibergsteiger. Der Ex-Profisportler bestand viele Herausforderungen und galt als Spezialist f\u00fcr technisch anspruchsvolle und schwierige Individualbewerbe. Beim harten Rennwettbewerb der Mountain Attack in Saalbach h\u00e4lt er etwa den Streckenrekord. Der Skibergsteiger bestand viele Herausforderungen, wie zuletzt im J\u00e4nner 2024, wo er beim K\u00f6nigslehen-Lift in Radstadt&nbsp;beispielsweise einen neuen Weltrekord im Skibergsteigen aufstellte. Er bew\u00e4ltigte innerhalb von 24 Stunden unglaubliche 24.242 H\u00f6henmeter und \u00fcberbot mit dieser Leistung den bisherigen Rekord seines Freundes Kilian Jornet aus Spanien.<\/p>\n\n\n\n<h2 class=\"wp-block-heading\" id=\"h-jakob-kocht-und-backt-mit-viel-leidenschaft\">Jakob kocht und b\u00e4ckt mit viel Leidenschaft<\/h2>\n\n\n\n<p>Der Name seiner kleinen Almh\u00fctte \u201e<a href=\"https:\/\/www.prokschhaus.at\/minimalisst\/\" target=\"_blank\" rel=\"noreferrer noopener\">Minimal:isst<\/a>\u201c ist Programm. \u201eDenn weniger ist oft mehr\u201c, schmunzelt der sympathische Werfenwenger. Fr\u00fchmorgens steigt er mit Skiern auf, bereitet das Essen auf einem einfachen Holzofen vor: \u201eEs ist mir wichtig, dass es leistbare und gesunde Gerichte sind.\u201c<\/p>\n\n\n<div class=\"mag-gallery\"><div class=\"row\"><div class=\"col-6 col-sm-4\"><figure><a class=\"thumb-container\" href=\"https:\/\/www.salzburgerland.com\/de\/magazin\/wp-content\/uploads\/2025\/01\/IMG_0304-1280x1024.jpg\">\t<picture><source media=\"(min-width: 576px)\" srcset=\"https:\/\/www.salzburgerland.com\/de\/magazin\/wp-content\/uploads\/2025\/01\/IMG_0304-325x209.jpg 325w, https:\/\/www.salzburgerland.com\/de\/magazin\/wp-content\/uploads\/2025\/01\/IMG_0304-249x160.jpg 249w\"><\/source><source media=\"(min-width: 0)\" srcset=\"https:\/\/www.salzburgerland.com\/de\/magazin\/wp-content\/uploads\/2025\/01\/IMG_0304-249x160.jpg 249w, https:\/\/www.salzburgerland.com\/de\/magazin\/wp-content\/uploads\/2025\/01\/IMG_0304-325x209.jpg 325w\"><\/source><img decoding=\"async\" alt=\"Schneebedeckter Bergblick von der Terrasse des Restaurants von Jakob Herrmann mit Speisekarten, Kerzen und Gew&uuml;rzen auf den Tischen.\" src=\"https:\/\/www.salzburgerland.com\/de\/magazin\/wp-content\/uploads\/2025\/01\/IMG_0304-scaled.jpg\">\t<\/picture><\/a><\/figure><\/div><div class=\"col-6 col-sm-4\"><figure><a class=\"thumb-container\" href=\"https:\/\/www.salzburgerland.com\/de\/magazin\/wp-content\/uploads\/2025\/01\/IMG_0240-1280x1024.jpg\">\t<picture><source media=\"(min-width: 576px)\" srcset=\"https:\/\/www.salzburgerland.com\/de\/magazin\/wp-content\/uploads\/2025\/01\/IMG_0240-325x209.jpg 325w, https:\/\/www.salzburgerland.com\/de\/magazin\/wp-content\/uploads\/2025\/01\/IMG_0240-249x160.jpg 249w\"><\/source><source media=\"(min-width: 0)\" srcset=\"https:\/\/www.salzburgerland.com\/de\/magazin\/wp-content\/uploads\/2025\/01\/IMG_0240-249x160.jpg 249w, https:\/\/www.salzburgerland.com\/de\/magazin\/wp-content\/uploads\/2025\/01\/IMG_0240-325x209.jpg 325w\"><\/source><img decoding=\"async\" alt=\"\" src=\"https:\/\/www.salzburgerland.com\/de\/magazin\/wp-content\/uploads\/2025\/01\/IMG_0240-scaled.jpg\">\t<\/picture><\/a><\/figure><\/div><div class=\"col-6 col-sm-4\"><figure><a class=\"thumb-container\" href=\"https:\/\/www.salzburgerland.com\/de\/magazin\/wp-content\/uploads\/2025\/01\/IMG_0212-1280x1024.jpg\">\t<picture><source media=\"(min-width: 576px)\" srcset=\"https:\/\/www.salzburgerland.com\/de\/magazin\/wp-content\/uploads\/2025\/01\/IMG_0212-325x209.jpg 325w, https:\/\/www.salzburgerland.com\/de\/magazin\/wp-content\/uploads\/2025\/01\/IMG_0212-249x160.jpg 249w\"><\/source><source media=\"(min-width: 0)\" srcset=\"https:\/\/www.salzburgerland.com\/de\/magazin\/wp-content\/uploads\/2025\/01\/IMG_0212-249x160.jpg 249w, https:\/\/www.salzburgerland.com\/de\/magazin\/wp-content\/uploads\/2025\/01\/IMG_0212-325x209.jpg 325w\"><\/source><img decoding=\"async\" alt=\"Menschen entspannen sich vor Jakob Herrmanns h&ouml;lzernem Bergh&uuml;ttencaf&eacute;, im Hintergrund verschneite B&auml;ume.\" src=\"https:\/\/www.salzburgerland.com\/de\/magazin\/wp-content\/uploads\/2025\/01\/IMG_0212-scaled.jpg\">\t<\/picture><\/a><\/figure><\/div><\/div><figcaption><\/figcaption><\/div>\n\n\n\n<p>Gut gelaunt unterh\u00e4lt sich Herrmann mit seinen G\u00e4sten, viele davon Skitourengeher oder Paragleiter. Bei unserem Besuch waren etwa die Paragleiter-Piloten Stefan und Gabriele am fr\u00fchen Vormittag zu Gast: \u201eBei Jakob ist es klein, famili\u00e4r und fein\u201c, loben sie und f\u00fcgen hinzu: \u201eHier ist alles ein bisschen anders als auf anderen H\u00fctten. Er ist ein Wirt, wie es der neuen Zeit entspricht.\u201c &nbsp;<\/p>\n\n\n<div class=\"mag-gallery\"><div class=\"row\"><div class=\"col-6 col-sm-4\"><figure><a class=\"thumb-container\" href=\"https:\/\/www.salzburgerland.com\/de\/magazin\/wp-content\/uploads\/2025\/01\/IMG_0255-2-1280x1024.jpg\">\t<picture><source media=\"(min-width: 576px)\" srcset=\"https:\/\/www.salzburgerland.com\/de\/magazin\/wp-content\/uploads\/2025\/01\/IMG_0255-2-325x209.jpg 325w, https:\/\/www.salzburgerland.com\/de\/magazin\/wp-content\/uploads\/2025\/01\/IMG_0255-2-249x160.jpg 249w\"><\/source><source media=\"(min-width: 0)\" srcset=\"https:\/\/www.salzburgerland.com\/de\/magazin\/wp-content\/uploads\/2025\/01\/IMG_0255-2-249x160.jpg 249w, https:\/\/www.salzburgerland.com\/de\/magazin\/wp-content\/uploads\/2025\/01\/IMG_0255-2-325x209.jpg 325w\"><\/source><img decoding=\"async\" alt=\"Holzh&uuml;tte mit verschneitem Dach, Tische im Freien, von jakob herrmann auf einem verschneiten Berg unter einem bew&ouml;lkten Himmel.\" src=\"https:\/\/www.salzburgerland.com\/de\/magazin\/wp-content\/uploads\/2025\/01\/IMG_0255-2-scaled.jpg\">\t<\/picture><\/a><\/figure><\/div><div class=\"col-6 col-sm-4\"><figure><a class=\"thumb-container\" href=\"https:\/\/www.salzburgerland.com\/de\/magazin\/wp-content\/uploads\/2025\/01\/IMG_0266-1280x1024.jpg\">\t<picture><source media=\"(min-width: 576px)\" srcset=\"https:\/\/www.salzburgerland.com\/de\/magazin\/wp-content\/uploads\/2025\/01\/IMG_0266-325x209.jpg 325w, https:\/\/www.salzburgerland.com\/de\/magazin\/wp-content\/uploads\/2025\/01\/IMG_0266-249x160.jpg 249w\"><\/source><source media=\"(min-width: 0)\" srcset=\"https:\/\/www.salzburgerland.com\/de\/magazin\/wp-content\/uploads\/2025\/01\/IMG_0266-249x160.jpg 249w, https:\/\/www.salzburgerland.com\/de\/magazin\/wp-content\/uploads\/2025\/01\/IMG_0266-325x209.jpg 325w\"><\/source><img decoding=\"async\" alt=\"Jakob Herrmann und drei M&auml;nner in Wintersportkleidung sitzen an einem Holztisch mit Getr&auml;nken und plaudern miteinander.\" src=\"https:\/\/www.salzburgerland.com\/de\/magazin\/wp-content\/uploads\/2025\/01\/IMG_0266-scaled.jpg\">\t<\/picture><\/a><\/figure><\/div><div class=\"col-6 col-sm-4\"><figure><a class=\"thumb-container\" href=\"https:\/\/www.salzburgerland.com\/de\/magazin\/wp-content\/uploads\/2025\/01\/IMG_0218-1280x1024.jpg\">\t<picture><source media=\"(min-width: 576px)\" srcset=\"https:\/\/www.salzburgerland.com\/de\/magazin\/wp-content\/uploads\/2025\/01\/IMG_0218-325x209.jpg 325w, https:\/\/www.salzburgerland.com\/de\/magazin\/wp-content\/uploads\/2025\/01\/IMG_0218-249x160.jpg 249w\"><\/source><source media=\"(min-width: 0)\" srcset=\"https:\/\/www.salzburgerland.com\/de\/magazin\/wp-content\/uploads\/2025\/01\/IMG_0218-249x160.jpg 249w, https:\/\/www.salzburgerland.com\/de\/magazin\/wp-content\/uploads\/2025\/01\/IMG_0218-325x209.jpg 325w\"><\/source><img decoding=\"async\" alt=\"Vier Personen sitzen im Freien auf einem verschneiten Berg und genie&szlig;en ihre Getr&auml;nke vor einer von Jakob Herrmann entworfenen Kulisse.\" src=\"https:\/\/www.salzburgerland.com\/de\/magazin\/wp-content\/uploads\/2025\/01\/IMG_0218-scaled.jpg\">\t<\/picture><\/a><\/figure><\/div><\/div><figcaption><\/figcaption><\/div>\n\n\n\n<p>\u201eIch glaube, dass immer mehr internationale Ski G\u00e4ste auch eine fleischlose K\u00fcche auf unseren Bergen suchen\u201c, sagt Herrmann. \u201eVegane Speisen auf der Karte sind zus\u00e4tzlich gefragt.\u201c F\u00fcr zwei einheimische Skitourengeherinnen hat Herrmann neben einer Topfentorte sogar auf Wunsch einen \u201eReindling\u201c zubereitet, \u201ees macht mir gro\u00dfe Freude, Menschen zu verw\u00f6hnen und sie zum L\u00e4cheln zu bringen. Und sie sollen bei mir entschleunigen und zur Ruhe kommen.\u201c<\/p>\n\n\n\n<h2 class=\"wp-block-heading\" id=\"h-gesunde-ernahrung-war-fur-den-spitzenathleten-immer-wichtig\">Gesunde Ern\u00e4hrung war f\u00fcr den Spitzenathleten immer wichtig<\/h2>\n\n\n\n<p>Der Ex-Profisportler besuchte die Hotelfachschule, studierte vor seiner Sportkarriere Ern\u00e4hrungswissenschaften und absolvierte die P\u00e4dagogische Hochschule. Herrmann unterrichtete an einer Neuen Mittelschule im Tennengau Mathematik und Hauswirtschaftslehre: \u201eErn\u00e4hrung und Kochen sind seit meiner Sportlerkarriere nat\u00fcrlich ein wichtiges Thema f\u00fcr mich. Ich habe mich damit sehr viel auseinandergesetzt. Jetzt verw\u00f6hne ich meine G\u00e4ste mit gesunden, aber auch g\u00fcnstigen Speisen und Getr\u00e4nken.\u201c<\/p>\n\n\n<div class=\"mag-gallery\"><div class=\"row\"><div class=\"col-6 col-sm-4\"><figure><a class=\"thumb-container\" href=\"https:\/\/www.salzburgerland.com\/de\/magazin\/wp-content\/uploads\/2025\/01\/IMG_0304-1280x1024.jpg\">\t<picture><source media=\"(min-width: 576px)\" srcset=\"https:\/\/www.salzburgerland.com\/de\/magazin\/wp-content\/uploads\/2025\/01\/IMG_0304-325x209.jpg 325w, https:\/\/www.salzburgerland.com\/de\/magazin\/wp-content\/uploads\/2025\/01\/IMG_0304-249x160.jpg 249w\"><\/source><source media=\"(min-width: 0)\" srcset=\"https:\/\/www.salzburgerland.com\/de\/magazin\/wp-content\/uploads\/2025\/01\/IMG_0304-249x160.jpg 249w, https:\/\/www.salzburgerland.com\/de\/magazin\/wp-content\/uploads\/2025\/01\/IMG_0304-325x209.jpg 325w\"><\/source><img decoding=\"async\" alt=\"Schneebedeckter Bergblick von der Terrasse des Restaurants von Jakob Herrmann mit Speisekarten, Kerzen und Gew&uuml;rzen auf den Tischen.\" src=\"https:\/\/www.salzburgerland.com\/de\/magazin\/wp-content\/uploads\/2025\/01\/IMG_0304-scaled.jpg\">\t<\/picture><figcaption>Traumhaftes Panorama mit Blick auf Hochk&ouml;nig<\/figcaption><\/a><\/figure><\/div><div class=\"col-6 col-sm-4\"><figure><a class=\"thumb-container\" href=\"https:\/\/www.salzburgerland.com\/de\/magazin\/wp-content\/uploads\/2025\/01\/IMG_0264-1280x1024.jpg\">\t<picture><source media=\"(min-width: 576px)\" srcset=\"https:\/\/www.salzburgerland.com\/de\/magazin\/wp-content\/uploads\/2025\/01\/IMG_0264-325x209.jpg 325w, https:\/\/www.salzburgerland.com\/de\/magazin\/wp-content\/uploads\/2025\/01\/IMG_0264-249x160.jpg 249w\"><\/source><source media=\"(min-width: 0)\" srcset=\"https:\/\/www.salzburgerland.com\/de\/magazin\/wp-content\/uploads\/2025\/01\/IMG_0264-249x160.jpg 249w, https:\/\/www.salzburgerland.com\/de\/magazin\/wp-content\/uploads\/2025\/01\/IMG_0264-325x209.jpg 325w\"><\/source><img decoding=\"async\" alt=\"Jakob Herrmann und ein weiterer Mann in Outdoor-Ausr&uuml;stung l&auml;cheln in einer rustikalen Holzh&uuml;ttenk&uuml;che.\" src=\"https:\/\/www.salzburgerland.com\/de\/magazin\/wp-content\/uploads\/2025\/01\/IMG_0264-scaled.jpg\">\t<\/picture><figcaption>Skibergsteiger Markus Stock zu Besuch<\/figcaption><\/a><\/figure><\/div><div class=\"col-6 col-sm-4\"><figure><a class=\"thumb-container\" href=\"https:\/\/www.salzburgerland.com\/de\/magazin\/wp-content\/uploads\/2025\/01\/IMG_0283-1280x1024.jpg\">\t<picture><source media=\"(min-width: 576px)\" srcset=\"https:\/\/www.salzburgerland.com\/de\/magazin\/wp-content\/uploads\/2025\/01\/IMG_0283-325x209.jpg 325w, https:\/\/www.salzburgerland.com\/de\/magazin\/wp-content\/uploads\/2025\/01\/IMG_0283-249x160.jpg 249w\"><\/source><source media=\"(min-width: 0)\" srcset=\"https:\/\/www.salzburgerland.com\/de\/magazin\/wp-content\/uploads\/2025\/01\/IMG_0283-249x160.jpg 249w, https:\/\/www.salzburgerland.com\/de\/magazin\/wp-content\/uploads\/2025\/01\/IMG_0283-325x209.jpg 325w\"><\/source><img decoding=\"async\" alt=\"Jakob Herrmann und Freunde in Wintersportkleidung essen gemeinsam Suppe an einem gem&uuml;tlichen H&uuml;ttentisch mit Getr&auml;nken.\" src=\"https:\/\/www.salzburgerland.com\/de\/magazin\/wp-content\/uploads\/2025\/01\/IMG_0283-scaled.jpg\">\t<\/picture><figcaption>St&auml;rkende Rollgerstensuppe mit Speck<\/figcaption><\/a><\/figure><\/div><\/div><figcaption><\/figcaption><\/div>\n\n\n\n<h2 class=\"wp-block-heading\" id=\"h-wegbeschreibung-zu-minimal-isst-von-jakob-herrmann\">Wegbeschreibung zu &#8222;Minimal:isst&#8220; von Jakob Herrmann<\/h2>\n\n\n\n<p><strong>\u201eMinimal:isst\u201c von Jakob Herrmann<\/strong> befindet sich beim <a href=\"https:\/\/www.prokschhaus.at\/minimalisst\/\" target=\"_blank\" rel=\"noreferrer noopener\">Anton-Proksch-Haus<\/a> der <a href=\"https:\/\/salzburg.naturfreunde.at\/\" target=\"_blank\" rel=\"noreferrer noopener\">Naturfreunde Salzburg<\/a>\u00a0auf 1.590 Metern an den s\u00fcdlichen Ausl\u00e4ufern des Tennengebirges im kleinen Skigebiet von Werfenweng in Salzburg. Zur H\u00fctte kann man mit der Seilbahn (Ikarus Bergbahn) von Werfenweng bis zur Bergstation rasch auffahren (und zum Ladenberg abfahren). Auch eine Skitour (kostenpflichtig) oder Schneeschuhwanderung bzw. ein Fu\u00dfmarsch im Sommer &#8211; \u00fcber die <strong>Freilassinger H\u00fctte und die Strussing Alm <\/strong>(markierten Sommerweg Nr. 52) &#8211; ist sehr sch\u00f6n und mit etwa zwei Stunden auch nicht zu lange.<br><br><em>Link: <a href=\"https:\/\/www.instagram.com\/jakobherrmann\/?hl=de\">Jakob Herrmann auf Instagram <\/a><\/em><\/p>\n","protected":false},"excerpt":{"rendered":"<p>Jakob Herrmann war \u00d6sterreichs erfolgreichster Skibergsteiger. Der Ex-Profisportler bestand viele Herausforderungen und galt als Spezialist f\u00fcr technisch anspruchsvolle und schwierige Individualbewerbe. Beim harten Rennwettbewerb der Mountain Attack in Saalbach h\u00e4lt er etwa den Streckenrekord. Der Skibergsteiger bestand viele Herausforderungen, wie zuletzt im J\u00e4nner 2024, wo er beim K\u00f6nigslehen-Lift in Radstadt&nbsp;beispielsweise einen neuen Weltrekord im Skibergsteigen [&hellip;]<\/p>\n","protected":false},"author":217,"featured_media":180282,"comment_status":"closed","ping_status":"closed","sticky":false,"template":"","format":"standard","meta":{"_acf_changed":false,"wl_entities_gutenberg":"","_wl_entity_redirect_enabled":"","footnotes":""},"categories":[3],"tags":[],"wl_entity_type":[306],"monatsauswahl":[82,83,84,93],"class_list":["post-180269","post","type-post","status-publish","format-standard","has-post-thumbnail","hentry","category-essen-trinken","wl_entity_type-article","monatsauswahl-monat_1","monatsauswahl-monat_2","monatsauswahl-monat_3","monatsauswahl-monat_12"],"acf":[],"yoast_head":"<!-- This site is optimized with the Yoast SEO Premium plugin v27.4 (Yoast SEO v27.4) - https:\/\/yoast.com\/product\/yoast-seo-premium-wordpress\/ -->\n<title>Ein Spitzensportler als H\u00fcttenwirt - SalzburgerLand Magazin<\/title>\n<meta name=\"robots\" content=\"index, follow, max-snippet:-1, max-image-preview:large, max-video-preview:-1\" \/>\n<link rel=\"canonical\" href=\"https:\/\/www.salzburgerland.com\/de\/magazin\/ein-spitzensportler-als-huettenwirt\/\" \/>\n<meta property=\"og:locale\" content=\"de_DE\" \/>\n<meta property=\"og:type\" content=\"article\" \/>\n<meta property=\"og:title\" content=\"Ein Spitzensportler als H\u00fcttenwirt\" \/>\n<meta property=\"og:description\" content=\"Jakob Herrmann war \u00d6sterreichs erfolgreichster Skibergsteiger. Der Ex-Profisportler bestand viele Herausforderungen und galt als Spezialist f\u00fcr technisch anspruchsvolle und schwierige Individualbewerbe. Beim harten Rennwettbewerb der Mountain Attack in Saalbach h\u00e4lt er etwa den Streckenrekord. Der Skibergsteiger bestand viele Herausforderungen, wie zuletzt im J\u00e4nner 2024, wo er beim K\u00f6nigslehen-Lift in Radstadt&nbsp;beispielsweise einen neuen Weltrekord im Skibergsteigen [&hellip;]\" \/>\n<meta property=\"og:url\" content=\"https:\/\/www.salzburgerland.com\/de\/magazin\/ein-spitzensportler-als-huettenwirt\/\" \/>\n<meta property=\"og:site_name\" content=\"SalzburgerLand Magazin\" \/>\n<meta property=\"article:publisher\" content=\"https:\/\/www.facebook.com\/salzburgerland\/\" \/>\n<meta property=\"article:published_time\" content=\"2025-02-05T06:00:00+00:00\" \/>\n<meta property=\"article:modified_time\" content=\"2025-09-08T07:23:14+00:00\" \/>\n<meta property=\"og:image\" content=\"https:\/\/www.salzburgerland.com\/de\/magazin\/wp-content\/uploads\/2025\/01\/JakobHerrmann-scaled.jpg\" \/>\n\t<meta property=\"og:image:width\" content=\"2560\" \/>\n\t<meta property=\"og:image:height\" content=\"1707\" \/>\n\t<meta property=\"og:image:type\" content=\"image\/jpeg\" \/>\n<meta name=\"author\" content=\"Maria Riedler\" \/>\n<meta name=\"twitter:card\" content=\"summary_large_image\" \/>\n<meta name=\"twitter:creator\" content=\"@Salzburgerland\" \/>\n<meta name=\"twitter:site\" content=\"@Salzburgerland\" \/>\n<meta name=\"twitter:label1\" content=\"Verfasst von\" \/>\n\t<meta name=\"twitter:data1\" content=\"Maria Riedler\" \/>\n\t<meta name=\"twitter:label2\" content=\"Gesch\u00e4tzte Lesezeit\" \/>\n\t<meta name=\"twitter:data2\" content=\"5\u00a0Minuten\" \/>\n<script type=\"application\/ld+json\" class=\"yoast-schema-graph\">{\"@context\":\"https:\\\/\\\/schema.org\",\"@graph\":[{\"@type\":\"Article\",\"@id\":\"https:\\\/\\\/www.salzburgerland.com\\\/de\\\/magazin\\\/ein-spitzensportler-als-huettenwirt\\\/#article\",\"isPartOf\":{\"@id\":\"https:\\\/\\\/www.salzburgerland.com\\\/de\\\/magazin\\\/ein-spitzensportler-als-huettenwirt\\\/\"},\"author\":{\"name\":\"Maria Riedler\",\"@id\":\"https:\\\/\\\/www.salzburgerland.com\\\/de\\\/magazin\\\/#\\\/schema\\\/person\\\/0cd712588b834668bcd33d7a0668adb3\"},\"headline\":\"Ein Spitzensportler als H\u00fcttenwirt\",\"datePublished\":\"2025-02-05T06:00:00+00:00\",\"dateModified\":\"2025-09-08T07:23:14+00:00\",\"mainEntityOfPage\":{\"@id\":\"https:\\\/\\\/www.salzburgerland.com\\\/de\\\/magazin\\\/ein-spitzensportler-als-huettenwirt\\\/\"},\"wordCount\":539,\"publisher\":{\"@id\":\"https:\\\/\\\/www.salzburgerland.com\\\/de\\\/magazin\\\/#organization\"},\"image\":{\"@id\":\"https:\\\/\\\/www.salzburgerland.com\\\/de\\\/magazin\\\/ein-spitzensportler-als-huettenwirt\\\/#primaryimage\"},\"thumbnailUrl\":\"https:\\\/\\\/www.salzburgerland.com\\\/de\\\/magazin\\\/wp-content\\\/uploads\\\/2025\\\/01\\\/JakobHerrmann-scaled.jpg\",\"articleSection\":[\"Essen &amp; Trinken\"],\"inLanguage\":\"de\"},{\"@type\":\"WebPage\",\"@id\":\"https:\\\/\\\/www.salzburgerland.com\\\/de\\\/magazin\\\/ein-spitzensportler-als-huettenwirt\\\/\",\"url\":\"https:\\\/\\\/www.salzburgerland.com\\\/de\\\/magazin\\\/ein-spitzensportler-als-huettenwirt\\\/\",\"name\":\"Ein Spitzensportler als H\u00fcttenwirt - SalzburgerLand Magazin\",\"isPartOf\":{\"@id\":\"https:\\\/\\\/www.salzburgerland.com\\\/de\\\/magazin\\\/#website\"},\"primaryImageOfPage\":{\"@id\":\"https:\\\/\\\/www.salzburgerland.com\\\/de\\\/magazin\\\/ein-spitzensportler-als-huettenwirt\\\/#primaryimage\"},\"image\":{\"@id\":\"https:\\\/\\\/www.salzburgerland.com\\\/de\\\/magazin\\\/ein-spitzensportler-als-huettenwirt\\\/#primaryimage\"},\"thumbnailUrl\":\"https:\\\/\\\/www.salzburgerland.com\\\/de\\\/magazin\\\/wp-content\\\/uploads\\\/2025\\\/01\\\/JakobHerrmann-scaled.jpg\",\"datePublished\":\"2025-02-05T06:00:00+00:00\",\"dateModified\":\"2025-09-08T07:23:14+00:00\",\"breadcrumb\":{\"@id\":\"https:\\\/\\\/www.salzburgerland.com\\\/de\\\/magazin\\\/ein-spitzensportler-als-huettenwirt\\\/#breadcrumb\"},\"inLanguage\":\"de\",\"potentialAction\":[{\"@type\":\"ReadAction\",\"target\":[\"https:\\\/\\\/www.salzburgerland.com\\\/de\\\/magazin\\\/ein-spitzensportler-als-huettenwirt\\\/\"]}]},{\"@type\":\"ImageObject\",\"inLanguage\":\"de\",\"@id\":\"https:\\\/\\\/www.salzburgerland.com\\\/de\\\/magazin\\\/ein-spitzensportler-als-huettenwirt\\\/#primaryimage\",\"url\":\"https:\\\/\\\/www.salzburgerland.com\\\/de\\\/magazin\\\/wp-content\\\/uploads\\\/2025\\\/01\\\/JakobHerrmann-scaled.jpg\",\"contentUrl\":\"https:\\\/\\\/www.salzburgerland.com\\\/de\\\/magazin\\\/wp-content\\\/uploads\\\/2025\\\/01\\\/JakobHerrmann-scaled.jpg\",\"width\":2560,\"height\":1707,\"caption\":\"Der l\u00e4chelnde Jakob Herrmann mit M\u00fctze und Kapuzenpulli lehnt an einem Holztresen in einer rustikalen K\u00fcche.\"},{\"@type\":\"BreadcrumbList\",\"@id\":\"https:\\\/\\\/www.salzburgerland.com\\\/de\\\/magazin\\\/ein-spitzensportler-als-huettenwirt\\\/#breadcrumb\",\"itemListElement\":[{\"@type\":\"ListItem\",\"position\":1,\"name\":\"Startseite\",\"item\":\"https:\\\/\\\/www.salzburgerland.com\\\/de\\\/magazin\\\/\"},{\"@type\":\"ListItem\",\"position\":2,\"name\":\"Essen &amp; Trinken\",\"item\":\"https:\\\/\\\/www.salzburgerland.com\\\/de\\\/magazin\\\/thema\\\/essen-trinken\\\/\"},{\"@type\":\"ListItem\",\"position\":3,\"name\":\"Ein Spitzensportler als H\u00fcttenwirt\"}]},{\"@type\":\"WebSite\",\"@id\":\"https:\\\/\\\/www.salzburgerland.com\\\/de\\\/magazin\\\/#website\",\"url\":\"https:\\\/\\\/www.salzburgerland.com\\\/de\\\/magazin\\\/\",\"name\":\"SalzburgerLand Magazin\",\"description\":\"Geschichten und Interessantes aus dem SalzburgerLand\",\"publisher\":{\"@id\":\"https:\\\/\\\/www.salzburgerland.com\\\/de\\\/magazin\\\/#organization\"},\"potentialAction\":[{\"@type\":\"SearchAction\",\"target\":{\"@type\":\"EntryPoint\",\"urlTemplate\":\"https:\\\/\\\/www.salzburgerland.com\\\/de\\\/magazin\\\/?s={search_term_string}\"},\"query-input\":{\"@type\":\"PropertyValueSpecification\",\"valueRequired\":true,\"valueName\":\"search_term_string\"}}],\"inLanguage\":\"de\"},{\"@type\":\"Organization\",\"@id\":\"https:\\\/\\\/www.salzburgerland.com\\\/de\\\/magazin\\\/#organization\",\"name\":\"SalzburgerLand Tourismus\",\"url\":\"https:\\\/\\\/www.salzburgerland.com\\\/de\\\/magazin\\\/\",\"logo\":{\"@type\":\"ImageObject\",\"inLanguage\":\"de\",\"@id\":\"https:\\\/\\\/www.salzburgerland.com\\\/de\\\/magazin\\\/#\\\/schema\\\/logo\\\/image\\\/\",\"url\":\"https:\\\/\\\/www.salzburgerland.com\\\/de\\\/magazin\\\/wp-content\\\/uploads\\\/2019\\\/06\\\/salzburgerland-logo1.jpg\",\"contentUrl\":\"https:\\\/\\\/www.salzburgerland.com\\\/de\\\/magazin\\\/wp-content\\\/uploads\\\/2019\\\/06\\\/salzburgerland-logo1.jpg\",\"width\":2011,\"height\":866,\"caption\":\"SalzburgerLand Tourismus\"},\"image\":{\"@id\":\"https:\\\/\\\/www.salzburgerland.com\\\/de\\\/magazin\\\/#\\\/schema\\\/logo\\\/image\\\/\"},\"sameAs\":[\"https:\\\/\\\/www.facebook.com\\\/salzburgerland\\\/\",\"https:\\\/\\\/x.com\\\/Salzburgerland\",\"https:\\\/\\\/www.instagram.com\\\/salzburgerland\\\/\",\"https:\\\/\\\/at.linkedin.com\\\/company\\\/salzburgerland-tourismus-gmbh\",\"https:\\\/\\\/www.pinterest.at\\\/salzburgerland\\\/\",\"https:\\\/\\\/www.youtube.com\\\/user\\\/salzburgerland\",\"https:\\\/\\\/de.wikipedia.org\\\/wiki\\\/SalzburgerLand_Tourismus_GmbH\"]},{\"@type\":\"Person\",\"@id\":\"https:\\\/\\\/www.salzburgerland.com\\\/de\\\/magazin\\\/#\\\/schema\\\/person\\\/0cd712588b834668bcd33d7a0668adb3\",\"name\":\"Maria Riedler\",\"description\":\"Ein Bild sagt mehr als tausend Worte, hei\u00dft es. Aber genauso wichtig ist die Geschichte dazu. Spannende Texte haben nicht nur einen gro\u00dfen Effekt auf unsere Wahrnehmung, sie lassen auch das Kopfkino in uns starten! Den Dingen nachzusp\u00fcren und auf den Grund zu gehen, das geh\u00f6rt jedenfalls seit meiner Jugendzeit zu mir ... Maria Riedler studierte neben ihrer T\u00e4tigkeit als Kinderkrankenschwester Publizistik und P\u00e4dagogik. Nach dem Studium verbrachte sie \u00fcber zwei Jahre in Australien, wo sie f\u00fcr den staatlichen Rundfunk SBS arbeitete. Anschlie\u00dfend war sie f\u00fcnf Jahre freie Mitarbeiterin im ORF Landesstudio Salzburg, weiters Kommunikationsbeauftragte beim Arbeitskreis f\u00fcr Vorsorgemedizin Salzburg (AVOS), war freiberufliche Journalistin bei der Salzburgerin und ist als Redakteurin f\u00fcr die Pongauer Nachrichten t\u00e4tig. Neben Schreiben, Fotografieren und Lesen liebt sie vor allem unsere Berge und ist ehrenamtlich Bergrettungshundef\u00fchrerin und Pressereferentin der Bergrettung Salzburg. Dosige(r) oder Zuagroast? Eindeutig dosig - aus dem\u00a0einmaligen Lungau. Fr\u00fchling, Sommer, Herbst oder Winter? Nachdem ich auch einige Jahre in Australien gelebt habe, bin ich mir sicher, dass uns weltweit die Menschen um diese so unterschiedlich sch\u00f6nen und so facettenreichen Jahreszeiten beneiden. Luxushotel oder Almh\u00fctte? Obwohl so ein Luxushotel schon seine Reize hat, genie\u00dfe ich doch meist eher die Einsamkeit auf einer Almh\u00fctte\u2026. Mozart oder Hubert von Goisern? Wie sch\u00f6n, dass wir so begnadete Musiker haben!\u00a0Leider\u00a0gibt es f\u00fcr mich - wie so oft - siehe oben und unten :-) kein Entweder-Oder\u2026 Ausstellung oder Bergpanorama? \\\"Kunst w\u00e4scht den Staub des Alltag von der Seele\\\", meinte Pablo Picasso. \u00a0Die Berge und deren Traumpanorama brauche ich auch, um mir\u00a0neue Perspektiven vom Leben zu holen.\u00a0Also:\u00a0Es muss doch mehr als alles geben \u00a0- wahrscheinlich mein Lebensmotto, deshalb bitte keine weiteren Entweder-Oder Fragen!\u00a0:-) Wer jemals einen Sonnenaufgang oder Sonnenuntergang in unseren Bergen erlebt hat, wei\u00df um die Einmaligkeit dieser Bilder und Eindr\u00fccke.\",\"url\":\"https:\\\/\\\/www.salzburgerland.com\\\/de\\\/magazin\\\/author\\\/mriedler\\\/\"}]}<\/script>\n<!-- \/ Yoast SEO Premium plugin. -->","yoast_head_json":{"title":"Ein Spitzensportler als H\u00fcttenwirt - SalzburgerLand Magazin","robots":{"index":"index","follow":"follow","max-snippet":"max-snippet:-1","max-image-preview":"max-image-preview:large","max-video-preview":"max-video-preview:-1"},"canonical":"https:\/\/www.salzburgerland.com\/de\/magazin\/ein-spitzensportler-als-huettenwirt\/","og_locale":"de_DE","og_type":"article","og_title":"Ein Spitzensportler als H\u00fcttenwirt","og_description":"Jakob Herrmann war \u00d6sterreichs erfolgreichster Skibergsteiger. Der Ex-Profisportler bestand viele Herausforderungen und galt als Spezialist f\u00fcr technisch anspruchsvolle und schwierige Individualbewerbe. Beim harten Rennwettbewerb der Mountain Attack in Saalbach h\u00e4lt er etwa den Streckenrekord. Der Skibergsteiger bestand viele Herausforderungen, wie zuletzt im J\u00e4nner 2024, wo er beim K\u00f6nigslehen-Lift in Radstadt&nbsp;beispielsweise einen neuen Weltrekord im Skibergsteigen [&hellip;]","og_url":"https:\/\/www.salzburgerland.com\/de\/magazin\/ein-spitzensportler-als-huettenwirt\/","og_site_name":"SalzburgerLand Magazin","article_publisher":"https:\/\/www.facebook.com\/salzburgerland\/","article_published_time":"2025-02-05T06:00:00+00:00","article_modified_time":"2025-09-08T07:23:14+00:00","og_image":[{"width":2560,"height":1707,"url":"https:\/\/www.salzburgerland.com\/de\/magazin\/wp-content\/uploads\/2025\/01\/JakobHerrmann-scaled.jpg","type":"image\/jpeg"}],"author":"Maria Riedler","twitter_card":"summary_large_image","twitter_creator":"@Salzburgerland","twitter_site":"@Salzburgerland","twitter_misc":{"Verfasst von":"Maria Riedler","Gesch\u00e4tzte Lesezeit":"5\u00a0Minuten"},"schema":{"@context":"https:\/\/schema.org","@graph":[{"@type":"Article","@id":"https:\/\/www.salzburgerland.com\/de\/magazin\/ein-spitzensportler-als-huettenwirt\/#article","isPartOf":{"@id":"https:\/\/www.salzburgerland.com\/de\/magazin\/ein-spitzensportler-als-huettenwirt\/"},"author":{"name":"Maria Riedler","@id":"https:\/\/www.salzburgerland.com\/de\/magazin\/#\/schema\/person\/0cd712588b834668bcd33d7a0668adb3"},"headline":"Ein Spitzensportler als H\u00fcttenwirt","datePublished":"2025-02-05T06:00:00+00:00","dateModified":"2025-09-08T07:23:14+00:00","mainEntityOfPage":{"@id":"https:\/\/www.salzburgerland.com\/de\/magazin\/ein-spitzensportler-als-huettenwirt\/"},"wordCount":539,"publisher":{"@id":"https:\/\/www.salzburgerland.com\/de\/magazin\/#organization"},"image":{"@id":"https:\/\/www.salzburgerland.com\/de\/magazin\/ein-spitzensportler-als-huettenwirt\/#primaryimage"},"thumbnailUrl":"https:\/\/www.salzburgerland.com\/de\/magazin\/wp-content\/uploads\/2025\/01\/JakobHerrmann-scaled.jpg","articleSection":["Essen &amp; Trinken"],"inLanguage":"de"},{"@type":"WebPage","@id":"https:\/\/www.salzburgerland.com\/de\/magazin\/ein-spitzensportler-als-huettenwirt\/","url":"https:\/\/www.salzburgerland.com\/de\/magazin\/ein-spitzensportler-als-huettenwirt\/","name":"Ein Spitzensportler als H\u00fcttenwirt - SalzburgerLand Magazin","isPartOf":{"@id":"https:\/\/www.salzburgerland.com\/de\/magazin\/#website"},"primaryImageOfPage":{"@id":"https:\/\/www.salzburgerland.com\/de\/magazin\/ein-spitzensportler-als-huettenwirt\/#primaryimage"},"image":{"@id":"https:\/\/www.salzburgerland.com\/de\/magazin\/ein-spitzensportler-als-huettenwirt\/#primaryimage"},"thumbnailUrl":"https:\/\/www.salzburgerland.com\/de\/magazin\/wp-content\/uploads\/2025\/01\/JakobHerrmann-scaled.jpg","datePublished":"2025-02-05T06:00:00+00:00","dateModified":"2025-09-08T07:23:14+00:00","breadcrumb":{"@id":"https:\/\/www.salzburgerland.com\/de\/magazin\/ein-spitzensportler-als-huettenwirt\/#breadcrumb"},"inLanguage":"de","potentialAction":[{"@type":"ReadAction","target":["https:\/\/www.salzburgerland.com\/de\/magazin\/ein-spitzensportler-als-huettenwirt\/"]}]},{"@type":"ImageObject","inLanguage":"de","@id":"https:\/\/www.salzburgerland.com\/de\/magazin\/ein-spitzensportler-als-huettenwirt\/#primaryimage","url":"https:\/\/www.salzburgerland.com\/de\/magazin\/wp-content\/uploads\/2025\/01\/JakobHerrmann-scaled.jpg","contentUrl":"https:\/\/www.salzburgerland.com\/de\/magazin\/wp-content\/uploads\/2025\/01\/JakobHerrmann-scaled.jpg","width":2560,"height":1707,"caption":"Der l\u00e4chelnde Jakob Herrmann mit M\u00fctze und Kapuzenpulli lehnt an einem Holztresen in einer rustikalen K\u00fcche."},{"@type":"BreadcrumbList","@id":"https:\/\/www.salzburgerland.com\/de\/magazin\/ein-spitzensportler-als-huettenwirt\/#breadcrumb","itemListElement":[{"@type":"ListItem","position":1,"name":"Startseite","item":"https:\/\/www.salzburgerland.com\/de\/magazin\/"},{"@type":"ListItem","position":2,"name":"Essen &amp; Trinken","item":"https:\/\/www.salzburgerland.com\/de\/magazin\/thema\/essen-trinken\/"},{"@type":"ListItem","position":3,"name":"Ein Spitzensportler als H\u00fcttenwirt"}]},{"@type":"WebSite","@id":"https:\/\/www.salzburgerland.com\/de\/magazin\/#website","url":"https:\/\/www.salzburgerland.com\/de\/magazin\/","name":"SalzburgerLand Magazin","description":"Geschichten und Interessantes aus dem SalzburgerLand","publisher":{"@id":"https:\/\/www.salzburgerland.com\/de\/magazin\/#organization"},"potentialAction":[{"@type":"SearchAction","target":{"@type":"EntryPoint","urlTemplate":"https:\/\/www.salzburgerland.com\/de\/magazin\/?s={search_term_string}"},"query-input":{"@type":"PropertyValueSpecification","valueRequired":true,"valueName":"search_term_string"}}],"inLanguage":"de"},{"@type":"Organization","@id":"https:\/\/www.salzburgerland.com\/de\/magazin\/#organization","name":"SalzburgerLand Tourismus","url":"https:\/\/www.salzburgerland.com\/de\/magazin\/","logo":{"@type":"ImageObject","inLanguage":"de","@id":"https:\/\/www.salzburgerland.com\/de\/magazin\/#\/schema\/logo\/image\/","url":"https:\/\/www.salzburgerland.com\/de\/magazin\/wp-content\/uploads\/2019\/06\/salzburgerland-logo1.jpg","contentUrl":"https:\/\/www.salzburgerland.com\/de\/magazin\/wp-content\/uploads\/2019\/06\/salzburgerland-logo1.jpg","width":2011,"height":866,"caption":"SalzburgerLand Tourismus"},"image":{"@id":"https:\/\/www.salzburgerland.com\/de\/magazin\/#\/schema\/logo\/image\/"},"sameAs":["https:\/\/www.facebook.com\/salzburgerland\/","https:\/\/x.com\/Salzburgerland","https:\/\/www.instagram.com\/salzburgerland\/","https:\/\/at.linkedin.com\/company\/salzburgerland-tourismus-gmbh","https:\/\/www.pinterest.at\/salzburgerland\/","https:\/\/www.youtube.com\/user\/salzburgerland","https:\/\/de.wikipedia.org\/wiki\/SalzburgerLand_Tourismus_GmbH"]},{"@type":"Person","@id":"https:\/\/www.salzburgerland.com\/de\/magazin\/#\/schema\/person\/0cd712588b834668bcd33d7a0668adb3","name":"Maria Riedler","description":"Ein Bild sagt mehr als tausend Worte, hei\u00dft es. Aber genauso wichtig ist die Geschichte dazu. Spannende Texte haben nicht nur einen gro\u00dfen Effekt auf unsere Wahrnehmung, sie lassen auch das Kopfkino in uns starten! Den Dingen nachzusp\u00fcren und auf den Grund zu gehen, das geh\u00f6rt jedenfalls seit meiner Jugendzeit zu mir ... Maria Riedler studierte neben ihrer T\u00e4tigkeit als Kinderkrankenschwester Publizistik und P\u00e4dagogik. Nach dem Studium verbrachte sie \u00fcber zwei Jahre in Australien, wo sie f\u00fcr den staatlichen Rundfunk SBS arbeitete. Anschlie\u00dfend war sie f\u00fcnf Jahre freie Mitarbeiterin im ORF Landesstudio Salzburg, weiters Kommunikationsbeauftragte beim Arbeitskreis f\u00fcr Vorsorgemedizin Salzburg (AVOS), war freiberufliche Journalistin bei der Salzburgerin und ist als Redakteurin f\u00fcr die Pongauer Nachrichten t\u00e4tig. Neben Schreiben, Fotografieren und Lesen liebt sie vor allem unsere Berge und ist ehrenamtlich Bergrettungshundef\u00fchrerin und Pressereferentin der Bergrettung Salzburg. Dosige(r) oder Zuagroast? Eindeutig dosig - aus dem\u00a0einmaligen Lungau. Fr\u00fchling, Sommer, Herbst oder Winter? Nachdem ich auch einige Jahre in Australien gelebt habe, bin ich mir sicher, dass uns weltweit die Menschen um diese so unterschiedlich sch\u00f6nen und so facettenreichen Jahreszeiten beneiden. Luxushotel oder Almh\u00fctte? Obwohl so ein Luxushotel schon seine Reize hat, genie\u00dfe ich doch meist eher die Einsamkeit auf einer Almh\u00fctte\u2026. Mozart oder Hubert von Goisern? Wie sch\u00f6n, dass wir so begnadete Musiker haben!\u00a0Leider\u00a0gibt es f\u00fcr mich - wie so oft - siehe oben und unten :-) kein Entweder-Oder\u2026 Ausstellung oder Bergpanorama? \"Kunst w\u00e4scht den Staub des Alltag von der Seele\", meinte Pablo Picasso. \u00a0Die Berge und deren Traumpanorama brauche ich auch, um mir\u00a0neue Perspektiven vom Leben zu holen.\u00a0Also:\u00a0Es muss doch mehr als alles geben \u00a0- wahrscheinlich mein Lebensmotto, deshalb bitte keine weiteren Entweder-Oder Fragen!\u00a0:-) Wer jemals einen Sonnenaufgang oder Sonnenuntergang in unseren Bergen erlebt hat, wei\u00df um die Einmaligkeit dieser Bilder und Eindr\u00fccke.","url":"https:\/\/www.salzburgerland.com\/de\/magazin\/author\/mriedler\/"}]}},"_wl_alt_label":[],"wl:entity_url":"http:\/\/open.salzburgerland.com\/magazin\/post\/ein-spitzensportler-wird-huettenwirt-180269","_links":{"self":[{"href":"https:\/\/www.salzburgerland.com\/de\/magazin\/wp-json\/wp\/v2\/posts\/180269","targetHints":{"allow":["GET"]}}],"collection":[{"href":"https:\/\/www.salzburgerland.com\/de\/magazin\/wp-json\/wp\/v2\/posts"}],"about":[{"href":"https:\/\/www.salzburgerland.com\/de\/magazin\/wp-json\/wp\/v2\/types\/post"}],"author":[{"embeddable":true,"href":"https:\/\/www.salzburgerland.com\/de\/magazin\/wp-json\/wp\/v2\/users\/217"}],"replies":[{"embeddable":true,"href":"https:\/\/www.salzburgerland.com\/de\/magazin\/wp-json\/wp\/v2\/comments?post=180269"}],"version-history":[{"count":26,"href":"https:\/\/www.salzburgerland.com\/de\/magazin\/wp-json\/wp\/v2\/posts\/180269\/revisions"}],"predecessor-version":[{"id":184485,"href":"https:\/\/www.salzburgerland.com\/de\/magazin\/wp-json\/wp\/v2\/posts\/180269\/revisions\/184485"}],"wp:featuredmedia":[{"embeddable":true,"href":"https:\/\/www.salzburgerland.com\/de\/magazin\/wp-json\/wp\/v2\/media\/180282"}],"wp:attachment":[{"href":"https:\/\/www.salzburgerland.com\/de\/magazin\/wp-json\/wp\/v2\/media?parent=180269"}],"wp:term":[{"taxonomy":"category","embeddable":true,"href":"https:\/\/www.salzburgerland.com\/de\/magazin\/wp-json\/wp\/v2\/categories?post=180269"},{"taxonomy":"post_tag","embeddable":true,"href":"https:\/\/www.salzburgerland.com\/de\/magazin\/wp-json\/wp\/v2\/tags?post=180269"},{"taxonomy":"wl_entity_type","embeddable":true,"href":"https:\/\/www.salzburgerland.com\/de\/magazin\/wp-json\/wp\/v2\/wl_entity_type?post=180269"},{"taxonomy":"monatsauswahl","embeddable":true,"href":"https:\/\/www.salzburgerland.com\/de\/magazin\/wp-json\/wp\/v2\/monatsauswahl?post=180269"}],"curies":[{"name":"wp","href":"https:\/\/api.w.org\/{rel}","templated":true}]}}