{"id":179908,"date":"2025-01-08T07:00:00","date_gmt":"2025-01-08T06:00:00","guid":{"rendered":"https:\/\/www.salzburgerland.com\/de\/magazin\/?p=179908"},"modified":"2025-01-27T08:50:36","modified_gmt":"2025-01-27T07:50:36","slug":"der-wagrainer-schneemann","status":"publish","type":"post","link":"https:\/\/www.salzburgerland.com\/de\/magazin\/der-wagrainer-schneemann\/","title":{"rendered":"Der Wagrainer Schneemann"},"content":{"rendered":"\n<div class=\"wp-block-slt-top topBlocks\">\n<h2 class=\"wp-block-slt-subtitle\">Das Winter-Wahrzeichen am Marktplatz<\/h2>\n\n\n\n<p class=\"wp-block-slt-intro\">Hallo! Ich bins, der Wagrainer Schneemann. Es ist f\u00fcr mich eine gro\u00dfe Ehre, dass ich von mir erz\u00e4hlen darf \u2013 immerhin bin ich doch schon ziemlich alt. Aber das macht nichts. Weil ich jedes Jahr wieder von Neuem geboren werde und den Marktplatz von Wagrain versch\u00f6nere. Gerne erz\u00e4hle ich euch meine Geschichte. Taucht ihr mit mir ein?<\/p>\n<\/div>\n\n\n\n<h2 class=\"wp-block-heading\" id=\"h-sommerurlaub-vom-wagrainer-schneemann\">Sommerurlaub vom Wagrainer Schneemann<\/h2>\n\n\n\n<p>Und eintauchen ist schon das richtige Wort: Denn ich bin nicht immer in Wagrain. Sondern nur von J\u00e4nner bis ca. M\u00e4rz \u2013 je nachdem, wie sich das Wetter entwickelt. Dann schmelze ich in die Wagrainer Ache, flie\u00dfe mit der Salzach, dem Inn und schlie\u00dflich ganz lang in der Donau, bis ich schlussendlich im Schwarzen Meer lande. Dort tauche ich in die Unterwasserwelt ein, schwimme mit Schwarzen Kabeljauen und spiele mit Stachelaustern. So 8 bis 9 Monate bin ich da unterwegs. Und irgendwann bekomme ich wieder Sehnsucht.<\/p>\n\n\n\n<p>Sehnsucht nach den Menschen in Wagrain, nach dem Pl\u00e4tzchen neben der Linde und nach den Blicken der G\u00e4ste \u2013 die verursachen mir n\u00e4mlich oft eine G\u00e4nsehaut. Also, die von der guten Sorte, weil sie mich so anstarren. Tja, wenn diese Sehnsucht nach meiner Winter-Heimat laut wird, such ich mir ein lauschiges Pl\u00e4tzchen auf der Oberfl\u00e4che des Schwarzen Meeres und lass mich von der Sonne verdunsten.<\/p>\n\n\n\n<p>Dann reise ich fein eingepackt in Sch\u00e4fchenwolken zur\u00fcck ins SalzburgerLand. Und jetzt kommt der spannendste Teil meiner Reise:<\/p>\n\n\n\n<p>Ich verwandle mich von Wasserdampf in Schnee. Ich kann euch gar nicht sagen, was das f\u00fcr ein Gef\u00fchl ist \u2013 es kribbelt, es kracht, es krampft. Aber nur ganz kurz. Dann gleite ich auf vielen flauschigen Schneeflocken zur\u00fcck nach Wagrain. Dort sammeln mich die Fu\u00dfballer und bauen mich wieder auf. Aber das war nicht immer so.<\/p>\n\n\n\n<h2 class=\"wp-block-heading\" id=\"h-meine-geschichte\">Meine Geschichte<\/h2>\n\n\n\n<p>Denn zwischendurch bauten mich Mitglieder der Trachtenmusikkapelle, der Freiwilligen Feuerwehr oder des \u00d6JBs (\u00d6sterreichische Jugendbewegung). Das \u00e4lteste Foto von mir hat Regierungsrat Spiller geknipst \u2013 1932.<\/p>\n\n\n<div class=\"wp-block-image\">\n<figure class=\"aligncenter size-full\"><img loading=\"lazy\" decoding=\"async\" width=\"538\" height=\"475\" src=\"https:\/\/www.salzburgerland.com\/de\/magazin\/wp-content\/uploads\/2024\/12\/wagrainer-schneemann-1932.png\" alt=\"Wagrainer Schneemann 1932\" class=\"wp-image-179926\" srcset=\"https:\/\/www.salzburgerland.com\/de\/magazin\/wp-content\/uploads\/2024\/12\/wagrainer-schneemann-1932.png 538w, https:\/\/www.salzburgerland.com\/de\/magazin\/wp-content\/uploads\/2024\/12\/wagrainer-schneemann-1932-300x265.png 300w, https:\/\/www.salzburgerland.com\/de\/magazin\/wp-content\/uploads\/2024\/12\/wagrainer-schneemann-1932-453x400.png 453w, https:\/\/www.salzburgerland.com\/de\/magazin\/wp-content\/uploads\/2024\/12\/wagrainer-schneemann-1932-150x132.png 150w\" sizes=\"auto, (max-width: 538px) 100vw, 538px\" \/><\/figure><\/div>\n\n\n<p>Wahrscheinlich gibt es mich aber schon l\u00e4nger, denn 1927 setzte eine Gruppe rund um <a href=\"https:\/\/www.salzburgerland.com\/de\/magazin\/auf-den-spuren-von-karl-heinrich-waggerl\/\" target=\"_blank\" rel=\"noreferrer noopener\">Karl-Heinrich Waggerl<\/a> eine Initiative, um den Tourismus, der damals noch Fremdenverkehr hie\u00df, wieder anzukurbeln. Es gab n\u00e4mlich in diesem Jahr einen verheerenden Brand im Wagrainer Ortsteil Markt.<\/p>\n\n\n\n<p>Ja. Und seither bin ich fester Bestandteil des Winters in Wagrain. Nur in den Kriegsjahren war ich nicht zu Gast in <a href=\"http:\/\/www.wagrain-kleinarl.at\" target=\"_blank\" rel=\"noreferrer noopener\">Wagrain-Kleinarl<\/a> und auch in den 1950er Jahren fehlte ich f\u00fcr 2 bis 3 Jahre. Da l\u00f6ste meine Wenigkeit einen Streit unter den Wagrainern aus, wer mich wohl aufbauen darf\u2026<\/p>\n\n\n\n<p>Und fr\u00fcher hatte ich auch Ohren, H\u00e4nde und so einen Kasperlhut. Oder ich wurde auch mal von den Holzschnitzern Peter Erlbacher und Martin Seer geformt. War alles schon ok, aber jetzt m\u00f6chte ich so nicht mehr aussehen. War wohl die Mode damals \u2013 und ich als weltoffener Wagrainer Schneemann machte da nat\u00fcrlich mit.<\/p>\n\n\n<div class=\"mag-gallery\"><div class=\"row\"><div class=\"col-6 col-sm-4\"><figure><a class=\"thumb-container\" href=\"https:\/\/www.salzburgerland.com\/de\/magazin\/wp-content\/uploads\/2024\/12\/wagrain-schneemann_1977_24_jan-1280x1024.jpeg\">\t<picture><source media=\"(min-width: 576px)\" srcset=\"https:\/\/www.salzburgerland.com\/de\/magazin\/wp-content\/uploads\/2024\/12\/wagrain-schneemann_1977_24_jan-418x650.jpeg 418w, https:\/\/www.salzburgerland.com\/de\/magazin\/wp-content\/uploads\/2024\/12\/wagrain-schneemann_1977_24_jan-209x325.jpeg 209w, https:\/\/www.salzburgerland.com\/de\/magazin\/wp-content\/uploads\/2024\/12\/wagrain-schneemann_1977_24_jan-150x232.jpeg 150w\"><\/source><source media=\"(min-width: 0)\" srcset=\"https:\/\/www.salzburgerland.com\/de\/magazin\/wp-content\/uploads\/2024\/12\/wagrain-schneemann_1977_24_jan-209x325.jpeg 209w, https:\/\/www.salzburgerland.com\/de\/magazin\/wp-content\/uploads\/2024\/12\/wagrain-schneemann_1977_24_jan-418x650.jpeg 418w, https:\/\/www.salzburgerland.com\/de\/magazin\/wp-content\/uploads\/2024\/12\/wagrain-schneemann_1977_24_jan-150x232.jpeg 150w\"><\/source><img decoding=\"async\" alt=\"Zeitungsartikel 24.01.1977\" src=\"https:\/\/www.salzburgerland.com\/de\/magazin\/wp-content\/uploads\/2024\/12\/wagrain-schneemann_1977_24_jan-scaled.jpeg\">\t<\/picture><\/a><\/figure><\/div><div class=\"col-6 col-sm-4\"><figure><a class=\"thumb-container\" href=\"https:\/\/www.salzburgerland.com\/de\/magazin\/wp-content\/uploads\/2024\/12\/wagrain-schneemann_1984_01_feb-1280x1024.jpeg\">\t<picture><source media=\"(min-width: 576px)\" srcset=\"https:\/\/www.salzburgerland.com\/de\/magazin\/wp-content\/uploads\/2024\/12\/wagrain-schneemann_1984_01_feb-418x650.jpeg 418w, https:\/\/www.salzburgerland.com\/de\/magazin\/wp-content\/uploads\/2024\/12\/wagrain-schneemann_1984_01_feb-209x325.jpeg 209w\"><\/source><source media=\"(min-width: 0)\" srcset=\"https:\/\/www.salzburgerland.com\/de\/magazin\/wp-content\/uploads\/2024\/12\/wagrain-schneemann_1984_01_feb-209x325.jpeg 209w, https:\/\/www.salzburgerland.com\/de\/magazin\/wp-content\/uploads\/2024\/12\/wagrain-schneemann_1984_01_feb-418x650.jpeg 418w\"><\/source><img decoding=\"async\" alt=\"Zeitungsartikel vom 01.02.1984\" src=\"https:\/\/www.salzburgerland.com\/de\/magazin\/wp-content\/uploads\/2024\/12\/wagrain-schneemann_1984_01_feb-scaled.jpeg\">\t<\/picture><\/a><\/figure><\/div><div class=\"col-6 col-sm-4\"><figure><a class=\"thumb-container\" href=\"https:\/\/www.salzburgerland.com\/de\/magazin\/wp-content\/uploads\/2024\/12\/wagrain-schneemann_1987_27_feb-1280x1024.jpeg\">\t<picture><source media=\"(min-width: 576px)\" srcset=\"https:\/\/www.salzburgerland.com\/de\/magazin\/wp-content\/uploads\/2024\/12\/wagrain-schneemann_1987_27_feb-418x650.jpeg 418w, https:\/\/www.salzburgerland.com\/de\/magazin\/wp-content\/uploads\/2024\/12\/wagrain-schneemann_1987_27_feb-209x325.jpeg 209w\"><\/source><source media=\"(min-width: 0)\" srcset=\"https:\/\/www.salzburgerland.com\/de\/magazin\/wp-content\/uploads\/2024\/12\/wagrain-schneemann_1987_27_feb-209x325.jpeg 209w, https:\/\/www.salzburgerland.com\/de\/magazin\/wp-content\/uploads\/2024\/12\/wagrain-schneemann_1987_27_feb-418x650.jpeg 418w\"><\/source><img decoding=\"async\" alt=\"Zeitungsartikel vom 27.02.1989\" src=\"https:\/\/www.salzburgerland.com\/de\/magazin\/wp-content\/uploads\/2024\/12\/wagrain-schneemann_1987_27_feb-scaled.jpeg\">\t<\/picture><\/a><\/figure><\/div><\/div><figcaption><\/figcaption><\/div>\n\n\n\n<p>Jetzt m\u00f6chtet ihr sicherlich wissen, wie die Fu\u00dfballer mich errichten, oder?<\/p>\n\n\n\n<h2 class=\"wp-block-heading\" id=\"h-aufbau-vom-wagrainer-schneemann\">Aufbau vom Wagrainer Schneemann<\/h2>\n\n\n\n<p>Puh. Das ist mittlerweile echt eine Prozedur. Gott sei Dank d\u00fcrfen die Fu\u00dfballer die schweren Ger\u00e4te von Wagrain Bau verwenden, ansonsten w\u00e4re ich wohl nur so ein kleiner Garten-Schneemann. Aber das bin ich nicht. Ich bin der stattliche Wagrainer Schneeman!<\/p>\n\n\n\n<p>Also, die jungen Wagrainer sammeln eine riesige Menge an Schnee. Jetzt ratet mal, wie viel.<\/p>\n\n\n\n<p>Es sind 114 m<sup>3<\/sup>! H\u00e4ttet ihr nicht gedacht? Nein? Ist aber so. Denn immerhin bestehe ich aus 3 Kugeln \u2013 wie halt andere Schneem\u00e4nner auch. Nur, dass meine Kugeln eigentlich Stockwerke und somit eher rechteckig sind. Aber diese Andersartigkeit st\u00f6rt mich gar nicht, sondern ich bin stolz darauf. Und jeder darf ja aussehen, wie er oder sie mag.<\/p>\n\n\n\n<p>Auf jeden Fall ist das erste Stockwerk 4 x 6 m gro\u00df und fasst rund 65 m<sup>3<\/sup> Schnee, das Bauch-Stockwerk hat eine Gr\u00f6\u00dfe von 3 x 4 m und darin sind rund 32 m<sup>3<\/sup> Schnee und das Kopf-Stockwerk misst 2 x 3 m und darin finden rund 17 m<sup>3<\/sup> Schnee Platz. Insgesamt bin ich etwa 11 m hoch und von da oben habe ich alles im Blick, was sich so am Marktplatz in Wagrain tut.<\/p>\n\n\n<div class=\"mag-gallery\"><div class=\"row\"><div class=\"col-6 col-sm-4\"><figure><a class=\"thumb-container\" href=\"https:\/\/www.salzburgerland.com\/de\/magazin\/wp-content\/uploads\/2024\/12\/23_Wagrain-Kleinarl_Schneemann-4-1280x1024.jpg\">\t<picture><source media=\"(min-width: 576px)\" srcset=\"https:\/\/www.salzburgerland.com\/de\/magazin\/wp-content\/uploads\/2024\/12\/23_Wagrain-Kleinarl_Schneemann-4-325x209.jpg 325w, https:\/\/www.salzburgerland.com\/de\/magazin\/wp-content\/uploads\/2024\/12\/23_Wagrain-Kleinarl_Schneemann-4-249x160.jpg 249w\"><\/source><source media=\"(min-width: 0)\" srcset=\"https:\/\/www.salzburgerland.com\/de\/magazin\/wp-content\/uploads\/2024\/12\/23_Wagrain-Kleinarl_Schneemann-4-249x160.jpg 249w, https:\/\/www.salzburgerland.com\/de\/magazin\/wp-content\/uploads\/2024\/12\/23_Wagrain-Kleinarl_Schneemann-4-325x209.jpg 325w\"><\/source><img decoding=\"async\" alt=\"Aufbau Wagrainer Schneemann &copy; Wagrain-Kleinarl Tourismus\" src=\"https:\/\/www.salzburgerland.com\/de\/magazin\/wp-content\/uploads\/2024\/12\/23_Wagrain-Kleinarl_Schneemann-4-scaled.jpg\">\t<\/picture><\/a><\/figure><\/div><div class=\"col-6 col-sm-4\"><figure><a class=\"thumb-container\" href=\"https:\/\/www.salzburgerland.com\/de\/magazin\/wp-content\/uploads\/2024\/12\/23_Wagrain-Kleinarl_Schneemann-6-1280x1024.jpg\">\t<picture><source media=\"(min-width: 576px)\" srcset=\"https:\/\/www.salzburgerland.com\/de\/magazin\/wp-content\/uploads\/2024\/12\/23_Wagrain-Kleinarl_Schneemann-6-325x209.jpg 325w, https:\/\/www.salzburgerland.com\/de\/magazin\/wp-content\/uploads\/2024\/12\/23_Wagrain-Kleinarl_Schneemann-6-249x160.jpg 249w\"><\/source><source media=\"(min-width: 0)\" srcset=\"https:\/\/www.salzburgerland.com\/de\/magazin\/wp-content\/uploads\/2024\/12\/23_Wagrain-Kleinarl_Schneemann-6-249x160.jpg 249w, https:\/\/www.salzburgerland.com\/de\/magazin\/wp-content\/uploads\/2024\/12\/23_Wagrain-Kleinarl_Schneemann-6-325x209.jpg 325w\"><\/source><img decoding=\"async\" alt=\"Aufbau Wagrainer Schneemann &copy; Wagrain-Kleinarl Tourismus\" src=\"https:\/\/www.salzburgerland.com\/de\/magazin\/wp-content\/uploads\/2024\/12\/23_Wagrain-Kleinarl_Schneemann-6-scaled.jpg\">\t<\/picture><\/a><\/figure><\/div><div class=\"col-6 col-sm-4\"><figure><a class=\"thumb-container\" href=\"https:\/\/www.salzburgerland.com\/de\/magazin\/wp-content\/uploads\/2024\/12\/23_Wagrain-Kleinarl_Schneemann-10-1280x1024.jpg\">\t<picture><source media=\"(min-width: 576px)\" srcset=\"https:\/\/www.salzburgerland.com\/de\/magazin\/wp-content\/uploads\/2024\/12\/23_Wagrain-Kleinarl_Schneemann-10-325x209.jpg 325w, https:\/\/www.salzburgerland.com\/de\/magazin\/wp-content\/uploads\/2024\/12\/23_Wagrain-Kleinarl_Schneemann-10-249x160.jpg 249w\"><\/source><source media=\"(min-width: 0)\" srcset=\"https:\/\/www.salzburgerland.com\/de\/magazin\/wp-content\/uploads\/2024\/12\/23_Wagrain-Kleinarl_Schneemann-10-249x160.jpg 249w, https:\/\/www.salzburgerland.com\/de\/magazin\/wp-content\/uploads\/2024\/12\/23_Wagrain-Kleinarl_Schneemann-10-325x209.jpg 325w\"><\/source><img decoding=\"async\" alt=\"Aufbau Wagrainer Schneemann &copy; Wagrain-Kleinarl Tourismus\" src=\"https:\/\/www.salzburgerland.com\/de\/magazin\/wp-content\/uploads\/2024\/12\/23_Wagrain-Kleinarl_Schneemann-10.jpg\">\t<\/picture><\/a><\/figure><\/div><div class=\"col-6 col-sm-4\"><figure><a class=\"thumb-container\" href=\"https:\/\/www.salzburgerland.com\/de\/magazin\/wp-content\/uploads\/2024\/12\/23_Wagrain-Kleinarl_Schneemann-14-1280x1024.jpg\">\t<picture><source media=\"(min-width: 576px)\" srcset=\"https:\/\/www.salzburgerland.com\/de\/magazin\/wp-content\/uploads\/2024\/12\/23_Wagrain-Kleinarl_Schneemann-14-325x209.jpg 325w, https:\/\/www.salzburgerland.com\/de\/magazin\/wp-content\/uploads\/2024\/12\/23_Wagrain-Kleinarl_Schneemann-14-249x160.jpg 249w\"><\/source><source media=\"(min-width: 0)\" srcset=\"https:\/\/www.salzburgerland.com\/de\/magazin\/wp-content\/uploads\/2024\/12\/23_Wagrain-Kleinarl_Schneemann-14-249x160.jpg 249w, https:\/\/www.salzburgerland.com\/de\/magazin\/wp-content\/uploads\/2024\/12\/23_Wagrain-Kleinarl_Schneemann-14-325x209.jpg 325w\"><\/source><img decoding=\"async\" alt=\"Aufbau Wagrainer Schneemann &copy; Wagrain-Kleinarl Tourismus\" src=\"https:\/\/www.salzburgerland.com\/de\/magazin\/wp-content\/uploads\/2024\/12\/23_Wagrain-Kleinarl_Schneemann-14.jpg\">\t<\/picture><\/a><\/figure><\/div><div class=\"col-6 col-sm-4\"><figure><a class=\"thumb-container\" href=\"https:\/\/www.salzburgerland.com\/de\/magazin\/wp-content\/uploads\/2024\/12\/23_Wagrain-Kleinarl_Schneemann-16-1280x1024.jpg\">\t<picture><source media=\"(min-width: 576px)\" srcset=\"https:\/\/www.salzburgerland.com\/de\/magazin\/wp-content\/uploads\/2024\/12\/23_Wagrain-Kleinarl_Schneemann-16-325x209.jpg 325w, https:\/\/www.salzburgerland.com\/de\/magazin\/wp-content\/uploads\/2024\/12\/23_Wagrain-Kleinarl_Schneemann-16-249x160.jpg 249w\"><\/source><source media=\"(min-width: 0)\" srcset=\"https:\/\/www.salzburgerland.com\/de\/magazin\/wp-content\/uploads\/2024\/12\/23_Wagrain-Kleinarl_Schneemann-16-249x160.jpg 249w, https:\/\/www.salzburgerland.com\/de\/magazin\/wp-content\/uploads\/2024\/12\/23_Wagrain-Kleinarl_Schneemann-16-325x209.jpg 325w\"><\/source><img decoding=\"async\" alt=\"Aufbau Wagrainer Schneemann &copy; Wagrain-Kleinarl Tourismus\" src=\"https:\/\/www.salzburgerland.com\/de\/magazin\/wp-content\/uploads\/2024\/12\/23_Wagrain-Kleinarl_Schneemann-16.jpg\">\t<\/picture><\/a><\/figure><\/div><div class=\"col-6 col-sm-4\"><figure><a class=\"thumb-container\" href=\"https:\/\/www.salzburgerland.com\/de\/magazin\/wp-content\/uploads\/2024\/12\/23_Wagrain-Kleinarl_Schneemann-18-1280x1024.jpg\">\t<picture><source media=\"(min-width: 576px)\" srcset=\"https:\/\/www.salzburgerland.com\/de\/magazin\/wp-content\/uploads\/2024\/12\/23_Wagrain-Kleinarl_Schneemann-18-325x209.jpg 325w, https:\/\/www.salzburgerland.com\/de\/magazin\/wp-content\/uploads\/2024\/12\/23_Wagrain-Kleinarl_Schneemann-18-249x160.jpg 249w\"><\/source><source media=\"(min-width: 0)\" srcset=\"https:\/\/www.salzburgerland.com\/de\/magazin\/wp-content\/uploads\/2024\/12\/23_Wagrain-Kleinarl_Schneemann-18-249x160.jpg 249w, https:\/\/www.salzburgerland.com\/de\/magazin\/wp-content\/uploads\/2024\/12\/23_Wagrain-Kleinarl_Schneemann-18-325x209.jpg 325w\"><\/source><img decoding=\"async\" alt=\"Aufbau Wagrainer Schneemann &copy; Wagrain-Kleinarl Tourismus\" src=\"https:\/\/www.salzburgerland.com\/de\/magazin\/wp-content\/uploads\/2024\/12\/23_Wagrain-Kleinarl_Schneemann-18.jpg\">\t<\/picture><\/a><\/figure><\/div><div class=\"col-6 col-sm-4\"><figure><a class=\"thumb-container\" href=\"https:\/\/www.salzburgerland.com\/de\/magazin\/wp-content\/uploads\/2024\/12\/23_Wagrain-Kleinarl_Schneemann-22-1280x1024.jpg\">\t<picture><source media=\"(min-width: 576px)\" srcset=\"https:\/\/www.salzburgerland.com\/de\/magazin\/wp-content\/uploads\/2024\/12\/23_Wagrain-Kleinarl_Schneemann-22-418x650.jpg 418w, https:\/\/www.salzburgerland.com\/de\/magazin\/wp-content\/uploads\/2024\/12\/23_Wagrain-Kleinarl_Schneemann-22-209x325.jpg 209w\"><\/source><source media=\"(min-width: 0)\" srcset=\"https:\/\/www.salzburgerland.com\/de\/magazin\/wp-content\/uploads\/2024\/12\/23_Wagrain-Kleinarl_Schneemann-22-209x325.jpg 209w, https:\/\/www.salzburgerland.com\/de\/magazin\/wp-content\/uploads\/2024\/12\/23_Wagrain-Kleinarl_Schneemann-22-418x650.jpg 418w\"><\/source><img decoding=\"async\" alt=\"Aufbau Wagrainer Schneemann &copy; Wagrain-Kleinarl Tourismus\" src=\"https:\/\/www.salzburgerland.com\/de\/magazin\/wp-content\/uploads\/2024\/12\/23_Wagrain-Kleinarl_Schneemann-22.jpg\">\t<\/picture><\/a><\/figure><\/div><div class=\"col-6 col-sm-4\"><figure><a class=\"thumb-container\" href=\"https:\/\/www.salzburgerland.com\/de\/magazin\/wp-content\/uploads\/2024\/12\/23_Wagrain-Kleinarl_Schneemann-23-1280x1024.jpg\">\t<picture><source media=\"(min-width: 576px)\" srcset=\"https:\/\/www.salzburgerland.com\/de\/magazin\/wp-content\/uploads\/2024\/12\/23_Wagrain-Kleinarl_Schneemann-23-418x650.jpg 418w, https:\/\/www.salzburgerland.com\/de\/magazin\/wp-content\/uploads\/2024\/12\/23_Wagrain-Kleinarl_Schneemann-23-209x325.jpg 209w\"><\/source><source media=\"(min-width: 0)\" srcset=\"https:\/\/www.salzburgerland.com\/de\/magazin\/wp-content\/uploads\/2024\/12\/23_Wagrain-Kleinarl_Schneemann-23-209x325.jpg 209w, https:\/\/www.salzburgerland.com\/de\/magazin\/wp-content\/uploads\/2024\/12\/23_Wagrain-Kleinarl_Schneemann-23-418x650.jpg 418w\"><\/source><img decoding=\"async\" alt=\"Aufbau Wagrainer Schneemann &copy; Wagrain-Kleinarl Tourismus\" src=\"https:\/\/www.salzburgerland.com\/de\/magazin\/wp-content\/uploads\/2024\/12\/23_Wagrain-Kleinarl_Schneemann-23.jpg\">\t<\/picture><\/a><\/figure><\/div><div class=\"col-6 col-sm-4\"><figure><a class=\"thumb-container\" href=\"https:\/\/www.salzburgerland.com\/de\/magazin\/wp-content\/uploads\/2024\/12\/23_Wagrain-Kleinarl_Schneemann-24-1280x1024.jpg\">\t<picture><source media=\"(min-width: 576px)\" srcset=\"https:\/\/www.salzburgerland.com\/de\/magazin\/wp-content\/uploads\/2024\/12\/23_Wagrain-Kleinarl_Schneemann-24-418x650.jpg 418w, https:\/\/www.salzburgerland.com\/de\/magazin\/wp-content\/uploads\/2024\/12\/23_Wagrain-Kleinarl_Schneemann-24-209x325.jpg 209w\"><\/source><source media=\"(min-width: 0)\" srcset=\"https:\/\/www.salzburgerland.com\/de\/magazin\/wp-content\/uploads\/2024\/12\/23_Wagrain-Kleinarl_Schneemann-24-209x325.jpg 209w, https:\/\/www.salzburgerland.com\/de\/magazin\/wp-content\/uploads\/2024\/12\/23_Wagrain-Kleinarl_Schneemann-24-418x650.jpg 418w\"><\/source><img decoding=\"async\" alt=\"Aufbau Wagrainer Schneemann &copy; Wagrain-Kleinarl Tourismus\" src=\"https:\/\/www.salzburgerland.com\/de\/magazin\/wp-content\/uploads\/2024\/12\/23_Wagrain-Kleinarl_Schneemann-24.jpg\">\t<\/picture><\/a><\/figure><\/div><\/div><figcaption><\/figcaption><\/div>\n\n\n\n<p>Mit Hilfe von gro\u00dfen Maschinen bauen die Fu\u00dfballer eine Rahmenschalung und f\u00fcllen diese mit Schnee. Das machen sie f\u00fcr alle Stockwerke. Danach entfernen sie die Schalung wieder und ich bekomme eine feine Gesichtsbehandlung \u2013 inkl. Augenlifting, Karottenzupfen und einer Lippenpflege. Und die Fu\u00dfballer schauen schon noch drauf, dass ich nicht komplett eckig bin. Dar\u00fcber bin ich echt froh. Sie sind alle so herzensgute Menschen und meinen es jedes Jahr so gut mit mir. Sie setzen mir sogar einen Hut auf, dass ich von der Sonne gesch\u00fctzt bin. Und einen Schal bekomme ich auch, damit ich in der Eisesk\u00e4lte nicht friere.\u00a0<\/p>\n\n\n\n<h2 class=\"wp-block-heading\" id=\"h-wagrainer-schneemann-besichtigen\">Wagrainer Schneemann besichtigen<\/h2>\n\n\n\n<p>So im Dezember lande ich in Wagrain \u2013 zuerst mach ich es mir auf den Wiesen gem\u00fctlich, decke die letzten Gr\u00e4ser zu und verleihe dem Ort seinen weihnachtlichen Charme. Dann ab Mitte J\u00e4nner erhebe ich mich am Marktplatz \u2013 dort k\u00f6nnt ihr mich auch besuchen. Ich bin t\u00e4glich da, bis mich die Sonne auf meine Sommerfrische ins Schwarze Meer schmilzt \u2013 meistens bis nach Fasching. Schaut gerne vorbei, ich freue mich auf euch!<\/p>\n\n\n<div class=\"mag-gallery\"><div class=\"row\"><div class=\"col-6 col-sm-4\"><figure><a class=\"thumb-container\" href=\"https:\/\/www.salzburgerland.com\/de\/magazin\/wp-content\/uploads\/2024\/12\/Schneemann-2005-1280x1024.jpg\">\t<picture><source media=\"(min-width: 576px)\" srcset=\"https:\/\/www.salzburgerland.com\/de\/magazin\/wp-content\/uploads\/2024\/12\/Schneemann-2005-418x650.jpg 418w, https:\/\/www.salzburgerland.com\/de\/magazin\/wp-content\/uploads\/2024\/12\/Schneemann-2005-209x325.jpg 209w\"><\/source><source media=\"(min-width: 0)\" srcset=\"https:\/\/www.salzburgerland.com\/de\/magazin\/wp-content\/uploads\/2024\/12\/Schneemann-2005-209x325.jpg 209w, https:\/\/www.salzburgerland.com\/de\/magazin\/wp-content\/uploads\/2024\/12\/Schneemann-2005-418x650.jpg 418w\"><\/source><img decoding=\"async\" alt=\"Gro&szlig;er Wagrainer Schneemann mit Hut, Karottennase und Besen steht neben einem Geb&auml;ude im Freien.\" src=\"https:\/\/www.salzburgerland.com\/de\/magazin\/wp-content\/uploads\/2024\/12\/Schneemann-2005.jpg\">\t<\/picture><figcaption>Schneemann 2005<\/figcaption><\/a><\/figure><\/div><div class=\"col-6 col-sm-4\"><figure><a class=\"thumb-container\" href=\"https:\/\/www.salzburgerland.com\/de\/magazin\/wp-content\/uploads\/2024\/12\/Schneemann-2008--1280x1024.jpg\">\t<picture><source media=\"(min-width: 576px)\" srcset=\"https:\/\/www.salzburgerland.com\/de\/magazin\/wp-content\/uploads\/2024\/12\/Schneemann-2008--418x650.jpg 418w, https:\/\/www.salzburgerland.com\/de\/magazin\/wp-content\/uploads\/2024\/12\/Schneemann-2008--209x325.jpg 209w\"><\/source><source media=\"(min-width: 0)\" srcset=\"https:\/\/www.salzburgerland.com\/de\/magazin\/wp-content\/uploads\/2024\/12\/Schneemann-2008--209x325.jpg 209w, https:\/\/www.salzburgerland.com\/de\/magazin\/wp-content\/uploads\/2024\/12\/Schneemann-2008--418x650.jpg 418w\"><\/source><img decoding=\"async\" alt=\"Schneemann 2008\" src=\"https:\/\/www.salzburgerland.com\/de\/magazin\/wp-content\/uploads\/2024\/12\/Schneemann-2008-.jpg\">\t<\/picture><figcaption>Schneemann 2008<\/figcaption><\/a><\/figure><\/div><div class=\"col-6 col-sm-4\"><figure><a class=\"thumb-container\" href=\"https:\/\/www.salzburgerland.com\/de\/magazin\/wp-content\/uploads\/2024\/12\/23_Wagrain-Kleinarl_Schneemann-27-1280x1024.jpg\">\t<picture><source media=\"(min-width: 576px)\" srcset=\"https:\/\/www.salzburgerland.com\/de\/magazin\/wp-content\/uploads\/2024\/12\/23_Wagrain-Kleinarl_Schneemann-27-418x650.jpg 418w, https:\/\/www.salzburgerland.com\/de\/magazin\/wp-content\/uploads\/2024\/12\/23_Wagrain-Kleinarl_Schneemann-27-209x325.jpg 209w\"><\/source><source media=\"(min-width: 0)\" srcset=\"https:\/\/www.salzburgerland.com\/de\/magazin\/wp-content\/uploads\/2024\/12\/23_Wagrain-Kleinarl_Schneemann-27-209x325.jpg 209w, https:\/\/www.salzburgerland.com\/de\/magazin\/wp-content\/uploads\/2024\/12\/23_Wagrain-Kleinarl_Schneemann-27-418x650.jpg 418w\"><\/source><img decoding=\"async\" alt=\"fertiger Schneemann &copy; Wagrain-Kleinarl Tourismus\" src=\"https:\/\/www.salzburgerland.com\/de\/magazin\/wp-content\/uploads\/2024\/12\/23_Wagrain-Kleinarl_Schneemann-27.jpg\">\t<\/picture><figcaption>Schneemann 2023<\/figcaption><\/a><\/figure><\/div><\/div><figcaption><\/figcaption><\/div>\n","protected":false},"excerpt":{"rendered":"<p>Sommerurlaub vom Wagrainer Schneemann Und eintauchen ist schon das richtige Wort: Denn ich bin nicht immer in Wagrain. Sondern nur von J\u00e4nner bis ca. M\u00e4rz \u2013 je nachdem, wie sich das Wetter entwickelt. Dann schmelze ich in die Wagrainer Ache, flie\u00dfe mit der Salzach, dem Inn und schlie\u00dflich ganz lang in der Donau, bis ich [&hellip;]<\/p>\n","protected":false},"author":564,"featured_media":179922,"comment_status":"closed","ping_status":"closed","sticky":false,"template":"","format":"standard","meta":{"_acf_changed":false,"wl_entities_gutenberg":"","_wl_entity_redirect_enabled":"","footnotes":""},"categories":[9],"tags":[7886,7885,3138,48],"wl_entity_type":[306],"monatsauswahl":[82,83],"class_list":["post-179908","post","type-post","status-publish","format-standard","has-post-thumbnail","hentry","category-sehenswurdig","tag-marktplatz","tag-schneemann","tag-wagrain","tag-winter","wl_entity_type-article","monatsauswahl-monat_1","monatsauswahl-monat_2"],"acf":[],"yoast_head":"<!-- This site is optimized with the Yoast SEO Premium plugin v27.4 (Yoast SEO v27.4) - https:\/\/yoast.com\/product\/yoast-seo-premium-wordpress\/ -->\n<title>Wagrainer Schneemann: Das Winter-Wahrzeichen - SalzburgerLand Magazin<\/title>\n<meta name=\"description\" content=\"Kennt ihr den Wagrainer Schneemann ? Er steht jedes Jahr von Mitte J\u00e4nner bis nach Fasching am Marktplatz Wagrain. Lernt ihn hier kennen!\" \/>\n<meta name=\"robots\" content=\"index, follow, max-snippet:-1, max-image-preview:large, max-video-preview:-1\" \/>\n<link rel=\"canonical\" href=\"https:\/\/www.salzburgerland.com\/de\/magazin\/der-wagrainer-schneemann\/\" \/>\n<meta property=\"og:locale\" content=\"de_DE\" \/>\n<meta property=\"og:type\" content=\"article\" \/>\n<meta property=\"og:title\" content=\"Der Wagrainer Schneemann\" \/>\n<meta property=\"og:description\" content=\"Kennt ihr den Wagrainer Schneemann ? Er steht jedes Jahr von Mitte J\u00e4nner bis nach Fasching am Marktplatz Wagrain. Lernt ihn hier kennen!\" \/>\n<meta property=\"og:url\" content=\"https:\/\/www.salzburgerland.com\/de\/magazin\/der-wagrainer-schneemann\/\" \/>\n<meta property=\"og:site_name\" content=\"SalzburgerLand Magazin\" \/>\n<meta property=\"article:publisher\" content=\"https:\/\/www.facebook.com\/salzburgerland\/\" \/>\n<meta property=\"article:published_time\" content=\"2025-01-08T06:00:00+00:00\" \/>\n<meta property=\"article:modified_time\" content=\"2025-01-27T07:50:36+00:00\" \/>\n<meta property=\"og:image\" content=\"https:\/\/www.salzburgerland.com\/de\/magazin\/wp-content\/uploads\/2024\/12\/Schneemann-2010-scaled-e1734688166906.jpg\" \/>\n\t<meta property=\"og:image:width\" content=\"2560\" \/>\n\t<meta property=\"og:image:height\" content=\"964\" \/>\n\t<meta property=\"og:image:type\" content=\"image\/jpeg\" \/>\n<meta name=\"author\" content=\"Barbara Pirchner\" \/>\n<meta name=\"twitter:card\" content=\"summary_large_image\" \/>\n<meta name=\"twitter:creator\" content=\"@Salzburgerland\" \/>\n<meta name=\"twitter:site\" content=\"@Salzburgerland\" \/>\n<meta name=\"twitter:label1\" content=\"Verfasst von\" \/>\n\t<meta name=\"twitter:data1\" content=\"Barbara Pirchner\" \/>\n\t<meta name=\"twitter:label2\" content=\"Gesch\u00e4tzte Lesezeit\" \/>\n\t<meta name=\"twitter:data2\" content=\"9\u00a0Minuten\" \/>\n<script type=\"application\/ld+json\" class=\"yoast-schema-graph\">{\"@context\":\"https:\\\/\\\/schema.org\",\"@graph\":[{\"@type\":\"Article\",\"@id\":\"https:\\\/\\\/www.salzburgerland.com\\\/de\\\/magazin\\\/der-wagrainer-schneemann\\\/#article\",\"isPartOf\":{\"@id\":\"https:\\\/\\\/www.salzburgerland.com\\\/de\\\/magazin\\\/der-wagrainer-schneemann\\\/\"},\"author\":{\"name\":\"Barbara Pirchner\",\"@id\":\"https:\\\/\\\/www.salzburgerland.com\\\/de\\\/magazin\\\/#\\\/schema\\\/person\\\/1e4d0c967a02c339e6c85f8c3f38b89a\"},\"headline\":\"Der Wagrainer Schneemann\",\"datePublished\":\"2025-01-08T06:00:00+00:00\",\"dateModified\":\"2025-01-27T07:50:36+00:00\",\"mainEntityOfPage\":{\"@id\":\"https:\\\/\\\/www.salzburgerland.com\\\/de\\\/magazin\\\/der-wagrainer-schneemann\\\/\"},\"wordCount\":870,\"publisher\":{\"@id\":\"https:\\\/\\\/www.salzburgerland.com\\\/de\\\/magazin\\\/#organization\"},\"image\":{\"@id\":\"https:\\\/\\\/www.salzburgerland.com\\\/de\\\/magazin\\\/der-wagrainer-schneemann\\\/#primaryimage\"},\"thumbnailUrl\":\"https:\\\/\\\/www.salzburgerland.com\\\/de\\\/magazin\\\/wp-content\\\/uploads\\\/2024\\\/12\\\/Schneemann-2010-scaled-e1734688166906.jpg\",\"keywords\":[\"marktplatz\",\"schneemann\",\"wagrain\",\"winter\"],\"articleSection\":[\"Sehensw\u00fcrdig\"],\"inLanguage\":\"de\"},{\"@type\":\"WebPage\",\"@id\":\"https:\\\/\\\/www.salzburgerland.com\\\/de\\\/magazin\\\/der-wagrainer-schneemann\\\/\",\"url\":\"https:\\\/\\\/www.salzburgerland.com\\\/de\\\/magazin\\\/der-wagrainer-schneemann\\\/\",\"name\":\"Wagrainer Schneemann: Das Winter-Wahrzeichen - SalzburgerLand Magazin\",\"isPartOf\":{\"@id\":\"https:\\\/\\\/www.salzburgerland.com\\\/de\\\/magazin\\\/#website\"},\"primaryImageOfPage\":{\"@id\":\"https:\\\/\\\/www.salzburgerland.com\\\/de\\\/magazin\\\/der-wagrainer-schneemann\\\/#primaryimage\"},\"image\":{\"@id\":\"https:\\\/\\\/www.salzburgerland.com\\\/de\\\/magazin\\\/der-wagrainer-schneemann\\\/#primaryimage\"},\"thumbnailUrl\":\"https:\\\/\\\/www.salzburgerland.com\\\/de\\\/magazin\\\/wp-content\\\/uploads\\\/2024\\\/12\\\/Schneemann-2010-scaled-e1734688166906.jpg\",\"datePublished\":\"2025-01-08T06:00:00+00:00\",\"dateModified\":\"2025-01-27T07:50:36+00:00\",\"description\":\"Kennt ihr den Wagrainer Schneemann ? Er steht jedes Jahr von Mitte J\u00e4nner bis nach Fasching am Marktplatz Wagrain. Lernt ihn hier kennen!\",\"breadcrumb\":{\"@id\":\"https:\\\/\\\/www.salzburgerland.com\\\/de\\\/magazin\\\/der-wagrainer-schneemann\\\/#breadcrumb\"},\"inLanguage\":\"de\",\"potentialAction\":[{\"@type\":\"ReadAction\",\"target\":[\"https:\\\/\\\/www.salzburgerland.com\\\/de\\\/magazin\\\/der-wagrainer-schneemann\\\/\"]}]},{\"@type\":\"ImageObject\",\"inLanguage\":\"de\",\"@id\":\"https:\\\/\\\/www.salzburgerland.com\\\/de\\\/magazin\\\/der-wagrainer-schneemann\\\/#primaryimage\",\"url\":\"https:\\\/\\\/www.salzburgerland.com\\\/de\\\/magazin\\\/wp-content\\\/uploads\\\/2024\\\/12\\\/Schneemann-2010-scaled-e1734688166906.jpg\",\"contentUrl\":\"https:\\\/\\\/www.salzburgerland.com\\\/de\\\/magazin\\\/wp-content\\\/uploads\\\/2024\\\/12\\\/Schneemann-2010-scaled-e1734688166906.jpg\",\"width\":2560,\"height\":964,\"caption\":\"Schneemann 2020\"},{\"@type\":\"BreadcrumbList\",\"@id\":\"https:\\\/\\\/www.salzburgerland.com\\\/de\\\/magazin\\\/der-wagrainer-schneemann\\\/#breadcrumb\",\"itemListElement\":[{\"@type\":\"ListItem\",\"position\":1,\"name\":\"Startseite\",\"item\":\"https:\\\/\\\/www.salzburgerland.com\\\/de\\\/magazin\\\/\"},{\"@type\":\"ListItem\",\"position\":2,\"name\":\"Sehensw\u00fcrdig\",\"item\":\"https:\\\/\\\/www.salzburgerland.com\\\/de\\\/magazin\\\/thema\\\/sehenswurdig\\\/\"},{\"@type\":\"ListItem\",\"position\":3,\"name\":\"Der Wagrainer Schneemann\"}]},{\"@type\":\"WebSite\",\"@id\":\"https:\\\/\\\/www.salzburgerland.com\\\/de\\\/magazin\\\/#website\",\"url\":\"https:\\\/\\\/www.salzburgerland.com\\\/de\\\/magazin\\\/\",\"name\":\"SalzburgerLand Magazin\",\"description\":\"Geschichten und Interessantes aus dem SalzburgerLand\",\"publisher\":{\"@id\":\"https:\\\/\\\/www.salzburgerland.com\\\/de\\\/magazin\\\/#organization\"},\"potentialAction\":[{\"@type\":\"SearchAction\",\"target\":{\"@type\":\"EntryPoint\",\"urlTemplate\":\"https:\\\/\\\/www.salzburgerland.com\\\/de\\\/magazin\\\/?s={search_term_string}\"},\"query-input\":{\"@type\":\"PropertyValueSpecification\",\"valueRequired\":true,\"valueName\":\"search_term_string\"}}],\"inLanguage\":\"de\"},{\"@type\":\"Organization\",\"@id\":\"https:\\\/\\\/www.salzburgerland.com\\\/de\\\/magazin\\\/#organization\",\"name\":\"SalzburgerLand Tourismus\",\"url\":\"https:\\\/\\\/www.salzburgerland.com\\\/de\\\/magazin\\\/\",\"logo\":{\"@type\":\"ImageObject\",\"inLanguage\":\"de\",\"@id\":\"https:\\\/\\\/www.salzburgerland.com\\\/de\\\/magazin\\\/#\\\/schema\\\/logo\\\/image\\\/\",\"url\":\"https:\\\/\\\/www.salzburgerland.com\\\/de\\\/magazin\\\/wp-content\\\/uploads\\\/2019\\\/06\\\/salzburgerland-logo1.jpg\",\"contentUrl\":\"https:\\\/\\\/www.salzburgerland.com\\\/de\\\/magazin\\\/wp-content\\\/uploads\\\/2019\\\/06\\\/salzburgerland-logo1.jpg\",\"width\":2011,\"height\":866,\"caption\":\"SalzburgerLand Tourismus\"},\"image\":{\"@id\":\"https:\\\/\\\/www.salzburgerland.com\\\/de\\\/magazin\\\/#\\\/schema\\\/logo\\\/image\\\/\"},\"sameAs\":[\"https:\\\/\\\/www.facebook.com\\\/salzburgerland\\\/\",\"https:\\\/\\\/x.com\\\/Salzburgerland\",\"https:\\\/\\\/www.instagram.com\\\/salzburgerland\\\/\",\"https:\\\/\\\/at.linkedin.com\\\/company\\\/salzburgerland-tourismus-gmbh\",\"https:\\\/\\\/www.pinterest.at\\\/salzburgerland\\\/\",\"https:\\\/\\\/www.youtube.com\\\/user\\\/salzburgerland\",\"https:\\\/\\\/de.wikipedia.org\\\/wiki\\\/SalzburgerLand_Tourismus_GmbH\"]},{\"@type\":\"Person\",\"@id\":\"https:\\\/\\\/www.salzburgerland.com\\\/de\\\/magazin\\\/#\\\/schema\\\/person\\\/1e4d0c967a02c339e6c85f8c3f38b89a\",\"name\":\"Barbara Pirchner\",\"description\":\"Reisen sieht Barbara Pirchner als ein gro\u00dfes Geschenk. Es gibt so viele tolle M\u00f6glichkeiten, wie sie die Welt entdeckt. Und wenn sie nicht unterwegs ist, erkundet sie ihre Heimat. F\u00fcr sie ist es ihr zuhause, f\u00fcr euch der Urlaubsort. Gerne nimmt sie euch hier im Magazin mit und berichtet \u00fcber die sch\u00f6nsten Orte, die lustigsten Aktivit\u00e4ten oder die entspannendsten Momente im SalzburgerLand. Nach dem Studium und jahrelanger Erfahrung im Tourismusmarketing schreibt Barbara Pirchner jetzt f\u00fcr Tourismusbetriebe. Dosige oder Zuagroast? Eindeutig a Dosige. Geboren, aufgewachsen und wohnhaft in der Salzburger Bergwelt. Jedoch jederzeit offen, was anderes von der Welt zu sehen sowie andere Kulturen und L\u00e4nder kennenzulernen \u2013 und danach die sch\u00f6nen Kleinigkeiten in der Heimat wieder mehr wertsch\u00e4tzen zu k\u00f6nnen. Salzburger Nockerl oder Schwarzbeernocken? Bei Schwarzbeernocken kribbeln meine Geschmacksknospen. Haubenlokal oder Ab-Hof-Laden? Hm. Schwere Entscheidung. Am besten alles zu seiner Zeit. K\u00f6stliche Produkte im Ab-Hof-Laden kaufen zum selber Kochen oder sich verw\u00f6hnen lassen im Haubenlokal. Kochen, schlemmen und schnabulieren - damit kann ich mich identifizieren :) Wellness oder Mountainbike? Zuerst eine sch\u00f6ne Mountainbiketour, danach zum Entspannen in den Wellnessbereich. Alpinski, Offpist oder Skitour? Alles. Am besten auf einmal und das ganze Jahr. Als Winterm\u00e4dchen sehne ich mich nach den ersten Schnee. Und dann das ganze Programm. Dirndl oder Bustierkleid? Dirndl. Liebend gern.\",\"sameAs\":[\"https:\\\/\\\/www.barbara-pirchner.com\\\/\",\"https:\\\/\\\/www.linkedin.com\\\/in\\\/barbara-pirchner-573031120\\\/\"],\"url\":\"https:\\\/\\\/www.salzburgerland.com\\\/de\\\/magazin\\\/author\\\/barbara-pirchner\\\/\"}]}<\/script>\n<!-- \/ Yoast SEO Premium plugin. -->","yoast_head_json":{"title":"Wagrainer Schneemann: Das Winter-Wahrzeichen - SalzburgerLand Magazin","description":"Kennt ihr den Wagrainer Schneemann ? Er steht jedes Jahr von Mitte J\u00e4nner bis nach Fasching am Marktplatz Wagrain. Lernt ihn hier kennen!","robots":{"index":"index","follow":"follow","max-snippet":"max-snippet:-1","max-image-preview":"max-image-preview:large","max-video-preview":"max-video-preview:-1"},"canonical":"https:\/\/www.salzburgerland.com\/de\/magazin\/der-wagrainer-schneemann\/","og_locale":"de_DE","og_type":"article","og_title":"Der Wagrainer Schneemann","og_description":"Kennt ihr den Wagrainer Schneemann ? Er steht jedes Jahr von Mitte J\u00e4nner bis nach Fasching am Marktplatz Wagrain. Lernt ihn hier kennen!","og_url":"https:\/\/www.salzburgerland.com\/de\/magazin\/der-wagrainer-schneemann\/","og_site_name":"SalzburgerLand Magazin","article_publisher":"https:\/\/www.facebook.com\/salzburgerland\/","article_published_time":"2025-01-08T06:00:00+00:00","article_modified_time":"2025-01-27T07:50:36+00:00","og_image":[{"width":2560,"height":964,"url":"https:\/\/www.salzburgerland.com\/de\/magazin\/wp-content\/uploads\/2024\/12\/Schneemann-2010-scaled-e1734688166906.jpg","type":"image\/jpeg"}],"author":"Barbara Pirchner","twitter_card":"summary_large_image","twitter_creator":"@Salzburgerland","twitter_site":"@Salzburgerland","twitter_misc":{"Verfasst von":"Barbara Pirchner","Gesch\u00e4tzte Lesezeit":"9\u00a0Minuten"},"schema":{"@context":"https:\/\/schema.org","@graph":[{"@type":"Article","@id":"https:\/\/www.salzburgerland.com\/de\/magazin\/der-wagrainer-schneemann\/#article","isPartOf":{"@id":"https:\/\/www.salzburgerland.com\/de\/magazin\/der-wagrainer-schneemann\/"},"author":{"name":"Barbara Pirchner","@id":"https:\/\/www.salzburgerland.com\/de\/magazin\/#\/schema\/person\/1e4d0c967a02c339e6c85f8c3f38b89a"},"headline":"Der Wagrainer Schneemann","datePublished":"2025-01-08T06:00:00+00:00","dateModified":"2025-01-27T07:50:36+00:00","mainEntityOfPage":{"@id":"https:\/\/www.salzburgerland.com\/de\/magazin\/der-wagrainer-schneemann\/"},"wordCount":870,"publisher":{"@id":"https:\/\/www.salzburgerland.com\/de\/magazin\/#organization"},"image":{"@id":"https:\/\/www.salzburgerland.com\/de\/magazin\/der-wagrainer-schneemann\/#primaryimage"},"thumbnailUrl":"https:\/\/www.salzburgerland.com\/de\/magazin\/wp-content\/uploads\/2024\/12\/Schneemann-2010-scaled-e1734688166906.jpg","keywords":["marktplatz","schneemann","wagrain","winter"],"articleSection":["Sehensw\u00fcrdig"],"inLanguage":"de"},{"@type":"WebPage","@id":"https:\/\/www.salzburgerland.com\/de\/magazin\/der-wagrainer-schneemann\/","url":"https:\/\/www.salzburgerland.com\/de\/magazin\/der-wagrainer-schneemann\/","name":"Wagrainer Schneemann: Das Winter-Wahrzeichen - SalzburgerLand Magazin","isPartOf":{"@id":"https:\/\/www.salzburgerland.com\/de\/magazin\/#website"},"primaryImageOfPage":{"@id":"https:\/\/www.salzburgerland.com\/de\/magazin\/der-wagrainer-schneemann\/#primaryimage"},"image":{"@id":"https:\/\/www.salzburgerland.com\/de\/magazin\/der-wagrainer-schneemann\/#primaryimage"},"thumbnailUrl":"https:\/\/www.salzburgerland.com\/de\/magazin\/wp-content\/uploads\/2024\/12\/Schneemann-2010-scaled-e1734688166906.jpg","datePublished":"2025-01-08T06:00:00+00:00","dateModified":"2025-01-27T07:50:36+00:00","description":"Kennt ihr den Wagrainer Schneemann ? Er steht jedes Jahr von Mitte J\u00e4nner bis nach Fasching am Marktplatz Wagrain. Lernt ihn hier kennen!","breadcrumb":{"@id":"https:\/\/www.salzburgerland.com\/de\/magazin\/der-wagrainer-schneemann\/#breadcrumb"},"inLanguage":"de","potentialAction":[{"@type":"ReadAction","target":["https:\/\/www.salzburgerland.com\/de\/magazin\/der-wagrainer-schneemann\/"]}]},{"@type":"ImageObject","inLanguage":"de","@id":"https:\/\/www.salzburgerland.com\/de\/magazin\/der-wagrainer-schneemann\/#primaryimage","url":"https:\/\/www.salzburgerland.com\/de\/magazin\/wp-content\/uploads\/2024\/12\/Schneemann-2010-scaled-e1734688166906.jpg","contentUrl":"https:\/\/www.salzburgerland.com\/de\/magazin\/wp-content\/uploads\/2024\/12\/Schneemann-2010-scaled-e1734688166906.jpg","width":2560,"height":964,"caption":"Schneemann 2020"},{"@type":"BreadcrumbList","@id":"https:\/\/www.salzburgerland.com\/de\/magazin\/der-wagrainer-schneemann\/#breadcrumb","itemListElement":[{"@type":"ListItem","position":1,"name":"Startseite","item":"https:\/\/www.salzburgerland.com\/de\/magazin\/"},{"@type":"ListItem","position":2,"name":"Sehensw\u00fcrdig","item":"https:\/\/www.salzburgerland.com\/de\/magazin\/thema\/sehenswurdig\/"},{"@type":"ListItem","position":3,"name":"Der Wagrainer Schneemann"}]},{"@type":"WebSite","@id":"https:\/\/www.salzburgerland.com\/de\/magazin\/#website","url":"https:\/\/www.salzburgerland.com\/de\/magazin\/","name":"SalzburgerLand Magazin","description":"Geschichten und Interessantes aus dem SalzburgerLand","publisher":{"@id":"https:\/\/www.salzburgerland.com\/de\/magazin\/#organization"},"potentialAction":[{"@type":"SearchAction","target":{"@type":"EntryPoint","urlTemplate":"https:\/\/www.salzburgerland.com\/de\/magazin\/?s={search_term_string}"},"query-input":{"@type":"PropertyValueSpecification","valueRequired":true,"valueName":"search_term_string"}}],"inLanguage":"de"},{"@type":"Organization","@id":"https:\/\/www.salzburgerland.com\/de\/magazin\/#organization","name":"SalzburgerLand Tourismus","url":"https:\/\/www.salzburgerland.com\/de\/magazin\/","logo":{"@type":"ImageObject","inLanguage":"de","@id":"https:\/\/www.salzburgerland.com\/de\/magazin\/#\/schema\/logo\/image\/","url":"https:\/\/www.salzburgerland.com\/de\/magazin\/wp-content\/uploads\/2019\/06\/salzburgerland-logo1.jpg","contentUrl":"https:\/\/www.salzburgerland.com\/de\/magazin\/wp-content\/uploads\/2019\/06\/salzburgerland-logo1.jpg","width":2011,"height":866,"caption":"SalzburgerLand Tourismus"},"image":{"@id":"https:\/\/www.salzburgerland.com\/de\/magazin\/#\/schema\/logo\/image\/"},"sameAs":["https:\/\/www.facebook.com\/salzburgerland\/","https:\/\/x.com\/Salzburgerland","https:\/\/www.instagram.com\/salzburgerland\/","https:\/\/at.linkedin.com\/company\/salzburgerland-tourismus-gmbh","https:\/\/www.pinterest.at\/salzburgerland\/","https:\/\/www.youtube.com\/user\/salzburgerland","https:\/\/de.wikipedia.org\/wiki\/SalzburgerLand_Tourismus_GmbH"]},{"@type":"Person","@id":"https:\/\/www.salzburgerland.com\/de\/magazin\/#\/schema\/person\/1e4d0c967a02c339e6c85f8c3f38b89a","name":"Barbara Pirchner","description":"Reisen sieht Barbara Pirchner als ein gro\u00dfes Geschenk. Es gibt so viele tolle M\u00f6glichkeiten, wie sie die Welt entdeckt. Und wenn sie nicht unterwegs ist, erkundet sie ihre Heimat. F\u00fcr sie ist es ihr zuhause, f\u00fcr euch der Urlaubsort. Gerne nimmt sie euch hier im Magazin mit und berichtet \u00fcber die sch\u00f6nsten Orte, die lustigsten Aktivit\u00e4ten oder die entspannendsten Momente im SalzburgerLand. Nach dem Studium und jahrelanger Erfahrung im Tourismusmarketing schreibt Barbara Pirchner jetzt f\u00fcr Tourismusbetriebe. Dosige oder Zuagroast? Eindeutig a Dosige. Geboren, aufgewachsen und wohnhaft in der Salzburger Bergwelt. Jedoch jederzeit offen, was anderes von der Welt zu sehen sowie andere Kulturen und L\u00e4nder kennenzulernen \u2013 und danach die sch\u00f6nen Kleinigkeiten in der Heimat wieder mehr wertsch\u00e4tzen zu k\u00f6nnen. Salzburger Nockerl oder Schwarzbeernocken? Bei Schwarzbeernocken kribbeln meine Geschmacksknospen. Haubenlokal oder Ab-Hof-Laden? Hm. Schwere Entscheidung. Am besten alles zu seiner Zeit. K\u00f6stliche Produkte im Ab-Hof-Laden kaufen zum selber Kochen oder sich verw\u00f6hnen lassen im Haubenlokal. Kochen, schlemmen und schnabulieren - damit kann ich mich identifizieren :) Wellness oder Mountainbike? Zuerst eine sch\u00f6ne Mountainbiketour, danach zum Entspannen in den Wellnessbereich. Alpinski, Offpist oder Skitour? Alles. Am besten auf einmal und das ganze Jahr. Als Winterm\u00e4dchen sehne ich mich nach den ersten Schnee. Und dann das ganze Programm. Dirndl oder Bustierkleid? Dirndl. Liebend gern.","sameAs":["https:\/\/www.barbara-pirchner.com\/","https:\/\/www.linkedin.com\/in\/barbara-pirchner-573031120\/"],"url":"https:\/\/www.salzburgerland.com\/de\/magazin\/author\/barbara-pirchner\/"}]}},"_wl_alt_label":[],"wl:entity_url":"http:\/\/open.salzburgerland.com\/magazin\/post\/wagrainer-schneemann-179908","_links":{"self":[{"href":"https:\/\/www.salzburgerland.com\/de\/magazin\/wp-json\/wp\/v2\/posts\/179908","targetHints":{"allow":["GET"]}}],"collection":[{"href":"https:\/\/www.salzburgerland.com\/de\/magazin\/wp-json\/wp\/v2\/posts"}],"about":[{"href":"https:\/\/www.salzburgerland.com\/de\/magazin\/wp-json\/wp\/v2\/types\/post"}],"author":[{"embeddable":true,"href":"https:\/\/www.salzburgerland.com\/de\/magazin\/wp-json\/wp\/v2\/users\/564"}],"replies":[{"embeddable":true,"href":"https:\/\/www.salzburgerland.com\/de\/magazin\/wp-json\/wp\/v2\/comments?post=179908"}],"version-history":[{"count":16,"href":"https:\/\/www.salzburgerland.com\/de\/magazin\/wp-json\/wp\/v2\/posts\/179908\/revisions"}],"predecessor-version":[{"id":180628,"href":"https:\/\/www.salzburgerland.com\/de\/magazin\/wp-json\/wp\/v2\/posts\/179908\/revisions\/180628"}],"wp:featuredmedia":[{"embeddable":true,"href":"https:\/\/www.salzburgerland.com\/de\/magazin\/wp-json\/wp\/v2\/media\/179922"}],"wp:attachment":[{"href":"https:\/\/www.salzburgerland.com\/de\/magazin\/wp-json\/wp\/v2\/media?parent=179908"}],"wp:term":[{"taxonomy":"category","embeddable":true,"href":"https:\/\/www.salzburgerland.com\/de\/magazin\/wp-json\/wp\/v2\/categories?post=179908"},{"taxonomy":"post_tag","embeddable":true,"href":"https:\/\/www.salzburgerland.com\/de\/magazin\/wp-json\/wp\/v2\/tags?post=179908"},{"taxonomy":"wl_entity_type","embeddable":true,"href":"https:\/\/www.salzburgerland.com\/de\/magazin\/wp-json\/wp\/v2\/wl_entity_type?post=179908"},{"taxonomy":"monatsauswahl","embeddable":true,"href":"https:\/\/www.salzburgerland.com\/de\/magazin\/wp-json\/wp\/v2\/monatsauswahl?post=179908"}],"curies":[{"name":"wp","href":"https:\/\/api.w.org\/{rel}","templated":true}]}}