{"id":179733,"date":"2024-12-20T07:00:00","date_gmt":"2024-12-20T06:00:00","guid":{"rendered":"https:\/\/www.salzburgerland.com\/de\/magazin\/?p=179733"},"modified":"2025-10-24T08:19:15","modified_gmt":"2025-10-24T06:19:15","slug":"der-neue-berghof","status":"publish","type":"post","link":"https:\/\/www.salzburgerland.com\/de\/magazin\/der-neue-berghof\/","title":{"rendered":"Der Berghof in St. Johann"},"content":{"rendered":"\n<div class=\"wp-block-slt-top topBlocks\">\n<h2 class=\"wp-block-slt-subtitle\">Wo Gastlichkeit auf exklusives Wohlf\u00fchlambiente trifft<\/h2>\n\n\n\n<p class=\"wp-block-slt-intro\">Nach einer Rundumerneuerung im Jahr 2024 er\u00f6ffnet das <a href=\"https:\/\/www.hotel-berghof.com\/de\/\" target=\"_blank\" rel=\"noreferrer noopener\">Hotel Berghof<\/a> in St. Johann in Salzburg ein neues Kapitel: exklusive Eleganz, moderne Architektur und alpiner Luxus verschmelzen hier miteinander. Neue Suiten mit Bergblick, ein Adults-Only-Spa am Rooftop und kulinarische Highlights in den Gourmetrestaurants. Und dennoch bleibt eines unver\u00e4ndert: die herzliche Gastlichkeit von Familie Rettenwender und ihren Mitarbeiter*innen.<\/p>\n<\/div>\n\n\n\n<h2 class=\"wp-block-heading\" id=\"h-tradition-kombiniert-mit-moderner-eleganz\">Tradition kombiniert mit moderner Eleganz<\/h2>\n\n\n\n<p>Alles neu w\u00e4re um eines zu viel \u2013 geblieben ist n\u00e4mlich die authentische Gastfreundschaft, die schon seit 60 Jahren im Hotel Berghof durch die R\u00e4ume schwebt. Egal, ob beim Check-in, beim Fr\u00fchst\u00fcck am Genussplatz oder im Naturgarten. Denn die ist auch nach dem Umbau noch gleich wie davor.<\/p>\n\n\n\n<p>In den neuen Suiten finden sowohl Paare als auch Familien viel Platz \u2013 die Aussicht dazu h\u00e4tte Picasso nicht sch\u00f6ner malen k\u00f6nnen. Materialien, Deko und Details im Hotel sind an die Natur angelehnt, damit die umliegende Sch\u00f6nheit der Natur auch in den Suiten sp\u00fcrbar ist.<\/p>\n\n\n\n<figure class=\"wp-block-image size-full\"><img loading=\"lazy\" decoding=\"async\" width=\"2560\" height=\"1703\" src=\"https:\/\/www.salzburgerland.com\/de\/magazin\/wp-content\/uploads\/2024\/12\/HotelBerghof-20241029-MFP-31-von-96-scaled.jpg\" alt=\"Aussicht auf die Berge\" class=\"wp-image-179740\" srcset=\"https:\/\/www.salzburgerland.com\/de\/magazin\/wp-content\/uploads\/2024\/12\/HotelBerghof-20241029-MFP-31-von-96-scaled.jpg 2560w, https:\/\/www.salzburgerland.com\/de\/magazin\/wp-content\/uploads\/2024\/12\/HotelBerghof-20241029-MFP-31-von-96-300x200.jpg 300w, https:\/\/www.salzburgerland.com\/de\/magazin\/wp-content\/uploads\/2024\/12\/HotelBerghof-20241029-MFP-31-von-96-1536x1022.jpg 1536w, https:\/\/www.salzburgerland.com\/de\/magazin\/wp-content\/uploads\/2024\/12\/HotelBerghof-20241029-MFP-31-von-96-2048x1363.jpg 2048w, https:\/\/www.salzburgerland.com\/de\/magazin\/wp-content\/uploads\/2024\/12\/HotelBerghof-20241029-MFP-31-von-96-827x550.jpg 827w, https:\/\/www.salzburgerland.com\/de\/magazin\/wp-content\/uploads\/2024\/12\/HotelBerghof-20241029-MFP-31-von-96-601x400.jpg 601w, https:\/\/www.salzburgerland.com\/de\/magazin\/wp-content\/uploads\/2024\/12\/HotelBerghof-20241029-MFP-31-von-96-1320x878.jpg 1320w, https:\/\/www.salzburgerland.com\/de\/magazin\/wp-content\/uploads\/2024\/12\/HotelBerghof-20241029-MFP-31-von-96-150x100.jpg 150w\" sizes=\"auto, (max-width: 2560px) 100vw, 2560px\" \/><\/figure>\n\n\n\n<h2 class=\"wp-block-heading\" id=\"h-adults-only-spa-bereich-mit-bergkulisse\">Adults-Only-Spa-Bereich mit BergKulisse<\/h2>\n\n\n\n<p>Im neuen Rooftop-Spa genie\u00dfen G\u00e4ste ab 16 Jahren:<\/p>\n\n\n\n<ul class=\"wp-block-list\">\n<li>Einen 14 m langen Infinitypool mit 360\u00b0 Panoramablick.<\/li>\n\n\n\n<li>Ruheoasen wie das WolkenNest oder das GoldSt\u00fcck.<\/li>\n\n\n\n<li>Eine finnische Sauna mit t\u00e4glichem, gef\u00fchrtem Saunaaufguss<\/li>\n\n\n\n<li>Die Terrasse BergKulisse<\/li>\n<\/ul>\n\n\n\n<p>Erg\u00e4nzend gibt es noch folgende Bereiche zum Entspannen:<\/p>\n\n\n\n<ul class=\"wp-block-list\">\n<li>Saunawelt mit finnischer Sauna, Zirbensauna, Sanarium, Infrarotkabine, Solegrotte und Hot-Whirlpool<\/li>\n\n\n\n<li>Beheizte Marmorliegen, Eisbrunnen und Granderbrunnen.<\/li>\n\n\n\n<li>T\u00e4glich gef\u00fchrte Saunaaufg\u00fcsse mit alpinen D\u00fcften<br><\/li>\n<\/ul>\n\n\n\n<figure class=\"wp-block-image size-full\"><img loading=\"lazy\" decoding=\"async\" width=\"2560\" height=\"1917\" src=\"https:\/\/www.salzburgerland.com\/de\/magazin\/wp-content\/uploads\/2024\/12\/Rooftop-Spa-Infinity-Pool-scaled.jpg\" alt=\"Rooftop Spa Infinity Pool\" class=\"wp-image-179741\" srcset=\"https:\/\/www.salzburgerland.com\/de\/magazin\/wp-content\/uploads\/2024\/12\/Rooftop-Spa-Infinity-Pool-scaled.jpg 2560w, https:\/\/www.salzburgerland.com\/de\/magazin\/wp-content\/uploads\/2024\/12\/Rooftop-Spa-Infinity-Pool-300x225.jpg 300w, https:\/\/www.salzburgerland.com\/de\/magazin\/wp-content\/uploads\/2024\/12\/Rooftop-Spa-Infinity-Pool-1536x1150.jpg 1536w, https:\/\/www.salzburgerland.com\/de\/magazin\/wp-content\/uploads\/2024\/12\/Rooftop-Spa-Infinity-Pool-2048x1534.jpg 2048w, https:\/\/www.salzburgerland.com\/de\/magazin\/wp-content\/uploads\/2024\/12\/Rooftop-Spa-Infinity-Pool-734x550.jpg 734w, https:\/\/www.salzburgerland.com\/de\/magazin\/wp-content\/uploads\/2024\/12\/Rooftop-Spa-Infinity-Pool-140x105.jpg 140w, https:\/\/www.salzburgerland.com\/de\/magazin\/wp-content\/uploads\/2024\/12\/Rooftop-Spa-Infinity-Pool-534x400.jpg 534w, https:\/\/www.salzburgerland.com\/de\/magazin\/wp-content\/uploads\/2024\/12\/Rooftop-Spa-Infinity-Pool-960x720.jpg 960w, https:\/\/www.salzburgerland.com\/de\/magazin\/wp-content\/uploads\/2024\/12\/Rooftop-Spa-Infinity-Pool-1320x988.jpg 1320w, https:\/\/www.salzburgerland.com\/de\/magazin\/wp-content\/uploads\/2024\/12\/Rooftop-Spa-Infinity-Pool-1200x900.jpg 1200w, https:\/\/www.salzburgerland.com\/de\/magazin\/wp-content\/uploads\/2024\/12\/Rooftop-Spa-Infinity-Pool-150x112.jpg 150w\" sizes=\"auto, (max-width: 2560px) 100vw, 2560px\" \/><\/figure>\n\n\n\n<p>W\u00e4hrend die Erwachsenen vollkommen in die Entspannung eintauchen, k\u00f6nnen sich die Kinder im Indoorpool austoben \u2013 das ganze Jahr \u00fcber. Von Mai bis Oktober l\u00e4dt zus\u00e4tzlich der beheizte Outdoorpool mit Wasserrutsche und Kneippbecken zu Spa\u00df und Abk\u00fchlung ein. Und das Beste daran? Der Wellnessbereich \u00f6ffnet auch f\u00fcr Einheimische und Tagesg\u00e4ste seine Wohlf\u00fchlpforten. Einfach reservieren und entspannen.<\/p>\n\n\n\n<figure class=\"wp-block-image size-full\"><img loading=\"lazy\" decoding=\"async\" width=\"2560\" height=\"1440\" src=\"https:\/\/www.salzburgerland.com\/de\/magazin\/wp-content\/uploads\/2024\/12\/Hotel-Berghof_Wellness-scaled.jpg\" alt=\"Ruheraum im neuen Berghof\" class=\"wp-image-179738\" srcset=\"https:\/\/www.salzburgerland.com\/de\/magazin\/wp-content\/uploads\/2024\/12\/Hotel-Berghof_Wellness-scaled.jpg 2560w, https:\/\/www.salzburgerland.com\/de\/magazin\/wp-content\/uploads\/2024\/12\/Hotel-Berghof_Wellness-300x169.jpg 300w, https:\/\/www.salzburgerland.com\/de\/magazin\/wp-content\/uploads\/2024\/12\/Hotel-Berghof_Wellness-1536x864.jpg 1536w, https:\/\/www.salzburgerland.com\/de\/magazin\/wp-content\/uploads\/2024\/12\/Hotel-Berghof_Wellness-2048x1152.jpg 2048w, https:\/\/www.salzburgerland.com\/de\/magazin\/wp-content\/uploads\/2024\/12\/Hotel-Berghof_Wellness-978x550.jpg 978w, https:\/\/www.salzburgerland.com\/de\/magazin\/wp-content\/uploads\/2024\/12\/Hotel-Berghof_Wellness-711x400.jpg 711w, https:\/\/www.salzburgerland.com\/de\/magazin\/wp-content\/uploads\/2024\/12\/Hotel-Berghof_Wellness-560x316.jpg 560w, https:\/\/www.salzburgerland.com\/de\/magazin\/wp-content\/uploads\/2024\/12\/Hotel-Berghof_Wellness-250x140.jpg 250w, https:\/\/www.salzburgerland.com\/de\/magazin\/wp-content\/uploads\/2024\/12\/Hotel-Berghof_Wellness-1320x743.jpg 1320w, https:\/\/www.salzburgerland.com\/de\/magazin\/wp-content\/uploads\/2024\/12\/Hotel-Berghof_Wellness-1200x675.jpg 1200w, https:\/\/www.salzburgerland.com\/de\/magazin\/wp-content\/uploads\/2024\/12\/Hotel-Berghof_Wellness-150x84.jpg 150w\" sizes=\"auto, (max-width: 2560px) 100vw, 2560px\" \/><\/figure>\n\n\n\n<h2 class=\"wp-block-heading\" id=\"h-gourmet-erlebnisse-in-den-restaurants\">Gourmet-Erlebnisse in den Restaurants<\/h2>\n\n\n\n<p>Auch die Restaurants im Hotel Berghof sind neu. Und die kulinarische Kreativit\u00e4t in der K\u00fcche hebt sich selbst auf das n\u00e4chste Speisen-Niveau. Denn das K\u00fcchenteam zaubert aus regionalen Lebensmittel Highlights, die die Geschmacksknospen verw\u00f6hnen.<\/p>\n\n\n\n<p>Im Restaurant Medusa genie\u00dft man ein modernes Food-Sharing-Konzept \u2013 diese vielf\u00e4ltigen Gerichte zum Teilen sind der ideale Begleiter auf einer kulinarischen Entdeckungsreise und bei besonderen Anl\u00e4ssen.<\/p>\n\n\n\n<p>Auch Einheimische und Tagesg\u00e4ste sind eingeladen, vom reichhaltigen Fr\u00fchst\u00fccksbuffet vom Genussplatz bis zum exklusiven Abend-Dinner, die kulinarische Vielfalt zu erleben. Einfach reservieren und schnabulieren. Aber nicht nur in der K\u00fcche spiegelt sich die Liebe zur Regionalit\u00e4t wider.<\/p>\n\n\n\n<figure class=\"wp-block-image size-full\"><img loading=\"lazy\" decoding=\"async\" width=\"2560\" height=\"1440\" src=\"https:\/\/www.salzburgerland.com\/de\/magazin\/wp-content\/uploads\/2024\/12\/Hotel-Berghof_Lounge-scaled.jpg\" alt=\"Lounge im Hotel Berghof\" class=\"wp-image-179736\" srcset=\"https:\/\/www.salzburgerland.com\/de\/magazin\/wp-content\/uploads\/2024\/12\/Hotel-Berghof_Lounge-scaled.jpg 2560w, https:\/\/www.salzburgerland.com\/de\/magazin\/wp-content\/uploads\/2024\/12\/Hotel-Berghof_Lounge-300x169.jpg 300w, https:\/\/www.salzburgerland.com\/de\/magazin\/wp-content\/uploads\/2024\/12\/Hotel-Berghof_Lounge-1536x864.jpg 1536w, https:\/\/www.salzburgerland.com\/de\/magazin\/wp-content\/uploads\/2024\/12\/Hotel-Berghof_Lounge-2048x1152.jpg 2048w, https:\/\/www.salzburgerland.com\/de\/magazin\/wp-content\/uploads\/2024\/12\/Hotel-Berghof_Lounge-978x550.jpg 978w, https:\/\/www.salzburgerland.com\/de\/magazin\/wp-content\/uploads\/2024\/12\/Hotel-Berghof_Lounge-711x400.jpg 711w, https:\/\/www.salzburgerland.com\/de\/magazin\/wp-content\/uploads\/2024\/12\/Hotel-Berghof_Lounge-560x316.jpg 560w, https:\/\/www.salzburgerland.com\/de\/magazin\/wp-content\/uploads\/2024\/12\/Hotel-Berghof_Lounge-250x140.jpg 250w, https:\/\/www.salzburgerland.com\/de\/magazin\/wp-content\/uploads\/2024\/12\/Hotel-Berghof_Lounge-1320x743.jpg 1320w, https:\/\/www.salzburgerland.com\/de\/magazin\/wp-content\/uploads\/2024\/12\/Hotel-Berghof_Lounge-1200x675.jpg 1200w, https:\/\/www.salzburgerland.com\/de\/magazin\/wp-content\/uploads\/2024\/12\/Hotel-Berghof_Lounge-150x84.jpg 150w\" sizes=\"auto, (max-width: 2560px) 100vw, 2560px\" \/><\/figure>\n\n\n\n<h2 class=\"wp-block-heading\" id=\"h-nachhaltigkeit-die-die-gaste-spuren\">Nachhaltigkeit, die die G\u00e4ste sp\u00fcren<\/h2>\n\n\n\n<p>Im Hotel Berghof steht Nachhaltigkeit nicht nur auf dem Papier \u2013 sondern sie steckt in den Details. Umweltfreundliche Technologien und regionale Partnerschaften wie die Photovoltaikanlage, das Biomasseheizwerk und die Wassergenossenschaft f\u00fcr die eigene Quelle stehen f\u00fcr eine saubere Zukunft. Die nachhaltige W\u00e4rmer\u00fcckgewinnung sorgt f\u00fcr angenehm warme Pools \u2013 und f\u00fcr ein gutes Gef\u00fchl, der Umwelt zuliebe. Ebenso bekommt man im Hotel Berghof vegane Pflegeprodukte, es werden biologisch abbaubare Reinigungsmittel verwendet und die Mitarbeiter*innen vermeiden Plastik, wo immer es m\u00f6glich ist.<\/p>\n\n\n\n<p>Bei der Erweiterung des Hotels setzte Familie Rettenwender auf nachhaltigen Holzbau und heimische Materialien \u2013 umgesetzt von lokalen Firmen. Das verringert nicht nur den CO<sub>2<\/sub>-Fu\u00dfabdruck, sondern schafft auch ein besonders angenehmes Raumklima.<\/p>\n\n\n\n<p>In der K\u00fcche verwendet das Team vorwiegend Bio-Lebensmittel \u2013 viele von heimischen Bauern. Denn f\u00fcr Familie Rettenwender sind h\u00f6chste Qualit\u00e4t, kurze Transportwege und starke regionale Partnerschaften wichtig.<\/p>\n\n\n\n<p>Als besonderes Umwelt-Zuckerl holen sie euch kostenlos vom Bahnhof ab, wenn ihr mit dem Zug anreist \u2013 ein Service, der Umwelt und Reisende gleicherma\u00dfen entlastet. Und das Auto braucht ihr vor Ort im Berghof nicht, denn die Talstation vom <a href=\"https:\/\/www.salzburgerland.com\/de\/magazin\/klimaneutral-auf-die-ski-mithilfe-von-ki\/\" target=\"_blank\" rel=\"noreferrer noopener\">Snow Space Salzburg<\/a> befindet sich direkt gegen\u00fcber, Wanderwege starten in der N\u00e4he.<\/p>\n\n\n\n<p>Mit diesen Ma\u00dfnahmen verbindet das Hotel Berghof Luxus und Verantwortung \u2013 damit ihr nachhaltig urlauben k\u00f6nnt.<\/p>\n\n\n\n<h2 class=\"wp-block-heading\" id=\"h-getrennt-ist-zusammen-am-besten\">Getrennt ist zusammen am besten<\/h2>\n\n\n\n<p>Raffiniert teilt Familie Rettenwender die Bereiche im Hotel in Familien- und in P\u00e4rchenbereiche \u2013 im Restaurant sowie beim Wellness. Auch Freunde und Alleinreisende bekommen ihren Platz. Daher ist das Hotel sowohl ideal f\u00fcr den Paar- als auch f\u00fcr den Familienurlaub.<\/p>\n\n\n\n<p>Beim t\u00e4glichen Yoga, beim Tanz zur Live-Musik an der Hotelbar oder beim JO Xund &amp; Fit Programm kommen die G\u00e4ste zueinander \u2013 wenn sie das m\u00f6chten. Denn auch daf\u00fcr sorgt das Hotel Berghof \u2013 mit Begegnungsm\u00f6glichkeiten. Vor allem auch rund um traditionelle Br\u00e4uche wie dem Adventmarkt, dem Nikolausbesuch oder beim gemeinsamen Kekse backen am Genussplatz.<\/p>\n\n\n\n<h2 class=\"wp-block-heading\" id=\"h-jetzt-urlaub-im-hotel-berghof-buchen\">Jetzt Urlaub im Hotel Berghof buchen<\/h2>\n\n\n\n<p>Seit Ende November 2024 ist der neue Berghof ge\u00f6ffnet und l\u00e4dt ein, unvergessliche Augenblicke in den Salzburger Bergen zu erleben. Ganz egal, ob ihr die Pistenvielfalt gleich neben der Hotelt\u00fcr erkundet, euch im Rooftop Spa verw\u00f6hnen l\u00e4sst oder die kulinarischen Genussm\u00f6glichkeiten ausprobiert \u2013 der Berghof ist mehr als nur ein Hotel. Es ist ein Hotel, in dem sich moderne Eleganz und alpine Herzlichkeit die Hand reichen.<\/p>\n\n\n\n<p>Am besten ihr <a href=\"https:\/\/booking.hotel-berghof.com\/\" target=\"_blank\" rel=\"noreferrer noopener\">bucht gleich euren Urlaubstraum<\/a> und erlebt die neue Dimension von Erholung kombiniert mit richtiger Gastfreundschaft im Hotel Berghof.<\/p>\n\n\n\n<p><\/p>\n","protected":false},"excerpt":{"rendered":"<p>Tradition kombiniert mit moderner Eleganz Alles neu w\u00e4re um eines zu viel \u2013 geblieben ist n\u00e4mlich die authentische Gastfreundschaft, die schon seit 60 Jahren im Hotel Berghof durch die R\u00e4ume schwebt. Egal, ob beim Check-in, beim Fr\u00fchst\u00fcck am Genussplatz oder im Naturgarten. Denn die ist auch nach dem Umbau noch gleich wie davor. In den [&hellip;]<\/p>\n","protected":false},"author":564,"featured_media":179735,"comment_status":"closed","ping_status":"closed","sticky":false,"template":"","format":"standard","meta":{"_acf_changed":false,"wl_entities_gutenberg":"","_wl_entity_redirect_enabled":"","footnotes":""},"categories":[5],"tags":[7861,7860,7862],"wl_entity_type":[306],"monatsauswahl":[],"class_list":["post-179733","post","type-post","status-publish","format-standard","has-post-thumbnail","hentry","category-hotel-reise","tag-alpendorf","tag-berghof","tag-josalzburg","wl_entity_type-article"],"acf":[],"yoast_head":"<!-- This site is optimized with the Yoast SEO Premium plugin v27.4 (Yoast SEO v27.4) - https:\/\/yoast.com\/product\/yoast-seo-premium-wordpress\/ -->\n<title>Der Berghof in St. Johann - SalzburgerLand Magazin<\/title>\n<meta name=\"robots\" content=\"index, follow, max-snippet:-1, max-image-preview:large, max-video-preview:-1\" \/>\n<link rel=\"canonical\" href=\"https:\/\/www.salzburgerland.com\/de\/magazin\/der-neue-berghof\/\" \/>\n<meta property=\"og:locale\" content=\"de_DE\" \/>\n<meta property=\"og:type\" content=\"article\" \/>\n<meta property=\"og:title\" content=\"Der Berghof in St. Johann\" \/>\n<meta property=\"og:description\" content=\"Tradition kombiniert mit moderner Eleganz Alles neu w\u00e4re um eines zu viel \u2013 geblieben ist n\u00e4mlich die authentische Gastfreundschaft, die schon seit 60 Jahren im Hotel Berghof durch die R\u00e4ume schwebt. Egal, ob beim Check-in, beim Fr\u00fchst\u00fcck am Genussplatz oder im Naturgarten. Denn die ist auch nach dem Umbau noch gleich wie davor. In den [&hellip;]\" \/>\n<meta property=\"og:url\" content=\"https:\/\/www.salzburgerland.com\/de\/magazin\/der-neue-berghof\/\" \/>\n<meta property=\"og:site_name\" content=\"SalzburgerLand Magazin\" \/>\n<meta property=\"article:publisher\" content=\"https:\/\/www.facebook.com\/salzburgerland\/\" \/>\n<meta property=\"article:published_time\" content=\"2024-12-20T06:00:00+00:00\" \/>\n<meta property=\"article:modified_time\" content=\"2025-10-24T06:19:15+00:00\" \/>\n<meta property=\"og:image\" content=\"https:\/\/www.salzburgerland.com\/de\/magazin\/wp-content\/uploads\/2024\/12\/2024.04.30-Hotel-Berghof-r1-night-b-scaled.jpg\" \/>\n\t<meta property=\"og:image:width\" content=\"2560\" \/>\n\t<meta property=\"og:image:height\" content=\"1917\" \/>\n\t<meta property=\"og:image:type\" content=\"image\/jpeg\" \/>\n<meta name=\"author\" content=\"Barbara Pirchner\" \/>\n<meta name=\"twitter:card\" content=\"summary_large_image\" \/>\n<meta name=\"twitter:creator\" content=\"@Salzburgerland\" \/>\n<meta name=\"twitter:site\" content=\"@Salzburgerland\" \/>\n<meta name=\"twitter:label1\" content=\"Verfasst von\" \/>\n\t<meta name=\"twitter:data1\" content=\"Barbara Pirchner\" \/>\n\t<meta name=\"twitter:label2\" content=\"Gesch\u00e4tzte Lesezeit\" \/>\n\t<meta name=\"twitter:data2\" content=\"6\u00a0Minuten\" \/>\n<script type=\"application\/ld+json\" class=\"yoast-schema-graph\">{\"@context\":\"https:\\\/\\\/schema.org\",\"@graph\":[{\"@type\":\"Article\",\"@id\":\"https:\\\/\\\/www.salzburgerland.com\\\/de\\\/magazin\\\/der-neue-berghof\\\/#article\",\"isPartOf\":{\"@id\":\"https:\\\/\\\/www.salzburgerland.com\\\/de\\\/magazin\\\/der-neue-berghof\\\/\"},\"author\":{\"name\":\"Barbara Pirchner\",\"@id\":\"https:\\\/\\\/www.salzburgerland.com\\\/de\\\/magazin\\\/#\\\/schema\\\/person\\\/1e4d0c967a02c339e6c85f8c3f38b89a\"},\"headline\":\"Der Berghof in St. Johann\",\"datePublished\":\"2024-12-20T06:00:00+00:00\",\"dateModified\":\"2025-10-24T06:19:15+00:00\",\"mainEntityOfPage\":{\"@id\":\"https:\\\/\\\/www.salzburgerland.com\\\/de\\\/magazin\\\/der-neue-berghof\\\/\"},\"wordCount\":853,\"publisher\":{\"@id\":\"https:\\\/\\\/www.salzburgerland.com\\\/de\\\/magazin\\\/#organization\"},\"image\":{\"@id\":\"https:\\\/\\\/www.salzburgerland.com\\\/de\\\/magazin\\\/der-neue-berghof\\\/#primaryimage\"},\"thumbnailUrl\":\"https:\\\/\\\/www.salzburgerland.com\\\/de\\\/magazin\\\/wp-content\\\/uploads\\\/2024\\\/12\\\/2024.04.30-Hotel-Berghof-r1-night-b-scaled.jpg\",\"keywords\":[\"alpendorf\",\"berghof\",\"josalzburg\"],\"articleSection\":[\"Hotel &amp; Reise\"],\"inLanguage\":\"de\"},{\"@type\":\"WebPage\",\"@id\":\"https:\\\/\\\/www.salzburgerland.com\\\/de\\\/magazin\\\/der-neue-berghof\\\/\",\"url\":\"https:\\\/\\\/www.salzburgerland.com\\\/de\\\/magazin\\\/der-neue-berghof\\\/\",\"name\":\"Der Berghof in St. Johann - SalzburgerLand Magazin\",\"isPartOf\":{\"@id\":\"https:\\\/\\\/www.salzburgerland.com\\\/de\\\/magazin\\\/#website\"},\"primaryImageOfPage\":{\"@id\":\"https:\\\/\\\/www.salzburgerland.com\\\/de\\\/magazin\\\/der-neue-berghof\\\/#primaryimage\"},\"image\":{\"@id\":\"https:\\\/\\\/www.salzburgerland.com\\\/de\\\/magazin\\\/der-neue-berghof\\\/#primaryimage\"},\"thumbnailUrl\":\"https:\\\/\\\/www.salzburgerland.com\\\/de\\\/magazin\\\/wp-content\\\/uploads\\\/2024\\\/12\\\/2024.04.30-Hotel-Berghof-r1-night-b-scaled.jpg\",\"datePublished\":\"2024-12-20T06:00:00+00:00\",\"dateModified\":\"2025-10-24T06:19:15+00:00\",\"breadcrumb\":{\"@id\":\"https:\\\/\\\/www.salzburgerland.com\\\/de\\\/magazin\\\/der-neue-berghof\\\/#breadcrumb\"},\"inLanguage\":\"de\",\"potentialAction\":[{\"@type\":\"ReadAction\",\"target\":[\"https:\\\/\\\/www.salzburgerland.com\\\/de\\\/magazin\\\/der-neue-berghof\\\/\"]}]},{\"@type\":\"ImageObject\",\"inLanguage\":\"de\",\"@id\":\"https:\\\/\\\/www.salzburgerland.com\\\/de\\\/magazin\\\/der-neue-berghof\\\/#primaryimage\",\"url\":\"https:\\\/\\\/www.salzburgerland.com\\\/de\\\/magazin\\\/wp-content\\\/uploads\\\/2024\\\/12\\\/2024.04.30-Hotel-Berghof-r1-night-b-scaled.jpg\",\"contentUrl\":\"https:\\\/\\\/www.salzburgerland.com\\\/de\\\/magazin\\\/wp-content\\\/uploads\\\/2024\\\/12\\\/2024.04.30-Hotel-Berghof-r1-night-b-scaled.jpg\",\"width\":2560,\"height\":1917,\"caption\":\"Der neue Berghof im Alpendorf\"},{\"@type\":\"BreadcrumbList\",\"@id\":\"https:\\\/\\\/www.salzburgerland.com\\\/de\\\/magazin\\\/der-neue-berghof\\\/#breadcrumb\",\"itemListElement\":[{\"@type\":\"ListItem\",\"position\":1,\"name\":\"Startseite\",\"item\":\"https:\\\/\\\/www.salzburgerland.com\\\/de\\\/magazin\\\/\"},{\"@type\":\"ListItem\",\"position\":2,\"name\":\"Hotel &amp; Reise\",\"item\":\"https:\\\/\\\/www.salzburgerland.com\\\/de\\\/magazin\\\/thema\\\/hotel-reise\\\/\"},{\"@type\":\"ListItem\",\"position\":3,\"name\":\"Der Berghof in St. Johann\"}]},{\"@type\":\"WebSite\",\"@id\":\"https:\\\/\\\/www.salzburgerland.com\\\/de\\\/magazin\\\/#website\",\"url\":\"https:\\\/\\\/www.salzburgerland.com\\\/de\\\/magazin\\\/\",\"name\":\"SalzburgerLand Magazin\",\"description\":\"Geschichten und Interessantes aus dem SalzburgerLand\",\"publisher\":{\"@id\":\"https:\\\/\\\/www.salzburgerland.com\\\/de\\\/magazin\\\/#organization\"},\"potentialAction\":[{\"@type\":\"SearchAction\",\"target\":{\"@type\":\"EntryPoint\",\"urlTemplate\":\"https:\\\/\\\/www.salzburgerland.com\\\/de\\\/magazin\\\/?s={search_term_string}\"},\"query-input\":{\"@type\":\"PropertyValueSpecification\",\"valueRequired\":true,\"valueName\":\"search_term_string\"}}],\"inLanguage\":\"de\"},{\"@type\":\"Organization\",\"@id\":\"https:\\\/\\\/www.salzburgerland.com\\\/de\\\/magazin\\\/#organization\",\"name\":\"SalzburgerLand Tourismus\",\"url\":\"https:\\\/\\\/www.salzburgerland.com\\\/de\\\/magazin\\\/\",\"logo\":{\"@type\":\"ImageObject\",\"inLanguage\":\"de\",\"@id\":\"https:\\\/\\\/www.salzburgerland.com\\\/de\\\/magazin\\\/#\\\/schema\\\/logo\\\/image\\\/\",\"url\":\"https:\\\/\\\/www.salzburgerland.com\\\/de\\\/magazin\\\/wp-content\\\/uploads\\\/2019\\\/06\\\/salzburgerland-logo1.jpg\",\"contentUrl\":\"https:\\\/\\\/www.salzburgerland.com\\\/de\\\/magazin\\\/wp-content\\\/uploads\\\/2019\\\/06\\\/salzburgerland-logo1.jpg\",\"width\":2011,\"height\":866,\"caption\":\"SalzburgerLand Tourismus\"},\"image\":{\"@id\":\"https:\\\/\\\/www.salzburgerland.com\\\/de\\\/magazin\\\/#\\\/schema\\\/logo\\\/image\\\/\"},\"sameAs\":[\"https:\\\/\\\/www.facebook.com\\\/salzburgerland\\\/\",\"https:\\\/\\\/x.com\\\/Salzburgerland\",\"https:\\\/\\\/www.instagram.com\\\/salzburgerland\\\/\",\"https:\\\/\\\/at.linkedin.com\\\/company\\\/salzburgerland-tourismus-gmbh\",\"https:\\\/\\\/www.pinterest.at\\\/salzburgerland\\\/\",\"https:\\\/\\\/www.youtube.com\\\/user\\\/salzburgerland\",\"https:\\\/\\\/de.wikipedia.org\\\/wiki\\\/SalzburgerLand_Tourismus_GmbH\"]},{\"@type\":\"Person\",\"@id\":\"https:\\\/\\\/www.salzburgerland.com\\\/de\\\/magazin\\\/#\\\/schema\\\/person\\\/1e4d0c967a02c339e6c85f8c3f38b89a\",\"name\":\"Barbara Pirchner\",\"description\":\"Reisen sieht Barbara Pirchner als ein gro\u00dfes Geschenk. Es gibt so viele tolle M\u00f6glichkeiten, wie sie die Welt entdeckt. Und wenn sie nicht unterwegs ist, erkundet sie ihre Heimat. F\u00fcr sie ist es ihr zuhause, f\u00fcr euch der Urlaubsort. Gerne nimmt sie euch hier im Magazin mit und berichtet \u00fcber die sch\u00f6nsten Orte, die lustigsten Aktivit\u00e4ten oder die entspannendsten Momente im SalzburgerLand. Nach dem Studium und jahrelanger Erfahrung im Tourismusmarketing schreibt Barbara Pirchner jetzt f\u00fcr Tourismusbetriebe. Dosige oder Zuagroast? Eindeutig a Dosige. Geboren, aufgewachsen und wohnhaft in der Salzburger Bergwelt. Jedoch jederzeit offen, was anderes von der Welt zu sehen sowie andere Kulturen und L\u00e4nder kennenzulernen \u2013 und danach die sch\u00f6nen Kleinigkeiten in der Heimat wieder mehr wertsch\u00e4tzen zu k\u00f6nnen. Salzburger Nockerl oder Schwarzbeernocken? Bei Schwarzbeernocken kribbeln meine Geschmacksknospen. Haubenlokal oder Ab-Hof-Laden? Hm. Schwere Entscheidung. Am besten alles zu seiner Zeit. K\u00f6stliche Produkte im Ab-Hof-Laden kaufen zum selber Kochen oder sich verw\u00f6hnen lassen im Haubenlokal. Kochen, schlemmen und schnabulieren - damit kann ich mich identifizieren :) Wellness oder Mountainbike? Zuerst eine sch\u00f6ne Mountainbiketour, danach zum Entspannen in den Wellnessbereich. Alpinski, Offpist oder Skitour? Alles. Am besten auf einmal und das ganze Jahr. Als Winterm\u00e4dchen sehne ich mich nach den ersten Schnee. Und dann das ganze Programm. Dirndl oder Bustierkleid? Dirndl. Liebend gern.\",\"sameAs\":[\"https:\\\/\\\/www.barbara-pirchner.com\\\/\",\"https:\\\/\\\/www.linkedin.com\\\/in\\\/barbara-pirchner-573031120\\\/\"],\"url\":\"https:\\\/\\\/www.salzburgerland.com\\\/de\\\/magazin\\\/author\\\/barbara-pirchner\\\/\"}]}<\/script>\n<!-- \/ Yoast SEO Premium plugin. -->","yoast_head_json":{"title":"Der Berghof in St. Johann - SalzburgerLand Magazin","robots":{"index":"index","follow":"follow","max-snippet":"max-snippet:-1","max-image-preview":"max-image-preview:large","max-video-preview":"max-video-preview:-1"},"canonical":"https:\/\/www.salzburgerland.com\/de\/magazin\/der-neue-berghof\/","og_locale":"de_DE","og_type":"article","og_title":"Der Berghof in St. Johann","og_description":"Tradition kombiniert mit moderner Eleganz Alles neu w\u00e4re um eines zu viel \u2013 geblieben ist n\u00e4mlich die authentische Gastfreundschaft, die schon seit 60 Jahren im Hotel Berghof durch die R\u00e4ume schwebt. Egal, ob beim Check-in, beim Fr\u00fchst\u00fcck am Genussplatz oder im Naturgarten. Denn die ist auch nach dem Umbau noch gleich wie davor. In den [&hellip;]","og_url":"https:\/\/www.salzburgerland.com\/de\/magazin\/der-neue-berghof\/","og_site_name":"SalzburgerLand Magazin","article_publisher":"https:\/\/www.facebook.com\/salzburgerland\/","article_published_time":"2024-12-20T06:00:00+00:00","article_modified_time":"2025-10-24T06:19:15+00:00","og_image":[{"width":2560,"height":1917,"url":"https:\/\/www.salzburgerland.com\/de\/magazin\/wp-content\/uploads\/2024\/12\/2024.04.30-Hotel-Berghof-r1-night-b-scaled.jpg","type":"image\/jpeg"}],"author":"Barbara Pirchner","twitter_card":"summary_large_image","twitter_creator":"@Salzburgerland","twitter_site":"@Salzburgerland","twitter_misc":{"Verfasst von":"Barbara Pirchner","Gesch\u00e4tzte Lesezeit":"6\u00a0Minuten"},"schema":{"@context":"https:\/\/schema.org","@graph":[{"@type":"Article","@id":"https:\/\/www.salzburgerland.com\/de\/magazin\/der-neue-berghof\/#article","isPartOf":{"@id":"https:\/\/www.salzburgerland.com\/de\/magazin\/der-neue-berghof\/"},"author":{"name":"Barbara Pirchner","@id":"https:\/\/www.salzburgerland.com\/de\/magazin\/#\/schema\/person\/1e4d0c967a02c339e6c85f8c3f38b89a"},"headline":"Der Berghof in St. Johann","datePublished":"2024-12-20T06:00:00+00:00","dateModified":"2025-10-24T06:19:15+00:00","mainEntityOfPage":{"@id":"https:\/\/www.salzburgerland.com\/de\/magazin\/der-neue-berghof\/"},"wordCount":853,"publisher":{"@id":"https:\/\/www.salzburgerland.com\/de\/magazin\/#organization"},"image":{"@id":"https:\/\/www.salzburgerland.com\/de\/magazin\/der-neue-berghof\/#primaryimage"},"thumbnailUrl":"https:\/\/www.salzburgerland.com\/de\/magazin\/wp-content\/uploads\/2024\/12\/2024.04.30-Hotel-Berghof-r1-night-b-scaled.jpg","keywords":["alpendorf","berghof","josalzburg"],"articleSection":["Hotel &amp; Reise"],"inLanguage":"de"},{"@type":"WebPage","@id":"https:\/\/www.salzburgerland.com\/de\/magazin\/der-neue-berghof\/","url":"https:\/\/www.salzburgerland.com\/de\/magazin\/der-neue-berghof\/","name":"Der Berghof in St. Johann - SalzburgerLand Magazin","isPartOf":{"@id":"https:\/\/www.salzburgerland.com\/de\/magazin\/#website"},"primaryImageOfPage":{"@id":"https:\/\/www.salzburgerland.com\/de\/magazin\/der-neue-berghof\/#primaryimage"},"image":{"@id":"https:\/\/www.salzburgerland.com\/de\/magazin\/der-neue-berghof\/#primaryimage"},"thumbnailUrl":"https:\/\/www.salzburgerland.com\/de\/magazin\/wp-content\/uploads\/2024\/12\/2024.04.30-Hotel-Berghof-r1-night-b-scaled.jpg","datePublished":"2024-12-20T06:00:00+00:00","dateModified":"2025-10-24T06:19:15+00:00","breadcrumb":{"@id":"https:\/\/www.salzburgerland.com\/de\/magazin\/der-neue-berghof\/#breadcrumb"},"inLanguage":"de","potentialAction":[{"@type":"ReadAction","target":["https:\/\/www.salzburgerland.com\/de\/magazin\/der-neue-berghof\/"]}]},{"@type":"ImageObject","inLanguage":"de","@id":"https:\/\/www.salzburgerland.com\/de\/magazin\/der-neue-berghof\/#primaryimage","url":"https:\/\/www.salzburgerland.com\/de\/magazin\/wp-content\/uploads\/2024\/12\/2024.04.30-Hotel-Berghof-r1-night-b-scaled.jpg","contentUrl":"https:\/\/www.salzburgerland.com\/de\/magazin\/wp-content\/uploads\/2024\/12\/2024.04.30-Hotel-Berghof-r1-night-b-scaled.jpg","width":2560,"height":1917,"caption":"Der neue Berghof im Alpendorf"},{"@type":"BreadcrumbList","@id":"https:\/\/www.salzburgerland.com\/de\/magazin\/der-neue-berghof\/#breadcrumb","itemListElement":[{"@type":"ListItem","position":1,"name":"Startseite","item":"https:\/\/www.salzburgerland.com\/de\/magazin\/"},{"@type":"ListItem","position":2,"name":"Hotel &amp; Reise","item":"https:\/\/www.salzburgerland.com\/de\/magazin\/thema\/hotel-reise\/"},{"@type":"ListItem","position":3,"name":"Der Berghof in St. Johann"}]},{"@type":"WebSite","@id":"https:\/\/www.salzburgerland.com\/de\/magazin\/#website","url":"https:\/\/www.salzburgerland.com\/de\/magazin\/","name":"SalzburgerLand Magazin","description":"Geschichten und Interessantes aus dem SalzburgerLand","publisher":{"@id":"https:\/\/www.salzburgerland.com\/de\/magazin\/#organization"},"potentialAction":[{"@type":"SearchAction","target":{"@type":"EntryPoint","urlTemplate":"https:\/\/www.salzburgerland.com\/de\/magazin\/?s={search_term_string}"},"query-input":{"@type":"PropertyValueSpecification","valueRequired":true,"valueName":"search_term_string"}}],"inLanguage":"de"},{"@type":"Organization","@id":"https:\/\/www.salzburgerland.com\/de\/magazin\/#organization","name":"SalzburgerLand Tourismus","url":"https:\/\/www.salzburgerland.com\/de\/magazin\/","logo":{"@type":"ImageObject","inLanguage":"de","@id":"https:\/\/www.salzburgerland.com\/de\/magazin\/#\/schema\/logo\/image\/","url":"https:\/\/www.salzburgerland.com\/de\/magazin\/wp-content\/uploads\/2019\/06\/salzburgerland-logo1.jpg","contentUrl":"https:\/\/www.salzburgerland.com\/de\/magazin\/wp-content\/uploads\/2019\/06\/salzburgerland-logo1.jpg","width":2011,"height":866,"caption":"SalzburgerLand Tourismus"},"image":{"@id":"https:\/\/www.salzburgerland.com\/de\/magazin\/#\/schema\/logo\/image\/"},"sameAs":["https:\/\/www.facebook.com\/salzburgerland\/","https:\/\/x.com\/Salzburgerland","https:\/\/www.instagram.com\/salzburgerland\/","https:\/\/at.linkedin.com\/company\/salzburgerland-tourismus-gmbh","https:\/\/www.pinterest.at\/salzburgerland\/","https:\/\/www.youtube.com\/user\/salzburgerland","https:\/\/de.wikipedia.org\/wiki\/SalzburgerLand_Tourismus_GmbH"]},{"@type":"Person","@id":"https:\/\/www.salzburgerland.com\/de\/magazin\/#\/schema\/person\/1e4d0c967a02c339e6c85f8c3f38b89a","name":"Barbara Pirchner","description":"Reisen sieht Barbara Pirchner als ein gro\u00dfes Geschenk. Es gibt so viele tolle M\u00f6glichkeiten, wie sie die Welt entdeckt. Und wenn sie nicht unterwegs ist, erkundet sie ihre Heimat. F\u00fcr sie ist es ihr zuhause, f\u00fcr euch der Urlaubsort. Gerne nimmt sie euch hier im Magazin mit und berichtet \u00fcber die sch\u00f6nsten Orte, die lustigsten Aktivit\u00e4ten oder die entspannendsten Momente im SalzburgerLand. Nach dem Studium und jahrelanger Erfahrung im Tourismusmarketing schreibt Barbara Pirchner jetzt f\u00fcr Tourismusbetriebe. Dosige oder Zuagroast? Eindeutig a Dosige. Geboren, aufgewachsen und wohnhaft in der Salzburger Bergwelt. Jedoch jederzeit offen, was anderes von der Welt zu sehen sowie andere Kulturen und L\u00e4nder kennenzulernen \u2013 und danach die sch\u00f6nen Kleinigkeiten in der Heimat wieder mehr wertsch\u00e4tzen zu k\u00f6nnen. Salzburger Nockerl oder Schwarzbeernocken? Bei Schwarzbeernocken kribbeln meine Geschmacksknospen. Haubenlokal oder Ab-Hof-Laden? Hm. Schwere Entscheidung. Am besten alles zu seiner Zeit. K\u00f6stliche Produkte im Ab-Hof-Laden kaufen zum selber Kochen oder sich verw\u00f6hnen lassen im Haubenlokal. Kochen, schlemmen und schnabulieren - damit kann ich mich identifizieren :) Wellness oder Mountainbike? Zuerst eine sch\u00f6ne Mountainbiketour, danach zum Entspannen in den Wellnessbereich. Alpinski, Offpist oder Skitour? Alles. Am besten auf einmal und das ganze Jahr. Als Winterm\u00e4dchen sehne ich mich nach den ersten Schnee. Und dann das ganze Programm. Dirndl oder Bustierkleid? Dirndl. Liebend gern.","sameAs":["https:\/\/www.barbara-pirchner.com\/","https:\/\/www.linkedin.com\/in\/barbara-pirchner-573031120\/"],"url":"https:\/\/www.salzburgerland.com\/de\/magazin\/author\/barbara-pirchner\/"}]}},"_wl_alt_label":[],"wl:entity_url":"http:\/\/open.salzburgerland.com\/magazin\/post\/der-neue-berghof-179733","_links":{"self":[{"href":"https:\/\/www.salzburgerland.com\/de\/magazin\/wp-json\/wp\/v2\/posts\/179733","targetHints":{"allow":["GET"]}}],"collection":[{"href":"https:\/\/www.salzburgerland.com\/de\/magazin\/wp-json\/wp\/v2\/posts"}],"about":[{"href":"https:\/\/www.salzburgerland.com\/de\/magazin\/wp-json\/wp\/v2\/types\/post"}],"author":[{"embeddable":true,"href":"https:\/\/www.salzburgerland.com\/de\/magazin\/wp-json\/wp\/v2\/users\/564"}],"replies":[{"embeddable":true,"href":"https:\/\/www.salzburgerland.com\/de\/magazin\/wp-json\/wp\/v2\/comments?post=179733"}],"version-history":[{"count":9,"href":"https:\/\/www.salzburgerland.com\/de\/magazin\/wp-json\/wp\/v2\/posts\/179733\/revisions"}],"predecessor-version":[{"id":184975,"href":"https:\/\/www.salzburgerland.com\/de\/magazin\/wp-json\/wp\/v2\/posts\/179733\/revisions\/184975"}],"wp:featuredmedia":[{"embeddable":true,"href":"https:\/\/www.salzburgerland.com\/de\/magazin\/wp-json\/wp\/v2\/media\/179735"}],"wp:attachment":[{"href":"https:\/\/www.salzburgerland.com\/de\/magazin\/wp-json\/wp\/v2\/media?parent=179733"}],"wp:term":[{"taxonomy":"category","embeddable":true,"href":"https:\/\/www.salzburgerland.com\/de\/magazin\/wp-json\/wp\/v2\/categories?post=179733"},{"taxonomy":"post_tag","embeddable":true,"href":"https:\/\/www.salzburgerland.com\/de\/magazin\/wp-json\/wp\/v2\/tags?post=179733"},{"taxonomy":"wl_entity_type","embeddable":true,"href":"https:\/\/www.salzburgerland.com\/de\/magazin\/wp-json\/wp\/v2\/wl_entity_type?post=179733"},{"taxonomy":"monatsauswahl","embeddable":true,"href":"https:\/\/www.salzburgerland.com\/de\/magazin\/wp-json\/wp\/v2\/monatsauswahl?post=179733"}],"curies":[{"name":"wp","href":"https:\/\/api.w.org\/{rel}","templated":true}]}}