{"id":179722,"date":"2024-12-18T07:00:00","date_gmt":"2024-12-18T06:00:00","guid":{"rendered":"https:\/\/www.salzburgerland.com\/de\/magazin\/?p=179722"},"modified":"2025-01-31T06:39:09","modified_gmt":"2025-01-31T05:39:09","slug":"111-mal-mozart","status":"publish","type":"post","link":"https:\/\/www.salzburgerland.com\/de\/magazin\/111-mal-mozart\/","title":{"rendered":"111 Mal Mozart\u00a0"},"content":{"rendered":"\n<div class=\"wp-block-slt-top topBlocks\">\n<h2 class=\"wp-block-slt-subtitle\">Fakten, Mythen, Halbwahrheiten\u00a0<\/h2>\n\n\n\n<p class=\"wp-block-slt-intro\">Wer kurz und kompakt alle wichtigen und auch weniger wichtigen Fakten rund um Wolfgang Amadeus Mozart kennenlernen m\u00f6chte, dem sei dieses 2024 im Anton Pustet Verlag erschienene Werk ans Herz gelegt.&nbsp;<\/p>\n<\/div>\n\n\n\n<blockquote class=\"wp-block-quote is-layout-flow wp-block-quote-is-layout-flow\">\n<p>Mein herz ist v\u00f6lig entz\u00fccket, aus lauter vergn\u00fcgen, weil mir auf dieser reise so lustig ist, weil es so warm ist in den wagen, und weil unser gutscher ein galanter kerl ist, welcher, wen es der weg ein bisschen zul\u00e4st so geschwind fahrt.&nbsp;<\/p>\n<\/blockquote>\n\n\n\n<p>&#8230; ist auf dem Klappentext als Zitat von W. A. Mozart zu lesen. Und damit erfahren wir auch schon ein bisschen etwas \u00fcber den ber\u00fchmten Komponisten:&nbsp;<br>1. Er war auf Reisen<br>2. Er hatte Humor<br>3. Er war einem Vergn\u00fcgen nicht abgeneigt<br>4. Er schrieb Briefe an Freunde und Familie<\/p>\n\n\n\n<h2 class=\"wp-block-heading\" id=\"h-248-seiten-mozart-wissen\">248 Seiten Mozart-Wissen<\/h2>\n\n\n\n<p>Aber nat\u00fcrlich gibt es \u00fcber Mozart unendlich viel mehr zu erz\u00e4hlen und zu wissen. Kurz und kompakt, zusammengefasst auf 248 Seiten, hat die Internationale Stiftung Mozarteum in ihrem Buch \u201c111 Mal Mozart\u201d Fakten, Mythen und Halbwahrheiten zusammengetragen. Vieles ist bekannt, aber dennoch \u00fcberrascht das Buch auch mit so manchen neuen, am\u00fcsanten, aber auch durchaus wissenswerten Informationen.&nbsp;<\/p>\n\n\n\n<figure class=\"wp-block-image size-full\"><img loading=\"lazy\" decoding=\"async\" width=\"1920\" height=\"1277\" src=\"https:\/\/www.salzburgerland.com\/de\/magazin\/wp-content\/uploads\/2024\/12\/Bueste_Mozartplatz.jpg\" alt=\"Bronzestatue eines Mannes in zeitgen\u00f6ssischer Kleidung vor einem blauen Himmel mit einer einzelnen wei\u00dfen Wolke.\" class=\"wp-image-179724\" srcset=\"https:\/\/www.salzburgerland.com\/de\/magazin\/wp-content\/uploads\/2024\/12\/Bueste_Mozartplatz.jpg 1920w, https:\/\/www.salzburgerland.com\/de\/magazin\/wp-content\/uploads\/2024\/12\/Bueste_Mozartplatz-300x200.jpg 300w, https:\/\/www.salzburgerland.com\/de\/magazin\/wp-content\/uploads\/2024\/12\/Bueste_Mozartplatz-1536x1022.jpg 1536w, https:\/\/www.salzburgerland.com\/de\/magazin\/wp-content\/uploads\/2024\/12\/Bueste_Mozartplatz-827x550.jpg 827w, https:\/\/www.salzburgerland.com\/de\/magazin\/wp-content\/uploads\/2024\/12\/Bueste_Mozartplatz-601x400.jpg 601w, https:\/\/www.salzburgerland.com\/de\/magazin\/wp-content\/uploads\/2024\/12\/Bueste_Mozartplatz-1320x878.jpg 1320w, https:\/\/www.salzburgerland.com\/de\/magazin\/wp-content\/uploads\/2024\/12\/Bueste_Mozartplatz-150x100.jpg 150w\" sizes=\"auto, (max-width: 1920px) 100vw, 1920px\" \/><figcaption class=\"wp-element-caption\">W. A. Mozart Denkmal am Mozartplatz. \u00a9 Tourismus Salzburg<\/figcaption><\/figure>\n\n\n\n<h2 class=\"wp-block-heading\" id=\"h-mozarts-familie-und-freunde\">Mozarts Familie und Freunde<\/h2>\n\n\n\n<p>So erf\u00e4hrt man etwa, dass es im Hause Mozart Singv\u00f6gel als Haustiere gab, nach deren Wohlergehen sich Wolfgang Amad\u00e9 in seinen Briefen erkundigte. Sp\u00e4ter wurde auch Foxterrier Pimperl Teil der Mozart-Familie.&nbsp;<\/p>\n\n\n\n<p>Regelm\u00e4\u00dfig, sprich einmal in der Woche, trafen sich Freunde und Bekannte bei den Mozarts zum B\u00f6lzlschie\u00dfen. Dabei wurde mit Luftdruckgewehren aus einer Entfernung von f\u00fcnf bis sieben Metern mit kleinen Federbolzen auf teils kunstvoll bemalte Holzscheiben geschossen. Der ger\u00e4umige Tanzmeistersaal im Wohnhaus der Familie war ideal daf\u00fcr.&nbsp;&nbsp;<\/p>\n\n\n\n<h2 class=\"wp-block-heading\" id=\"h-die-mozarts-auf-reisen\">Die Mozarts auf Reisen<\/h2>\n\n\n\n<p>Da die Mozarts oft auf Reisen waren, musste auch gut \u00fcberlegt werden, was in den ger\u00e4umigen Reisenkisten mitgenommen wurde. Am wichtigsten dabei waren nat\u00fcrlich Instrumente und Noten, aber auch Empfehlungsschreiben. Dazu kamen Dinge des t\u00e4glichen Bedarfs wie Waschzeug, Schreibutensilien, aber auch Tee, Zucker und Essbesteck. F\u00fcr ihre Auftritte bekamen Wolfgang Amad\u00e9 und seine Schwester Nannerl auch Geschenke, wie Uhren, F\u00e4cher, Schuhschnallen oder Degen, die im Reisegep\u00e4ck Platz finden mussten.&nbsp;<\/p>\n\n\n\n<figure class=\"wp-block-image size-full\"><img loading=\"lazy\" decoding=\"async\" width=\"1920\" height=\"1278\" src=\"https:\/\/www.salzburgerland.com\/de\/magazin\/wp-content\/uploads\/2024\/12\/Mozartplatz_Denkmal.jpg\" alt=\"Mozart-Statue auf einem sonnigen Platz, umgeben von Blumen und historischen Geb\u00e4uden unter einem blauen Himmel.\" class=\"wp-image-179725\" srcset=\"https:\/\/www.salzburgerland.com\/de\/magazin\/wp-content\/uploads\/2024\/12\/Mozartplatz_Denkmal.jpg 1920w, https:\/\/www.salzburgerland.com\/de\/magazin\/wp-content\/uploads\/2024\/12\/Mozartplatz_Denkmal-300x200.jpg 300w, https:\/\/www.salzburgerland.com\/de\/magazin\/wp-content\/uploads\/2024\/12\/Mozartplatz_Denkmal-1536x1022.jpg 1536w, https:\/\/www.salzburgerland.com\/de\/magazin\/wp-content\/uploads\/2024\/12\/Mozartplatz_Denkmal-826x550.jpg 826w, https:\/\/www.salzburgerland.com\/de\/magazin\/wp-content\/uploads\/2024\/12\/Mozartplatz_Denkmal-601x400.jpg 601w, https:\/\/www.salzburgerland.com\/de\/magazin\/wp-content\/uploads\/2024\/12\/Mozartplatz_Denkmal-1320x879.jpg 1320w, https:\/\/www.salzburgerland.com\/de\/magazin\/wp-content\/uploads\/2024\/12\/Mozartplatz_Denkmal-150x100.jpg 150w\" sizes=\"auto, (max-width: 1920px) 100vw, 1920px\" \/><figcaption class=\"wp-element-caption\">Mozart Denkmal am Mozartplatz \u00a9\nTourismus Salzburg<\/figcaption><\/figure>\n\n\n\n<h2 class=\"wp-block-heading\" id=\"h-w-a-mozart-und-das-geld\">W. A. Mozart und das Geld<\/h2>\n\n\n\n<p>Im Buch erfahren wir auch, dass Mozart, obwohl er mit seinen Auftritten und Kompositionsauftr\u00e4gen durchaus gut verdiente, Schulden hatte. Mit Geld umgehen war wohl weniger seine Sache, wie auch seine Schwester Anna Maria anmerkte &#8222;da\u00df er das Geld nicht zu dirigieren wuste\u201d. Zu sehr liebte er das luxuri\u00f6se, elegante Leben. Bei seinem Tod hinterlie\u00df er seiner Witwe Constanze schlie\u00dflich 900 Gulden Schulden (und 60 Gulden Bargeld).&nbsp;<\/p>\n\n\n\n<p>Trotz seines offenbar opulenten Lebensstils war Mozart zeit seines Lebens ein Kindskopf, der seine Zeitgenossen immer wieder mit seinen unkonventionellen Verhaltensweisen \u00fcberraschte. Auch seine Briefe zeugen von seiner gewollten Sprunghaftigkeit. Da wechselte er mit im Satz die Sprache, verfiel in Dialekt, reimte, vertauschte W\u00f6rter oder schrieb sie r\u00fcckw\u00e4rts.&nbsp;<\/p>\n\n\n\n<p>Zusammenfassend ist das Buch ein Fundus f\u00fcr alle \u2013 Mozart-Einsteiger*innen und Besserwisser*innen aber auch f\u00fcr Mozart-Spezialist*innen \u2013 die schnelle Informationen \u00fcber Leben und Werk von W. A. Mozart suchen.\u00a0<\/p>\n\n\n\n<figure class=\"wp-block-image size-full\"><img loading=\"lazy\" decoding=\"async\" width=\"1370\" height=\"2126\" src=\"https:\/\/www.salzburgerland.com\/de\/magazin\/wp-content\/uploads\/2024\/12\/978_3_7025_1137_1.jpg\" alt=\"Illustration von Mozarts Beinen in zeitgen\u00f6ssischer Kleidung mit dem Buchtitel 111 Mal Mozart und deutschem Text.\" class=\"wp-image-179726\" srcset=\"https:\/\/www.salzburgerland.com\/de\/magazin\/wp-content\/uploads\/2024\/12\/978_3_7025_1137_1.jpg 1370w, https:\/\/www.salzburgerland.com\/de\/magazin\/wp-content\/uploads\/2024\/12\/978_3_7025_1137_1-193x300.jpg 193w, https:\/\/www.salzburgerland.com\/de\/magazin\/wp-content\/uploads\/2024\/12\/978_3_7025_1137_1-990x1536.jpg 990w, https:\/\/www.salzburgerland.com\/de\/magazin\/wp-content\/uploads\/2024\/12\/978_3_7025_1137_1-1320x2048.jpg 1320w, https:\/\/www.salzburgerland.com\/de\/magazin\/wp-content\/uploads\/2024\/12\/978_3_7025_1137_1-354x550.jpg 354w, https:\/\/www.salzburgerland.com\/de\/magazin\/wp-content\/uploads\/2024\/12\/978_3_7025_1137_1-258x400.jpg 258w, https:\/\/www.salzburgerland.com\/de\/magazin\/wp-content\/uploads\/2024\/12\/978_3_7025_1137_1-418x650.jpg 418w, https:\/\/www.salzburgerland.com\/de\/magazin\/wp-content\/uploads\/2024\/12\/978_3_7025_1137_1-209x325.jpg 209w, https:\/\/www.salzburgerland.com\/de\/magazin\/wp-content\/uploads\/2024\/12\/978_3_7025_1137_1-150x233.jpg 150w\" sizes=\"auto, (max-width: 1370px) 100vw, 1370px\" \/><\/figure>\n","protected":false},"excerpt":{"rendered":"<p>Mein herz ist v\u00f6lig entz\u00fccket, aus lauter vergn\u00fcgen, weil mir auf dieser reise so lustig ist, weil es so warm ist in den wagen, und weil unser gutscher ein galanter kerl ist, welcher, wen es der weg ein bisschen zul\u00e4st so geschwind fahrt.&nbsp; &#8230; ist auf dem Klappentext als Zitat von W. A. Mozart zu [&hellip;]<\/p>\n","protected":false},"author":90,"featured_media":179723,"comment_status":"closed","ping_status":"closed","sticky":false,"template":"","format":"standard","meta":{"_acf_changed":false,"wl_entities_gutenberg":"","_wl_entity_redirect_enabled":"","footnotes":""},"categories":[6],"tags":[2449],"wl_entity_type":[306],"monatsauswahl":[],"class_list":["post-179722","post","type-post","status-publish","format-standard","has-post-thumbnail","hentry","category-kunst-kultur","tag-mozart","wl_entity_type-article"],"acf":[],"yoast_head":"<!-- This site is optimized with the Yoast SEO Premium plugin v27.4 (Yoast SEO v27.4) - https:\/\/yoast.com\/product\/yoast-seo-premium-wordpress\/ -->\n<title>111 Mal Mozart\u00a0 - SalzburgerLand Magazin<\/title>\n<meta name=\"robots\" content=\"index, follow, max-snippet:-1, max-image-preview:large, max-video-preview:-1\" \/>\n<link rel=\"canonical\" href=\"https:\/\/www.salzburgerland.com\/de\/magazin\/111-mal-mozart\/\" \/>\n<meta property=\"og:locale\" content=\"de_DE\" \/>\n<meta property=\"og:type\" content=\"article\" \/>\n<meta property=\"og:title\" content=\"111 Mal Mozart\u00a0\" \/>\n<meta property=\"og:description\" content=\"Mein herz ist v\u00f6lig entz\u00fccket, aus lauter vergn\u00fcgen, weil mir auf dieser reise so lustig ist, weil es so warm ist in den wagen, und weil unser gutscher ein galanter kerl ist, welcher, wen es der weg ein bisschen zul\u00e4st so geschwind fahrt.&nbsp; &#8230; ist auf dem Klappentext als Zitat von W. A. Mozart zu [&hellip;]\" \/>\n<meta property=\"og:url\" content=\"https:\/\/www.salzburgerland.com\/de\/magazin\/111-mal-mozart\/\" \/>\n<meta property=\"og:site_name\" content=\"SalzburgerLand Magazin\" \/>\n<meta property=\"article:publisher\" content=\"https:\/\/www.facebook.com\/salzburgerland\/\" \/>\n<meta property=\"article:published_time\" content=\"2024-12-18T06:00:00+00:00\" \/>\n<meta property=\"article:modified_time\" content=\"2025-01-31T05:39:09+00:00\" \/>\n<meta property=\"og:image\" content=\"https:\/\/www.salzburgerland.com\/de\/magazin\/wp-content\/uploads\/2024\/12\/Header-Buchtipp-111-mal-Mozart.jpg\" \/>\n\t<meta property=\"og:image:width\" content=\"1920\" \/>\n\t<meta property=\"og:image:height\" content=\"1474\" \/>\n\t<meta property=\"og:image:type\" content=\"image\/jpeg\" \/>\n<meta name=\"author\" content=\"Ulli Hammerl\" \/>\n<meta name=\"twitter:card\" content=\"summary_large_image\" \/>\n<meta name=\"twitter:creator\" content=\"@Salzburgerland\" \/>\n<meta name=\"twitter:site\" content=\"@Salzburgerland\" \/>\n<meta name=\"twitter:label1\" content=\"Verfasst von\" \/>\n\t<meta name=\"twitter:data1\" content=\"Ulli Hammerl\" \/>\n\t<meta name=\"twitter:label2\" content=\"Gesch\u00e4tzte Lesezeit\" \/>\n\t<meta name=\"twitter:data2\" content=\"4\u00a0Minuten\" \/>\n<script type=\"application\/ld+json\" class=\"yoast-schema-graph\">{\"@context\":\"https:\\\/\\\/schema.org\",\"@graph\":[{\"@type\":\"Article\",\"@id\":\"https:\\\/\\\/www.salzburgerland.com\\\/de\\\/magazin\\\/111-mal-mozart\\\/#article\",\"isPartOf\":{\"@id\":\"https:\\\/\\\/www.salzburgerland.com\\\/de\\\/magazin\\\/111-mal-mozart\\\/\"},\"author\":{\"name\":\"Ulli Hammerl\",\"@id\":\"https:\\\/\\\/www.salzburgerland.com\\\/de\\\/magazin\\\/#\\\/schema\\\/person\\\/a55a4fee1009b9e458d298480a18a9f7\"},\"headline\":\"111 Mal Mozart\u00a0\",\"datePublished\":\"2024-12-18T06:00:00+00:00\",\"dateModified\":\"2025-01-31T05:39:09+00:00\",\"mainEntityOfPage\":{\"@id\":\"https:\\\/\\\/www.salzburgerland.com\\\/de\\\/magazin\\\/111-mal-mozart\\\/\"},\"wordCount\":539,\"publisher\":{\"@id\":\"https:\\\/\\\/www.salzburgerland.com\\\/de\\\/magazin\\\/#organization\"},\"image\":{\"@id\":\"https:\\\/\\\/www.salzburgerland.com\\\/de\\\/magazin\\\/111-mal-mozart\\\/#primaryimage\"},\"thumbnailUrl\":\"https:\\\/\\\/www.salzburgerland.com\\\/de\\\/magazin\\\/wp-content\\\/uploads\\\/2024\\\/12\\\/Header-Buchtipp-111-mal-Mozart.jpg\",\"keywords\":[\"Mozart\"],\"articleSection\":[\"Kunst &amp; Kultur\"],\"inLanguage\":\"de\"},{\"@type\":\"WebPage\",\"@id\":\"https:\\\/\\\/www.salzburgerland.com\\\/de\\\/magazin\\\/111-mal-mozart\\\/\",\"url\":\"https:\\\/\\\/www.salzburgerland.com\\\/de\\\/magazin\\\/111-mal-mozart\\\/\",\"name\":\"111 Mal Mozart\u00a0 - SalzburgerLand Magazin\",\"isPartOf\":{\"@id\":\"https:\\\/\\\/www.salzburgerland.com\\\/de\\\/magazin\\\/#website\"},\"primaryImageOfPage\":{\"@id\":\"https:\\\/\\\/www.salzburgerland.com\\\/de\\\/magazin\\\/111-mal-mozart\\\/#primaryimage\"},\"image\":{\"@id\":\"https:\\\/\\\/www.salzburgerland.com\\\/de\\\/magazin\\\/111-mal-mozart\\\/#primaryimage\"},\"thumbnailUrl\":\"https:\\\/\\\/www.salzburgerland.com\\\/de\\\/magazin\\\/wp-content\\\/uploads\\\/2024\\\/12\\\/Header-Buchtipp-111-mal-Mozart.jpg\",\"datePublished\":\"2024-12-18T06:00:00+00:00\",\"dateModified\":\"2025-01-31T05:39:09+00:00\",\"breadcrumb\":{\"@id\":\"https:\\\/\\\/www.salzburgerland.com\\\/de\\\/magazin\\\/111-mal-mozart\\\/#breadcrumb\"},\"inLanguage\":\"de\",\"potentialAction\":[{\"@type\":\"ReadAction\",\"target\":[\"https:\\\/\\\/www.salzburgerland.com\\\/de\\\/magazin\\\/111-mal-mozart\\\/\"]}]},{\"@type\":\"ImageObject\",\"inLanguage\":\"de\",\"@id\":\"https:\\\/\\\/www.salzburgerland.com\\\/de\\\/magazin\\\/111-mal-mozart\\\/#primaryimage\",\"url\":\"https:\\\/\\\/www.salzburgerland.com\\\/de\\\/magazin\\\/wp-content\\\/uploads\\\/2024\\\/12\\\/Header-Buchtipp-111-mal-Mozart.jpg\",\"contentUrl\":\"https:\\\/\\\/www.salzburgerland.com\\\/de\\\/magazin\\\/wp-content\\\/uploads\\\/2024\\\/12\\\/Header-Buchtipp-111-mal-Mozart.jpg\",\"width\":1920,\"height\":1474,\"caption\":\"Echte Salzburger Mozartkugeln von Mirabell. Genuine Salzburger Mozartkugeln (brand: Mirabell)\"},{\"@type\":\"BreadcrumbList\",\"@id\":\"https:\\\/\\\/www.salzburgerland.com\\\/de\\\/magazin\\\/111-mal-mozart\\\/#breadcrumb\",\"itemListElement\":[{\"@type\":\"ListItem\",\"position\":1,\"name\":\"Startseite\",\"item\":\"https:\\\/\\\/www.salzburgerland.com\\\/de\\\/magazin\\\/\"},{\"@type\":\"ListItem\",\"position\":2,\"name\":\"Kunst &amp; Kultur\",\"item\":\"https:\\\/\\\/www.salzburgerland.com\\\/de\\\/magazin\\\/thema\\\/kunst-kultur\\\/\"},{\"@type\":\"ListItem\",\"position\":3,\"name\":\"111 Mal Mozart\u00a0\"}]},{\"@type\":\"WebSite\",\"@id\":\"https:\\\/\\\/www.salzburgerland.com\\\/de\\\/magazin\\\/#website\",\"url\":\"https:\\\/\\\/www.salzburgerland.com\\\/de\\\/magazin\\\/\",\"name\":\"SalzburgerLand Magazin\",\"description\":\"Geschichten und Interessantes aus dem SalzburgerLand\",\"publisher\":{\"@id\":\"https:\\\/\\\/www.salzburgerland.com\\\/de\\\/magazin\\\/#organization\"},\"potentialAction\":[{\"@type\":\"SearchAction\",\"target\":{\"@type\":\"EntryPoint\",\"urlTemplate\":\"https:\\\/\\\/www.salzburgerland.com\\\/de\\\/magazin\\\/?s={search_term_string}\"},\"query-input\":{\"@type\":\"PropertyValueSpecification\",\"valueRequired\":true,\"valueName\":\"search_term_string\"}}],\"inLanguage\":\"de\"},{\"@type\":\"Organization\",\"@id\":\"https:\\\/\\\/www.salzburgerland.com\\\/de\\\/magazin\\\/#organization\",\"name\":\"SalzburgerLand Tourismus\",\"url\":\"https:\\\/\\\/www.salzburgerland.com\\\/de\\\/magazin\\\/\",\"logo\":{\"@type\":\"ImageObject\",\"inLanguage\":\"de\",\"@id\":\"https:\\\/\\\/www.salzburgerland.com\\\/de\\\/magazin\\\/#\\\/schema\\\/logo\\\/image\\\/\",\"url\":\"https:\\\/\\\/www.salzburgerland.com\\\/de\\\/magazin\\\/wp-content\\\/uploads\\\/2019\\\/06\\\/salzburgerland-logo1.jpg\",\"contentUrl\":\"https:\\\/\\\/www.salzburgerland.com\\\/de\\\/magazin\\\/wp-content\\\/uploads\\\/2019\\\/06\\\/salzburgerland-logo1.jpg\",\"width\":2011,\"height\":866,\"caption\":\"SalzburgerLand Tourismus\"},\"image\":{\"@id\":\"https:\\\/\\\/www.salzburgerland.com\\\/de\\\/magazin\\\/#\\\/schema\\\/logo\\\/image\\\/\"},\"sameAs\":[\"https:\\\/\\\/www.facebook.com\\\/salzburgerland\\\/\",\"https:\\\/\\\/x.com\\\/Salzburgerland\",\"https:\\\/\\\/www.instagram.com\\\/salzburgerland\\\/\",\"https:\\\/\\\/at.linkedin.com\\\/company\\\/salzburgerland-tourismus-gmbh\",\"https:\\\/\\\/www.pinterest.at\\\/salzburgerland\\\/\",\"https:\\\/\\\/www.youtube.com\\\/user\\\/salzburgerland\",\"https:\\\/\\\/de.wikipedia.org\\\/wiki\\\/SalzburgerLand_Tourismus_GmbH\"]},{\"@type\":\"Person\",\"@id\":\"https:\\\/\\\/www.salzburgerland.com\\\/de\\\/magazin\\\/#\\\/schema\\\/person\\\/a55a4fee1009b9e458d298480a18a9f7\",\"name\":\"Ulli Hammerl\",\"description\":\"Geboren und aufgewachsen in der Stadt Salzburg war Ulli Hammerl fr\u00fch bewusst, in einer der sch\u00f6nsten St\u00e4dte der Welt zu leben. So ist sie auch w\u00e4hrend ihres Studiums der Kommunikationswissenschaft und \u00d6kologie ihrer Heimatstadt treu geblieben. Gleich nach dem Studium ist sie zu SalzburgerLand Tourismus (SLTG) gegangen und hat hier von 1998 - 2004 u.a. die SalzburgerLand Card betreut. Dabei ist sie viel herumgekommen, wodurch auch die Liebe zum SalzburgerLand enstanden und gewachsen ist. Nach der Geburt ihrer Tochter im September 2004 hat sich Ulli Hammerl 2007 mit einer Agentur selbst\u00e4ndig gemacht. Mein pers\u00f6nlicher Logenplatz: Hoch \u00fcber Salzburg, abseits der stark begangenen Wege mit Blick auf die D\u00e4cher und Kircht\u00fcrme der Stadt \u2013 hier geht mir das Herz auf! Morgen- oder Abendmensch: Ganz klar: Morgenmensch. Wenn um 5.00 Uhr fr\u00fch die V\u00f6gel zwitschern und rund herum noch alles in tiefer Ruhe versinkt, dann ist meine Zeit. Ausgeschlafen, Energie geladen und voller Tatendrang starte ich am liebsten in den fr\u00fchen Morgenstunden in den Tag. Daf\u00fcr kann man nach 21.00 Uhr nicht mehr mit mir rechnen. Buch oder Film: Es gibt nichts Sch\u00f6neres, als es sich am Ende des Tages auf der Couch gem\u00fctlich zu machen und in die Gedankenwelt eines guten Buches einzutauchen \u2013 Lesen ist Abenteuer im Kopf. Wandern, Spazierengehen oder Laufen: alles drei und zwar am besten jeden Tag. Mit ein bisschen Zeiteinteilung geht es sich tats\u00e4chlich fast gehen Tag aus, drau\u00dfen unterwegs zu sein. Fr\u00fchling, Sommer, Herbst oder Winter: Ich kann es im Fr\u00fchling kaum erwarten, die ersten Gr\u00fcnschattierungen in der Natur zu entdecken. Ich liebe hei\u00dfe Sommertage am See und laue Sommerabende am Balkon. Ich mag es, wenn im Herbst die W\u00e4lder in einem Meer aus Farben erstrahlen, Laubrascheln und Kastanien sammeln. Und ich freue mich wie ein Kind, wenn im Dezember die ersten Schneeflocken vom Himmel schweben. Die vier Jahreszeiten sind etwas Wunderbares.\",\"url\":\"https:\\\/\\\/www.salzburgerland.com\\\/de\\\/magazin\\\/author\\\/ulli-hammerl\\\/\"}]}<\/script>\n<!-- \/ Yoast SEO Premium plugin. -->","yoast_head_json":{"title":"111 Mal Mozart\u00a0 - SalzburgerLand Magazin","robots":{"index":"index","follow":"follow","max-snippet":"max-snippet:-1","max-image-preview":"max-image-preview:large","max-video-preview":"max-video-preview:-1"},"canonical":"https:\/\/www.salzburgerland.com\/de\/magazin\/111-mal-mozart\/","og_locale":"de_DE","og_type":"article","og_title":"111 Mal Mozart\u00a0","og_description":"Mein herz ist v\u00f6lig entz\u00fccket, aus lauter vergn\u00fcgen, weil mir auf dieser reise so lustig ist, weil es so warm ist in den wagen, und weil unser gutscher ein galanter kerl ist, welcher, wen es der weg ein bisschen zul\u00e4st so geschwind fahrt.&nbsp; &#8230; ist auf dem Klappentext als Zitat von W. A. Mozart zu [&hellip;]","og_url":"https:\/\/www.salzburgerland.com\/de\/magazin\/111-mal-mozart\/","og_site_name":"SalzburgerLand Magazin","article_publisher":"https:\/\/www.facebook.com\/salzburgerland\/","article_published_time":"2024-12-18T06:00:00+00:00","article_modified_time":"2025-01-31T05:39:09+00:00","og_image":[{"width":1920,"height":1474,"url":"https:\/\/www.salzburgerland.com\/de\/magazin\/wp-content\/uploads\/2024\/12\/Header-Buchtipp-111-mal-Mozart.jpg","type":"image\/jpeg"}],"author":"Ulli Hammerl","twitter_card":"summary_large_image","twitter_creator":"@Salzburgerland","twitter_site":"@Salzburgerland","twitter_misc":{"Verfasst von":"Ulli Hammerl","Gesch\u00e4tzte Lesezeit":"4\u00a0Minuten"},"schema":{"@context":"https:\/\/schema.org","@graph":[{"@type":"Article","@id":"https:\/\/www.salzburgerland.com\/de\/magazin\/111-mal-mozart\/#article","isPartOf":{"@id":"https:\/\/www.salzburgerland.com\/de\/magazin\/111-mal-mozart\/"},"author":{"name":"Ulli Hammerl","@id":"https:\/\/www.salzburgerland.com\/de\/magazin\/#\/schema\/person\/a55a4fee1009b9e458d298480a18a9f7"},"headline":"111 Mal Mozart\u00a0","datePublished":"2024-12-18T06:00:00+00:00","dateModified":"2025-01-31T05:39:09+00:00","mainEntityOfPage":{"@id":"https:\/\/www.salzburgerland.com\/de\/magazin\/111-mal-mozart\/"},"wordCount":539,"publisher":{"@id":"https:\/\/www.salzburgerland.com\/de\/magazin\/#organization"},"image":{"@id":"https:\/\/www.salzburgerland.com\/de\/magazin\/111-mal-mozart\/#primaryimage"},"thumbnailUrl":"https:\/\/www.salzburgerland.com\/de\/magazin\/wp-content\/uploads\/2024\/12\/Header-Buchtipp-111-mal-Mozart.jpg","keywords":["Mozart"],"articleSection":["Kunst &amp; Kultur"],"inLanguage":"de"},{"@type":"WebPage","@id":"https:\/\/www.salzburgerland.com\/de\/magazin\/111-mal-mozart\/","url":"https:\/\/www.salzburgerland.com\/de\/magazin\/111-mal-mozart\/","name":"111 Mal Mozart\u00a0 - SalzburgerLand Magazin","isPartOf":{"@id":"https:\/\/www.salzburgerland.com\/de\/magazin\/#website"},"primaryImageOfPage":{"@id":"https:\/\/www.salzburgerland.com\/de\/magazin\/111-mal-mozart\/#primaryimage"},"image":{"@id":"https:\/\/www.salzburgerland.com\/de\/magazin\/111-mal-mozart\/#primaryimage"},"thumbnailUrl":"https:\/\/www.salzburgerland.com\/de\/magazin\/wp-content\/uploads\/2024\/12\/Header-Buchtipp-111-mal-Mozart.jpg","datePublished":"2024-12-18T06:00:00+00:00","dateModified":"2025-01-31T05:39:09+00:00","breadcrumb":{"@id":"https:\/\/www.salzburgerland.com\/de\/magazin\/111-mal-mozart\/#breadcrumb"},"inLanguage":"de","potentialAction":[{"@type":"ReadAction","target":["https:\/\/www.salzburgerland.com\/de\/magazin\/111-mal-mozart\/"]}]},{"@type":"ImageObject","inLanguage":"de","@id":"https:\/\/www.salzburgerland.com\/de\/magazin\/111-mal-mozart\/#primaryimage","url":"https:\/\/www.salzburgerland.com\/de\/magazin\/wp-content\/uploads\/2024\/12\/Header-Buchtipp-111-mal-Mozart.jpg","contentUrl":"https:\/\/www.salzburgerland.com\/de\/magazin\/wp-content\/uploads\/2024\/12\/Header-Buchtipp-111-mal-Mozart.jpg","width":1920,"height":1474,"caption":"Echte Salzburger Mozartkugeln von Mirabell. Genuine Salzburger Mozartkugeln (brand: Mirabell)"},{"@type":"BreadcrumbList","@id":"https:\/\/www.salzburgerland.com\/de\/magazin\/111-mal-mozart\/#breadcrumb","itemListElement":[{"@type":"ListItem","position":1,"name":"Startseite","item":"https:\/\/www.salzburgerland.com\/de\/magazin\/"},{"@type":"ListItem","position":2,"name":"Kunst &amp; Kultur","item":"https:\/\/www.salzburgerland.com\/de\/magazin\/thema\/kunst-kultur\/"},{"@type":"ListItem","position":3,"name":"111 Mal Mozart\u00a0"}]},{"@type":"WebSite","@id":"https:\/\/www.salzburgerland.com\/de\/magazin\/#website","url":"https:\/\/www.salzburgerland.com\/de\/magazin\/","name":"SalzburgerLand Magazin","description":"Geschichten und Interessantes aus dem SalzburgerLand","publisher":{"@id":"https:\/\/www.salzburgerland.com\/de\/magazin\/#organization"},"potentialAction":[{"@type":"SearchAction","target":{"@type":"EntryPoint","urlTemplate":"https:\/\/www.salzburgerland.com\/de\/magazin\/?s={search_term_string}"},"query-input":{"@type":"PropertyValueSpecification","valueRequired":true,"valueName":"search_term_string"}}],"inLanguage":"de"},{"@type":"Organization","@id":"https:\/\/www.salzburgerland.com\/de\/magazin\/#organization","name":"SalzburgerLand Tourismus","url":"https:\/\/www.salzburgerland.com\/de\/magazin\/","logo":{"@type":"ImageObject","inLanguage":"de","@id":"https:\/\/www.salzburgerland.com\/de\/magazin\/#\/schema\/logo\/image\/","url":"https:\/\/www.salzburgerland.com\/de\/magazin\/wp-content\/uploads\/2019\/06\/salzburgerland-logo1.jpg","contentUrl":"https:\/\/www.salzburgerland.com\/de\/magazin\/wp-content\/uploads\/2019\/06\/salzburgerland-logo1.jpg","width":2011,"height":866,"caption":"SalzburgerLand Tourismus"},"image":{"@id":"https:\/\/www.salzburgerland.com\/de\/magazin\/#\/schema\/logo\/image\/"},"sameAs":["https:\/\/www.facebook.com\/salzburgerland\/","https:\/\/x.com\/Salzburgerland","https:\/\/www.instagram.com\/salzburgerland\/","https:\/\/at.linkedin.com\/company\/salzburgerland-tourismus-gmbh","https:\/\/www.pinterest.at\/salzburgerland\/","https:\/\/www.youtube.com\/user\/salzburgerland","https:\/\/de.wikipedia.org\/wiki\/SalzburgerLand_Tourismus_GmbH"]},{"@type":"Person","@id":"https:\/\/www.salzburgerland.com\/de\/magazin\/#\/schema\/person\/a55a4fee1009b9e458d298480a18a9f7","name":"Ulli Hammerl","description":"Geboren und aufgewachsen in der Stadt Salzburg war Ulli Hammerl fr\u00fch bewusst, in einer der sch\u00f6nsten St\u00e4dte der Welt zu leben. So ist sie auch w\u00e4hrend ihres Studiums der Kommunikationswissenschaft und \u00d6kologie ihrer Heimatstadt treu geblieben. Gleich nach dem Studium ist sie zu SalzburgerLand Tourismus (SLTG) gegangen und hat hier von 1998 - 2004 u.a. die SalzburgerLand Card betreut. Dabei ist sie viel herumgekommen, wodurch auch die Liebe zum SalzburgerLand enstanden und gewachsen ist. Nach der Geburt ihrer Tochter im September 2004 hat sich Ulli Hammerl 2007 mit einer Agentur selbst\u00e4ndig gemacht. Mein pers\u00f6nlicher Logenplatz: Hoch \u00fcber Salzburg, abseits der stark begangenen Wege mit Blick auf die D\u00e4cher und Kircht\u00fcrme der Stadt \u2013 hier geht mir das Herz auf! Morgen- oder Abendmensch: Ganz klar: Morgenmensch. Wenn um 5.00 Uhr fr\u00fch die V\u00f6gel zwitschern und rund herum noch alles in tiefer Ruhe versinkt, dann ist meine Zeit. Ausgeschlafen, Energie geladen und voller Tatendrang starte ich am liebsten in den fr\u00fchen Morgenstunden in den Tag. Daf\u00fcr kann man nach 21.00 Uhr nicht mehr mit mir rechnen. Buch oder Film: Es gibt nichts Sch\u00f6neres, als es sich am Ende des Tages auf der Couch gem\u00fctlich zu machen und in die Gedankenwelt eines guten Buches einzutauchen \u2013 Lesen ist Abenteuer im Kopf. Wandern, Spazierengehen oder Laufen: alles drei und zwar am besten jeden Tag. Mit ein bisschen Zeiteinteilung geht es sich tats\u00e4chlich fast gehen Tag aus, drau\u00dfen unterwegs zu sein. Fr\u00fchling, Sommer, Herbst oder Winter: Ich kann es im Fr\u00fchling kaum erwarten, die ersten Gr\u00fcnschattierungen in der Natur zu entdecken. Ich liebe hei\u00dfe Sommertage am See und laue Sommerabende am Balkon. Ich mag es, wenn im Herbst die W\u00e4lder in einem Meer aus Farben erstrahlen, Laubrascheln und Kastanien sammeln. Und ich freue mich wie ein Kind, wenn im Dezember die ersten Schneeflocken vom Himmel schweben. Die vier Jahreszeiten sind etwas Wunderbares.","url":"https:\/\/www.salzburgerland.com\/de\/magazin\/author\/ulli-hammerl\/"}]}},"_wl_alt_label":[],"wl:entity_url":"http:\/\/open.salzburgerland.com\/magazin\/post\/111-mal-mozart-179722","_links":{"self":[{"href":"https:\/\/www.salzburgerland.com\/de\/magazin\/wp-json\/wp\/v2\/posts\/179722","targetHints":{"allow":["GET"]}}],"collection":[{"href":"https:\/\/www.salzburgerland.com\/de\/magazin\/wp-json\/wp\/v2\/posts"}],"about":[{"href":"https:\/\/www.salzburgerland.com\/de\/magazin\/wp-json\/wp\/v2\/types\/post"}],"author":[{"embeddable":true,"href":"https:\/\/www.salzburgerland.com\/de\/magazin\/wp-json\/wp\/v2\/users\/90"}],"replies":[{"embeddable":true,"href":"https:\/\/www.salzburgerland.com\/de\/magazin\/wp-json\/wp\/v2\/comments?post=179722"}],"version-history":[{"count":9,"href":"https:\/\/www.salzburgerland.com\/de\/magazin\/wp-json\/wp\/v2\/posts\/179722\/revisions"}],"predecessor-version":[{"id":180722,"href":"https:\/\/www.salzburgerland.com\/de\/magazin\/wp-json\/wp\/v2\/posts\/179722\/revisions\/180722"}],"wp:featuredmedia":[{"embeddable":true,"href":"https:\/\/www.salzburgerland.com\/de\/magazin\/wp-json\/wp\/v2\/media\/179723"}],"wp:attachment":[{"href":"https:\/\/www.salzburgerland.com\/de\/magazin\/wp-json\/wp\/v2\/media?parent=179722"}],"wp:term":[{"taxonomy":"category","embeddable":true,"href":"https:\/\/www.salzburgerland.com\/de\/magazin\/wp-json\/wp\/v2\/categories?post=179722"},{"taxonomy":"post_tag","embeddable":true,"href":"https:\/\/www.salzburgerland.com\/de\/magazin\/wp-json\/wp\/v2\/tags?post=179722"},{"taxonomy":"wl_entity_type","embeddable":true,"href":"https:\/\/www.salzburgerland.com\/de\/magazin\/wp-json\/wp\/v2\/wl_entity_type?post=179722"},{"taxonomy":"monatsauswahl","embeddable":true,"href":"https:\/\/www.salzburgerland.com\/de\/magazin\/wp-json\/wp\/v2\/monatsauswahl?post=179722"}],"curies":[{"name":"wp","href":"https:\/\/api.w.org\/{rel}","templated":true}]}}