{"id":179416,"date":"2025-11-03T07:00:00","date_gmt":"2025-11-03T06:00:00","guid":{"rendered":"https:\/\/www.salzburgerland.com\/de\/magazin\/?p=179416"},"modified":"2025-11-03T09:26:24","modified_gmt":"2025-11-03T08:26:24","slug":"wintermarkt-im-rosewood-schloss-fuschl","status":"publish","type":"post","link":"https:\/\/www.salzburgerland.com\/de\/magazin\/wintermarkt-im-rosewood-schloss-fuschl\/","title":{"rendered":"Wintermarkt im Rosewood Schloss Fuschl"},"content":{"rendered":"\n<div class=\"wp-block-slt-top topBlocks\">\n<h2 class=\"wp-block-slt-subtitle\">Ein Winterm\u00e4rchen am Fuschlsee<\/h2>\n\n\n\n<p class=\"wp-block-slt-intro\">Eingebettet in die malerische Landschaft am t\u00fcrkisblauen <a href=\"https:\/\/fuschlsee.salzkammergut.at\/\" target=\"_blank\" rel=\"noreferrer noopener\">Fuschlsee<\/a>, umrahmt von schneebedeckten Bergen und stillen W\u00e4ldern, bietet das <a href=\"https:\/\/www.rosewoodhotels.com\/de\/schloss-fuschl-salzburg\" target=\"_blank\" rel=\"noreferrer noopener\">Rosewood Schloss Fuschl<\/a> eine zauberhafte Kulisse f\u00fcr eine ganz besondere Reise in die besinnliche Weihnachtszeit. <\/p>\n<\/div>\n\n\n\n<p>Nur 15 Kilometer von der Barockstadt Salzburg entfernt, entf\u00fchrt dieser Ort seine Besucher in eine Welt fernab des Alltags. Von stimmungsvollen Adventsmomenten \u00fcber festliche Men\u00fcs zu Weihnachten und einem pr\u00e4chtigem Silvesterarrangement \u2013 durch die festlichen Angebote wird die Magie der Saison f\u00fcr alle G\u00e4ste sp\u00fcrbar.<\/p>\n\n\n\n<figure class=\"wp-block-image size-full\"><img loading=\"lazy\" decoding=\"async\" width=\"1702\" height=\"1446\" src=\"https:\/\/www.salzburgerland.com\/de\/magazin\/wp-content\/uploads\/2024\/11\/L1003193-scaled-e1732182416150.jpg\" alt=\"Ein festlicher Kranz mit tierischen Ornamenten leuchtet und erinnert an die edle Handwerkskunst beim Wintermarkt im Schloss Fuschl.\" class=\"wp-image-179445\" srcset=\"https:\/\/www.salzburgerland.com\/de\/magazin\/wp-content\/uploads\/2024\/11\/L1003193-scaled-e1732182416150.jpg 1702w, https:\/\/www.salzburgerland.com\/de\/magazin\/wp-content\/uploads\/2024\/11\/L1003193-scaled-e1732182416150-300x255.jpg 300w, https:\/\/www.salzburgerland.com\/de\/magazin\/wp-content\/uploads\/2024\/11\/L1003193-scaled-e1732182416150-1536x1305.jpg 1536w, https:\/\/www.salzburgerland.com\/de\/magazin\/wp-content\/uploads\/2024\/11\/L1003193-scaled-e1732182416150-647x550.jpg 647w, https:\/\/www.salzburgerland.com\/de\/magazin\/wp-content\/uploads\/2024\/11\/L1003193-scaled-e1732182416150-471x400.jpg 471w, https:\/\/www.salzburgerland.com\/de\/magazin\/wp-content\/uploads\/2024\/11\/L1003193-scaled-e1732182416150-1320x1121.jpg 1320w, https:\/\/www.salzburgerland.com\/de\/magazin\/wp-content\/uploads\/2024\/11\/L1003193-scaled-e1732182416150-150x127.jpg 150w, https:\/\/www.salzburgerland.com\/de\/magazin\/wp-content\/uploads\/2024\/11\/L1003193-scaled-e1732182416150-768x652.jpg 768w\" sizes=\"auto, (max-width: 1702px) 100vw, 1702px\" \/><\/figure>\n\n\n\n<h2 class=\"wp-block-heading\" id=\"h-weihnachtsmarkt-voller-traditionen\">Weihnachtsmarkt voller Traditionen<\/h2>\n\n\n\n<p>Die Adventzeit im Rosewood Schloss Fuschl ist gepr\u00e4gt von Eleganz und regionaler Tradition: Ein Weihnachtsmarkt mit ausgew\u00e4hlten lokalen Ausstellern l\u00e4dt dazu ein, besondere Geschenkideen und kulinarische Spezialit\u00e4ten zu entdecken. Mit dabei sind unter anderem:<\/p>\n\n\n\n<p>Die Aussteller &#8211; eine gute Mischung von edlen Marken und regionalen Produzenten<\/p>\n\n\n\n<p>\u2022 <a href=\"https:\/\/almsinn.at\/\">AlmSinn<\/a> \u2013 Wildkr\u00e4uter-Spezialit\u00e4ten aus eigener Produktion<\/p>\n\n\n\n<p>\u2022 <a href=\"https:\/\/www.vks-manufaktur.at\">VKS Manufaktur<\/a> \u2013 hausgemachte Delikatessen<\/p>\n\n\n\n<p>\u2022 <a href=\"https:\/\/www.elfundelfchen.at\/\">Elf &amp; Elfchen<\/a> \u2013 weihnachtliche Dekoration<\/p>\n\n\n\n<p>\u2022 <a href=\"https:\/\/www.destillerie-hanusch.at\/\">Destillerie Hanusch<\/a> \u2013 winterliche Getr\u00e4nke<\/p>\n\n\n\n<p>\u2022 Nina Ziller \u2013 Geschenkideen aus Gips und Holz<\/p>\n\n\n\n<p>\u2022 <a href=\"https:\/\/dereinfacheluxus.at\/\">Der einfache Luxus<\/a> \u2013 bestickte Leinentextilien<\/p>\n\n\n\n<p>\u2022 <a href=\"https:\/\/divine-vinothek.at\/\">Di Vine \u2013 italienische Weine &amp; Delikatessen<\/a><\/p>\n\n\n\n<p>\u2022 Lokale Spezialit\u00e4ten vom Rosewood Schloss Fuschl<br><\/p>\n\n\n\n<figure class=\"wp-block-image size-full\"><img loading=\"lazy\" decoding=\"async\" width=\"1702\" height=\"1250\" src=\"https:\/\/www.salzburgerland.com\/de\/magazin\/wp-content\/uploads\/2024\/11\/L1003186-2-scaled-e1732182082399.jpg\" alt=\"Weihnachtsmarktst\u00e4nde im Freien mit Lichtern; Beim Wintermarkt im Schloss Fuschl gibt es edle Handwerkskunst.\" class=\"wp-image-179464\" srcset=\"https:\/\/www.salzburgerland.com\/de\/magazin\/wp-content\/uploads\/2024\/11\/L1003186-2-scaled-e1732182082399.jpg 1702w, https:\/\/www.salzburgerland.com\/de\/magazin\/wp-content\/uploads\/2024\/11\/L1003186-2-scaled-e1732182082399-300x220.jpg 300w, https:\/\/www.salzburgerland.com\/de\/magazin\/wp-content\/uploads\/2024\/11\/L1003186-2-scaled-e1732182082399-1536x1128.jpg 1536w, https:\/\/www.salzburgerland.com\/de\/magazin\/wp-content\/uploads\/2024\/11\/L1003186-2-scaled-e1732182082399-749x550.jpg 749w, https:\/\/www.salzburgerland.com\/de\/magazin\/wp-content\/uploads\/2024\/11\/L1003186-2-scaled-e1732182082399-545x400.jpg 545w, https:\/\/www.salzburgerland.com\/de\/magazin\/wp-content\/uploads\/2024\/11\/L1003186-2-scaled-e1732182082399-1320x969.jpg 1320w, https:\/\/www.salzburgerland.com\/de\/magazin\/wp-content\/uploads\/2024\/11\/L1003186-2-scaled-e1732182082399-150x110.jpg 150w, https:\/\/www.salzburgerland.com\/de\/magazin\/wp-content\/uploads\/2024\/11\/L1003186-2-scaled-e1732182082399-768x564.jpg 768w\" sizes=\"auto, (max-width: 1702px) 100vw, 1702px\" \/><\/figure>\n\n\n\n<h2 class=\"wp-block-heading\" id=\"h-programm-highlights\">Programm-Highlights<\/h2>\n\n\n\n<p>An jedem Adventsonntag von 15\u201315:30 findet eine besinnliche Zillenfahrt \u00fcber den winterlichen Fuschlsee statt, umgeben von glitzerndem Eis und verschneiter Stille.<br>Am 7. Dezember besuchen Nikolaus und Krampusse den Weihnachtsmarkt.<br>Am 25. Dezember 2025 und 1. Januar 2026 steht eine Laternenwanderung am Hintersee mit Einblick in die Geschichte des weltber\u00fchmten Weihnachtsliedes \u201eStille Nacht! Heilige Nacht!\u201cauf dem Programm.<\/p>\n\n\n\n<figure class=\"wp-block-image size-full\"><img loading=\"lazy\" decoding=\"async\" width=\"2560\" height=\"1441\" src=\"https:\/\/www.salzburgerland.com\/de\/magazin\/wp-content\/uploads\/2022\/01\/josef-mohr-gedenkweg-hintersee-winter-8-scaled.jpg\" alt=\"Josef Mohr Gedenkweg\" class=\"wp-image-160113\" srcset=\"https:\/\/www.salzburgerland.com\/de\/magazin\/wp-content\/uploads\/2022\/01\/josef-mohr-gedenkweg-hintersee-winter-8-scaled.jpg 2560w, https:\/\/www.salzburgerland.com\/de\/magazin\/wp-content\/uploads\/2022\/01\/josef-mohr-gedenkweg-hintersee-winter-8-300x169.jpg 300w, https:\/\/www.salzburgerland.com\/de\/magazin\/wp-content\/uploads\/2022\/01\/josef-mohr-gedenkweg-hintersee-winter-8-1536x865.jpg 1536w, https:\/\/www.salzburgerland.com\/de\/magazin\/wp-content\/uploads\/2022\/01\/josef-mohr-gedenkweg-hintersee-winter-8-2048x1153.jpg 2048w, https:\/\/www.salzburgerland.com\/de\/magazin\/wp-content\/uploads\/2022\/01\/josef-mohr-gedenkweg-hintersee-winter-8-977x550.jpg 977w, https:\/\/www.salzburgerland.com\/de\/magazin\/wp-content\/uploads\/2022\/01\/josef-mohr-gedenkweg-hintersee-winter-8-710x400.jpg 710w, https:\/\/www.salzburgerland.com\/de\/magazin\/wp-content\/uploads\/2022\/01\/josef-mohr-gedenkweg-hintersee-winter-8-560x316.jpg 560w, https:\/\/www.salzburgerland.com\/de\/magazin\/wp-content\/uploads\/2022\/01\/josef-mohr-gedenkweg-hintersee-winter-8-250x140.jpg 250w, https:\/\/www.salzburgerland.com\/de\/magazin\/wp-content\/uploads\/2022\/01\/josef-mohr-gedenkweg-hintersee-winter-8-1320x743.jpg 1320w, https:\/\/www.salzburgerland.com\/de\/magazin\/wp-content\/uploads\/2022\/01\/josef-mohr-gedenkweg-hintersee-winter-8-1200x675.jpg 1200w, https:\/\/www.salzburgerland.com\/de\/magazin\/wp-content\/uploads\/2022\/01\/josef-mohr-gedenkweg-hintersee-winter-8-150x84.jpg 150w\" sizes=\"auto, (max-width: 2560px) 100vw, 2560px\" \/><figcaption class=\"wp-element-caption\">Josef Mohr Kapelle \u00a9 Melanie Deisl<\/figcaption><\/figure>\n\n\n\n<p>F\u00fcr Gourmets und Kulturfreunde wird der Mozart Afternoon Tea im Sisi Teesalon zu einem wahren Erlebnis. Hier laden feine Tees und kunstvolle Geb\u00e4ckkreationen zu genussvollen Stunden ein.<\/p>\n\n\n\n<p>Auch f\u00fcr Familien und kleine G\u00e4ste ist gesorgt: Sie k\u00f6nnen in kreative Winterwelten eintauchen und selbst aktiv werden. In der Weihnachtsb\u00e4ckerei entstehen zauberhafte Lebkuchenh\u00e4user, w\u00e4hrend der Workshop \u201eDie s\u00fc\u00dfe Zauberfl\u00f6te\u201c Mozarts musikalischen Charme spielerisch mit Backfreude verbindet \u2013 ein Spa\u00df f\u00fcr Gro\u00df und Klein.<\/p>\n\n\n\n<h2 class=\"wp-block-heading\" id=\"h-genuss-amp-kulinarik\">Genuss &amp; Kulinarik<\/h2>\n\n\n\n<p>Wer die Festtage kulinarisch zelebrieren m\u00f6chte, findet im Schloss Restaurant das passende Ambiente. An Heiligabend erwartet die G\u00e4ste ein elegantes F\u00fcnf-G\u00e4nge-Men\u00fc und an den Weihnachtstagen verw\u00f6hnen exklusive Drei-G\u00e4nge-Men\u00fcs die Sinne. So werden die Feiertage zu einem wahren Fest \u2013 f\u00fcr Gaumen, Herz und Seele. <\/p>\n\n\n\n<p>Zum Jahresausklang verwandelt sich das Rosewood Schloss Fuschl in eine funkelnde B\u00fchne: G\u00e4ste genie\u00dfen ein glanzvolles Silvester Arrangement mit Sieben-G\u00e4nge-Men\u00fc, mitrei\u00dfendem Live-Entertainment und einem spektakul\u00e4ren Feuerwerk, das den Fuschlsee in ein Meer aus Licht und Farben taucht.<\/p>\n\n\n\n<p>Restaurant Reservierung: +43 664 8850 4497<br><a href=\"mailto:fuschl.restaurantreservations@rosewoodhotels.com\" target=\"_blank\" rel=\"noreferrer noopener\">fuschl.restaurantreservations@rosewoodhotels.com<\/a><\/p>\n\n\n\n<figure class=\"wp-block-image size-full\"><img loading=\"lazy\" decoding=\"async\" width=\"1702\" height=\"1515\" src=\"https:\/\/www.salzburgerland.com\/de\/magazin\/wp-content\/uploads\/2024\/11\/L1003219-2-scaled-e1732182156651.jpg\" alt=\"Vier Glaskr\u00fcge mit einem dunklen Getr\u00e4nk auf einem Tablett, festliche Lichter leuchten - der Wintermarkt im Schloss Fuschl erwartet Sie.\" class=\"wp-image-179463\" srcset=\"https:\/\/www.salzburgerland.com\/de\/magazin\/wp-content\/uploads\/2024\/11\/L1003219-2-scaled-e1732182156651.jpg 1702w, https:\/\/www.salzburgerland.com\/de\/magazin\/wp-content\/uploads\/2024\/11\/L1003219-2-scaled-e1732182156651-300x267.jpg 300w, https:\/\/www.salzburgerland.com\/de\/magazin\/wp-content\/uploads\/2024\/11\/L1003219-2-scaled-e1732182156651-1536x1367.jpg 1536w, https:\/\/www.salzburgerland.com\/de\/magazin\/wp-content\/uploads\/2024\/11\/L1003219-2-scaled-e1732182156651-618x550.jpg 618w, https:\/\/www.salzburgerland.com\/de\/magazin\/wp-content\/uploads\/2024\/11\/L1003219-2-scaled-e1732182156651-449x400.jpg 449w, https:\/\/www.salzburgerland.com\/de\/magazin\/wp-content\/uploads\/2024\/11\/L1003219-2-scaled-e1732182156651-1320x1175.jpg 1320w, https:\/\/www.salzburgerland.com\/de\/magazin\/wp-content\/uploads\/2024\/11\/L1003219-2-scaled-e1732182156651-150x134.jpg 150w, https:\/\/www.salzburgerland.com\/de\/magazin\/wp-content\/uploads\/2024\/11\/L1003219-2-scaled-e1732182156651-768x684.jpg 768w\" sizes=\"auto, (max-width: 1702px) 100vw, 1702px\" \/><\/figure>\n\n\n\n<h2 class=\"wp-block-heading\" id=\"h-musikgenuss-am-sonntag-nachmittag\">Musikgenuss am Sonntag Nachmittag<\/h2>\n\n\n\n<p>Mit Unterst\u00fctzung von Mitarbeiterinnen der Stiftung Mozarteum stehen an jedem Adventssonntag von 16-17 Uhr aufstrebende K\u00fcnstler im historischen Ballsaal im Mittelpunkt und verzaubern die G\u00e4ste mit ihrem Auftritt und klassischer Musik.<\/p>\n\n\n\n<ul class=\"wp-block-list\">\n<li>30. November: Das Duo ARGE Konsonanz mit Malte H\u00f6fig, vielfach ausgezeichnetem Gitarristen und der preisgekr\u00f6nten Fl\u00f6tistin Leona Rajakowitsch.<\/li>\n\n\n\n<li>7. Dezember: Die Musikerinnen Hana Kovalcikova und Birgitta pr\u00e4sentieren ihr breites Repertoiremit Akkordeon und Violine.<\/li>\n\n\n\n<li>14. Dezember: Auftritt des Streichquartetts Corda Viva.<\/li>\n\n\n\n<li>21. Dezember: Den Abschluss gestalten Constanze Germann-Bauer an der Violine und Verena Maurers Zeiser an der Harfe.<\/li>\n<\/ul>\n\n\n\n<p>Eintritt frei \/ Anmeldung erbeten <a href=\"http:\/\/(fuschl.events@rosewoodhotels.com\" target=\"_blank\" rel=\"noreferrer noopener\">(fuschl.events@rosewoodhotels.com<\/a> oder T +43 6229 39980)<\/p>\n\n\n\n<p>Der Besuch des Weihnachtsmarktes ist kostenfrei.<br>Kostenpflichtige Parkm\u00f6glichkeiten gibt es am <a href=\"https:\/\/www.marriott.com\/en-us\/hotels\/szgjf-arabella-jagdhof-resort-am-fuschlsee-a-tribute-portfolio-hotel\/overview\/\" target=\"_blank\" rel=\"noreferrer noopener\">Arabella Jagdhof<\/a>.<br><br><strong>\u00d6ffnungszeiten: <\/strong><br>29. November &#8211; 21 . Dezember, immer Samstags und Sonntags von 13.00 Uhr bis 19.00 Uhr<br><\/p>\n\n\n\n<p><strong>Adresse:<\/strong><br>Rosewood Schloss Fuschl<br>Schloss Stra\u00dfe 19<br>5322 Hof bei Salzburg<\/p>\n\n\n<div class=\"mag-gallery\"><div class=\"row\"><div class=\"col-6 col-sm-4\"><figure><a class=\"thumb-container\" href=\"https:\/\/www.salzburgerland.com\/de\/magazin\/wp-content\/uploads\/2024\/11\/L1003179-1-1280x1024.jpg\">\t<picture><source media=\"(min-width: 576px)\" srcset=\"https:\/\/www.salzburgerland.com\/de\/magazin\/wp-content\/uploads\/2024\/11\/L1003179-1-418x650.jpg 418w, https:\/\/www.salzburgerland.com\/de\/magazin\/wp-content\/uploads\/2024\/11\/L1003179-1-209x325.jpg 209w\"><\/source><source media=\"(min-width: 0)\" srcset=\"https:\/\/www.salzburgerland.com\/de\/magazin\/wp-content\/uploads\/2024\/11\/L1003179-1-209x325.jpg 209w, https:\/\/www.salzburgerland.com\/de\/magazin\/wp-content\/uploads\/2024\/11\/L1003179-1-418x650.jpg 418w\"><\/source><img decoding=\"async\" alt=\"Eine warm beleuchtete Weihnachtsmarktbude zeigt edle Handwerkskunst bei Nacht am Wintermarkt im Schloss Fuschl.\" src=\"https:\/\/www.salzburgerland.com\/de\/magazin\/wp-content\/uploads\/2024\/11\/L1003179-1-scaled.jpg\">\t<\/picture><\/a><\/figure><\/div><div class=\"col-6 col-sm-4\"><figure><a class=\"thumb-container\" href=\"https:\/\/www.salzburgerland.com\/de\/magazin\/wp-content\/uploads\/2024\/11\/L1003214-1280x1024.jpg\">\t<picture><source media=\"(min-width: 576px)\" srcset=\"https:\/\/www.salzburgerland.com\/de\/magazin\/wp-content\/uploads\/2024\/11\/L1003214-418x650.jpg 418w, https:\/\/www.salzburgerland.com\/de\/magazin\/wp-content\/uploads\/2024\/11\/L1003214-209x325.jpg 209w\"><\/source><source media=\"(min-width: 0)\" srcset=\"https:\/\/www.salzburgerland.com\/de\/magazin\/wp-content\/uploads\/2024\/11\/L1003214-209x325.jpg 209w, https:\/\/www.salzburgerland.com\/de\/magazin\/wp-content\/uploads\/2024\/11\/L1003214-418x650.jpg 418w\"><\/source><img decoding=\"async\" alt=\"Eine festliche Nachtszene auf dem Wintermarkt im Schloss Fuschl, mit Feuerkorb und mit Lichtern geschm&uuml;ckten B&auml;umen.\" src=\"https:\/\/www.salzburgerland.com\/de\/magazin\/wp-content\/uploads\/2024\/11\/L1003214-scaled.jpg\">\t<\/picture><\/a><\/figure><\/div><div class=\"col-6 col-sm-4\"><figure><a class=\"thumb-container\" href=\"https:\/\/www.salzburgerland.com\/de\/magazin\/wp-content\/uploads\/2024\/11\/L1009974-1280x1024.jpg\">\t<picture><source media=\"(min-width: 576px)\" srcset=\"https:\/\/www.salzburgerland.com\/de\/magazin\/wp-content\/uploads\/2024\/11\/L1009974-418x650.jpg 418w, https:\/\/www.salzburgerland.com\/de\/magazin\/wp-content\/uploads\/2024\/11\/L1009974-209x325.jpg 209w\"><\/source><source media=\"(min-width: 0)\" srcset=\"https:\/\/www.salzburgerland.com\/de\/magazin\/wp-content\/uploads\/2024\/11\/L1009974-209x325.jpg 209w, https:\/\/www.salzburgerland.com\/de\/magazin\/wp-content\/uploads\/2024\/11\/L1009974-418x650.jpg 418w\"><\/source><img decoding=\"async\" alt=\"Ein runder Tisch mit verschiedenen Snacks und Blumen erinnert an hochkar&auml;tige Kulinarik beim Wintermarkt im Schloss Fuschl.\" src=\"https:\/\/www.salzburgerland.com\/de\/magazin\/wp-content\/uploads\/2024\/11\/L1009974-scaled.jpg\">\t<\/picture><\/a><\/figure><\/div><\/div><figcaption><\/figcaption><\/div>\n\n\n\n<p>Fotos \u00a9 Rosewood Schloss Fuschl<\/p>\n","protected":false},"excerpt":{"rendered":"<p>Am Ufer des t\u00fcrkisblauen Fuschlsees gelegen, von Bergen und W\u00e4ldern umgeben, ist das Rosewood Schloss Fuschl der perfekte Ort, um in die \u201ebesinnliche Zeit im Jahr\u201c, in die Weihnachtszeit einzutauchen.<br \/>\nDas Ambiente ist grandios, die Stimmung einzigartig, jeder Blick atemberaubend sch\u00f6n. Nur 15 km entfernt von der Barockstadt Salzburg und doch weit genug weg, um den Alltag f\u00fcr ein paar Momente hinter sich zu lassen.<\/p>\n","protected":false},"author":558,"featured_media":179418,"comment_status":"closed","ping_status":"closed","sticky":false,"template":"","format":"standard","meta":{"_acf_changed":false,"wl_entities_gutenberg":"","_wl_entity_redirect_enabled":"","footnotes":""},"categories":[9],"tags":[],"wl_entity_type":[306],"monatsauswahl":[],"class_list":["post-179416","post","type-post","status-publish","format-standard","has-post-thumbnail","hentry","category-sehenswurdig","wl_entity_type-article"],"acf":[],"yoast_head":"<!-- This site is optimized with the Yoast SEO Premium plugin v27.4 (Yoast SEO v27.4) - https:\/\/yoast.com\/product\/yoast-seo-premium-wordpress\/ -->\n<title>Wintermarkt im Rosewood Schloss Fuschl - SalzburgerLand Magazin<\/title>\n<meta name=\"description\" content=\"Das Rosewood Schloss Fuschl pr\u00e4sentiert einen Wintermarkt mit hochkar\u00e4tiger Kulinarik, Handwerkskunst und Unterhaltung.\" \/>\n<meta name=\"robots\" content=\"index, follow, max-snippet:-1, max-image-preview:large, max-video-preview:-1\" \/>\n<link rel=\"canonical\" href=\"https:\/\/www.salzburgerland.com\/de\/magazin\/wintermarkt-im-rosewood-schloss-fuschl\/\" \/>\n<meta property=\"og:locale\" content=\"de_DE\" \/>\n<meta property=\"og:type\" content=\"article\" \/>\n<meta property=\"og:title\" content=\"Wintermarkt im Rosewood Schloss Fuschl\" \/>\n<meta property=\"og:description\" content=\"Das Rosewood Schloss Fuschl pr\u00e4sentiert einen Wintermarkt mit hochkar\u00e4tiger Kulinarik, Handwerkskunst und Unterhaltung.\" \/>\n<meta property=\"og:url\" content=\"https:\/\/www.salzburgerland.com\/de\/magazin\/wintermarkt-im-rosewood-schloss-fuschl\/\" \/>\n<meta property=\"og:site_name\" content=\"SalzburgerLand Magazin\" \/>\n<meta property=\"article:publisher\" content=\"https:\/\/www.facebook.com\/salzburgerland\/\" \/>\n<meta property=\"article:published_time\" content=\"2025-11-03T06:00:00+00:00\" \/>\n<meta property=\"article:modified_time\" content=\"2025-11-03T08:26:24+00:00\" \/>\n<meta property=\"og:image\" content=\"https:\/\/www.salzburgerland.com\/de\/magazin\/wp-content\/uploads\/2024\/11\/L1003210-scaled.jpg\" \/>\n\t<meta property=\"og:image:width\" content=\"2560\" \/>\n\t<meta property=\"og:image:height\" content=\"1704\" \/>\n\t<meta property=\"og:image:type\" content=\"image\/jpeg\" \/>\n<meta name=\"author\" content=\"Martina Egger\" \/>\n<meta name=\"twitter:card\" content=\"summary_large_image\" \/>\n<meta name=\"twitter:creator\" content=\"@Salzburgerland\" \/>\n<meta name=\"twitter:site\" content=\"@Salzburgerland\" \/>\n<meta name=\"twitter:label1\" content=\"Verfasst von\" \/>\n\t<meta name=\"twitter:data1\" content=\"Martina Egger\" \/>\n\t<meta name=\"twitter:label2\" content=\"Gesch\u00e4tzte Lesezeit\" \/>\n\t<meta name=\"twitter:data2\" content=\"5\u00a0Minuten\" \/>\n<script type=\"application\/ld+json\" class=\"yoast-schema-graph\">{\"@context\":\"https:\\\/\\\/schema.org\",\"@graph\":[{\"@type\":\"Article\",\"@id\":\"https:\\\/\\\/www.salzburgerland.com\\\/de\\\/magazin\\\/wintermarkt-im-rosewood-schloss-fuschl\\\/#article\",\"isPartOf\":{\"@id\":\"https:\\\/\\\/www.salzburgerland.com\\\/de\\\/magazin\\\/wintermarkt-im-rosewood-schloss-fuschl\\\/\"},\"author\":{\"name\":\"Martina Egger\",\"@id\":\"https:\\\/\\\/www.salzburgerland.com\\\/de\\\/magazin\\\/#\\\/schema\\\/person\\\/f750df3e05c0c9fd8fa2efe553ad6f96\"},\"headline\":\"Wintermarkt im Rosewood Schloss Fuschl\",\"datePublished\":\"2025-11-03T06:00:00+00:00\",\"dateModified\":\"2025-11-03T08:26:24+00:00\",\"mainEntityOfPage\":{\"@id\":\"https:\\\/\\\/www.salzburgerland.com\\\/de\\\/magazin\\\/wintermarkt-im-rosewood-schloss-fuschl\\\/\"},\"wordCount\":580,\"publisher\":{\"@id\":\"https:\\\/\\\/www.salzburgerland.com\\\/de\\\/magazin\\\/#organization\"},\"image\":{\"@id\":\"https:\\\/\\\/www.salzburgerland.com\\\/de\\\/magazin\\\/wintermarkt-im-rosewood-schloss-fuschl\\\/#primaryimage\"},\"thumbnailUrl\":\"https:\\\/\\\/www.salzburgerland.com\\\/de\\\/magazin\\\/wp-content\\\/uploads\\\/2024\\\/11\\\/L1003210-scaled.jpg\",\"articleSection\":[\"Sehensw\u00fcrdig\"],\"inLanguage\":\"de\"},{\"@type\":\"WebPage\",\"@id\":\"https:\\\/\\\/www.salzburgerland.com\\\/de\\\/magazin\\\/wintermarkt-im-rosewood-schloss-fuschl\\\/\",\"url\":\"https:\\\/\\\/www.salzburgerland.com\\\/de\\\/magazin\\\/wintermarkt-im-rosewood-schloss-fuschl\\\/\",\"name\":\"Wintermarkt im Rosewood Schloss Fuschl - SalzburgerLand Magazin\",\"isPartOf\":{\"@id\":\"https:\\\/\\\/www.salzburgerland.com\\\/de\\\/magazin\\\/#website\"},\"primaryImageOfPage\":{\"@id\":\"https:\\\/\\\/www.salzburgerland.com\\\/de\\\/magazin\\\/wintermarkt-im-rosewood-schloss-fuschl\\\/#primaryimage\"},\"image\":{\"@id\":\"https:\\\/\\\/www.salzburgerland.com\\\/de\\\/magazin\\\/wintermarkt-im-rosewood-schloss-fuschl\\\/#primaryimage\"},\"thumbnailUrl\":\"https:\\\/\\\/www.salzburgerland.com\\\/de\\\/magazin\\\/wp-content\\\/uploads\\\/2024\\\/11\\\/L1003210-scaled.jpg\",\"datePublished\":\"2025-11-03T06:00:00+00:00\",\"dateModified\":\"2025-11-03T08:26:24+00:00\",\"description\":\"Das Rosewood Schloss Fuschl pr\u00e4sentiert einen Wintermarkt mit hochkar\u00e4tiger Kulinarik, Handwerkskunst und Unterhaltung.\",\"breadcrumb\":{\"@id\":\"https:\\\/\\\/www.salzburgerland.com\\\/de\\\/magazin\\\/wintermarkt-im-rosewood-schloss-fuschl\\\/#breadcrumb\"},\"inLanguage\":\"de\",\"potentialAction\":[{\"@type\":\"ReadAction\",\"target\":[\"https:\\\/\\\/www.salzburgerland.com\\\/de\\\/magazin\\\/wintermarkt-im-rosewood-schloss-fuschl\\\/\"]}]},{\"@type\":\"ImageObject\",\"inLanguage\":\"de\",\"@id\":\"https:\\\/\\\/www.salzburgerland.com\\\/de\\\/magazin\\\/wintermarkt-im-rosewood-schloss-fuschl\\\/#primaryimage\",\"url\":\"https:\\\/\\\/www.salzburgerland.com\\\/de\\\/magazin\\\/wp-content\\\/uploads\\\/2024\\\/11\\\/L1003210-scaled.jpg\",\"contentUrl\":\"https:\\\/\\\/www.salzburgerland.com\\\/de\\\/magazin\\\/wp-content\\\/uploads\\\/2024\\\/11\\\/L1003210-scaled.jpg\",\"width\":2560,\"height\":1704,\"caption\":\"Wintermarkt im Rosewood Schloss Fuschl\"},{\"@type\":\"BreadcrumbList\",\"@id\":\"https:\\\/\\\/www.salzburgerland.com\\\/de\\\/magazin\\\/wintermarkt-im-rosewood-schloss-fuschl\\\/#breadcrumb\",\"itemListElement\":[{\"@type\":\"ListItem\",\"position\":1,\"name\":\"Startseite\",\"item\":\"https:\\\/\\\/www.salzburgerland.com\\\/de\\\/magazin\\\/\"},{\"@type\":\"ListItem\",\"position\":2,\"name\":\"Sehensw\u00fcrdig\",\"item\":\"https:\\\/\\\/www.salzburgerland.com\\\/de\\\/magazin\\\/thema\\\/sehenswurdig\\\/\"},{\"@type\":\"ListItem\",\"position\":3,\"name\":\"Wintermarkt im Rosewood Schloss Fuschl\"}]},{\"@type\":\"WebSite\",\"@id\":\"https:\\\/\\\/www.salzburgerland.com\\\/de\\\/magazin\\\/#website\",\"url\":\"https:\\\/\\\/www.salzburgerland.com\\\/de\\\/magazin\\\/\",\"name\":\"SalzburgerLand Magazin\",\"description\":\"Geschichten und Interessantes aus dem SalzburgerLand\",\"publisher\":{\"@id\":\"https:\\\/\\\/www.salzburgerland.com\\\/de\\\/magazin\\\/#organization\"},\"potentialAction\":[{\"@type\":\"SearchAction\",\"target\":{\"@type\":\"EntryPoint\",\"urlTemplate\":\"https:\\\/\\\/www.salzburgerland.com\\\/de\\\/magazin\\\/?s={search_term_string}\"},\"query-input\":{\"@type\":\"PropertyValueSpecification\",\"valueRequired\":true,\"valueName\":\"search_term_string\"}}],\"inLanguage\":\"de\"},{\"@type\":\"Organization\",\"@id\":\"https:\\\/\\\/www.salzburgerland.com\\\/de\\\/magazin\\\/#organization\",\"name\":\"SalzburgerLand Tourismus\",\"url\":\"https:\\\/\\\/www.salzburgerland.com\\\/de\\\/magazin\\\/\",\"logo\":{\"@type\":\"ImageObject\",\"inLanguage\":\"de\",\"@id\":\"https:\\\/\\\/www.salzburgerland.com\\\/de\\\/magazin\\\/#\\\/schema\\\/logo\\\/image\\\/\",\"url\":\"https:\\\/\\\/www.salzburgerland.com\\\/de\\\/magazin\\\/wp-content\\\/uploads\\\/2019\\\/06\\\/salzburgerland-logo1.jpg\",\"contentUrl\":\"https:\\\/\\\/www.salzburgerland.com\\\/de\\\/magazin\\\/wp-content\\\/uploads\\\/2019\\\/06\\\/salzburgerland-logo1.jpg\",\"width\":2011,\"height\":866,\"caption\":\"SalzburgerLand Tourismus\"},\"image\":{\"@id\":\"https:\\\/\\\/www.salzburgerland.com\\\/de\\\/magazin\\\/#\\\/schema\\\/logo\\\/image\\\/\"},\"sameAs\":[\"https:\\\/\\\/www.facebook.com\\\/salzburgerland\\\/\",\"https:\\\/\\\/x.com\\\/Salzburgerland\",\"https:\\\/\\\/www.instagram.com\\\/salzburgerland\\\/\",\"https:\\\/\\\/at.linkedin.com\\\/company\\\/salzburgerland-tourismus-gmbh\",\"https:\\\/\\\/www.pinterest.at\\\/salzburgerland\\\/\",\"https:\\\/\\\/www.youtube.com\\\/user\\\/salzburgerland\",\"https:\\\/\\\/de.wikipedia.org\\\/wiki\\\/SalzburgerLand_Tourismus_GmbH\"]},{\"@type\":\"Person\",\"@id\":\"https:\\\/\\\/www.salzburgerland.com\\\/de\\\/magazin\\\/#\\\/schema\\\/person\\\/f750df3e05c0c9fd8fa2efe553ad6f96\",\"name\":\"Martina Egger\",\"description\":\"Martina Egger studierte in Salzburg Innovation und Management im Tourismus und arbeitete in der Tourismusforschung an der Fachhochschule Salzburg. Als Mitarbeiterin der SalzburgerLand Tourismus GmbH betreute sie bis 2018 die Entwicklung und Vermarktung touristischer Angebote. Dazu z\u00e4hlt unter anderem der Salzburger Almsommer mit seinen 173 Almsommer-H\u00fctten, den rund 100 Almsommer-Partnerbetrieben und zahlreichen Veranstaltungen. Heute ist Martina Egger u.a. als Salzburger Bergwanderf\u00fchrerin, TEH Kr\u00e4uterpraktikerin und als freie Redakteurin t\u00e4tig. Nachhaltigkeit wird bei ihr in allen Bereichen seit Jahren gro\u00df geschrieben. Neben Bergwandern, Skitouren, Klettern und Biken vertieft sich Martina Egger leidenschaftlich in die Welt der Kr\u00e4uter und der regionalen Kulinarik. Seit 2020 bietet Martina Egger unter \\\"AlmSinn\\\" Wildkr\u00e4uter-Produkte, Wildkr\u00e4uter-Kochworkshops und Kr\u00e4uterwanderungen an. Dosige(r) oder Zuagroast? Eindeutig dosig \u2013 die steirischen Wurzeln sind nicht mehr h\u00f6rbar. Fr\u00fchling, Sommer, Herbst oder Winter? Am Berg bin ich das ganze Jahr. Dennoch ist im Fr\u00fchling und Sommer die Vielfalt der Natur, in den W\u00e4ldern und auf den Almen, nicht zu toppen. Luxushotel oder Almh\u00fctte? Keine Frage: Almh\u00fctte! Mozart oder Hubert von Goisern? Mag beide und w\u00fcnschte mir, dass der Hubert auch mal Mozart spielt. Ausstellung oder Bergpanorama? Beides \u2013 wenn Alfons Walde ausgestellt ist. Ich liebe das Panorama der Kunst. Wenn ich eine Entscheidung treffen muss, bekommt aber das Bergpanorama den Vorzug.\",\"url\":\"https:\\\/\\\/www.salzburgerland.com\\\/de\\\/magazin\\\/author\\\/martinaegger\\\/\"}]}<\/script>\n<!-- \/ Yoast SEO Premium plugin. -->","yoast_head_json":{"title":"Wintermarkt im Rosewood Schloss Fuschl - SalzburgerLand Magazin","description":"Das Rosewood Schloss Fuschl pr\u00e4sentiert einen Wintermarkt mit hochkar\u00e4tiger Kulinarik, Handwerkskunst und Unterhaltung.","robots":{"index":"index","follow":"follow","max-snippet":"max-snippet:-1","max-image-preview":"max-image-preview:large","max-video-preview":"max-video-preview:-1"},"canonical":"https:\/\/www.salzburgerland.com\/de\/magazin\/wintermarkt-im-rosewood-schloss-fuschl\/","og_locale":"de_DE","og_type":"article","og_title":"Wintermarkt im Rosewood Schloss Fuschl","og_description":"Das Rosewood Schloss Fuschl pr\u00e4sentiert einen Wintermarkt mit hochkar\u00e4tiger Kulinarik, Handwerkskunst und Unterhaltung.","og_url":"https:\/\/www.salzburgerland.com\/de\/magazin\/wintermarkt-im-rosewood-schloss-fuschl\/","og_site_name":"SalzburgerLand Magazin","article_publisher":"https:\/\/www.facebook.com\/salzburgerland\/","article_published_time":"2025-11-03T06:00:00+00:00","article_modified_time":"2025-11-03T08:26:24+00:00","og_image":[{"width":2560,"height":1704,"url":"https:\/\/www.salzburgerland.com\/de\/magazin\/wp-content\/uploads\/2024\/11\/L1003210-scaled.jpg","type":"image\/jpeg"}],"author":"Martina Egger","twitter_card":"summary_large_image","twitter_creator":"@Salzburgerland","twitter_site":"@Salzburgerland","twitter_misc":{"Verfasst von":"Martina Egger","Gesch\u00e4tzte Lesezeit":"5\u00a0Minuten"},"schema":{"@context":"https:\/\/schema.org","@graph":[{"@type":"Article","@id":"https:\/\/www.salzburgerland.com\/de\/magazin\/wintermarkt-im-rosewood-schloss-fuschl\/#article","isPartOf":{"@id":"https:\/\/www.salzburgerland.com\/de\/magazin\/wintermarkt-im-rosewood-schloss-fuschl\/"},"author":{"name":"Martina Egger","@id":"https:\/\/www.salzburgerland.com\/de\/magazin\/#\/schema\/person\/f750df3e05c0c9fd8fa2efe553ad6f96"},"headline":"Wintermarkt im Rosewood Schloss Fuschl","datePublished":"2025-11-03T06:00:00+00:00","dateModified":"2025-11-03T08:26:24+00:00","mainEntityOfPage":{"@id":"https:\/\/www.salzburgerland.com\/de\/magazin\/wintermarkt-im-rosewood-schloss-fuschl\/"},"wordCount":580,"publisher":{"@id":"https:\/\/www.salzburgerland.com\/de\/magazin\/#organization"},"image":{"@id":"https:\/\/www.salzburgerland.com\/de\/magazin\/wintermarkt-im-rosewood-schloss-fuschl\/#primaryimage"},"thumbnailUrl":"https:\/\/www.salzburgerland.com\/de\/magazin\/wp-content\/uploads\/2024\/11\/L1003210-scaled.jpg","articleSection":["Sehensw\u00fcrdig"],"inLanguage":"de"},{"@type":"WebPage","@id":"https:\/\/www.salzburgerland.com\/de\/magazin\/wintermarkt-im-rosewood-schloss-fuschl\/","url":"https:\/\/www.salzburgerland.com\/de\/magazin\/wintermarkt-im-rosewood-schloss-fuschl\/","name":"Wintermarkt im Rosewood Schloss Fuschl - SalzburgerLand Magazin","isPartOf":{"@id":"https:\/\/www.salzburgerland.com\/de\/magazin\/#website"},"primaryImageOfPage":{"@id":"https:\/\/www.salzburgerland.com\/de\/magazin\/wintermarkt-im-rosewood-schloss-fuschl\/#primaryimage"},"image":{"@id":"https:\/\/www.salzburgerland.com\/de\/magazin\/wintermarkt-im-rosewood-schloss-fuschl\/#primaryimage"},"thumbnailUrl":"https:\/\/www.salzburgerland.com\/de\/magazin\/wp-content\/uploads\/2024\/11\/L1003210-scaled.jpg","datePublished":"2025-11-03T06:00:00+00:00","dateModified":"2025-11-03T08:26:24+00:00","description":"Das Rosewood Schloss Fuschl pr\u00e4sentiert einen Wintermarkt mit hochkar\u00e4tiger Kulinarik, Handwerkskunst und Unterhaltung.","breadcrumb":{"@id":"https:\/\/www.salzburgerland.com\/de\/magazin\/wintermarkt-im-rosewood-schloss-fuschl\/#breadcrumb"},"inLanguage":"de","potentialAction":[{"@type":"ReadAction","target":["https:\/\/www.salzburgerland.com\/de\/magazin\/wintermarkt-im-rosewood-schloss-fuschl\/"]}]},{"@type":"ImageObject","inLanguage":"de","@id":"https:\/\/www.salzburgerland.com\/de\/magazin\/wintermarkt-im-rosewood-schloss-fuschl\/#primaryimage","url":"https:\/\/www.salzburgerland.com\/de\/magazin\/wp-content\/uploads\/2024\/11\/L1003210-scaled.jpg","contentUrl":"https:\/\/www.salzburgerland.com\/de\/magazin\/wp-content\/uploads\/2024\/11\/L1003210-scaled.jpg","width":2560,"height":1704,"caption":"Wintermarkt im Rosewood Schloss Fuschl"},{"@type":"BreadcrumbList","@id":"https:\/\/www.salzburgerland.com\/de\/magazin\/wintermarkt-im-rosewood-schloss-fuschl\/#breadcrumb","itemListElement":[{"@type":"ListItem","position":1,"name":"Startseite","item":"https:\/\/www.salzburgerland.com\/de\/magazin\/"},{"@type":"ListItem","position":2,"name":"Sehensw\u00fcrdig","item":"https:\/\/www.salzburgerland.com\/de\/magazin\/thema\/sehenswurdig\/"},{"@type":"ListItem","position":3,"name":"Wintermarkt im Rosewood Schloss Fuschl"}]},{"@type":"WebSite","@id":"https:\/\/www.salzburgerland.com\/de\/magazin\/#website","url":"https:\/\/www.salzburgerland.com\/de\/magazin\/","name":"SalzburgerLand Magazin","description":"Geschichten und Interessantes aus dem SalzburgerLand","publisher":{"@id":"https:\/\/www.salzburgerland.com\/de\/magazin\/#organization"},"potentialAction":[{"@type":"SearchAction","target":{"@type":"EntryPoint","urlTemplate":"https:\/\/www.salzburgerland.com\/de\/magazin\/?s={search_term_string}"},"query-input":{"@type":"PropertyValueSpecification","valueRequired":true,"valueName":"search_term_string"}}],"inLanguage":"de"},{"@type":"Organization","@id":"https:\/\/www.salzburgerland.com\/de\/magazin\/#organization","name":"SalzburgerLand Tourismus","url":"https:\/\/www.salzburgerland.com\/de\/magazin\/","logo":{"@type":"ImageObject","inLanguage":"de","@id":"https:\/\/www.salzburgerland.com\/de\/magazin\/#\/schema\/logo\/image\/","url":"https:\/\/www.salzburgerland.com\/de\/magazin\/wp-content\/uploads\/2019\/06\/salzburgerland-logo1.jpg","contentUrl":"https:\/\/www.salzburgerland.com\/de\/magazin\/wp-content\/uploads\/2019\/06\/salzburgerland-logo1.jpg","width":2011,"height":866,"caption":"SalzburgerLand Tourismus"},"image":{"@id":"https:\/\/www.salzburgerland.com\/de\/magazin\/#\/schema\/logo\/image\/"},"sameAs":["https:\/\/www.facebook.com\/salzburgerland\/","https:\/\/x.com\/Salzburgerland","https:\/\/www.instagram.com\/salzburgerland\/","https:\/\/at.linkedin.com\/company\/salzburgerland-tourismus-gmbh","https:\/\/www.pinterest.at\/salzburgerland\/","https:\/\/www.youtube.com\/user\/salzburgerland","https:\/\/de.wikipedia.org\/wiki\/SalzburgerLand_Tourismus_GmbH"]},{"@type":"Person","@id":"https:\/\/www.salzburgerland.com\/de\/magazin\/#\/schema\/person\/f750df3e05c0c9fd8fa2efe553ad6f96","name":"Martina Egger","description":"Martina Egger studierte in Salzburg Innovation und Management im Tourismus und arbeitete in der Tourismusforschung an der Fachhochschule Salzburg. Als Mitarbeiterin der SalzburgerLand Tourismus GmbH betreute sie bis 2018 die Entwicklung und Vermarktung touristischer Angebote. Dazu z\u00e4hlt unter anderem der Salzburger Almsommer mit seinen 173 Almsommer-H\u00fctten, den rund 100 Almsommer-Partnerbetrieben und zahlreichen Veranstaltungen. Heute ist Martina Egger u.a. als Salzburger Bergwanderf\u00fchrerin, TEH Kr\u00e4uterpraktikerin und als freie Redakteurin t\u00e4tig. Nachhaltigkeit wird bei ihr in allen Bereichen seit Jahren gro\u00df geschrieben. Neben Bergwandern, Skitouren, Klettern und Biken vertieft sich Martina Egger leidenschaftlich in die Welt der Kr\u00e4uter und der regionalen Kulinarik. Seit 2020 bietet Martina Egger unter \"AlmSinn\" Wildkr\u00e4uter-Produkte, Wildkr\u00e4uter-Kochworkshops und Kr\u00e4uterwanderungen an. Dosige(r) oder Zuagroast? Eindeutig dosig \u2013 die steirischen Wurzeln sind nicht mehr h\u00f6rbar. Fr\u00fchling, Sommer, Herbst oder Winter? Am Berg bin ich das ganze Jahr. Dennoch ist im Fr\u00fchling und Sommer die Vielfalt der Natur, in den W\u00e4ldern und auf den Almen, nicht zu toppen. Luxushotel oder Almh\u00fctte? Keine Frage: Almh\u00fctte! Mozart oder Hubert von Goisern? Mag beide und w\u00fcnschte mir, dass der Hubert auch mal Mozart spielt. Ausstellung oder Bergpanorama? Beides \u2013 wenn Alfons Walde ausgestellt ist. Ich liebe das Panorama der Kunst. Wenn ich eine Entscheidung treffen muss, bekommt aber das Bergpanorama den Vorzug.","url":"https:\/\/www.salzburgerland.com\/de\/magazin\/author\/martinaegger\/"}]}},"_wl_alt_label":[],"wl:entity_url":"http:\/\/open.salzburgerland.com\/magazin\/post\/wintermarkt-im-rosewood-schloss-fuschl-179416","_links":{"self":[{"href":"https:\/\/www.salzburgerland.com\/de\/magazin\/wp-json\/wp\/v2\/posts\/179416","targetHints":{"allow":["GET"]}}],"collection":[{"href":"https:\/\/www.salzburgerland.com\/de\/magazin\/wp-json\/wp\/v2\/posts"}],"about":[{"href":"https:\/\/www.salzburgerland.com\/de\/magazin\/wp-json\/wp\/v2\/types\/post"}],"author":[{"embeddable":true,"href":"https:\/\/www.salzburgerland.com\/de\/magazin\/wp-json\/wp\/v2\/users\/558"}],"replies":[{"embeddable":true,"href":"https:\/\/www.salzburgerland.com\/de\/magazin\/wp-json\/wp\/v2\/comments?post=179416"}],"version-history":[{"count":24,"href":"https:\/\/www.salzburgerland.com\/de\/magazin\/wp-json\/wp\/v2\/posts\/179416\/revisions"}],"predecessor-version":[{"id":185064,"href":"https:\/\/www.salzburgerland.com\/de\/magazin\/wp-json\/wp\/v2\/posts\/179416\/revisions\/185064"}],"wp:featuredmedia":[{"embeddable":true,"href":"https:\/\/www.salzburgerland.com\/de\/magazin\/wp-json\/wp\/v2\/media\/179418"}],"wp:attachment":[{"href":"https:\/\/www.salzburgerland.com\/de\/magazin\/wp-json\/wp\/v2\/media?parent=179416"}],"wp:term":[{"taxonomy":"category","embeddable":true,"href":"https:\/\/www.salzburgerland.com\/de\/magazin\/wp-json\/wp\/v2\/categories?post=179416"},{"taxonomy":"post_tag","embeddable":true,"href":"https:\/\/www.salzburgerland.com\/de\/magazin\/wp-json\/wp\/v2\/tags?post=179416"},{"taxonomy":"wl_entity_type","embeddable":true,"href":"https:\/\/www.salzburgerland.com\/de\/magazin\/wp-json\/wp\/v2\/wl_entity_type?post=179416"},{"taxonomy":"monatsauswahl","embeddable":true,"href":"https:\/\/www.salzburgerland.com\/de\/magazin\/wp-json\/wp\/v2\/monatsauswahl?post=179416"}],"curies":[{"name":"wp","href":"https:\/\/api.w.org\/{rel}","templated":true}]}}